{"id":23252,"date":"2025-09-29T13:04:56","date_gmt":"2025-09-29T11:04:56","guid":{"rendered":"https:\/\/familie-weitgereist.de\/?p=23252"},"modified":"2025-10-19T23:00:19","modified_gmt":"2025-10-19T21:00:19","slug":"ausflug-nach-la-graciosa-mit-kleinen-kindern-und-baby","status":"publish","type":"post","link":"https:\/\/familie-weitgereist.de\/?p=23252","title":{"rendered":"Ausflug nach La Graciosa, Spanien mit kleinen Kindern und Baby"},"content":{"rendered":"\n<p>Im September 2025 haben wir mit unseren Kindern im Rahmen unseres Roadtrips auf den kanarischen Inseln <strong><a href=\"https:\/\/familie-weitgereist.de\/?p=22959\" data-type=\"link\" data-id=\"https:\/\/familie-weitgereist.de\/?p=22959\">Fuerteventura<\/a><\/strong> und <strong><a href=\"https:\/\/familie-weitgereist.de\/?p=23155\" data-type=\"link\" data-id=\"https:\/\/familie-weitgereist.de\/?p=23155\">Lanzarote<\/a><\/strong>, einen Tagesausflug auf die <strong>kleinste<\/strong> <strong>kanarische<\/strong> <strong>Insel<\/strong>, <strong>La<\/strong> <strong>Graciosa<\/strong> unternommen.<\/p>\n\n\n\n<figure class=\"wp-block-image size-large\"><img loading=\"lazy\" decoding=\"async\" width=\"1024\" height=\"768\" src=\"https:\/\/familie-weitgereist.de\/wp-content\/uploads\/2025\/09\/1000017842-1-1024x768.jpg\" alt=\"\" class=\"wp-image-23259\" srcset=\"https:\/\/familie-weitgereist.de\/wp-content\/uploads\/2025\/09\/1000017842-1-1024x768.jpg 1024w, https:\/\/familie-weitgereist.de\/wp-content\/uploads\/2025\/09\/1000017842-1-300x225.jpg 300w, https:\/\/familie-weitgereist.de\/wp-content\/uploads\/2025\/09\/1000017842-1-768x576.jpg 768w, https:\/\/familie-weitgereist.de\/wp-content\/uploads\/2025\/09\/1000017842-1-1536x1152.jpg 1536w, https:\/\/familie-weitgereist.de\/wp-content\/uploads\/2025\/09\/1000017842-1-2048x1536.jpg 2048w, https:\/\/familie-weitgereist.de\/wp-content\/uploads\/2025\/09\/1000017842-1-1200x900.jpg 1200w, https:\/\/familie-weitgereist.de\/wp-content\/uploads\/2025\/09\/1000017842-1-1980x1485.jpg 1980w, https:\/\/familie-weitgereist.de\/wp-content\/uploads\/2025\/09\/1000017842-1-150x113.jpg 150w\" sizes=\"auto, (max-width: 1024px) 100vw, 1024px\" \/><\/figure>\n\n\n\n<h2 class=\"wp-block-heading\">Anreise<\/h2>\n\n\n\n<p>La Graciosa ist von dem n\u00f6rdlichsten Ort auf Lanzarote, <strong>\u00d3rzola<\/strong> erreichbar.<\/p>\n\n\n\n<figure class=\"wp-block-image size-large\"><img loading=\"lazy\" decoding=\"async\" width=\"1024\" height=\"768\" src=\"https:\/\/familie-weitgereist.de\/wp-content\/uploads\/2025\/09\/1000017783-1024x768.jpg\" alt=\"\" class=\"wp-image-23290\" srcset=\"https:\/\/familie-weitgereist.de\/wp-content\/uploads\/2025\/09\/1000017783-1024x768.jpg 1024w, https:\/\/familie-weitgereist.de\/wp-content\/uploads\/2025\/09\/1000017783-300x225.jpg 300w, https:\/\/familie-weitgereist.de\/wp-content\/uploads\/2025\/09\/1000017783-768x576.jpg 768w, https:\/\/familie-weitgereist.de\/wp-content\/uploads\/2025\/09\/1000017783-1536x1152.jpg 1536w, https:\/\/familie-weitgereist.de\/wp-content\/uploads\/2025\/09\/1000017783-2048x1536.jpg 2048w, https:\/\/familie-weitgereist.de\/wp-content\/uploads\/2025\/09\/1000017783-1200x900.jpg 1200w, https:\/\/familie-weitgereist.de\/wp-content\/uploads\/2025\/09\/1000017783-1980x1485.jpg 1980w, https:\/\/familie-weitgereist.de\/wp-content\/uploads\/2025\/09\/1000017783-150x113.jpg 150w\" sizes=\"auto, (max-width: 1024px) 100vw, 1024px\" \/><figcaption class=\"wp-element-caption\">Caleta de Sebo<\/figcaption><\/figure>\n\n\n\n<p>Es gibt zwei F\u00e4hrunternehmen, <em>Biosfera Express<\/em> und <em>L\u00edneas<\/em> <em>Romero<\/em>. Wir entschieden uns f\u00fcr die F\u00e4hre &#8222;Biosfera Express&#8220; und zahlten f\u00fcr die Hin-und R\u00fcckfahrt 73\u20ac. Kinder unter 4 Jahren fahren gratis mit. (<em>Stand September 2025<\/em>) Im Ort bieten die beiden F\u00e4hrunternehmen gratis Parkpl\u00e4tze f\u00fcr ihre Kunden. Die Hin- und R\u00fcckfahrt k\u00f6nnen frei gew\u00e4hlt werden, somit ist man bei seinem Besuch flexibel.<\/p>\n\n\n\n<figure class=\"wp-block-image size-large\"><img loading=\"lazy\" decoding=\"async\" width=\"1024\" height=\"768\" src=\"https:\/\/familie-weitgereist.de\/wp-content\/uploads\/2025\/09\/1000018086-1024x768.jpg\" alt=\"\" class=\"wp-image-23268\" srcset=\"https:\/\/familie-weitgereist.de\/wp-content\/uploads\/2025\/09\/1000018086-1024x768.jpg 1024w, https:\/\/familie-weitgereist.de\/wp-content\/uploads\/2025\/09\/1000018086-300x225.jpg 300w, https:\/\/familie-weitgereist.de\/wp-content\/uploads\/2025\/09\/1000018086-768x576.jpg 768w, https:\/\/familie-weitgereist.de\/wp-content\/uploads\/2025\/09\/1000018086-1536x1152.jpg 1536w, https:\/\/familie-weitgereist.de\/wp-content\/uploads\/2025\/09\/1000018086-2048x1536.jpg 2048w, https:\/\/familie-weitgereist.de\/wp-content\/uploads\/2025\/09\/1000018086-1200x900.jpg 1200w, https:\/\/familie-weitgereist.de\/wp-content\/uploads\/2025\/09\/1000018086-1980x1485.jpg 1980w, https:\/\/familie-weitgereist.de\/wp-content\/uploads\/2025\/09\/1000018086-150x113.jpg 150w\" sizes=\"auto, (max-width: 1024px) 100vw, 1024px\" \/><figcaption class=\"wp-element-caption\">Hafen von \u00d3rzola<\/figcaption><\/figure>\n\n\n\n<h2 class=\"wp-block-heading\">Die kleinste bewohnte kanarische Insel<\/h2>\n\n\n\n<p>La Graciosa ist die kleinste bewohnte Insel der kanarischen Inseln. Aufgrund ihrer Gr\u00f6\u00dfe eignet sich die kleine Insel perfekt, um einen <strong>Tagesausflug<\/strong> ab Lanzarote zu machen.<\/p>\n\n\n\n<figure class=\"wp-block-image size-large\"><img loading=\"lazy\" decoding=\"async\" width=\"1024\" height=\"768\" src=\"https:\/\/familie-weitgereist.de\/wp-content\/uploads\/2025\/09\/1000017919-1024x768.jpg\" alt=\"\" class=\"wp-image-23281\" srcset=\"https:\/\/familie-weitgereist.de\/wp-content\/uploads\/2025\/09\/1000017919-1024x768.jpg 1024w, https:\/\/familie-weitgereist.de\/wp-content\/uploads\/2025\/09\/1000017919-300x225.jpg 300w, https:\/\/familie-weitgereist.de\/wp-content\/uploads\/2025\/09\/1000017919-768x576.jpg 768w, https:\/\/familie-weitgereist.de\/wp-content\/uploads\/2025\/09\/1000017919-1536x1152.jpg 1536w, https:\/\/familie-weitgereist.de\/wp-content\/uploads\/2025\/09\/1000017919-2048x1536.jpg 2048w, https:\/\/familie-weitgereist.de\/wp-content\/uploads\/2025\/09\/1000017919-1200x900.jpg 1200w, https:\/\/familie-weitgereist.de\/wp-content\/uploads\/2025\/09\/1000017919-1980x1485.jpg 1980w, https:\/\/familie-weitgereist.de\/wp-content\/uploads\/2025\/09\/1000017919-150x113.jpg 150w\" sizes=\"auto, (max-width: 1024px) 100vw, 1024px\" \/><\/figure>\n\n\n\n<p>Auf der Insel stehen auch Ferienwohnungen und Appartements bereit, um l\u00e4nger zu bleiben.<\/p>\n\n\n\n<figure class=\"wp-block-image size-large\"><img loading=\"lazy\" decoding=\"async\" width=\"1024\" height=\"768\" src=\"https:\/\/familie-weitgereist.de\/wp-content\/uploads\/2025\/09\/1000018103-1024x768.jpg\" alt=\"\" class=\"wp-image-23278\" srcset=\"https:\/\/familie-weitgereist.de\/wp-content\/uploads\/2025\/09\/1000018103-1024x768.jpg 1024w, https:\/\/familie-weitgereist.de\/wp-content\/uploads\/2025\/09\/1000018103-300x225.jpg 300w, https:\/\/familie-weitgereist.de\/wp-content\/uploads\/2025\/09\/1000018103-768x576.jpg 768w, https:\/\/familie-weitgereist.de\/wp-content\/uploads\/2025\/09\/1000018103-1536x1152.jpg 1536w, https:\/\/familie-weitgereist.de\/wp-content\/uploads\/2025\/09\/1000018103-2048x1536.jpg 2048w, https:\/\/familie-weitgereist.de\/wp-content\/uploads\/2025\/09\/1000018103-1200x900.jpg 1200w, https:\/\/familie-weitgereist.de\/wp-content\/uploads\/2025\/09\/1000018103-1980x1485.jpg 1980w, https:\/\/familie-weitgereist.de\/wp-content\/uploads\/2025\/09\/1000018103-150x113.jpg 150w\" sizes=\"auto, (max-width: 1024px) 100vw, 1024px\" \/><\/figure>\n\n\n\n<p>Die Insel ist Teil des Naturparks <em><strong>Archipi\u00e9lago Chinijo<\/strong> <\/em>und wird erst <strong>seit dem 6. November 2018 als achte kanarische Insel anerkannt<\/strong>. Verwaltet wird das Archipel von Lanzarote.<\/p>\n\n\n\n<figure class=\"wp-block-image size-large\"><img loading=\"lazy\" decoding=\"async\" width=\"1024\" height=\"768\" src=\"https:\/\/familie-weitgereist.de\/wp-content\/uploads\/2025\/09\/1000018085-1024x768.jpg\" alt=\"\" class=\"wp-image-23287\" srcset=\"https:\/\/familie-weitgereist.de\/wp-content\/uploads\/2025\/09\/1000018085-1024x768.jpg 1024w, https:\/\/familie-weitgereist.de\/wp-content\/uploads\/2025\/09\/1000018085-300x225.jpg 300w, https:\/\/familie-weitgereist.de\/wp-content\/uploads\/2025\/09\/1000018085-768x576.jpg 768w, https:\/\/familie-weitgereist.de\/wp-content\/uploads\/2025\/09\/1000018085-1536x1152.jpg 1536w, https:\/\/familie-weitgereist.de\/wp-content\/uploads\/2025\/09\/1000018085-2048x1536.jpg 2048w, https:\/\/familie-weitgereist.de\/wp-content\/uploads\/2025\/09\/1000018085-1200x900.jpg 1200w, https:\/\/familie-weitgereist.de\/wp-content\/uploads\/2025\/09\/1000018085-1980x1485.jpg 1980w, https:\/\/familie-weitgereist.de\/wp-content\/uploads\/2025\/09\/1000018085-150x113.jpg 150w\" sizes=\"auto, (max-width: 1024px) 100vw, 1024px\" \/><figcaption class=\"wp-element-caption\">N\u00f6rdlichster Punkt Lanzarotes<\/figcaption><\/figure>\n\n\n\n<p>Das Leben findet in der kleinen Stadt <strong>Caleta<\/strong> <strong>de Sebo <\/strong>statt. Abgesehen vom Hafengel\u00e4nde, wo es direkt ein Restaurant, einen B\u00e4cker und einen Souvenirladen gibt, sind auf der Insel keine asphaltierten Stra\u00dfen vorhanden.<\/p>\n\n\n\n<figure class=\"wp-block-image size-large\"><img loading=\"lazy\" decoding=\"async\" width=\"1024\" height=\"768\" src=\"https:\/\/familie-weitgereist.de\/wp-content\/uploads\/2025\/09\/1000017798-1024x768.jpg\" alt=\"\" class=\"wp-image-23289\" srcset=\"https:\/\/familie-weitgereist.de\/wp-content\/uploads\/2025\/09\/1000017798-1024x768.jpg 1024w, https:\/\/familie-weitgereist.de\/wp-content\/uploads\/2025\/09\/1000017798-300x225.jpg 300w, https:\/\/familie-weitgereist.de\/wp-content\/uploads\/2025\/09\/1000017798-768x576.jpg 768w, https:\/\/familie-weitgereist.de\/wp-content\/uploads\/2025\/09\/1000017798-1536x1152.jpg 1536w, https:\/\/familie-weitgereist.de\/wp-content\/uploads\/2025\/09\/1000017798-2048x1536.jpg 2048w, https:\/\/familie-weitgereist.de\/wp-content\/uploads\/2025\/09\/1000017798-1200x900.jpg 1200w, https:\/\/familie-weitgereist.de\/wp-content\/uploads\/2025\/09\/1000017798-1980x1485.jpg 1980w, https:\/\/familie-weitgereist.de\/wp-content\/uploads\/2025\/09\/1000017798-150x113.jpg 150w\" sizes=\"auto, (max-width: 1024px) 100vw, 1024px\" \/><\/figure>\n\n\n\n<p>Da die Insel nahezu autofrei ist, werden die Stra\u00dfen nur von wenigen Jeeps, dem Krankenwagen und der Polizei genutzt. Das <strong>Hauptverkehrsmittel<\/strong>, auch bei den Einheimischen, ist das <strong>Fahrrad<\/strong>. Die Fahrzeuge sind zum Teil sehr verrostet und passen irgendwie zu dem Flair der Insel.<\/p>\n\n\n\n<figure class=\"wp-block-image size-large\"><img loading=\"lazy\" decoding=\"async\" width=\"1024\" height=\"768\" src=\"https:\/\/familie-weitgereist.de\/wp-content\/uploads\/2025\/09\/1000018135-1024x768.jpg\" alt=\"\" class=\"wp-image-23262\" srcset=\"https:\/\/familie-weitgereist.de\/wp-content\/uploads\/2025\/09\/1000018135-1024x768.jpg 1024w, https:\/\/familie-weitgereist.de\/wp-content\/uploads\/2025\/09\/1000018135-300x225.jpg 300w, https:\/\/familie-weitgereist.de\/wp-content\/uploads\/2025\/09\/1000018135-768x576.jpg 768w, https:\/\/familie-weitgereist.de\/wp-content\/uploads\/2025\/09\/1000018135-1536x1152.jpg 1536w, https:\/\/familie-weitgereist.de\/wp-content\/uploads\/2025\/09\/1000018135-2048x1536.jpg 2048w, https:\/\/familie-weitgereist.de\/wp-content\/uploads\/2025\/09\/1000018135-1200x900.jpg 1200w, https:\/\/familie-weitgereist.de\/wp-content\/uploads\/2025\/09\/1000018135-1980x1485.jpg 1980w, https:\/\/familie-weitgereist.de\/wp-content\/uploads\/2025\/09\/1000018135-150x113.jpg 150w\" sizes=\"auto, (max-width: 1024px) 100vw, 1024px\" \/><\/figure>\n\n\n\n<p>Am Hafen kann man sich <strong>Fahrr\u00e4der mieten<\/strong>. Ebenso werden <strong>Exkursionen \u00fcber die Insel im Jeep<\/strong> angeboten.<\/p>\n\n\n\n<p>Die Insel eignet sich besonders f\u00fcr all diejenigen, die abschalten und einen entspannten Badeurlaub am t\u00fcrkisblauen Meer verbringen m\u00f6chten. Die Insel bietet sch\u00f6ne Str\u00e4nde und au\u00dferhalb des Ortes gibt es noch mehr zu entdecken, wobei sich ein Kurztrip durchaus lohnt.<\/p>\n\n\n\n<div id=\"wp-block-themeisle-blocks-slider-ac9c7021\" class=\"wp-block-themeisle-blocks-slider glide\" data-per-view=\"1\" data-gap=\"0\" data-peek=\"0\" data-autoplay=\"true\" data-height=\"400px\" data-hide-arrows=\"false\"><div class=\"glide__track\" data-glide-el=\"track\"><div class=\"glide__slides\"><div class=\"wp-block-themeisle-blocks-slider-item-wrapper glide__slide\" tabindex=\"0\"><figure><img decoding=\"async\" class=\"wp-block-themeisle-blocks-slider-item\" src=\"https:\/\/familie-weitgereist.de\/wp-content\/uploads\/2025\/09\/1000017873-scaled.jpg\" alt=\"\" title=\"\" data-id=\"23283\"\/><\/figure><\/div><div class=\"wp-block-themeisle-blocks-slider-item-wrapper glide__slide\" tabindex=\"0\"><figure><img decoding=\"async\" class=\"wp-block-themeisle-blocks-slider-item\" src=\"https:\/\/familie-weitgereist.de\/wp-content\/uploads\/2025\/09\/1000017869-scaled.jpg\" alt=\"\" title=\"\" data-id=\"23285\"\/><\/figure><\/div><div class=\"wp-block-themeisle-blocks-slider-item-wrapper glide__slide\" tabindex=\"0\"><figure><img decoding=\"async\" class=\"wp-block-themeisle-blocks-slider-item\" src=\"https:\/\/familie-weitgereist.de\/wp-content\/uploads\/2025\/09\/1000017865-scaled.jpg\" alt=\"\" title=\"\" data-id=\"23286\"\/><\/figure><\/div><div class=\"wp-block-themeisle-blocks-slider-item-wrapper glide__slide\" tabindex=\"0\"><figure><img decoding=\"async\" class=\"wp-block-themeisle-blocks-slider-item\" src=\"https:\/\/familie-weitgereist.de\/wp-content\/uploads\/2025\/09\/1000017892-scaled.jpg\" alt=\"\" title=\"\" data-id=\"23284\"\/><\/figure><\/div><\/div><div class=\"glide__bullets\" data-glide-el=\"controls[nav]\"><button class=\"glide__bullet\" data-glide-dir=\"=0\"><\/button><button class=\"glide__bullet\" data-glide-dir=\"=1\"><\/button><button class=\"glide__bullet\" data-glide-dir=\"=2\"><\/button><button class=\"glide__bullet\" data-glide-dir=\"=3\"><\/button><\/div><\/div><\/div>\n\n\n\n<p>Auf der Insel gibt es noch einen weiteren kleinen Ort, <strong>Pedro Barba<\/strong>. Auf der Insel leben ca. 716 Einwohner.<\/p>\n\n\n\n<p>Die ersten Menschen kamen 1876 auf die Insel, um eine Fischfabrik zu bauen, in der frischer Fisch haltbar gemacht wurde. Im heutigen Hafen wird ebenso gefischt und wir sahen einige Einheimische mit ihrer Angel \u00fcber die Insel laufen.<\/p>\n\n\n\n<p>Auf der Insel gibt es eine Polizeistation, einen Supermarkt, einen Arzt, einen sch\u00f6nen Spielplatz, einen Fu\u00dfballplatz, eine Kirche, eine Post, wenige L\u00e4den und eine Schule, die sogar bis zur 10. Klasse Unterricht anbietet. Ca. 60 Kinder werden dort unterrichtet.<\/p>\n\n\n\n<div id=\"wp-block-themeisle-blocks-slider-b347ae78\" class=\"wp-block-themeisle-blocks-slider glide\" data-per-view=\"1\" data-gap=\"0\" data-peek=\"0\" data-autoplay=\"true\" data-height=\"400px\" data-hide-arrows=\"false\"><div class=\"glide__track\" data-glide-el=\"track\"><div class=\"glide__slides\"><div class=\"wp-block-themeisle-blocks-slider-item-wrapper glide__slide\" tabindex=\"0\"><figure><img decoding=\"async\" class=\"wp-block-themeisle-blocks-slider-item\" src=\"https:\/\/familie-weitgereist.de\/wp-content\/uploads\/2025\/09\/1000017939-scaled.jpg\" alt=\"\" title=\"\" data-id=\"23273\"\/><\/figure><\/div><div class=\"wp-block-themeisle-blocks-slider-item-wrapper glide__slide\" tabindex=\"0\"><figure><img decoding=\"async\" class=\"wp-block-themeisle-blocks-slider-item\" src=\"https:\/\/familie-weitgereist.de\/wp-content\/uploads\/2025\/09\/1000017941-scaled.jpg\" alt=\"\" title=\"\" data-id=\"23272\"\/><\/figure><\/div><div class=\"wp-block-themeisle-blocks-slider-item-wrapper glide__slide\" tabindex=\"0\"><figure><img decoding=\"async\" class=\"wp-block-themeisle-blocks-slider-item\" src=\"https:\/\/familie-weitgereist.de\/wp-content\/uploads\/2025\/09\/1000017911-scaled.jpg\" alt=\"\" title=\"\" data-id=\"23270\"\/><\/figure><\/div><div class=\"wp-block-themeisle-blocks-slider-item-wrapper glide__slide\" tabindex=\"0\"><figure><img decoding=\"async\" class=\"wp-block-themeisle-blocks-slider-item\" src=\"https:\/\/familie-weitgereist.de\/wp-content\/uploads\/2025\/09\/1000017830-scaled.jpg\" alt=\"\" title=\"\" data-id=\"23271\"\/><\/figure><\/div><\/div><div class=\"glide__bullets\" data-glide-el=\"controls[nav]\"><button class=\"glide__bullet\" data-glide-dir=\"=0\"><\/button><button class=\"glide__bullet\" data-glide-dir=\"=1\"><\/button><button class=\"glide__bullet\" data-glide-dir=\"=2\"><\/button><button class=\"glide__bullet\" data-glide-dir=\"=3\"><\/button><\/div><\/div><\/div>\n\n\n\n<p>Die kleine Insel im Atlantik bietet Entschleunigung, Ruhe und Gelassenheit. Wir f\u00fchlten uns fernab von jeglichem Stress und auch fernab Europas. Die Insel ist sehr urspr\u00fcnglich. Neben modernen Apartmenthotels, gibt es auch Bruchbuden. Alles liegt sehr nah beieinander.<\/p>\n\n\n\n<figure class=\"wp-block-image size-large\"><img loading=\"lazy\" decoding=\"async\" width=\"1024\" height=\"768\" src=\"https:\/\/familie-weitgereist.de\/wp-content\/uploads\/2025\/09\/1000017882-1024x768.jpg\" alt=\"\" class=\"wp-image-23277\" srcset=\"https:\/\/familie-weitgereist.de\/wp-content\/uploads\/2025\/09\/1000017882-1024x768.jpg 1024w, https:\/\/familie-weitgereist.de\/wp-content\/uploads\/2025\/09\/1000017882-300x225.jpg 300w, https:\/\/familie-weitgereist.de\/wp-content\/uploads\/2025\/09\/1000017882-768x576.jpg 768w, https:\/\/familie-weitgereist.de\/wp-content\/uploads\/2025\/09\/1000017882-1536x1152.jpg 1536w, https:\/\/familie-weitgereist.de\/wp-content\/uploads\/2025\/09\/1000017882-2048x1536.jpg 2048w, https:\/\/familie-weitgereist.de\/wp-content\/uploads\/2025\/09\/1000017882-1200x900.jpg 1200w, https:\/\/familie-weitgereist.de\/wp-content\/uploads\/2025\/09\/1000017882-1980x1485.jpg 1980w, https:\/\/familie-weitgereist.de\/wp-content\/uploads\/2025\/09\/1000017882-150x113.jpg 150w\" sizes=\"auto, (max-width: 1024px) 100vw, 1024px\" \/><\/figure>\n\n\n\n<p>Wir hatten einen wunderbaren Tag auf der Insel und k\u00f6nnten uns auch sehr gut vorstellen, zwei bis drei N\u00e4chte hier zu verbringen, um das Hinterland kennenzulernen.<\/p>\n\n\n\n<figure class=\"wp-block-image size-large\"><img loading=\"lazy\" decoding=\"async\" width=\"1024\" height=\"768\" src=\"https:\/\/familie-weitgereist.de\/wp-content\/uploads\/2025\/09\/1000017927-1024x768.jpg\" alt=\"\" class=\"wp-image-23293\" srcset=\"https:\/\/familie-weitgereist.de\/wp-content\/uploads\/2025\/09\/1000017927-1024x768.jpg 1024w, https:\/\/familie-weitgereist.de\/wp-content\/uploads\/2025\/09\/1000017927-300x225.jpg 300w, https:\/\/familie-weitgereist.de\/wp-content\/uploads\/2025\/09\/1000017927-768x576.jpg 768w, https:\/\/familie-weitgereist.de\/wp-content\/uploads\/2025\/09\/1000017927-1536x1152.jpg 1536w, https:\/\/familie-weitgereist.de\/wp-content\/uploads\/2025\/09\/1000017927-2048x1536.jpg 2048w, https:\/\/familie-weitgereist.de\/wp-content\/uploads\/2025\/09\/1000017927-1200x900.jpg 1200w, https:\/\/familie-weitgereist.de\/wp-content\/uploads\/2025\/09\/1000017927-1980x1485.jpg 1980w, https:\/\/familie-weitgereist.de\/wp-content\/uploads\/2025\/09\/1000017927-150x113.jpg 150w\" sizes=\"auto, (max-width: 1024px) 100vw, 1024px\" \/><\/figure>\n","protected":false},"excerpt":{"rendered":"<p>Im September 2025 haben wir mit unseren Kindern im Rahmen unseres Roadtrips auf den kanarischen Inseln Fuerteventura und Lanzarote, einen Tagesausflug auf die kleinste kanarische Insel, La Graciosa unternommen. Anreise La Graciosa ist von dem n\u00f6rdlichsten Ort auf Lanzarote, \u00d3rzola erreichbar. Es gibt zwei F\u00e4hrunternehmen, Biosfera Express und L\u00edneas Romero. Wir entschieden uns f\u00fcr die [&hellip;]<\/p>\n","protected":false},"author":3,"featured_media":23290,"comment_status":"open","ping_status":"open","sticky":false,"template":"","format":"standard","meta":{"_themeisle_gutenberg_block_has_review":false,"footnotes":""},"categories":[246,8,4,377],"tags":[1681,1298,1680,143],"class_list":["post-23252","post","type-post","status-publish","format-standard","has-post-thumbnail","hentry","category-spanien","category-europa","category-laender","category-spielplaetze","tag-caleta-de-sebo","tag-kanaren","tag-la-graciosa","tag-spanien"],"_links":{"self":[{"href":"https:\/\/familie-weitgereist.de\/index.php?rest_route=\/wp\/v2\/posts\/23252","targetHints":{"allow":["GET"]}}],"collection":[{"href":"https:\/\/familie-weitgereist.de\/index.php?rest_route=\/wp\/v2\/posts"}],"about":[{"href":"https:\/\/familie-weitgereist.de\/index.php?rest_route=\/wp\/v2\/types\/post"}],"author":[{"embeddable":true,"href":"https:\/\/familie-weitgereist.de\/index.php?rest_route=\/wp\/v2\/users\/3"}],"replies":[{"embeddable":true,"href":"https:\/\/familie-weitgereist.de\/index.php?rest_route=%2Fwp%2Fv2%2Fcomments&post=23252"}],"version-history":[{"count":29,"href":"https:\/\/familie-weitgereist.de\/index.php?rest_route=\/wp\/v2\/posts\/23252\/revisions"}],"predecessor-version":[{"id":23651,"href":"https:\/\/familie-weitgereist.de\/index.php?rest_route=\/wp\/v2\/posts\/23252\/revisions\/23651"}],"wp:featuredmedia":[{"embeddable":true,"href":"https:\/\/familie-weitgereist.de\/index.php?rest_route=\/wp\/v2\/media\/23290"}],"wp:attachment":[{"href":"https:\/\/familie-weitgereist.de\/index.php?rest_route=%2Fwp%2Fv2%2Fmedia&parent=23252"}],"wp:term":[{"taxonomy":"category","embeddable":true,"href":"https:\/\/familie-weitgereist.de\/index.php?rest_route=%2Fwp%2Fv2%2Fcategories&post=23252"},{"taxonomy":"post_tag","embeddable":true,"href":"https:\/\/familie-weitgereist.de\/index.php?rest_route=%2Fwp%2Fv2%2Ftags&post=23252"}],"curies":[{"name":"wp","href":"https:\/\/api.w.org\/{rel}","templated":true}]}}