{"id":23155,"date":"2025-09-30T22:29:56","date_gmt":"2025-09-30T20:29:56","guid":{"rendered":"https:\/\/familie-weitgereist.de\/?p=23155"},"modified":"2025-11-03T21:01:37","modified_gmt":"2025-11-03T20:01:37","slug":"roadtrip-lanzarote-mit-kleinen-kindern-und-baby","status":"publish","type":"post","link":"https:\/\/familie-weitgereist.de\/?p=23155","title":{"rendered":"Roadtrip Lanzarote, Spanien mit kleinen Kindern und Baby"},"content":{"rendered":"\n<p>Wir haben weitere kanarische Inseln erkundet und haben w\u00e4hrend unseres Roadtrips die Inseln <a style=\"font-weight: bold;\" href=\"https:\/\/familie-weitgereist.de\/?p=22959\" data-type=\"link\" data-id=\"https:\/\/familie-weitgereist.de\/?p=22959\">Fuerteventura<\/a>, <strong>Lanzarote<\/strong> und <a href=\"https:\/\/familie-weitgereist.de\/?p=23252\" data-type=\"link\" data-id=\"https:\/\/familie-weitgereist.de\/?p=23252\"><strong>La<\/strong> <strong>Graciosa<\/strong><\/a> kombiniert, da sie nah beieinander liegen und g\u00fcnstig mit der F\u00e4hre zu erreichen sind.<\/p>\n\n\n\n<figure class=\"wp-block-image size-large\"><img loading=\"lazy\" decoding=\"async\" width=\"1024\" height=\"768\" src=\"https:\/\/familie-weitgereist.de\/wp-content\/uploads\/2025\/09\/1000018326-1024x768.jpg\" alt=\"\" class=\"wp-image-23298\" srcset=\"https:\/\/familie-weitgereist.de\/wp-content\/uploads\/2025\/09\/1000018326-1024x768.jpg 1024w, https:\/\/familie-weitgereist.de\/wp-content\/uploads\/2025\/09\/1000018326-300x225.jpg 300w, https:\/\/familie-weitgereist.de\/wp-content\/uploads\/2025\/09\/1000018326-768x576.jpg 768w, https:\/\/familie-weitgereist.de\/wp-content\/uploads\/2025\/09\/1000018326-1536x1152.jpg 1536w, https:\/\/familie-weitgereist.de\/wp-content\/uploads\/2025\/09\/1000018326-2048x1536.jpg 2048w, https:\/\/familie-weitgereist.de\/wp-content\/uploads\/2025\/09\/1000018326-1200x900.jpg 1200w, https:\/\/familie-weitgereist.de\/wp-content\/uploads\/2025\/09\/1000018326-1980x1485.jpg 1980w, https:\/\/familie-weitgereist.de\/wp-content\/uploads\/2025\/09\/1000018326-150x113.jpg 150w\" sizes=\"auto, (max-width: 1024px) 100vw, 1024px\" \/><figcaption class=\"wp-element-caption\">Timanfaya Nationalpark<\/figcaption><\/figure>\n\n\n\n<p>Lanzarote ist bekannt als &#8222;<strong>Insel der Feuerberge<\/strong>&#8222;, denn von allen kanarischen Inseln ist sie am meisten von den Vulkanlandschaften mit Lavaformationen und spektakul\u00e4ren Kratern gepr\u00e4gt. Die Berge schimmern in faszinierenden rot, braun und gelb T\u00f6nen.<\/p>\n\n\n\n<p>Auf Lanzarote leben fast 173.000 Menschen. Darunter befinden sich viele Briten und Deutsche. Dies ist auch deutlich an den vielen britischen und deutschen Arztpraxen erkennbar.<\/p>\n\n\n\n<h2 class=\"wp-block-heading\">Unsere Anreise<\/h2>\n\n\n\n<p>Wir haben eine weitere kanarische Insel erkundet und sind mit der F\u00e4hre des Unternehmens <strong>Armas<\/strong> von <strong>Corralejo<\/strong> auf <strong>Fuerteventura<\/strong> nach <strong>Playa Blanca<\/strong> auf <strong>Lanzarote<\/strong> gefahren. Die \u00dcberfahrt war sehr kurzweilig und dauerte nur 35 Minuten. Wir zahlten f\u00fcr uns f\u00fcnf und ein gro\u00dfes Auto 72,29\u20ac. (Stand September 2025)<\/p>\n\n\n\n<figure class=\"wp-block-image size-large\"><img loading=\"lazy\" decoding=\"async\" width=\"1024\" height=\"768\" src=\"https:\/\/familie-weitgereist.de\/wp-content\/uploads\/2025\/09\/1000016750-1024x768.jpg\" alt=\"\" class=\"wp-image-23160\" srcset=\"https:\/\/familie-weitgereist.de\/wp-content\/uploads\/2025\/09\/1000016750-1024x768.jpg 1024w, https:\/\/familie-weitgereist.de\/wp-content\/uploads\/2025\/09\/1000016750-300x225.jpg 300w, https:\/\/familie-weitgereist.de\/wp-content\/uploads\/2025\/09\/1000016750-768x576.jpg 768w, https:\/\/familie-weitgereist.de\/wp-content\/uploads\/2025\/09\/1000016750-1536x1152.jpg 1536w, https:\/\/familie-weitgereist.de\/wp-content\/uploads\/2025\/09\/1000016750-2048x1536.jpg 2048w, https:\/\/familie-weitgereist.de\/wp-content\/uploads\/2025\/09\/1000016750-1200x900.jpg 1200w, https:\/\/familie-weitgereist.de\/wp-content\/uploads\/2025\/09\/1000016750-1980x1485.jpg 1980w, https:\/\/familie-weitgereist.de\/wp-content\/uploads\/2025\/09\/1000016750-150x113.jpg 150w\" sizes=\"auto, (max-width: 1024px) 100vw, 1024px\" \/><\/figure>\n\n\n\n<p>Im Folgenden beschreiben wir unsere Reiseroute vom <strong>S\u00fcden in den Norden<\/strong> der Insel.<\/p>\n\n\n\n<h2 class=\"wp-block-heading\">Playa Blanca<\/h2>\n\n\n\n<p>Im \u00e4u\u00dfersten S\u00fcden von Lanzarote befindet sich der Ort Playa Blanca. Neben Puerto del Carmen und Costa Teguise geh\u00f6rt er zu den gr\u00f6\u00dften Touristenorten der Insel. Aus dem beschaulichen Fischerd\u00f6rfchen hat sich ein Touristenmagnet entwickelt. Gro\u00dfe Hotelanlagen und ein wundersch\u00f6ner flacher Sandstrand ziehen die Touristen an, dazu eine gute Infrastruktur mit leckeren Restaurants und Bars, stellen f\u00fcr viele den perfekten Urlaub dar.<\/p>\n\n\n\n<figure class=\"wp-block-image size-large\"><img loading=\"lazy\" decoding=\"async\" width=\"1024\" height=\"768\" src=\"https:\/\/familie-weitgereist.de\/wp-content\/uploads\/2025\/09\/1000016819-1024x768.jpg\" alt=\"\" class=\"wp-image-23167\" srcset=\"https:\/\/familie-weitgereist.de\/wp-content\/uploads\/2025\/09\/1000016819-1024x768.jpg 1024w, https:\/\/familie-weitgereist.de\/wp-content\/uploads\/2025\/09\/1000016819-300x225.jpg 300w, https:\/\/familie-weitgereist.de\/wp-content\/uploads\/2025\/09\/1000016819-768x576.jpg 768w, https:\/\/familie-weitgereist.de\/wp-content\/uploads\/2025\/09\/1000016819-1536x1152.jpg 1536w, https:\/\/familie-weitgereist.de\/wp-content\/uploads\/2025\/09\/1000016819-2048x1536.jpg 2048w, https:\/\/familie-weitgereist.de\/wp-content\/uploads\/2025\/09\/1000016819-1200x900.jpg 1200w, https:\/\/familie-weitgereist.de\/wp-content\/uploads\/2025\/09\/1000016819-1980x1485.jpg 1980w, https:\/\/familie-weitgereist.de\/wp-content\/uploads\/2025\/09\/1000016819-150x113.jpg 150w\" sizes=\"auto, (max-width: 1024px) 100vw, 1024px\" \/><\/figure>\n\n\n\n<h2 class=\"wp-block-heading\">Playa Flamingo<\/h2>\n\n\n\n<p>Im S\u00fcden der Insel, im Urlaubsort Playa Blanca gibt es einen sch\u00f6nen gesch\u00fctzten Strandabschnitt mit herrlichem wei\u00dfen Sand. An der Strandpromenade befinden sich Souvenirl\u00e4den, ein kleiner Supermarkt und viele Restaurants. An der ganzen Promenade entlang befinden sich sch\u00f6ne Hotelanlagen. Wir haben an diesem Strand unseren letzten Tag auf Lanzarote verbracht, bevor die F\u00e4hre zur\u00fcck nach Fuerteventura ging.<\/p>\n\n\n\n<figure class=\"wp-block-image size-large\"><img loading=\"lazy\" decoding=\"async\" width=\"1024\" height=\"768\" src=\"https:\/\/familie-weitgereist.de\/wp-content\/uploads\/2025\/09\/1000018445-1-1024x768.jpg\" alt=\"\" class=\"wp-image-23329\" srcset=\"https:\/\/familie-weitgereist.de\/wp-content\/uploads\/2025\/09\/1000018445-1-1024x768.jpg 1024w, https:\/\/familie-weitgereist.de\/wp-content\/uploads\/2025\/09\/1000018445-1-300x225.jpg 300w, https:\/\/familie-weitgereist.de\/wp-content\/uploads\/2025\/09\/1000018445-1-768x576.jpg 768w, https:\/\/familie-weitgereist.de\/wp-content\/uploads\/2025\/09\/1000018445-1-1536x1152.jpg 1536w, https:\/\/familie-weitgereist.de\/wp-content\/uploads\/2025\/09\/1000018445-1-2048x1536.jpg 2048w, https:\/\/familie-weitgereist.de\/wp-content\/uploads\/2025\/09\/1000018445-1-1200x900.jpg 1200w, https:\/\/familie-weitgereist.de\/wp-content\/uploads\/2025\/09\/1000018445-1-1980x1485.jpg 1980w, https:\/\/familie-weitgereist.de\/wp-content\/uploads\/2025\/09\/1000018445-1-150x113.jpg 150w\" sizes=\"auto, (max-width: 1024px) 100vw, 1024px\" \/><\/figure>\n\n\n\n<h2 class=\"wp-block-heading\">Puerto del Carmen<\/h2>\n\n\n\n<p>Puerto del Carmen war ebenso ein kleiner Fischerort, der sich zu dem <strong>gr\u00f6\u00dften Touristenzentrum Lanzarotes <\/strong>entwickelt hat. Touristen wird hier einiges geboten. Neben gro\u00dfen Hotelanlagen, gibt es zahlreiche Bars, Restaurants und Caf\u00e9s. Mehrere Clubs sorgen f\u00fcr ein lebhaftes Nachtleben. Auch f\u00fcr Familien wird einiges geboten. Es gibt Spielpl\u00e4tze im Ort und sch\u00f6ne Sandstr\u00e4nde.<\/p>\n\n\n\n<p>Entlang des Strandes gibt es eine lange Strandpromenade.<\/p>\n\n\n\n<figure class=\"wp-block-image size-large\"><img loading=\"lazy\" decoding=\"async\" width=\"1024\" height=\"768\" src=\"https:\/\/familie-weitgereist.de\/wp-content\/uploads\/2025\/09\/1000016860-1024x768.jpg\" alt=\"\" class=\"wp-image-23168\" srcset=\"https:\/\/familie-weitgereist.de\/wp-content\/uploads\/2025\/09\/1000016860-1024x768.jpg 1024w, https:\/\/familie-weitgereist.de\/wp-content\/uploads\/2025\/09\/1000016860-300x225.jpg 300w, https:\/\/familie-weitgereist.de\/wp-content\/uploads\/2025\/09\/1000016860-768x576.jpg 768w, https:\/\/familie-weitgereist.de\/wp-content\/uploads\/2025\/09\/1000016860-1536x1152.jpg 1536w, https:\/\/familie-weitgereist.de\/wp-content\/uploads\/2025\/09\/1000016860-2048x1536.jpg 2048w, https:\/\/familie-weitgereist.de\/wp-content\/uploads\/2025\/09\/1000016860-1200x900.jpg 1200w, https:\/\/familie-weitgereist.de\/wp-content\/uploads\/2025\/09\/1000016860-1980x1485.jpg 1980w, https:\/\/familie-weitgereist.de\/wp-content\/uploads\/2025\/09\/1000016860-150x113.jpg 150w\" sizes=\"auto, (max-width: 1024px) 100vw, 1024px\" \/><\/figure>\n\n\n\n<h2 class=\"wp-block-heading\">Puerto Calero<\/h2>\n\n\n\n<p>Der kleine Ort Puerto Calero liegt an der Ostk\u00fcste von Lanzarote und ist ein wunderbarer <strong>Ausgangsort f\u00fcr Wanderungen<\/strong> an den Steilk\u00fcsten entlang. Die Ausblicke sind spektakul\u00e4r! Die Wanderung an sich ist leicht zu bew\u00e4ltigen, da es nahezu keine Steigungen gibt. Vorsicht sollte jedoch dennoch geboten sein. Der Untergrund ist ger\u00f6llig, daher ist festes Schuhwerk und Trittsicherheit erforderlich. Wichtig sind ebenso Sonnenschutz und ausreichend Trinkwasser dabei zu haben.<\/p>\n\n\n\n<figure class=\"wp-block-image size-large\"><img loading=\"lazy\" decoding=\"async\" width=\"1024\" height=\"768\" src=\"https:\/\/familie-weitgereist.de\/wp-content\/uploads\/2025\/09\/1000016871-1024x768.jpg\" alt=\"\" class=\"wp-image-23169\" srcset=\"https:\/\/familie-weitgereist.de\/wp-content\/uploads\/2025\/09\/1000016871-1024x768.jpg 1024w, https:\/\/familie-weitgereist.de\/wp-content\/uploads\/2025\/09\/1000016871-300x225.jpg 300w, https:\/\/familie-weitgereist.de\/wp-content\/uploads\/2025\/09\/1000016871-768x576.jpg 768w, https:\/\/familie-weitgereist.de\/wp-content\/uploads\/2025\/09\/1000016871-1536x1152.jpg 1536w, https:\/\/familie-weitgereist.de\/wp-content\/uploads\/2025\/09\/1000016871-2048x1536.jpg 2048w, https:\/\/familie-weitgereist.de\/wp-content\/uploads\/2025\/09\/1000016871-1200x900.jpg 1200w, https:\/\/familie-weitgereist.de\/wp-content\/uploads\/2025\/09\/1000016871-1980x1485.jpg 1980w, https:\/\/familie-weitgereist.de\/wp-content\/uploads\/2025\/09\/1000016871-150x113.jpg 150w\" sizes=\"auto, (max-width: 1024px) 100vw, 1024px\" \/><\/figure>\n\n\n\n<h2 class=\"wp-block-heading\">Timanfaya Nationalpark<\/h2>\n\n\n\n<p>Der Timanfaya Nationalpark geh\u00f6rt zu den Hauptattraktionen der Insel. Ein Besuch der &#8222;<strong>Feuerberge<\/strong>&#8220; ist sehr lohnenswert! <\/p>\n\n\n\n<figure class=\"wp-block-image size-large\"><img loading=\"lazy\" decoding=\"async\" width=\"1024\" height=\"768\" src=\"https:\/\/familie-weitgereist.de\/wp-content\/uploads\/2025\/09\/1000018345-1024x768.jpg\" alt=\"\" class=\"wp-image-23371\" srcset=\"https:\/\/familie-weitgereist.de\/wp-content\/uploads\/2025\/09\/1000018345-1024x768.jpg 1024w, https:\/\/familie-weitgereist.de\/wp-content\/uploads\/2025\/09\/1000018345-300x225.jpg 300w, https:\/\/familie-weitgereist.de\/wp-content\/uploads\/2025\/09\/1000018345-768x576.jpg 768w, https:\/\/familie-weitgereist.de\/wp-content\/uploads\/2025\/09\/1000018345-1536x1152.jpg 1536w, https:\/\/familie-weitgereist.de\/wp-content\/uploads\/2025\/09\/1000018345-2048x1536.jpg 2048w, https:\/\/familie-weitgereist.de\/wp-content\/uploads\/2025\/09\/1000018345-1200x900.jpg 1200w, https:\/\/familie-weitgereist.de\/wp-content\/uploads\/2025\/09\/1000018345-1980x1485.jpg 1980w, https:\/\/familie-weitgereist.de\/wp-content\/uploads\/2025\/09\/1000018345-150x113.jpg 150w\" sizes=\"auto, (max-width: 1024px) 100vw, 1024px\" \/><\/figure>\n\n\n\n<p>Wir starteten unseren Tag beim Besuchszentrum, welches die vulkanische Geschichte Lanzarotes aufbereitet und ebenso anschaulich vulkanische Aktivit\u00e4ten erkl\u00e4rt. Weitere Vulkane auf der ganzen Welt werden gezeigt, es gibt Vulkansteine zum Anfassen und viele Karten \u00fcber aktuelle vulkanische Aktivit\u00e4ten weltweit. Sehr spannend ist auch die vulkanische Geschichte der Kanaren aufbereitet. Die Informationen sind immer auf Spanisch, English und Deutsch erkl\u00e4rt.<\/p>\n\n\n\n<figure class=\"wp-block-image size-large\"><img loading=\"lazy\" decoding=\"async\" width=\"1024\" height=\"768\" src=\"https:\/\/familie-weitgereist.de\/wp-content\/uploads\/2025\/09\/1000018151-1024x768.jpg\" alt=\"\" class=\"wp-image-23303\" srcset=\"https:\/\/familie-weitgereist.de\/wp-content\/uploads\/2025\/09\/1000018151-1024x768.jpg 1024w, https:\/\/familie-weitgereist.de\/wp-content\/uploads\/2025\/09\/1000018151-300x225.jpg 300w, https:\/\/familie-weitgereist.de\/wp-content\/uploads\/2025\/09\/1000018151-768x576.jpg 768w, https:\/\/familie-weitgereist.de\/wp-content\/uploads\/2025\/09\/1000018151-1536x1152.jpg 1536w, https:\/\/familie-weitgereist.de\/wp-content\/uploads\/2025\/09\/1000018151-2048x1536.jpg 2048w, https:\/\/familie-weitgereist.de\/wp-content\/uploads\/2025\/09\/1000018151-1200x900.jpg 1200w, https:\/\/familie-weitgereist.de\/wp-content\/uploads\/2025\/09\/1000018151-1980x1485.jpg 1980w, https:\/\/familie-weitgereist.de\/wp-content\/uploads\/2025\/09\/1000018151-150x113.jpg 150w\" sizes=\"auto, (max-width: 1024px) 100vw, 1024px\" \/><\/figure>\n\n\n\n<p>Ein Steg f\u00fchrt \u00fcber das Vulkangestein. Es ist wirklich beeindruckend \u00fcber die Steine zu laufen, in die Ferne zu blicken und zu sehen, welch ein riesen Gebiet die Ausbr\u00fcche erfasst haben.<\/p>\n\n\n\n<figure class=\"wp-block-image size-large\"><img loading=\"lazy\" decoding=\"async\" width=\"1024\" height=\"768\" src=\"https:\/\/familie-weitgereist.de\/wp-content\/uploads\/2025\/09\/1000018182-1024x768.jpg\" alt=\"\" class=\"wp-image-23307\" srcset=\"https:\/\/familie-weitgereist.de\/wp-content\/uploads\/2025\/09\/1000018182-1024x768.jpg 1024w, https:\/\/familie-weitgereist.de\/wp-content\/uploads\/2025\/09\/1000018182-300x225.jpg 300w, https:\/\/familie-weitgereist.de\/wp-content\/uploads\/2025\/09\/1000018182-768x576.jpg 768w, https:\/\/familie-weitgereist.de\/wp-content\/uploads\/2025\/09\/1000018182-1536x1152.jpg 1536w, https:\/\/familie-weitgereist.de\/wp-content\/uploads\/2025\/09\/1000018182-2048x1536.jpg 2048w, https:\/\/familie-weitgereist.de\/wp-content\/uploads\/2025\/09\/1000018182-1200x900.jpg 1200w, https:\/\/familie-weitgereist.de\/wp-content\/uploads\/2025\/09\/1000018182-1980x1485.jpg 1980w, https:\/\/familie-weitgereist.de\/wp-content\/uploads\/2025\/09\/1000018182-150x113.jpg 150w\" sizes=\"auto, (max-width: 1024px) 100vw, 1024px\" \/><\/figure>\n\n\n\n<p>Ein Besuch ist gratis. (<em>Stand September 2025<\/em>)<\/p>\n\n\n\n<p>Im Anschluss sind wir mit dem Auto zum <strong>Restaurant Diabolo<\/strong> gefahren. Der Eingang des Parks ist vom Besucherzentrum leicht zu erreichen und zu finden. Die Stra\u00dfen im Nationalpark sind in einem ausgezeichneten Zustand und die Landschaft zu beider Seiten einfach grandios. Um in den Park zu gelangen, wird ein Eintrittspreis f\u00e4llig. Erwachsene zahlen 22\u20ac, Kinder ab 7 Jahren 11\u20ac. (<em>Stand<\/em> <em>September 2025<\/em>)<\/p>\n\n\n\n<p>Wir mussten anschlie\u00dfend ca. 1 Stunde im Auto auf der Stra\u00dfe warten, bis wir auf den Besuchsparkplatz fahren konnten.<\/p>\n\n\n\n<figure class=\"wp-block-image size-large\"><img loading=\"lazy\" decoding=\"async\" width=\"1024\" height=\"768\" src=\"https:\/\/familie-weitgereist.de\/wp-content\/uploads\/2025\/09\/1000018489-1024x768.jpg\" alt=\"\" class=\"wp-image-23310\" srcset=\"https:\/\/familie-weitgereist.de\/wp-content\/uploads\/2025\/09\/1000018489-1024x768.jpg 1024w, https:\/\/familie-weitgereist.de\/wp-content\/uploads\/2025\/09\/1000018489-300x225.jpg 300w, https:\/\/familie-weitgereist.de\/wp-content\/uploads\/2025\/09\/1000018489-768x576.jpg 768w, https:\/\/familie-weitgereist.de\/wp-content\/uploads\/2025\/09\/1000018489-1536x1152.jpg 1536w, https:\/\/familie-weitgereist.de\/wp-content\/uploads\/2025\/09\/1000018489-2048x1536.jpg 2048w, https:\/\/familie-weitgereist.de\/wp-content\/uploads\/2025\/09\/1000018489-1200x900.jpg 1200w, https:\/\/familie-weitgereist.de\/wp-content\/uploads\/2025\/09\/1000018489-1980x1485.jpg 1980w, https:\/\/familie-weitgereist.de\/wp-content\/uploads\/2025\/09\/1000018489-150x113.jpg 150w\" sizes=\"auto, (max-width: 1024px) 100vw, 1024px\" \/><\/figure>\n\n\n\n<p>Am Besuchszentrum angelangt, haben wir den riesigen Grill vom Restaurant bestaunt. Die geothermische W\u00e4rme wird genutzt um H\u00e4hnchen und W\u00fcrstchen zu grillen. Das Loch ist ca. 5m tief und starke W\u00e4rme str\u00f6mt aus dem Loch.<\/p>\n\n\n\n<figure class=\"wp-block-image size-large\"><img loading=\"lazy\" decoding=\"async\" width=\"1024\" height=\"768\" src=\"https:\/\/familie-weitgereist.de\/wp-content\/uploads\/2025\/09\/1000018238-1024x768.jpg\" alt=\"\" class=\"wp-image-23311\" srcset=\"https:\/\/familie-weitgereist.de\/wp-content\/uploads\/2025\/09\/1000018238-1024x768.jpg 1024w, https:\/\/familie-weitgereist.de\/wp-content\/uploads\/2025\/09\/1000018238-300x225.jpg 300w, https:\/\/familie-weitgereist.de\/wp-content\/uploads\/2025\/09\/1000018238-768x576.jpg 768w, https:\/\/familie-weitgereist.de\/wp-content\/uploads\/2025\/09\/1000018238-1536x1152.jpg 1536w, https:\/\/familie-weitgereist.de\/wp-content\/uploads\/2025\/09\/1000018238-2048x1536.jpg 2048w, https:\/\/familie-weitgereist.de\/wp-content\/uploads\/2025\/09\/1000018238-1200x900.jpg 1200w, https:\/\/familie-weitgereist.de\/wp-content\/uploads\/2025\/09\/1000018238-1980x1485.jpg 1980w, https:\/\/familie-weitgereist.de\/wp-content\/uploads\/2025\/09\/1000018238-150x113.jpg 150w\" sizes=\"auto, (max-width: 1024px) 100vw, 1024px\" \/><\/figure>\n\n\n\n<p>Anschlie\u00dfend begann unsere Bustour. Wir ergatterten uns einen Platz ganz vorn auf der rechten Seite und hatten spektakul\u00e4re Ausblicke. Die Tour dauert ca. 45 Minuten und die Informationen werden auf Spanisch, Englisch und Deutsch erkl\u00e4rt.<\/p>\n\n\n\n<figure class=\"wp-block-image size-large\"><img loading=\"lazy\" decoding=\"async\" width=\"1024\" height=\"769\" src=\"https:\/\/familie-weitgereist.de\/wp-content\/uploads\/2025\/09\/1000018463-1024x769.jpg\" alt=\"\" class=\"wp-image-23321\" srcset=\"https:\/\/familie-weitgereist.de\/wp-content\/uploads\/2025\/09\/1000018463-1024x769.jpg 1024w, https:\/\/familie-weitgereist.de\/wp-content\/uploads\/2025\/09\/1000018463-300x225.jpg 300w, https:\/\/familie-weitgereist.de\/wp-content\/uploads\/2025\/09\/1000018463-768x577.jpg 768w, https:\/\/familie-weitgereist.de\/wp-content\/uploads\/2025\/09\/1000018463-1536x1153.jpg 1536w, https:\/\/familie-weitgereist.de\/wp-content\/uploads\/2025\/09\/1000018463-2048x1538.jpg 2048w, https:\/\/familie-weitgereist.de\/wp-content\/uploads\/2025\/09\/1000018463-1200x901.jpg 1200w, https:\/\/familie-weitgereist.de\/wp-content\/uploads\/2025\/09\/1000018463-1980x1487.jpg 1980w, https:\/\/familie-weitgereist.de\/wp-content\/uploads\/2025\/09\/1000018463-150x113.jpg 150w\" sizes=\"auto, (max-width: 1024px) 100vw, 1024px\" \/><\/figure>\n\n\n\n<p>Die Stra\u00dfe ist sehr eng. Die Busfahrer sind jedoch so ge\u00fcbt, dass sie \u00fcber die Stra\u00dfe heizen k\u00f6nnen und es sich zum Teil wie eine Achterbahnfahrt anf\u00fchlte. Es hat wirklich Spa\u00df gemacht und die vulkanische Landschaft ist sehr besonders.<\/p>\n\n\n\n<figure class=\"wp-block-image size-large\"><img loading=\"lazy\" decoding=\"async\" width=\"1024\" height=\"768\" src=\"https:\/\/familie-weitgereist.de\/wp-content\/uploads\/2025\/09\/1000018287-1024x768.jpg\" alt=\"\" class=\"wp-image-23322\" srcset=\"https:\/\/familie-weitgereist.de\/wp-content\/uploads\/2025\/09\/1000018287-1024x768.jpg 1024w, https:\/\/familie-weitgereist.de\/wp-content\/uploads\/2025\/09\/1000018287-300x225.jpg 300w, https:\/\/familie-weitgereist.de\/wp-content\/uploads\/2025\/09\/1000018287-768x576.jpg 768w, https:\/\/familie-weitgereist.de\/wp-content\/uploads\/2025\/09\/1000018287-1536x1152.jpg 1536w, https:\/\/familie-weitgereist.de\/wp-content\/uploads\/2025\/09\/1000018287-2048x1536.jpg 2048w, https:\/\/familie-weitgereist.de\/wp-content\/uploads\/2025\/09\/1000018287-1200x900.jpg 1200w, https:\/\/familie-weitgereist.de\/wp-content\/uploads\/2025\/09\/1000018287-1980x1485.jpg 1980w, https:\/\/familie-weitgereist.de\/wp-content\/uploads\/2025\/09\/1000018287-150x113.jpg 150w\" sizes=\"auto, (max-width: 1024px) 100vw, 1024px\" \/><\/figure>\n\n\n\n<p>Der Nationalpark Timanfaya besteht vollst\u00e4ndig aus vulkanischem Boden. Die meisten Eruptionen verw\u00fcsteten die Insel von 1730 &#8211; 1736 als \u00fcber 100 Vulkane aktiv wurden. Die Landschaft schimmert in lila, rot, braun, schwarz und gelb T\u00f6nen.<\/p>\n\n\n\n<figure class=\"wp-block-image size-large\"><img loading=\"lazy\" decoding=\"async\" width=\"1024\" height=\"768\" src=\"https:\/\/familie-weitgereist.de\/wp-content\/uploads\/2025\/09\/1000018301-1024x768.jpg\" alt=\"\" class=\"wp-image-23324\" srcset=\"https:\/\/familie-weitgereist.de\/wp-content\/uploads\/2025\/09\/1000018301-1024x768.jpg 1024w, https:\/\/familie-weitgereist.de\/wp-content\/uploads\/2025\/09\/1000018301-300x225.jpg 300w, https:\/\/familie-weitgereist.de\/wp-content\/uploads\/2025\/09\/1000018301-768x576.jpg 768w, https:\/\/familie-weitgereist.de\/wp-content\/uploads\/2025\/09\/1000018301-1536x1152.jpg 1536w, https:\/\/familie-weitgereist.de\/wp-content\/uploads\/2025\/09\/1000018301-2048x1536.jpg 2048w, https:\/\/familie-weitgereist.de\/wp-content\/uploads\/2025\/09\/1000018301-1200x900.jpg 1200w, https:\/\/familie-weitgereist.de\/wp-content\/uploads\/2025\/09\/1000018301-1980x1485.jpg 1980w, https:\/\/familie-weitgereist.de\/wp-content\/uploads\/2025\/09\/1000018301-150x113.jpg 150w\" sizes=\"auto, (max-width: 1024px) 100vw, 1024px\" \/><\/figure>\n\n\n\n<p>Die vulkanische Aktivit\u00e4t besteht heute immer noch. Nach der Bustour staunten wir, als ein Guide einen trockenen Ast in den 1 m tiefen Boden legte und dieser nach kurzer Zeit Feuer fing.<\/p>\n\n\n\n<figure class=\"wp-block-image size-large\"><img loading=\"lazy\" decoding=\"async\" width=\"1024\" height=\"768\" src=\"https:\/\/familie-weitgereist.de\/wp-content\/uploads\/2025\/09\/1000018359-1024x768.jpg\" alt=\"\" class=\"wp-image-23317\" srcset=\"https:\/\/familie-weitgereist.de\/wp-content\/uploads\/2025\/09\/1000018359-1024x768.jpg 1024w, https:\/\/familie-weitgereist.de\/wp-content\/uploads\/2025\/09\/1000018359-300x225.jpg 300w, https:\/\/familie-weitgereist.de\/wp-content\/uploads\/2025\/09\/1000018359-768x576.jpg 768w, https:\/\/familie-weitgereist.de\/wp-content\/uploads\/2025\/09\/1000018359-1536x1152.jpg 1536w, https:\/\/familie-weitgereist.de\/wp-content\/uploads\/2025\/09\/1000018359-2048x1536.jpg 2048w, https:\/\/familie-weitgereist.de\/wp-content\/uploads\/2025\/09\/1000018359-1200x900.jpg 1200w, https:\/\/familie-weitgereist.de\/wp-content\/uploads\/2025\/09\/1000018359-1980x1485.jpg 1980w, https:\/\/familie-weitgereist.de\/wp-content\/uploads\/2025\/09\/1000018359-150x113.jpg 150w\" sizes=\"auto, (max-width: 1024px) 100vw, 1024px\" \/><\/figure>\n\n\n\n<p>Ein zweiter Guide sch\u00fcttete Wasser in den Boden und zwei Sekunden sp\u00e4ter entstand ein Dampfgeysir. Sehr beeindruckend!<\/p>\n\n\n\n<figure class=\"wp-block-image size-large\"><img loading=\"lazy\" decoding=\"async\" width=\"1024\" height=\"768\" src=\"https:\/\/familie-weitgereist.de\/wp-content\/uploads\/2025\/09\/1000018372-1024x768.jpg\" alt=\"\" class=\"wp-image-23319\" srcset=\"https:\/\/familie-weitgereist.de\/wp-content\/uploads\/2025\/09\/1000018372-1024x768.jpg 1024w, https:\/\/familie-weitgereist.de\/wp-content\/uploads\/2025\/09\/1000018372-300x225.jpg 300w, https:\/\/familie-weitgereist.de\/wp-content\/uploads\/2025\/09\/1000018372-768x576.jpg 768w, https:\/\/familie-weitgereist.de\/wp-content\/uploads\/2025\/09\/1000018372-1536x1152.jpg 1536w, https:\/\/familie-weitgereist.de\/wp-content\/uploads\/2025\/09\/1000018372-2048x1536.jpg 2048w, https:\/\/familie-weitgereist.de\/wp-content\/uploads\/2025\/09\/1000018372-1200x900.jpg 1200w, https:\/\/familie-weitgereist.de\/wp-content\/uploads\/2025\/09\/1000018372-1980x1485.jpg 1980w, https:\/\/familie-weitgereist.de\/wp-content\/uploads\/2025\/09\/1000018372-150x113.jpg 150w\" sizes=\"auto, (max-width: 1024px) 100vw, 1024px\" \/><\/figure>\n\n\n\n<h2 class=\"wp-block-heading\">Arrecife<\/h2>\n\n\n\n<p>Arrecife liegt an der Ostk\u00fcste von Lanzarote und ist die heutige Hauptstadt der Insel. Mit ca. 61.000 Einwohnern ist sie ebenso die gr\u00f6\u00dfte Stadt der Insel.<\/p>\n\n\n\n<p>Arrecife l\u00e4sst sich wunderbar zu Fu\u00df erkunden. Es stehen viele kostenlose Parkpl\u00e4tze zur Verf\u00fcgung.<\/p>\n\n\n\n<p>Besonders sch\u00f6n ist die Altstadt rund um die <strong>nat\u00fcrliche Lagune El Charco San Gin\u00e9s<\/strong> mit ihren vielen kleinen Fischerbooten.<\/p>\n\n\n\n<figure class=\"wp-block-image size-large\"><img loading=\"lazy\" decoding=\"async\" width=\"1024\" height=\"768\" src=\"https:\/\/familie-weitgereist.de\/wp-content\/uploads\/2025\/09\/1000017136-1024x768.jpg\" alt=\"\" class=\"wp-image-23205\" srcset=\"https:\/\/familie-weitgereist.de\/wp-content\/uploads\/2025\/09\/1000017136-1024x768.jpg 1024w, https:\/\/familie-weitgereist.de\/wp-content\/uploads\/2025\/09\/1000017136-300x225.jpg 300w, https:\/\/familie-weitgereist.de\/wp-content\/uploads\/2025\/09\/1000017136-768x576.jpg 768w, https:\/\/familie-weitgereist.de\/wp-content\/uploads\/2025\/09\/1000017136-1536x1152.jpg 1536w, https:\/\/familie-weitgereist.de\/wp-content\/uploads\/2025\/09\/1000017136-2048x1536.jpg 2048w, https:\/\/familie-weitgereist.de\/wp-content\/uploads\/2025\/09\/1000017136-1200x900.jpg 1200w, https:\/\/familie-weitgereist.de\/wp-content\/uploads\/2025\/09\/1000017136-1980x1485.jpg 1980w, https:\/\/familie-weitgereist.de\/wp-content\/uploads\/2025\/09\/1000017136-150x113.jpg 150w\" sizes=\"auto, (max-width: 1024px) 100vw, 1024px\" \/><\/figure>\n\n\n\n<p>Besonders in der N\u00e4he der nat\u00fcrlichen Lagune befinden sich <strong>s\u00fc\u00dfe, kleine Altstadtg\u00e4sschen<\/strong> mit kleinen Caf\u00e9s.<\/p>\n\n\n\n<figure class=\"wp-block-image size-large\"><img loading=\"lazy\" decoding=\"async\" width=\"768\" height=\"1024\" src=\"https:\/\/familie-weitgereist.de\/wp-content\/uploads\/2025\/09\/1000017114-768x1024.jpg\" alt=\"\" class=\"wp-image-23207\" srcset=\"https:\/\/familie-weitgereist.de\/wp-content\/uploads\/2025\/09\/1000017114-768x1024.jpg 768w, https:\/\/familie-weitgereist.de\/wp-content\/uploads\/2025\/09\/1000017114-225x300.jpg 225w, https:\/\/familie-weitgereist.de\/wp-content\/uploads\/2025\/09\/1000017114-1152x1536.jpg 1152w, https:\/\/familie-weitgereist.de\/wp-content\/uploads\/2025\/09\/1000017114-1536x2048.jpg 1536w, https:\/\/familie-weitgereist.de\/wp-content\/uploads\/2025\/09\/1000017114-1200x1600.jpg 1200w, https:\/\/familie-weitgereist.de\/wp-content\/uploads\/2025\/09\/1000017114-1980x2640.jpg 1980w, https:\/\/familie-weitgereist.de\/wp-content\/uploads\/2025\/09\/1000017114-640x853.jpg 640w, https:\/\/familie-weitgereist.de\/wp-content\/uploads\/2025\/09\/1000017114-150x200.jpg 150w, https:\/\/familie-weitgereist.de\/wp-content\/uploads\/2025\/09\/1000017114-scaled.jpg 1920w\" sizes=\"auto, (max-width: 768px) 100vw, 768px\" \/><\/figure>\n\n\n\n<p>Die Stadt hat insgesamt zwei <strong>Wehrt\u00fcrme<\/strong>, das <strong>Castillo San Jos\u00e9 <\/strong>und das <strong>Castillo de San<\/strong> <strong>Gabriel<\/strong>. In beiden befinden sich Museen.<\/p>\n\n\n\n<figure class=\"wp-block-image size-large\"><img loading=\"lazy\" decoding=\"async\" width=\"1024\" height=\"768\" src=\"https:\/\/familie-weitgereist.de\/wp-content\/uploads\/2025\/09\/1000017086-1024x768.jpg\" alt=\"\" class=\"wp-image-23202\" srcset=\"https:\/\/familie-weitgereist.de\/wp-content\/uploads\/2025\/09\/1000017086-1024x768.jpg 1024w, https:\/\/familie-weitgereist.de\/wp-content\/uploads\/2025\/09\/1000017086-300x225.jpg 300w, https:\/\/familie-weitgereist.de\/wp-content\/uploads\/2025\/09\/1000017086-768x576.jpg 768w, https:\/\/familie-weitgereist.de\/wp-content\/uploads\/2025\/09\/1000017086-1536x1152.jpg 1536w, https:\/\/familie-weitgereist.de\/wp-content\/uploads\/2025\/09\/1000017086-2048x1536.jpg 2048w, https:\/\/familie-weitgereist.de\/wp-content\/uploads\/2025\/09\/1000017086-1200x900.jpg 1200w, https:\/\/familie-weitgereist.de\/wp-content\/uploads\/2025\/09\/1000017086-1980x1485.jpg 1980w, https:\/\/familie-weitgereist.de\/wp-content\/uploads\/2025\/09\/1000017086-150x113.jpg 150w\" sizes=\"auto, (max-width: 1024px) 100vw, 1024px\" \/><figcaption class=\"wp-element-caption\">Castillo de San Gabriel<\/figcaption><\/figure>\n\n\n\n<p>Besonders sch\u00f6n ist der feinsandige Stadtstrand <strong>Playa del Reducto<\/strong>. Am Ortseingang stehen mehrere gro\u00dfe Palmen am Strand und spenden somit Schatten. Das ist f\u00fcr Lanzarote besonders, da die meisten Str\u00e4nde schattenlos sind.<\/p>\n\n\n\n<figure class=\"wp-block-image size-large\"><img loading=\"lazy\" decoding=\"async\" width=\"1024\" height=\"768\" src=\"https:\/\/familie-weitgereist.de\/wp-content\/uploads\/2025\/09\/1000017200-1024x768.jpg\" alt=\"\" class=\"wp-image-23204\" srcset=\"https:\/\/familie-weitgereist.de\/wp-content\/uploads\/2025\/09\/1000017200-1024x768.jpg 1024w, https:\/\/familie-weitgereist.de\/wp-content\/uploads\/2025\/09\/1000017200-300x225.jpg 300w, https:\/\/familie-weitgereist.de\/wp-content\/uploads\/2025\/09\/1000017200-768x576.jpg 768w, https:\/\/familie-weitgereist.de\/wp-content\/uploads\/2025\/09\/1000017200-1536x1152.jpg 1536w, https:\/\/familie-weitgereist.de\/wp-content\/uploads\/2025\/09\/1000017200-2048x1536.jpg 2048w, https:\/\/familie-weitgereist.de\/wp-content\/uploads\/2025\/09\/1000017200-1200x900.jpg 1200w, https:\/\/familie-weitgereist.de\/wp-content\/uploads\/2025\/09\/1000017200-1980x1485.jpg 1980w, https:\/\/familie-weitgereist.de\/wp-content\/uploads\/2025\/09\/1000017200-150x113.jpg 150w\" sizes=\"auto, (max-width: 1024px) 100vw, 1024px\" \/><\/figure>\n\n\n\n<p>Die kleine Insel <strong>Islote de Fermina<\/strong> wurde von der Hauptinsel Lanzarote durch starke Flut getrennt und wurde urspr\u00fcnglich &#8222;Isla Quebrada&#8220; genannt. 1918, als Fischerei der wichtigste Wirtschaftszweig Lanzarotes war, erhielt Fermina Garc\u00eda Santana die Erlaubnis eine Werft auf der kleinen Insel zu errichten. Die Werft wurde geschlossen und Ende der 1960er Jahre entwarf <strong>C\u00e9sar Manrique<\/strong>, ein lanzarotischer Maler, Bildhauer und Umweltsch\u00fctzer, der von von 1919 bis 1992 lebte, ein neues Konzept f\u00fcr die kleine Insel. Ein Erholungszentrum f\u00fcr die Einwohner der Stadt mit Blick auf das Meer. Am <strong>28. Januar 2023<\/strong> wurde die Islote de Fermina endlich nach dem Konzept des lanzarotischen K\u00fcnstlers er\u00f6ffnet.<\/p>\n\n\n\n<p>Es gibt ein wundersch\u00f6nes <strong>Schwimmbad<\/strong>, welches leider nicht nutzbar ist und ein <strong>Museum<\/strong> \u00fcber die kleine Insel. Das Museum besch\u00e4ftigt sich mit der Geschichte der kleinen Insel, dem Meeresschutz und den Unmengen an Plastikm\u00fcll im Meer.<\/p>\n\n\n\n<figure class=\"wp-block-image size-large\"><img loading=\"lazy\" decoding=\"async\" width=\"1024\" height=\"768\" src=\"https:\/\/familie-weitgereist.de\/wp-content\/uploads\/2025\/09\/1000017187-1024x768.jpg\" alt=\"\" class=\"wp-image-23215\" srcset=\"https:\/\/familie-weitgereist.de\/wp-content\/uploads\/2025\/09\/1000017187-1024x768.jpg 1024w, https:\/\/familie-weitgereist.de\/wp-content\/uploads\/2025\/09\/1000017187-300x225.jpg 300w, https:\/\/familie-weitgereist.de\/wp-content\/uploads\/2025\/09\/1000017187-768x576.jpg 768w, https:\/\/familie-weitgereist.de\/wp-content\/uploads\/2025\/09\/1000017187-1536x1152.jpg 1536w, https:\/\/familie-weitgereist.de\/wp-content\/uploads\/2025\/09\/1000017187-2048x1536.jpg 2048w, https:\/\/familie-weitgereist.de\/wp-content\/uploads\/2025\/09\/1000017187-1200x900.jpg 1200w, https:\/\/familie-weitgereist.de\/wp-content\/uploads\/2025\/09\/1000017187-1980x1485.jpg 1980w, https:\/\/familie-weitgereist.de\/wp-content\/uploads\/2025\/09\/1000017187-150x113.jpg 150w\" sizes=\"auto, (max-width: 1024px) 100vw, 1024px\" \/><\/figure>\n\n\n\n<p>Am n\u00f6rdlichen Ortsausgang von Arrecife befindet sich ein versunkenes Schiffswrack namens &#8222;Telamon&#8220;. Es liegt im Hafen von Los M\u00e1rmoles. Es liegt sehr nah an der K\u00fcste. Ein Abstecher lohnt sich auf jeden Fall. Am Strand gibt es viele kleine Pf\u00fctzen im vulkanischem Gestein. Dort hatten unsere Jungs viel Spa\u00df beim Spielen.<\/p>\n\n\n\n<figure class=\"wp-block-image size-large\"><img loading=\"lazy\" decoding=\"async\" width=\"1024\" height=\"768\" src=\"https:\/\/familie-weitgereist.de\/wp-content\/uploads\/2025\/09\/1000018430-1-1024x768.jpg\" alt=\"\" class=\"wp-image-23334\" srcset=\"https:\/\/familie-weitgereist.de\/wp-content\/uploads\/2025\/09\/1000018430-1-1024x768.jpg 1024w, https:\/\/familie-weitgereist.de\/wp-content\/uploads\/2025\/09\/1000018430-1-300x225.jpg 300w, https:\/\/familie-weitgereist.de\/wp-content\/uploads\/2025\/09\/1000018430-1-768x576.jpg 768w, https:\/\/familie-weitgereist.de\/wp-content\/uploads\/2025\/09\/1000018430-1-1536x1152.jpg 1536w, https:\/\/familie-weitgereist.de\/wp-content\/uploads\/2025\/09\/1000018430-1-2048x1536.jpg 2048w, https:\/\/familie-weitgereist.de\/wp-content\/uploads\/2025\/09\/1000018430-1-1200x900.jpg 1200w, https:\/\/familie-weitgereist.de\/wp-content\/uploads\/2025\/09\/1000018430-1-1980x1485.jpg 1980w, https:\/\/familie-weitgereist.de\/wp-content\/uploads\/2025\/09\/1000018430-1-150x113.jpg 150w\" sizes=\"auto, (max-width: 1024px) 100vw, 1024px\" \/><\/figure>\n\n\n\n<h2 class=\"wp-block-heading\">Mirador de Acercamiento<\/h2>\n\n\n\n<p>Der <strong>Mirador de Acercamiento<\/strong> befindet sich direkt hinter dem Flughafen von Arrecife. Die Landebahn grenzt an den Strandabschnitt und somit lassen sich gro\u00dfartige Bilder schie\u00dfen. Es scheint als schweben die Flugzeuge direkt \u00fcber einen. Das Beobachten der Flugzeuge beim Landeanflug ist wirklich spannend.<\/p>\n\n\n\n<p>Wir haben uns \u00fcber die Ankunftsflugzeiten informiert, so verk\u00fcrzten wir die Wartezeit.<\/p>\n\n\n\n<figure class=\"wp-block-image size-large\"><img loading=\"lazy\" decoding=\"async\" width=\"1024\" height=\"769\" src=\"https:\/\/familie-weitgereist.de\/wp-content\/uploads\/2025\/09\/1000017297-1-1024x769.jpg\" alt=\"\" class=\"wp-image-23192\" srcset=\"https:\/\/familie-weitgereist.de\/wp-content\/uploads\/2025\/09\/1000017297-1-1024x769.jpg 1024w, https:\/\/familie-weitgereist.de\/wp-content\/uploads\/2025\/09\/1000017297-1-300x225.jpg 300w, https:\/\/familie-weitgereist.de\/wp-content\/uploads\/2025\/09\/1000017297-1-768x577.jpg 768w, https:\/\/familie-weitgereist.de\/wp-content\/uploads\/2025\/09\/1000017297-1-1536x1153.jpg 1536w, https:\/\/familie-weitgereist.de\/wp-content\/uploads\/2025\/09\/1000017297-1-2048x1538.jpg 2048w, https:\/\/familie-weitgereist.de\/wp-content\/uploads\/2025\/09\/1000017297-1-1200x901.jpg 1200w, https:\/\/familie-weitgereist.de\/wp-content\/uploads\/2025\/09\/1000017297-1-1980x1487.jpg 1980w, https:\/\/familie-weitgereist.de\/wp-content\/uploads\/2025\/09\/1000017297-1-150x113.jpg 150w\" sizes=\"auto, (max-width: 1024px) 100vw, 1024px\" \/><\/figure>\n\n\n\n<h2 class=\"wp-block-heading\">Las Grietas<\/h2>\n\n\n\n<p>Unweit des kleinen Bergortes San Bartolom\u00e9, befinden sich an den Ausl\u00e4ufern des Vulkanes Monta\u00f1a Blanca, bizarre Felsformationen, genannt Las Grietas. Wir liefen zwischen den schmalen Felsen entlang und f\u00fchlten uns wie in einem Canyon.<\/p>\n\n\n\n<figure class=\"wp-block-image size-large\"><img loading=\"lazy\" decoding=\"async\" width=\"768\" height=\"1024\" src=\"https:\/\/familie-weitgereist.de\/wp-content\/uploads\/2025\/09\/1000017441-768x1024.jpg\" alt=\"\" class=\"wp-image-23218\" srcset=\"https:\/\/familie-weitgereist.de\/wp-content\/uploads\/2025\/09\/1000017441-768x1024.jpg 768w, https:\/\/familie-weitgereist.de\/wp-content\/uploads\/2025\/09\/1000017441-225x300.jpg 225w, https:\/\/familie-weitgereist.de\/wp-content\/uploads\/2025\/09\/1000017441-1152x1536.jpg 1152w, https:\/\/familie-weitgereist.de\/wp-content\/uploads\/2025\/09\/1000017441-1536x2048.jpg 1536w, https:\/\/familie-weitgereist.de\/wp-content\/uploads\/2025\/09\/1000017441-1200x1600.jpg 1200w, https:\/\/familie-weitgereist.de\/wp-content\/uploads\/2025\/09\/1000017441-1980x2640.jpg 1980w, https:\/\/familie-weitgereist.de\/wp-content\/uploads\/2025\/09\/1000017441-640x853.jpg 640w, https:\/\/familie-weitgereist.de\/wp-content\/uploads\/2025\/09\/1000017441-150x200.jpg 150w, https:\/\/familie-weitgereist.de\/wp-content\/uploads\/2025\/09\/1000017441-scaled.jpg 1920w\" sizes=\"auto, (max-width: 768px) 100vw, 768px\" \/><\/figure>\n\n\n\n<p>Vom Parkplatz sind es nur wenige Meter zu Fu\u00df. Am Nachmittag, wenn die Sonne hoch am Himmel steht, f\u00e4llt das beste Licht in die schmalen G\u00e4nge hinein.<\/p>\n\n\n\n<h2 class=\"wp-block-heading\">Teguise<\/h2>\n\n\n\n<p>Die ehemalige Inselhauptstadt Teguise liegt im Zentrum Lanzarotes und geh\u00f6rt zu den &#8222;<strong>Pueblos m\u00e1s bonitos de Espa\u00f1a<\/strong>&#8220; (sch\u00f6nsten D\u00f6rfern Spaniens). Die vielen kleinen Gassen verspr\u00fchen den typischen Charme der Insel, mit den wei\u00dfen H\u00e4usern. Besonders beeindruckend ist die <strong>Parroquia de Nuestra Se\u00f1ora de Guadalupe de Teguise<\/strong>.<\/p>\n\n\n\n<figure class=\"wp-block-image size-large\"><img loading=\"lazy\" decoding=\"async\" width=\"1024\" height=\"768\" src=\"https:\/\/familie-weitgereist.de\/wp-content\/uploads\/2025\/09\/1000017524-1-1024x768.jpg\" alt=\"\" class=\"wp-image-23222\" srcset=\"https:\/\/familie-weitgereist.de\/wp-content\/uploads\/2025\/09\/1000017524-1-1024x768.jpg 1024w, https:\/\/familie-weitgereist.de\/wp-content\/uploads\/2025\/09\/1000017524-1-300x225.jpg 300w, https:\/\/familie-weitgereist.de\/wp-content\/uploads\/2025\/09\/1000017524-1-768x576.jpg 768w, https:\/\/familie-weitgereist.de\/wp-content\/uploads\/2025\/09\/1000017524-1-1536x1152.jpg 1536w, https:\/\/familie-weitgereist.de\/wp-content\/uploads\/2025\/09\/1000017524-1-2048x1536.jpg 2048w, https:\/\/familie-weitgereist.de\/wp-content\/uploads\/2025\/09\/1000017524-1-1200x900.jpg 1200w, https:\/\/familie-weitgereist.de\/wp-content\/uploads\/2025\/09\/1000017524-1-1980x1485.jpg 1980w, https:\/\/familie-weitgereist.de\/wp-content\/uploads\/2025\/09\/1000017524-1-150x113.jpg 150w\" sizes=\"auto, (max-width: 1024px) 100vw, 1024px\" \/><\/figure>\n\n\n\n<p>Teguise war bis 1852 Inselhauptstadt und wurde von spanischen und portugiesischen Baumeistern angelegt.<\/p>\n\n\n\n<div id=\"wp-block-themeisle-blocks-slider-420a8076\" class=\"wp-block-themeisle-blocks-slider glide\" data-per-view=\"1\" data-gap=\"0\" data-peek=\"0\" data-autoplay=\"true\" data-height=\"400px\" data-hide-arrows=\"false\"><div class=\"glide__track\" data-glide-el=\"track\"><div class=\"glide__slides\"><div class=\"wp-block-themeisle-blocks-slider-item-wrapper glide__slide\" tabindex=\"0\"><figure><img decoding=\"async\" class=\"wp-block-themeisle-blocks-slider-item\" src=\"https:\/\/familie-weitgereist.de\/wp-content\/uploads\/2025\/09\/1000017509-1-scaled.jpg\" alt=\"\" title=\"\" data-id=\"23232\"\/><\/figure><\/div><div class=\"wp-block-themeisle-blocks-slider-item-wrapper glide__slide\" tabindex=\"0\"><figure><img decoding=\"async\" class=\"wp-block-themeisle-blocks-slider-item\" src=\"https:\/\/familie-weitgereist.de\/wp-content\/uploads\/2025\/09\/1000017541-scaled.jpg\" alt=\"\" title=\"\" data-id=\"23233\"\/><\/figure><\/div><div class=\"wp-block-themeisle-blocks-slider-item-wrapper glide__slide\" tabindex=\"0\"><figure><img decoding=\"async\" class=\"wp-block-themeisle-blocks-slider-item\" src=\"https:\/\/familie-weitgereist.de\/wp-content\/uploads\/2025\/09\/1000017543-1-scaled.jpg\" alt=\"\" title=\"\" data-id=\"23231\"\/><\/figure><\/div><\/div><div class=\"glide__bullets\" data-glide-el=\"controls[nav]\"><button class=\"glide__bullet\" data-glide-dir=\"=0\"><\/button><button class=\"glide__bullet\" data-glide-dir=\"=1\"><\/button><button class=\"glide__bullet\" data-glide-dir=\"=2\"><\/button><\/div><\/div><\/div>\n\n\n\n<p>Im Zentrum gibt es viele kleine Gesch\u00e4fte und Caf\u00e9s. Kunsthandwerk, Kleidung und viele weitere lokale Produkte k\u00f6nnen gekauft werden. Sonntags findet immer ein gro\u00dfer Markt auf dem Parque La Mareta statt. Wir besuchten das St\u00e4dtchen an einem Samstag und sahen wie f\u00fcr den Markt aufgebaut wurde.<\/p>\n\n\n\n<h2 class=\"wp-block-heading\">Arrieta<\/h2>\n\n\n\n<p>Der kleine K\u00fcstenort im Norden Lanzarotes hat einen sch\u00f6nen Strand und bezaubert ebenso mit seinen klassischen wei\u00dfen H\u00e4usern. Ein Spaziergang durch den Ort und an der Strandpromenade entlang lohnt sich. Besonders bei Einheimischen ist Arrieta am Wochenende f\u00fcr einen Strandtag beliebt. Somit bekamen wir das authentische Flair der Insel, fernab von den Touristenorten mit. Dies gef\u00e4llt uns immer sehr gut!<\/p>\n\n\n\n<figure class=\"wp-block-image size-large\"><img loading=\"lazy\" decoding=\"async\" width=\"1024\" height=\"768\" src=\"https:\/\/familie-weitgereist.de\/wp-content\/uploads\/2025\/09\/1000017630-1024x768.jpg\" alt=\"\" class=\"wp-image-23236\" srcset=\"https:\/\/familie-weitgereist.de\/wp-content\/uploads\/2025\/09\/1000017630-1024x768.jpg 1024w, https:\/\/familie-weitgereist.de\/wp-content\/uploads\/2025\/09\/1000017630-300x225.jpg 300w, https:\/\/familie-weitgereist.de\/wp-content\/uploads\/2025\/09\/1000017630-768x576.jpg 768w, https:\/\/familie-weitgereist.de\/wp-content\/uploads\/2025\/09\/1000017630-1536x1152.jpg 1536w, https:\/\/familie-weitgereist.de\/wp-content\/uploads\/2025\/09\/1000017630-2048x1536.jpg 2048w, https:\/\/familie-weitgereist.de\/wp-content\/uploads\/2025\/09\/1000017630-1200x900.jpg 1200w, https:\/\/familie-weitgereist.de\/wp-content\/uploads\/2025\/09\/1000017630-1980x1485.jpg 1980w, https:\/\/familie-weitgereist.de\/wp-content\/uploads\/2025\/09\/1000017630-150x113.jpg 150w\" sizes=\"auto, (max-width: 1024px) 100vw, 1024px\" \/><\/figure>\n\n\n\n<h2 class=\"wp-block-heading\">La Graciosa <\/h2>\n\n\n\n<p>Wir haben einen Tagesausflug auf die kleinste bewohnte kanarische Insel unternommen. Daf\u00fcr haben wir die F\u00e4hre im n\u00f6rdlichsten Ort Lanzarotes, \u00d3rzola genommen und waren 30 Minuten sp\u00e4ten im Ort Caleta de Sebo auf La Graciosa. Die Insel hat ihren ganz eigenen Charme und wir haben ihr einen <strong><a href=\"https:\/\/familie-weitgereist.de\/?p=23252\" data-type=\"link\" data-id=\"https:\/\/familie-weitgereist.de\/?p=23252\">eigenen Beitrag<\/a><\/strong> gewidmet.<\/p>\n\n\n\n<figure class=\"wp-block-image size-large\"><img loading=\"lazy\" decoding=\"async\" width=\"1024\" height=\"768\" src=\"https:\/\/familie-weitgereist.de\/wp-content\/uploads\/2025\/09\/1000017842-1024x768.jpg\" alt=\"\" class=\"wp-image-23249\" srcset=\"https:\/\/familie-weitgereist.de\/wp-content\/uploads\/2025\/09\/1000017842-1024x768.jpg 1024w, https:\/\/familie-weitgereist.de\/wp-content\/uploads\/2025\/09\/1000017842-300x225.jpg 300w, https:\/\/familie-weitgereist.de\/wp-content\/uploads\/2025\/09\/1000017842-768x576.jpg 768w, https:\/\/familie-weitgereist.de\/wp-content\/uploads\/2025\/09\/1000017842-1536x1152.jpg 1536w, https:\/\/familie-weitgereist.de\/wp-content\/uploads\/2025\/09\/1000017842-2048x1536.jpg 2048w, https:\/\/familie-weitgereist.de\/wp-content\/uploads\/2025\/09\/1000017842-1200x900.jpg 1200w, https:\/\/familie-weitgereist.de\/wp-content\/uploads\/2025\/09\/1000017842-1980x1485.jpg 1980w, https:\/\/familie-weitgereist.de\/wp-content\/uploads\/2025\/09\/1000017842-150x113.jpg 150w\" sizes=\"auto, (max-width: 1024px) 100vw, 1024px\" \/><\/figure>\n\n\n\n<h2 class=\"wp-block-heading\">Spielpl\u00e4tze<\/h2>\n\n\n\n<p>In <strong>Puerto del Carmen<\/strong> gibt es beim <strong>Plaza<\/strong> <strong>Varadero<\/strong> einen sch\u00f6nen Schiffsspielplatz mit Rutschen, Kletterm\u00f6glichkeiten und Schaukeln.<\/p>\n\n\n\n<figure class=\"wp-block-image size-large\"><img loading=\"lazy\" decoding=\"async\" width=\"1024\" height=\"768\" src=\"https:\/\/familie-weitgereist.de\/wp-content\/uploads\/2025\/09\/1000016835-1024x768.jpg\" alt=\"\" class=\"wp-image-23170\" srcset=\"https:\/\/familie-weitgereist.de\/wp-content\/uploads\/2025\/09\/1000016835-1024x768.jpg 1024w, https:\/\/familie-weitgereist.de\/wp-content\/uploads\/2025\/09\/1000016835-300x225.jpg 300w, https:\/\/familie-weitgereist.de\/wp-content\/uploads\/2025\/09\/1000016835-768x576.jpg 768w, https:\/\/familie-weitgereist.de\/wp-content\/uploads\/2025\/09\/1000016835-1536x1152.jpg 1536w, https:\/\/familie-weitgereist.de\/wp-content\/uploads\/2025\/09\/1000016835-2048x1536.jpg 2048w, https:\/\/familie-weitgereist.de\/wp-content\/uploads\/2025\/09\/1000016835-1200x900.jpg 1200w, https:\/\/familie-weitgereist.de\/wp-content\/uploads\/2025\/09\/1000016835-1980x1485.jpg 1980w, https:\/\/familie-weitgereist.de\/wp-content\/uploads\/2025\/09\/1000016835-150x113.jpg 150w\" sizes=\"auto, (max-width: 1024px) 100vw, 1024px\" \/><\/figure>\n\n\n\n<p>In <strong>Arrecife<\/strong> gibt es mehrere sch\u00f6ne Spielpl\u00e4tze. Wir haben im <strong>Parque Tem\u00e1tico<\/strong> einen sch\u00f6nen Spielplatz entdeckt mit Doppelschaukeln, einem kleinen und einem gr\u00f6\u00dferen Kletterger\u00fcst, einem Karussell und Drehkreiseln.<\/p>\n\n\n\n<figure class=\"wp-block-image size-large\"><img loading=\"lazy\" decoding=\"async\" width=\"1024\" height=\"768\" src=\"https:\/\/familie-weitgereist.de\/wp-content\/uploads\/2025\/09\/1000017217-1-1024x768.jpg\" alt=\"\" class=\"wp-image-23198\" srcset=\"https:\/\/familie-weitgereist.de\/wp-content\/uploads\/2025\/09\/1000017217-1-1024x768.jpg 1024w, https:\/\/familie-weitgereist.de\/wp-content\/uploads\/2025\/09\/1000017217-1-300x225.jpg 300w, https:\/\/familie-weitgereist.de\/wp-content\/uploads\/2025\/09\/1000017217-1-768x576.jpg 768w, https:\/\/familie-weitgereist.de\/wp-content\/uploads\/2025\/09\/1000017217-1-1536x1152.jpg 1536w, https:\/\/familie-weitgereist.de\/wp-content\/uploads\/2025\/09\/1000017217-1-2048x1536.jpg 2048w, https:\/\/familie-weitgereist.de\/wp-content\/uploads\/2025\/09\/1000017217-1-1200x900.jpg 1200w, https:\/\/familie-weitgereist.de\/wp-content\/uploads\/2025\/09\/1000017217-1-1980x1485.jpg 1980w, https:\/\/familie-weitgereist.de\/wp-content\/uploads\/2025\/09\/1000017217-1-150x113.jpg 150w\" sizes=\"auto, (max-width: 1024px) 100vw, 1024px\" \/><\/figure>\n\n\n\n<p>In der <strong>Avenida La Marina<\/strong>, in der N\u00e4he zur Br\u00fccke des Castillo de San Gabriel, ist ebenfalls ein toller Spielplatz mit verschiedenen Elementen, wie Schaukeln, Rutschen, einem Karussell und verschiedenen Kletterm\u00f6glichkeiten.<\/p>\n\n\n\n<figure class=\"wp-block-image size-large\"><img loading=\"lazy\" decoding=\"async\" width=\"1024\" height=\"768\" src=\"https:\/\/familie-weitgereist.de\/wp-content\/uploads\/2025\/09\/1000017147-1024x768.jpg\" alt=\"\" class=\"wp-image-23199\" srcset=\"https:\/\/familie-weitgereist.de\/wp-content\/uploads\/2025\/09\/1000017147-1024x768.jpg 1024w, https:\/\/familie-weitgereist.de\/wp-content\/uploads\/2025\/09\/1000017147-300x225.jpg 300w, https:\/\/familie-weitgereist.de\/wp-content\/uploads\/2025\/09\/1000017147-768x576.jpg 768w, https:\/\/familie-weitgereist.de\/wp-content\/uploads\/2025\/09\/1000017147-1536x1152.jpg 1536w, https:\/\/familie-weitgereist.de\/wp-content\/uploads\/2025\/09\/1000017147-2048x1536.jpg 2048w, https:\/\/familie-weitgereist.de\/wp-content\/uploads\/2025\/09\/1000017147-1200x900.jpg 1200w, https:\/\/familie-weitgereist.de\/wp-content\/uploads\/2025\/09\/1000017147-1980x1485.jpg 1980w, https:\/\/familie-weitgereist.de\/wp-content\/uploads\/2025\/09\/1000017147-150x113.jpg 150w\" sizes=\"auto, (max-width: 1024px) 100vw, 1024px\" \/><\/figure>\n\n\n\n<p>Im <strong>Parque Islas Canarias<\/strong> ist ein kleiner Spielplatz mit Kletterspinne und Kletterger\u00fcst.<\/p>\n\n\n\n<figure class=\"wp-block-image size-large\"><img loading=\"lazy\" decoding=\"async\" width=\"1024\" height=\"768\" src=\"https:\/\/familie-weitgereist.de\/wp-content\/uploads\/2025\/09\/1000017035-1024x768.jpg\" alt=\"\" class=\"wp-image-23200\" srcset=\"https:\/\/familie-weitgereist.de\/wp-content\/uploads\/2025\/09\/1000017035-1024x768.jpg 1024w, https:\/\/familie-weitgereist.de\/wp-content\/uploads\/2025\/09\/1000017035-300x225.jpg 300w, https:\/\/familie-weitgereist.de\/wp-content\/uploads\/2025\/09\/1000017035-768x576.jpg 768w, https:\/\/familie-weitgereist.de\/wp-content\/uploads\/2025\/09\/1000017035-1536x1152.jpg 1536w, https:\/\/familie-weitgereist.de\/wp-content\/uploads\/2025\/09\/1000017035-2048x1536.jpg 2048w, https:\/\/familie-weitgereist.de\/wp-content\/uploads\/2025\/09\/1000017035-1200x900.jpg 1200w, https:\/\/familie-weitgereist.de\/wp-content\/uploads\/2025\/09\/1000017035-1980x1485.jpg 1980w, https:\/\/familie-weitgereist.de\/wp-content\/uploads\/2025\/09\/1000017035-150x113.jpg 150w\" sizes=\"auto, (max-width: 1024px) 100vw, 1024px\" \/><\/figure>\n\n\n\n<p>In <strong>Teguise<\/strong> waren wir am <strong>Parque La Mareta<\/strong> an einem sch\u00f6nen gro\u00dfen Spielplatz mit Kletterger\u00fcst, Schaukeln, Karussel und Rutschen.<\/p>\n\n\n\n<figure class=\"wp-block-image size-large\"><img loading=\"lazy\" decoding=\"async\" width=\"1024\" height=\"768\" src=\"https:\/\/familie-weitgereist.de\/wp-content\/uploads\/2025\/09\/1000017476-1024x768.jpg\" alt=\"\" class=\"wp-image-23193\" srcset=\"https:\/\/familie-weitgereist.de\/wp-content\/uploads\/2025\/09\/1000017476-1024x768.jpg 1024w, https:\/\/familie-weitgereist.de\/wp-content\/uploads\/2025\/09\/1000017476-300x225.jpg 300w, https:\/\/familie-weitgereist.de\/wp-content\/uploads\/2025\/09\/1000017476-768x576.jpg 768w, https:\/\/familie-weitgereist.de\/wp-content\/uploads\/2025\/09\/1000017476-1536x1152.jpg 1536w, https:\/\/familie-weitgereist.de\/wp-content\/uploads\/2025\/09\/1000017476-2048x1536.jpg 2048w, https:\/\/familie-weitgereist.de\/wp-content\/uploads\/2025\/09\/1000017476-1200x900.jpg 1200w, https:\/\/familie-weitgereist.de\/wp-content\/uploads\/2025\/09\/1000017476-1980x1485.jpg 1980w, https:\/\/familie-weitgereist.de\/wp-content\/uploads\/2025\/09\/1000017476-150x113.jpg 150w\" sizes=\"auto, (max-width: 1024px) 100vw, 1024px\" \/><\/figure>\n\n\n\n<p>In <strong>Arrieta<\/strong> befindet sich an der Strandpromenade ein kleiner Spielplatz mit Rutsche und Kletterger\u00fcst.<\/p>\n\n\n\n<figure class=\"wp-block-image size-large\"><img loading=\"lazy\" decoding=\"async\" width=\"1024\" height=\"768\" src=\"https:\/\/familie-weitgereist.de\/wp-content\/uploads\/2025\/09\/1000017647-1024x768.jpg\" alt=\"\" class=\"wp-image-23195\" srcset=\"https:\/\/familie-weitgereist.de\/wp-content\/uploads\/2025\/09\/1000017647-1024x768.jpg 1024w, https:\/\/familie-weitgereist.de\/wp-content\/uploads\/2025\/09\/1000017647-300x225.jpg 300w, https:\/\/familie-weitgereist.de\/wp-content\/uploads\/2025\/09\/1000017647-768x576.jpg 768w, https:\/\/familie-weitgereist.de\/wp-content\/uploads\/2025\/09\/1000017647-1536x1152.jpg 1536w, https:\/\/familie-weitgereist.de\/wp-content\/uploads\/2025\/09\/1000017647-2048x1536.jpg 2048w, https:\/\/familie-weitgereist.de\/wp-content\/uploads\/2025\/09\/1000017647-1200x900.jpg 1200w, https:\/\/familie-weitgereist.de\/wp-content\/uploads\/2025\/09\/1000017647-1980x1485.jpg 1980w, https:\/\/familie-weitgereist.de\/wp-content\/uploads\/2025\/09\/1000017647-150x113.jpg 150w\" sizes=\"auto, (max-width: 1024px) 100vw, 1024px\" \/><\/figure>\n","protected":false},"excerpt":{"rendered":"<p>Wir haben weitere kanarische Inseln erkundet und haben w\u00e4hrend unseres Roadtrips die Inseln Fuerteventura, Lanzarote und La Graciosa kombiniert, da sie nah beieinander liegen und g\u00fcnstig mit der F\u00e4hre zu erreichen sind. Lanzarote ist bekannt als &#8222;Insel der Feuerberge&#8222;, denn von allen kanarischen Inseln ist sie am meisten von den Vulkanlandschaften mit Lavaformationen und spektakul\u00e4ren [&hellip;]<\/p>\n","protected":false},"author":3,"featured_media":23298,"comment_status":"open","ping_status":"open","sticky":false,"template":"","format":"standard","meta":{"_themeisle_gutenberg_block_has_review":false,"footnotes":""},"categories":[246,8,4,377],"tags":[1675,1678,1298,1680,1671,1677,1676,1673,1674,1672,143,1679,1682],"class_list":["post-23155","post","type-post","status-publish","format-standard","has-post-thumbnail","hentry","category-spanien","category-europa","category-laender","category-spielplaetze","tag-arrecife","tag-arrieta","tag-kanaren","tag-la-graciosa","tag-lanzarote","tag-las-grietas","tag-mirador-de-acercamiento","tag-playa-blanca","tag-puerto-calero","tag-puerto-del-carmen","tag-spanien","tag-teguise","tag-timanfaya-nationalpark"],"_links":{"self":[{"href":"https:\/\/familie-weitgereist.de\/index.php?rest_route=\/wp\/v2\/posts\/23155","targetHints":{"allow":["GET"]}}],"collection":[{"href":"https:\/\/familie-weitgereist.de\/index.php?rest_route=\/wp\/v2\/posts"}],"about":[{"href":"https:\/\/familie-weitgereist.de\/index.php?rest_route=\/wp\/v2\/types\/post"}],"author":[{"embeddable":true,"href":"https:\/\/familie-weitgereist.de\/index.php?rest_route=\/wp\/v2\/users\/3"}],"replies":[{"embeddable":true,"href":"https:\/\/familie-weitgereist.de\/index.php?rest_route=%2Fwp%2Fv2%2Fcomments&post=23155"}],"version-history":[{"count":85,"href":"https:\/\/familie-weitgereist.de\/index.php?rest_route=\/wp\/v2\/posts\/23155\/revisions"}],"predecessor-version":[{"id":23866,"href":"https:\/\/familie-weitgereist.de\/index.php?rest_route=\/wp\/v2\/posts\/23155\/revisions\/23866"}],"wp:featuredmedia":[{"embeddable":true,"href":"https:\/\/familie-weitgereist.de\/index.php?rest_route=\/wp\/v2\/media\/23298"}],"wp:attachment":[{"href":"https:\/\/familie-weitgereist.de\/index.php?rest_route=%2Fwp%2Fv2%2Fmedia&parent=23155"}],"wp:term":[{"taxonomy":"category","embeddable":true,"href":"https:\/\/familie-weitgereist.de\/index.php?rest_route=%2Fwp%2Fv2%2Fcategories&post=23155"},{"taxonomy":"post_tag","embeddable":true,"href":"https:\/\/familie-weitgereist.de\/index.php?rest_route=%2Fwp%2Fv2%2Ftags&post=23155"}],"curies":[{"name":"wp","href":"https:\/\/api.w.org\/{rel}","templated":true}]}}