{"id":22959,"date":"2025-09-23T21:46:49","date_gmt":"2025-09-23T19:46:49","guid":{"rendered":"https:\/\/familie-weitgereist.de\/?p=22959"},"modified":"2025-11-01T22:29:38","modified_gmt":"2025-11-01T21:29:38","slug":"roadtrip-fuerteventura-mit-kleinen-kindern-und-baby","status":"publish","type":"post","link":"https:\/\/familie-weitgereist.de\/?p=22959","title":{"rendered":"Roadtrip Fuerteventura, Spanien mit kleinen Kindern und Baby"},"content":{"rendered":"\n<p>Wir haben weitere kanarische Inseln erkundet und haben w\u00e4hrend unseres Roadtrips die Inseln <strong>Fuerteventura<\/strong>, <strong><a href=\"https:\/\/familie-weitgereist.de\/?p=23155\" data-type=\"link\" data-id=\"https:\/\/familie-weitgereist.de\/?p=23155\">Lanzarote<\/a><\/strong> und <a href=\"https:\/\/familie-weitgereist.de\/?p=23252\" data-type=\"link\" data-id=\"https:\/\/familie-weitgereist.de\/?p=23252\"><strong>La<\/strong> <strong>Graciosa<\/strong><\/a> kombiniert, da sie nah beieinander liegen und g\u00fcnstig mit der F\u00e4hre zu erreichen sind.<\/p>\n\n\n\n<p>Fuerteventura ist, nach Teneriffa, die zweitgr\u00f6\u00dfte kanarische Insel im Atlantik, westlich von Afrika. Es leben ca. 127.000 Menschen auf Fuerteventura. Bekannt und beliebt ist die Insel vor allem bei Surfern, denn wie der Name schon sagt, weht hier stets ein relativ starker Wind. Fuerteventura bedeutet &#8222;starker Wind&#8220;.<\/p>\n\n\n\n<figure class=\"wp-block-image size-large\"><img loading=\"lazy\" decoding=\"async\" width=\"1024\" height=\"768\" src=\"https:\/\/familie-weitgereist.de\/wp-content\/uploads\/2025\/09\/1000015849-1024x768.jpg\" alt=\"\" class=\"wp-image-23045\" srcset=\"https:\/\/familie-weitgereist.de\/wp-content\/uploads\/2025\/09\/1000015849-1024x768.jpg 1024w, https:\/\/familie-weitgereist.de\/wp-content\/uploads\/2025\/09\/1000015849-300x225.jpg 300w, https:\/\/familie-weitgereist.de\/wp-content\/uploads\/2025\/09\/1000015849-768x576.jpg 768w, https:\/\/familie-weitgereist.de\/wp-content\/uploads\/2025\/09\/1000015849-1536x1152.jpg 1536w, https:\/\/familie-weitgereist.de\/wp-content\/uploads\/2025\/09\/1000015849-2048x1536.jpg 2048w, https:\/\/familie-weitgereist.de\/wp-content\/uploads\/2025\/09\/1000015849-1200x900.jpg 1200w, https:\/\/familie-weitgereist.de\/wp-content\/uploads\/2025\/09\/1000015849-1980x1485.jpg 1980w, https:\/\/familie-weitgereist.de\/wp-content\/uploads\/2025\/09\/1000015849-150x113.jpg 150w\" sizes=\"auto, (max-width: 1024px) 100vw, 1024px\" \/><figcaption class=\"wp-element-caption\">Aussichtspunkt Risco de las Pe\u00f1as<\/figcaption><\/figure>\n\n\n\n<p>Ebenso bekannt ist Fuerteventura f\u00fcr seine traumhaften Str\u00e4nde. Im S\u00fcden an der Costa Calma, rund um Morro Jable oder im Norden bei Corralejo sind herrlich wei\u00dfe und lange Sandstr\u00e4nde zu finden.<\/p>\n\n\n\n<p>Im Folgenden berichten wir \u00fcber unseren <strong>Roadtrip vom S\u00fcden in den Norden<\/strong> der Insel.<\/p>\n\n\n\n<h2 class=\"wp-block-heading\">Unsere Anreise<\/h2>\n\n\n\n<p>Wir haben eine weitere kanarische Insel erkundet und sind mit der F\u00e4hre des Unternehmens <em><strong>Armas<\/strong><\/em> von <strong>Las Palmas de Gran Canaria<\/strong> nach <strong>Morro Jable auf Fuerteventura <\/strong>gefahren. Die \u00dcberfahrt war sehr kurzweilig und dauerte nur zwei Stunden. Unsere Jungs hatten sehr viel Spa\u00df im Spielbereich der F\u00e4hre und wir konnten die herrliche Aussicht auf den Atlantik genie\u00dfen und sp\u00e4ter staunten wir als die Insel in Sichtweite kam. Die H\u00fcgel und Felsen aus braunen Lavagestein sind schon sehr beeindruckend anzusehen!<\/p>\n\n\n\n<p>Die Insel machte ihrem Namen ganz viel Ehre und begr\u00fc\u00dfte uns mit sehr starkem Wind.<\/p>\n\n\n\n<div id=\"wp-block-themeisle-blocks-slider-eb1ce965\" class=\"wp-block-themeisle-blocks-slider glide\" data-per-view=\"1\" data-gap=\"0\" data-peek=\"0\" data-autoplay=\"true\" data-height=\"400px\" data-hide-arrows=\"false\"><div class=\"glide__track\" data-glide-el=\"track\"><div class=\"glide__slides\"><div class=\"wp-block-themeisle-blocks-slider-item-wrapper glide__slide\" tabindex=\"0\"><figure><img decoding=\"async\" class=\"wp-block-themeisle-blocks-slider-item\" src=\"https:\/\/familie-weitgereist.de\/wp-content\/uploads\/2025\/09\/1000014856-scaled.jpg\" alt=\"\" title=\"\" data-id=\"22962\"\/><\/figure><\/div><div class=\"wp-block-themeisle-blocks-slider-item-wrapper glide__slide\" tabindex=\"0\"><figure><img decoding=\"async\" class=\"wp-block-themeisle-blocks-slider-item\" src=\"https:\/\/familie-weitgereist.de\/wp-content\/uploads\/2025\/09\/1000015157-scaled.jpg\" alt=\"\" title=\"\" data-id=\"22961\"\/><\/figure><\/div><div class=\"wp-block-themeisle-blocks-slider-item-wrapper glide__slide\" tabindex=\"0\"><figure><img decoding=\"async\" class=\"wp-block-themeisle-blocks-slider-item\" src=\"https:\/\/familie-weitgereist.de\/wp-content\/uploads\/2025\/09\/1000014905-scaled.jpg\" alt=\"\" title=\"\" data-id=\"22963\"\/><\/figure><\/div><\/div><div class=\"glide__bullets\" data-glide-el=\"controls[nav]\"><button class=\"glide__bullet\" data-glide-dir=\"=0\"><\/button><button class=\"glide__bullet\" data-glide-dir=\"=1\"><\/button><button class=\"glide__bullet\" data-glide-dir=\"=2\"><\/button><\/div><\/div><\/div>\n\n\n\n<h2 class=\"wp-block-heading\">Morro Jable auf der Halbinsel Jand\u00eda<\/h2>\n\n\n\n<p>Wir kamen mit der F\u00e4hre in Morro Jable an und parkten gratis zentral im Ort. Von dort schlenderten wir bei 37\u00b0C und zum Gl\u00fcck relativ viel Wind durch die Stadt und an der Strandpromenade entlang.<\/p>\n\n\n\n<p>Die Stadt hat eine lange Strandpromenade mit vielen Caf\u00e9s und Restaurants. Der lange, wei\u00dfe Sandstrand ist ph\u00e4nomenal. T\u00fcrkisblaues, warmes Meerwasser trifft auf wei\u00dfen Sandstrand und einer D\u00fcne.<\/p>\n\n\n\n<div id=\"wp-block-themeisle-blocks-slider-2eae764b\" class=\"wp-block-themeisle-blocks-slider glide\" data-per-view=\"1\" data-gap=\"0\" data-peek=\"0\" data-autoplay=\"true\" data-height=\"400px\" data-hide-arrows=\"false\"><div class=\"glide__track\" data-glide-el=\"track\"><div class=\"glide__slides\"><div class=\"wp-block-themeisle-blocks-slider-item-wrapper glide__slide\" tabindex=\"0\"><figure><img decoding=\"async\" class=\"wp-block-themeisle-blocks-slider-item\" src=\"https:\/\/familie-weitgereist.de\/wp-content\/uploads\/2025\/09\/1000014956-scaled.jpg\" alt=\"\" title=\"\" data-id=\"22982\"\/><\/figure><\/div><div class=\"wp-block-themeisle-blocks-slider-item-wrapper glide__slide\" tabindex=\"0\"><figure><img decoding=\"async\" class=\"wp-block-themeisle-blocks-slider-item\" src=\"https:\/\/familie-weitgereist.de\/wp-content\/uploads\/2025\/09\/1000014999-scaled.jpg\" alt=\"\" title=\"\" data-id=\"22984\"\/><\/figure><\/div><\/div><div class=\"glide__bullets\" data-glide-el=\"controls[nav]\"><button class=\"glide__bullet\" data-glide-dir=\"=0\"><\/button><button class=\"glide__bullet\" data-glide-dir=\"=1\"><\/button><\/div><\/div><\/div>\n\n\n\n<p>Es gibt eine kleine Kirche oberhalb des Zentrums mit sch\u00f6nem Blick \u00fcber den Sandstrand.<\/p>\n\n\n\n<figure class=\"wp-block-image size-large\"><img loading=\"lazy\" decoding=\"async\" width=\"1024\" height=\"768\" src=\"https:\/\/familie-weitgereist.de\/wp-content\/uploads\/2025\/09\/1000015007-1024x768.jpg\" alt=\"\" class=\"wp-image-22981\" srcset=\"https:\/\/familie-weitgereist.de\/wp-content\/uploads\/2025\/09\/1000015007-1024x768.jpg 1024w, https:\/\/familie-weitgereist.de\/wp-content\/uploads\/2025\/09\/1000015007-300x225.jpg 300w, https:\/\/familie-weitgereist.de\/wp-content\/uploads\/2025\/09\/1000015007-768x576.jpg 768w, https:\/\/familie-weitgereist.de\/wp-content\/uploads\/2025\/09\/1000015007-1536x1152.jpg 1536w, https:\/\/familie-weitgereist.de\/wp-content\/uploads\/2025\/09\/1000015007-2048x1536.jpg 2048w, https:\/\/familie-weitgereist.de\/wp-content\/uploads\/2025\/09\/1000015007-1200x900.jpg 1200w, https:\/\/familie-weitgereist.de\/wp-content\/uploads\/2025\/09\/1000015007-1980x1485.jpg 1980w, https:\/\/familie-weitgereist.de\/wp-content\/uploads\/2025\/09\/1000015007-150x113.jpg 150w\" sizes=\"auto, (max-width: 1024px) 100vw, 1024px\" \/><\/figure>\n\n\n\n<p>Morro Jable ist sehr touristisch und es gibt viele Resorts und Hotelanlagen.<\/p>\n\n\n\n<h2 class=\"wp-block-heading\">Costa Calma<\/h2>\n\n\n\n<p>Der Urlaubsort Costa Calma liegt auf der Halbinsel Jand\u00eda und bietet wunderbar lange und breite, wei\u00dfe Sandstr\u00e4nde. Wir haben einen Nachmittag an dem sch\u00f6nen Strand <strong>Playa<\/strong> <strong>P\u00e1jara<\/strong> verbracht. Es gibt unter den Felsen am Rand sogar schattige Pl\u00e4tzchen. Der lange Sandstrand ist perfekt zum Spielen und Entspannen. In den Felsen bilden sich kleine Pf\u00fctzen, die immer wieder \u00fcbersp\u00fclt werden und unsere Kinder hatten sehr viel Spa\u00df dort.<\/p>\n\n\n\n<p>An der kleinen <strong>Snack Bar Palmita<\/strong> kann man mit Aussicht essen und trinken.<\/p>\n\n\n\n<figure class=\"wp-block-image size-large\"><img loading=\"lazy\" decoding=\"async\" width=\"1024\" height=\"768\" src=\"https:\/\/familie-weitgereist.de\/wp-content\/uploads\/2025\/09\/1000018560-1024x768.jpg\" alt=\"\" class=\"wp-image-23380\" srcset=\"https:\/\/familie-weitgereist.de\/wp-content\/uploads\/2025\/09\/1000018560-1024x768.jpg 1024w, https:\/\/familie-weitgereist.de\/wp-content\/uploads\/2025\/09\/1000018560-300x225.jpg 300w, https:\/\/familie-weitgereist.de\/wp-content\/uploads\/2025\/09\/1000018560-768x576.jpg 768w, https:\/\/familie-weitgereist.de\/wp-content\/uploads\/2025\/09\/1000018560-1536x1152.jpg 1536w, https:\/\/familie-weitgereist.de\/wp-content\/uploads\/2025\/09\/1000018560-2048x1536.jpg 2048w, https:\/\/familie-weitgereist.de\/wp-content\/uploads\/2025\/09\/1000018560-1200x900.jpg 1200w, https:\/\/familie-weitgereist.de\/wp-content\/uploads\/2025\/09\/1000018560-1980x1485.jpg 1980w, https:\/\/familie-weitgereist.de\/wp-content\/uploads\/2025\/09\/1000018560-150x113.jpg 150w\" sizes=\"auto, (max-width: 1024px) 100vw, 1024px\" \/><\/figure>\n\n\n\n<h2 class=\"wp-block-heading\">La Lajita<\/h2>\n\n\n\n<p>Der kleine K\u00fcstenort La Lajita liegt im S\u00fcdosten von Fuerteventura, unweit der Halbinsel Jand\u00eda. Das kleine <strong>urspr\u00fcngliche Fischerdorf<\/strong> zeigt sich von seiner authentischen Seite. Es gibt weniger Touristen. Einige Camper standen, wie wir auch, am Strand von La Lajita. Wir schliefen mit Wellenrauschen ein. Ein Traum!<\/p>\n\n\n\n<figure class=\"wp-block-image size-large\"><img loading=\"lazy\" decoding=\"async\" width=\"1024\" height=\"768\" src=\"https:\/\/familie-weitgereist.de\/wp-content\/uploads\/2025\/09\/1000015060-1024x768.jpg\" alt=\"\" class=\"wp-image-22988\" srcset=\"https:\/\/familie-weitgereist.de\/wp-content\/uploads\/2025\/09\/1000015060-1024x768.jpg 1024w, https:\/\/familie-weitgereist.de\/wp-content\/uploads\/2025\/09\/1000015060-300x225.jpg 300w, https:\/\/familie-weitgereist.de\/wp-content\/uploads\/2025\/09\/1000015060-768x576.jpg 768w, https:\/\/familie-weitgereist.de\/wp-content\/uploads\/2025\/09\/1000015060-1536x1152.jpg 1536w, https:\/\/familie-weitgereist.de\/wp-content\/uploads\/2025\/09\/1000015060-2048x1536.jpg 2048w, https:\/\/familie-weitgereist.de\/wp-content\/uploads\/2025\/09\/1000015060-1200x900.jpg 1200w, https:\/\/familie-weitgereist.de\/wp-content\/uploads\/2025\/09\/1000015060-1980x1485.jpg 1980w, https:\/\/familie-weitgereist.de\/wp-content\/uploads\/2025\/09\/1000015060-150x113.jpg 150w\" sizes=\"auto, (max-width: 1024px) 100vw, 1024px\" \/><\/figure>\n\n\n\n<p>Im Ort gibt es einen langen Steinstrand mit wenigen sandigen Stellen.<\/p>\n\n\n\n<figure class=\"wp-block-image size-large\"><img loading=\"lazy\" decoding=\"async\" width=\"1024\" height=\"768\" src=\"https:\/\/familie-weitgereist.de\/wp-content\/uploads\/2025\/09\/1000015039-1024x768.jpg\" alt=\"\" class=\"wp-image-22989\" srcset=\"https:\/\/familie-weitgereist.de\/wp-content\/uploads\/2025\/09\/1000015039-1024x768.jpg 1024w, https:\/\/familie-weitgereist.de\/wp-content\/uploads\/2025\/09\/1000015039-300x225.jpg 300w, https:\/\/familie-weitgereist.de\/wp-content\/uploads\/2025\/09\/1000015039-768x576.jpg 768w, https:\/\/familie-weitgereist.de\/wp-content\/uploads\/2025\/09\/1000015039-1536x1152.jpg 1536w, https:\/\/familie-weitgereist.de\/wp-content\/uploads\/2025\/09\/1000015039-2048x1536.jpg 2048w, https:\/\/familie-weitgereist.de\/wp-content\/uploads\/2025\/09\/1000015039-1200x900.jpg 1200w, https:\/\/familie-weitgereist.de\/wp-content\/uploads\/2025\/09\/1000015039-1980x1485.jpg 1980w, https:\/\/familie-weitgereist.de\/wp-content\/uploads\/2025\/09\/1000015039-150x113.jpg 150w\" sizes=\"auto, (max-width: 1024px) 100vw, 1024px\" \/><\/figure>\n\n\n\n<p>Am Abend, als die Hitze nachlie\u00df, schlenderten wir durch den Ort und verweilten auf dem Spielplatz. Am Ortsausgang befindet sich ein Wanderweg entlang der typischen Vulkanlandschaft.<\/p>\n\n\n\n<div id=\"wp-block-themeisle-blocks-slider-b9f23918\" class=\"wp-block-themeisle-blocks-slider glide\" data-per-view=\"1\" data-gap=\"0\" data-peek=\"0\" data-autoplay=\"true\" data-height=\"400px\" data-hide-arrows=\"false\"><div class=\"glide__track\" data-glide-el=\"track\"><div class=\"glide__slides\"><div class=\"wp-block-themeisle-blocks-slider-item-wrapper glide__slide\" tabindex=\"0\"><figure><img decoding=\"async\" class=\"wp-block-themeisle-blocks-slider-item\" src=\"https:\/\/familie-weitgereist.de\/wp-content\/uploads\/2025\/09\/1000015122-scaled.jpg\" alt=\"\" title=\"\" data-id=\"22994\"\/><\/figure><\/div><div class=\"wp-block-themeisle-blocks-slider-item-wrapper glide__slide\" tabindex=\"0\"><figure><img decoding=\"async\" class=\"wp-block-themeisle-blocks-slider-item\" src=\"https:\/\/familie-weitgereist.de\/wp-content\/uploads\/2025\/09\/1000015108-scaled.jpg\" alt=\"\" title=\"\" data-id=\"22991\"\/><\/figure><\/div><div class=\"wp-block-themeisle-blocks-slider-item-wrapper glide__slide\" tabindex=\"0\"><figure><img decoding=\"async\" class=\"wp-block-themeisle-blocks-slider-item\" src=\"https:\/\/familie-weitgereist.de\/wp-content\/uploads\/2025\/09\/1000015107-scaled.jpg\" alt=\"\" title=\"\" data-id=\"22992\"\/><\/figure><\/div><div class=\"wp-block-themeisle-blocks-slider-item-wrapper glide__slide\" tabindex=\"0\"><figure><img decoding=\"async\" class=\"wp-block-themeisle-blocks-slider-item\" src=\"https:\/\/familie-weitgereist.de\/wp-content\/uploads\/2025\/09\/1000015099-scaled.jpg\" alt=\"\" title=\"\" data-id=\"22993\"\/><\/figure><\/div><\/div><div class=\"glide__bullets\" data-glide-el=\"controls[nav]\"><button class=\"glide__bullet\" data-glide-dir=\"=0\"><\/button><button class=\"glide__bullet\" data-glide-dir=\"=1\"><\/button><button class=\"glide__bullet\" data-glide-dir=\"=2\"><\/button><button class=\"glide__bullet\" data-glide-dir=\"=3\"><\/button><\/div><\/div><\/div>\n\n\n\n<h2 class=\"wp-block-heading\">Wanderung H\u00f6hlen von Ajuy<\/h2>\n\n\n\n<p>Die <strong>einfache Wanderung zu den Piratenh\u00f6hlen von Ajuy geh\u00f6rt zu den Highlights<\/strong> auf der Insel. Seit 1994 geh\u00f6ren sie zum <strong>Naturpark <em>Monumento National de Ajuy<\/em><\/strong>.<\/p>\n\n\n\n<figure class=\"wp-block-image size-large\"><img loading=\"lazy\" decoding=\"async\" width=\"1024\" height=\"768\" src=\"https:\/\/familie-weitgereist.de\/wp-content\/uploads\/2025\/09\/1000015278-1024x768.jpg\" alt=\"\" class=\"wp-image-23012\" srcset=\"https:\/\/familie-weitgereist.de\/wp-content\/uploads\/2025\/09\/1000015278-1024x768.jpg 1024w, https:\/\/familie-weitgereist.de\/wp-content\/uploads\/2025\/09\/1000015278-300x225.jpg 300w, https:\/\/familie-weitgereist.de\/wp-content\/uploads\/2025\/09\/1000015278-768x576.jpg 768w, https:\/\/familie-weitgereist.de\/wp-content\/uploads\/2025\/09\/1000015278-1536x1152.jpg 1536w, https:\/\/familie-weitgereist.de\/wp-content\/uploads\/2025\/09\/1000015278-2048x1536.jpg 2048w, https:\/\/familie-weitgereist.de\/wp-content\/uploads\/2025\/09\/1000015278-1200x900.jpg 1200w, https:\/\/familie-weitgereist.de\/wp-content\/uploads\/2025\/09\/1000015278-1980x1485.jpg 1980w, https:\/\/familie-weitgereist.de\/wp-content\/uploads\/2025\/09\/1000015278-150x113.jpg 150w\" sizes=\"auto, (max-width: 1024px) 100vw, 1024px\" \/><\/figure>\n\n\n\n<p>Der beschauliche, kleine Ort Ajuy, gelegen an der schroffen Westk\u00fcste, mit weniger als 100 Einwohnern, ist heute besonders bei Touristen beliebt, denn dort befinden sich die ehemaligen Piratenh\u00f6hlen. Die Piraten sind inzwischen fort, die H\u00f6hlen geblieben und diese sollte man sich bei einem Besuch auf Fuerteventura nicht entgehen lassen.<\/p>\n\n\n\n<figure class=\"wp-block-image size-large\"><img loading=\"lazy\" decoding=\"async\" width=\"1024\" height=\"768\" src=\"https:\/\/familie-weitgereist.de\/wp-content\/uploads\/2025\/09\/1000015361-1024x768.jpg\" alt=\"\" class=\"wp-image-23014\" srcset=\"https:\/\/familie-weitgereist.de\/wp-content\/uploads\/2025\/09\/1000015361-1024x768.jpg 1024w, https:\/\/familie-weitgereist.de\/wp-content\/uploads\/2025\/09\/1000015361-300x225.jpg 300w, https:\/\/familie-weitgereist.de\/wp-content\/uploads\/2025\/09\/1000015361-768x576.jpg 768w, https:\/\/familie-weitgereist.de\/wp-content\/uploads\/2025\/09\/1000015361-1536x1152.jpg 1536w, https:\/\/familie-weitgereist.de\/wp-content\/uploads\/2025\/09\/1000015361-2048x1536.jpg 2048w, https:\/\/familie-weitgereist.de\/wp-content\/uploads\/2025\/09\/1000015361-1200x900.jpg 1200w, https:\/\/familie-weitgereist.de\/wp-content\/uploads\/2025\/09\/1000015361-1980x1485.jpg 1980w, https:\/\/familie-weitgereist.de\/wp-content\/uploads\/2025\/09\/1000015361-150x113.jpg 150w\" sizes=\"auto, (max-width: 1024px) 100vw, 1024px\" \/><\/figure>\n\n\n\n<p>Im Ort selbst gibt es einige kleine Restaurants. An der <strong>Playa de los Muertos<\/strong>, dem Strand der Toten, einem sch\u00f6nen schwarzen Sandstrand, kann man ausgiebig baden gehen. Wie der Name des Strandes schon vermuten l\u00e4sst, hat dieser Ort eine dunkle Geschichte. Fr\u00fcher ankerten hier Piraten, um von dort Angriffe auf die <strong>ehemalige Hauptstadt Betancuria<\/strong> zu starten. Die Hauptstadt wurde dabei mehrmals zerst\u00f6rt. Gefangene wurden als Sklaven verschifft.<\/p>\n\n\n\n<p>Zu Beginn des 15. Jahrhunderts, fanden auf der Insel mehrere Piraten\u00fcberf\u00e4lle statt. Die kanarischen Inseln waren damals, aufgrund ihrer geografischen Lage zwischen Afrika, Europa und Amerika ein lohnenswertes Ziel f\u00fcr Piraten. Die D\u00f6rfer wurden gepl\u00fcndert und gebrandschatzt. In den H\u00f6hlen versteckten sie ihre Beute und segelten zu den Nachbarinseln, um weitere Gr\u00e4ueltaten zu vollziehen.<\/p>\n\n\n\n<figure class=\"wp-block-image size-large\"><img loading=\"lazy\" decoding=\"async\" width=\"1024\" height=\"768\" src=\"https:\/\/familie-weitgereist.de\/wp-content\/uploads\/2025\/09\/1000015295-1024x768.jpg\" alt=\"\" class=\"wp-image-23026\" srcset=\"https:\/\/familie-weitgereist.de\/wp-content\/uploads\/2025\/09\/1000015295-1024x768.jpg 1024w, https:\/\/familie-weitgereist.de\/wp-content\/uploads\/2025\/09\/1000015295-300x225.jpg 300w, https:\/\/familie-weitgereist.de\/wp-content\/uploads\/2025\/09\/1000015295-768x576.jpg 768w, https:\/\/familie-weitgereist.de\/wp-content\/uploads\/2025\/09\/1000015295-1536x1152.jpg 1536w, https:\/\/familie-weitgereist.de\/wp-content\/uploads\/2025\/09\/1000015295-2048x1536.jpg 2048w, https:\/\/familie-weitgereist.de\/wp-content\/uploads\/2025\/09\/1000015295-1200x900.jpg 1200w, https:\/\/familie-weitgereist.de\/wp-content\/uploads\/2025\/09\/1000015295-1980x1485.jpg 1980w, https:\/\/familie-weitgereist.de\/wp-content\/uploads\/2025\/09\/1000015295-150x113.jpg 150w\" sizes=\"auto, (max-width: 1024px) 100vw, 1024px\" \/><\/figure>\n\n\n\n<p>In der Mitte des 16. Jahrhunderts wurden 1000 Menschen aus dem Berberstamm versklavt. Viele Ureinwohner Fuerteventuras fl\u00fcchteten von der Insel.<\/p>\n\n\n\n<p>In Castillo Caleta de Fuste und in El Cotillo befinden sich noch die Wehrt\u00fcrme als Zeichen vergangener Zeiten.<\/p>\n\n\n\n<figure class=\"wp-block-image size-large\"><img loading=\"lazy\" decoding=\"async\" width=\"1024\" height=\"768\" src=\"https:\/\/familie-weitgereist.de\/wp-content\/uploads\/2025\/09\/1000015432-1024x768.jpg\" alt=\"\" class=\"wp-image-23011\" srcset=\"https:\/\/familie-weitgereist.de\/wp-content\/uploads\/2025\/09\/1000015432-1024x768.jpg 1024w, https:\/\/familie-weitgereist.de\/wp-content\/uploads\/2025\/09\/1000015432-300x225.jpg 300w, https:\/\/familie-weitgereist.de\/wp-content\/uploads\/2025\/09\/1000015432-768x576.jpg 768w, https:\/\/familie-weitgereist.de\/wp-content\/uploads\/2025\/09\/1000015432-1536x1152.jpg 1536w, https:\/\/familie-weitgereist.de\/wp-content\/uploads\/2025\/09\/1000015432-2048x1536.jpg 2048w, https:\/\/familie-weitgereist.de\/wp-content\/uploads\/2025\/09\/1000015432-1200x900.jpg 1200w, https:\/\/familie-weitgereist.de\/wp-content\/uploads\/2025\/09\/1000015432-1980x1485.jpg 1980w, https:\/\/familie-weitgereist.de\/wp-content\/uploads\/2025\/09\/1000015432-150x113.jpg 150w\" sizes=\"auto, (max-width: 1024px) 100vw, 1024px\" \/><\/figure>\n\n\n\n<p>Die einfache Wanderung zu den H\u00f6hlen beginnt in Ajuy. Dort gibt es einen gro\u00dfen Parkplatz, wo man gratis parken kann. Der Weg steht unter Denkmalschutz, denn hier befinden sich die \u00e4ltesten Gesteinsformationen Fuerteventuras. Der Weg f\u00fchrt entlang der Steilk\u00fcste und bietet grandiose Ausblicke auf die Weiten des Atlantiks. Kurz vor den H\u00f6hlen befindet sich eine Aussichtsplattform, von der man in die <strong>Bucht <em>Caleta Negra<\/em><\/strong> blickt.<\/p>\n\n\n\n<div id=\"wp-block-themeisle-blocks-slider-a6079685\" class=\"wp-block-themeisle-blocks-slider glide\" data-per-view=\"1\" data-gap=\"0\" data-peek=\"0\" data-autoplay=\"true\" data-height=\"400px\" data-hide-arrows=\"false\"><div class=\"glide__track\" data-glide-el=\"track\"><div class=\"glide__slides\"><div class=\"wp-block-themeisle-blocks-slider-item-wrapper glide__slide\" tabindex=\"0\"><figure><img decoding=\"async\" class=\"wp-block-themeisle-blocks-slider-item\" src=\"https:\/\/familie-weitgereist.de\/wp-content\/uploads\/2025\/09\/1000015323-scaled.jpg\" alt=\"\" title=\"\" data-id=\"23021\"\/><\/figure><\/div><div class=\"wp-block-themeisle-blocks-slider-item-wrapper glide__slide\" tabindex=\"0\"><figure><img decoding=\"async\" class=\"wp-block-themeisle-blocks-slider-item\" src=\"https:\/\/familie-weitgereist.de\/wp-content\/uploads\/2025\/09\/1000015265-scaled.jpg\" alt=\"\" title=\"\" data-id=\"23022\"\/><\/figure><\/div><div class=\"wp-block-themeisle-blocks-slider-item-wrapper glide__slide\" tabindex=\"0\"><figure><img decoding=\"async\" class=\"wp-block-themeisle-blocks-slider-item\" src=\"https:\/\/familie-weitgereist.de\/wp-content\/uploads\/2025\/09\/1000015355-scaled.jpg\" alt=\"\" title=\"\" data-id=\"23020\"\/><\/figure><\/div><\/div><div class=\"glide__bullets\" data-glide-el=\"controls[nav]\"><button class=\"glide__bullet\" data-glide-dir=\"=0\"><\/button><button class=\"glide__bullet\" data-glide-dir=\"=1\"><\/button><button class=\"glide__bullet\" data-glide-dir=\"=2\"><\/button><\/div><\/div><\/div>\n\n\n\n<p>Eine Steintreppe f\u00fchrt hinunter in die erste H\u00f6hle. Nach einer kurzen Kletterpartie, kann man von dort aus auch in die zweite H\u00f6hle gelangen. Diese f\u00fchrt tiefer in den Fels hinein. Eine Taschenlampe ist daf\u00fcr sehr von Vorteil, da es stockfinster wird. F\u00fcr unsere beiden Jungs, war dies ein riesen Abenteuer!<\/p>\n\n\n\n<div id=\"wp-block-themeisle-blocks-slider-0068dc22\" class=\"wp-block-themeisle-blocks-slider glide\" data-per-view=\"1\" data-gap=\"0\" data-peek=\"0\" data-autoplay=\"true\" data-height=\"400px\" data-hide-arrows=\"false\"><div class=\"glide__track\" data-glide-el=\"track\"><div class=\"glide__slides\"><div class=\"wp-block-themeisle-blocks-slider-item-wrapper glide__slide\" tabindex=\"0\"><figure><img decoding=\"async\" class=\"wp-block-themeisle-blocks-slider-item\" src=\"https:\/\/familie-weitgereist.de\/wp-content\/uploads\/2025\/09\/1000015300-scaled.jpg\" alt=\"\" title=\"\" data-id=\"23025\"\/><\/figure><\/div><div class=\"wp-block-themeisle-blocks-slider-item-wrapper glide__slide\" tabindex=\"0\"><figure><img decoding=\"async\" class=\"wp-block-themeisle-blocks-slider-item\" src=\"https:\/\/familie-weitgereist.de\/wp-content\/uploads\/2025\/09\/1000015294-scaled.jpg\" alt=\"\" title=\"\" data-id=\"23024\"\/><\/figure><\/div><\/div><div class=\"glide__bullets\" data-glide-el=\"controls[nav]\"><button class=\"glide__bullet\" data-glide-dir=\"=0\"><\/button><button class=\"glide__bullet\" data-glide-dir=\"=1\"><\/button><\/div><\/div><\/div>\n\n\n\n<h2 class=\"wp-block-heading\">Castillo Caleta de Fuste<\/h2>\n\n\n\n<p>Der Ort ist ein Badeparadies f\u00fcr Familien mit kleinen Kindern. Die goldenen Sandstr\u00e4nde liegen gesch\u00fctzt vor starken Wellen in einer Bucht. Zudem gibt es einen flachen Zugang zum Meer. Strandliegen k\u00f6nnen gemietet werden oder stehen den G\u00e4sten der Hotelanlagen zur Verf\u00fcgung, denn wie auf der kargen Insel \u00fcblich, sucht man Schatten vergeblich.<\/p>\n\n\n\n<div id=\"wp-block-themeisle-blocks-slider-0bc42235\" class=\"wp-block-themeisle-blocks-slider glide\" data-per-view=\"1\" data-gap=\"0\" data-peek=\"0\" data-autoplay=\"true\" data-height=\"400px\" data-hide-arrows=\"false\"><div class=\"glide__track\" data-glide-el=\"track\"><div class=\"glide__slides\"><div class=\"wp-block-themeisle-blocks-slider-item-wrapper glide__slide\" tabindex=\"0\"><figure><img decoding=\"async\" class=\"wp-block-themeisle-blocks-slider-item\" src=\"https:\/\/familie-weitgereist.de\/wp-content\/uploads\/2025\/09\/1000015420-scaled.jpg\" alt=\"\" title=\"\" data-id=\"23037\"\/><\/figure><\/div><div class=\"wp-block-themeisle-blocks-slider-item-wrapper glide__slide\" tabindex=\"0\"><figure><img decoding=\"async\" class=\"wp-block-themeisle-blocks-slider-item\" src=\"https:\/\/familie-weitgereist.de\/wp-content\/uploads\/2025\/09\/1000015428-scaled.jpg\" alt=\"\" title=\"\" data-id=\"23036\"\/><\/figure><\/div><\/div><div class=\"glide__bullets\" data-glide-el=\"controls[nav]\"><button class=\"glide__bullet\" data-glide-dir=\"=0\"><\/button><button class=\"glide__bullet\" data-glide-dir=\"=1\"><\/button><\/div><\/div><\/div>\n\n\n\n<p>Ein Spaziergang an der Strandpromenade lohnt sich sehr. Unsere kleine Madita schlief beim Wellenrauschen gem\u00fctlich in der Trage ein.<\/p>\n\n\n\n<figure class=\"wp-block-image size-large\"><img loading=\"lazy\" decoding=\"async\" width=\"1024\" height=\"768\" src=\"https:\/\/familie-weitgereist.de\/wp-content\/uploads\/2025\/09\/1000015422-1-1024x768.jpg\" alt=\"\" class=\"wp-image-23040\" srcset=\"https:\/\/familie-weitgereist.de\/wp-content\/uploads\/2025\/09\/1000015422-1-1024x768.jpg 1024w, https:\/\/familie-weitgereist.de\/wp-content\/uploads\/2025\/09\/1000015422-1-300x225.jpg 300w, https:\/\/familie-weitgereist.de\/wp-content\/uploads\/2025\/09\/1000015422-1-768x576.jpg 768w, https:\/\/familie-weitgereist.de\/wp-content\/uploads\/2025\/09\/1000015422-1-1536x1152.jpg 1536w, https:\/\/familie-weitgereist.de\/wp-content\/uploads\/2025\/09\/1000015422-1-2048x1536.jpg 2048w, https:\/\/familie-weitgereist.de\/wp-content\/uploads\/2025\/09\/1000015422-1-1200x900.jpg 1200w, https:\/\/familie-weitgereist.de\/wp-content\/uploads\/2025\/09\/1000015422-1-1980x1485.jpg 1980w, https:\/\/familie-weitgereist.de\/wp-content\/uploads\/2025\/09\/1000015422-1-150x113.jpg 150w\" sizes=\"auto, (max-width: 1024px) 100vw, 1024px\" \/><\/figure>\n\n\n\n<p>Es werden auch Kamelritte am Strand entlang angeboten. Dies ist f\u00fcr viele Touristen ein Highlight.<\/p>\n\n\n\n<figure class=\"wp-block-image size-large\"><img loading=\"lazy\" decoding=\"async\" width=\"1024\" height=\"768\" src=\"https:\/\/familie-weitgereist.de\/wp-content\/uploads\/2025\/09\/1000015560-1-1024x768.jpg\" alt=\"\" class=\"wp-image-23048\" srcset=\"https:\/\/familie-weitgereist.de\/wp-content\/uploads\/2025\/09\/1000015560-1-1024x768.jpg 1024w, https:\/\/familie-weitgereist.de\/wp-content\/uploads\/2025\/09\/1000015560-1-300x225.jpg 300w, https:\/\/familie-weitgereist.de\/wp-content\/uploads\/2025\/09\/1000015560-1-768x576.jpg 768w, https:\/\/familie-weitgereist.de\/wp-content\/uploads\/2025\/09\/1000015560-1-1536x1152.jpg 1536w, https:\/\/familie-weitgereist.de\/wp-content\/uploads\/2025\/09\/1000015560-1-2048x1536.jpg 2048w, https:\/\/familie-weitgereist.de\/wp-content\/uploads\/2025\/09\/1000015560-1-1200x900.jpg 1200w, https:\/\/familie-weitgereist.de\/wp-content\/uploads\/2025\/09\/1000015560-1-1980x1485.jpg 1980w, https:\/\/familie-weitgereist.de\/wp-content\/uploads\/2025\/09\/1000015560-1-150x113.jpg 150w\" sizes=\"auto, (max-width: 1024px) 100vw, 1024px\" \/><\/figure>\n\n\n\n<p>Direkt an der Strandpromenade gelegen, befindet sich das <em>Centro Comercial Atl\u00e1ntico<\/em>, ein Einkaufszentrum. Ideal um essen zu gehen oder im Supermarkt einzukaufen.<\/p>\n\n\n\n<h2 class=\"wp-block-heading\">Parque Rural de Betancuria<\/h2>\n\n\n\n<p>Bei einem Roadtrip \u00fcber die Insel darf eine Fahrt durch den Parque Rural de Betancuria nicht fehlen! Die Landschaft bietet eine unglaubliche Atmosph\u00e4re. Wir f\u00fchlten uns wie auf dem Mars. So weit das Auge reicht, sieht man rote und braune Berge, ein paar wenige traditionelle, wei\u00dfe H\u00e4user und im Hintergrund den tiefblauen Atlantik.<\/p>\n\n\n\n<figure class=\"wp-block-image size-large\"><img loading=\"lazy\" decoding=\"async\" width=\"1024\" height=\"768\" src=\"https:\/\/familie-weitgereist.de\/wp-content\/uploads\/2025\/09\/1000015714-1024x768.jpg\" alt=\"\" class=\"wp-image-23054\" srcset=\"https:\/\/familie-weitgereist.de\/wp-content\/uploads\/2025\/09\/1000015714-1024x768.jpg 1024w, https:\/\/familie-weitgereist.de\/wp-content\/uploads\/2025\/09\/1000015714-300x225.jpg 300w, https:\/\/familie-weitgereist.de\/wp-content\/uploads\/2025\/09\/1000015714-768x576.jpg 768w, https:\/\/familie-weitgereist.de\/wp-content\/uploads\/2025\/09\/1000015714-1536x1152.jpg 1536w, https:\/\/familie-weitgereist.de\/wp-content\/uploads\/2025\/09\/1000015714-2048x1536.jpg 2048w, https:\/\/familie-weitgereist.de\/wp-content\/uploads\/2025\/09\/1000015714-1200x900.jpg 1200w, https:\/\/familie-weitgereist.de\/wp-content\/uploads\/2025\/09\/1000015714-1980x1485.jpg 1980w, https:\/\/familie-weitgereist.de\/wp-content\/uploads\/2025\/09\/1000015714-150x113.jpg 150w\" sizes=\"auto, (max-width: 1024px) 100vw, 1024px\" \/><\/figure>\n\n\n\n<p>Etwa 10% der Fl\u00e4che Fuerteventuras geh\u00f6ren zum Landschaftspark Parque Rural de Betancuria. Das Gebiet ist aufgrund seiner geomorphologischen Besonderheiten gesch\u00fctzt. Die \u00e4ltesten Gesteinsvorkommen der kanarischen Inseln, die Kalksedimente von Ajuy, geh\u00f6ren ebenfalls zum Landschaftspark.<\/p>\n\n\n\n<p>Wir hielten an insgesamt drei der zahlreichen Aussichtspunkte und genossen den Blick auf die erdfarbenen H\u00fcgel. Der <strong>Mirador de Morro<\/strong> <strong>Velosa<\/strong> ist \u00fcber eine kleine Zufahrtsstra\u00dfe zu erreichen. Von dort bietet sich ein sch\u00f6ner <strong>Ausblick auf die ehemalige Hauptstadt Betancuria<\/strong>.<\/p>\n\n\n\n<figure class=\"wp-block-image size-large\"><img loading=\"lazy\" decoding=\"async\" width=\"1024\" height=\"768\" src=\"https:\/\/familie-weitgereist.de\/wp-content\/uploads\/2025\/09\/1000015835-1024x768.jpg\" alt=\"\" class=\"wp-image-23063\" srcset=\"https:\/\/familie-weitgereist.de\/wp-content\/uploads\/2025\/09\/1000015835-1024x768.jpg 1024w, https:\/\/familie-weitgereist.de\/wp-content\/uploads\/2025\/09\/1000015835-300x225.jpg 300w, https:\/\/familie-weitgereist.de\/wp-content\/uploads\/2025\/09\/1000015835-768x576.jpg 768w, https:\/\/familie-weitgereist.de\/wp-content\/uploads\/2025\/09\/1000015835-1536x1152.jpg 1536w, https:\/\/familie-weitgereist.de\/wp-content\/uploads\/2025\/09\/1000015835-2048x1536.jpg 2048w, https:\/\/familie-weitgereist.de\/wp-content\/uploads\/2025\/09\/1000015835-1200x900.jpg 1200w, https:\/\/familie-weitgereist.de\/wp-content\/uploads\/2025\/09\/1000015835-1980x1485.jpg 1980w, https:\/\/familie-weitgereist.de\/wp-content\/uploads\/2025\/09\/1000015835-150x113.jpg 150w\" sizes=\"auto, (max-width: 1024px) 100vw, 1024px\" \/><figcaption class=\"wp-element-caption\">Mirador Morro Velosa<\/figcaption><\/figure>\n\n\n\n<p>Zudem hielten wir am <strong>Mirador de las Pe\u00f1itas <\/strong>und dem<strong> Mirador Risco de las Pe\u00f1as<\/strong>. Von hier bietet sich ein sch\u00f6ner Blick auf die gefahrenen Bergstra\u00dfe und in den Canyon hinein. Dort \u00fcberraschten uns ganz viele kleine Atlash\u00f6rnchen.<\/p>\n\n\n\n<figure class=\"wp-block-image size-large\"><img loading=\"lazy\" decoding=\"async\" width=\"1024\" height=\"768\" src=\"https:\/\/familie-weitgereist.de\/wp-content\/uploads\/2025\/09\/1000015801-1-1024x768.jpg\" alt=\"\" class=\"wp-image-23066\" srcset=\"https:\/\/familie-weitgereist.de\/wp-content\/uploads\/2025\/09\/1000015801-1-1024x768.jpg 1024w, https:\/\/familie-weitgereist.de\/wp-content\/uploads\/2025\/09\/1000015801-1-300x225.jpg 300w, https:\/\/familie-weitgereist.de\/wp-content\/uploads\/2025\/09\/1000015801-1-768x576.jpg 768w, https:\/\/familie-weitgereist.de\/wp-content\/uploads\/2025\/09\/1000015801-1-1536x1152.jpg 1536w, https:\/\/familie-weitgereist.de\/wp-content\/uploads\/2025\/09\/1000015801-1-2048x1536.jpg 2048w, https:\/\/familie-weitgereist.de\/wp-content\/uploads\/2025\/09\/1000015801-1-1200x900.jpg 1200w, https:\/\/familie-weitgereist.de\/wp-content\/uploads\/2025\/09\/1000015801-1-1980x1485.jpg 1980w, https:\/\/familie-weitgereist.de\/wp-content\/uploads\/2025\/09\/1000015801-1-150x113.jpg 150w\" sizes=\"auto, (max-width: 1024px) 100vw, 1024px\" \/><\/figure>\n\n\n\n<p>\u00dcberall im Park gibt es viele <strong>Atlash\u00f6rnchen<\/strong>. Diese wurden 1960 auf der Insel ausgesetzt und stammen urspr\u00fcnglich aus Marokko. Dies war ein riesen Highlight f\u00fcr unsere Kinder.<\/p>\n\n\n\n<figure class=\"wp-block-image size-large\"><img loading=\"lazy\" decoding=\"async\" width=\"1024\" height=\"769\" src=\"https:\/\/familie-weitgereist.de\/wp-content\/uploads\/2025\/09\/1000015902-1024x769.jpg\" alt=\"\" class=\"wp-image-23061\" srcset=\"https:\/\/familie-weitgereist.de\/wp-content\/uploads\/2025\/09\/1000015902-1024x769.jpg 1024w, https:\/\/familie-weitgereist.de\/wp-content\/uploads\/2025\/09\/1000015902-300x225.jpg 300w, https:\/\/familie-weitgereist.de\/wp-content\/uploads\/2025\/09\/1000015902-768x577.jpg 768w, https:\/\/familie-weitgereist.de\/wp-content\/uploads\/2025\/09\/1000015902-1536x1153.jpg 1536w, https:\/\/familie-weitgereist.de\/wp-content\/uploads\/2025\/09\/1000015902-2048x1538.jpg 2048w, https:\/\/familie-weitgereist.de\/wp-content\/uploads\/2025\/09\/1000015902-1200x901.jpg 1200w, https:\/\/familie-weitgereist.de\/wp-content\/uploads\/2025\/09\/1000015902-1980x1487.jpg 1980w, https:\/\/familie-weitgereist.de\/wp-content\/uploads\/2025\/09\/1000015902-150x113.jpg 150w\" sizes=\"auto, (max-width: 1024px) 100vw, 1024px\" \/><\/figure>\n\n\n\n<h2 class=\"wp-block-heading\">Betancuria<\/h2>\n\n\n\n<p>Betancuria geh\u00f6rt heute zu den <strong>Pueblos m\u00e1s bonitos de Espa\u00f1a<\/strong>, &#8222;den sch\u00f6nsten D\u00f6rfern Spaniens&#8220;. Die einstige Hauptstadt der Insel wurde 1404 von dem Franzosen Jean de B\u00e9thencourt gegr\u00fcndet. In dem kleinen Dorf leben heute noch ca. 200 Menschen. Es liegt gesch\u00fctzt, zwischen den Bergen, in einem Tal und ist von Palmen, Kakteen und B\u00fcschen umgeben.<\/p>\n\n\n\n<figure class=\"wp-block-image size-large\"><img loading=\"lazy\" decoding=\"async\" width=\"1024\" height=\"768\" src=\"https:\/\/familie-weitgereist.de\/wp-content\/uploads\/2025\/09\/1000015684-1024x768.jpg\" alt=\"\" class=\"wp-image-23076\" srcset=\"https:\/\/familie-weitgereist.de\/wp-content\/uploads\/2025\/09\/1000015684-1024x768.jpg 1024w, https:\/\/familie-weitgereist.de\/wp-content\/uploads\/2025\/09\/1000015684-300x225.jpg 300w, https:\/\/familie-weitgereist.de\/wp-content\/uploads\/2025\/09\/1000015684-768x576.jpg 768w, https:\/\/familie-weitgereist.de\/wp-content\/uploads\/2025\/09\/1000015684-1536x1152.jpg 1536w, https:\/\/familie-weitgereist.de\/wp-content\/uploads\/2025\/09\/1000015684-2048x1536.jpg 2048w, https:\/\/familie-weitgereist.de\/wp-content\/uploads\/2025\/09\/1000015684-1200x900.jpg 1200w, https:\/\/familie-weitgereist.de\/wp-content\/uploads\/2025\/09\/1000015684-1980x1485.jpg 1980w, https:\/\/familie-weitgereist.de\/wp-content\/uploads\/2025\/09\/1000015684-150x113.jpg 150w\" sizes=\"auto, (max-width: 1024px) 100vw, 1024px\" \/><\/figure>\n\n\n\n<p>Fr\u00fcher war die Lage ideal, denn die Bergw\u00e4nde sch\u00fctzten einerseits vor dem starken Wind auf der Insel und zus\u00e4tzlich vor den Piraten, die von der K\u00fcste einen langen Weg zur\u00fccklegen mussten. Nichtsdestotrotz wurde die Stadt 1593 von dem Piraten Xab\u00e1n Arr\u00e1ez \u00fcberfallen und weitgehend zerst\u00f6rt. Dies geschah im Laufe der Zeit mehrmals und immer wieder wurden Einwohner als Sklaven verschleppt. 1835 endete die Geschichte von Betancuria als Hauptstadt der Insel.<\/p>\n\n\n\n<figure class=\"wp-block-image size-large\"><img loading=\"lazy\" decoding=\"async\" width=\"1024\" height=\"768\" src=\"https:\/\/familie-weitgereist.de\/wp-content\/uploads\/2025\/09\/1000015616-1024x768.jpg\" alt=\"\" class=\"wp-image-23077\" srcset=\"https:\/\/familie-weitgereist.de\/wp-content\/uploads\/2025\/09\/1000015616-1024x768.jpg 1024w, https:\/\/familie-weitgereist.de\/wp-content\/uploads\/2025\/09\/1000015616-300x225.jpg 300w, https:\/\/familie-weitgereist.de\/wp-content\/uploads\/2025\/09\/1000015616-768x576.jpg 768w, https:\/\/familie-weitgereist.de\/wp-content\/uploads\/2025\/09\/1000015616-1536x1152.jpg 1536w, https:\/\/familie-weitgereist.de\/wp-content\/uploads\/2025\/09\/1000015616-2048x1536.jpg 2048w, https:\/\/familie-weitgereist.de\/wp-content\/uploads\/2025\/09\/1000015616-1200x900.jpg 1200w, https:\/\/familie-weitgereist.de\/wp-content\/uploads\/2025\/09\/1000015616-1980x1485.jpg 1980w, https:\/\/familie-weitgereist.de\/wp-content\/uploads\/2025\/09\/1000015616-150x113.jpg 150w\" sizes=\"auto, (max-width: 1024px) 100vw, 1024px\" \/><\/figure>\n\n\n\n<p>Heute ist es ein Touristenmagnet auf Fuerteventura, besonders vormittags reisen Busse mit Touristen an, daher empfiehlt sich ein Besuch am Nachmittag. Die kleinen Gassen des D\u00f6rfchens mit ihren typischen wei\u00dfen H\u00e4usern, haben einen besonderen Charme. Es gibt gem\u00fctliche Caf\u00e9s und man f\u00fchlt sich im Dorf in einer Oase inmitten der W\u00fcste.<\/p>\n\n\n\n<figure class=\"wp-block-image size-large\"><img loading=\"lazy\" decoding=\"async\" width=\"1024\" height=\"768\" src=\"https:\/\/familie-weitgereist.de\/wp-content\/uploads\/2025\/09\/1000015628-1024x768.jpg\" alt=\"\" class=\"wp-image-23079\" srcset=\"https:\/\/familie-weitgereist.de\/wp-content\/uploads\/2025\/09\/1000015628-1024x768.jpg 1024w, https:\/\/familie-weitgereist.de\/wp-content\/uploads\/2025\/09\/1000015628-300x225.jpg 300w, https:\/\/familie-weitgereist.de\/wp-content\/uploads\/2025\/09\/1000015628-768x576.jpg 768w, https:\/\/familie-weitgereist.de\/wp-content\/uploads\/2025\/09\/1000015628-1536x1152.jpg 1536w, https:\/\/familie-weitgereist.de\/wp-content\/uploads\/2025\/09\/1000015628-2048x1536.jpg 2048w, https:\/\/familie-weitgereist.de\/wp-content\/uploads\/2025\/09\/1000015628-1200x900.jpg 1200w, https:\/\/familie-weitgereist.de\/wp-content\/uploads\/2025\/09\/1000015628-1980x1485.jpg 1980w, https:\/\/familie-weitgereist.de\/wp-content\/uploads\/2025\/09\/1000015628-150x113.jpg 150w\" sizes=\"auto, (max-width: 1024px) 100vw, 1024px\" \/><\/figure>\n\n\n\n<p>Die markante Kirche und der zentrale Platz liegen im Kern des Dorfes und bieten sch\u00f6ne Fotomotive.<\/p>\n\n\n\n<figure class=\"wp-block-image size-large\"><img loading=\"lazy\" decoding=\"async\" width=\"1024\" height=\"768\" src=\"https:\/\/familie-weitgereist.de\/wp-content\/uploads\/2025\/09\/1000015697-1024x768.jpg\" alt=\"\" class=\"wp-image-23075\" srcset=\"https:\/\/familie-weitgereist.de\/wp-content\/uploads\/2025\/09\/1000015697-1024x768.jpg 1024w, https:\/\/familie-weitgereist.de\/wp-content\/uploads\/2025\/09\/1000015697-300x225.jpg 300w, https:\/\/familie-weitgereist.de\/wp-content\/uploads\/2025\/09\/1000015697-768x576.jpg 768w, https:\/\/familie-weitgereist.de\/wp-content\/uploads\/2025\/09\/1000015697-1536x1152.jpg 1536w, https:\/\/familie-weitgereist.de\/wp-content\/uploads\/2025\/09\/1000015697-2048x1536.jpg 2048w, https:\/\/familie-weitgereist.de\/wp-content\/uploads\/2025\/09\/1000015697-1200x900.jpg 1200w, https:\/\/familie-weitgereist.de\/wp-content\/uploads\/2025\/09\/1000015697-1980x1485.jpg 1980w, https:\/\/familie-weitgereist.de\/wp-content\/uploads\/2025\/09\/1000015697-150x113.jpg 150w\" sizes=\"auto, (max-width: 1024px) 100vw, 1024px\" \/><\/figure>\n\n\n\n<h2 class=\"wp-block-heading\">Ecomuseo de la Alcogida<\/h2>\n\n\n\n<p>Im Inselinneren gibt es ein Freilichtmuseum, welches Einblicke in die traditionelle Lebensweise der Insel gibt. Es gibt sieben verschiedene H\u00e4user, die betreten werden k\u00f6nnen. Sie sind alle unterschiedlich gro\u00df und ausgestattet, je nachdem welchen Stand die Familien hatten. Die H\u00e4user wurden authentisch restauriert, in denen vor noch nicht allzu langer Zeit die <strong><em>Majorero<\/em><\/strong> lebten. Die Majorero sind die Ureinwohner Fuerteventuras.<\/p>\n\n\n\n<div id=\"wp-block-themeisle-blocks-slider-fd228995\" class=\"wp-block-themeisle-blocks-slider glide\" data-per-view=\"1\" data-gap=\"0\" data-peek=\"0\" data-autoplay=\"true\" data-height=\"400px\" data-hide-arrows=\"false\"><div class=\"glide__track\" data-glide-el=\"track\"><div class=\"glide__slides\"><div class=\"wp-block-themeisle-blocks-slider-item-wrapper glide__slide\" tabindex=\"0\"><figure><img decoding=\"async\" class=\"wp-block-themeisle-blocks-slider-item\" src=\"https:\/\/familie-weitgereist.de\/wp-content\/uploads\/2025\/09\/1000016005-scaled.jpg\" alt=\"\" title=\"\" data-id=\"23115\"\/><\/figure><\/div><div class=\"wp-block-themeisle-blocks-slider-item-wrapper glide__slide\" tabindex=\"0\"><figure><img decoding=\"async\" class=\"wp-block-themeisle-blocks-slider-item\" src=\"https:\/\/familie-weitgereist.de\/wp-content\/uploads\/2025\/09\/1000016016-scaled.jpg\" alt=\"\" title=\"\" data-id=\"23112\"\/><\/figure><\/div><div class=\"wp-block-themeisle-blocks-slider-item-wrapper glide__slide\" tabindex=\"0\"><figure><img decoding=\"async\" class=\"wp-block-themeisle-blocks-slider-item\" src=\"https:\/\/familie-weitgereist.de\/wp-content\/uploads\/2025\/09\/1000016047-scaled.jpg\" alt=\"\" title=\"\" data-id=\"23116\"\/><\/figure><\/div><div class=\"wp-block-themeisle-blocks-slider-item-wrapper glide__slide\" tabindex=\"0\"><figure><img decoding=\"async\" class=\"wp-block-themeisle-blocks-slider-item\" src=\"https:\/\/familie-weitgereist.de\/wp-content\/uploads\/2025\/09\/1000016051-scaled.jpg\" alt=\"\" title=\"\" data-id=\"23118\"\/><\/figure><\/div><div class=\"wp-block-themeisle-blocks-slider-item-wrapper glide__slide\" tabindex=\"0\"><figure><img decoding=\"async\" class=\"wp-block-themeisle-blocks-slider-item\" src=\"https:\/\/familie-weitgereist.de\/wp-content\/uploads\/2025\/09\/1000016081-scaled.jpg\" alt=\"\" title=\"\" data-id=\"23117\"\/><\/figure><\/div><div class=\"wp-block-themeisle-blocks-slider-item-wrapper glide__slide\" tabindex=\"0\"><figure><img decoding=\"async\" class=\"wp-block-themeisle-blocks-slider-item\" src=\"https:\/\/familie-weitgereist.de\/wp-content\/uploads\/2025\/09\/1000015994-scaled.jpg\" alt=\"\" title=\"\" data-id=\"23114\"\/><\/figure><\/div><\/div><div class=\"glide__bullets\" data-glide-el=\"controls[nav]\"><button class=\"glide__bullet\" data-glide-dir=\"=0\"><\/button><button class=\"glide__bullet\" data-glide-dir=\"=1\"><\/button><button class=\"glide__bullet\" data-glide-dir=\"=2\"><\/button><button class=\"glide__bullet\" data-glide-dir=\"=3\"><\/button><button class=\"glide__bullet\" data-glide-dir=\"=4\"><\/button><button class=\"glide__bullet\" data-glide-dir=\"=5\"><\/button><\/div><\/div><\/div>\n\n\n\n<p>Wir erfuhren Interessantes \u00fcber traditionelle Landwirtschaft, T\u00f6pferei, Schneiderei und Tischlerei. Wir konnten dabei zuschauen, wie aus Palmenwedeln H\u00fcte und Taschen geflochten wurden. Es wurden traditionelle Anbaumethoden und Erzeugnisse der Insel gezeigt.<\/p>\n\n\n\n<p><strong>Es ist sehr faszinierend, wie auf einer so kargen Insel wie Fuerteventura die Einwohner sich ihren Gegebenheiten anpassten und f\u00fcr sich nutzbar machten!<\/strong><\/p>\n\n\n\n<p>Erwachsene zahlen 5\u20ac Eintritt, unsere Kinder waren gratis. (<em>Stand September 2025<\/em>)<\/p>\n\n\n\n<h2 class=\"wp-block-heading\">Tindaya<\/h2>\n\n\n\n<p>Fuerteventura besitzt einen <strong>heiligen Berg<\/strong>, den Berg Tindaya. Er befindet sich im Nordwesten der Insel und ragt 400m in die H\u00f6he. Die kleine Ortschaft Tindaya liegt zu F\u00fc\u00dfen des magischen Berges. F\u00fcr die &#8222;<strong><em>Majos<\/em><\/strong>&#8220; die die Insel vor der Eroberung durch die Spanier bewohnt haben, war dieser Berg eine heilige St\u00e4tte. Sie hinterlie\u00dfen 300 fu\u00dff\u00f6rmige Gravuren, deren Bedeutung bis heute nicht eindeutig gekl\u00e4rt worden ist. Die meisten Gravuren sind nach Teneriffa und Gran Canaria ausgerichtet. An klaren Tagen kann man von diesem Berg den Teide auf Teneriffa sehen. Ebenso wurden auf Lanzarote fu\u00dff\u00f6rmige Gravuren gefunden, die auf den Berg Tindaya gerichtet sind. Wahrscheinlich sollen die Gravuren in direktem Zusammenhang mit den Sternen stehen. Der Berg Tindaya k\u00f6nnte als astronomische Uhr zu verstehen sein, an dessen die Mondphasen und Sonnenwenden bestimmt worden sind.<\/p>\n\n\n\n<p>Der Tindaya ist als Kulturerbe und Naturmonument von besonderem geologischen Interesse anerkannt.<\/p>\n\n\n\n<figure class=\"wp-block-image size-large\"><img loading=\"lazy\" decoding=\"async\" width=\"1024\" height=\"768\" src=\"https:\/\/familie-weitgereist.de\/wp-content\/uploads\/2025\/09\/1000016098-1024x768.jpg\" alt=\"\" class=\"wp-image-23122\" srcset=\"https:\/\/familie-weitgereist.de\/wp-content\/uploads\/2025\/09\/1000016098-1024x768.jpg 1024w, https:\/\/familie-weitgereist.de\/wp-content\/uploads\/2025\/09\/1000016098-300x225.jpg 300w, https:\/\/familie-weitgereist.de\/wp-content\/uploads\/2025\/09\/1000016098-768x576.jpg 768w, https:\/\/familie-weitgereist.de\/wp-content\/uploads\/2025\/09\/1000016098-1536x1152.jpg 1536w, https:\/\/familie-weitgereist.de\/wp-content\/uploads\/2025\/09\/1000016098-2048x1536.jpg 2048w, https:\/\/familie-weitgereist.de\/wp-content\/uploads\/2025\/09\/1000016098-1200x900.jpg 1200w, https:\/\/familie-weitgereist.de\/wp-content\/uploads\/2025\/09\/1000016098-1980x1485.jpg 1980w, https:\/\/familie-weitgereist.de\/wp-content\/uploads\/2025\/09\/1000016098-150x113.jpg 150w\" sizes=\"auto, (max-width: 1024px) 100vw, 1024px\" \/><\/figure>\n\n\n\n<h2 class=\"wp-block-heading\">Wanderung zum Calder\u00f3n Hondo<\/h2>\n\n\n\n<p>Die Wanderung zum Calder\u00f3n Hondo ist eine einfache und besonders mit Kindern sehr gut machbare Wanderung auf einen Vulkan hinauf. Wanderungen auf der schattenlosen und hei\u00dfen Insel k\u00f6nnen mit Kindern schnell \u00e4u\u00dferst anstrengend und sogar gef\u00e4hrlich werden, daher entschieden wir uns f\u00fcr die Besteigung des Calder\u00f3n Hondos.<\/p>\n\n\n\n<p>Am Gipfel gibt es eine kleine Aussichtsplattform, von der man in den Vulkankrater schauen kann.<\/p>\n\n\n\n<figure class=\"wp-block-image size-large\"><img loading=\"lazy\" decoding=\"async\" width=\"1024\" height=\"768\" src=\"https:\/\/familie-weitgereist.de\/wp-content\/uploads\/2025\/09\/1000016392-1024x768.jpg\" alt=\"\" class=\"wp-image-23153\" srcset=\"https:\/\/familie-weitgereist.de\/wp-content\/uploads\/2025\/09\/1000016392-1024x768.jpg 1024w, https:\/\/familie-weitgereist.de\/wp-content\/uploads\/2025\/09\/1000016392-300x225.jpg 300w, https:\/\/familie-weitgereist.de\/wp-content\/uploads\/2025\/09\/1000016392-768x576.jpg 768w, https:\/\/familie-weitgereist.de\/wp-content\/uploads\/2025\/09\/1000016392-1536x1152.jpg 1536w, https:\/\/familie-weitgereist.de\/wp-content\/uploads\/2025\/09\/1000016392-2048x1536.jpg 2048w, https:\/\/familie-weitgereist.de\/wp-content\/uploads\/2025\/09\/1000016392-1200x900.jpg 1200w, https:\/\/familie-weitgereist.de\/wp-content\/uploads\/2025\/09\/1000016392-1980x1485.jpg 1980w, https:\/\/familie-weitgereist.de\/wp-content\/uploads\/2025\/09\/1000016392-150x113.jpg 150w\" sizes=\"auto, (max-width: 1024px) 100vw, 1024px\" \/><\/figure>\n\n\n\n<p>Der Calder\u00f3n Hondo ist <strong>einer der am besten<\/strong> <strong>erhaltenen Vulkankrater<\/strong> <strong>Fuerteventuras<\/strong> und ist wahrscheinlich das letzte Mal vor 50.000 &#8211; 130.000 Jahren ausgebrochen.<\/p>\n\n\n\n<p>Die Wege sind flach und breit und f\u00fchren \u00fcber gro\u00dfe Vulkansteine hinauf. Die Wanderung ist insgesamt 5 km lang und dauert ca. 1,5 Stunden.<\/p>\n\n\n\n<figure class=\"wp-block-image size-large\"><img loading=\"lazy\" decoding=\"async\" width=\"1024\" height=\"768\" src=\"https:\/\/familie-weitgereist.de\/wp-content\/uploads\/2025\/09\/1000016310-1024x768.jpg\" alt=\"\" class=\"wp-image-23144\" srcset=\"https:\/\/familie-weitgereist.de\/wp-content\/uploads\/2025\/09\/1000016310-1024x768.jpg 1024w, https:\/\/familie-weitgereist.de\/wp-content\/uploads\/2025\/09\/1000016310-300x225.jpg 300w, https:\/\/familie-weitgereist.de\/wp-content\/uploads\/2025\/09\/1000016310-768x576.jpg 768w, https:\/\/familie-weitgereist.de\/wp-content\/uploads\/2025\/09\/1000016310-1536x1152.jpg 1536w, https:\/\/familie-weitgereist.de\/wp-content\/uploads\/2025\/09\/1000016310-2048x1536.jpg 2048w, https:\/\/familie-weitgereist.de\/wp-content\/uploads\/2025\/09\/1000016310-1200x900.jpg 1200w, https:\/\/familie-weitgereist.de\/wp-content\/uploads\/2025\/09\/1000016310-1980x1485.jpg 1980w, https:\/\/familie-weitgereist.de\/wp-content\/uploads\/2025\/09\/1000016310-150x113.jpg 150w\" sizes=\"auto, (max-width: 1024px) 100vw, 1024px\" \/><\/figure>\n\n\n\n<p>Oben angekommen, genie\u00dft man einen traumhaften Ausblick auf Lanzarote aus 278m.<\/p>\n\n\n\n<figure class=\"wp-block-image size-large\"><img loading=\"lazy\" decoding=\"async\" width=\"1024\" height=\"768\" src=\"https:\/\/familie-weitgereist.de\/wp-content\/uploads\/2025\/09\/1000016382-1024x768.jpg\" alt=\"\" class=\"wp-image-23151\" srcset=\"https:\/\/familie-weitgereist.de\/wp-content\/uploads\/2025\/09\/1000016382-1024x768.jpg 1024w, https:\/\/familie-weitgereist.de\/wp-content\/uploads\/2025\/09\/1000016382-300x225.jpg 300w, https:\/\/familie-weitgereist.de\/wp-content\/uploads\/2025\/09\/1000016382-768x576.jpg 768w, https:\/\/familie-weitgereist.de\/wp-content\/uploads\/2025\/09\/1000016382-1536x1152.jpg 1536w, https:\/\/familie-weitgereist.de\/wp-content\/uploads\/2025\/09\/1000016382-2048x1536.jpg 2048w, https:\/\/familie-weitgereist.de\/wp-content\/uploads\/2025\/09\/1000016382-1200x900.jpg 1200w, https:\/\/familie-weitgereist.de\/wp-content\/uploads\/2025\/09\/1000016382-1980x1485.jpg 1980w, https:\/\/familie-weitgereist.de\/wp-content\/uploads\/2025\/09\/1000016382-150x113.jpg 150w\" sizes=\"auto, (max-width: 1024px) 100vw, 1024px\" \/><\/figure>\n\n\n\n<h2 class=\"wp-block-heading\">D\u00fcnen von Corralejo<\/h2>\n\n\n\n<p>Die D\u00fcnen von Corralejo im Nordosten der Insel sind wirklich beeindruckend. Es ist beeindruckend auf einer Insel vulkanischen Ursprungs so viel Sand zu sehen. Die D\u00fcnen sind teilweise sehr hoch und es macht Spa\u00df hinauf- und hinab zu gehen. F\u00fcr Kinder ist dies ein sehr gro\u00dfer Spa\u00df!<\/p>\n\n\n\n<figure class=\"wp-block-image size-large\"><img loading=\"lazy\" decoding=\"async\" width=\"1024\" height=\"768\" src=\"https:\/\/familie-weitgereist.de\/wp-content\/uploads\/2025\/09\/1000016604-1024x768.jpg\" alt=\"\" class=\"wp-image-23143\" srcset=\"https:\/\/familie-weitgereist.de\/wp-content\/uploads\/2025\/09\/1000016604-1024x768.jpg 1024w, https:\/\/familie-weitgereist.de\/wp-content\/uploads\/2025\/09\/1000016604-300x225.jpg 300w, https:\/\/familie-weitgereist.de\/wp-content\/uploads\/2025\/09\/1000016604-768x576.jpg 768w, https:\/\/familie-weitgereist.de\/wp-content\/uploads\/2025\/09\/1000016604-1536x1152.jpg 1536w, https:\/\/familie-weitgereist.de\/wp-content\/uploads\/2025\/09\/1000016604-2048x1536.jpg 2048w, https:\/\/familie-weitgereist.de\/wp-content\/uploads\/2025\/09\/1000016604-1200x900.jpg 1200w, https:\/\/familie-weitgereist.de\/wp-content\/uploads\/2025\/09\/1000016604-1980x1485.jpg 1980w, https:\/\/familie-weitgereist.de\/wp-content\/uploads\/2025\/09\/1000016604-150x113.jpg 150w\" sizes=\"auto, (max-width: 1024px) 100vw, 1024px\" \/><\/figure>\n\n\n\n<p>Am Meer angekommen lohnt sich eine Erfrischung. Es stehen kleine Steint\u00fcrme da, damit man vorm Wind gesch\u00fctzt am Strand entspannen kann.<\/p>\n\n\n\n<figure class=\"wp-block-image size-large\"><img loading=\"lazy\" decoding=\"async\" width=\"1024\" height=\"768\" src=\"https:\/\/familie-weitgereist.de\/wp-content\/uploads\/2025\/09\/1000016588-1024x768.jpg\" alt=\"\" class=\"wp-image-23138\" srcset=\"https:\/\/familie-weitgereist.de\/wp-content\/uploads\/2025\/09\/1000016588-1024x768.jpg 1024w, https:\/\/familie-weitgereist.de\/wp-content\/uploads\/2025\/09\/1000016588-300x225.jpg 300w, https:\/\/familie-weitgereist.de\/wp-content\/uploads\/2025\/09\/1000016588-768x576.jpg 768w, https:\/\/familie-weitgereist.de\/wp-content\/uploads\/2025\/09\/1000016588-1536x1152.jpg 1536w, https:\/\/familie-weitgereist.de\/wp-content\/uploads\/2025\/09\/1000016588-2048x1536.jpg 2048w, https:\/\/familie-weitgereist.de\/wp-content\/uploads\/2025\/09\/1000016588-1200x900.jpg 1200w, https:\/\/familie-weitgereist.de\/wp-content\/uploads\/2025\/09\/1000016588-1980x1485.jpg 1980w, https:\/\/familie-weitgereist.de\/wp-content\/uploads\/2025\/09\/1000016588-150x113.jpg 150w\" sizes=\"auto, (max-width: 1024px) 100vw, 1024px\" \/><\/figure>\n\n\n\n<p>Es f\u00fchrt eine Stra\u00dfe direkt durch die D\u00fcnen von Corralejo.<\/p>\n\n\n\n<figure class=\"wp-block-image size-large\"><img loading=\"lazy\" decoding=\"async\" width=\"1024\" height=\"768\" src=\"https:\/\/familie-weitgereist.de\/wp-content\/uploads\/2025\/09\/1000016705-1-1024x768.jpg\" alt=\"\" class=\"wp-image-23142\" srcset=\"https:\/\/familie-weitgereist.de\/wp-content\/uploads\/2025\/09\/1000016705-1-1024x768.jpg 1024w, https:\/\/familie-weitgereist.de\/wp-content\/uploads\/2025\/09\/1000016705-1-300x225.jpg 300w, https:\/\/familie-weitgereist.de\/wp-content\/uploads\/2025\/09\/1000016705-1-768x576.jpg 768w, https:\/\/familie-weitgereist.de\/wp-content\/uploads\/2025\/09\/1000016705-1-1536x1152.jpg 1536w, https:\/\/familie-weitgereist.de\/wp-content\/uploads\/2025\/09\/1000016705-1-2048x1536.jpg 2048w, https:\/\/familie-weitgereist.de\/wp-content\/uploads\/2025\/09\/1000016705-1-1200x900.jpg 1200w, https:\/\/familie-weitgereist.de\/wp-content\/uploads\/2025\/09\/1000016705-1-1980x1485.jpg 1980w, https:\/\/familie-weitgereist.de\/wp-content\/uploads\/2025\/09\/1000016705-1-150x113.jpg 150w\" sizes=\"auto, (max-width: 1024px) 100vw, 1024px\" \/><\/figure>\n\n\n\n<h2 class=\"wp-block-heading\">El Cotillo<\/h2>\n\n\n\n<p>Das kleine Hafenst\u00e4dtchen im Norden Fuerteventuras, wirkt im Gegensatz zu anderen K\u00fcstenorten noch sehr ruhig und ist daher noch ein echter Geheimtipp. Die Nordk\u00fcste Fuerteventuras ist ansonsten eher rau und die Steilk\u00fcsten fallen ins Meer hinab, dennoch gibt es auch in El Cotillo sch\u00f6ne Buchten, wo man selbst mit Kindern toll baden kann.<\/p>\n\n\n\n<figure class=\"wp-block-image size-large\"><img loading=\"lazy\" decoding=\"async\" width=\"1024\" height=\"768\" src=\"https:\/\/familie-weitgereist.de\/wp-content\/uploads\/2025\/09\/1000016459-1024x768.jpg\" alt=\"\" class=\"wp-image-23133\" srcset=\"https:\/\/familie-weitgereist.de\/wp-content\/uploads\/2025\/09\/1000016459-1024x768.jpg 1024w, https:\/\/familie-weitgereist.de\/wp-content\/uploads\/2025\/09\/1000016459-300x225.jpg 300w, https:\/\/familie-weitgereist.de\/wp-content\/uploads\/2025\/09\/1000016459-768x576.jpg 768w, https:\/\/familie-weitgereist.de\/wp-content\/uploads\/2025\/09\/1000016459-1536x1152.jpg 1536w, https:\/\/familie-weitgereist.de\/wp-content\/uploads\/2025\/09\/1000016459-2048x1536.jpg 2048w, https:\/\/familie-weitgereist.de\/wp-content\/uploads\/2025\/09\/1000016459-1200x900.jpg 1200w, https:\/\/familie-weitgereist.de\/wp-content\/uploads\/2025\/09\/1000016459-1980x1485.jpg 1980w, https:\/\/familie-weitgereist.de\/wp-content\/uploads\/2025\/09\/1000016459-150x113.jpg 150w\" sizes=\"auto, (max-width: 1024px) 100vw, 1024px\" \/><\/figure>\n\n\n\n<p>Wir schlenderten durch den kleinen Ort und lie\u00dfen uns treiben, bis wir zum Hafen gelangten. Am Hafen steht der <em><strong>Torre\u00f3n del Tost\u00f3n<\/strong><\/em>, ein ehemaliger Wehrtum aus dem 18. Jahrhundert. Damals bot Fuerteventura f\u00fcr franz\u00f6sische, englische und Berberpiraten ein einfaches Ziel. Auch ein Schnabelwalskelett befindet sich an der K\u00fcste.<\/p>\n\n\n\n<div id=\"wp-block-themeisle-blocks-slider-de1f2e9c\" class=\"wp-block-themeisle-blocks-slider glide\" data-per-view=\"1\" data-gap=\"0\" data-peek=\"0\" data-autoplay=\"true\" data-height=\"400px\" data-hide-arrows=\"false\"><div class=\"glide__track\" data-glide-el=\"track\"><div class=\"glide__slides\"><div class=\"wp-block-themeisle-blocks-slider-item-wrapper glide__slide\" tabindex=\"0\"><figure><img decoding=\"async\" class=\"wp-block-themeisle-blocks-slider-item\" src=\"https:\/\/familie-weitgereist.de\/wp-content\/uploads\/2025\/09\/1000016451-scaled.jpg\" alt=\"\" title=\"\" data-id=\"23132\"\/><\/figure><\/div><div class=\"wp-block-themeisle-blocks-slider-item-wrapper glide__slide\" tabindex=\"0\"><figure><img decoding=\"async\" class=\"wp-block-themeisle-blocks-slider-item\" src=\"https:\/\/familie-weitgereist.de\/wp-content\/uploads\/2025\/09\/1000016448-scaled.jpg\" alt=\"\" title=\"\" data-id=\"23131\"\/><\/figure><\/div><\/div><div class=\"glide__bullets\" data-glide-el=\"controls[nav]\"><button class=\"glide__bullet\" data-glide-dir=\"=0\"><\/button><button class=\"glide__bullet\" data-glide-dir=\"=1\"><\/button><\/div><\/div><\/div>\n\n\n\n<h2 class=\"wp-block-heading\">Spielpl\u00e4tze<\/h2>\n\n\n\n<p>In <strong>Morro Jable<\/strong>, am zentralen Platz in der Stadt, befinden sich zwei Spielpl\u00e4tze. Es gibt Schaukeln, Rutschen, ein Kletterger\u00fcst und Wackeltiere. Die Spielpl\u00e4tze sind leider nicht beschattet.<\/p>\n\n\n\n<div id=\"wp-block-themeisle-blocks-slider-2d84dddc\" class=\"wp-block-themeisle-blocks-slider glide\" data-per-view=\"1\" data-gap=\"0\" data-peek=\"0\" data-autoplay=\"true\" data-height=\"400px\" data-hide-arrows=\"false\"><div class=\"glide__track\" data-glide-el=\"track\"><div class=\"glide__slides\"><div class=\"wp-block-themeisle-blocks-slider-item-wrapper glide__slide\" tabindex=\"0\"><figure><img decoding=\"async\" class=\"wp-block-themeisle-blocks-slider-item\" src=\"https:\/\/familie-weitgereist.de\/wp-content\/uploads\/2025\/09\/1000014927-scaled.jpg\" alt=\"\" title=\"\" data-id=\"22979\"\/><\/figure><\/div><div class=\"wp-block-themeisle-blocks-slider-item-wrapper glide__slide\" tabindex=\"0\"><figure><img decoding=\"async\" class=\"wp-block-themeisle-blocks-slider-item\" src=\"https:\/\/familie-weitgereist.de\/wp-content\/uploads\/2025\/09\/1000014936-scaled.jpg\" alt=\"\" title=\"\" data-id=\"22980\"\/><\/figure><\/div><\/div><div class=\"glide__bullets\" data-glide-el=\"controls[nav]\"><button class=\"glide__bullet\" data-glide-dir=\"=0\"><\/button><button class=\"glide__bullet\" data-glide-dir=\"=1\"><\/button><\/div><\/div><\/div>\n\n\n\n<p>In <strong>La Lajita<\/strong> befindet sich am zentralen Ortsplatz auch ein sch\u00f6ner Spielplatz mit Schaukeln, einer Rutsche und einem gro\u00dfen Feuerwehrauto.<\/p>\n\n\n\n<figure class=\"wp-block-image size-large\"><img loading=\"lazy\" decoding=\"async\" width=\"1024\" height=\"768\" src=\"https:\/\/familie-weitgereist.de\/wp-content\/uploads\/2025\/09\/1000015101-1024x768.jpg\" alt=\"\" class=\"wp-image-22995\" srcset=\"https:\/\/familie-weitgereist.de\/wp-content\/uploads\/2025\/09\/1000015101-1024x768.jpg 1024w, https:\/\/familie-weitgereist.de\/wp-content\/uploads\/2025\/09\/1000015101-300x225.jpg 300w, https:\/\/familie-weitgereist.de\/wp-content\/uploads\/2025\/09\/1000015101-768x576.jpg 768w, https:\/\/familie-weitgereist.de\/wp-content\/uploads\/2025\/09\/1000015101-1536x1152.jpg 1536w, https:\/\/familie-weitgereist.de\/wp-content\/uploads\/2025\/09\/1000015101-2048x1536.jpg 2048w, https:\/\/familie-weitgereist.de\/wp-content\/uploads\/2025\/09\/1000015101-1200x900.jpg 1200w, https:\/\/familie-weitgereist.de\/wp-content\/uploads\/2025\/09\/1000015101-1980x1485.jpg 1980w, https:\/\/familie-weitgereist.de\/wp-content\/uploads\/2025\/09\/1000015101-150x113.jpg 150w\" sizes=\"auto, (max-width: 1024px) 100vw, 1024px\" \/><\/figure>\n\n\n\n<p>In <strong>Castillo Caleta de Fuste<\/strong> &#8222;Centro Comercial Atl\u00e1ntico&#8220; befindet sich hinter dem Einkaufszentrum ein sch\u00f6ner Spielplatz mit Klettert\u00fcrmen, Rutsche und Schaukeln.<\/p>\n\n\n\n<figure class=\"wp-block-image size-large\"><img loading=\"lazy\" decoding=\"async\" width=\"1024\" height=\"768\" src=\"https:\/\/familie-weitgereist.de\/wp-content\/uploads\/2025\/09\/1000015382-1024x768.jpg\" alt=\"\" class=\"wp-image-22998\" srcset=\"https:\/\/familie-weitgereist.de\/wp-content\/uploads\/2025\/09\/1000015382-1024x768.jpg 1024w, https:\/\/familie-weitgereist.de\/wp-content\/uploads\/2025\/09\/1000015382-300x225.jpg 300w, https:\/\/familie-weitgereist.de\/wp-content\/uploads\/2025\/09\/1000015382-768x576.jpg 768w, https:\/\/familie-weitgereist.de\/wp-content\/uploads\/2025\/09\/1000015382-1536x1152.jpg 1536w, https:\/\/familie-weitgereist.de\/wp-content\/uploads\/2025\/09\/1000015382-2048x1536.jpg 2048w, https:\/\/familie-weitgereist.de\/wp-content\/uploads\/2025\/09\/1000015382-1200x900.jpg 1200w, https:\/\/familie-weitgereist.de\/wp-content\/uploads\/2025\/09\/1000015382-1980x1485.jpg 1980w, https:\/\/familie-weitgereist.de\/wp-content\/uploads\/2025\/09\/1000015382-150x113.jpg 150w\" sizes=\"auto, (max-width: 1024px) 100vw, 1024px\" \/><\/figure>\n\n\n\n<p>In <strong>Corralejo<\/strong> im <em><strong>Parque La Tunera<\/strong><\/em> befindet sich der botanische Garten der Insel und ein toller Park, der wie eine gr\u00fcne Oase auf der sonst so kargen Insel wirkt. Es gibt zwei sch\u00f6ne Spielpl\u00e4tze mit Rutsche, Wippe, Schaukeln. Fitnessger\u00e4te mit gro\u00dfen Gewichten stehen zum Training zur Verf\u00fcgung. Es gibt Picknicktische und Grillstellen. Ganz besonders toll sind die k\u00fcnstlichen gr\u00fcnen Rasenfl\u00e4chen und der Wasserlauf. Den botanischen Garten kann man hoch laufen und hat von oben eine sch\u00f6ne Aussicht nach <strong><a href=\"https:\/\/familie-weitgereist.de\/?p=23155\" data-type=\"link\" data-id=\"https:\/\/familie-weitgereist.de\/?p=23155\">Lanzarote<\/a><\/strong> und die <strong>Isla de Lobos<\/strong>.<\/p>\n\n\n\n<figure class=\"wp-block-image size-large\"><img loading=\"lazy\" decoding=\"async\" width=\"1024\" height=\"768\" src=\"https:\/\/familie-weitgereist.de\/wp-content\/uploads\/2025\/09\/1000016262-1024x768.jpg\" alt=\"\" class=\"wp-image-23837\" srcset=\"https:\/\/familie-weitgereist.de\/wp-content\/uploads\/2025\/09\/1000016262-1024x768.jpg 1024w, https:\/\/familie-weitgereist.de\/wp-content\/uploads\/2025\/09\/1000016262-300x225.jpg 300w, https:\/\/familie-weitgereist.de\/wp-content\/uploads\/2025\/09\/1000016262-768x576.jpg 768w, https:\/\/familie-weitgereist.de\/wp-content\/uploads\/2025\/09\/1000016262-1536x1152.jpg 1536w, https:\/\/familie-weitgereist.de\/wp-content\/uploads\/2025\/09\/1000016262-2048x1536.jpg 2048w, https:\/\/familie-weitgereist.de\/wp-content\/uploads\/2025\/09\/1000016262-1200x900.jpg 1200w, https:\/\/familie-weitgereist.de\/wp-content\/uploads\/2025\/09\/1000016262-1980x1485.jpg 1980w, https:\/\/familie-weitgereist.de\/wp-content\/uploads\/2025\/09\/1000016262-150x113.jpg 150w\" sizes=\"auto, (max-width: 1024px) 100vw, 1024px\" \/><\/figure>\n\n\n\n<p>Im Ortskern von <strong>El<\/strong> <strong>Cotillo<\/strong> befindet sich ein kleiner Spielplatz mit Rutsche und Wackeltier.<\/p>\n\n\n\n<figure class=\"wp-block-image size-large\"><img loading=\"lazy\" decoding=\"async\" width=\"1024\" height=\"768\" src=\"https:\/\/familie-weitgereist.de\/wp-content\/uploads\/2025\/09\/1000016471-1024x768.jpg\" alt=\"\" class=\"wp-image-23134\" srcset=\"https:\/\/familie-weitgereist.de\/wp-content\/uploads\/2025\/09\/1000016471-1024x768.jpg 1024w, https:\/\/familie-weitgereist.de\/wp-content\/uploads\/2025\/09\/1000016471-300x225.jpg 300w, https:\/\/familie-weitgereist.de\/wp-content\/uploads\/2025\/09\/1000016471-768x576.jpg 768w, https:\/\/familie-weitgereist.de\/wp-content\/uploads\/2025\/09\/1000016471-1536x1152.jpg 1536w, https:\/\/familie-weitgereist.de\/wp-content\/uploads\/2025\/09\/1000016471-2048x1536.jpg 2048w, https:\/\/familie-weitgereist.de\/wp-content\/uploads\/2025\/09\/1000016471-1200x900.jpg 1200w, https:\/\/familie-weitgereist.de\/wp-content\/uploads\/2025\/09\/1000016471-1980x1485.jpg 1980w, https:\/\/familie-weitgereist.de\/wp-content\/uploads\/2025\/09\/1000016471-150x113.jpg 150w\" sizes=\"auto, (max-width: 1024px) 100vw, 1024px\" \/><\/figure>\n","protected":false},"excerpt":{"rendered":"<p>Wir haben weitere kanarische Inseln erkundet und haben w\u00e4hrend unseres Roadtrips die Inseln Fuerteventura, Lanzarote und La Graciosa kombiniert, da sie nah beieinander liegen und g\u00fcnstig mit der F\u00e4hre zu erreichen sind. Fuerteventura ist, nach Teneriffa, die zweitgr\u00f6\u00dfte kanarische Insel im Atlantik, westlich von Afrika. Es leben ca. 127.000 Menschen auf Fuerteventura. Bekannt und beliebt [&hellip;]<\/p>\n","protected":false},"author":3,"featured_media":23045,"comment_status":"open","ping_status":"open","sticky":false,"template":"","format":"standard","meta":{"_themeisle_gutenberg_block_has_review":false,"footnotes":""},"categories":[246,8,4,377],"tags":[1657,1660,1670,1659,1666,1683,1668,1669,1664,1667,580,1654,1658,1298,1656,1662,1661,1663,1655,1684,143,1665],"class_list":["post-22959","post","type-post","status-publish","format-standard","has-post-thumbnail","hentry","category-spanien","category-europa","category-laender","category-spielplaetze","tag-ajuy","tag-betancuria","tag-calderon-hondo","tag-castillo-caleta-de-fuste","tag-corralejo","tag-costa-calma","tag-dunas-de-corralejo","tag-duenen-von-corralejo","tag-ecomuseo-de-la-alcogida","tag-el-cotillo","tag-europa","tag-fuerteventura","tag-hoehlen-von-ajuy","tag-kanaren","tag-la-lajita","tag-mirador-de-las-penitas","tag-mirador-de-morro-velosa","tag-mirador-del-risco-de-las-penas","tag-morro-jable","tag-playa-pajara","tag-spanien","tag-tindaya"],"_links":{"self":[{"href":"https:\/\/familie-weitgereist.de\/index.php?rest_route=\/wp\/v2\/posts\/22959","targetHints":{"allow":["GET"]}}],"collection":[{"href":"https:\/\/familie-weitgereist.de\/index.php?rest_route=\/wp\/v2\/posts"}],"about":[{"href":"https:\/\/familie-weitgereist.de\/index.php?rest_route=\/wp\/v2\/types\/post"}],"author":[{"embeddable":true,"href":"https:\/\/familie-weitgereist.de\/index.php?rest_route=\/wp\/v2\/users\/3"}],"replies":[{"embeddable":true,"href":"https:\/\/familie-weitgereist.de\/index.php?rest_route=%2Fwp%2Fv2%2Fcomments&post=22959"}],"version-history":[{"count":119,"href":"https:\/\/familie-weitgereist.de\/index.php?rest_route=\/wp\/v2\/posts\/22959\/revisions"}],"predecessor-version":[{"id":23838,"href":"https:\/\/familie-weitgereist.de\/index.php?rest_route=\/wp\/v2\/posts\/22959\/revisions\/23838"}],"wp:featuredmedia":[{"embeddable":true,"href":"https:\/\/familie-weitgereist.de\/index.php?rest_route=\/wp\/v2\/media\/23045"}],"wp:attachment":[{"href":"https:\/\/familie-weitgereist.de\/index.php?rest_route=%2Fwp%2Fv2%2Fmedia&parent=22959"}],"wp:term":[{"taxonomy":"category","embeddable":true,"href":"https:\/\/familie-weitgereist.de\/index.php?rest_route=%2Fwp%2Fv2%2Fcategories&post=22959"},{"taxonomy":"post_tag","embeddable":true,"href":"https:\/\/familie-weitgereist.de\/index.php?rest_route=%2Fwp%2Fv2%2Ftags&post=22959"}],"curies":[{"name":"wp","href":"https:\/\/api.w.org\/{rel}","templated":true}]}}