{"id":22714,"date":"2025-09-15T20:55:33","date_gmt":"2025-09-15T18:55:33","guid":{"rendered":"https:\/\/familie-weitgereist.de\/?p=22714"},"modified":"2025-11-12T21:29:42","modified_gmt":"2025-11-12T20:29:42","slug":"__trashed","status":"publish","type":"post","link":"https:\/\/familie-weitgereist.de\/?p=22714","title":{"rendered":"Roadtrip von Deutschland nach Gran Canaria mit kleinen Kindern und Baby"},"content":{"rendered":"\n<p>Im September 2025 haben wir einen Roadtrip durch <strong>Westeuropa<\/strong> unternommen, unser endg\u00fcltiges Ziel war <strong>Gran Canaria<\/strong>. F\u00fcr die Anreise zur F\u00e4hre in Huelva in Spanien haben wir 12 Tage eingeplant und einige sch\u00f6ne Stopps in Deutschland, der Schweiz, Frankreich, Andorra und Spanien mit unseren <a href=\"https:\/\/familie-weitgereist.de\/\" data-type=\"page\" data-id=\"33\">Kindern<\/a> gemacht.<\/p>\n\n\n\n<figure class=\"wp-block-image size-large\"><img loading=\"lazy\" decoding=\"async\" width=\"768\" height=\"1024\" src=\"https:\/\/familie-weitgereist.de\/wp-content\/uploads\/2025\/09\/1000014592-768x1024.jpg\" alt=\"\" class=\"wp-image-22929\" srcset=\"https:\/\/familie-weitgereist.de\/wp-content\/uploads\/2025\/09\/1000014592-768x1024.jpg 768w, https:\/\/familie-weitgereist.de\/wp-content\/uploads\/2025\/09\/1000014592-225x300.jpg 225w, https:\/\/familie-weitgereist.de\/wp-content\/uploads\/2025\/09\/1000014592-1152x1536.jpg 1152w, https:\/\/familie-weitgereist.de\/wp-content\/uploads\/2025\/09\/1000014592-1536x2048.jpg 1536w, https:\/\/familie-weitgereist.de\/wp-content\/uploads\/2025\/09\/1000014592-1200x1600.jpg 1200w, https:\/\/familie-weitgereist.de\/wp-content\/uploads\/2025\/09\/1000014592-1980x2640.jpg 1980w, https:\/\/familie-weitgereist.de\/wp-content\/uploads\/2025\/09\/1000014592-640x853.jpg 640w, https:\/\/familie-weitgereist.de\/wp-content\/uploads\/2025\/09\/1000014592-150x200.jpg 150w, https:\/\/familie-weitgereist.de\/wp-content\/uploads\/2025\/09\/1000014592-scaled.jpg 1920w\" sizes=\"auto, (max-width: 768px) 100vw, 768px\" \/><figcaption class=\"wp-element-caption\">Blick auf den Roque Nublo auf Gran Canaria<\/figcaption><\/figure>\n\n\n\n<p>In den letzten Jahren haben wir schon sehr viele Reisen mit unseren <a href=\"https:\/\/familie-weitgereist.de\/?p=7005\" data-type=\"link\" data-id=\"https:\/\/familie-weitgereist.de\/?p=7005\">drei Kindern<\/a> unternommen. Auf unserem Blog haben wir eine Liste zu unseren Reisen mit Kindern erstellt.<\/p>\n\n\n\n<h2 class=\"wp-block-heading\">Deutschland<\/h2>\n\n\n\n<p><strong>Tag 1:<\/strong><\/p>\n\n\n\n<p>Wir sind in Deutschland gestartet und sind am ersten Tag unserer Reise durch Bayern und Baden-W\u00fcrttemberg gefahren. In <strong>Graben-Neudorf am Prestelsee<\/strong> haben wir unsere erste Nacht verbracht. Leider hat es ziemlich stark geregnet, sodass wir nicht allzu viel erkunden konnten. An unserem Platz f\u00fcr die Nacht gab es einen sch\u00f6nen Spielplatz und die Aussicht auf den See war auch sehr sch\u00f6n.<\/p>\n\n\n\n<div id=\"wp-block-themeisle-blocks-slider-fe8bc229\" class=\"wp-block-themeisle-blocks-slider glide\" data-per-view=\"1\" data-gap=\"0\" data-peek=\"0\" data-autoplay=\"true\" data-height=\"400px\" data-hide-arrows=\"false\"><div class=\"glide__track\" data-glide-el=\"track\"><div class=\"glide__slides\"><div class=\"wp-block-themeisle-blocks-slider-item-wrapper glide__slide\" tabindex=\"0\"><figure><img decoding=\"async\" class=\"wp-block-themeisle-blocks-slider-item\" src=\"https:\/\/familie-weitgereist.de\/wp-content\/uploads\/2025\/09\/1000011822-scaled.jpg\" alt=\"\" title=\"\" data-id=\"22731\"\/><\/figure><\/div><div class=\"wp-block-themeisle-blocks-slider-item-wrapper glide__slide\" tabindex=\"0\"><figure><img decoding=\"async\" class=\"wp-block-themeisle-blocks-slider-item\" src=\"https:\/\/familie-weitgereist.de\/wp-content\/uploads\/2025\/09\/1000011825-scaled.jpg\" alt=\"\" title=\"\" data-id=\"22730\"\/><\/figure><\/div><\/div><div class=\"glide__bullets\" data-glide-el=\"controls[nav]\"><button class=\"glide__bullet\" data-glide-dir=\"=0\"><\/button><button class=\"glide__bullet\" data-glide-dir=\"=1\"><\/button><\/div><\/div><\/div>\n\n\n\n<h2 class=\"wp-block-heading\">Schweiz <\/h2>\n\n\n\n<p><strong>Tag 2:<\/strong><\/p>\n\n\n\n<p>Wir sind weiter in die Schweiz gefahren und unser erster Stop war in <strong>Biel<\/strong> <strong>\/ Bienne <\/strong>und wir haben dort den <strong>Tierpark<\/strong> besucht. Besonders toll ist, dass er f\u00fcr <strong>alle gratis<\/strong> ist. Es gibt einen tollen Spielplatz im Tierpark mit Schaukeln, Kletterger\u00fcst und Holzzug und viele Waldtiere zu bestaunen. Wir sahen sogar W\u00f6lfe. Es gab Hirsche, Steinb\u00f6cke, Murmeltiere, Uhus und noch einige mehr zu sehen.<\/p>\n\n\n\n<div id=\"wp-block-themeisle-blocks-slider-63642f74\" class=\"wp-block-themeisle-blocks-slider glide\" data-per-view=\"1\" data-gap=\"0\" data-peek=\"0\" data-autoplay=\"true\" data-height=\"400px\" data-hide-arrows=\"false\"><div class=\"glide__track\" data-glide-el=\"track\"><div class=\"glide__slides\"><div class=\"wp-block-themeisle-blocks-slider-item-wrapper glide__slide\" tabindex=\"0\"><figure><img decoding=\"async\" class=\"wp-block-themeisle-blocks-slider-item\" src=\"https:\/\/familie-weitgereist.de\/wp-content\/uploads\/2025\/09\/1000011917-scaled.jpg\" alt=\"\" title=\"\" data-id=\"22741\"\/><\/figure><\/div><div class=\"wp-block-themeisle-blocks-slider-item-wrapper glide__slide\" tabindex=\"0\"><figure><img decoding=\"async\" class=\"wp-block-themeisle-blocks-slider-item\" src=\"https:\/\/familie-weitgereist.de\/wp-content\/uploads\/2025\/09\/1000011928-scaled.jpg\" alt=\"\" title=\"\" data-id=\"22738\"\/><\/figure><\/div><div class=\"wp-block-themeisle-blocks-slider-item-wrapper glide__slide\" tabindex=\"0\"><figure><img decoding=\"async\" class=\"wp-block-themeisle-blocks-slider-item\" src=\"https:\/\/familie-weitgereist.de\/wp-content\/uploads\/2025\/09\/1000011930-scaled.jpg\" alt=\"\" title=\"\" data-id=\"22739\"\/><\/figure><\/div><div class=\"wp-block-themeisle-blocks-slider-item-wrapper glide__slide\" tabindex=\"0\"><figure><img decoding=\"async\" class=\"wp-block-themeisle-blocks-slider-item\" src=\"https:\/\/familie-weitgereist.de\/wp-content\/uploads\/2025\/09\/1000011953-scaled.jpg\" alt=\"\" title=\"\" data-id=\"22743\"\/><\/figure><\/div><div class=\"wp-block-themeisle-blocks-slider-item-wrapper glide__slide\" tabindex=\"0\"><figure><img decoding=\"async\" class=\"wp-block-themeisle-blocks-slider-item\" src=\"https:\/\/familie-weitgereist.de\/wp-content\/uploads\/2025\/09\/1000011972-scaled.jpg\" alt=\"\" title=\"\" data-id=\"22744\"\/><\/figure><\/div><div class=\"wp-block-themeisle-blocks-slider-item-wrapper glide__slide\" tabindex=\"0\"><figure><img decoding=\"async\" class=\"wp-block-themeisle-blocks-slider-item\" src=\"https:\/\/familie-weitgereist.de\/wp-content\/uploads\/2025\/09\/1000011974-scaled.jpg\" alt=\"\" title=\"\" data-id=\"22742\"\/><\/figure><\/div><\/div><div class=\"glide__bullets\" data-glide-el=\"controls[nav]\"><button class=\"glide__bullet\" data-glide-dir=\"=0\"><\/button><button class=\"glide__bullet\" data-glide-dir=\"=1\"><\/button><button class=\"glide__bullet\" data-glide-dir=\"=2\"><\/button><button class=\"glide__bullet\" data-glide-dir=\"=3\"><\/button><button class=\"glide__bullet\" data-glide-dir=\"=4\"><\/button><button class=\"glide__bullet\" data-glide-dir=\"=5\"><\/button><\/div><\/div><\/div>\n\n\n\n<h2 class=\"wp-block-heading\">Frankreich<\/h2>\n\n\n\n<p><strong>Tag 3:<\/strong><\/p>\n\n\n\n<p>Wir haben die Schweiz am Grenz\u00fcbergang Les Verri\u00e8res verlassen und sind auf der franz\u00f6sischen Seite mit Blick auf die beeindruckende <strong>Burg &#8222;Ch\u00e2teau de Joux&#8220;<\/strong> von Frankreich begr\u00fc\u00dft worden.<\/p>\n\n\n\n<figure class=\"wp-block-image size-large\"><img loading=\"lazy\" decoding=\"async\" width=\"1024\" height=\"768\" src=\"https:\/\/familie-weitgereist.de\/wp-content\/uploads\/2025\/09\/1000012062-1024x768.jpg\" alt=\"\" class=\"wp-image-22746\" srcset=\"https:\/\/familie-weitgereist.de\/wp-content\/uploads\/2025\/09\/1000012062-1024x768.jpg 1024w, https:\/\/familie-weitgereist.de\/wp-content\/uploads\/2025\/09\/1000012062-300x225.jpg 300w, https:\/\/familie-weitgereist.de\/wp-content\/uploads\/2025\/09\/1000012062-768x576.jpg 768w, https:\/\/familie-weitgereist.de\/wp-content\/uploads\/2025\/09\/1000012062-1536x1152.jpg 1536w, https:\/\/familie-weitgereist.de\/wp-content\/uploads\/2025\/09\/1000012062-2048x1536.jpg 2048w, https:\/\/familie-weitgereist.de\/wp-content\/uploads\/2025\/09\/1000012062-1200x900.jpg 1200w, https:\/\/familie-weitgereist.de\/wp-content\/uploads\/2025\/09\/1000012062-1980x1485.jpg 1980w, https:\/\/familie-weitgereist.de\/wp-content\/uploads\/2025\/09\/1000012062-150x113.jpg 150w\" sizes=\"auto, (max-width: 1024px) 100vw, 1024px\" \/><\/figure>\n\n\n\n<p>Da wir <strong>mautfrei<\/strong> fahren, k\u00f6nnen wir auf unserem Roadtrip die Landschaft erkunden und sehen viel vom Land.<\/p>\n\n\n\n<figure class=\"wp-block-image size-large\"><img loading=\"lazy\" decoding=\"async\" width=\"1024\" height=\"768\" src=\"https:\/\/familie-weitgereist.de\/wp-content\/uploads\/2025\/09\/1000012040-1-1024x768.jpg\" alt=\"\" class=\"wp-image-22749\" srcset=\"https:\/\/familie-weitgereist.de\/wp-content\/uploads\/2025\/09\/1000012040-1-1024x768.jpg 1024w, https:\/\/familie-weitgereist.de\/wp-content\/uploads\/2025\/09\/1000012040-1-300x225.jpg 300w, https:\/\/familie-weitgereist.de\/wp-content\/uploads\/2025\/09\/1000012040-1-768x576.jpg 768w, https:\/\/familie-weitgereist.de\/wp-content\/uploads\/2025\/09\/1000012040-1-1536x1152.jpg 1536w, https:\/\/familie-weitgereist.de\/wp-content\/uploads\/2025\/09\/1000012040-1-2048x1536.jpg 2048w, https:\/\/familie-weitgereist.de\/wp-content\/uploads\/2025\/09\/1000012040-1-1200x900.jpg 1200w, https:\/\/familie-weitgereist.de\/wp-content\/uploads\/2025\/09\/1000012040-1-1980x1485.jpg 1980w, https:\/\/familie-weitgereist.de\/wp-content\/uploads\/2025\/09\/1000012040-1-150x113.jpg 150w\" sizes=\"auto, (max-width: 1024px) 100vw, 1024px\" \/><\/figure>\n\n\n\n<p>Frankreich ist bekannt f\u00fcr seine <strong>mittelalterlichen D\u00f6rfer<\/strong> und in der N\u00e4he von Lyon befindet sich der Ort <strong>P\u00e9rouges<\/strong>. In dem kleinen Ort leben nur ca. 1380 Einwohner, jedoch besuchen viele Touristen t\u00e4glich P\u00e9rouges. Das Dorf liegt im D\u00e9partement Ain der R\u00e9gion Auvergne-Rh\u00f4ne-Alpes. Der Name l\u00e4sst vermuten, dass der Ort von gallischen Siedlern gegr\u00fcndet wurde, die aus der italienischen Kolonie Perugia zur\u00fcck in ihre Heimat gekehrt sind.<\/p>\n\n\n\n<p>Ebenso wie viele weitere mittelalterliche D\u00f6rfer, ist auch hier der Stadtkern rund aufgebaut. P\u00e9rouges geh\u00f6rt zu den &#8222;<strong>Plus Beaux Villages de France<\/strong>&#8222;, den sch\u00f6nsten D\u00f6rfern Frankreichs. Wir haben auch schon weitere, der sch\u00f6nsten D\u00f6rfer in Frankreich auf unserem <a href=\"https:\/\/familie-weitgereist.de\/?p=11397\" data-type=\"link\" data-id=\"https:\/\/familie-weitgereist.de\/?p=11397\">Roadtrip 2022 durch Frankreich<\/a> erkundet. Ebenso erinnerte uns P\u00e9rouges auch sehr, an unseren Trip durch das <a href=\"https:\/\/familie-weitgereist.de\/?p=20218\" data-type=\"link\" data-id=\"https:\/\/familie-weitgereist.de\/?p=20218\">Elsass in der Adventszeit<\/a>, wo wir ebenfalls wundervolle franz\u00f6sische Orte erkundet haben.<\/p>\n\n\n\n<figure class=\"wp-block-image size-large\"><img loading=\"lazy\" decoding=\"async\" width=\"1024\" height=\"768\" src=\"https:\/\/familie-weitgereist.de\/wp-content\/uploads\/2025\/09\/1000012171-1024x768.jpg\" alt=\"\" class=\"wp-image-22754\" srcset=\"https:\/\/familie-weitgereist.de\/wp-content\/uploads\/2025\/09\/1000012171-1024x768.jpg 1024w, https:\/\/familie-weitgereist.de\/wp-content\/uploads\/2025\/09\/1000012171-300x225.jpg 300w, https:\/\/familie-weitgereist.de\/wp-content\/uploads\/2025\/09\/1000012171-768x576.jpg 768w, https:\/\/familie-weitgereist.de\/wp-content\/uploads\/2025\/09\/1000012171-1536x1152.jpg 1536w, https:\/\/familie-weitgereist.de\/wp-content\/uploads\/2025\/09\/1000012171-2048x1536.jpg 2048w, https:\/\/familie-weitgereist.de\/wp-content\/uploads\/2025\/09\/1000012171-1200x900.jpg 1200w, https:\/\/familie-weitgereist.de\/wp-content\/uploads\/2025\/09\/1000012171-1980x1485.jpg 1980w, https:\/\/familie-weitgereist.de\/wp-content\/uploads\/2025\/09\/1000012171-150x113.jpg 150w\" sizes=\"auto, (max-width: 1024px) 100vw, 1024px\" \/><\/figure>\n\n\n\n<p>Die kleinen Gassen mit ihren Kopfsteinpflaster, die sehr alten H\u00e4user, charmante Winkel und mit Blumen geschm\u00fcckte Ecken, gefielen uns sehr gut! Der Zutritt zum Dorf erfolgt \u00fcber ein ehemaliges Festungstor. Direkt daneben befindet sich die Kirche. Von den Festungsmauern hat man einen sch\u00f6nen Ausblick auf das h\u00fcgelige Umland und in der Ferne die Alpen.<\/p>\n\n\n\n<div id=\"wp-block-themeisle-blocks-slider-6c4524f1\" class=\"wp-block-themeisle-blocks-slider glide\" data-per-view=\"1\" data-gap=\"0\" data-peek=\"0\" data-autoplay=\"true\" data-height=\"400px\" data-hide-arrows=\"false\"><div class=\"glide__track\" data-glide-el=\"track\"><div class=\"glide__slides\"><div class=\"wp-block-themeisle-blocks-slider-item-wrapper glide__slide\" tabindex=\"0\"><figure><img decoding=\"async\" class=\"wp-block-themeisle-blocks-slider-item\" src=\"https:\/\/familie-weitgereist.de\/wp-content\/uploads\/2025\/09\/1000012124-scaled.jpg\" alt=\"\" title=\"\" data-id=\"22761\"\/><\/figure><\/div><div class=\"wp-block-themeisle-blocks-slider-item-wrapper glide__slide\" tabindex=\"0\"><figure><img decoding=\"async\" class=\"wp-block-themeisle-blocks-slider-item\" src=\"https:\/\/familie-weitgereist.de\/wp-content\/uploads\/2025\/09\/1000012152-scaled.jpg\" alt=\"\" title=\"\" data-id=\"22762\"\/><\/figure><\/div><div class=\"wp-block-themeisle-blocks-slider-item-wrapper glide__slide\" tabindex=\"0\"><figure><img decoding=\"async\" class=\"wp-block-themeisle-blocks-slider-item\" src=\"https:\/\/familie-weitgereist.de\/wp-content\/uploads\/2025\/09\/1000012164-scaled.jpg\" alt=\"\" title=\"\" data-id=\"22760\"\/><\/figure><\/div><div class=\"wp-block-themeisle-blocks-slider-item-wrapper glide__slide\" tabindex=\"0\"><figure><img decoding=\"async\" class=\"wp-block-themeisle-blocks-slider-item\" src=\"https:\/\/familie-weitgereist.de\/wp-content\/uploads\/2025\/09\/1000012173-scaled.jpg\" alt=\"\" title=\"\" data-id=\"22763\"\/><\/figure><\/div><div class=\"wp-block-themeisle-blocks-slider-item-wrapper glide__slide\" tabindex=\"0\"><figure><img decoding=\"async\" class=\"wp-block-themeisle-blocks-slider-item\" src=\"https:\/\/familie-weitgereist.de\/wp-content\/uploads\/2025\/09\/1000012116-scaled.jpg\" alt=\"\" title=\"\" data-id=\"22759\"\/><\/figure><\/div><\/div><div class=\"glide__bullets\" data-glide-el=\"controls[nav]\"><button class=\"glide__bullet\" data-glide-dir=\"=0\"><\/button><button class=\"glide__bullet\" data-glide-dir=\"=1\"><\/button><button class=\"glide__bullet\" data-glide-dir=\"=2\"><\/button><button class=\"glide__bullet\" data-glide-dir=\"=3\"><\/button><button class=\"glide__bullet\" data-glide-dir=\"=4\"><\/button><\/div><\/div><\/div>\n\n\n\n<p>Unterhalb des Ortes gibt es einen Parkplatz. Ein Tagesticket kostet 3\u20ac. (<em>Stand<\/em> <em>September 2025<\/em>)<\/p>\n\n\n\n<p>In dem kleinen Ort <strong>Balan<\/strong>, unweit von P\u00e9rouges, haben wir mit unserem Camper eine Nacht verbracht. Wir standen auf einem freien Wohnmobilstellplatz der Gemeinde, mit gro\u00dfer Wiese, einem Spielplatz und Fu\u00dfballplatz. Unsere Jungs hatten gro\u00dfen Spa\u00df mit ihren Bikes zu fahren und am Spielplatz zu spielen.<\/p>\n\n\n\n<div id=\"wp-block-themeisle-blocks-slider-a035756b\" class=\"wp-block-themeisle-blocks-slider glide\" data-per-view=\"1\" data-gap=\"0\" data-peek=\"0\" data-autoplay=\"true\" data-height=\"400px\" data-hide-arrows=\"false\"><div class=\"glide__track\" data-glide-el=\"track\"><div class=\"glide__slides\"><div class=\"wp-block-themeisle-blocks-slider-item-wrapper glide__slide\" tabindex=\"0\"><figure><img decoding=\"async\" class=\"wp-block-themeisle-blocks-slider-item\" src=\"https:\/\/familie-weitgereist.de\/wp-content\/uploads\/2025\/09\/1000012181-1-scaled.jpg\" alt=\"\" title=\"\" data-id=\"22770\"\/><\/figure><\/div><div class=\"wp-block-themeisle-blocks-slider-item-wrapper glide__slide\" tabindex=\"0\"><figure><img decoding=\"async\" class=\"wp-block-themeisle-blocks-slider-item\" src=\"https:\/\/familie-weitgereist.de\/wp-content\/uploads\/2025\/09\/1000012186-1-scaled.jpg\" alt=\"\" title=\"\" data-id=\"22771\"\/><\/figure><\/div><\/div><div class=\"glide__bullets\" data-glide-el=\"controls[nav]\"><button class=\"glide__bullet\" data-glide-dir=\"=0\"><\/button><button class=\"glide__bullet\" data-glide-dir=\"=1\"><\/button><\/div><\/div><\/div>\n\n\n\n<p><strong>Tag 4:<\/strong><\/p>\n\n\n\n<p>Unser Roadtrip f\u00fchrte uns an Lyon vorbei und durch die D\u00e9partements Haute-Loire und Loz\u00e8re. Die Landschaft ist sehr gr\u00fcn und h\u00fcgelig bis bergig und gef\u00e4llt uns sehr gut.<\/p>\n\n\n\n<p>In dem kleinen Ort <strong>Chaudeyrac<\/strong> haben wir eine Pause an einem kleinen Spielplatz mit Picknick gemacht.<\/p>\n\n\n\n<figure class=\"wp-block-image size-large\"><img loading=\"lazy\" decoding=\"async\" width=\"1024\" height=\"768\" src=\"https:\/\/familie-weitgereist.de\/wp-content\/uploads\/2025\/09\/1000012267-1024x768.jpg\" alt=\"\" class=\"wp-image-22782\" srcset=\"https:\/\/familie-weitgereist.de\/wp-content\/uploads\/2025\/09\/1000012267-1024x768.jpg 1024w, https:\/\/familie-weitgereist.de\/wp-content\/uploads\/2025\/09\/1000012267-300x225.jpg 300w, https:\/\/familie-weitgereist.de\/wp-content\/uploads\/2025\/09\/1000012267-768x576.jpg 768w, https:\/\/familie-weitgereist.de\/wp-content\/uploads\/2025\/09\/1000012267-1536x1152.jpg 1536w, https:\/\/familie-weitgereist.de\/wp-content\/uploads\/2025\/09\/1000012267-2048x1536.jpg 2048w, https:\/\/familie-weitgereist.de\/wp-content\/uploads\/2025\/09\/1000012267-1200x900.jpg 1200w, https:\/\/familie-weitgereist.de\/wp-content\/uploads\/2025\/09\/1000012267-1980x1485.jpg 1980w, https:\/\/familie-weitgereist.de\/wp-content\/uploads\/2025\/09\/1000012267-150x113.jpg 150w\" sizes=\"auto, (max-width: 1024px) 100vw, 1024px\" \/><\/figure>\n\n\n\n<p>In dem winzigen Ort in Okzitanien mit ca. 288 Einwohnern befindet sich die romanische Kirche Saint-Martin. Es gibt ein Kriegerdenkmal f\u00fcr die Gefallenen in beiden Weltkriegen und sogar eine kleine \u00f6ffentliche Toilette.<\/p>\n\n\n\n<figure class=\"wp-block-image size-large\"><img loading=\"lazy\" decoding=\"async\" width=\"1024\" height=\"768\" src=\"https:\/\/familie-weitgereist.de\/wp-content\/uploads\/2025\/09\/1000012263-1024x768.jpg\" alt=\"\" class=\"wp-image-22784\" srcset=\"https:\/\/familie-weitgereist.de\/wp-content\/uploads\/2025\/09\/1000012263-1024x768.jpg 1024w, https:\/\/familie-weitgereist.de\/wp-content\/uploads\/2025\/09\/1000012263-300x225.jpg 300w, https:\/\/familie-weitgereist.de\/wp-content\/uploads\/2025\/09\/1000012263-768x576.jpg 768w, https:\/\/familie-weitgereist.de\/wp-content\/uploads\/2025\/09\/1000012263-1536x1152.jpg 1536w, https:\/\/familie-weitgereist.de\/wp-content\/uploads\/2025\/09\/1000012263-2048x1536.jpg 2048w, https:\/\/familie-weitgereist.de\/wp-content\/uploads\/2025\/09\/1000012263-1200x900.jpg 1200w, https:\/\/familie-weitgereist.de\/wp-content\/uploads\/2025\/09\/1000012263-1980x1485.jpg 1980w, https:\/\/familie-weitgereist.de\/wp-content\/uploads\/2025\/09\/1000012263-150x113.jpg 150w\" sizes=\"auto, (max-width: 1024px) 100vw, 1024px\" \/><\/figure>\n\n\n\n<p>Wir fuhren weiter s\u00fcdlich und \u00fcbernachteten eine Nacht in <strong>Marvejols<\/strong>. In der Kleinstadt leben ca. 4700 Einwohner. Am Rande des Ortes befindet sich ein gro\u00dfes Naherholungsgebiet, welches an einem Sonntag von den Einheimischen auch rege genutzt wurde. Es gibt einen sch\u00f6nen gro\u00dfen Spielplatz, mit Burganlage und gro\u00dfer Kletterspinne. Ein Pumptrack und eine Skateranlage sind vorhanden und unsere Jungs hatten so viel Spa\u00df mit ihren Bikes auf dem Pumptrack zu fahren. Es gibt ebenso zwei Fu\u00dfballfelder und eine Fitnessstation f\u00fcr Erwachsene. Eine \u00f6ffentliche Toilette ist ebenfalls vorhanden.<\/p>\n\n\n\n<div id=\"wp-block-themeisle-blocks-slider-f7748961\" class=\"wp-block-themeisle-blocks-slider glide\" data-per-view=\"1\" data-gap=\"0\" data-peek=\"0\" data-autoplay=\"true\" data-height=\"400px\" data-hide-arrows=\"false\"><div class=\"glide__track\" data-glide-el=\"track\"><div class=\"glide__slides\"><div class=\"wp-block-themeisle-blocks-slider-item-wrapper glide__slide\" tabindex=\"0\"><figure><img decoding=\"async\" class=\"wp-block-themeisle-blocks-slider-item\" src=\"https:\/\/familie-weitgereist.de\/wp-content\/uploads\/2025\/09\/1000012333-scaled.jpg\" alt=\"\" title=\"\" data-id=\"22787\"\/><\/figure><\/div><div class=\"wp-block-themeisle-blocks-slider-item-wrapper glide__slide\" tabindex=\"0\"><figure><img decoding=\"async\" class=\"wp-block-themeisle-blocks-slider-item\" src=\"https:\/\/familie-weitgereist.de\/wp-content\/uploads\/2025\/09\/1000012329-scaled.jpg\" alt=\"\" title=\"\" data-id=\"22789\"\/><\/figure><\/div><div class=\"wp-block-themeisle-blocks-slider-item-wrapper glide__slide\" tabindex=\"0\"><figure><img decoding=\"async\" class=\"wp-block-themeisle-blocks-slider-item\" src=\"https:\/\/familie-weitgereist.de\/wp-content\/uploads\/2025\/09\/1000012325-scaled.jpg\" alt=\"\" title=\"\" data-id=\"22788\"\/><\/figure><\/div><\/div><div class=\"glide__bullets\" data-glide-el=\"controls[nav]\"><button class=\"glide__bullet\" data-glide-dir=\"=0\"><\/button><button class=\"glide__bullet\" data-glide-dir=\"=1\"><\/button><button class=\"glide__bullet\" data-glide-dir=\"=2\"><\/button><\/div><\/div><\/div>\n\n\n\n<p>Die bedeutendsten Sehensw\u00fcrdigkeiten der Stadt, sind die drei Stadttore aus dem 14. Jahrhundert.<\/p>\n\n\n\n<p><strong>Tag 5:<\/strong><\/p>\n\n\n\n<p>Wir haben den Tag genutzt und sind sehr viel gefahren und am Abend sogar noch in Andorra angekommen. Es hat die ganze Nacht geregnet, gehagelt und gewittert. Daher haben wir es uns im Camper gem\u00fctlich gemacht.<\/p>\n\n\n\n<figure class=\"wp-block-image size-large\"><img loading=\"lazy\" decoding=\"async\" width=\"1024\" height=\"768\" src=\"https:\/\/familie-weitgereist.de\/wp-content\/uploads\/2025\/09\/1000012528-1024x768.jpg\" alt=\"\" class=\"wp-image-22800\" srcset=\"https:\/\/familie-weitgereist.de\/wp-content\/uploads\/2025\/09\/1000012528-1024x768.jpg 1024w, https:\/\/familie-weitgereist.de\/wp-content\/uploads\/2025\/09\/1000012528-300x225.jpg 300w, https:\/\/familie-weitgereist.de\/wp-content\/uploads\/2025\/09\/1000012528-768x576.jpg 768w, https:\/\/familie-weitgereist.de\/wp-content\/uploads\/2025\/09\/1000012528-1536x1152.jpg 1536w, https:\/\/familie-weitgereist.de\/wp-content\/uploads\/2025\/09\/1000012528-2048x1536.jpg 2048w, https:\/\/familie-weitgereist.de\/wp-content\/uploads\/2025\/09\/1000012528-1200x900.jpg 1200w, https:\/\/familie-weitgereist.de\/wp-content\/uploads\/2025\/09\/1000012528-1980x1485.jpg 1980w, https:\/\/familie-weitgereist.de\/wp-content\/uploads\/2025\/09\/1000012528-150x113.jpg 150w\" sizes=\"auto, (max-width: 1024px) 100vw, 1024px\" \/><\/figure>\n\n\n\n<h2 class=\"wp-block-heading\">Andorra<\/h2>\n\n\n\n<p><strong>Tag 6:<\/strong><\/p>\n\n\n\n<p>In <a href=\"https:\/\/familie-weitgereist.de\/?p=11799\" data-type=\"link\" data-id=\"https:\/\/familie-weitgereist.de\/?p=11799\">Andorra<\/a> haben wir im Dezember 2022 drei N\u00e4chte verbracht, im Rahmen unseres Europa Roadtrips. Der kleine Zwergenstaat, eingebettet in den Pyren\u00e4en zwischen Frankreich und Spanien, gef\u00e4llt uns sehr gut. Die Bergwelt ist ein Traum, es gibt mehr als 65 Gipfel \u00fcber 2000m, 300km Skipisten und unz\u00e4hlige Wanderwege.<\/p>\n\n\n\n<div id=\"wp-block-themeisle-blocks-slider-482d9739\" class=\"wp-block-themeisle-blocks-slider glide\" data-per-view=\"1\" data-gap=\"0\" data-peek=\"0\" data-autoplay=\"true\" data-height=\"400px\" data-hide-arrows=\"false\"><div class=\"glide__track\" data-glide-el=\"track\"><div class=\"glide__slides\"><div class=\"wp-block-themeisle-blocks-slider-item-wrapper glide__slide\" tabindex=\"0\"><figure><img decoding=\"async\" class=\"wp-block-themeisle-blocks-slider-item\" src=\"https:\/\/familie-weitgereist.de\/wp-content\/uploads\/2025\/09\/1000012760-scaled.jpg\" alt=\"\" title=\"\" data-id=\"22810\"\/><\/figure><\/div><div class=\"wp-block-themeisle-blocks-slider-item-wrapper glide__slide\" tabindex=\"0\"><figure><img decoding=\"async\" class=\"wp-block-themeisle-blocks-slider-item\" src=\"https:\/\/familie-weitgereist.de\/wp-content\/uploads\/2025\/09\/1000012638-scaled.jpg\" alt=\"\" title=\"\" data-id=\"22811\"\/><\/figure><\/div><div class=\"wp-block-themeisle-blocks-slider-item-wrapper glide__slide\" tabindex=\"0\"><figure><img decoding=\"async\" class=\"wp-block-themeisle-blocks-slider-item\" src=\"https:\/\/familie-weitgereist.de\/wp-content\/uploads\/2025\/09\/1000012761-scaled.jpg\" alt=\"\" title=\"\" data-id=\"22812\"\/><\/figure><\/div><\/div><div class=\"glide__bullets\" data-glide-el=\"controls[nav]\"><button class=\"glide__bullet\" data-glide-dir=\"=0\"><\/button><button class=\"glide__bullet\" data-glide-dir=\"=1\"><\/button><button class=\"glide__bullet\" data-glide-dir=\"=2\"><\/button><\/div><\/div><\/div>\n\n\n\n<p>Diesmal haben wir uns die Stadt<strong> Andorra la Vella<\/strong> wieder angesehen und sind am Fluss La Valira geschlendert, bis zu den genialen Spielpl\u00e4tzen, zentral gelegen bei der Therme Caldea. Wir hatten einen tollen Tag und die Jungs haben die Spielpl\u00e4tze geliebt. Es erinnerte mich sehr daran, wie ich mit Baby Maris in der Trage \u00fcber die Spielpl\u00e4tze gelaufen bin und nun spielten die zwei Jungs mit Philipp und ich spazierte mit unserer kleinen Madita in der Trage durch die Stadt.<\/p>\n\n\n\n<div id=\"wp-block-themeisle-blocks-slider-2e49b5d0\" class=\"wp-block-themeisle-blocks-slider glide\" data-per-view=\"1\" data-gap=\"0\" data-peek=\"0\" data-autoplay=\"true\" data-height=\"400px\" data-hide-arrows=\"false\"><div class=\"glide__track\" data-glide-el=\"track\"><div class=\"glide__slides\"><div class=\"wp-block-themeisle-blocks-slider-item-wrapper glide__slide\" tabindex=\"0\"><figure><img decoding=\"async\" class=\"wp-block-themeisle-blocks-slider-item\" src=\"https:\/\/familie-weitgereist.de\/wp-content\/uploads\/2025\/09\/1000012585-1-scaled.jpg\" alt=\"\" title=\"\" data-id=\"22807\"\/><\/figure><\/div><div class=\"wp-block-themeisle-blocks-slider-item-wrapper glide__slide\" tabindex=\"0\"><figure><img decoding=\"async\" class=\"wp-block-themeisle-blocks-slider-item\" src=\"https:\/\/familie-weitgereist.de\/wp-content\/uploads\/2025\/09\/1000012613-scaled.jpg\" alt=\"\" title=\"\" data-id=\"22804\"\/><\/figure><\/div><div class=\"wp-block-themeisle-blocks-slider-item-wrapper glide__slide\" tabindex=\"0\"><figure><img decoding=\"async\" class=\"wp-block-themeisle-blocks-slider-item\" src=\"https:\/\/familie-weitgereist.de\/wp-content\/uploads\/2025\/09\/1000012608-1-scaled.jpg\" alt=\"\" title=\"\" data-id=\"22806\"\/><\/figure><\/div><\/div><div class=\"glide__bullets\" data-glide-el=\"controls[nav]\"><button class=\"glide__bullet\" data-glide-dir=\"=0\"><\/button><button class=\"glide__bullet\" data-glide-dir=\"=1\"><\/button><button class=\"glide__bullet\" data-glide-dir=\"=2\"><\/button><\/div><\/div><\/div>\n\n\n\n<p>Unseren Camper parkten wir auf einem gro\u00dfen Parkplatz, unweit des Zentrums f\u00fcr 2\u20ac die Stunde. Die ersten 30 Minuten sind gratis. (<em>Stand September 2025<\/em>)<\/p>\n\n\n\n<p>Am Nachmittag fuhren wir weiter nach Spanien. In dem kleinen Ort <strong>T\u00e0rrega<\/strong> waren wir einkaufen und sp\u00e4ter haben wir unweit des kleinen Ortes <strong>Ciutadilla<\/strong> die Nacht verbracht.<\/p>\n\n\n\n<figure class=\"wp-block-image size-large\"><img loading=\"lazy\" decoding=\"async\" width=\"1024\" height=\"768\" src=\"https:\/\/familie-weitgereist.de\/wp-content\/uploads\/2025\/09\/1000012745-1024x768.jpg\" alt=\"\" class=\"wp-image-22815\" srcset=\"https:\/\/familie-weitgereist.de\/wp-content\/uploads\/2025\/09\/1000012745-1024x768.jpg 1024w, https:\/\/familie-weitgereist.de\/wp-content\/uploads\/2025\/09\/1000012745-300x225.jpg 300w, https:\/\/familie-weitgereist.de\/wp-content\/uploads\/2025\/09\/1000012745-768x576.jpg 768w, https:\/\/familie-weitgereist.de\/wp-content\/uploads\/2025\/09\/1000012745-1536x1152.jpg 1536w, https:\/\/familie-weitgereist.de\/wp-content\/uploads\/2025\/09\/1000012745-2048x1536.jpg 2048w, https:\/\/familie-weitgereist.de\/wp-content\/uploads\/2025\/09\/1000012745-1200x900.jpg 1200w, https:\/\/familie-weitgereist.de\/wp-content\/uploads\/2025\/09\/1000012745-1980x1485.jpg 1980w, https:\/\/familie-weitgereist.de\/wp-content\/uploads\/2025\/09\/1000012745-150x113.jpg 150w\" sizes=\"auto, (max-width: 1024px) 100vw, 1024px\" \/><\/figure>\n\n\n\n<h2 class=\"wp-block-heading\">Spanien<\/h2>\n\n\n\n<p><strong>Tag 7:<\/strong><\/p>\n\n\n\n<p>Wir sind am Mittelmeer angekommen und es ist so sch\u00f6n am Meer zu sein. Unser erster Halt war der kleine Ort <strong>Miami Platja<\/strong> in Katalonien. Wir hatten einen herrlichen Strandtag. Wir waren im warmen Mittelmeer baden, haben im Sand gespielt und direkt am Meer befindet sich auch ein Spielplatz. Dies war f\u00fcr unsere Jungs nat\u00fcrlich ganz besonders toll. Spanien ist einfach so kinderfreundlich. Ein Traum!<\/p>\n\n\n\n<figure class=\"wp-block-image size-large\"><img loading=\"lazy\" decoding=\"async\" width=\"1024\" height=\"768\" src=\"https:\/\/familie-weitgereist.de\/wp-content\/uploads\/2025\/09\/1000012879-1024x768.jpg\" alt=\"\" class=\"wp-image-22820\" srcset=\"https:\/\/familie-weitgereist.de\/wp-content\/uploads\/2025\/09\/1000012879-1024x768.jpg 1024w, https:\/\/familie-weitgereist.de\/wp-content\/uploads\/2025\/09\/1000012879-300x225.jpg 300w, https:\/\/familie-weitgereist.de\/wp-content\/uploads\/2025\/09\/1000012879-768x576.jpg 768w, https:\/\/familie-weitgereist.de\/wp-content\/uploads\/2025\/09\/1000012879-1536x1152.jpg 1536w, https:\/\/familie-weitgereist.de\/wp-content\/uploads\/2025\/09\/1000012879-2048x1536.jpg 2048w, https:\/\/familie-weitgereist.de\/wp-content\/uploads\/2025\/09\/1000012879-1200x900.jpg 1200w, https:\/\/familie-weitgereist.de\/wp-content\/uploads\/2025\/09\/1000012879-1980x1485.jpg 1980w, https:\/\/familie-weitgereist.de\/wp-content\/uploads\/2025\/09\/1000012879-150x113.jpg 150w\" sizes=\"auto, (max-width: 1024px) 100vw, 1024px\" \/><\/figure>\n\n\n\n<figure class=\"wp-block-image size-large\"><img loading=\"lazy\" decoding=\"async\" width=\"1024\" height=\"768\" src=\"https:\/\/familie-weitgereist.de\/wp-content\/uploads\/2025\/09\/1000012825-1024x768.jpg\" alt=\"\" class=\"wp-image-22822\" srcset=\"https:\/\/familie-weitgereist.de\/wp-content\/uploads\/2025\/09\/1000012825-1024x768.jpg 1024w, https:\/\/familie-weitgereist.de\/wp-content\/uploads\/2025\/09\/1000012825-300x225.jpg 300w, https:\/\/familie-weitgereist.de\/wp-content\/uploads\/2025\/09\/1000012825-768x576.jpg 768w, https:\/\/familie-weitgereist.de\/wp-content\/uploads\/2025\/09\/1000012825-1536x1152.jpg 1536w, https:\/\/familie-weitgereist.de\/wp-content\/uploads\/2025\/09\/1000012825-2048x1536.jpg 2048w, https:\/\/familie-weitgereist.de\/wp-content\/uploads\/2025\/09\/1000012825-1200x900.jpg 1200w, https:\/\/familie-weitgereist.de\/wp-content\/uploads\/2025\/09\/1000012825-1980x1485.jpg 1980w, https:\/\/familie-weitgereist.de\/wp-content\/uploads\/2025\/09\/1000012825-150x113.jpg 150w\" sizes=\"auto, (max-width: 1024px) 100vw, 1024px\" \/><\/figure>\n\n\n\n<p>Anschlie\u00dfend sind wir weiter an der K\u00fcste entlang gefahren und haben den kleinen Ort <strong>Vinar\u00f3s<\/strong> entdeckt. Dort haben wir die Nacht in unserem Camper verbracht und sind bei Wellenrauschen eingeschlafen. Es gibt eine Steilk\u00fcste mit Steinstrand. Wir haben die Stranddusche genutzt und bei den vielen Picknicktischen Abendbrot gegessen. Was f\u00fcr ein sch\u00f6nes Camperleben.<\/p>\n\n\n\n<div id=\"wp-block-themeisle-blocks-slider-c02aa7c3\" class=\"wp-block-themeisle-blocks-slider glide\" data-per-view=\"1\" data-gap=\"0\" data-peek=\"0\" data-autoplay=\"true\" data-height=\"400px\" data-hide-arrows=\"false\"><div class=\"glide__track\" data-glide-el=\"track\"><div class=\"glide__slides\"><div class=\"wp-block-themeisle-blocks-slider-item-wrapper glide__slide\" tabindex=\"0\"><figure><img decoding=\"async\" class=\"wp-block-themeisle-blocks-slider-item\" src=\"https:\/\/familie-weitgereist.de\/wp-content\/uploads\/2025\/09\/1000012920-scaled.jpg\" alt=\"\" title=\"\" data-id=\"22825\"\/><\/figure><\/div><div class=\"wp-block-themeisle-blocks-slider-item-wrapper glide__slide\" tabindex=\"0\"><figure><img decoding=\"async\" class=\"wp-block-themeisle-blocks-slider-item\" src=\"https:\/\/familie-weitgereist.de\/wp-content\/uploads\/2025\/09\/1000012962-scaled.jpg\" alt=\"\" title=\"\" data-id=\"22826\"\/><\/figure><\/div><\/div><div class=\"glide__bullets\" data-glide-el=\"controls[nav]\"><button class=\"glide__bullet\" data-glide-dir=\"=0\"><\/button><button class=\"glide__bullet\" data-glide-dir=\"=1\"><\/button><\/div><\/div><\/div>\n\n\n\n<p><strong>Tag 8:<\/strong><\/p>\n\n\n\n<p>Wir haben den kleinen Ort <strong>Pe\u00f1\u00edscola<\/strong> erkundet. Wir waren schon 2023 einmal hier im Rahmen unseres einj\u00e4hrigen <a href=\"https:\/\/familie-weitgereist.de\/?p=14008\" data-type=\"link\" data-id=\"https:\/\/familie-weitgereist.de\/?p=14008\">Camper Roadtrips durch Europa<\/a>. Damals sind wir jedoch nur die Strandpromenade entlang geschlendert und haben uns die Altstadt nicht angesehen. Das haben wir dieses Mal nachgeholt. Pe\u00f1\u00edscola geh\u00f6rt zu den &#8222;<strong>Pueblos m\u00e1s bonitos de Espa\u00f1a<\/strong>&#8220; (den sch\u00f6nsten D\u00f6rfern Spaniens). <\/p>\n\n\n\n<figure class=\"wp-block-image size-large\"><img loading=\"lazy\" decoding=\"async\" width=\"1024\" height=\"768\" src=\"https:\/\/familie-weitgereist.de\/wp-content\/uploads\/2025\/09\/1000013127-1024x768.jpg\" alt=\"\" class=\"wp-image-22831\" srcset=\"https:\/\/familie-weitgereist.de\/wp-content\/uploads\/2025\/09\/1000013127-1024x768.jpg 1024w, https:\/\/familie-weitgereist.de\/wp-content\/uploads\/2025\/09\/1000013127-300x225.jpg 300w, https:\/\/familie-weitgereist.de\/wp-content\/uploads\/2025\/09\/1000013127-768x576.jpg 768w, https:\/\/familie-weitgereist.de\/wp-content\/uploads\/2025\/09\/1000013127-1536x1152.jpg 1536w, https:\/\/familie-weitgereist.de\/wp-content\/uploads\/2025\/09\/1000013127-2048x1536.jpg 2048w, https:\/\/familie-weitgereist.de\/wp-content\/uploads\/2025\/09\/1000013127-1200x900.jpg 1200w, https:\/\/familie-weitgereist.de\/wp-content\/uploads\/2025\/09\/1000013127-1980x1485.jpg 1980w, https:\/\/familie-weitgereist.de\/wp-content\/uploads\/2025\/09\/1000013127-150x113.jpg 150w\" sizes=\"auto, (max-width: 1024px) 100vw, 1024px\" \/><\/figure>\n\n\n\n<p>Der kleine Ort Pe\u00f1\u00edscola ist bei Urlaubern sehr beliebt, obwohl er mit weniger als 8000 Einwohnern sehr klein ist. In der touristischen Hochsaison k\u00f6nnen mehr als 150.000 Menschen in dem kleinen Ort sein. Vor allem Spanier selbst, mehr und mehr auch ausl\u00e4ndische Touristen m\u00f6chten ihren Urlaub dort verbringen. Pe\u00f1\u00edscola ist wundersch\u00f6n. Es gibt eine 5 km lange Strandpromenade mit feinem, wei\u00dfen Sandstrand. Ebenso ist es f\u00fcr Kinder ein Paradies. Am Strand gibt es sehr viele verschiedene Spielpl\u00e4tze, an der Strandpromenade ebenso und auch in der Kleinstadt selbst.<\/p>\n\n\n\n<p>Ein Highlight ist die Altstadt mit ihrer Burg auf einem markanten Felsen. Dieser war damals nur \u00fcber einen schmalen Strandstreifen mit dem Festland verbunden, sodass die Burg und die Altstadt bei Flut zu einer Insel wurden. Wir schlenderten durch die engen Gassen der Altstadt. Es gibt viele Caf\u00e9s und Souvenirl\u00e4den und das Flair ist einfach sch\u00f6n. Die H\u00e4user sind wei\u00df angemalt und viele haben blaue T\u00fcren und Fenster. Es erinnert etwas an Griechenland.<\/p>\n\n\n\n<div id=\"wp-block-themeisle-blocks-slider-b30cd03e\" class=\"wp-block-themeisle-blocks-slider glide\" data-per-view=\"1\" data-gap=\"0\" data-peek=\"0\" data-autoplay=\"true\" data-height=\"400px\" data-hide-arrows=\"false\"><div class=\"glide__track\" data-glide-el=\"track\"><div class=\"glide__slides\"><div class=\"wp-block-themeisle-blocks-slider-item-wrapper glide__slide\" tabindex=\"0\"><figure><img decoding=\"async\" class=\"wp-block-themeisle-blocks-slider-item\" src=\"https:\/\/familie-weitgereist.de\/wp-content\/uploads\/2025\/09\/1000013143-scaled.jpg\" alt=\"\" title=\"\" data-id=\"22833\"\/><\/figure><\/div><div class=\"wp-block-themeisle-blocks-slider-item-wrapper glide__slide\" tabindex=\"0\"><figure><img decoding=\"async\" class=\"wp-block-themeisle-blocks-slider-item\" src=\"https:\/\/familie-weitgereist.de\/wp-content\/uploads\/2025\/09\/1000013147-scaled.jpg\" alt=\"\" title=\"\" data-id=\"22834\"\/><\/figure><\/div><div class=\"wp-block-themeisle-blocks-slider-item-wrapper glide__slide\" tabindex=\"0\"><figure><img decoding=\"async\" class=\"wp-block-themeisle-blocks-slider-item\" src=\"https:\/\/familie-weitgereist.de\/wp-content\/uploads\/2025\/09\/1000013156-scaled.jpg\" alt=\"\" title=\"\" data-id=\"22837\"\/><\/figure><\/div><div class=\"wp-block-themeisle-blocks-slider-item-wrapper glide__slide\" tabindex=\"0\"><figure><img decoding=\"async\" class=\"wp-block-themeisle-blocks-slider-item\" src=\"https:\/\/familie-weitgereist.de\/wp-content\/uploads\/2025\/09\/1000013168-scaled.jpg\" alt=\"\" title=\"\" data-id=\"22839\"\/><\/figure><\/div><div class=\"wp-block-themeisle-blocks-slider-item-wrapper glide__slide\" tabindex=\"0\"><figure><img decoding=\"async\" class=\"wp-block-themeisle-blocks-slider-item\" src=\"https:\/\/familie-weitgereist.de\/wp-content\/uploads\/2025\/09\/1000013206-scaled.jpg\" alt=\"\" title=\"\" data-id=\"22836\"\/><\/figure><\/div><\/div><div class=\"glide__bullets\" data-glide-el=\"controls[nav]\"><button class=\"glide__bullet\" data-glide-dir=\"=0\"><\/button><button class=\"glide__bullet\" data-glide-dir=\"=1\"><\/button><button class=\"glide__bullet\" data-glide-dir=\"=2\"><\/button><button class=\"glide__bullet\" data-glide-dir=\"=3\"><\/button><button class=\"glide__bullet\" data-glide-dir=\"=4\"><\/button><\/div><\/div><\/div>\n\n\n\n<p>Das Erklimmen des Burgberges erinnerte uns an <a href=\"https:\/\/familie-weitgereist.de\/?p=5607\" data-type=\"link\" data-id=\"https:\/\/familie-weitgereist.de\/?p=5607\">Monaco<\/a>. Monaco haben wir im Sommer 2021 bereist. Auch hier wird ein Berg erklommen und man hat eine grandiose Aussicht auf die K\u00fcste und die Hochh\u00e4user. Dies ist in Pe\u00f1\u00edscola \u00e4hnlich, nur kleiner.<\/p>\n\n\n\n<div id=\"wp-block-themeisle-blocks-slider-1d23ccf0\" class=\"wp-block-themeisle-blocks-slider glide\" data-per-view=\"1\" data-gap=\"0\" data-peek=\"0\" data-autoplay=\"true\" data-height=\"400px\" data-hide-arrows=\"false\"><div class=\"glide__track\" data-glide-el=\"track\"><div class=\"glide__slides\"><div class=\"wp-block-themeisle-blocks-slider-item-wrapper glide__slide\" tabindex=\"0\"><figure><img decoding=\"async\" class=\"wp-block-themeisle-blocks-slider-item\" src=\"https:\/\/familie-weitgereist.de\/wp-content\/uploads\/2025\/09\/1000013214-scaled.jpg\" alt=\"\" title=\"\" data-id=\"22838\"\/><\/figure><\/div><div class=\"wp-block-themeisle-blocks-slider-item-wrapper glide__slide\" tabindex=\"0\"><figure><img decoding=\"async\" class=\"wp-block-themeisle-blocks-slider-item\" src=\"https:\/\/familie-weitgereist.de\/wp-content\/uploads\/2025\/09\/1000013217-scaled.jpg\" alt=\"\" title=\"\" data-id=\"22840\"\/><\/figure><\/div><\/div><div class=\"glide__bullets\" data-glide-el=\"controls[nav]\"><button class=\"glide__bullet\" data-glide-dir=\"=0\"><\/button><button class=\"glide__bullet\" data-glide-dir=\"=1\"><\/button><\/div><\/div><\/div>\n\n\n\n<p>Am Nachmittag sind wir weiter gefahren in den kleinen Ort <strong>La Llosa<\/strong>. Hier haben wir eine Nacht im Camper verbracht. Es gibt einen sch\u00f6nen Park mit Picknicktischen und vielen kleinen Wasserl\u00e4ufen. Unseren Jungs hat es sehr gut gefallen. Einen kleinen Spielplatz mit Wippe, Rutsche und Kletterturm gibt es ebenfalls.<\/p>\n\n\n\n<div id=\"wp-block-themeisle-blocks-slider-29d91566\" class=\"wp-block-themeisle-blocks-slider glide\" data-per-view=\"1\" data-gap=\"0\" data-peek=\"0\" data-autoplay=\"true\" data-height=\"400px\" data-hide-arrows=\"false\"><div class=\"glide__track\" data-glide-el=\"track\"><div class=\"glide__slides\"><div class=\"wp-block-themeisle-blocks-slider-item-wrapper glide__slide\" tabindex=\"0\"><figure><img decoding=\"async\" class=\"wp-block-themeisle-blocks-slider-item\" src=\"https:\/\/familie-weitgereist.de\/wp-content\/uploads\/2025\/09\/1000013248-scaled.jpg\" alt=\"\" title=\"\" data-id=\"22847\"\/><\/figure><\/div><div class=\"wp-block-themeisle-blocks-slider-item-wrapper glide__slide\" tabindex=\"0\"><figure><img decoding=\"async\" class=\"wp-block-themeisle-blocks-slider-item\" src=\"https:\/\/familie-weitgereist.de\/wp-content\/uploads\/2025\/09\/1000013246-scaled.jpg\" alt=\"\" title=\"\" data-id=\"22846\"\/><\/figure><\/div><div class=\"wp-block-themeisle-blocks-slider-item-wrapper glide__slide\" tabindex=\"0\"><figure><img decoding=\"async\" class=\"wp-block-themeisle-blocks-slider-item\" src=\"https:\/\/familie-weitgereist.de\/wp-content\/uploads\/2025\/09\/1000013247-scaled.jpg\" alt=\"\" title=\"\" data-id=\"22848\"\/><\/figure><\/div><\/div><div class=\"glide__bullets\" data-glide-el=\"controls[nav]\"><button class=\"glide__bullet\" data-glide-dir=\"=0\"><\/button><button class=\"glide__bullet\" data-glide-dir=\"=1\"><\/button><button class=\"glide__bullet\" data-glide-dir=\"=2\"><\/button><\/div><\/div><\/div>\n\n\n\n<p><strong>Tag 9:<\/strong><\/p>\n\n\n\n<p>Wir sind weiter \u00f6stlich gefahren und haben uns Sagunto angesehen. Die Stadt im Osten von Spanien hat ca. 71.300 Einwohner und liegt im fruchtbaren Camp de Morvedre. Sie ist eine der <strong>\u00e4ltesten St\u00e4dte im Osten von Spanien<\/strong>. Besonders beeindruckend ist die riesige Burganlage auf dem Stadtberg. Wir begaben uns vom Stadtzentrum hinauf zur Burg und bewunderten den herrlichen Ausblick \u00fcber die Stadt.<\/p>\n\n\n\n<figure class=\"wp-block-image size-large\"><img loading=\"lazy\" decoding=\"async\" width=\"1024\" height=\"768\" src=\"https:\/\/familie-weitgereist.de\/wp-content\/uploads\/2025\/09\/1000013391-1024x768.jpg\" alt=\"\" class=\"wp-image-22860\" srcset=\"https:\/\/familie-weitgereist.de\/wp-content\/uploads\/2025\/09\/1000013391-1024x768.jpg 1024w, https:\/\/familie-weitgereist.de\/wp-content\/uploads\/2025\/09\/1000013391-300x225.jpg 300w, https:\/\/familie-weitgereist.de\/wp-content\/uploads\/2025\/09\/1000013391-768x576.jpg 768w, https:\/\/familie-weitgereist.de\/wp-content\/uploads\/2025\/09\/1000013391-1536x1152.jpg 1536w, https:\/\/familie-weitgereist.de\/wp-content\/uploads\/2025\/09\/1000013391-2048x1536.jpg 2048w, https:\/\/familie-weitgereist.de\/wp-content\/uploads\/2025\/09\/1000013391-1200x900.jpg 1200w, https:\/\/familie-weitgereist.de\/wp-content\/uploads\/2025\/09\/1000013391-1980x1485.jpg 1980w, https:\/\/familie-weitgereist.de\/wp-content\/uploads\/2025\/09\/1000013391-150x113.jpg 150w\" sizes=\"auto, (max-width: 1024px) 100vw, 1024px\" \/><\/figure>\n\n\n\n<p>Wir starteten unseren Ausflug an der zentralen <strong>Pla\u00e7a del Cronista Chabret<\/strong>. Dort befindet sich ein sch\u00f6ner Spielplatz und ein Caf\u00e9. Wir haben dort nat\u00fcrlich eine Weile gespielt und sind dann weiter durch die Altstadt geschlendert, hinauf zur Burganlage.<\/p>\n\n\n\n<figure class=\"wp-block-image size-large\"><img loading=\"lazy\" decoding=\"async\" width=\"1024\" height=\"768\" src=\"https:\/\/familie-weitgereist.de\/wp-content\/uploads\/2025\/09\/1000013363-1024x768.jpg\" alt=\"\" class=\"wp-image-22857\" srcset=\"https:\/\/familie-weitgereist.de\/wp-content\/uploads\/2025\/09\/1000013363-1024x768.jpg 1024w, https:\/\/familie-weitgereist.de\/wp-content\/uploads\/2025\/09\/1000013363-300x225.jpg 300w, https:\/\/familie-weitgereist.de\/wp-content\/uploads\/2025\/09\/1000013363-768x576.jpg 768w, https:\/\/familie-weitgereist.de\/wp-content\/uploads\/2025\/09\/1000013363-1536x1152.jpg 1536w, https:\/\/familie-weitgereist.de\/wp-content\/uploads\/2025\/09\/1000013363-2048x1536.jpg 2048w, https:\/\/familie-weitgereist.de\/wp-content\/uploads\/2025\/09\/1000013363-1200x900.jpg 1200w, https:\/\/familie-weitgereist.de\/wp-content\/uploads\/2025\/09\/1000013363-1980x1485.jpg 1980w, https:\/\/familie-weitgereist.de\/wp-content\/uploads\/2025\/09\/1000013363-150x113.jpg 150w\" sizes=\"auto, (max-width: 1024px) 100vw, 1024px\" \/><\/figure>\n\n\n\n<p>Das <strong>Teatro Romano<\/strong> wurde ab dem Jahr 50 n.Chr. erbaut. Es liegt unterhalb der Burg, an einem H\u00fcgel. Es bot zur r\u00f6mischen Zeit einen Blick bis zum Mittelmeer und bot Platz f\u00fcr 6000 Menschen.<\/p>\n\n\n\n<figure class=\"wp-block-image size-large\"><img loading=\"lazy\" decoding=\"async\" width=\"1024\" height=\"768\" src=\"https:\/\/familie-weitgereist.de\/wp-content\/uploads\/2025\/09\/1000013394-1024x768.jpg\" alt=\"\" class=\"wp-image-22856\" srcset=\"https:\/\/familie-weitgereist.de\/wp-content\/uploads\/2025\/09\/1000013394-1024x768.jpg 1024w, https:\/\/familie-weitgereist.de\/wp-content\/uploads\/2025\/09\/1000013394-300x225.jpg 300w, https:\/\/familie-weitgereist.de\/wp-content\/uploads\/2025\/09\/1000013394-768x576.jpg 768w, https:\/\/familie-weitgereist.de\/wp-content\/uploads\/2025\/09\/1000013394-1536x1152.jpg 1536w, https:\/\/familie-weitgereist.de\/wp-content\/uploads\/2025\/09\/1000013394-2048x1536.jpg 2048w, https:\/\/familie-weitgereist.de\/wp-content\/uploads\/2025\/09\/1000013394-1200x900.jpg 1200w, https:\/\/familie-weitgereist.de\/wp-content\/uploads\/2025\/09\/1000013394-1980x1485.jpg 1980w, https:\/\/familie-weitgereist.de\/wp-content\/uploads\/2025\/09\/1000013394-150x113.jpg 150w\" sizes=\"auto, (max-width: 1024px) 100vw, 1024px\" \/><\/figure>\n\n\n\n<p>Die Geschichte der <strong>Festungsanlage<\/strong> geht zur\u00fcck auf das 5. Jahrhundert v. Chr., als von den Iberern die Stadt Arse gegr\u00fcndet wurde. \u00dcber Jahrhunderte hinweg regierten die R\u00f6mer die Stadt. Ab 713, w\u00e4hrend der maurischen Herrschaft wurden gro\u00dfe Teile der Festung hinzugef\u00fcgt.<\/p>\n\n\n\n<div id=\"wp-block-themeisle-blocks-slider-fe7e37cc\" class=\"wp-block-themeisle-blocks-slider glide\" data-per-view=\"1\" data-gap=\"0\" data-peek=\"0\" data-autoplay=\"true\" data-height=\"400px\" data-hide-arrows=\"false\"><div class=\"glide__track\" data-glide-el=\"track\"><div class=\"glide__slides\"><div class=\"wp-block-themeisle-blocks-slider-item-wrapper glide__slide\" tabindex=\"0\"><figure><img decoding=\"async\" class=\"wp-block-themeisle-blocks-slider-item\" src=\"https:\/\/familie-weitgereist.de\/wp-content\/uploads\/2025\/09\/1000013373-scaled.jpg\" alt=\"\" title=\"\" data-id=\"22863\"\/><\/figure><\/div><div class=\"wp-block-themeisle-blocks-slider-item-wrapper glide__slide\" tabindex=\"0\"><figure><img decoding=\"async\" class=\"wp-block-themeisle-blocks-slider-item\" src=\"https:\/\/familie-weitgereist.de\/wp-content\/uploads\/2025\/09\/1000013365-scaled.jpg\" alt=\"\" title=\"\" data-id=\"22862\"\/><\/figure><\/div><\/div><div class=\"glide__bullets\" data-glide-el=\"controls[nav]\"><button class=\"glide__bullet\" data-glide-dir=\"=0\"><\/button><button class=\"glide__bullet\" data-glide-dir=\"=1\"><\/button><\/div><\/div><\/div>\n\n\n\n<p>Die gepflegte Altstadt hat uns ebenfalls sehr gefallen.<\/p>\n\n\n\n<div id=\"wp-block-themeisle-blocks-slider-384588ae\" class=\"wp-block-themeisle-blocks-slider glide\" data-per-view=\"1\" data-gap=\"0\" data-peek=\"0\" data-autoplay=\"true\" data-height=\"400px\" data-hide-arrows=\"false\"><div class=\"glide__track\" data-glide-el=\"track\"><div class=\"glide__slides\"><div class=\"wp-block-themeisle-blocks-slider-item-wrapper glide__slide\" tabindex=\"0\"><figure><img decoding=\"async\" class=\"wp-block-themeisle-blocks-slider-item\" src=\"https:\/\/familie-weitgereist.de\/wp-content\/uploads\/2025\/09\/1000013409-scaled.jpg\" alt=\"\" title=\"\" data-id=\"22865\"\/><\/figure><\/div><div class=\"wp-block-themeisle-blocks-slider-item-wrapper glide__slide\" tabindex=\"0\"><figure><img decoding=\"async\" class=\"wp-block-themeisle-blocks-slider-item\" src=\"https:\/\/familie-weitgereist.de\/wp-content\/uploads\/2025\/09\/1000013406-scaled.jpg\" alt=\"\" title=\"\" data-id=\"22866\"\/><\/figure><\/div><div class=\"wp-block-themeisle-blocks-slider-item-wrapper glide__slide\" tabindex=\"0\"><figure><img decoding=\"async\" class=\"wp-block-themeisle-blocks-slider-item\" src=\"https:\/\/familie-weitgereist.de\/wp-content\/uploads\/2025\/09\/1000013415-scaled.jpg\" alt=\"\" title=\"\" data-id=\"22867\"\/><\/figure><\/div><div class=\"wp-block-themeisle-blocks-slider-item-wrapper glide__slide\" tabindex=\"0\"><figure><img decoding=\"async\" class=\"wp-block-themeisle-blocks-slider-item\" src=\"https:\/\/familie-weitgereist.de\/wp-content\/uploads\/2025\/09\/1000013420-scaled.jpg\" alt=\"\" title=\"\" data-id=\"22868\"\/><\/figure><\/div><div class=\"wp-block-themeisle-blocks-slider-item-wrapper glide__slide\" tabindex=\"0\"><figure><img decoding=\"async\" class=\"wp-block-themeisle-blocks-slider-item\" src=\"https:\/\/familie-weitgereist.de\/wp-content\/uploads\/2025\/09\/1000013426-scaled.jpg\" alt=\"\" title=\"\" data-id=\"22869\"\/><\/figure><\/div><\/div><div class=\"glide__bullets\" data-glide-el=\"controls[nav]\"><button class=\"glide__bullet\" data-glide-dir=\"=0\"><\/button><button class=\"glide__bullet\" data-glide-dir=\"=1\"><\/button><button class=\"glide__bullet\" data-glide-dir=\"=2\"><\/button><button class=\"glide__bullet\" data-glide-dir=\"=3\"><\/button><button class=\"glide__bullet\" data-glide-dir=\"=4\"><\/button><\/div><\/div><\/div>\n\n\n\n<p>Am Nachmittag sind wir weiter nach <strong>Villargordo<\/strong> <strong>del Cabriel<\/strong> gefahren. Dort gibt es inmitten der Natur einen sch\u00f6nen Picknickplatz mit Kletterspinne und vielen Picknicktischen. Wir hatten eine ruhige Nacht inmitten der Natur.<\/p>\n\n\n\n<div id=\"wp-block-themeisle-blocks-slider-8924b75f\" class=\"wp-block-themeisle-blocks-slider glide\" data-per-view=\"1\" data-gap=\"0\" data-peek=\"0\" data-autoplay=\"true\" data-height=\"400px\" data-hide-arrows=\"false\"><div class=\"glide__track\" data-glide-el=\"track\"><div class=\"glide__slides\"><div class=\"wp-block-themeisle-blocks-slider-item-wrapper glide__slide\" tabindex=\"0\"><figure><img decoding=\"async\" class=\"wp-block-themeisle-blocks-slider-item\" src=\"https:\/\/familie-weitgereist.de\/wp-content\/uploads\/2025\/09\/1000013474-scaled.jpg\" alt=\"\" title=\"\" data-id=\"22879\"\/><\/figure><\/div><div class=\"wp-block-themeisle-blocks-slider-item-wrapper glide__slide\" tabindex=\"0\"><figure><img decoding=\"async\" class=\"wp-block-themeisle-blocks-slider-item\" src=\"https:\/\/familie-weitgereist.de\/wp-content\/uploads\/2025\/09\/1000013467-scaled.jpg\" alt=\"\" title=\"\" data-id=\"22877\"\/><\/figure><\/div><div class=\"wp-block-themeisle-blocks-slider-item-wrapper glide__slide\" tabindex=\"0\"><figure><img decoding=\"async\" class=\"wp-block-themeisle-blocks-slider-item\" src=\"https:\/\/familie-weitgereist.de\/wp-content\/uploads\/2025\/09\/1000013445-scaled.jpg\" alt=\"\" title=\"\" data-id=\"22881\"\/><\/figure><\/div><div class=\"wp-block-themeisle-blocks-slider-item-wrapper glide__slide\" tabindex=\"0\"><figure><img decoding=\"async\" class=\"wp-block-themeisle-blocks-slider-item\" src=\"https:\/\/familie-weitgereist.de\/wp-content\/uploads\/2025\/09\/1000013461-scaled.jpg\" alt=\"\" title=\"\" data-id=\"22878\"\/><\/figure><\/div><div class=\"wp-block-themeisle-blocks-slider-item-wrapper glide__slide\" tabindex=\"0\"><figure><img decoding=\"async\" class=\"wp-block-themeisle-blocks-slider-item\" src=\"https:\/\/familie-weitgereist.de\/wp-content\/uploads\/2025\/09\/1000013444-scaled.jpg\" alt=\"\" title=\"\" data-id=\"22880\"\/><\/figure><\/div><\/div><div class=\"glide__bullets\" data-glide-el=\"controls[nav]\"><button class=\"glide__bullet\" data-glide-dir=\"=0\"><\/button><button class=\"glide__bullet\" data-glide-dir=\"=1\"><\/button><button class=\"glide__bullet\" data-glide-dir=\"=2\"><\/button><button class=\"glide__bullet\" data-glide-dir=\"=3\"><\/button><button class=\"glide__bullet\" data-glide-dir=\"=4\"><\/button><\/div><\/div><\/div>\n\n\n\n<p><strong>Tag 10<\/strong> <strong>und 11:<\/strong><\/p>\n\n\n\n<p>Wir haben einen langen Fahrtag eingelegt und sind weiter in den S\u00fcden Spaniens Richtung Huelva gefahren. In <strong>Carmona<\/strong> haben wir die Nacht auf einem Wohnmobilstellplatz der Stadt verbracht. <strong>Carmona z\u00e4hlt zu den \u00e4ltesten St\u00e4dten in Europa<\/strong>. Es leben ca. 30.000 Einwohner in der kleinen Stadt.<\/p>\n\n\n\n<figure class=\"wp-block-image size-large\"><img loading=\"lazy\" decoding=\"async\" width=\"1024\" height=\"768\" src=\"https:\/\/familie-weitgereist.de\/wp-content\/uploads\/2025\/09\/1000013629-1024x768.jpg\" alt=\"\" class=\"wp-image-22895\" srcset=\"https:\/\/familie-weitgereist.de\/wp-content\/uploads\/2025\/09\/1000013629-1024x768.jpg 1024w, https:\/\/familie-weitgereist.de\/wp-content\/uploads\/2025\/09\/1000013629-300x225.jpg 300w, https:\/\/familie-weitgereist.de\/wp-content\/uploads\/2025\/09\/1000013629-768x576.jpg 768w, https:\/\/familie-weitgereist.de\/wp-content\/uploads\/2025\/09\/1000013629-1536x1152.jpg 1536w, https:\/\/familie-weitgereist.de\/wp-content\/uploads\/2025\/09\/1000013629-2048x1536.jpg 2048w, https:\/\/familie-weitgereist.de\/wp-content\/uploads\/2025\/09\/1000013629-1200x900.jpg 1200w, https:\/\/familie-weitgereist.de\/wp-content\/uploads\/2025\/09\/1000013629-1980x1485.jpg 1980w, https:\/\/familie-weitgereist.de\/wp-content\/uploads\/2025\/09\/1000013629-150x113.jpg 150w\" sizes=\"auto, (max-width: 1024px) 100vw, 1024px\" \/><\/figure>\n\n\n\n<p>Zu den Sehensw\u00fcrdigkeiten z\u00e4hlt die Befestigungsanlage, dessen Urspr\u00fcnge in das 9. Jh. v. Chr. zur\u00fcck reichen. Zahlreiche Kulturen, u.a. die Ph\u00f6nizer, die R\u00f6mer, die Mauren und die Spanier hinterlie\u00dfen ihre Spuren.<\/p>\n\n\n\n<p>Wir schlenderten durch die Altstadt, ausger\u00fcstet mit einer Karte von der Touristeninformation und folgten der beschilderten <strong><em>Ruta Tur\u00edstica<\/em><\/strong>.<\/p>\n\n\n\n<div id=\"wp-block-themeisle-blocks-slider-97e6a08c\" class=\"wp-block-themeisle-blocks-slider glide\" data-per-view=\"1\" data-gap=\"0\" data-peek=\"0\" data-autoplay=\"true\" data-height=\"400px\" data-hide-arrows=\"false\"><div class=\"glide__track\" data-glide-el=\"track\"><div class=\"glide__slides\"><div class=\"wp-block-themeisle-blocks-slider-item-wrapper glide__slide\" tabindex=\"0\"><figure><img decoding=\"async\" class=\"wp-block-themeisle-blocks-slider-item\" src=\"https:\/\/familie-weitgereist.de\/wp-content\/uploads\/2025\/09\/1000013816-scaled.jpg\" alt=\"\" title=\"\" data-id=\"22902\"\/><\/figure><\/div><div class=\"wp-block-themeisle-blocks-slider-item-wrapper glide__slide\" tabindex=\"0\"><figure><img decoding=\"async\" class=\"wp-block-themeisle-blocks-slider-item\" src=\"https:\/\/familie-weitgereist.de\/wp-content\/uploads\/2025\/09\/1000013819-scaled.jpg\" alt=\"\" title=\"\" data-id=\"22900\"\/><\/figure><\/div><div class=\"wp-block-themeisle-blocks-slider-item-wrapper glide__slide\" tabindex=\"0\"><figure><img decoding=\"async\" class=\"wp-block-themeisle-blocks-slider-item\" src=\"https:\/\/familie-weitgereist.de\/wp-content\/uploads\/2025\/09\/1000013834-scaled.jpg\" alt=\"\" title=\"\" data-id=\"22903\"\/><\/figure><\/div><div class=\"wp-block-themeisle-blocks-slider-item-wrapper glide__slide\" tabindex=\"0\"><figure><img decoding=\"async\" class=\"wp-block-themeisle-blocks-slider-item\" src=\"https:\/\/familie-weitgereist.de\/wp-content\/uploads\/2025\/09\/1000013868-scaled.jpg\" alt=\"\" title=\"\" data-id=\"22901\"\/><\/figure><\/div><div class=\"wp-block-themeisle-blocks-slider-item-wrapper glide__slide\" tabindex=\"0\"><figure><img decoding=\"async\" class=\"wp-block-themeisle-blocks-slider-item\" src=\"https:\/\/familie-weitgereist.de\/wp-content\/uploads\/2025\/09\/1000013888-scaled.jpg\" alt=\"\" title=\"\" data-id=\"22904\"\/><\/figure><\/div><\/div><div class=\"glide__bullets\" data-glide-el=\"controls[nav]\"><button class=\"glide__bullet\" data-glide-dir=\"=0\"><\/button><button class=\"glide__bullet\" data-glide-dir=\"=1\"><\/button><button class=\"glide__bullet\" data-glide-dir=\"=2\"><\/button><button class=\"glide__bullet\" data-glide-dir=\"=3\"><\/button><button class=\"glide__bullet\" data-glide-dir=\"=4\"><\/button><\/div><\/div><\/div>\n\n\n\n<p>Die Gemeinde hat einen riesigen Abenteuerspielplatz und einen genialen Park erschaffen. Es gibt ein riesiges Dinosaurier Kletterger\u00fcst, mehrere Spielplatzbereiche mit Kletterm\u00f6glichkeiten, Schaukeln, einer Zipline. Es gibt einen kleinen Ententeich und eine saubere Toilette. Zudem kann man auf den Wegen im Park gut Fahrrad fahren. Viele B\u00e4nke und Tische sind vorhanden.<\/p>\n\n\n\n<div id=\"wp-block-themeisle-blocks-slider-b65d315f\" class=\"wp-block-themeisle-blocks-slider glide\" data-per-view=\"1\" data-gap=\"0\" data-peek=\"0\" data-autoplay=\"true\" data-height=\"400px\" data-hide-arrows=\"false\"><div class=\"glide__track\" data-glide-el=\"track\"><div class=\"glide__slides\"><div class=\"wp-block-themeisle-blocks-slider-item-wrapper glide__slide\" tabindex=\"0\"><figure><img decoding=\"async\" class=\"wp-block-themeisle-blocks-slider-item\" src=\"https:\/\/familie-weitgereist.de\/wp-content\/uploads\/2025\/09\/1000013615-scaled.jpg\" alt=\"\" title=\"\" data-id=\"22890\"\/><\/figure><\/div><div class=\"wp-block-themeisle-blocks-slider-item-wrapper glide__slide\" tabindex=\"0\"><figure><img decoding=\"async\" class=\"wp-block-themeisle-blocks-slider-item\" src=\"https:\/\/familie-weitgereist.de\/wp-content\/uploads\/2025\/09\/1000013618-scaled.jpg\" alt=\"\" title=\"\" data-id=\"22891\"\/><\/figure><\/div><div class=\"wp-block-themeisle-blocks-slider-item-wrapper glide__slide\" tabindex=\"0\"><figure><img decoding=\"async\" class=\"wp-block-themeisle-blocks-slider-item\" src=\"https:\/\/familie-weitgereist.de\/wp-content\/uploads\/2025\/09\/1000013603-scaled.jpg\" alt=\"\" title=\"\" data-id=\"22894\"\/><\/figure><\/div><div class=\"wp-block-themeisle-blocks-slider-item-wrapper glide__slide\" tabindex=\"0\"><figure><img decoding=\"async\" class=\"wp-block-themeisle-blocks-slider-item\" src=\"https:\/\/familie-weitgereist.de\/wp-content\/uploads\/2025\/09\/1000013597-scaled.jpg\" alt=\"\" title=\"\" data-id=\"22892\"\/><\/figure><\/div><div class=\"wp-block-themeisle-blocks-slider-item-wrapper glide__slide\" tabindex=\"0\"><figure><img decoding=\"async\" class=\"wp-block-themeisle-blocks-slider-item\" src=\"https:\/\/familie-weitgereist.de\/wp-content\/uploads\/2025\/09\/1000013591-scaled.jpg\" alt=\"\" title=\"\" data-id=\"22893\"\/><\/figure><\/div><\/div><div class=\"glide__bullets\" data-glide-el=\"controls[nav]\"><button class=\"glide__bullet\" data-glide-dir=\"=0\"><\/button><button class=\"glide__bullet\" data-glide-dir=\"=1\"><\/button><button class=\"glide__bullet\" data-glide-dir=\"=2\"><\/button><button class=\"glide__bullet\" data-glide-dir=\"=3\"><\/button><button class=\"glide__bullet\" data-glide-dir=\"=4\"><\/button><\/div><\/div><\/div>\n\n\n\n<p>Da es so hei\u00df war, wir hatten 38\u00b0C, kamen die meisten Einheimischen erst gegen 20:00 zum Spielplatz. Vorher hatten wir den tollen Park nahezu f\u00fcr uns allein.<\/p>\n\n\n\n<p>Nachdem wir uns ausgiebig die wundersch\u00f6ne Altstadt angesehen haben, sind wir 1,5 Stunden weiter Richtung Huelva gefahren. N\u00f6rdlich des K\u00fcstenortes <strong>Punta Umbr\u00eda<\/strong> gelegen, haben wir bei der <em><strong>Ermita de Santa Cruz<\/strong><\/em>, einer kleinen Kirche im Wald, mit Wasserstelle und vielen Spazierwegen zwei ruhige N\u00e4chte verbracht.<\/p>\n\n\n\n<div id=\"wp-block-themeisle-blocks-slider-7048d48f\" class=\"wp-block-themeisle-blocks-slider glide\" data-per-view=\"1\" data-gap=\"0\" data-peek=\"0\" data-autoplay=\"true\" data-height=\"400px\" data-hide-arrows=\"false\"><div class=\"glide__track\" data-glide-el=\"track\"><div class=\"glide__slides\"><div class=\"wp-block-themeisle-blocks-slider-item-wrapper glide__slide\" tabindex=\"0\"><figure><img decoding=\"async\" class=\"wp-block-themeisle-blocks-slider-item\" src=\"https:\/\/familie-weitgereist.de\/wp-content\/uploads\/2025\/09\/1000013928-scaled.jpg\" alt=\"\" title=\"\" data-id=\"22910\"\/><\/figure><\/div><div class=\"wp-block-themeisle-blocks-slider-item-wrapper glide__slide\" tabindex=\"0\"><figure><img decoding=\"async\" class=\"wp-block-themeisle-blocks-slider-item\" src=\"https:\/\/familie-weitgereist.de\/wp-content\/uploads\/2025\/09\/1000013922-scaled.jpg\" alt=\"\" title=\"\" data-id=\"22911\"\/><\/figure><\/div><\/div><div class=\"glide__bullets\" data-glide-el=\"controls[nav]\"><button class=\"glide__bullet\" data-glide-dir=\"=0\"><\/button><button class=\"glide__bullet\" data-glide-dir=\"=1\"><\/button><\/div><\/div><\/div>\n\n\n\n<p><strong>Tag 12:<\/strong><\/p>\n\n\n\n<p>In der Provinz Huelva an der <strong>Costa de la Luz <\/strong>(Lichtk\u00fcste) liegt die Kleinstadt Punta Umbr\u00eda. Die Stadt befindet sich direkt an der Atlantikk\u00fcste und liegt an der M\u00fcndung der beiden Fl\u00fcsse Tinto und Odiel. Der Name der Stadt bedeutet, die Landzunge, die ins Meer ragt und &#8222;Umbr\u00eda&#8220;, der Schatten der Pinienb\u00e4ume. In der Kleinstadt wohnen ca. 16.000 Einwohner.<\/p>\n\n\n\n<figure class=\"wp-block-image size-large\"><img loading=\"lazy\" decoding=\"async\" width=\"1024\" height=\"768\" src=\"https:\/\/familie-weitgereist.de\/wp-content\/uploads\/2025\/09\/1000014098-1024x768.jpg\" alt=\"\" class=\"wp-image-22922\" srcset=\"https:\/\/familie-weitgereist.de\/wp-content\/uploads\/2025\/09\/1000014098-1024x768.jpg 1024w, https:\/\/familie-weitgereist.de\/wp-content\/uploads\/2025\/09\/1000014098-300x225.jpg 300w, https:\/\/familie-weitgereist.de\/wp-content\/uploads\/2025\/09\/1000014098-768x576.jpg 768w, https:\/\/familie-weitgereist.de\/wp-content\/uploads\/2025\/09\/1000014098-1536x1152.jpg 1536w, https:\/\/familie-weitgereist.de\/wp-content\/uploads\/2025\/09\/1000014098-2048x1536.jpg 2048w, https:\/\/familie-weitgereist.de\/wp-content\/uploads\/2025\/09\/1000014098-1200x900.jpg 1200w, https:\/\/familie-weitgereist.de\/wp-content\/uploads\/2025\/09\/1000014098-1980x1485.jpg 1980w, https:\/\/familie-weitgereist.de\/wp-content\/uploads\/2025\/09\/1000014098-150x113.jpg 150w\" sizes=\"auto, (max-width: 1024px) 100vw, 1024px\" \/><\/figure>\n\n\n\n<p>Wir haben in Punta Umbr\u00eda einige Erledigungen get\u00e4tigt. Wir waren W\u00e4sche waschen, haben unser Auto gewaschen und einkaufen. <\/p>\n\n\n\n<p>Zudem haben wir einige Stunden am herrlichen Sandstrand verbracht. Der Sand ist so weich, es gibt wundersch\u00f6ne Muscheln und der Atlantik ist Mitte September noch angenehm warm. Am Strand gibt es viele kleine Strandbars und Duschen.<\/p>\n\n\n\n<div id=\"wp-block-themeisle-blocks-slider-cc66995e\" class=\"wp-block-themeisle-blocks-slider glide\" data-per-view=\"1\" data-gap=\"0\" data-peek=\"0\" data-autoplay=\"true\" data-height=\"400px\" data-hide-arrows=\"false\"><div class=\"glide__track\" data-glide-el=\"track\"><div class=\"glide__slides\"><div class=\"wp-block-themeisle-blocks-slider-item-wrapper glide__slide\" tabindex=\"0\"><figure><img decoding=\"async\" class=\"wp-block-themeisle-blocks-slider-item\" src=\"https:\/\/familie-weitgereist.de\/wp-content\/uploads\/2025\/09\/1000014046-scaled.jpg\" alt=\"\" title=\"\" data-id=\"22921\"\/><\/figure><\/div><div class=\"wp-block-themeisle-blocks-slider-item-wrapper glide__slide\" tabindex=\"0\"><figure><img decoding=\"async\" class=\"wp-block-themeisle-blocks-slider-item\" src=\"https:\/\/familie-weitgereist.de\/wp-content\/uploads\/2025\/09\/1000014091-scaled.jpg\" alt=\"\" title=\"\" data-id=\"22920\"\/><\/figure><\/div><\/div><div class=\"glide__bullets\" data-glide-el=\"controls[nav]\"><button class=\"glide__bullet\" data-glide-dir=\"=0\"><\/button><button class=\"glide__bullet\" data-glide-dir=\"=1\"><\/button><\/div><\/div><\/div>\n\n\n\n<p><strong>Tag 13 und 14:<\/strong><\/p>\n\n\n\n<p>Wir sind in Huelva mit der F\u00e4hre des Unternehmens <strong>Bale\u00e0ria<\/strong> 17:00 abgelegt. Wir verbrachten insgesamt 40 Stunden auf der F\u00e4hre und schliefen zwei N\u00e4chte an Bord. Im Hafen von Teneriffa hatten wir einen Zwischenstopp von ca. 7 Stunden. Die F\u00e4hre wurde ent- und neu beladen.<\/p>\n\n\n\n<p>Unsere Kinder hatten alle sehr viel Spa\u00df auf der F\u00e4hre. Es war ein riesiges Abenteuer. Wir erkundeten jeden Winkel. Die Jungs hatten genug M\u00f6glichkeiten sich zu bewegen.<\/p>\n\n\n\n<p>Wir haben uns diesmal <strong>VIP Sessel <\/strong>gebucht. Diese sind sehr weich und bequem und k\u00f6nnen in eine angenehme Liegeposition verstellt werden. So konnten wir alle gut schlafen.<\/p>\n\n\n\n<p>Nach 40 Stunden auf dem Atlantik freuten wir uns sehr, als Land in Sicht war und wir im Hafen von Las Palmas de Gran Canaria anlegten.<\/p>\n\n\n\n<div id=\"wp-block-themeisle-blocks-slider-ae135b33\" class=\"wp-block-themeisle-blocks-slider glide\" data-per-view=\"1\" data-gap=\"0\" data-peek=\"0\" data-autoplay=\"true\" data-height=\"400px\" data-hide-arrows=\"false\"><div class=\"glide__track\" data-glide-el=\"track\"><div class=\"glide__slides\"><div class=\"wp-block-themeisle-blocks-slider-item-wrapper glide__slide\" tabindex=\"0\"><figure><img decoding=\"async\" class=\"wp-block-themeisle-blocks-slider-item\" src=\"https:\/\/familie-weitgereist.de\/wp-content\/uploads\/2025\/09\/1000014360-scaled.jpg\" alt=\"\" title=\"\" data-id=\"22934\"\/><\/figure><\/div><div class=\"wp-block-themeisle-blocks-slider-item-wrapper glide__slide\" tabindex=\"0\"><figure><img decoding=\"async\" class=\"wp-block-themeisle-blocks-slider-item\" src=\"https:\/\/familie-weitgereist.de\/wp-content\/uploads\/2025\/09\/1000014298-scaled.jpg\" alt=\"\" title=\"\" data-id=\"22935\"\/><\/figure><\/div><\/div><div class=\"glide__bullets\" data-glide-el=\"controls[nav]\"><button class=\"glide__bullet\" data-glide-dir=\"=0\"><\/button><button class=\"glide__bullet\" data-glide-dir=\"=1\"><\/button><\/div><\/div><\/div>\n\n\n\n<p class=\"has-text-align-center\">Nun kann unser Inselabenteuer beginnen!<\/p>\n","protected":false},"excerpt":{"rendered":"<p>Im September 2025 haben wir einen Roadtrip durch Westeuropa unternommen, unser endg\u00fcltiges Ziel war Gran Canaria. F\u00fcr die Anreise zur F\u00e4hre in Huelva in Spanien haben wir 12 Tage eingeplant und einige sch\u00f6ne Stopps in Deutschland, der Schweiz, Frankreich, Andorra und Spanien mit unseren Kindern gemacht. In den letzten Jahren haben wir schon sehr viele [&hellip;]<\/p>\n","protected":false},"author":3,"featured_media":22879,"comment_status":"open","ping_status":"open","sticky":false,"template":"","format":"standard","meta":{"_themeisle_gutenberg_block_has_review":false,"footnotes":""},"categories":[8,777,1750,242,257,4,238,246,377],"tags":[775,778,1643,1641,1642,1652,1644,1647,325,580,191,1646,901,1645,1648,922,1640,1653,1651,1650,198,143,1649],"class_list":["post-22714","post","type-post","status-publish","format-standard","has-post-thumbnail","hentry","category-europa","category-andorra","category-baden-wuerttemberg","category-deutschland","category-frankreich","category-laender","category-schweiz","category-spanien","category-spielplaetze","tag-andorra","tag-andorra-la-vella","tag-balan","tag-biel","tag-bienne","tag-carmona","tag-chaudeyrac","tag-ciutadilla","tag-deutschland","tag-europa","tag-frankreich","tag-graben-neudorf","tag-gran-canaria","tag-marvejols","tag-miami-platja","tag-peniscola","tag-perouges","tag-punta-umbria","tag-sagunt","tag-sagunto","tag-schweiz","tag-spanien","tag-vinaros"],"_links":{"self":[{"href":"https:\/\/familie-weitgereist.de\/index.php?rest_route=\/wp\/v2\/posts\/22714","targetHints":{"allow":["GET"]}}],"collection":[{"href":"https:\/\/familie-weitgereist.de\/index.php?rest_route=\/wp\/v2\/posts"}],"about":[{"href":"https:\/\/familie-weitgereist.de\/index.php?rest_route=\/wp\/v2\/types\/post"}],"author":[{"embeddable":true,"href":"https:\/\/familie-weitgereist.de\/index.php?rest_route=\/wp\/v2\/users\/3"}],"replies":[{"embeddable":true,"href":"https:\/\/familie-weitgereist.de\/index.php?rest_route=%2Fwp%2Fv2%2Fcomments&post=22714"}],"version-history":[{"count":122,"href":"https:\/\/familie-weitgereist.de\/index.php?rest_route=\/wp\/v2\/posts\/22714\/revisions"}],"predecessor-version":[{"id":24002,"href":"https:\/\/familie-weitgereist.de\/index.php?rest_route=\/wp\/v2\/posts\/22714\/revisions\/24002"}],"wp:featuredmedia":[{"embeddable":true,"href":"https:\/\/familie-weitgereist.de\/index.php?rest_route=\/wp\/v2\/media\/22879"}],"wp:attachment":[{"href":"https:\/\/familie-weitgereist.de\/index.php?rest_route=%2Fwp%2Fv2%2Fmedia&parent=22714"}],"wp:term":[{"taxonomy":"category","embeddable":true,"href":"https:\/\/familie-weitgereist.de\/index.php?rest_route=%2Fwp%2Fv2%2Fcategories&post=22714"},{"taxonomy":"post_tag","embeddable":true,"href":"https:\/\/familie-weitgereist.de\/index.php?rest_route=%2Fwp%2Fv2%2Ftags&post=22714"}],"curies":[{"name":"wp","href":"https:\/\/api.w.org\/{rel}","templated":true}]}}