{"id":22642,"date":"2025-08-23T22:26:39","date_gmt":"2025-08-23T20:26:39","guid":{"rendered":"https:\/\/familie-weitgereist.de\/?p=22642"},"modified":"2025-11-12T21:31:02","modified_gmt":"2025-11-12T20:31:02","slug":"eisenbahnwelten-im-kurort-rathen","status":"publish","type":"post","link":"https:\/\/familie-weitgereist.de\/?p=22642","title":{"rendered":"Eisenbahnwelten im Kurort Rathen, Sachsen"},"content":{"rendered":"\n<p>Im Luftkurort Rathen, in der S\u00e4chsischen Schweiz, befindet sich die <strong>weltweit gr\u00f6\u00dfte Garteneisenbahn<\/strong>!<\/p>\n\n\n\n<figure class=\"wp-block-image size-large\"><img loading=\"lazy\" decoding=\"async\" width=\"1024\" height=\"768\" src=\"https:\/\/familie-weitgereist.de\/wp-content\/uploads\/2025\/08\/1000010274-1024x768.jpg\" alt=\"\" class=\"wp-image-22644\" srcset=\"https:\/\/familie-weitgereist.de\/wp-content\/uploads\/2025\/08\/1000010274-1024x768.jpg 1024w, https:\/\/familie-weitgereist.de\/wp-content\/uploads\/2025\/08\/1000010274-300x225.jpg 300w, https:\/\/familie-weitgereist.de\/wp-content\/uploads\/2025\/08\/1000010274-768x576.jpg 768w, https:\/\/familie-weitgereist.de\/wp-content\/uploads\/2025\/08\/1000010274-1536x1152.jpg 1536w, https:\/\/familie-weitgereist.de\/wp-content\/uploads\/2025\/08\/1000010274-2048x1536.jpg 2048w, https:\/\/familie-weitgereist.de\/wp-content\/uploads\/2025\/08\/1000010274-1200x900.jpg 1200w, https:\/\/familie-weitgereist.de\/wp-content\/uploads\/2025\/08\/1000010274-1980x1485.jpg 1980w, https:\/\/familie-weitgereist.de\/wp-content\/uploads\/2025\/08\/1000010274-150x113.jpg 150w\" sizes=\"auto, (max-width: 1024px) 100vw, 1024px\" \/><\/figure>\n\n\n\n<p>Auf einer Fl\u00e4che von 7000m\u00b2 sind 5200m Gleise und 90 Weichen verbaut. 40 Z\u00fcge k\u00f6nnen gleichzeitig fahren und k\u00f6nnen durch das Dr\u00fccken von Buttons zum Starten gebracht werden. Ein riesen Vergn\u00fcgen f\u00fcr Gro\u00df und Klein!<\/p>\n\n\n\n<figure class=\"wp-block-image size-large\"><img loading=\"lazy\" decoding=\"async\" width=\"1024\" height=\"768\" src=\"https:\/\/familie-weitgereist.de\/wp-content\/uploads\/2025\/08\/1000010312-1024x768.jpg\" alt=\"\" class=\"wp-image-22652\" srcset=\"https:\/\/familie-weitgereist.de\/wp-content\/uploads\/2025\/08\/1000010312-1024x768.jpg 1024w, https:\/\/familie-weitgereist.de\/wp-content\/uploads\/2025\/08\/1000010312-300x225.jpg 300w, https:\/\/familie-weitgereist.de\/wp-content\/uploads\/2025\/08\/1000010312-768x576.jpg 768w, https:\/\/familie-weitgereist.de\/wp-content\/uploads\/2025\/08\/1000010312-1536x1152.jpg 1536w, https:\/\/familie-weitgereist.de\/wp-content\/uploads\/2025\/08\/1000010312-2048x1536.jpg 2048w, https:\/\/familie-weitgereist.de\/wp-content\/uploads\/2025\/08\/1000010312-1200x900.jpg 1200w, https:\/\/familie-weitgereist.de\/wp-content\/uploads\/2025\/08\/1000010312-1980x1485.jpg 1980w, https:\/\/familie-weitgereist.de\/wp-content\/uploads\/2025\/08\/1000010312-150x113.jpg 150w\" sizes=\"auto, (max-width: 1024px) 100vw, 1024px\" \/><\/figure>\n\n\n\n<p>Die Miniaturwelt liegt idyllisch inmitten von Rathen, mit Blick auf die Bastei, die Elbf\u00e4hre und die Elbe. Kleine Wege schl\u00e4ngeln sich durch den Park, diese sind auch kinderwagentauglich.<\/p>\n\n\n\n<figure class=\"wp-block-image size-large\"><img loading=\"lazy\" decoding=\"async\" width=\"1024\" height=\"768\" src=\"https:\/\/familie-weitgereist.de\/wp-content\/uploads\/2025\/08\/1000010327-1024x768.jpg\" alt=\"\" class=\"wp-image-22653\" srcset=\"https:\/\/familie-weitgereist.de\/wp-content\/uploads\/2025\/08\/1000010327-1024x768.jpg 1024w, https:\/\/familie-weitgereist.de\/wp-content\/uploads\/2025\/08\/1000010327-300x225.jpg 300w, https:\/\/familie-weitgereist.de\/wp-content\/uploads\/2025\/08\/1000010327-768x576.jpg 768w, https:\/\/familie-weitgereist.de\/wp-content\/uploads\/2025\/08\/1000010327-1536x1152.jpg 1536w, https:\/\/familie-weitgereist.de\/wp-content\/uploads\/2025\/08\/1000010327-2048x1536.jpg 2048w, https:\/\/familie-weitgereist.de\/wp-content\/uploads\/2025\/08\/1000010327-1200x900.jpg 1200w, https:\/\/familie-weitgereist.de\/wp-content\/uploads\/2025\/08\/1000010327-1980x1485.jpg 1980w, https:\/\/familie-weitgereist.de\/wp-content\/uploads\/2025\/08\/1000010327-150x113.jpg 150w\" sizes=\"auto, (max-width: 1024px) 100vw, 1024px\" \/><\/figure>\n\n\n\n<p>An jeder Ecke gibt es etwas Tolles zu bestaunen. In liebevollen Details werden markante Geb\u00e4ude der Umgebung dargestellt, u.a. das Schloss Moritzburg, die Burg Stolpen und der Mei\u00dfner Dom. Die Z\u00fcge verkehren durch Tunnel, unter Br\u00fccken, entlang der Elbe und den Sandsteinfelsen. Es gibt sogar eine Nachstellung des Matterhorns und den Bergen der Schweiz.<\/p>\n\n\n\n<div id=\"wp-block-themeisle-blocks-slider-059496a9\" class=\"wp-block-themeisle-blocks-slider glide\" data-per-view=\"1\" data-gap=\"0\" data-peek=\"0\" data-autoplay=\"true\" data-height=\"400px\" data-hide-arrows=\"false\"><div class=\"glide__track\" data-glide-el=\"track\"><div class=\"glide__slides\"><div class=\"wp-block-themeisle-blocks-slider-item-wrapper glide__slide\" tabindex=\"0\"><figure><img decoding=\"async\" class=\"wp-block-themeisle-blocks-slider-item\" src=\"https:\/\/familie-weitgereist.de\/wp-content\/uploads\/2025\/08\/1000010305-scaled.jpg\" alt=\"\" title=\"\" data-id=\"22656\"\/><\/figure><\/div><div class=\"wp-block-themeisle-blocks-slider-item-wrapper glide__slide\" tabindex=\"0\"><figure><img decoding=\"async\" class=\"wp-block-themeisle-blocks-slider-item\" src=\"https:\/\/familie-weitgereist.de\/wp-content\/uploads\/2025\/08\/1000010259-scaled.jpg\" alt=\"\" title=\"\" data-id=\"22658\"\/><\/figure><\/div><div class=\"wp-block-themeisle-blocks-slider-item-wrapper glide__slide\" tabindex=\"0\"><figure><img decoding=\"async\" class=\"wp-block-themeisle-blocks-slider-item\" src=\"https:\/\/familie-weitgereist.de\/wp-content\/uploads\/2025\/08\/1000010221-scaled.jpg\" alt=\"\" title=\"\" data-id=\"22655\"\/><\/figure><\/div><div class=\"wp-block-themeisle-blocks-slider-item-wrapper glide__slide\" tabindex=\"0\"><figure><img decoding=\"async\" class=\"wp-block-themeisle-blocks-slider-item\" src=\"https:\/\/familie-weitgereist.de\/wp-content\/uploads\/2025\/08\/1000010262-scaled.jpg\" alt=\"\" title=\"\" data-id=\"22657\"\/><\/figure><\/div><\/div><div class=\"glide__bullets\" data-glide-el=\"controls[nav]\"><button class=\"glide__bullet\" data-glide-dir=\"=0\"><\/button><button class=\"glide__bullet\" data-glide-dir=\"=1\"><\/button><button class=\"glide__bullet\" data-glide-dir=\"=2\"><\/button><button class=\"glide__bullet\" data-glide-dir=\"=3\"><\/button><\/div><\/div><\/div>\n\n\n\n<p>Im Park befindet sich ebenfalls ein Restaurant.<\/p>\n\n\n\n<p>Der Eintritt in den Park kostet 9\u20ac f\u00fcr Erwachsene, Kinder von 1 &#8211; 5 Jahren zahlen 2\u20ac und Kinder ab 6 &#8211; 16 Jahren zahlen 5\u20ac. Es gibt auch eine Familienkarte f\u00fcr 2 Erwachsene und 2 Kinder f\u00fcr 20\u20ac, jedes weitere Kind kostet 1\u20ac. (<em>Stand August 2025<\/em>)<\/p>\n\n\n\n<p>Im Nachbarort, in <strong>Stadt Wehlen<\/strong>, befindet sich der <strong><a href=\"https:\/\/familie-weitgereist.de\/?p=18862\" data-type=\"link\" data-id=\"https:\/\/familie-weitgereist.de\/?p=18862\">Miniaturpark &#8222;Die kleine s\u00e4chsische Schweiz&#8220;<\/a><\/strong>. Dort waren wir ebenfalls mit unseren Kindern und haben dazu einen Blogbeitrag ver\u00f6ffentlicht.<\/p>\n\n\n\n<p>Gegen\u00fcber der Miniaturwelt befindet sich ein sch\u00f6ner Spielplatz in Rathen, auf dem wir nach unserem Besuch noch etwas verweilt haben. Es gibt zwei Schaukeln, eine Wippe, zwei Wackeltiere, einen Kletterfelsen und ein Kletterger\u00fcst mit Rutsche.<\/p>\n\n\n\n<figure class=\"wp-block-image size-large\"><img loading=\"lazy\" decoding=\"async\" width=\"1024\" height=\"768\" src=\"https:\/\/familie-weitgereist.de\/wp-content\/uploads\/2025\/08\/1000010368-1024x768.jpg\" alt=\"\" class=\"wp-image-22660\" srcset=\"https:\/\/familie-weitgereist.de\/wp-content\/uploads\/2025\/08\/1000010368-1024x768.jpg 1024w, https:\/\/familie-weitgereist.de\/wp-content\/uploads\/2025\/08\/1000010368-300x225.jpg 300w, https:\/\/familie-weitgereist.de\/wp-content\/uploads\/2025\/08\/1000010368-768x576.jpg 768w, https:\/\/familie-weitgereist.de\/wp-content\/uploads\/2025\/08\/1000010368-1536x1152.jpg 1536w, https:\/\/familie-weitgereist.de\/wp-content\/uploads\/2025\/08\/1000010368-2048x1536.jpg 2048w, https:\/\/familie-weitgereist.de\/wp-content\/uploads\/2025\/08\/1000010368-1200x900.jpg 1200w, https:\/\/familie-weitgereist.de\/wp-content\/uploads\/2025\/08\/1000010368-1980x1485.jpg 1980w, https:\/\/familie-weitgereist.de\/wp-content\/uploads\/2025\/08\/1000010368-150x113.jpg 150w\" sizes=\"auto, (max-width: 1024px) 100vw, 1024px\" \/><\/figure>\n","protected":false},"excerpt":{"rendered":"<p>Im Luftkurort Rathen, in der S\u00e4chsischen Schweiz, befindet sich die weltweit gr\u00f6\u00dfte Garteneisenbahn! Auf einer Fl\u00e4che von 7000m\u00b2 sind 5200m Gleise und 90 Weichen verbaut. 40 Z\u00fcge k\u00f6nnen gleichzeitig fahren und k\u00f6nnen durch das Dr\u00fccken von Buttons zum Starten gebracht werden. Ein riesen Vergn\u00fcgen f\u00fcr Gro\u00df und Klein! Die Miniaturwelt liegt idyllisch inmitten von Rathen, [&hellip;]<\/p>\n","protected":false},"author":3,"featured_media":22644,"comment_status":"open","ping_status":"open","sticky":false,"template":"","format":"standard","meta":{"_themeisle_gutenberg_block_has_review":false,"footnotes":""},"categories":[242,1762],"tags":[325,1638,1637,1636,204,370],"class_list":["post-22642","post","type-post","status-publish","format-standard","has-post-thumbnail","hentry","category-deutschland","category-sachsen","tag-deutschland","tag-eisenbahn","tag-miniaturwelt","tag-rathen","tag-sachsen","tag-saechsische-schweiz"],"_links":{"self":[{"href":"https:\/\/familie-weitgereist.de\/index.php?rest_route=\/wp\/v2\/posts\/22642","targetHints":{"allow":["GET"]}}],"collection":[{"href":"https:\/\/familie-weitgereist.de\/index.php?rest_route=\/wp\/v2\/posts"}],"about":[{"href":"https:\/\/familie-weitgereist.de\/index.php?rest_route=\/wp\/v2\/types\/post"}],"author":[{"embeddable":true,"href":"https:\/\/familie-weitgereist.de\/index.php?rest_route=\/wp\/v2\/users\/3"}],"replies":[{"embeddable":true,"href":"https:\/\/familie-weitgereist.de\/index.php?rest_route=%2Fwp%2Fv2%2Fcomments&post=22642"}],"version-history":[{"count":14,"href":"https:\/\/familie-weitgereist.de\/index.php?rest_route=\/wp\/v2\/posts\/22642\/revisions"}],"predecessor-version":[{"id":23653,"href":"https:\/\/familie-weitgereist.de\/index.php?rest_route=\/wp\/v2\/posts\/22642\/revisions\/23653"}],"wp:featuredmedia":[{"embeddable":true,"href":"https:\/\/familie-weitgereist.de\/index.php?rest_route=\/wp\/v2\/media\/22644"}],"wp:attachment":[{"href":"https:\/\/familie-weitgereist.de\/index.php?rest_route=%2Fwp%2Fv2%2Fmedia&parent=22642"}],"wp:term":[{"taxonomy":"category","embeddable":true,"href":"https:\/\/familie-weitgereist.de\/index.php?rest_route=%2Fwp%2Fv2%2Fcategories&post=22642"},{"taxonomy":"post_tag","embeddable":true,"href":"https:\/\/familie-weitgereist.de\/index.php?rest_route=%2Fwp%2Fv2%2Ftags&post=22642"}],"curies":[{"name":"wp","href":"https:\/\/api.w.org\/{rel}","templated":true}]}}