{"id":22121,"date":"2025-07-10T23:35:42","date_gmt":"2025-07-10T21:35:42","guid":{"rendered":"https:\/\/familie-weitgereist.de\/?p=22121"},"modified":"2025-11-12T21:34:01","modified_gmt":"2025-11-12T20:34:01","slug":"tagesausflug-nach-bremen-mit-kleinen-kindern-und-baby","status":"publish","type":"post","link":"https:\/\/familie-weitgereist.de\/?p=22121","title":{"rendered":"Tagesausflug nach Bremen mit kleinen Kindern und Baby"},"content":{"rendered":"\n<p>Auf unserem Roadtrip in die <strong>Niederlande<\/strong>, haben wir einen Tagesausflug in Bremen eingeplant. Die wundersch\u00f6ne Hansestadt an der Weser wollten wir schon l\u00e4ngst einmal besuchen. Somit haben Philipp und ich (Michaela) nun alle Bundesl\u00e4nder in Deutschland bereist. \ud83d\ude42<\/p>\n\n\n\n<p>Wir haben etwas au\u00dferhalb der Stadt, auf einem gro\u00dfen Parkplatz der Universit\u00e4t geparkt und sind mit der Stra\u00dfenbahnlinie 6 in das Zentrum gefahren. Anschlie\u00dfend startete unser Erkundungstag durch Bremen und es war richtig sch\u00f6n!<\/p>\n\n\n\n<h2 class=\"wp-block-heading\">Sehensw\u00fcrdigkeiten in der Altstadt<\/h2>\n\n\n\n<p>Das wohl ber\u00fchmteste Wahrzeichen von Bremen sind die Bremer Stadtmusikanten. Das M\u00e4rchen von den Gebr\u00fcdern Grimm widmete Bremen 1953 eine Statue. Esel, Hund, Katze und Hahn begeben sich in die Stadt an der Weser, auf der Suche nach einem besseren Leben.<\/p>\n\n\n\n<p>Um ein Foto mit der Statue zu machen, muss man etwas anstehen, schlie\u00dflich wollen viele Leute ein Foto machen. Die Vorderbeine des Esels zu ber\u00fchren soll Gl\u00fcck bringen.<\/p>\n\n\n\n<figure class=\"wp-block-image size-large\"><img loading=\"lazy\" decoding=\"async\" width=\"768\" height=\"1024\" src=\"https:\/\/familie-weitgereist.de\/wp-content\/uploads\/2025\/07\/1000003853-1-768x1024.jpg\" alt=\"\" class=\"wp-image-22125\" srcset=\"https:\/\/familie-weitgereist.de\/wp-content\/uploads\/2025\/07\/1000003853-1-768x1024.jpg 768w, https:\/\/familie-weitgereist.de\/wp-content\/uploads\/2025\/07\/1000003853-1-225x300.jpg 225w, https:\/\/familie-weitgereist.de\/wp-content\/uploads\/2025\/07\/1000003853-1-1152x1536.jpg 1152w, https:\/\/familie-weitgereist.de\/wp-content\/uploads\/2025\/07\/1000003853-1-1536x2048.jpg 1536w, https:\/\/familie-weitgereist.de\/wp-content\/uploads\/2025\/07\/1000003853-1-1200x1600.jpg 1200w, https:\/\/familie-weitgereist.de\/wp-content\/uploads\/2025\/07\/1000003853-1-1980x2640.jpg 1980w, https:\/\/familie-weitgereist.de\/wp-content\/uploads\/2025\/07\/1000003853-1-640x853.jpg 640w, https:\/\/familie-weitgereist.de\/wp-content\/uploads\/2025\/07\/1000003853-1-150x200.jpg 150w, https:\/\/familie-weitgereist.de\/wp-content\/uploads\/2025\/07\/1000003853-1-scaled.jpg 1920w\" sizes=\"auto, (max-width: 768px) 100vw, 768px\" \/><\/figure>\n\n\n\n<p>Das <strong>Rathaus und der Roland<\/strong> sind Bremens ganzer Stolz. Seit 2014 f\u00fchrt die UNESCO das Ensemble als Welterbe. Das Rathaus ist seit 1405 Sitz der Landesregierung und der Roland repr\u00e4sentiert seit 1404 die Rechte und Privilegien der Hansestadt.<\/p>\n\n\n\n<figure class=\"wp-block-image size-large\"><img loading=\"lazy\" decoding=\"async\" width=\"1024\" height=\"768\" src=\"https:\/\/familie-weitgereist.de\/wp-content\/uploads\/2025\/07\/1000003860-1024x768.jpg\" alt=\"\" class=\"wp-image-22143\" srcset=\"https:\/\/familie-weitgereist.de\/wp-content\/uploads\/2025\/07\/1000003860-1024x768.jpg 1024w, https:\/\/familie-weitgereist.de\/wp-content\/uploads\/2025\/07\/1000003860-300x225.jpg 300w, https:\/\/familie-weitgereist.de\/wp-content\/uploads\/2025\/07\/1000003860-768x576.jpg 768w, https:\/\/familie-weitgereist.de\/wp-content\/uploads\/2025\/07\/1000003860-1536x1152.jpg 1536w, https:\/\/familie-weitgereist.de\/wp-content\/uploads\/2025\/07\/1000003860-2048x1536.jpg 2048w, https:\/\/familie-weitgereist.de\/wp-content\/uploads\/2025\/07\/1000003860-1200x900.jpg 1200w, https:\/\/familie-weitgereist.de\/wp-content\/uploads\/2025\/07\/1000003860-1980x1485.jpg 1980w, https:\/\/familie-weitgereist.de\/wp-content\/uploads\/2025\/07\/1000003860-150x113.jpg 150w\" sizes=\"auto, (max-width: 1024px) 100vw, 1024px\" \/><\/figure>\n\n\n\n<p>Der <strong>Marktplatz in Bremen z\u00e4hlt zu den sch\u00f6nsten in Europa<\/strong>. Hier befinden sich u.a. der <strong>Sankt-Petri-Dom<\/strong> und das <strong>Sch\u00fctting<\/strong>. Der Sankt-Petri-Dom wurde auf den Fundamenten von \u00e4lteren Vorg\u00e4ngerkirchen errichtet und ab dem 13. Jahrhundert im gotischen Stil erbaut.<\/p>\n\n\n\n<figure class=\"wp-block-image size-large\"><img loading=\"lazy\" decoding=\"async\" width=\"1024\" height=\"768\" src=\"https:\/\/familie-weitgereist.de\/wp-content\/uploads\/2025\/07\/1000003974-1024x768.jpg\" alt=\"\" class=\"wp-image-22148\" srcset=\"https:\/\/familie-weitgereist.de\/wp-content\/uploads\/2025\/07\/1000003974-1024x768.jpg 1024w, https:\/\/familie-weitgereist.de\/wp-content\/uploads\/2025\/07\/1000003974-300x225.jpg 300w, https:\/\/familie-weitgereist.de\/wp-content\/uploads\/2025\/07\/1000003974-768x576.jpg 768w, https:\/\/familie-weitgereist.de\/wp-content\/uploads\/2025\/07\/1000003974-1536x1152.jpg 1536w, https:\/\/familie-weitgereist.de\/wp-content\/uploads\/2025\/07\/1000003974-2048x1536.jpg 2048w, https:\/\/familie-weitgereist.de\/wp-content\/uploads\/2025\/07\/1000003974-1200x900.jpg 1200w, https:\/\/familie-weitgereist.de\/wp-content\/uploads\/2025\/07\/1000003974-1980x1485.jpg 1980w, https:\/\/familie-weitgereist.de\/wp-content\/uploads\/2025\/07\/1000003974-150x113.jpg 150w\" sizes=\"auto, (max-width: 1024px) 100vw, 1024px\" \/><\/figure>\n\n\n\n<p>Das <strong>Sch\u00fctting<\/strong> ist das Haus der Bremer Kaufmannschaft und seit 1849 der Sitz der Bremer Handelskammer. Das Geb\u00e4ude entstand jedoch schon 1537. Die Bedeutung des Namens &#8222;Sch\u00fctting&#8220; ist nicht eindeutig gekl\u00e4rt. Es k\u00f6nnte von dem norwegischen Wort &#8222;Skotting&#8220; abgeleitet worden sein, was f\u00fcr Versammlungsh\u00e4user steht. Eine weitere Bedeutung k\u00f6nnte von dem Verb &#8222;sch\u00fctten&#8220; ausgehen, da die finanziellen Mittel der Kaufleute&#8220;zusammen gesch\u00fcttet &#8220; werden. Eine dritte Bedeutung geht auf das Wort &#8222;Schie\u00dfen&#8220; zur\u00fcck, das als Bezeichnung f\u00fcr die Abgabe der Steuern diente.<\/p>\n\n\n\n<figure class=\"wp-block-image size-large\"><img loading=\"lazy\" decoding=\"async\" width=\"1024\" height=\"768\" src=\"https:\/\/familie-weitgereist.de\/wp-content\/uploads\/2025\/07\/1000003859-1024x768.jpg\" alt=\"\" class=\"wp-image-22152\" srcset=\"https:\/\/familie-weitgereist.de\/wp-content\/uploads\/2025\/07\/1000003859-1024x768.jpg 1024w, https:\/\/familie-weitgereist.de\/wp-content\/uploads\/2025\/07\/1000003859-300x225.jpg 300w, https:\/\/familie-weitgereist.de\/wp-content\/uploads\/2025\/07\/1000003859-768x576.jpg 768w, https:\/\/familie-weitgereist.de\/wp-content\/uploads\/2025\/07\/1000003859-1536x1152.jpg 1536w, https:\/\/familie-weitgereist.de\/wp-content\/uploads\/2025\/07\/1000003859-2048x1536.jpg 2048w, https:\/\/familie-weitgereist.de\/wp-content\/uploads\/2025\/07\/1000003859-1200x900.jpg 1200w, https:\/\/familie-weitgereist.de\/wp-content\/uploads\/2025\/07\/1000003859-1980x1485.jpg 1980w, https:\/\/familie-weitgereist.de\/wp-content\/uploads\/2025\/07\/1000003859-150x113.jpg 150w\" sizes=\"auto, (max-width: 1024px) 100vw, 1024px\" \/><\/figure>\n\n\n\n<h2 class=\"wp-block-heading\">Schnoor Viertel<\/h2>\n\n\n\n<p>Das <strong>\u00e4lteste Stadtviertel von Bremen<\/strong> ist das <strong>Schnoor Viertel<\/strong>. Hier finden sich H\u00e4user aus dem 15. &#8211; 19. Jahrhundert. Die l\u00e4ngste Gasse im Viertel wurde auf Niederdeutsch Schnoor genannt, welches Schnur bedeutet, da die H\u00e4user wie an einer Schnur aufgereiht angeordnet sind. Manche Gassen sind dabei nur zwei Arml\u00e4ngen breit.<\/p>\n\n\n\n<p>Heute ist es ein Touristen Anziehungspunkt. Es gibt viele kleine Shops und Caf\u00e9s. Die Wohnh\u00e4user sind liebevoll gestaltet und wundersch\u00f6n. <\/p>\n\n\n\n<div id=\"wp-block-themeisle-blocks-slider-324162ff\" class=\"wp-block-themeisle-blocks-slider glide\" data-per-view=\"1\" data-gap=\"0\" data-peek=\"0\" data-autoplay=\"true\" data-height=\"400px\" data-hide-arrows=\"false\"><div class=\"glide__track\" data-glide-el=\"track\"><div class=\"glide__slides\"><div class=\"wp-block-themeisle-blocks-slider-item-wrapper glide__slide\" tabindex=\"0\"><figure><img decoding=\"async\" class=\"wp-block-themeisle-blocks-slider-item\" src=\"https:\/\/familie-weitgereist.de\/wp-content\/uploads\/2025\/07\/1000003946-scaled.jpg\" alt=\"\" title=\"\" data-id=\"22133\"\/><figcaption>\u00c4ltestes Haus im Schnoor Viertel<\/figcaption><\/figure><\/div><div class=\"wp-block-themeisle-blocks-slider-item-wrapper glide__slide\" tabindex=\"0\"><figure><img decoding=\"async\" class=\"wp-block-themeisle-blocks-slider-item\" src=\"https:\/\/familie-weitgereist.de\/wp-content\/uploads\/2025\/07\/1000003943-scaled.jpg\" alt=\"\" title=\"\" data-id=\"22132\"\/><\/figure><\/div><div class=\"wp-block-themeisle-blocks-slider-item-wrapper glide__slide\" tabindex=\"0\"><figure><img decoding=\"async\" class=\"wp-block-themeisle-blocks-slider-item\" src=\"https:\/\/familie-weitgereist.de\/wp-content\/uploads\/2025\/07\/1000003926-scaled.jpg\" alt=\"\" title=\"\" data-id=\"22135\"\/><\/figure><\/div><div class=\"wp-block-themeisle-blocks-slider-item-wrapper glide__slide\" tabindex=\"0\"><figure><img decoding=\"async\" class=\"wp-block-themeisle-blocks-slider-item\" src=\"https:\/\/familie-weitgereist.de\/wp-content\/uploads\/2025\/07\/1000003918-scaled.jpg\" alt=\"\" title=\"\" data-id=\"22134\"\/><\/figure><\/div><div class=\"wp-block-themeisle-blocks-slider-item-wrapper glide__slide\" tabindex=\"0\"><figure><img decoding=\"async\" class=\"wp-block-themeisle-blocks-slider-item\" src=\"https:\/\/familie-weitgereist.de\/wp-content\/uploads\/2025\/07\/1000003907-scaled.jpg\" alt=\"\" title=\"\" data-id=\"22136\"\/><\/figure><\/div><div class=\"wp-block-themeisle-blocks-slider-item-wrapper glide__slide\" tabindex=\"0\"><figure><img decoding=\"async\" class=\"wp-block-themeisle-blocks-slider-item\" src=\"https:\/\/familie-weitgereist.de\/wp-content\/uploads\/2025\/07\/1000003893-scaled.jpg\" alt=\"\" title=\"\" data-id=\"22137\"\/><\/figure><\/div><\/div><div class=\"glide__bullets\" data-glide-el=\"controls[nav]\"><button class=\"glide__bullet\" data-glide-dir=\"=0\"><\/button><button class=\"glide__bullet\" data-glide-dir=\"=1\"><\/button><button class=\"glide__bullet\" data-glide-dir=\"=2\"><\/button><button class=\"glide__bullet\" data-glide-dir=\"=3\"><\/button><button class=\"glide__bullet\" data-glide-dir=\"=4\"><\/button><button class=\"glide__bullet\" data-glide-dir=\"=5\"><\/button><\/div><\/div><\/div>\n\n\n\n<h2 class=\"wp-block-heading\">B\u00fcrgerpark<\/h2>\n\n\n\n<p>Zum Abschluss schlenderten wir noch durch den B\u00fcrgerpark. Dort befinden sich mehrere Spielpl\u00e4tze, der Emmasee und ein kreisrunder Fluss. Mehrere Br\u00fccken queren den Fluss. Ein Fahrgastschiff verkehrt sogar auf dem Emmasee. Der B\u00fcrgerpark wird auch als Stadtwald bezeichnet und er ist wirklich gro\u00df. Er ist eine gr\u00fcne Oase in der Stadt. Einheimische treffen sich zum Spielen, Sport treiben, zum Erholen und Entspannen. Es gibt sogar ein Tiergehege. Er wurde im 19. Jahrhundert erschaffen und ist nahezu in seinem Ursprungszustand. Er z\u00e4hlt zu den bedeutendsten Landschaftsparks in Deutschland.<\/p>\n\n\n\n<div id=\"wp-block-themeisle-blocks-slider-9dd0322b\" class=\"wp-block-themeisle-blocks-slider glide\" data-per-view=\"1\" data-gap=\"0\" data-peek=\"0\" data-autoplay=\"true\" data-height=\"400px\" data-hide-arrows=\"false\"><div class=\"glide__track\" data-glide-el=\"track\"><div class=\"glide__slides\"><div class=\"wp-block-themeisle-blocks-slider-item-wrapper glide__slide\" tabindex=\"0\"><figure><img decoding=\"async\" class=\"wp-block-themeisle-blocks-slider-item\" src=\"https:\/\/familie-weitgereist.de\/wp-content\/uploads\/2025\/07\/1000004002-scaled.jpg\" alt=\"\" title=\"\" data-id=\"22156\"\/><\/figure><\/div><div class=\"wp-block-themeisle-blocks-slider-item-wrapper glide__slide\" tabindex=\"0\"><figure><img decoding=\"async\" class=\"wp-block-themeisle-blocks-slider-item\" src=\"https:\/\/familie-weitgereist.de\/wp-content\/uploads\/2025\/07\/1000003990-scaled.jpg\" alt=\"\" title=\"\" data-id=\"22157\"\/><\/figure><\/div><div class=\"wp-block-themeisle-blocks-slider-item-wrapper glide__slide\" tabindex=\"0\"><figure><img decoding=\"async\" class=\"wp-block-themeisle-blocks-slider-item\" src=\"https:\/\/familie-weitgereist.de\/wp-content\/uploads\/2025\/07\/1000003983-scaled.jpg\" alt=\"\" title=\"\" data-id=\"22155\"\/><\/figure><\/div><\/div><div class=\"glide__bullets\" data-glide-el=\"controls[nav]\"><button class=\"glide__bullet\" data-glide-dir=\"=0\"><\/button><button class=\"glide__bullet\" data-glide-dir=\"=1\"><\/button><button class=\"glide__bullet\" data-glide-dir=\"=2\"><\/button><\/div><\/div><\/div>\n\n\n\n<p>In Bremen kann man eine wundersch\u00f6ne Zeit als Familie verbringen. Das hatten wir definitiv!<\/p>\n","protected":false},"excerpt":{"rendered":"<p>Auf unserem Roadtrip in die Niederlande, haben wir einen Tagesausflug in Bremen eingeplant. Die wundersch\u00f6ne Hansestadt an der Weser wollten wir schon l\u00e4ngst einmal besuchen. Somit haben Philipp und ich (Michaela) nun alle Bundesl\u00e4nder in Deutschland bereist. \ud83d\ude42 Wir haben etwas au\u00dferhalb der Stadt, auf einem gro\u00dfen Parkplatz der Universit\u00e4t geparkt und sind mit der [&hellip;]<\/p>\n","protected":false},"author":3,"featured_media":22135,"comment_status":"open","ping_status":"open","sticky":false,"template":"","format":"standard","meta":{"_themeisle_gutenberg_block_has_review":false,"footnotes":""},"categories":[242,1754,377],"tags":[1598,1603,1601,325,1602,1599,1600],"class_list":["post-22121","post","type-post","status-publish","format-standard","has-post-thumbnail","hentry","category-deutschland","category-bremen","category-spielplaetze","tag-bremen","tag-bremer-stadtmusikanten","tag-buergerpark","tag-deutschland","tag-roland","tag-schnoor","tag-schnoor-viertel"],"_links":{"self":[{"href":"https:\/\/familie-weitgereist.de\/index.php?rest_route=\/wp\/v2\/posts\/22121","targetHints":{"allow":["GET"]}}],"collection":[{"href":"https:\/\/familie-weitgereist.de\/index.php?rest_route=\/wp\/v2\/posts"}],"about":[{"href":"https:\/\/familie-weitgereist.de\/index.php?rest_route=\/wp\/v2\/types\/post"}],"author":[{"embeddable":true,"href":"https:\/\/familie-weitgereist.de\/index.php?rest_route=\/wp\/v2\/users\/3"}],"replies":[{"embeddable":true,"href":"https:\/\/familie-weitgereist.de\/index.php?rest_route=%2Fwp%2Fv2%2Fcomments&post=22121"}],"version-history":[{"count":24,"href":"https:\/\/familie-weitgereist.de\/index.php?rest_route=\/wp\/v2\/posts\/22121\/revisions"}],"predecessor-version":[{"id":22162,"href":"https:\/\/familie-weitgereist.de\/index.php?rest_route=\/wp\/v2\/posts\/22121\/revisions\/22162"}],"wp:featuredmedia":[{"embeddable":true,"href":"https:\/\/familie-weitgereist.de\/index.php?rest_route=\/wp\/v2\/media\/22135"}],"wp:attachment":[{"href":"https:\/\/familie-weitgereist.de\/index.php?rest_route=%2Fwp%2Fv2%2Fmedia&parent=22121"}],"wp:term":[{"taxonomy":"category","embeddable":true,"href":"https:\/\/familie-weitgereist.de\/index.php?rest_route=%2Fwp%2Fv2%2Fcategories&post=22121"},{"taxonomy":"post_tag","embeddable":true,"href":"https:\/\/familie-weitgereist.de\/index.php?rest_route=%2Fwp%2Fv2%2Ftags&post=22121"}],"curies":[{"name":"wp","href":"https:\/\/api.w.org\/{rel}","templated":true}]}}