{"id":22101,"date":"2025-07-21T17:45:30","date_gmt":"2025-07-21T15:45:30","guid":{"rendered":"https:\/\/familie-weitgereist.de\/?p=22101"},"modified":"2025-11-08T22:47:36","modified_gmt":"2025-11-08T21:47:36","slug":"roadtrip-niederlande-mit-kleinen-kindern-und-baby","status":"publish","type":"post","link":"https:\/\/familie-weitgereist.de\/?p=22101","title":{"rendered":"Roadtrip Niederlande mit kleinen Kindern und Baby"},"content":{"rendered":"\n<p>Im Juli 2025 haben wir unseren <strong>ersten Roadtrip als f\u00fcnfk\u00f6pfige Familie <\/strong>gestartet. Da wir nicht allzu weit fahren und uns erstmal an das Camperleben zu f\u00fcnft herantasten wollten, reisten wir in das sch\u00f6ne Nachbarland, in <strong>die Niederlande<\/strong>.<\/p>\n\n\n\n<h2 class=\"wp-block-heading\">Anreise<\/h2>\n\n\n\n<p>Wir fuhren als erstes Richtung <strong><a href=\"https:\/\/familie-weitgereist.de\/?p=22121\" data-type=\"link\" data-id=\"https:\/\/familie-weitgereist.de\/?p=22121\">Bremen<\/a><\/strong> und schauten uns die Stadt an. Auf der Strecke legten wir einen <strong>kurzen Spielplatz Zwischenstopp in Magdeburg am Neust\u00e4dter See<\/strong> ein. Der Spielplatz hat einen Leuchtturm mit langer Rutsche, ein Kletterpiratenschiff, zwei Schaukeln, eine lange Zipline, ein Karussell und ein Sandspielhaus.<\/p>\n\n\n\n<div id=\"wp-block-themeisle-blocks-slider-ebc126c9\" class=\"wp-block-themeisle-blocks-slider glide\" data-per-view=\"1\" data-gap=\"0\" data-peek=\"0\" data-autoplay=\"true\" data-height=\"400px\" data-hide-arrows=\"false\"><div class=\"glide__track\" data-glide-el=\"track\"><div class=\"glide__slides\"><div class=\"wp-block-themeisle-blocks-slider-item-wrapper glide__slide\" tabindex=\"0\"><figure><img decoding=\"async\" class=\"wp-block-themeisle-blocks-slider-item\" src=\"https:\/\/familie-weitgereist.de\/wp-content\/uploads\/2025\/07\/1000003746-scaled.jpg\" alt=\"\" title=\"\" data-id=\"22106\"\/><\/figure><\/div><div class=\"wp-block-themeisle-blocks-slider-item-wrapper glide__slide\" tabindex=\"0\"><figure><img decoding=\"async\" class=\"wp-block-themeisle-blocks-slider-item\" src=\"https:\/\/familie-weitgereist.de\/wp-content\/uploads\/2025\/07\/1000003730-scaled.jpg\" alt=\"\" title=\"\" data-id=\"22107\"\/><\/figure><\/div><\/div><div class=\"glide__bullets\" data-glide-el=\"controls[nav]\"><button class=\"glide__bullet\" data-glide-dir=\"=0\"><\/button><button class=\"glide__bullet\" data-glide-dir=\"=1\"><\/button><\/div><\/div><\/div>\n\n\n\n<p>Unsere erste Nacht im Camper zu f\u00fcnft verbrachten wir in <strong>Schwarmstedt<\/strong> auf einem sch\u00f6nen Platz beim Hallenbad, neben einem gro\u00dfen Spielplatz.<\/p>\n\n\n\n<figure class=\"wp-block-image size-large\"><img loading=\"lazy\" decoding=\"async\" width=\"1024\" height=\"768\" src=\"https:\/\/familie-weitgereist.de\/wp-content\/uploads\/2025\/07\/1000003764-1024x768.jpg\" alt=\"\" class=\"wp-image-22128\" srcset=\"https:\/\/familie-weitgereist.de\/wp-content\/uploads\/2025\/07\/1000003764-1024x768.jpg 1024w, https:\/\/familie-weitgereist.de\/wp-content\/uploads\/2025\/07\/1000003764-300x225.jpg 300w, https:\/\/familie-weitgereist.de\/wp-content\/uploads\/2025\/07\/1000003764-768x576.jpg 768w, https:\/\/familie-weitgereist.de\/wp-content\/uploads\/2025\/07\/1000003764-1536x1152.jpg 1536w, https:\/\/familie-weitgereist.de\/wp-content\/uploads\/2025\/07\/1000003764-2048x1536.jpg 2048w, https:\/\/familie-weitgereist.de\/wp-content\/uploads\/2025\/07\/1000003764-1200x900.jpg 1200w, https:\/\/familie-weitgereist.de\/wp-content\/uploads\/2025\/07\/1000003764-1980x1485.jpg 1980w, https:\/\/familie-weitgereist.de\/wp-content\/uploads\/2025\/07\/1000003764-150x113.jpg 150w\" sizes=\"auto, (max-width: 1024px) 100vw, 1024px\" \/><\/figure>\n\n\n\n<p>Nachdem wir einen Tagesausflug in <strong><a href=\"https:\/\/familie-weitgereist.de\/?p=22121\" data-type=\"link\" data-id=\"https:\/\/familie-weitgereist.de\/?p=22121\">Bremen<\/a><\/strong> verbracht haben, sind wir nach <strong>Leer (Ostfriesland)<\/strong> gefahren und \u00fcbernachteten eine Nacht im Zentrum auf einem Wohnmobilstellplatz mit Spielplatz.<\/p>\n\n\n\n<figure class=\"wp-block-image size-large\"><img loading=\"lazy\" decoding=\"async\" width=\"1024\" height=\"768\" src=\"https:\/\/familie-weitgereist.de\/wp-content\/uploads\/2025\/07\/1000004091-1024x768.jpg\" alt=\"\" class=\"wp-image-22166\" srcset=\"https:\/\/familie-weitgereist.de\/wp-content\/uploads\/2025\/07\/1000004091-1024x768.jpg 1024w, https:\/\/familie-weitgereist.de\/wp-content\/uploads\/2025\/07\/1000004091-300x225.jpg 300w, https:\/\/familie-weitgereist.de\/wp-content\/uploads\/2025\/07\/1000004091-768x576.jpg 768w, https:\/\/familie-weitgereist.de\/wp-content\/uploads\/2025\/07\/1000004091-1536x1152.jpg 1536w, https:\/\/familie-weitgereist.de\/wp-content\/uploads\/2025\/07\/1000004091-2048x1536.jpg 2048w, https:\/\/familie-weitgereist.de\/wp-content\/uploads\/2025\/07\/1000004091-1200x900.jpg 1200w, https:\/\/familie-weitgereist.de\/wp-content\/uploads\/2025\/07\/1000004091-1980x1485.jpg 1980w, https:\/\/familie-weitgereist.de\/wp-content\/uploads\/2025\/07\/1000004091-150x113.jpg 150w\" sizes=\"auto, (max-width: 1024px) 100vw, 1024px\" \/><\/figure>\n\n\n\n<p>Leer in Ostfriesland ist die drittgr\u00f6\u00dfte Stadt von Ostfriesland, nach Emden und Aurich. Sie liegt im \u00e4u\u00dfersten Nordwesten von Deutschland und bietet sich daher perfekt f\u00fcr einen Zwischenstopp auf der Reise in die Niederlande an. Wir schlenderten einen Vormittag lang durch die Altstadt und entdeckten viele sch\u00f6ne Ecken. Die klassischen Klinkerh\u00e4user und der Stadthafen haben uns besonders gut gefallen. An der Turmspitze der evangelisch-reformierten Kirche liegt sogar der Nullpunkt von Ostfriesland.<\/p>\n\n\n\n<div id=\"wp-block-themeisle-blocks-slider-3af06079\" class=\"wp-block-themeisle-blocks-slider glide\" data-per-view=\"1\" data-gap=\"0\" data-peek=\"0\" data-autoplay=\"true\" data-height=\"400px\" data-hide-arrows=\"false\"><div class=\"glide__track\" data-glide-el=\"track\"><div class=\"glide__slides\"><div class=\"wp-block-themeisle-blocks-slider-item-wrapper glide__slide\" tabindex=\"0\"><figure><img decoding=\"async\" class=\"wp-block-themeisle-blocks-slider-item\" src=\"https:\/\/familie-weitgereist.de\/wp-content\/uploads\/2025\/07\/1000004117-scaled.jpg\" alt=\"\" title=\"\" data-id=\"22177\"\/><\/figure><\/div><div class=\"wp-block-themeisle-blocks-slider-item-wrapper glide__slide\" tabindex=\"0\"><figure><img decoding=\"async\" class=\"wp-block-themeisle-blocks-slider-item\" src=\"https:\/\/familie-weitgereist.de\/wp-content\/uploads\/2025\/07\/1000004104-scaled.jpg\" alt=\"\" title=\"\" data-id=\"22179\"\/><\/figure><\/div><div class=\"wp-block-themeisle-blocks-slider-item-wrapper glide__slide\" tabindex=\"0\"><figure><img decoding=\"async\" class=\"wp-block-themeisle-blocks-slider-item\" src=\"https:\/\/familie-weitgereist.de\/wp-content\/uploads\/2025\/07\/1000004084-scaled.jpg\" alt=\"\" title=\"\" data-id=\"22176\"\/><\/figure><\/div><div class=\"wp-block-themeisle-blocks-slider-item-wrapper glide__slide\" tabindex=\"0\"><figure><img decoding=\"async\" class=\"wp-block-themeisle-blocks-slider-item\" src=\"https:\/\/familie-weitgereist.de\/wp-content\/uploads\/2025\/07\/1000004099-scaled.jpg\" alt=\"\" title=\"\" data-id=\"22178\"\/><\/figure><\/div><\/div><div class=\"glide__bullets\" data-glide-el=\"controls[nav]\"><button class=\"glide__bullet\" data-glide-dir=\"=0\"><\/button><button class=\"glide__bullet\" data-glide-dir=\"=1\"><\/button><button class=\"glide__bullet\" data-glide-dir=\"=2\"><\/button><button class=\"glide__bullet\" data-glide-dir=\"=3\"><\/button><\/div><\/div><\/div>\n\n\n\n<h2 class=\"wp-block-heading\">Unsere Erkundungen in den Niederlanden<\/h2>\n\n\n\n<h2 class=\"wp-block-heading\">&#8218;t Roegwold<\/h2>\n\n\n\n<p>Der<strong> &#8218;t Roegwold ist ein Naturschutzgebiet <\/strong>unweit von Groningen. In dem Gebiet gibt es viele Wander- und Fahrradwege. Das Gebiet ist beliebt bei Vogelbeobachtern. Ein besonderes Highlight ist der <strong>Knuppelpad<\/strong>. Dieser schmale Holzsteg f\u00fchrt \u00fcber den <strong>Dannemeer-See<\/strong>. Die vielen V\u00f6gel sind auf den kleinen Nistinseln im See zu beobachten. Unsere Jungs hatten einen riesen Spa\u00df den 750m langen Pfad \u00fcber den See zu folgen.<\/p>\n\n\n\n<div id=\"wp-block-themeisle-blocks-slider-0c2eae1a\" class=\"wp-block-themeisle-blocks-slider glide\" data-per-view=\"1\" data-gap=\"0\" data-peek=\"0\" data-autoplay=\"true\" data-height=\"400px\" data-hide-arrows=\"false\"><div class=\"glide__track\" data-glide-el=\"track\"><div class=\"glide__slides\"><div class=\"wp-block-themeisle-blocks-slider-item-wrapper glide__slide\" tabindex=\"0\"><figure><img decoding=\"async\" class=\"wp-block-themeisle-blocks-slider-item\" src=\"https:\/\/familie-weitgereist.de\/wp-content\/uploads\/2025\/07\/1000004183-1-scaled.jpg\" alt=\"\" title=\"\" data-id=\"22187\"\/><\/figure><\/div><div class=\"wp-block-themeisle-blocks-slider-item-wrapper glide__slide\" tabindex=\"0\"><figure><img decoding=\"async\" class=\"wp-block-themeisle-blocks-slider-item\" src=\"https:\/\/familie-weitgereist.de\/wp-content\/uploads\/2025\/07\/1000004152-1-scaled.jpg\" alt=\"\" title=\"\" data-id=\"22188\"\/><\/figure><\/div><div class=\"wp-block-themeisle-blocks-slider-item-wrapper glide__slide\" tabindex=\"0\"><figure><img decoding=\"async\" class=\"wp-block-themeisle-blocks-slider-item\" src=\"https:\/\/familie-weitgereist.de\/wp-content\/uploads\/2025\/07\/1000004165-1-scaled.jpg\" alt=\"\" title=\"\" data-id=\"22189\"\/><\/figure><\/div><\/div><div class=\"glide__bullets\" data-glide-el=\"controls[nav]\"><button class=\"glide__bullet\" data-glide-dir=\"=0\"><\/button><button class=\"glide__bullet\" data-glide-dir=\"=1\"><\/button><button class=\"glide__bullet\" data-glide-dir=\"=2\"><\/button><\/div><\/div><\/div>\n\n\n\n<h2 class=\"wp-block-heading\">Harlingen<\/h2>\n\n\n\n<p>Die friesische Stadt Harlingen grenzt direkt an das Weltkulturerbe Wattenmeer in der Nordsee und ist sehr sehenswert. Harlingen ist eine der \u00e4ltesten Seehafenst\u00e4dte in den Niederlanden mit ebenso eine der \u00e4ltesten Innenst\u00e4dte. Die H\u00e4userfassaden der ehemaligen Lagerh\u00e4user sind wundersch\u00f6n und haben ein besonderes Flair. Der kleine Kanal <em><strong>Franekertrekvaart<\/strong><\/em>, welcher durch die Stadt flie\u00dft, l\u00e4dt zum Verweilen in einem der vielen Caf\u00e9s ein.<\/p>\n\n\n\n<div id=\"wp-block-themeisle-blocks-slider-32ff804c\" class=\"wp-block-themeisle-blocks-slider glide\" data-per-view=\"1\" data-gap=\"0\" data-peek=\"0\" data-autoplay=\"true\" data-height=\"400px\" data-hide-arrows=\"false\"><div class=\"glide__track\" data-glide-el=\"track\"><div class=\"glide__slides\"><div class=\"wp-block-themeisle-blocks-slider-item-wrapper glide__slide\" tabindex=\"0\"><figure><img decoding=\"async\" class=\"wp-block-themeisle-blocks-slider-item\" src=\"https:\/\/familie-weitgereist.de\/wp-content\/uploads\/2025\/07\/1000004391-1-scaled.jpg\" alt=\"\" title=\"\" data-id=\"22215\"\/><\/figure><\/div><div class=\"wp-block-themeisle-blocks-slider-item-wrapper glide__slide\" tabindex=\"0\"><figure><img decoding=\"async\" class=\"wp-block-themeisle-blocks-slider-item\" src=\"https:\/\/familie-weitgereist.de\/wp-content\/uploads\/2025\/07\/1000004358-scaled.jpg\" alt=\"\" title=\"\" data-id=\"22218\"\/><\/figure><\/div><div class=\"wp-block-themeisle-blocks-slider-item-wrapper glide__slide\" tabindex=\"0\"><figure><img decoding=\"async\" class=\"wp-block-themeisle-blocks-slider-item\" src=\"https:\/\/familie-weitgereist.de\/wp-content\/uploads\/2025\/07\/1000004337-scaled.jpg\" alt=\"\" title=\"\" data-id=\"22217\"\/><\/figure><\/div><div class=\"wp-block-themeisle-blocks-slider-item-wrapper glide__slide\" tabindex=\"0\"><figure><img decoding=\"async\" class=\"wp-block-themeisle-blocks-slider-item\" src=\"https:\/\/familie-weitgereist.de\/wp-content\/uploads\/2025\/07\/1000004401-scaled.jpg\" alt=\"\" title=\"\" data-id=\"22216\"\/><\/figure><\/div><\/div><div class=\"glide__bullets\" data-glide-el=\"controls[nav]\"><button class=\"glide__bullet\" data-glide-dir=\"=0\"><\/button><button class=\"glide__bullet\" data-glide-dir=\"=1\"><\/button><button class=\"glide__bullet\" data-glide-dir=\"=2\"><\/button><button class=\"glide__bullet\" data-glide-dir=\"=3\"><\/button><\/div><\/div><\/div>\n\n\n\n<p>Wir hatten einen herrlichen Tag in Harlingen, schlenderten durch die Altstadt und am Hafen entlang. Vom Hafen in Harlingen verkehren F\u00e4hren zu den westfriesischen Inseln <strong>Vlieland<\/strong> und <strong>Terschelling<\/strong>.<\/p>\n\n\n\n<div id=\"wp-block-themeisle-blocks-slider-4daee7ed\" class=\"wp-block-themeisle-blocks-slider glide\" data-per-view=\"1\" data-gap=\"0\" data-peek=\"0\" data-autoplay=\"true\" data-height=\"400px\" data-hide-arrows=\"false\"><div class=\"glide__track\" data-glide-el=\"track\"><div class=\"glide__slides\"><div class=\"wp-block-themeisle-blocks-slider-item-wrapper glide__slide\" tabindex=\"0\"><figure><img decoding=\"async\" class=\"wp-block-themeisle-blocks-slider-item\" src=\"https:\/\/familie-weitgereist.de\/wp-content\/uploads\/2025\/07\/1000004317-scaled.jpg\" alt=\"\" title=\"\" data-id=\"22206\"\/><\/figure><\/div><div class=\"wp-block-themeisle-blocks-slider-item-wrapper glide__slide\" tabindex=\"0\"><figure><img decoding=\"async\" class=\"wp-block-themeisle-blocks-slider-item\" src=\"https:\/\/familie-weitgereist.de\/wp-content\/uploads\/2025\/07\/1000004308-scaled.jpg\" alt=\"\" title=\"\" data-id=\"22205\"\/><\/figure><\/div><\/div><div class=\"glide__bullets\" data-glide-el=\"controls[nav]\"><button class=\"glide__bullet\" data-glide-dir=\"=0\"><\/button><button class=\"glide__bullet\" data-glide-dir=\"=1\"><\/button><\/div><\/div><\/div>\n\n\n\n<p>Wir parkten etwas au\u00dferhalb der Stadt und zahlten 0,35\u20ac pro Stunde Parkgeb\u00fchr. Einen gratis Parkplatz haben wir in Harlingen nicht finden k\u00f6nnen. (<em>Stand Juli 2025<\/em>)<\/p>\n\n\n\n<h2 class=\"wp-block-heading\">Afsluitdijk<\/h2>\n\n\n\n<p>Wir sind von Friesland \u00fcber den Afsluitdijk nach Den Oever gefahren, \u00fcber das IJsselmeer. Das war wirklich eine sehr coole Erfahrung, eine so lange Strecke \u00fcber einen Deich in der Nordsee zu fahren. Rechts sahen wir den Deich und links die Nordsee. Die Benutzung der langen Deichstra\u00dfe war gratis.<\/p>\n\n\n\n<div id=\"wp-block-themeisle-blocks-slider-8b300f10\" class=\"wp-block-themeisle-blocks-slider glide\" data-per-view=\"1\" data-gap=\"0\" data-peek=\"0\" data-autoplay=\"true\" data-height=\"400px\" data-hide-arrows=\"false\"><div class=\"glide__track\" data-glide-el=\"track\"><div class=\"glide__slides\"><div class=\"wp-block-themeisle-blocks-slider-item-wrapper glide__slide\" tabindex=\"0\"><figure><img decoding=\"async\" class=\"wp-block-themeisle-blocks-slider-item\" src=\"https:\/\/familie-weitgereist.de\/wp-content\/uploads\/2025\/07\/1000004418-1-scaled.jpg\" alt=\"\" title=\"\" data-id=\"22195\"\/><\/figure><\/div><div class=\"wp-block-themeisle-blocks-slider-item-wrapper glide__slide\" tabindex=\"0\"><figure><img decoding=\"async\" class=\"wp-block-themeisle-blocks-slider-item\" src=\"https:\/\/familie-weitgereist.de\/wp-content\/uploads\/2025\/07\/1000004409-1-scaled.jpg\" alt=\"\" title=\"\" data-id=\"22196\"\/><\/figure><\/div><\/div><div class=\"glide__bullets\" data-glide-el=\"controls[nav]\"><button class=\"glide__bullet\" data-glide-dir=\"=0\"><\/button><button class=\"glide__bullet\" data-glide-dir=\"=1\"><\/button><\/div><\/div><\/div>\n\n\n\n<h2 class=\"wp-block-heading\">Schoorlse Duinen<\/h2>\n\n\n\n<p>Die Schoorlser D\u00fcnen liegen im Westen der Niederlande und sind die <strong>breitesten und l\u00e4ngsten D\u00fcnen in den Niederlanden<\/strong>. Der <strong>h\u00f6chste Punkt liegt bei 54m<\/strong> und das erscheint wie ein Berg, in dem sonst so flachen Land. Im D\u00fcnengebiet gibt es <strong>viele verschiedene Wanderwege und Mountainbike Trails<\/strong>. Wir liefen den gelben Rundweg, den <strong>Kids Trail<\/strong>. Vom Besucherzentrum mussten wir zwei sehr lange Treppen hinaufgehen. Das hat sehr viel Spa\u00df gemacht und war mitten in der Natur. Anschlie\u00dfend liefen wir durch den Wald, meist auf sandigem Untergrund und sahen die D\u00fcnen. Ein weiteres Highlight war die <strong>Kletterd\u00fcne<\/strong>, die mitten im Ort Schoorl liegt und <strong>51m hoch ist<\/strong>. Umringt von vielen Caf\u00e9s und Restaurants bietet sie ein ideales Ziel f\u00fcr Familien. Die Kinder k\u00f6nnen in der D\u00fcne toben, im Sand spielen und Erwachsene entspannen bei einem Kaffee.<\/p>\n\n\n\n<div id=\"wp-block-themeisle-blocks-slider-49e9fb44\" class=\"wp-block-themeisle-blocks-slider glide\" data-per-view=\"1\" data-gap=\"0\" data-peek=\"0\" data-autoplay=\"true\" data-height=\"400px\" data-hide-arrows=\"false\"><div class=\"glide__track\" data-glide-el=\"track\"><div class=\"glide__slides\"><div class=\"wp-block-themeisle-blocks-slider-item-wrapper glide__slide\" tabindex=\"0\"><figure><img decoding=\"async\" class=\"wp-block-themeisle-blocks-slider-item\" src=\"https:\/\/familie-weitgereist.de\/wp-content\/uploads\/2025\/07\/1000004615-1-scaled.jpg\" alt=\"\" title=\"\" data-id=\"22241\"\/><\/figure><\/div><div class=\"wp-block-themeisle-blocks-slider-item-wrapper glide__slide\" tabindex=\"0\"><figure><img decoding=\"async\" class=\"wp-block-themeisle-blocks-slider-item\" src=\"https:\/\/familie-weitgereist.de\/wp-content\/uploads\/2025\/07\/1000004636-1-scaled.jpg\" alt=\"\" title=\"\" data-id=\"22239\"\/><\/figure><\/div><div class=\"wp-block-themeisle-blocks-slider-item-wrapper glide__slide\" tabindex=\"0\"><figure><img decoding=\"async\" class=\"wp-block-themeisle-blocks-slider-item\" src=\"https:\/\/familie-weitgereist.de\/wp-content\/uploads\/2025\/07\/1000004569-1-scaled.jpg\" alt=\"\" title=\"\" data-id=\"22242\"\/><\/figure><\/div><div class=\"wp-block-themeisle-blocks-slider-item-wrapper glide__slide\" tabindex=\"0\"><figure><img decoding=\"async\" class=\"wp-block-themeisle-blocks-slider-item\" src=\"https:\/\/familie-weitgereist.de\/wp-content\/uploads\/2025\/07\/1000004579-1-scaled.jpg\" alt=\"\" title=\"\" data-id=\"22243\"\/><\/figure><\/div><div class=\"wp-block-themeisle-blocks-slider-item-wrapper glide__slide\" tabindex=\"0\"><figure><img decoding=\"async\" class=\"wp-block-themeisle-blocks-slider-item\" src=\"https:\/\/familie-weitgereist.de\/wp-content\/uploads\/2025\/07\/1000004605-scaled.jpg\" alt=\"\" title=\"\" data-id=\"22240\"\/><\/figure><\/div><\/div><div class=\"glide__bullets\" data-glide-el=\"controls[nav]\"><button class=\"glide__bullet\" data-glide-dir=\"=0\"><\/button><button class=\"glide__bullet\" data-glide-dir=\"=1\"><\/button><button class=\"glide__bullet\" data-glide-dir=\"=2\"><\/button><button class=\"glide__bullet\" data-glide-dir=\"=3\"><\/button><button class=\"glide__bullet\" data-glide-dir=\"=4\"><\/button><\/div><\/div><\/div>\n\n\n\n<p>Auch Schoorl ist ein sch\u00f6ner, beschaulicher Ort in den Niederlanden.<\/p>\n\n\n\n<figure class=\"wp-block-image size-large\"><img loading=\"lazy\" decoding=\"async\" width=\"1024\" height=\"768\" src=\"https:\/\/familie-weitgereist.de\/wp-content\/uploads\/2025\/07\/1000004642-1024x768.jpg\" alt=\"\" class=\"wp-image-22245\" srcset=\"https:\/\/familie-weitgereist.de\/wp-content\/uploads\/2025\/07\/1000004642-1024x768.jpg 1024w, https:\/\/familie-weitgereist.de\/wp-content\/uploads\/2025\/07\/1000004642-300x225.jpg 300w, https:\/\/familie-weitgereist.de\/wp-content\/uploads\/2025\/07\/1000004642-768x576.jpg 768w, https:\/\/familie-weitgereist.de\/wp-content\/uploads\/2025\/07\/1000004642-1536x1152.jpg 1536w, https:\/\/familie-weitgereist.de\/wp-content\/uploads\/2025\/07\/1000004642-2048x1536.jpg 2048w, https:\/\/familie-weitgereist.de\/wp-content\/uploads\/2025\/07\/1000004642-1200x900.jpg 1200w, https:\/\/familie-weitgereist.de\/wp-content\/uploads\/2025\/07\/1000004642-1980x1485.jpg 1980w, https:\/\/familie-weitgereist.de\/wp-content\/uploads\/2025\/07\/1000004642-150x113.jpg 150w\" sizes=\"auto, (max-width: 1024px) 100vw, 1024px\" \/><\/figure>\n\n\n\n<h2 class=\"wp-block-heading\">Haarlem<\/h2>\n\n\n\n<p>Wir haben Haarlem einen Besuch abgestattet, die Stadt, die mit dem Slogan wirbt: Eine Stadt, die alles hat. Haarlem liegt unweit von Amsterdam und der Nordsee.<\/p>\n\n\n\n<p>Auf dem <strong><em>Grote Markt<\/em><\/strong>, dem zentralen Platz von Haarlem, befindet sich die <strong>St. Bavo Kirche<\/strong>. Ebenfalls befindet sich vor Ort das <em><strong>Stadhuis<\/strong><\/em>, das Rathaus von Haarlem.<\/p>\n\n\n\n<div id=\"wp-block-themeisle-blocks-slider-74451e8a\" class=\"wp-block-themeisle-blocks-slider glide\" data-per-view=\"1\" data-gap=\"0\" data-peek=\"0\" data-autoplay=\"true\" data-height=\"400px\" data-hide-arrows=\"false\"><div class=\"glide__track\" data-glide-el=\"track\"><div class=\"glide__slides\"><div class=\"wp-block-themeisle-blocks-slider-item-wrapper glide__slide\" tabindex=\"0\"><figure><img decoding=\"async\" class=\"wp-block-themeisle-blocks-slider-item\" src=\"https:\/\/familie-weitgereist.de\/wp-content\/uploads\/2025\/07\/1000004733-scaled.jpg\" alt=\"\" title=\"\" data-id=\"22253\"\/><\/figure><\/div><div class=\"wp-block-themeisle-blocks-slider-item-wrapper glide__slide\" tabindex=\"0\"><figure><img decoding=\"async\" class=\"wp-block-themeisle-blocks-slider-item\" src=\"https:\/\/familie-weitgereist.de\/wp-content\/uploads\/2025\/07\/1000004734-scaled.jpg\" alt=\"\" title=\"\" data-id=\"22254\"\/><\/figure><\/div><\/div><div class=\"glide__bullets\" data-glide-el=\"controls[nav]\"><button class=\"glide__bullet\" data-glide-dir=\"=0\"><\/button><button class=\"glide__bullet\" data-glide-dir=\"=1\"><\/button><\/div><\/div><\/div>\n\n\n\n<p>Haarlem ist wirklich total sehenswert und eine klassische holl\u00e4ndische Stadt. Die Klinkerh\u00e4user, die pittoresken schmalen Kopfsteinpflastergassen, die vielen Fahrr\u00e4der und Grachten sind einfach toll.<\/p>\n\n\n\n<div id=\"wp-block-themeisle-blocks-slider-03915e61\" class=\"wp-block-themeisle-blocks-slider glide\" data-per-view=\"1\" data-gap=\"0\" data-peek=\"0\" data-autoplay=\"true\" data-height=\"400px\" data-hide-arrows=\"false\"><div class=\"glide__track\" data-glide-el=\"track\"><div class=\"glide__slides\"><div class=\"wp-block-themeisle-blocks-slider-item-wrapper glide__slide\" tabindex=\"0\"><figure><img decoding=\"async\" class=\"wp-block-themeisle-blocks-slider-item\" src=\"https:\/\/familie-weitgereist.de\/wp-content\/uploads\/2025\/07\/1000004815-scaled.jpg\" alt=\"\" title=\"\" data-id=\"22269\"\/><\/figure><\/div><div class=\"wp-block-themeisle-blocks-slider-item-wrapper glide__slide\" tabindex=\"0\"><figure><img decoding=\"async\" class=\"wp-block-themeisle-blocks-slider-item\" src=\"https:\/\/familie-weitgereist.de\/wp-content\/uploads\/2025\/07\/1000004801-1-scaled.jpg\" alt=\"\" title=\"\" data-id=\"22267\"\/><\/figure><\/div><div class=\"wp-block-themeisle-blocks-slider-item-wrapper glide__slide\" tabindex=\"0\"><figure><img decoding=\"async\" class=\"wp-block-themeisle-blocks-slider-item\" src=\"https:\/\/familie-weitgereist.de\/wp-content\/uploads\/2025\/07\/1000004794-1-scaled.jpg\" alt=\"\" title=\"\" data-id=\"22268\"\/><\/figure><\/div><div class=\"wp-block-themeisle-blocks-slider-item-wrapper glide__slide\" tabindex=\"0\"><figure><img decoding=\"async\" class=\"wp-block-themeisle-blocks-slider-item\" src=\"https:\/\/familie-weitgereist.de\/wp-content\/uploads\/2025\/07\/1000004761-1-scaled.jpg\" alt=\"\" title=\"\" data-id=\"22270\"\/><\/figure><\/div><\/div><div class=\"glide__bullets\" data-glide-el=\"controls[nav]\"><button class=\"glide__bullet\" data-glide-dir=\"=0\"><\/button><button class=\"glide__bullet\" data-glide-dir=\"=1\"><\/button><button class=\"glide__bullet\" data-glide-dir=\"=2\"><\/button><button class=\"glide__bullet\" data-glide-dir=\"=3\"><\/button><\/div><\/div><\/div>\n\n\n\n<p>Ein Highlight ist die <em><strong>Molen de Adriaan<\/strong><\/em>, eine <strong>Windm\u00fchle mitten in der Stadt<\/strong>. Die Stadt liegt am Fluss Spaarne und hat ca. 168.600 Einwohner. Im Vergleich zur naheliegenden Metropole Amsterdam, hat Haarlem ein gem\u00fctliches Flair.<\/p>\n\n\n\n<figure class=\"wp-block-image size-large\"><img loading=\"lazy\" decoding=\"async\" width=\"1024\" height=\"768\" src=\"https:\/\/familie-weitgereist.de\/wp-content\/uploads\/2025\/07\/1000004767-1-1024x768.jpg\" alt=\"\" class=\"wp-image-22260\" srcset=\"https:\/\/familie-weitgereist.de\/wp-content\/uploads\/2025\/07\/1000004767-1-1024x768.jpg 1024w, https:\/\/familie-weitgereist.de\/wp-content\/uploads\/2025\/07\/1000004767-1-300x225.jpg 300w, https:\/\/familie-weitgereist.de\/wp-content\/uploads\/2025\/07\/1000004767-1-768x576.jpg 768w, https:\/\/familie-weitgereist.de\/wp-content\/uploads\/2025\/07\/1000004767-1-1536x1152.jpg 1536w, https:\/\/familie-weitgereist.de\/wp-content\/uploads\/2025\/07\/1000004767-1-2048x1536.jpg 2048w, https:\/\/familie-weitgereist.de\/wp-content\/uploads\/2025\/07\/1000004767-1-1200x900.jpg 1200w, https:\/\/familie-weitgereist.de\/wp-content\/uploads\/2025\/07\/1000004767-1-1980x1485.jpg 1980w, https:\/\/familie-weitgereist.de\/wp-content\/uploads\/2025\/07\/1000004767-1-150x113.jpg 150w\" sizes=\"auto, (max-width: 1024px) 100vw, 1024px\" \/><\/figure>\n\n\n\n<p>Da das Parken total kompliziert ist, sind wir von Santpoort Nord mit dem Zug nach Haarlem gefahren. Daf\u00fcr zahlten wir f\u00fcr zwei Erwachsene und ein Kind 13,20\u20ac mit einem Online Ticket. Kinder bis 4 Jahren zahlen nichts. (<em>Stand Juli 2025<\/em>)<\/p>\n\n\n\n<figure class=\"wp-block-image size-large\"><img loading=\"lazy\" decoding=\"async\" width=\"1024\" height=\"768\" src=\"https:\/\/familie-weitgereist.de\/wp-content\/uploads\/2025\/07\/1000004705-1024x768.jpg\" alt=\"\" class=\"wp-image-22249\" srcset=\"https:\/\/familie-weitgereist.de\/wp-content\/uploads\/2025\/07\/1000004705-1024x768.jpg 1024w, https:\/\/familie-weitgereist.de\/wp-content\/uploads\/2025\/07\/1000004705-300x225.jpg 300w, https:\/\/familie-weitgereist.de\/wp-content\/uploads\/2025\/07\/1000004705-768x576.jpg 768w, https:\/\/familie-weitgereist.de\/wp-content\/uploads\/2025\/07\/1000004705-1536x1152.jpg 1536w, https:\/\/familie-weitgereist.de\/wp-content\/uploads\/2025\/07\/1000004705-2048x1536.jpg 2048w, https:\/\/familie-weitgereist.de\/wp-content\/uploads\/2025\/07\/1000004705-1200x900.jpg 1200w, https:\/\/familie-weitgereist.de\/wp-content\/uploads\/2025\/07\/1000004705-1980x1485.jpg 1980w, https:\/\/familie-weitgereist.de\/wp-content\/uploads\/2025\/07\/1000004705-150x113.jpg 150w\" sizes=\"auto, (max-width: 1024px) 100vw, 1024px\" \/><\/figure>\n\n\n\n<h2 class=\"wp-block-heading\">Ginsterveld Camping in Burgh-Haamstede in der Region Zeeland<\/h2>\n\n\n\n<p>Die Niederlande sind bekannt f\u00fcr ihre tollen <strong>Familiencampingpl\u00e4tze<\/strong> und wir wollten dies einmal mit unseren Kindern selbst testen. Daher sind wir in die niederl\u00e4ndische Region Zeeland gefahren. Die tolle Urlaubsregion liegt direkt an der <strong>Nordsee<\/strong> auf vielen Inseln verteilt.  Wir haben drei N\u00e4chte auf dem <strong>Campingplatz<\/strong> <strong>Ginsterveld in Burgh-Haamstede<\/strong> verbracht.<\/p>\n\n\n\n<figure class=\"wp-block-image size-large\"><img loading=\"lazy\" decoding=\"async\" width=\"1024\" height=\"768\" src=\"https:\/\/familie-weitgereist.de\/wp-content\/uploads\/2025\/07\/1000005037-1024x768.jpg\" alt=\"\" class=\"wp-image-22291\" srcset=\"https:\/\/familie-weitgereist.de\/wp-content\/uploads\/2025\/07\/1000005037-1024x768.jpg 1024w, https:\/\/familie-weitgereist.de\/wp-content\/uploads\/2025\/07\/1000005037-300x225.jpg 300w, https:\/\/familie-weitgereist.de\/wp-content\/uploads\/2025\/07\/1000005037-768x576.jpg 768w, https:\/\/familie-weitgereist.de\/wp-content\/uploads\/2025\/07\/1000005037-1536x1152.jpg 1536w, https:\/\/familie-weitgereist.de\/wp-content\/uploads\/2025\/07\/1000005037-2048x1536.jpg 2048w, https:\/\/familie-weitgereist.de\/wp-content\/uploads\/2025\/07\/1000005037-1200x900.jpg 1200w, https:\/\/familie-weitgereist.de\/wp-content\/uploads\/2025\/07\/1000005037-1980x1485.jpg 1980w, https:\/\/familie-weitgereist.de\/wp-content\/uploads\/2025\/07\/1000005037-150x113.jpg 150w\" sizes=\"auto, (max-width: 1024px) 100vw, 1024px\" \/><\/figure>\n\n\n\n<p>\u00dcberall auf dem Campingplatz gibt es viele <strong>verschiedene Spielpl\u00e4tze<\/strong>. Wir hatten direkt neben unserem Stellplatz einen kleinen Spielplatz, was perfekt ist f\u00fcr einen entspannten Campingtrip mit Kindern. Die Spielpl\u00e4tze sind alle unterschiedlich und es gibt eine Menge zu entdecken. Schaukeln, wippen, klettern, rutschen, im Matsch, Wasser oder Sand spielen, auf einem Trampolinkissen springen &#8211; hier ist wirklich f\u00fcr alle etwas dabei!<\/p>\n\n\n\n<div id=\"wp-block-themeisle-blocks-slider-9dd32ae0\" class=\"wp-block-themeisle-blocks-slider glide\" data-per-view=\"1\" data-gap=\"0\" data-peek=\"0\" data-autoplay=\"true\" data-height=\"400px\" data-hide-arrows=\"false\"><div class=\"glide__track\" data-glide-el=\"track\"><div class=\"glide__slides\"><div class=\"wp-block-themeisle-blocks-slider-item-wrapper glide__slide\" tabindex=\"0\"><figure><img decoding=\"async\" class=\"wp-block-themeisle-blocks-slider-item\" src=\"https:\/\/familie-weitgereist.de\/wp-content\/uploads\/2025\/07\/1000005015-scaled.jpg\" alt=\"\" title=\"\" data-id=\"22282\"\/><\/figure><\/div><div class=\"wp-block-themeisle-blocks-slider-item-wrapper glide__slide\" tabindex=\"0\"><figure><img decoding=\"async\" class=\"wp-block-themeisle-blocks-slider-item\" src=\"https:\/\/familie-weitgereist.de\/wp-content\/uploads\/2025\/07\/1000005019-scaled.jpg\" alt=\"\" title=\"\" data-id=\"22287\"\/><\/figure><\/div><div class=\"wp-block-themeisle-blocks-slider-item-wrapper glide__slide\" tabindex=\"0\"><figure><img decoding=\"async\" class=\"wp-block-themeisle-blocks-slider-item\" src=\"https:\/\/familie-weitgereist.de\/wp-content\/uploads\/2025\/07\/1000005023-scaled.jpg\" alt=\"\" title=\"\" data-id=\"22286\"\/><\/figure><\/div><div class=\"wp-block-themeisle-blocks-slider-item-wrapper glide__slide\" tabindex=\"0\"><figure><img decoding=\"async\" class=\"wp-block-themeisle-blocks-slider-item\" src=\"https:\/\/familie-weitgereist.de\/wp-content\/uploads\/2025\/07\/1000005004-scaled.jpg\" alt=\"\" title=\"\" data-id=\"22285\"\/><\/figure><\/div><div class=\"wp-block-themeisle-blocks-slider-item-wrapper glide__slide\" tabindex=\"0\"><figure><img decoding=\"async\" class=\"wp-block-themeisle-blocks-slider-item\" src=\"https:\/\/familie-weitgereist.de\/wp-content\/uploads\/2025\/07\/1000004978-scaled.jpg\" alt=\"\" title=\"\" data-id=\"22283\"\/><\/figure><\/div><div class=\"wp-block-themeisle-blocks-slider-item-wrapper glide__slide\" tabindex=\"0\"><figure><img decoding=\"async\" class=\"wp-block-themeisle-blocks-slider-item\" src=\"https:\/\/familie-weitgereist.de\/wp-content\/uploads\/2025\/07\/1000005031-scaled.jpg\" alt=\"\" title=\"\" data-id=\"22284\"\/><\/figure><\/div><div class=\"wp-block-themeisle-blocks-slider-item-wrapper glide__slide\" tabindex=\"0\"><figure><img decoding=\"async\" class=\"wp-block-themeisle-blocks-slider-item\" src=\"https:\/\/familie-weitgereist.de\/wp-content\/uploads\/2025\/07\/1000005035-scaled.jpg\" alt=\"\" title=\"\" data-id=\"22281\"\/><\/figure><\/div><\/div><div class=\"glide__bullets\" data-glide-el=\"controls[nav]\"><button class=\"glide__bullet\" data-glide-dir=\"=0\"><\/button><button class=\"glide__bullet\" data-glide-dir=\"=1\"><\/button><button class=\"glide__bullet\" data-glide-dir=\"=2\"><\/button><button class=\"glide__bullet\" data-glide-dir=\"=3\"><\/button><button class=\"glide__bullet\" data-glide-dir=\"=4\"><\/button><button class=\"glide__bullet\" data-glide-dir=\"=5\"><\/button><button class=\"glide__bullet\" data-glide-dir=\"=6\"><\/button><\/div><\/div><\/div>\n\n\n\n<p>Ein Indoor Spielplatz steht den kleinen G\u00e4sten auch zur Verf\u00fcgung.<\/p>\n\n\n\n<figure class=\"wp-block-image size-large\"><img loading=\"lazy\" decoding=\"async\" width=\"1024\" height=\"768\" src=\"https:\/\/familie-weitgereist.de\/wp-content\/uploads\/2025\/07\/1000005131-1024x768.jpg\" alt=\"\" class=\"wp-image-22301\" srcset=\"https:\/\/familie-weitgereist.de\/wp-content\/uploads\/2025\/07\/1000005131-1024x768.jpg 1024w, https:\/\/familie-weitgereist.de\/wp-content\/uploads\/2025\/07\/1000005131-300x225.jpg 300w, https:\/\/familie-weitgereist.de\/wp-content\/uploads\/2025\/07\/1000005131-768x576.jpg 768w, https:\/\/familie-weitgereist.de\/wp-content\/uploads\/2025\/07\/1000005131-1536x1152.jpg 1536w, https:\/\/familie-weitgereist.de\/wp-content\/uploads\/2025\/07\/1000005131-2048x1536.jpg 2048w, https:\/\/familie-weitgereist.de\/wp-content\/uploads\/2025\/07\/1000005131-1200x900.jpg 1200w, https:\/\/familie-weitgereist.de\/wp-content\/uploads\/2025\/07\/1000005131-1980x1485.jpg 1980w, https:\/\/familie-weitgereist.de\/wp-content\/uploads\/2025\/07\/1000005131-150x113.jpg 150w\" sizes=\"auto, (max-width: 1024px) 100vw, 1024px\" \/><\/figure>\n\n\n\n<p>Die Sanit\u00e4ranlagen sind sauber und es gibt mehrere tolle Kinderb\u00e4der mit mini Toiletten, mini Duschen und kleinen Badewannen.<\/p>\n\n\n\n<figure class=\"wp-block-image size-large\"><img loading=\"lazy\" decoding=\"async\" width=\"1024\" height=\"768\" src=\"https:\/\/familie-weitgereist.de\/wp-content\/uploads\/2025\/07\/1000005029-1-1024x768.jpg\" alt=\"\" class=\"wp-image-22303\" srcset=\"https:\/\/familie-weitgereist.de\/wp-content\/uploads\/2025\/07\/1000005029-1-1024x768.jpg 1024w, https:\/\/familie-weitgereist.de\/wp-content\/uploads\/2025\/07\/1000005029-1-300x225.jpg 300w, https:\/\/familie-weitgereist.de\/wp-content\/uploads\/2025\/07\/1000005029-1-768x576.jpg 768w, https:\/\/familie-weitgereist.de\/wp-content\/uploads\/2025\/07\/1000005029-1-1536x1152.jpg 1536w, https:\/\/familie-weitgereist.de\/wp-content\/uploads\/2025\/07\/1000005029-1-2048x1536.jpg 2048w, https:\/\/familie-weitgereist.de\/wp-content\/uploads\/2025\/07\/1000005029-1-1200x900.jpg 1200w, https:\/\/familie-weitgereist.de\/wp-content\/uploads\/2025\/07\/1000005029-1-1980x1485.jpg 1980w, https:\/\/familie-weitgereist.de\/wp-content\/uploads\/2025\/07\/1000005029-1-150x113.jpg 150w\" sizes=\"auto, (max-width: 1024px) 100vw, 1024px\" \/><\/figure>\n\n\n\n<p>Ein Hallenbad mit Dampfsauna, Kleinkindbereich und 40m langer Rutsche und ein Freibad mit drei Rutschen bereiten viel Spa\u00df.<\/p>\n\n\n\n<div id=\"wp-block-themeisle-blocks-slider-4578de5e\" class=\"wp-block-themeisle-blocks-slider glide\" data-per-view=\"1\" data-gap=\"0\" data-peek=\"0\" data-autoplay=\"true\" data-height=\"400px\" data-hide-arrows=\"false\"><div class=\"glide__track\" data-glide-el=\"track\"><div class=\"glide__slides\"><div class=\"wp-block-themeisle-blocks-slider-item-wrapper glide__slide\" tabindex=\"0\"><figure><img decoding=\"async\" class=\"wp-block-themeisle-blocks-slider-item\" src=\"https:\/\/familie-weitgereist.de\/wp-content\/uploads\/2025\/07\/1000005032-scaled.jpg\" alt=\"\" title=\"\" data-id=\"22295\"\/><\/figure><\/div><div class=\"wp-block-themeisle-blocks-slider-item-wrapper glide__slide\" tabindex=\"0\"><figure><img decoding=\"async\" class=\"wp-block-themeisle-blocks-slider-item\" src=\"https:\/\/familie-weitgereist.de\/wp-content\/uploads\/2025\/07\/1000005033-scaled.jpg\" alt=\"\" title=\"\" data-id=\"22297\"\/><\/figure><\/div><\/div><div class=\"glide__bullets\" data-glide-el=\"controls[nav]\"><button class=\"glide__bullet\" data-glide-dir=\"=0\"><\/button><button class=\"glide__bullet\" data-glide-dir=\"=1\"><\/button><\/div><\/div><\/div>\n\n\n\n<p>Der Strand ist vom Campingplatz ca. 2km entfernt. Wir sind den D\u00fcnenweg gelaufen und es ist wirklich sehr sch\u00f6n. Die D\u00fcnen sind ziemlich hoch und die Nordsee, war aufgrund von Ebbe ziemlich weit drau\u00dfen, sodass wir weit hinaus laufen konnten. Die meisten Leute fahren vom Campingplatz mit dem Fahrrad zu den D\u00fcnen.<\/p>\n\n\n\n<div id=\"wp-block-themeisle-blocks-slider-43d96523\" class=\"wp-block-themeisle-blocks-slider glide\" data-per-view=\"1\" data-gap=\"0\" data-peek=\"0\" data-autoplay=\"true\" data-height=\"400px\" data-hide-arrows=\"false\"><div class=\"glide__track\" data-glide-el=\"track\"><div class=\"glide__slides\"><div class=\"wp-block-themeisle-blocks-slider-item-wrapper glide__slide\" tabindex=\"0\"><figure><img decoding=\"async\" class=\"wp-block-themeisle-blocks-slider-item\" src=\"https:\/\/familie-weitgereist.de\/wp-content\/uploads\/2025\/07\/1000005232-scaled.jpg\" alt=\"\" title=\"\" data-id=\"22307\"\/><\/figure><\/div><div class=\"wp-block-themeisle-blocks-slider-item-wrapper glide__slide\" tabindex=\"0\"><figure><img decoding=\"async\" class=\"wp-block-themeisle-blocks-slider-item\" src=\"https:\/\/familie-weitgereist.de\/wp-content\/uploads\/2025\/07\/1000005191-scaled.jpg\" alt=\"\" title=\"\" data-id=\"22309\"\/><\/figure><\/div><div class=\"wp-block-themeisle-blocks-slider-item-wrapper glide__slide\" tabindex=\"0\"><figure><img decoding=\"async\" class=\"wp-block-themeisle-blocks-slider-item\" src=\"https:\/\/familie-weitgereist.de\/wp-content\/uploads\/2025\/07\/1000005178-scaled.jpg\" alt=\"\" title=\"\" data-id=\"22310\"\/><\/figure><\/div><\/div><div class=\"glide__bullets\" data-glide-el=\"controls[nav]\"><button class=\"glide__bullet\" data-glide-dir=\"=0\"><\/button><button class=\"glide__bullet\" data-glide-dir=\"=1\"><\/button><button class=\"glide__bullet\" data-glide-dir=\"=2\"><\/button><\/div><\/div><\/div>\n\n\n\n<h2 class=\"wp-block-heading\">Sint-Philipsland (Zeeland)<\/h2>\n\n\n\n<p>Die kleine Insel im niederl\u00e4ndischen Zeeland Sint-Philipsland mit dem gleichnamigen Ort wollten wir besuchen. Im Ort leben ca. 2700 Einwohner. Sint-Philipsland ist die kleinste Insel in Zeeland und bisher bereisen nur wenige Touristen die kleine Insel. Wir schauten uns die Windm\u00fchle an dem kleinen Hafenbecken an, schlenderten an den sch\u00f6nen H\u00e4usern an der Hafenpromenade entlang und verweilten am Spielplatz.<\/p>\n\n\n\n<div id=\"wp-block-themeisle-blocks-slider-23fa93a4\" class=\"wp-block-themeisle-blocks-slider glide\" data-per-view=\"1\" data-gap=\"0\" data-peek=\"0\" data-autoplay=\"true\" data-height=\"400px\" data-hide-arrows=\"false\"><div class=\"glide__track\" data-glide-el=\"track\"><div class=\"glide__slides\"><div class=\"wp-block-themeisle-blocks-slider-item-wrapper glide__slide\" tabindex=\"0\"><figure><img decoding=\"async\" class=\"wp-block-themeisle-blocks-slider-item\" src=\"https:\/\/familie-weitgereist.de\/wp-content\/uploads\/2025\/07\/1000005427-scaled.jpg\" alt=\"\" title=\"\" data-id=\"22316\"\/><\/figure><\/div><div class=\"wp-block-themeisle-blocks-slider-item-wrapper glide__slide\" tabindex=\"0\"><figure><img decoding=\"async\" class=\"wp-block-themeisle-blocks-slider-item\" src=\"https:\/\/familie-weitgereist.de\/wp-content\/uploads\/2025\/07\/1000005424-scaled.jpg\" alt=\"\" title=\"\" data-id=\"22315\"\/><\/figure><\/div><div class=\"wp-block-themeisle-blocks-slider-item-wrapper glide__slide\" tabindex=\"0\"><figure><img decoding=\"async\" class=\"wp-block-themeisle-blocks-slider-item\" src=\"https:\/\/familie-weitgereist.de\/wp-content\/uploads\/2025\/07\/1000005422-scaled.jpg\" alt=\"\" title=\"\" data-id=\"22314\"\/><\/figure><\/div><\/div><div class=\"glide__bullets\" data-glide-el=\"controls[nav]\"><button class=\"glide__bullet\" data-glide-dir=\"=0\"><\/button><button class=\"glide__bullet\" data-glide-dir=\"=1\"><\/button><button class=\"glide__bullet\" data-glide-dir=\"=2\"><\/button><\/div><\/div><\/div>\n\n\n\n<h2 class=\"wp-block-heading\">Baarle-Nassau \/ Baarle-Hertog<\/h2>\n\n\n\n<p>Wir haben den <strong>Ort mit den meisten Enklaven der Welt<\/strong> bereist. Ein Dorf, zwei Gemeinden, 30 Enklaven und zwei L\u00e4nder &#8211; all das kann man in Baarle-Nassau \/ Baarle-Hertog erleben.<\/p>\n\n\n\n<figure class=\"wp-block-image size-large\"><img loading=\"lazy\" decoding=\"async\" width=\"768\" height=\"1024\" src=\"https:\/\/familie-weitgereist.de\/wp-content\/uploads\/2025\/07\/1000005548-768x1024.jpg\" alt=\"\" class=\"wp-image-22323\" srcset=\"https:\/\/familie-weitgereist.de\/wp-content\/uploads\/2025\/07\/1000005548-768x1024.jpg 768w, https:\/\/familie-weitgereist.de\/wp-content\/uploads\/2025\/07\/1000005548-225x300.jpg 225w, https:\/\/familie-weitgereist.de\/wp-content\/uploads\/2025\/07\/1000005548-1152x1536.jpg 1152w, https:\/\/familie-weitgereist.de\/wp-content\/uploads\/2025\/07\/1000005548-1536x2048.jpg 1536w, https:\/\/familie-weitgereist.de\/wp-content\/uploads\/2025\/07\/1000005548-1200x1600.jpg 1200w, https:\/\/familie-weitgereist.de\/wp-content\/uploads\/2025\/07\/1000005548-1980x2640.jpg 1980w, https:\/\/familie-weitgereist.de\/wp-content\/uploads\/2025\/07\/1000005548-640x853.jpg 640w, https:\/\/familie-weitgereist.de\/wp-content\/uploads\/2025\/07\/1000005548-150x200.jpg 150w, https:\/\/familie-weitgereist.de\/wp-content\/uploads\/2025\/07\/1000005548-scaled.jpg 1920w\" sizes=\"auto, (max-width: 768px) 100vw, 768px\" \/><\/figure>\n\n\n\n<p>In dem Dorf leben ca. 7500 Menschen. Man k\u00f6nnte meinen, dass dies das seltsamste Dorf der Welt ist, denn es greifen 30 St\u00fccke belgischen und niederl\u00e4ndischen Staatsgebietes ineinander. Der Doppelort liegt im \u00e4u\u00dfersten S\u00fcden der Niederlande.<\/p>\n\n\n\n<p><strong>Weltweit gibt es 64 Enklaven, hier befinden sich nahezu die H\u00e4lfte<\/strong>. Die Grenze verl\u00e4uft hier kreuz und quer, durch H\u00e4user, G\u00e4rten, mitten auf der Stra\u00dfe. Es gibt H\u00e4user, die haben eine niederl\u00e4ndische und eine belgische Hausnummer. Ein kleines St\u00fcck Feld geh\u00f6rt zu Belgien, liegt jedoch inmitten eines niederl\u00e4ndischen Feldes. Es ist \u00e4u\u00dferst kurios.<\/p>\n\n\n\n<div id=\"wp-block-themeisle-blocks-slider-289ad917\" class=\"wp-block-themeisle-blocks-slider glide\" data-per-view=\"1\" data-gap=\"0\" data-peek=\"0\" data-autoplay=\"true\" data-height=\"400px\" data-hide-arrows=\"false\"><div class=\"glide__track\" data-glide-el=\"track\"><div class=\"glide__slides\"><div class=\"wp-block-themeisle-blocks-slider-item-wrapper glide__slide\" tabindex=\"0\"><figure><img decoding=\"async\" class=\"wp-block-themeisle-blocks-slider-item\" src=\"https:\/\/familie-weitgereist.de\/wp-content\/uploads\/2025\/07\/1000005534-1-scaled.jpg\" alt=\"\" title=\"\" data-id=\"22341\"\/><\/figure><\/div><div class=\"wp-block-themeisle-blocks-slider-item-wrapper glide__slide\" tabindex=\"0\"><figure><img decoding=\"async\" class=\"wp-block-themeisle-blocks-slider-item\" src=\"https:\/\/familie-weitgereist.de\/wp-content\/uploads\/2025\/07\/1000005558-scaled.jpg\" alt=\"\" title=\"\" data-id=\"22338\"\/><\/figure><\/div><div class=\"wp-block-themeisle-blocks-slider-item-wrapper glide__slide\" tabindex=\"0\"><figure><img decoding=\"async\" class=\"wp-block-themeisle-blocks-slider-item\" src=\"https:\/\/familie-weitgereist.de\/wp-content\/uploads\/2025\/07\/1000005559-scaled.jpg\" alt=\"\" title=\"\" data-id=\"22339\"\/><\/figure><\/div><div class=\"wp-block-themeisle-blocks-slider-item-wrapper glide__slide\" tabindex=\"0\"><figure><img decoding=\"async\" class=\"wp-block-themeisle-blocks-slider-item\" src=\"https:\/\/familie-weitgereist.de\/wp-content\/uploads\/2025\/07\/1000005454-1-scaled.jpg\" alt=\"\" title=\"\" data-id=\"22340\"\/><\/figure><\/div><div class=\"wp-block-themeisle-blocks-slider-item-wrapper glide__slide\" tabindex=\"0\"><figure><img decoding=\"async\" class=\"wp-block-themeisle-blocks-slider-item\" src=\"https:\/\/familie-weitgereist.de\/wp-content\/uploads\/2025\/07\/1000005462-1-scaled.jpg\" alt=\"\" title=\"\" data-id=\"22342\"\/><\/figure><\/div><\/div><div class=\"glide__bullets\" data-glide-el=\"controls[nav]\"><button class=\"glide__bullet\" data-glide-dir=\"=0\"><\/button><button class=\"glide__bullet\" data-glide-dir=\"=1\"><\/button><button class=\"glide__bullet\" data-glide-dir=\"=2\"><\/button><button class=\"glide__bullet\" data-glide-dir=\"=3\"><\/button><button class=\"glide__bullet\" data-glide-dir=\"=4\"><\/button><\/div><\/div><\/div>\n\n\n\n<p><strong>Wie kam es zu diesen ungew\u00f6hnlichen Grenzen? <\/strong>Die Grenzgeschichte geht auf mittelalterliche Vertr\u00e4ge, Gebietsausstausche und Vereinbarungen zur\u00fcck zwischen dem Herrscher von Breda und dem Herzog von Brabant. 1843 wurden die Gebietsverteilungen mit dem Vertrag von Maastricht ratifiziert und genauer definiert.<\/p>\n\n\n\n<p>Eine weitere interessante Enklave haben wir an der belgisch\/deutschen Grenze besucht. <strong><a href=\"https:\/\/familie-weitgereist.de\/?p=4487\" data-type=\"link\" data-id=\"https:\/\/familie-weitgereist.de\/?p=4487\">M\u00fctzenich<\/a><\/strong> ist eine <strong>deutsche Enklave im Staatsgebiet von Belgien bei Monschau in Nordrhein-Westfalen<\/strong>.<\/p>\n\n\n\n<p>Zudem waren wir auch in der deutschen Enklave <strong><a href=\"https:\/\/familie-weitgereist.de\/?p=5696\/#rheinfall\" data-type=\"link\" data-id=\"https:\/\/familie-weitgereist.de\/?p=5696\/#rheinfall\">B\u00fcsingen am Hochrhein<\/a><\/strong>, welche auf dem <strong>Staatsgebiet der Schweiz<\/strong> liegt.<\/p>\n\n\n\n<h2 class=\"wp-block-heading\">Weelde in Belgien<\/h2>\n\n\n\n<p>In dem kleinen belgischen Ort unweit der niederl\u00e4ndischen Grenze, haben wir am Camper Stellplatz &#8222;<strong><em>De Brouwerij<\/em><\/strong>&#8220; eine ruhige Nacht verbracht. Das Tolle ist, hier gibt es zwei Spielpl\u00e4tze, eine gro\u00dfe Wiese, ein Volleyballfeld und eine sch\u00f6ne Spazierstrecke durch den Ort.<\/p>\n\n\n\n<figure class=\"wp-block-image size-large\"><img loading=\"lazy\" decoding=\"async\" width=\"1024\" height=\"768\" src=\"https:\/\/familie-weitgereist.de\/wp-content\/uploads\/2025\/07\/1000005551-1024x768.jpg\" alt=\"\" class=\"wp-image-22356\" srcset=\"https:\/\/familie-weitgereist.de\/wp-content\/uploads\/2025\/07\/1000005551-1024x768.jpg 1024w, https:\/\/familie-weitgereist.de\/wp-content\/uploads\/2025\/07\/1000005551-300x225.jpg 300w, https:\/\/familie-weitgereist.de\/wp-content\/uploads\/2025\/07\/1000005551-768x576.jpg 768w, https:\/\/familie-weitgereist.de\/wp-content\/uploads\/2025\/07\/1000005551-1536x1152.jpg 1536w, https:\/\/familie-weitgereist.de\/wp-content\/uploads\/2025\/07\/1000005551-2048x1536.jpg 2048w, https:\/\/familie-weitgereist.de\/wp-content\/uploads\/2025\/07\/1000005551-1200x900.jpg 1200w, https:\/\/familie-weitgereist.de\/wp-content\/uploads\/2025\/07\/1000005551-1980x1485.jpg 1980w, https:\/\/familie-weitgereist.de\/wp-content\/uploads\/2025\/07\/1000005551-150x113.jpg 150w\" sizes=\"auto, (max-width: 1024px) 100vw, 1024px\" \/><\/figure>\n\n\n\n<h2 class=\"wp-block-heading\">Maastricht<\/h2>\n\n\n\n<p>Wir haben die Stadt an der Maas im Dreil\u00e4ndereck Niederlande, Belgien und Deutschland besucht. <\/p>\n\n\n\n<p>Wir parkten unseren Camper am P+R Parkplatz in Maastricht Noord. Von dort fahren im 15 Minuten Takt Busse direkt in die Innenstadt. Daf\u00fcr zahlten wir f\u00fcr zwei Erwachsene 2,45\u20ac f\u00fcr eine Hin- und R\u00fcckfahrt. Kinder bis einschlie\u00dflich 11 Jahren fahren gratis mit. (<em>Stand Juli 2025<\/em>)<\/p>\n\n\n\n<p>Wir schlenderten durch die Altstadt, g\u00f6nnten uns typisch holl\u00e4ndische Fritten und sahen uns die sch\u00f6nen Altstadtgeb\u00e4ude an. An einem Samstag war super viel los.<\/p>\n\n\n\n<div id=\"wp-block-themeisle-blocks-slider-efd8b2ab\" class=\"wp-block-themeisle-blocks-slider glide\" data-per-view=\"1\" data-gap=\"0\" data-peek=\"0\" data-autoplay=\"true\" data-height=\"400px\" data-hide-arrows=\"false\"><div class=\"glide__track\" data-glide-el=\"track\"><div class=\"glide__slides\"><div class=\"wp-block-themeisle-blocks-slider-item-wrapper glide__slide\" tabindex=\"0\"><figure><img decoding=\"async\" class=\"wp-block-themeisle-blocks-slider-item\" src=\"https:\/\/familie-weitgereist.de\/wp-content\/uploads\/2025\/07\/1000005652-1-scaled.jpg\" alt=\"\" title=\"\" data-id=\"22375\"\/><\/figure><\/div><div class=\"wp-block-themeisle-blocks-slider-item-wrapper glide__slide\" tabindex=\"0\"><figure><img decoding=\"async\" class=\"wp-block-themeisle-blocks-slider-item\" src=\"https:\/\/familie-weitgereist.de\/wp-content\/uploads\/2025\/07\/1000005663-1-scaled.jpg\" alt=\"\" title=\"\" data-id=\"22374\"\/><\/figure><\/div><div class=\"wp-block-themeisle-blocks-slider-item-wrapper glide__slide\" tabindex=\"0\"><figure><img decoding=\"async\" class=\"wp-block-themeisle-blocks-slider-item\" src=\"https:\/\/familie-weitgereist.de\/wp-content\/uploads\/2025\/07\/1000005647-1-scaled.jpg\" alt=\"\" title=\"\" data-id=\"22376\"\/><\/figure><\/div><div class=\"wp-block-themeisle-blocks-slider-item-wrapper glide__slide\" tabindex=\"0\"><figure><img decoding=\"async\" class=\"wp-block-themeisle-blocks-slider-item\" src=\"https:\/\/familie-weitgereist.de\/wp-content\/uploads\/2025\/07\/1000005624-1-scaled.jpg\" alt=\"\" title=\"\" data-id=\"22377\"\/><\/figure><\/div><\/div><div class=\"glide__bullets\" data-glide-el=\"controls[nav]\"><button class=\"glide__bullet\" data-glide-dir=\"=0\"><\/button><button class=\"glide__bullet\" data-glide-dir=\"=1\"><\/button><button class=\"glide__bullet\" data-glide-dir=\"=2\"><\/button><button class=\"glide__bullet\" data-glide-dir=\"=3\"><\/button><\/div><\/div><\/div>\n\n\n\n<h2 class=\"wp-block-heading\">Spielpl\u00e4tze<\/h2>\n\n\n\n<p>Wir haben den <strong>Spielplatz Aunt Eef in Santpoort<\/strong> besucht. Der Spielplatz ist eingez\u00e4unt und hat \u00d6ffnungszeiten. Jede Person zahlt 1\u20ac. Madita musste noch nichts zahlen mit ihren 6 Wochen.<\/p>\n\n\n\n<p>Auf dem Gel\u00e4nde gibt es richtig viel zu entdecken und zu spielen f\u00fcr Kinder und unsere Jungs hatten sehr viel Spa\u00df! Es gibt eine riesen Rutsche mit Kletterturm, eine Burgkletterfestung, mehrere Schaukeln, eine Wippe, einen Tunnel, einen Wasserspielplatz. F\u00fcr die Eltern gibt es sogar ein Caf\u00e9 und eine Toilette mit Wickelm\u00f6glichkeit ist vorhanden.<\/p>\n\n\n\n<div id=\"wp-block-themeisle-blocks-slider-2b0392c9\" class=\"wp-block-themeisle-blocks-slider glide\" data-per-view=\"1\" data-gap=\"0\" data-peek=\"0\" data-autoplay=\"true\" data-height=\"400px\" data-hide-arrows=\"false\"><div class=\"glide__track\" data-glide-el=\"track\"><div class=\"glide__slides\"><div class=\"wp-block-themeisle-blocks-slider-item-wrapper glide__slide\" tabindex=\"0\"><figure><img decoding=\"async\" class=\"wp-block-themeisle-blocks-slider-item\" src=\"https:\/\/familie-weitgereist.de\/wp-content\/uploads\/2025\/07\/1000004664-scaled.jpg\" alt=\"\" title=\"\" data-id=\"22223\"\/><\/figure><\/div><div class=\"wp-block-themeisle-blocks-slider-item-wrapper glide__slide\" tabindex=\"0\"><figure><img decoding=\"async\" class=\"wp-block-themeisle-blocks-slider-item\" src=\"https:\/\/familie-weitgereist.de\/wp-content\/uploads\/2025\/07\/1000004657-scaled.jpg\" alt=\"\" title=\"\" data-id=\"22226\"\/><\/figure><\/div><div class=\"wp-block-themeisle-blocks-slider-item-wrapper glide__slide\" tabindex=\"0\"><figure><img decoding=\"async\" class=\"wp-block-themeisle-blocks-slider-item\" src=\"https:\/\/familie-weitgereist.de\/wp-content\/uploads\/2025\/07\/1000004671-scaled.jpg\" alt=\"\" title=\"\" data-id=\"22224\"\/><\/figure><\/div><div class=\"wp-block-themeisle-blocks-slider-item-wrapper glide__slide\" tabindex=\"0\"><figure><img decoding=\"async\" class=\"wp-block-themeisle-blocks-slider-item\" src=\"https:\/\/familie-weitgereist.de\/wp-content\/uploads\/2025\/07\/1000004655-scaled.jpg\" alt=\"\" title=\"\" data-id=\"22225\"\/><\/figure><\/div><\/div><div class=\"glide__bullets\" data-glide-el=\"controls[nav]\"><button class=\"glide__bullet\" data-glide-dir=\"=0\"><\/button><button class=\"glide__bullet\" data-glide-dir=\"=1\"><\/button><button class=\"glide__bullet\" data-glide-dir=\"=2\"><\/button><button class=\"glide__bullet\" data-glide-dir=\"=3\"><\/button><\/div><\/div><\/div>\n\n\n\n<p>Auf der <strong>kleinen Insel <em>Sint-Philipsland<\/em><\/strong> gibt es einen sch\u00f6nen Spielplatz unweit des Hafens. Es gibt eine Nestschaukel, einen Spielzug mit Holzschienen, eine Rutsche und Kletterger\u00fcst.<\/p>\n\n\n\n<figure class=\"wp-block-image size-large\"><img loading=\"lazy\" decoding=\"async\" width=\"1024\" height=\"768\" src=\"https:\/\/familie-weitgereist.de\/wp-content\/uploads\/2025\/07\/1000005439-1024x768.jpg\" alt=\"\" class=\"wp-image-22317\" srcset=\"https:\/\/familie-weitgereist.de\/wp-content\/uploads\/2025\/07\/1000005439-1024x768.jpg 1024w, https:\/\/familie-weitgereist.de\/wp-content\/uploads\/2025\/07\/1000005439-300x225.jpg 300w, https:\/\/familie-weitgereist.de\/wp-content\/uploads\/2025\/07\/1000005439-768x576.jpg 768w, https:\/\/familie-weitgereist.de\/wp-content\/uploads\/2025\/07\/1000005439-1536x1152.jpg 1536w, https:\/\/familie-weitgereist.de\/wp-content\/uploads\/2025\/07\/1000005439-2048x1536.jpg 2048w, https:\/\/familie-weitgereist.de\/wp-content\/uploads\/2025\/07\/1000005439-1200x900.jpg 1200w, https:\/\/familie-weitgereist.de\/wp-content\/uploads\/2025\/07\/1000005439-1980x1485.jpg 1980w, https:\/\/familie-weitgereist.de\/wp-content\/uploads\/2025\/07\/1000005439-150x113.jpg 150w\" sizes=\"auto, (max-width: 1024px) 100vw, 1024px\" \/><\/figure>\n\n\n\n<p>In dem kleinen <strong>Grenzort Weelde in Belgien<\/strong> befinden sich am Camper Stellplatz &#8222;<strong><em>De Brouwerij<\/em><\/strong>&#8220; zwei sch\u00f6ne Spielpl\u00e4tze, mit gro\u00dfem Piratenschiff, Schaukeln, Rutschen, Kletterger\u00fcsten.<\/p>\n\n\n\n<div id=\"wp-block-themeisle-blocks-slider-4a8367c7\" class=\"wp-block-themeisle-blocks-slider glide\" data-per-view=\"1\" data-gap=\"0\" data-peek=\"0\" data-autoplay=\"true\" data-height=\"400px\" data-hide-arrows=\"false\"><div class=\"glide__track\" data-glide-el=\"track\"><div class=\"glide__slides\"><div class=\"wp-block-themeisle-blocks-slider-item-wrapper glide__slide\" tabindex=\"0\"><figure><img decoding=\"async\" class=\"wp-block-themeisle-blocks-slider-item\" src=\"https:\/\/familie-weitgereist.de\/wp-content\/uploads\/2025\/07\/1000005587-scaled.jpg\" alt=\"\" title=\"\" data-id=\"22353\"\/><\/figure><\/div><div class=\"wp-block-themeisle-blocks-slider-item-wrapper glide__slide\" tabindex=\"0\"><figure><img decoding=\"async\" class=\"wp-block-themeisle-blocks-slider-item\" src=\"https:\/\/familie-weitgereist.de\/wp-content\/uploads\/2025\/07\/1000005589-scaled.jpg\" alt=\"\" title=\"\" data-id=\"22354\"\/><\/figure><\/div><\/div><div class=\"glide__bullets\" data-glide-el=\"controls[nav]\"><button class=\"glide__bullet\" data-glide-dir=\"=0\"><\/button><button class=\"glide__bullet\" data-glide-dir=\"=1\"><\/button><\/div><\/div><\/div>\n","protected":false},"excerpt":{"rendered":"<p>Im Juli 2025 haben wir unseren ersten Roadtrip als f\u00fcnfk\u00f6pfige Familie gestartet. Da wir nicht allzu weit fahren und uns erstmal an das Camperleben zu f\u00fcnft herantasten wollten, reisten wir in das sch\u00f6ne Nachbarland, in die Niederlande. Anreise Wir fuhren als erstes Richtung Bremen und schauten uns die Stadt an. Auf der Strecke legten wir [&hellip;]<\/p>\n","protected":false},"author":3,"featured_media":22270,"comment_status":"open","ping_status":"open","sticky":false,"template":"","format":"standard","meta":{"_themeisle_gutenberg_block_has_review":false,"footnotes":""},"categories":[1625,1817,8,4,377],"tags":[1616,1615,498,1608,1598,1614,1613,1612,1607,1595,1605,1604,1619,1597,1594,1606,1611,1609,1610,1596,1617,1618],"class_list":["post-22101","post","type-post","status-publish","format-standard","has-post-thumbnail","hentry","category-niederlande","category-belgien","category-europa","category-laender","category-spielplaetze","tag-baarle-hertog","tag-baarle-nassau","tag-belgien","tag-breezanddijk","tag-bremen","tag-burgh-haamstede","tag-ginsterveld","tag-haarlem","tag-harlingen","tag-holland","tag-leer","tag-leer-ostfriesland","tag-maastricht","tag-magdeburg","tag-niederlande","tag-ostfriesland","tag-santpoort","tag-schoorlse-duinen","tag-schoorlser-duenen","tag-schwarmstedt","tag-sint-philipsland","tag-weelde"],"_links":{"self":[{"href":"https:\/\/familie-weitgereist.de\/index.php?rest_route=\/wp\/v2\/posts\/22101","targetHints":{"allow":["GET"]}}],"collection":[{"href":"https:\/\/familie-weitgereist.de\/index.php?rest_route=\/wp\/v2\/posts"}],"about":[{"href":"https:\/\/familie-weitgereist.de\/index.php?rest_route=\/wp\/v2\/types\/post"}],"author":[{"embeddable":true,"href":"https:\/\/familie-weitgereist.de\/index.php?rest_route=\/wp\/v2\/users\/3"}],"replies":[{"embeddable":true,"href":"https:\/\/familie-weitgereist.de\/index.php?rest_route=%2Fwp%2Fv2%2Fcomments&post=22101"}],"version-history":[{"count":121,"href":"https:\/\/familie-weitgereist.de\/index.php?rest_route=\/wp\/v2\/posts\/22101\/revisions"}],"predecessor-version":[{"id":22420,"href":"https:\/\/familie-weitgereist.de\/index.php?rest_route=\/wp\/v2\/posts\/22101\/revisions\/22420"}],"wp:featuredmedia":[{"embeddable":true,"href":"https:\/\/familie-weitgereist.de\/index.php?rest_route=\/wp\/v2\/media\/22270"}],"wp:attachment":[{"href":"https:\/\/familie-weitgereist.de\/index.php?rest_route=%2Fwp%2Fv2%2Fmedia&parent=22101"}],"wp:term":[{"taxonomy":"category","embeddable":true,"href":"https:\/\/familie-weitgereist.de\/index.php?rest_route=%2Fwp%2Fv2%2Fcategories&post=22101"},{"taxonomy":"post_tag","embeddable":true,"href":"https:\/\/familie-weitgereist.de\/index.php?rest_route=%2Fwp%2Fv2%2Ftags&post=22101"}],"curies":[{"name":"wp","href":"https:\/\/api.w.org\/{rel}","templated":true}]}}