{"id":21116,"date":"2025-03-17T09:25:43","date_gmt":"2025-03-17T08:25:43","guid":{"rendered":"https:\/\/familie-weitgereist.de\/?p=21116"},"modified":"2026-01-19T16:14:49","modified_gmt":"2026-01-19T15:14:49","slug":"workation-griechenland-mit-kleinen-kindern","status":"publish","type":"post","link":"https:\/\/familie-weitgereist.de\/?p=21116","title":{"rendered":"Workation Griechenland mit kleinen Kindern"},"content":{"rendered":"\n<p>Im Februar 2025 sind wir mit unserem Camper nach Griechenland gefahren. Wir reisten vorher durch <strong><a href=\"https:\/\/familie-weitgereist.de\/?p=21031\" data-type=\"link\" data-id=\"https:\/\/familie-weitgereist.de\/?p=21031\">Italien<\/a><\/strong> und <strong><a href=\"https:\/\/familie-weitgereist.de\/?p=21056\" data-type=\"link\" data-id=\"https:\/\/familie-weitgereist.de\/?p=21056\">San Marino<\/a><\/strong> und nahmen schlie\u00dflich die F\u00e4hre von Ancona in Italien nach Igoumenitsa in Griechenland. Philipp hat w\u00e4hrend unseres Aufenthaltes gearbeitet, w\u00e4hrend ich mit den Jungs kleine Ausfl\u00fcge in der Umgebung unternommen habe. Am Nachmittag und am Wochenende waren wir als Familie unterwegs.<\/p>\n\n\n\n<p>Nach einer 23 st\u00fcndigen F\u00e4hrfahrt erreichte unsere F\u00e4hre 18:00 Igoumenitsa. Da es noch relativ frisch in der Nacht war, entschieden wir uns in eine Ferienwohnung zu gehen. Wir \u00fcbernachteten in einer kleinen Ferienwohnung in <strong>Syvota<\/strong>.<\/p>\n\n\n\n<figure class=\"wp-block-image size-large\"><img loading=\"lazy\" decoding=\"async\" width=\"1024\" height=\"768\" src=\"https:\/\/familie-weitgereist.de\/wp-content\/uploads\/2025\/02\/IMG_20250221_091112-1024x768.jpg\" alt=\"\" class=\"wp-image-21154\" srcset=\"https:\/\/familie-weitgereist.de\/wp-content\/uploads\/2025\/02\/IMG_20250221_091112-1024x768.jpg 1024w, https:\/\/familie-weitgereist.de\/wp-content\/uploads\/2025\/02\/IMG_20250221_091112-300x225.jpg 300w, https:\/\/familie-weitgereist.de\/wp-content\/uploads\/2025\/02\/IMG_20250221_091112-768x576.jpg 768w, https:\/\/familie-weitgereist.de\/wp-content\/uploads\/2025\/02\/IMG_20250221_091112-1536x1152.jpg 1536w, https:\/\/familie-weitgereist.de\/wp-content\/uploads\/2025\/02\/IMG_20250221_091112-2048x1536.jpg 2048w, https:\/\/familie-weitgereist.de\/wp-content\/uploads\/2025\/02\/IMG_20250221_091112-1200x900.jpg 1200w, https:\/\/familie-weitgereist.de\/wp-content\/uploads\/2025\/02\/IMG_20250221_091112-1980x1485.jpg 1980w, https:\/\/familie-weitgereist.de\/wp-content\/uploads\/2025\/02\/IMG_20250221_091112-150x113.jpg 150w\" sizes=\"auto, (max-width: 1024px) 100vw, 1024px\" \/><\/figure>\n\n\n\n<p>Bevor wir an unserem Workation Aufenthaltsort ankamen, haben wir noch in Griechenland mit unserem Camper gecampt.<\/p>\n\n\n\n<h2 class=\"wp-block-heading\">Preveza<\/h2>\n\n\n\n<p>Wir schauten uns als erstes die Stadt <strong>Preveza<\/strong> an. Die Hafenstadt liegt an der <strong>griechischen Westk\u00fcste am Ambrakischen Golf.<\/strong><\/p>\n\n\n\n<figure class=\"wp-block-image size-large\"><img loading=\"lazy\" decoding=\"async\" width=\"1024\" height=\"768\" src=\"https:\/\/familie-weitgereist.de\/wp-content\/uploads\/2025\/03\/IMG_20250221_122543-1024x768.jpg\" alt=\"\" class=\"wp-image-21320\" srcset=\"https:\/\/familie-weitgereist.de\/wp-content\/uploads\/2025\/03\/IMG_20250221_122543-1024x768.jpg 1024w, https:\/\/familie-weitgereist.de\/wp-content\/uploads\/2025\/03\/IMG_20250221_122543-300x225.jpg 300w, https:\/\/familie-weitgereist.de\/wp-content\/uploads\/2025\/03\/IMG_20250221_122543-768x576.jpg 768w, https:\/\/familie-weitgereist.de\/wp-content\/uploads\/2025\/03\/IMG_20250221_122543-1536x1152.jpg 1536w, https:\/\/familie-weitgereist.de\/wp-content\/uploads\/2025\/03\/IMG_20250221_122543-2048x1536.jpg 2048w, https:\/\/familie-weitgereist.de\/wp-content\/uploads\/2025\/03\/IMG_20250221_122543-1200x900.jpg 1200w, https:\/\/familie-weitgereist.de\/wp-content\/uploads\/2025\/03\/IMG_20250221_122543-1980x1485.jpg 1980w, https:\/\/familie-weitgereist.de\/wp-content\/uploads\/2025\/03\/IMG_20250221_122543-150x113.jpg 150w\" sizes=\"auto, (max-width: 1024px) 100vw, 1024px\" \/><\/figure>\n\n\n\n<p>Wir schlenderten an der Hafenpromenade entlang und sahen das herrlich blaue Mittelmeer.<\/p>\n\n\n\n<figure class=\"wp-block-image size-large\"><img loading=\"lazy\" decoding=\"async\" width=\"1024\" height=\"768\" src=\"https:\/\/familie-weitgereist.de\/wp-content\/uploads\/2025\/02\/IMG_20250221_122820-1024x768.jpg\" alt=\"\" class=\"wp-image-21157\" srcset=\"https:\/\/familie-weitgereist.de\/wp-content\/uploads\/2025\/02\/IMG_20250221_122820-1024x768.jpg 1024w, https:\/\/familie-weitgereist.de\/wp-content\/uploads\/2025\/02\/IMG_20250221_122820-300x225.jpg 300w, https:\/\/familie-weitgereist.de\/wp-content\/uploads\/2025\/02\/IMG_20250221_122820-768x576.jpg 768w, https:\/\/familie-weitgereist.de\/wp-content\/uploads\/2025\/02\/IMG_20250221_122820-1536x1152.jpg 1536w, https:\/\/familie-weitgereist.de\/wp-content\/uploads\/2025\/02\/IMG_20250221_122820-2048x1536.jpg 2048w, https:\/\/familie-weitgereist.de\/wp-content\/uploads\/2025\/02\/IMG_20250221_122820-1200x900.jpg 1200w, https:\/\/familie-weitgereist.de\/wp-content\/uploads\/2025\/02\/IMG_20250221_122820-1980x1485.jpg 1980w, https:\/\/familie-weitgereist.de\/wp-content\/uploads\/2025\/02\/IMG_20250221_122820-150x113.jpg 150w\" sizes=\"auto, (max-width: 1024px) 100vw, 1024px\" \/><\/figure>\n\n\n\n<p>Die Altstadt von Preveza ist so sch\u00f6n bunt. In den Kopfsteinpflastergassen befinden sich viele Tavernen und Restaurants, die an das Flair von den griechischen Inseln erinnern.<\/p>\n\n\n\n<figure class=\"wp-block-image size-large\"><img loading=\"lazy\" decoding=\"async\" width=\"1024\" height=\"768\" src=\"https:\/\/familie-weitgereist.de\/wp-content\/uploads\/2025\/02\/IMG_20250221_123404-1024x768.jpg\" alt=\"\" class=\"wp-image-21158\" srcset=\"https:\/\/familie-weitgereist.de\/wp-content\/uploads\/2025\/02\/IMG_20250221_123404-1024x768.jpg 1024w, https:\/\/familie-weitgereist.de\/wp-content\/uploads\/2025\/02\/IMG_20250221_123404-300x225.jpg 300w, https:\/\/familie-weitgereist.de\/wp-content\/uploads\/2025\/02\/IMG_20250221_123404-768x576.jpg 768w, https:\/\/familie-weitgereist.de\/wp-content\/uploads\/2025\/02\/IMG_20250221_123404-1536x1152.jpg 1536w, https:\/\/familie-weitgereist.de\/wp-content\/uploads\/2025\/02\/IMG_20250221_123404-2048x1536.jpg 2048w, https:\/\/familie-weitgereist.de\/wp-content\/uploads\/2025\/02\/IMG_20250221_123404-1200x900.jpg 1200w, https:\/\/familie-weitgereist.de\/wp-content\/uploads\/2025\/02\/IMG_20250221_123404-1980x1485.jpg 1980w, https:\/\/familie-weitgereist.de\/wp-content\/uploads\/2025\/02\/IMG_20250221_123404-150x113.jpg 150w\" sizes=\"auto, (max-width: 1024px) 100vw, 1024px\" \/><\/figure>\n\n\n\n<p>Unweit des Hafens befinden sich zwei kleine Spielpl\u00e4tze. Wir verbrachten nat\u00fcrlich auch eine gewisse Zeit dort.<\/p>\n\n\n\n<figure class=\"wp-block-image size-large\"><img loading=\"lazy\" decoding=\"async\" width=\"1024\" height=\"768\" src=\"https:\/\/familie-weitgereist.de\/wp-content\/uploads\/2025\/02\/IMG_20250221_142942-1024x768.jpg\" alt=\"\" class=\"wp-image-21161\" srcset=\"https:\/\/familie-weitgereist.de\/wp-content\/uploads\/2025\/02\/IMG_20250221_142942-1024x768.jpg 1024w, https:\/\/familie-weitgereist.de\/wp-content\/uploads\/2025\/02\/IMG_20250221_142942-300x225.jpg 300w, https:\/\/familie-weitgereist.de\/wp-content\/uploads\/2025\/02\/IMG_20250221_142942-768x576.jpg 768w, https:\/\/familie-weitgereist.de\/wp-content\/uploads\/2025\/02\/IMG_20250221_142942-1536x1152.jpg 1536w, https:\/\/familie-weitgereist.de\/wp-content\/uploads\/2025\/02\/IMG_20250221_142942-2048x1536.jpg 2048w, https:\/\/familie-weitgereist.de\/wp-content\/uploads\/2025\/02\/IMG_20250221_142942-1200x900.jpg 1200w, https:\/\/familie-weitgereist.de\/wp-content\/uploads\/2025\/02\/IMG_20250221_142942-1980x1485.jpg 1980w, https:\/\/familie-weitgereist.de\/wp-content\/uploads\/2025\/02\/IMG_20250221_142942-150x113.jpg 150w\" sizes=\"auto, (max-width: 1024px) 100vw, 1024px\" \/><\/figure>\n\n\n\n<p>Anschlie\u00dfend fuhren wir weiter auf die Insel Lefkada. Dort haben wir zwei N\u00e4chte in unserem Camper verbracht. Wir standen direkt am Meer, neben einem Spielplatz in der kleinen Stadt <strong>Nydri<\/strong>. Es war herrlich.<\/p>\n\n\n\n<div id=\"wp-block-themeisle-blocks-slider-cc26e9eb\" class=\"wp-block-themeisle-blocks-slider glide\" data-per-view=\"1\" data-gap=\"0\" data-peek=\"0\" data-autoplay=\"true\" data-height=\"400px\" data-hide-arrows=\"false\"><div class=\"glide__track\" data-glide-el=\"track\"><div class=\"glide__slides\"><div class=\"wp-block-themeisle-blocks-slider-item-wrapper glide__slide\" tabindex=\"0\"><figure><img decoding=\"async\" class=\"wp-block-themeisle-blocks-slider-item\" src=\"https:\/\/familie-weitgereist.de\/wp-content\/uploads\/2025\/02\/IMG_20250223_222636-scaled.jpg\" alt=\"\" title=\"\" data-id=\"21164\"\/><\/figure><\/div><div class=\"wp-block-themeisle-blocks-slider-item-wrapper glide__slide\" tabindex=\"0\"><figure><img decoding=\"async\" class=\"wp-block-themeisle-blocks-slider-item\" src=\"https:\/\/familie-weitgereist.de\/wp-content\/uploads\/2025\/02\/IMG_20250222_135825-scaled.jpg\" alt=\"\" title=\"\" data-id=\"21163\"\/><\/figure><\/div><\/div><div class=\"glide__bullets\" data-glide-el=\"controls[nav]\"><button class=\"glide__bullet\" data-glide-dir=\"=0\"><\/button><button class=\"glide__bullet\" data-glide-dir=\"=1\"><\/button><\/div><\/div><\/div>\n\n\n\n<h2 class=\"wp-block-heading\">Lefkada<\/h2>\n\n\n\n<p>Die Insel Lefkada wird heute von ca. 22.000 Menschen bewohnt. Aufgrund der guten Erreichbarkeit vom Festland aus, \u00fcber eine schwimmende Br\u00fccke, ist die Insel auch bei Griechen sehr beliebt. Lefkada ist die einzige griechische Insel im <strong>Ionischen Meer<\/strong>, die fast 200 Jahre vom Osmanischen Reich besetzt war, sp\u00e4ter im 17. Jahrhundert eroberten die Venezianer die Insel und im 19. Jahrhundert geh\u00f6rte sie zum Vereinigten K\u00f6nigreich.<\/p>\n\n\n\n<p>Aufgrund der wei\u00dfen Kalksteinklippen erhielt die Insel ihren Namen &#8222;<em>Lefkas<\/em>&#8222;, &#8222;die Wei\u00dfe&#8220;.<\/p>\n\n\n\n<p>In der gleichnamigen Hauptstadt der Insel verbrachten wir zwei Wochen in einer ger\u00e4umigen Ferienwohnung.<\/p>\n\n\n\n<figure class=\"wp-block-image size-large\"><img loading=\"lazy\" decoding=\"async\" width=\"1024\" height=\"768\" src=\"https:\/\/familie-weitgereist.de\/wp-content\/uploads\/2025\/02\/IMG_20250224_112021-1024x768.jpg\" alt=\"\" class=\"wp-image-21172\" srcset=\"https:\/\/familie-weitgereist.de\/wp-content\/uploads\/2025\/02\/IMG_20250224_112021-1024x768.jpg 1024w, https:\/\/familie-weitgereist.de\/wp-content\/uploads\/2025\/02\/IMG_20250224_112021-300x225.jpg 300w, https:\/\/familie-weitgereist.de\/wp-content\/uploads\/2025\/02\/IMG_20250224_112021-768x576.jpg 768w, https:\/\/familie-weitgereist.de\/wp-content\/uploads\/2025\/02\/IMG_20250224_112021-1536x1152.jpg 1536w, https:\/\/familie-weitgereist.de\/wp-content\/uploads\/2025\/02\/IMG_20250224_112021-2048x1536.jpg 2048w, https:\/\/familie-weitgereist.de\/wp-content\/uploads\/2025\/02\/IMG_20250224_112021-1200x900.jpg 1200w, https:\/\/familie-weitgereist.de\/wp-content\/uploads\/2025\/02\/IMG_20250224_112021-1980x1485.jpg 1980w, https:\/\/familie-weitgereist.de\/wp-content\/uploads\/2025\/02\/IMG_20250224_112021-150x113.jpg 150w\" sizes=\"auto, (max-width: 1024px) 100vw, 1024px\" \/><\/figure>\n\n\n\n<p>Lefkada ist bekannt f\u00fcr seine traumhaftem Str\u00e4nde. In <strong>Nydri<\/strong> haben wir einen wundersch\u00f6nen Strand besucht, an dem wir sogar mit unserem Camper \u00fcbernachtet haben.<\/p>\n\n\n\n<figure class=\"wp-block-image size-large\"><img loading=\"lazy\" decoding=\"async\" width=\"1024\" height=\"768\" src=\"https:\/\/familie-weitgereist.de\/wp-content\/uploads\/2025\/02\/IMG_20250222_134933-1024x768.jpg\" alt=\"\" class=\"wp-image-21165\" srcset=\"https:\/\/familie-weitgereist.de\/wp-content\/uploads\/2025\/02\/IMG_20250222_134933-1024x768.jpg 1024w, https:\/\/familie-weitgereist.de\/wp-content\/uploads\/2025\/02\/IMG_20250222_134933-300x225.jpg 300w, https:\/\/familie-weitgereist.de\/wp-content\/uploads\/2025\/02\/IMG_20250222_134933-768x576.jpg 768w, https:\/\/familie-weitgereist.de\/wp-content\/uploads\/2025\/02\/IMG_20250222_134933-1536x1152.jpg 1536w, https:\/\/familie-weitgereist.de\/wp-content\/uploads\/2025\/02\/IMG_20250222_134933-2048x1536.jpg 2048w, https:\/\/familie-weitgereist.de\/wp-content\/uploads\/2025\/02\/IMG_20250222_134933-1200x900.jpg 1200w, https:\/\/familie-weitgereist.de\/wp-content\/uploads\/2025\/02\/IMG_20250222_134933-1980x1485.jpg 1980w, https:\/\/familie-weitgereist.de\/wp-content\/uploads\/2025\/02\/IMG_20250222_134933-150x113.jpg 150w\" sizes=\"auto, (max-width: 1024px) 100vw, 1024px\" \/><\/figure>\n\n\n\n<p>Wir sind zum <strong>Kap Lefkada<\/strong> gefahren, wo sich der Leuchtturm der Insel befindet. Den Leuchtturm gibt es seit 1890. 1950 wurde er durch ein Erdbeben zerst\u00f6rt und wieder aufgebaut.<\/p>\n\n\n\n<figure class=\"wp-block-image size-large\"><img loading=\"lazy\" decoding=\"async\" width=\"1024\" height=\"768\" src=\"https:\/\/familie-weitgereist.de\/wp-content\/uploads\/2025\/02\/IMG_20250223_120347-1024x768.jpg\" alt=\"\" class=\"wp-image-21166\" srcset=\"https:\/\/familie-weitgereist.de\/wp-content\/uploads\/2025\/02\/IMG_20250223_120347-1024x768.jpg 1024w, https:\/\/familie-weitgereist.de\/wp-content\/uploads\/2025\/02\/IMG_20250223_120347-300x225.jpg 300w, https:\/\/familie-weitgereist.de\/wp-content\/uploads\/2025\/02\/IMG_20250223_120347-768x576.jpg 768w, https:\/\/familie-weitgereist.de\/wp-content\/uploads\/2025\/02\/IMG_20250223_120347-1536x1152.jpg 1536w, https:\/\/familie-weitgereist.de\/wp-content\/uploads\/2025\/02\/IMG_20250223_120347-2048x1536.jpg 2048w, https:\/\/familie-weitgereist.de\/wp-content\/uploads\/2025\/02\/IMG_20250223_120347-1200x900.jpg 1200w, https:\/\/familie-weitgereist.de\/wp-content\/uploads\/2025\/02\/IMG_20250223_120347-1980x1485.jpg 1980w, https:\/\/familie-weitgereist.de\/wp-content\/uploads\/2025\/02\/IMG_20250223_120347-150x113.jpg 150w\" sizes=\"auto, (max-width: 1024px) 100vw, 1024px\" \/><\/figure>\n\n\n\n<p>Die Stra\u00dfen zum Leuchtturm sind sehr aussichtsreich. Das blaue Mittelmeer und die teils steil abfallenden K\u00fcsten sind traumhafte Fotomotive.<\/p>\n\n\n\n<div id=\"wp-block-themeisle-blocks-slider-bd6c1de7\" class=\"wp-block-themeisle-blocks-slider glide\" data-per-view=\"1\" data-gap=\"0\" data-peek=\"0\" data-autoplay=\"true\" data-height=\"400px\" data-hide-arrows=\"false\"><div class=\"glide__track\" data-glide-el=\"track\"><div class=\"glide__slides\"><div class=\"wp-block-themeisle-blocks-slider-item-wrapper glide__slide\" tabindex=\"0\"><figure><img decoding=\"async\" class=\"wp-block-themeisle-blocks-slider-item\" src=\"https:\/\/familie-weitgereist.de\/wp-content\/uploads\/2025\/02\/IMG_20250223_115815-scaled.jpg\" alt=\"\" title=\"\" data-id=\"21169\"\/><\/figure><\/div><div class=\"wp-block-themeisle-blocks-slider-item-wrapper glide__slide\" tabindex=\"0\"><figure><img decoding=\"async\" class=\"wp-block-themeisle-blocks-slider-item\" src=\"https:\/\/familie-weitgereist.de\/wp-content\/uploads\/2025\/02\/IMG_20250222_131015-scaled.jpg\" alt=\"\" title=\"\" data-id=\"21168\"\/><\/figure><\/div><\/div><div class=\"glide__bullets\" data-glide-el=\"controls[nav]\"><button class=\"glide__bullet\" data-glide-dir=\"=0\"><\/button><button class=\"glide__bullet\" data-glide-dir=\"=1\"><\/button><\/div><\/div><\/div>\n\n\n\n<p>Die Stra\u00dfen sind gut befahrbar, zum Teil etwas eng.<\/p>\n\n\n\n<h2 class=\"wp-block-heading\">Bergd\u00f6rfer Lefkadas<\/h2>\n\n\n\n<p>Das Landesinnere von Lefkada ist sehr ruhig. Die h\u00f6chsten Berge sind 1100m hoch und die <strong>Bergd\u00f6rfer<\/strong> wundersch\u00f6n. Die <strong>Bergwelt von Lefkada ist urspr\u00fcnglich<\/strong>. Auf der Hochebene werden die Fl\u00e4chen von den zehn Bergd\u00f6rfern landwirtschaftlich genutzt.<\/p>\n\n\n\n<p>Wir erkundeten verschiedene Bergd\u00f6rfer der Insel. Sie alle haben ihren eigenen Charme. Neben wundersch\u00f6nen kleinen Steinh\u00e4usern, stehen alte, mit Pflanzen \u00fcberwucherte, Ruinen.<\/p>\n\n\n\n<p>Das kleine Bergdorf <strong>Exantheia<\/strong> bietet einen wundersch\u00f6nen Ausblick auf das Mittelmeer.<\/p>\n\n\n\n<figure class=\"wp-block-image size-large\"><img loading=\"lazy\" decoding=\"async\" width=\"1024\" height=\"768\" src=\"https:\/\/familie-weitgereist.de\/wp-content\/uploads\/2025\/03\/IMG_20250301_170847-1024x768.jpg\" alt=\"\" class=\"wp-image-21195\" srcset=\"https:\/\/familie-weitgereist.de\/wp-content\/uploads\/2025\/03\/IMG_20250301_170847-1024x768.jpg 1024w, https:\/\/familie-weitgereist.de\/wp-content\/uploads\/2025\/03\/IMG_20250301_170847-300x225.jpg 300w, https:\/\/familie-weitgereist.de\/wp-content\/uploads\/2025\/03\/IMG_20250301_170847-768x576.jpg 768w, https:\/\/familie-weitgereist.de\/wp-content\/uploads\/2025\/03\/IMG_20250301_170847-1536x1152.jpg 1536w, https:\/\/familie-weitgereist.de\/wp-content\/uploads\/2025\/03\/IMG_20250301_170847-2048x1536.jpg 2048w, https:\/\/familie-weitgereist.de\/wp-content\/uploads\/2025\/03\/IMG_20250301_170847-1200x900.jpg 1200w, https:\/\/familie-weitgereist.de\/wp-content\/uploads\/2025\/03\/IMG_20250301_170847-1980x1485.jpg 1980w, https:\/\/familie-weitgereist.de\/wp-content\/uploads\/2025\/03\/IMG_20250301_170847-150x113.jpg 150w\" sizes=\"auto, (max-width: 1024px) 100vw, 1024px\" \/><\/figure>\n\n\n\n<figure class=\"wp-block-image size-large\"><img loading=\"lazy\" decoding=\"async\" width=\"1024\" height=\"768\" src=\"https:\/\/familie-weitgereist.de\/wp-content\/uploads\/2025\/02\/IMG_20250222_131023-1024x768.jpg\" alt=\"\" class=\"wp-image-21181\" srcset=\"https:\/\/familie-weitgereist.de\/wp-content\/uploads\/2025\/02\/IMG_20250222_131023-1024x768.jpg 1024w, https:\/\/familie-weitgereist.de\/wp-content\/uploads\/2025\/02\/IMG_20250222_131023-300x225.jpg 300w, https:\/\/familie-weitgereist.de\/wp-content\/uploads\/2025\/02\/IMG_20250222_131023-768x576.jpg 768w, https:\/\/familie-weitgereist.de\/wp-content\/uploads\/2025\/02\/IMG_20250222_131023-1536x1152.jpg 1536w, https:\/\/familie-weitgereist.de\/wp-content\/uploads\/2025\/02\/IMG_20250222_131023-2048x1536.jpg 2048w, https:\/\/familie-weitgereist.de\/wp-content\/uploads\/2025\/02\/IMG_20250222_131023-1200x900.jpg 1200w, https:\/\/familie-weitgereist.de\/wp-content\/uploads\/2025\/02\/IMG_20250222_131023-1980x1485.jpg 1980w, https:\/\/familie-weitgereist.de\/wp-content\/uploads\/2025\/02\/IMG_20250222_131023-150x113.jpg 150w\" sizes=\"auto, (max-width: 1024px) 100vw, 1024px\" \/><\/figure>\n\n\n\n<p>Besonders bekannt ist Lefkada f\u00fcr seinen <strong>Linsenanbau<\/strong>. Die H\u00fclsenfrucht soll auf den n\u00e4hrstoffreichen B\u00f6den bis zu 2,5x mehr Kalium, Natrium und Eisen enthalten als herk\u00f6mmliche Linsen. Leider ist die M\u00f6glichkeit die <strong>Englouvi-Linsen<\/strong> (benannt nach dem Bergdorf) als Delikatesse mit nach Hause zu nehmen sehr begrenzt, denn die Nachfrage der \u00f6rtlichen Tavernen ist enorm hoch. Jedoch kann in den Tavernen der Bergd\u00f6rfer eine vorz\u00fcgliche Linsensuppe, mit viel Knoblauch zubereitet, bestellt werden.<\/p>\n\n\n\n<div id=\"wp-block-themeisle-blocks-slider-aab2a034\" class=\"wp-block-themeisle-blocks-slider glide\" data-per-view=\"1\" data-gap=\"0\" data-peek=\"0\" data-autoplay=\"true\" data-height=\"400px\" data-hide-arrows=\"false\"><div class=\"glide__track\" data-glide-el=\"track\"><div class=\"glide__slides\"><div class=\"wp-block-themeisle-blocks-slider-item-wrapper glide__slide\" tabindex=\"0\"><figure><img decoding=\"async\" class=\"wp-block-themeisle-blocks-slider-item\" src=\"https:\/\/familie-weitgereist.de\/wp-content\/uploads\/2025\/03\/IMG_20250302_142844-scaled.jpg\" alt=\"\" title=\"\" data-id=\"21211\"\/><\/figure><\/div><div class=\"wp-block-themeisle-blocks-slider-item-wrapper glide__slide\" tabindex=\"0\"><figure><img decoding=\"async\" class=\"wp-block-themeisle-blocks-slider-item\" src=\"https:\/\/familie-weitgereist.de\/wp-content\/uploads\/2025\/03\/IMG_20250302_142036-scaled.jpg\" alt=\"\" title=\"\" data-id=\"21212\"\/><\/figure><\/div><\/div><div class=\"glide__bullets\" data-glide-el=\"controls[nav]\"><button class=\"glide__bullet\" data-glide-dir=\"=0\"><\/button><button class=\"glide__bullet\" data-glide-dir=\"=1\"><\/button><\/div><\/div><\/div>\n\n\n\n<p>Wir schlenderten durch <strong>Karya<\/strong>, ein kleines urspr\u00fcngliches Bergdorf. Das Besondere an dem Dorf ist die Bergquelle inmitten des Dorfzentrums. Schon im 18. Jahrhundert kamen traditionell Frauen zur Quelle und holten in gro\u00dfen Gef\u00e4\u00dfen, genannt &#8222;<em>tentzeres<\/em>&#8222;, Wasser aus der Quelle. Sie transportierten die riesigen Sch\u00fcsseln auf ihrem Kopf.<\/p>\n\n\n\n<figure class=\"wp-block-image size-large\"><img loading=\"lazy\" decoding=\"async\" width=\"1024\" height=\"768\" src=\"https:\/\/familie-weitgereist.de\/wp-content\/uploads\/2025\/03\/IMG_20250302_133043-1024x768.jpg\" alt=\"\" class=\"wp-image-21216\" srcset=\"https:\/\/familie-weitgereist.de\/wp-content\/uploads\/2025\/03\/IMG_20250302_133043-1024x768.jpg 1024w, https:\/\/familie-weitgereist.de\/wp-content\/uploads\/2025\/03\/IMG_20250302_133043-300x225.jpg 300w, https:\/\/familie-weitgereist.de\/wp-content\/uploads\/2025\/03\/IMG_20250302_133043-768x576.jpg 768w, https:\/\/familie-weitgereist.de\/wp-content\/uploads\/2025\/03\/IMG_20250302_133043-1536x1152.jpg 1536w, https:\/\/familie-weitgereist.de\/wp-content\/uploads\/2025\/03\/IMG_20250302_133043-2048x1536.jpg 2048w, https:\/\/familie-weitgereist.de\/wp-content\/uploads\/2025\/03\/IMG_20250302_133043-1200x900.jpg 1200w, https:\/\/familie-weitgereist.de\/wp-content\/uploads\/2025\/03\/IMG_20250302_133043-1980x1485.jpg 1980w, https:\/\/familie-weitgereist.de\/wp-content\/uploads\/2025\/03\/IMG_20250302_133043-150x113.jpg 150w\" sizes=\"auto, (max-width: 1024px) 100vw, 1024px\" \/><\/figure>\n\n\n\n<div id=\"wp-block-themeisle-blocks-slider-f0dd289f\" class=\"wp-block-themeisle-blocks-slider glide\" data-per-view=\"1\" data-gap=\"0\" data-peek=\"0\" data-autoplay=\"true\" data-height=\"400px\" data-hide-arrows=\"false\"><div class=\"glide__track\" data-glide-el=\"track\"><div class=\"glide__slides\"><div class=\"wp-block-themeisle-blocks-slider-item-wrapper glide__slide\" tabindex=\"0\"><figure><img decoding=\"async\" class=\"wp-block-themeisle-blocks-slider-item\" src=\"https:\/\/familie-weitgereist.de\/wp-content\/uploads\/2025\/03\/IMG_20250302_132245-scaled.jpg\" alt=\"\" title=\"\" data-id=\"21214\"\/><\/figure><\/div><div class=\"wp-block-themeisle-blocks-slider-item-wrapper glide__slide\" tabindex=\"0\"><figure><img decoding=\"async\" class=\"wp-block-themeisle-blocks-slider-item\" src=\"https:\/\/familie-weitgereist.de\/wp-content\/uploads\/2025\/03\/IMG_20250302_125518-scaled.jpg\" alt=\"\" title=\"\" data-id=\"21215\"\/><\/figure><\/div><\/div><div class=\"glide__bullets\" data-glide-el=\"controls[nav]\"><button class=\"glide__bullet\" data-glide-dir=\"=0\"><\/button><button class=\"glide__bullet\" data-glide-dir=\"=1\"><\/button><\/div><\/div><\/div>\n\n\n\n<p>Wir erkundeten ebenso das kleine Dorf <strong>Sfakiotes<\/strong>. Markant ist hier die kleine Kirche oberhalb des Dorfzentrums und die Ruine einer Windm\u00fchle.<\/p>\n\n\n\n<div id=\"wp-block-themeisle-blocks-slider-b3c03ac7\" class=\"wp-block-themeisle-blocks-slider glide\" data-per-view=\"1\" data-gap=\"0\" data-peek=\"0\" data-autoplay=\"true\" data-height=\"400px\" data-hide-arrows=\"false\"><div class=\"glide__track\" data-glide-el=\"track\"><div class=\"glide__slides\"><div class=\"wp-block-themeisle-blocks-slider-item-wrapper glide__slide\" tabindex=\"0\"><figure><img decoding=\"async\" class=\"wp-block-themeisle-blocks-slider-item\" src=\"https:\/\/familie-weitgereist.de\/wp-content\/uploads\/2025\/03\/IMG_20250302_114926-scaled.jpg\" alt=\"\" title=\"\" data-id=\"21221\"\/><\/figure><\/div><div class=\"wp-block-themeisle-blocks-slider-item-wrapper glide__slide\" tabindex=\"0\"><figure><img decoding=\"async\" class=\"wp-block-themeisle-blocks-slider-item\" src=\"https:\/\/familie-weitgereist.de\/wp-content\/uploads\/2025\/03\/IMG_20250302_114353-scaled.jpg\" alt=\"\" title=\"\" data-id=\"21223\"\/><\/figure><\/div><div class=\"wp-block-themeisle-blocks-slider-item-wrapper glide__slide\" tabindex=\"0\"><figure><img decoding=\"async\" class=\"wp-block-themeisle-blocks-slider-item\" src=\"https:\/\/familie-weitgereist.de\/wp-content\/uploads\/2025\/03\/IMG_20250302_113627-scaled.jpg\" alt=\"\" title=\"\" data-id=\"21222\"\/><\/figure><\/div><\/div><div class=\"glide__bullets\" data-glide-el=\"controls[nav]\"><button class=\"glide__bullet\" data-glide-dir=\"=0\"><\/button><button class=\"glide__bullet\" data-glide-dir=\"=1\"><\/button><button class=\"glide__bullet\" data-glide-dir=\"=2\"><\/button><\/div><\/div><\/div>\n\n\n\n<p>Einen tollen Nachmittag haben wir auch in dem kleinen Bergdorf <strong>Syvros<\/strong> verbracht. Im Ort gibt es unz\u00e4hlige Orangen-, Zitronen- und Mandarinenb\u00e4ume. Wir sind bis zur Wasserquelle von Syvros gelaufen. Ein 8km langer Rundweg &#8222;<em>Syvros Springs Pathway<\/em>&#8220; f\u00fchrt an den unterschiedlichen Quellen vorbei.<\/p>\n\n\n\n<div id=\"wp-block-themeisle-blocks-slider-742417b8\" class=\"wp-block-themeisle-blocks-slider glide\" data-per-view=\"1\" data-gap=\"0\" data-peek=\"0\" data-autoplay=\"true\" data-height=\"400px\" data-hide-arrows=\"false\"><div class=\"glide__track\" data-glide-el=\"track\"><div class=\"glide__slides\"><div class=\"wp-block-themeisle-blocks-slider-item-wrapper glide__slide\" tabindex=\"0\"><figure><img decoding=\"async\" class=\"wp-block-themeisle-blocks-slider-item\" src=\"https:\/\/familie-weitgereist.de\/wp-content\/uploads\/2025\/03\/IMG_20250307_170047-scaled.jpg\" alt=\"\" title=\"\" data-id=\"21247\"\/><\/figure><\/div><div class=\"wp-block-themeisle-blocks-slider-item-wrapper glide__slide\" tabindex=\"0\"><figure><img decoding=\"async\" class=\"wp-block-themeisle-blocks-slider-item\" src=\"https:\/\/familie-weitgereist.de\/wp-content\/uploads\/2025\/03\/IMG_20250307_161111-scaled.jpg\" alt=\"\" title=\"\" data-id=\"21248\"\/><\/figure><\/div><div class=\"wp-block-themeisle-blocks-slider-item-wrapper glide__slide\" tabindex=\"0\"><figure><img decoding=\"async\" class=\"wp-block-themeisle-blocks-slider-item\" src=\"https:\/\/familie-weitgereist.de\/wp-content\/uploads\/2025\/03\/IMG_20250307_160705-scaled.jpg\" alt=\"\" title=\"\" data-id=\"21246\"\/><\/figure><\/div><\/div><div class=\"glide__bullets\" data-glide-el=\"controls[nav]\"><button class=\"glide__bullet\" data-glide-dir=\"=0\"><\/button><button class=\"glide__bullet\" data-glide-dir=\"=1\"><\/button><button class=\"glide__bullet\" data-glide-dir=\"=2\"><\/button><\/div><\/div><\/div>\n\n\n\n<p>Im Sommer ist ein <strong>Olivenmuseum namens Fabbrica<\/strong> ge\u00f6ffnet.<\/p>\n\n\n\n<h2 class=\"wp-block-heading\">Lefkada Stadt<\/h2>\n\n\n\n<p>Ende Februar findet in Lefkada ein gro\u00dfer <strong>Karneval<\/strong> statt. Die Altstadt ist geschm\u00fcckt und es l\u00e4uft \u00fcberall Partymusik. Was wirklich sehr cool ist und uns sehr gefallen hat. Wir sind die Hauptstra\u00dfe rauf und runter gelaufen, haben die Gesch\u00e4fte bestaunt, getanzt und den Beats gelauscht.<\/p>\n\n\n\n<figure class=\"wp-block-image size-large\"><img loading=\"lazy\" decoding=\"async\" width=\"768\" height=\"1024\" src=\"https:\/\/familie-weitgereist.de\/wp-content\/uploads\/2025\/02\/IMG_20250224_115236-768x1024.jpg\" alt=\"\" class=\"wp-image-21182\" srcset=\"https:\/\/familie-weitgereist.de\/wp-content\/uploads\/2025\/02\/IMG_20250224_115236-768x1024.jpg 768w, https:\/\/familie-weitgereist.de\/wp-content\/uploads\/2025\/02\/IMG_20250224_115236-225x300.jpg 225w, https:\/\/familie-weitgereist.de\/wp-content\/uploads\/2025\/02\/IMG_20250224_115236-1152x1536.jpg 1152w, https:\/\/familie-weitgereist.de\/wp-content\/uploads\/2025\/02\/IMG_20250224_115236-1536x2048.jpg 1536w, https:\/\/familie-weitgereist.de\/wp-content\/uploads\/2025\/02\/IMG_20250224_115236-1200x1600.jpg 1200w, https:\/\/familie-weitgereist.de\/wp-content\/uploads\/2025\/02\/IMG_20250224_115236-1980x2640.jpg 1980w, https:\/\/familie-weitgereist.de\/wp-content\/uploads\/2025\/02\/IMG_20250224_115236-640x853.jpg 640w, https:\/\/familie-weitgereist.de\/wp-content\/uploads\/2025\/02\/IMG_20250224_115236-150x200.jpg 150w, https:\/\/familie-weitgereist.de\/wp-content\/uploads\/2025\/02\/IMG_20250224_115236-scaled.jpg 1920w\" sizes=\"auto, (max-width: 768px) 100vw, 768px\" \/><\/figure>\n\n\n\n<p>Die Hauptstadt befindet sich ganz im Norden der Insel. Sofort nach \u00dcberqueren der schwimmenden Br\u00fccke, welche Lefkada mit dem Festland verbindet, befindet man sich am Altstadtzentrum.<\/p>\n\n\n\n<div id=\"wp-block-themeisle-blocks-slider-d36a9464\" class=\"wp-block-themeisle-blocks-slider glide\" data-per-view=\"1\" data-gap=\"0\" data-peek=\"0\" data-autoplay=\"true\" data-height=\"400px\" data-hide-arrows=\"false\"><div class=\"glide__track\" data-glide-el=\"track\"><div class=\"glide__slides\"><div class=\"wp-block-themeisle-blocks-slider-item-wrapper glide__slide\" tabindex=\"0\"><figure><img decoding=\"async\" class=\"wp-block-themeisle-blocks-slider-item\" src=\"https:\/\/familie-weitgereist.de\/wp-content\/uploads\/2025\/02\/IMG_20250224_124822-scaled.jpg\" alt=\"\" title=\"\" data-id=\"21185\"\/><\/figure><\/div><div class=\"wp-block-themeisle-blocks-slider-item-wrapper glide__slide\" tabindex=\"0\"><figure><img decoding=\"async\" class=\"wp-block-themeisle-blocks-slider-item\" src=\"https:\/\/familie-weitgereist.de\/wp-content\/uploads\/2025\/02\/IMG_20250224_115514-scaled.jpg\" alt=\"\" title=\"\" data-id=\"21184\"\/><\/figure><\/div><\/div><div class=\"glide__bullets\" data-glide-el=\"controls[nav]\"><button class=\"glide__bullet\" data-glide-dir=\"=0\"><\/button><button class=\"glide__bullet\" data-glide-dir=\"=1\"><\/button><\/div><\/div><\/div>\n\n\n\n<p>8000 Menschen leben heute in Lefkada Stadt. Das Stadtbild ist gepr\u00e4gt von bunten kleinen H\u00e4usern, zum Teil aus Wellblech, wie man es aus der Karibik kennt. Direkt daneben befinden sich venezianische Kirchen. Ein einzigartiges Flair entsteht. Im Sommer scheinen die Gassen gef\u00fcllt zu sein. Es gibt zahlreiche Restaurants, Caf\u00e9s und Souvenirl\u00e4den.<\/p>\n\n\n\n<figure class=\"wp-block-image size-large\"><img loading=\"lazy\" decoding=\"async\" width=\"1024\" height=\"768\" src=\"https:\/\/familie-weitgereist.de\/wp-content\/uploads\/2025\/02\/IMG_20250224_115151-1024x768.jpg\" alt=\"\" class=\"wp-image-21186\" srcset=\"https:\/\/familie-weitgereist.de\/wp-content\/uploads\/2025\/02\/IMG_20250224_115151-1024x768.jpg 1024w, https:\/\/familie-weitgereist.de\/wp-content\/uploads\/2025\/02\/IMG_20250224_115151-300x225.jpg 300w, https:\/\/familie-weitgereist.de\/wp-content\/uploads\/2025\/02\/IMG_20250224_115151-768x576.jpg 768w, https:\/\/familie-weitgereist.de\/wp-content\/uploads\/2025\/02\/IMG_20250224_115151-1536x1152.jpg 1536w, https:\/\/familie-weitgereist.de\/wp-content\/uploads\/2025\/02\/IMG_20250224_115151-2048x1536.jpg 2048w, https:\/\/familie-weitgereist.de\/wp-content\/uploads\/2025\/02\/IMG_20250224_115151-1200x900.jpg 1200w, https:\/\/familie-weitgereist.de\/wp-content\/uploads\/2025\/02\/IMG_20250224_115151-1980x1485.jpg 1980w, https:\/\/familie-weitgereist.de\/wp-content\/uploads\/2025\/02\/IMG_20250224_115151-150x113.jpg 150w\" sizes=\"auto, (max-width: 1024px) 100vw, 1024px\" \/><\/figure>\n\n\n\n<p>Im Winter ist es ruhig, dennoch ist die Altstadt belebt von Einwohnern und viele Gesch\u00e4fte sind ge\u00f6ffnet.<\/p>\n\n\n\n<figure class=\"wp-block-image size-large\"><img loading=\"lazy\" decoding=\"async\" width=\"1024\" height=\"768\" src=\"https:\/\/familie-weitgereist.de\/wp-content\/uploads\/2025\/02\/IMG_20250226_114856-1024x768.jpg\" alt=\"\" class=\"wp-image-21189\" srcset=\"https:\/\/familie-weitgereist.de\/wp-content\/uploads\/2025\/02\/IMG_20250226_114856-1024x768.jpg 1024w, https:\/\/familie-weitgereist.de\/wp-content\/uploads\/2025\/02\/IMG_20250226_114856-300x225.jpg 300w, https:\/\/familie-weitgereist.de\/wp-content\/uploads\/2025\/02\/IMG_20250226_114856-768x576.jpg 768w, https:\/\/familie-weitgereist.de\/wp-content\/uploads\/2025\/02\/IMG_20250226_114856-1536x1152.jpg 1536w, https:\/\/familie-weitgereist.de\/wp-content\/uploads\/2025\/02\/IMG_20250226_114856-2048x1536.jpg 2048w, https:\/\/familie-weitgereist.de\/wp-content\/uploads\/2025\/02\/IMG_20250226_114856-1200x900.jpg 1200w, https:\/\/familie-weitgereist.de\/wp-content\/uploads\/2025\/02\/IMG_20250226_114856-1980x1485.jpg 1980w, https:\/\/familie-weitgereist.de\/wp-content\/uploads\/2025\/02\/IMG_20250226_114856-150x113.jpg 150w\" sizes=\"auto, (max-width: 1024px) 100vw, 1024px\" \/><\/figure>\n\n\n\n<p>Die Innenstadt ist weitgehend verkehrsberuhigt und es fahren nur wenige r\u00fccksichtsvolle Motorr\u00e4der durch die schmalen Gassen.<\/p>\n\n\n\n<p>An der Uferpromenade befindet sich eine dreifach geschwungene Holzbr\u00fccke.<\/p>\n\n\n\n<figure class=\"wp-block-image size-large\"><img loading=\"lazy\" decoding=\"async\" width=\"1024\" height=\"768\" src=\"https:\/\/familie-weitgereist.de\/wp-content\/uploads\/2025\/02\/IMG_20250225_130925-1024x768.jpg\" alt=\"\" class=\"wp-image-21188\" srcset=\"https:\/\/familie-weitgereist.de\/wp-content\/uploads\/2025\/02\/IMG_20250225_130925-1024x768.jpg 1024w, https:\/\/familie-weitgereist.de\/wp-content\/uploads\/2025\/02\/IMG_20250225_130925-300x225.jpg 300w, https:\/\/familie-weitgereist.de\/wp-content\/uploads\/2025\/02\/IMG_20250225_130925-768x576.jpg 768w, https:\/\/familie-weitgereist.de\/wp-content\/uploads\/2025\/02\/IMG_20250225_130925-1536x1152.jpg 1536w, https:\/\/familie-weitgereist.de\/wp-content\/uploads\/2025\/02\/IMG_20250225_130925-2048x1536.jpg 2048w, https:\/\/familie-weitgereist.de\/wp-content\/uploads\/2025\/02\/IMG_20250225_130925-1200x900.jpg 1200w, https:\/\/familie-weitgereist.de\/wp-content\/uploads\/2025\/02\/IMG_20250225_130925-1980x1485.jpg 1980w, https:\/\/familie-weitgereist.de\/wp-content\/uploads\/2025\/02\/IMG_20250225_130925-150x113.jpg 150w\" sizes=\"auto, (max-width: 1024px) 100vw, 1024px\" \/><\/figure>\n\n\n\n<p>Der Hausstrand von Lefkada Stadt, <strong><em>Agios<\/em> <em>Ioannis<\/em><\/strong>, befindet sich im Norden der Stadt. Dort befinden sich f\u00fcnf markante Windm\u00fchlen, die es \u00fcberall auf der Insel gibt. In der Nebensaison hatten wir den Strand f\u00fcr uns allein. Die Farbe des Meeres ist wundersch\u00f6n blau und der leicht abfallende Eingang zum Meer, ist auch ideal f\u00fcr einen Strandurlaub mit kleinen Kindern.<\/p>\n\n\n\n<figure class=\"wp-block-image size-large\"><img loading=\"lazy\" decoding=\"async\" width=\"1024\" height=\"768\" src=\"https:\/\/familie-weitgereist.de\/wp-content\/uploads\/2025\/03\/IMG_20250304_120206-1024x768.jpg\" alt=\"\" class=\"wp-image-21227\" srcset=\"https:\/\/familie-weitgereist.de\/wp-content\/uploads\/2025\/03\/IMG_20250304_120206-1024x768.jpg 1024w, https:\/\/familie-weitgereist.de\/wp-content\/uploads\/2025\/03\/IMG_20250304_120206-300x225.jpg 300w, https:\/\/familie-weitgereist.de\/wp-content\/uploads\/2025\/03\/IMG_20250304_120206-768x576.jpg 768w, https:\/\/familie-weitgereist.de\/wp-content\/uploads\/2025\/03\/IMG_20250304_120206-1536x1152.jpg 1536w, https:\/\/familie-weitgereist.de\/wp-content\/uploads\/2025\/03\/IMG_20250304_120206-2048x1536.jpg 2048w, https:\/\/familie-weitgereist.de\/wp-content\/uploads\/2025\/03\/IMG_20250304_120206-1200x900.jpg 1200w, https:\/\/familie-weitgereist.de\/wp-content\/uploads\/2025\/03\/IMG_20250304_120206-1980x1485.jpg 1980w, https:\/\/familie-weitgereist.de\/wp-content\/uploads\/2025\/03\/IMG_20250304_120206-150x113.jpg 150w\" sizes=\"auto, (max-width: 1024px) 100vw, 1024px\" \/><\/figure>\n\n\n\n<p>Auch bei Sonnenuntergang bieten die Windm\u00fchlen eine wunderbare Fotokulisse und lange Strandspazierg\u00e4nge bieten sich an.<\/p>\n\n\n\n<figure class=\"wp-block-image size-large\"><img loading=\"lazy\" decoding=\"async\" width=\"1024\" height=\"768\" src=\"https:\/\/familie-weitgereist.de\/wp-content\/uploads\/2025\/03\/IMG_20250304_182011-1024x768.jpg\" alt=\"\" class=\"wp-image-21226\" srcset=\"https:\/\/familie-weitgereist.de\/wp-content\/uploads\/2025\/03\/IMG_20250304_182011-1024x768.jpg 1024w, https:\/\/familie-weitgereist.de\/wp-content\/uploads\/2025\/03\/IMG_20250304_182011-300x225.jpg 300w, https:\/\/familie-weitgereist.de\/wp-content\/uploads\/2025\/03\/IMG_20250304_182011-768x576.jpg 768w, https:\/\/familie-weitgereist.de\/wp-content\/uploads\/2025\/03\/IMG_20250304_182011-1536x1152.jpg 1536w, https:\/\/familie-weitgereist.de\/wp-content\/uploads\/2025\/03\/IMG_20250304_182011-2048x1536.jpg 2048w, https:\/\/familie-weitgereist.de\/wp-content\/uploads\/2025\/03\/IMG_20250304_182011-1200x900.jpg 1200w, https:\/\/familie-weitgereist.de\/wp-content\/uploads\/2025\/03\/IMG_20250304_182011-1980x1485.jpg 1980w, https:\/\/familie-weitgereist.de\/wp-content\/uploads\/2025\/03\/IMG_20250304_182011-150x113.jpg 150w\" sizes=\"auto, (max-width: 1024px) 100vw, 1024px\" \/><\/figure>\n\n\n\n<p>Direkt hinter dem Strand verl\u00e4uft eine asphaltierte Stra\u00dfe, die jedoch nicht besonders stark befahren ist. Die Lagunenlandschaft von Lefkada kann hier mit dem Auto umrundet werden und man gelangt wieder zur schwimmenden Br\u00fccke und zur Burg <strong><em>Agia Mavra<\/em><\/strong>, auf dem Festland.<\/p>\n\n\n\n<h2 class=\"wp-block-heading\">Halbinsel Geni<\/h2>\n\n\n\n<p>Die kleine Halbinsel Geni bietet f\u00fcr Segler und Bootsbesitzer eine windgesch\u00fctze Bucht. Hunderte von Booten liegen hier zu Wasser. Das Mittelmeer ist nicht komplett einsehbar und so erinnert diese sch\u00fctzende Bucht tats\u00e4chlich an den Gardasee in Italien. Umgeben von gr\u00fcnen Bergen gibt es hier wunderbare Wanderwege, kleine D\u00f6rfer und einsame Badestr\u00e4nde. <\/p>\n\n\n\n<p>Wir unternahmen einen idyllischen Waldspaziergang bis zur kleinen Kirche <strong>Agia<\/strong> <strong>Kyriaki<\/strong>. Der Weg endet an der Kirche und wir blickten auf die kleine gegen\u00fcberliegende Insel <strong>Madouri<\/strong>. Der Weg f\u00fchrte am Grab des ber\u00fchmtesten deutschen Arch\u00e4ologen Wilhelm D\u00f6rpfeld vorbei. Er lebte von 1853 &#8211; 1940 und forschte die meiste Zeit seines Lebens auf Lefkada auf der Suche nach dem homerischen Ithaka.<\/p>\n\n\n\n<div id=\"wp-block-themeisle-blocks-slider-274bb28c\" class=\"wp-block-themeisle-blocks-slider glide\" data-per-view=\"1\" data-gap=\"0\" data-peek=\"0\" data-autoplay=\"true\" data-height=\"400px\" data-hide-arrows=\"false\"><div class=\"glide__track\" data-glide-el=\"track\"><div class=\"glide__slides\"><div class=\"wp-block-themeisle-blocks-slider-item-wrapper glide__slide\" tabindex=\"0\"><figure><img decoding=\"async\" class=\"wp-block-themeisle-blocks-slider-item\" src=\"https:\/\/familie-weitgereist.de\/wp-content\/uploads\/2025\/03\/IMG_20250301_121610-scaled.jpg\" alt=\"\" title=\"\" data-id=\"21196\"\/><\/figure><\/div><div class=\"wp-block-themeisle-blocks-slider-item-wrapper glide__slide\" tabindex=\"0\"><figure><img decoding=\"async\" class=\"wp-block-themeisle-blocks-slider-item\" src=\"https:\/\/familie-weitgereist.de\/wp-content\/uploads\/2025\/03\/IMG_20250301_115450-scaled.jpg\" alt=\"\" title=\"\" data-id=\"21198\"\/><\/figure><\/div><div class=\"wp-block-themeisle-blocks-slider-item-wrapper glide__slide\" tabindex=\"0\"><figure><img decoding=\"async\" class=\"wp-block-themeisle-blocks-slider-item\" src=\"https:\/\/familie-weitgereist.de\/wp-content\/uploads\/2025\/03\/IMG_20250301_114115-scaled.jpg\" alt=\"\" title=\"\" data-id=\"21197\"\/><\/figure><\/div><\/div><div class=\"glide__bullets\" data-glide-el=\"controls[nav]\"><button class=\"glide__bullet\" data-glide-dir=\"=0\"><\/button><button class=\"glide__bullet\" data-glide-dir=\"=1\"><\/button><button class=\"glide__bullet\" data-glide-dir=\"=2\"><\/button><\/div><\/div><\/div>\n\n\n\n<h2 class=\"wp-block-heading\">Egremni Strand<\/h2>\n\n\n\n<p>Einer der bekanntesten und sch\u00f6nsten Str\u00e4nde auf Lefkada ist der 2,5 km lange wei\u00dfe, feine Sandstrand <strong>Egremni<\/strong>. Das Wasser glitzert t\u00fcrkis und der Blick auf den hohen Felsen ist atemberaubend. Der Weg zum Strand ist nicht ganz einfach, lohnt sich aber definitiv. \u00dcber eine 1,1 km lange steile Asphaltstra\u00dfe liefen wir bis zur Klippe. Die Stra\u00dfe darf nicht befahren werden. Wir parkten unser Auto am offiziellen Parkplatz, der in der Nebensaison kostenlos ist. An der Felsklippe angekommen, liefen wir 400 Stufen auf einer Treppe direkt am Fels hinab. Das war ein Abenteuer f\u00fcr sich und hat sehr viel Spa\u00df gemacht. Wir hatten eine sch\u00f6ne Zeit am Strand, spielten und genossen das Meeresrauschen, bis wir uns wieder auf den R\u00fcckweg begaben.<\/p>\n\n\n\n<p>Der Strand ist im Sommer auch mit Ausflugsbooten ab Nydri erreichbar.<\/p>\n\n\n\n<div id=\"wp-block-themeisle-blocks-slider-bd237011\" class=\"wp-block-themeisle-blocks-slider glide\" data-per-view=\"1\" data-gap=\"0\" data-peek=\"0\" data-autoplay=\"true\" data-height=\"400px\" data-hide-arrows=\"false\"><div class=\"glide__track\" data-glide-el=\"track\"><div class=\"glide__slides\"><div class=\"wp-block-themeisle-blocks-slider-item-wrapper glide__slide\" tabindex=\"0\"><figure><img decoding=\"async\" class=\"wp-block-themeisle-blocks-slider-item\" src=\"https:\/\/familie-weitgereist.de\/wp-content\/uploads\/2025\/03\/IMG_20250301_145914-scaled.jpg\" alt=\"\" title=\"\" data-id=\"21202\"\/><\/figure><\/div><div class=\"wp-block-themeisle-blocks-slider-item-wrapper glide__slide\" tabindex=\"0\"><figure><img decoding=\"async\" class=\"wp-block-themeisle-blocks-slider-item\" src=\"https:\/\/familie-weitgereist.de\/wp-content\/uploads\/2025\/03\/IMG_20250301_145848-scaled.jpg\" alt=\"\" title=\"\" data-id=\"21203\"\/><\/figure><\/div><div class=\"wp-block-themeisle-blocks-slider-item-wrapper glide__slide\" tabindex=\"0\"><figure><img decoding=\"async\" class=\"wp-block-themeisle-blocks-slider-item\" src=\"https:\/\/familie-weitgereist.de\/wp-content\/uploads\/2025\/03\/IMG_20250301_144118-scaled.jpg\" alt=\"\" title=\"\" data-id=\"21201\"\/><\/figure><\/div><\/div><div class=\"glide__bullets\" data-glide-el=\"controls[nav]\"><button class=\"glide__bullet\" data-glide-dir=\"=0\"><\/button><button class=\"glide__bullet\" data-glide-dir=\"=1\"><\/button><button class=\"glide__bullet\" data-glide-dir=\"=2\"><\/button><\/div><\/div><\/div>\n\n\n\n<h2 class=\"wp-block-heading\">Nydri Wasserf\u00e4lle<\/h2>\n\n\n\n<p>Die Wanderung zu den Nydri Wasserf\u00e4llen geh\u00f6rt definitiv zu unseren Highlights auf der Insel. Die kurze Wanderung ist von einem Wanderparkplatz der <strong>Dimosari Schlucht <\/strong>unterhalb des kleinen Caf\u00e9s zu erreichen. Als wir Anfang M\u00e4rz hier wandern waren, hatte es jedoch noch nicht ge\u00f6ffnet.<\/p>\n\n\n\n<p>Die Wanderung hat sehr viel Spa\u00df gemacht. Sie verl\u00e4uft an verschiedenen Wasserbecken vorbei auf einem schmalen Pfad. Es geht \u00fcber Stufen und Steinen stets weiter hinein in die Schlucht und sogar durch ein Felsentor. Auf dem Weg l\u00e4uft man an drei Wasserf\u00e4llen vorbei. Festes Schuhwerk empfehlen wir, da durch das Wasser Steine zum Teil sehr rutschig sind.<\/p>\n\n\n\n<div id=\"wp-block-themeisle-blocks-slider-61fa1f5f\" class=\"wp-block-themeisle-blocks-slider glide\" data-per-view=\"1\" data-gap=\"0\" data-peek=\"0\" data-autoplay=\"true\" data-height=\"400px\" data-hide-arrows=\"false\"><div class=\"glide__track\" data-glide-el=\"track\"><div class=\"glide__slides\"><div class=\"wp-block-themeisle-blocks-slider-item-wrapper glide__slide\" tabindex=\"0\"><figure><img decoding=\"async\" class=\"wp-block-themeisle-blocks-slider-item\" src=\"https:\/\/familie-weitgereist.de\/wp-content\/uploads\/2025\/03\/IMG_20250305_171043-scaled.jpg\" alt=\"\" title=\"\" data-id=\"21238\"\/><\/figure><\/div><div class=\"wp-block-themeisle-blocks-slider-item-wrapper glide__slide\" tabindex=\"0\"><figure><img decoding=\"async\" class=\"wp-block-themeisle-blocks-slider-item\" src=\"https:\/\/familie-weitgereist.de\/wp-content\/uploads\/2025\/03\/IMG_20250305_165634-scaled.jpg\" alt=\"\" title=\"\" data-id=\"21237\"\/><\/figure><\/div><div class=\"wp-block-themeisle-blocks-slider-item-wrapper glide__slide\" tabindex=\"0\"><figure><img decoding=\"async\" class=\"wp-block-themeisle-blocks-slider-item\" src=\"https:\/\/familie-weitgereist.de\/wp-content\/uploads\/2025\/03\/IMG_20250305_165524-scaled.jpg\" alt=\"\" title=\"\" data-id=\"21243\"\/><\/figure><\/div><div class=\"wp-block-themeisle-blocks-slider-item-wrapper glide__slide\" tabindex=\"0\"><figure><img decoding=\"async\" class=\"wp-block-themeisle-blocks-slider-item\" src=\"https:\/\/familie-weitgereist.de\/wp-content\/uploads\/2025\/03\/IMG_20250305_164146-scaled.jpg\" alt=\"\" title=\"\" data-id=\"21241\"\/><\/figure><\/div><\/div><div class=\"glide__bullets\" data-glide-el=\"controls[nav]\"><button class=\"glide__bullet\" data-glide-dir=\"=0\"><\/button><button class=\"glide__bullet\" data-glide-dir=\"=1\"><\/button><button class=\"glide__bullet\" data-glide-dir=\"=2\"><\/button><button class=\"glide__bullet\" data-glide-dir=\"=3\"><\/button><\/div><\/div><\/div>\n\n\n\n<p>Im Sommer laden die Wasserbecken zu einer Erfrischung ein. Der Wasserfall soll dann weitestgehend ausgetrocknet sein. Anfang M\u00e4rz war jedoch noch sehr viel Wasser vorhanden.<\/p>\n\n\n\n<figure class=\"wp-block-image size-large\"><img loading=\"lazy\" decoding=\"async\" width=\"768\" height=\"1024\" src=\"https:\/\/familie-weitgereist.de\/wp-content\/uploads\/2025\/03\/IMG_20250305_170131-768x1024.jpg\" alt=\"\" class=\"wp-image-21242\" srcset=\"https:\/\/familie-weitgereist.de\/wp-content\/uploads\/2025\/03\/IMG_20250305_170131-768x1024.jpg 768w, https:\/\/familie-weitgereist.de\/wp-content\/uploads\/2025\/03\/IMG_20250305_170131-225x300.jpg 225w, https:\/\/familie-weitgereist.de\/wp-content\/uploads\/2025\/03\/IMG_20250305_170131-1152x1536.jpg 1152w, https:\/\/familie-weitgereist.de\/wp-content\/uploads\/2025\/03\/IMG_20250305_170131-1536x2048.jpg 1536w, https:\/\/familie-weitgereist.de\/wp-content\/uploads\/2025\/03\/IMG_20250305_170131-1200x1600.jpg 1200w, https:\/\/familie-weitgereist.de\/wp-content\/uploads\/2025\/03\/IMG_20250305_170131-1980x2640.jpg 1980w, https:\/\/familie-weitgereist.de\/wp-content\/uploads\/2025\/03\/IMG_20250305_170131-640x853.jpg 640w, https:\/\/familie-weitgereist.de\/wp-content\/uploads\/2025\/03\/IMG_20250305_170131-150x200.jpg 150w, https:\/\/familie-weitgereist.de\/wp-content\/uploads\/2025\/03\/IMG_20250305_170131-scaled.jpg 1920w\" sizes=\"auto, (max-width: 768px) 100vw, 768px\" \/><\/figure>\n\n\n\n<h2 class=\"wp-block-heading\">Burg Griva<\/h2>\n\n\n\n<p>1806 wurde die Burg Griva von Ali Pasha an diesem strategisch wichtigen Punkt erbaut. Sie liegt auf dem Festland, kurz vor der Insel Lefkada. Pasha plante eine Attacke auf die Insel. Jedoch vereitelten die Franzosen im Juli 1807 seinen Plan als sie die Insel okkupierten. Ali Pasha verwarf seinen Plan und gab die Burg an die Grivas Familie ab, woher nun auch ihr Name stammt. 1821 wurde die Burg von den Griechen erobert.<\/p>\n\n\n\n<figure class=\"wp-block-image size-large\"><img loading=\"lazy\" decoding=\"async\" width=\"1024\" height=\"768\" src=\"https:\/\/familie-weitgereist.de\/wp-content\/uploads\/2025\/03\/IMG_20250306_170904-1024x768.jpg\" alt=\"\" class=\"wp-image-21263\" srcset=\"https:\/\/familie-weitgereist.de\/wp-content\/uploads\/2025\/03\/IMG_20250306_170904-1024x768.jpg 1024w, https:\/\/familie-weitgereist.de\/wp-content\/uploads\/2025\/03\/IMG_20250306_170904-300x225.jpg 300w, https:\/\/familie-weitgereist.de\/wp-content\/uploads\/2025\/03\/IMG_20250306_170904-768x576.jpg 768w, https:\/\/familie-weitgereist.de\/wp-content\/uploads\/2025\/03\/IMG_20250306_170904-1536x1152.jpg 1536w, https:\/\/familie-weitgereist.de\/wp-content\/uploads\/2025\/03\/IMG_20250306_170904-2048x1536.jpg 2048w, https:\/\/familie-weitgereist.de\/wp-content\/uploads\/2025\/03\/IMG_20250306_170904-1200x900.jpg 1200w, https:\/\/familie-weitgereist.de\/wp-content\/uploads\/2025\/03\/IMG_20250306_170904-1980x1485.jpg 1980w, https:\/\/familie-weitgereist.de\/wp-content\/uploads\/2025\/03\/IMG_20250306_170904-150x113.jpg 150w\" sizes=\"auto, (max-width: 1024px) 100vw, 1024px\" \/><\/figure>\n\n\n\n<p>Von oberhalb der Burg hatten wir einen wundersch\u00f6nen Ausblick auf die Lagunenlandschaft vor Lefkada und die Stra\u00dfe die auf die Insel f\u00fchrt.<\/p>\n\n\n\n<figure class=\"wp-block-image size-large\"><img loading=\"lazy\" decoding=\"async\" width=\"1024\" height=\"768\" src=\"https:\/\/familie-weitgereist.de\/wp-content\/uploads\/2025\/03\/IMG_20250306_171422-1024x768.jpg\" alt=\"\" class=\"wp-image-21259\" srcset=\"https:\/\/familie-weitgereist.de\/wp-content\/uploads\/2025\/03\/IMG_20250306_171422-1024x768.jpg 1024w, https:\/\/familie-weitgereist.de\/wp-content\/uploads\/2025\/03\/IMG_20250306_171422-300x225.jpg 300w, https:\/\/familie-weitgereist.de\/wp-content\/uploads\/2025\/03\/IMG_20250306_171422-768x576.jpg 768w, https:\/\/familie-weitgereist.de\/wp-content\/uploads\/2025\/03\/IMG_20250306_171422-1536x1152.jpg 1536w, https:\/\/familie-weitgereist.de\/wp-content\/uploads\/2025\/03\/IMG_20250306_171422-2048x1536.jpg 2048w, https:\/\/familie-weitgereist.de\/wp-content\/uploads\/2025\/03\/IMG_20250306_171422-1200x900.jpg 1200w, https:\/\/familie-weitgereist.de\/wp-content\/uploads\/2025\/03\/IMG_20250306_171422-1980x1485.jpg 1980w, https:\/\/familie-weitgereist.de\/wp-content\/uploads\/2025\/03\/IMG_20250306_171422-150x113.jpg 150w\" sizes=\"auto, (max-width: 1024px) 100vw, 1024px\" \/><\/figure>\n\n\n\n<p>Die Burg kann jederzeit gratis besichtigt werden.<\/p>\n\n\n\n<h2 class=\"wp-block-heading\">Kozani<\/h2>\n\n\n\n<p>Wir reisten nach zwei Wochen von Lefkada nach Peraia weiter und schliefen eine Nacht in unserem Camper auf dem Parkplatz des Waldparks &#8222;<strong>Kuri Forest<\/strong>&#8222;. Es war total sch\u00f6n dort. Der Park ist sehr weitl\u00e4ufig, bietet viele Spielpl\u00e4tze, einen Trimm-Dich-Pfad und viele Picknick- und Barbecuepl\u00e4tze.<\/p>\n\n\n\n<div id=\"wp-block-themeisle-blocks-slider-aec6081d\" class=\"wp-block-themeisle-blocks-slider glide\" data-per-view=\"1\" data-gap=\"0\" data-peek=\"0\" data-autoplay=\"true\" data-height=\"400px\" data-hide-arrows=\"false\"><div class=\"glide__track\" data-glide-el=\"track\"><div class=\"glide__slides\"><div class=\"wp-block-themeisle-blocks-slider-item-wrapper glide__slide\" tabindex=\"0\"><figure><img decoding=\"async\" class=\"wp-block-themeisle-blocks-slider-item\" src=\"https:\/\/familie-weitgereist.de\/wp-content\/uploads\/2025\/03\/IMG_20250309_100405-scaled.jpg\" alt=\"\" title=\"\" data-id=\"21270\"\/><\/figure><\/div><div class=\"wp-block-themeisle-blocks-slider-item-wrapper glide__slide\" tabindex=\"0\"><figure><img decoding=\"async\" class=\"wp-block-themeisle-blocks-slider-item\" src=\"https:\/\/familie-weitgereist.de\/wp-content\/uploads\/2025\/03\/IMG_20250309_093417-scaled.jpg\" alt=\"\" title=\"\" data-id=\"21269\"\/><\/figure><\/div><div class=\"wp-block-themeisle-blocks-slider-item-wrapper glide__slide\" tabindex=\"0\"><figure><img decoding=\"async\" class=\"wp-block-themeisle-blocks-slider-item\" src=\"https:\/\/familie-weitgereist.de\/wp-content\/uploads\/2025\/03\/IMG_20250309_092922-scaled.jpg\" alt=\"\" title=\"\" data-id=\"21271\"\/><\/figure><\/div><\/div><div class=\"glide__bullets\" data-glide-el=\"controls[nav]\"><button class=\"glide__bullet\" data-glide-dir=\"=0\"><\/button><button class=\"glide__bullet\" data-glide-dir=\"=1\"><\/button><button class=\"glide__bullet\" data-glide-dir=\"=2\"><\/button><\/div><\/div><\/div>\n\n\n\n<h2 class=\"wp-block-heading\">Peraia<\/h2>\n\n\n\n<p>Wir verbrachten eine Woche im wundersch\u00f6nen Peraia. Der kleine K\u00fcstenort liegt <strong>unweit von Thessaloniki<\/strong>. Wir haben in einem gro\u00dfen Apartment gewohnt.<\/p>\n\n\n\n<figure class=\"wp-block-image size-large\"><img loading=\"lazy\" decoding=\"async\" width=\"1024\" height=\"768\" src=\"https:\/\/familie-weitgereist.de\/wp-content\/uploads\/2025\/03\/IMG_20250313_131906-1024x768.jpg\" alt=\"\" class=\"wp-image-21294\" srcset=\"https:\/\/familie-weitgereist.de\/wp-content\/uploads\/2025\/03\/IMG_20250313_131906-1024x768.jpg 1024w, https:\/\/familie-weitgereist.de\/wp-content\/uploads\/2025\/03\/IMG_20250313_131906-300x225.jpg 300w, https:\/\/familie-weitgereist.de\/wp-content\/uploads\/2025\/03\/IMG_20250313_131906-768x576.jpg 768w, https:\/\/familie-weitgereist.de\/wp-content\/uploads\/2025\/03\/IMG_20250313_131906-1536x1152.jpg 1536w, https:\/\/familie-weitgereist.de\/wp-content\/uploads\/2025\/03\/IMG_20250313_131906-2048x1536.jpg 2048w, https:\/\/familie-weitgereist.de\/wp-content\/uploads\/2025\/03\/IMG_20250313_131906-1200x900.jpg 1200w, https:\/\/familie-weitgereist.de\/wp-content\/uploads\/2025\/03\/IMG_20250313_131906-1980x1485.jpg 1980w, https:\/\/familie-weitgereist.de\/wp-content\/uploads\/2025\/03\/IMG_20250313_131906-150x113.jpg 150w\" sizes=\"auto, (max-width: 1024px) 100vw, 1024px\" \/><\/figure>\n\n\n\n<p>Die lange Uferpromenade wird in der Nebensaison aktiv von Einheimischen genutzt. Sie sitzen in Caf\u00e9s, gehen spazieren und genie\u00dfen das gute Wetter. Es war wirklich sch\u00f6n, den entspannten griechischen Lifestyle zu beobachten. Wir schlenderten ebenfalls t\u00e4glich an der langen Uferpromenade entlang, blickten auf das Meer, spielten am Strand und genossen unsere gemeinsame Zeit! Im Blick hatten wir dabei immer die zweitgr\u00f6\u00dfte Stadt Griechenlands, Thessaloniki.<\/p>\n\n\n\n<div id=\"wp-block-themeisle-blocks-slider-b5625402\" class=\"wp-block-themeisle-blocks-slider glide\" data-per-view=\"1\" data-gap=\"0\" data-peek=\"0\" data-autoplay=\"true\" data-height=\"400px\" data-hide-arrows=\"false\"><div class=\"glide__track\" data-glide-el=\"track\"><div class=\"glide__slides\"><div class=\"wp-block-themeisle-blocks-slider-item-wrapper glide__slide\" tabindex=\"0\"><figure><img decoding=\"async\" class=\"wp-block-themeisle-blocks-slider-item\" src=\"https:\/\/familie-weitgereist.de\/wp-content\/uploads\/2025\/03\/IMG_20250311_110012-scaled.jpg\" alt=\"\" title=\"\" data-id=\"21279\"\/><\/figure><\/div><div class=\"wp-block-themeisle-blocks-slider-item-wrapper glide__slide\" tabindex=\"0\"><figure><img decoding=\"async\" class=\"wp-block-themeisle-blocks-slider-item\" src=\"https:\/\/familie-weitgereist.de\/wp-content\/uploads\/2025\/03\/IMG_20250310_165009-scaled.jpg\" alt=\"\" title=\"\" data-id=\"21285\"\/><\/figure><\/div><div class=\"wp-block-themeisle-blocks-slider-item-wrapper glide__slide\" tabindex=\"0\"><figure><img decoding=\"async\" class=\"wp-block-themeisle-blocks-slider-item\" src=\"https:\/\/familie-weitgereist.de\/wp-content\/uploads\/2025\/03\/IMG_20250310_164755-scaled.jpg\" alt=\"\" title=\"\" data-id=\"21284\"\/><\/figure><\/div><div class=\"wp-block-themeisle-blocks-slider-item-wrapper glide__slide\" tabindex=\"0\"><figure><img decoding=\"async\" class=\"wp-block-themeisle-blocks-slider-item\" src=\"https:\/\/familie-weitgereist.de\/wp-content\/uploads\/2025\/03\/IMG_20250310_110409-scaled.jpg\" alt=\"\" title=\"\" data-id=\"21282\"\/><\/figure><\/div><div class=\"wp-block-themeisle-blocks-slider-item-wrapper glide__slide\" tabindex=\"0\"><figure><img decoding=\"async\" class=\"wp-block-themeisle-blocks-slider-item\" src=\"https:\/\/familie-weitgereist.de\/wp-content\/uploads\/2025\/03\/IMG_20250309_180852-scaled.jpg\" alt=\"\" title=\"\" data-id=\"21280\"\/><\/figure><\/div><div class=\"wp-block-themeisle-blocks-slider-item-wrapper glide__slide\" tabindex=\"0\"><figure><img decoding=\"async\" class=\"wp-block-themeisle-blocks-slider-item\" src=\"https:\/\/familie-weitgereist.de\/wp-content\/uploads\/2025\/03\/IMG_20250309_180221-scaled.jpg\" alt=\"\" title=\"\" data-id=\"21283\"\/><\/figure><\/div><\/div><div class=\"glide__bullets\" data-glide-el=\"controls[nav]\"><button class=\"glide__bullet\" data-glide-dir=\"=0\"><\/button><button class=\"glide__bullet\" data-glide-dir=\"=1\"><\/button><button class=\"glide__bullet\" data-glide-dir=\"=2\"><\/button><button class=\"glide__bullet\" data-glide-dir=\"=3\"><\/button><button class=\"glide__bullet\" data-glide-dir=\"=4\"><\/button><button class=\"glide__bullet\" data-glide-dir=\"=5\"><\/button><\/div><\/div><\/div>\n\n\n\n<p>Gesch\u00fctzt in einem Park, anliegend an der Hauptstra\u00dfe Antheon durch den Ort, gibt es einen <strong>sch\u00f6nen Park mit zwei Spielpl\u00e4tzen<\/strong> und einen Verkehrskernparcours. Dort haben wir viel Zeit verbracht und die Jungs liebten es!<\/p>\n\n\n\n<div id=\"wp-block-themeisle-blocks-slider-adcb87b5\" class=\"wp-block-themeisle-blocks-slider glide\" data-per-view=\"1\" data-gap=\"0\" data-peek=\"0\" data-autoplay=\"true\" data-height=\"400px\" data-hide-arrows=\"false\"><div class=\"glide__track\" data-glide-el=\"track\"><div class=\"glide__slides\"><div class=\"wp-block-themeisle-blocks-slider-item-wrapper glide__slide\" tabindex=\"0\"><figure><img decoding=\"async\" class=\"wp-block-themeisle-blocks-slider-item\" src=\"https:\/\/familie-weitgereist.de\/wp-content\/uploads\/2025\/03\/IMG_20250311_120927-scaled.jpg\" alt=\"\" title=\"\" data-id=\"21275\"\/><\/figure><\/div><div class=\"wp-block-themeisle-blocks-slider-item-wrapper glide__slide\" tabindex=\"0\"><figure><img decoding=\"async\" class=\"wp-block-themeisle-blocks-slider-item\" src=\"https:\/\/familie-weitgereist.de\/wp-content\/uploads\/2025\/03\/IMG_20250310_115645-scaled.jpg\" alt=\"\" title=\"\" data-id=\"21276\"\/><\/figure><\/div><\/div><div class=\"glide__bullets\" data-glide-el=\"controls[nav]\"><button class=\"glide__bullet\" data-glide-dir=\"=0\"><\/button><button class=\"glide__bullet\" data-glide-dir=\"=1\"><\/button><\/div><\/div><\/div>\n\n\n\n<p>Ein weiterer Spielplatz befindet sich in einem Park angrenzend der <strong>Stra\u00dfe<\/strong> <strong>25is Martiou<\/strong>.<\/p>\n\n\n\n<figure class=\"wp-block-image size-large\"><img loading=\"lazy\" decoding=\"async\" width=\"1024\" height=\"768\" src=\"https:\/\/familie-weitgereist.de\/wp-content\/uploads\/2025\/03\/IMG_20250313_115430-1024x768.jpg\" alt=\"\" class=\"wp-image-21287\" srcset=\"https:\/\/familie-weitgereist.de\/wp-content\/uploads\/2025\/03\/IMG_20250313_115430-1024x768.jpg 1024w, https:\/\/familie-weitgereist.de\/wp-content\/uploads\/2025\/03\/IMG_20250313_115430-300x225.jpg 300w, https:\/\/familie-weitgereist.de\/wp-content\/uploads\/2025\/03\/IMG_20250313_115430-768x576.jpg 768w, https:\/\/familie-weitgereist.de\/wp-content\/uploads\/2025\/03\/IMG_20250313_115430-1536x1152.jpg 1536w, https:\/\/familie-weitgereist.de\/wp-content\/uploads\/2025\/03\/IMG_20250313_115430-2048x1536.jpg 2048w, https:\/\/familie-weitgereist.de\/wp-content\/uploads\/2025\/03\/IMG_20250313_115430-1200x900.jpg 1200w, https:\/\/familie-weitgereist.de\/wp-content\/uploads\/2025\/03\/IMG_20250313_115430-1980x1485.jpg 1980w, https:\/\/familie-weitgereist.de\/wp-content\/uploads\/2025\/03\/IMG_20250313_115430-150x113.jpg 150w\" sizes=\"auto, (max-width: 1024px) 100vw, 1024px\" \/><\/figure>\n\n\n\n<h2 class=\"wp-block-heading\">Thessaloniki<\/h2>\n\n\n\n<p>Eigentlich hatten wir vor uns die Altstadt von Thessaloniki anschauen. Dies ist sich diesmal jedoch nicht ausgegangen. Die Stadt ist so voller Autos und der Verkehr ist hoch. Wir haben ewig nach einem Parkplatz gesucht. Es gibt wenig \u00f6ffentliche Busse und die ganze Stadt ist voller Autos.<\/p>\n\n\n\n<p>Wir schlenderten an der Promenade entlang und erlebten mit unseren Jungs die Spielpl\u00e4tze.<\/p>\n\n\n\n<figure class=\"wp-block-image size-large\"><img loading=\"lazy\" decoding=\"async\" width=\"1024\" height=\"768\" src=\"https:\/\/familie-weitgereist.de\/wp-content\/uploads\/2025\/03\/IMG_20250311_172119-1024x768.jpg\" alt=\"\" class=\"wp-image-21291\" srcset=\"https:\/\/familie-weitgereist.de\/wp-content\/uploads\/2025\/03\/IMG_20250311_172119-1024x768.jpg 1024w, https:\/\/familie-weitgereist.de\/wp-content\/uploads\/2025\/03\/IMG_20250311_172119-300x225.jpg 300w, https:\/\/familie-weitgereist.de\/wp-content\/uploads\/2025\/03\/IMG_20250311_172119-768x576.jpg 768w, https:\/\/familie-weitgereist.de\/wp-content\/uploads\/2025\/03\/IMG_20250311_172119-1536x1152.jpg 1536w, https:\/\/familie-weitgereist.de\/wp-content\/uploads\/2025\/03\/IMG_20250311_172119-2048x1536.jpg 2048w, https:\/\/familie-weitgereist.de\/wp-content\/uploads\/2025\/03\/IMG_20250311_172119-1200x900.jpg 1200w, https:\/\/familie-weitgereist.de\/wp-content\/uploads\/2025\/03\/IMG_20250311_172119-1980x1485.jpg 1980w, https:\/\/familie-weitgereist.de\/wp-content\/uploads\/2025\/03\/IMG_20250311_172119-150x113.jpg 150w\" sizes=\"auto, (max-width: 1024px) 100vw, 1024px\" \/><\/figure>\n\n\n\n<p>Dazu hatten wir sch\u00f6ne Ausblicke auf Thessaloniki am Berghang.<\/p>\n\n\n\n<figure class=\"wp-block-image size-large\"><img loading=\"lazy\" decoding=\"async\" width=\"1024\" height=\"768\" src=\"https:\/\/familie-weitgereist.de\/wp-content\/uploads\/2025\/03\/IMG_20250311_173444-1024x768.jpg\" alt=\"\" class=\"wp-image-21289\" srcset=\"https:\/\/familie-weitgereist.de\/wp-content\/uploads\/2025\/03\/IMG_20250311_173444-1024x768.jpg 1024w, https:\/\/familie-weitgereist.de\/wp-content\/uploads\/2025\/03\/IMG_20250311_173444-300x225.jpg 300w, https:\/\/familie-weitgereist.de\/wp-content\/uploads\/2025\/03\/IMG_20250311_173444-768x576.jpg 768w, https:\/\/familie-weitgereist.de\/wp-content\/uploads\/2025\/03\/IMG_20250311_173444-1536x1152.jpg 1536w, https:\/\/familie-weitgereist.de\/wp-content\/uploads\/2025\/03\/IMG_20250311_173444-2048x1536.jpg 2048w, https:\/\/familie-weitgereist.de\/wp-content\/uploads\/2025\/03\/IMG_20250311_173444-1200x900.jpg 1200w, https:\/\/familie-weitgereist.de\/wp-content\/uploads\/2025\/03\/IMG_20250311_173444-1980x1485.jpg 1980w, https:\/\/familie-weitgereist.de\/wp-content\/uploads\/2025\/03\/IMG_20250311_173444-150x113.jpg 150w\" sizes=\"auto, (max-width: 1024px) 100vw, 1024px\" \/><\/figure>\n\n\n\n<h2 class=\"wp-block-heading\">Chalkidiki<\/h2>\n\n\n\n<p>Wir haben einen Roadtrip nach Chalkidiki unternommen und waren auf dem ersten &#8222;Finger&#8220; unterwegs. Das Meer in dieser Gegend ist so azurblau und wundersch\u00f6n!<\/p>\n\n\n\n<p>Wir schlenderten durch den kleinen Ort <strong>Afytos<\/strong>. Die Altstadt war richtig sch\u00f6n mit Pflastergassen und es gibt viele Restaurants und Gesch\u00e4fte. Mitte M\u00e4rz war jedoch noch nahezu alles geschlossen und nur wenige Gesch\u00e4fte waren f\u00fcr die Einheimischen ge\u00f6ffnet.<\/p>\n\n\n\n<div id=\"wp-block-themeisle-blocks-slider-1382b419\" class=\"wp-block-themeisle-blocks-slider glide\" data-per-view=\"1\" data-gap=\"0\" data-peek=\"0\" data-autoplay=\"true\" data-height=\"400px\" data-hide-arrows=\"false\"><div class=\"glide__track\" data-glide-el=\"track\"><div class=\"glide__slides\"><div class=\"wp-block-themeisle-blocks-slider-item-wrapper glide__slide\" tabindex=\"0\"><figure><img decoding=\"async\" class=\"wp-block-themeisle-blocks-slider-item\" src=\"https:\/\/familie-weitgereist.de\/wp-content\/uploads\/2025\/03\/IMG_20250314_161532-scaled.jpg\" alt=\"\" title=\"\" data-id=\"21299\"\/><\/figure><\/div><div class=\"wp-block-themeisle-blocks-slider-item-wrapper glide__slide\" tabindex=\"0\"><figure><img decoding=\"async\" class=\"wp-block-themeisle-blocks-slider-item\" src=\"https:\/\/familie-weitgereist.de\/wp-content\/uploads\/2025\/03\/IMG_20250314_160032-scaled.jpg\" alt=\"\" title=\"\" data-id=\"21300\"\/><\/figure><\/div><div class=\"wp-block-themeisle-blocks-slider-item-wrapper glide__slide\" tabindex=\"0\"><figure><img decoding=\"async\" class=\"wp-block-themeisle-blocks-slider-item\" src=\"https:\/\/familie-weitgereist.de\/wp-content\/uploads\/2025\/03\/IMG_20250314_155857-scaled.jpg\" alt=\"\" title=\"\" data-id=\"21301\"\/><\/figure><\/div><\/div><div class=\"glide__bullets\" data-glide-el=\"controls[nav]\"><button class=\"glide__bullet\" data-glide-dir=\"=0\"><\/button><button class=\"glide__bullet\" data-glide-dir=\"=1\"><\/button><button class=\"glide__bullet\" data-glide-dir=\"=2\"><\/button><\/div><\/div><\/div>\n\n\n\n<p>Wir liefen zum <strong>Afytos Viewpoint<\/strong> und hatten herrliche Ausblicke auf das Meer und Afytos.<\/p>\n\n\n\n<figure class=\"wp-block-image size-large\"><img loading=\"lazy\" decoding=\"async\" width=\"1024\" height=\"768\" src=\"https:\/\/familie-weitgereist.de\/wp-content\/uploads\/2025\/03\/IMG_20250314_161221-1-1024x768.jpg\" alt=\"\" class=\"wp-image-21323\" srcset=\"https:\/\/familie-weitgereist.de\/wp-content\/uploads\/2025\/03\/IMG_20250314_161221-1-1024x768.jpg 1024w, https:\/\/familie-weitgereist.de\/wp-content\/uploads\/2025\/03\/IMG_20250314_161221-1-300x225.jpg 300w, https:\/\/familie-weitgereist.de\/wp-content\/uploads\/2025\/03\/IMG_20250314_161221-1-768x576.jpg 768w, https:\/\/familie-weitgereist.de\/wp-content\/uploads\/2025\/03\/IMG_20250314_161221-1-1536x1152.jpg 1536w, https:\/\/familie-weitgereist.de\/wp-content\/uploads\/2025\/03\/IMG_20250314_161221-1-2048x1536.jpg 2048w, https:\/\/familie-weitgereist.de\/wp-content\/uploads\/2025\/03\/IMG_20250314_161221-1-1200x900.jpg 1200w, https:\/\/familie-weitgereist.de\/wp-content\/uploads\/2025\/03\/IMG_20250314_161221-1-1980x1485.jpg 1980w, https:\/\/familie-weitgereist.de\/wp-content\/uploads\/2025\/03\/IMG_20250314_161221-1-150x113.jpg 150w\" sizes=\"auto, (max-width: 1024px) 100vw, 1024px\" \/><\/figure>\n\n\n\n<p>Anschlie\u00dfend fuhren wir weiter \u00fcber die Insel, auf die Westseite und besuchten den kleinen Ort <strong>Siviri<\/strong>. Dort spielten wir am Strand und unsere Jungs hatten so viel Spa\u00df!<\/p>\n\n\n\n<figure class=\"wp-block-image size-large\"><img loading=\"lazy\" decoding=\"async\" width=\"1024\" height=\"768\" src=\"https:\/\/familie-weitgereist.de\/wp-content\/uploads\/2025\/03\/IMG_20250314_171257-1024x768.jpg\" alt=\"\" class=\"wp-image-21306\" srcset=\"https:\/\/familie-weitgereist.de\/wp-content\/uploads\/2025\/03\/IMG_20250314_171257-1024x768.jpg 1024w, https:\/\/familie-weitgereist.de\/wp-content\/uploads\/2025\/03\/IMG_20250314_171257-300x225.jpg 300w, https:\/\/familie-weitgereist.de\/wp-content\/uploads\/2025\/03\/IMG_20250314_171257-768x576.jpg 768w, https:\/\/familie-weitgereist.de\/wp-content\/uploads\/2025\/03\/IMG_20250314_171257-1536x1152.jpg 1536w, https:\/\/familie-weitgereist.de\/wp-content\/uploads\/2025\/03\/IMG_20250314_171257-2048x1536.jpg 2048w, https:\/\/familie-weitgereist.de\/wp-content\/uploads\/2025\/03\/IMG_20250314_171257-1200x900.jpg 1200w, https:\/\/familie-weitgereist.de\/wp-content\/uploads\/2025\/03\/IMG_20250314_171257-1980x1485.jpg 1980w, https:\/\/familie-weitgereist.de\/wp-content\/uploads\/2025\/03\/IMG_20250314_171257-150x113.jpg 150w\" sizes=\"auto, (max-width: 1024px) 100vw, 1024px\" \/><\/figure>\n\n\n\n<h2 class=\"wp-block-heading\">Asprovalta<\/h2>\n\n\n\n<p>Auf unserer Weiterreise gen Norden, Richtung <strong>Bulgarien<\/strong>, wo wir als n\u00e4chstes einen Workation Aufenthalt verbracht haben, sind wir an diesem kleinen K\u00fcstenort vorbei gekommen.<\/p>\n\n\n\n<p>Asprovalta liegt direkt am <strong>Strymonischen<\/strong> <strong>Golf<\/strong>. Es gibt eine wundersch\u00f6ne Strandpromenade mit vielen Spielpl\u00e4tzen und einen herrlichen breiten, wei\u00dfen Strand. Dort haben wir eine Weile verbracht und Pause gemacht. Einige Camper standen auch direkt am Strand.<\/p>\n\n\n\n<div id=\"wp-block-themeisle-blocks-slider-b54943a0\" class=\"wp-block-themeisle-blocks-slider glide\" data-per-view=\"1\" data-gap=\"0\" data-peek=\"0\" data-autoplay=\"true\" data-height=\"400px\" data-hide-arrows=\"false\"><div class=\"glide__track\" data-glide-el=\"track\"><div class=\"glide__slides\"><div class=\"wp-block-themeisle-blocks-slider-item-wrapper glide__slide\" tabindex=\"0\"><figure><img decoding=\"async\" class=\"wp-block-themeisle-blocks-slider-item\" src=\"https:\/\/familie-weitgereist.de\/wp-content\/uploads\/2025\/03\/IMG_20250315_132452-scaled.jpg\" alt=\"\" title=\"\" data-id=\"21312\"\/><\/figure><\/div><div class=\"wp-block-themeisle-blocks-slider-item-wrapper glide__slide\" tabindex=\"0\"><figure><img decoding=\"async\" class=\"wp-block-themeisle-blocks-slider-item\" src=\"https:\/\/familie-weitgereist.de\/wp-content\/uploads\/2025\/03\/IMG_20250315_124738-scaled.jpg\" alt=\"\" title=\"\" data-id=\"21310\"\/><\/figure><\/div><div class=\"wp-block-themeisle-blocks-slider-item-wrapper glide__slide\" tabindex=\"0\"><figure><img decoding=\"async\" class=\"wp-block-themeisle-blocks-slider-item\" src=\"https:\/\/familie-weitgereist.de\/wp-content\/uploads\/2025\/03\/IMG_20250315_123925-scaled.jpg\" alt=\"\" title=\"\" data-id=\"21311\"\/><\/figure><\/div><\/div><div class=\"glide__bullets\" data-glide-el=\"controls[nav]\"><button class=\"glide__bullet\" data-glide-dir=\"=0\"><\/button><button class=\"glide__bullet\" data-glide-dir=\"=1\"><\/button><button class=\"glide__bullet\" data-glide-dir=\"=2\"><\/button><\/div><\/div><\/div>\n\n\n\n<h2 class=\"wp-block-heading\">Prosotsani<\/h2>\n\n\n\n<p>Unser letzter Halt in Griechenland war ein wunderbarer Camperspot f\u00fcr die Nacht in Prosotsani. Wir standen an einem Fluss im Wald. Es gab Picknickstellen, Fu\u00dfballtore und ganz viel Natur. Perfekt f\u00fcr uns!<\/p>\n\n\n\n<figure class=\"wp-block-image size-large\"><img loading=\"lazy\" decoding=\"async\" width=\"1024\" height=\"768\" src=\"https:\/\/familie-weitgereist.de\/wp-content\/uploads\/2025\/03\/IMG_20250317_103150-1-1024x768.jpg\" alt=\"\" class=\"wp-image-21329\" srcset=\"https:\/\/familie-weitgereist.de\/wp-content\/uploads\/2025\/03\/IMG_20250317_103150-1-1024x768.jpg 1024w, https:\/\/familie-weitgereist.de\/wp-content\/uploads\/2025\/03\/IMG_20250317_103150-1-300x225.jpg 300w, https:\/\/familie-weitgereist.de\/wp-content\/uploads\/2025\/03\/IMG_20250317_103150-1-768x576.jpg 768w, https:\/\/familie-weitgereist.de\/wp-content\/uploads\/2025\/03\/IMG_20250317_103150-1-1536x1152.jpg 1536w, https:\/\/familie-weitgereist.de\/wp-content\/uploads\/2025\/03\/IMG_20250317_103150-1-2048x1536.jpg 2048w, https:\/\/familie-weitgereist.de\/wp-content\/uploads\/2025\/03\/IMG_20250317_103150-1-1200x900.jpg 1200w, https:\/\/familie-weitgereist.de\/wp-content\/uploads\/2025\/03\/IMG_20250317_103150-1-1980x1485.jpg 1980w, https:\/\/familie-weitgereist.de\/wp-content\/uploads\/2025\/03\/IMG_20250317_103150-1-150x113.jpg 150w\" sizes=\"auto, (max-width: 1024px) 100vw, 1024px\" \/><\/figure>\n","protected":false},"excerpt":{"rendered":"<p>Im Februar 2025 sind wir mit unserem Camper nach Griechenland gefahren. Wir reisten vorher durch Italien und San Marino und nahmen schlie\u00dflich die F\u00e4hre von Ancona in Italien nach Igoumenitsa in Griechenland. Philipp hat w\u00e4hrend unseres Aufenthaltes gearbeitet, w\u00e4hrend ich mit den Jungs kleine Ausfl\u00fcge in der Umgebung unternommen habe. Am Nachmittag und am Wochenende [&hellip;]<\/p>\n","protected":false},"author":3,"featured_media":21203,"comment_status":"open","ping_status":"open","sticky":false,"template":"","format":"standard","meta":{"_themeisle_gutenberg_block_has_review":false,"footnotes":""},"categories":[271,8,4,377],"tags":[1548,1551,1547,1541,1531,1534,1535,580,1532,1533,272,1536,1544,1545,1529,1538,1539,1543,1530,1550,1537,1549,1542,1546,1540],"class_list":["post-21116","post","type-post","status-publish","format-standard","has-post-thumbnail","hentry","category-griechenland","category-europa","category-laender","category-spielplaetze","tag-afytos","tag-asprovalta","tag-chalkidiki","tag-eglouvi","tag-egremni","tag-egremni-strand","tag-englouvi","tag-europa","tag-geni","tag-geni-halbinsel","tag-griechenland","tag-karya","tag-kozani","tag-kuri-forest","tag-lefkada","tag-nydri","tag-nydri-wasserfaelle","tag-peraia","tag-preveza","tag-prosotsani","tag-sfakiotes","tag-siviri","tag-syvros","tag-thessaloniki","tag-windmuehlenstrand"],"_links":{"self":[{"href":"https:\/\/familie-weitgereist.de\/index.php?rest_route=\/wp\/v2\/posts\/21116","targetHints":{"allow":["GET"]}}],"collection":[{"href":"https:\/\/familie-weitgereist.de\/index.php?rest_route=\/wp\/v2\/posts"}],"about":[{"href":"https:\/\/familie-weitgereist.de\/index.php?rest_route=\/wp\/v2\/types\/post"}],"author":[{"embeddable":true,"href":"https:\/\/familie-weitgereist.de\/index.php?rest_route=\/wp\/v2\/users\/3"}],"replies":[{"embeddable":true,"href":"https:\/\/familie-weitgereist.de\/index.php?rest_route=%2Fwp%2Fv2%2Fcomments&post=21116"}],"version-history":[{"count":95,"href":"https:\/\/familie-weitgereist.de\/index.php?rest_route=\/wp\/v2\/posts\/21116\/revisions"}],"predecessor-version":[{"id":24407,"href":"https:\/\/familie-weitgereist.de\/index.php?rest_route=\/wp\/v2\/posts\/21116\/revisions\/24407"}],"wp:featuredmedia":[{"embeddable":true,"href":"https:\/\/familie-weitgereist.de\/index.php?rest_route=\/wp\/v2\/media\/21203"}],"wp:attachment":[{"href":"https:\/\/familie-weitgereist.de\/index.php?rest_route=%2Fwp%2Fv2%2Fmedia&parent=21116"}],"wp:term":[{"taxonomy":"category","embeddable":true,"href":"https:\/\/familie-weitgereist.de\/index.php?rest_route=%2Fwp%2Fv2%2Fcategories&post=21116"},{"taxonomy":"post_tag","embeddable":true,"href":"https:\/\/familie-weitgereist.de\/index.php?rest_route=%2Fwp%2Fv2%2Ftags&post=21116"}],"curies":[{"name":"wp","href":"https:\/\/api.w.org\/{rel}","templated":true}]}}