{"id":21056,"date":"2025-02-18T20:39:03","date_gmt":"2025-02-18T19:39:03","guid":{"rendered":"https:\/\/familie-weitgereist.de\/?p=21056"},"modified":"2026-01-17T22:12:59","modified_gmt":"2026-01-17T21:12:59","slug":"san-marino-mit-kleinen-kindern","status":"publish","type":"post","link":"https:\/\/familie-weitgereist.de\/?p=21056","title":{"rendered":"San Marino mit kleinen Kindern"},"content":{"rendered":"\n<p>Philipp und ich haben <strong><a href=\"https:\/\/familie-weitgereist.de\/?p=978\" data-type=\"link\" data-id=\"https:\/\/familie-weitgereist.de\/?p=978\">San Marino<\/a><\/strong> schon einmal 2016, noch ohne Kinder, bereist. Im Rahmen unseres Roadtrips nach <strong>Griechenland<\/strong>, haben wir nicht nur ein paar sch\u00f6ne Ecken von <strong>Italien<\/strong> bereist, sondern auch den f\u00fcnft kleinsten Staat der Welt, San Marino.<\/p>\n\n\n\n<figure class=\"wp-block-image size-large\"><img loading=\"lazy\" decoding=\"async\" width=\"1024\" height=\"768\" src=\"https:\/\/familie-weitgereist.de\/wp-content\/uploads\/2025\/02\/IMG_20250218_124135-1024x768.jpg\" alt=\"\" class=\"wp-image-21068\" srcset=\"https:\/\/familie-weitgereist.de\/wp-content\/uploads\/2025\/02\/IMG_20250218_124135-1024x768.jpg 1024w, https:\/\/familie-weitgereist.de\/wp-content\/uploads\/2025\/02\/IMG_20250218_124135-300x225.jpg 300w, https:\/\/familie-weitgereist.de\/wp-content\/uploads\/2025\/02\/IMG_20250218_124135-768x576.jpg 768w, https:\/\/familie-weitgereist.de\/wp-content\/uploads\/2025\/02\/IMG_20250218_124135-1536x1152.jpg 1536w, https:\/\/familie-weitgereist.de\/wp-content\/uploads\/2025\/02\/IMG_20250218_124135-2048x1536.jpg 2048w, https:\/\/familie-weitgereist.de\/wp-content\/uploads\/2025\/02\/IMG_20250218_124135-1200x900.jpg 1200w, https:\/\/familie-weitgereist.de\/wp-content\/uploads\/2025\/02\/IMG_20250218_124135-1980x1485.jpg 1980w, https:\/\/familie-weitgereist.de\/wp-content\/uploads\/2025\/02\/IMG_20250218_124135-150x113.jpg 150w\" sizes=\"auto, (max-width: 1024px) 100vw, 1024px\" \/><\/figure>\n\n\n\n<h2 class=\"wp-block-heading\">Hintergrundinformationen<\/h2>\n\n\n\n<p>San Marino befindet sich nur ca. 30 Autominuten von Rimini, eine italienische Stadt an der Mittelmeerk\u00fcste, entfernt. Es ist komplett von Italien umgeben. Die kleine Enklave ist die \u00e4lteste Republik der Welt und der f\u00fcnft kleinste Staat der Welt, nach dem <strong><a href=\"https:\/\/familie-weitgereist.de\/?p=983\" data-type=\"link\" data-id=\"https:\/\/familie-weitgereist.de\/?p=983\">Vatikan<\/a><\/strong>, <strong><a href=\"https:\/\/familie-weitgereist.de\/?p=5607\" data-type=\"link\" data-id=\"https:\/\/familie-weitgereist.de\/?p=5607\">Monaco<\/a><\/strong>, Nauru und Tuvalu im Pazifischen Ozean. San Marino geh\u00f6rt ebenso zu den sechs Zwergenstaaten in Europa (zudem Vatikan, Monaco, Andorra, Liechtenstein, Malta).<\/p>\n\n\n\n<p>San Marino hat eine Fl\u00e4che von 61km\u00b2 und ca. 33.600 Menschen leben hier. Das wohl bekannteste Wahrzeichen San Marinos ist der <em><strong>Monte Titano<\/strong><\/em>. Schon im Jahr 301 soll der heilige Marinus eine christliche Gemeinde auf dem 739m hohen Berg gegr\u00fcndet haben. Dies ist zugleich der h\u00f6chste Berg des heutigen Staatsgebietes von San Marino. San Marino geh\u00f6rt zu den reichsten L\u00e4ndern weltweit. Das Pro-Kopf-Einkommen ist hoch, Staatsschulden gibt es keine und die Arbeitslosenquote ist verschwindend gering. <\/p>\n\n\n\n<p>Die Amtssprache in der Republik San Marino ist Italienisch. Die Hauptstadt ist die gleichnamige Stadt San Marino. San Marino ist nicht Teil der Europ\u00e4ischen Union, nutzt jedoch als W\u00e4hrung den Euro (\u20ac).<\/p>\n\n\n\n<p>Wir sind mit unserem Camper nach San Marino gefahren. Urspr\u00fcnglich wollten wir die Seilbahn auf den Berg hinauf, in die Altstadt nehmen. Leider war am Tag unseres Besuchs f\u00fcr die n\u00e4chsten beiden Wochen Revision.<\/p>\n\n\n\n<figure class=\"wp-block-image size-large\"><img loading=\"lazy\" decoding=\"async\" width=\"1024\" height=\"768\" src=\"https:\/\/familie-weitgereist.de\/wp-content\/uploads\/2025\/02\/IMG_20250218_140225-1024x768.jpg\" alt=\"\" class=\"wp-image-21100\" srcset=\"https:\/\/familie-weitgereist.de\/wp-content\/uploads\/2025\/02\/IMG_20250218_140225-1024x768.jpg 1024w, https:\/\/familie-weitgereist.de\/wp-content\/uploads\/2025\/02\/IMG_20250218_140225-300x225.jpg 300w, https:\/\/familie-weitgereist.de\/wp-content\/uploads\/2025\/02\/IMG_20250218_140225-768x576.jpg 768w, https:\/\/familie-weitgereist.de\/wp-content\/uploads\/2025\/02\/IMG_20250218_140225-1536x1152.jpg 1536w, https:\/\/familie-weitgereist.de\/wp-content\/uploads\/2025\/02\/IMG_20250218_140225-2048x1536.jpg 2048w, https:\/\/familie-weitgereist.de\/wp-content\/uploads\/2025\/02\/IMG_20250218_140225-1200x900.jpg 1200w, https:\/\/familie-weitgereist.de\/wp-content\/uploads\/2025\/02\/IMG_20250218_140225-1980x1485.jpg 1980w, https:\/\/familie-weitgereist.de\/wp-content\/uploads\/2025\/02\/IMG_20250218_140225-150x113.jpg 150w\" sizes=\"auto, (max-width: 1024px) 100vw, 1024px\" \/><\/figure>\n\n\n\n<p>Somit sind wir hinauf in die Altstadt gefahren und haben auf dem Parkplatz 7 geparkt. Dort konnten wir 5 Stunden f\u00fcr 4,50\u20ac parken. Was echt ein guter Preis ist, wie wir finden. In San Marino gibt es keine Umsatzsteuer und wir haben die Preise als recht g\u00fcnstig empfunden. Zudem haben wir auch noch einmal vollgetankt, f\u00fcr 1,57\u20ac, was ca. 10 Cent g\u00fcnstiger war als in Italien.<\/p>\n\n\n\n<h2 class=\"wp-block-heading\">Unternehmungen<\/h2>\n\n\n\n<p>Wir haben w\u00e4hrend unseres Tagesausflugs nach San Marino einiges erlebt.<\/p>\n\n\n\n<h2 class=\"wp-block-heading\">Die T\u00fcrme von San Marino und der Hexenpfad<\/h2>\n\n\n\n<p><strong>Auf dem Hexenpfad zwischen den T\u00fcrmen, hoch oben auf dem Berg Titano darf nur gewandert werden<\/strong>.<\/p>\n\n\n\n<figure class=\"wp-block-image size-large\"><img loading=\"lazy\" decoding=\"async\" width=\"1024\" height=\"768\" src=\"https:\/\/familie-weitgereist.de\/wp-content\/uploads\/2025\/02\/IMG_20250218_121910-1024x768.jpg\" alt=\"\" class=\"wp-image-21096\" srcset=\"https:\/\/familie-weitgereist.de\/wp-content\/uploads\/2025\/02\/IMG_20250218_121910-1024x768.jpg 1024w, https:\/\/familie-weitgereist.de\/wp-content\/uploads\/2025\/02\/IMG_20250218_121910-300x225.jpg 300w, https:\/\/familie-weitgereist.de\/wp-content\/uploads\/2025\/02\/IMG_20250218_121910-768x576.jpg 768w, https:\/\/familie-weitgereist.de\/wp-content\/uploads\/2025\/02\/IMG_20250218_121910-1536x1152.jpg 1536w, https:\/\/familie-weitgereist.de\/wp-content\/uploads\/2025\/02\/IMG_20250218_121910-2048x1536.jpg 2048w, https:\/\/familie-weitgereist.de\/wp-content\/uploads\/2025\/02\/IMG_20250218_121910-1200x900.jpg 1200w, https:\/\/familie-weitgereist.de\/wp-content\/uploads\/2025\/02\/IMG_20250218_121910-1980x1485.jpg 1980w, https:\/\/familie-weitgereist.de\/wp-content\/uploads\/2025\/02\/IMG_20250218_121910-150x113.jpg 150w\" sizes=\"auto, (max-width: 1024px) 100vw, 1024px\" \/><\/figure>\n\n\n\n<p>W\u00e4hrend unseres Besuches im Februar war nahezu niemand da und wir konnten in Ruhe allein die sch\u00f6ne Aussicht genie\u00dfen und den schmalen Pfad entlang marschieren. Der Hexenpfad verbindet die drei T\u00fcrme, <em>Guaita-Turm, Turm des Weges und Montale-Turm<\/em>. Der Legende nach, trafen sich im Mittelalter Hexen und Zauberer um im Mondschein zu tanzen.<\/p>\n\n\n\n<figure class=\"wp-block-image size-large\"><img loading=\"lazy\" decoding=\"async\" width=\"768\" height=\"1024\" src=\"https:\/\/familie-weitgereist.de\/wp-content\/uploads\/2025\/02\/IMG_20250218_124445-768x1024.jpg\" alt=\"\" class=\"wp-image-21102\" srcset=\"https:\/\/familie-weitgereist.de\/wp-content\/uploads\/2025\/02\/IMG_20250218_124445-768x1024.jpg 768w, https:\/\/familie-weitgereist.de\/wp-content\/uploads\/2025\/02\/IMG_20250218_124445-225x300.jpg 225w, https:\/\/familie-weitgereist.de\/wp-content\/uploads\/2025\/02\/IMG_20250218_124445-1152x1536.jpg 1152w, https:\/\/familie-weitgereist.de\/wp-content\/uploads\/2025\/02\/IMG_20250218_124445-1536x2048.jpg 1536w, https:\/\/familie-weitgereist.de\/wp-content\/uploads\/2025\/02\/IMG_20250218_124445-1200x1600.jpg 1200w, https:\/\/familie-weitgereist.de\/wp-content\/uploads\/2025\/02\/IMG_20250218_124445-1980x2640.jpg 1980w, https:\/\/familie-weitgereist.de\/wp-content\/uploads\/2025\/02\/IMG_20250218_124445-640x853.jpg 640w, https:\/\/familie-weitgereist.de\/wp-content\/uploads\/2025\/02\/IMG_20250218_124445-150x200.jpg 150w, https:\/\/familie-weitgereist.de\/wp-content\/uploads\/2025\/02\/IMG_20250218_124445-scaled.jpg 1920w\" sizes=\"auto, (max-width: 768px) 100vw, 768px\" \/><\/figure>\n\n\n\n<p>Bevor wir den Hexenpfad erreichten starteten wir unsere Wanderung direkt vom Parkplatz 7 aus, unserem Ausgangspunkt, hinein in den Wald und auf den schmalen Pfaden am Berghang des Titano. Es ist spannend und abenteuerlich und die Jungs hatten richtig viel Spa\u00df!<\/p>\n\n\n\n<figure class=\"wp-block-image size-large\"><img loading=\"lazy\" decoding=\"async\" width=\"1024\" height=\"768\" src=\"https:\/\/familie-weitgereist.de\/wp-content\/uploads\/2025\/02\/IMG_20250218_115707-1024x768.jpg\" alt=\"\" class=\"wp-image-21098\" srcset=\"https:\/\/familie-weitgereist.de\/wp-content\/uploads\/2025\/02\/IMG_20250218_115707-1024x768.jpg 1024w, https:\/\/familie-weitgereist.de\/wp-content\/uploads\/2025\/02\/IMG_20250218_115707-300x225.jpg 300w, https:\/\/familie-weitgereist.de\/wp-content\/uploads\/2025\/02\/IMG_20250218_115707-768x576.jpg 768w, https:\/\/familie-weitgereist.de\/wp-content\/uploads\/2025\/02\/IMG_20250218_115707-1536x1152.jpg 1536w, https:\/\/familie-weitgereist.de\/wp-content\/uploads\/2025\/02\/IMG_20250218_115707-2048x1536.jpg 2048w, https:\/\/familie-weitgereist.de\/wp-content\/uploads\/2025\/02\/IMG_20250218_115707-1200x900.jpg 1200w, https:\/\/familie-weitgereist.de\/wp-content\/uploads\/2025\/02\/IMG_20250218_115707-1980x1485.jpg 1980w, https:\/\/familie-weitgereist.de\/wp-content\/uploads\/2025\/02\/IMG_20250218_115707-150x113.jpg 150w\" sizes=\"auto, (max-width: 1024px) 100vw, 1024px\" \/><\/figure>\n\n\n\n<h2 class=\"wp-block-heading\">Die Altstadt<\/h2>\n\n\n\n<p>Die Altstadt von San Marino ist mittelalterlich gepr\u00e4gt und es fahren nahezu keine Autos im Zentrum. Es bieten sich von \u00fcberall grandiose Ausblicke auf das Umland und selbst bis nach Italien. <\/p>\n\n\n\n<figure class=\"wp-block-image size-large\"><img loading=\"lazy\" decoding=\"async\" width=\"1024\" height=\"768\" src=\"https:\/\/familie-weitgereist.de\/wp-content\/uploads\/2025\/02\/IMG_20250218_122643-1024x768.jpg\" alt=\"\" class=\"wp-image-21108\" srcset=\"https:\/\/familie-weitgereist.de\/wp-content\/uploads\/2025\/02\/IMG_20250218_122643-1024x768.jpg 1024w, https:\/\/familie-weitgereist.de\/wp-content\/uploads\/2025\/02\/IMG_20250218_122643-300x225.jpg 300w, https:\/\/familie-weitgereist.de\/wp-content\/uploads\/2025\/02\/IMG_20250218_122643-768x576.jpg 768w, https:\/\/familie-weitgereist.de\/wp-content\/uploads\/2025\/02\/IMG_20250218_122643-1536x1152.jpg 1536w, https:\/\/familie-weitgereist.de\/wp-content\/uploads\/2025\/02\/IMG_20250218_122643-2048x1536.jpg 2048w, https:\/\/familie-weitgereist.de\/wp-content\/uploads\/2025\/02\/IMG_20250218_122643-1200x900.jpg 1200w, https:\/\/familie-weitgereist.de\/wp-content\/uploads\/2025\/02\/IMG_20250218_122643-1980x1485.jpg 1980w, https:\/\/familie-weitgereist.de\/wp-content\/uploads\/2025\/02\/IMG_20250218_122643-150x113.jpg 150w\" sizes=\"auto, (max-width: 1024px) 100vw, 1024px\" \/><\/figure>\n\n\n\n<p>Im Winter findet eigentlich kein Wechsel der Wachmannschaften vor dem Rathaus statt. Wir hatten jedoch Gl\u00fcck und zuf\u00e4llig kam die Wachmannschaft anmarschiert. Die Uniform ist wirklich sch\u00f6n und wir waren froh, das zu erleben.<\/p>\n\n\n\n<figure class=\"wp-block-image size-large\"><img loading=\"lazy\" decoding=\"async\" width=\"1024\" height=\"768\" src=\"https:\/\/familie-weitgereist.de\/wp-content\/uploads\/2025\/02\/IMG_20250218_134749-1024x768.jpg\" alt=\"\" class=\"wp-image-21086\" srcset=\"https:\/\/familie-weitgereist.de\/wp-content\/uploads\/2025\/02\/IMG_20250218_134749-1024x768.jpg 1024w, https:\/\/familie-weitgereist.de\/wp-content\/uploads\/2025\/02\/IMG_20250218_134749-300x225.jpg 300w, https:\/\/familie-weitgereist.de\/wp-content\/uploads\/2025\/02\/IMG_20250218_134749-768x576.jpg 768w, https:\/\/familie-weitgereist.de\/wp-content\/uploads\/2025\/02\/IMG_20250218_134749-1536x1152.jpg 1536w, https:\/\/familie-weitgereist.de\/wp-content\/uploads\/2025\/02\/IMG_20250218_134749-2048x1536.jpg 2048w, https:\/\/familie-weitgereist.de\/wp-content\/uploads\/2025\/02\/IMG_20250218_134749-1200x900.jpg 1200w, https:\/\/familie-weitgereist.de\/wp-content\/uploads\/2025\/02\/IMG_20250218_134749-1980x1485.jpg 1980w, https:\/\/familie-weitgereist.de\/wp-content\/uploads\/2025\/02\/IMG_20250218_134749-150x113.jpg 150w\" sizes=\"auto, (max-width: 1024px) 100vw, 1024px\" \/><\/figure>\n\n\n\n<p>Am <em><strong>Piazza della Libert\u00e0<\/strong><\/em>, dem Freiheitsplatz, befindet sich der <strong><em>Palazzo Pubblico<\/em><\/strong>, das <strong>Rathaus von San Marino<\/strong>. An der Promenade befinden sich zudem viele Pizzerias und einige Souvenirshops.<\/p>\n\n\n\n<figure class=\"wp-block-image size-large\"><img loading=\"lazy\" decoding=\"async\" width=\"1024\" height=\"768\" src=\"https:\/\/familie-weitgereist.de\/wp-content\/uploads\/2025\/02\/IMG_20250218_134434-1024x768.jpg\" alt=\"\" class=\"wp-image-21087\" srcset=\"https:\/\/familie-weitgereist.de\/wp-content\/uploads\/2025\/02\/IMG_20250218_134434-1024x768.jpg 1024w, https:\/\/familie-weitgereist.de\/wp-content\/uploads\/2025\/02\/IMG_20250218_134434-300x225.jpg 300w, https:\/\/familie-weitgereist.de\/wp-content\/uploads\/2025\/02\/IMG_20250218_134434-768x576.jpg 768w, https:\/\/familie-weitgereist.de\/wp-content\/uploads\/2025\/02\/IMG_20250218_134434-1536x1152.jpg 1536w, https:\/\/familie-weitgereist.de\/wp-content\/uploads\/2025\/02\/IMG_20250218_134434-2048x1536.jpg 2048w, https:\/\/familie-weitgereist.de\/wp-content\/uploads\/2025\/02\/IMG_20250218_134434-1200x900.jpg 1200w, https:\/\/familie-weitgereist.de\/wp-content\/uploads\/2025\/02\/IMG_20250218_134434-1980x1485.jpg 1980w, https:\/\/familie-weitgereist.de\/wp-content\/uploads\/2025\/02\/IMG_20250218_134434-150x113.jpg 150w\" sizes=\"auto, (max-width: 1024px) 100vw, 1024px\" \/><\/figure>\n\n\n\n<p>Zudem haben wir vom <em><strong>Garten Borghesi<\/strong><\/em> die <strong>Basilika von San Marino<\/strong> gesehen. Ein wunderbarer Anblick!<\/p>\n\n\n\n<figure class=\"wp-block-image size-large\"><img loading=\"lazy\" decoding=\"async\" width=\"1024\" height=\"768\" src=\"https:\/\/familie-weitgereist.de\/wp-content\/uploads\/2025\/02\/IMG_20250218_131740-1024x768.jpg\" alt=\"\" class=\"wp-image-21092\" srcset=\"https:\/\/familie-weitgereist.de\/wp-content\/uploads\/2025\/02\/IMG_20250218_131740-1024x768.jpg 1024w, https:\/\/familie-weitgereist.de\/wp-content\/uploads\/2025\/02\/IMG_20250218_131740-300x225.jpg 300w, https:\/\/familie-weitgereist.de\/wp-content\/uploads\/2025\/02\/IMG_20250218_131740-768x576.jpg 768w, https:\/\/familie-weitgereist.de\/wp-content\/uploads\/2025\/02\/IMG_20250218_131740-1536x1152.jpg 1536w, https:\/\/familie-weitgereist.de\/wp-content\/uploads\/2025\/02\/IMG_20250218_131740-2048x1536.jpg 2048w, https:\/\/familie-weitgereist.de\/wp-content\/uploads\/2025\/02\/IMG_20250218_131740-1200x900.jpg 1200w, https:\/\/familie-weitgereist.de\/wp-content\/uploads\/2025\/02\/IMG_20250218_131740-1980x1485.jpg 1980w, https:\/\/familie-weitgereist.de\/wp-content\/uploads\/2025\/02\/IMG_20250218_131740-150x113.jpg 150w\" sizes=\"auto, (max-width: 1024px) 100vw, 1024px\" \/><\/figure>\n\n\n\n<p>In San Marino gibt es noch viel mehr zu entdecken, spannende Museen und sogar ein Hochseilgarten. Zudem begrenzen sich die Sehensw\u00fcrdigkeiten von San Marino nicht nur auf die gleichnamige Hauptstadt. Wir kommen sicherlich mit unserem 3. Baby wieder, um mehr zu entdecken.<\/p>\n","protected":false},"excerpt":{"rendered":"<p>Philipp und ich haben San Marino schon einmal 2016, noch ohne Kinder, bereist. Im Rahmen unseres Roadtrips nach Griechenland, haben wir nicht nur ein paar sch\u00f6ne Ecken von Italien bereist, sondern auch den f\u00fcnft kleinsten Staat der Welt, San Marino. Hintergrundinformationen San Marino befindet sich nur ca. 30 Autominuten von Rimini, eine italienische Stadt an [&hellip;]<\/p>\n","protected":false},"author":3,"featured_media":21108,"comment_status":"open","ping_status":"open","sticky":false,"template":"","format":"standard","meta":{"_themeisle_gutenberg_block_has_review":false,"footnotes":""},"categories":[294,8,4],"tags":[580,295],"class_list":["post-21056","post","type-post","status-publish","format-standard","has-post-thumbnail","hentry","category-san-marino","category-europa","category-laender","tag-europa","tag-san-marino"],"_links":{"self":[{"href":"https:\/\/familie-weitgereist.de\/index.php?rest_route=\/wp\/v2\/posts\/21056","targetHints":{"allow":["GET"]}}],"collection":[{"href":"https:\/\/familie-weitgereist.de\/index.php?rest_route=\/wp\/v2\/posts"}],"about":[{"href":"https:\/\/familie-weitgereist.de\/index.php?rest_route=\/wp\/v2\/types\/post"}],"author":[{"embeddable":true,"href":"https:\/\/familie-weitgereist.de\/index.php?rest_route=\/wp\/v2\/users\/3"}],"replies":[{"embeddable":true,"href":"https:\/\/familie-weitgereist.de\/index.php?rest_route=%2Fwp%2Fv2%2Fcomments&post=21056"}],"version-history":[{"count":47,"href":"https:\/\/familie-weitgereist.de\/index.php?rest_route=\/wp\/v2\/posts\/21056\/revisions"}],"predecessor-version":[{"id":24395,"href":"https:\/\/familie-weitgereist.de\/index.php?rest_route=\/wp\/v2\/posts\/21056\/revisions\/24395"}],"wp:featuredmedia":[{"embeddable":true,"href":"https:\/\/familie-weitgereist.de\/index.php?rest_route=\/wp\/v2\/media\/21108"}],"wp:attachment":[{"href":"https:\/\/familie-weitgereist.de\/index.php?rest_route=%2Fwp%2Fv2%2Fmedia&parent=21056"}],"wp:term":[{"taxonomy":"category","embeddable":true,"href":"https:\/\/familie-weitgereist.de\/index.php?rest_route=%2Fwp%2Fv2%2Fcategories&post=21056"},{"taxonomy":"post_tag","embeddable":true,"href":"https:\/\/familie-weitgereist.de\/index.php?rest_route=%2Fwp%2Fv2%2Ftags&post=21056"}],"curies":[{"name":"wp","href":"https:\/\/api.w.org\/{rel}","templated":true}]}}