{"id":21031,"date":"2025-02-23T18:56:44","date_gmt":"2025-02-23T17:56:44","guid":{"rendered":"https:\/\/familie-weitgereist.de\/?p=21031"},"modified":"2026-01-13T13:43:19","modified_gmt":"2026-01-13T12:43:19","slug":"roadtrip-italien-mit-kleinen-kindern","status":"publish","type":"post","link":"https:\/\/familie-weitgereist.de\/?p=21031","title":{"rendered":"Roadtrip Italien mit kleinen Kindern"},"content":{"rendered":"\n<p>Mitte Februar 2025 sind wir mit unseren beiden Jungs in unserem Camper nach <strong>Italien<\/strong> gereist. Wir waren auf der Durchreise, denn wir nahmen die <strong>F\u00e4hre von Ancona nach Igoumenitsa in Griechenland<\/strong>. Auf dem Weg haben wir in Italien auch ein paar neue Ecken erkundet.<\/p>\n\n\n\n<p>Wir kauften uns in \u00d6sterreich eine 1-Tages Vignette und sind auf dem Brennerpass gefahren. Die wundersch\u00f6nen Alpen in \u00d6sterreich lie\u00dfen wir dennoch schnell hinter uns. Wir fuhren sp\u00e4ter auf der italienischen Autobahn durch S\u00fcdtirol.<\/p>\n\n\n\n<figure class=\"wp-block-image size-large\"><img loading=\"lazy\" decoding=\"async\" width=\"1024\" height=\"768\" src=\"https:\/\/familie-weitgereist.de\/wp-content\/uploads\/2025\/02\/IMG_20250216_152234-1024x768.jpg\" alt=\"\" class=\"wp-image-21034\" srcset=\"https:\/\/familie-weitgereist.de\/wp-content\/uploads\/2025\/02\/IMG_20250216_152234-1024x768.jpg 1024w, https:\/\/familie-weitgereist.de\/wp-content\/uploads\/2025\/02\/IMG_20250216_152234-300x225.jpg 300w, https:\/\/familie-weitgereist.de\/wp-content\/uploads\/2025\/02\/IMG_20250216_152234-768x576.jpg 768w, https:\/\/familie-weitgereist.de\/wp-content\/uploads\/2025\/02\/IMG_20250216_152234-1536x1152.jpg 1536w, https:\/\/familie-weitgereist.de\/wp-content\/uploads\/2025\/02\/IMG_20250216_152234-2048x1536.jpg 2048w, https:\/\/familie-weitgereist.de\/wp-content\/uploads\/2025\/02\/IMG_20250216_152234-1200x900.jpg 1200w, https:\/\/familie-weitgereist.de\/wp-content\/uploads\/2025\/02\/IMG_20250216_152234-1980x1485.jpg 1980w, https:\/\/familie-weitgereist.de\/wp-content\/uploads\/2025\/02\/IMG_20250216_152234-150x113.jpg 150w\" sizes=\"auto, (max-width: 1024px) 100vw, 1024px\" \/><\/figure>\n\n\n\n<p>Unser erster Stop war die <strong>Weltkulturerbestadt<\/strong> <strong>Ferrara<\/strong>. Ferrara hat ca. 130.000 Einwohner und liegt in der N\u00e4he des Po. Ferrara kann auch wunderbar mit dem Fahrrad erkundet werden, denn \u00fcberall gibt es zahlreiche Radwege. Ferrara befindet sich in Norditalien in der Region <em>Emilia-Romagna<\/em>. Die 1391 gegr\u00fcndete Universit\u00e4t geh\u00f6rt zu den \u00e4ltesten in Europa.<\/p>\n\n\n\n<figure class=\"wp-block-image size-large\"><img loading=\"lazy\" decoding=\"async\" width=\"1024\" height=\"768\" src=\"https:\/\/familie-weitgereist.de\/wp-content\/uploads\/2025\/02\/IMG_20250217_121701-1024x768.jpg\" alt=\"\" class=\"wp-image-21048\" srcset=\"https:\/\/familie-weitgereist.de\/wp-content\/uploads\/2025\/02\/IMG_20250217_121701-1024x768.jpg 1024w, https:\/\/familie-weitgereist.de\/wp-content\/uploads\/2025\/02\/IMG_20250217_121701-300x225.jpg 300w, https:\/\/familie-weitgereist.de\/wp-content\/uploads\/2025\/02\/IMG_20250217_121701-768x576.jpg 768w, https:\/\/familie-weitgereist.de\/wp-content\/uploads\/2025\/02\/IMG_20250217_121701-1536x1152.jpg 1536w, https:\/\/familie-weitgereist.de\/wp-content\/uploads\/2025\/02\/IMG_20250217_121701-2048x1536.jpg 2048w, https:\/\/familie-weitgereist.de\/wp-content\/uploads\/2025\/02\/IMG_20250217_121701-1200x900.jpg 1200w, https:\/\/familie-weitgereist.de\/wp-content\/uploads\/2025\/02\/IMG_20250217_121701-1980x1485.jpg 1980w, https:\/\/familie-weitgereist.de\/wp-content\/uploads\/2025\/02\/IMG_20250217_121701-150x113.jpg 150w\" sizes=\"auto, (max-width: 1024px) 100vw, 1024px\" \/><\/figure>\n\n\n\n<p>Ferrara ist erst im Mittelalter entstanden und ungleich vieler italienischer Gro\u00dfst\u00e4dte nicht von den R\u00f6mern gegr\u00fcndet.<\/p>\n\n\n\n<p>Ferrara hat viele Pal\u00e4ste. Das Haus Este, eines der \u00e4ltesten italienischen Adelsgeschlechter, war hier angesiedelt. Die Altstadtmauer ist noch nahezu intakt.<\/p>\n\n\n\n<figure class=\"wp-block-image size-large\"><img loading=\"lazy\" decoding=\"async\" width=\"1024\" height=\"768\" src=\"https:\/\/familie-weitgereist.de\/wp-content\/uploads\/2025\/02\/IMG_20250217_114816-1024x768.jpg\" alt=\"\" class=\"wp-image-21051\" srcset=\"https:\/\/familie-weitgereist.de\/wp-content\/uploads\/2025\/02\/IMG_20250217_114816-1024x768.jpg 1024w, https:\/\/familie-weitgereist.de\/wp-content\/uploads\/2025\/02\/IMG_20250217_114816-300x225.jpg 300w, https:\/\/familie-weitgereist.de\/wp-content\/uploads\/2025\/02\/IMG_20250217_114816-768x576.jpg 768w, https:\/\/familie-weitgereist.de\/wp-content\/uploads\/2025\/02\/IMG_20250217_114816-1536x1152.jpg 1536w, https:\/\/familie-weitgereist.de\/wp-content\/uploads\/2025\/02\/IMG_20250217_114816-2048x1536.jpg 2048w, https:\/\/familie-weitgereist.de\/wp-content\/uploads\/2025\/02\/IMG_20250217_114816-1200x900.jpg 1200w, https:\/\/familie-weitgereist.de\/wp-content\/uploads\/2025\/02\/IMG_20250217_114816-1980x1485.jpg 1980w, https:\/\/familie-weitgereist.de\/wp-content\/uploads\/2025\/02\/IMG_20250217_114816-150x113.jpg 150w\" sizes=\"auto, (max-width: 1024px) 100vw, 1024px\" \/><\/figure>\n\n\n\n<p>Wir schlenderten durch die Altstadtgassen, genossen das sch\u00f6ne Wetter und das italienische Flair.<\/p>\n\n\n\n<figure class=\"wp-block-image size-large\"><img loading=\"lazy\" decoding=\"async\" width=\"1024\" height=\"768\" src=\"https:\/\/familie-weitgereist.de\/wp-content\/uploads\/2025\/02\/IMG_20250217_123912-1024x768.jpg\" alt=\"\" class=\"wp-image-21049\" srcset=\"https:\/\/familie-weitgereist.de\/wp-content\/uploads\/2025\/02\/IMG_20250217_123912-1024x768.jpg 1024w, https:\/\/familie-weitgereist.de\/wp-content\/uploads\/2025\/02\/IMG_20250217_123912-300x225.jpg 300w, https:\/\/familie-weitgereist.de\/wp-content\/uploads\/2025\/02\/IMG_20250217_123912-768x576.jpg 768w, https:\/\/familie-weitgereist.de\/wp-content\/uploads\/2025\/02\/IMG_20250217_123912-1536x1152.jpg 1536w, https:\/\/familie-weitgereist.de\/wp-content\/uploads\/2025\/02\/IMG_20250217_123912-2048x1536.jpg 2048w, https:\/\/familie-weitgereist.de\/wp-content\/uploads\/2025\/02\/IMG_20250217_123912-1200x900.jpg 1200w, https:\/\/familie-weitgereist.de\/wp-content\/uploads\/2025\/02\/IMG_20250217_123912-1980x1485.jpg 1980w, https:\/\/familie-weitgereist.de\/wp-content\/uploads\/2025\/02\/IMG_20250217_123912-150x113.jpg 150w\" sizes=\"auto, (max-width: 1024px) 100vw, 1024px\" \/><\/figure>\n\n\n\n<p>Da es nachts noch relativ kalt war, sind wir nach Rimini in ein Hotel gegangen und hatten eine sch\u00f6ne Apartment Einheit mit eigener K\u00fcche.<\/p>\n\n\n\n<figure class=\"wp-block-image size-large\"><img loading=\"lazy\" decoding=\"async\" width=\"1024\" height=\"768\" src=\"https:\/\/familie-weitgereist.de\/wp-content\/uploads\/2025\/02\/IMG_20250217_174701-1024x768.jpg\" alt=\"\" class=\"wp-image-21135\" srcset=\"https:\/\/familie-weitgereist.de\/wp-content\/uploads\/2025\/02\/IMG_20250217_174701-1024x768.jpg 1024w, https:\/\/familie-weitgereist.de\/wp-content\/uploads\/2025\/02\/IMG_20250217_174701-300x225.jpg 300w, https:\/\/familie-weitgereist.de\/wp-content\/uploads\/2025\/02\/IMG_20250217_174701-768x576.jpg 768w, https:\/\/familie-weitgereist.de\/wp-content\/uploads\/2025\/02\/IMG_20250217_174701-1536x1152.jpg 1536w, https:\/\/familie-weitgereist.de\/wp-content\/uploads\/2025\/02\/IMG_20250217_174701-2048x1536.jpg 2048w, https:\/\/familie-weitgereist.de\/wp-content\/uploads\/2025\/02\/IMG_20250217_174701-1200x900.jpg 1200w, https:\/\/familie-weitgereist.de\/wp-content\/uploads\/2025\/02\/IMG_20250217_174701-1980x1485.jpg 1980w, https:\/\/familie-weitgereist.de\/wp-content\/uploads\/2025\/02\/IMG_20250217_174701-150x113.jpg 150w\" sizes=\"auto, (max-width: 1024px) 100vw, 1024px\" \/><\/figure>\n\n\n\n<p>Am n\u00e4chsten Tag besuchten wir das kleine Land <strong><a href=\"https:\/\/familie-weitgereist.de\/?p=21056\" data-type=\"link\" data-id=\"https:\/\/familie-weitgereist.de\/?p=21056\">San Marino<\/a><\/strong>, welches schon Merlins 51. und Maris 39. Reiseland war. Wir hatten einen wunderbaren Tag in der \u00e4ltesten Republik der Welt.<\/p>\n\n\n\n<figure class=\"wp-block-image size-large\"><img loading=\"lazy\" decoding=\"async\" width=\"1024\" height=\"768\" src=\"https:\/\/familie-weitgereist.de\/wp-content\/uploads\/2025\/02\/IMG_20250218_124135-1024x768.jpg\" alt=\"\" class=\"wp-image-21068\" srcset=\"https:\/\/familie-weitgereist.de\/wp-content\/uploads\/2025\/02\/IMG_20250218_124135-1024x768.jpg 1024w, https:\/\/familie-weitgereist.de\/wp-content\/uploads\/2025\/02\/IMG_20250218_124135-300x225.jpg 300w, https:\/\/familie-weitgereist.de\/wp-content\/uploads\/2025\/02\/IMG_20250218_124135-768x576.jpg 768w, https:\/\/familie-weitgereist.de\/wp-content\/uploads\/2025\/02\/IMG_20250218_124135-1536x1152.jpg 1536w, https:\/\/familie-weitgereist.de\/wp-content\/uploads\/2025\/02\/IMG_20250218_124135-2048x1536.jpg 2048w, https:\/\/familie-weitgereist.de\/wp-content\/uploads\/2025\/02\/IMG_20250218_124135-1200x900.jpg 1200w, https:\/\/familie-weitgereist.de\/wp-content\/uploads\/2025\/02\/IMG_20250218_124135-1980x1485.jpg 1980w, https:\/\/familie-weitgereist.de\/wp-content\/uploads\/2025\/02\/IMG_20250218_124135-150x113.jpg 150w\" sizes=\"auto, (max-width: 1024px) 100vw, 1024px\" \/><\/figure>\n\n\n\n<p>Am Folgetag fuhren wir weiter s\u00fcdlich nach Ancona. Dort nahmen wir die <strong>Minoan F\u00e4hre nach Igoumenitsa in Griechenland<\/strong>. Diesmal haben wir uns eine Kabine genommen und hatten einen erholsame Nacht und die 23 Stunden auf der F\u00e4hre vergingen wirklich schnell. Die Jungs fanden die Kabine so toll, dass sie nun eine Kreuzfahrt machen m\u00f6chten. Wie wir finden, eine sehr gute Idee! \ud83d\ude42<\/p>\n\n\n\n<div id=\"wp-block-themeisle-blocks-slider-b71ea719\" class=\"wp-block-themeisle-blocks-slider glide\" data-per-view=\"1\" data-gap=\"0\" data-peek=\"0\" data-autoplay=\"true\" data-height=\"400px\" data-hide-arrows=\"false\"><div class=\"glide__track\" data-glide-el=\"track\"><div class=\"glide__slides\"><div class=\"wp-block-themeisle-blocks-slider-item-wrapper glide__slide\" tabindex=\"0\"><figure><img decoding=\"async\" class=\"wp-block-themeisle-blocks-slider-item\" src=\"https:\/\/familie-weitgereist.de\/wp-content\/uploads\/2025\/02\/IMG_20250220_180859-scaled.jpg\" alt=\"\" title=\"\" data-id=\"21140\"\/><\/figure><\/div><div class=\"wp-block-themeisle-blocks-slider-item-wrapper glide__slide\" tabindex=\"0\"><figure><img decoding=\"async\" class=\"wp-block-themeisle-blocks-slider-item\" src=\"https:\/\/familie-weitgereist.de\/wp-content\/uploads\/2025\/02\/IMG_20250219_190555-scaled.jpg\" alt=\"\" title=\"\" data-id=\"21141\"\/><\/figure><\/div><\/div><div class=\"glide__bullets\" data-glide-el=\"controls[nav]\"><button class=\"glide__bullet\" data-glide-dir=\"=0\"><\/button><button class=\"glide__bullet\" data-glide-dir=\"=1\"><\/button><\/div><\/div><\/div>\n","protected":false},"excerpt":{"rendered":"<p>Mitte Februar 2025 sind wir mit unseren beiden Jungs in unserem Camper nach Italien gereist. Wir waren auf der Durchreise, denn wir nahmen die F\u00e4hre von Ancona nach Igoumenitsa in Griechenland. Auf dem Weg haben wir in Italien auch ein paar neue Ecken erkundet. Wir kauften uns in \u00d6sterreich eine 1-Tages Vignette und sind auf [&hellip;]<\/p>\n","protected":false},"author":3,"featured_media":21049,"comment_status":"open","ping_status":"open","sticky":false,"template":"","format":"standard","meta":{"_themeisle_gutenberg_block_has_review":false,"footnotes":""},"categories":[239,8,4],"tags":[580,1528,178],"class_list":["post-21031","post","type-post","status-publish","format-standard","has-post-thumbnail","hentry","category-italien","category-europa","category-laender","tag-europa","tag-ferrara","tag-italien"],"_links":{"self":[{"href":"https:\/\/familie-weitgereist.de\/index.php?rest_route=\/wp\/v2\/posts\/21031","targetHints":{"allow":["GET"]}}],"collection":[{"href":"https:\/\/familie-weitgereist.de\/index.php?rest_route=\/wp\/v2\/posts"}],"about":[{"href":"https:\/\/familie-weitgereist.de\/index.php?rest_route=\/wp\/v2\/types\/post"}],"author":[{"embeddable":true,"href":"https:\/\/familie-weitgereist.de\/index.php?rest_route=\/wp\/v2\/users\/3"}],"replies":[{"embeddable":true,"href":"https:\/\/familie-weitgereist.de\/index.php?rest_route=%2Fwp%2Fv2%2Fcomments&post=21031"}],"version-history":[{"count":27,"href":"https:\/\/familie-weitgereist.de\/index.php?rest_route=\/wp\/v2\/posts\/21031\/revisions"}],"predecessor-version":[{"id":24383,"href":"https:\/\/familie-weitgereist.de\/index.php?rest_route=\/wp\/v2\/posts\/21031\/revisions\/24383"}],"wp:featuredmedia":[{"embeddable":true,"href":"https:\/\/familie-weitgereist.de\/index.php?rest_route=\/wp\/v2\/media\/21049"}],"wp:attachment":[{"href":"https:\/\/familie-weitgereist.de\/index.php?rest_route=%2Fwp%2Fv2%2Fmedia&parent=21031"}],"wp:term":[{"taxonomy":"category","embeddable":true,"href":"https:\/\/familie-weitgereist.de\/index.php?rest_route=%2Fwp%2Fv2%2Fcategories&post=21031"},{"taxonomy":"post_tag","embeddable":true,"href":"https:\/\/familie-weitgereist.de\/index.php?rest_route=%2Fwp%2Fv2%2Ftags&post=21031"}],"curies":[{"name":"wp","href":"https:\/\/api.w.org\/{rel}","templated":true}]}}