{"id":20892,"date":"2025-02-02T22:29:06","date_gmt":"2025-02-02T21:29:06","guid":{"rendered":"https:\/\/familie-weitgereist.de\/?p=20892"},"modified":"2025-12-25T17:02:36","modified_gmt":"2025-12-25T16:02:36","slug":"winterurlaub-im-bayrischen-wald-deutschland-mit-kleinen-kindern","status":"publish","type":"post","link":"https:\/\/familie-weitgereist.de\/?p=20892","title":{"rendered":"Winterurlaub im Bayerischen Wald, Deutschland mit kleinen Kindern"},"content":{"rendered":"\n<p>Ende Januar 2025 sind wir f\u00fcr eine Woche nach Bayern, in den Bayrischen Wald gefahren. Unser j\u00e4hrlicher Winterurlaub ist immer ein Highlight f\u00fcr uns alle. Merlin liebt es weiter seine Skifahrerskills zu verbessern, Philipp wird immer besser im Snowboard fahren und selbst Maris konnte seine ersten Erfahrungen auf Skis sammeln. Mit kleinen Kindern sind Winter-\/ Skiurlaube dennoch eine logistische Herausforderung und es ist auch nicht ganz so einfach, dass jeder auf seine Kosten kommt. Wir geben uns dabei viel M\u00fche und letztendlich ist diese Urlaubswoche immer ein Jahreshighlight f\u00fcr uns alle.<\/p>\n\n\n\n<figure class=\"wp-block-image size-large\"><img loading=\"lazy\" decoding=\"async\" width=\"1024\" height=\"768\" src=\"https:\/\/familie-weitgereist.de\/wp-content\/uploads\/2025\/01\/IMG_20250131_121055-1024x768.jpg\" alt=\"\" class=\"wp-image-20926\" srcset=\"https:\/\/familie-weitgereist.de\/wp-content\/uploads\/2025\/01\/IMG_20250131_121055-1024x768.jpg 1024w, https:\/\/familie-weitgereist.de\/wp-content\/uploads\/2025\/01\/IMG_20250131_121055-300x225.jpg 300w, https:\/\/familie-weitgereist.de\/wp-content\/uploads\/2025\/01\/IMG_20250131_121055-768x576.jpg 768w, https:\/\/familie-weitgereist.de\/wp-content\/uploads\/2025\/01\/IMG_20250131_121055-1536x1152.jpg 1536w, https:\/\/familie-weitgereist.de\/wp-content\/uploads\/2025\/01\/IMG_20250131_121055-2048x1536.jpg 2048w, https:\/\/familie-weitgereist.de\/wp-content\/uploads\/2025\/01\/IMG_20250131_121055-1200x900.jpg 1200w, https:\/\/familie-weitgereist.de\/wp-content\/uploads\/2025\/01\/IMG_20250131_121055-1980x1485.jpg 1980w, https:\/\/familie-weitgereist.de\/wp-content\/uploads\/2025\/01\/IMG_20250131_121055-150x113.jpg 150w\" sizes=\"auto, (max-width: 1024px) 100vw, 1024px\" \/><\/figure>\n\n\n\n<h2 class=\"wp-block-heading\">Unsere Unterkunft<\/h2>\n\n\n\n<p>Wir hatten eine 46m\u00b2 gro\u00dfe Ferienwohnung in <strong>Sankt Englmar<\/strong>. Die Ferienwohnung war sehr sch\u00f6n und auch gut gelegen. Wir haben alle unsere Unternehmungen nach kurzer Zeit erreicht. Sankt Englmar liegt auf 809m und hat ca. 1900 Einwohner. Der Ort liegt idyllisch gelegen mitten im Bayrischen Wald.<\/p>\n\n\n\n<p>Unsere Unterkunft beinhaltete die <strong><em>AktivCard<\/em><\/strong>. Dies ist eine <strong>G\u00e4stekarte bei der 150 Aktivit\u00e4ten gratis dabei sind<\/strong>. Es sollte darauf geachtet werden, eine Unterkunft zu nehmen, bei der die AktivCard dabei ist. Dies lohnt sich auf jeden Fall.<\/p>\n\n\n\n<figure class=\"wp-block-image size-large\"><img loading=\"lazy\" decoding=\"async\" width=\"1024\" height=\"768\" src=\"https:\/\/familie-weitgereist.de\/wp-content\/uploads\/2025\/01\/IMG_20250128_101104-1024x768.jpg\" alt=\"\" class=\"wp-image-20896\" srcset=\"https:\/\/familie-weitgereist.de\/wp-content\/uploads\/2025\/01\/IMG_20250128_101104-1024x768.jpg 1024w, https:\/\/familie-weitgereist.de\/wp-content\/uploads\/2025\/01\/IMG_20250128_101104-300x225.jpg 300w, https:\/\/familie-weitgereist.de\/wp-content\/uploads\/2025\/01\/IMG_20250128_101104-768x576.jpg 768w, https:\/\/familie-weitgereist.de\/wp-content\/uploads\/2025\/01\/IMG_20250128_101104-1536x1152.jpg 1536w, https:\/\/familie-weitgereist.de\/wp-content\/uploads\/2025\/01\/IMG_20250128_101104-2048x1536.jpg 2048w, https:\/\/familie-weitgereist.de\/wp-content\/uploads\/2025\/01\/IMG_20250128_101104-1200x900.jpg 1200w, https:\/\/familie-weitgereist.de\/wp-content\/uploads\/2025\/01\/IMG_20250128_101104-1980x1485.jpg 1980w, https:\/\/familie-weitgereist.de\/wp-content\/uploads\/2025\/01\/IMG_20250128_101104-150x113.jpg 150w\" sizes=\"auto, (max-width: 1024px) 100vw, 1024px\" \/><\/figure>\n\n\n\n<p>In Sankt Englmar gibt es einen Kurpark, welcher einen gro\u00dfen Spielplatz mit vielen verschiedenen Ger\u00e4ten hat. Es gibt eine Kletterspinne, verschiedene Schaukeln, eine Rutsche am Hang und unterschiedliche Kletterelemente. Im Sommer gibt es sogar einen Naturbadeteich. Ein Rodelhang befand sich direkt neben dem Kurpark.<\/p>\n\n\n\n<div id=\"wp-block-themeisle-blocks-slider-b2b7b52c\" class=\"wp-block-themeisle-blocks-slider glide\" data-per-view=\"1\" data-gap=\"0\" data-peek=\"0\" data-autoplay=\"true\" data-height=\"400px\" data-hide-arrows=\"false\"><div class=\"glide__track\" data-glide-el=\"track\"><div class=\"glide__slides\"><div class=\"wp-block-themeisle-blocks-slider-item-wrapper glide__slide\" tabindex=\"0\"><figure><img decoding=\"async\" class=\"wp-block-themeisle-blocks-slider-item\" src=\"https:\/\/familie-weitgereist.de\/wp-content\/uploads\/2025\/01\/IMG_20250129_155248_1-scaled.jpg\" alt=\"\" title=\"\" data-id=\"20922\"\/><\/figure><\/div><div class=\"wp-block-themeisle-blocks-slider-item-wrapper glide__slide\" tabindex=\"0\"><figure><img decoding=\"async\" class=\"wp-block-themeisle-blocks-slider-item\" src=\"https:\/\/familie-weitgereist.de\/wp-content\/uploads\/2025\/01\/IMG_20250129_144626-scaled.jpg\" alt=\"\" title=\"\" data-id=\"20924\"\/><\/figure><\/div><div class=\"wp-block-themeisle-blocks-slider-item-wrapper glide__slide\" tabindex=\"0\"><figure><img decoding=\"async\" class=\"wp-block-themeisle-blocks-slider-item\" src=\"https:\/\/familie-weitgereist.de\/wp-content\/uploads\/2025\/01\/IMG_20250129_144231-scaled.jpg\" alt=\"\" title=\"\" data-id=\"20923\"\/><\/figure><\/div><\/div><div class=\"glide__bullets\" data-glide-el=\"controls[nav]\"><button class=\"glide__bullet\" data-glide-dir=\"=0\"><\/button><button class=\"glide__bullet\" data-glide-dir=\"=1\"><\/button><button class=\"glide__bullet\" data-glide-dir=\"=2\"><\/button><\/div><\/div><\/div>\n\n\n\n<h2 class=\"wp-block-heading\">Unsere Unternehmungen<\/h2>\n\n\n\n<p>Mit der <strong>AktivCard<\/strong> ausgestattet, haben wir viele tolle Sachen unternommen.<\/p>\n\n\n\n<h2 class=\"wp-block-heading\">Baumwipfelpfad &#8222;Bayerischer Wald&#8220;<\/h2>\n\n\n\n<p>Der Baumwipfelpfad im Bayerischen Wald liegt inmitten des Nationalparks und des angrenzenden Nationalparks auf tschechischer Seite, dem \u0160umava. Sie sind das gr\u00f6\u00dfte zusammenh\u00e4ngende Waldgebiet Mitteleuropas.<\/p>\n\n\n\n<figure class=\"wp-block-image size-large\"><img loading=\"lazy\" decoding=\"async\" width=\"1024\" height=\"768\" src=\"https:\/\/familie-weitgereist.de\/wp-content\/uploads\/2025\/02\/IMG_20250201_130024-1024x768.jpg\" alt=\"\" class=\"wp-image-20962\" srcset=\"https:\/\/familie-weitgereist.de\/wp-content\/uploads\/2025\/02\/IMG_20250201_130024-1024x768.jpg 1024w, https:\/\/familie-weitgereist.de\/wp-content\/uploads\/2025\/02\/IMG_20250201_130024-300x225.jpg 300w, https:\/\/familie-weitgereist.de\/wp-content\/uploads\/2025\/02\/IMG_20250201_130024-768x576.jpg 768w, https:\/\/familie-weitgereist.de\/wp-content\/uploads\/2025\/02\/IMG_20250201_130024-1536x1152.jpg 1536w, https:\/\/familie-weitgereist.de\/wp-content\/uploads\/2025\/02\/IMG_20250201_130024-2048x1536.jpg 2048w, https:\/\/familie-weitgereist.de\/wp-content\/uploads\/2025\/02\/IMG_20250201_130024-1200x900.jpg 1200w, https:\/\/familie-weitgereist.de\/wp-content\/uploads\/2025\/02\/IMG_20250201_130024-1980x1485.jpg 1980w, https:\/\/familie-weitgereist.de\/wp-content\/uploads\/2025\/02\/IMG_20250201_130024-150x113.jpg 150w\" sizes=\"auto, (max-width: 1024px) 100vw, 1024px\" \/><\/figure>\n\n\n\n<p>Der Baumwipfelpfad befindet sich in Neusch\u00f6nau im S\u00fcden des Bayerischen Waldes. Er geh\u00f6rt zu den <strong>l\u00e4ngsten Baumwipfelpfaden weltweit<\/strong>. Auf dem <strong>1300m langen Pfad <\/strong>befinden sich viele Lehr- und Entdeckerstationen. Die Aussichtsplattform befindet sich auf <strong>44m H\u00f6he<\/strong> und bietet einen grandiosen Rundumblick auf den Bayerischen Wald und den gro\u00dfen Arber. Hinweisschilder zeigen die Entfernungen zu Orten in der Umgebung und zu weiteren Baumwipfelpfaden weltweit.<\/p>\n\n\n\n<div id=\"wp-block-themeisle-blocks-slider-e2a6eb48\" class=\"wp-block-themeisle-blocks-slider glide\" data-per-view=\"1\" data-gap=\"0\" data-peek=\"0\" data-autoplay=\"true\" data-height=\"400px\" data-hide-arrows=\"false\"><div class=\"glide__track\" data-glide-el=\"track\"><div class=\"glide__slides\"><div class=\"wp-block-themeisle-blocks-slider-item-wrapper glide__slide\" tabindex=\"0\"><figure><img decoding=\"async\" class=\"wp-block-themeisle-blocks-slider-item\" src=\"https:\/\/familie-weitgereist.de\/wp-content\/uploads\/2025\/02\/IMG_20250201_123348-scaled.jpg\" alt=\"\" title=\"\" data-id=\"20965\"\/><\/figure><\/div><div class=\"wp-block-themeisle-blocks-slider-item-wrapper glide__slide\" tabindex=\"0\"><figure><img decoding=\"async\" class=\"wp-block-themeisle-blocks-slider-item\" src=\"https:\/\/familie-weitgereist.de\/wp-content\/uploads\/2025\/02\/IMG_20250201_121809-scaled.jpg\" alt=\"\" title=\"\" data-id=\"20964\"\/><\/figure><\/div><div class=\"wp-block-themeisle-blocks-slider-item-wrapper glide__slide\" tabindex=\"0\"><figure><img decoding=\"async\" class=\"wp-block-themeisle-blocks-slider-item\" src=\"https:\/\/familie-weitgereist.de\/wp-content\/uploads\/2025\/02\/IMG_20250201_114500-scaled.jpg\" alt=\"\" title=\"\" data-id=\"20966\"\/><\/figure><\/div><\/div><div class=\"glide__bullets\" data-glide-el=\"controls[nav]\"><button class=\"glide__bullet\" data-glide-dir=\"=0\"><\/button><button class=\"glide__bullet\" data-glide-dir=\"=1\"><\/button><button class=\"glide__bullet\" data-glide-dir=\"=2\"><\/button><\/div><\/div><\/div>\n\n\n\n<p>In der Mitte des Baumwipfelpfades befinden sich vier B\u00e4ume, die nahezu bis an die Spitze des Wipfelpfades hinan reichen.<\/p>\n\n\n\n<figure class=\"wp-block-image size-large\"><img loading=\"lazy\" decoding=\"async\" width=\"1024\" height=\"768\" src=\"https:\/\/familie-weitgereist.de\/wp-content\/uploads\/2025\/02\/IMG_20250201_121630-1024x768.jpg\" alt=\"\" class=\"wp-image-20959\" srcset=\"https:\/\/familie-weitgereist.de\/wp-content\/uploads\/2025\/02\/IMG_20250201_121630-1024x768.jpg 1024w, https:\/\/familie-weitgereist.de\/wp-content\/uploads\/2025\/02\/IMG_20250201_121630-300x225.jpg 300w, https:\/\/familie-weitgereist.de\/wp-content\/uploads\/2025\/02\/IMG_20250201_121630-768x576.jpg 768w, https:\/\/familie-weitgereist.de\/wp-content\/uploads\/2025\/02\/IMG_20250201_121630-1536x1152.jpg 1536w, https:\/\/familie-weitgereist.de\/wp-content\/uploads\/2025\/02\/IMG_20250201_121630-2048x1536.jpg 2048w, https:\/\/familie-weitgereist.de\/wp-content\/uploads\/2025\/02\/IMG_20250201_121630-1200x900.jpg 1200w, https:\/\/familie-weitgereist.de\/wp-content\/uploads\/2025\/02\/IMG_20250201_121630-1980x1485.jpg 1980w, https:\/\/familie-weitgereist.de\/wp-content\/uploads\/2025\/02\/IMG_20250201_121630-150x113.jpg 150w\" sizes=\"auto, (max-width: 1024px) 100vw, 1024px\" \/><\/figure>\n\n\n\n<p>Direkt neben dem Baumwipfelpfad befindet sich das <strong>Besucherzentrum &#8222;Hans-Eisenmann-Haus&#8220;<\/strong>. Dort konnten wir ganz viel \u00fcber den Bayerischen Wald als Lebensraum f\u00fcr viele Tiere lernen. Der Wald wird sich hier komplett selbst \u00fcberlassen und der Mensch hat sich zur\u00fcck gezogen. Der Borkenk\u00e4fer breitete sich hier auch aus, daher gibt es auch viel Totholz und tote B\u00e4ume. Diese dienen jedoch wiederum f\u00fcr andere Tiere als Lebensraum. Im Nationalparkhaus gibt es einen <strong>wundersch\u00f6nen Indoorspielplatz im Berg- und Waldstyle<\/strong>. Unsere Jungs hatten so viel Spa\u00df dort zu klettern und die vielen lehrreichen Stationen zu entdecken.<\/p>\n\n\n\n<div id=\"wp-block-themeisle-blocks-slider-61c33891\" class=\"wp-block-themeisle-blocks-slider glide\" data-per-view=\"1\" data-gap=\"0\" data-peek=\"0\" data-autoplay=\"true\" data-height=\"400px\" data-hide-arrows=\"false\"><div class=\"glide__track\" data-glide-el=\"track\"><div class=\"glide__slides\"><div class=\"wp-block-themeisle-blocks-slider-item-wrapper glide__slide\" tabindex=\"0\"><figure><img decoding=\"async\" class=\"wp-block-themeisle-blocks-slider-item\" src=\"https:\/\/familie-weitgereist.de\/wp-content\/uploads\/2025\/02\/IMG_20250201_133641-scaled.jpg\" alt=\"\" title=\"\" data-id=\"20970\"\/><\/figure><\/div><div class=\"wp-block-themeisle-blocks-slider-item-wrapper glide__slide\" tabindex=\"0\"><figure><img decoding=\"async\" class=\"wp-block-themeisle-blocks-slider-item\" src=\"https:\/\/familie-weitgereist.de\/wp-content\/uploads\/2025\/02\/IMG_20250201_131224-scaled.jpg\" alt=\"\" title=\"\" data-id=\"20971\"\/><\/figure><\/div><\/div><div class=\"glide__bullets\" data-glide-el=\"controls[nav]\"><button class=\"glide__bullet\" data-glide-dir=\"=0\"><\/button><button class=\"glide__bullet\" data-glide-dir=\"=1\"><\/button><\/div><\/div><\/div>\n\n\n\n<p><strong>Das Gebiet ist der \u00e4lteste Nationalpark in Deutschland und wurde 1970 gegr\u00fcndet.<\/strong><\/p>\n\n\n\n<p>Der Eintritt war mit unserer AktivCard gratis.<\/p>\n\n\n\n<h2 class=\"wp-block-heading\">XPERIUM &#8211; Die Welt der Wahrnehmung<\/h2>\n\n\n\n<p>Das XPERIUM ist ein <strong>Naturwissenschaftsmuseum<\/strong>, welches mit unwahrscheinlich vielen Experimenten und Mitmachstationen, f\u00fcr Klein und Gro\u00df jede Menge zu entdecken bietet. Naturwissenschaftliche Ph\u00e4nomene werden mithilfe von Informationstafeln kurz und pr\u00e4gnant erkl\u00e4rt und das Wichtigste, sie k\u00f6nnen ausprobiert werden. Es gibt zahlreiche R\u00e4ume, die nach Themen gestaltet sind, u.a. Luft. Akustisch, optisch, physikalisch oder mathematisch werden verschiedene Ph\u00e4nomene unter die Lupe genommen. F\u00fcr Kinder ist dies ein riesen Spa\u00df. Wir konnten in riesen Seifenblasen stehen, uns \u00fcber eine riesige Distanz fl\u00fcsternd unterhalten, einen 150kg schweren Motorroller anheben, die Geschwindigkeit von Kugeln testen, sehen wie Wellen entstehen, B\u00e4llen beim Fliegen zusehen und vieles mehr.<\/p>\n\n\n\n<div id=\"wp-block-themeisle-blocks-slider-fc7430a4\" class=\"wp-block-themeisle-blocks-slider glide\" data-per-view=\"1\" data-gap=\"0\" data-peek=\"0\" data-autoplay=\"true\" data-height=\"400px\" data-hide-arrows=\"false\"><div class=\"glide__track\" data-glide-el=\"track\"><div class=\"glide__slides\"><div class=\"wp-block-themeisle-blocks-slider-item-wrapper glide__slide\" tabindex=\"0\"><figure><img decoding=\"async\" class=\"wp-block-themeisle-blocks-slider-item\" src=\"https:\/\/familie-weitgereist.de\/wp-content\/uploads\/2025\/01\/IMG_20250128_113849-scaled.jpg\" alt=\"\" title=\"\" data-id=\"20908\"\/><\/figure><\/div><div class=\"wp-block-themeisle-blocks-slider-item-wrapper glide__slide\" tabindex=\"0\"><figure><img decoding=\"async\" class=\"wp-block-themeisle-blocks-slider-item\" src=\"https:\/\/familie-weitgereist.de\/wp-content\/uploads\/2025\/01\/IMG_20250128_112053-scaled.jpg\" alt=\"\" title=\"\" data-id=\"20906\"\/><\/figure><\/div><div class=\"wp-block-themeisle-blocks-slider-item-wrapper glide__slide\" tabindex=\"0\"><figure><img decoding=\"async\" class=\"wp-block-themeisle-blocks-slider-item\" src=\"https:\/\/familie-weitgereist.de\/wp-content\/uploads\/2025\/01\/IMG_20250128_111348-scaled.jpg\" alt=\"\" title=\"\" data-id=\"20905\"\/><\/figure><\/div><div class=\"wp-block-themeisle-blocks-slider-item-wrapper glide__slide\" tabindex=\"0\"><figure><img decoding=\"async\" class=\"wp-block-themeisle-blocks-slider-item\" src=\"https:\/\/familie-weitgereist.de\/wp-content\/uploads\/2025\/01\/IMG_20250128_105611-scaled.jpg\" alt=\"\" title=\"\" data-id=\"20907\"\/><\/figure><\/div><\/div><div class=\"glide__bullets\" data-glide-el=\"controls[nav]\"><button class=\"glide__bullet\" data-glide-dir=\"=0\"><\/button><button class=\"glide__bullet\" data-glide-dir=\"=1\"><\/button><button class=\"glide__bullet\" data-glide-dir=\"=2\"><\/button><button class=\"glide__bullet\" data-glide-dir=\"=3\"><\/button><\/div><\/div><\/div>\n\n\n\n<p>Der Eintritt war mit unserer AktivCard gratis.<\/p>\n\n\n\n<h2 class=\"wp-block-heading\">Elypso &#8211; Freizeitbad<\/h2>\n\n\n\n<p>Wir haben unseren Tag so richtig ausgekostet. Nachdem wir ausgiebig experimentiert haben, sind wir mit unserer AktivCard in das Freizeitbad <strong>&#8222;Elypso&#8220; in Deggendorf <\/strong>gefahren. In unserer AktivCard war der Badebesuch f\u00fcr 3 Stunden gratis. Es gibt viele verschiedene warme Becken. Das Highlight f\u00fcr viele ist die Bar im Wasser. Cocktails schl\u00fcrfen und dabei im warmen Wasser am Tisch sitzen, ist schon besonders. Es gibt einen Str\u00f6mungskanal, ein Schwimmerbecken, einen Kleinkindbereich, ein Au\u00dfenbecken und zwei Erlebnisrutschen, eine mit Reifen und eine R\u00f6hrenrutsche. Zudem kann man im Schwimmbad in eine Textilsauna und ein Dampfbad gehen. Ein wirklich tolles Schwimmbad!<\/p>\n\n\n\n<figure class=\"wp-block-image size-large\"><img loading=\"lazy\" decoding=\"async\" width=\"1024\" height=\"576\" src=\"https:\/\/familie-weitgereist.de\/wp-content\/uploads\/2025\/01\/IMG_20250128_214307_517-1-1024x576.jpg\" alt=\"\" class=\"wp-image-20950\" srcset=\"https:\/\/familie-weitgereist.de\/wp-content\/uploads\/2025\/01\/IMG_20250128_214307_517-1-1024x576.jpg 1024w, https:\/\/familie-weitgereist.de\/wp-content\/uploads\/2025\/01\/IMG_20250128_214307_517-1-300x169.jpg 300w, https:\/\/familie-weitgereist.de\/wp-content\/uploads\/2025\/01\/IMG_20250128_214307_517-1-768x432.jpg 768w, https:\/\/familie-weitgereist.de\/wp-content\/uploads\/2025\/01\/IMG_20250128_214307_517-1-1200x675.jpg 1200w, https:\/\/familie-weitgereist.de\/wp-content\/uploads\/2025\/01\/IMG_20250128_214307_517-1-150x84.jpg 150w, https:\/\/familie-weitgereist.de\/wp-content\/uploads\/2025\/01\/IMG_20250128_214307_517-1.jpg 1280w\" sizes=\"auto, (max-width: 1024px) 100vw, 1024px\" \/><\/figure>\n\n\n\n<h2 class=\"wp-block-heading\">Familienwinterland Mitterdorf<\/h2>\n\n\n\n<p>Das <strong>Familienwinterland Mitterdorf<\/strong> ist direkt im <strong>Nationalpark Bayerischer Wald <\/strong>gelegen, bietet traumhafte Aussichten bis auf den <strong>Wilden Kaiser und den Watzmann<\/strong> <strong>in \u00d6sterreich<\/strong> und hat wundersch\u00f6ne flache, breite Pisten zum \u00dcben und Lernen.<\/p>\n\n\n\n<figure class=\"wp-block-image size-large\"><img loading=\"lazy\" decoding=\"async\" width=\"1024\" height=\"768\" src=\"https:\/\/familie-weitgereist.de\/wp-content\/uploads\/2025\/01\/IMG_20250130_142055-1024x768.jpg\" alt=\"\" class=\"wp-image-20934\" srcset=\"https:\/\/familie-weitgereist.de\/wp-content\/uploads\/2025\/01\/IMG_20250130_142055-1024x768.jpg 1024w, https:\/\/familie-weitgereist.de\/wp-content\/uploads\/2025\/01\/IMG_20250130_142055-300x225.jpg 300w, https:\/\/familie-weitgereist.de\/wp-content\/uploads\/2025\/01\/IMG_20250130_142055-768x576.jpg 768w, https:\/\/familie-weitgereist.de\/wp-content\/uploads\/2025\/01\/IMG_20250130_142055-1536x1152.jpg 1536w, https:\/\/familie-weitgereist.de\/wp-content\/uploads\/2025\/01\/IMG_20250130_142055-2048x1536.jpg 2048w, https:\/\/familie-weitgereist.de\/wp-content\/uploads\/2025\/01\/IMG_20250130_142055-1200x900.jpg 1200w, https:\/\/familie-weitgereist.de\/wp-content\/uploads\/2025\/01\/IMG_20250130_142055-1980x1485.jpg 1980w, https:\/\/familie-weitgereist.de\/wp-content\/uploads\/2025\/01\/IMG_20250130_142055-150x113.jpg 150w\" sizes=\"auto, (max-width: 1024px) 100vw, 1024px\" \/><\/figure>\n\n\n\n<p>Es gibt einen Junior Zirkus mit zwei F\u00f6rderb\u00e4ndern und einem Skikarussel. Dort macht es wirklich Spa\u00df zu \u00fcben. Philipp und Merlin konnten am flachen Hang \u00fcben und Maris und ich haben im Schnee gespielt.<\/p>\n\n\n\n<div id=\"wp-block-themeisle-blocks-slider-eb80b189\" class=\"wp-block-themeisle-blocks-slider glide\" data-per-view=\"1\" data-gap=\"0\" data-peek=\"0\" data-autoplay=\"true\" data-height=\"400px\" data-hide-arrows=\"false\"><div class=\"glide__track\" data-glide-el=\"track\"><div class=\"glide__slides\"><div class=\"wp-block-themeisle-blocks-slider-item-wrapper glide__slide\" tabindex=\"0\"><figure><img decoding=\"async\" class=\"wp-block-themeisle-blocks-slider-item\" src=\"https:\/\/familie-weitgereist.de\/wp-content\/uploads\/2025\/01\/IMG_20250130_124651-scaled.jpg\" alt=\"\" title=\"\" data-id=\"20930\"\/><\/figure><\/div><div class=\"wp-block-themeisle-blocks-slider-item-wrapper glide__slide\" tabindex=\"0\"><figure><img decoding=\"async\" class=\"wp-block-themeisle-blocks-slider-item\" src=\"https:\/\/familie-weitgereist.de\/wp-content\/uploads\/2025\/01\/IMG_20250130_115549-scaled.jpg\" alt=\"\" title=\"\" data-id=\"20929\"\/><\/figure><\/div><\/div><div class=\"glide__bullets\" data-glide-el=\"controls[nav]\"><button class=\"glide__bullet\" data-glide-dir=\"=0\"><\/button><button class=\"glide__bullet\" data-glide-dir=\"=1\"><\/button><\/div><\/div><\/div>\n\n\n\n<p><strong>An der Alpe<\/strong> befindet sich ein 200m langes F\u00f6rderband und gleichzeitig der <strong>Rodelhang<\/strong>. Das war super praktisch f\u00fcr uns, denn wir konnten alle den Lift nutzen. Maris und ich hatten viel Spa\u00df beim Rodeln und Philipp und Merlin konnten sogar das erste Mal die blaue Piste runter d\u00fcsen.<\/p>\n\n\n\n<div id=\"wp-block-themeisle-blocks-slider-f7733502\" class=\"wp-block-themeisle-blocks-slider glide\" data-per-view=\"1\" data-gap=\"0\" data-peek=\"0\" data-autoplay=\"true\" data-height=\"400px\" data-hide-arrows=\"false\"><div class=\"glide__track\" data-glide-el=\"track\"><div class=\"glide__slides\"><div class=\"wp-block-themeisle-blocks-slider-item-wrapper glide__slide\" tabindex=\"0\"><figure><img decoding=\"async\" class=\"wp-block-themeisle-blocks-slider-item\" src=\"https:\/\/familie-weitgereist.de\/wp-content\/uploads\/2025\/01\/IMG_20250131_211554-scaled.jpg\" alt=\"\" title=\"\" data-id=\"20937\"\/><\/figure><\/div><div class=\"wp-block-themeisle-blocks-slider-item-wrapper glide__slide\" tabindex=\"0\"><figure><img decoding=\"async\" class=\"wp-block-themeisle-blocks-slider-item\" src=\"https:\/\/familie-weitgereist.de\/wp-content\/uploads\/2025\/01\/IMG_20250131_123519-scaled.jpg\" alt=\"\" title=\"\" data-id=\"20939\"\/><\/figure><\/div><div class=\"wp-block-themeisle-blocks-slider-item-wrapper glide__slide\" tabindex=\"0\"><figure><img decoding=\"async\" class=\"wp-block-themeisle-blocks-slider-item\" src=\"https:\/\/familie-weitgereist.de\/wp-content\/uploads\/2025\/01\/IMG_20250131_114913-scaled.jpg\" alt=\"\" title=\"\" data-id=\"20940\"\/><\/figure><\/div><div class=\"wp-block-themeisle-blocks-slider-item-wrapper glide__slide\" tabindex=\"0\"><figure><img decoding=\"async\" class=\"wp-block-themeisle-blocks-slider-item\" src=\"https:\/\/familie-weitgereist.de\/wp-content\/uploads\/2025\/01\/IMG_20250130_150445-scaled.jpg\" alt=\"\" title=\"\" data-id=\"20941\"\/><\/figure><\/div><\/div><div class=\"glide__bullets\" data-glide-el=\"controls[nav]\"><button class=\"glide__bullet\" data-glide-dir=\"=0\"><\/button><button class=\"glide__bullet\" data-glide-dir=\"=1\"><\/button><button class=\"glide__bullet\" data-glide-dir=\"=2\"><\/button><button class=\"glide__bullet\" data-glide-dir=\"=3\"><\/button><\/div><\/div><\/div>\n\n\n\n<p>Wir hatten so eine tolle Zeit dort. Merlin und Philipp haben sich richtig verbessert. Das tolle ist, <strong>eine 4h Liftkarte ist jeden Tag in der AktivCard inkludiert<\/strong>.<\/p>\n\n\n\n<div id=\"wp-block-themeisle-blocks-slider-59233fe2\" class=\"wp-block-themeisle-blocks-slider glide\" data-per-view=\"1\" data-gap=\"0\" data-peek=\"0\" data-autoplay=\"true\" data-height=\"400px\" data-hide-arrows=\"false\"><div class=\"glide__track\" data-glide-el=\"track\"><div class=\"glide__slides\"><div class=\"wp-block-themeisle-blocks-slider-item-wrapper glide__slide\" tabindex=\"0\"><figure><img decoding=\"async\" class=\"wp-block-themeisle-blocks-slider-item\" src=\"https:\/\/familie-weitgereist.de\/wp-content\/uploads\/2025\/01\/IMG_20250130_204044-scaled.jpg\" alt=\"\" title=\"\" data-id=\"20944\"\/><\/figure><\/div><div class=\"wp-block-themeisle-blocks-slider-item-wrapper glide__slide\" tabindex=\"0\"><figure><img decoding=\"async\" class=\"wp-block-themeisle-blocks-slider-item\" src=\"https:\/\/familie-weitgereist.de\/wp-content\/uploads\/2025\/01\/IMG_20250130_204010-scaled.jpg\" alt=\"\" title=\"\" data-id=\"20945\"\/><\/figure><\/div><\/div><div class=\"glide__bullets\" data-glide-el=\"controls[nav]\"><button class=\"glide__bullet\" data-glide-dir=\"=0\"><\/button><button class=\"glide__bullet\" data-glide-dir=\"=1\"><\/button><\/div><\/div><\/div>\n\n\n\n<h2 class=\"wp-block-heading\">Freilichtmuseum Finsterau<\/h2>\n\n\n\n<p>Im Freilichtmuseum Finsterau konnten wir <strong>14 Geb\u00e4ude zum l\u00e4ndlichen Siedlungswesen im Bayerischen Wald zwischen dem 18. und 20. Jahrhundert<\/strong> bestaunen. Die Geb\u00e4ude k\u00f6nnen betreten werden und es gibt sehr viele Hinweistafeln. Dort konnten wir viel \u00fcber das harte, entbehrungsreiche Leben auf dem Land lernen. Die Bauern wirtschaften hart mit ihren Tieren oder auf den Feldern.<\/p>\n\n\n\n<p>Aus dem ganzen Bayerischen Wald wurden die alten Bauernh\u00e4user und H\u00f6fe umgesiedelt. Es gibt eine Schmiede, eine Kapelle und ein Wirtshaus. Das Museum liegt auf 935m, nah an der tschechischen Grenze und direkt am Nationalpark gelegen. Die Vergangenheit wird hier lebendig. Die H\u00f6fe und Bauernh\u00e4user sind voll mit Dingen und Gegenst\u00e4nden, mit denen die Menschen damals gearbeitet und gelebt haben. Bettpfannen, Nachtt\u00f6pfe, Plumpsklos, Ausstatterschr\u00e4nke, Betten, alte Kleidungsst\u00fccke, Skis, St\u00e4lle, Werkzeuge und vieles mehr, k\u00f6nnen bestaunt und entdeckt werden.<\/p>\n\n\n\n<p>Zudem gibt es eine <strong>Spielscheune<\/strong> mit einer gro\u00dfen R\u00f6hrenrutsche und vielen Kletterelementen.<\/p>\n\n\n\n<div id=\"wp-block-themeisle-blocks-slider-fdc082da\" class=\"wp-block-themeisle-blocks-slider glide\" data-per-view=\"1\" data-gap=\"0\" data-peek=\"0\" data-autoplay=\"true\" data-height=\"400px\" data-hide-arrows=\"false\"><div class=\"glide__track\" data-glide-el=\"track\"><div class=\"glide__slides\"><div class=\"wp-block-themeisle-blocks-slider-item-wrapper glide__slide\" tabindex=\"0\"><figure><img decoding=\"async\" class=\"wp-block-themeisle-blocks-slider-item\" src=\"https:\/\/familie-weitgereist.de\/wp-content\/uploads\/2025\/02\/IMG_20250201_151534-scaled.jpg\" alt=\"\" title=\"\" data-id=\"20978\"\/><\/figure><\/div><div class=\"wp-block-themeisle-blocks-slider-item-wrapper glide__slide\" tabindex=\"0\"><figure><img decoding=\"async\" class=\"wp-block-themeisle-blocks-slider-item\" src=\"https:\/\/familie-weitgereist.de\/wp-content\/uploads\/2025\/02\/IMG_20250201_145747-scaled.jpg\" alt=\"\" title=\"\" data-id=\"20979\"\/><\/figure><\/div><div class=\"wp-block-themeisle-blocks-slider-item-wrapper glide__slide\" tabindex=\"0\"><figure><img decoding=\"async\" class=\"wp-block-themeisle-blocks-slider-item\" src=\"https:\/\/familie-weitgereist.de\/wp-content\/uploads\/2025\/02\/IMG_20250201_145427-scaled.jpg\" alt=\"\" title=\"\" data-id=\"20980\"\/><\/figure><\/div><div class=\"wp-block-themeisle-blocks-slider-item-wrapper glide__slide\" tabindex=\"0\"><figure><img decoding=\"async\" class=\"wp-block-themeisle-blocks-slider-item\" src=\"https:\/\/familie-weitgereist.de\/wp-content\/uploads\/2025\/02\/IMG_20250201_144329-scaled.jpg\" alt=\"\" title=\"\" data-id=\"20977\"\/><\/figure><\/div><\/div><div class=\"glide__bullets\" data-glide-el=\"controls[nav]\"><button class=\"glide__bullet\" data-glide-dir=\"=0\"><\/button><button class=\"glide__bullet\" data-glide-dir=\"=1\"><\/button><button class=\"glide__bullet\" data-glide-dir=\"=2\"><\/button><button class=\"glide__bullet\" data-glide-dir=\"=3\"><\/button><\/div><\/div><\/div>\n\n\n\n<p>Zeitzeugenberichte und viele Bilder von den Menschen, die in den H\u00e4usern lebten machen das Museum zu etwas Lebendigem. Interessant fanden wir, dass in der Weimarer Republik, 1918 der Grundstein f\u00fcr den Tourismus gelegt worden ist. Das Skifahren wurde Ende des 19. Jahrhunderts immer popul\u00e4rer im Bayerischen Wald und somit entstanden auch wieder neue Professionen. Es wurde allen Arbeitern 3 &#8211; 6 freie Tage pro Jahr garantiert, die w\u00f6chentliche Arbeitszeit wurde auf 48 Stunden reduziert und die maximale H\u00f6chstarbeitszeit am Tag betrug 8 Stunden. 1933 erh\u00f6hten sich die freien Tage auf 6 &#8211; 12 Tage im Jahr. Somit wurde die Region touristischer und die Menschen konnten vor ihrer Haust\u00fcr die Sch\u00f6nheiten erleben.<\/p>\n\n\n\n<p>Wir erhielten mit unserer AktivCard freien Eintritt.<\/p>\n\n\n\n<h2 class=\"wp-block-heading\">Nationalparkzentrum Lusen<\/h2>\n\n\n\n<p>Wir haben das Tierfreigel\u00e4nde im Nationalparkzentrum Lusen besucht. Das Gel\u00e4nde ist sehr weitl\u00e4ufig, ist immer zug\u00e4nglich, lediglich Parkgeb\u00fchren von 1\u20ac pro Stunde oder max. 5\u20ac am Tag fallen an. <\/p>\n\n\n\n<p>Es gibt Luchse, Elche, Eulen, Wisents, Biber, Enten, Hirsche, Marder und viele weitere Tiere zu bestaunen. Nicht immer zeigen sie sich. Ein Spaziergang lohnt sich dennoch. Viele interessante und sch\u00f6n gestaltete Informationstafeln bieten lehrreiche Fakten zu den Tieren.<\/p>\n\n\n\n<figure class=\"wp-block-image size-large\"><img loading=\"lazy\" decoding=\"async\" width=\"1024\" height=\"768\" src=\"https:\/\/familie-weitgereist.de\/wp-content\/uploads\/2025\/01\/IMG_20250131_164444-1024x768.jpg\" alt=\"\" class=\"wp-image-20946\" srcset=\"https:\/\/familie-weitgereist.de\/wp-content\/uploads\/2025\/01\/IMG_20250131_164444-1024x768.jpg 1024w, https:\/\/familie-weitgereist.de\/wp-content\/uploads\/2025\/01\/IMG_20250131_164444-300x225.jpg 300w, https:\/\/familie-weitgereist.de\/wp-content\/uploads\/2025\/01\/IMG_20250131_164444-768x576.jpg 768w, https:\/\/familie-weitgereist.de\/wp-content\/uploads\/2025\/01\/IMG_20250131_164444-1536x1152.jpg 1536w, https:\/\/familie-weitgereist.de\/wp-content\/uploads\/2025\/01\/IMG_20250131_164444-2048x1536.jpg 2048w, https:\/\/familie-weitgereist.de\/wp-content\/uploads\/2025\/01\/IMG_20250131_164444-1200x900.jpg 1200w, https:\/\/familie-weitgereist.de\/wp-content\/uploads\/2025\/01\/IMG_20250131_164444-1980x1485.jpg 1980w, https:\/\/familie-weitgereist.de\/wp-content\/uploads\/2025\/01\/IMG_20250131_164444-150x113.jpg 150w\" sizes=\"auto, (max-width: 1024px) 100vw, 1024px\" \/><\/figure>\n\n\n\n<p>Die Waldwege durch den Bayerischen Wald sind wundersch\u00f6n angelegt.<\/p>\n\n\n\n<figure class=\"wp-block-image size-large\"><img loading=\"lazy\" decoding=\"async\" width=\"1024\" height=\"768\" src=\"https:\/\/familie-weitgereist.de\/wp-content\/uploads\/2025\/01\/IMG_20250131_154645-1024x768.jpg\" alt=\"\" class=\"wp-image-20948\" srcset=\"https:\/\/familie-weitgereist.de\/wp-content\/uploads\/2025\/01\/IMG_20250131_154645-1024x768.jpg 1024w, https:\/\/familie-weitgereist.de\/wp-content\/uploads\/2025\/01\/IMG_20250131_154645-300x225.jpg 300w, https:\/\/familie-weitgereist.de\/wp-content\/uploads\/2025\/01\/IMG_20250131_154645-768x576.jpg 768w, https:\/\/familie-weitgereist.de\/wp-content\/uploads\/2025\/01\/IMG_20250131_154645-1536x1152.jpg 1536w, https:\/\/familie-weitgereist.de\/wp-content\/uploads\/2025\/01\/IMG_20250131_154645-2048x1536.jpg 2048w, https:\/\/familie-weitgereist.de\/wp-content\/uploads\/2025\/01\/IMG_20250131_154645-1200x900.jpg 1200w, https:\/\/familie-weitgereist.de\/wp-content\/uploads\/2025\/01\/IMG_20250131_154645-1980x1485.jpg 1980w, https:\/\/familie-weitgereist.de\/wp-content\/uploads\/2025\/01\/IMG_20250131_154645-150x113.jpg 150w\" sizes=\"auto, (max-width: 1024px) 100vw, 1024px\" \/><\/figure>\n\n\n\n<h2 class=\"wp-block-heading\">Riedlberg bei Drachselsried<\/h2>\n\n\n\n<p>Wir waren am Riedlberg bei Drachselsried Ski- und Snowboard fahren. Der Schnee hatte leider nach dem Regen nicht mehr die besten Bedingungen. Leider gab es keinen magischen Teppich und Merlin hatte mit dem Festhaltelift seine Probleme. Die Abfahrt ist jedoch trotzdem gut und es gibt einen sch\u00f6nen flachen Kinderhang zum \u00dcben.<\/p>\n\n\n\n<figure class=\"wp-block-image size-large\"><img loading=\"lazy\" decoding=\"async\" width=\"1024\" height=\"768\" src=\"https:\/\/familie-weitgereist.de\/wp-content\/uploads\/2025\/01\/IMG_20250129_201703-1024x768.jpg\" alt=\"\" class=\"wp-image-20919\" srcset=\"https:\/\/familie-weitgereist.de\/wp-content\/uploads\/2025\/01\/IMG_20250129_201703-1024x768.jpg 1024w, https:\/\/familie-weitgereist.de\/wp-content\/uploads\/2025\/01\/IMG_20250129_201703-300x225.jpg 300w, https:\/\/familie-weitgereist.de\/wp-content\/uploads\/2025\/01\/IMG_20250129_201703-768x576.jpg 768w, https:\/\/familie-weitgereist.de\/wp-content\/uploads\/2025\/01\/IMG_20250129_201703-1536x1152.jpg 1536w, https:\/\/familie-weitgereist.de\/wp-content\/uploads\/2025\/01\/IMG_20250129_201703-2048x1536.jpg 2048w, https:\/\/familie-weitgereist.de\/wp-content\/uploads\/2025\/01\/IMG_20250129_201703-1200x900.jpg 1200w, https:\/\/familie-weitgereist.de\/wp-content\/uploads\/2025\/01\/IMG_20250129_201703-1980x1485.jpg 1980w, https:\/\/familie-weitgereist.de\/wp-content\/uploads\/2025\/01\/IMG_20250129_201703-150x113.jpg 150w\" sizes=\"auto, (max-width: 1024px) 100vw, 1024px\" \/><\/figure>\n\n\n\n<h2 class=\"wp-block-heading\">Walhalla<\/h2>\n\n\n\n<p>Bevor wir die Heimfahrt angetreten haben, haben wir noch die ber\u00fchmte Tempelanlage oberhalb der Donau: Walhalla besichtigt.<\/p>\n\n\n\n<figure class=\"wp-block-image size-large\"><img loading=\"lazy\" decoding=\"async\" width=\"1024\" height=\"768\" src=\"https:\/\/familie-weitgereist.de\/wp-content\/uploads\/2025\/02\/IMG_20250202_104629-1024x768.jpg\" alt=\"\" class=\"wp-image-20991\" srcset=\"https:\/\/familie-weitgereist.de\/wp-content\/uploads\/2025\/02\/IMG_20250202_104629-1024x768.jpg 1024w, https:\/\/familie-weitgereist.de\/wp-content\/uploads\/2025\/02\/IMG_20250202_104629-300x225.jpg 300w, https:\/\/familie-weitgereist.de\/wp-content\/uploads\/2025\/02\/IMG_20250202_104629-768x576.jpg 768w, https:\/\/familie-weitgereist.de\/wp-content\/uploads\/2025\/02\/IMG_20250202_104629-1536x1152.jpg 1536w, https:\/\/familie-weitgereist.de\/wp-content\/uploads\/2025\/02\/IMG_20250202_104629-2048x1536.jpg 2048w, https:\/\/familie-weitgereist.de\/wp-content\/uploads\/2025\/02\/IMG_20250202_104629-1200x900.jpg 1200w, https:\/\/familie-weitgereist.de\/wp-content\/uploads\/2025\/02\/IMG_20250202_104629-1980x1485.jpg 1980w, https:\/\/familie-weitgereist.de\/wp-content\/uploads\/2025\/02\/IMG_20250202_104629-150x113.jpg 150w\" sizes=\"auto, (max-width: 1024px) 100vw, 1024px\" \/><\/figure>\n\n\n\n<p>Der damalige bayerische K\u00f6nig Ludwig I. gedachte schon als Kronprinz an <strong>einen Ort, an dem verdiente deutsche Frauen und M\u00e4nner geehrt werden sollten<\/strong>. Unter seiner Regentschaft von 1825-1848, erfolgte 1830 die Grundsteinlegung und die Fertigstellung erfolgte 1842. Inspiriert wurde der Architekt Leo von Klenze von dem Parthenon der Akropolis in Athen, welche aus dem 5. Jahrhundert v. Chr. stammt. Der Tempel ist von innen und au\u00dfen mit kostbarem Marmor verkleidet.<\/p>\n\n\n\n<figure class=\"wp-block-image size-large\"><img loading=\"lazy\" decoding=\"async\" width=\"1024\" height=\"768\" src=\"https:\/\/familie-weitgereist.de\/wp-content\/uploads\/2025\/02\/IMG_20250202_105736-1024x768.jpg\" alt=\"\" class=\"wp-image-20996\" srcset=\"https:\/\/familie-weitgereist.de\/wp-content\/uploads\/2025\/02\/IMG_20250202_105736-1024x768.jpg 1024w, https:\/\/familie-weitgereist.de\/wp-content\/uploads\/2025\/02\/IMG_20250202_105736-300x225.jpg 300w, https:\/\/familie-weitgereist.de\/wp-content\/uploads\/2025\/02\/IMG_20250202_105736-768x576.jpg 768w, https:\/\/familie-weitgereist.de\/wp-content\/uploads\/2025\/02\/IMG_20250202_105736-1536x1152.jpg 1536w, https:\/\/familie-weitgereist.de\/wp-content\/uploads\/2025\/02\/IMG_20250202_105736-2048x1536.jpg 2048w, https:\/\/familie-weitgereist.de\/wp-content\/uploads\/2025\/02\/IMG_20250202_105736-1200x900.jpg 1200w, https:\/\/familie-weitgereist.de\/wp-content\/uploads\/2025\/02\/IMG_20250202_105736-1980x1485.jpg 1980w, https:\/\/familie-weitgereist.de\/wp-content\/uploads\/2025\/02\/IMG_20250202_105736-150x113.jpg 150w\" sizes=\"auto, (max-width: 1024px) 100vw, 1024px\" \/><\/figure>\n\n\n\n<p>Der Name &#8222;Walhalla&#8220; wurde gew\u00e4hlt, da es das <strong>Kriegerparadies der germanischen Mythologie ist<\/strong>.<\/p>\n\n\n\n<p>Wir haben so viele Unternehmungen mit der <strong>AktivCard<\/strong> gemacht und hatten <strong>gratis Einlass zu vielen Attraktionen<\/strong>. <strong>Somit lohnt sich ein Familienurlaub im Bayerischen Wald sehr<\/strong>. Die Natur ist einmalig und die herrlich frische Waldluft erquickt alle Sinne. Wandern, Action, Spiel, Spa\u00df und Kultur k\u00f6nnen im Bayerischen Wald erlebt werden. Wir kommen wieder!<\/p>\n\n\n\n<p>Dies war unser zweiter Urlaub im Bayerischen Wald. Im Sommer 2024 haben wir schon einmal ein paar Tage den <strong><a href=\"https:\/\/familie-weitgereist.de\/?p=18932\" data-type=\"link\" data-id=\"https:\/\/familie-weitgereist.de\/?p=18932\">Bayerischen Wald<\/a><\/strong> erkundet.<\/p>\n","protected":false},"excerpt":{"rendered":"<p>Ende Januar 2025 sind wir f\u00fcr eine Woche nach Bayern, in den Bayrischen Wald gefahren. Unser j\u00e4hrlicher Winterurlaub ist immer ein Highlight f\u00fcr uns alle. Merlin liebt es weiter seine Skifahrerskills zu verbessern, Philipp wird immer besser im Snowboard fahren und selbst Maris konnte seine ersten Erfahrungen auf Skis sammeln. Mit kleinen Kindern sind Winter-\/ [&hellip;]<\/p>\n","protected":false},"author":3,"featured_media":20941,"comment_status":"open","ping_status":"open","sticky":false,"template":"","format":"standard","meta":{"_themeisle_gutenberg_block_has_review":false,"footnotes":""},"categories":[242,1751,377],"tags":[1523,402,325,1520,1519,1522,1521,1525,1524,1517,1355,1526,1518],"class_list":["post-20892","post","type-post","status-publish","format-standard","has-post-thumbnail","hentry","category-deutschland","category-bayern","category-spielplaetze","tag-baumwipfelpfad-bayerischer-wald","tag-bayern","tag-deutschland","tag-drachselsried","tag-elypso","tag-familienwinterland","tag-mitterdorf","tag-nationalparkzentrum-lusen","tag-neuschoenau","tag-riedlberg","tag-sankt-englmar","tag-walhalla","tag-xperium"],"_links":{"self":[{"href":"https:\/\/familie-weitgereist.de\/index.php?rest_route=\/wp\/v2\/posts\/20892","targetHints":{"allow":["GET"]}}],"collection":[{"href":"https:\/\/familie-weitgereist.de\/index.php?rest_route=\/wp\/v2\/posts"}],"about":[{"href":"https:\/\/familie-weitgereist.de\/index.php?rest_route=\/wp\/v2\/types\/post"}],"author":[{"embeddable":true,"href":"https:\/\/familie-weitgereist.de\/index.php?rest_route=\/wp\/v2\/users\/3"}],"replies":[{"embeddable":true,"href":"https:\/\/familie-weitgereist.de\/index.php?rest_route=%2Fwp%2Fv2%2Fcomments&post=20892"}],"version-history":[{"count":72,"href":"https:\/\/familie-weitgereist.de\/index.php?rest_route=\/wp\/v2\/posts\/20892\/revisions"}],"predecessor-version":[{"id":24253,"href":"https:\/\/familie-weitgereist.de\/index.php?rest_route=\/wp\/v2\/posts\/20892\/revisions\/24253"}],"wp:featuredmedia":[{"embeddable":true,"href":"https:\/\/familie-weitgereist.de\/index.php?rest_route=\/wp\/v2\/media\/20941"}],"wp:attachment":[{"href":"https:\/\/familie-weitgereist.de\/index.php?rest_route=%2Fwp%2Fv2%2Fmedia&parent=20892"}],"wp:term":[{"taxonomy":"category","embeddable":true,"href":"https:\/\/familie-weitgereist.de\/index.php?rest_route=%2Fwp%2Fv2%2Fcategories&post=20892"},{"taxonomy":"post_tag","embeddable":true,"href":"https:\/\/familie-weitgereist.de\/index.php?rest_route=%2Fwp%2Fv2%2Ftags&post=20892"}],"curies":[{"name":"wp","href":"https:\/\/api.w.org\/{rel}","templated":true}]}}