{"id":20859,"date":"2026-01-01T22:37:51","date_gmt":"2026-01-01T21:37:51","guid":{"rendered":"https:\/\/familie-weitgereist.de\/?p=20859"},"modified":"2026-01-02T11:54:48","modified_gmt":"2026-01-02T10:54:48","slug":"unser-reiserueckblick-2025","status":"publish","type":"post","link":"https:\/\/familie-weitgereist.de\/?p=20859","title":{"rendered":"Unser Reiser\u00fcckblick 2025"},"content":{"rendered":"\n<p><strong>Januar 2025<\/strong><\/p>\n\n\n\n<p>Wir starteten den Januar mit einem St\u00e4dtetrip in <strong><a href=\"https:\/\/familie-weitgereist.de\/?p=20759\" data-type=\"link\" data-id=\"https:\/\/familie-weitgereist.de\/?p=20759\">Riga, Lettland<\/a><\/strong>. Wir flogen von <strong><a href=\"https:\/\/familie-weitgereist.de\/?p=20503\" data-type=\"link\" data-id=\"https:\/\/familie-weitgereist.de\/?p=20503\">Tallinn, Estland<\/a><\/strong> nach Riga und hatten drei wundersch\u00f6ne Tage in der Hauptstadt Lettlands.<\/p>\n\n\n\n<figure class=\"wp-block-image size-large\"><img loading=\"lazy\" decoding=\"async\" width=\"1024\" height=\"768\" src=\"https:\/\/familie-weitgereist.de\/wp-content\/uploads\/2025\/01\/IMG_20250105_135217-1024x768.jpg\" alt=\"\" class=\"wp-image-20789\" srcset=\"https:\/\/familie-weitgereist.de\/wp-content\/uploads\/2025\/01\/IMG_20250105_135217-1024x768.jpg 1024w, https:\/\/familie-weitgereist.de\/wp-content\/uploads\/2025\/01\/IMG_20250105_135217-300x225.jpg 300w, https:\/\/familie-weitgereist.de\/wp-content\/uploads\/2025\/01\/IMG_20250105_135217-768x576.jpg 768w, https:\/\/familie-weitgereist.de\/wp-content\/uploads\/2025\/01\/IMG_20250105_135217-1536x1152.jpg 1536w, https:\/\/familie-weitgereist.de\/wp-content\/uploads\/2025\/01\/IMG_20250105_135217-2048x1536.jpg 2048w, https:\/\/familie-weitgereist.de\/wp-content\/uploads\/2025\/01\/IMG_20250105_135217-1200x900.jpg 1200w, https:\/\/familie-weitgereist.de\/wp-content\/uploads\/2025\/01\/IMG_20250105_135217-1980x1485.jpg 1980w, https:\/\/familie-weitgereist.de\/wp-content\/uploads\/2025\/01\/IMG_20250105_135217-150x113.jpg 150w\" sizes=\"auto, (max-width: 1024px) 100vw, 1024px\" \/><figcaption class=\"wp-element-caption\">Riga, Lettland<\/figcaption><\/figure>\n\n\n\n<p>Ende Januar verbrachten wir eine Woche unseren Ski- und Snowboardurlaub im <strong><a href=\"https:\/\/familie-weitgereist.de\/?p=20892\" data-type=\"link\" data-id=\"https:\/\/familie-weitgereist.de\/?p=20892\">Bayrischen Wald<\/a><\/strong>. Philipp erweiterte seine Snowboardkenntnisse und Merlin hatte wieder richtig viel Spa\u00df beim Skifahren. Selbst Maris liebte es seine ersten Versuche auf Skis zu machen. Zudem haben wir mit unserer G\u00e4stekarte noch ganz viele weitere tolle Dinge im Bayerischen Wald unternommen.<\/p>\n\n\n\n<figure class=\"wp-block-image size-large\"><img loading=\"lazy\" decoding=\"async\" width=\"1024\" height=\"768\" src=\"https:\/\/familie-weitgereist.de\/wp-content\/uploads\/2025\/01\/IMG_20250130_150445-1024x768.jpg\" alt=\"\" class=\"wp-image-20941\" srcset=\"https:\/\/familie-weitgereist.de\/wp-content\/uploads\/2025\/01\/IMG_20250130_150445-1024x768.jpg 1024w, https:\/\/familie-weitgereist.de\/wp-content\/uploads\/2025\/01\/IMG_20250130_150445-300x225.jpg 300w, https:\/\/familie-weitgereist.de\/wp-content\/uploads\/2025\/01\/IMG_20250130_150445-768x576.jpg 768w, https:\/\/familie-weitgereist.de\/wp-content\/uploads\/2025\/01\/IMG_20250130_150445-1536x1152.jpg 1536w, https:\/\/familie-weitgereist.de\/wp-content\/uploads\/2025\/01\/IMG_20250130_150445-2048x1536.jpg 2048w, https:\/\/familie-weitgereist.de\/wp-content\/uploads\/2025\/01\/IMG_20250130_150445-1200x900.jpg 1200w, https:\/\/familie-weitgereist.de\/wp-content\/uploads\/2025\/01\/IMG_20250130_150445-1980x1485.jpg 1980w, https:\/\/familie-weitgereist.de\/wp-content\/uploads\/2025\/01\/IMG_20250130_150445-150x113.jpg 150w\" sizes=\"auto, (max-width: 1024px) 100vw, 1024px\" \/><figcaption class=\"wp-element-caption\">Bayrischer Wald, Deutschland<\/figcaption><\/figure>\n\n\n\n<p>Im Januar waren wir 10 Tage unterwegs.<\/p>\n\n\n\n<p><strong>Februar 2025<\/strong><\/p>\n\n\n\n<p>Im Februar sind wir noch einmal auf eine l\u00e4ngere Europareise gestartet, bevor unser 3. Baby auf die Welt kommt. Gestartet sind wir mit einem kleinen <strong><a href=\"https:\/\/familie-weitgereist.de\/?p=21031\" data-type=\"link\" data-id=\"https:\/\/familie-weitgereist.de\/?p=21031\">Roadtrip durch Italien<\/a><\/strong>, das wir haupts\u00e4chlich als Durchreiseland nutzen, jedoch auch neue Orte erkundet haben.<\/p>\n\n\n\n<figure class=\"wp-block-image size-large\"><img loading=\"lazy\" decoding=\"async\" width=\"1024\" height=\"768\" src=\"https:\/\/familie-weitgereist.de\/wp-content\/uploads\/2025\/02\/IMG_20250217_123912-1024x768.jpg\" alt=\"\" class=\"wp-image-21049\" srcset=\"https:\/\/familie-weitgereist.de\/wp-content\/uploads\/2025\/02\/IMG_20250217_123912-1024x768.jpg 1024w, https:\/\/familie-weitgereist.de\/wp-content\/uploads\/2025\/02\/IMG_20250217_123912-300x225.jpg 300w, https:\/\/familie-weitgereist.de\/wp-content\/uploads\/2025\/02\/IMG_20250217_123912-768x576.jpg 768w, https:\/\/familie-weitgereist.de\/wp-content\/uploads\/2025\/02\/IMG_20250217_123912-1536x1152.jpg 1536w, https:\/\/familie-weitgereist.de\/wp-content\/uploads\/2025\/02\/IMG_20250217_123912-2048x1536.jpg 2048w, https:\/\/familie-weitgereist.de\/wp-content\/uploads\/2025\/02\/IMG_20250217_123912-1200x900.jpg 1200w, https:\/\/familie-weitgereist.de\/wp-content\/uploads\/2025\/02\/IMG_20250217_123912-1980x1485.jpg 1980w, https:\/\/familie-weitgereist.de\/wp-content\/uploads\/2025\/02\/IMG_20250217_123912-150x113.jpg 150w\" sizes=\"auto, (max-width: 1024px) 100vw, 1024px\" \/><figcaption class=\"wp-element-caption\">Ferrara, Italien<\/figcaption><\/figure>\n\n\n\n<p>Wir haben auf dem Weg nach Ancona, wo unsere F\u00e4hre nach Igoumenitsa in Griechenland fuhr, das kleine Land <strong><a href=\"https:\/\/familie-weitgereist.de\/?p=21056\" data-type=\"link\" data-id=\"https:\/\/familie-weitgereist.de\/?p=21056\">San Marino<\/a> <\/strong>erkundet.<\/p>\n\n\n\n<figure class=\"wp-block-image size-large\"><img loading=\"lazy\" decoding=\"async\" width=\"1024\" height=\"768\" src=\"https:\/\/familie-weitgereist.de\/wp-content\/uploads\/2025\/02\/IMG_20250218_124135-1024x768.jpg\" alt=\"\" class=\"wp-image-21068\" srcset=\"https:\/\/familie-weitgereist.de\/wp-content\/uploads\/2025\/02\/IMG_20250218_124135-1024x768.jpg 1024w, https:\/\/familie-weitgereist.de\/wp-content\/uploads\/2025\/02\/IMG_20250218_124135-300x225.jpg 300w, https:\/\/familie-weitgereist.de\/wp-content\/uploads\/2025\/02\/IMG_20250218_124135-768x576.jpg 768w, https:\/\/familie-weitgereist.de\/wp-content\/uploads\/2025\/02\/IMG_20250218_124135-1536x1152.jpg 1536w, https:\/\/familie-weitgereist.de\/wp-content\/uploads\/2025\/02\/IMG_20250218_124135-2048x1536.jpg 2048w, https:\/\/familie-weitgereist.de\/wp-content\/uploads\/2025\/02\/IMG_20250218_124135-1200x900.jpg 1200w, https:\/\/familie-weitgereist.de\/wp-content\/uploads\/2025\/02\/IMG_20250218_124135-1980x1485.jpg 1980w, https:\/\/familie-weitgereist.de\/wp-content\/uploads\/2025\/02\/IMG_20250218_124135-150x113.jpg 150w\" sizes=\"auto, (max-width: 1024px) 100vw, 1024px\" \/><figcaption class=\"wp-element-caption\">San Marino<\/figcaption><\/figure>\n\n\n\n<p>Als wir in <strong><a href=\"https:\/\/familie-weitgereist.de\/?p=21116\" data-type=\"link\" data-id=\"https:\/\/familie-weitgereist.de\/?p=21116\">Griechenland<\/a><\/strong> ankamen, startete unser <strong>Workation Aufenthalt<\/strong>. Philipp arbeitete von unterwegs und die Jungs und ich unternahmen kleine Erkundungen am Vormittag. Nachmittags und an den Wochenenden erkundeten wir als Familie die Gegend. Gestartet haben wir unseren Workation Aufenthalt auf der kleinen Insel <strong>Lefkada<\/strong>. Anschlie\u00dfend verbrachten wir eine Woche in <strong>Peraia, einem kleinen K\u00fcstenort unweit von Thessaloniki<\/strong>.<\/p>\n\n\n\n<figure class=\"wp-block-image size-large\"><img loading=\"lazy\" decoding=\"async\" width=\"1024\" height=\"768\" src=\"https:\/\/familie-weitgereist.de\/wp-content\/uploads\/2025\/03\/IMG_20250301_144118-1024x768.jpg\" alt=\"\" class=\"wp-image-21201\" srcset=\"https:\/\/familie-weitgereist.de\/wp-content\/uploads\/2025\/03\/IMG_20250301_144118-1024x768.jpg 1024w, https:\/\/familie-weitgereist.de\/wp-content\/uploads\/2025\/03\/IMG_20250301_144118-300x225.jpg 300w, https:\/\/familie-weitgereist.de\/wp-content\/uploads\/2025\/03\/IMG_20250301_144118-768x576.jpg 768w, https:\/\/familie-weitgereist.de\/wp-content\/uploads\/2025\/03\/IMG_20250301_144118-1536x1152.jpg 1536w, https:\/\/familie-weitgereist.de\/wp-content\/uploads\/2025\/03\/IMG_20250301_144118-2048x1536.jpg 2048w, https:\/\/familie-weitgereist.de\/wp-content\/uploads\/2025\/03\/IMG_20250301_144118-1200x900.jpg 1200w, https:\/\/familie-weitgereist.de\/wp-content\/uploads\/2025\/03\/IMG_20250301_144118-1980x1485.jpg 1980w, https:\/\/familie-weitgereist.de\/wp-content\/uploads\/2025\/03\/IMG_20250301_144118-150x113.jpg 150w\" sizes=\"auto, (max-width: 1024px) 100vw, 1024px\" \/><figcaption class=\"wp-element-caption\">Lefkada, Griechenland<\/figcaption><\/figure>\n\n\n\n<p>Im Februar waren wir 15 Tage unterwegs.<\/p>\n\n\n\n<p><strong>M\u00e4rz 2025<\/strong><\/p>\n\n\n\n<p>Bis Mitte M\u00e4rz waren wir noch in <strong><a href=\"https:\/\/familie-weitgereist.de\/?p=21116\" data-type=\"link\" data-id=\"https:\/\/familie-weitgereist.de\/?p=21116\">Griechenland<\/a><\/strong> unterwegs. Anschlie\u00dfend reisten wir weiter nach <strong><a href=\"https:\/\/familie-weitgereist.de\/?p=21337\" data-type=\"link\" data-id=\"https:\/\/familie-weitgereist.de\/?p=21337\">Bulgarien<\/a><\/strong>. Dort waren wir eine Woche in der <strong>\u00e4ltesten Stadt Bulgariens: Plovdiv<\/strong>.<\/p>\n\n\n\n<figure class=\"wp-block-image size-large\"><img loading=\"lazy\" decoding=\"async\" width=\"1024\" height=\"768\" src=\"https:\/\/familie-weitgereist.de\/wp-content\/uploads\/2025\/03\/IMG_20250319_130538-1024x768.jpg\" alt=\"\" class=\"wp-image-21355\" srcset=\"https:\/\/familie-weitgereist.de\/wp-content\/uploads\/2025\/03\/IMG_20250319_130538-1024x768.jpg 1024w, https:\/\/familie-weitgereist.de\/wp-content\/uploads\/2025\/03\/IMG_20250319_130538-300x225.jpg 300w, https:\/\/familie-weitgereist.de\/wp-content\/uploads\/2025\/03\/IMG_20250319_130538-768x576.jpg 768w, https:\/\/familie-weitgereist.de\/wp-content\/uploads\/2025\/03\/IMG_20250319_130538-1536x1152.jpg 1536w, https:\/\/familie-weitgereist.de\/wp-content\/uploads\/2025\/03\/IMG_20250319_130538-2048x1536.jpg 2048w, https:\/\/familie-weitgereist.de\/wp-content\/uploads\/2025\/03\/IMG_20250319_130538-1200x900.jpg 1200w, https:\/\/familie-weitgereist.de\/wp-content\/uploads\/2025\/03\/IMG_20250319_130538-1980x1485.jpg 1980w, https:\/\/familie-weitgereist.de\/wp-content\/uploads\/2025\/03\/IMG_20250319_130538-150x113.jpg 150w\" sizes=\"auto, (max-width: 1024px) 100vw, 1024px\" \/><figcaption class=\"wp-element-caption\">Plovdiv, Bulgarien<\/figcaption><\/figure>\n\n\n\n<p>Von Plovdiv in Bulgarien sind wir weiter n\u00f6rdlich nach <strong><a href=\"https:\/\/familie-weitgereist.de\/?p=21444\" data-type=\"link\" data-id=\"https:\/\/familie-weitgereist.de\/?p=21444\">Sokobanja in Serbien<\/a><\/strong> gereist. F\u00fcr uns war es das erste Mal in Serbien und Sokobanja ist ein anerkannter Kurort, mitten in den serbischen W\u00e4ldern.<\/p>\n\n\n\n<figure class=\"wp-block-image size-large\"><img loading=\"lazy\" decoding=\"async\" width=\"1024\" height=\"768\" src=\"https:\/\/familie-weitgereist.de\/wp-content\/uploads\/2025\/03\/IMG_20250325_172638-1024x768.jpg\" alt=\"\" class=\"wp-image-21495\" srcset=\"https:\/\/familie-weitgereist.de\/wp-content\/uploads\/2025\/03\/IMG_20250325_172638-1024x768.jpg 1024w, https:\/\/familie-weitgereist.de\/wp-content\/uploads\/2025\/03\/IMG_20250325_172638-300x225.jpg 300w, https:\/\/familie-weitgereist.de\/wp-content\/uploads\/2025\/03\/IMG_20250325_172638-768x576.jpg 768w, https:\/\/familie-weitgereist.de\/wp-content\/uploads\/2025\/03\/IMG_20250325_172638-1536x1152.jpg 1536w, https:\/\/familie-weitgereist.de\/wp-content\/uploads\/2025\/03\/IMG_20250325_172638-2048x1536.jpg 2048w, https:\/\/familie-weitgereist.de\/wp-content\/uploads\/2025\/03\/IMG_20250325_172638-1200x900.jpg 1200w, https:\/\/familie-weitgereist.de\/wp-content\/uploads\/2025\/03\/IMG_20250325_172638-1980x1485.jpg 1980w, https:\/\/familie-weitgereist.de\/wp-content\/uploads\/2025\/03\/IMG_20250325_172638-150x113.jpg 150w\" sizes=\"auto, (max-width: 1024px) 100vw, 1024px\" \/><figcaption class=\"wp-element-caption\">Sokobanja, Serbien<\/figcaption><\/figure>\n\n\n\n<p>Im M\u00e4rz waren wir 31 Tage unterwegs.<\/p>\n\n\n\n<p><strong>April 2025<\/strong><\/p>\n\n\n\n<p>Anfang April ging es f\u00fcr uns weiter von Serbien nach <strong><a href=\"https:\/\/familie-weitgereist.de\/?p=21527\" data-type=\"link\" data-id=\"https:\/\/familie-weitgereist.de\/?p=21527\">Ungarn an den Balaton<\/a><\/strong>. Wir haben eine Woche in <strong>Si\u00f3fok<\/strong> verbracht.<\/p>\n\n\n\n<figure class=\"wp-block-image size-large\"><img loading=\"lazy\" decoding=\"async\" width=\"1024\" height=\"768\" src=\"https:\/\/familie-weitgereist.de\/wp-content\/uploads\/2025\/04\/IMG_20250402_114154-1024x768.jpg\" alt=\"\" class=\"wp-image-21566\" srcset=\"https:\/\/familie-weitgereist.de\/wp-content\/uploads\/2025\/04\/IMG_20250402_114154-1024x768.jpg 1024w, https:\/\/familie-weitgereist.de\/wp-content\/uploads\/2025\/04\/IMG_20250402_114154-300x225.jpg 300w, https:\/\/familie-weitgereist.de\/wp-content\/uploads\/2025\/04\/IMG_20250402_114154-768x576.jpg 768w, https:\/\/familie-weitgereist.de\/wp-content\/uploads\/2025\/04\/IMG_20250402_114154-1536x1152.jpg 1536w, https:\/\/familie-weitgereist.de\/wp-content\/uploads\/2025\/04\/IMG_20250402_114154-2048x1536.jpg 2048w, https:\/\/familie-weitgereist.de\/wp-content\/uploads\/2025\/04\/IMG_20250402_114154-1200x900.jpg 1200w, https:\/\/familie-weitgereist.de\/wp-content\/uploads\/2025\/04\/IMG_20250402_114154-1980x1485.jpg 1980w, https:\/\/familie-weitgereist.de\/wp-content\/uploads\/2025\/04\/IMG_20250402_114154-150x113.jpg 150w\" sizes=\"auto, (max-width: 1024px) 100vw, 1024px\" \/><figcaption class=\"wp-element-caption\">Balaton, Ungarn<\/figcaption><\/figure>\n\n\n\n<p>Im April waren wir 6 Tage unterwegs.<\/p>\n\n\n\n<p><strong>Mai 2025<\/strong><\/p>\n\n\n\n<p>Im Mai waren wir zu Hause und haben in unserer n\u00e4heren Umgebung viele kleine Ausfl\u00fcge gemacht, u.a. in den <strong><a href=\"https:\/\/familie-weitgereist.de\/?p=1374\" data-type=\"link\" data-id=\"https:\/\/familie-weitgereist.de\/?p=1374\">Spreewald<\/a><\/strong> und nach <strong><a href=\"https:\/\/familie-weitgereist.de\/?p=21700\" data-type=\"link\" data-id=\"https:\/\/familie-weitgereist.de\/?p=21700\">G\u00f6rlitz in der Oberlausitz<\/a><\/strong>.<\/p>\n\n\n\n<figure class=\"wp-block-image size-large\"><img loading=\"lazy\" decoding=\"async\" width=\"1024\" height=\"768\" src=\"https:\/\/familie-weitgereist.de\/wp-content\/uploads\/2025\/06\/1000000302-1024x768.jpg\" alt=\"\" class=\"wp-image-21793\" srcset=\"https:\/\/familie-weitgereist.de\/wp-content\/uploads\/2025\/06\/1000000302-1024x768.jpg 1024w, https:\/\/familie-weitgereist.de\/wp-content\/uploads\/2025\/06\/1000000302-300x225.jpg 300w, https:\/\/familie-weitgereist.de\/wp-content\/uploads\/2025\/06\/1000000302-768x576.jpg 768w, https:\/\/familie-weitgereist.de\/wp-content\/uploads\/2025\/06\/1000000302-1536x1152.jpg 1536w, https:\/\/familie-weitgereist.de\/wp-content\/uploads\/2025\/06\/1000000302-2048x1536.jpg 2048w, https:\/\/familie-weitgereist.de\/wp-content\/uploads\/2025\/06\/1000000302-1200x900.jpg 1200w, https:\/\/familie-weitgereist.de\/wp-content\/uploads\/2025\/06\/1000000302-1980x1485.jpg 1980w, https:\/\/familie-weitgereist.de\/wp-content\/uploads\/2025\/06\/1000000302-150x113.jpg 150w\" sizes=\"auto, (max-width: 1024px) 100vw, 1024px\" \/><figcaption class=\"wp-element-caption\">Spreewald, Deutschland<\/figcaption><\/figure>\n\n\n\n<p><strong>Juni 2025<\/strong><\/p>\n\n\n\n<p>Im Juni haben wir unser <strong><a href=\"https:\/\/familie-weitgereist.de\/?p=11691\" data-type=\"link\" data-id=\"https:\/\/familie-weitgereist.de\/?p=11691\">Wochenbett<\/a><\/strong> genossen und Tagesausfl\u00fcge in die <strong><a href=\"https:\/\/familie-weitgereist.de\/?p=11691\" data-type=\"link\" data-id=\"https:\/\/familie-weitgereist.de\/?p=11691\">Oberlausitz in Sachsen und Polen<\/a><\/strong> unternommen.<\/p>\n\n\n\n<figure class=\"wp-block-image size-large\"><img loading=\"lazy\" decoding=\"async\" width=\"1024\" height=\"768\" src=\"https:\/\/familie-weitgereist.de\/wp-content\/uploads\/2025\/06\/1000000780-1-1024x768.jpg\" alt=\"\" class=\"wp-image-21829\" srcset=\"https:\/\/familie-weitgereist.de\/wp-content\/uploads\/2025\/06\/1000000780-1-1024x768.jpg 1024w, https:\/\/familie-weitgereist.de\/wp-content\/uploads\/2025\/06\/1000000780-1-300x225.jpg 300w, https:\/\/familie-weitgereist.de\/wp-content\/uploads\/2025\/06\/1000000780-1-768x576.jpg 768w, https:\/\/familie-weitgereist.de\/wp-content\/uploads\/2025\/06\/1000000780-1-1536x1152.jpg 1536w, https:\/\/familie-weitgereist.de\/wp-content\/uploads\/2025\/06\/1000000780-1-2048x1536.jpg 2048w, https:\/\/familie-weitgereist.de\/wp-content\/uploads\/2025\/06\/1000000780-1-1200x900.jpg 1200w, https:\/\/familie-weitgereist.de\/wp-content\/uploads\/2025\/06\/1000000780-1-1980x1485.jpg 1980w, https:\/\/familie-weitgereist.de\/wp-content\/uploads\/2025\/06\/1000000780-1-150x113.jpg 150w\" sizes=\"auto, (max-width: 1024px) 100vw, 1024px\" \/><figcaption class=\"wp-element-caption\">Nochten, Deutschland<\/figcaption><\/figure>\n\n\n\n<p><strong>Juli 2025<\/strong><\/p>\n\n\n\n<p>Im Juli starteten wir unsere erste Camperreise zu f\u00fcnft! Es war so sch\u00f6n und auch Madita liebt das Reisen im Camper. Wir haben uns <strong><a href=\"https:\/\/familie-weitgereist.de\/?p=22121\" data-type=\"link\" data-id=\"https:\/\/familie-weitgereist.de\/?p=22121\">Bremen<\/a><\/strong> und die kleine Stadt <strong>Leer (Ostfriesland) <\/strong>angesehen. Somit haben Philipp und Michaela alle Bundesl\u00e4nder in Deutschland bereist. Juhu! \ud83d\ude42<\/p>\n\n\n\n<figure class=\"wp-block-image size-large\"><img loading=\"lazy\" decoding=\"async\" width=\"768\" height=\"1024\" src=\"https:\/\/familie-weitgereist.de\/wp-content\/uploads\/2025\/07\/1000003853-768x1024.jpg\" alt=\"\" class=\"wp-image-22123\" srcset=\"https:\/\/familie-weitgereist.de\/wp-content\/uploads\/2025\/07\/1000003853-768x1024.jpg 768w, https:\/\/familie-weitgereist.de\/wp-content\/uploads\/2025\/07\/1000003853-225x300.jpg 225w, https:\/\/familie-weitgereist.de\/wp-content\/uploads\/2025\/07\/1000003853-1152x1536.jpg 1152w, https:\/\/familie-weitgereist.de\/wp-content\/uploads\/2025\/07\/1000003853-1536x2048.jpg 1536w, https:\/\/familie-weitgereist.de\/wp-content\/uploads\/2025\/07\/1000003853-1200x1600.jpg 1200w, https:\/\/familie-weitgereist.de\/wp-content\/uploads\/2025\/07\/1000003853-1980x2640.jpg 1980w, https:\/\/familie-weitgereist.de\/wp-content\/uploads\/2025\/07\/1000003853-640x853.jpg 640w, https:\/\/familie-weitgereist.de\/wp-content\/uploads\/2025\/07\/1000003853-150x200.jpg 150w, https:\/\/familie-weitgereist.de\/wp-content\/uploads\/2025\/07\/1000003853-scaled.jpg 1920w\" sizes=\"auto, (max-width: 768px) 100vw, 768px\" \/><figcaption class=\"wp-element-caption\">Bremen, Deutschland<\/figcaption><\/figure>\n\n\n\n<p>Anschlie\u00dfend reisten wir weiter in die <strong><a href=\"https:\/\/familie-weitgereist.de\/?p=22101\" data-type=\"link\" data-id=\"https:\/\/familie-weitgereist.de\/?p=22101\">Niederlande<\/a><\/strong> und erkundeten das familienfreundliche Land mit unseren drei Kindern. Einfach sch\u00f6n!<\/p>\n\n\n\n<figure class=\"wp-block-image size-large\"><img loading=\"lazy\" decoding=\"async\" width=\"1024\" height=\"768\" src=\"https:\/\/familie-weitgereist.de\/wp-content\/uploads\/2025\/07\/1000004767-1024x768.jpg\" alt=\"\" class=\"wp-image-22259\" srcset=\"https:\/\/familie-weitgereist.de\/wp-content\/uploads\/2025\/07\/1000004767-1024x768.jpg 1024w, https:\/\/familie-weitgereist.de\/wp-content\/uploads\/2025\/07\/1000004767-300x225.jpg 300w, https:\/\/familie-weitgereist.de\/wp-content\/uploads\/2025\/07\/1000004767-768x576.jpg 768w, https:\/\/familie-weitgereist.de\/wp-content\/uploads\/2025\/07\/1000004767-1536x1152.jpg 1536w, https:\/\/familie-weitgereist.de\/wp-content\/uploads\/2025\/07\/1000004767-2048x1536.jpg 2048w, https:\/\/familie-weitgereist.de\/wp-content\/uploads\/2025\/07\/1000004767-1200x900.jpg 1200w, https:\/\/familie-weitgereist.de\/wp-content\/uploads\/2025\/07\/1000004767-1980x1485.jpg 1980w, https:\/\/familie-weitgereist.de\/wp-content\/uploads\/2025\/07\/1000004767-150x113.jpg 150w\" sizes=\"auto, (max-width: 1024px) 100vw, 1024px\" \/><figcaption class=\"wp-element-caption\">Haarlem, Niederlande<\/figcaption><\/figure>\n\n\n\n<p>Wir haben <a href=\"https:\/\/familie-weitgereist.de\/?p=22101\" data-type=\"link\" data-id=\"https:\/\/familie-weitgereist.de\/?p=22101\"><strong>Baarle-Nassau \/ Baarle-Hertog<\/strong> <\/a>besucht und schlenderten durch den Ort mit den meisten Enklaven weltweit und somit auch <strong>Belgien<\/strong>.<\/p>\n\n\n\n<figure class=\"wp-block-image size-large\"><img loading=\"lazy\" decoding=\"async\" width=\"1024\" height=\"768\" src=\"https:\/\/familie-weitgereist.de\/wp-content\/uploads\/2025\/07\/1000005558-1024x768.jpg\" alt=\"\" class=\"wp-image-22338\" srcset=\"https:\/\/familie-weitgereist.de\/wp-content\/uploads\/2025\/07\/1000005558-1024x768.jpg 1024w, https:\/\/familie-weitgereist.de\/wp-content\/uploads\/2025\/07\/1000005558-300x225.jpg 300w, https:\/\/familie-weitgereist.de\/wp-content\/uploads\/2025\/07\/1000005558-768x576.jpg 768w, https:\/\/familie-weitgereist.de\/wp-content\/uploads\/2025\/07\/1000005558-1536x1152.jpg 1536w, https:\/\/familie-weitgereist.de\/wp-content\/uploads\/2025\/07\/1000005558-2048x1536.jpg 2048w, https:\/\/familie-weitgereist.de\/wp-content\/uploads\/2025\/07\/1000005558-1200x900.jpg 1200w, https:\/\/familie-weitgereist.de\/wp-content\/uploads\/2025\/07\/1000005558-1980x1485.jpg 1980w, https:\/\/familie-weitgereist.de\/wp-content\/uploads\/2025\/07\/1000005558-150x113.jpg 150w\" sizes=\"auto, (max-width: 1024px) 100vw, 1024px\" \/><figcaption class=\"wp-element-caption\">Baarle-Nassau, Belgien \/ Niederlande<\/figcaption><\/figure>\n\n\n\n<p>Auf dem R\u00fcckweg von unserem Campertrip durch die Niederlande und Belgien haben wir zwei sch\u00f6ne Ausfl\u00fcge in <strong><a href=\"https:\/\/familie-weitgereist.de\/?p=16837\" data-type=\"link\" data-id=\"https:\/\/familie-weitgereist.de\/?p=16837\">Nordrhein-Westfalen<\/a><\/strong> unternommen.<\/p>\n\n\n\n<figure class=\"wp-block-image size-large\"><img loading=\"lazy\" decoding=\"async\" width=\"1024\" height=\"768\" src=\"https:\/\/familie-weitgereist.de\/wp-content\/uploads\/2025\/07\/1000005852-1024x768.jpg\" alt=\"\" class=\"wp-image-22401\" srcset=\"https:\/\/familie-weitgereist.de\/wp-content\/uploads\/2025\/07\/1000005852-1024x768.jpg 1024w, https:\/\/familie-weitgereist.de\/wp-content\/uploads\/2025\/07\/1000005852-300x225.jpg 300w, https:\/\/familie-weitgereist.de\/wp-content\/uploads\/2025\/07\/1000005852-768x576.jpg 768w, https:\/\/familie-weitgereist.de\/wp-content\/uploads\/2025\/07\/1000005852-1536x1152.jpg 1536w, https:\/\/familie-weitgereist.de\/wp-content\/uploads\/2025\/07\/1000005852-2048x1536.jpg 2048w, https:\/\/familie-weitgereist.de\/wp-content\/uploads\/2025\/07\/1000005852-1200x900.jpg 1200w, https:\/\/familie-weitgereist.de\/wp-content\/uploads\/2025\/07\/1000005852-1980x1485.jpg 1980w, https:\/\/familie-weitgereist.de\/wp-content\/uploads\/2025\/07\/1000005852-150x113.jpg 150w\" sizes=\"auto, (max-width: 1024px) 100vw, 1024px\" \/><figcaption class=\"wp-element-caption\">Solingen, Deutschland<\/figcaption><\/figure>\n\n\n\n<p>Im Juli waren waren wir 12 Tage unterwegs.<\/p>\n\n\n\n<p><strong>August 2025<\/strong><\/p>\n\n\n\n<p>Im August haben wir uns wieder f\u00fcr eine lange Reise vorbereitet. Wir haben viele kleine Trips und Ausfl\u00fcge unternommen. Wir waren in <strong><a href=\"https:\/\/familie-weitgereist.de\/?p=16825\" data-type=\"link\" data-id=\"https:\/\/familie-weitgereist.de\/?p=16825\">Sachsen<\/a><\/strong> unterwegs und in der <strong><a href=\"https:\/\/familie-weitgereist.de\/?p=21800\" data-type=\"link\" data-id=\"https:\/\/familie-weitgereist.de\/?p=21800\">Oberlausitz<\/a><\/strong>. Einen <strong><a href=\"https:\/\/familie-weitgereist.de\/?p=22546\" data-type=\"link\" data-id=\"https:\/\/familie-weitgereist.de\/?p=22546\">Tagesausflug nach Glauchau<\/a><\/strong> haben wir ebenfalls unternommen.<\/p>\n\n\n\n<figure class=\"wp-block-image size-large\"><img loading=\"lazy\" decoding=\"async\" width=\"1024\" height=\"768\" src=\"https:\/\/familie-weitgereist.de\/wp-content\/uploads\/2025\/08\/1000008378-1024x768.jpg\" alt=\"\" class=\"wp-image-22563\" srcset=\"https:\/\/familie-weitgereist.de\/wp-content\/uploads\/2025\/08\/1000008378-1024x768.jpg 1024w, https:\/\/familie-weitgereist.de\/wp-content\/uploads\/2025\/08\/1000008378-300x225.jpg 300w, https:\/\/familie-weitgereist.de\/wp-content\/uploads\/2025\/08\/1000008378-768x576.jpg 768w, https:\/\/familie-weitgereist.de\/wp-content\/uploads\/2025\/08\/1000008378-1536x1152.jpg 1536w, https:\/\/familie-weitgereist.de\/wp-content\/uploads\/2025\/08\/1000008378-2048x1536.jpg 2048w, https:\/\/familie-weitgereist.de\/wp-content\/uploads\/2025\/08\/1000008378-1200x900.jpg 1200w, https:\/\/familie-weitgereist.de\/wp-content\/uploads\/2025\/08\/1000008378-1980x1485.jpg 1980w, https:\/\/familie-weitgereist.de\/wp-content\/uploads\/2025\/08\/1000008378-150x113.jpg 150w\" sizes=\"auto, (max-width: 1024px) 100vw, 1024px\" \/><figcaption class=\"wp-element-caption\">Glauchau, Deutschland<\/figcaption><\/figure>\n\n\n\n<p><strong>September 2025<\/strong><\/p>\n\n\n\n<p>Im September haben wir einen <strong><a href=\"https:\/\/familie-weitgereist.de\/?p=22714\" data-type=\"link\" data-id=\"https:\/\/familie-weitgereist.de\/?p=22714\">Roadtrip von Deutschland nach Gran Canaria<\/a> <\/strong>unternommen. Wir starteten in Deutschland, waren in der Schweiz, in Frankreich, in Andorra und in Spanien.<\/p>\n\n\n\n<figure class=\"wp-block-image size-large\"><img loading=\"lazy\" decoding=\"async\" width=\"1024\" height=\"768\" src=\"https:\/\/familie-weitgereist.de\/wp-content\/uploads\/2025\/09\/1000012760-1024x768.jpg\" alt=\"\" class=\"wp-image-22810\" srcset=\"https:\/\/familie-weitgereist.de\/wp-content\/uploads\/2025\/09\/1000012760-1024x768.jpg 1024w, https:\/\/familie-weitgereist.de\/wp-content\/uploads\/2025\/09\/1000012760-300x225.jpg 300w, https:\/\/familie-weitgereist.de\/wp-content\/uploads\/2025\/09\/1000012760-768x576.jpg 768w, https:\/\/familie-weitgereist.de\/wp-content\/uploads\/2025\/09\/1000012760-1536x1152.jpg 1536w, https:\/\/familie-weitgereist.de\/wp-content\/uploads\/2025\/09\/1000012760-2048x1536.jpg 2048w, https:\/\/familie-weitgereist.de\/wp-content\/uploads\/2025\/09\/1000012760-1200x900.jpg 1200w, https:\/\/familie-weitgereist.de\/wp-content\/uploads\/2025\/09\/1000012760-1980x1485.jpg 1980w, https:\/\/familie-weitgereist.de\/wp-content\/uploads\/2025\/09\/1000012760-150x113.jpg 150w\" sizes=\"auto, (max-width: 1024px) 100vw, 1024px\" \/><figcaption class=\"wp-element-caption\">Andorra la Vella, Andorra<\/figcaption><\/figure>\n\n\n\n<p>Im September haben wir mit unserem Camper drei weitere kanarische Inseln besucht. Wir sind mit der F\u00e4hre von Gran Canaria nach <strong><a href=\"https:\/\/familie-weitgereist.de\/?p=22959\" data-type=\"link\" data-id=\"https:\/\/familie-weitgereist.de\/?p=22959\">Fuerteventura<\/a><\/strong> gefahren und anschlie\u00dfend von Fuerteventura nach <strong><a href=\"https:\/\/familie-weitgereist.de\/?p=23155\" data-type=\"link\" data-id=\"https:\/\/familie-weitgereist.de\/?p=23155\">Lanzarote<\/a><\/strong>. Von dem kleinen Ort \u00d3rzola haben wir einen Tagesausflug auf die Insel <strong><a href=\"https:\/\/familie-weitgereist.de\/?p=23252\" data-type=\"link\" data-id=\"https:\/\/familie-weitgereist.de\/?p=23252\">La Graciosa<\/a><\/strong> gemacht. Die drei Inseln haben uns sehr gut gefallen mit ihrer vulkanischen Landschaft!<\/p>\n\n\n\n<figure class=\"wp-block-image size-large\"><img loading=\"lazy\" decoding=\"async\" width=\"768\" height=\"1024\" src=\"https:\/\/familie-weitgereist.de\/wp-content\/uploads\/2025\/09\/1000016389-768x1024.jpg\" alt=\"\" class=\"wp-image-23150\" srcset=\"https:\/\/familie-weitgereist.de\/wp-content\/uploads\/2025\/09\/1000016389-768x1024.jpg 768w, https:\/\/familie-weitgereist.de\/wp-content\/uploads\/2025\/09\/1000016389-225x300.jpg 225w, https:\/\/familie-weitgereist.de\/wp-content\/uploads\/2025\/09\/1000016389-1152x1536.jpg 1152w, https:\/\/familie-weitgereist.de\/wp-content\/uploads\/2025\/09\/1000016389-1536x2048.jpg 1536w, https:\/\/familie-weitgereist.de\/wp-content\/uploads\/2025\/09\/1000016389-1200x1600.jpg 1200w, https:\/\/familie-weitgereist.de\/wp-content\/uploads\/2025\/09\/1000016389-1980x2640.jpg 1980w, https:\/\/familie-weitgereist.de\/wp-content\/uploads\/2025\/09\/1000016389-640x853.jpg 640w, https:\/\/familie-weitgereist.de\/wp-content\/uploads\/2025\/09\/1000016389-150x200.jpg 150w, https:\/\/familie-weitgereist.de\/wp-content\/uploads\/2025\/09\/1000016389-scaled.jpg 1920w\" sizes=\"auto, (max-width: 768px) 100vw, 768px\" \/><figcaption class=\"wp-element-caption\">Calder\u00f3n Hondo, Fuerteventura <\/figcaption><\/figure>\n\n\n\n<p>Im September waren wir 30 Tage unterwegs.<\/p>\n\n\n\n<p><strong>Oktober 2025<\/strong><\/p>\n\n\n\n<p>Im Oktober waren wir auf Wohnungssuche auf <strong>Gran Canaria<\/strong>, haben einen Alltag auf der wundersch\u00f6nen Insel gestaltet und waren viel wandern. Wir haben <strong><a href=\"https:\/\/familie-weitgereist.de\/?p=23520\" data-type=\"link\" data-id=\"https:\/\/familie-weitgereist.de\/?p=23520\">sch\u00f6ne Parks und Spielpl\u00e4tze<\/a><\/strong> entdeckt.<\/p>\n\n\n\n<p>Desweiteren haben wir einen Roadtrip \u00fcber Teneriffa nach <strong><a href=\"https:\/\/familie-weitgereist.de\/?p=23643\" data-type=\"link\" data-id=\"https:\/\/familie-weitgereist.de\/?p=23643\">El Hierro<\/a><\/strong> unternommen. Juhu! Damit haben Philipp, Michaela und Merlin alle acht bewohnten kanarischen Inseln bereist. El Hierro ist die gr\u00fcnste der kanarischen Inseln und ein tolles Wanderparadies.<\/p>\n\n\n\n<figure class=\"wp-block-image size-large\"><img loading=\"lazy\" decoding=\"async\" width=\"1024\" height=\"768\" src=\"https:\/\/familie-weitgereist.de\/wp-content\/uploads\/2025\/10\/1000022055-1024x768.jpg\" alt=\"\" class=\"wp-image-23762\" srcset=\"https:\/\/familie-weitgereist.de\/wp-content\/uploads\/2025\/10\/1000022055-1024x768.jpg 1024w, https:\/\/familie-weitgereist.de\/wp-content\/uploads\/2025\/10\/1000022055-300x225.jpg 300w, https:\/\/familie-weitgereist.de\/wp-content\/uploads\/2025\/10\/1000022055-768x576.jpg 768w, https:\/\/familie-weitgereist.de\/wp-content\/uploads\/2025\/10\/1000022055-1536x1152.jpg 1536w, https:\/\/familie-weitgereist.de\/wp-content\/uploads\/2025\/10\/1000022055-2048x1536.jpg 2048w, https:\/\/familie-weitgereist.de\/wp-content\/uploads\/2025\/10\/1000022055-1200x900.jpg 1200w, https:\/\/familie-weitgereist.de\/wp-content\/uploads\/2025\/10\/1000022055-1980x1485.jpg 1980w, https:\/\/familie-weitgereist.de\/wp-content\/uploads\/2025\/10\/1000022055-150x113.jpg 150w\" sizes=\"auto, (max-width: 1024px) 100vw, 1024px\" \/><figcaption class=\"wp-element-caption\">Villa de Valverde, El Hierro<\/figcaption><\/figure>\n\n\n\n<p>Im Oktober waren wir 31 Tage unterwegs.<\/p>\n\n\n\n<p><strong>November 2025<\/strong><\/p>\n\n\n\n<p>Den November haben wir auf Gran Canaria verbracht. Merlin ging vormittags in die Schule und am Wochenende waren wir <strong><a href=\"https:\/\/familie-weitgereist.de\/?p=23464\" data-type=\"link\" data-id=\"https:\/\/familie-weitgereist.de\/?p=23464\">auf der Insel wandern<\/a><\/strong> und viele Erkundungen unternommen.<\/p>\n\n\n\n<figure class=\"wp-block-image size-large\"><img loading=\"lazy\" decoding=\"async\" width=\"1024\" height=\"768\" src=\"https:\/\/familie-weitgereist.de\/wp-content\/uploads\/2025\/11\/1000027617-1024x768.jpg\" alt=\"\" class=\"wp-image-24123\" srcset=\"https:\/\/familie-weitgereist.de\/wp-content\/uploads\/2025\/11\/1000027617-1024x768.jpg 1024w, https:\/\/familie-weitgereist.de\/wp-content\/uploads\/2025\/11\/1000027617-300x225.jpg 300w, https:\/\/familie-weitgereist.de\/wp-content\/uploads\/2025\/11\/1000027617-768x576.jpg 768w, https:\/\/familie-weitgereist.de\/wp-content\/uploads\/2025\/11\/1000027617-1536x1152.jpg 1536w, https:\/\/familie-weitgereist.de\/wp-content\/uploads\/2025\/11\/1000027617-2048x1536.jpg 2048w, https:\/\/familie-weitgereist.de\/wp-content\/uploads\/2025\/11\/1000027617-1200x900.jpg 1200w, https:\/\/familie-weitgereist.de\/wp-content\/uploads\/2025\/11\/1000027617-1980x1485.jpg 1980w, https:\/\/familie-weitgereist.de\/wp-content\/uploads\/2025\/11\/1000027617-150x113.jpg 150w\" sizes=\"auto, (max-width: 1024px) 100vw, 1024px\" \/><figcaption class=\"wp-element-caption\">Tejeda, Gran Canaria<\/figcaption><\/figure>\n\n\n\n<p>Im November waren wir 30 Tage unterwegs.<\/p>\n\n\n\n<p><strong>Dezember 2025<\/strong><\/p>\n\n\n\n<p>Die Adventszeit haben wir auf Gran Canaria verbracht. In den Weihnachtsferien haben wir wieder eine Reise unternommen. Wir sind mit der Bale\u00e0ria F\u00e4hre von Las Palmas de Gran Canaria nach Huelva gefahren. Wir haben einen <strong><a href=\"https:\/\/familie-weitgereist.de\/?p=12528\" data-type=\"link\" data-id=\"https:\/\/familie-weitgereist.de\/?p=12528\">Tagesausflug nach Gibraltar<\/a><\/strong> unternommen und waren an der <strong>Costa del Sol<\/strong> unterwegs. In dem Ort <strong>La Cala de Mijas <\/strong>haben wir \u00fcber Weihnachten eine Ferienwohnung genommen.<\/p>\n\n\n\n<figure class=\"wp-block-image size-large\"><img loading=\"lazy\" decoding=\"async\" width=\"1024\" height=\"768\" src=\"https:\/\/familie-weitgereist.de\/wp-content\/uploads\/2022\/12\/1000030629-1024x768.jpg\" alt=\"\" class=\"wp-image-24247\" srcset=\"https:\/\/familie-weitgereist.de\/wp-content\/uploads\/2022\/12\/1000030629-1024x768.jpg 1024w, https:\/\/familie-weitgereist.de\/wp-content\/uploads\/2022\/12\/1000030629-300x225.jpg 300w, https:\/\/familie-weitgereist.de\/wp-content\/uploads\/2022\/12\/1000030629-768x576.jpg 768w, https:\/\/familie-weitgereist.de\/wp-content\/uploads\/2022\/12\/1000030629-1536x1152.jpg 1536w, https:\/\/familie-weitgereist.de\/wp-content\/uploads\/2022\/12\/1000030629-2048x1536.jpg 2048w, https:\/\/familie-weitgereist.de\/wp-content\/uploads\/2022\/12\/1000030629-1200x900.jpg 1200w, https:\/\/familie-weitgereist.de\/wp-content\/uploads\/2022\/12\/1000030629-1980x1485.jpg 1980w, https:\/\/familie-weitgereist.de\/wp-content\/uploads\/2022\/12\/1000030629-150x113.jpg 150w\" sizes=\"auto, (max-width: 1024px) 100vw, 1024px\" \/><figcaption class=\"wp-element-caption\">Ben\u00e1lmadena, Spanien<\/figcaption><\/figure>\n\n\n\n<p>Kurz nach Weihnachten sind wir von M\u00e1laga nach <strong><a href=\"https:\/\/familie-weitgereist.de\/?p=24262\" data-type=\"link\" data-id=\"https:\/\/familie-weitgereist.de\/?p=24262\">Rom<\/a><\/strong> geflogen und haben die Ewige Stadt erkundet. Zudem waren unsere Kinder das erste Mal im kleinsten Land der Welt, <strong>Vatikanstadt<\/strong>.<\/p>\n\n\n\n<p>Im Dezember waren wir 31 Tage unterwegs.<\/p>\n\n\n\n<p><strong>Wir waren dieses Jahr 196 Tage unterwegs.<\/strong><\/p>\n\n\n\n<p><strong>Wir haben 13 F\u00e4hrfahrten unternommen.<\/strong><\/p>\n\n\n\n<p><strong>Wir sind 2 Mal mit dem Flugzeug geflogen.<\/strong><\/p>\n\n\n\n<p><strong>Wir haben dieses Jahr 19 L\u00e4nder bereist:<\/strong><\/p>\n\n\n\n<p>Lettland, Deutschland, \u00d6sterreich, Italien, San Marino, Griechenland, Bulgarien, Serbien, Ungarn, Tschechische Republik, Polen, Niederlande, Belgien, Schweiz, Frankreich, Andorra, Spanien, Vereinigtes K\u00f6nigreich Gro\u00dfbritannien und Nordirland (Gibraltar), Vatikanstadt<\/p>\n\n\n\n<p><strong>Wir haben dieses Jahr 11 Inseln bereist:<\/strong><\/p>\n\n\n\n<ul class=\"wp-block-list\">\n<li>Griechenland: Lefkada<\/li>\n\n\n\n<li>Niederlande: Goeree-Overflakkee, Schouwen-Duiveland, Sint-Philipsland<\/li>\n\n\n\n<li>Spanien: Gran Canaria, Fuerteventura, Lanzarote, Islote de Fermina, La Graciosa, Teneriffa, El Hierro<\/li>\n<\/ul>\n\n\n\n<p><strong>Michaela hat 2 neue L\u00e4nder bereist:<\/strong> Lettland, Serbien<\/p>\n\n\n\n<p><strong>Philipp hat 2 neue L\u00e4nder bereist: <\/strong>Lettland, Serbien<\/p>\n\n\n\n<p><strong>Merlin hat 6 neue L\u00e4nder bereist: <\/strong>Bulgarien, Lettland, Niederlande, San Marino, Serbien, Vatikanstadt<\/p>\n\n\n\n<p><strong>Maris hat 6 neue L\u00e4nder bereist:<\/strong> Bulgarien, Lettland, Niederlande, San Marino, Serbien, Vatikanstadt<\/p>\n\n\n\n<p><strong>Madita hat 11 neue L\u00e4nder bereist:<\/strong> Andorra, Belgien, Deutschland, Frankreich, Niederlande, Polen, Schweiz, Spanien, Vereinigtes K\u00f6nigreich Gro\u00dfbritannien und Nordirland (Gibraltar), Italien, Vatikanstadt<\/p>\n\n\n\n<p><strong>Zusammenfassung bis 2025:<\/strong><\/p>\n\n\n\n<p><strong>Michaela<\/strong><\/p>\n\n\n\n<p><strong>Europa 42 L\u00e4nder:&nbsp;<\/strong>Albanien, Andorra, Belgien, Bosnien-Herzegowina, Bulgarien, D\u00e4nemark (F\u00e4r\u00f6er Inseln), Deutschland, Estland, Finnland, Frankreich, Georgien, Griechenland, Island, Italien, Kroatien, Lettland, Liechtenstein, Luxemburg, Malta, Moldawien, Monaco, Montenegro, Niederlande, Nordmazedonien, Norwegen, \u00d6sterreich, Polen, Portugal, Rum\u00e4nien, San Marino, Schweden, Schweiz, Serbien, Slowakei, Slowenien, Spanien, Tschechische Republik, T\u00fcrkei, Ungarn, Vatikanstadt, Vereinigtes K\u00f6nigreich (Gibraltar), Zypern<\/p>\n\n\n\n<p><strong>Afrika 4 L\u00e4nder<\/strong>:&nbsp;Lesotho, Mauritius, Seychellen, S\u00fcdafrika<\/p>\n\n\n\n<p><strong>Amerika 9 L\u00e4nder<\/strong>:&nbsp;Belize, Bolivien, Chile, Guatemala, Kanada, Kuba, Mexiko, Peru, USA<\/p>\n\n\n\n<p><strong>Asien 11 L\u00e4nder:<\/strong>&nbsp;Brunei Darussalam, Indonesien, Japan, Kambodscha, Laos, Malaysia, Singapur, S\u00fcdkorea, Thailand, Vereinigte Arabische Emirate, Vietnam<\/p>\n\n\n\n<p><strong>Besuchte Inseln<\/strong>,&nbsp;<strong>152 Inseln in 32 L\u00e4ndern<\/strong>:<\/p>\n\n\n\n<p>\u2013&gt;&nbsp;<strong>Belize<\/strong>&nbsp;<strong>(1)<\/strong>: Caye Caulker<\/p>\n\n\n\n<p>\u2013&gt;&nbsp;<strong>Bolivien<\/strong>&nbsp;<strong>(1)<\/strong>: Islas Flotantes im Titicacasee<\/p>\n\n\n\n<p>\u2013&gt;&nbsp;<strong>Chile<\/strong>&nbsp;<strong>(1)<\/strong>: Osterinsel<\/p>\n\n\n\n<p>\u2013&gt;&nbsp;<strong>D\u00e4nemark<\/strong>&nbsp;<strong>(10)<\/strong>: F\u00e4r\u00f6er Inseln (Bor\u00f0oy, Eysturoy, Kunoy, Streymoy, V\u00e1gar, Vi\u00f0oy), Mand\u00f8, Mors, R\u00f8m\u00f8, Vendsyssel<\/p>\n\n\n\n<p>\u2013&gt;&nbsp;<strong>Deutschland<\/strong>&nbsp;<strong>(11)<\/strong>: Amrum, D\u00e4nholm, Fischland-Dar\u00df-Zingst, F\u00f6hr, Freundschaftsinsel (Potsdam), Helgoland, Hiddensee, Insel Mainau, Insel Poel, R\u00fcgen, Usedom<\/p>\n\n\n\n<p>\u2013&gt;&nbsp;<strong>Estland (1)<\/strong>: Hiiumaa<\/p>\n\n\n\n<p>\u2013&gt;&nbsp;<strong>Finnland (24)<\/strong>: \u00c5l\u00f6n, Attu, Bockholm, Ernholm, Granholmen, Harvaluoto, Hietasaari, Kanugrunden, Kirjala\u00f6n, Kuusisaari, Kuusisto, Kvarnholm, Lemlax\u00f6n, Lillandet, Lillholmen, Lillm\u00e4l\u00f6, Linnansaari, Mattholm, Mielisholm, Seurasaari, Skagholmen, Storlandet, Suomenlinna, V\u00e5no<\/p>\n\n\n\n<p>\u2013&gt;&nbsp;<strong>Frankreich<\/strong>&nbsp;<strong>(5)<\/strong>: \u00cele Sainte-Marguerite, Korsika, La R\u00e9union, Mayotte, Mont Saint-Michel<\/p>\n\n\n\n<p>\u2013&gt;&nbsp;<strong>Griechenland<\/strong>&nbsp;<strong>(8)<\/strong>: Etoliko, Ioannina Insel, Korfu, Kreta, Lefkada, Megisti, Rhodos, Rouga Paliabellou<\/p>\n\n\n\n<p>\u2013&gt;&nbsp;<strong>Indonesien<\/strong>&nbsp;<strong>(2)<\/strong>: Bali, Gili Air<\/p>\n\n\n\n<p>\u2013&gt;&nbsp;<strong>Island<\/strong>&nbsp;<strong>(1)<\/strong><\/p>\n\n\n\n<p>\u2013&gt;&nbsp;<strong>Italien<\/strong>&nbsp;<strong>(5)<\/strong>: Ortygia, Sant\u2019Antioco, Sardinien, Sizilien, Venedig<\/p>\n\n\n\n<p>\u2013&gt;&nbsp;<strong>Japan (1)<\/strong>: Miyajima<\/p>\n\n\n\n<p>\u2013&gt;&nbsp;<strong>Kroatien<\/strong>&nbsp;<strong>(12)<\/strong>: Bra\u010d, Ko\u0161ljun, Kor\u010dula, Krk, Murter, Otok \u010ciovo, Pag, Pelje\u0161ac, Prevlaka, Rab, Stari Grad Trogir, Vir<\/p>\n\n\n\n<p>\u2013&gt;&nbsp;<strong>Malaysia<\/strong>&nbsp;<strong>(1)<\/strong>: Penang<\/p>\n\n\n\n<p>\u2013&gt;&nbsp;<strong>Malta<\/strong>&nbsp;<strong>(3)<\/strong>: Malta, Manoel Island, Gozo<\/p>\n\n\n\n<p>\u2013&gt;&nbsp;<strong>Mauritius (1)<\/strong>: \u00cele aux Cerfs<\/p>\n\n\n\n<p>\u2013&gt;&nbsp;<strong>Montenegro (1)<\/strong>: Lu\u0161tica<\/p>\n\n\n\n<p>&#8211;&gt; <strong>Niederlande (3)<\/strong>: Goeree-Overflakkee, Schouwen-Duiveland, Sint-Philipsland <\/p>\n\n\n\n<p>\u2013&gt;&nbsp;<strong>Norwegen (18)<\/strong>: \u00c5rn\u00f8ya, Austv\u00e5g\u00f8ya, Bergs\u00f8ya, Flakstad\u00f8ya, Frei, Gims\u00f8ya, Hamn\u00f8y, Hendholmen, Hinn\u00f8ya, Husjord\u00f8ya, Mager\u00f8ya, Moskenes\u00f8ya, Nordlandet, Offers\u00f8ya, Olenils\u00f8ya, Sakris\u00f8ya, Teistholmen, Vestv\u00e5g\u00f8y<\/p>\n\n\n\n<p>\u2013&gt;&nbsp;<strong>Polen<\/strong>&nbsp;<strong>(1)<\/strong>: Wolin<\/p>\n\n\n\n<p>\u2013&gt;&nbsp;<strong>Portugal<\/strong>&nbsp;<strong>(1)<\/strong>: Madeira<\/p>\n\n\n\n<p>\u2013&gt;&nbsp;<strong>Schweden (9)<\/strong>: Bj\u00f6rn\u00f6, Daft\u00f6, Kullo, \u00d6dd\u00f6, \u00d6land, Salt\u00f6, Sm\u00f6gen, Svin\u00f6, Tj\u00e4rn\u00f6bo<\/p>\n\n\n\n<p>\u2013&gt;&nbsp;<strong>Seychellen (3)<\/strong>: Mah\u00e9, Praslin, La Digue<\/p>\n\n\n\n<p>\u2013&gt;&nbsp;<strong>Singapur (2)<\/strong>: Singapur, Sentosa<\/p>\n\n\n\n<p>\u2013&gt;&nbsp;<strong>Spanien<\/strong>&nbsp;<strong>(12)<\/strong>: El Hierro, Formentera, Fuerteventura, Gran Canaria, Ibiza, Islote de Fermina, La Gomera, La Graciosa, Lanzarote, La Palma, Mallorca, Teneriffa<\/p>\n\n\n\n<p>\u2013&gt;&nbsp;<strong>S\u00fcdkorea<\/strong>&nbsp;<strong>(<\/strong>2<strong>)<\/strong>: Jeju-do, U-do<\/p>\n\n\n\n<p>\u2013&gt;&nbsp;<strong>Thailand<\/strong>&nbsp;<strong>(1)<\/strong>: Koh Phangan, Koh Samui<\/p>\n\n\n\n<p>\u2013&gt;&nbsp;<strong>Tschechische Republik (2)<\/strong>: D\u011btsk\u00fd Ostrov, Slovansk\u00fd ostrov<\/p>\n\n\n\n<p>\u2013&gt;&nbsp;<strong>USA<\/strong>&nbsp;<strong>(1)<\/strong>: O\u2019ahu<\/p>\n\n\n\n<p>\u2013&gt;&nbsp;<strong>Vietnam (5)<\/strong>: C\u00e1t B\u00e0, C\u00e1t Dua, C\u00e1t Hai, Cam Nam, Thap Nghieng<\/p>\n\n\n\n<p>\u2013&gt;&nbsp;<strong>Zypern<\/strong>&nbsp;<strong>(1)<\/strong><\/p>\n\n\n\n<p>\u2013&gt;&nbsp;<strong>16 deutsche Bundesl\u00e4nder:<\/strong>&nbsp;Baden-W\u00fcrttemberg, Bayern, Berlin, Brandenburg, Bremen, Hamburg, Hessen, Mecklenburg-Vorpommern, Niedersachsen, Nordrhein-Westfalen, Rheinland-Pfalz, Saarland, Sachsen, Sachsen-Anhalt, Schleswig-Holstein, Th\u00fcringen<\/p>\n\n\n\n<p>\u2013&gt;&nbsp;<strong>16 US-Bundesstaaten<\/strong>: Arizona, Connecticut, Delaware, Florida, Hawaii, Illinois, Kalifornien, Maryland, Massachusetts, Michigan, Nevada, New Hampshire, New York, Pennsylvania, Vermont, Virginia<\/p>\n\n\n\n<p><strong>\u2013&gt; Insgesamt: 66 L\u00e4nder<\/strong><\/p>\n\n\n\n<p><strong>Reisel\u00e4nder in chronologischer Reihenfolge:<\/strong><\/p>\n\n\n\n<ul class=\"wp-block-list\">\n<li>1. Deutschland<\/li>\n\n\n\n<li>2. Tschechische Republik <\/li>\n\n\n\n<li>3. \u00d6sterreich <\/li>\n\n\n\n<li>4. Schweiz<\/li>\n\n\n\n<li>5. Malta<\/li>\n\n\n\n<li>6. Bulgarien<\/li>\n\n\n\n<li>7. USA<\/li>\n\n\n\n<li>8. Italien<\/li>\n\n\n\n<li>9. Vatikanstadt<\/li>\n\n\n\n<li>10. Frankreich<\/li>\n\n\n\n<li>11. Andorra<\/li>\n\n\n\n<li>12. Slowakei<\/li>\n\n\n\n<li>13. Schweden<\/li>\n\n\n\n<li>14. Norwegen<\/li>\n\n\n\n<li>15. Griechenland<\/li>\n\n\n\n<li>16. Die Niederlande<\/li>\n\n\n\n<li>17. Spanien<\/li>\n\n\n\n<li>18. Vereinigtes K\u00f6nigreich Gro\u00dfbritannien und Nordirland<\/li>\n\n\n\n<li>19. Portugal<\/li>\n\n\n\n<li>20. Ungarn<\/li>\n\n\n\n<li>21. Rum\u00e4nien <\/li>\n\n\n\n<li>22. Moldawien <\/li>\n\n\n\n<li>23. Nord Mazedonien <\/li>\n\n\n\n<li>24. Albanien<\/li>\n\n\n\n<li>25. Montenegro <\/li>\n\n\n\n<li>26. Kroatien <\/li>\n\n\n\n<li>27. Slowenien<\/li>\n\n\n\n<li>28. T\u00fcrkei<\/li>\n\n\n\n<li>29. Polen<\/li>\n\n\n\n<li>30. Mauritius <\/li>\n\n\n\n<li>31. S\u00fcdafrika<\/li>\n\n\n\n<li>32. Lesotho<\/li>\n\n\n\n<li>33. Zypern<\/li>\n\n\n\n<li>34. Chile<\/li>\n\n\n\n<li>35. Peru<\/li>\n\n\n\n<li>36. Bolivien<\/li>\n\n\n\n<li>37. Kanada<\/li>\n\n\n\n<li>38. Island<\/li>\n\n\n\n<li>39. San Marino<\/li>\n\n\n\n<li>40. Kuba<\/li>\n\n\n\n<li>41. Mexiko<\/li>\n\n\n\n<li>42. Belize<\/li>\n\n\n\n<li>43. Guatemala<\/li>\n\n\n\n<li>44. Japan<\/li>\n\n\n\n<li>45. Indonesien <\/li>\n\n\n\n<li>46. Kambodscha <\/li>\n\n\n\n<li>47. Thailand<\/li>\n\n\n\n<li>48. Malaysia<\/li>\n\n\n\n<li>49. Singapur<\/li>\n\n\n\n<li>50. S\u00fcdkorea <\/li>\n\n\n\n<li>51. Liechtenstein<\/li>\n\n\n\n<li>52. Belgien<\/li>\n\n\n\n<li>53. D\u00e4nemark <\/li>\n\n\n\n<li>54. Monaco<\/li>\n\n\n\n<li>55. Luxemburg <\/li>\n\n\n\n<li>56. Bosnien-Herzegowina<\/li>\n\n\n\n<li>57. Brunei-Darussalam <\/li>\n\n\n\n<li>58. Vietnam<\/li>\n\n\n\n<li>59. Laos<\/li>\n\n\n\n<li>60. Finnland <\/li>\n\n\n\n<li>61. Seychellen <\/li>\n\n\n\n<li>62. Georgien<\/li>\n\n\n\n<li>63. Vereinigte Arabische Emirate <\/li>\n\n\n\n<li>64. Estland<\/li>\n\n\n\n<li>65. Lettland <\/li>\n\n\n\n<li>66. Serbien<\/li>\n<\/ul>\n\n\n\n<p><strong>Philipp<\/strong><\/p>\n\n\n\n<p><strong>Europa 41 L\u00e4nder: <\/strong>Albanien, Andorra, Belgien, Bosnien-Herzegowina, Bulgarien, D\u00e4nemark (F\u00e4r\u00f6er Inseln), Deutschland, Estland, Finnland, Frankreich, Georgien, Griechenland, Island, Italien, Kroatien, Lettland, Liechtenstein, Luxemburg, Malta, Moldawien, Monaco, Montenegro, Niederlande, Nordmazedonien, Norwegen, \u00d6sterreich, Polen, Portugal, Rum\u00e4nien, San Marino, Schweden, Schweiz, Serbien, Slowakei, Slowenien, Spanien, Tschechische Republik, T\u00fcrkei, Ungarn, Vatikanstadt, Vereinigtes K\u00f6nigreich<\/p>\n\n\n\n<p><strong>Amerika 9 L\u00e4nder: <\/strong>Belize, Bolivien, Chile, Guatemala, Kanada, Kuba, Mexiko, Peru, USA<\/p>\n\n\n\n<p><strong>Asien 11 L\u00e4nder: <\/strong>Brunei Darussalam, Indonesien, Japan, Kambodscha, Laos, Malaysia, Singapur, S\u00fcdkorea, Thailand, Vereinigte Arabische Emirate, Vietnam<\/p>\n\n\n\n<p><strong>Afrika 1 Land:<\/strong> Seychellen<\/p>\n\n\n\n<p><strong>Besuchte Inseln, 141 Inseln in 29 L\u00e4ndern:<\/strong><\/p>\n\n\n\n<p>&#8211;&gt; <strong>Belize (1):<\/strong> Caye Caulker<\/p>\n\n\n\n<p>&#8211;&gt; <strong>Bolivien (1):<\/strong> Islas Flotantes im Titicacasee<\/p>\n\n\n\n<p>&#8211;&gt; <strong>Chile (1):<\/strong> Osterinsel<\/p>\n\n\n\n<p>\u2013&gt;&nbsp;<strong>D\u00e4nemark<\/strong>&nbsp;<strong>(10)<\/strong>: F\u00e4r\u00f6er Inseln (Bor\u00f0oy, Eysturoy, Kunoy, Streymoy, V\u00e1gar, Vi\u00f0oy), Mand\u00f8, Mors, R\u00f8m\u00f8, Vendsyssel<\/p>\n\n\n\n<p>\u2013&gt;&nbsp;<strong>Deutschland<\/strong>&nbsp;<strong>(8)<\/strong>: D\u00e4nholm, Fischland-Dar\u00df-Zingst, Freundschaftsinsel (Potsdam), Hiddensee, Insel Mainau, Insel Poel, R\u00fcgen, Usedom<\/p>\n\n\n\n<p>\u2013&gt;&nbsp;<strong>Estland (1)<\/strong>: Hiiumaa<\/p>\n\n\n\n<p>\u2013&gt;&nbsp;<strong>Finnland (24)<\/strong>: \u00c5l\u00f6n, Attu, Bockholm, Ernholm, Granholmen, Harvaluoto, Hietasaari, Kanugrunden, Kirjala\u00f6n, Kuusisaari, Kuusisto, Kvarnholm, Lemlax\u00f6n, Lillandet, Lillholmen, Lillm\u00e4l\u00f6, Linnansaari, Mattholm, Mielisholm, Seurasaari, Skagholmen, Storlandet, Suomenlinna, V\u00e5no<\/p>\n\n\n\n<p>\u2013&gt;&nbsp;<strong>Frankreich<\/strong>&nbsp;<strong>(3)<\/strong>: \u00cele Sainte-Marguerite, Korsika, Mont Saint-Michel<\/p>\n\n\n\n<p>\u2013&gt;&nbsp;<strong>Griechenland<\/strong>&nbsp;<strong>(6)<\/strong>: Etoliko, Ioannina Insel, Lefkada, Megisti, Rhodos, Rouga Paliabellou<\/p>\n\n\n\n<p>\u2013&gt;&nbsp;<strong>Indonesien<\/strong>&nbsp;<strong>(2)<\/strong>: Bali, Gili Air<\/p>\n\n\n\n<p>\u2013&gt;&nbsp;<strong>Island<\/strong>&nbsp;<strong>(1)<\/strong><\/p>\n\n\n\n<p>\u2013&gt;&nbsp;<strong>Italien<\/strong>&nbsp;<strong>(5)<\/strong>: Ortygia, Sant\u2019Antioco, Sardinien, Sizilien, Venedig<\/p>\n\n\n\n<p>\u2013&gt;&nbsp;<strong>Japan (1)<\/strong>: Miyajima<\/p>\n\n\n\n<p>\u2013&gt;&nbsp;<strong>Kroatien (12)<\/strong>: Bra\u010d, Ko\u0161ljun, Kor\u010dula, Krk, Murter, Otok \u010ciovo, Pag, Pelje\u0161ac, Prevlaka, Rab, Stari Grad Trogir, Vir<\/p>\n\n\n\n<p>\u2013&gt;&nbsp;<strong>Malaysia<\/strong>&nbsp;<strong>(1)<\/strong>: Penang<\/p>\n\n\n\n<p>\u2013&gt;&nbsp;<strong>Malta (3)<\/strong>: Malta, Manoel Island, Gozo<\/p>\n\n\n\n<p>\u2013&gt;&nbsp;<strong>Montenegro (1)<\/strong>: Lu\u0161tica<\/p>\n\n\n\n<p>&#8211;&gt; <strong>Niederlande (3)<\/strong>: Goeree-Overflakkee, Schouwen-Duiveland, Sint-Philipsland <\/p>\n\n\n\n<p>\u2013&gt;&nbsp;<strong>Norwegen (18):<\/strong>&nbsp;\u00c5rn\u00f8ya, Austv\u00e5g\u00f8ya, Bergs\u00f8ya, Flakstad\u00f8ya, Frei, Gims\u00f8ya, Hamn\u00f8y, Hendholmen, Hinn\u00f8ya, Husjord\u00f8ya, Mager\u00f8ya, Moskenes\u00f8ya, Nordlandet, Offers\u00f8ya, Olenils\u00f8ya, Sakris\u00f8ya, Teistholmen, Vestv\u00e5g\u00f8y<\/p>\n\n\n\n<p>\u2013&gt;&nbsp;<strong>Polen<\/strong>&nbsp;<strong>(1)<\/strong>: Wolin<\/p>\n\n\n\n<p>\u2013&gt;&nbsp;<strong>Schweden (9)<\/strong>: Bj\u00f6rn\u00f6, Daft\u00f6, Kullo, \u00d6dd\u00f6, \u00d6land, Salt\u00f6, Sm\u00f6gen, Svin\u00f6, Tj\u00e4rn\u00f6bo<\/p>\n\n\n\n<p>\u2013&gt;&nbsp;<strong>Seychellen (3)<\/strong>: Mah\u00e9, Praslin, La Digue<\/p>\n\n\n\n<p>\u2013&gt;&nbsp;<strong>Singapur (2)<\/strong>: Singapur, Sentosa<\/p>\n\n\n\n<p>\u2013&gt;&nbsp;<strong>Spanien<\/strong>&nbsp;<strong>(12)<\/strong>: El Hierro, Formentera, Fuerteventura, Gran Canaria, Ibiza, Islote de Fermina, La Gomera, La Graciosa, Lanzarote, La Palma, Mallorca, Teneriffa<\/p>\n\n\n\n<p>\u2013&gt;&nbsp;<strong>S\u00fcdkorea<\/strong>&nbsp;<strong>(2)<\/strong>: Jeju-do, U-do<\/p>\n\n\n\n<p>\u2013&gt;&nbsp;<strong>Thailand<\/strong>&nbsp;<strong>(2)<\/strong>: Koh Phangan, Koh Samui<\/p>\n\n\n\n<p>\u2013&gt;&nbsp;<strong>Tschechische Republik (2)<\/strong>: D\u011btsk\u00fd Ostrov, Slovansk\u00fd ostrov<\/p>\n\n\n\n<p>\u2013&gt;&nbsp;<strong>USA<\/strong>&nbsp;<strong>(1)<\/strong>: O\u2019ahu<\/p>\n\n\n\n<p>\u2013&gt;&nbsp;<strong>Vietnam (5)<\/strong>: C\u00e1t B\u00e0, C\u00e1t Dua, C\u00e1t Hai, Cam Nam, Thap Nghieng<\/p>\n\n\n\n<p>\u2013&gt;&nbsp;<strong>16 deutsche Bundesl\u00e4nder:<\/strong>&nbsp;Baden-W\u00fcrttemberg, Bayern, Berlin, Brandenburg, Bremen, Hamburg, Hessen, Mecklenburg-Vorpommern, Niedersachsen, Nordrhein-Westfalen, Rheinland-Pfalz, Saarland, Sachsen, Sachsen-Anhalt, Schleswig-Holstein, Th\u00fcringen<\/p>\n\n\n\n<p><strong>L\u00e4nder, in denen Philipp motorisiert gefahren ist (38):<\/strong>&nbsp;Albanien, Andorra, Belgien, Bosnien-Herzegowina, Bulgarien, D\u00e4nemark, Deutschland, Estland, Finnland, Frankreich, Griechenland, Island, Italien, Kroatien, Luxemburg, Malta, Mexiko, Montenegro, Nordmazedonien, Norwegen, \u00d6sterreich, Polen, Portugal, San Marino, Schweden, Schweiz, Serbien, Seychellen, Slowakei, Slowenien, Spanien, S\u00fcdkorea, Thailand, Tschechische Republik, UK, Ungarn, USA, Vietnam<\/p>\n\n\n\n<p><strong>\u2013&gt; Insgesamt: 62 L\u00e4nder<\/strong><\/p>\n\n\n\n<p><strong>Merlin<\/strong><\/p>\n\n\n\n<p><strong>Europa 37 L\u00e4nder:&nbsp;<\/strong>Albanien, Andorra, Belgien, Bosnien-Herzegowina, Bulgarien, D\u00e4nemark (F\u00e4r\u00f6er Inseln), Deutschland, Estland, Finnland, Frankreich, Georgien, Griechenland, Italien, Kroatien, Lettland, Liechtenstein, Luxemburg, Malta, Monaco, Montenegro, Niederlande, Nordmazedonien, Norwegen, \u00d6sterreich, Polen, Portugal, San Marino, Schweden, Schweiz, Serbien, Slowakei, Slowenien, Spanien, Tschechische Republik, Ungarn, Vatikanstadt, Vereinigtes K\u00f6nigreich Gro\u00dfbritannien und Nordirland (Gibraltar)<\/p>\n\n\n\n<p><strong>Amerika 5 L\u00e4nder:&nbsp;<\/strong>Belize, Guatemala, Kuba, Mexiko, USA<\/p>\n\n\n\n<p><strong>Asien<\/strong>&nbsp;<strong>12 L\u00e4nder:&nbsp;<\/strong>Brunei Darussalam, Indonesien, Japan, Kambodscha, Laos, Malaysia, Singapur, S\u00fcdkorea, Thailand, T\u00fcrkei, Vereinigte Arabische Emirate, Vietnam<\/p>\n\n\n\n<p><strong>Afrika 1 Land:<\/strong>&nbsp;Seychellen<\/p>\n\n\n\n<p><strong>Besuchte Inseln, 133 Inseln in 26 L\u00e4ndern:<\/strong><\/p>\n\n\n\n<p>\u2013&gt;&nbsp;<strong>Belize<\/strong>&nbsp;<strong>(1)<\/strong>: Caye Caulker<\/p>\n\n\n\n<p>\u2013&gt;&nbsp;<strong>D\u00e4nemark<\/strong>&nbsp;<strong>(10)<\/strong>: F\u00e4r\u00f6er Inseln (Bor\u00f0oy, Eysturoy, Kunoy, Streymoy, V\u00e1gar, Vi\u00f0oy), Mand\u00f8, Mors, R\u00f8m\u00f8, Vendsyssel<\/p>\n\n\n\n<p>\u2013&gt;&nbsp;<strong>Deutschland (7)<\/strong>: D\u00e4nholm, Fischland-Dar\u00df-Zingst, Freundschaftsinsel (Potsdam), Hiddensee, Insel Mainau, Insel Poel, R\u00fcgen<\/p>\n\n\n\n<p>\u2013&gt;&nbsp;<strong>Estland (1)<\/strong>: Hiiumaa<\/p>\n\n\n\n<p>\u2013&gt;&nbsp;<strong>Finnland (24)<\/strong>: \u00c5l\u00f6n, Attu, Bockholm, Ernholm, Granholmen, Harvaluoto, Hietasaari, Kanugrunden, Kirjala\u00f6n, Kuusisaari, Kuusisto, Kvarnholm, Lemlax\u00f6n, Lillandet, Lillholmen, Lillm\u00e4l\u00f6, Linnansaari, Mattholm, Mielisholm, Seurasaari, Skagholmen, Storlandet, Suomenlinna, V\u00e5no<\/p>\n\n\n\n<p>\u2013&gt;&nbsp;<strong>Frankreich<\/strong>&nbsp;<strong>(2)<\/strong>: \u00cele Sainte-Marguerite, Mont Saint-Michel<\/p>\n\n\n\n<p>\u2013&gt;&nbsp;<strong>Griechenland (4)<\/strong>: Etoliko, Ioannina Insel, Lefkada, Rouga Paliabellou<\/p>\n\n\n\n<p>\u2013&gt;&nbsp;<strong>Indonesien<\/strong>&nbsp;<strong>(2)<\/strong>: Bali, Gili Air<\/p>\n\n\n\n<p>\u2013&gt;&nbsp;<strong>Italien (4)<\/strong>: Ortygia, Sant\u2019Antioco, Sardinien, Sizilien<\/p>\n\n\n\n<p>\u2013&gt;&nbsp;<strong>Japan (1)<\/strong>: Miyajima<\/p>\n\n\n\n<p>\u2013&gt;&nbsp;<strong>Kroatien<\/strong>&nbsp;<strong>(12)<\/strong>: Bra\u010d, Ko\u0161ljun, Kor\u010dula, Krk, Murter, Otok \u010ciovo, Pag, Pelje\u0161ac, Prevlaka, Rab, Stari Grad Trogir, Vir<\/p>\n\n\n\n<p>\u2013&gt;&nbsp;<strong>Malaysia<\/strong>&nbsp;<strong>(1)<\/strong>: Penang<\/p>\n\n\n\n<p>\u2013&gt;&nbsp;<strong>Malta (3)<\/strong>: Malta, Monoel Island, Gozo<\/p>\n\n\n\n<p>\u2013&gt;&nbsp;<strong>Montenegro (1)<\/strong>: Lu\u0161tica<\/p>\n\n\n\n<p>&#8211;&gt; <strong>Niederlande (3)<\/strong>: Goeree-Overflakkee, Schouwen-Duiveland, Sint-Philipsland <\/p>\n\n\n\n<p>\u2013&gt;&nbsp;<strong>Norwegen (18)<\/strong>: \u00c5rn\u00f8ya, Austv\u00e5g\u00f8ya, Bergs\u00f8ya, Flakstad\u00f8ya, Frei, Gims\u00f8ya, Hamn\u00f8y, Hendholmen, Hinn\u00f8ya, Husjord\u00f8ya, Mager\u00f8ya, Moskenes\u00f8ya, Nordlandet, Offers\u00f8ya, Olenils\u00f8ya, Sakris\u00f8ya, Teistholmen, Vestv\u00e5g\u00f8y<\/p>\n\n\n\n<p>\u2013&gt;&nbsp;<strong>Polen<\/strong>&nbsp;<strong>(1)<\/strong>: Wolin<\/p>\n\n\n\n<p>\u2013&gt;&nbsp;<strong>Schweden (9)<\/strong>: Bj\u00f6rn\u00f6, Daft\u00f6, Kullo, \u00d6dd\u00f6, \u00d6land, Salt\u00f6, Sm\u00f6gen, Svin\u00f6, Tj\u00e4rn\u00f6bo<\/p>\n\n\n\n<p>\u2013&gt;&nbsp;<strong>Seychellen (3)<\/strong>: Mah\u00e9, Praslin, La Digue<\/p>\n\n\n\n<p>\u2013&gt;&nbsp;<strong>Singapur (2)<\/strong>: Singapur, Sentosa<\/p>\n\n\n\n<p>\u2013&gt;&nbsp;<strong>Spanien<\/strong>&nbsp;<strong>(12)<\/strong>: El Hierro, Formentera, Fuerteventura, Gran Canaria, Ibiza, Islote de Fermina, La Gomera, La Graciosa, Lanzarote, La Palma, Mallorca, Teneriffa<\/p>\n\n\n\n<p>\u2013&gt;&nbsp;<strong>S\u00fcdkorea<\/strong>&nbsp;<strong>(2)<\/strong>: Jeju-do, U-do<\/p>\n\n\n\n<p>\u2013&gt;&nbsp;<strong>Thailand (2)<\/strong>: Koh Phangan, Koh Samui<\/p>\n\n\n\n<p>\u2013&gt;&nbsp;<strong>Tschechische Republik (2)<\/strong>: D\u011btsk\u00fd Ostrov, Slovansk\u00fd ostrov<\/p>\n\n\n\n<p>\u2013&gt;&nbsp;<strong>USA<\/strong>&nbsp;<strong>(1)<\/strong>: O\u2019ahu<\/p>\n\n\n\n<p>\u2013&gt;&nbsp;<strong>Vietnam (5)<\/strong>: C\u00e1t B\u00e0, C\u00e1t Dua, C\u00e1t Hai, Cam Nam, Thap Nghieng<\/p>\n\n\n\n<p>\u2013&gt;&nbsp;<strong>15 deutsche Bundesl\u00e4nder<\/strong>: Baden-W\u00fcrttemberg, Bayern, Berlin, Brandenburg, Bremen, Hessen, Mecklenburg-Vorpommern, Niedersachsen, Nordrhein-Westfalen, Rheinland-Pfalz, Saarland, Sachsen, Sachsen-Anhalt, Schleswig-Holstein, Th\u00fcringen<\/p>\n\n\n\n<p><strong>\u2013&gt; Insgesamt: 55 L\u00e4nder<\/strong>&nbsp;<\/p>\n\n\n\n<p><strong>Maris<\/strong><\/p>\n\n\n\n<p><strong>Europa 34 L\u00e4nder:<\/strong>&nbsp;Albanien, Andorra, Belgien, Bosnien-Herzegowina, Bulgarien, Deutschland, Estland, Finnland, Frankreich, Georgien, Griechenland, Italien, Kroatien, Lettland, Luxemburg, Malta, Montenegro, Niederlande, Nordmazedonien, Norwegen, \u00d6sterreich, Polen, Portugal, San Marino, Schweden, Schweiz, Serbien, Slowakei, Slowenien, Spanien, Tschechische Republik, Ungarn, Vatikanstadt, Vereinigtes K\u00f6nigreich Gro\u00dfbritannien und Nordirland (Gibraltar)<\/p>\n\n\n\n<p><strong>Asien 8 L\u00e4nder:&nbsp;<\/strong>Brunei Darussalam, Laos, Malaysia, Singapur, Thailand, T\u00fcrkei, Vereinigte Arabische Emirate, Vietnam<\/p>\n\n\n\n<p><strong>Afrika 1 Land:<\/strong>&nbsp;Seychellen<\/p>\n\n\n\n<p><strong>Besuchte Inseln 97 Inseln in 17 L\u00e4ndern:<\/strong><\/p>\n\n\n\n<p>\u2013&gt;&nbsp;<strong>Deutschland (3):<\/strong>&nbsp;Freundschaftsinsel (Potsdam), Insel Mainau, Insel Poel<\/p>\n\n\n\n<p>\u2013&gt;&nbsp;<strong>Estland (1)<\/strong>: Hiiumaa<\/p>\n\n\n\n<p>\u2013&gt;&nbsp;<strong>Finnland (24)<\/strong>: \u00c5l\u00f6n, Attu, Bockholm, Ernholm, Granholmen, Harvaluoto, Hietasaari, Kanugrunden, Kirjala\u00f6n, Kuusisaari, Kuusisto, Kvarnholm, Lemlax\u00f6n, Lillandet, Lillholmen, Lillm\u00e4l\u00f6, Linnansaari, Mattholm, Mielisholm, Seurasaari, Skagholmen, Storlandet, Suomenlinna, V\u00e5no<\/p>\n\n\n\n<p>\u2013&gt;&nbsp;<strong>Frankreich (1):<\/strong>&nbsp;Mont Saint-Michel<\/p>\n\n\n\n<p>\u2013&gt;&nbsp;<strong>Griechenland (4)<\/strong>: Etoliko, Ioannina Insel, Lefkada, Rouga Paliabellou<\/p>\n\n\n\n<p>\u2013&gt;&nbsp;<strong>Italien (4):&nbsp;<\/strong>Ortygia, Sant\u2019Antioco, Sardinien, Sizilien<\/p>\n\n\n\n<p>\u2013&gt;&nbsp;<strong>Kroatien (3)<\/strong>: Kor\u010dula, Pelje\u0161ac, Prevlaka<\/p>\n\n\n\n<p>\u2013&gt;&nbsp;<strong>Malta (3)<\/strong>: Malta, Manoel Island, Gozo<\/p>\n\n\n\n<p>\u2013&gt;&nbsp;<strong>Montenegro (1)<\/strong>: Lu\u0161tica<\/p>\n\n\n\n<p>&#8211;&gt; <strong>Niederlande (3)<\/strong>: Goeree-Overflakkee, Schouwen-Duiveland, Sint-Philipsland <\/p>\n\n\n\n<p>\u2013&gt;&nbsp;<strong>Norwegen (18)<\/strong>: \u00c5rn\u00f8ya, Austv\u00e5g\u00f8ya, Bergs\u00f8ya, Flakstad\u00f8ya, Frei, Gims\u00f8ya, Hamn\u00f8y, Hendholmen, Hinn\u00f8ya, Husjord\u00f8ya, Mager\u00f8ya, Moskenes\u00f8ya, Nordlandet, Offers\u00f8ya, Olenils\u00f8ya, Sakris\u00f8ya, Teistholmen, Vestv\u00e5g\u00f8y<\/p>\n\n\n\n<p>\u2013&gt;&nbsp;<strong>Schweden (9)<\/strong>: Bj\u00f6rn\u00f6, Daft\u00f6, Kullo, \u00d6dd\u00f6, \u00d6land, Salt\u00f6, Sm\u00f6gen, Svin\u00f6, Tj\u00e4rn\u00f6bo<\/p>\n\n\n\n<p>\u2013&gt;&nbsp;<strong>Seychellen (3):<\/strong>&nbsp;Mah\u00e9, Praslin, La Digue<\/p>\n\n\n\n<p>\u2013&gt;&nbsp;<strong>Singapur (2)<\/strong>: Singapur, Sentosa<\/p>\n\n\n\n<p>\u2013&gt;&nbsp;<strong>Spanien (11)<\/strong>: El Hierro, Formentera, Fuerteventura, Gran Canaria, Ibiza, Islote de Fermina, La Gomera, La Graciosa, Lanzarote, Mallorca, Teneriffa<\/p>\n\n\n\n<p>\u2013&gt;&nbsp;<strong>Tschechische Republik (2)<\/strong>: D\u011btsk\u00fd Ostrov, Slovansk\u00fd ostrov<\/p>\n\n\n\n<p>\u2013&gt;&nbsp;<strong>Vietnam (5)<\/strong>: C\u00e1t B\u00e0, C\u00e1t Dua, C\u00e1t Hai, Cam Nam, Thap Nghieng<\/p>\n\n\n\n<p>\u2013&gt;&nbsp;<strong>13 deutsche Bundesl\u00e4nder<\/strong>: Baden-W\u00fcrttemberg, Bayern, Berlin, Brandenburg, Bremen, Hessen, Mecklenburg-Vorpommern, Niedersachsen, Nordrhein-Westfalen, Rheinland-Pfalz, Sachsen, Sachsen-Anhalt, Th\u00fcringen<\/p>\n\n\n\n<p><strong>\u2013&gt; Insgesamt: 43 L\u00e4nder<\/strong><\/p>\n\n\n\n<p><strong>Madita<\/strong><\/p>\n\n\n\n<p><strong>Europa 11 L\u00e4nder<\/strong>: Andorra, Belgien, Deutschland, Frankreich, Italien, Niederlande, Polen, Schweiz, Spanien, Vatikanstadt, Vereinigtes K\u00f6nigreich Gro\u00dfbritannien und Nordirland (Gibraltar)<\/p>\n\n\n\n<p><strong>Besuchte Inseln 10 Inseln in 2 L\u00e4ndern:<\/strong><\/p>\n\n\n\n<p>&#8211;&gt; <strong>Niederlande (3)<\/strong>: Goeree-Overflakkee, Schouwen-Duiveland, Sint-Philipsland <\/p>\n\n\n\n<p>&#8211;&gt; <strong>Spanien (7):<\/strong> El Hierro, Fuerteventura, Gran Canaria, Islote de Fermina, La Graciosa, Lanzarote, Teneriffa<\/p>\n\n\n\n<p>&#8211;&gt;<strong> 10 deutsche Bundesl\u00e4nder:<\/strong> Baden-W\u00fcrttemberg, Bayern, Brandenburg, Bremen, Hessen, Niedersachsen, Nordrhein-Westfalen, Sachsen, Sachsen-Anhalt, Th\u00fcringen<\/p>\n\n\n\n<p>&#8211;&gt; <strong>Insgesamt: 11 L\u00e4nder<\/strong><\/p>\n","protected":false},"excerpt":{"rendered":"<p>Januar 2025 Wir starteten den Januar mit einem St\u00e4dtetrip in Riga, Lettland. Wir flogen von Tallinn, Estland nach Riga und hatten drei wundersch\u00f6ne Tage in der Hauptstadt Lettlands. Ende Januar verbrachten wir eine Woche unseren Ski- und Snowboardurlaub im Bayrischen Wald. Philipp erweiterte seine Snowboardkenntnisse und Merlin hatte wieder richtig viel Spa\u00df beim Skifahren. Selbst [&hellip;]<\/p>\n","protected":false},"author":3,"featured_media":22721,"comment_status":"open","ping_status":"open","sticky":false,"template":"","format":"standard","meta":{"_themeisle_gutenberg_block_has_review":false,"footnotes":""},"categories":[8,777,1751,1817,1753,1754,264,242,1515,257,271,239,4,1516,1625,1758,1759,658,1762,294,1562,246,377,263,1780,819],"tags":[775,1349,402,498,203,159,325,1723,1493,580,191,813,901,272,1595,178,1509,1594,187,204,295,1554,143,1494,188,167,1841,816],"class_list":["post-20859","post","type-post","status-publish","format-standard","has-post-thumbnail","hentry","category-europa","category-andorra","category-bayern","category-belgien","category-brandenburg","category-bremen","category-bulgarien","category-deutschland","category-estland","category-frankreich","category-griechenland","category-italien","category-laender","category-lettland","category-niederlande","category-niedersachsen","category-nordrhein-westfalen","category-polen","category-sachsen","category-san-marino","category-serbien","category-spanien","category-spielplaetze","category-ungarn","category-vatikan","category-vereinigtes-koenigreich-grossbritannien-und-nordirland-urlaubsreisen","tag-andorra","tag-bayerischer-wald","tag-bayern","tag-belgien","tag-brandenburg","tag-bulgarien","tag-deutschland","tag-el-hierro","tag-estland","tag-europa","tag-frankreich","tag-gibraltar","tag-gran-canaria","tag-griechenland","tag-holland","tag-italien","tag-lettland","tag-niederlande","tag-polen","tag-sachsen","tag-san-marino","tag-serbien","tag-spanien","tag-tallinn","tag-teneriffa","tag-ungarn","tag-vatikanstadt","tag-vereinigtes-koenigreich-grossbritannien-und-nordirland"],"_links":{"self":[{"href":"https:\/\/familie-weitgereist.de\/index.php?rest_route=\/wp\/v2\/posts\/20859","targetHints":{"allow":["GET"]}}],"collection":[{"href":"https:\/\/familie-weitgereist.de\/index.php?rest_route=\/wp\/v2\/posts"}],"about":[{"href":"https:\/\/familie-weitgereist.de\/index.php?rest_route=\/wp\/v2\/types\/post"}],"author":[{"embeddable":true,"href":"https:\/\/familie-weitgereist.de\/index.php?rest_route=\/wp\/v2\/users\/3"}],"replies":[{"embeddable":true,"href":"https:\/\/familie-weitgereist.de\/index.php?rest_route=%2Fwp%2Fv2%2Fcomments&post=20859"}],"version-history":[{"count":150,"href":"https:\/\/familie-weitgereist.de\/index.php?rest_route=\/wp\/v2\/posts\/20859\/revisions"}],"predecessor-version":[{"id":24336,"href":"https:\/\/familie-weitgereist.de\/index.php?rest_route=\/wp\/v2\/posts\/20859\/revisions\/24336"}],"wp:featuredmedia":[{"embeddable":true,"href":"https:\/\/familie-weitgereist.de\/index.php?rest_route=\/wp\/v2\/media\/22721"}],"wp:attachment":[{"href":"https:\/\/familie-weitgereist.de\/index.php?rest_route=%2Fwp%2Fv2%2Fmedia&parent=20859"}],"wp:term":[{"taxonomy":"category","embeddable":true,"href":"https:\/\/familie-weitgereist.de\/index.php?rest_route=%2Fwp%2Fv2%2Fcategories&post=20859"},{"taxonomy":"post_tag","embeddable":true,"href":"https:\/\/familie-weitgereist.de\/index.php?rest_route=%2Fwp%2Fv2%2Ftags&post=20859"}],"curies":[{"name":"wp","href":"https:\/\/api.w.org\/{rel}","templated":true}]}}