{"id":20759,"date":"2025-01-05T20:24:17","date_gmt":"2025-01-05T19:24:17","guid":{"rendered":"https:\/\/familie-weitgereist.de\/?p=20759"},"modified":"2025-09-23T00:06:49","modified_gmt":"2025-09-22T22:06:49","slug":"staedtetrip-riga-lettland-mit-kleinen-kindern","status":"publish","type":"post","link":"https:\/\/familie-weitgereist.de\/?p=20759","title":{"rendered":"St\u00e4dtetrip Riga, Lettland mit kleinen Kindern"},"content":{"rendered":"\n<p>Wir starteten das neue Jahr 2025 mit einem St\u00e4dtetrip nach Riga, die Hauptstadt von Lettland. Wir waren bisher noch nie in Lettland und freuen uns, dass wir ein neues Land bereisen k\u00f6nnen.<\/p>\n\n\n\n<figure class=\"wp-block-image size-large\"><img loading=\"lazy\" decoding=\"async\" width=\"1024\" height=\"768\" src=\"https:\/\/familie-weitgereist.de\/wp-content\/uploads\/2025\/01\/IMG_20250105_135217-1024x768.jpg\" alt=\"\" class=\"wp-image-20789\" srcset=\"https:\/\/familie-weitgereist.de\/wp-content\/uploads\/2025\/01\/IMG_20250105_135217-1024x768.jpg 1024w, https:\/\/familie-weitgereist.de\/wp-content\/uploads\/2025\/01\/IMG_20250105_135217-300x225.jpg 300w, https:\/\/familie-weitgereist.de\/wp-content\/uploads\/2025\/01\/IMG_20250105_135217-768x576.jpg 768w, https:\/\/familie-weitgereist.de\/wp-content\/uploads\/2025\/01\/IMG_20250105_135217-1536x1152.jpg 1536w, https:\/\/familie-weitgereist.de\/wp-content\/uploads\/2025\/01\/IMG_20250105_135217-2048x1536.jpg 2048w, https:\/\/familie-weitgereist.de\/wp-content\/uploads\/2025\/01\/IMG_20250105_135217-1200x900.jpg 1200w, https:\/\/familie-weitgereist.de\/wp-content\/uploads\/2025\/01\/IMG_20250105_135217-1980x1485.jpg 1980w, https:\/\/familie-weitgereist.de\/wp-content\/uploads\/2025\/01\/IMG_20250105_135217-150x113.jpg 150w\" sizes=\"auto, (max-width: 1024px) 100vw, 1024px\" \/><\/figure>\n\n\n\n<p>Von <strong><a href=\"https:\/\/familie-weitgereist.de\/?p=20503\/#umland\" data-type=\"link\" data-id=\"https:\/\/familie-weitgereist.de\/?p=20503\/#umland\">Tallinn<\/a><\/strong> sind wir mit der Airline Air Baltic in nur 35 Minuten Flugzeit nach Riga geflogen. Die Wartezeit in Tallinn am Flughafen verging sehr schnell, da es einen sch\u00f6nen Spielplatz gab. Der Flug war auch in Windeseile vor\u00fcber.<\/p>\n\n\n\n<figure class=\"wp-block-image size-large\"><img loading=\"lazy\" decoding=\"async\" width=\"1024\" height=\"768\" src=\"https:\/\/familie-weitgereist.de\/wp-content\/uploads\/2025\/01\/IMG_20250103_215730-1024x768.jpg\" alt=\"\" class=\"wp-image-20761\" srcset=\"https:\/\/familie-weitgereist.de\/wp-content\/uploads\/2025\/01\/IMG_20250103_215730-1024x768.jpg 1024w, https:\/\/familie-weitgereist.de\/wp-content\/uploads\/2025\/01\/IMG_20250103_215730-300x225.jpg 300w, https:\/\/familie-weitgereist.de\/wp-content\/uploads\/2025\/01\/IMG_20250103_215730-768x576.jpg 768w, https:\/\/familie-weitgereist.de\/wp-content\/uploads\/2025\/01\/IMG_20250103_215730-1536x1152.jpg 1536w, https:\/\/familie-weitgereist.de\/wp-content\/uploads\/2025\/01\/IMG_20250103_215730-2048x1536.jpg 2048w, https:\/\/familie-weitgereist.de\/wp-content\/uploads\/2025\/01\/IMG_20250103_215730-1200x900.jpg 1200w, https:\/\/familie-weitgereist.de\/wp-content\/uploads\/2025\/01\/IMG_20250103_215730-1980x1485.jpg 1980w, https:\/\/familie-weitgereist.de\/wp-content\/uploads\/2025\/01\/IMG_20250103_215730-150x113.jpg 150w\" sizes=\"auto, (max-width: 1024px) 100vw, 1024px\" \/><\/figure>\n\n\n\n<p>Wir landeten 22:30 in Riga und da wir schon seit langer Zeit nur noch mit Handgep\u00e4ck reisen, schafften wir den Bus 22 ins Stadtzentrum um 22:50.<\/p>\n\n\n\n<p>Lettland ist der mittlere, der drei Staaten im Baltikum. In Lettland leben ca. 1,9 Millionen Einwohner. Ebenfalls wie in Estland, gibt es auch in Lettland eine bedeutende russische Minderheit mit ca. 23%. Seit 2004 ist Lettland Mitglied der Europ\u00e4ischen Union und nutzt seit 2014 den Euro \u20ac als W\u00e4hrung.<\/p>\n\n\n\n<p>Die gr\u00f6\u00dfte Stadt ist Riga mit ca. 612.000 Einwohnern. Die alte Hansestadt Riga ist bekannt f\u00fcr seine sehr gut erhaltene Altstadt. Im Folgenden haben wir unsere Erlebnisse niedergeschrieben.<\/p>\n\n\n\n<h2 class=\"wp-block-heading\">Erkundung von Riga<\/h2>\n\n\n\n<p>Wir hatten zwei wundervolle Tage in Riga und haben die Altstadt dabei sehr gut erkundet. Die Altstadt von Riga ist h\u00fcbsch und \u00fcberschaubar, sodass man sich schnell zurecht findet und die Highlights von Riga nah beieinander liegen.<\/p>\n\n\n\n<p>Riga wurde im 13. Jahrhundert als Hansestadt von Bremer Kaufleuten gegr\u00fcndet. 1990 schenkte die Stadt Bremen Riga eine <strong>Statue der Bremer Stadtmusikanten<\/strong>.<\/p>\n\n\n\n<figure class=\"wp-block-image size-large\"><img loading=\"lazy\" decoding=\"async\" width=\"1024\" height=\"768\" src=\"https:\/\/familie-weitgereist.de\/wp-content\/uploads\/2025\/01\/IMG_20250104_123915-1024x768.jpg\" alt=\"\" class=\"wp-image-20792\" srcset=\"https:\/\/familie-weitgereist.de\/wp-content\/uploads\/2025\/01\/IMG_20250104_123915-1024x768.jpg 1024w, https:\/\/familie-weitgereist.de\/wp-content\/uploads\/2025\/01\/IMG_20250104_123915-300x225.jpg 300w, https:\/\/familie-weitgereist.de\/wp-content\/uploads\/2025\/01\/IMG_20250104_123915-768x576.jpg 768w, https:\/\/familie-weitgereist.de\/wp-content\/uploads\/2025\/01\/IMG_20250104_123915-1536x1152.jpg 1536w, https:\/\/familie-weitgereist.de\/wp-content\/uploads\/2025\/01\/IMG_20250104_123915-2048x1536.jpg 2048w, https:\/\/familie-weitgereist.de\/wp-content\/uploads\/2025\/01\/IMG_20250104_123915-1200x900.jpg 1200w, https:\/\/familie-weitgereist.de\/wp-content\/uploads\/2025\/01\/IMG_20250104_123915-1980x1485.jpg 1980w, https:\/\/familie-weitgereist.de\/wp-content\/uploads\/2025\/01\/IMG_20250104_123915-150x113.jpg 150w\" sizes=\"auto, (max-width: 1024px) 100vw, 1024px\" \/><\/figure>\n\n\n\n<p>In Riga verkehren viele Busse und Stra\u00dfenbahnen. Wir nutzten die Stra\u00dfenbahn um von unserer Unterkunft schneller \u00fcber die Br\u00fccke &#8222;<strong><em>Akmens Tilts<\/em><\/strong>&#8220; zu gelangen.<\/p>\n\n\n\n<figure class=\"wp-block-image size-large\"><img loading=\"lazy\" decoding=\"async\" width=\"1024\" height=\"768\" src=\"https:\/\/familie-weitgereist.de\/wp-content\/uploads\/2025\/01\/IMG_20250105_163844-1024x768.jpg\" alt=\"\" class=\"wp-image-20799\" srcset=\"https:\/\/familie-weitgereist.de\/wp-content\/uploads\/2025\/01\/IMG_20250105_163844-1024x768.jpg 1024w, https:\/\/familie-weitgereist.de\/wp-content\/uploads\/2025\/01\/IMG_20250105_163844-300x225.jpg 300w, https:\/\/familie-weitgereist.de\/wp-content\/uploads\/2025\/01\/IMG_20250105_163844-768x576.jpg 768w, https:\/\/familie-weitgereist.de\/wp-content\/uploads\/2025\/01\/IMG_20250105_163844-1536x1152.jpg 1536w, https:\/\/familie-weitgereist.de\/wp-content\/uploads\/2025\/01\/IMG_20250105_163844-2048x1536.jpg 2048w, https:\/\/familie-weitgereist.de\/wp-content\/uploads\/2025\/01\/IMG_20250105_163844-1200x900.jpg 1200w, https:\/\/familie-weitgereist.de\/wp-content\/uploads\/2025\/01\/IMG_20250105_163844-1980x1485.jpg 1980w, https:\/\/familie-weitgereist.de\/wp-content\/uploads\/2025\/01\/IMG_20250105_163844-150x113.jpg 150w\" sizes=\"auto, (max-width: 1024px) 100vw, 1024px\" \/><\/figure>\n\n\n\n<h2 class=\"wp-block-heading\">Domplatz<\/h2>\n\n\n\n<p>Der Domplatz ist relativ jung in der Geschichte Rigas. Er wurde in den 1930er Jahren errichtet, als viele Wohnh\u00e4user in dieser Gegend abgerissen wurden. Die beeindruckende Domkirche befindet sich an diesem Platz. Sie stammt aus dem Jahre 1211. Zur Adventszeit findet hier ein Weihnachtsmarkt statt.<\/p>\n\n\n\n<figure class=\"wp-block-image size-large\"><img loading=\"lazy\" decoding=\"async\" width=\"1024\" height=\"768\" src=\"https:\/\/familie-weitgereist.de\/wp-content\/uploads\/2025\/01\/IMG_20250105_132257-1024x768.jpg\" alt=\"\" class=\"wp-image-20778\" srcset=\"https:\/\/familie-weitgereist.de\/wp-content\/uploads\/2025\/01\/IMG_20250105_132257-1024x768.jpg 1024w, https:\/\/familie-weitgereist.de\/wp-content\/uploads\/2025\/01\/IMG_20250105_132257-300x225.jpg 300w, https:\/\/familie-weitgereist.de\/wp-content\/uploads\/2025\/01\/IMG_20250105_132257-768x576.jpg 768w, https:\/\/familie-weitgereist.de\/wp-content\/uploads\/2025\/01\/IMG_20250105_132257-1536x1152.jpg 1536w, https:\/\/familie-weitgereist.de\/wp-content\/uploads\/2025\/01\/IMG_20250105_132257-2048x1536.jpg 2048w, https:\/\/familie-weitgereist.de\/wp-content\/uploads\/2025\/01\/IMG_20250105_132257-1200x900.jpg 1200w, https:\/\/familie-weitgereist.de\/wp-content\/uploads\/2025\/01\/IMG_20250105_132257-1980x1485.jpg 1980w, https:\/\/familie-weitgereist.de\/wp-content\/uploads\/2025\/01\/IMG_20250105_132257-150x113.jpg 150w\" sizes=\"auto, (max-width: 1024px) 100vw, 1024px\" \/><\/figure>\n\n\n\n<h2 class=\"wp-block-heading\">Drei Br\u00fcder Wohnh\u00e4user<\/h2>\n\n\n\n<p>Die Drei Br\u00fcder Wohnh\u00e4user basieren auf der \u00c4hnlichkeit zu den Drei Schwestern in <strong><a href=\"https:\/\/familie-weitgereist.de\/?p=20503\/#tallinn\" data-type=\"link\" data-id=\"https:\/\/familie-weitgereist.de\/?p=20503\/#tallinn\">Tallinn, Estland<\/a><\/strong>. Dies ist die <strong>\u00e4lteste Wohnanlage in Riga <\/strong>und wurde fr\u00fcher u.a. als Lagerh\u00e4user genutzt. Jedes Geb\u00e4ude wurde in einem anderen Jahrhundert gebaut. Das \u00e4lteste Geb\u00e4ude der Drei Br\u00fcder wurde um 1490 erbaut. Aktuell befindet sich das Architekturmuseum dort.<\/p>\n\n\n\n<figure class=\"wp-block-image size-large\"><img loading=\"lazy\" decoding=\"async\" width=\"1024\" height=\"768\" src=\"https:\/\/familie-weitgereist.de\/wp-content\/uploads\/2025\/01\/IMG_20250104_132257-1024x768.jpg\" alt=\"\" class=\"wp-image-20774\" srcset=\"https:\/\/familie-weitgereist.de\/wp-content\/uploads\/2025\/01\/IMG_20250104_132257-1024x768.jpg 1024w, https:\/\/familie-weitgereist.de\/wp-content\/uploads\/2025\/01\/IMG_20250104_132257-300x225.jpg 300w, https:\/\/familie-weitgereist.de\/wp-content\/uploads\/2025\/01\/IMG_20250104_132257-768x576.jpg 768w, https:\/\/familie-weitgereist.de\/wp-content\/uploads\/2025\/01\/IMG_20250104_132257-1536x1152.jpg 1536w, https:\/\/familie-weitgereist.de\/wp-content\/uploads\/2025\/01\/IMG_20250104_132257-2048x1536.jpg 2048w, https:\/\/familie-weitgereist.de\/wp-content\/uploads\/2025\/01\/IMG_20250104_132257-1200x900.jpg 1200w, https:\/\/familie-weitgereist.de\/wp-content\/uploads\/2025\/01\/IMG_20250104_132257-1980x1485.jpg 1980w, https:\/\/familie-weitgereist.de\/wp-content\/uploads\/2025\/01\/IMG_20250104_132257-150x113.jpg 150w\" sizes=\"auto, (max-width: 1024px) 100vw, 1024px\" \/><\/figure>\n\n\n\n<h2 class=\"wp-block-heading\">Freiheitsdenkmal<\/h2>\n\n\n\n<p>Das Freiheitsdenkmal ist ein Symbol f\u00fcr Lettlands Unabh\u00e4ngigkeit, nationale Einheit und Freiheit. Es wurde am 18. November 1935 enth\u00fcllt. Bemerkenswert ist, dass es ausschlie\u00dflich aus Spenden des lettischen Volkes errichtet wurde. Es wurden ca. 3 Millionen Lats gespendet, w\u00e4hrend der ersten Unabh\u00e4ngigkeit Lettlands. Das Denkmal ist den im lettischen Befreiungskampf gefallenen Soldaten gewidmet. Am Denkmal selbst stehen Wachposten. Wir konnten sogar den Wachwechsel beobachten.<\/p>\n\n\n\n<figure class=\"wp-block-image size-large\"><img loading=\"lazy\" decoding=\"async\" width=\"768\" height=\"1024\" src=\"https:\/\/familie-weitgereist.de\/wp-content\/uploads\/2025\/01\/IMG_20250105_124858-768x1024.jpg\" alt=\"\" class=\"wp-image-20783\" srcset=\"https:\/\/familie-weitgereist.de\/wp-content\/uploads\/2025\/01\/IMG_20250105_124858-768x1024.jpg 768w, https:\/\/familie-weitgereist.de\/wp-content\/uploads\/2025\/01\/IMG_20250105_124858-225x300.jpg 225w, https:\/\/familie-weitgereist.de\/wp-content\/uploads\/2025\/01\/IMG_20250105_124858-1152x1536.jpg 1152w, https:\/\/familie-weitgereist.de\/wp-content\/uploads\/2025\/01\/IMG_20250105_124858-1536x2048.jpg 1536w, https:\/\/familie-weitgereist.de\/wp-content\/uploads\/2025\/01\/IMG_20250105_124858-1200x1600.jpg 1200w, https:\/\/familie-weitgereist.de\/wp-content\/uploads\/2025\/01\/IMG_20250105_124858-1980x2640.jpg 1980w, https:\/\/familie-weitgereist.de\/wp-content\/uploads\/2025\/01\/IMG_20250105_124858-640x853.jpg 640w, https:\/\/familie-weitgereist.de\/wp-content\/uploads\/2025\/01\/IMG_20250105_124858-150x200.jpg 150w, https:\/\/familie-weitgereist.de\/wp-content\/uploads\/2025\/01\/IMG_20250105_124858-scaled.jpg 1920w\" sizes=\"auto, (max-width: 768px) 100vw, 768px\" \/><\/figure>\n\n\n\n<h2 class=\"wp-block-heading\">Lettische Nationalbibliothek<\/h2>\n\n\n\n<p>Am linken Ufer des <strong>Flusses Daugava<\/strong> befindet sich die gro\u00dfe lettische Nationalbibliothek. Der Bau enth\u00e4lt Metaphern der lettischen Saga &#8222;Goldenes Ross&#8220; und stellt einen gl\u00e4sernen Berg dar.<\/p>\n\n\n\n<figure class=\"wp-block-image size-large\"><img loading=\"lazy\" decoding=\"async\" width=\"1024\" height=\"768\" src=\"https:\/\/familie-weitgereist.de\/wp-content\/uploads\/2025\/01\/IMG_20250104_141839-1024x768.jpg\" alt=\"\" class=\"wp-image-20796\" srcset=\"https:\/\/familie-weitgereist.de\/wp-content\/uploads\/2025\/01\/IMG_20250104_141839-1024x768.jpg 1024w, https:\/\/familie-weitgereist.de\/wp-content\/uploads\/2025\/01\/IMG_20250104_141839-300x225.jpg 300w, https:\/\/familie-weitgereist.de\/wp-content\/uploads\/2025\/01\/IMG_20250104_141839-768x576.jpg 768w, https:\/\/familie-weitgereist.de\/wp-content\/uploads\/2025\/01\/IMG_20250104_141839-1536x1152.jpg 1536w, https:\/\/familie-weitgereist.de\/wp-content\/uploads\/2025\/01\/IMG_20250104_141839-2048x1536.jpg 2048w, https:\/\/familie-weitgereist.de\/wp-content\/uploads\/2025\/01\/IMG_20250104_141839-1200x900.jpg 1200w, https:\/\/familie-weitgereist.de\/wp-content\/uploads\/2025\/01\/IMG_20250104_141839-1980x1485.jpg 1980w, https:\/\/familie-weitgereist.de\/wp-content\/uploads\/2025\/01\/IMG_20250104_141839-150x113.jpg 150w\" sizes=\"auto, (max-width: 1024px) 100vw, 1024px\" \/><\/figure>\n\n\n\n<h2 class=\"wp-block-heading\">Livenplatz<\/h2>\n\n\n\n<p>Der Livenplatz wurde nach dem 2. Weltkrieg geschaffen, dort treffen 8 Stra\u00dfen aufeinander. Ein Teil der umliegenden Geb\u00e4ude stammt aus dem 18. Jahrhundert. Neben dem Platz befinden sich die Gro\u00dfe Gilde, eine Kaufmannsbruderschaft und die Kleine Gilde, eine Handwerksbruderschaft. Diese stammen aus dem 19. Jahrhundert und sind im Tudor-Stil erbaut. Das <strong>\u00e4lteste russische Theater, au\u00dferhalb Russlands<\/strong>, befindet sich ebenfalls am Livenplatz.<\/p>\n\n\n\n<figure class=\"wp-block-image size-large\"><img loading=\"lazy\" decoding=\"async\" width=\"1024\" height=\"768\" src=\"https:\/\/familie-weitgereist.de\/wp-content\/uploads\/2025\/01\/IMG_20250104_130728-1024x768.jpg\" alt=\"\" class=\"wp-image-20787\" srcset=\"https:\/\/familie-weitgereist.de\/wp-content\/uploads\/2025\/01\/IMG_20250104_130728-1024x768.jpg 1024w, https:\/\/familie-weitgereist.de\/wp-content\/uploads\/2025\/01\/IMG_20250104_130728-300x225.jpg 300w, https:\/\/familie-weitgereist.de\/wp-content\/uploads\/2025\/01\/IMG_20250104_130728-768x576.jpg 768w, https:\/\/familie-weitgereist.de\/wp-content\/uploads\/2025\/01\/IMG_20250104_130728-1536x1152.jpg 1536w, https:\/\/familie-weitgereist.de\/wp-content\/uploads\/2025\/01\/IMG_20250104_130728-2048x1536.jpg 2048w, https:\/\/familie-weitgereist.de\/wp-content\/uploads\/2025\/01\/IMG_20250104_130728-1200x900.jpg 1200w, https:\/\/familie-weitgereist.de\/wp-content\/uploads\/2025\/01\/IMG_20250104_130728-1980x1485.jpg 1980w, https:\/\/familie-weitgereist.de\/wp-content\/uploads\/2025\/01\/IMG_20250104_130728-150x113.jpg 150w\" sizes=\"auto, (max-width: 1024px) 100vw, 1024px\" \/><\/figure>\n\n\n\n<h2 class=\"wp-block-heading\">Pulverturm<\/h2>\n\n\n\n<p>Die Geschichte des Turms reicht bis in das Jahr 1330 zur\u00fcck und er ist der einzig freistehende Turm von 28 T\u00fcrmen in Riga, die einst Teil der Verteidigungsmauer waren. Seit 1919 befindet sich das lettische Kriegsmuseum dort.<\/p>\n\n\n\n<figure class=\"wp-block-image size-large\"><img loading=\"lazy\" decoding=\"async\" width=\"1024\" height=\"768\" src=\"https:\/\/familie-weitgereist.de\/wp-content\/uploads\/2025\/01\/IMG_20250105_130941-1024x768.jpg\" alt=\"\" class=\"wp-image-20781\" srcset=\"https:\/\/familie-weitgereist.de\/wp-content\/uploads\/2025\/01\/IMG_20250105_130941-1024x768.jpg 1024w, https:\/\/familie-weitgereist.de\/wp-content\/uploads\/2025\/01\/IMG_20250105_130941-300x225.jpg 300w, https:\/\/familie-weitgereist.de\/wp-content\/uploads\/2025\/01\/IMG_20250105_130941-768x576.jpg 768w, https:\/\/familie-weitgereist.de\/wp-content\/uploads\/2025\/01\/IMG_20250105_130941-1536x1152.jpg 1536w, https:\/\/familie-weitgereist.de\/wp-content\/uploads\/2025\/01\/IMG_20250105_130941-2048x1536.jpg 2048w, https:\/\/familie-weitgereist.de\/wp-content\/uploads\/2025\/01\/IMG_20250105_130941-1200x900.jpg 1200w, https:\/\/familie-weitgereist.de\/wp-content\/uploads\/2025\/01\/IMG_20250105_130941-1980x1485.jpg 1980w, https:\/\/familie-weitgereist.de\/wp-content\/uploads\/2025\/01\/IMG_20250105_130941-150x113.jpg 150w\" sizes=\"auto, (max-width: 1024px) 100vw, 1024px\" \/><\/figure>\n\n\n\n<p>Wir schlenderten durch die vielen kleinen Gassen, u.a. auch durch die <strong>kleinste Gasse in Riga, die Kr\u0101mu iela<\/strong>.<\/p>\n\n\n\n<figure class=\"wp-block-image size-large\"><img loading=\"lazy\" decoding=\"async\" width=\"1024\" height=\"768\" src=\"https:\/\/familie-weitgereist.de\/wp-content\/uploads\/2025\/01\/IMG_20250105_132948-1024x768.jpg\" alt=\"\" class=\"wp-image-20791\" srcset=\"https:\/\/familie-weitgereist.de\/wp-content\/uploads\/2025\/01\/IMG_20250105_132948-1024x768.jpg 1024w, https:\/\/familie-weitgereist.de\/wp-content\/uploads\/2025\/01\/IMG_20250105_132948-300x225.jpg 300w, https:\/\/familie-weitgereist.de\/wp-content\/uploads\/2025\/01\/IMG_20250105_132948-768x576.jpg 768w, https:\/\/familie-weitgereist.de\/wp-content\/uploads\/2025\/01\/IMG_20250105_132948-1536x1152.jpg 1536w, https:\/\/familie-weitgereist.de\/wp-content\/uploads\/2025\/01\/IMG_20250105_132948-2048x1536.jpg 2048w, https:\/\/familie-weitgereist.de\/wp-content\/uploads\/2025\/01\/IMG_20250105_132948-1200x900.jpg 1200w, https:\/\/familie-weitgereist.de\/wp-content\/uploads\/2025\/01\/IMG_20250105_132948-1980x1485.jpg 1980w, https:\/\/familie-weitgereist.de\/wp-content\/uploads\/2025\/01\/IMG_20250105_132948-150x113.jpg 150w\" sizes=\"auto, (max-width: 1024px) 100vw, 1024px\" \/><\/figure>\n\n\n\n<figure class=\"wp-block-image size-large\"><img loading=\"lazy\" decoding=\"async\" width=\"576\" height=\"1024\" src=\"https:\/\/familie-weitgereist.de\/wp-content\/uploads\/2025\/01\/PXL_20250105_113256316.MP_-576x1024.jpg\" alt=\"\" class=\"wp-image-20805\" srcset=\"https:\/\/familie-weitgereist.de\/wp-content\/uploads\/2025\/01\/PXL_20250105_113256316.MP_-576x1024.jpg 576w, https:\/\/familie-weitgereist.de\/wp-content\/uploads\/2025\/01\/PXL_20250105_113256316.MP_-169x300.jpg 169w, https:\/\/familie-weitgereist.de\/wp-content\/uploads\/2025\/01\/PXL_20250105_113256316.MP_-768x1365.jpg 768w, https:\/\/familie-weitgereist.de\/wp-content\/uploads\/2025\/01\/PXL_20250105_113256316.MP_-864x1536.jpg 864w, https:\/\/familie-weitgereist.de\/wp-content\/uploads\/2025\/01\/PXL_20250105_113256316.MP_-1152x2048.jpg 1152w, https:\/\/familie-weitgereist.de\/wp-content\/uploads\/2025\/01\/PXL_20250105_113256316.MP_-1200x2133.jpg 1200w, https:\/\/familie-weitgereist.de\/wp-content\/uploads\/2025\/01\/PXL_20250105_113256316.MP_-1980x3520.jpg 1980w, https:\/\/familie-weitgereist.de\/wp-content\/uploads\/2025\/01\/PXL_20250105_113256316.MP_-150x267.jpg 150w, https:\/\/familie-weitgereist.de\/wp-content\/uploads\/2025\/01\/PXL_20250105_113256316.MP_-scaled.jpg 1440w\" sizes=\"auto, (max-width: 576px) 100vw, 576px\" \/><\/figure>\n\n\n\n<h2 class=\"wp-block-heading\">Rathausplatz<\/h2>\n\n\n\n<p>Der Rathausplatz ist seit Jahrhunderten der wichtigste Handelsplatz in Riga. Im 2. Weltkrieg wurden sehr viele Geb\u00e4ude am Rathausplatz zerst\u00f6rt, einschlie\u00dflich des Schwarzh\u00e4upterhauses. Das Rathaus stammt aus dem Jahr 2003 und ist seitdem Sitz des Rigaer Stadtrats.<\/p>\n\n\n\n<p>Neben dem imposanten Weihnachtsbaum befindet sich ein kleines Weihnachtsbaumdenkmal, in Erinnerung an den ersten Weihnachtsbaum in Riga aus dem Jahr 1510. Dieser bestand damals aus kleinen Zweigen.<\/p>\n\n\n\n<figure class=\"wp-block-image size-large\"><img loading=\"lazy\" decoding=\"async\" width=\"1024\" height=\"576\" src=\"https:\/\/familie-weitgereist.de\/wp-content\/uploads\/2025\/01\/PXL_20250105_153228149.MP_-1024x576.jpg\" alt=\"\" class=\"wp-image-20806\" srcset=\"https:\/\/familie-weitgereist.de\/wp-content\/uploads\/2025\/01\/PXL_20250105_153228149.MP_-1024x576.jpg 1024w, https:\/\/familie-weitgereist.de\/wp-content\/uploads\/2025\/01\/PXL_20250105_153228149.MP_-300x169.jpg 300w, https:\/\/familie-weitgereist.de\/wp-content\/uploads\/2025\/01\/PXL_20250105_153228149.MP_-768x432.jpg 768w, https:\/\/familie-weitgereist.de\/wp-content\/uploads\/2025\/01\/PXL_20250105_153228149.MP_-1536x864.jpg 1536w, https:\/\/familie-weitgereist.de\/wp-content\/uploads\/2025\/01\/PXL_20250105_153228149.MP_-2048x1152.jpg 2048w, https:\/\/familie-weitgereist.de\/wp-content\/uploads\/2025\/01\/PXL_20250105_153228149.MP_-1200x675.jpg 1200w, https:\/\/familie-weitgereist.de\/wp-content\/uploads\/2025\/01\/PXL_20250105_153228149.MP_-1980x1114.jpg 1980w, https:\/\/familie-weitgereist.de\/wp-content\/uploads\/2025\/01\/PXL_20250105_153228149.MP_-150x84.jpg 150w\" sizes=\"auto, (max-width: 1024px) 100vw, 1024px\" \/><\/figure>\n\n\n\n<h2 class=\"wp-block-heading\">Schwarzh\u00e4upterhaus<\/h2>\n\n\n\n<p>Das Schwarzh\u00e4upterhaus wurde 1334 erbaut und war das luxuri\u00f6seste Geb\u00e4ude der ganzen Stadt. Die Schwarzh\u00e4upter, ein Zusammenschluss junger, unverheirateter Kaufleute, Goldschmiede und Kapit\u00e4ne mieteten Ende des 15. Jahrhunderts dieses Geb\u00e4ude. Leider wurde das Geb\u00e4ude im 2. Weltkrieg zerst\u00f6rt und erst 1999 wieder aufgebaut.<\/p>\n\n\n\n<figure class=\"wp-block-image size-large\"><img loading=\"lazy\" decoding=\"async\" width=\"1024\" height=\"768\" src=\"https:\/\/familie-weitgereist.de\/wp-content\/uploads\/2025\/01\/IMG_20250104_115220-1024x768.jpg\" alt=\"\" class=\"wp-image-20801\" srcset=\"https:\/\/familie-weitgereist.de\/wp-content\/uploads\/2025\/01\/IMG_20250104_115220-1024x768.jpg 1024w, https:\/\/familie-weitgereist.de\/wp-content\/uploads\/2025\/01\/IMG_20250104_115220-300x225.jpg 300w, https:\/\/familie-weitgereist.de\/wp-content\/uploads\/2025\/01\/IMG_20250104_115220-768x576.jpg 768w, https:\/\/familie-weitgereist.de\/wp-content\/uploads\/2025\/01\/IMG_20250104_115220-1536x1152.jpg 1536w, https:\/\/familie-weitgereist.de\/wp-content\/uploads\/2025\/01\/IMG_20250104_115220-2048x1536.jpg 2048w, https:\/\/familie-weitgereist.de\/wp-content\/uploads\/2025\/01\/IMG_20250104_115220-1200x900.jpg 1200w, https:\/\/familie-weitgereist.de\/wp-content\/uploads\/2025\/01\/IMG_20250104_115220-1980x1485.jpg 1980w, https:\/\/familie-weitgereist.de\/wp-content\/uploads\/2025\/01\/IMG_20250104_115220-150x113.jpg 150w\" sizes=\"auto, (max-width: 1024px) 100vw, 1024px\" \/><\/figure>\n\n\n\n<p>Wir g\u00f6nnten uns zwei <strong>Costa Coffees<\/strong> und eine Hot Chocolate unweit des Schwarzh\u00e4upterhauses und schlenderten anschlie\u00dfend gem\u00fctlich durch die Gassen.<\/p>\n\n\n\n<figure class=\"wp-block-image size-large\"><img loading=\"lazy\" decoding=\"async\" width=\"1024\" height=\"768\" src=\"https:\/\/familie-weitgereist.de\/wp-content\/uploads\/2025\/01\/IMG_20250105_121452-1024x768.jpg\" alt=\"\" class=\"wp-image-20797\" srcset=\"https:\/\/familie-weitgereist.de\/wp-content\/uploads\/2025\/01\/IMG_20250105_121452-1024x768.jpg 1024w, https:\/\/familie-weitgereist.de\/wp-content\/uploads\/2025\/01\/IMG_20250105_121452-300x225.jpg 300w, https:\/\/familie-weitgereist.de\/wp-content\/uploads\/2025\/01\/IMG_20250105_121452-768x576.jpg 768w, https:\/\/familie-weitgereist.de\/wp-content\/uploads\/2025\/01\/IMG_20250105_121452-1536x1152.jpg 1536w, https:\/\/familie-weitgereist.de\/wp-content\/uploads\/2025\/01\/IMG_20250105_121452-2048x1536.jpg 2048w, https:\/\/familie-weitgereist.de\/wp-content\/uploads\/2025\/01\/IMG_20250105_121452-1200x900.jpg 1200w, https:\/\/familie-weitgereist.de\/wp-content\/uploads\/2025\/01\/IMG_20250105_121452-1980x1485.jpg 1980w, https:\/\/familie-weitgereist.de\/wp-content\/uploads\/2025\/01\/IMG_20250105_121452-150x113.jpg 150w\" sizes=\"auto, (max-width: 1024px) 100vw, 1024px\" \/><\/figure>\n\n\n\n<p>Auch im Dunkeln l\u00e4sst sich Riga sehr gut erkunden. Wir haben die weihnachtliche Beleuchtung bewundert.<\/p>\n\n\n\n<div id=\"wp-block-themeisle-blocks-slider-ec0a3d01\" class=\"wp-block-themeisle-blocks-slider glide\" data-per-view=\"1\" data-gap=\"0\" data-peek=\"0\" data-autoplay=\"true\" data-height=\"400px\" data-hide-arrows=\"false\"><div class=\"glide__track\" data-glide-el=\"track\"><div class=\"glide__slides\"><div class=\"wp-block-themeisle-blocks-slider-item-wrapper glide__slide\" tabindex=\"0\"><figure><img decoding=\"async\" class=\"wp-block-themeisle-blocks-slider-item\" src=\"https:\/\/familie-weitgereist.de\/wp-content\/uploads\/2025\/01\/PXL_20250105_153355485.MP_-scaled.jpg\" alt=\"\" title=\"\" data-id=\"20813\"\/><\/figure><\/div><div class=\"wp-block-themeisle-blocks-slider-item-wrapper glide__slide\" tabindex=\"0\"><figure><img decoding=\"async\" class=\"wp-block-themeisle-blocks-slider-item\" src=\"https:\/\/familie-weitgereist.de\/wp-content\/uploads\/2025\/01\/IMG_20250105_174440-scaled.jpg\" alt=\"\" title=\"\" data-id=\"20814\"\/><\/figure><\/div><\/div><div class=\"glide__bullets\" data-glide-el=\"controls[nav]\"><button class=\"glide__bullet\" data-glide-dir=\"=0\"><\/button><button class=\"glide__bullet\" data-glide-dir=\"=1\"><\/button><\/div><\/div><\/div>\n","protected":false},"excerpt":{"rendered":"<p>Wir starteten das neue Jahr 2025 mit einem St\u00e4dtetrip nach Riga, die Hauptstadt von Lettland. Wir waren bisher noch nie in Lettland und freuen uns, dass wir ein neues Land bereisen k\u00f6nnen. Von Tallinn sind wir mit der Airline Air Baltic in nur 35 Minuten Flugzeit nach Riga geflogen. Die Wartezeit in Tallinn am Flughafen [&hellip;]<\/p>\n","protected":false},"author":3,"featured_media":20789,"comment_status":"open","ping_status":"open","sticky":false,"template":"","format":"standard","meta":{"_themeisle_gutenberg_block_has_review":false,"footnotes":""},"categories":[1516,8,4],"tags":[580,1509,1510],"class_list":["post-20759","post","type-post","status-publish","format-standard","has-post-thumbnail","hentry","category-lettland","category-europa","category-laender","tag-europa","tag-lettland","tag-riga"],"_links":{"self":[{"href":"https:\/\/familie-weitgereist.de\/index.php?rest_route=\/wp\/v2\/posts\/20759","targetHints":{"allow":["GET"]}}],"collection":[{"href":"https:\/\/familie-weitgereist.de\/index.php?rest_route=\/wp\/v2\/posts"}],"about":[{"href":"https:\/\/familie-weitgereist.de\/index.php?rest_route=\/wp\/v2\/types\/post"}],"author":[{"embeddable":true,"href":"https:\/\/familie-weitgereist.de\/index.php?rest_route=\/wp\/v2\/users\/3"}],"replies":[{"embeddable":true,"href":"https:\/\/familie-weitgereist.de\/index.php?rest_route=%2Fwp%2Fv2%2Fcomments&post=20759"}],"version-history":[{"count":29,"href":"https:\/\/familie-weitgereist.de\/index.php?rest_route=\/wp\/v2\/posts\/20759\/revisions"}],"predecessor-version":[{"id":23095,"href":"https:\/\/familie-weitgereist.de\/index.php?rest_route=\/wp\/v2\/posts\/20759\/revisions\/23095"}],"wp:featuredmedia":[{"embeddable":true,"href":"https:\/\/familie-weitgereist.de\/index.php?rest_route=\/wp\/v2\/media\/20789"}],"wp:attachment":[{"href":"https:\/\/familie-weitgereist.de\/index.php?rest_route=%2Fwp%2Fv2%2Fmedia&parent=20759"}],"wp:term":[{"taxonomy":"category","embeddable":true,"href":"https:\/\/familie-weitgereist.de\/index.php?rest_route=%2Fwp%2Fv2%2Fcategories&post=20759"},{"taxonomy":"post_tag","embeddable":true,"href":"https:\/\/familie-weitgereist.de\/index.php?rest_route=%2Fwp%2Fv2%2Ftags&post=20759"}],"curies":[{"name":"wp","href":"https:\/\/api.w.org\/{rel}","templated":true}]}}