{"id":20645,"date":"2025-01-01T20:12:41","date_gmt":"2025-01-01T19:12:41","guid":{"rendered":"https:\/\/familie-weitgereist.de\/?p=20645"},"modified":"2025-12-16T11:04:47","modified_gmt":"2025-12-16T10:04:47","slug":"winter-auf-den-estnischen-inseln-mit-kleinen-kindern","status":"publish","type":"post","link":"https:\/\/familie-weitgereist.de\/?p=20645","title":{"rendered":"Winter auf einer estnischen Insel mit kleinen Kindern"},"content":{"rendered":"\n<p>Nachdem wir den estnischen Norden, rund um Tallinn und Narwa, erkundet haben, sind wir mit der F\u00e4hre von Rohuk\u00fcla nach Heltermaa auf <strong>Hiiumaa<\/strong> gefahren. Die \u00dcberfahrt dauerte 75 Minuten und kostete f\u00fcr uns vier und unserem Mietwagen nur 24\u20ac. Wir sind mit der F\u00e4hrgesellschaft &#8222;Praamid&#8220; gefahren. Die F\u00e4hre war sehr modern und sie hatte einen tollen Spielraum. Die F\u00e4hre verkehrt jeden Tag im Jahr mehrmals am Tag.<\/p>\n\n\n\n<div id=\"wp-block-themeisle-blocks-slider-4c9215d6\" class=\"wp-block-themeisle-blocks-slider glide\" data-per-view=\"1\" data-gap=\"0\" data-peek=\"0\" data-autoplay=\"true\" data-height=\"400px\" data-hide-arrows=\"false\"><div class=\"glide__track\" data-glide-el=\"track\"><div class=\"glide__slides\"><div class=\"wp-block-themeisle-blocks-slider-item-wrapper glide__slide\" tabindex=\"0\"><figure><img decoding=\"async\" class=\"wp-block-themeisle-blocks-slider-item\" src=\"https:\/\/familie-weitgereist.de\/wp-content\/uploads\/2024\/12\/IMG_20241230_110310-scaled.jpg\" alt=\"\" title=\"\" data-id=\"20648\"\/><\/figure><\/div><div class=\"wp-block-themeisle-blocks-slider-item-wrapper glide__slide\" tabindex=\"0\"><figure><img decoding=\"async\" class=\"wp-block-themeisle-blocks-slider-item\" src=\"https:\/\/familie-weitgereist.de\/wp-content\/uploads\/2024\/12\/IMG_20241230_094121-scaled.jpg\" alt=\"\" title=\"\" data-id=\"20649\"\/><\/figure><\/div><\/div><div class=\"glide__bullets\" data-glide-el=\"controls[nav]\"><button class=\"glide__bullet\" data-glide-dir=\"=0\"><\/button><button class=\"glide__bullet\" data-glide-dir=\"=1\"><\/button><\/div><\/div><\/div>\n\n\n\n<h2 class=\"wp-block-heading\">Hiiumaa<\/h2>\n\n\n\n<p>Weniger als 10.000 Menschen leben auf der Insel. Das Leben ist gepr\u00e4gt von Ruhe und viel Natur. Auf Hiiumaa gibt es ein Gymnasium und ein Krankenhaus, beides in K\u00e4rdla. Die Insel geh\u00f6rt zum UNESCO Biosph\u00e4renreservat und es gibt keine Licht- und Ger\u00e4uschverschmutzung. Es gibt drei Leuchtt\u00fcrme und viele Wanderwege.<\/p>\n\n\n\n<p>Hiiumaa wurde fr\u00fcher auf D\u00e4nisch &#8222;<em>Dag\u00f6<\/em>&#8220; (Taginsel) genannt. Die K\u00fcste von Hiiumaa ist 326 km lang. Viele sch\u00f6ne Badestr\u00e4nde warten auf die Einheimischen und die Touristen. 200 kleine Inseln, nahezu alle unbewohnt, umgeben Hiiumaa. Es gibt 324 km Wanderwege.<\/p>\n\n\n\n<p>Hiiumaa ist eine der \u00e4ltesten Inseln weltweit. Vor 455 Millionen Jahren schlug ein Meteorit in der N\u00e4he der heutigen Stadt K\u00e4rdla ein und lie\u00df eine ringf\u00f6rmige Inselgruppe entstehen.<\/p>\n\n\n\n<h2 class=\"wp-block-heading\">K\u00e4rdla<\/h2>\n\n\n\n<p>Gewohnt haben wir in dem Ort K\u00e4rdla, an der Nordk\u00fcste der Insel Hiiumaa in einer gro\u00dfen Ferienwohnung. Direkt bei unserer Ferienwohnung befand sich auch ein Spielplatz. K\u00e4rdla ist mit ca. 3000 Einwohnern die einzige Stadt auf der zweitgr\u00f6\u00dften estnischen Insel. <strong>Sie gilt als die sicherste Stadt in Estland<\/strong>. Der Name stammt aus dem Schwedischen <em>(K\u00e4rrdal)<\/em>, dies ist ein sumpfiges, feuchtes Tal.<\/p>\n\n\n\n<figure class=\"wp-block-image size-large\"><img loading=\"lazy\" decoding=\"async\" width=\"1024\" height=\"768\" src=\"https:\/\/familie-weitgereist.de\/wp-content\/uploads\/2024\/12\/IMG_20241230_131314-1024x768.jpg\" alt=\"\" class=\"wp-image-20703\" srcset=\"https:\/\/familie-weitgereist.de\/wp-content\/uploads\/2024\/12\/IMG_20241230_131314-1024x768.jpg 1024w, https:\/\/familie-weitgereist.de\/wp-content\/uploads\/2024\/12\/IMG_20241230_131314-300x225.jpg 300w, https:\/\/familie-weitgereist.de\/wp-content\/uploads\/2024\/12\/IMG_20241230_131314-768x576.jpg 768w, https:\/\/familie-weitgereist.de\/wp-content\/uploads\/2024\/12\/IMG_20241230_131314-1536x1152.jpg 1536w, https:\/\/familie-weitgereist.de\/wp-content\/uploads\/2024\/12\/IMG_20241230_131314-2048x1536.jpg 2048w, https:\/\/familie-weitgereist.de\/wp-content\/uploads\/2024\/12\/IMG_20241230_131314-1200x900.jpg 1200w, https:\/\/familie-weitgereist.de\/wp-content\/uploads\/2024\/12\/IMG_20241230_131314-1980x1485.jpg 1980w, https:\/\/familie-weitgereist.de\/wp-content\/uploads\/2024\/12\/IMG_20241230_131314-150x113.jpg 150w\" sizes=\"auto, (max-width: 1024px) 100vw, 1024px\" \/><\/figure>\n\n\n\n<p>Wir besuchten das <strong>Hiiumaa Museum<\/strong> in K\u00e4rdla. Es ist beheimatet im 60 m langem und somit l\u00e4ngstem Holzhaus der Stadt, <em>Pikk Maja<\/em>. Wir konnten etwas zur Geschichte Hiiumaa&#8217;s und K\u00e4rdla&#8217;s erfahren. Das Highlight f\u00fcr unsere Jungs war das gro\u00dfe Spielhaus. Zudem gab es eine Ausstellung zum Thema Schlaf und den damaligen Schlafzimmergegebenheiten auf Hiiuma.<\/p>\n\n\n\n<div id=\"wp-block-themeisle-blocks-slider-e1d743d2\" class=\"wp-block-themeisle-blocks-slider glide\" data-per-view=\"1\" data-gap=\"0\" data-peek=\"0\" data-autoplay=\"true\" data-height=\"400px\" data-hide-arrows=\"false\"><div class=\"glide__track\" data-glide-el=\"track\"><div class=\"glide__slides\"><div class=\"wp-block-themeisle-blocks-slider-item-wrapper glide__slide\" tabindex=\"0\"><figure><img decoding=\"async\" class=\"wp-block-themeisle-blocks-slider-item\" src=\"https:\/\/familie-weitgereist.de\/wp-content\/uploads\/2024\/12\/IMG_20241230_124946-scaled.jpg\" alt=\"\" title=\"\" data-id=\"20656\"\/><\/figure><\/div><div class=\"wp-block-themeisle-blocks-slider-item-wrapper glide__slide\" tabindex=\"0\"><figure><img decoding=\"async\" class=\"wp-block-themeisle-blocks-slider-item\" src=\"https:\/\/familie-weitgereist.de\/wp-content\/uploads\/2024\/12\/IMG_20241230_115915-scaled.jpg\" alt=\"\" title=\"\" data-id=\"20655\"\/><\/figure><\/div><div class=\"wp-block-themeisle-blocks-slider-item-wrapper glide__slide\" tabindex=\"0\"><figure><img decoding=\"async\" class=\"wp-block-themeisle-blocks-slider-item\" src=\"https:\/\/familie-weitgereist.de\/wp-content\/uploads\/2024\/12\/IMG_20241230_115411-scaled.jpg\" alt=\"\" title=\"\" data-id=\"20657\"\/><\/figure><\/div><\/div><div class=\"glide__bullets\" data-glide-el=\"controls[nav]\"><button class=\"glide__bullet\" data-glide-dir=\"=0\"><\/button><button class=\"glide__bullet\" data-glide-dir=\"=1\"><\/button><button class=\"glide__bullet\" data-glide-dir=\"=2\"><\/button><\/div><\/div><\/div>\n\n\n\n<p>In K\u00e4rdla gibt es zwei gro\u00dfe Parks, einen Stadtpark <em>(Linnapark)<\/em> und einen Strandpark <em>(Rannapark)<\/em>. Im Sommer gibt es sicherlich einige kleine Caf\u00e9s. Jetzt im Winter war jedoch keins offen. <\/p>\n\n\n\n<figure class=\"wp-block-image size-large\"><img loading=\"lazy\" decoding=\"async\" width=\"1024\" height=\"768\" src=\"https:\/\/familie-weitgereist.de\/wp-content\/uploads\/2024\/12\/IMG_20241230_151536-1024x768.jpg\" alt=\"\" class=\"wp-image-20659\" srcset=\"https:\/\/familie-weitgereist.de\/wp-content\/uploads\/2024\/12\/IMG_20241230_151536-1024x768.jpg 1024w, https:\/\/familie-weitgereist.de\/wp-content\/uploads\/2024\/12\/IMG_20241230_151536-300x225.jpg 300w, https:\/\/familie-weitgereist.de\/wp-content\/uploads\/2024\/12\/IMG_20241230_151536-768x576.jpg 768w, https:\/\/familie-weitgereist.de\/wp-content\/uploads\/2024\/12\/IMG_20241230_151536-1536x1152.jpg 1536w, https:\/\/familie-weitgereist.de\/wp-content\/uploads\/2024\/12\/IMG_20241230_151536-2048x1536.jpg 2048w, https:\/\/familie-weitgereist.de\/wp-content\/uploads\/2024\/12\/IMG_20241230_151536-1200x900.jpg 1200w, https:\/\/familie-weitgereist.de\/wp-content\/uploads\/2024\/12\/IMG_20241230_151536-1980x1485.jpg 1980w, https:\/\/familie-weitgereist.de\/wp-content\/uploads\/2024\/12\/IMG_20241230_151536-150x113.jpg 150w\" sizes=\"auto, (max-width: 1024px) 100vw, 1024px\" \/><\/figure>\n\n\n\n<p>Wir liefen zudem zum Hafen der Stadt, welcher viele kleine Anlegepl\u00e4tze f\u00fcr Boote hat.<\/p>\n\n\n\n<p>Mit unserem Mietauto sind wir \u00fcber die Insel gefahren und haben dabei viel Natur und wenig Menschen gesehen. Wir machten einen Abstecher zum <strong>Leuchtturm in K\u00f5pu<\/strong> auf der Halbinsel K\u00f5pu. Es ist der <strong>\u00e4lteste Leuchtturm Estlands, der baltischen L\u00e4nder und der Ostseeregion<\/strong>. Vor Hiiumaa verlief um 1500 herum die wichtigste nordeurop\u00e4ische Handelsroute. Da die Gew\u00e4sser hier sehr flach waren, verschwanden st\u00e4ndig Schiffe in der Ostsee. Der Leuchtturm wurde auf dem h\u00f6chsten Punkt der Insel errichtet, 67 m \u00fcber dem Meeresspiegel. Der Turm selbst ist 36 m hoch und sendet sein Licht somit aus einer H\u00f6he von 102,6 m. Dies ist das h\u00f6chste Lichtsignal in der Ostseeregion.<\/p>\n\n\n\n<figure class=\"wp-block-image size-large\"><img loading=\"lazy\" decoding=\"async\" width=\"1024\" height=\"768\" src=\"https:\/\/familie-weitgereist.de\/wp-content\/uploads\/2024\/12\/IMG_20241231_110637-1024x768.jpg\" alt=\"\" class=\"wp-image-20685\" srcset=\"https:\/\/familie-weitgereist.de\/wp-content\/uploads\/2024\/12\/IMG_20241231_110637-1024x768.jpg 1024w, https:\/\/familie-weitgereist.de\/wp-content\/uploads\/2024\/12\/IMG_20241231_110637-300x225.jpg 300w, https:\/\/familie-weitgereist.de\/wp-content\/uploads\/2024\/12\/IMG_20241231_110637-768x576.jpg 768w, https:\/\/familie-weitgereist.de\/wp-content\/uploads\/2024\/12\/IMG_20241231_110637-1536x1152.jpg 1536w, https:\/\/familie-weitgereist.de\/wp-content\/uploads\/2024\/12\/IMG_20241231_110637-2048x1536.jpg 2048w, https:\/\/familie-weitgereist.de\/wp-content\/uploads\/2024\/12\/IMG_20241231_110637-1200x900.jpg 1200w, https:\/\/familie-weitgereist.de\/wp-content\/uploads\/2024\/12\/IMG_20241231_110637-1980x1485.jpg 1980w, https:\/\/familie-weitgereist.de\/wp-content\/uploads\/2024\/12\/IMG_20241231_110637-150x113.jpg 150w\" sizes=\"auto, (max-width: 1024px) 100vw, 1024px\" \/><\/figure>\n\n\n\n<p>Am Leuchtturm befinden sich kleine Ferienh\u00fctten, eine Lagerfeuerstelle und ein toller Spielplatz.<\/p>\n\n\n\n<figure class=\"wp-block-image size-large\"><img loading=\"lazy\" decoding=\"async\" width=\"1024\" height=\"768\" src=\"https:\/\/familie-weitgereist.de\/wp-content\/uploads\/2024\/12\/IMG_20241231_123745-1024x768.jpg\" alt=\"\" class=\"wp-image-20701\" srcset=\"https:\/\/familie-weitgereist.de\/wp-content\/uploads\/2024\/12\/IMG_20241231_123745-1024x768.jpg 1024w, https:\/\/familie-weitgereist.de\/wp-content\/uploads\/2024\/12\/IMG_20241231_123745-300x225.jpg 300w, https:\/\/familie-weitgereist.de\/wp-content\/uploads\/2024\/12\/IMG_20241231_123745-768x576.jpg 768w, https:\/\/familie-weitgereist.de\/wp-content\/uploads\/2024\/12\/IMG_20241231_123745-1536x1152.jpg 1536w, https:\/\/familie-weitgereist.de\/wp-content\/uploads\/2024\/12\/IMG_20241231_123745-2048x1536.jpg 2048w, https:\/\/familie-weitgereist.de\/wp-content\/uploads\/2024\/12\/IMG_20241231_123745-1200x900.jpg 1200w, https:\/\/familie-weitgereist.de\/wp-content\/uploads\/2024\/12\/IMG_20241231_123745-1980x1485.jpg 1980w, https:\/\/familie-weitgereist.de\/wp-content\/uploads\/2024\/12\/IMG_20241231_123745-150x113.jpg 150w\" sizes=\"auto, (max-width: 1024px) 100vw, 1024px\" \/><\/figure>\n\n\n\n<p>Wir liefen durch herrliche Nadelw\u00e4lder zum <strong>Paradiesstrand<\/strong>. Der Strand ist wundersch\u00f6n. Es war windig und die Wellen waren ganz sch\u00f6n hoch. Hiiumaa ist auch bekannt als <strong>Kitesurferparadies<\/strong> im Norden.<\/p>\n\n\n\n<figure class=\"wp-block-image size-large\"><img loading=\"lazy\" decoding=\"async\" width=\"1024\" height=\"768\" src=\"https:\/\/familie-weitgereist.de\/wp-content\/uploads\/2024\/12\/IMG_20241231_134309-1024x768.jpg\" alt=\"\" class=\"wp-image-20687\" srcset=\"https:\/\/familie-weitgereist.de\/wp-content\/uploads\/2024\/12\/IMG_20241231_134309-1024x768.jpg 1024w, https:\/\/familie-weitgereist.de\/wp-content\/uploads\/2024\/12\/IMG_20241231_134309-300x225.jpg 300w, https:\/\/familie-weitgereist.de\/wp-content\/uploads\/2024\/12\/IMG_20241231_134309-768x576.jpg 768w, https:\/\/familie-weitgereist.de\/wp-content\/uploads\/2024\/12\/IMG_20241231_134309-1536x1152.jpg 1536w, https:\/\/familie-weitgereist.de\/wp-content\/uploads\/2024\/12\/IMG_20241231_134309-2048x1536.jpg 2048w, https:\/\/familie-weitgereist.de\/wp-content\/uploads\/2024\/12\/IMG_20241231_134309-1200x900.jpg 1200w, https:\/\/familie-weitgereist.de\/wp-content\/uploads\/2024\/12\/IMG_20241231_134309-1980x1485.jpg 1980w, https:\/\/familie-weitgereist.de\/wp-content\/uploads\/2024\/12\/IMG_20241231_134309-150x113.jpg 150w\" sizes=\"auto, (max-width: 1024px) 100vw, 1024px\" \/><\/figure>\n\n\n\n<p>Im Wald befanden sich ehemalige Bunkeranlagen aus dem 2. Weltkrieg.<\/p>\n\n\n\n<figure class=\"wp-block-image size-large\"><img loading=\"lazy\" decoding=\"async\" width=\"1024\" height=\"768\" src=\"https:\/\/familie-weitgereist.de\/wp-content\/uploads\/2024\/12\/IMG_20241231_133249-1024x768.jpg\" alt=\"\" class=\"wp-image-20688\" srcset=\"https:\/\/familie-weitgereist.de\/wp-content\/uploads\/2024\/12\/IMG_20241231_133249-1024x768.jpg 1024w, https:\/\/familie-weitgereist.de\/wp-content\/uploads\/2024\/12\/IMG_20241231_133249-300x225.jpg 300w, https:\/\/familie-weitgereist.de\/wp-content\/uploads\/2024\/12\/IMG_20241231_133249-768x576.jpg 768w, https:\/\/familie-weitgereist.de\/wp-content\/uploads\/2024\/12\/IMG_20241231_133249-1536x1152.jpg 1536w, https:\/\/familie-weitgereist.de\/wp-content\/uploads\/2024\/12\/IMG_20241231_133249-2048x1536.jpg 2048w, https:\/\/familie-weitgereist.de\/wp-content\/uploads\/2024\/12\/IMG_20241231_133249-1200x900.jpg 1200w, https:\/\/familie-weitgereist.de\/wp-content\/uploads\/2024\/12\/IMG_20241231_133249-1980x1485.jpg 1980w, https:\/\/familie-weitgereist.de\/wp-content\/uploads\/2024\/12\/IMG_20241231_133249-150x113.jpg 150w\" sizes=\"auto, (max-width: 1024px) 100vw, 1024px\" \/><\/figure>\n\n\n\n<p>Eine tolle Schaukel befindet sich am Strand.<\/p>\n\n\n\n<figure class=\"wp-block-image size-large\"><img loading=\"lazy\" decoding=\"async\" width=\"1024\" height=\"576\" src=\"https:\/\/familie-weitgereist.de\/wp-content\/uploads\/2024\/12\/PXL_20241231_114712597.MP_-1024x576.jpg\" alt=\"\" class=\"wp-image-20689\" srcset=\"https:\/\/familie-weitgereist.de\/wp-content\/uploads\/2024\/12\/PXL_20241231_114712597.MP_-1024x576.jpg 1024w, https:\/\/familie-weitgereist.de\/wp-content\/uploads\/2024\/12\/PXL_20241231_114712597.MP_-300x169.jpg 300w, https:\/\/familie-weitgereist.de\/wp-content\/uploads\/2024\/12\/PXL_20241231_114712597.MP_-768x432.jpg 768w, https:\/\/familie-weitgereist.de\/wp-content\/uploads\/2024\/12\/PXL_20241231_114712597.MP_-1536x864.jpg 1536w, https:\/\/familie-weitgereist.de\/wp-content\/uploads\/2024\/12\/PXL_20241231_114712597.MP_-2048x1152.jpg 2048w, https:\/\/familie-weitgereist.de\/wp-content\/uploads\/2024\/12\/PXL_20241231_114712597.MP_-1200x675.jpg 1200w, https:\/\/familie-weitgereist.de\/wp-content\/uploads\/2024\/12\/PXL_20241231_114712597.MP_-1980x1114.jpg 1980w, https:\/\/familie-weitgereist.de\/wp-content\/uploads\/2024\/12\/PXL_20241231_114712597.MP_-150x84.jpg 150w\" sizes=\"auto, (max-width: 1024px) 100vw, 1024px\" \/><\/figure>\n\n\n\n<p>Urspr\u00fcnglich wollten wir mit der F\u00e4hre nach Saaremaa fahren und von dort zur\u00fcck auf das Festland. Aufgrund eines Sturmes ist unsere F\u00e4hre leider ausgefallen und wir sind mit der F\u00e4hre von Heltermaa nach Rohuk\u00fcla gefahren. Die F\u00e4hrfahrt war wieder sehr angenehm und verging schnell im Spielraum. Anschlie\u00dfend sind wir ca. 1 Stunde mit unserem Mietwagen Richtung Tallinn gefahren.<\/p>\n\n\n\n<figure class=\"wp-block-image size-large\"><img loading=\"lazy\" decoding=\"async\" width=\"1024\" height=\"768\" src=\"https:\/\/familie-weitgereist.de\/wp-content\/uploads\/2025\/01\/IMG_20250101_124549-1024x768.jpg\" alt=\"\" class=\"wp-image-20706\" srcset=\"https:\/\/familie-weitgereist.de\/wp-content\/uploads\/2025\/01\/IMG_20250101_124549-1024x768.jpg 1024w, https:\/\/familie-weitgereist.de\/wp-content\/uploads\/2025\/01\/IMG_20250101_124549-300x225.jpg 300w, https:\/\/familie-weitgereist.de\/wp-content\/uploads\/2025\/01\/IMG_20250101_124549-768x576.jpg 768w, https:\/\/familie-weitgereist.de\/wp-content\/uploads\/2025\/01\/IMG_20250101_124549-1536x1152.jpg 1536w, https:\/\/familie-weitgereist.de\/wp-content\/uploads\/2025\/01\/IMG_20250101_124549-2048x1536.jpg 2048w, https:\/\/familie-weitgereist.de\/wp-content\/uploads\/2025\/01\/IMG_20250101_124549-1200x900.jpg 1200w, https:\/\/familie-weitgereist.de\/wp-content\/uploads\/2025\/01\/IMG_20250101_124549-1980x1485.jpg 1980w, https:\/\/familie-weitgereist.de\/wp-content\/uploads\/2025\/01\/IMG_20250101_124549-150x113.jpg 150w\" sizes=\"auto, (max-width: 1024px) 100vw, 1024px\" \/><\/figure>\n","protected":false},"excerpt":{"rendered":"<p>Nachdem wir den estnischen Norden, rund um Tallinn und Narwa, erkundet haben, sind wir mit der F\u00e4hre von Rohuk\u00fcla nach Heltermaa auf Hiiumaa gefahren. Die \u00dcberfahrt dauerte 75 Minuten und kostete f\u00fcr uns vier und unserem Mietwagen nur 24\u20ac. Wir sind mit der F\u00e4hrgesellschaft &#8222;Praamid&#8220; gefahren. Die F\u00e4hre war sehr modern und sie hatte einen [&hellip;]<\/p>\n","protected":false},"author":3,"featured_media":20687,"comment_status":"open","ping_status":"open","sticky":false,"template":"","format":"standard","meta":{"_themeisle_gutenberg_block_has_review":false,"footnotes":""},"categories":[1515,8,4,377],"tags":[1492,1493,580,1500,1503],"class_list":["post-20645","post","type-post","status-publish","format-standard","has-post-thumbnail","hentry","category-estland","category-europa","category-laender","category-spielplaetze","tag-baltikum","tag-estland","tag-europa","tag-hiiumaa","tag-kaerdla"],"_links":{"self":[{"href":"https:\/\/familie-weitgereist.de\/index.php?rest_route=\/wp\/v2\/posts\/20645","targetHints":{"allow":["GET"]}}],"collection":[{"href":"https:\/\/familie-weitgereist.de\/index.php?rest_route=\/wp\/v2\/posts"}],"about":[{"href":"https:\/\/familie-weitgereist.de\/index.php?rest_route=\/wp\/v2\/types\/post"}],"author":[{"embeddable":true,"href":"https:\/\/familie-weitgereist.de\/index.php?rest_route=\/wp\/v2\/users\/3"}],"replies":[{"embeddable":true,"href":"https:\/\/familie-weitgereist.de\/index.php?rest_route=%2Fwp%2Fv2%2Fcomments&post=20645"}],"version-history":[{"count":40,"href":"https:\/\/familie-weitgereist.de\/index.php?rest_route=\/wp\/v2\/posts\/20645\/revisions"}],"predecessor-version":[{"id":24216,"href":"https:\/\/familie-weitgereist.de\/index.php?rest_route=\/wp\/v2\/posts\/20645\/revisions\/24216"}],"wp:featuredmedia":[{"embeddable":true,"href":"https:\/\/familie-weitgereist.de\/index.php?rest_route=\/wp\/v2\/media\/20687"}],"wp:attachment":[{"href":"https:\/\/familie-weitgereist.de\/index.php?rest_route=%2Fwp%2Fv2%2Fmedia&parent=20645"}],"wp:term":[{"taxonomy":"category","embeddable":true,"href":"https:\/\/familie-weitgereist.de\/index.php?rest_route=%2Fwp%2Fv2%2Fcategories&post=20645"},{"taxonomy":"post_tag","embeddable":true,"href":"https:\/\/familie-weitgereist.de\/index.php?rest_route=%2Fwp%2Fv2%2Ftags&post=20645"}],"curies":[{"name":"wp","href":"https:\/\/api.w.org\/{rel}","templated":true}]}}