{"id":20503,"date":"2024-12-31T16:48:13","date_gmt":"2024-12-31T15:48:13","guid":{"rendered":"https:\/\/familie-weitgereist.de\/?p=20503"},"modified":"2025-09-29T23:50:54","modified_gmt":"2025-09-29T21:50:54","slug":"estland-in-den-weihnachtsferien-mit-kleinen-kindern","status":"publish","type":"post","link":"https:\/\/familie-weitgereist.de\/?p=20503","title":{"rendered":"Estland in den Weihnachtsferien mit kleinen Kindern"},"content":{"rendered":"\n<p>Wir sind am 2. Weihnachtsfeiertag mit unseren zwei Kindern nach <strong>Tallinn in Estland<\/strong> geflogen. Tallinn ist die Hauptstadt des <strong>n\u00f6rdlichsten und kleinsten Landes im Baltikum<\/strong>. Es war f\u00fcr uns die erste Reise ins Baltikum und wir freuten uns sehr \u00fcber ein neues Reiseland f\u00fcr uns alle!<\/p>\n\n\n\n<figure class=\"wp-block-image size-large\"><img loading=\"lazy\" decoding=\"async\" width=\"1024\" height=\"768\" src=\"https:\/\/familie-weitgereist.de\/wp-content\/uploads\/2024\/12\/IMG_20241227_131138-1024x768.jpg\" alt=\"\" class=\"wp-image-20522\" srcset=\"https:\/\/familie-weitgereist.de\/wp-content\/uploads\/2024\/12\/IMG_20241227_131138-1024x768.jpg 1024w, https:\/\/familie-weitgereist.de\/wp-content\/uploads\/2024\/12\/IMG_20241227_131138-300x225.jpg 300w, https:\/\/familie-weitgereist.de\/wp-content\/uploads\/2024\/12\/IMG_20241227_131138-768x576.jpg 768w, https:\/\/familie-weitgereist.de\/wp-content\/uploads\/2024\/12\/IMG_20241227_131138-1536x1152.jpg 1536w, https:\/\/familie-weitgereist.de\/wp-content\/uploads\/2024\/12\/IMG_20241227_131138-2048x1536.jpg 2048w, https:\/\/familie-weitgereist.de\/wp-content\/uploads\/2024\/12\/IMG_20241227_131138-1200x900.jpg 1200w, https:\/\/familie-weitgereist.de\/wp-content\/uploads\/2024\/12\/IMG_20241227_131138-1980x1485.jpg 1980w, https:\/\/familie-weitgereist.de\/wp-content\/uploads\/2024\/12\/IMG_20241227_131138-150x113.jpg 150w\" sizes=\"auto, (max-width: 1024px) 100vw, 1024px\" \/><\/figure>\n\n\n\n<p>In Estland leben ca. 1,3 Millionen Menschen. Davon leben allein in Tallinn ca. 438.000 Menschen. Als wir \u00fcber Estland geflogen sind, haben wir gesehen, wie d\u00fcnn besiedelt das Land ist. Die zweitgr\u00f6\u00dfte Stadt ist Tartu, die drittgr\u00f6\u00dfte Stadt ist Narwa.<\/p>\n\n\n\n<p>70% der Bev\u00f6lkerung sind Esten, es gibt eine bedeutende russische Minderheit (ca. 22%) und eine kleine finnische Minderheit.<\/p>\n\n\n\n<p>1940 okkupierte Russland Estland und die Estnische Sozialistische Sowjetunion wurde gegr\u00fcndet. 1991 wurde Estland von Russland unabh\u00e4ngig. 2004 trat Estland der Europ\u00e4ischen Union bei.<\/p>\n\n\n\n<p>Wir haben Estland mit einem Mietwagen erkundet. Die Stra\u00dfen sind sehr gut ausgebaut und auf den Schnellstra\u00dfen sind 110 km\/h erlaubt. Au\u00dferhalb der Ballungszentren kamen wir sehr gut und schnell voran. Es war immer wenig Verkehr.<\/p>\n\n\n\n<figure class=\"wp-block-image size-large\"><img loading=\"lazy\" decoding=\"async\" width=\"1024\" height=\"576\" src=\"https:\/\/familie-weitgereist.de\/wp-content\/uploads\/2024\/12\/PXL_20241231_124953394.MP_-1024x576.jpg\" alt=\"\" class=\"wp-image-20691\" srcset=\"https:\/\/familie-weitgereist.de\/wp-content\/uploads\/2024\/12\/PXL_20241231_124953394.MP_-1024x576.jpg 1024w, https:\/\/familie-weitgereist.de\/wp-content\/uploads\/2024\/12\/PXL_20241231_124953394.MP_-300x169.jpg 300w, https:\/\/familie-weitgereist.de\/wp-content\/uploads\/2024\/12\/PXL_20241231_124953394.MP_-768x432.jpg 768w, https:\/\/familie-weitgereist.de\/wp-content\/uploads\/2024\/12\/PXL_20241231_124953394.MP_-1536x864.jpg 1536w, https:\/\/familie-weitgereist.de\/wp-content\/uploads\/2024\/12\/PXL_20241231_124953394.MP_-2048x1152.jpg 2048w, https:\/\/familie-weitgereist.de\/wp-content\/uploads\/2024\/12\/PXL_20241231_124953394.MP_-1200x675.jpg 1200w, https:\/\/familie-weitgereist.de\/wp-content\/uploads\/2024\/12\/PXL_20241231_124953394.MP_-1980x1114.jpg 1980w, https:\/\/familie-weitgereist.de\/wp-content\/uploads\/2024\/12\/PXL_20241231_124953394.MP_-150x84.jpg 150w\" sizes=\"auto, (max-width: 1024px) 100vw, 1024px\" \/><\/figure>\n\n\n\n<ul class=\"wp-block-list\">\n<li><a href=\"https:\/\/familie-weitgereist.de\/?p=20503\/#tallinn\" data-type=\"link\" data-id=\"https:\/\/familie-weitgereist.de\/?p=20503\/#tallinn\">Tallinn<\/a><\/li>\n\n\n\n<li><a href=\"https:\/\/familie-weitgereist.de\/?p=20503\/#narwa\">Narwa<\/a><\/li>\n\n\n\n<li><a href=\"https:\/\/familie-weitgereist.de\/?p=20503\/#umland\">Umland von Tallinn<\/a><\/li>\n<\/ul>\n\n\n\n<h2 class=\"wp-block-heading\" id=\"tallinn\">Tallinn<\/h2>\n\n\n\n<p>Wir sind mit der <strong>Airline <em>Ryanair<\/em> von Berlin nach Tallinn <\/strong>geflogen. Nach nur 90 Minuten Flugzeit sind wir 21:30 Ortszeit in Tallinn gelandet. Der Flughafen hat einen sch\u00f6nen Spielplatz, was perfekt f\u00fcr unseren Weiterflug nach <strong>Riga<\/strong> war.<\/p>\n\n\n\n<figure class=\"wp-block-image size-large\"><img loading=\"lazy\" decoding=\"async\" width=\"1024\" height=\"768\" src=\"https:\/\/familie-weitgereist.de\/wp-content\/uploads\/2024\/12\/IMG_20241226_204825-1024x768.jpg\" alt=\"\" class=\"wp-image-20764\" srcset=\"https:\/\/familie-weitgereist.de\/wp-content\/uploads\/2024\/12\/IMG_20241226_204825-1024x768.jpg 1024w, https:\/\/familie-weitgereist.de\/wp-content\/uploads\/2024\/12\/IMG_20241226_204825-300x225.jpg 300w, https:\/\/familie-weitgereist.de\/wp-content\/uploads\/2024\/12\/IMG_20241226_204825-768x576.jpg 768w, https:\/\/familie-weitgereist.de\/wp-content\/uploads\/2024\/12\/IMG_20241226_204825-1536x1152.jpg 1536w, https:\/\/familie-weitgereist.de\/wp-content\/uploads\/2024\/12\/IMG_20241226_204825-2048x1536.jpg 2048w, https:\/\/familie-weitgereist.de\/wp-content\/uploads\/2024\/12\/IMG_20241226_204825-1200x900.jpg 1200w, https:\/\/familie-weitgereist.de\/wp-content\/uploads\/2024\/12\/IMG_20241226_204825-1980x1485.jpg 1980w, https:\/\/familie-weitgereist.de\/wp-content\/uploads\/2024\/12\/IMG_20241226_204825-150x113.jpg 150w\" sizes=\"auto, (max-width: 1024px) 100vw, 1024px\" \/><\/figure>\n\n\n\n<p>Philipp hat unseren Mietwagen abgeholt. Alles verlief schnell und reibungslos. Anschlie\u00dfend sind wir 10 Minuten in unser Ferienh\u00e4uschen gefahren. Wir hatten eine eigene Sauna und konnten jeden Abend gem\u00fctlich ausklingen lassen.<\/p>\n\n\n\n<figure class=\"wp-block-image size-large\"><img loading=\"lazy\" decoding=\"async\" width=\"1024\" height=\"768\" src=\"https:\/\/familie-weitgereist.de\/wp-content\/uploads\/2024\/12\/IMG_20241227_110840-1024x768.jpg\" alt=\"\" class=\"wp-image-20514\" srcset=\"https:\/\/familie-weitgereist.de\/wp-content\/uploads\/2024\/12\/IMG_20241227_110840-1024x768.jpg 1024w, https:\/\/familie-weitgereist.de\/wp-content\/uploads\/2024\/12\/IMG_20241227_110840-300x225.jpg 300w, https:\/\/familie-weitgereist.de\/wp-content\/uploads\/2024\/12\/IMG_20241227_110840-768x576.jpg 768w, https:\/\/familie-weitgereist.de\/wp-content\/uploads\/2024\/12\/IMG_20241227_110840-1536x1152.jpg 1536w, https:\/\/familie-weitgereist.de\/wp-content\/uploads\/2024\/12\/IMG_20241227_110840-2048x1536.jpg 2048w, https:\/\/familie-weitgereist.de\/wp-content\/uploads\/2024\/12\/IMG_20241227_110840-1200x900.jpg 1200w, https:\/\/familie-weitgereist.de\/wp-content\/uploads\/2024\/12\/IMG_20241227_110840-1980x1485.jpg 1980w, https:\/\/familie-weitgereist.de\/wp-content\/uploads\/2024\/12\/IMG_20241227_110840-150x113.jpg 150w\" sizes=\"auto, (max-width: 1024px) 100vw, 1024px\" \/><\/figure>\n\n\n\n<p>Wir haben unseren ersten Tag genutzt um die Altstadt von Tallinn zu erkunden. Es hat wirklich so viel Spa\u00df gemacht, durch die sehr gut erhaltenen <strong>Mittelaltergassen<\/strong> zu schlendern. Die alten Stadtmauern, viele Kathedralen und Kirchen und die uralten Kopfsteinpflastergassen nahmen uns mit auf eine Zeitreise.<\/p>\n\n\n\n<figure class=\"wp-block-image size-large\"><img loading=\"lazy\" decoding=\"async\" width=\"1024\" height=\"768\" src=\"https:\/\/familie-weitgereist.de\/wp-content\/uploads\/2024\/12\/IMG_20241227_115806-1024x768.jpg\" alt=\"\" class=\"wp-image-20524\" srcset=\"https:\/\/familie-weitgereist.de\/wp-content\/uploads\/2024\/12\/IMG_20241227_115806-1024x768.jpg 1024w, https:\/\/familie-weitgereist.de\/wp-content\/uploads\/2024\/12\/IMG_20241227_115806-300x225.jpg 300w, https:\/\/familie-weitgereist.de\/wp-content\/uploads\/2024\/12\/IMG_20241227_115806-768x576.jpg 768w, https:\/\/familie-weitgereist.de\/wp-content\/uploads\/2024\/12\/IMG_20241227_115806-1536x1152.jpg 1536w, https:\/\/familie-weitgereist.de\/wp-content\/uploads\/2024\/12\/IMG_20241227_115806-2048x1536.jpg 2048w, https:\/\/familie-weitgereist.de\/wp-content\/uploads\/2024\/12\/IMG_20241227_115806-1200x900.jpg 1200w, https:\/\/familie-weitgereist.de\/wp-content\/uploads\/2024\/12\/IMG_20241227_115806-1980x1485.jpg 1980w, https:\/\/familie-weitgereist.de\/wp-content\/uploads\/2024\/12\/IMG_20241227_115806-150x113.jpg 150w\" sizes=\"auto, (max-width: 1024px) 100vw, 1024px\" \/><\/figure>\n\n\n\n<p>Tallinn bedeutet \u00fcbersetzt &#8222;d\u00e4nische Stadt&#8220;. Sie war und ist eine wichtige Hansestadt. Direkt am finnischen Meerbusen, an der Ostsee gelegen und nur 88 km von Helsinki entfernt, machen Tallinn ebenso zu einem interessanten Anlegehafen f\u00fcr Kreuzfahrtschiffe. Zwischen Tallinn und Helsinki fahren t\u00e4gliche F\u00e4hren, die die beiden St\u00e4dte in nur 2,5 Stunden miteinander verbinden. Ideal um Tallinn ebenso mit einem Tagesausflug nach Helsinki zu verbinden. Wir haben die Weihnachtsferien 2023 in Finnland verbracht und u.a. auch <strong><a href=\"https:\/\/familie-weitgereist.de\/?p=17077\" data-type=\"link\" data-id=\"https:\/\/familie-weitgereist.de\/?p=17077\">Helsinki<\/a><\/strong> bereist.<\/p>\n\n\n\n<p>Unser erster Halt waren der <strong>Kanonenturm<\/strong> &#8222;<strong><em>Kiek in de K\u00f6k<\/em><\/strong>&#8220; (Blick in die K\u00fcche). Das Wort ist ein \u00dcberbleibsel der deutsch-d\u00e4nischen Herrschaft. Die Wachm\u00e4nner scherzten damals damit, dass sie von ihrer Position aus, bis in die K\u00fcchen der umliegenden H\u00e4user schauen konnten. Bis 1889 war Deutsch sogar Amtssprache in Tallinn. Der 38 m hohe Kanonenturm sollte die Stadt vor Angriffen sch\u00fctzen. Heute ist es ein Museum, welches besucht werden kann.<\/p>\n\n\n\n<figure class=\"wp-block-image size-large\"><img loading=\"lazy\" decoding=\"async\" width=\"1024\" height=\"768\" src=\"https:\/\/familie-weitgereist.de\/wp-content\/uploads\/2024\/12\/IMG_20241227_115628-1024x768.jpg\" alt=\"\" class=\"wp-image-20531\" srcset=\"https:\/\/familie-weitgereist.de\/wp-content\/uploads\/2024\/12\/IMG_20241227_115628-1024x768.jpg 1024w, https:\/\/familie-weitgereist.de\/wp-content\/uploads\/2024\/12\/IMG_20241227_115628-300x225.jpg 300w, https:\/\/familie-weitgereist.de\/wp-content\/uploads\/2024\/12\/IMG_20241227_115628-768x576.jpg 768w, https:\/\/familie-weitgereist.de\/wp-content\/uploads\/2024\/12\/IMG_20241227_115628-1536x1152.jpg 1536w, https:\/\/familie-weitgereist.de\/wp-content\/uploads\/2024\/12\/IMG_20241227_115628-2048x1536.jpg 2048w, https:\/\/familie-weitgereist.de\/wp-content\/uploads\/2024\/12\/IMG_20241227_115628-1200x900.jpg 1200w, https:\/\/familie-weitgereist.de\/wp-content\/uploads\/2024\/12\/IMG_20241227_115628-1980x1485.jpg 1980w, https:\/\/familie-weitgereist.de\/wp-content\/uploads\/2024\/12\/IMG_20241227_115628-150x113.jpg 150w\" sizes=\"auto, (max-width: 1024px) 100vw, 1024px\" \/><\/figure>\n\n\n\n<p>Wir schlenderten anschlie\u00dfend an der <strong>Stadtmauer<\/strong> entlang. Es gibt in Tallinn zwei Stadtmauern, eine f\u00fcr die Oberstadt und eine f\u00fcr die Unterstadt. Dabei gelangten wir zu verschiedenen Stadttoren, die damals nachts geschlossen wurden.<\/p>\n\n\n\n<figure class=\"wp-block-image size-large\"><img loading=\"lazy\" decoding=\"async\" width=\"1024\" height=\"768\" src=\"https:\/\/familie-weitgereist.de\/wp-content\/uploads\/2024\/12\/IMG_20241227_140752-1024x768.jpg\" alt=\"\" class=\"wp-image-20534\" srcset=\"https:\/\/familie-weitgereist.de\/wp-content\/uploads\/2024\/12\/IMG_20241227_140752-1024x768.jpg 1024w, https:\/\/familie-weitgereist.de\/wp-content\/uploads\/2024\/12\/IMG_20241227_140752-300x225.jpg 300w, https:\/\/familie-weitgereist.de\/wp-content\/uploads\/2024\/12\/IMG_20241227_140752-768x576.jpg 768w, https:\/\/familie-weitgereist.de\/wp-content\/uploads\/2024\/12\/IMG_20241227_140752-1536x1152.jpg 1536w, https:\/\/familie-weitgereist.de\/wp-content\/uploads\/2024\/12\/IMG_20241227_140752-2048x1536.jpg 2048w, https:\/\/familie-weitgereist.de\/wp-content\/uploads\/2024\/12\/IMG_20241227_140752-1200x900.jpg 1200w, https:\/\/familie-weitgereist.de\/wp-content\/uploads\/2024\/12\/IMG_20241227_140752-1980x1485.jpg 1980w, https:\/\/familie-weitgereist.de\/wp-content\/uploads\/2024\/12\/IMG_20241227_140752-150x113.jpg 150w\" sizes=\"auto, (max-width: 1024px) 100vw, 1024px\" \/><\/figure>\n\n\n\n<p>Wir gelangten auch zum <strong>Sauna Turm<\/strong>. Dieser wurde so genannt, da sich neben dem Stadttor eine Sauna befand.<\/p>\n\n\n\n<figure class=\"wp-block-image size-large\"><img loading=\"lazy\" decoding=\"async\" width=\"1024\" height=\"768\" src=\"https:\/\/familie-weitgereist.de\/wp-content\/uploads\/2024\/12\/IMG_20241227_135350-1024x768.jpg\" alt=\"\" class=\"wp-image-20545\" srcset=\"https:\/\/familie-weitgereist.de\/wp-content\/uploads\/2024\/12\/IMG_20241227_135350-1024x768.jpg 1024w, https:\/\/familie-weitgereist.de\/wp-content\/uploads\/2024\/12\/IMG_20241227_135350-300x225.jpg 300w, https:\/\/familie-weitgereist.de\/wp-content\/uploads\/2024\/12\/IMG_20241227_135350-768x576.jpg 768w, https:\/\/familie-weitgereist.de\/wp-content\/uploads\/2024\/12\/IMG_20241227_135350-1536x1152.jpg 1536w, https:\/\/familie-weitgereist.de\/wp-content\/uploads\/2024\/12\/IMG_20241227_135350-2048x1536.jpg 2048w, https:\/\/familie-weitgereist.de\/wp-content\/uploads\/2024\/12\/IMG_20241227_135350-1200x900.jpg 1200w, https:\/\/familie-weitgereist.de\/wp-content\/uploads\/2024\/12\/IMG_20241227_135350-1980x1485.jpg 1980w, https:\/\/familie-weitgereist.de\/wp-content\/uploads\/2024\/12\/IMG_20241227_135350-150x113.jpg 150w\" sizes=\"auto, (max-width: 1024px) 100vw, 1024px\" \/><\/figure>\n\n\n\n<p>Wir besichtigten die <strong>Alexander-Newski-Kathedrale<\/strong>. Sie ist eine russisch-orthodoxe Kathedrale, markant sind ihre klassischen Zwiebelt\u00fcrme. Im Innern der Kathedrale wird nahezu alles auf Russisch geschrieben. Gold und viele Gem\u00e4lde schm\u00fccken die Kirche.<\/p>\n\n\n\n<figure class=\"wp-block-image size-large\"><img loading=\"lazy\" decoding=\"async\" width=\"1024\" height=\"768\" src=\"https:\/\/familie-weitgereist.de\/wp-content\/uploads\/2024\/12\/IMG_20241227_120612-1024x768.jpg\" alt=\"\" class=\"wp-image-20541\" srcset=\"https:\/\/familie-weitgereist.de\/wp-content\/uploads\/2024\/12\/IMG_20241227_120612-1024x768.jpg 1024w, https:\/\/familie-weitgereist.de\/wp-content\/uploads\/2024\/12\/IMG_20241227_120612-300x225.jpg 300w, https:\/\/familie-weitgereist.de\/wp-content\/uploads\/2024\/12\/IMG_20241227_120612-768x576.jpg 768w, https:\/\/familie-weitgereist.de\/wp-content\/uploads\/2024\/12\/IMG_20241227_120612-1536x1152.jpg 1536w, https:\/\/familie-weitgereist.de\/wp-content\/uploads\/2024\/12\/IMG_20241227_120612-2048x1536.jpg 2048w, https:\/\/familie-weitgereist.de\/wp-content\/uploads\/2024\/12\/IMG_20241227_120612-1200x900.jpg 1200w, https:\/\/familie-weitgereist.de\/wp-content\/uploads\/2024\/12\/IMG_20241227_120612-1980x1485.jpg 1980w, https:\/\/familie-weitgereist.de\/wp-content\/uploads\/2024\/12\/IMG_20241227_120612-150x113.jpg 150w\" sizes=\"auto, (max-width: 1024px) 100vw, 1024px\" \/><\/figure>\n\n\n\n<p>Am <strong>Kohtuotsa Aussichtspunkt<\/strong> hatten wir, trotz Nebels, einen tollen Ausblick auf die Altstadt, mit ihren vielen Kircht\u00fcrmen, der markanten Stadtmauern und der Ostsee.<\/p>\n\n\n\n<figure class=\"wp-block-image size-large\"><img loading=\"lazy\" decoding=\"async\" width=\"1024\" height=\"768\" src=\"https:\/\/familie-weitgereist.de\/wp-content\/uploads\/2024\/12\/IMG_20241227_124944-1024x768.jpg\" alt=\"\" class=\"wp-image-20543\" srcset=\"https:\/\/familie-weitgereist.de\/wp-content\/uploads\/2024\/12\/IMG_20241227_124944-1024x768.jpg 1024w, https:\/\/familie-weitgereist.de\/wp-content\/uploads\/2024\/12\/IMG_20241227_124944-300x225.jpg 300w, https:\/\/familie-weitgereist.de\/wp-content\/uploads\/2024\/12\/IMG_20241227_124944-768x576.jpg 768w, https:\/\/familie-weitgereist.de\/wp-content\/uploads\/2024\/12\/IMG_20241227_124944-1536x1152.jpg 1536w, https:\/\/familie-weitgereist.de\/wp-content\/uploads\/2024\/12\/IMG_20241227_124944-2048x1536.jpg 2048w, https:\/\/familie-weitgereist.de\/wp-content\/uploads\/2024\/12\/IMG_20241227_124944-1200x900.jpg 1200w, https:\/\/familie-weitgereist.de\/wp-content\/uploads\/2024\/12\/IMG_20241227_124944-1980x1485.jpg 1980w, https:\/\/familie-weitgereist.de\/wp-content\/uploads\/2024\/12\/IMG_20241227_124944-150x113.jpg 150w\" sizes=\"auto, (max-width: 1024px) 100vw, 1024px\" \/><\/figure>\n\n\n\n<p>Ein weiterer sch\u00f6ner Aussichtspunkt ist die <strong>Patkuli Aussichtsplattform<\/strong>. Hier er\u00f6ffnet sich auch ein gro\u00dfartiger Ausblick auf die Altstadt.<\/p>\n\n\n\n<figure class=\"wp-block-image size-large\"><img loading=\"lazy\" decoding=\"async\" width=\"768\" height=\"1024\" src=\"https:\/\/familie-weitgereist.de\/wp-content\/uploads\/2024\/12\/IMG_20241227_132236-768x1024.jpg\" alt=\"\" class=\"wp-image-20544\" srcset=\"https:\/\/familie-weitgereist.de\/wp-content\/uploads\/2024\/12\/IMG_20241227_132236-768x1024.jpg 768w, https:\/\/familie-weitgereist.de\/wp-content\/uploads\/2024\/12\/IMG_20241227_132236-225x300.jpg 225w, https:\/\/familie-weitgereist.de\/wp-content\/uploads\/2024\/12\/IMG_20241227_132236-1152x1536.jpg 1152w, https:\/\/familie-weitgereist.de\/wp-content\/uploads\/2024\/12\/IMG_20241227_132236-1536x2048.jpg 1536w, https:\/\/familie-weitgereist.de\/wp-content\/uploads\/2024\/12\/IMG_20241227_132236-1200x1600.jpg 1200w, https:\/\/familie-weitgereist.de\/wp-content\/uploads\/2024\/12\/IMG_20241227_132236-1980x2640.jpg 1980w, https:\/\/familie-weitgereist.de\/wp-content\/uploads\/2024\/12\/IMG_20241227_132236-640x853.jpg 640w, https:\/\/familie-weitgereist.de\/wp-content\/uploads\/2024\/12\/IMG_20241227_132236-150x200.jpg 150w, https:\/\/familie-weitgereist.de\/wp-content\/uploads\/2024\/12\/IMG_20241227_132236-scaled.jpg 1920w\" sizes=\"auto, (max-width: 768px) 100vw, 768px\" \/><\/figure>\n\n\n\n<p>Am <strong>Viru Stadttor<\/strong> befindet sich ein McDonald&#8217;s und viele weitere Caf\u00e9s und Restaurants. Zudem ist es eine sehr beliebte Gegend mit vielen Gesch\u00e4ften. Die Stra\u00dfe war weihnachtlich geschm\u00fcckt.<\/p>\n\n\n\n<figure class=\"wp-block-image size-large\"><img loading=\"lazy\" decoding=\"async\" width=\"1024\" height=\"768\" src=\"https:\/\/familie-weitgereist.de\/wp-content\/uploads\/2024\/12\/IMG_20241227_151832-1-1024x768.jpg\" alt=\"\" class=\"wp-image-20549\" srcset=\"https:\/\/familie-weitgereist.de\/wp-content\/uploads\/2024\/12\/IMG_20241227_151832-1-1024x768.jpg 1024w, https:\/\/familie-weitgereist.de\/wp-content\/uploads\/2024\/12\/IMG_20241227_151832-1-300x225.jpg 300w, https:\/\/familie-weitgereist.de\/wp-content\/uploads\/2024\/12\/IMG_20241227_151832-1-768x576.jpg 768w, https:\/\/familie-weitgereist.de\/wp-content\/uploads\/2024\/12\/IMG_20241227_151832-1-1536x1152.jpg 1536w, https:\/\/familie-weitgereist.de\/wp-content\/uploads\/2024\/12\/IMG_20241227_151832-1-2048x1536.jpg 2048w, https:\/\/familie-weitgereist.de\/wp-content\/uploads\/2024\/12\/IMG_20241227_151832-1-1200x900.jpg 1200w, https:\/\/familie-weitgereist.de\/wp-content\/uploads\/2024\/12\/IMG_20241227_151832-1-1980x1485.jpg 1980w, https:\/\/familie-weitgereist.de\/wp-content\/uploads\/2024\/12\/IMG_20241227_151832-1-150x113.jpg 150w\" sizes=\"auto, (max-width: 1024px) 100vw, 1024px\" \/><\/figure>\n\n\n\n<p>Die Drei Schwestern \u00e4hneln der H\u00e4usergruppe der Drei Br\u00fcder in <strong>Riga, Lettland<\/strong>. Die H\u00e4user stammen aus dem 14. Jahrhundert und wurden fr\u00fcher als Speicherh\u00e4user genutzt. Eine Legende besagt, dass ein Kaufmann die drei H\u00e4user f\u00fcr seine drei T\u00f6chter errichten lie\u00df. Heute befindet sich ein 5 Sterne Hotel in dem Geb\u00e4udekomplex.<\/p>\n\n\n\n<figure class=\"wp-block-image size-large\"><img loading=\"lazy\" decoding=\"async\" width=\"768\" height=\"1024\" src=\"https:\/\/familie-weitgereist.de\/wp-content\/uploads\/2024\/12\/IMG_20241227_143645-768x1024.jpg\" alt=\"\" class=\"wp-image-20770\" srcset=\"https:\/\/familie-weitgereist.de\/wp-content\/uploads\/2024\/12\/IMG_20241227_143645-768x1024.jpg 768w, https:\/\/familie-weitgereist.de\/wp-content\/uploads\/2024\/12\/IMG_20241227_143645-225x300.jpg 225w, https:\/\/familie-weitgereist.de\/wp-content\/uploads\/2024\/12\/IMG_20241227_143645-1152x1536.jpg 1152w, https:\/\/familie-weitgereist.de\/wp-content\/uploads\/2024\/12\/IMG_20241227_143645-1536x2048.jpg 1536w, https:\/\/familie-weitgereist.de\/wp-content\/uploads\/2024\/12\/IMG_20241227_143645-1200x1600.jpg 1200w, https:\/\/familie-weitgereist.de\/wp-content\/uploads\/2024\/12\/IMG_20241227_143645-1980x2640.jpg 1980w, https:\/\/familie-weitgereist.de\/wp-content\/uploads\/2024\/12\/IMG_20241227_143645-640x853.jpg 640w, https:\/\/familie-weitgereist.de\/wp-content\/uploads\/2024\/12\/IMG_20241227_143645-150x200.jpg 150w, https:\/\/familie-weitgereist.de\/wp-content\/uploads\/2024\/12\/IMG_20241227_143645-scaled.jpg 1920w\" sizes=\"auto, (max-width: 768px) 100vw, 768px\" \/><\/figure>\n\n\n\n<h2 class=\"wp-block-heading\">Zoo Tallinn<\/h2>\n\n\n\n<p>Wir besuchten den riesigen Zoo in Tallinn. Die Lage am Stadtrand von Tallinn und mitten im Gr\u00fcnen ist perfekt f\u00fcr einen wundervollen Tag.<\/p>\n\n\n\n<p>Wir haben den ganzen Tag im Zoo verbracht. Das Highlight waren f\u00fcr uns die f\u00fcnf Eisb\u00e4ren, die sich unweit des Eingangs befinden. Sie spielten vergn\u00fcgt im Wasser und genossen sichtlich die K\u00e4lte und den Schneefall.<\/p>\n\n\n\n<figure class=\"wp-block-image size-large\"><img loading=\"lazy\" decoding=\"async\" width=\"1024\" height=\"768\" src=\"https:\/\/familie-weitgereist.de\/wp-content\/uploads\/2024\/12\/IMG_20250103_114027-1024x768.jpg\" alt=\"\" class=\"wp-image-20748\" srcset=\"https:\/\/familie-weitgereist.de\/wp-content\/uploads\/2024\/12\/IMG_20250103_114027-1024x768.jpg 1024w, https:\/\/familie-weitgereist.de\/wp-content\/uploads\/2024\/12\/IMG_20250103_114027-300x225.jpg 300w, https:\/\/familie-weitgereist.de\/wp-content\/uploads\/2024\/12\/IMG_20250103_114027-768x576.jpg 768w, https:\/\/familie-weitgereist.de\/wp-content\/uploads\/2024\/12\/IMG_20250103_114027-1536x1152.jpg 1536w, https:\/\/familie-weitgereist.de\/wp-content\/uploads\/2024\/12\/IMG_20250103_114027-2048x1536.jpg 2048w, https:\/\/familie-weitgereist.de\/wp-content\/uploads\/2024\/12\/IMG_20250103_114027-1200x900.jpg 1200w, https:\/\/familie-weitgereist.de\/wp-content\/uploads\/2024\/12\/IMG_20250103_114027-1980x1485.jpg 1980w, https:\/\/familie-weitgereist.de\/wp-content\/uploads\/2024\/12\/IMG_20250103_114027-150x113.jpg 150w\" sizes=\"auto, (max-width: 1024px) 100vw, 1024px\" \/><\/figure>\n\n\n\n<p>Im Zoo gibt es \u00fcber 350 verschiedene Tierarten. Wir sahen Uhus, Geier und Adler aus aller Welt. Das Tigergehege ist ein riesen Highlight, denn die Tiger k\u00f6nnen von einem Gehege ins N\u00e4chste \u00fcber einen Tunnel gelangen. Unter dem Tunnel konnten wir hindurch laufen und den Tigern ganz nah sein.<\/p>\n\n\n\n<figure class=\"wp-block-image size-large\"><img loading=\"lazy\" decoding=\"async\" width=\"1024\" height=\"768\" src=\"https:\/\/familie-weitgereist.de\/wp-content\/uploads\/2024\/12\/IMG_20250103_142817-1024x768.jpg\" alt=\"\" class=\"wp-image-20750\" srcset=\"https:\/\/familie-weitgereist.de\/wp-content\/uploads\/2024\/12\/IMG_20250103_142817-1024x768.jpg 1024w, https:\/\/familie-weitgereist.de\/wp-content\/uploads\/2024\/12\/IMG_20250103_142817-300x225.jpg 300w, https:\/\/familie-weitgereist.de\/wp-content\/uploads\/2024\/12\/IMG_20250103_142817-768x576.jpg 768w, https:\/\/familie-weitgereist.de\/wp-content\/uploads\/2024\/12\/IMG_20250103_142817-1536x1152.jpg 1536w, https:\/\/familie-weitgereist.de\/wp-content\/uploads\/2024\/12\/IMG_20250103_142817-2048x1536.jpg 2048w, https:\/\/familie-weitgereist.de\/wp-content\/uploads\/2024\/12\/IMG_20250103_142817-1200x900.jpg 1200w, https:\/\/familie-weitgereist.de\/wp-content\/uploads\/2024\/12\/IMG_20250103_142817-1980x1485.jpg 1980w, https:\/\/familie-weitgereist.de\/wp-content\/uploads\/2024\/12\/IMG_20250103_142817-150x113.jpg 150w\" sizes=\"auto, (max-width: 1024px) 100vw, 1024px\" \/><\/figure>\n\n\n\n<p>Es gibt ein Tropenhaus mit Krokodilen und eine Regenwaldausstellung. Mittels einer Animation und der entsprechenden Ger\u00e4uschkulisse f\u00fchlten wir uns im kalten, verschneiten Tallinn, wie im Regenwald.<\/p>\n\n\n\n<figure class=\"wp-block-image size-large\"><img loading=\"lazy\" decoding=\"async\" width=\"1024\" height=\"768\" src=\"https:\/\/familie-weitgereist.de\/wp-content\/uploads\/2024\/12\/IMG_20250103_150734-1024x768.jpg\" alt=\"\" class=\"wp-image-20751\" srcset=\"https:\/\/familie-weitgereist.de\/wp-content\/uploads\/2024\/12\/IMG_20250103_150734-1024x768.jpg 1024w, https:\/\/familie-weitgereist.de\/wp-content\/uploads\/2024\/12\/IMG_20250103_150734-300x225.jpg 300w, https:\/\/familie-weitgereist.de\/wp-content\/uploads\/2024\/12\/IMG_20250103_150734-768x576.jpg 768w, https:\/\/familie-weitgereist.de\/wp-content\/uploads\/2024\/12\/IMG_20250103_150734-1536x1152.jpg 1536w, https:\/\/familie-weitgereist.de\/wp-content\/uploads\/2024\/12\/IMG_20250103_150734-2048x1536.jpg 2048w, https:\/\/familie-weitgereist.de\/wp-content\/uploads\/2024\/12\/IMG_20250103_150734-1200x900.jpg 1200w, https:\/\/familie-weitgereist.de\/wp-content\/uploads\/2024\/12\/IMG_20250103_150734-1980x1485.jpg 1980w, https:\/\/familie-weitgereist.de\/wp-content\/uploads\/2024\/12\/IMG_20250103_150734-150x113.jpg 150w\" sizes=\"auto, (max-width: 1024px) 100vw, 1024px\" \/><\/figure>\n\n\n\n<p>Es gibt mehrere Spielpl\u00e4tze und Stege, die \u00fcber Teiche f\u00fchren. Dabei k\u00f6nnen Enten gef\u00fcttert werden. Zudem gibt es einen Streichelzoo und einen kleinen Zug, der jedoch nur im Sommer f\u00e4hrt.<\/p>\n\n\n\n<p>Es gibt zwei Ein- und Ausg\u00e4nge f\u00fcr den Zoo und am Nordeingang stehen gratis Parkpl\u00e4tze zur Verf\u00fcgung.<\/p>\n\n\n\n<p>Erwachsene zahlen 8,20\u20ac Eintritt. Kinder bis zum Vorschulalter zahlen keinen Eintritt. (<em>Stand Januar 2025<\/em>)<\/p>\n\n\n\n<h2 class=\"wp-block-heading\">Rocca al Mare Freilichtmuseum<\/h2>\n\n\n\n<p>Das estnische Freilichtmuseum wurde am 22. Mai 1957 auf dem ehemaligen Gel\u00e4nde eines Sommergutshofes &#8222;Rocca al Mare&#8220; errichtet. Es liegt unweit von Tallinn und gleicht einem riesigen Dorf aus vergangenen Zeiten. Insgesamt stehen dort 80 Geb\u00e4ude aus dem 18. und 19. Jahrhundert, die allesamt der estnischen Landarchitektur entstammen.<\/p>\n\n\n\n<figure class=\"wp-block-image size-large\"><img loading=\"lazy\" decoding=\"async\" width=\"1024\" height=\"768\" src=\"https:\/\/familie-weitgereist.de\/wp-content\/uploads\/2024\/12\/IMG_20241228_122809-1024x768.jpg\" alt=\"\" class=\"wp-image-20570\" srcset=\"https:\/\/familie-weitgereist.de\/wp-content\/uploads\/2024\/12\/IMG_20241228_122809-1024x768.jpg 1024w, https:\/\/familie-weitgereist.de\/wp-content\/uploads\/2024\/12\/IMG_20241228_122809-300x225.jpg 300w, https:\/\/familie-weitgereist.de\/wp-content\/uploads\/2024\/12\/IMG_20241228_122809-768x576.jpg 768w, https:\/\/familie-weitgereist.de\/wp-content\/uploads\/2024\/12\/IMG_20241228_122809-1536x1152.jpg 1536w, https:\/\/familie-weitgereist.de\/wp-content\/uploads\/2024\/12\/IMG_20241228_122809-2048x1536.jpg 2048w, https:\/\/familie-weitgereist.de\/wp-content\/uploads\/2024\/12\/IMG_20241228_122809-1200x900.jpg 1200w, https:\/\/familie-weitgereist.de\/wp-content\/uploads\/2024\/12\/IMG_20241228_122809-1980x1485.jpg 1980w, https:\/\/familie-weitgereist.de\/wp-content\/uploads\/2024\/12\/IMG_20241228_122809-150x113.jpg 150w\" sizes=\"auto, (max-width: 1024px) 100vw, 1024px\" \/><\/figure>\n\n\n\n<p>Wir bestaunten ehemalige Bauernh\u00e4user, Gutsh\u00f6fe, eine Schule, Kapelle, Dorfladen, Windm\u00fchlen, Fischerh\u00e4user und Saunas. Es war so spannend die unterschiedliche Architektur der Bauernh\u00f6fe zu sehen. Diese unterscheiden sich von Westestland zu Nordestland, der Region um den Peipussee und der Inselregion von Hiiumaa und Saaremaa.<\/p>\n\n\n\n<div id=\"wp-block-themeisle-blocks-slider-f9796347\" class=\"wp-block-themeisle-blocks-slider glide\" data-per-view=\"1\" data-gap=\"0\" data-peek=\"0\" data-autoplay=\"true\" data-height=\"400px\" data-hide-arrows=\"false\"><div class=\"glide__track\" data-glide-el=\"track\"><div class=\"glide__slides\"><div class=\"wp-block-themeisle-blocks-slider-item-wrapper glide__slide\" tabindex=\"0\"><figure><img decoding=\"async\" class=\"wp-block-themeisle-blocks-slider-item\" src=\"https:\/\/familie-weitgereist.de\/wp-content\/uploads\/2024\/12\/IMG_20241228_153854-scaled.jpg\" alt=\"\" title=\"\" data-id=\"20572\"\/><\/figure><\/div><div class=\"wp-block-themeisle-blocks-slider-item-wrapper glide__slide\" tabindex=\"0\"><figure><img decoding=\"async\" class=\"wp-block-themeisle-blocks-slider-item\" src=\"https:\/\/familie-weitgereist.de\/wp-content\/uploads\/2024\/12\/IMG_20241228_143507-scaled.jpg\" alt=\"\" title=\"\" data-id=\"20573\"\/><\/figure><\/div><div class=\"wp-block-themeisle-blocks-slider-item-wrapper glide__slide\" tabindex=\"0\"><figure><img decoding=\"async\" class=\"wp-block-themeisle-blocks-slider-item\" src=\"https:\/\/familie-weitgereist.de\/wp-content\/uploads\/2024\/12\/IMG_20241228_124156-scaled.jpg\" alt=\"\" title=\"\" data-id=\"20575\"\/><\/figure><\/div><div class=\"wp-block-themeisle-blocks-slider-item-wrapper glide__slide\" tabindex=\"0\"><figure><img decoding=\"async\" class=\"wp-block-themeisle-blocks-slider-item\" src=\"https:\/\/familie-weitgereist.de\/wp-content\/uploads\/2024\/12\/IMG_20241228_121643-scaled.jpg\" alt=\"\" title=\"\" data-id=\"20574\"\/><\/figure><\/div><div class=\"wp-block-themeisle-blocks-slider-item-wrapper glide__slide\" tabindex=\"0\"><figure><img decoding=\"async\" class=\"wp-block-themeisle-blocks-slider-item\" src=\"https:\/\/familie-weitgereist.de\/wp-content\/uploads\/2024\/12\/IMG_20241228_120433-scaled.jpg\" alt=\"\" title=\"\" data-id=\"20576\"\/><\/figure><\/div><\/div><div class=\"glide__bullets\" data-glide-el=\"controls[nav]\"><button class=\"glide__bullet\" data-glide-dir=\"=0\"><\/button><button class=\"glide__bullet\" data-glide-dir=\"=1\"><\/button><button class=\"glide__bullet\" data-glide-dir=\"=2\"><\/button><button class=\"glide__bullet\" data-glide-dir=\"=3\"><\/button><button class=\"glide__bullet\" data-glide-dir=\"=4\"><\/button><\/div><\/div><\/div>\n\n\n\n<p>Wir konnten in einige Bauernh\u00e4user hinein und sahen wie die Menschen damals lebten. Meistens war eine Museumsmitarbeiterin in traditioneller Kleidung in den H\u00e4usern und erkl\u00e4rte uns zudem einiges zur Geschichte.<\/p>\n\n\n\n<figure class=\"wp-block-image size-large\"><img loading=\"lazy\" decoding=\"async\" width=\"1024\" height=\"768\" src=\"https:\/\/familie-weitgereist.de\/wp-content\/uploads\/2024\/12\/IMG_20241228_123348-1024x768.jpg\" alt=\"\" class=\"wp-image-20693\" srcset=\"https:\/\/familie-weitgereist.de\/wp-content\/uploads\/2024\/12\/IMG_20241228_123348-1024x768.jpg 1024w, https:\/\/familie-weitgereist.de\/wp-content\/uploads\/2024\/12\/IMG_20241228_123348-300x225.jpg 300w, https:\/\/familie-weitgereist.de\/wp-content\/uploads\/2024\/12\/IMG_20241228_123348-768x576.jpg 768w, https:\/\/familie-weitgereist.de\/wp-content\/uploads\/2024\/12\/IMG_20241228_123348-1536x1152.jpg 1536w, https:\/\/familie-weitgereist.de\/wp-content\/uploads\/2024\/12\/IMG_20241228_123348-2048x1536.jpg 2048w, https:\/\/familie-weitgereist.de\/wp-content\/uploads\/2024\/12\/IMG_20241228_123348-1200x900.jpg 1200w, https:\/\/familie-weitgereist.de\/wp-content\/uploads\/2024\/12\/IMG_20241228_123348-1980x1485.jpg 1980w, https:\/\/familie-weitgereist.de\/wp-content\/uploads\/2024\/12\/IMG_20241228_123348-150x113.jpg 150w\" sizes=\"auto, (max-width: 1024px) 100vw, 1024px\" \/><\/figure>\n\n\n\n<p>Die f\u00fcr Estland einzigartigen <strong>Riegenh\u00e4user<\/strong> konnten wir auch begutachten. Die ersten bekannten Riegenh\u00e4user stammen aus dem 14. Jahrhundert. Die estnischen Bauern geh\u00f6rten zu den n\u00f6rdlichsten Ackerbauern. Aufgrund der K\u00e4lte im Winter, ben\u00f6tigten sie gut beheizbare R\u00e4ume um das Getreide zu trocknen. Das Besondere an den Riegenh\u00e4usern ist, das sie unter einem Dach eine Stube und einen Getreidetrocknungsraum mit gro\u00dfem Ofen innehaben. Es gibt eine Dreschtenne um das Korn zu dreschen. Diese dient ebenfalls zur Unterbringung der Tiere im Winter.<\/p>\n\n\n\n<figure class=\"wp-block-image size-large\"><img loading=\"lazy\" decoding=\"async\" width=\"1024\" height=\"768\" src=\"https:\/\/familie-weitgereist.de\/wp-content\/uploads\/2024\/12\/IMG_20241228_132349-1024x768.jpg\" alt=\"\" class=\"wp-image-20582\" srcset=\"https:\/\/familie-weitgereist.de\/wp-content\/uploads\/2024\/12\/IMG_20241228_132349-1024x768.jpg 1024w, https:\/\/familie-weitgereist.de\/wp-content\/uploads\/2024\/12\/IMG_20241228_132349-300x225.jpg 300w, https:\/\/familie-weitgereist.de\/wp-content\/uploads\/2024\/12\/IMG_20241228_132349-768x576.jpg 768w, https:\/\/familie-weitgereist.de\/wp-content\/uploads\/2024\/12\/IMG_20241228_132349-1536x1152.jpg 1536w, https:\/\/familie-weitgereist.de\/wp-content\/uploads\/2024\/12\/IMG_20241228_132349-2048x1536.jpg 2048w, https:\/\/familie-weitgereist.de\/wp-content\/uploads\/2024\/12\/IMG_20241228_132349-1200x900.jpg 1200w, https:\/\/familie-weitgereist.de\/wp-content\/uploads\/2024\/12\/IMG_20241228_132349-1980x1485.jpg 1980w, https:\/\/familie-weitgereist.de\/wp-content\/uploads\/2024\/12\/IMG_20241228_132349-150x113.jpg 150w\" sizes=\"auto, (max-width: 1024px) 100vw, 1024px\" \/><\/figure>\n\n\n\n<p>Interessante Fakten haben wir auch \u00fcber die Schule und die Bildung zur damaligen Zeit gelernt. Die Schule existierte von 1877 bis 1923. Die Schulbildung begann im Alter von zehn Jahren und dauerte zwei Jahre, sp\u00e4ter drei. Das Schuljahr ging von Mitte Oktober bis Mitte April. Die restliche Zeit des Jahres mussten die Kinder auf den Bauernh\u00f6fen mitarbeiten. Gelernt wurde Schreiben, Rechnen, Lesen, Russisch, optional Deutsch, Weben und G\u00e4rtnerei. Die Kinder kamen aus einem Umkreis von 6 km. F\u00fcr manche Kinder war die Entfernung zu Fu\u00df im Winter zu weit und sie \u00fcbernachteten daher unter der Woche im Schulhaus, im Kinderzimmer der Kinder des Lehrers. Im kleinen Klassenzimmer wurden 60 Kinder unterrichtet. Sp\u00e4ter wurde auch Unterricht f\u00fcr \u00e4ltere Kinder angeboten. Dieser fand jedoch nur einmal pro Woche statt.<\/p>\n\n\n\n<figure class=\"wp-block-image size-large\"><img loading=\"lazy\" decoding=\"async\" width=\"1024\" height=\"768\" src=\"https:\/\/familie-weitgereist.de\/wp-content\/uploads\/2024\/12\/IMG_20241228_141757-1024x768.jpg\" alt=\"\" class=\"wp-image-20579\" srcset=\"https:\/\/familie-weitgereist.de\/wp-content\/uploads\/2024\/12\/IMG_20241228_141757-1024x768.jpg 1024w, https:\/\/familie-weitgereist.de\/wp-content\/uploads\/2024\/12\/IMG_20241228_141757-300x225.jpg 300w, https:\/\/familie-weitgereist.de\/wp-content\/uploads\/2024\/12\/IMG_20241228_141757-768x576.jpg 768w, https:\/\/familie-weitgereist.de\/wp-content\/uploads\/2024\/12\/IMG_20241228_141757-1536x1152.jpg 1536w, https:\/\/familie-weitgereist.de\/wp-content\/uploads\/2024\/12\/IMG_20241228_141757-2048x1536.jpg 2048w, https:\/\/familie-weitgereist.de\/wp-content\/uploads\/2024\/12\/IMG_20241228_141757-1200x900.jpg 1200w, https:\/\/familie-weitgereist.de\/wp-content\/uploads\/2024\/12\/IMG_20241228_141757-1980x1485.jpg 1980w, https:\/\/familie-weitgereist.de\/wp-content\/uploads\/2024\/12\/IMG_20241228_141757-150x113.jpg 150w\" sizes=\"auto, (max-width: 1024px) 100vw, 1024px\" \/><\/figure>\n\n\n\n<p>Auf dem Areal gibt es auch einen Kindermitmachbauernhof. Viele Mitmachstationen und ein Stall mit Ziegen, Schafen, Truth\u00e4hnen, Hasen und H\u00fchner erfreute besonders unsere Kinder. Das Leben der damaligen Kinder auf den Bauernh\u00f6fen in Estland wurde lebendig!<\/p>\n\n\n\n<figure class=\"wp-block-image size-large\"><img loading=\"lazy\" decoding=\"async\" width=\"1024\" height=\"768\" src=\"https:\/\/familie-weitgereist.de\/wp-content\/uploads\/2024\/12\/IMG_20241228_144640-1024x768.jpg\" alt=\"\" class=\"wp-image-20578\" srcset=\"https:\/\/familie-weitgereist.de\/wp-content\/uploads\/2024\/12\/IMG_20241228_144640-1024x768.jpg 1024w, https:\/\/familie-weitgereist.de\/wp-content\/uploads\/2024\/12\/IMG_20241228_144640-300x225.jpg 300w, https:\/\/familie-weitgereist.de\/wp-content\/uploads\/2024\/12\/IMG_20241228_144640-768x576.jpg 768w, https:\/\/familie-weitgereist.de\/wp-content\/uploads\/2024\/12\/IMG_20241228_144640-1536x1152.jpg 1536w, https:\/\/familie-weitgereist.de\/wp-content\/uploads\/2024\/12\/IMG_20241228_144640-2048x1536.jpg 2048w, https:\/\/familie-weitgereist.de\/wp-content\/uploads\/2024\/12\/IMG_20241228_144640-1200x900.jpg 1200w, https:\/\/familie-weitgereist.de\/wp-content\/uploads\/2024\/12\/IMG_20241228_144640-1980x1485.jpg 1980w, https:\/\/familie-weitgereist.de\/wp-content\/uploads\/2024\/12\/IMG_20241228_144640-150x113.jpg 150w\" sizes=\"auto, (max-width: 1024px) 100vw, 1024px\" \/><\/figure>\n\n\n\n<p>Auf dem gesamten Areal gibt es viele Spielpl\u00e4tze und Mitmachstationen.<\/p>\n\n\n\n<figure class=\"wp-block-image size-large\"><img loading=\"lazy\" decoding=\"async\" width=\"1024\" height=\"768\" src=\"https:\/\/familie-weitgereist.de\/wp-content\/uploads\/2024\/12\/IMG_20241228_131114-1024x768.jpg\" alt=\"\" class=\"wp-image-20577\" srcset=\"https:\/\/familie-weitgereist.de\/wp-content\/uploads\/2024\/12\/IMG_20241228_131114-1024x768.jpg 1024w, https:\/\/familie-weitgereist.de\/wp-content\/uploads\/2024\/12\/IMG_20241228_131114-300x225.jpg 300w, https:\/\/familie-weitgereist.de\/wp-content\/uploads\/2024\/12\/IMG_20241228_131114-768x576.jpg 768w, https:\/\/familie-weitgereist.de\/wp-content\/uploads\/2024\/12\/IMG_20241228_131114-1536x1152.jpg 1536w, https:\/\/familie-weitgereist.de\/wp-content\/uploads\/2024\/12\/IMG_20241228_131114-2048x1536.jpg 2048w, https:\/\/familie-weitgereist.de\/wp-content\/uploads\/2024\/12\/IMG_20241228_131114-1200x900.jpg 1200w, https:\/\/familie-weitgereist.de\/wp-content\/uploads\/2024\/12\/IMG_20241228_131114-1980x1485.jpg 1980w, https:\/\/familie-weitgereist.de\/wp-content\/uploads\/2024\/12\/IMG_20241228_131114-150x113.jpg 150w\" sizes=\"auto, (max-width: 1024px) 100vw, 1024px\" \/><\/figure>\n\n\n\n<p>Das Freilichtmuseum liegt direkt an der Ostsee und ein Weg f\u00fchrt an der Steilk\u00fcste entlang. Wir sahen den industriellen Hafen von Tallinn und einen Strand.<\/p>\n\n\n\n<figure class=\"wp-block-image size-large\"><img loading=\"lazy\" decoding=\"async\" width=\"1024\" height=\"768\" src=\"https:\/\/familie-weitgereist.de\/wp-content\/uploads\/2024\/12\/IMG_20241228_133654-1024x768.jpg\" alt=\"\" class=\"wp-image-20586\" srcset=\"https:\/\/familie-weitgereist.de\/wp-content\/uploads\/2024\/12\/IMG_20241228_133654-1024x768.jpg 1024w, https:\/\/familie-weitgereist.de\/wp-content\/uploads\/2024\/12\/IMG_20241228_133654-300x225.jpg 300w, https:\/\/familie-weitgereist.de\/wp-content\/uploads\/2024\/12\/IMG_20241228_133654-768x576.jpg 768w, https:\/\/familie-weitgereist.de\/wp-content\/uploads\/2024\/12\/IMG_20241228_133654-1536x1152.jpg 1536w, https:\/\/familie-weitgereist.de\/wp-content\/uploads\/2024\/12\/IMG_20241228_133654-2048x1536.jpg 2048w, https:\/\/familie-weitgereist.de\/wp-content\/uploads\/2024\/12\/IMG_20241228_133654-1200x900.jpg 1200w, https:\/\/familie-weitgereist.de\/wp-content\/uploads\/2024\/12\/IMG_20241228_133654-1980x1485.jpg 1980w, https:\/\/familie-weitgereist.de\/wp-content\/uploads\/2024\/12\/IMG_20241228_133654-150x113.jpg 150w\" sizes=\"auto, (max-width: 1024px) 100vw, 1024px\" \/><\/figure>\n\n\n\n<p>In den Toiletten gibt es Wickeltische und gratis Windeln.<\/p>\n\n\n\n<p>Wir zahlten 12\u20ac pro Person in der Nebensaison. Kinder unter 8 Jahren sind gratis. In der Hauptsaison liegen die Preise bei 16\u20ac pro Person. (<em>Stand Dezember 2024<\/em>)<\/p>\n\n\n\n<p>Nach unserer R\u00fcckreise von der Insel <strong><a href=\"https:\/\/familie-weitgereist.de\/?p=20645\" data-type=\"link\" data-id=\"https:\/\/familie-weitgereist.de\/?p=20645\">Hiiumaa<\/a><\/strong> sind wir wieder Richtung <strong>Tallinn<\/strong> gefahren und hatten einen tollen Loft in <strong>Mustam\u00e4e<\/strong>, einem Vorort von Tallinn. Die Unterkunft hatte einen Fitnessraum und ein Spielzimmer.<\/p>\n\n\n\n<figure class=\"wp-block-image size-large\"><img loading=\"lazy\" decoding=\"async\" width=\"1024\" height=\"768\" src=\"https:\/\/familie-weitgereist.de\/wp-content\/uploads\/2024\/12\/IMG_20250101_160829-1024x768.jpg\" alt=\"\" class=\"wp-image-20712\" srcset=\"https:\/\/familie-weitgereist.de\/wp-content\/uploads\/2024\/12\/IMG_20250101_160829-1024x768.jpg 1024w, https:\/\/familie-weitgereist.de\/wp-content\/uploads\/2024\/12\/IMG_20250101_160829-300x225.jpg 300w, https:\/\/familie-weitgereist.de\/wp-content\/uploads\/2024\/12\/IMG_20250101_160829-768x576.jpg 768w, https:\/\/familie-weitgereist.de\/wp-content\/uploads\/2024\/12\/IMG_20250101_160829-1536x1152.jpg 1536w, https:\/\/familie-weitgereist.de\/wp-content\/uploads\/2024\/12\/IMG_20250101_160829-2048x1536.jpg 2048w, https:\/\/familie-weitgereist.de\/wp-content\/uploads\/2024\/12\/IMG_20250101_160829-1200x900.jpg 1200w, https:\/\/familie-weitgereist.de\/wp-content\/uploads\/2024\/12\/IMG_20250101_160829-1980x1485.jpg 1980w, https:\/\/familie-weitgereist.de\/wp-content\/uploads\/2024\/12\/IMG_20250101_160829-150x113.jpg 150w\" sizes=\"auto, (max-width: 1024px) 100vw, 1024px\" \/><\/figure>\n\n\n\n<h2 class=\"wp-block-heading\" id=\"narwa\">Narwa &#8211; Grenzstadt zu Russland<\/h2>\n\n\n\n<p>Narwa liegt im \u00e4u\u00dfersten Nordosten von Estland und grenzt direkt an Russland, lediglich getrennt durch den Grenzfluss <strong>Narva<\/strong>. Die erste Erw\u00e4hnung Narwas stammt von 1240. 1345 erhielt Narwa Stadtrechte.<\/p>\n\n\n\n<figure class=\"wp-block-image size-large\"><img loading=\"lazy\" decoding=\"async\" width=\"1024\" height=\"768\" src=\"https:\/\/familie-weitgereist.de\/wp-content\/uploads\/2024\/12\/IMG_20241229_135252-1024x768.jpg\" alt=\"\" class=\"wp-image-20623\" srcset=\"https:\/\/familie-weitgereist.de\/wp-content\/uploads\/2024\/12\/IMG_20241229_135252-1024x768.jpg 1024w, https:\/\/familie-weitgereist.de\/wp-content\/uploads\/2024\/12\/IMG_20241229_135252-300x225.jpg 300w, https:\/\/familie-weitgereist.de\/wp-content\/uploads\/2024\/12\/IMG_20241229_135252-768x576.jpg 768w, https:\/\/familie-weitgereist.de\/wp-content\/uploads\/2024\/12\/IMG_20241229_135252-1536x1152.jpg 1536w, https:\/\/familie-weitgereist.de\/wp-content\/uploads\/2024\/12\/IMG_20241229_135252-2048x1536.jpg 2048w, https:\/\/familie-weitgereist.de\/wp-content\/uploads\/2024\/12\/IMG_20241229_135252-1200x900.jpg 1200w, https:\/\/familie-weitgereist.de\/wp-content\/uploads\/2024\/12\/IMG_20241229_135252-1980x1485.jpg 1980w, https:\/\/familie-weitgereist.de\/wp-content\/uploads\/2024\/12\/IMG_20241229_135252-150x113.jpg 150w\" sizes=\"auto, (max-width: 1024px) 100vw, 1024px\" \/><\/figure>\n\n\n\n<p>Narwa ist die drittgr\u00f6\u00dfte Stadt in Estland mit ca. 56.000 Einwohnern und gilt als Zentrum der russischsprachigen Minderheit in Estland. 95% der Bev\u00f6lkerung in Narwa geh\u00f6ren dieser Minderheit an. Alle Beschilderungen sind auf Estnisch und Russisch.<\/p>\n\n\n\n<p>Im 2. Weltkrieg wurde Narwa nahezu vollst\u00e4ndig zerst\u00f6rt und historische Bauten wurden nicht wieder aufgebaut. Das Stadtbild ist daher dominiert von typischen russischen Plattenbauten. <\/p>\n\n\n\n<figure class=\"wp-block-image size-large\"><img loading=\"lazy\" decoding=\"async\" width=\"1024\" height=\"768\" src=\"https:\/\/familie-weitgereist.de\/wp-content\/uploads\/2024\/12\/IMG_20241229_231555-1024x768.jpg\" alt=\"\" class=\"wp-image-20624\" srcset=\"https:\/\/familie-weitgereist.de\/wp-content\/uploads\/2024\/12\/IMG_20241229_231555-1024x768.jpg 1024w, https:\/\/familie-weitgereist.de\/wp-content\/uploads\/2024\/12\/IMG_20241229_231555-300x225.jpg 300w, https:\/\/familie-weitgereist.de\/wp-content\/uploads\/2024\/12\/IMG_20241229_231555-768x576.jpg 768w, https:\/\/familie-weitgereist.de\/wp-content\/uploads\/2024\/12\/IMG_20241229_231555-1536x1152.jpg 1536w, https:\/\/familie-weitgereist.de\/wp-content\/uploads\/2024\/12\/IMG_20241229_231555-2048x1536.jpg 2048w, https:\/\/familie-weitgereist.de\/wp-content\/uploads\/2024\/12\/IMG_20241229_231555-1200x900.jpg 1200w, https:\/\/familie-weitgereist.de\/wp-content\/uploads\/2024\/12\/IMG_20241229_231555-1980x1485.jpg 1980w, https:\/\/familie-weitgereist.de\/wp-content\/uploads\/2024\/12\/IMG_20241229_231555-150x113.jpg 150w\" sizes=\"auto, (max-width: 1024px) 100vw, 1024px\" \/><\/figure>\n\n\n\n<p>Die russische Grenzstadt Iwangorod war von 1918 &#8211; 1940 auf estnischem Territorium. Nach der russischen Okkupation 1940 und der Gr\u00fcndung der <strong>Estnischen Sozialiatischen Sowjetrepublik<\/strong> wurde der Fluss Narva als Grenze der Unionsrepublik Estland und Russland festgelegt. 1991 wurde Estland erneut unabh\u00e4ngig von Russland und seit dem Beitritt zur Europ\u00e4ischen Union im Jahre 2004 ist Narwa europ\u00e4ische Au\u00dfengrenze.<\/p>\n\n\n\n<div id=\"wp-block-themeisle-blocks-slider-e431cd59\" class=\"wp-block-themeisle-blocks-slider glide\" data-per-view=\"1\" data-gap=\"0\" data-peek=\"0\" data-autoplay=\"true\" data-height=\"400px\" data-hide-arrows=\"false\"><div class=\"glide__track\" data-glide-el=\"track\"><div class=\"glide__slides\"><div class=\"wp-block-themeisle-blocks-slider-item-wrapper glide__slide\" tabindex=\"0\"><figure><img decoding=\"async\" class=\"wp-block-themeisle-blocks-slider-item\" src=\"https:\/\/familie-weitgereist.de\/wp-content\/uploads\/2024\/12\/IMG_20241229_130901-scaled.jpg\" alt=\"\" title=\"\" data-id=\"20625\"\/><\/figure><\/div><div class=\"wp-block-themeisle-blocks-slider-item-wrapper glide__slide\" tabindex=\"0\"><figure><img decoding=\"async\" class=\"wp-block-themeisle-blocks-slider-item\" src=\"https:\/\/familie-weitgereist.de\/wp-content\/uploads\/2024\/12\/IMG_20241229_130745-scaled.jpg\" alt=\"\" title=\"\" data-id=\"20626\"\/><\/figure><\/div><\/div><div class=\"glide__bullets\" data-glide-el=\"controls[nav]\"><button class=\"glide__bullet\" data-glide-dir=\"=0\"><\/button><button class=\"glide__bullet\" data-glide-dir=\"=1\"><\/button><\/div><\/div><\/div>\n\n\n\n<p>Wir wanderten an der Uferpromenade entlang, schauten die ganze Zeit gespannt auf Russland, das so nah und gleichzeitig so fern ist. Auf beiden Seiten der Br\u00fccke &#8222;<em><strong>Eesti vanim betoonehitis<\/strong><\/em>&#8220; finden Grenzkontrollen statt mit einer ungef\u00e4hren Wartezeit von 3 Stunden. Ein schneller Abstecher nach Russland war nicht drin. \ud83d\ude09 An der Promenade gibt es Spielpl\u00e4tze, Caf\u00e9s, eine Sonnenuhr und zahlreiche Sitzm\u00f6glichkeiten.<\/p>\n\n\n\n<figure class=\"wp-block-image size-large\"><img loading=\"lazy\" decoding=\"async\" width=\"1024\" height=\"768\" src=\"https:\/\/familie-weitgereist.de\/wp-content\/uploads\/2024\/12\/IMG_20241229_150029-1024x768.jpg\" alt=\"\" class=\"wp-image-20627\" srcset=\"https:\/\/familie-weitgereist.de\/wp-content\/uploads\/2024\/12\/IMG_20241229_150029-1024x768.jpg 1024w, https:\/\/familie-weitgereist.de\/wp-content\/uploads\/2024\/12\/IMG_20241229_150029-300x225.jpg 300w, https:\/\/familie-weitgereist.de\/wp-content\/uploads\/2024\/12\/IMG_20241229_150029-768x576.jpg 768w, https:\/\/familie-weitgereist.de\/wp-content\/uploads\/2024\/12\/IMG_20241229_150029-1536x1152.jpg 1536w, https:\/\/familie-weitgereist.de\/wp-content\/uploads\/2024\/12\/IMG_20241229_150029-2048x1536.jpg 2048w, https:\/\/familie-weitgereist.de\/wp-content\/uploads\/2024\/12\/IMG_20241229_150029-1200x900.jpg 1200w, https:\/\/familie-weitgereist.de\/wp-content\/uploads\/2024\/12\/IMG_20241229_150029-1980x1485.jpg 1980w, https:\/\/familie-weitgereist.de\/wp-content\/uploads\/2024\/12\/IMG_20241229_150029-150x113.jpg 150w\" sizes=\"auto, (max-width: 1024px) 100vw, 1024px\" \/><\/figure>\n\n\n\n<p>Wir liefen auf estnischer Seite um die Grenzkontrollen herum und besichtigten die <strong>Hermannsfeste<\/strong>, eine Festung des Deutschen Ordens, eine Nachfolge der Ritterorden zur Zeit der Kreuzz\u00fcge. Die Festung kann besichtigt werden. Dort befindet sich das <strong>Narwa Museum<\/strong>. Die Hermannsfeste wurde Mitte des 13. Jahrhunderts von den D\u00e4nen gegr\u00fcndet. 1345 verkauften die D\u00e4nen die Festung, Narwa und Ostestland an den Deutschen Orden. Im Laufe der Jahrhunderte war die Hermannsfeste im schwedischen und russischen Besitz.<\/p>\n\n\n\n<figure class=\"wp-block-image size-large\"><img loading=\"lazy\" decoding=\"async\" width=\"1024\" height=\"768\" src=\"https:\/\/familie-weitgereist.de\/wp-content\/uploads\/2024\/12\/IMG_20241229_133539-1024x768.jpg\" alt=\"\" class=\"wp-image-20628\" srcset=\"https:\/\/familie-weitgereist.de\/wp-content\/uploads\/2024\/12\/IMG_20241229_133539-1024x768.jpg 1024w, https:\/\/familie-weitgereist.de\/wp-content\/uploads\/2024\/12\/IMG_20241229_133539-300x225.jpg 300w, https:\/\/familie-weitgereist.de\/wp-content\/uploads\/2024\/12\/IMG_20241229_133539-768x576.jpg 768w, https:\/\/familie-weitgereist.de\/wp-content\/uploads\/2024\/12\/IMG_20241229_133539-1536x1152.jpg 1536w, https:\/\/familie-weitgereist.de\/wp-content\/uploads\/2024\/12\/IMG_20241229_133539-2048x1536.jpg 2048w, https:\/\/familie-weitgereist.de\/wp-content\/uploads\/2024\/12\/IMG_20241229_133539-1200x900.jpg 1200w, https:\/\/familie-weitgereist.de\/wp-content\/uploads\/2024\/12\/IMG_20241229_133539-1980x1485.jpg 1980w, https:\/\/familie-weitgereist.de\/wp-content\/uploads\/2024\/12\/IMG_20241229_133539-150x113.jpg 150w\" sizes=\"auto, (max-width: 1024px) 100vw, 1024px\" \/><\/figure>\n\n\n\n<p>Gegen\u00fcberligegend in Russland befindet sich die <strong>Festung Iwangorod<\/strong>. Sie wurde 1492 unter der Herrschaft des damaligen Zaren Iwan III erbaut. Die Festung sollte die Machtstellung Russlands zur Ostsee st\u00e4rken und gleichzeitig eine Verteidigungsanlage gegen den Deutschen Orden sein, der das Baltikum beherrschte.<\/p>\n\n\n\n<figure class=\"wp-block-image size-large\"><img loading=\"lazy\" decoding=\"async\" width=\"1024\" height=\"768\" src=\"https:\/\/familie-weitgereist.de\/wp-content\/uploads\/2024\/12\/IMG_20241229_144309-1024x768.jpg\" alt=\"\" class=\"wp-image-20629\" srcset=\"https:\/\/familie-weitgereist.de\/wp-content\/uploads\/2024\/12\/IMG_20241229_144309-1024x768.jpg 1024w, https:\/\/familie-weitgereist.de\/wp-content\/uploads\/2024\/12\/IMG_20241229_144309-300x225.jpg 300w, https:\/\/familie-weitgereist.de\/wp-content\/uploads\/2024\/12\/IMG_20241229_144309-768x576.jpg 768w, https:\/\/familie-weitgereist.de\/wp-content\/uploads\/2024\/12\/IMG_20241229_144309-1536x1152.jpg 1536w, https:\/\/familie-weitgereist.de\/wp-content\/uploads\/2024\/12\/IMG_20241229_144309-2048x1536.jpg 2048w, https:\/\/familie-weitgereist.de\/wp-content\/uploads\/2024\/12\/IMG_20241229_144309-1200x900.jpg 1200w, https:\/\/familie-weitgereist.de\/wp-content\/uploads\/2024\/12\/IMG_20241229_144309-1980x1485.jpg 1980w, https:\/\/familie-weitgereist.de\/wp-content\/uploads\/2024\/12\/IMG_20241229_144309-150x113.jpg 150w\" sizes=\"auto, (max-width: 1024px) 100vw, 1024px\" \/><\/figure>\n\n\n\n<p>Auf dem <strong>Peetri Platz<\/strong> befand sich ein gro\u00dfer Weihnachtsbaum und viele Busse und Taxis. Dort kommen auch alle an, die die Grenzkontrollen geschafft haben.<\/p>\n\n\n\n<figure class=\"wp-block-image size-large\"><img loading=\"lazy\" decoding=\"async\" width=\"1024\" height=\"768\" src=\"https:\/\/familie-weitgereist.de\/wp-content\/uploads\/2024\/12\/IMG_20241229_132352-1024x768.jpg\" alt=\"\" class=\"wp-image-20631\" srcset=\"https:\/\/familie-weitgereist.de\/wp-content\/uploads\/2024\/12\/IMG_20241229_132352-1024x768.jpg 1024w, https:\/\/familie-weitgereist.de\/wp-content\/uploads\/2024\/12\/IMG_20241229_132352-300x225.jpg 300w, https:\/\/familie-weitgereist.de\/wp-content\/uploads\/2024\/12\/IMG_20241229_132352-768x576.jpg 768w, https:\/\/familie-weitgereist.de\/wp-content\/uploads\/2024\/12\/IMG_20241229_132352-1536x1152.jpg 1536w, https:\/\/familie-weitgereist.de\/wp-content\/uploads\/2024\/12\/IMG_20241229_132352-2048x1536.jpg 2048w, https:\/\/familie-weitgereist.de\/wp-content\/uploads\/2024\/12\/IMG_20241229_132352-1200x900.jpg 1200w, https:\/\/familie-weitgereist.de\/wp-content\/uploads\/2024\/12\/IMG_20241229_132352-1980x1485.jpg 1980w, https:\/\/familie-weitgereist.de\/wp-content\/uploads\/2024\/12\/IMG_20241229_132352-150x113.jpg 150w\" sizes=\"auto, (max-width: 1024px) 100vw, 1024px\" \/><\/figure>\n\n\n\n<p>Interessant ist, dass wir kein russisches Netz rein bekamen, obwohl wir so nah an Russland waren. Die Grenze wird gut bewacht. Es gibt Wachposten auf russischer Seite und der Grenzzaun beginnt direkt an der Festung Iwangorod. Auf estnischer Seite, haben wir noch nie so viele Kameras gesehen wie in Narwa. Der Grenzfluss Narva flie\u00dft zudem ziemlich schnell.<\/p>\n\n\n\n<p>Ein Ausflug nach Narwa lohnt sich definitiv, auch wenn wir daf\u00fcr 2 Stunden Anreise von Tallinn hatten. Grenzen begeistern mich total und ich finde, besonders stark kontrollierte Grenzen interessant.<\/p>\n\n\n\n<h2 class=\"wp-block-heading\" id=\"umland\">J\u00e4gala Wasserfall<\/h2>\n\n\n\n<p>Der <strong>J\u00e4gala Wasserfall ist der h\u00f6chste Wasserfall im gesamten Baltikum<\/strong>, mit einer Fallh\u00f6he von 8m. Im Fr\u00fchling und Herbst erreicht der Fluss eine Breite von 70m. Unter dem Wasserfall befindet sich eine H\u00f6hle mit 6m Durchmesser. Wir hatten Gl\u00fcck und es hatte am Vortag geschneit, sodass wir das Areal um den Wasserfall mit Schnee genie\u00dfen konnten. Es gibt einen Parkplatz auf jeder Seite des Wasserfalls in unmittelbarer N\u00e4he. Nachdem wir uns den Wasserfall angesehen haben, sind wir noch etwas durch die angrenzenden W\u00e4lder geschlendert.<\/p>\n\n\n\n<figure class=\"wp-block-image size-large\"><img loading=\"lazy\" decoding=\"async\" width=\"1024\" height=\"768\" src=\"https:\/\/familie-weitgereist.de\/wp-content\/uploads\/2024\/12\/IMG_20250102_115722-1024x768.jpg\" alt=\"\" class=\"wp-image-20728\" srcset=\"https:\/\/familie-weitgereist.de\/wp-content\/uploads\/2024\/12\/IMG_20250102_115722-1024x768.jpg 1024w, https:\/\/familie-weitgereist.de\/wp-content\/uploads\/2024\/12\/IMG_20250102_115722-300x225.jpg 300w, https:\/\/familie-weitgereist.de\/wp-content\/uploads\/2024\/12\/IMG_20250102_115722-768x576.jpg 768w, https:\/\/familie-weitgereist.de\/wp-content\/uploads\/2024\/12\/IMG_20250102_115722-1536x1152.jpg 1536w, https:\/\/familie-weitgereist.de\/wp-content\/uploads\/2024\/12\/IMG_20250102_115722-2048x1536.jpg 2048w, https:\/\/familie-weitgereist.de\/wp-content\/uploads\/2024\/12\/IMG_20250102_115722-1200x900.jpg 1200w, https:\/\/familie-weitgereist.de\/wp-content\/uploads\/2024\/12\/IMG_20250102_115722-1980x1485.jpg 1980w, https:\/\/familie-weitgereist.de\/wp-content\/uploads\/2024\/12\/IMG_20250102_115722-150x113.jpg 150w\" sizes=\"auto, (max-width: 1024px) 100vw, 1024px\" \/><\/figure>\n\n\n\n<h2 class=\"wp-block-heading\">Pirita Kloster<\/h2>\n\n\n\n<p>Das Pirita Kloster war ein Kloster f\u00fcr M\u00f6nche und Nonnen. Es wurde aktiv genutzt von 1407-1575. Es war das <strong>gr\u00f6\u00dfte im damaligen Livland<\/strong> (Gebiete des heutigen Estlands und Lettlands umfassend) und <strong>eines der gr\u00f6\u00dften im Norden Europas<\/strong>. Es ist der Heiligen Brigitta gewidmet. Sie wurde als Brigitta Birgersdotter ca. 1303 in eine adlige Familie in Schweden geboren. Mit 13 Jahren heiratete sie Ulf Gudmarsson. Nachdem ihr Mann gestorben war, fand sie eine neue Bestimmung in ihrem Leben. Sie reiste 1349 nach Rom und erhielt einen Ruf von Jesus, dass sie einen neuen Klosterorden gr\u00fcnden sollte. Dies tat sie. 1999 ernannte sie der damalige Papst Johannes Paul II als Schutzpatronin von Europa.<\/p>\n\n\n\n<figure class=\"wp-block-image size-large\"><img loading=\"lazy\" decoding=\"async\" width=\"1024\" height=\"768\" src=\"https:\/\/familie-weitgereist.de\/wp-content\/uploads\/2024\/12\/IMG_20250102_135654-1024x768.jpg\" alt=\"\" class=\"wp-image-20738\" srcset=\"https:\/\/familie-weitgereist.de\/wp-content\/uploads\/2024\/12\/IMG_20250102_135654-1024x768.jpg 1024w, https:\/\/familie-weitgereist.de\/wp-content\/uploads\/2024\/12\/IMG_20250102_135654-300x225.jpg 300w, https:\/\/familie-weitgereist.de\/wp-content\/uploads\/2024\/12\/IMG_20250102_135654-768x576.jpg 768w, https:\/\/familie-weitgereist.de\/wp-content\/uploads\/2024\/12\/IMG_20250102_135654-1536x1152.jpg 1536w, https:\/\/familie-weitgereist.de\/wp-content\/uploads\/2024\/12\/IMG_20250102_135654-2048x1536.jpg 2048w, https:\/\/familie-weitgereist.de\/wp-content\/uploads\/2024\/12\/IMG_20250102_135654-1200x900.jpg 1200w, https:\/\/familie-weitgereist.de\/wp-content\/uploads\/2024\/12\/IMG_20250102_135654-1980x1485.jpg 1980w, https:\/\/familie-weitgereist.de\/wp-content\/uploads\/2024\/12\/IMG_20250102_135654-150x113.jpg 150w\" sizes=\"auto, (max-width: 1024px) 100vw, 1024px\" \/><\/figure>\n\n\n\n<p>Im Anschluss an unserem Aufenthalt im estnischen Norden, reisten wir weiter auf die Insel <strong><a href=\"https:\/\/familie-weitgereist.de\/?p=20645\" data-type=\"link\" data-id=\"https:\/\/familie-weitgereist.de\/?p=20645\">Hiiumaa<\/a><\/strong>.<\/p>\n\n\n\n<figure class=\"wp-block-image size-large\"><img loading=\"lazy\" decoding=\"async\" width=\"1024\" height=\"768\" src=\"https:\/\/familie-weitgereist.de\/wp-content\/uploads\/2024\/12\/IMG_20241231_135326-1024x768.jpg\" alt=\"\" class=\"wp-image-20697\" srcset=\"https:\/\/familie-weitgereist.de\/wp-content\/uploads\/2024\/12\/IMG_20241231_135326-1024x768.jpg 1024w, https:\/\/familie-weitgereist.de\/wp-content\/uploads\/2024\/12\/IMG_20241231_135326-300x225.jpg 300w, https:\/\/familie-weitgereist.de\/wp-content\/uploads\/2024\/12\/IMG_20241231_135326-768x576.jpg 768w, https:\/\/familie-weitgereist.de\/wp-content\/uploads\/2024\/12\/IMG_20241231_135326-1536x1152.jpg 1536w, https:\/\/familie-weitgereist.de\/wp-content\/uploads\/2024\/12\/IMG_20241231_135326-2048x1536.jpg 2048w, https:\/\/familie-weitgereist.de\/wp-content\/uploads\/2024\/12\/IMG_20241231_135326-1200x900.jpg 1200w, https:\/\/familie-weitgereist.de\/wp-content\/uploads\/2024\/12\/IMG_20241231_135326-1980x1485.jpg 1980w, https:\/\/familie-weitgereist.de\/wp-content\/uploads\/2024\/12\/IMG_20241231_135326-150x113.jpg 150w\" sizes=\"auto, (max-width: 1024px) 100vw, 1024px\" \/><\/figure>\n","protected":false},"excerpt":{"rendered":"<p>Wir sind am 2. Weihnachtsfeiertag mit unseren zwei Kindern nach Tallinn in Estland geflogen. Tallinn ist die Hauptstadt des n\u00f6rdlichsten und kleinsten Landes im Baltikum. Es war f\u00fcr uns die erste Reise ins Baltikum und wir freuten uns sehr \u00fcber ein neues Reiseland f\u00fcr uns alle! In Estland leben ca. 1,3 Millionen Menschen. Davon leben [&hellip;]<\/p>\n","protected":false},"author":3,"featured_media":20543,"comment_status":"open","ping_status":"open","sticky":false,"template":"","format":"standard","meta":{"_themeisle_gutenberg_block_has_review":false,"footnotes":""},"categories":[1515,8,4],"tags":[1492,1493,580,1499,1505,1504,1498,1497,1506,1495,1496,1494,1508,1507],"class_list":["post-20503","post","type-post","status-publish","format-standard","has-post-thumbnail","hentry","category-estland","category-europa","category-laender","tag-baltikum","tag-estland","tag-europa","tag-iwangorod","tag-jaegala-juga","tag-jaegala-wasserfall","tag-narva","tag-narwa","tag-pirita-kloster","tag-rocca-al-mare","tag-rocca-al-mare-freilichtmuseum","tag-tallinn","tag-tallinna-loomaaed","tag-zoo-tallinn"],"_links":{"self":[{"href":"https:\/\/familie-weitgereist.de\/index.php?rest_route=\/wp\/v2\/posts\/20503","targetHints":{"allow":["GET"]}}],"collection":[{"href":"https:\/\/familie-weitgereist.de\/index.php?rest_route=\/wp\/v2\/posts"}],"about":[{"href":"https:\/\/familie-weitgereist.de\/index.php?rest_route=\/wp\/v2\/types\/post"}],"author":[{"embeddable":true,"href":"https:\/\/familie-weitgereist.de\/index.php?rest_route=\/wp\/v2\/users\/3"}],"replies":[{"embeddable":true,"href":"https:\/\/familie-weitgereist.de\/index.php?rest_route=%2Fwp%2Fv2%2Fcomments&post=20503"}],"version-history":[{"count":133,"href":"https:\/\/familie-weitgereist.de\/index.php?rest_route=\/wp\/v2\/posts\/20503\/revisions"}],"predecessor-version":[{"id":23355,"href":"https:\/\/familie-weitgereist.de\/index.php?rest_route=\/wp\/v2\/posts\/20503\/revisions\/23355"}],"wp:featuredmedia":[{"embeddable":true,"href":"https:\/\/familie-weitgereist.de\/index.php?rest_route=\/wp\/v2\/media\/20543"}],"wp:attachment":[{"href":"https:\/\/familie-weitgereist.de\/index.php?rest_route=%2Fwp%2Fv2%2Fmedia&parent=20503"}],"wp:term":[{"taxonomy":"category","embeddable":true,"href":"https:\/\/familie-weitgereist.de\/index.php?rest_route=%2Fwp%2Fv2%2Fcategories&post=20503"},{"taxonomy":"post_tag","embeddable":true,"href":"https:\/\/familie-weitgereist.de\/index.php?rest_route=%2Fwp%2Fv2%2Ftags&post=20503"}],"curies":[{"name":"wp","href":"https:\/\/api.w.org\/{rel}","templated":true}]}}