{"id":20383,"date":"2024-12-14T19:46:56","date_gmt":"2024-12-14T18:46:56","guid":{"rendered":"https:\/\/familie-weitgereist.de\/?p=20383"},"modified":"2025-09-29T23:49:23","modified_gmt":"2025-09-29T21:49:23","slug":"basel-zur-adventszeit-schweiz","status":"publish","type":"post","link":"https:\/\/familie-weitgereist.de\/?p=20383","title":{"rendered":"Basel zur Adventszeit, Schweiz mit kleinen Kindern"},"content":{"rendered":"\n<p>Anl\u00e4sslich unserer Adventsreise ins weihnachtliche <strong><a href=\"https:\/\/familie-weitgereist.de\/?p=20218\" data-type=\"link\" data-id=\"https:\/\/familie-weitgereist.de\/?p=20218\">Elsass in Frankreich<\/a><\/strong>, haben wir auch einen Ausflug nach Basel unternommen.<\/p>\n\n\n\n<figure class=\"wp-block-image size-large\"><img loading=\"lazy\" decoding=\"async\" width=\"1024\" height=\"576\" src=\"https:\/\/familie-weitgereist.de\/wp-content\/uploads\/2024\/12\/PXL_20241214_113340962-1024x576.jpg\" alt=\"\" class=\"wp-image-20388\" srcset=\"https:\/\/familie-weitgereist.de\/wp-content\/uploads\/2024\/12\/PXL_20241214_113340962-1024x576.jpg 1024w, https:\/\/familie-weitgereist.de\/wp-content\/uploads\/2024\/12\/PXL_20241214_113340962-300x169.jpg 300w, https:\/\/familie-weitgereist.de\/wp-content\/uploads\/2024\/12\/PXL_20241214_113340962-768x432.jpg 768w, https:\/\/familie-weitgereist.de\/wp-content\/uploads\/2024\/12\/PXL_20241214_113340962-1536x864.jpg 1536w, https:\/\/familie-weitgereist.de\/wp-content\/uploads\/2024\/12\/PXL_20241214_113340962-2048x1152.jpg 2048w, https:\/\/familie-weitgereist.de\/wp-content\/uploads\/2024\/12\/PXL_20241214_113340962-1200x675.jpg 1200w, https:\/\/familie-weitgereist.de\/wp-content\/uploads\/2024\/12\/PXL_20241214_113340962-1980x1114.jpg 1980w, https:\/\/familie-weitgereist.de\/wp-content\/uploads\/2024\/12\/PXL_20241214_113340962-150x84.jpg 150w\" sizes=\"auto, (max-width: 1024px) 100vw, 1024px\" \/><\/figure>\n\n\n\n<p>Wir sind aus Herbolzheim mit dem 49\u20ac-Ticket bis nach Basel Badischer Bahnhof gefahren. Der Regionalexpress 7 verkehrt zwischen Basel und Karlsruhe. Eine Stunde sp\u00e4ter waren wir schon in der schweizer Grenzstadt.<\/p>\n\n\n\n<p>Basel ist nach Z\u00fcrich und Genf die drittgr\u00f6\u00dfte Stadt in der Schweiz und ca. 176.000 Menschen leben dort. Von Deutschland kommend fielen uns sofort die schweizer Preise ins Auge. Ein Sch\u00fclermen\u00fc D\u00f6ner mit Cola kostete 14 CHF, ein Bubble Tea 9 CHF, ein Kaffee bei Starbucks 10 CHF, eine Bratwurst auf dem Weihnachtsmarkt 8 CHF und ein Gl\u00fchwein 9 CHF. (<em>Stand Dezember 2024<\/em>) Die Preise sind dem \u20ac nahezu \u00e4hnlich.<\/p>\n\n\n\n<p>Basel ist Kulturhauptstadt und besitzt 40 Museen. Ein gro\u00dfes kulturelles Angebot macht Basel zu einem lebenswerten Ort.<\/p>\n\n\n\n<p>Die Universit\u00e4t wurde schon 1460 gegr\u00fcndet und ist somit die \u00e4lteste der Schweiz und eine der \u00e4ltesten in Europa.<\/p>\n\n\n\n<p>Vom Bahnhof sind wir ins Zentrum gelaufen, Richtung <strong>Mittlerer Rheinbr\u00fccke<\/strong>. Von dort hatten wir einen herrlichen Ausblick auf das Basler M\u00fcnster und die Alte Universit\u00e4t.<\/p>\n\n\n\n<figure class=\"wp-block-image size-large\"><img loading=\"lazy\" decoding=\"async\" width=\"1024\" height=\"768\" src=\"https:\/\/familie-weitgereist.de\/wp-content\/uploads\/2024\/12\/IMG_20241214_123754-1024x768.jpg\" alt=\"\" class=\"wp-image-20397\" srcset=\"https:\/\/familie-weitgereist.de\/wp-content\/uploads\/2024\/12\/IMG_20241214_123754-1024x768.jpg 1024w, https:\/\/familie-weitgereist.de\/wp-content\/uploads\/2024\/12\/IMG_20241214_123754-300x225.jpg 300w, https:\/\/familie-weitgereist.de\/wp-content\/uploads\/2024\/12\/IMG_20241214_123754-768x576.jpg 768w, https:\/\/familie-weitgereist.de\/wp-content\/uploads\/2024\/12\/IMG_20241214_123754-1536x1152.jpg 1536w, https:\/\/familie-weitgereist.de\/wp-content\/uploads\/2024\/12\/IMG_20241214_123754-2048x1536.jpg 2048w, https:\/\/familie-weitgereist.de\/wp-content\/uploads\/2024\/12\/IMG_20241214_123754-1200x900.jpg 1200w, https:\/\/familie-weitgereist.de\/wp-content\/uploads\/2024\/12\/IMG_20241214_123754-1980x1485.jpg 1980w, https:\/\/familie-weitgereist.de\/wp-content\/uploads\/2024\/12\/IMG_20241214_123754-150x113.jpg 150w\" sizes=\"auto, (max-width: 1024px) 100vw, 1024px\" \/><\/figure>\n\n\n\n<p>Wir liefen den Berg hinauf zur Martinskirche, schlenderten der Martinsgasse entlang bis zum Basler M\u00fcnster.<\/p>\n\n\n\n<figure class=\"wp-block-gallery has-nested-images columns-default is-cropped wp-block-gallery-1 is-layout-flex wp-block-gallery-is-layout-flex\">\n<figure class=\"wp-block-image size-large\"><img loading=\"lazy\" decoding=\"async\" width=\"768\" height=\"1024\" data-id=\"20405\" src=\"https:\/\/familie-weitgereist.de\/wp-content\/uploads\/2024\/12\/IMG_20241214_131701-768x1024.jpg\" alt=\"\" class=\"wp-image-20405\" srcset=\"https:\/\/familie-weitgereist.de\/wp-content\/uploads\/2024\/12\/IMG_20241214_131701-768x1024.jpg 768w, https:\/\/familie-weitgereist.de\/wp-content\/uploads\/2024\/12\/IMG_20241214_131701-225x300.jpg 225w, https:\/\/familie-weitgereist.de\/wp-content\/uploads\/2024\/12\/IMG_20241214_131701-1152x1536.jpg 1152w, https:\/\/familie-weitgereist.de\/wp-content\/uploads\/2024\/12\/IMG_20241214_131701-1536x2048.jpg 1536w, https:\/\/familie-weitgereist.de\/wp-content\/uploads\/2024\/12\/IMG_20241214_131701-1200x1600.jpg 1200w, https:\/\/familie-weitgereist.de\/wp-content\/uploads\/2024\/12\/IMG_20241214_131701-1980x2640.jpg 1980w, https:\/\/familie-weitgereist.de\/wp-content\/uploads\/2024\/12\/IMG_20241214_131701-640x853.jpg 640w, https:\/\/familie-weitgereist.de\/wp-content\/uploads\/2024\/12\/IMG_20241214_131701-150x200.jpg 150w, https:\/\/familie-weitgereist.de\/wp-content\/uploads\/2024\/12\/IMG_20241214_131701-scaled.jpg 1920w\" sizes=\"auto, (max-width: 768px) 100vw, 768px\" \/><\/figure>\n\n\n\n<figure class=\"wp-block-image size-large\"><img loading=\"lazy\" decoding=\"async\" width=\"1024\" height=\"768\" data-id=\"20401\" src=\"https:\/\/familie-weitgereist.de\/wp-content\/uploads\/2024\/12\/IMG_20241214_125456-1024x768.jpg\" alt=\"\" class=\"wp-image-20401\" srcset=\"https:\/\/familie-weitgereist.de\/wp-content\/uploads\/2024\/12\/IMG_20241214_125456-1024x768.jpg 1024w, https:\/\/familie-weitgereist.de\/wp-content\/uploads\/2024\/12\/IMG_20241214_125456-300x225.jpg 300w, https:\/\/familie-weitgereist.de\/wp-content\/uploads\/2024\/12\/IMG_20241214_125456-768x576.jpg 768w, https:\/\/familie-weitgereist.de\/wp-content\/uploads\/2024\/12\/IMG_20241214_125456-1536x1152.jpg 1536w, https:\/\/familie-weitgereist.de\/wp-content\/uploads\/2024\/12\/IMG_20241214_125456-2048x1536.jpg 2048w, https:\/\/familie-weitgereist.de\/wp-content\/uploads\/2024\/12\/IMG_20241214_125456-1200x900.jpg 1200w, https:\/\/familie-weitgereist.de\/wp-content\/uploads\/2024\/12\/IMG_20241214_125456-1980x1485.jpg 1980w, https:\/\/familie-weitgereist.de\/wp-content\/uploads\/2024\/12\/IMG_20241214_125456-150x113.jpg 150w\" sizes=\"auto, (max-width: 1024px) 100vw, 1024px\" \/><\/figure>\n\n\n\n<figure class=\"wp-block-image size-large\"><img loading=\"lazy\" decoding=\"async\" width=\"1024\" height=\"768\" data-id=\"20403\" src=\"https:\/\/familie-weitgereist.de\/wp-content\/uploads\/2024\/12\/IMG_20241214_125020-1024x768.jpg\" alt=\"\" class=\"wp-image-20403\" srcset=\"https:\/\/familie-weitgereist.de\/wp-content\/uploads\/2024\/12\/IMG_20241214_125020-1024x768.jpg 1024w, https:\/\/familie-weitgereist.de\/wp-content\/uploads\/2024\/12\/IMG_20241214_125020-300x225.jpg 300w, https:\/\/familie-weitgereist.de\/wp-content\/uploads\/2024\/12\/IMG_20241214_125020-768x576.jpg 768w, https:\/\/familie-weitgereist.de\/wp-content\/uploads\/2024\/12\/IMG_20241214_125020-1536x1152.jpg 1536w, https:\/\/familie-weitgereist.de\/wp-content\/uploads\/2024\/12\/IMG_20241214_125020-2048x1536.jpg 2048w, https:\/\/familie-weitgereist.de\/wp-content\/uploads\/2024\/12\/IMG_20241214_125020-1200x900.jpg 1200w, https:\/\/familie-weitgereist.de\/wp-content\/uploads\/2024\/12\/IMG_20241214_125020-1980x1485.jpg 1980w, https:\/\/familie-weitgereist.de\/wp-content\/uploads\/2024\/12\/IMG_20241214_125020-150x113.jpg 150w\" sizes=\"auto, (max-width: 1024px) 100vw, 1024px\" \/><\/figure>\n\n\n\n<figure class=\"wp-block-image size-large\"><img loading=\"lazy\" decoding=\"async\" width=\"768\" height=\"1024\" data-id=\"20404\" src=\"https:\/\/familie-weitgereist.de\/wp-content\/uploads\/2024\/12\/IMG_20241214_124858-768x1024.jpg\" alt=\"\" class=\"wp-image-20404\" srcset=\"https:\/\/familie-weitgereist.de\/wp-content\/uploads\/2024\/12\/IMG_20241214_124858-768x1024.jpg 768w, https:\/\/familie-weitgereist.de\/wp-content\/uploads\/2024\/12\/IMG_20241214_124858-225x300.jpg 225w, https:\/\/familie-weitgereist.de\/wp-content\/uploads\/2024\/12\/IMG_20241214_124858-1152x1536.jpg 1152w, https:\/\/familie-weitgereist.de\/wp-content\/uploads\/2024\/12\/IMG_20241214_124858-1536x2048.jpg 1536w, https:\/\/familie-weitgereist.de\/wp-content\/uploads\/2024\/12\/IMG_20241214_124858-1200x1600.jpg 1200w, https:\/\/familie-weitgereist.de\/wp-content\/uploads\/2024\/12\/IMG_20241214_124858-1980x2640.jpg 1980w, https:\/\/familie-weitgereist.de\/wp-content\/uploads\/2024\/12\/IMG_20241214_124858-640x853.jpg 640w, https:\/\/familie-weitgereist.de\/wp-content\/uploads\/2024\/12\/IMG_20241214_124858-150x200.jpg 150w, https:\/\/familie-weitgereist.de\/wp-content\/uploads\/2024\/12\/IMG_20241214_124858-scaled.jpg 1920w\" sizes=\"auto, (max-width: 768px) 100vw, 768px\" \/><\/figure>\n<\/figure>\n\n\n\n<p>Dort befand sich auch einer der Weihnachtsm\u00e4rkte. Wir schlenderten dar\u00fcber, waren jedoch etwas von den Preisen abgeschreckt. Die weihnachtliche Atmosph\u00e4re ist dennoch sehr sch\u00f6n. Es gibt \u00fcberall, f\u00fcr die Schweiz typisch, Raclettest\u00e4nde.<\/p>\n\n\n\n<figure class=\"wp-block-image size-large\"><img loading=\"lazy\" decoding=\"async\" width=\"1024\" height=\"768\" src=\"https:\/\/familie-weitgereist.de\/wp-content\/uploads\/2024\/12\/IMG_20241214_131150-1024x768.jpg\" alt=\"\" class=\"wp-image-20408\" srcset=\"https:\/\/familie-weitgereist.de\/wp-content\/uploads\/2024\/12\/IMG_20241214_131150-1024x768.jpg 1024w, https:\/\/familie-weitgereist.de\/wp-content\/uploads\/2024\/12\/IMG_20241214_131150-300x225.jpg 300w, https:\/\/familie-weitgereist.de\/wp-content\/uploads\/2024\/12\/IMG_20241214_131150-768x576.jpg 768w, https:\/\/familie-weitgereist.de\/wp-content\/uploads\/2024\/12\/IMG_20241214_131150-1536x1152.jpg 1536w, https:\/\/familie-weitgereist.de\/wp-content\/uploads\/2024\/12\/IMG_20241214_131150-2048x1536.jpg 2048w, https:\/\/familie-weitgereist.de\/wp-content\/uploads\/2024\/12\/IMG_20241214_131150-1200x900.jpg 1200w, https:\/\/familie-weitgereist.de\/wp-content\/uploads\/2024\/12\/IMG_20241214_131150-1980x1485.jpg 1980w, https:\/\/familie-weitgereist.de\/wp-content\/uploads\/2024\/12\/IMG_20241214_131150-150x113.jpg 150w\" sizes=\"auto, (max-width: 1024px) 100vw, 1024px\" \/><\/figure>\n","protected":false},"excerpt":{"rendered":"<p>Anl\u00e4sslich unserer Adventsreise ins weihnachtliche Elsass in Frankreich, haben wir auch einen Ausflug nach Basel unternommen. Wir sind aus Herbolzheim mit dem 49\u20ac-Ticket bis nach Basel Badischer Bahnhof gefahren. Der Regionalexpress 7 verkehrt zwischen Basel und Karlsruhe. Eine Stunde sp\u00e4ter waren wir schon in der schweizer Grenzstadt. Basel ist nach Z\u00fcrich und Genf die drittgr\u00f6\u00dfte [&hellip;]<\/p>\n","protected":false},"author":3,"featured_media":20403,"comment_status":"open","ping_status":"open","sticky":false,"template":"","format":"standard","meta":{"_themeisle_gutenberg_block_has_review":false,"footnotes":""},"categories":[238,8,4],"tags":[1489,198],"class_list":["post-20383","post","type-post","status-publish","format-standard","has-post-thumbnail","hentry","category-schweiz","category-europa","category-laender","tag-basel","tag-schweiz"],"_links":{"self":[{"href":"https:\/\/familie-weitgereist.de\/index.php?rest_route=\/wp\/v2\/posts\/20383","targetHints":{"allow":["GET"]}}],"collection":[{"href":"https:\/\/familie-weitgereist.de\/index.php?rest_route=\/wp\/v2\/posts"}],"about":[{"href":"https:\/\/familie-weitgereist.de\/index.php?rest_route=\/wp\/v2\/types\/post"}],"author":[{"embeddable":true,"href":"https:\/\/familie-weitgereist.de\/index.php?rest_route=\/wp\/v2\/users\/3"}],"replies":[{"embeddable":true,"href":"https:\/\/familie-weitgereist.de\/index.php?rest_route=%2Fwp%2Fv2%2Fcomments&post=20383"}],"version-history":[{"count":17,"href":"https:\/\/familie-weitgereist.de\/index.php?rest_route=\/wp\/v2\/posts\/20383\/revisions"}],"predecessor-version":[{"id":23353,"href":"https:\/\/familie-weitgereist.de\/index.php?rest_route=\/wp\/v2\/posts\/20383\/revisions\/23353"}],"wp:featuredmedia":[{"embeddable":true,"href":"https:\/\/familie-weitgereist.de\/index.php?rest_route=\/wp\/v2\/media\/20403"}],"wp:attachment":[{"href":"https:\/\/familie-weitgereist.de\/index.php?rest_route=%2Fwp%2Fv2%2Fmedia&parent=20383"}],"wp:term":[{"taxonomy":"category","embeddable":true,"href":"https:\/\/familie-weitgereist.de\/index.php?rest_route=%2Fwp%2Fv2%2Fcategories&post=20383"},{"taxonomy":"post_tag","embeddable":true,"href":"https:\/\/familie-weitgereist.de\/index.php?rest_route=%2Fwp%2Fv2%2Ftags&post=20383"}],"curies":[{"name":"wp","href":"https:\/\/api.w.org\/{rel}","templated":true}]}}