{"id":20255,"date":"2024-12-14T17:54:09","date_gmt":"2024-12-14T16:54:09","guid":{"rendered":"https:\/\/familie-weitgereist.de\/?p=20255"},"modified":"2025-11-12T22:29:06","modified_gmt":"2025-11-12T21:29:06","slug":"ausfluege-im-schwarzwald-baden-wuerttemberg","status":"publish","type":"post","link":"https:\/\/familie-weitgereist.de\/?p=20255","title":{"rendered":"Ausfl\u00fcge im Schwarzwald, Baden-W\u00fcrttemberg mit kleinen Kindern"},"content":{"rendered":"\n<p>Im Dezember 2024 haben wir in Verbindung mit unserem Besuch der zahlreichen Weihnachtsst\u00e4dte und -d\u00f6rfer im <strong><a href=\"https:\/\/familie-weitgereist.de\/?p=20218\" data-type=\"link\" data-id=\"https:\/\/familie-weitgereist.de\/?p=20218\">Elsass in Frankreich<\/a><\/strong>, auch einige Erkundungen im Schwarzwald unternommen.<\/p>\n\n\n\n<figure class=\"wp-block-image size-large\"><img loading=\"lazy\" decoding=\"async\" width=\"1024\" height=\"768\" src=\"https:\/\/familie-weitgereist.de\/wp-content\/uploads\/2024\/12\/IMG_20241209_115756-1024x768.jpg\" alt=\"\" class=\"wp-image-20386\" srcset=\"https:\/\/familie-weitgereist.de\/wp-content\/uploads\/2024\/12\/IMG_20241209_115756-1024x768.jpg 1024w, https:\/\/familie-weitgereist.de\/wp-content\/uploads\/2024\/12\/IMG_20241209_115756-300x225.jpg 300w, https:\/\/familie-weitgereist.de\/wp-content\/uploads\/2024\/12\/IMG_20241209_115756-768x576.jpg 768w, https:\/\/familie-weitgereist.de\/wp-content\/uploads\/2024\/12\/IMG_20241209_115756-1536x1152.jpg 1536w, https:\/\/familie-weitgereist.de\/wp-content\/uploads\/2024\/12\/IMG_20241209_115756-2048x1536.jpg 2048w, https:\/\/familie-weitgereist.de\/wp-content\/uploads\/2024\/12\/IMG_20241209_115756-1200x900.jpg 1200w, https:\/\/familie-weitgereist.de\/wp-content\/uploads\/2024\/12\/IMG_20241209_115756-1980x1485.jpg 1980w, https:\/\/familie-weitgereist.de\/wp-content\/uploads\/2024\/12\/IMG_20241209_115756-150x113.jpg 150w\" sizes=\"auto, (max-width: 1024px) 100vw, 1024px\" \/><\/figure>\n\n\n\n<h2 class=\"wp-block-heading\">Broggingen<\/h2>\n\n\n\n<p>Wir haben in dem kleinen Dorf Broggingen \u00fcbernachtet und haben auch das \u00d6rtchen erkundet. Es gibt zwei sch\u00f6ne Spielpl\u00e4tze vor Ort. Der Spielplatz an der Dragonerstra\u00dfe verf\u00fcgt \u00fcber ein Wackeltier einen Kletterturm mit Rutsche, zwei Schaukeln und einem kleinen Spielhaus.<\/p>\n\n\n\n<figure class=\"wp-block-image size-large\"><img loading=\"lazy\" decoding=\"async\" width=\"1024\" height=\"768\" src=\"https:\/\/familie-weitgereist.de\/wp-content\/uploads\/2024\/12\/IMG_20241210_102955-1024x768.jpg\" alt=\"\" class=\"wp-image-20262\" srcset=\"https:\/\/familie-weitgereist.de\/wp-content\/uploads\/2024\/12\/IMG_20241210_102955-1024x768.jpg 1024w, https:\/\/familie-weitgereist.de\/wp-content\/uploads\/2024\/12\/IMG_20241210_102955-300x225.jpg 300w, https:\/\/familie-weitgereist.de\/wp-content\/uploads\/2024\/12\/IMG_20241210_102955-768x576.jpg 768w, https:\/\/familie-weitgereist.de\/wp-content\/uploads\/2024\/12\/IMG_20241210_102955-1536x1152.jpg 1536w, https:\/\/familie-weitgereist.de\/wp-content\/uploads\/2024\/12\/IMG_20241210_102955-2048x1536.jpg 2048w, https:\/\/familie-weitgereist.de\/wp-content\/uploads\/2024\/12\/IMG_20241210_102955-1200x900.jpg 1200w, https:\/\/familie-weitgereist.de\/wp-content\/uploads\/2024\/12\/IMG_20241210_102955-1980x1485.jpg 1980w, https:\/\/familie-weitgereist.de\/wp-content\/uploads\/2024\/12\/IMG_20241210_102955-150x113.jpg 150w\" sizes=\"auto, (max-width: 1024px) 100vw, 1024px\" \/><\/figure>\n\n\n\n<p>Der Spielplatz an der Lerchenbergstra\u00dfe ist wirklich sch\u00f6n. Besonders die vielen Sandspielzeuge haben unseren Kindern gefallen. Es gibt einen Rutschenturm, ein Trampolin, eine Nestschaukel, eine Babyschaukel, einen gro\u00dfen Sandkasten und ein Wackeltier.<\/p>\n\n\n\n<figure class=\"wp-block-gallery has-nested-images columns-default is-cropped wp-block-gallery-1 is-layout-flex wp-block-gallery-is-layout-flex\">\n<figure class=\"wp-block-image size-large\"><img loading=\"lazy\" decoding=\"async\" width=\"1024\" height=\"768\" data-id=\"20484\" src=\"https:\/\/familie-weitgereist.de\/wp-content\/uploads\/2024\/12\/IMG_20241215_095833-1024x768.jpg\" alt=\"\" class=\"wp-image-20484\" srcset=\"https:\/\/familie-weitgereist.de\/wp-content\/uploads\/2024\/12\/IMG_20241215_095833-1024x768.jpg 1024w, https:\/\/familie-weitgereist.de\/wp-content\/uploads\/2024\/12\/IMG_20241215_095833-300x225.jpg 300w, https:\/\/familie-weitgereist.de\/wp-content\/uploads\/2024\/12\/IMG_20241215_095833-768x576.jpg 768w, https:\/\/familie-weitgereist.de\/wp-content\/uploads\/2024\/12\/IMG_20241215_095833-1536x1152.jpg 1536w, https:\/\/familie-weitgereist.de\/wp-content\/uploads\/2024\/12\/IMG_20241215_095833-2048x1536.jpg 2048w, https:\/\/familie-weitgereist.de\/wp-content\/uploads\/2024\/12\/IMG_20241215_095833-1200x900.jpg 1200w, https:\/\/familie-weitgereist.de\/wp-content\/uploads\/2024\/12\/IMG_20241215_095833-1980x1485.jpg 1980w, https:\/\/familie-weitgereist.de\/wp-content\/uploads\/2024\/12\/IMG_20241215_095833-150x113.jpg 150w\" sizes=\"auto, (max-width: 1024px) 100vw, 1024px\" \/><\/figure>\n<\/figure>\n\n\n\n<h2 class=\"wp-block-heading\">Freiburg im Breisgau <\/h2>\n\n\n\n<p>Freiburg ist die s\u00fcdlichste Gro\u00dfstadt in Deutschland mit ca. 237.000 Einwohnern. Mit dem 49\u20ac-Ticket konnten wir schnell und unkompliziert mit der Deutschen Bahn anreisen. Von Herbolzheim waren wir nur 25 Minuten mit dem Zug unterwegs.<\/p>\n\n\n\n<p>Freiburg wurde schon 1120 gegr\u00fcndet und besitzt eine wundersch\u00f6ne Altstadt. Eine Besonderheit in Freiburg sind die sogenannten &#8222;B\u00e4chle&#8220;, kleine Wasserl\u00e4ufe, welche sich durch die Altstadt ziehen. F\u00fcr unsere Jungs war dies ein riesen Spa\u00df dem Bachlauf zu folgen und wir konnten gut die Altstadt erkunden. Fr\u00fcher dienten sie zur Wasserversorgung Freiburgs innerhalb der Stadtmauern.<\/p>\n\n\n\n<figure class=\"wp-block-image size-large\"><img loading=\"lazy\" decoding=\"async\" width=\"1024\" height=\"768\" src=\"https:\/\/familie-weitgereist.de\/wp-content\/uploads\/2024\/12\/IMG_20241209_115149-1024x768.jpg\" alt=\"\" class=\"wp-image-20266\" srcset=\"https:\/\/familie-weitgereist.de\/wp-content\/uploads\/2024\/12\/IMG_20241209_115149-1024x768.jpg 1024w, https:\/\/familie-weitgereist.de\/wp-content\/uploads\/2024\/12\/IMG_20241209_115149-300x225.jpg 300w, https:\/\/familie-weitgereist.de\/wp-content\/uploads\/2024\/12\/IMG_20241209_115149-768x576.jpg 768w, https:\/\/familie-weitgereist.de\/wp-content\/uploads\/2024\/12\/IMG_20241209_115149-1536x1152.jpg 1536w, https:\/\/familie-weitgereist.de\/wp-content\/uploads\/2024\/12\/IMG_20241209_115149-2048x1536.jpg 2048w, https:\/\/familie-weitgereist.de\/wp-content\/uploads\/2024\/12\/IMG_20241209_115149-1200x900.jpg 1200w, https:\/\/familie-weitgereist.de\/wp-content\/uploads\/2024\/12\/IMG_20241209_115149-1980x1485.jpg 1980w, https:\/\/familie-weitgereist.de\/wp-content\/uploads\/2024\/12\/IMG_20241209_115149-150x113.jpg 150w\" sizes=\"auto, (max-width: 1024px) 100vw, 1024px\" \/><\/figure>\n\n\n\n<p>Die Altstadt Freiburgs zeichnet sich durch viele kleine G\u00e4sschen mit Kopfsteinpflaster aus. Es gibt viele verschiedene Caf\u00e9s, Einkehrm\u00f6glichkeiten und Shops. Das Schlendern und Staunen macht wirklich gro\u00dfe Freude.<\/p>\n\n\n\n<figure class=\"wp-block-image size-large\"><img loading=\"lazy\" decoding=\"async\" width=\"1024\" height=\"768\" src=\"https:\/\/familie-weitgereist.de\/wp-content\/uploads\/2024\/12\/IMG_20241209_114325-1024x768.jpg\" alt=\"\" class=\"wp-image-20269\" srcset=\"https:\/\/familie-weitgereist.de\/wp-content\/uploads\/2024\/12\/IMG_20241209_114325-1024x768.jpg 1024w, https:\/\/familie-weitgereist.de\/wp-content\/uploads\/2024\/12\/IMG_20241209_114325-300x225.jpg 300w, https:\/\/familie-weitgereist.de\/wp-content\/uploads\/2024\/12\/IMG_20241209_114325-768x576.jpg 768w, https:\/\/familie-weitgereist.de\/wp-content\/uploads\/2024\/12\/IMG_20241209_114325-1536x1152.jpg 1536w, https:\/\/familie-weitgereist.de\/wp-content\/uploads\/2024\/12\/IMG_20241209_114325-2048x1536.jpg 2048w, https:\/\/familie-weitgereist.de\/wp-content\/uploads\/2024\/12\/IMG_20241209_114325-1200x900.jpg 1200w, https:\/\/familie-weitgereist.de\/wp-content\/uploads\/2024\/12\/IMG_20241209_114325-1980x1485.jpg 1980w, https:\/\/familie-weitgereist.de\/wp-content\/uploads\/2024\/12\/IMG_20241209_114325-150x113.jpg 150w\" sizes=\"auto, (max-width: 1024px) 100vw, 1024px\" \/><\/figure>\n\n\n\n<p>Das <strong>Wahrzeichen Freiburgs<\/strong> ist die Kathedrale, das <strong>Freiburger M\u00fcnster<\/strong>. Viele Teile der Altstadt wurden im 2. Weltkrieg 1944 zerst\u00f6rt. Die Kathedrale \u00fcberstand die Angriffe gl\u00fccklicherweise. Erbaut wurde sie Anfang des 13. Jahrhunderts.<\/p>\n\n\n\n<figure class=\"wp-block-image size-large\"><img loading=\"lazy\" decoding=\"async\" width=\"1024\" height=\"768\" src=\"https:\/\/familie-weitgereist.de\/wp-content\/uploads\/2024\/12\/IMG_20241209_120701-1024x768.jpg\" alt=\"\" class=\"wp-image-20285\" srcset=\"https:\/\/familie-weitgereist.de\/wp-content\/uploads\/2024\/12\/IMG_20241209_120701-1024x768.jpg 1024w, https:\/\/familie-weitgereist.de\/wp-content\/uploads\/2024\/12\/IMG_20241209_120701-300x225.jpg 300w, https:\/\/familie-weitgereist.de\/wp-content\/uploads\/2024\/12\/IMG_20241209_120701-768x576.jpg 768w, https:\/\/familie-weitgereist.de\/wp-content\/uploads\/2024\/12\/IMG_20241209_120701-1536x1152.jpg 1536w, https:\/\/familie-weitgereist.de\/wp-content\/uploads\/2024\/12\/IMG_20241209_120701-2048x1536.jpg 2048w, https:\/\/familie-weitgereist.de\/wp-content\/uploads\/2024\/12\/IMG_20241209_120701-1200x900.jpg 1200w, https:\/\/familie-weitgereist.de\/wp-content\/uploads\/2024\/12\/IMG_20241209_120701-1980x1485.jpg 1980w, https:\/\/familie-weitgereist.de\/wp-content\/uploads\/2024\/12\/IMG_20241209_120701-150x113.jpg 150w\" sizes=\"auto, (max-width: 1024px) 100vw, 1024px\" \/><\/figure>\n\n\n\n<p>Das <strong>Schwabentor<\/strong> ist noch eines der zwei erhaltenen Stadttore von Freiburg aus dem Mittelalter.<\/p>\n\n\n\n<figure class=\"wp-block-image size-large\"><img loading=\"lazy\" decoding=\"async\" width=\"1024\" height=\"768\" src=\"https:\/\/familie-weitgereist.de\/wp-content\/uploads\/2024\/12\/IMG_20241209_134430-1024x768.jpg\" alt=\"\" class=\"wp-image-20281\" srcset=\"https:\/\/familie-weitgereist.de\/wp-content\/uploads\/2024\/12\/IMG_20241209_134430-1024x768.jpg 1024w, https:\/\/familie-weitgereist.de\/wp-content\/uploads\/2024\/12\/IMG_20241209_134430-300x225.jpg 300w, https:\/\/familie-weitgereist.de\/wp-content\/uploads\/2024\/12\/IMG_20241209_134430-768x576.jpg 768w, https:\/\/familie-weitgereist.de\/wp-content\/uploads\/2024\/12\/IMG_20241209_134430-1536x1152.jpg 1536w, https:\/\/familie-weitgereist.de\/wp-content\/uploads\/2024\/12\/IMG_20241209_134430-2048x1536.jpg 2048w, https:\/\/familie-weitgereist.de\/wp-content\/uploads\/2024\/12\/IMG_20241209_134430-1200x900.jpg 1200w, https:\/\/familie-weitgereist.de\/wp-content\/uploads\/2024\/12\/IMG_20241209_134430-1980x1485.jpg 1980w, https:\/\/familie-weitgereist.de\/wp-content\/uploads\/2024\/12\/IMG_20241209_134430-150x113.jpg 150w\" sizes=\"auto, (max-width: 1024px) 100vw, 1024px\" \/><\/figure>\n\n\n\n<p>Auch in Freiburg gibt es wundersch\u00f6ne Weihnachtsm\u00e4rkte in der Altstadt. Die H\u00e4user sind zwar nicht so \u00fcberschwenglich geschm\u00fcckt wie im Elsass. Dennoch kommt auch hier weihnachtliche Stimmung auf.<\/p>\n\n\n\n<figure class=\"wp-block-gallery has-nested-images columns-default is-cropped wp-block-gallery-2 is-layout-flex wp-block-gallery-is-layout-flex\">\n<figure class=\"wp-block-image size-large\"><img loading=\"lazy\" decoding=\"async\" width=\"1024\" height=\"768\" data-id=\"20298\" src=\"https:\/\/familie-weitgereist.de\/wp-content\/uploads\/2024\/12\/IMG_20241209_115846-1024x768.jpg\" alt=\"\" class=\"wp-image-20298\" srcset=\"https:\/\/familie-weitgereist.de\/wp-content\/uploads\/2024\/12\/IMG_20241209_115846-1024x768.jpg 1024w, https:\/\/familie-weitgereist.de\/wp-content\/uploads\/2024\/12\/IMG_20241209_115846-300x225.jpg 300w, https:\/\/familie-weitgereist.de\/wp-content\/uploads\/2024\/12\/IMG_20241209_115846-768x576.jpg 768w, https:\/\/familie-weitgereist.de\/wp-content\/uploads\/2024\/12\/IMG_20241209_115846-1536x1152.jpg 1536w, https:\/\/familie-weitgereist.de\/wp-content\/uploads\/2024\/12\/IMG_20241209_115846-2048x1536.jpg 2048w, https:\/\/familie-weitgereist.de\/wp-content\/uploads\/2024\/12\/IMG_20241209_115846-1200x900.jpg 1200w, https:\/\/familie-weitgereist.de\/wp-content\/uploads\/2024\/12\/IMG_20241209_115846-1980x1485.jpg 1980w, https:\/\/familie-weitgereist.de\/wp-content\/uploads\/2024\/12\/IMG_20241209_115846-150x113.jpg 150w\" sizes=\"auto, (max-width: 1024px) 100vw, 1024px\" \/><\/figure>\n\n\n\n<figure class=\"wp-block-image size-large\"><img loading=\"lazy\" decoding=\"async\" width=\"768\" height=\"1024\" data-id=\"20297\" src=\"https:\/\/familie-weitgereist.de\/wp-content\/uploads\/2024\/12\/IMG_20241209_114922-768x1024.jpg\" alt=\"\" class=\"wp-image-20297\" srcset=\"https:\/\/familie-weitgereist.de\/wp-content\/uploads\/2024\/12\/IMG_20241209_114922-768x1024.jpg 768w, https:\/\/familie-weitgereist.de\/wp-content\/uploads\/2024\/12\/IMG_20241209_114922-225x300.jpg 225w, https:\/\/familie-weitgereist.de\/wp-content\/uploads\/2024\/12\/IMG_20241209_114922-1152x1536.jpg 1152w, https:\/\/familie-weitgereist.de\/wp-content\/uploads\/2024\/12\/IMG_20241209_114922-1536x2048.jpg 1536w, https:\/\/familie-weitgereist.de\/wp-content\/uploads\/2024\/12\/IMG_20241209_114922-1200x1600.jpg 1200w, https:\/\/familie-weitgereist.de\/wp-content\/uploads\/2024\/12\/IMG_20241209_114922-1980x2640.jpg 1980w, https:\/\/familie-weitgereist.de\/wp-content\/uploads\/2024\/12\/IMG_20241209_114922-640x853.jpg 640w, https:\/\/familie-weitgereist.de\/wp-content\/uploads\/2024\/12\/IMG_20241209_114922-150x200.jpg 150w, https:\/\/familie-weitgereist.de\/wp-content\/uploads\/2024\/12\/IMG_20241209_114922-scaled.jpg 1920w\" sizes=\"auto, (max-width: 768px) 100vw, 768px\" \/><\/figure>\n\n\n\n<figure class=\"wp-block-image size-large\"><img loading=\"lazy\" decoding=\"async\" width=\"1024\" height=\"768\" data-id=\"20300\" src=\"https:\/\/familie-weitgereist.de\/wp-content\/uploads\/2024\/12\/IMG_20241209_112555-1024x768.jpg\" alt=\"\" class=\"wp-image-20300\" srcset=\"https:\/\/familie-weitgereist.de\/wp-content\/uploads\/2024\/12\/IMG_20241209_112555-1024x768.jpg 1024w, https:\/\/familie-weitgereist.de\/wp-content\/uploads\/2024\/12\/IMG_20241209_112555-300x225.jpg 300w, https:\/\/familie-weitgereist.de\/wp-content\/uploads\/2024\/12\/IMG_20241209_112555-768x576.jpg 768w, https:\/\/familie-weitgereist.de\/wp-content\/uploads\/2024\/12\/IMG_20241209_112555-1536x1152.jpg 1536w, https:\/\/familie-weitgereist.de\/wp-content\/uploads\/2024\/12\/IMG_20241209_112555-2048x1536.jpg 2048w, https:\/\/familie-weitgereist.de\/wp-content\/uploads\/2024\/12\/IMG_20241209_112555-1200x900.jpg 1200w, https:\/\/familie-weitgereist.de\/wp-content\/uploads\/2024\/12\/IMG_20241209_112555-1980x1485.jpg 1980w, https:\/\/familie-weitgereist.de\/wp-content\/uploads\/2024\/12\/IMG_20241209_112555-150x113.jpg 150w\" sizes=\"auto, (max-width: 1024px) 100vw, 1024px\" \/><\/figure>\n<\/figure>\n\n\n\n<p>Als <strong>Naherholungsgebiet von Freiburg<\/strong> dient der <strong>Schlossberg<\/strong>. Er ist 456m hoch und thront \u00fcber Freiburg. Viele verschiedene Wege f\u00fchren den Schlossberg hinauf. Hinweisschilder beschreiben die Stadtgeschichte von Freiburg. Der Schlossberg war schon im Mittelalter von gro\u00dfem strategischem Interesse. Im 11. Jahrhundert errichteten die Z\u00e4hringer dort oben eine Burg, genannt Burghaldenschloss. 1648 stand Freiburg im Konflikt zwischen \u00d6sterreich und Frankreich. 1677 wurde die Stadt schlie\u00dflich von den Franzosen erobert.<\/p>\n\n\n\n<p>Oben angekommen bietet sich ein grandioser Rundumblick auf die Stadt.<\/p>\n\n\n\n<figure class=\"wp-block-image size-large\"><img loading=\"lazy\" decoding=\"async\" width=\"1024\" height=\"768\" src=\"https:\/\/familie-weitgereist.de\/wp-content\/uploads\/2024\/12\/IMG_20241209_124257-1024x768.jpg\" alt=\"\" class=\"wp-image-20276\" srcset=\"https:\/\/familie-weitgereist.de\/wp-content\/uploads\/2024\/12\/IMG_20241209_124257-1024x768.jpg 1024w, https:\/\/familie-weitgereist.de\/wp-content\/uploads\/2024\/12\/IMG_20241209_124257-300x225.jpg 300w, https:\/\/familie-weitgereist.de\/wp-content\/uploads\/2024\/12\/IMG_20241209_124257-768x576.jpg 768w, https:\/\/familie-weitgereist.de\/wp-content\/uploads\/2024\/12\/IMG_20241209_124257-1536x1152.jpg 1536w, https:\/\/familie-weitgereist.de\/wp-content\/uploads\/2024\/12\/IMG_20241209_124257-2048x1536.jpg 2048w, https:\/\/familie-weitgereist.de\/wp-content\/uploads\/2024\/12\/IMG_20241209_124257-1200x900.jpg 1200w, https:\/\/familie-weitgereist.de\/wp-content\/uploads\/2024\/12\/IMG_20241209_124257-1980x1485.jpg 1980w, https:\/\/familie-weitgereist.de\/wp-content\/uploads\/2024\/12\/IMG_20241209_124257-150x113.jpg 150w\" sizes=\"auto, (max-width: 1024px) 100vw, 1024px\" \/><\/figure>\n\n\n\n<p>Es gibt einen sch\u00f6nen <strong>Kanonenspielplatz<\/strong> auf dem Schlossberg. Dort haben wir einige Zeit verbracht. Ein gro\u00dfes Kletterger\u00fcst mit Rutsche und eine Kanone k\u00f6nnen bespielt werden.<\/p>\n\n\n\n<figure class=\"wp-block-image size-large\"><img loading=\"lazy\" decoding=\"async\" width=\"1024\" height=\"768\" src=\"https:\/\/familie-weitgereist.de\/wp-content\/uploads\/2024\/12\/IMG_20241209_123355-1024x768.jpg\" alt=\"\" class=\"wp-image-20289\" srcset=\"https:\/\/familie-weitgereist.de\/wp-content\/uploads\/2024\/12\/IMG_20241209_123355-1024x768.jpg 1024w, https:\/\/familie-weitgereist.de\/wp-content\/uploads\/2024\/12\/IMG_20241209_123355-300x225.jpg 300w, https:\/\/familie-weitgereist.de\/wp-content\/uploads\/2024\/12\/IMG_20241209_123355-768x576.jpg 768w, https:\/\/familie-weitgereist.de\/wp-content\/uploads\/2024\/12\/IMG_20241209_123355-1536x1152.jpg 1536w, https:\/\/familie-weitgereist.de\/wp-content\/uploads\/2024\/12\/IMG_20241209_123355-2048x1536.jpg 2048w, https:\/\/familie-weitgereist.de\/wp-content\/uploads\/2024\/12\/IMG_20241209_123355-1200x900.jpg 1200w, https:\/\/familie-weitgereist.de\/wp-content\/uploads\/2024\/12\/IMG_20241209_123355-1980x1485.jpg 1980w, https:\/\/familie-weitgereist.de\/wp-content\/uploads\/2024\/12\/IMG_20241209_123355-150x113.jpg 150w\" sizes=\"auto, (max-width: 1024px) 100vw, 1024px\" \/><\/figure>\n\n\n\n<h2 class=\"wp-block-heading\">Ettenheim<\/h2>\n\n\n\n<p>In Ettenheim haben die Jungs und ich einen sch\u00f6nen Vormittag am <strong>Spielplatz<\/strong> <strong>Erlenw\u00e4ldele<\/strong> verbracht. Es gab eine tolle Doppelschaukel, verschiedene Kletterger\u00fcste, einen Kleinkindbereich mit Spielzeug und verschiedene \u00dcbungsger\u00e4te.<\/p>\n\n\n\n<figure class=\"wp-block-gallery has-nested-images columns-default is-cropped wp-block-gallery-3 is-layout-flex wp-block-gallery-is-layout-flex\">\n<figure class=\"wp-block-image size-large\"><img loading=\"lazy\" decoding=\"async\" width=\"1024\" height=\"768\" data-id=\"20322\" src=\"https:\/\/familie-weitgereist.de\/wp-content\/uploads\/2024\/12\/IMG_20241212_105121-1024x768.jpg\" alt=\"\" class=\"wp-image-20322\" srcset=\"https:\/\/familie-weitgereist.de\/wp-content\/uploads\/2024\/12\/IMG_20241212_105121-1024x768.jpg 1024w, https:\/\/familie-weitgereist.de\/wp-content\/uploads\/2024\/12\/IMG_20241212_105121-300x225.jpg 300w, https:\/\/familie-weitgereist.de\/wp-content\/uploads\/2024\/12\/IMG_20241212_105121-768x576.jpg 768w, https:\/\/familie-weitgereist.de\/wp-content\/uploads\/2024\/12\/IMG_20241212_105121-1536x1152.jpg 1536w, https:\/\/familie-weitgereist.de\/wp-content\/uploads\/2024\/12\/IMG_20241212_105121-2048x1536.jpg 2048w, https:\/\/familie-weitgereist.de\/wp-content\/uploads\/2024\/12\/IMG_20241212_105121-1200x900.jpg 1200w, https:\/\/familie-weitgereist.de\/wp-content\/uploads\/2024\/12\/IMG_20241212_105121-1980x1485.jpg 1980w, https:\/\/familie-weitgereist.de\/wp-content\/uploads\/2024\/12\/IMG_20241212_105121-150x113.jpg 150w\" sizes=\"auto, (max-width: 1024px) 100vw, 1024px\" \/><\/figure>\n\n\n\n<figure class=\"wp-block-image size-large\"><img loading=\"lazy\" decoding=\"async\" width=\"1024\" height=\"768\" data-id=\"20323\" src=\"https:\/\/familie-weitgereist.de\/wp-content\/uploads\/2024\/12\/IMG_20241212_105037-1024x768.jpg\" alt=\"\" class=\"wp-image-20323\" srcset=\"https:\/\/familie-weitgereist.de\/wp-content\/uploads\/2024\/12\/IMG_20241212_105037-1024x768.jpg 1024w, https:\/\/familie-weitgereist.de\/wp-content\/uploads\/2024\/12\/IMG_20241212_105037-300x225.jpg 300w, https:\/\/familie-weitgereist.de\/wp-content\/uploads\/2024\/12\/IMG_20241212_105037-768x576.jpg 768w, https:\/\/familie-weitgereist.de\/wp-content\/uploads\/2024\/12\/IMG_20241212_105037-1536x1152.jpg 1536w, https:\/\/familie-weitgereist.de\/wp-content\/uploads\/2024\/12\/IMG_20241212_105037-2048x1536.jpg 2048w, https:\/\/familie-weitgereist.de\/wp-content\/uploads\/2024\/12\/IMG_20241212_105037-1200x900.jpg 1200w, https:\/\/familie-weitgereist.de\/wp-content\/uploads\/2024\/12\/IMG_20241212_105037-1980x1485.jpg 1980w, https:\/\/familie-weitgereist.de\/wp-content\/uploads\/2024\/12\/IMG_20241212_105037-150x113.jpg 150w\" sizes=\"auto, (max-width: 1024px) 100vw, 1024px\" \/><\/figure>\n\n\n\n<figure class=\"wp-block-image size-large\"><img loading=\"lazy\" decoding=\"async\" width=\"1024\" height=\"768\" data-id=\"20324\" src=\"https:\/\/familie-weitgereist.de\/wp-content\/uploads\/2024\/12\/IMG_20241212_105032-1024x768.jpg\" alt=\"\" class=\"wp-image-20324\" srcset=\"https:\/\/familie-weitgereist.de\/wp-content\/uploads\/2024\/12\/IMG_20241212_105032-1024x768.jpg 1024w, https:\/\/familie-weitgereist.de\/wp-content\/uploads\/2024\/12\/IMG_20241212_105032-300x225.jpg 300w, https:\/\/familie-weitgereist.de\/wp-content\/uploads\/2024\/12\/IMG_20241212_105032-768x576.jpg 768w, https:\/\/familie-weitgereist.de\/wp-content\/uploads\/2024\/12\/IMG_20241212_105032-1536x1152.jpg 1536w, https:\/\/familie-weitgereist.de\/wp-content\/uploads\/2024\/12\/IMG_20241212_105032-2048x1536.jpg 2048w, https:\/\/familie-weitgereist.de\/wp-content\/uploads\/2024\/12\/IMG_20241212_105032-1200x900.jpg 1200w, https:\/\/familie-weitgereist.de\/wp-content\/uploads\/2024\/12\/IMG_20241212_105032-1980x1485.jpg 1980w, https:\/\/familie-weitgereist.de\/wp-content\/uploads\/2024\/12\/IMG_20241212_105032-150x113.jpg 150w\" sizes=\"auto, (max-width: 1024px) 100vw, 1024px\" \/><\/figure>\n<\/figure>\n\n\n\n<h2 class=\"wp-block-heading\">Ringsheim<\/h2>\n\n\n\n<p>In Ringsheim ist ein sch\u00f6ner Spielplatz neben dem Tiergehege am Kahlenberg. Dort gibt es ein neues Trampolin, verschiedene Wackeltiere, zwei Schaukeln und einen Kletterturm mit Rutsche. Auch dort haben die Jungs und ich einen sch\u00f6nen Vormittag verbracht.<\/p>\n\n\n\n<figure class=\"wp-block-gallery has-nested-images columns-default is-cropped wp-block-gallery-4 is-layout-flex wp-block-gallery-is-layout-flex\">\n<figure class=\"wp-block-image size-large\"><img loading=\"lazy\" decoding=\"async\" width=\"1024\" height=\"768\" data-id=\"20327\" src=\"https:\/\/familie-weitgereist.de\/wp-content\/uploads\/2024\/12\/IMG_20241211_124025-1024x768.jpg\" alt=\"\" class=\"wp-image-20327\" srcset=\"https:\/\/familie-weitgereist.de\/wp-content\/uploads\/2024\/12\/IMG_20241211_124025-1024x768.jpg 1024w, https:\/\/familie-weitgereist.de\/wp-content\/uploads\/2024\/12\/IMG_20241211_124025-300x225.jpg 300w, https:\/\/familie-weitgereist.de\/wp-content\/uploads\/2024\/12\/IMG_20241211_124025-768x576.jpg 768w, https:\/\/familie-weitgereist.de\/wp-content\/uploads\/2024\/12\/IMG_20241211_124025-1536x1152.jpg 1536w, https:\/\/familie-weitgereist.de\/wp-content\/uploads\/2024\/12\/IMG_20241211_124025-2048x1536.jpg 2048w, https:\/\/familie-weitgereist.de\/wp-content\/uploads\/2024\/12\/IMG_20241211_124025-1200x900.jpg 1200w, https:\/\/familie-weitgereist.de\/wp-content\/uploads\/2024\/12\/IMG_20241211_124025-1980x1485.jpg 1980w, https:\/\/familie-weitgereist.de\/wp-content\/uploads\/2024\/12\/IMG_20241211_124025-150x113.jpg 150w\" sizes=\"auto, (max-width: 1024px) 100vw, 1024px\" \/><\/figure>\n\n\n\n<figure class=\"wp-block-image size-large\"><img loading=\"lazy\" decoding=\"async\" width=\"1024\" height=\"768\" data-id=\"20328\" src=\"https:\/\/familie-weitgereist.de\/wp-content\/uploads\/2024\/12\/IMG_20241211_113000-1024x768.jpg\" alt=\"\" class=\"wp-image-20328\" srcset=\"https:\/\/familie-weitgereist.de\/wp-content\/uploads\/2024\/12\/IMG_20241211_113000-1024x768.jpg 1024w, https:\/\/familie-weitgereist.de\/wp-content\/uploads\/2024\/12\/IMG_20241211_113000-300x225.jpg 300w, https:\/\/familie-weitgereist.de\/wp-content\/uploads\/2024\/12\/IMG_20241211_113000-768x576.jpg 768w, https:\/\/familie-weitgereist.de\/wp-content\/uploads\/2024\/12\/IMG_20241211_113000-1536x1152.jpg 1536w, https:\/\/familie-weitgereist.de\/wp-content\/uploads\/2024\/12\/IMG_20241211_113000-2048x1536.jpg 2048w, https:\/\/familie-weitgereist.de\/wp-content\/uploads\/2024\/12\/IMG_20241211_113000-1200x900.jpg 1200w, https:\/\/familie-weitgereist.de\/wp-content\/uploads\/2024\/12\/IMG_20241211_113000-1980x1485.jpg 1980w, https:\/\/familie-weitgereist.de\/wp-content\/uploads\/2024\/12\/IMG_20241211_113000-150x113.jpg 150w\" sizes=\"auto, (max-width: 1024px) 100vw, 1024px\" \/><\/figure>\n<\/figure>\n","protected":false},"excerpt":{"rendered":"<p>Im Dezember 2024 haben wir in Verbindung mit unserem Besuch der zahlreichen Weihnachtsst\u00e4dte und -d\u00f6rfer im Elsass in Frankreich, auch einige Erkundungen im Schwarzwald unternommen. Broggingen Wir haben in dem kleinen Dorf Broggingen \u00fcbernachtet und haben auch das \u00d6rtchen erkundet. Es gibt zwei sch\u00f6ne Spielpl\u00e4tze vor Ort. Der Spielplatz an der Dragonerstra\u00dfe verf\u00fcgt \u00fcber ein [&hellip;]<\/p>\n","protected":false},"author":3,"featured_media":20285,"comment_status":"open","ping_status":"open","sticky":false,"template":"","format":"standard","meta":{"_themeisle_gutenberg_block_has_review":false,"footnotes":""},"categories":[242,1750,377],"tags":[1481,1479,325,1487,1483,1482,1488],"class_list":["post-20255","post","type-post","status-publish","format-standard","has-post-thumbnail","hentry","category-deutschland","category-baden-wuerttemberg","category-spielplaetze","tag-baden-wuerttemberg","tag-broggingen","tag-deutschland","tag-ettenheim","tag-freiburg","tag-freiburg-im-breisgau","tag-ringsheim"],"_links":{"self":[{"href":"https:\/\/familie-weitgereist.de\/index.php?rest_route=\/wp\/v2\/posts\/20255","targetHints":{"allow":["GET"]}}],"collection":[{"href":"https:\/\/familie-weitgereist.de\/index.php?rest_route=\/wp\/v2\/posts"}],"about":[{"href":"https:\/\/familie-weitgereist.de\/index.php?rest_route=\/wp\/v2\/types\/post"}],"author":[{"embeddable":true,"href":"https:\/\/familie-weitgereist.de\/index.php?rest_route=\/wp\/v2\/users\/3"}],"replies":[{"embeddable":true,"href":"https:\/\/familie-weitgereist.de\/index.php?rest_route=%2Fwp%2Fv2%2Fcomments&post=20255"}],"version-history":[{"count":46,"href":"https:\/\/familie-weitgereist.de\/index.php?rest_route=\/wp\/v2\/posts\/20255\/revisions"}],"predecessor-version":[{"id":23351,"href":"https:\/\/familie-weitgereist.de\/index.php?rest_route=\/wp\/v2\/posts\/20255\/revisions\/23351"}],"wp:featuredmedia":[{"embeddable":true,"href":"https:\/\/familie-weitgereist.de\/index.php?rest_route=\/wp\/v2\/media\/20285"}],"wp:attachment":[{"href":"https:\/\/familie-weitgereist.de\/index.php?rest_route=%2Fwp%2Fv2%2Fmedia&parent=20255"}],"wp:term":[{"taxonomy":"category","embeddable":true,"href":"https:\/\/familie-weitgereist.de\/index.php?rest_route=%2Fwp%2Fv2%2Fcategories&post=20255"},{"taxonomy":"post_tag","embeddable":true,"href":"https:\/\/familie-weitgereist.de\/index.php?rest_route=%2Fwp%2Fv2%2Ftags&post=20255"}],"curies":[{"name":"wp","href":"https:\/\/api.w.org\/{rel}","templated":true}]}}