{"id":20218,"date":"2024-12-14T18:02:34","date_gmt":"2024-12-14T17:02:34","guid":{"rendered":"https:\/\/familie-weitgereist.de\/?p=20218"},"modified":"2025-12-02T16:13:51","modified_gmt":"2025-12-02T15:13:51","slug":"adventszeit-im-elsass-frankreich","status":"publish","type":"post","link":"https:\/\/familie-weitgereist.de\/?p=20218","title":{"rendered":"Adventszeit im Elsass, Frankreich mit kleinen Kindern"},"content":{"rendered":"\n<p>Die <strong>Adventszeit im Elsass in Frankreich ist magisch<\/strong> und weit \u00fcber die Landesgrenzen hin bekannt. Wir hatten schon lang vor, die bezaubernden kleinen St\u00e4dtchen und die <strong>&#8222;Weihnachtshauptstadt&#8220; Strasbourg<\/strong>, zu besuchen. Im Dezember 2024 hatten wir die M\u00f6glichkeit und sind zun\u00e4chst in den <strong><a href=\"https:\/\/familie-weitgereist.de\/?p=20255\" data-type=\"link\" data-id=\"https:\/\/familie-weitgereist.de\/?p=20255\">Schwarzwald<\/a><\/strong> gefahren.<\/p>\n\n\n\n<figure class=\"wp-block-image size-large\"><img loading=\"lazy\" decoding=\"async\" width=\"1024\" height=\"768\" src=\"https:\/\/familie-weitgereist.de\/wp-content\/uploads\/2024\/12\/IMG_20241210_165054-1024x768.jpg\" alt=\"\" class=\"wp-image-20258\" srcset=\"https:\/\/familie-weitgereist.de\/wp-content\/uploads\/2024\/12\/IMG_20241210_165054-1024x768.jpg 1024w, https:\/\/familie-weitgereist.de\/wp-content\/uploads\/2024\/12\/IMG_20241210_165054-300x225.jpg 300w, https:\/\/familie-weitgereist.de\/wp-content\/uploads\/2024\/12\/IMG_20241210_165054-768x576.jpg 768w, https:\/\/familie-weitgereist.de\/wp-content\/uploads\/2024\/12\/IMG_20241210_165054-1536x1152.jpg 1536w, https:\/\/familie-weitgereist.de\/wp-content\/uploads\/2024\/12\/IMG_20241210_165054-2048x1536.jpg 2048w, https:\/\/familie-weitgereist.de\/wp-content\/uploads\/2024\/12\/IMG_20241210_165054-1200x900.jpg 1200w, https:\/\/familie-weitgereist.de\/wp-content\/uploads\/2024\/12\/IMG_20241210_165054-1980x1485.jpg 1980w, https:\/\/familie-weitgereist.de\/wp-content\/uploads\/2024\/12\/IMG_20241210_165054-150x113.jpg 150w\" sizes=\"auto, (max-width: 1024px) 100vw, 1024px\" \/><\/figure>\n\n\n\n<h2 class=\"wp-block-heading\">Unsere Unterkunft <\/h2>\n\n\n\n<p>\u00dcbernachtet haben wir 8 N\u00e4chte in einer sch\u00f6nen Ferienwohnung in einem <strong>Bauernhaus in Broggingen<\/strong>, im <strong>Schwarzwald<\/strong>. Die Unterkunftspreise waren auf deutscher Seite so viel g\u00fcnstiger als im Elsass.<\/p>\n\n\n\n<figure class=\"wp-block-image size-large\"><img loading=\"lazy\" decoding=\"async\" width=\"1024\" height=\"768\" src=\"https:\/\/familie-weitgereist.de\/wp-content\/uploads\/2024\/12\/IMG_20241210_122303-1024x768.jpg\" alt=\"\" class=\"wp-image-20259\" srcset=\"https:\/\/familie-weitgereist.de\/wp-content\/uploads\/2024\/12\/IMG_20241210_122303-1024x768.jpg 1024w, https:\/\/familie-weitgereist.de\/wp-content\/uploads\/2024\/12\/IMG_20241210_122303-300x225.jpg 300w, https:\/\/familie-weitgereist.de\/wp-content\/uploads\/2024\/12\/IMG_20241210_122303-768x576.jpg 768w, https:\/\/familie-weitgereist.de\/wp-content\/uploads\/2024\/12\/IMG_20241210_122303-1536x1152.jpg 1536w, https:\/\/familie-weitgereist.de\/wp-content\/uploads\/2024\/12\/IMG_20241210_122303-2048x1536.jpg 2048w, https:\/\/familie-weitgereist.de\/wp-content\/uploads\/2024\/12\/IMG_20241210_122303-1200x900.jpg 1200w, https:\/\/familie-weitgereist.de\/wp-content\/uploads\/2024\/12\/IMG_20241210_122303-1980x1485.jpg 1980w, https:\/\/familie-weitgereist.de\/wp-content\/uploads\/2024\/12\/IMG_20241210_122303-150x113.jpg 150w\" sizes=\"auto, (max-width: 1024px) 100vw, 1024px\" \/><\/figure>\n\n\n\n<h2 class=\"wp-block-heading\">Unsere Ausfl\u00fcge im Elsass<\/h2>\n\n\n\n<p>Weihnachten im Elsass wird seit Jahrhunderten gefeiert. Dabei bereiten sich die Orte auf das sch\u00f6nste Fest des Jahres vor. Die D\u00f6rfer erstrahlen mit ihren weihnachtlichen Dekorationen und ihren sch\u00f6nen Weihnachtsm\u00e4rkten in einem herrlichen Glanz. \u00dcberall zieht der Duft der Weihnacht durch die Gassen. Wir haben einige dieser sch\u00f6nen D\u00f6rfer und St\u00e4dte besucht und kamen aus dem Staunen nicht mehr heraus.<\/p>\n\n\n\n<h2 class=\"wp-block-heading\">Strasbourg &#8211; Die Weihnachtshauptstadt <\/h2>\n\n\n\n<p>Wir haben einen traumhaften Tag im weihnachtlichen Strasbourg verbracht. Die Stadt war am 2. Adventssonntag sehr voll und wir waren nicht die einzigen, die die Idee hatten, nach Strasbourg zu fahren.<\/p>\n\n\n\n<p>Wir sind mit dem Zug von Herbolzheim nach Offenburg gefahren und von dort weiter mit dem Zug in die Grenzstadt Kehl. Mit dem 49\u20ac-Ticket konnten wir sehr g\u00fcnstig anreisen. In Kehl stiegen wir am Hauptbahnhof in die <strong>Tram, Linie D<\/strong>, welche bis in das Zentrum von Strasbourg f\u00e4hrt.<\/p>\n\n\n\n<p>Die H\u00e4user in Strasbourg sind magisch dekoriert und besonders f\u00fcr Kinder absolut verzaubernd. Wir schlenderten durch die Altstadt und das historische Zentrum von Strasbourg. Wir warteten bis es dunkel wurde, um auch die herrlichen Lichter zu sehen.<\/p>\n\n\n\n<figure class=\"wp-block-gallery has-nested-images columns-default is-cropped wp-block-gallery-1 is-layout-flex wp-block-gallery-is-layout-flex\">\n<figure class=\"wp-block-image size-large\"><img loading=\"lazy\" decoding=\"async\" width=\"768\" height=\"1024\" data-id=\"20243\" src=\"https:\/\/familie-weitgereist.de\/wp-content\/uploads\/2024\/12\/IMG_20241208_162955-768x1024.jpg\" alt=\"\" class=\"wp-image-20243\" srcset=\"https:\/\/familie-weitgereist.de\/wp-content\/uploads\/2024\/12\/IMG_20241208_162955-768x1024.jpg 768w, https:\/\/familie-weitgereist.de\/wp-content\/uploads\/2024\/12\/IMG_20241208_162955-225x300.jpg 225w, https:\/\/familie-weitgereist.de\/wp-content\/uploads\/2024\/12\/IMG_20241208_162955-1152x1536.jpg 1152w, https:\/\/familie-weitgereist.de\/wp-content\/uploads\/2024\/12\/IMG_20241208_162955-1536x2048.jpg 1536w, https:\/\/familie-weitgereist.de\/wp-content\/uploads\/2024\/12\/IMG_20241208_162955-1200x1600.jpg 1200w, https:\/\/familie-weitgereist.de\/wp-content\/uploads\/2024\/12\/IMG_20241208_162955-1980x2640.jpg 1980w, https:\/\/familie-weitgereist.de\/wp-content\/uploads\/2024\/12\/IMG_20241208_162955-640x853.jpg 640w, https:\/\/familie-weitgereist.de\/wp-content\/uploads\/2024\/12\/IMG_20241208_162955-150x200.jpg 150w, https:\/\/familie-weitgereist.de\/wp-content\/uploads\/2024\/12\/IMG_20241208_162955-scaled.jpg 1920w\" sizes=\"auto, (max-width: 768px) 100vw, 768px\" \/><\/figure>\n\n\n\n<figure class=\"wp-block-image size-large\"><img loading=\"lazy\" decoding=\"async\" width=\"768\" height=\"1024\" data-id=\"20244\" src=\"https:\/\/familie-weitgereist.de\/wp-content\/uploads\/2024\/12\/IMG_20241208_161330-768x1024.jpg\" alt=\"\" class=\"wp-image-20244\" srcset=\"https:\/\/familie-weitgereist.de\/wp-content\/uploads\/2024\/12\/IMG_20241208_161330-768x1024.jpg 768w, https:\/\/familie-weitgereist.de\/wp-content\/uploads\/2024\/12\/IMG_20241208_161330-225x300.jpg 225w, https:\/\/familie-weitgereist.de\/wp-content\/uploads\/2024\/12\/IMG_20241208_161330-1152x1536.jpg 1152w, https:\/\/familie-weitgereist.de\/wp-content\/uploads\/2024\/12\/IMG_20241208_161330-1536x2048.jpg 1536w, https:\/\/familie-weitgereist.de\/wp-content\/uploads\/2024\/12\/IMG_20241208_161330-1200x1600.jpg 1200w, https:\/\/familie-weitgereist.de\/wp-content\/uploads\/2024\/12\/IMG_20241208_161330-1980x2640.jpg 1980w, https:\/\/familie-weitgereist.de\/wp-content\/uploads\/2024\/12\/IMG_20241208_161330-640x853.jpg 640w, https:\/\/familie-weitgereist.de\/wp-content\/uploads\/2024\/12\/IMG_20241208_161330-150x200.jpg 150w, https:\/\/familie-weitgereist.de\/wp-content\/uploads\/2024\/12\/IMG_20241208_161330-scaled.jpg 1920w\" sizes=\"auto, (max-width: 768px) 100vw, 768px\" \/><\/figure>\n\n\n\n<figure class=\"wp-block-image size-large\"><img loading=\"lazy\" decoding=\"async\" width=\"768\" height=\"1024\" data-id=\"20245\" src=\"https:\/\/familie-weitgereist.de\/wp-content\/uploads\/2024\/12\/IMG_20241208_150405-768x1024.jpg\" alt=\"\" class=\"wp-image-20245\" srcset=\"https:\/\/familie-weitgereist.de\/wp-content\/uploads\/2024\/12\/IMG_20241208_150405-768x1024.jpg 768w, https:\/\/familie-weitgereist.de\/wp-content\/uploads\/2024\/12\/IMG_20241208_150405-225x300.jpg 225w, https:\/\/familie-weitgereist.de\/wp-content\/uploads\/2024\/12\/IMG_20241208_150405-1152x1536.jpg 1152w, https:\/\/familie-weitgereist.de\/wp-content\/uploads\/2024\/12\/IMG_20241208_150405-1536x2048.jpg 1536w, https:\/\/familie-weitgereist.de\/wp-content\/uploads\/2024\/12\/IMG_20241208_150405-1200x1600.jpg 1200w, https:\/\/familie-weitgereist.de\/wp-content\/uploads\/2024\/12\/IMG_20241208_150405-1980x2640.jpg 1980w, https:\/\/familie-weitgereist.de\/wp-content\/uploads\/2024\/12\/IMG_20241208_150405-640x853.jpg 640w, https:\/\/familie-weitgereist.de\/wp-content\/uploads\/2024\/12\/IMG_20241208_150405-150x200.jpg 150w, https:\/\/familie-weitgereist.de\/wp-content\/uploads\/2024\/12\/IMG_20241208_150405-scaled.jpg 1920w\" sizes=\"auto, (max-width: 768px) 100vw, 768px\" \/><\/figure>\n\n\n\n<figure class=\"wp-block-image size-large\"><img loading=\"lazy\" decoding=\"async\" width=\"1024\" height=\"768\" data-id=\"20246\" src=\"https:\/\/familie-weitgereist.de\/wp-content\/uploads\/2024\/12\/IMG_20241208_145229-1024x768.jpg\" alt=\"\" class=\"wp-image-20246\" srcset=\"https:\/\/familie-weitgereist.de\/wp-content\/uploads\/2024\/12\/IMG_20241208_145229-1024x768.jpg 1024w, https:\/\/familie-weitgereist.de\/wp-content\/uploads\/2024\/12\/IMG_20241208_145229-300x225.jpg 300w, https:\/\/familie-weitgereist.de\/wp-content\/uploads\/2024\/12\/IMG_20241208_145229-768x576.jpg 768w, https:\/\/familie-weitgereist.de\/wp-content\/uploads\/2024\/12\/IMG_20241208_145229-1536x1152.jpg 1536w, https:\/\/familie-weitgereist.de\/wp-content\/uploads\/2024\/12\/IMG_20241208_145229-2048x1536.jpg 2048w, https:\/\/familie-weitgereist.de\/wp-content\/uploads\/2024\/12\/IMG_20241208_145229-1200x900.jpg 1200w, https:\/\/familie-weitgereist.de\/wp-content\/uploads\/2024\/12\/IMG_20241208_145229-1980x1485.jpg 1980w, https:\/\/familie-weitgereist.de\/wp-content\/uploads\/2024\/12\/IMG_20241208_145229-150x113.jpg 150w\" sizes=\"auto, (max-width: 1024px) 100vw, 1024px\" \/><\/figure>\n<\/figure>\n\n\n\n<p>Das <strong>kleine Stadtviertel &#8222;<em>La Petite France<\/em>&#8220; (Das kleine Frankreich) <\/strong>besuchten wir zu Beginn und es hat uns sehr gut gefallen. Die historischen Fachwerkh\u00e4user sind geschm\u00fcckt mit weihnachtlicher Dekoration, riesigen Teddyb\u00e4ren, Mistelzweigen, Elfen, Weihnachtsm\u00e4nnern, Schneem\u00e4nnern &#8230; einfach wunderbar! Das Viertel zieren Kopfsteinpflastergassen, Br\u00fccken, Fl\u00fcsse und die traditionellen Fachwerkh\u00e4user. Viele Restaurants mit klassischer els\u00e4ssischer K\u00fcche befinden sich in &#8222;<em>La Petite France<\/em>&#8222;. Mit seinen vielen Kan\u00e4len mutet es auch ein bisschen wie Venedig an.<\/p>\n\n\n\n<figure class=\"wp-block-gallery has-nested-images columns-default is-cropped wp-block-gallery-2 is-layout-flex wp-block-gallery-is-layout-flex\">\n<figure class=\"wp-block-image size-large\"><img loading=\"lazy\" decoding=\"async\" width=\"768\" height=\"1024\" data-id=\"20236\" src=\"https:\/\/familie-weitgereist.de\/wp-content\/uploads\/2024\/12\/IMG_20241208_124926-768x1024.jpg\" alt=\"\" class=\"wp-image-20236\" srcset=\"https:\/\/familie-weitgereist.de\/wp-content\/uploads\/2024\/12\/IMG_20241208_124926-768x1024.jpg 768w, https:\/\/familie-weitgereist.de\/wp-content\/uploads\/2024\/12\/IMG_20241208_124926-225x300.jpg 225w, https:\/\/familie-weitgereist.de\/wp-content\/uploads\/2024\/12\/IMG_20241208_124926-1152x1536.jpg 1152w, https:\/\/familie-weitgereist.de\/wp-content\/uploads\/2024\/12\/IMG_20241208_124926-1536x2048.jpg 1536w, https:\/\/familie-weitgereist.de\/wp-content\/uploads\/2024\/12\/IMG_20241208_124926-1200x1600.jpg 1200w, https:\/\/familie-weitgereist.de\/wp-content\/uploads\/2024\/12\/IMG_20241208_124926-1980x2640.jpg 1980w, https:\/\/familie-weitgereist.de\/wp-content\/uploads\/2024\/12\/IMG_20241208_124926-640x853.jpg 640w, https:\/\/familie-weitgereist.de\/wp-content\/uploads\/2024\/12\/IMG_20241208_124926-150x200.jpg 150w, https:\/\/familie-weitgereist.de\/wp-content\/uploads\/2024\/12\/IMG_20241208_124926-scaled.jpg 1920w\" sizes=\"auto, (max-width: 768px) 100vw, 768px\" \/><\/figure>\n\n\n\n<figure class=\"wp-block-image size-large\"><img loading=\"lazy\" decoding=\"async\" width=\"1024\" height=\"768\" data-id=\"20237\" src=\"https:\/\/familie-weitgereist.de\/wp-content\/uploads\/2024\/12\/IMG_20241208_124239-1024x768.jpg\" alt=\"\" class=\"wp-image-20237\" srcset=\"https:\/\/familie-weitgereist.de\/wp-content\/uploads\/2024\/12\/IMG_20241208_124239-1024x768.jpg 1024w, https:\/\/familie-weitgereist.de\/wp-content\/uploads\/2024\/12\/IMG_20241208_124239-300x225.jpg 300w, https:\/\/familie-weitgereist.de\/wp-content\/uploads\/2024\/12\/IMG_20241208_124239-768x576.jpg 768w, https:\/\/familie-weitgereist.de\/wp-content\/uploads\/2024\/12\/IMG_20241208_124239-1536x1152.jpg 1536w, https:\/\/familie-weitgereist.de\/wp-content\/uploads\/2024\/12\/IMG_20241208_124239-2048x1536.jpg 2048w, https:\/\/familie-weitgereist.de\/wp-content\/uploads\/2024\/12\/IMG_20241208_124239-1200x900.jpg 1200w, https:\/\/familie-weitgereist.de\/wp-content\/uploads\/2024\/12\/IMG_20241208_124239-1980x1485.jpg 1980w, https:\/\/familie-weitgereist.de\/wp-content\/uploads\/2024\/12\/IMG_20241208_124239-150x113.jpg 150w\" sizes=\"auto, (max-width: 1024px) 100vw, 1024px\" \/><\/figure>\n\n\n\n<figure class=\"wp-block-image size-large\"><img loading=\"lazy\" decoding=\"async\" width=\"1024\" height=\"768\" data-id=\"20239\" src=\"https:\/\/familie-weitgereist.de\/wp-content\/uploads\/2024\/12\/IMG_20241208_122926-1024x768.jpg\" alt=\"\" class=\"wp-image-20239\" srcset=\"https:\/\/familie-weitgereist.de\/wp-content\/uploads\/2024\/12\/IMG_20241208_122926-1024x768.jpg 1024w, https:\/\/familie-weitgereist.de\/wp-content\/uploads\/2024\/12\/IMG_20241208_122926-300x225.jpg 300w, https:\/\/familie-weitgereist.de\/wp-content\/uploads\/2024\/12\/IMG_20241208_122926-768x576.jpg 768w, https:\/\/familie-weitgereist.de\/wp-content\/uploads\/2024\/12\/IMG_20241208_122926-1536x1152.jpg 1536w, https:\/\/familie-weitgereist.de\/wp-content\/uploads\/2024\/12\/IMG_20241208_122926-2048x1536.jpg 2048w, https:\/\/familie-weitgereist.de\/wp-content\/uploads\/2024\/12\/IMG_20241208_122926-1200x900.jpg 1200w, https:\/\/familie-weitgereist.de\/wp-content\/uploads\/2024\/12\/IMG_20241208_122926-1980x1485.jpg 1980w, https:\/\/familie-weitgereist.de\/wp-content\/uploads\/2024\/12\/IMG_20241208_122926-150x113.jpg 150w\" sizes=\"auto, (max-width: 1024px) 100vw, 1024px\" \/><\/figure>\n\n\n\n<figure class=\"wp-block-image size-large\"><img loading=\"lazy\" decoding=\"async\" width=\"1024\" height=\"768\" data-id=\"20238\" src=\"https:\/\/familie-weitgereist.de\/wp-content\/uploads\/2024\/12\/IMG_20241208_122254-1024x768.jpg\" alt=\"\" class=\"wp-image-20238\" srcset=\"https:\/\/familie-weitgereist.de\/wp-content\/uploads\/2024\/12\/IMG_20241208_122254-1024x768.jpg 1024w, https:\/\/familie-weitgereist.de\/wp-content\/uploads\/2024\/12\/IMG_20241208_122254-300x225.jpg 300w, https:\/\/familie-weitgereist.de\/wp-content\/uploads\/2024\/12\/IMG_20241208_122254-768x576.jpg 768w, https:\/\/familie-weitgereist.de\/wp-content\/uploads\/2024\/12\/IMG_20241208_122254-1536x1152.jpg 1536w, https:\/\/familie-weitgereist.de\/wp-content\/uploads\/2024\/12\/IMG_20241208_122254-2048x1536.jpg 2048w, https:\/\/familie-weitgereist.de\/wp-content\/uploads\/2024\/12\/IMG_20241208_122254-1200x900.jpg 1200w, https:\/\/familie-weitgereist.de\/wp-content\/uploads\/2024\/12\/IMG_20241208_122254-1980x1485.jpg 1980w, https:\/\/familie-weitgereist.de\/wp-content\/uploads\/2024\/12\/IMG_20241208_122254-150x113.jpg 150w\" sizes=\"auto, (max-width: 1024px) 100vw, 1024px\" \/><\/figure>\n<\/figure>\n\n\n\n<p>Im Zentrum der Altstadt befindet sich die <strong>ber\u00fchmte Kathedrale &#8222;<em>Notre-Dame de<\/em> <em>Strasbourg<\/em>&#8222;, im deutschsprachigen Raum auch bekannt als das Stra\u00dfburger M\u00fcnster<\/strong>. Es geh\u00f6rt zu den gr\u00f6\u00dften Sandsteinbauten der Welt und ist eines der bedeutendsten Kirchengeb\u00e4ude europ\u00e4ischer Architektur. Die Kathedrale wurde von 1176 bis 1439 errichtet aus Sandstein der Vogesen. <strong>Von 1647 bis 1874 galt es als das h\u00f6chste Geb\u00e4ude der Welt mit seinen 142m<\/strong>. Ebenso ist es das h\u00f6chste, im Mittelalter vollendete, Geb\u00e4ude.<\/p>\n\n\n\n<figure class=\"wp-block-image size-large\"><img loading=\"lazy\" decoding=\"async\" width=\"768\" height=\"1024\" src=\"https:\/\/familie-weitgereist.de\/wp-content\/uploads\/2024\/12\/IMG_20241208_145331-768x1024.jpg\" alt=\"\" class=\"wp-image-20233\" srcset=\"https:\/\/familie-weitgereist.de\/wp-content\/uploads\/2024\/12\/IMG_20241208_145331-768x1024.jpg 768w, https:\/\/familie-weitgereist.de\/wp-content\/uploads\/2024\/12\/IMG_20241208_145331-225x300.jpg 225w, https:\/\/familie-weitgereist.de\/wp-content\/uploads\/2024\/12\/IMG_20241208_145331-1152x1536.jpg 1152w, https:\/\/familie-weitgereist.de\/wp-content\/uploads\/2024\/12\/IMG_20241208_145331-1536x2048.jpg 1536w, https:\/\/familie-weitgereist.de\/wp-content\/uploads\/2024\/12\/IMG_20241208_145331-1200x1600.jpg 1200w, https:\/\/familie-weitgereist.de\/wp-content\/uploads\/2024\/12\/IMG_20241208_145331-1980x2640.jpg 1980w, https:\/\/familie-weitgereist.de\/wp-content\/uploads\/2024\/12\/IMG_20241208_145331-640x853.jpg 640w, https:\/\/familie-weitgereist.de\/wp-content\/uploads\/2024\/12\/IMG_20241208_145331-150x200.jpg 150w, https:\/\/familie-weitgereist.de\/wp-content\/uploads\/2024\/12\/IMG_20241208_145331-scaled.jpg 1920w\" sizes=\"auto, (max-width: 768px) 100vw, 768px\" \/><\/figure>\n\n\n\n<p>Im Zentrum von Strasbourg gibt es sehr viele verschiedene Weihnachtsm\u00e4rkte. Der Weihnachtsmarkt in Strasbourg (&#8222;<em>Christkindelm\u00e4rik<\/em>&#8222;) geh\u00f6rt zu den sch\u00f6nsten und ist der \u00e4lteste in Frankreich. Der 30m hohe Naturtannenbaum steht traditionell auf dem <strong><em>Place Kl\u00e9ber<\/em><\/strong>, wo fr\u00fcher viele Verk\u00e4ufer ihre Tannen anboten. Heute z\u00e4hlt der Weihnachtsbaum zu den <strong>gr\u00f6\u00dften dekorierten B\u00e4umen Europas<\/strong>.<\/p>\n\n\n\n<figure class=\"wp-block-image size-large\"><img loading=\"lazy\" decoding=\"async\" width=\"1024\" height=\"768\" src=\"https:\/\/familie-weitgereist.de\/wp-content\/uploads\/2024\/12\/IMG_20241208_164606-1024x768.jpg\" alt=\"\" class=\"wp-image-20251\" srcset=\"https:\/\/familie-weitgereist.de\/wp-content\/uploads\/2024\/12\/IMG_20241208_164606-1024x768.jpg 1024w, https:\/\/familie-weitgereist.de\/wp-content\/uploads\/2024\/12\/IMG_20241208_164606-300x225.jpg 300w, https:\/\/familie-weitgereist.de\/wp-content\/uploads\/2024\/12\/IMG_20241208_164606-768x576.jpg 768w, https:\/\/familie-weitgereist.de\/wp-content\/uploads\/2024\/12\/IMG_20241208_164606-1536x1152.jpg 1536w, https:\/\/familie-weitgereist.de\/wp-content\/uploads\/2024\/12\/IMG_20241208_164606-2048x1536.jpg 2048w, https:\/\/familie-weitgereist.de\/wp-content\/uploads\/2024\/12\/IMG_20241208_164606-1200x900.jpg 1200w, https:\/\/familie-weitgereist.de\/wp-content\/uploads\/2024\/12\/IMG_20241208_164606-1980x1485.jpg 1980w, https:\/\/familie-weitgereist.de\/wp-content\/uploads\/2024\/12\/IMG_20241208_164606-150x113.jpg 150w\" sizes=\"auto, (max-width: 1024px) 100vw, 1024px\" \/><\/figure>\n\n\n\n<h2 class=\"wp-block-heading\">Colmar<\/h2>\n\n\n\n<p>Die h\u00fcbsche Stadt Colmar im Elsass wird zu Weihnachten auch als <strong>&#8222;<em>L&#8217;\u00c2me de No\u00ebl<\/em>&#8220; (Die Weihnachtsseele)<\/strong> bezeichnet.<\/p>\n\n\n\n<figure class=\"wp-block-image size-large\"><img loading=\"lazy\" decoding=\"async\" width=\"1024\" height=\"768\" src=\"https:\/\/familie-weitgereist.de\/wp-content\/uploads\/2024\/12\/IMG_20241210_171346-1024x768.jpg\" alt=\"\" class=\"wp-image-20304\" srcset=\"https:\/\/familie-weitgereist.de\/wp-content\/uploads\/2024\/12\/IMG_20241210_171346-1024x768.jpg 1024w, https:\/\/familie-weitgereist.de\/wp-content\/uploads\/2024\/12\/IMG_20241210_171346-300x225.jpg 300w, https:\/\/familie-weitgereist.de\/wp-content\/uploads\/2024\/12\/IMG_20241210_171346-768x576.jpg 768w, https:\/\/familie-weitgereist.de\/wp-content\/uploads\/2024\/12\/IMG_20241210_171346-1536x1152.jpg 1536w, https:\/\/familie-weitgereist.de\/wp-content\/uploads\/2024\/12\/IMG_20241210_171346-2048x1536.jpg 2048w, https:\/\/familie-weitgereist.de\/wp-content\/uploads\/2024\/12\/IMG_20241210_171346-1200x900.jpg 1200w, https:\/\/familie-weitgereist.de\/wp-content\/uploads\/2024\/12\/IMG_20241210_171346-1980x1485.jpg 1980w, https:\/\/familie-weitgereist.de\/wp-content\/uploads\/2024\/12\/IMG_20241210_171346-150x113.jpg 150w\" sizes=\"auto, (max-width: 1024px) 100vw, 1024px\" \/><\/figure>\n\n\n\n<p>Die Stadt ist nach Strasbourg und Mulhouse die drittgr\u00f6\u00dfte Stadt im Elsass und bezeichnet sich gern auch als &#8222;Hauptstadt der els\u00e4ssischen Weine&#8220;.<\/p>\n\n\n\n<p>Colmar wurde 823 das erste Mal urkundlich erw\u00e4hnt und hat sich aus vielen Jahrhunderten ein kulturelles Erbe erhalten. Die Altstadt besteht aus sehr gut erhaltenen Fachwerkh\u00e4usern mit Kopfsteinpflastergassen. Sie liegt entlang des <em>Lauch<\/em> Flusses und gilt als eine der sch\u00f6nsten Altst\u00e4dte Frankreichs.<\/p>\n\n\n\n<p>Colmar hat sechs Weihnachtsm\u00e4rkte, die selbst unter der Woche im Dezember gut besucht sind. Viele Tourbusse reisen an und bringen Touristen aus unterschiedlichen L\u00e4ndern.<\/p>\n\n\n\n<p>Zur Weihnachtszeit hat Colmar, ebenso wie Strasbourg einen ganz besonderen Charme. Die H\u00e4user sind weihnachtlich dekoriert mit Teddyb\u00e4ren, Weihnachtsm\u00e4nnern und Tausenden Lichtern.<\/p>\n\n\n\n<figure class=\"wp-block-gallery has-nested-images columns-default is-cropped wp-block-gallery-3 is-layout-flex wp-block-gallery-is-layout-flex\">\n<figure class=\"wp-block-image size-large\"><img loading=\"lazy\" decoding=\"async\" width=\"1024\" height=\"768\" data-id=\"20314\" src=\"https:\/\/familie-weitgereist.de\/wp-content\/uploads\/2024\/12\/IMG_20241210_174912-1024x768.jpg\" alt=\"\" class=\"wp-image-20314\" srcset=\"https:\/\/familie-weitgereist.de\/wp-content\/uploads\/2024\/12\/IMG_20241210_174912-1024x768.jpg 1024w, https:\/\/familie-weitgereist.de\/wp-content\/uploads\/2024\/12\/IMG_20241210_174912-300x225.jpg 300w, https:\/\/familie-weitgereist.de\/wp-content\/uploads\/2024\/12\/IMG_20241210_174912-768x576.jpg 768w, https:\/\/familie-weitgereist.de\/wp-content\/uploads\/2024\/12\/IMG_20241210_174912-1536x1152.jpg 1536w, https:\/\/familie-weitgereist.de\/wp-content\/uploads\/2024\/12\/IMG_20241210_174912-2048x1536.jpg 2048w, https:\/\/familie-weitgereist.de\/wp-content\/uploads\/2024\/12\/IMG_20241210_174912-1200x900.jpg 1200w, https:\/\/familie-weitgereist.de\/wp-content\/uploads\/2024\/12\/IMG_20241210_174912-1980x1485.jpg 1980w, https:\/\/familie-weitgereist.de\/wp-content\/uploads\/2024\/12\/IMG_20241210_174912-150x113.jpg 150w\" sizes=\"auto, (max-width: 1024px) 100vw, 1024px\" \/><\/figure>\n\n\n\n<figure class=\"wp-block-image size-large\"><img loading=\"lazy\" decoding=\"async\" width=\"768\" height=\"1024\" data-id=\"20313\" src=\"https:\/\/familie-weitgereist.de\/wp-content\/uploads\/2024\/12\/IMG_20241210_174559-768x1024.jpg\" alt=\"\" class=\"wp-image-20313\" srcset=\"https:\/\/familie-weitgereist.de\/wp-content\/uploads\/2024\/12\/IMG_20241210_174559-768x1024.jpg 768w, https:\/\/familie-weitgereist.de\/wp-content\/uploads\/2024\/12\/IMG_20241210_174559-225x300.jpg 225w, https:\/\/familie-weitgereist.de\/wp-content\/uploads\/2024\/12\/IMG_20241210_174559-1152x1536.jpg 1152w, https:\/\/familie-weitgereist.de\/wp-content\/uploads\/2024\/12\/IMG_20241210_174559-1536x2048.jpg 1536w, https:\/\/familie-weitgereist.de\/wp-content\/uploads\/2024\/12\/IMG_20241210_174559-1200x1600.jpg 1200w, https:\/\/familie-weitgereist.de\/wp-content\/uploads\/2024\/12\/IMG_20241210_174559-1980x2640.jpg 1980w, https:\/\/familie-weitgereist.de\/wp-content\/uploads\/2024\/12\/IMG_20241210_174559-640x853.jpg 640w, https:\/\/familie-weitgereist.de\/wp-content\/uploads\/2024\/12\/IMG_20241210_174559-150x200.jpg 150w, https:\/\/familie-weitgereist.de\/wp-content\/uploads\/2024\/12\/IMG_20241210_174559-scaled.jpg 1920w\" sizes=\"auto, (max-width: 768px) 100vw, 768px\" \/><\/figure>\n\n\n\n<figure class=\"wp-block-image size-large\"><img loading=\"lazy\" decoding=\"async\" width=\"1024\" height=\"768\" data-id=\"20315\" src=\"https:\/\/familie-weitgereist.de\/wp-content\/uploads\/2024\/12\/IMG_20241210_171821-1024x768.jpg\" alt=\"\" class=\"wp-image-20315\" srcset=\"https:\/\/familie-weitgereist.de\/wp-content\/uploads\/2024\/12\/IMG_20241210_171821-1024x768.jpg 1024w, https:\/\/familie-weitgereist.de\/wp-content\/uploads\/2024\/12\/IMG_20241210_171821-300x225.jpg 300w, https:\/\/familie-weitgereist.de\/wp-content\/uploads\/2024\/12\/IMG_20241210_171821-768x576.jpg 768w, https:\/\/familie-weitgereist.de\/wp-content\/uploads\/2024\/12\/IMG_20241210_171821-1536x1152.jpg 1536w, https:\/\/familie-weitgereist.de\/wp-content\/uploads\/2024\/12\/IMG_20241210_171821-2048x1536.jpg 2048w, https:\/\/familie-weitgereist.de\/wp-content\/uploads\/2024\/12\/IMG_20241210_171821-1200x900.jpg 1200w, https:\/\/familie-weitgereist.de\/wp-content\/uploads\/2024\/12\/IMG_20241210_171821-1980x1485.jpg 1980w, https:\/\/familie-weitgereist.de\/wp-content\/uploads\/2024\/12\/IMG_20241210_171821-150x113.jpg 150w\" sizes=\"auto, (max-width: 1024px) 100vw, 1024px\" \/><\/figure>\n\n\n\n<figure class=\"wp-block-image size-large\"><img loading=\"lazy\" decoding=\"async\" width=\"1024\" height=\"768\" data-id=\"20316\" src=\"https:\/\/familie-weitgereist.de\/wp-content\/uploads\/2024\/12\/IMG_20241210_170734-1024x768.jpg\" alt=\"\" class=\"wp-image-20316\" srcset=\"https:\/\/familie-weitgereist.de\/wp-content\/uploads\/2024\/12\/IMG_20241210_170734-1024x768.jpg 1024w, https:\/\/familie-weitgereist.de\/wp-content\/uploads\/2024\/12\/IMG_20241210_170734-300x225.jpg 300w, https:\/\/familie-weitgereist.de\/wp-content\/uploads\/2024\/12\/IMG_20241210_170734-768x576.jpg 768w, https:\/\/familie-weitgereist.de\/wp-content\/uploads\/2024\/12\/IMG_20241210_170734-1536x1152.jpg 1536w, https:\/\/familie-weitgereist.de\/wp-content\/uploads\/2024\/12\/IMG_20241210_170734-2048x1536.jpg 2048w, https:\/\/familie-weitgereist.de\/wp-content\/uploads\/2024\/12\/IMG_20241210_170734-1200x900.jpg 1200w, https:\/\/familie-weitgereist.de\/wp-content\/uploads\/2024\/12\/IMG_20241210_170734-1980x1485.jpg 1980w, https:\/\/familie-weitgereist.de\/wp-content\/uploads\/2024\/12\/IMG_20241210_170734-150x113.jpg 150w\" sizes=\"auto, (max-width: 1024px) 100vw, 1024px\" \/><\/figure>\n<\/figure>\n\n\n\n<p>Wir lie\u00dfen uns durch die Altstadt treiben und entdeckten hinter jeder Ecke weitere Sch\u00f6nheiten.<\/p>\n\n\n\n<h2 class=\"wp-block-heading\">Eguisheim<\/h2>\n\n\n\n<p>In Eguisheim leben ca. 1700 Menschen. Der kleine Ort im Elsass geh\u00f6rt zu den sch\u00f6nsten D\u00f6rfern Frankreichs (&#8222;<em>Plus beaux villages de France<\/em>&#8222;).<\/p>\n\n\n\n<figure class=\"wp-block-image size-large\"><img loading=\"lazy\" decoding=\"async\" width=\"1024\" height=\"768\" src=\"https:\/\/familie-weitgereist.de\/wp-content\/uploads\/2024\/12\/IMG_20241212_174015-1024x768.jpg\" alt=\"\" class=\"wp-image-20346\" srcset=\"https:\/\/familie-weitgereist.de\/wp-content\/uploads\/2024\/12\/IMG_20241212_174015-1024x768.jpg 1024w, https:\/\/familie-weitgereist.de\/wp-content\/uploads\/2024\/12\/IMG_20241212_174015-300x225.jpg 300w, https:\/\/familie-weitgereist.de\/wp-content\/uploads\/2024\/12\/IMG_20241212_174015-768x576.jpg 768w, https:\/\/familie-weitgereist.de\/wp-content\/uploads\/2024\/12\/IMG_20241212_174015-1536x1152.jpg 1536w, https:\/\/familie-weitgereist.de\/wp-content\/uploads\/2024\/12\/IMG_20241212_174015-2048x1536.jpg 2048w, https:\/\/familie-weitgereist.de\/wp-content\/uploads\/2024\/12\/IMG_20241212_174015-1200x900.jpg 1200w, https:\/\/familie-weitgereist.de\/wp-content\/uploads\/2024\/12\/IMG_20241212_174015-1980x1485.jpg 1980w, https:\/\/familie-weitgereist.de\/wp-content\/uploads\/2024\/12\/IMG_20241212_174015-150x113.jpg 150w\" sizes=\"auto, (max-width: 1024px) 100vw, 1024px\" \/><\/figure>\n\n\n\n<p>Der Altstadtkern verl\u00e4uft &#8222;zwiebelartig&#8220;. Die Gassen schl\u00e4ngeln sich ringf\u00f6rmig innerhalb der Stadtmauern. Die <em>Grand Rue<\/em> (Hauptstra\u00dfe) verl\u00e4uft jedoch von Ost nach West durch die Altstadt.<\/p>\n\n\n\n<p>Im Altstadtkern befindet sich die Saint-Leo Kapelle und die Burg. Dort befand sich der Stall mit Baby Jesus mit lebendigen Eseln, Schafen und Ziegen. Ein gro\u00dfer Adventskalender ist an der Burgmauer befestigt. Jeden Tag um 18:00 wird ein neues T\u00fcrchen ge\u00f6ffnet.<\/p>\n\n\n\n<figure class=\"wp-block-gallery has-nested-images columns-default is-cropped wp-block-gallery-4 is-layout-flex wp-block-gallery-is-layout-flex\">\n<figure class=\"wp-block-image size-large\"><img loading=\"lazy\" decoding=\"async\" width=\"1024\" height=\"768\" data-id=\"20336\" src=\"https:\/\/familie-weitgereist.de\/wp-content\/uploads\/2024\/12\/IMG_20241212_171804-1-1024x768.jpg\" alt=\"\" class=\"wp-image-20336\" srcset=\"https:\/\/familie-weitgereist.de\/wp-content\/uploads\/2024\/12\/IMG_20241212_171804-1-1024x768.jpg 1024w, https:\/\/familie-weitgereist.de\/wp-content\/uploads\/2024\/12\/IMG_20241212_171804-1-300x225.jpg 300w, https:\/\/familie-weitgereist.de\/wp-content\/uploads\/2024\/12\/IMG_20241212_171804-1-768x576.jpg 768w, https:\/\/familie-weitgereist.de\/wp-content\/uploads\/2024\/12\/IMG_20241212_171804-1-1536x1152.jpg 1536w, https:\/\/familie-weitgereist.de\/wp-content\/uploads\/2024\/12\/IMG_20241212_171804-1-2048x1536.jpg 2048w, https:\/\/familie-weitgereist.de\/wp-content\/uploads\/2024\/12\/IMG_20241212_171804-1-1200x900.jpg 1200w, https:\/\/familie-weitgereist.de\/wp-content\/uploads\/2024\/12\/IMG_20241212_171804-1-1980x1485.jpg 1980w, https:\/\/familie-weitgereist.de\/wp-content\/uploads\/2024\/12\/IMG_20241212_171804-1-150x113.jpg 150w\" sizes=\"auto, (max-width: 1024px) 100vw, 1024px\" \/><\/figure>\n\n\n\n<figure class=\"wp-block-image size-large\"><img loading=\"lazy\" decoding=\"async\" width=\"1024\" height=\"768\" data-id=\"20338\" src=\"https:\/\/familie-weitgereist.de\/wp-content\/uploads\/2024\/12\/IMG_20241212_171132-1024x768.jpg\" alt=\"\" class=\"wp-image-20338\" srcset=\"https:\/\/familie-weitgereist.de\/wp-content\/uploads\/2024\/12\/IMG_20241212_171132-1024x768.jpg 1024w, https:\/\/familie-weitgereist.de\/wp-content\/uploads\/2024\/12\/IMG_20241212_171132-300x225.jpg 300w, https:\/\/familie-weitgereist.de\/wp-content\/uploads\/2024\/12\/IMG_20241212_171132-768x576.jpg 768w, https:\/\/familie-weitgereist.de\/wp-content\/uploads\/2024\/12\/IMG_20241212_171132-1536x1152.jpg 1536w, https:\/\/familie-weitgereist.de\/wp-content\/uploads\/2024\/12\/IMG_20241212_171132-2048x1536.jpg 2048w, https:\/\/familie-weitgereist.de\/wp-content\/uploads\/2024\/12\/IMG_20241212_171132-1200x900.jpg 1200w, https:\/\/familie-weitgereist.de\/wp-content\/uploads\/2024\/12\/IMG_20241212_171132-1980x1485.jpg 1980w, https:\/\/familie-weitgereist.de\/wp-content\/uploads\/2024\/12\/IMG_20241212_171132-150x113.jpg 150w\" sizes=\"auto, (max-width: 1024px) 100vw, 1024px\" \/><\/figure>\n\n\n\n<figure class=\"wp-block-image size-large\"><img loading=\"lazy\" decoding=\"async\" width=\"1024\" height=\"768\" data-id=\"20337\" src=\"https:\/\/familie-weitgereist.de\/wp-content\/uploads\/2024\/12\/IMG_20241212_170248-1024x768.jpg\" alt=\"\" class=\"wp-image-20337\" srcset=\"https:\/\/familie-weitgereist.de\/wp-content\/uploads\/2024\/12\/IMG_20241212_170248-1024x768.jpg 1024w, https:\/\/familie-weitgereist.de\/wp-content\/uploads\/2024\/12\/IMG_20241212_170248-300x225.jpg 300w, https:\/\/familie-weitgereist.de\/wp-content\/uploads\/2024\/12\/IMG_20241212_170248-768x576.jpg 768w, https:\/\/familie-weitgereist.de\/wp-content\/uploads\/2024\/12\/IMG_20241212_170248-1536x1152.jpg 1536w, https:\/\/familie-weitgereist.de\/wp-content\/uploads\/2024\/12\/IMG_20241212_170248-2048x1536.jpg 2048w, https:\/\/familie-weitgereist.de\/wp-content\/uploads\/2024\/12\/IMG_20241212_170248-1200x900.jpg 1200w, https:\/\/familie-weitgereist.de\/wp-content\/uploads\/2024\/12\/IMG_20241212_170248-1980x1485.jpg 1980w, https:\/\/familie-weitgereist.de\/wp-content\/uploads\/2024\/12\/IMG_20241212_170248-150x113.jpg 150w\" sizes=\"auto, (max-width: 1024px) 100vw, 1024px\" \/><\/figure>\n<\/figure>\n\n\n\n<p>Die Gassen waren wunderbar verziert mit den sch\u00f6nsten Weihnachtsdekorationen. Liebevolle Details machen den Weihnachtszauber lebendig. Unsere Jungs hatten auch hier wieder sehr viel Spa\u00df durch die Gassen zu rennen. Ein gro\u00dfer Pluspunkt war diesmal, dass wir keine Probleme hatten, einen gratis Parkplatz zu finden und die Altstadt nicht zu voll von Besuchern war.<\/p>\n\n\n\n<figure class=\"wp-block-gallery has-nested-images columns-default is-cropped wp-block-gallery-5 is-layout-flex wp-block-gallery-is-layout-flex\">\n<figure class=\"wp-block-image size-large\"><img loading=\"lazy\" decoding=\"async\" width=\"1024\" height=\"768\" data-id=\"20341\" src=\"https:\/\/familie-weitgereist.de\/wp-content\/uploads\/2024\/12\/IMG_20241212_181124-1024x768.jpg\" alt=\"\" class=\"wp-image-20341\" srcset=\"https:\/\/familie-weitgereist.de\/wp-content\/uploads\/2024\/12\/IMG_20241212_181124-1024x768.jpg 1024w, https:\/\/familie-weitgereist.de\/wp-content\/uploads\/2024\/12\/IMG_20241212_181124-300x225.jpg 300w, https:\/\/familie-weitgereist.de\/wp-content\/uploads\/2024\/12\/IMG_20241212_181124-768x576.jpg 768w, https:\/\/familie-weitgereist.de\/wp-content\/uploads\/2024\/12\/IMG_20241212_181124-1536x1152.jpg 1536w, https:\/\/familie-weitgereist.de\/wp-content\/uploads\/2024\/12\/IMG_20241212_181124-2048x1536.jpg 2048w, https:\/\/familie-weitgereist.de\/wp-content\/uploads\/2024\/12\/IMG_20241212_181124-1200x900.jpg 1200w, https:\/\/familie-weitgereist.de\/wp-content\/uploads\/2024\/12\/IMG_20241212_181124-1980x1485.jpg 1980w, https:\/\/familie-weitgereist.de\/wp-content\/uploads\/2024\/12\/IMG_20241212_181124-150x113.jpg 150w\" sizes=\"auto, (max-width: 1024px) 100vw, 1024px\" \/><\/figure>\n\n\n\n<figure class=\"wp-block-image size-large\"><img loading=\"lazy\" decoding=\"async\" width=\"768\" height=\"1024\" data-id=\"20343\" src=\"https:\/\/familie-weitgereist.de\/wp-content\/uploads\/2024\/12\/IMG_20241212_180456-768x1024.jpg\" alt=\"\" class=\"wp-image-20343\" srcset=\"https:\/\/familie-weitgereist.de\/wp-content\/uploads\/2024\/12\/IMG_20241212_180456-768x1024.jpg 768w, https:\/\/familie-weitgereist.de\/wp-content\/uploads\/2024\/12\/IMG_20241212_180456-225x300.jpg 225w, https:\/\/familie-weitgereist.de\/wp-content\/uploads\/2024\/12\/IMG_20241212_180456-1152x1536.jpg 1152w, https:\/\/familie-weitgereist.de\/wp-content\/uploads\/2024\/12\/IMG_20241212_180456-1536x2048.jpg 1536w, https:\/\/familie-weitgereist.de\/wp-content\/uploads\/2024\/12\/IMG_20241212_180456-1200x1600.jpg 1200w, https:\/\/familie-weitgereist.de\/wp-content\/uploads\/2024\/12\/IMG_20241212_180456-1980x2640.jpg 1980w, https:\/\/familie-weitgereist.de\/wp-content\/uploads\/2024\/12\/IMG_20241212_180456-640x853.jpg 640w, https:\/\/familie-weitgereist.de\/wp-content\/uploads\/2024\/12\/IMG_20241212_180456-150x200.jpg 150w, https:\/\/familie-weitgereist.de\/wp-content\/uploads\/2024\/12\/IMG_20241212_180456-scaled.jpg 1920w\" sizes=\"auto, (max-width: 768px) 100vw, 768px\" \/><\/figure>\n\n\n\n<figure class=\"wp-block-image size-large\"><img loading=\"lazy\" decoding=\"async\" width=\"1024\" height=\"768\" data-id=\"20342\" src=\"https:\/\/familie-weitgereist.de\/wp-content\/uploads\/2024\/12\/IMG_20241212_180416-1024x768.jpg\" alt=\"\" class=\"wp-image-20342\" srcset=\"https:\/\/familie-weitgereist.de\/wp-content\/uploads\/2024\/12\/IMG_20241212_180416-1024x768.jpg 1024w, https:\/\/familie-weitgereist.de\/wp-content\/uploads\/2024\/12\/IMG_20241212_180416-300x225.jpg 300w, https:\/\/familie-weitgereist.de\/wp-content\/uploads\/2024\/12\/IMG_20241212_180416-768x576.jpg 768w, https:\/\/familie-weitgereist.de\/wp-content\/uploads\/2024\/12\/IMG_20241212_180416-1536x1152.jpg 1536w, https:\/\/familie-weitgereist.de\/wp-content\/uploads\/2024\/12\/IMG_20241212_180416-2048x1536.jpg 2048w, https:\/\/familie-weitgereist.de\/wp-content\/uploads\/2024\/12\/IMG_20241212_180416-1200x900.jpg 1200w, https:\/\/familie-weitgereist.de\/wp-content\/uploads\/2024\/12\/IMG_20241212_180416-1980x1485.jpg 1980w, https:\/\/familie-weitgereist.de\/wp-content\/uploads\/2024\/12\/IMG_20241212_180416-150x113.jpg 150w\" sizes=\"auto, (max-width: 1024px) 100vw, 1024px\" \/><\/figure>\n\n\n\n<figure class=\"wp-block-image size-large\"><img loading=\"lazy\" decoding=\"async\" width=\"1024\" height=\"768\" data-id=\"20344\" src=\"https:\/\/familie-weitgereist.de\/wp-content\/uploads\/2024\/12\/IMG_20241212_175047-1024x768.jpg\" alt=\"\" class=\"wp-image-20344\" srcset=\"https:\/\/familie-weitgereist.de\/wp-content\/uploads\/2024\/12\/IMG_20241212_175047-1024x768.jpg 1024w, https:\/\/familie-weitgereist.de\/wp-content\/uploads\/2024\/12\/IMG_20241212_175047-300x225.jpg 300w, https:\/\/familie-weitgereist.de\/wp-content\/uploads\/2024\/12\/IMG_20241212_175047-768x576.jpg 768w, https:\/\/familie-weitgereist.de\/wp-content\/uploads\/2024\/12\/IMG_20241212_175047-1536x1152.jpg 1536w, https:\/\/familie-weitgereist.de\/wp-content\/uploads\/2024\/12\/IMG_20241212_175047-2048x1536.jpg 2048w, https:\/\/familie-weitgereist.de\/wp-content\/uploads\/2024\/12\/IMG_20241212_175047-1200x900.jpg 1200w, https:\/\/familie-weitgereist.de\/wp-content\/uploads\/2024\/12\/IMG_20241212_175047-1980x1485.jpg 1980w, https:\/\/familie-weitgereist.de\/wp-content\/uploads\/2024\/12\/IMG_20241212_175047-150x113.jpg 150w\" sizes=\"auto, (max-width: 1024px) 100vw, 1024px\" \/><\/figure>\n<\/figure>\n\n\n\n<h2 class=\"wp-block-heading\">Riquewihr<\/h2>\n\n\n\n<p>Riquewihr ist ein kleines Dorf im Elsass mit ca. 1000 Einwohnern. Aufgrund seines unversehrten Altstadtkerns aus dem 16. Jahrhundert wurde Riquewihr ebenfalls zu den sch\u00f6nsten D\u00f6rfern Frankreichs (<em>&#8222;Plus beaux villages de France<\/em>&#8222;) erkoren.<\/p>\n\n\n\n<figure class=\"wp-block-image size-large\"><img loading=\"lazy\" decoding=\"async\" width=\"768\" height=\"1024\" src=\"https:\/\/familie-weitgereist.de\/wp-content\/uploads\/2024\/12\/IMG_20241211_172214-768x1024.jpg\" alt=\"\" class=\"wp-image-20357\" srcset=\"https:\/\/familie-weitgereist.de\/wp-content\/uploads\/2024\/12\/IMG_20241211_172214-768x1024.jpg 768w, https:\/\/familie-weitgereist.de\/wp-content\/uploads\/2024\/12\/IMG_20241211_172214-225x300.jpg 225w, https:\/\/familie-weitgereist.de\/wp-content\/uploads\/2024\/12\/IMG_20241211_172214-1152x1536.jpg 1152w, https:\/\/familie-weitgereist.de\/wp-content\/uploads\/2024\/12\/IMG_20241211_172214-1536x2048.jpg 1536w, https:\/\/familie-weitgereist.de\/wp-content\/uploads\/2024\/12\/IMG_20241211_172214-1200x1600.jpg 1200w, https:\/\/familie-weitgereist.de\/wp-content\/uploads\/2024\/12\/IMG_20241211_172214-1980x2640.jpg 1980w, https:\/\/familie-weitgereist.de\/wp-content\/uploads\/2024\/12\/IMG_20241211_172214-640x853.jpg 640w, https:\/\/familie-weitgereist.de\/wp-content\/uploads\/2024\/12\/IMG_20241211_172214-150x200.jpg 150w, https:\/\/familie-weitgereist.de\/wp-content\/uploads\/2024\/12\/IMG_20241211_172214-scaled.jpg 1920w\" sizes=\"auto, (max-width: 768px) 100vw, 768px\" \/><\/figure>\n\n\n\n<p>Der gesamte Altstadtbereich ist autofrei. An der <em>Rue du G\u00e9n\u00e9ral de Gaulle<\/em>, der Hauptstra\u00dfe, befinden sich viele Caf\u00e9s, Restaurants und Souvenirl\u00e4den. Kopfsteinpflastergassen, die wundersch\u00f6nen Fachwerkh\u00e4user und besonders zur Weihnachtszeit, die herrlichen Dekorationen, machen diesen Ort zu einem der meist besuchten D\u00f6rfer in Frankreich.<\/p>\n\n\n\n<figure class=\"wp-block-gallery has-nested-images columns-default is-cropped wp-block-gallery-6 is-layout-flex wp-block-gallery-is-layout-flex\">\n<figure class=\"wp-block-image size-large\"><img loading=\"lazy\" decoding=\"async\" width=\"1024\" height=\"768\" data-id=\"20359\" src=\"https:\/\/familie-weitgereist.de\/wp-content\/uploads\/2024\/12\/IMG_20241211_173008-1024x768.jpg\" alt=\"\" class=\"wp-image-20359\" srcset=\"https:\/\/familie-weitgereist.de\/wp-content\/uploads\/2024\/12\/IMG_20241211_173008-1024x768.jpg 1024w, https:\/\/familie-weitgereist.de\/wp-content\/uploads\/2024\/12\/IMG_20241211_173008-300x225.jpg 300w, https:\/\/familie-weitgereist.de\/wp-content\/uploads\/2024\/12\/IMG_20241211_173008-768x576.jpg 768w, https:\/\/familie-weitgereist.de\/wp-content\/uploads\/2024\/12\/IMG_20241211_173008-1536x1152.jpg 1536w, https:\/\/familie-weitgereist.de\/wp-content\/uploads\/2024\/12\/IMG_20241211_173008-2048x1536.jpg 2048w, https:\/\/familie-weitgereist.de\/wp-content\/uploads\/2024\/12\/IMG_20241211_173008-1200x900.jpg 1200w, https:\/\/familie-weitgereist.de\/wp-content\/uploads\/2024\/12\/IMG_20241211_173008-1980x1485.jpg 1980w, https:\/\/familie-weitgereist.de\/wp-content\/uploads\/2024\/12\/IMG_20241211_173008-150x113.jpg 150w\" sizes=\"auto, (max-width: 1024px) 100vw, 1024px\" \/><\/figure>\n\n\n\n<figure class=\"wp-block-image size-large\"><img loading=\"lazy\" decoding=\"async\" width=\"768\" height=\"1024\" data-id=\"20360\" src=\"https:\/\/familie-weitgereist.de\/wp-content\/uploads\/2024\/12\/IMG_20241211_171957-768x1024.jpg\" alt=\"\" class=\"wp-image-20360\" srcset=\"https:\/\/familie-weitgereist.de\/wp-content\/uploads\/2024\/12\/IMG_20241211_171957-768x1024.jpg 768w, https:\/\/familie-weitgereist.de\/wp-content\/uploads\/2024\/12\/IMG_20241211_171957-225x300.jpg 225w, https:\/\/familie-weitgereist.de\/wp-content\/uploads\/2024\/12\/IMG_20241211_171957-1152x1536.jpg 1152w, https:\/\/familie-weitgereist.de\/wp-content\/uploads\/2024\/12\/IMG_20241211_171957-1536x2048.jpg 1536w, https:\/\/familie-weitgereist.de\/wp-content\/uploads\/2024\/12\/IMG_20241211_171957-1200x1600.jpg 1200w, https:\/\/familie-weitgereist.de\/wp-content\/uploads\/2024\/12\/IMG_20241211_171957-1980x2640.jpg 1980w, https:\/\/familie-weitgereist.de\/wp-content\/uploads\/2024\/12\/IMG_20241211_171957-640x853.jpg 640w, https:\/\/familie-weitgereist.de\/wp-content\/uploads\/2024\/12\/IMG_20241211_171957-150x200.jpg 150w, https:\/\/familie-weitgereist.de\/wp-content\/uploads\/2024\/12\/IMG_20241211_171957-scaled.jpg 1920w\" sizes=\"auto, (max-width: 768px) 100vw, 768px\" \/><\/figure>\n\n\n\n<figure class=\"wp-block-image size-large\"><img loading=\"lazy\" decoding=\"async\" width=\"768\" height=\"1024\" data-id=\"20361\" src=\"https:\/\/familie-weitgereist.de\/wp-content\/uploads\/2024\/12\/IMG_20241211_171907-768x1024.jpg\" alt=\"\" class=\"wp-image-20361\" srcset=\"https:\/\/familie-weitgereist.de\/wp-content\/uploads\/2024\/12\/IMG_20241211_171907-768x1024.jpg 768w, https:\/\/familie-weitgereist.de\/wp-content\/uploads\/2024\/12\/IMG_20241211_171907-225x300.jpg 225w, https:\/\/familie-weitgereist.de\/wp-content\/uploads\/2024\/12\/IMG_20241211_171907-1152x1536.jpg 1152w, https:\/\/familie-weitgereist.de\/wp-content\/uploads\/2024\/12\/IMG_20241211_171907-1536x2048.jpg 1536w, https:\/\/familie-weitgereist.de\/wp-content\/uploads\/2024\/12\/IMG_20241211_171907-1200x1600.jpg 1200w, https:\/\/familie-weitgereist.de\/wp-content\/uploads\/2024\/12\/IMG_20241211_171907-1980x2640.jpg 1980w, https:\/\/familie-weitgereist.de\/wp-content\/uploads\/2024\/12\/IMG_20241211_171907-640x853.jpg 640w, https:\/\/familie-weitgereist.de\/wp-content\/uploads\/2024\/12\/IMG_20241211_171907-150x200.jpg 150w, https:\/\/familie-weitgereist.de\/wp-content\/uploads\/2024\/12\/IMG_20241211_171907-scaled.jpg 1920w\" sizes=\"auto, (max-width: 768px) 100vw, 768px\" \/><\/figure>\n\n\n\n<figure class=\"wp-block-image size-large\"><img loading=\"lazy\" decoding=\"async\" width=\"1024\" height=\"768\" data-id=\"20362\" src=\"https:\/\/familie-weitgereist.de\/wp-content\/uploads\/2024\/12\/IMG_20241211_171159-1024x768.jpg\" alt=\"\" class=\"wp-image-20362\" srcset=\"https:\/\/familie-weitgereist.de\/wp-content\/uploads\/2024\/12\/IMG_20241211_171159-1024x768.jpg 1024w, https:\/\/familie-weitgereist.de\/wp-content\/uploads\/2024\/12\/IMG_20241211_171159-300x225.jpg 300w, https:\/\/familie-weitgereist.de\/wp-content\/uploads\/2024\/12\/IMG_20241211_171159-768x576.jpg 768w, https:\/\/familie-weitgereist.de\/wp-content\/uploads\/2024\/12\/IMG_20241211_171159-1536x1152.jpg 1536w, https:\/\/familie-weitgereist.de\/wp-content\/uploads\/2024\/12\/IMG_20241211_171159-2048x1536.jpg 2048w, https:\/\/familie-weitgereist.de\/wp-content\/uploads\/2024\/12\/IMG_20241211_171159-1200x900.jpg 1200w, https:\/\/familie-weitgereist.de\/wp-content\/uploads\/2024\/12\/IMG_20241211_171159-1980x1485.jpg 1980w, https:\/\/familie-weitgereist.de\/wp-content\/uploads\/2024\/12\/IMG_20241211_171159-150x113.jpg 150w\" sizes=\"auto, (max-width: 1024px) 100vw, 1024px\" \/><\/figure>\n<\/figure>\n\n\n\n<p>Die Stadtmauer aus dem Jahr 1291 umgibt die Altstadt komplett und drei der vier ehemaligen Wacht\u00fcrme sind noch erhalten.<\/p>\n\n\n\n<figure class=\"wp-block-image size-large\"><img loading=\"lazy\" decoding=\"async\" width=\"1024\" height=\"768\" src=\"https:\/\/familie-weitgereist.de\/wp-content\/uploads\/2024\/12\/IMG_20241211_173442-1024x768.jpg\" alt=\"\" class=\"wp-image-20363\" srcset=\"https:\/\/familie-weitgereist.de\/wp-content\/uploads\/2024\/12\/IMG_20241211_173442-1024x768.jpg 1024w, https:\/\/familie-weitgereist.de\/wp-content\/uploads\/2024\/12\/IMG_20241211_173442-300x225.jpg 300w, https:\/\/familie-weitgereist.de\/wp-content\/uploads\/2024\/12\/IMG_20241211_173442-768x576.jpg 768w, https:\/\/familie-weitgereist.de\/wp-content\/uploads\/2024\/12\/IMG_20241211_173442-1536x1152.jpg 1536w, https:\/\/familie-weitgereist.de\/wp-content\/uploads\/2024\/12\/IMG_20241211_173442-2048x1536.jpg 2048w, https:\/\/familie-weitgereist.de\/wp-content\/uploads\/2024\/12\/IMG_20241211_173442-1200x900.jpg 1200w, https:\/\/familie-weitgereist.de\/wp-content\/uploads\/2024\/12\/IMG_20241211_173442-1980x1485.jpg 1980w, https:\/\/familie-weitgereist.de\/wp-content\/uploads\/2024\/12\/IMG_20241211_173442-150x113.jpg 150w\" sizes=\"auto, (max-width: 1024px) 100vw, 1024px\" \/><\/figure>\n\n\n\n<p>Beim weihnachtlichen Bummeln durch die Altstadt muss man mit sehr vielen Besuchern rechnen. Wir haben unser Auto ca. 1km entfernt geparkt, am Rande eines Weinberges. Riquewihr war selbst unter der Woche sehr stark besucht, von Tourbussen, ebenso wie Individualreisenden.<\/p>\n","protected":false},"excerpt":{"rendered":"<p>Die Adventszeit im Elsass in Frankreich ist magisch und weit \u00fcber die Landesgrenzen hin bekannt. Wir hatten schon lang vor, die bezaubernden kleinen St\u00e4dtchen und die &#8222;Weihnachtshauptstadt&#8220; Strasbourg, zu besuchen. Im Dezember 2024 hatten wir die M\u00f6glichkeit und sind zun\u00e4chst in den Schwarzwald gefahren. Unsere Unterkunft \u00dcbernachtet haben wir 8 N\u00e4chte in einer sch\u00f6nen Ferienwohnung [&hellip;]<\/p>\n","protected":false},"author":3,"featured_media":20313,"comment_status":"open","ping_status":"open","sticky":false,"template":"","format":"standard","meta":{"_themeisle_gutenberg_block_has_review":false,"footnotes":""},"categories":[257,8,4,377],"tags":[1479,1484,1485,1476,191,1480,1486,1477,1478],"class_list":["post-20218","post","type-post","status-publish","format-standard","has-post-thumbnail","hentry","category-frankreich","category-europa","category-laender","category-spielplaetze","tag-broggingen","tag-colmar","tag-eguisheim","tag-elsass","tag-frankreich","tag-herbolzheim","tag-riquewihr","tag-strasbourg","tag-strassburg"],"_links":{"self":[{"href":"https:\/\/familie-weitgereist.de\/index.php?rest_route=\/wp\/v2\/posts\/20218","targetHints":{"allow":["GET"]}}],"collection":[{"href":"https:\/\/familie-weitgereist.de\/index.php?rest_route=\/wp\/v2\/posts"}],"about":[{"href":"https:\/\/familie-weitgereist.de\/index.php?rest_route=\/wp\/v2\/types\/post"}],"author":[{"embeddable":true,"href":"https:\/\/familie-weitgereist.de\/index.php?rest_route=\/wp\/v2\/users\/3"}],"replies":[{"embeddable":true,"href":"https:\/\/familie-weitgereist.de\/index.php?rest_route=%2Fwp%2Fv2%2Fcomments&post=20218"}],"version-history":[{"count":68,"href":"https:\/\/familie-weitgereist.de\/index.php?rest_route=\/wp\/v2\/posts\/20218\/revisions"}],"predecessor-version":[{"id":24146,"href":"https:\/\/familie-weitgereist.de\/index.php?rest_route=\/wp\/v2\/posts\/20218\/revisions\/24146"}],"wp:featuredmedia":[{"embeddable":true,"href":"https:\/\/familie-weitgereist.de\/index.php?rest_route=\/wp\/v2\/media\/20313"}],"wp:attachment":[{"href":"https:\/\/familie-weitgereist.de\/index.php?rest_route=%2Fwp%2Fv2%2Fmedia&parent=20218"}],"wp:term":[{"taxonomy":"category","embeddable":true,"href":"https:\/\/familie-weitgereist.de\/index.php?rest_route=%2Fwp%2Fv2%2Fcategories&post=20218"},{"taxonomy":"post_tag","embeddable":true,"href":"https:\/\/familie-weitgereist.de\/index.php?rest_route=%2Fwp%2Fv2%2Ftags&post=20218"}],"curies":[{"name":"wp","href":"https:\/\/api.w.org\/{rel}","templated":true}]}}