{"id":19419,"date":"2024-08-14T22:32:20","date_gmt":"2024-08-14T20:32:20","guid":{"rendered":"https:\/\/familie-weitgereist.de\/?p=19419"},"modified":"2025-11-12T22:31:36","modified_gmt":"2025-11-12T21:31:36","slug":"fahrradausfluege-auf-die-insel-poel-und-wismar","status":"publish","type":"post","link":"https:\/\/familie-weitgereist.de\/?p=19419","title":{"rendered":"Fahrradausfl\u00fcge auf die Insel Poel und Wismar mit kleinen Kindern"},"content":{"rendered":"\n<p>Wir haben einen Kurzurlaub auf der Insel Poel und in Wismar unternommen. Im Rahmen unserer <strong>Camper Reise durch <a href=\"https:\/\/familie-weitgereist.de\/?p=18977\" data-type=\"link\" data-id=\"https:\/\/familie-weitgereist.de\/?p=18977\">Schweden<\/a> und <a href=\"https:\/\/familie-weitgereist.de\/?p=19095\" data-type=\"link\" data-id=\"https:\/\/familie-weitgereist.de\/?p=19095\">Norwegen<\/a>, <\/strong>haben wir auf der R\u00fcckreise, nachdem wir in Rostock mit der F\u00e4hre ankamen, die <strong>sch\u00f6ne Insel<\/strong> und die <strong>herrliche Hafenstadt<\/strong> erkundet.<\/p>\n\n\n\n<h2 class=\"wp-block-heading\">Insel Poel<\/h2>\n\n\n\n<p>Die 37 km\u00b2 gro\u00dfe Insel ist \u00fcber eine kleine Br\u00fccke an das Festland angebunden und kann somit einfach erreicht werden.<\/p>\n\n\n\n<p>Die Insel Poel liegt 10 km n\u00f6rdlich von Wismar in der Wismarer Bucht in der Ostsee. Es leben ca. 2500 Einwohner dort, davon die meisten in dem beschaulichen Ort Kirchdorf, welcher sich im Zentrum von Poel befindet.<\/p>\n\n\n\n<p>Wir haben auf einem kostenlosen Parkplatz in Kirchdorf neben dem Fu\u00dfballplatz geparkt. Von dort haben wir die Insel mit dem Fahrrad erkundet. Wir sind in den Norden an die K\u00fcste gefahren und schlie\u00dflich in den Westen der Insel.<\/p>\n\n\n\n<figure class=\"wp-block-image size-large\"><img loading=\"lazy\" decoding=\"async\" width=\"1024\" height=\"768\" src=\"https:\/\/familie-weitgereist.de\/wp-content\/uploads\/2024\/08\/IMG_20240810_164005-1024x768.jpg\" alt=\"\" class=\"wp-image-19428\" srcset=\"https:\/\/familie-weitgereist.de\/wp-content\/uploads\/2024\/08\/IMG_20240810_164005-1024x768.jpg 1024w, https:\/\/familie-weitgereist.de\/wp-content\/uploads\/2024\/08\/IMG_20240810_164005-300x225.jpg 300w, https:\/\/familie-weitgereist.de\/wp-content\/uploads\/2024\/08\/IMG_20240810_164005-768x576.jpg 768w, https:\/\/familie-weitgereist.de\/wp-content\/uploads\/2024\/08\/IMG_20240810_164005-1536x1152.jpg 1536w, https:\/\/familie-weitgereist.de\/wp-content\/uploads\/2024\/08\/IMG_20240810_164005-2048x1536.jpg 2048w, https:\/\/familie-weitgereist.de\/wp-content\/uploads\/2024\/08\/IMG_20240810_164005-1200x900.jpg 1200w, https:\/\/familie-weitgereist.de\/wp-content\/uploads\/2024\/08\/IMG_20240810_164005-1980x1485.jpg 1980w, https:\/\/familie-weitgereist.de\/wp-content\/uploads\/2024\/08\/IMG_20240810_164005-150x113.jpg 150w\" sizes=\"auto, (max-width: 1024px) 100vw, 1024px\" \/><\/figure>\n\n\n\n<p>Poel hat wundersch\u00f6ne lange Sandstr\u00e4nde. Wir starteten unsere Erkundungstour am <strong>Strand &#8222;Am Schwarzen Busch&#8220;.<\/strong> Ein sch\u00f6ner Radweg f\u00fchrt an der K\u00fcste entlang. Jedoch endet der Radweg und m\u00fcndet in einen Strandweg. Wir mussten unsere Fahrr\u00e4der einen Streckenabschnitt schieben, da wir direkt am Strand entlang sind. Dies ging \u00fcber die Algen und am nassen Sand am besten.<\/p>\n\n\n\n<figure class=\"wp-block-image size-large\"><img loading=\"lazy\" decoding=\"async\" width=\"1024\" height=\"768\" src=\"https:\/\/familie-weitgereist.de\/wp-content\/uploads\/2024\/08\/IMG_20240810_165233-1024x768.jpg\" alt=\"\" class=\"wp-image-19427\" srcset=\"https:\/\/familie-weitgereist.de\/wp-content\/uploads\/2024\/08\/IMG_20240810_165233-1024x768.jpg 1024w, https:\/\/familie-weitgereist.de\/wp-content\/uploads\/2024\/08\/IMG_20240810_165233-300x225.jpg 300w, https:\/\/familie-weitgereist.de\/wp-content\/uploads\/2024\/08\/IMG_20240810_165233-768x576.jpg 768w, https:\/\/familie-weitgereist.de\/wp-content\/uploads\/2024\/08\/IMG_20240810_165233-1536x1152.jpg 1536w, https:\/\/familie-weitgereist.de\/wp-content\/uploads\/2024\/08\/IMG_20240810_165233-2048x1536.jpg 2048w, https:\/\/familie-weitgereist.de\/wp-content\/uploads\/2024\/08\/IMG_20240810_165233-1200x900.jpg 1200w, https:\/\/familie-weitgereist.de\/wp-content\/uploads\/2024\/08\/IMG_20240810_165233-1980x1485.jpg 1980w, https:\/\/familie-weitgereist.de\/wp-content\/uploads\/2024\/08\/IMG_20240810_165233-150x113.jpg 150w\" sizes=\"auto, (max-width: 1024px) 100vw, 1024px\" \/><\/figure>\n\n\n\n<p>Auf der Insel gibt es viele sch\u00f6ne Radwege, am Strand entlang, an Feldern und W\u00e4ldern vorbei.<\/p>\n\n\n\n<figure class=\"wp-block-image size-large\"><img loading=\"lazy\" decoding=\"async\" width=\"1024\" height=\"768\" src=\"https:\/\/familie-weitgereist.de\/wp-content\/uploads\/2024\/08\/IMG_20240810_175957-1024x768.jpg\" alt=\"\" class=\"wp-image-19438\" srcset=\"https:\/\/familie-weitgereist.de\/wp-content\/uploads\/2024\/08\/IMG_20240810_175957-1024x768.jpg 1024w, https:\/\/familie-weitgereist.de\/wp-content\/uploads\/2024\/08\/IMG_20240810_175957-300x225.jpg 300w, https:\/\/familie-weitgereist.de\/wp-content\/uploads\/2024\/08\/IMG_20240810_175957-768x576.jpg 768w, https:\/\/familie-weitgereist.de\/wp-content\/uploads\/2024\/08\/IMG_20240810_175957-1536x1152.jpg 1536w, https:\/\/familie-weitgereist.de\/wp-content\/uploads\/2024\/08\/IMG_20240810_175957-2048x1536.jpg 2048w, https:\/\/familie-weitgereist.de\/wp-content\/uploads\/2024\/08\/IMG_20240810_175957-1200x900.jpg 1200w, https:\/\/familie-weitgereist.de\/wp-content\/uploads\/2024\/08\/IMG_20240810_175957-1980x1485.jpg 1980w, https:\/\/familie-weitgereist.de\/wp-content\/uploads\/2024\/08\/IMG_20240810_175957-150x113.jpg 150w\" sizes=\"auto, (max-width: 1024px) 100vw, 1024px\" \/><\/figure>\n\n\n\n<p>Unsere Radtour f\u00fchrte uns zum <strong>Strand<\/strong> <strong>Timmendorf<\/strong>. Dort gibt es einen kleinen Leuchtturm und einen sch\u00f6nen Strand mit Strandk\u00f6rben. Wir hatten am Spielplatz in der N\u00e4he des Strandes sehr viel Spa\u00df.<\/p>\n\n\n\n<figure class=\"wp-block-image size-large\"><img loading=\"lazy\" decoding=\"async\" width=\"1024\" height=\"768\" src=\"https:\/\/familie-weitgereist.de\/wp-content\/uploads\/2024\/08\/IMG_20240810_172658-1024x768.jpg\" alt=\"\" class=\"wp-image-19430\" srcset=\"https:\/\/familie-weitgereist.de\/wp-content\/uploads\/2024\/08\/IMG_20240810_172658-1024x768.jpg 1024w, https:\/\/familie-weitgereist.de\/wp-content\/uploads\/2024\/08\/IMG_20240810_172658-300x225.jpg 300w, https:\/\/familie-weitgereist.de\/wp-content\/uploads\/2024\/08\/IMG_20240810_172658-768x576.jpg 768w, https:\/\/familie-weitgereist.de\/wp-content\/uploads\/2024\/08\/IMG_20240810_172658-1536x1152.jpg 1536w, https:\/\/familie-weitgereist.de\/wp-content\/uploads\/2024\/08\/IMG_20240810_172658-2048x1536.jpg 2048w, https:\/\/familie-weitgereist.de\/wp-content\/uploads\/2024\/08\/IMG_20240810_172658-1200x900.jpg 1200w, https:\/\/familie-weitgereist.de\/wp-content\/uploads\/2024\/08\/IMG_20240810_172658-1980x1485.jpg 1980w, https:\/\/familie-weitgereist.de\/wp-content\/uploads\/2024\/08\/IMG_20240810_172658-150x113.jpg 150w\" sizes=\"auto, (max-width: 1024px) 100vw, 1024px\" \/><\/figure>\n\n\n\n<figure class=\"wp-block-image size-large\"><img loading=\"lazy\" decoding=\"async\" width=\"1024\" height=\"768\" src=\"https:\/\/familie-weitgereist.de\/wp-content\/uploads\/2024\/08\/IMG_20240810_172205-1024x768.jpg\" alt=\"\" class=\"wp-image-19431\" srcset=\"https:\/\/familie-weitgereist.de\/wp-content\/uploads\/2024\/08\/IMG_20240810_172205-1024x768.jpg 1024w, https:\/\/familie-weitgereist.de\/wp-content\/uploads\/2024\/08\/IMG_20240810_172205-300x225.jpg 300w, https:\/\/familie-weitgereist.de\/wp-content\/uploads\/2024\/08\/IMG_20240810_172205-768x576.jpg 768w, https:\/\/familie-weitgereist.de\/wp-content\/uploads\/2024\/08\/IMG_20240810_172205-1536x1152.jpg 1536w, https:\/\/familie-weitgereist.de\/wp-content\/uploads\/2024\/08\/IMG_20240810_172205-2048x1536.jpg 2048w, https:\/\/familie-weitgereist.de\/wp-content\/uploads\/2024\/08\/IMG_20240810_172205-1200x900.jpg 1200w, https:\/\/familie-weitgereist.de\/wp-content\/uploads\/2024\/08\/IMG_20240810_172205-1980x1485.jpg 1980w, https:\/\/familie-weitgereist.de\/wp-content\/uploads\/2024\/08\/IMG_20240810_172205-150x113.jpg 150w\" sizes=\"auto, (max-width: 1024px) 100vw, 1024px\" \/><\/figure>\n\n\n\n<p>In Kirchdorf gibt es sogar Plattenbauten. Das h\u00e4tten wir auf dieser kleinen Insel irgendwie nicht erwartet. Der kleine Ort Kirchdorf verliert dadurch nicht sein gem\u00fctliches Flair, vielmehr sahen wir viele spielende Kinder. Direkt vor Ort befindet sich auch die kleine Grundschule.<\/p>\n\n\n\n<figure class=\"wp-block-image size-large\"><img loading=\"lazy\" decoding=\"async\" width=\"1024\" height=\"768\" src=\"https:\/\/familie-weitgereist.de\/wp-content\/uploads\/2024\/08\/IMG_20240810_181444-1024x768.jpg\" alt=\"\" class=\"wp-image-19436\" srcset=\"https:\/\/familie-weitgereist.de\/wp-content\/uploads\/2024\/08\/IMG_20240810_181444-1024x768.jpg 1024w, https:\/\/familie-weitgereist.de\/wp-content\/uploads\/2024\/08\/IMG_20240810_181444-300x225.jpg 300w, https:\/\/familie-weitgereist.de\/wp-content\/uploads\/2024\/08\/IMG_20240810_181444-768x576.jpg 768w, https:\/\/familie-weitgereist.de\/wp-content\/uploads\/2024\/08\/IMG_20240810_181444-1536x1152.jpg 1536w, https:\/\/familie-weitgereist.de\/wp-content\/uploads\/2024\/08\/IMG_20240810_181444-2048x1536.jpg 2048w, https:\/\/familie-weitgereist.de\/wp-content\/uploads\/2024\/08\/IMG_20240810_181444-1200x900.jpg 1200w, https:\/\/familie-weitgereist.de\/wp-content\/uploads\/2024\/08\/IMG_20240810_181444-1980x1485.jpg 1980w, https:\/\/familie-weitgereist.de\/wp-content\/uploads\/2024\/08\/IMG_20240810_181444-150x113.jpg 150w\" sizes=\"auto, (max-width: 1024px) 100vw, 1024px\" \/><\/figure>\n\n\n\n<h2 class=\"wp-block-heading\">Hansestadt Wismar<\/h2>\n\n\n\n<p>Die Hansestadt Wismar liegt an der Ostsee in Mecklenburg-Vorpommern. Es leben ca. 45.000 Menschen in dieser sch\u00f6nen Stadt. Seit 2002 geh\u00f6rt die <strong>historische Altstadt<\/strong> zum <strong>UNESCO Welterbe<\/strong>.<\/p>\n\n\n\n<p>Wir haben uns mit unseren Fahrr\u00e4dern auf den Weg gemacht um diese h\u00fcbsche Stadt zu entdecken.<\/p>\n\n\n\n<p>Der zentrale Marktplatz von Wismar ist beeindruckend. Wir bestaunten das <strong>Wahrzeichen der Stadt, die Wismarer Wasserkunst im Renaissancestil von 1602<\/strong>.<\/p>\n\n\n\n<figure class=\"wp-block-image size-large\"><img loading=\"lazy\" decoding=\"async\" width=\"1024\" height=\"768\" src=\"https:\/\/familie-weitgereist.de\/wp-content\/uploads\/2024\/08\/IMG_20240811_100426-1024x768.jpg\" alt=\"\" class=\"wp-image-19445\" srcset=\"https:\/\/familie-weitgereist.de\/wp-content\/uploads\/2024\/08\/IMG_20240811_100426-1024x768.jpg 1024w, https:\/\/familie-weitgereist.de\/wp-content\/uploads\/2024\/08\/IMG_20240811_100426-300x225.jpg 300w, https:\/\/familie-weitgereist.de\/wp-content\/uploads\/2024\/08\/IMG_20240811_100426-768x576.jpg 768w, https:\/\/familie-weitgereist.de\/wp-content\/uploads\/2024\/08\/IMG_20240811_100426-1536x1152.jpg 1536w, https:\/\/familie-weitgereist.de\/wp-content\/uploads\/2024\/08\/IMG_20240811_100426-2048x1536.jpg 2048w, https:\/\/familie-weitgereist.de\/wp-content\/uploads\/2024\/08\/IMG_20240811_100426-1200x900.jpg 1200w, https:\/\/familie-weitgereist.de\/wp-content\/uploads\/2024\/08\/IMG_20240811_100426-1980x1485.jpg 1980w, https:\/\/familie-weitgereist.de\/wp-content\/uploads\/2024\/08\/IMG_20240811_100426-150x113.jpg 150w\" sizes=\"auto, (max-width: 1024px) 100vw, 1024px\" \/><\/figure>\n\n\n\n<p>Am Marktplatz befindet sich auch das <strong>Backsteinhaus &#8222;Alter Schwede&#8220;, welches 1360 erbaut worden ist <\/strong>und heute als Restaurant genutzt wird.<\/p>\n\n\n\n<figure class=\"wp-block-image size-large\"><img loading=\"lazy\" decoding=\"async\" width=\"1024\" height=\"768\" src=\"https:\/\/familie-weitgereist.de\/wp-content\/uploads\/2024\/08\/IMG_20240811_100043-1024x768.jpg\" alt=\"\" class=\"wp-image-19446\" srcset=\"https:\/\/familie-weitgereist.de\/wp-content\/uploads\/2024\/08\/IMG_20240811_100043-1024x768.jpg 1024w, https:\/\/familie-weitgereist.de\/wp-content\/uploads\/2024\/08\/IMG_20240811_100043-300x225.jpg 300w, https:\/\/familie-weitgereist.de\/wp-content\/uploads\/2024\/08\/IMG_20240811_100043-768x576.jpg 768w, https:\/\/familie-weitgereist.de\/wp-content\/uploads\/2024\/08\/IMG_20240811_100043-1536x1152.jpg 1536w, https:\/\/familie-weitgereist.de\/wp-content\/uploads\/2024\/08\/IMG_20240811_100043-2048x1536.jpg 2048w, https:\/\/familie-weitgereist.de\/wp-content\/uploads\/2024\/08\/IMG_20240811_100043-1200x900.jpg 1200w, https:\/\/familie-weitgereist.de\/wp-content\/uploads\/2024\/08\/IMG_20240811_100043-1980x1485.jpg 1980w, https:\/\/familie-weitgereist.de\/wp-content\/uploads\/2024\/08\/IMG_20240811_100043-150x113.jpg 150w\" sizes=\"auto, (max-width: 1024px) 100vw, 1024px\" \/><\/figure>\n\n\n\n<p>Im Zentrum von Wismar stehen drei gro\u00dfe Backsteinkirchen. Die <strong>St.-Marienkirche aus dem 13. Jahrhundert <\/strong>wurde im 2. Weltkrieg 1945 stark besch\u00e4digt und 1960 gesprengt. Nur der Kirchturm blieb erhalten. Die Fl\u00e4che des Kirchenschiffs wurde mit Pfeilern nachgebaut.<\/p>\n\n\n\n<figure class=\"wp-block-image size-large\"><img loading=\"lazy\" decoding=\"async\" width=\"768\" height=\"1024\" src=\"https:\/\/familie-weitgereist.de\/wp-content\/uploads\/2024\/08\/IMG_20240811_102119-768x1024.jpg\" alt=\"\" class=\"wp-image-19451\" srcset=\"https:\/\/familie-weitgereist.de\/wp-content\/uploads\/2024\/08\/IMG_20240811_102119-768x1024.jpg 768w, https:\/\/familie-weitgereist.de\/wp-content\/uploads\/2024\/08\/IMG_20240811_102119-225x300.jpg 225w, https:\/\/familie-weitgereist.de\/wp-content\/uploads\/2024\/08\/IMG_20240811_102119-1152x1536.jpg 1152w, https:\/\/familie-weitgereist.de\/wp-content\/uploads\/2024\/08\/IMG_20240811_102119-1536x2048.jpg 1536w, https:\/\/familie-weitgereist.de\/wp-content\/uploads\/2024\/08\/IMG_20240811_102119-1200x1600.jpg 1200w, https:\/\/familie-weitgereist.de\/wp-content\/uploads\/2024\/08\/IMG_20240811_102119-1980x2640.jpg 1980w, https:\/\/familie-weitgereist.de\/wp-content\/uploads\/2024\/08\/IMG_20240811_102119-640x853.jpg 640w, https:\/\/familie-weitgereist.de\/wp-content\/uploads\/2024\/08\/IMG_20240811_102119-150x200.jpg 150w, https:\/\/familie-weitgereist.de\/wp-content\/uploads\/2024\/08\/IMG_20240811_102119-scaled.jpg 1920w\" sizes=\"auto, (max-width: 768px) 100vw, 768px\" \/><\/figure>\n\n\n\n<p>Der <strong>historische Hafen<\/strong> von Wismar zieht heute allerlei Besucher an. Das maritime Flair wird durch die Schiffe im Hafen erzeugt und ein leckeres Fischbr\u00f6tchen kann genossen werden. Wismar stieg im Mittelalter durch seine gesch\u00fctzte Lage in der Wismarer Bucht zu einer der wichtigsten Hansest\u00e4dte auf.<\/p>\n\n\n\n<figure class=\"wp-block-gallery has-nested-images columns-default is-cropped wp-block-gallery-1 is-layout-flex wp-block-gallery-is-layout-flex\">\n<figure class=\"wp-block-image size-large\"><img loading=\"lazy\" decoding=\"async\" width=\"1024\" height=\"768\" data-id=\"19457\" src=\"https:\/\/familie-weitgereist.de\/wp-content\/uploads\/2024\/08\/IMG_20240811_111542-1024x768.jpg\" alt=\"\" class=\"wp-image-19457\" srcset=\"https:\/\/familie-weitgereist.de\/wp-content\/uploads\/2024\/08\/IMG_20240811_111542-1024x768.jpg 1024w, https:\/\/familie-weitgereist.de\/wp-content\/uploads\/2024\/08\/IMG_20240811_111542-300x225.jpg 300w, https:\/\/familie-weitgereist.de\/wp-content\/uploads\/2024\/08\/IMG_20240811_111542-768x576.jpg 768w, https:\/\/familie-weitgereist.de\/wp-content\/uploads\/2024\/08\/IMG_20240811_111542-1536x1152.jpg 1536w, https:\/\/familie-weitgereist.de\/wp-content\/uploads\/2024\/08\/IMG_20240811_111542-2048x1536.jpg 2048w, https:\/\/familie-weitgereist.de\/wp-content\/uploads\/2024\/08\/IMG_20240811_111542-1200x900.jpg 1200w, https:\/\/familie-weitgereist.de\/wp-content\/uploads\/2024\/08\/IMG_20240811_111542-1980x1485.jpg 1980w, https:\/\/familie-weitgereist.de\/wp-content\/uploads\/2024\/08\/IMG_20240811_111542-150x113.jpg 150w\" sizes=\"auto, (max-width: 1024px) 100vw, 1024px\" \/><\/figure>\n\n\n\n<figure class=\"wp-block-image size-large\"><img loading=\"lazy\" decoding=\"async\" width=\"1024\" height=\"768\" data-id=\"19458\" src=\"https:\/\/familie-weitgereist.de\/wp-content\/uploads\/2024\/08\/IMG_20240811_111459-1024x768.jpg\" alt=\"\" class=\"wp-image-19458\" srcset=\"https:\/\/familie-weitgereist.de\/wp-content\/uploads\/2024\/08\/IMG_20240811_111459-1024x768.jpg 1024w, https:\/\/familie-weitgereist.de\/wp-content\/uploads\/2024\/08\/IMG_20240811_111459-300x225.jpg 300w, https:\/\/familie-weitgereist.de\/wp-content\/uploads\/2024\/08\/IMG_20240811_111459-768x576.jpg 768w, https:\/\/familie-weitgereist.de\/wp-content\/uploads\/2024\/08\/IMG_20240811_111459-1536x1152.jpg 1536w, https:\/\/familie-weitgereist.de\/wp-content\/uploads\/2024\/08\/IMG_20240811_111459-2048x1536.jpg 2048w, https:\/\/familie-weitgereist.de\/wp-content\/uploads\/2024\/08\/IMG_20240811_111459-1200x900.jpg 1200w, https:\/\/familie-weitgereist.de\/wp-content\/uploads\/2024\/08\/IMG_20240811_111459-1980x1485.jpg 1980w, https:\/\/familie-weitgereist.de\/wp-content\/uploads\/2024\/08\/IMG_20240811_111459-150x113.jpg 150w\" sizes=\"auto, (max-width: 1024px) 100vw, 1024px\" \/><\/figure>\n<\/figure>\n\n\n\n<p>Das <strong>Wassertor am Alten Hafen <\/strong>ist heute das einzige \u00dcberbleibsel der <strong>mittelalterlichen Stadtbefestigung<\/strong>.<\/p>\n\n\n\n<figure class=\"wp-block-image size-large\"><img loading=\"lazy\" decoding=\"async\" width=\"1024\" height=\"768\" src=\"https:\/\/familie-weitgereist.de\/wp-content\/uploads\/2024\/08\/IMG_20240811_111427-1024x768.jpg\" alt=\"\" class=\"wp-image-19456\" srcset=\"https:\/\/familie-weitgereist.de\/wp-content\/uploads\/2024\/08\/IMG_20240811_111427-1024x768.jpg 1024w, https:\/\/familie-weitgereist.de\/wp-content\/uploads\/2024\/08\/IMG_20240811_111427-300x225.jpg 300w, https:\/\/familie-weitgereist.de\/wp-content\/uploads\/2024\/08\/IMG_20240811_111427-768x576.jpg 768w, https:\/\/familie-weitgereist.de\/wp-content\/uploads\/2024\/08\/IMG_20240811_111427-1536x1152.jpg 1536w, https:\/\/familie-weitgereist.de\/wp-content\/uploads\/2024\/08\/IMG_20240811_111427-2048x1536.jpg 2048w, https:\/\/familie-weitgereist.de\/wp-content\/uploads\/2024\/08\/IMG_20240811_111427-1200x900.jpg 1200w, https:\/\/familie-weitgereist.de\/wp-content\/uploads\/2024\/08\/IMG_20240811_111427-1980x1485.jpg 1980w, https:\/\/familie-weitgereist.de\/wp-content\/uploads\/2024\/08\/IMG_20240811_111427-150x113.jpg 150w\" sizes=\"auto, (max-width: 1024px) 100vw, 1024px\" \/><\/figure>\n\n\n\n<p>Das &#8222;<strong>Rote Haus<\/strong>&#8220; am Ende der Grube liegt kurz vor dem Alten Hafen. Es wird heute als Feriendomizil genutzt, diente jedoch einst als Gew\u00f6lbe, wo die Qualit\u00e4t von Weinen \u00fcberpr\u00fcft worden ist. Es ist eines der <strong>Wahrzeichen von Wismar<\/strong>!<\/p>\n\n\n\n<figure class=\"wp-block-image size-large\"><img loading=\"lazy\" decoding=\"async\" width=\"1024\" height=\"768\" src=\"https:\/\/familie-weitgereist.de\/wp-content\/uploads\/2024\/08\/IMG_20240811_105159-1024x768.jpg\" alt=\"\" class=\"wp-image-19462\" srcset=\"https:\/\/familie-weitgereist.de\/wp-content\/uploads\/2024\/08\/IMG_20240811_105159-1024x768.jpg 1024w, https:\/\/familie-weitgereist.de\/wp-content\/uploads\/2024\/08\/IMG_20240811_105159-300x225.jpg 300w, https:\/\/familie-weitgereist.de\/wp-content\/uploads\/2024\/08\/IMG_20240811_105159-768x576.jpg 768w, https:\/\/familie-weitgereist.de\/wp-content\/uploads\/2024\/08\/IMG_20240811_105159-1536x1152.jpg 1536w, https:\/\/familie-weitgereist.de\/wp-content\/uploads\/2024\/08\/IMG_20240811_105159-2048x1536.jpg 2048w, https:\/\/familie-weitgereist.de\/wp-content\/uploads\/2024\/08\/IMG_20240811_105159-1200x900.jpg 1200w, https:\/\/familie-weitgereist.de\/wp-content\/uploads\/2024\/08\/IMG_20240811_105159-1980x1485.jpg 1980w, https:\/\/familie-weitgereist.de\/wp-content\/uploads\/2024\/08\/IMG_20240811_105159-150x113.jpg 150w\" sizes=\"auto, (max-width: 1024px) 100vw, 1024px\" \/><\/figure>\n\n\n\n<p>Der <strong>idyllische Lindengarten<\/strong> befindet sich in der N\u00e4he des Hauptbahnhofes. Nachdem wir am Alten Hafen ein leckeres Fischbr\u00f6tchen genossen haben, waren wir auf der Suche nach einem sch\u00f6nen Spielplatz und den haben wir auch gefunden. Im Lindengarten gibt es viele Liegewiesen, B\u00e4nke und diesen grandiosen Zugspielplatz. Er bietet f\u00fcr kleine und gro\u00dfe Besucher allerhand zu entdecken. Es gibt einen Kleinkindbereich mit Rutsche und Kletterger\u00fcst im Zugstyle.<\/p>\n\n\n\n<figure class=\"wp-block-image size-large\"><img loading=\"lazy\" decoding=\"async\" width=\"1024\" height=\"768\" src=\"https:\/\/familie-weitgereist.de\/wp-content\/uploads\/2024\/08\/IMG_20240811_115723-1024x768.jpg\" alt=\"\" class=\"wp-image-19467\" srcset=\"https:\/\/familie-weitgereist.de\/wp-content\/uploads\/2024\/08\/IMG_20240811_115723-1024x768.jpg 1024w, https:\/\/familie-weitgereist.de\/wp-content\/uploads\/2024\/08\/IMG_20240811_115723-300x225.jpg 300w, https:\/\/familie-weitgereist.de\/wp-content\/uploads\/2024\/08\/IMG_20240811_115723-768x576.jpg 768w, https:\/\/familie-weitgereist.de\/wp-content\/uploads\/2024\/08\/IMG_20240811_115723-1536x1152.jpg 1536w, https:\/\/familie-weitgereist.de\/wp-content\/uploads\/2024\/08\/IMG_20240811_115723-2048x1536.jpg 2048w, https:\/\/familie-weitgereist.de\/wp-content\/uploads\/2024\/08\/IMG_20240811_115723-1200x900.jpg 1200w, https:\/\/familie-weitgereist.de\/wp-content\/uploads\/2024\/08\/IMG_20240811_115723-1980x1485.jpg 1980w, https:\/\/familie-weitgereist.de\/wp-content\/uploads\/2024\/08\/IMG_20240811_115723-150x113.jpg 150w\" sizes=\"auto, (max-width: 1024px) 100vw, 1024px\" \/><\/figure>\n\n\n\n<p>Fur gr\u00f6\u00dfere Kinder steht ein gro\u00dfer Zug zum Spielen bereit. Das Highlight ist definitiv die Bef\u00f6rderungswanne zwischen den Z\u00fcgen.<\/p>\n\n\n\n<figure class=\"wp-block-image size-large\"><img loading=\"lazy\" decoding=\"async\" width=\"1024\" height=\"768\" src=\"https:\/\/familie-weitgereist.de\/wp-content\/uploads\/2024\/08\/IMG_20240811_122323-1024x768.jpg\" alt=\"\" class=\"wp-image-19469\" srcset=\"https:\/\/familie-weitgereist.de\/wp-content\/uploads\/2024\/08\/IMG_20240811_122323-1024x768.jpg 1024w, https:\/\/familie-weitgereist.de\/wp-content\/uploads\/2024\/08\/IMG_20240811_122323-300x225.jpg 300w, https:\/\/familie-weitgereist.de\/wp-content\/uploads\/2024\/08\/IMG_20240811_122323-768x576.jpg 768w, https:\/\/familie-weitgereist.de\/wp-content\/uploads\/2024\/08\/IMG_20240811_122323-1536x1152.jpg 1536w, https:\/\/familie-weitgereist.de\/wp-content\/uploads\/2024\/08\/IMG_20240811_122323-2048x1536.jpg 2048w, https:\/\/familie-weitgereist.de\/wp-content\/uploads\/2024\/08\/IMG_20240811_122323-1200x900.jpg 1200w, https:\/\/familie-weitgereist.de\/wp-content\/uploads\/2024\/08\/IMG_20240811_122323-1980x1485.jpg 1980w, https:\/\/familie-weitgereist.de\/wp-content\/uploads\/2024\/08\/IMG_20240811_122323-150x113.jpg 150w\" sizes=\"auto, (max-width: 1024px) 100vw, 1024px\" \/><\/figure>\n\n\n\n<p>Es gibt zwei gro\u00dfe Rutschen, ein weiteres Kletterger\u00fcst, ein Trampolin und Schaukeln mit Babyschaukel.<\/p>\n\n\n\n<figure class=\"wp-block-image size-large\"><img loading=\"lazy\" decoding=\"async\" width=\"1024\" height=\"768\" src=\"https:\/\/familie-weitgereist.de\/wp-content\/uploads\/2024\/08\/IMG_20240811_114101-1024x768.jpg\" alt=\"\" class=\"wp-image-19470\" srcset=\"https:\/\/familie-weitgereist.de\/wp-content\/uploads\/2024\/08\/IMG_20240811_114101-1024x768.jpg 1024w, https:\/\/familie-weitgereist.de\/wp-content\/uploads\/2024\/08\/IMG_20240811_114101-300x225.jpg 300w, https:\/\/familie-weitgereist.de\/wp-content\/uploads\/2024\/08\/IMG_20240811_114101-768x576.jpg 768w, https:\/\/familie-weitgereist.de\/wp-content\/uploads\/2024\/08\/IMG_20240811_114101-1536x1152.jpg 1536w, https:\/\/familie-weitgereist.de\/wp-content\/uploads\/2024\/08\/IMG_20240811_114101-2048x1536.jpg 2048w, https:\/\/familie-weitgereist.de\/wp-content\/uploads\/2024\/08\/IMG_20240811_114101-1200x900.jpg 1200w, https:\/\/familie-weitgereist.de\/wp-content\/uploads\/2024\/08\/IMG_20240811_114101-1980x1485.jpg 1980w, https:\/\/familie-weitgereist.de\/wp-content\/uploads\/2024\/08\/IMG_20240811_114101-150x113.jpg 150w\" sizes=\"auto, (max-width: 1024px) 100vw, 1024px\" \/><\/figure>\n\n\n\n<p>Wismar eignet sich wunderbar f\u00fcr einen St\u00e4dtetrip. Die kleine Hansestadt mit mittelalterlichem Flair \u00fcberzeugte uns total!<\/p>\n","protected":false},"excerpt":{"rendered":"<p>Wir haben einen Kurzurlaub auf der Insel Poel und in Wismar unternommen. Im Rahmen unserer Camper Reise durch Schweden und Norwegen, haben wir auf der R\u00fcckreise, nachdem wir in Rostock mit der F\u00e4hre ankamen, die sch\u00f6ne Insel und die herrliche Hafenstadt erkundet. Insel Poel Die 37 km\u00b2 gro\u00dfe Insel ist \u00fcber eine kleine Br\u00fccke an [&hellip;]<\/p>\n","protected":false},"author":3,"featured_media":19462,"comment_status":"open","ping_status":"open","sticky":false,"template":"","format":"standard","meta":{"_themeisle_gutenberg_block_has_review":false,"footnotes":""},"categories":[242,1757,377],"tags":[325,1418,1421,343,1420,1419],"class_list":["post-19419","post","type-post","status-publish","format-standard","has-post-thumbnail","hentry","category-deutschland","category-mecklenburg-vorpommern","category-spielplaetze","tag-deutschland","tag-insel-poel","tag-kirchdorf","tag-mecklenburg-vorpommern","tag-timmendorf-strand","tag-wismar"],"_links":{"self":[{"href":"https:\/\/familie-weitgereist.de\/index.php?rest_route=\/wp\/v2\/posts\/19419","targetHints":{"allow":["GET"]}}],"collection":[{"href":"https:\/\/familie-weitgereist.de\/index.php?rest_route=\/wp\/v2\/posts"}],"about":[{"href":"https:\/\/familie-weitgereist.de\/index.php?rest_route=\/wp\/v2\/types\/post"}],"author":[{"embeddable":true,"href":"https:\/\/familie-weitgereist.de\/index.php?rest_route=\/wp\/v2\/users\/3"}],"replies":[{"embeddable":true,"href":"https:\/\/familie-weitgereist.de\/index.php?rest_route=%2Fwp%2Fv2%2Fcomments&post=19419"}],"version-history":[{"count":45,"href":"https:\/\/familie-weitgereist.de\/index.php?rest_route=\/wp\/v2\/posts\/19419\/revisions"}],"predecessor-version":[{"id":23345,"href":"https:\/\/familie-weitgereist.de\/index.php?rest_route=\/wp\/v2\/posts\/19419\/revisions\/23345"}],"wp:featuredmedia":[{"embeddable":true,"href":"https:\/\/familie-weitgereist.de\/index.php?rest_route=\/wp\/v2\/media\/19462"}],"wp:attachment":[{"href":"https:\/\/familie-weitgereist.de\/index.php?rest_route=%2Fwp%2Fv2%2Fmedia&parent=19419"}],"wp:term":[{"taxonomy":"category","embeddable":true,"href":"https:\/\/familie-weitgereist.de\/index.php?rest_route=%2Fwp%2Fv2%2Fcategories&post=19419"},{"taxonomy":"post_tag","embeddable":true,"href":"https:\/\/familie-weitgereist.de\/index.php?rest_route=%2Fwp%2Fv2%2Ftags&post=19419"}],"curies":[{"name":"wp","href":"https:\/\/api.w.org\/{rel}","templated":true}]}}