{"id":19307,"date":"2024-08-11T14:15:20","date_gmt":"2024-08-11T12:15:20","guid":{"rendered":"https:\/\/familie-weitgereist.de\/?p=19307"},"modified":"2025-09-29T23:43:18","modified_gmt":"2025-09-29T21:43:18","slug":"camper-roadtrip-oeland-schweden","status":"publish","type":"post","link":"https:\/\/familie-weitgereist.de\/?p=19307","title":{"rendered":"Camper Roadtrip \u00d6land, Schweden mit kleinen Kindern"},"content":{"rendered":"\n<p>\u00d6land ist die <strong>sonnenreichste Insel Schwedens<\/strong> und liegt im S\u00fcden in der Ostsee. Sie ist die zweitgr\u00f6\u00dfte Insel Schwedens, nach Gotland. Die Insel ist 137 km lang und maximal 16 km breit. Es leben ca. 26.000 Einwohner auf der Insel. In den Sommermonaten zieht sie zahlreiche Besucher an.<\/p>\n\n\n\n<p>Sogar die schwedische K\u00f6nigsfamilie verbringt seit mehr als 100 Jahren ihren Sommerurlaub auf der kleinen Insel.<\/p>\n\n\n\n<p>Die herrliche Natur, das milde Klima, viele Wander- und Fahrradwege und zahlreiche sch\u00f6ne Badestellen machen \u00d6land zu einem perfekten Ziel f\u00fcr einen Sommerurlaub mit Kindern.<\/p>\n\n\n\n<p>Die <strong>Anreise nach \u00d6land ist unkompliziert<\/strong>, denn sie ist seit den 1970er Jahren durch die \u00d6landbr\u00fccke mit dem Festland verbunden.<\/p>\n\n\n\n<p>Im Jahr 2000 wurde ein Gro\u00dfteil der Insel sogar zum <strong>UNESCO Welterbe<\/strong> ernannt, die <strong>Agrarlandschaft S\u00fcd\u00f6lands<\/strong>.<\/p>\n\n\n\n<h2 class=\"wp-block-heading\">Borgholm<\/h2>\n\n\n\n<p>Die Stadt Borgholm liegt an der Westk\u00fcste von \u00d6land. In Borgholm leben ca. 3000 Menschen. Wir haben eine Fahrradtour durch die Stadt gemacht und einen sch\u00f6nen Spielplatz entdeckt.<\/p>\n\n\n\n<figure class=\"wp-block-gallery has-nested-images columns-default is-cropped wp-block-gallery-1 is-layout-flex wp-block-gallery-is-layout-flex\">\n<figure class=\"wp-block-image size-large\"><img loading=\"lazy\" decoding=\"async\" width=\"1024\" height=\"768\" data-id=\"19329\" src=\"https:\/\/familie-weitgereist.de\/wp-content\/uploads\/2024\/08\/IMG_20240806_165747-1024x768.jpg\" alt=\"\" class=\"wp-image-19329\" srcset=\"https:\/\/familie-weitgereist.de\/wp-content\/uploads\/2024\/08\/IMG_20240806_165747-1024x768.jpg 1024w, https:\/\/familie-weitgereist.de\/wp-content\/uploads\/2024\/08\/IMG_20240806_165747-300x225.jpg 300w, https:\/\/familie-weitgereist.de\/wp-content\/uploads\/2024\/08\/IMG_20240806_165747-768x576.jpg 768w, https:\/\/familie-weitgereist.de\/wp-content\/uploads\/2024\/08\/IMG_20240806_165747-1536x1152.jpg 1536w, https:\/\/familie-weitgereist.de\/wp-content\/uploads\/2024\/08\/IMG_20240806_165747-2048x1536.jpg 2048w, https:\/\/familie-weitgereist.de\/wp-content\/uploads\/2024\/08\/IMG_20240806_165747-1200x900.jpg 1200w, https:\/\/familie-weitgereist.de\/wp-content\/uploads\/2024\/08\/IMG_20240806_165747-1980x1485.jpg 1980w, https:\/\/familie-weitgereist.de\/wp-content\/uploads\/2024\/08\/IMG_20240806_165747-150x113.jpg 150w\" sizes=\"auto, (max-width: 1024px) 100vw, 1024px\" \/><\/figure>\n\n\n\n<figure class=\"wp-block-image size-large\"><img loading=\"lazy\" decoding=\"async\" width=\"1024\" height=\"768\" data-id=\"19327\" src=\"https:\/\/familie-weitgereist.de\/wp-content\/uploads\/2024\/08\/IMG_20240806_164750-1024x768.jpg\" alt=\"\" class=\"wp-image-19327\" srcset=\"https:\/\/familie-weitgereist.de\/wp-content\/uploads\/2024\/08\/IMG_20240806_164750-1024x768.jpg 1024w, https:\/\/familie-weitgereist.de\/wp-content\/uploads\/2024\/08\/IMG_20240806_164750-300x225.jpg 300w, https:\/\/familie-weitgereist.de\/wp-content\/uploads\/2024\/08\/IMG_20240806_164750-768x576.jpg 768w, https:\/\/familie-weitgereist.de\/wp-content\/uploads\/2024\/08\/IMG_20240806_164750-1536x1152.jpg 1536w, https:\/\/familie-weitgereist.de\/wp-content\/uploads\/2024\/08\/IMG_20240806_164750-2048x1536.jpg 2048w, https:\/\/familie-weitgereist.de\/wp-content\/uploads\/2024\/08\/IMG_20240806_164750-1200x900.jpg 1200w, https:\/\/familie-weitgereist.de\/wp-content\/uploads\/2024\/08\/IMG_20240806_164750-1980x1485.jpg 1980w, https:\/\/familie-weitgereist.de\/wp-content\/uploads\/2024\/08\/IMG_20240806_164750-150x113.jpg 150w\" sizes=\"auto, (max-width: 1024px) 100vw, 1024px\" \/><\/figure>\n\n\n\n<figure class=\"wp-block-image size-large\"><img loading=\"lazy\" decoding=\"async\" width=\"1024\" height=\"768\" data-id=\"19328\" src=\"https:\/\/familie-weitgereist.de\/wp-content\/uploads\/2024\/08\/IMG_20240806_163849-1024x768.jpg\" alt=\"\" class=\"wp-image-19328\" srcset=\"https:\/\/familie-weitgereist.de\/wp-content\/uploads\/2024\/08\/IMG_20240806_163849-1024x768.jpg 1024w, https:\/\/familie-weitgereist.de\/wp-content\/uploads\/2024\/08\/IMG_20240806_163849-300x225.jpg 300w, https:\/\/familie-weitgereist.de\/wp-content\/uploads\/2024\/08\/IMG_20240806_163849-768x576.jpg 768w, https:\/\/familie-weitgereist.de\/wp-content\/uploads\/2024\/08\/IMG_20240806_163849-1536x1152.jpg 1536w, https:\/\/familie-weitgereist.de\/wp-content\/uploads\/2024\/08\/IMG_20240806_163849-2048x1536.jpg 2048w, https:\/\/familie-weitgereist.de\/wp-content\/uploads\/2024\/08\/IMG_20240806_163849-1200x900.jpg 1200w, https:\/\/familie-weitgereist.de\/wp-content\/uploads\/2024\/08\/IMG_20240806_163849-1980x1485.jpg 1980w, https:\/\/familie-weitgereist.de\/wp-content\/uploads\/2024\/08\/IMG_20240806_163849-150x113.jpg 150w\" sizes=\"auto, (max-width: 1024px) 100vw, 1024px\" \/><\/figure>\n\n\n\n<figure class=\"wp-block-image size-large\"><img loading=\"lazy\" decoding=\"async\" width=\"1024\" height=\"768\" data-id=\"19326\" src=\"https:\/\/familie-weitgereist.de\/wp-content\/uploads\/2024\/08\/IMG_20240806_163559-1024x768.jpg\" alt=\"\" class=\"wp-image-19326\" srcset=\"https:\/\/familie-weitgereist.de\/wp-content\/uploads\/2024\/08\/IMG_20240806_163559-1024x768.jpg 1024w, https:\/\/familie-weitgereist.de\/wp-content\/uploads\/2024\/08\/IMG_20240806_163559-300x225.jpg 300w, https:\/\/familie-weitgereist.de\/wp-content\/uploads\/2024\/08\/IMG_20240806_163559-768x576.jpg 768w, https:\/\/familie-weitgereist.de\/wp-content\/uploads\/2024\/08\/IMG_20240806_163559-1536x1152.jpg 1536w, https:\/\/familie-weitgereist.de\/wp-content\/uploads\/2024\/08\/IMG_20240806_163559-2048x1536.jpg 2048w, https:\/\/familie-weitgereist.de\/wp-content\/uploads\/2024\/08\/IMG_20240806_163559-1200x900.jpg 1200w, https:\/\/familie-weitgereist.de\/wp-content\/uploads\/2024\/08\/IMG_20240806_163559-1980x1485.jpg 1980w, https:\/\/familie-weitgereist.de\/wp-content\/uploads\/2024\/08\/IMG_20240806_163559-150x113.jpg 150w\" sizes=\"auto, (max-width: 1024px) 100vw, 1024px\" \/><\/figure>\n<\/figure>\n\n\n\n<h2 class=\"wp-block-heading\">Schloss Borgholm<\/h2>\n\n\n\n<p>Schloss Borgholm geh\u00f6rt zu den <strong>bedeutendsten Schl\u00f6ssern in Schweden<\/strong>. Aufgrund eines Brandes im Jahre 1806 ist es nur noch als Ruine erhalten. Alles verbrannte, nur die starken Schlossmauern hielten stand. Ein Besuch ist dennoch sehr lohnenswert.<\/p>\n\n\n\n<figure class=\"wp-block-image size-large\"><img loading=\"lazy\" decoding=\"async\" width=\"1024\" height=\"768\" src=\"https:\/\/familie-weitgereist.de\/wp-content\/uploads\/2024\/08\/IMG_20240808_151635-1024x768.jpg\" alt=\"\" class=\"wp-image-19388\" srcset=\"https:\/\/familie-weitgereist.de\/wp-content\/uploads\/2024\/08\/IMG_20240808_151635-1024x768.jpg 1024w, https:\/\/familie-weitgereist.de\/wp-content\/uploads\/2024\/08\/IMG_20240808_151635-300x225.jpg 300w, https:\/\/familie-weitgereist.de\/wp-content\/uploads\/2024\/08\/IMG_20240808_151635-768x576.jpg 768w, https:\/\/familie-weitgereist.de\/wp-content\/uploads\/2024\/08\/IMG_20240808_151635-1536x1152.jpg 1536w, https:\/\/familie-weitgereist.de\/wp-content\/uploads\/2024\/08\/IMG_20240808_151635-2048x1536.jpg 2048w, https:\/\/familie-weitgereist.de\/wp-content\/uploads\/2024\/08\/IMG_20240808_151635-1200x900.jpg 1200w, https:\/\/familie-weitgereist.de\/wp-content\/uploads\/2024\/08\/IMG_20240808_151635-1980x1485.jpg 1980w, https:\/\/familie-weitgereist.de\/wp-content\/uploads\/2024\/08\/IMG_20240808_151635-150x113.jpg 150w\" sizes=\"auto, (max-width: 1024px) 100vw, 1024px\" \/><\/figure>\n\n\n\n<p>Das Burgschloss ist aus einem Wehrturm im 12. Jahrhundert entstanden und hatte w\u00e4hrend der Kriege zwischen D\u00e4nemark und Schweden eine hohe Bedeutung. Es entwickelte sich im Laufe der Zeit ein gro\u00dfes Schloss mit mehreren Fl\u00fcgeln. Das Schloss verlor an Bedeutung, als die Kriege zwischen den D\u00e4nen und Schweden beendet waren. Neuere Schl\u00f6sser entstanden in der Region um Stockholm und die Ostsee musste nicht mehr verteidigt werden.<\/p>\n\n\n\n<p>Im Schloss werden <strong>viele Aktivit\u00e4ten f\u00fcr Kinder<\/strong> angeboten. Es gibt eine Bastel- und Malecke, Bogenschie\u00dfen, einen Hindernisparcours, sogar eine Schatzsuche mit Belohnung am Ende kann gemacht werden. Daf\u00fcr gibt es eine Stempelkarte und die Kinder k\u00f6nnen sogar zum Ritter geschlagen werden.<\/p>\n\n\n\n<figure class=\"wp-block-gallery has-nested-images columns-default is-cropped wp-block-gallery-2 is-layout-flex wp-block-gallery-is-layout-flex\">\n<figure class=\"wp-block-image size-large\"><img loading=\"lazy\" decoding=\"async\" width=\"1024\" height=\"768\" data-id=\"19394\" src=\"https:\/\/familie-weitgereist.de\/wp-content\/uploads\/2024\/08\/IMG_20240808_122651-1024x768.jpg\" alt=\"\" class=\"wp-image-19394\" srcset=\"https:\/\/familie-weitgereist.de\/wp-content\/uploads\/2024\/08\/IMG_20240808_122651-1024x768.jpg 1024w, https:\/\/familie-weitgereist.de\/wp-content\/uploads\/2024\/08\/IMG_20240808_122651-300x225.jpg 300w, https:\/\/familie-weitgereist.de\/wp-content\/uploads\/2024\/08\/IMG_20240808_122651-768x576.jpg 768w, https:\/\/familie-weitgereist.de\/wp-content\/uploads\/2024\/08\/IMG_20240808_122651-1536x1152.jpg 1536w, https:\/\/familie-weitgereist.de\/wp-content\/uploads\/2024\/08\/IMG_20240808_122651-2048x1536.jpg 2048w, https:\/\/familie-weitgereist.de\/wp-content\/uploads\/2024\/08\/IMG_20240808_122651-1200x900.jpg 1200w, https:\/\/familie-weitgereist.de\/wp-content\/uploads\/2024\/08\/IMG_20240808_122651-1980x1485.jpg 1980w, https:\/\/familie-weitgereist.de\/wp-content\/uploads\/2024\/08\/IMG_20240808_122651-150x113.jpg 150w\" sizes=\"auto, (max-width: 1024px) 100vw, 1024px\" \/><\/figure>\n\n\n\n<figure class=\"wp-block-image size-large\"><img loading=\"lazy\" decoding=\"async\" width=\"1024\" height=\"768\" data-id=\"19395\" src=\"https:\/\/familie-weitgereist.de\/wp-content\/uploads\/2024\/08\/IMG_20240808_110803-1024x768.jpg\" alt=\"\" class=\"wp-image-19395\" srcset=\"https:\/\/familie-weitgereist.de\/wp-content\/uploads\/2024\/08\/IMG_20240808_110803-1024x768.jpg 1024w, https:\/\/familie-weitgereist.de\/wp-content\/uploads\/2024\/08\/IMG_20240808_110803-300x225.jpg 300w, https:\/\/familie-weitgereist.de\/wp-content\/uploads\/2024\/08\/IMG_20240808_110803-768x576.jpg 768w, https:\/\/familie-weitgereist.de\/wp-content\/uploads\/2024\/08\/IMG_20240808_110803-1536x1152.jpg 1536w, https:\/\/familie-weitgereist.de\/wp-content\/uploads\/2024\/08\/IMG_20240808_110803-2048x1536.jpg 2048w, https:\/\/familie-weitgereist.de\/wp-content\/uploads\/2024\/08\/IMG_20240808_110803-1200x900.jpg 1200w, https:\/\/familie-weitgereist.de\/wp-content\/uploads\/2024\/08\/IMG_20240808_110803-1980x1485.jpg 1980w, https:\/\/familie-weitgereist.de\/wp-content\/uploads\/2024\/08\/IMG_20240808_110803-150x113.jpg 150w\" sizes=\"auto, (max-width: 1024px) 100vw, 1024px\" \/><\/figure>\n\n\n\n<figure class=\"wp-block-image size-large\"><img loading=\"lazy\" decoding=\"async\" width=\"1024\" height=\"768\" data-id=\"19393\" src=\"https:\/\/familie-weitgereist.de\/wp-content\/uploads\/2024\/08\/IMG_20240808_103517-1024x768.jpg\" alt=\"\" class=\"wp-image-19393\" srcset=\"https:\/\/familie-weitgereist.de\/wp-content\/uploads\/2024\/08\/IMG_20240808_103517-1024x768.jpg 1024w, https:\/\/familie-weitgereist.de\/wp-content\/uploads\/2024\/08\/IMG_20240808_103517-300x225.jpg 300w, https:\/\/familie-weitgereist.de\/wp-content\/uploads\/2024\/08\/IMG_20240808_103517-768x576.jpg 768w, https:\/\/familie-weitgereist.de\/wp-content\/uploads\/2024\/08\/IMG_20240808_103517-1536x1152.jpg 1536w, https:\/\/familie-weitgereist.de\/wp-content\/uploads\/2024\/08\/IMG_20240808_103517-2048x1536.jpg 2048w, https:\/\/familie-weitgereist.de\/wp-content\/uploads\/2024\/08\/IMG_20240808_103517-1200x900.jpg 1200w, https:\/\/familie-weitgereist.de\/wp-content\/uploads\/2024\/08\/IMG_20240808_103517-1980x1485.jpg 1980w, https:\/\/familie-weitgereist.de\/wp-content\/uploads\/2024\/08\/IMG_20240808_103517-150x113.jpg 150w\" sizes=\"auto, (max-width: 1024px) 100vw, 1024px\" \/><\/figure>\n\n\n\n<figure class=\"wp-block-image size-large\"><img loading=\"lazy\" decoding=\"async\" width=\"768\" height=\"1024\" data-id=\"19392\" src=\"https:\/\/familie-weitgereist.de\/wp-content\/uploads\/2024\/08\/IMG_20240808_100907-768x1024.jpg\" alt=\"\" class=\"wp-image-19392\" srcset=\"https:\/\/familie-weitgereist.de\/wp-content\/uploads\/2024\/08\/IMG_20240808_100907-768x1024.jpg 768w, https:\/\/familie-weitgereist.de\/wp-content\/uploads\/2024\/08\/IMG_20240808_100907-225x300.jpg 225w, https:\/\/familie-weitgereist.de\/wp-content\/uploads\/2024\/08\/IMG_20240808_100907-1152x1536.jpg 1152w, https:\/\/familie-weitgereist.de\/wp-content\/uploads\/2024\/08\/IMG_20240808_100907-1536x2048.jpg 1536w, https:\/\/familie-weitgereist.de\/wp-content\/uploads\/2024\/08\/IMG_20240808_100907-1200x1600.jpg 1200w, https:\/\/familie-weitgereist.de\/wp-content\/uploads\/2024\/08\/IMG_20240808_100907-1980x2640.jpg 1980w, https:\/\/familie-weitgereist.de\/wp-content\/uploads\/2024\/08\/IMG_20240808_100907-640x853.jpg 640w, https:\/\/familie-weitgereist.de\/wp-content\/uploads\/2024\/08\/IMG_20240808_100907-150x200.jpg 150w, https:\/\/familie-weitgereist.de\/wp-content\/uploads\/2024\/08\/IMG_20240808_100907-scaled.jpg 1920w\" sizes=\"auto, (max-width: 768px) 100vw, 768px\" \/><\/figure>\n<\/figure>\n\n\n\n<p>Die dunklen G\u00e4nge des Schlosses k\u00f6nnen besichtigt werden und auch auf den Schlossmauern darf man laufen.<\/p>\n\n\n\n<figure class=\"wp-block-image size-large\"><img loading=\"lazy\" decoding=\"async\" width=\"1024\" height=\"768\" src=\"https:\/\/familie-weitgereist.de\/wp-content\/uploads\/2024\/08\/IMG_20240808_101729-1024x768.jpg\" alt=\"\" class=\"wp-image-19390\" srcset=\"https:\/\/familie-weitgereist.de\/wp-content\/uploads\/2024\/08\/IMG_20240808_101729-1024x768.jpg 1024w, https:\/\/familie-weitgereist.de\/wp-content\/uploads\/2024\/08\/IMG_20240808_101729-300x225.jpg 300w, https:\/\/familie-weitgereist.de\/wp-content\/uploads\/2024\/08\/IMG_20240808_101729-768x576.jpg 768w, https:\/\/familie-weitgereist.de\/wp-content\/uploads\/2024\/08\/IMG_20240808_101729-1536x1152.jpg 1536w, https:\/\/familie-weitgereist.de\/wp-content\/uploads\/2024\/08\/IMG_20240808_101729-2048x1536.jpg 2048w, https:\/\/familie-weitgereist.de\/wp-content\/uploads\/2024\/08\/IMG_20240808_101729-1200x900.jpg 1200w, https:\/\/familie-weitgereist.de\/wp-content\/uploads\/2024\/08\/IMG_20240808_101729-1980x1485.jpg 1980w, https:\/\/familie-weitgereist.de\/wp-content\/uploads\/2024\/08\/IMG_20240808_101729-150x113.jpg 150w\" sizes=\"auto, (max-width: 1024px) 100vw, 1024px\" \/><\/figure>\n\n\n\n<p>Erwachsene zahlen 120 SEK (ca. 10,44\u20ac), Kinder ab 5 Jahren zahlen 80 SEK (ca. 6,96\u20ac). (<em>Stand August 2024<\/em>)<\/p>\n\n\n\n<h2 class=\"wp-block-heading\">F\u00e4rjestaden<\/h2>\n\n\n\n<p>Wir haben eine wunderbare Zeit in F\u00e4rjestaden am Strand verbracht. Das Wasser der Ostsee ist so sch\u00f6n warm, es gab einen kleinen Sandstrand und sch\u00f6nen Spielplatz mit Wippe, zwei Schaukeln und Kletterger\u00fcst.<\/p>\n\n\n\n<figure class=\"wp-block-gallery has-nested-images columns-default is-cropped wp-block-gallery-3 is-layout-flex wp-block-gallery-is-layout-flex\">\n<figure class=\"wp-block-image size-large\"><img loading=\"lazy\" decoding=\"async\" width=\"1024\" height=\"768\" data-id=\"19408\" src=\"https:\/\/familie-weitgereist.de\/wp-content\/uploads\/2024\/08\/IMG_20240805_184735-1024x768.jpg\" alt=\"\" class=\"wp-image-19408\" srcset=\"https:\/\/familie-weitgereist.de\/wp-content\/uploads\/2024\/08\/IMG_20240805_184735-1024x768.jpg 1024w, https:\/\/familie-weitgereist.de\/wp-content\/uploads\/2024\/08\/IMG_20240805_184735-300x225.jpg 300w, https:\/\/familie-weitgereist.de\/wp-content\/uploads\/2024\/08\/IMG_20240805_184735-768x576.jpg 768w, https:\/\/familie-weitgereist.de\/wp-content\/uploads\/2024\/08\/IMG_20240805_184735-1536x1152.jpg 1536w, https:\/\/familie-weitgereist.de\/wp-content\/uploads\/2024\/08\/IMG_20240805_184735-2048x1536.jpg 2048w, https:\/\/familie-weitgereist.de\/wp-content\/uploads\/2024\/08\/IMG_20240805_184735-1200x900.jpg 1200w, https:\/\/familie-weitgereist.de\/wp-content\/uploads\/2024\/08\/IMG_20240805_184735-1980x1485.jpg 1980w, https:\/\/familie-weitgereist.de\/wp-content\/uploads\/2024\/08\/IMG_20240805_184735-150x113.jpg 150w\" sizes=\"auto, (max-width: 1024px) 100vw, 1024px\" \/><\/figure>\n\n\n\n<figure class=\"wp-block-image size-large\"><img loading=\"lazy\" decoding=\"async\" width=\"1024\" height=\"768\" data-id=\"19409\" src=\"https:\/\/familie-weitgereist.de\/wp-content\/uploads\/2024\/08\/IMG_20240805_184725-1024x768.jpg\" alt=\"\" class=\"wp-image-19409\" srcset=\"https:\/\/familie-weitgereist.de\/wp-content\/uploads\/2024\/08\/IMG_20240805_184725-1024x768.jpg 1024w, https:\/\/familie-weitgereist.de\/wp-content\/uploads\/2024\/08\/IMG_20240805_184725-300x225.jpg 300w, https:\/\/familie-weitgereist.de\/wp-content\/uploads\/2024\/08\/IMG_20240805_184725-768x576.jpg 768w, https:\/\/familie-weitgereist.de\/wp-content\/uploads\/2024\/08\/IMG_20240805_184725-1536x1152.jpg 1536w, https:\/\/familie-weitgereist.de\/wp-content\/uploads\/2024\/08\/IMG_20240805_184725-2048x1536.jpg 2048w, https:\/\/familie-weitgereist.de\/wp-content\/uploads\/2024\/08\/IMG_20240805_184725-1200x900.jpg 1200w, https:\/\/familie-weitgereist.de\/wp-content\/uploads\/2024\/08\/IMG_20240805_184725-1980x1485.jpg 1980w, https:\/\/familie-weitgereist.de\/wp-content\/uploads\/2024\/08\/IMG_20240805_184725-150x113.jpg 150w\" sizes=\"auto, (max-width: 1024px) 100vw, 1024px\" \/><\/figure>\n<\/figure>\n\n\n\n<figure class=\"wp-block-image size-large\"><img loading=\"lazy\" decoding=\"async\" width=\"1024\" height=\"768\" src=\"https:\/\/familie-weitgereist.de\/wp-content\/uploads\/2024\/08\/IMG_20240805_181153-1024x768.jpg\" alt=\"\" class=\"wp-image-19313\" srcset=\"https:\/\/familie-weitgereist.de\/wp-content\/uploads\/2024\/08\/IMG_20240805_181153-1024x768.jpg 1024w, https:\/\/familie-weitgereist.de\/wp-content\/uploads\/2024\/08\/IMG_20240805_181153-300x225.jpg 300w, https:\/\/familie-weitgereist.de\/wp-content\/uploads\/2024\/08\/IMG_20240805_181153-768x576.jpg 768w, https:\/\/familie-weitgereist.de\/wp-content\/uploads\/2024\/08\/IMG_20240805_181153-1536x1152.jpg 1536w, https:\/\/familie-weitgereist.de\/wp-content\/uploads\/2024\/08\/IMG_20240805_181153-2048x1536.jpg 2048w, https:\/\/familie-weitgereist.de\/wp-content\/uploads\/2024\/08\/IMG_20240805_181153-1200x900.jpg 1200w, https:\/\/familie-weitgereist.de\/wp-content\/uploads\/2024\/08\/IMG_20240805_181153-1980x1485.jpg 1980w, https:\/\/familie-weitgereist.de\/wp-content\/uploads\/2024\/08\/IMG_20240805_181153-150x113.jpg 150w\" sizes=\"auto, (max-width: 1024px) 100vw, 1024px\" \/><\/figure>\n\n\n\n<h2 class=\"wp-block-heading\">Himmelsberga Freilichtmuseum<\/h2>\n\n\n\n<p>Das Freilichtmuseum liegt im Zentrum der Insel und wurde schon 1959 eingeweiht. Ein traditionelles \u00d6land Reihendorf sollte f\u00fcr die Nachwelt gerettet werden. Es spiegelt das Leben der Menschen auf \u00d6land vor 200 Jahren sehr gut wieder. Das Freilichtmuseum ist auch f\u00fcr Kinder sehr interessant, denn es gibt viele Mitmachstationen und ein riesiges Bauernhaus mit verschiedenen Erlebnisstationen f\u00fcr Kinder.<\/p>\n\n\n\n<figure class=\"wp-block-image size-large\"><img loading=\"lazy\" decoding=\"async\" width=\"1024\" height=\"768\" src=\"https:\/\/familie-weitgereist.de\/wp-content\/uploads\/2024\/08\/IMG_20240806_112242-1024x768.jpg\" alt=\"\" class=\"wp-image-19335\" srcset=\"https:\/\/familie-weitgereist.de\/wp-content\/uploads\/2024\/08\/IMG_20240806_112242-1024x768.jpg 1024w, https:\/\/familie-weitgereist.de\/wp-content\/uploads\/2024\/08\/IMG_20240806_112242-300x225.jpg 300w, https:\/\/familie-weitgereist.de\/wp-content\/uploads\/2024\/08\/IMG_20240806_112242-768x576.jpg 768w, https:\/\/familie-weitgereist.de\/wp-content\/uploads\/2024\/08\/IMG_20240806_112242-1536x1152.jpg 1536w, https:\/\/familie-weitgereist.de\/wp-content\/uploads\/2024\/08\/IMG_20240806_112242-2048x1536.jpg 2048w, https:\/\/familie-weitgereist.de\/wp-content\/uploads\/2024\/08\/IMG_20240806_112242-1200x900.jpg 1200w, https:\/\/familie-weitgereist.de\/wp-content\/uploads\/2024\/08\/IMG_20240806_112242-1980x1485.jpg 1980w, https:\/\/familie-weitgereist.de\/wp-content\/uploads\/2024\/08\/IMG_20240806_112242-150x113.jpg 150w\" sizes=\"auto, (max-width: 1024px) 100vw, 1024px\" \/><\/figure>\n\n\n\n<p>Das Museum besteht aus Scheunen, die sich zu beiden Seiten der Stra\u00dfe aneinander reihen. Die Wohnh\u00e4user befinden sich auch darunter. Die Wohnh\u00e4user, die M\u00f6bel und die Maschinen sind aus dem 17. und 18. Jahrhundert. Das Leben der Menschen damals kann dadurch sehr gut nachempfunden werden. <\/p>\n\n\n\n<div id=\"wp-block-themeisle-blocks-slider-df7ada30\" class=\"wp-block-themeisle-blocks-slider glide\" data-per-view=\"1\" data-gap=\"0\" data-peek=\"0\" data-autoplay=\"true\" data-height=\"400px\" data-hide-arrows=\"false\"><div class=\"glide__track\" data-glide-el=\"track\"><div class=\"glide__slides\"><div class=\"wp-block-themeisle-blocks-slider-item-wrapper glide__slide\" tabindex=\"0\"><figure><img decoding=\"async\" class=\"wp-block-themeisle-blocks-slider-item\" src=\"https:\/\/familie-weitgereist.de\/wp-content\/uploads\/2024\/08\/IMG_20240806_125320-scaled.jpg\" alt=\"\" title=\"\" data-id=\"19337\"\/><\/figure><\/div><div class=\"wp-block-themeisle-blocks-slider-item-wrapper glide__slide\" tabindex=\"0\"><figure><img decoding=\"async\" class=\"wp-block-themeisle-blocks-slider-item\" src=\"https:\/\/familie-weitgereist.de\/wp-content\/uploads\/2024\/08\/IMG_20240806_124559-scaled.jpg\" alt=\"\" title=\"\" data-id=\"19338\"\/><\/figure><\/div><div class=\"wp-block-themeisle-blocks-slider-item-wrapper glide__slide\" tabindex=\"0\"><figure><img decoding=\"async\" class=\"wp-block-themeisle-blocks-slider-item\" src=\"https:\/\/familie-weitgereist.de\/wp-content\/uploads\/2024\/08\/IMG_20240806_124018-scaled.jpg\" alt=\"\" title=\"\" data-id=\"19341\"\/><\/figure><\/div><div class=\"wp-block-themeisle-blocks-slider-item-wrapper glide__slide\" tabindex=\"0\"><figure><img decoding=\"async\" class=\"wp-block-themeisle-blocks-slider-item\" src=\"https:\/\/familie-weitgereist.de\/wp-content\/uploads\/2024\/08\/IMG_20240806_123509-scaled.jpg\" alt=\"\" title=\"\" data-id=\"19342\"\/><\/figure><\/div><\/div><div class=\"glide__bullets\" data-glide-el=\"controls[nav]\"><button class=\"glide__bullet\" data-glide-dir=\"=0\"><\/button><button class=\"glide__bullet\" data-glide-dir=\"=1\"><\/button><button class=\"glide__bullet\" data-glide-dir=\"=2\"><\/button><button class=\"glide__bullet\" data-glide-dir=\"=3\"><\/button><\/div><\/div><\/div>\n\n\n\n<p>Wir haben an einer Tierf\u00fctterung teilgenommen und da wir die einzigen waren, haben wir viel von unserem lieben Guide Saga erfahren. Die Schafe, Schweine, Hasen und H\u00fchner sind endemisch von Gotland und \u00d6land. Uns wurde gesagt, dass die Menschen damals nur ca. 40 Jahre alt wurden, aufgrund der schweren Arbeit und den mangelnden hygienischen Verh\u00e4ltnissen. Es gab kein sauberes Trinkwasser und die kalten Wintermonate waren kr\u00e4ftezehrend. Die H\u00fchner wurden im Winter in der K\u00fcche oder unter dem Bett gehalten, da es drau\u00dfen im Stall zu kalt gewesen w\u00e4re.<\/p>\n\n\n\n<figure class=\"wp-block-image size-large\"><img loading=\"lazy\" decoding=\"async\" width=\"1024\" height=\"759\" src=\"https:\/\/familie-weitgereist.de\/wp-content\/uploads\/2024\/08\/IMG_20240806_113630-1024x759.jpg\" alt=\"\" class=\"wp-image-19344\" srcset=\"https:\/\/familie-weitgereist.de\/wp-content\/uploads\/2024\/08\/IMG_20240806_113630-1024x759.jpg 1024w, https:\/\/familie-weitgereist.de\/wp-content\/uploads\/2024\/08\/IMG_20240806_113630-300x222.jpg 300w, https:\/\/familie-weitgereist.de\/wp-content\/uploads\/2024\/08\/IMG_20240806_113630-768x569.jpg 768w, https:\/\/familie-weitgereist.de\/wp-content\/uploads\/2024\/08\/IMG_20240806_113630-1536x1139.jpg 1536w, https:\/\/familie-weitgereist.de\/wp-content\/uploads\/2024\/08\/IMG_20240806_113630-2048x1518.jpg 2048w, https:\/\/familie-weitgereist.de\/wp-content\/uploads\/2024\/08\/IMG_20240806_113630-1200x890.jpg 1200w, https:\/\/familie-weitgereist.de\/wp-content\/uploads\/2024\/08\/IMG_20240806_113630-1980x1468.jpg 1980w, https:\/\/familie-weitgereist.de\/wp-content\/uploads\/2024\/08\/IMG_20240806_113630-150x111.jpg 150w\" sizes=\"auto, (max-width: 1024px) 100vw, 1024px\" \/><\/figure>\n\n\n\n<p>Interessant ist auch, weshalb die Mehrheit der H\u00e4user in diesem f\u00fcr Schweden typischen rot angestrichen sind. Das liegt daran, dass es im Norden Schwedens viele Minen gibt. Aus dem Abfallprodukt wurde die rote Farbe hergestellt und die H\u00e4user damit eingestrichen. Dies sch\u00fctzte zudem das Holz. Die rote Farbe ist bis heute die dominante schwedische Hausfarbe.<\/p>\n\n\n\n<figure class=\"wp-block-image size-large\"><img loading=\"lazy\" decoding=\"async\" width=\"1024\" height=\"768\" src=\"https:\/\/familie-weitgereist.de\/wp-content\/uploads\/2024\/08\/IMG_20240806_122535-1024x768.jpg\" alt=\"\" class=\"wp-image-19340\" srcset=\"https:\/\/familie-weitgereist.de\/wp-content\/uploads\/2024\/08\/IMG_20240806_122535-1024x768.jpg 1024w, https:\/\/familie-weitgereist.de\/wp-content\/uploads\/2024\/08\/IMG_20240806_122535-300x225.jpg 300w, https:\/\/familie-weitgereist.de\/wp-content\/uploads\/2024\/08\/IMG_20240806_122535-768x576.jpg 768w, https:\/\/familie-weitgereist.de\/wp-content\/uploads\/2024\/08\/IMG_20240806_122535-1536x1152.jpg 1536w, https:\/\/familie-weitgereist.de\/wp-content\/uploads\/2024\/08\/IMG_20240806_122535-2048x1536.jpg 2048w, https:\/\/familie-weitgereist.de\/wp-content\/uploads\/2024\/08\/IMG_20240806_122535-1200x900.jpg 1200w, https:\/\/familie-weitgereist.de\/wp-content\/uploads\/2024\/08\/IMG_20240806_122535-1980x1485.jpg 1980w, https:\/\/familie-weitgereist.de\/wp-content\/uploads\/2024\/08\/IMG_20240806_122535-150x113.jpg 150w\" sizes=\"auto, (max-width: 1024px) 100vw, 1024px\" \/><\/figure>\n\n\n\n<p>Hufeisen werfen, Tauziehen, filzen mit Schafswolle, malen, stempeln mit Kartoffelstempel, im Heu spielen und eine Spielkuh melken, machen das Freilichtmuseum zu einem tollen Ort f\u00fcr Kinder!<\/p>\n\n\n\n<figure class=\"wp-block-gallery has-nested-images columns-default is-cropped wp-block-gallery-4 is-layout-flex wp-block-gallery-is-layout-flex\">\n<figure class=\"wp-block-image size-large\"><img loading=\"lazy\" decoding=\"async\" width=\"1024\" height=\"768\" data-id=\"19333\" src=\"https:\/\/familie-weitgereist.de\/wp-content\/uploads\/2024\/08\/IMG_20240806_141009-1024x768.jpg\" alt=\"\" class=\"wp-image-19333\" srcset=\"https:\/\/familie-weitgereist.de\/wp-content\/uploads\/2024\/08\/IMG_20240806_141009-1024x768.jpg 1024w, https:\/\/familie-weitgereist.de\/wp-content\/uploads\/2024\/08\/IMG_20240806_141009-300x225.jpg 300w, https:\/\/familie-weitgereist.de\/wp-content\/uploads\/2024\/08\/IMG_20240806_141009-768x576.jpg 768w, https:\/\/familie-weitgereist.de\/wp-content\/uploads\/2024\/08\/IMG_20240806_141009-1536x1152.jpg 1536w, https:\/\/familie-weitgereist.de\/wp-content\/uploads\/2024\/08\/IMG_20240806_141009-2048x1536.jpg 2048w, https:\/\/familie-weitgereist.de\/wp-content\/uploads\/2024\/08\/IMG_20240806_141009-1200x900.jpg 1200w, https:\/\/familie-weitgereist.de\/wp-content\/uploads\/2024\/08\/IMG_20240806_141009-1980x1485.jpg 1980w, https:\/\/familie-weitgereist.de\/wp-content\/uploads\/2024\/08\/IMG_20240806_141009-150x113.jpg 150w\" sizes=\"auto, (max-width: 1024px) 100vw, 1024px\" \/><\/figure>\n\n\n\n<figure class=\"wp-block-image size-large\"><img loading=\"lazy\" decoding=\"async\" width=\"1024\" height=\"768\" data-id=\"19332\" src=\"https:\/\/familie-weitgereist.de\/wp-content\/uploads\/2024\/08\/IMG_20240806_132014-1024x768.jpg\" alt=\"\" class=\"wp-image-19332\" srcset=\"https:\/\/familie-weitgereist.de\/wp-content\/uploads\/2024\/08\/IMG_20240806_132014-1024x768.jpg 1024w, https:\/\/familie-weitgereist.de\/wp-content\/uploads\/2024\/08\/IMG_20240806_132014-300x225.jpg 300w, https:\/\/familie-weitgereist.de\/wp-content\/uploads\/2024\/08\/IMG_20240806_132014-768x576.jpg 768w, https:\/\/familie-weitgereist.de\/wp-content\/uploads\/2024\/08\/IMG_20240806_132014-1536x1152.jpg 1536w, https:\/\/familie-weitgereist.de\/wp-content\/uploads\/2024\/08\/IMG_20240806_132014-2048x1536.jpg 2048w, https:\/\/familie-weitgereist.de\/wp-content\/uploads\/2024\/08\/IMG_20240806_132014-1200x900.jpg 1200w, https:\/\/familie-weitgereist.de\/wp-content\/uploads\/2024\/08\/IMG_20240806_132014-1980x1485.jpg 1980w, https:\/\/familie-weitgereist.de\/wp-content\/uploads\/2024\/08\/IMG_20240806_132014-150x113.jpg 150w\" sizes=\"auto, (max-width: 1024px) 100vw, 1024px\" \/><\/figure>\n\n\n\n<figure class=\"wp-block-image size-large\"><img loading=\"lazy\" decoding=\"async\" width=\"1024\" height=\"768\" data-id=\"19331\" src=\"https:\/\/familie-weitgereist.de\/wp-content\/uploads\/2024\/08\/IMG_20240806_131548-1024x768.jpg\" alt=\"\" class=\"wp-image-19331\" srcset=\"https:\/\/familie-weitgereist.de\/wp-content\/uploads\/2024\/08\/IMG_20240806_131548-1024x768.jpg 1024w, https:\/\/familie-weitgereist.de\/wp-content\/uploads\/2024\/08\/IMG_20240806_131548-300x225.jpg 300w, https:\/\/familie-weitgereist.de\/wp-content\/uploads\/2024\/08\/IMG_20240806_131548-768x576.jpg 768w, https:\/\/familie-weitgereist.de\/wp-content\/uploads\/2024\/08\/IMG_20240806_131548-1536x1152.jpg 1536w, https:\/\/familie-weitgereist.de\/wp-content\/uploads\/2024\/08\/IMG_20240806_131548-2048x1536.jpg 2048w, https:\/\/familie-weitgereist.de\/wp-content\/uploads\/2024\/08\/IMG_20240806_131548-1200x900.jpg 1200w, https:\/\/familie-weitgereist.de\/wp-content\/uploads\/2024\/08\/IMG_20240806_131548-1980x1485.jpg 1980w, https:\/\/familie-weitgereist.de\/wp-content\/uploads\/2024\/08\/IMG_20240806_131548-150x113.jpg 150w\" sizes=\"auto, (max-width: 1024px) 100vw, 1024px\" \/><\/figure>\n\n\n\n<figure class=\"wp-block-image size-large\"><img loading=\"lazy\" decoding=\"async\" width=\"1024\" height=\"768\" data-id=\"19334\" src=\"https:\/\/familie-weitgereist.de\/wp-content\/uploads\/2024\/08\/IMG_20240806_130501-1024x768.jpg\" alt=\"\" class=\"wp-image-19334\" srcset=\"https:\/\/familie-weitgereist.de\/wp-content\/uploads\/2024\/08\/IMG_20240806_130501-1024x768.jpg 1024w, https:\/\/familie-weitgereist.de\/wp-content\/uploads\/2024\/08\/IMG_20240806_130501-300x225.jpg 300w, https:\/\/familie-weitgereist.de\/wp-content\/uploads\/2024\/08\/IMG_20240806_130501-768x576.jpg 768w, https:\/\/familie-weitgereist.de\/wp-content\/uploads\/2024\/08\/IMG_20240806_130501-1536x1152.jpg 1536w, https:\/\/familie-weitgereist.de\/wp-content\/uploads\/2024\/08\/IMG_20240806_130501-2048x1536.jpg 2048w, https:\/\/familie-weitgereist.de\/wp-content\/uploads\/2024\/08\/IMG_20240806_130501-1200x900.jpg 1200w, https:\/\/familie-weitgereist.de\/wp-content\/uploads\/2024\/08\/IMG_20240806_130501-1980x1485.jpg 1980w, https:\/\/familie-weitgereist.de\/wp-content\/uploads\/2024\/08\/IMG_20240806_130501-150x113.jpg 150w\" sizes=\"auto, (max-width: 1024px) 100vw, 1024px\" \/><\/figure>\n<\/figure>\n\n\n\n<p>Das Freilichtmuseum ist sehr idyllisch und spiegelt den schwedischen Charakter perfekt wieder. Wir hatten so eine tolle Zeit und verbrachten vier Stunden dort.<\/p>\n\n\n\n<h2 class=\"wp-block-heading\">Leuchtturm L\u00e5nge Erik<\/h2>\n\n\n\n<p>Der Leuchtturm L\u00e5nge Erik steht im \u00e4u\u00dfersten Norden von \u00d6land und erstrahlt sein Licht seit 1845. Der Leuchtturm wird seit 1976 automatisch gesteuert. Besucher k\u00f6nnen die 138 Stufen hinauf gehen und einen herrlichen Ausblick \u00fcber die Ostsee genie\u00dfen. Der Leuchtturm ist Kulturerbe.<\/p>\n\n\n\n<figure class=\"wp-block-image size-large\"><img loading=\"lazy\" decoding=\"async\" width=\"768\" height=\"1024\" src=\"https:\/\/familie-weitgereist.de\/wp-content\/uploads\/2024\/08\/IMG_20240807_112119-768x1024.jpg\" alt=\"\" class=\"wp-image-19347\" srcset=\"https:\/\/familie-weitgereist.de\/wp-content\/uploads\/2024\/08\/IMG_20240807_112119-768x1024.jpg 768w, https:\/\/familie-weitgereist.de\/wp-content\/uploads\/2024\/08\/IMG_20240807_112119-225x300.jpg 225w, https:\/\/familie-weitgereist.de\/wp-content\/uploads\/2024\/08\/IMG_20240807_112119-1152x1536.jpg 1152w, https:\/\/familie-weitgereist.de\/wp-content\/uploads\/2024\/08\/IMG_20240807_112119-1536x2048.jpg 1536w, https:\/\/familie-weitgereist.de\/wp-content\/uploads\/2024\/08\/IMG_20240807_112119-1200x1600.jpg 1200w, https:\/\/familie-weitgereist.de\/wp-content\/uploads\/2024\/08\/IMG_20240807_112119-1980x2640.jpg 1980w, https:\/\/familie-weitgereist.de\/wp-content\/uploads\/2024\/08\/IMG_20240807_112119-640x853.jpg 640w, https:\/\/familie-weitgereist.de\/wp-content\/uploads\/2024\/08\/IMG_20240807_112119-150x200.jpg 150w, https:\/\/familie-weitgereist.de\/wp-content\/uploads\/2024\/08\/IMG_20240807_112119-scaled.jpg 1920w\" sizes=\"auto, (max-width: 768px) 100vw, 768px\" \/><\/figure>\n\n\n\n<p>Wir liefen den <strong>Rundweg &#8222;Fyrstigen&#8220;<\/strong> um die kleine Insel. Ein gem\u00fctlicher Pfad f\u00fchrt \u00fcber Steine und direkt an der Ostsee um die Insel. Es befinden sich viele Steinm\u00e4nnchen am Strand neben dem Leuchtturm.<\/p>\n\n\n\n<figure class=\"wp-block-image size-large\"><img loading=\"lazy\" decoding=\"async\" width=\"1024\" height=\"768\" src=\"https:\/\/familie-weitgereist.de\/wp-content\/uploads\/2024\/08\/IMG_20240807_104540-1024x768.jpg\" alt=\"\" class=\"wp-image-19348\" srcset=\"https:\/\/familie-weitgereist.de\/wp-content\/uploads\/2024\/08\/IMG_20240807_104540-1024x768.jpg 1024w, https:\/\/familie-weitgereist.de\/wp-content\/uploads\/2024\/08\/IMG_20240807_104540-300x225.jpg 300w, https:\/\/familie-weitgereist.de\/wp-content\/uploads\/2024\/08\/IMG_20240807_104540-768x576.jpg 768w, https:\/\/familie-weitgereist.de\/wp-content\/uploads\/2024\/08\/IMG_20240807_104540-1536x1152.jpg 1536w, https:\/\/familie-weitgereist.de\/wp-content\/uploads\/2024\/08\/IMG_20240807_104540-2048x1536.jpg 2048w, https:\/\/familie-weitgereist.de\/wp-content\/uploads\/2024\/08\/IMG_20240807_104540-1200x900.jpg 1200w, https:\/\/familie-weitgereist.de\/wp-content\/uploads\/2024\/08\/IMG_20240807_104540-1980x1485.jpg 1980w, https:\/\/familie-weitgereist.de\/wp-content\/uploads\/2024\/08\/IMG_20240807_104540-150x113.jpg 150w\" sizes=\"auto, (max-width: 1024px) 100vw, 1024px\" \/><\/figure>\n\n\n\n<p>Auf dem Gel\u00e4nde befinden sich auch H\u00e4user, in denen ehemalige Mitarbeiter des Leuchtturms lebten. Es gab sogar eine Schule, nachdem 1842 in Schweden die Schulpflicht eingef\u00fchrt wurde und die Kinder der Arbeiter unterrichtet werden mussten.<\/p>\n\n\n\n<figure class=\"wp-block-image size-large\"><img loading=\"lazy\" decoding=\"async\" width=\"1024\" height=\"768\" src=\"https:\/\/familie-weitgereist.de\/wp-content\/uploads\/2024\/08\/IMG_20240807_111159-1024x768.jpg\" alt=\"\" class=\"wp-image-19350\" srcset=\"https:\/\/familie-weitgereist.de\/wp-content\/uploads\/2024\/08\/IMG_20240807_111159-1024x768.jpg 1024w, https:\/\/familie-weitgereist.de\/wp-content\/uploads\/2024\/08\/IMG_20240807_111159-300x225.jpg 300w, https:\/\/familie-weitgereist.de\/wp-content\/uploads\/2024\/08\/IMG_20240807_111159-768x576.jpg 768w, https:\/\/familie-weitgereist.de\/wp-content\/uploads\/2024\/08\/IMG_20240807_111159-1536x1152.jpg 1536w, https:\/\/familie-weitgereist.de\/wp-content\/uploads\/2024\/08\/IMG_20240807_111159-2048x1536.jpg 2048w, https:\/\/familie-weitgereist.de\/wp-content\/uploads\/2024\/08\/IMG_20240807_111159-1200x900.jpg 1200w, https:\/\/familie-weitgereist.de\/wp-content\/uploads\/2024\/08\/IMG_20240807_111159-1980x1485.jpg 1980w, https:\/\/familie-weitgereist.de\/wp-content\/uploads\/2024\/08\/IMG_20240807_111159-150x113.jpg 150w\" sizes=\"auto, (max-width: 1024px) 100vw, 1024px\" \/><\/figure>\n\n\n\n<h2 class=\"wp-block-heading\">Naturum Trollskogen<\/h2>\n\n\n\n<p>Der Trollskogen oder auch <strong>Zauberwald<\/strong> ist ein <strong>Naturreservat<\/strong> im Norden der Insel \u00d6land. Es gibt ein Besuchszentrum, in dem viel \u00fcber die Natur auf \u00d6land hautnah erlebt werden kann. Viele Mitmachstationen erfreuen besonders Kinder. Es ist auch sehr sch\u00f6n gestaltet. Zudem gibt es ein Caf\u00e9 und einen Souvenirshop.<\/p>\n\n\n\n<figure class=\"wp-block-image size-large\"><img loading=\"lazy\" decoding=\"async\" width=\"1024\" height=\"768\" src=\"https:\/\/familie-weitgereist.de\/wp-content\/uploads\/2024\/08\/IMG_20240807_122731-1024x768.jpg\" alt=\"\" class=\"wp-image-19356\" srcset=\"https:\/\/familie-weitgereist.de\/wp-content\/uploads\/2024\/08\/IMG_20240807_122731-1024x768.jpg 1024w, https:\/\/familie-weitgereist.de\/wp-content\/uploads\/2024\/08\/IMG_20240807_122731-300x225.jpg 300w, https:\/\/familie-weitgereist.de\/wp-content\/uploads\/2024\/08\/IMG_20240807_122731-768x576.jpg 768w, https:\/\/familie-weitgereist.de\/wp-content\/uploads\/2024\/08\/IMG_20240807_122731-1536x1152.jpg 1536w, https:\/\/familie-weitgereist.de\/wp-content\/uploads\/2024\/08\/IMG_20240807_122731-2048x1536.jpg 2048w, https:\/\/familie-weitgereist.de\/wp-content\/uploads\/2024\/08\/IMG_20240807_122731-1200x900.jpg 1200w, https:\/\/familie-weitgereist.de\/wp-content\/uploads\/2024\/08\/IMG_20240807_122731-1980x1485.jpg 1980w, https:\/\/familie-weitgereist.de\/wp-content\/uploads\/2024\/08\/IMG_20240807_122731-150x113.jpg 150w\" sizes=\"auto, (max-width: 1024px) 100vw, 1024px\" \/><\/figure>\n\n\n\n<p>Es gibt verschiedene Wanderungen, wir w\u00e4hlten den roten Wanderweg, welcher 4,5 km lang ist. Es gibt zudem eine Fahrradroute. Entlang der Wege gibt es viele Informationstafeln.<\/p>\n\n\n\n<figure class=\"wp-block-image size-large\"><img loading=\"lazy\" decoding=\"async\" width=\"1024\" height=\"768\" src=\"https:\/\/familie-weitgereist.de\/wp-content\/uploads\/2024\/08\/IMG_20240807_123206-1024x768.jpg\" alt=\"\" class=\"wp-image-19377\" srcset=\"https:\/\/familie-weitgereist.de\/wp-content\/uploads\/2024\/08\/IMG_20240807_123206-1024x768.jpg 1024w, https:\/\/familie-weitgereist.de\/wp-content\/uploads\/2024\/08\/IMG_20240807_123206-300x225.jpg 300w, https:\/\/familie-weitgereist.de\/wp-content\/uploads\/2024\/08\/IMG_20240807_123206-768x576.jpg 768w, https:\/\/familie-weitgereist.de\/wp-content\/uploads\/2024\/08\/IMG_20240807_123206-1536x1152.jpg 1536w, https:\/\/familie-weitgereist.de\/wp-content\/uploads\/2024\/08\/IMG_20240807_123206-2048x1536.jpg 2048w, https:\/\/familie-weitgereist.de\/wp-content\/uploads\/2024\/08\/IMG_20240807_123206-1200x900.jpg 1200w, https:\/\/familie-weitgereist.de\/wp-content\/uploads\/2024\/08\/IMG_20240807_123206-1980x1485.jpg 1980w, https:\/\/familie-weitgereist.de\/wp-content\/uploads\/2024\/08\/IMG_20240807_123206-150x113.jpg 150w\" sizes=\"auto, (max-width: 1024px) 100vw, 1024px\" \/><\/figure>\n\n\n\n<p>Die Natur ist wundersch\u00f6n. Eine 900 Jahre alte Eiche kann bewundert werden. Die Kiefernw\u00e4lder f\u00fchren direkt an der Ostsee entlang. Die Wege sind sehr gut angelegt, f\u00fchren aber auch \u00fcber Stock und Stein und \u00fcber Wiesen. Daher sind die Wanderungen nur bedingt kinderwagentauglich.<\/p>\n\n\n\n<div id=\"wp-block-themeisle-blocks-slider-f258b896\" class=\"wp-block-themeisle-blocks-slider glide\" data-per-view=\"1\" data-gap=\"0\" data-peek=\"0\" data-autoplay=\"true\" data-height=\"400px\" data-hide-arrows=\"false\"><div class=\"glide__track\" data-glide-el=\"track\"><div class=\"glide__slides\"><div class=\"wp-block-themeisle-blocks-slider-item-wrapper glide__slide\" tabindex=\"0\"><figure><img decoding=\"async\" class=\"wp-block-themeisle-blocks-slider-item\" src=\"https:\/\/familie-weitgereist.de\/wp-content\/uploads\/2024\/08\/IMG_20240807_135856-scaled.jpg\" alt=\"\" title=\"\" data-id=\"19360\"\/><\/figure><\/div><div class=\"wp-block-themeisle-blocks-slider-item-wrapper glide__slide\" tabindex=\"0\"><figure><img decoding=\"async\" class=\"wp-block-themeisle-blocks-slider-item\" src=\"https:\/\/familie-weitgereist.de\/wp-content\/uploads\/2024\/08\/IMG_20240807_134617-scaled.jpg\" alt=\"\" title=\"\" data-id=\"19363\"\/><\/figure><\/div><div class=\"wp-block-themeisle-blocks-slider-item-wrapper glide__slide\" tabindex=\"0\"><figure><img decoding=\"async\" class=\"wp-block-themeisle-blocks-slider-item\" src=\"https:\/\/familie-weitgereist.de\/wp-content\/uploads\/2024\/08\/IMG_20240807_131443-scaled.jpg\" alt=\"\" title=\"\" data-id=\"19364\"\/><\/figure><\/div><\/div><div class=\"glide__bullets\" data-glide-el=\"controls[nav]\"><button class=\"glide__bullet\" data-glide-dir=\"=0\"><\/button><button class=\"glide__bullet\" data-glide-dir=\"=1\"><\/button><button class=\"glide__bullet\" data-glide-dir=\"=2\"><\/button><\/div><\/div><\/div>\n\n\n\n<p>Ganz im Norden des Naturreservats kann man auf den Leuchtturm L\u00e5nge Erik hin\u00fcber schauen. Im Mittelalter befand sich hier ein wichtiger Hafen, als die D\u00e4nen und die Schweden ihre Vorherrschaft in der Ostsee verteidigten.<\/p>\n\n\n\n<figure class=\"wp-block-image size-large\"><img loading=\"lazy\" decoding=\"async\" width=\"1024\" height=\"768\" src=\"https:\/\/familie-weitgereist.de\/wp-content\/uploads\/2024\/08\/IMG_20240807_141610-1024x768.jpg\" alt=\"\" class=\"wp-image-19359\" srcset=\"https:\/\/familie-weitgereist.de\/wp-content\/uploads\/2024\/08\/IMG_20240807_141610-1024x768.jpg 1024w, https:\/\/familie-weitgereist.de\/wp-content\/uploads\/2024\/08\/IMG_20240807_141610-300x225.jpg 300w, https:\/\/familie-weitgereist.de\/wp-content\/uploads\/2024\/08\/IMG_20240807_141610-768x576.jpg 768w, https:\/\/familie-weitgereist.de\/wp-content\/uploads\/2024\/08\/IMG_20240807_141610-1536x1152.jpg 1536w, https:\/\/familie-weitgereist.de\/wp-content\/uploads\/2024\/08\/IMG_20240807_141610-2048x1536.jpg 2048w, https:\/\/familie-weitgereist.de\/wp-content\/uploads\/2024\/08\/IMG_20240807_141610-1200x900.jpg 1200w, https:\/\/familie-weitgereist.de\/wp-content\/uploads\/2024\/08\/IMG_20240807_141610-1980x1485.jpg 1980w, https:\/\/familie-weitgereist.de\/wp-content\/uploads\/2024\/08\/IMG_20240807_141610-150x113.jpg 150w\" sizes=\"auto, (max-width: 1024px) 100vw, 1024px\" \/><\/figure>\n\n\n\n<p>Ein <strong>Schiffswrack liegt am Strand<\/strong>. Dieses Schiff ist im Winter 1926 vor \u00d6land gekentert, verursacht durch widrige Wetterumst\u00e4nde. Alle 7 Passagiere konnten sich mit den Rettungsbooten retten. Das Boot war auf dem Weg von Deutschland nach \u00c5land.<\/p>\n\n\n\n<figure class=\"wp-block-image size-large\"><img loading=\"lazy\" decoding=\"async\" width=\"1024\" height=\"768\" src=\"https:\/\/familie-weitgereist.de\/wp-content\/uploads\/2024\/08\/IMG_20240807_130254-1024x768.jpg\" alt=\"\" class=\"wp-image-19358\" srcset=\"https:\/\/familie-weitgereist.de\/wp-content\/uploads\/2024\/08\/IMG_20240807_130254-1024x768.jpg 1024w, https:\/\/familie-weitgereist.de\/wp-content\/uploads\/2024\/08\/IMG_20240807_130254-300x225.jpg 300w, https:\/\/familie-weitgereist.de\/wp-content\/uploads\/2024\/08\/IMG_20240807_130254-768x576.jpg 768w, https:\/\/familie-weitgereist.de\/wp-content\/uploads\/2024\/08\/IMG_20240807_130254-1536x1152.jpg 1536w, https:\/\/familie-weitgereist.de\/wp-content\/uploads\/2024\/08\/IMG_20240807_130254-2048x1536.jpg 2048w, https:\/\/familie-weitgereist.de\/wp-content\/uploads\/2024\/08\/IMG_20240807_130254-1200x900.jpg 1200w, https:\/\/familie-weitgereist.de\/wp-content\/uploads\/2024\/08\/IMG_20240807_130254-1980x1485.jpg 1980w, https:\/\/familie-weitgereist.de\/wp-content\/uploads\/2024\/08\/IMG_20240807_130254-150x113.jpg 150w\" sizes=\"auto, (max-width: 1024px) 100vw, 1024px\" \/><\/figure>\n\n\n\n<p><strong>Ein paar Tage auf \u00d6land oder sogar ein l\u00e4ngerer Urlaub lohnen sich sehr<\/strong>. Neben einem klassischen Strandurlaub, gibt es sehr viel zu entdecken. In die Geschichte von \u00d6land kann eingetaucht werden. Viele Fahrradrouten machen die Insel auch f\u00fcr Fahrradreisende beliebt.<\/p>\n","protected":false},"excerpt":{"rendered":"<p>\u00d6land ist die sonnenreichste Insel Schwedens und liegt im S\u00fcden in der Ostsee. Sie ist die zweitgr\u00f6\u00dfte Insel Schwedens, nach Gotland. Die Insel ist 137 km lang und maximal 16 km breit. Es leben ca. 26.000 Einwohner auf der Insel. In den Sommermonaten zieht sie zahlreiche Besucher an. Sogar die schwedische K\u00f6nigsfamilie verbringt seit mehr [&hellip;]<\/p>\n","protected":false},"author":3,"featured_media":19340,"comment_status":"open","ping_status":"open","sticky":false,"template":"","format":"standard","meta":{"_themeisle_gutenberg_block_has_review":false,"footnotes":""},"categories":[1422,8,4,377],"tags":[1411,1408,1410,1409,1414,1413,1407,1415,1360,1412],"class_list":["post-19307","post","type-post","status-publish","format-standard","has-post-thumbnail","hentry","category-schweden","category-europa","category-laender","category-spielplaetze","tag-borgholm","tag-faerjestaden","tag-freilichtmuseum-oeland","tag-himmelsberga","tag-leuchtturm-lange-erik","tag-naturum-trollskogen","tag-oeland","tag-schloss-borgholm","tag-schweden","tag-trollskogen"],"_links":{"self":[{"href":"https:\/\/familie-weitgereist.de\/index.php?rest_route=\/wp\/v2\/posts\/19307","targetHints":{"allow":["GET"]}}],"collection":[{"href":"https:\/\/familie-weitgereist.de\/index.php?rest_route=\/wp\/v2\/posts"}],"about":[{"href":"https:\/\/familie-weitgereist.de\/index.php?rest_route=\/wp\/v2\/types\/post"}],"author":[{"embeddable":true,"href":"https:\/\/familie-weitgereist.de\/index.php?rest_route=\/wp\/v2\/users\/3"}],"replies":[{"embeddable":true,"href":"https:\/\/familie-weitgereist.de\/index.php?rest_route=%2Fwp%2Fv2%2Fcomments&post=19307"}],"version-history":[{"count":52,"href":"https:\/\/familie-weitgereist.de\/index.php?rest_route=\/wp\/v2\/posts\/19307\/revisions"}],"predecessor-version":[{"id":23344,"href":"https:\/\/familie-weitgereist.de\/index.php?rest_route=\/wp\/v2\/posts\/19307\/revisions\/23344"}],"wp:featuredmedia":[{"embeddable":true,"href":"https:\/\/familie-weitgereist.de\/index.php?rest_route=\/wp\/v2\/media\/19340"}],"wp:attachment":[{"href":"https:\/\/familie-weitgereist.de\/index.php?rest_route=%2Fwp%2Fv2%2Fmedia&parent=19307"}],"wp:term":[{"taxonomy":"category","embeddable":true,"href":"https:\/\/familie-weitgereist.de\/index.php?rest_route=%2Fwp%2Fv2%2Fcategories&post=19307"},{"taxonomy":"post_tag","embeddable":true,"href":"https:\/\/familie-weitgereist.de\/index.php?rest_route=%2Fwp%2Fv2%2Ftags&post=19307"}],"curies":[{"name":"wp","href":"https:\/\/api.w.org\/{rel}","templated":true}]}}