{"id":19095,"date":"2024-08-02T14:31:33","date_gmt":"2024-08-02T12:31:33","guid":{"rendered":"https:\/\/familie-weitgereist.de\/?p=19095"},"modified":"2025-09-29T23:41:30","modified_gmt":"2025-09-29T21:41:30","slug":"camper-roadtrip-norwegen","status":"publish","type":"post","link":"https:\/\/familie-weitgereist.de\/?p=19095","title":{"rendered":"Camper Roadtrip Norwegen mit kleinen Kindern"},"content":{"rendered":"\n<p>Unser Roadtrip durch Skandinavien startete im S\u00fcden von <strong>Schweden<\/strong>, in Trelleborg. Wir nahmen von Rostock die F\u00e4hre und unsere Reise ging in den hohen Norden.<\/p>\n\n\n\n<figure class=\"wp-block-image size-large\"><img loading=\"lazy\" decoding=\"async\" width=\"1024\" height=\"768\" src=\"https:\/\/familie-weitgereist.de\/wp-content\/uploads\/2024\/08\/IMG_20240731_121550-1024x768.jpg\" alt=\"\" class=\"wp-image-19253\" srcset=\"https:\/\/familie-weitgereist.de\/wp-content\/uploads\/2024\/08\/IMG_20240731_121550-1024x768.jpg 1024w, https:\/\/familie-weitgereist.de\/wp-content\/uploads\/2024\/08\/IMG_20240731_121550-300x225.jpg 300w, https:\/\/familie-weitgereist.de\/wp-content\/uploads\/2024\/08\/IMG_20240731_121550-768x576.jpg 768w, https:\/\/familie-weitgereist.de\/wp-content\/uploads\/2024\/08\/IMG_20240731_121550-1536x1152.jpg 1536w, https:\/\/familie-weitgereist.de\/wp-content\/uploads\/2024\/08\/IMG_20240731_121550-2048x1536.jpg 2048w, https:\/\/familie-weitgereist.de\/wp-content\/uploads\/2024\/08\/IMG_20240731_121550-1200x900.jpg 1200w, https:\/\/familie-weitgereist.de\/wp-content\/uploads\/2024\/08\/IMG_20240731_121550-1980x1485.jpg 1980w, https:\/\/familie-weitgereist.de\/wp-content\/uploads\/2024\/08\/IMG_20240731_121550-150x113.jpg 150w\" sizes=\"auto, (max-width: 1024px) 100vw, 1024px\" \/><\/figure>\n\n\n\n<p>Das K\u00f6nigreich Norwegen liegt im Westen von Skandinavien, angrenzend zu Schweden und einem kleinen Teil zu Finnland. In Norwegen leben ca. 5,5 Millionen Einwohner. Das Land ist d\u00fcnn besiedelt. Die meisten Norweger leben in der Hauptstadt Oslo und in den gr\u00f6\u00dferen St\u00e4dten, wie Bergen, Stavanger oder Trondheim.<\/p>\n\n\n\n<p>Bekannt ist Norwegen vor allem f\u00fcr seine atemberaubende Natur, Berge, Gletscher, K\u00fcstenfjorde. Das Nordkap und der n\u00f6rdlichste Punkt Europas befinden sich ebenfalls in Norwegen.<\/p>\n\n\n\n<p>Norwegen ist kein Mitglied der Europ\u00e4ischen Union. Als Zahlungsmittel gibt es die norwegische Krone.<\/p>\n\n\n\n<h2 class=\"wp-block-heading\">Arctic Circle Center<\/h2>\n\n\n\n<p>Das Arctic Circle Center befindet sich gut erreichbar an der Schnellstra\u00dfe&#8220;E60&#8243;, direkt am <strong>Polarkreis 66\u00b033&#8217;N<\/strong>. Vor Ort befindet sich ein Restaurant, ein Souvenirshop und ein Sovietisches Mahnmal f\u00fcr die Gefallenen zwischen 1942 und 1945. Ein kleiner Trail f\u00fchrt den Berg hinauf, viele Steinm\u00e4nnchen wurden erbaut und ein Hinweisschild weisen auf die Kultur der Samen hin, ein indogenes Volk welches am Polarkreis lebt.<\/p>\n\n\n\n<div id=\"wp-block-themeisle-blocks-slider-fe13d0ab\" class=\"wp-block-themeisle-blocks-slider glide\" data-per-view=\"1\" data-gap=\"0\" data-peek=\"0\" data-autoplay=\"true\" data-height=\"400px\" data-hide-arrows=\"false\"><div class=\"glide__track\" data-glide-el=\"track\"><div class=\"glide__slides\"><div class=\"wp-block-themeisle-blocks-slider-item-wrapper glide__slide\" tabindex=\"0\"><figure><img decoding=\"async\" class=\"wp-block-themeisle-blocks-slider-item\" src=\"https:\/\/familie-weitgereist.de\/wp-content\/uploads\/2024\/07\/IMG_20240727_144747-scaled.jpg\" alt=\"\" title=\"\" data-id=\"19171\"\/><\/figure><\/div><div class=\"wp-block-themeisle-blocks-slider-item-wrapper glide__slide\" tabindex=\"0\"><figure><img decoding=\"async\" class=\"wp-block-themeisle-blocks-slider-item\" src=\"https:\/\/familie-weitgereist.de\/wp-content\/uploads\/2024\/07\/IMG_20240727_140301-scaled.jpg\" alt=\"\" title=\"\" data-id=\"19173\"\/><\/figure><\/div><div class=\"wp-block-themeisle-blocks-slider-item-wrapper glide__slide\" tabindex=\"0\"><figure><img decoding=\"async\" class=\"wp-block-themeisle-blocks-slider-item\" src=\"https:\/\/familie-weitgereist.de\/wp-content\/uploads\/2024\/07\/IMG_20240727_134914-scaled.jpg\" alt=\"\" title=\"\" data-id=\"19174\"\/><\/figure><\/div><\/div><div class=\"glide__bullets\" data-glide-el=\"controls[nav]\"><button class=\"glide__bullet\" data-glide-dir=\"=0\"><\/button><button class=\"glide__bullet\" data-glide-dir=\"=1\"><\/button><button class=\"glide__bullet\" data-glide-dir=\"=2\"><\/button><\/div><\/div><\/div>\n\n\n\n<h2 class=\"wp-block-heading\">Atlantikstra\u00dfe<\/h2>\n\n\n\n<p>Die Atlantikstra\u00dfe ist eine bekannte Stra\u00dfe in Mittelnorwegen. Sie ist 8274m lang und wurde 1989 fertig gestellt. Es sind insgesamt 8 Br\u00fccken, die \u00fcber Inseln und Sch\u00e4ren f\u00fchren. Besonders markant ist eine gro\u00dfe Br\u00fccke in der Mitte, die ziemlich steil hinauf und hinab f\u00fchrt.<\/p>\n\n\n\n<figure class=\"wp-block-image size-large\"><img loading=\"lazy\" decoding=\"async\" width=\"1024\" height=\"768\" src=\"https:\/\/familie-weitgereist.de\/wp-content\/uploads\/2024\/07\/IMG_20240724_183917-1024x768.jpg\" alt=\"\" class=\"wp-image-19131\" srcset=\"https:\/\/familie-weitgereist.de\/wp-content\/uploads\/2024\/07\/IMG_20240724_183917-1024x768.jpg 1024w, https:\/\/familie-weitgereist.de\/wp-content\/uploads\/2024\/07\/IMG_20240724_183917-300x225.jpg 300w, https:\/\/familie-weitgereist.de\/wp-content\/uploads\/2024\/07\/IMG_20240724_183917-768x576.jpg 768w, https:\/\/familie-weitgereist.de\/wp-content\/uploads\/2024\/07\/IMG_20240724_183917-1536x1152.jpg 1536w, https:\/\/familie-weitgereist.de\/wp-content\/uploads\/2024\/07\/IMG_20240724_183917-2048x1536.jpg 2048w, https:\/\/familie-weitgereist.de\/wp-content\/uploads\/2024\/07\/IMG_20240724_183917-1200x900.jpg 1200w, https:\/\/familie-weitgereist.de\/wp-content\/uploads\/2024\/07\/IMG_20240724_183917-1980x1485.jpg 1980w, https:\/\/familie-weitgereist.de\/wp-content\/uploads\/2024\/07\/IMG_20240724_183917-150x113.jpg 150w\" sizes=\"auto, (max-width: 1024px) 100vw, 1024px\" \/><\/figure>\n\n\n\n<p>Es gibt eine Touristeninformation auf halber Strecke. Dort befindet sich ein angelegter Pfad, der herrliche Ausblicke auf die kleinen Sch\u00e4reninseln bietet und einmal um den Fels herum f\u00fchrt.<\/p>\n\n\n\n<div id=\"wp-block-themeisle-blocks-slider-7edd240a\" class=\"wp-block-themeisle-blocks-slider glide\" data-per-view=\"1\" data-gap=\"0\" data-peek=\"0\" data-autoplay=\"true\" data-height=\"400px\" data-hide-arrows=\"false\"><div class=\"glide__track\" data-glide-el=\"track\"><div class=\"glide__slides\"><div class=\"wp-block-themeisle-blocks-slider-item-wrapper glide__slide\" tabindex=\"0\"><figure><img decoding=\"async\" class=\"wp-block-themeisle-blocks-slider-item\" src=\"https:\/\/familie-weitgereist.de\/wp-content\/uploads\/2024\/07\/IMG_20240724_185520-1-scaled.jpg\" alt=\"\" title=\"\" data-id=\"19136\"\/><\/figure><\/div><div class=\"wp-block-themeisle-blocks-slider-item-wrapper glide__slide\" tabindex=\"0\"><figure><img decoding=\"async\" class=\"wp-block-themeisle-blocks-slider-item\" src=\"https:\/\/familie-weitgereist.de\/wp-content\/uploads\/2024\/07\/IMG_20240724_184321-1-scaled.jpg\" alt=\"\" title=\"\" data-id=\"19137\"\/><\/figure><\/div><\/div><div class=\"glide__bullets\" data-glide-el=\"controls[nav]\"><button class=\"glide__bullet\" data-glide-dir=\"=0\"><\/button><button class=\"glide__bullet\" data-glide-dir=\"=1\"><\/button><\/div><\/div><\/div>\n\n\n\n<h2 class=\"wp-block-heading\">Eikredammen<\/h2>\n\n\n\n<p>Wir haben eine Nacht am sch\u00f6nen Eikredammen, einen Staudamm auf 1300m H\u00f6he verbracht. Die Natur ist atemberaubend sch\u00f6n. Die Berge sind hoch, der Hemsil, ein Fluss, rauscht entlang der wenig befahrenen Stra\u00dfe und in der Ferne ist ein riesiger Wasserfall zu sehen, der Hydnefossen.<\/p>\n\n\n\n<figure class=\"wp-block-image size-large\"><img loading=\"lazy\" decoding=\"async\" width=\"1024\" height=\"768\" src=\"https:\/\/familie-weitgereist.de\/wp-content\/uploads\/2024\/07\/IMG_20240722_184544-1024x768.jpg\" alt=\"\" class=\"wp-image-19104\" srcset=\"https:\/\/familie-weitgereist.de\/wp-content\/uploads\/2024\/07\/IMG_20240722_184544-1024x768.jpg 1024w, https:\/\/familie-weitgereist.de\/wp-content\/uploads\/2024\/07\/IMG_20240722_184544-300x225.jpg 300w, https:\/\/familie-weitgereist.de\/wp-content\/uploads\/2024\/07\/IMG_20240722_184544-768x576.jpg 768w, https:\/\/familie-weitgereist.de\/wp-content\/uploads\/2024\/07\/IMG_20240722_184544-1536x1152.jpg 1536w, https:\/\/familie-weitgereist.de\/wp-content\/uploads\/2024\/07\/IMG_20240722_184544-2048x1536.jpg 2048w, https:\/\/familie-weitgereist.de\/wp-content\/uploads\/2024\/07\/IMG_20240722_184544-1200x900.jpg 1200w, https:\/\/familie-weitgereist.de\/wp-content\/uploads\/2024\/07\/IMG_20240722_184544-1980x1485.jpg 1980w, https:\/\/familie-weitgereist.de\/wp-content\/uploads\/2024\/07\/IMG_20240722_184544-150x113.jpg 150w\" sizes=\"auto, (max-width: 1024px) 100vw, 1024px\" \/><\/figure>\n\n\n\n<h2 class=\"wp-block-heading\">Geiranger<\/h2>\n\n\n\n<p>Geiranger ist ein kleiner Ort mit ca. 250 Einwohnern. In den Sommermonaten steigt die Einwohnerzahl etwas. Geiranger ist jedoch bekannt fur seine traumhafte Lage eingebettet in ein Fjord. Die Ausblicke vom <strong>Flydalsjuvet<\/strong> sind bezaubernd. Es werden in den Sommermonaten viele Touristenbusse angefahren. Die Bergstra\u00dfen sind zum Gl\u00fcck breit genug, dass es nicht zu langen Wartezeiten und Stau kommt. Es gibt eine Aussichtsplattform. Gro\u00dfe Kreuzfahrtschiffe liegen auch im Hafen.<\/p>\n\n\n\n<figure class=\"wp-block-image size-large\"><img loading=\"lazy\" decoding=\"async\" width=\"1024\" height=\"768\" src=\"https:\/\/familie-weitgereist.de\/wp-content\/uploads\/2024\/07\/IMG_20240724_124634-1024x768.jpg\" alt=\"\" class=\"wp-image-19138\" srcset=\"https:\/\/familie-weitgereist.de\/wp-content\/uploads\/2024\/07\/IMG_20240724_124634-1024x768.jpg 1024w, https:\/\/familie-weitgereist.de\/wp-content\/uploads\/2024\/07\/IMG_20240724_124634-300x225.jpg 300w, https:\/\/familie-weitgereist.de\/wp-content\/uploads\/2024\/07\/IMG_20240724_124634-768x576.jpg 768w, https:\/\/familie-weitgereist.de\/wp-content\/uploads\/2024\/07\/IMG_20240724_124634-1536x1152.jpg 1536w, https:\/\/familie-weitgereist.de\/wp-content\/uploads\/2024\/07\/IMG_20240724_124634-2048x1536.jpg 2048w, https:\/\/familie-weitgereist.de\/wp-content\/uploads\/2024\/07\/IMG_20240724_124634-1200x900.jpg 1200w, https:\/\/familie-weitgereist.de\/wp-content\/uploads\/2024\/07\/IMG_20240724_124634-1980x1485.jpg 1980w, https:\/\/familie-weitgereist.de\/wp-content\/uploads\/2024\/07\/IMG_20240724_124634-150x113.jpg 150w\" sizes=\"auto, (max-width: 1024px) 100vw, 1024px\" \/><\/figure>\n\n\n\n<p>Eine ebenso tolle Aussicht bietet sich hinab in das <strong>Fjord von der Adlerstra\u00dfe<\/strong>. Hier sieht man wie sich der tiefe Fluss durch die Berge schl\u00e4ngelt.<\/p>\n\n\n\n<figure class=\"wp-block-image size-large\"><img loading=\"lazy\" decoding=\"async\" width=\"1024\" height=\"768\" src=\"https:\/\/familie-weitgereist.de\/wp-content\/uploads\/2024\/07\/IMG_20240724_135504-1024x768.jpg\" alt=\"\" class=\"wp-image-19143\" srcset=\"https:\/\/familie-weitgereist.de\/wp-content\/uploads\/2024\/07\/IMG_20240724_135504-1024x768.jpg 1024w, https:\/\/familie-weitgereist.de\/wp-content\/uploads\/2024\/07\/IMG_20240724_135504-300x225.jpg 300w, https:\/\/familie-weitgereist.de\/wp-content\/uploads\/2024\/07\/IMG_20240724_135504-768x576.jpg 768w, https:\/\/familie-weitgereist.de\/wp-content\/uploads\/2024\/07\/IMG_20240724_135504-1536x1152.jpg 1536w, https:\/\/familie-weitgereist.de\/wp-content\/uploads\/2024\/07\/IMG_20240724_135504-2048x1536.jpg 2048w, https:\/\/familie-weitgereist.de\/wp-content\/uploads\/2024\/07\/IMG_20240724_135504-1200x900.jpg 1200w, https:\/\/familie-weitgereist.de\/wp-content\/uploads\/2024\/07\/IMG_20240724_135504-1980x1485.jpg 1980w, https:\/\/familie-weitgereist.de\/wp-content\/uploads\/2024\/07\/IMG_20240724_135504-150x113.jpg 150w\" sizes=\"auto, (max-width: 1024px) 100vw, 1024px\" \/><\/figure>\n\n\n\n<h2 class=\"wp-block-heading\">Lofoten<\/h2>\n\n\n\n<p>Die Lofoten befinden sich in Nordnorwegen und sind Teil einer Inselgruppe im Nordwesten von Norwegen. Sie bestehen aus ca. 80 Inseln. Die Natur ist atemberaubend sch\u00f6n. Tiefe Fjorde, traumhafte Sandstr\u00e4nde, kristallklares Wasser, herrliche K\u00fcstenstra\u00dfen und vertr\u00e4umte Orte machen die Lofoten zu einem besonderen Reiseziel! Hier kannst du mehr \u00fcber unsere Reise auf den <strong><a href=\"https:\/\/familie-weitgereist.de\/?p=19180\" data-type=\"link\" data-id=\"https:\/\/familie-weitgereist.de\/?p=19180\">Lofoten<\/a><\/strong> lesen.<\/p>\n\n\n\n<figure class=\"wp-block-image size-large\"><img loading=\"lazy\" decoding=\"async\" width=\"1024\" height=\"768\" src=\"https:\/\/familie-weitgereist.de\/wp-content\/uploads\/2024\/07\/IMG_20240728_120135-1024x768.jpg\" alt=\"\" class=\"wp-image-19177\" srcset=\"https:\/\/familie-weitgereist.de\/wp-content\/uploads\/2024\/07\/IMG_20240728_120135-1024x768.jpg 1024w, https:\/\/familie-weitgereist.de\/wp-content\/uploads\/2024\/07\/IMG_20240728_120135-300x225.jpg 300w, https:\/\/familie-weitgereist.de\/wp-content\/uploads\/2024\/07\/IMG_20240728_120135-768x576.jpg 768w, https:\/\/familie-weitgereist.de\/wp-content\/uploads\/2024\/07\/IMG_20240728_120135-1536x1152.jpg 1536w, https:\/\/familie-weitgereist.de\/wp-content\/uploads\/2024\/07\/IMG_20240728_120135-2048x1536.jpg 2048w, https:\/\/familie-weitgereist.de\/wp-content\/uploads\/2024\/07\/IMG_20240728_120135-1200x900.jpg 1200w, https:\/\/familie-weitgereist.de\/wp-content\/uploads\/2024\/07\/IMG_20240728_120135-1980x1485.jpg 1980w, https:\/\/familie-weitgereist.de\/wp-content\/uploads\/2024\/07\/IMG_20240728_120135-150x113.jpg 150w\" sizes=\"auto, (max-width: 1024px) 100vw, 1024px\" \/><\/figure>\n\n\n\n<h2 class=\"wp-block-heading\">Nordlandsporten &#8211; Nord-Norwegen<\/h2>\n\n\n\n<p><strong>Nordlandsporten (Nordlandtor) ist das Tor nach Nord-Norwegen. <\/strong>Wenn man hier angekommen ist, wei\u00df man, dass man es bis in den <strong>Hohen<\/strong> <strong>Norden<\/strong> geschafft hat! \ud83d\ude42 Es liegt im \u00dcbergang zwischen den Regionen Tr\u00f8ndelag und Nordland in der N\u00e4he von Smal\u00e5sen und Majavatn.<\/p>\n\n\n\n<p>Der Torbogen \u00fcberspannt die gesamte Schnellstra\u00dfe &#8222;E6&#8220; und stellt ein Polarlicht dar. Es gibt vor Ort einen Kiosk, Toiletten, Duschen und einen Souvenirladen.<\/p>\n\n\n\n<figure class=\"wp-block-image size-large\"><img loading=\"lazy\" decoding=\"async\" width=\"1024\" height=\"768\" src=\"https:\/\/familie-weitgereist.de\/wp-content\/uploads\/2024\/07\/IMG_20240726_162131_1-1024x768.jpg\" alt=\"\" class=\"wp-image-19161\" srcset=\"https:\/\/familie-weitgereist.de\/wp-content\/uploads\/2024\/07\/IMG_20240726_162131_1-1024x768.jpg 1024w, https:\/\/familie-weitgereist.de\/wp-content\/uploads\/2024\/07\/IMG_20240726_162131_1-300x225.jpg 300w, https:\/\/familie-weitgereist.de\/wp-content\/uploads\/2024\/07\/IMG_20240726_162131_1-768x576.jpg 768w, https:\/\/familie-weitgereist.de\/wp-content\/uploads\/2024\/07\/IMG_20240726_162131_1-1536x1152.jpg 1536w, https:\/\/familie-weitgereist.de\/wp-content\/uploads\/2024\/07\/IMG_20240726_162131_1-2048x1536.jpg 2048w, https:\/\/familie-weitgereist.de\/wp-content\/uploads\/2024\/07\/IMG_20240726_162131_1-1200x900.jpg 1200w, https:\/\/familie-weitgereist.de\/wp-content\/uploads\/2024\/07\/IMG_20240726_162131_1-1980x1485.jpg 1980w, https:\/\/familie-weitgereist.de\/wp-content\/uploads\/2024\/07\/IMG_20240726_162131_1-150x113.jpg 150w\" sizes=\"auto, (max-width: 1024px) 100vw, 1024px\" \/><\/figure>\n\n\n\n<p>Ein Stein&nbsp;weist auf die Entfernung&nbsp;Mosj\u00f8ens im Norden (100 Kilometer entfernt) und Trondheims im S\u00fcden (304 Kilometer entfernt) hin.<\/p>\n\n\n\n<figure class=\"wp-block-image size-large\"><img loading=\"lazy\" decoding=\"async\" width=\"1024\" height=\"768\" src=\"https:\/\/familie-weitgereist.de\/wp-content\/uploads\/2024\/07\/IMG_20240726_162628-1024x768.jpg\" alt=\"\" class=\"wp-image-19159\" srcset=\"https:\/\/familie-weitgereist.de\/wp-content\/uploads\/2024\/07\/IMG_20240726_162628-1024x768.jpg 1024w, https:\/\/familie-weitgereist.de\/wp-content\/uploads\/2024\/07\/IMG_20240726_162628-300x225.jpg 300w, https:\/\/familie-weitgereist.de\/wp-content\/uploads\/2024\/07\/IMG_20240726_162628-768x576.jpg 768w, https:\/\/familie-weitgereist.de\/wp-content\/uploads\/2024\/07\/IMG_20240726_162628-1536x1152.jpg 1536w, https:\/\/familie-weitgereist.de\/wp-content\/uploads\/2024\/07\/IMG_20240726_162628-2048x1536.jpg 2048w, https:\/\/familie-weitgereist.de\/wp-content\/uploads\/2024\/07\/IMG_20240726_162628-1200x900.jpg 1200w, https:\/\/familie-weitgereist.de\/wp-content\/uploads\/2024\/07\/IMG_20240726_162628-1980x1485.jpg 1980w, https:\/\/familie-weitgereist.de\/wp-content\/uploads\/2024\/07\/IMG_20240726_162628-150x113.jpg 150w\" sizes=\"auto, (max-width: 1024px) 100vw, 1024px\" \/><\/figure>\n\n\n\n<h2 class=\"wp-block-heading\">Nordkap<\/h2>\n\n\n\n<p><strong>Wir haben es geschafft und waren am n\u00f6rdlichen Ende der Welt!<\/strong> Es ist ein unbeschreibliches Gef\u00fchl, so weit im Norden zu sein und so viele Kilometer zur\u00fcck gelegt zu haben! <\/p>\n\n\n\n<p>Vor uns tat sich die unendliche Weite des Ozeans auf. Eine schroffe 307m hohe Steilk\u00fcste f\u00e4llt ins Polarmeer hinab und man sieht nur noch Meer so weit das Auge reicht. 2100km weiter n\u00f6rdlich befindet sich der Nordpol.<\/p>\n\n\n\n<p>Der eigentliche <strong>n\u00f6rdlichste Punkt<\/strong> auf dem europ\u00e4ischen Festland befindet sich jedoch 8km weiter n\u00f6rdlich. Dieser Punkt ist nur \u00fcber eine 8km lange Wanderung, inklusive R\u00fcckwanderung zu erreichen. Bei starkem Wind war uns das etwas zu beschwerlich und wir genossen lieber die Ausblicke auf die Landzunge.<\/p>\n\n\n\n<figure class=\"wp-block-image size-large\"><img loading=\"lazy\" decoding=\"async\" width=\"1024\" height=\"768\" src=\"https:\/\/familie-weitgereist.de\/wp-content\/uploads\/2024\/07\/IMG_20240731_122925-1024x768.jpg\" alt=\"\" class=\"wp-image-19247\" srcset=\"https:\/\/familie-weitgereist.de\/wp-content\/uploads\/2024\/07\/IMG_20240731_122925-1024x768.jpg 1024w, https:\/\/familie-weitgereist.de\/wp-content\/uploads\/2024\/07\/IMG_20240731_122925-300x225.jpg 300w, https:\/\/familie-weitgereist.de\/wp-content\/uploads\/2024\/07\/IMG_20240731_122925-768x576.jpg 768w, https:\/\/familie-weitgereist.de\/wp-content\/uploads\/2024\/07\/IMG_20240731_122925-1536x1152.jpg 1536w, https:\/\/familie-weitgereist.de\/wp-content\/uploads\/2024\/07\/IMG_20240731_122925-2048x1536.jpg 2048w, https:\/\/familie-weitgereist.de\/wp-content\/uploads\/2024\/07\/IMG_20240731_122925-1200x900.jpg 1200w, https:\/\/familie-weitgereist.de\/wp-content\/uploads\/2024\/07\/IMG_20240731_122925-1980x1485.jpg 1980w, https:\/\/familie-weitgereist.de\/wp-content\/uploads\/2024\/07\/IMG_20240731_122925-150x113.jpg 150w\" sizes=\"auto, (max-width: 1024px) 100vw, 1024px\" \/><\/figure>\n\n\n\n<p>Ein Foto vor dem <strong>markanten Globus<\/strong> durfte nat\u00fcrlich nicht fehlen!<\/p>\n\n\n\n<figure class=\"wp-block-image size-large\"><img loading=\"lazy\" decoding=\"async\" width=\"1024\" height=\"768\" src=\"https:\/\/familie-weitgereist.de\/wp-content\/uploads\/2024\/07\/IMG_20240731_122359-1024x768.jpg\" alt=\"\" class=\"wp-image-19248\" srcset=\"https:\/\/familie-weitgereist.de\/wp-content\/uploads\/2024\/07\/IMG_20240731_122359-1024x768.jpg 1024w, https:\/\/familie-weitgereist.de\/wp-content\/uploads\/2024\/07\/IMG_20240731_122359-300x225.jpg 300w, https:\/\/familie-weitgereist.de\/wp-content\/uploads\/2024\/07\/IMG_20240731_122359-768x576.jpg 768w, https:\/\/familie-weitgereist.de\/wp-content\/uploads\/2024\/07\/IMG_20240731_122359-1536x1152.jpg 1536w, https:\/\/familie-weitgereist.de\/wp-content\/uploads\/2024\/07\/IMG_20240731_122359-2048x1536.jpg 2048w, https:\/\/familie-weitgereist.de\/wp-content\/uploads\/2024\/07\/IMG_20240731_122359-1200x900.jpg 1200w, https:\/\/familie-weitgereist.de\/wp-content\/uploads\/2024\/07\/IMG_20240731_122359-1980x1485.jpg 1980w, https:\/\/familie-weitgereist.de\/wp-content\/uploads\/2024\/07\/IMG_20240731_122359-150x113.jpg 150w\" sizes=\"auto, (max-width: 1024px) 100vw, 1024px\" \/><\/figure>\n\n\n\n<p>Es gibt ein <strong>Denkmal<\/strong>, welches f\u00fcr &#8222;<strong>Die Kinder der Welt<\/strong>&#8220; steht und Frieden repr\u00e4sentieren soll. 1988 kamen 7 Kinder aus 7 verschiedenen L\u00e4ndern (Tansania, Brasilien, Japan, Thailand, Italien, Soviet Union, USA) f\u00fcr eine Woche am Nordkap zusammen und kreierten gemeinsam dieses Denkmal.<\/p>\n\n\n\n<figure class=\"wp-block-image size-large\"><img loading=\"lazy\" decoding=\"async\" width=\"1024\" height=\"768\" src=\"https:\/\/familie-weitgereist.de\/wp-content\/uploads\/2024\/07\/IMG_20240731_124432-1024x768.jpg\" alt=\"\" class=\"wp-image-19249\" srcset=\"https:\/\/familie-weitgereist.de\/wp-content\/uploads\/2024\/07\/IMG_20240731_124432-1024x768.jpg 1024w, https:\/\/familie-weitgereist.de\/wp-content\/uploads\/2024\/07\/IMG_20240731_124432-300x225.jpg 300w, https:\/\/familie-weitgereist.de\/wp-content\/uploads\/2024\/07\/IMG_20240731_124432-768x576.jpg 768w, https:\/\/familie-weitgereist.de\/wp-content\/uploads\/2024\/07\/IMG_20240731_124432-1536x1152.jpg 1536w, https:\/\/familie-weitgereist.de\/wp-content\/uploads\/2024\/07\/IMG_20240731_124432-2048x1536.jpg 2048w, https:\/\/familie-weitgereist.de\/wp-content\/uploads\/2024\/07\/IMG_20240731_124432-1200x900.jpg 1200w, https:\/\/familie-weitgereist.de\/wp-content\/uploads\/2024\/07\/IMG_20240731_124432-1980x1485.jpg 1980w, https:\/\/familie-weitgereist.de\/wp-content\/uploads\/2024\/07\/IMG_20240731_124432-150x113.jpg 150w\" sizes=\"auto, (max-width: 1024px) 100vw, 1024px\" \/><\/figure>\n\n\n\n<p><strong>Tipp: Mit einem vollen Tank Richtung Norden zu fahren, lohnt sich. Weiter im S\u00fcden von Norwegen ist das Tanken deutlich g\u00fcnstiger als im \u00e4u\u00dfersten Norden.<\/strong><\/p>\n\n\n\n<h2 class=\"wp-block-heading\">Stabkirche Borgund<\/h2>\n\n\n\n<p>Die Stabkirche in Borgund ist die best erhaltenste Stabkirche in Norwegen und die zweit\u00e4lteste. Sie wurde im Jahr 1180 errichtet und steht bis heute noch. Sie ist ein herausragendes Beispiel f\u00fcr norwegische Stabbaukunst. Sie wird alle vier bis f\u00fcnf Jahre mit Teer aus Kiefernharz angemalt, damit das Holz gut erhalten bleibt. Daher kommt auch die schwarze Farbe.<\/p>\n\n\n\n<figure class=\"wp-block-image size-large\"><img loading=\"lazy\" decoding=\"async\" width=\"1024\" height=\"768\" src=\"https:\/\/familie-weitgereist.de\/wp-content\/uploads\/2024\/07\/IMG_20240723_125534-1024x768.jpg\" alt=\"\" class=\"wp-image-19114\" srcset=\"https:\/\/familie-weitgereist.de\/wp-content\/uploads\/2024\/07\/IMG_20240723_125534-1024x768.jpg 1024w, https:\/\/familie-weitgereist.de\/wp-content\/uploads\/2024\/07\/IMG_20240723_125534-300x225.jpg 300w, https:\/\/familie-weitgereist.de\/wp-content\/uploads\/2024\/07\/IMG_20240723_125534-768x576.jpg 768w, https:\/\/familie-weitgereist.de\/wp-content\/uploads\/2024\/07\/IMG_20240723_125534-1536x1152.jpg 1536w, https:\/\/familie-weitgereist.de\/wp-content\/uploads\/2024\/07\/IMG_20240723_125534-2048x1536.jpg 2048w, https:\/\/familie-weitgereist.de\/wp-content\/uploads\/2024\/07\/IMG_20240723_125534-1200x900.jpg 1200w, https:\/\/familie-weitgereist.de\/wp-content\/uploads\/2024\/07\/IMG_20240723_125534-1980x1485.jpg 1980w, https:\/\/familie-weitgereist.de\/wp-content\/uploads\/2024\/07\/IMG_20240723_125534-150x113.jpg 150w\" sizes=\"auto, (max-width: 1024px) 100vw, 1024px\" \/><\/figure>\n\n\n\n<p>In Norwegen gab es einst \u00fcber 1000 Stabkirchen. Mittlerweile sind nur noch 28 Stabkirchen \u00fcbrig. Im Jahr 1860 gab es ein neues Gesetz in Norwegen, dass in den Kirchen mehr als 20 Menschen Platz finden m\u00fcssen, da das in den meisten Stabkirchen nicht der Fall war, wurden sie abgerissen und neue gebaut. <\/p>\n\n\n\n<p>Die Stabkirche in Borgund wirkt von au\u00dfen gro\u00df, ist jedoch im Inneren sehr klein. Zum Gl\u00fcck wurde sie damals trotzdem stehen gelassen.<\/p>\n\n\n\n<figure class=\"wp-block-image size-large\"><img loading=\"lazy\" decoding=\"async\" width=\"768\" height=\"1024\" src=\"https:\/\/familie-weitgereist.de\/wp-content\/uploads\/2024\/07\/IMG_20240723_123327-768x1024.jpg\" alt=\"\" class=\"wp-image-19115\" srcset=\"https:\/\/familie-weitgereist.de\/wp-content\/uploads\/2024\/07\/IMG_20240723_123327-768x1024.jpg 768w, https:\/\/familie-weitgereist.de\/wp-content\/uploads\/2024\/07\/IMG_20240723_123327-225x300.jpg 225w, https:\/\/familie-weitgereist.de\/wp-content\/uploads\/2024\/07\/IMG_20240723_123327-1152x1536.jpg 1152w, https:\/\/familie-weitgereist.de\/wp-content\/uploads\/2024\/07\/IMG_20240723_123327-1536x2048.jpg 1536w, https:\/\/familie-weitgereist.de\/wp-content\/uploads\/2024\/07\/IMG_20240723_123327-1200x1600.jpg 1200w, https:\/\/familie-weitgereist.de\/wp-content\/uploads\/2024\/07\/IMG_20240723_123327-1980x2640.jpg 1980w, https:\/\/familie-weitgereist.de\/wp-content\/uploads\/2024\/07\/IMG_20240723_123327-640x853.jpg 640w, https:\/\/familie-weitgereist.de\/wp-content\/uploads\/2024\/07\/IMG_20240723_123327-150x200.jpg 150w, https:\/\/familie-weitgereist.de\/wp-content\/uploads\/2024\/07\/IMG_20240723_123327-scaled.jpg 1920w\" sizes=\"auto, (max-width: 768px) 100vw, 768px\" \/><\/figure>\n\n\n\n<p>Zur Kirche geh\u00f6rt ebenfalls ein Visitor Center mit einer Ausstellung. Dort finden sich viele wichtige Informationen zur Kirche, dem Bau und den Stabkirchen in Norwegen.<\/p>\n\n\n\n<p>Wir zahlten 130 NOK (ca. 10,87\u20ac) als Erwachsene. Es gibt eine Familienkarte f\u00fcr 300 NOK (ca. 25,10\u20ac). (<em>Stand Juli 2024<\/em>)<\/p>\n\n\n\n<h2 class=\"wp-block-heading\">Teisendammen bei Trondheim<\/h2>\n\n\n\n<p>Wir sind auf unserer Reise in den Norden von Norwegen an Trondheim vorbei gekommen. Urspr\u00fcnglich wollten wir von einem Camper Parkplatz mit unseren Fahrr\u00e4dern in die Stadt rein fahren. Es war jedoch so steil, dass wir auf halber Strecke abgebrochen haben, unsere Fahrr\u00e4der zum Teil den Berg wieder hinauf schoben und uns spontan entschieden um den Teisendammen zu radeln und baden zu gehen. Von dort hatten wir einen sch\u00f6nen Ausblick auf Trondheim und der See war angenehm warm f\u00fcr eine Erfrischung.<\/p>\n\n\n\n<div id=\"wp-block-themeisle-blocks-slider-f5244519\" class=\"wp-block-themeisle-blocks-slider glide\" data-per-view=\"1\" data-gap=\"0\" data-peek=\"0\" data-autoplay=\"true\" data-height=\"400px\" data-hide-arrows=\"false\"><div class=\"glide__track\" data-glide-el=\"track\"><div class=\"glide__slides\"><div class=\"wp-block-themeisle-blocks-slider-item-wrapper glide__slide\" tabindex=\"0\"><figure><img decoding=\"async\" class=\"wp-block-themeisle-blocks-slider-item\" src=\"https:\/\/familie-weitgereist.de\/wp-content\/uploads\/2024\/07\/IMG_20240725_182721-scaled.jpg\" alt=\"\" title=\"\" data-id=\"19148\"\/><\/figure><\/div><div class=\"wp-block-themeisle-blocks-slider-item-wrapper glide__slide\" tabindex=\"0\"><figure><img decoding=\"async\" class=\"wp-block-themeisle-blocks-slider-item\" src=\"https:\/\/familie-weitgereist.de\/wp-content\/uploads\/2024\/07\/IMG_20240725_182043-scaled.jpg\" alt=\"\" title=\"\" data-id=\"19149\"\/><\/figure><\/div><\/div><div class=\"glide__bullets\" data-glide-el=\"controls[nav]\"><button class=\"glide__bullet\" data-glide-dir=\"=0\"><\/button><button class=\"glide__bullet\" data-glide-dir=\"=1\"><\/button><\/div><\/div><\/div>\n\n\n\n<h2 class=\"wp-block-heading\">V\u00e5g\u00e5mo<\/h2>\n\n\n\n<p>Wir haben die Nacht in dem kleinen 1400 Einwohnerort V\u00e5g\u00e5mo verbracht und uns den Ort angeschaut. V\u00e5g\u00e5mo ist ein wichtiger Ort f\u00fcr Norwegen, denn hier wurden <strong>1814 in der Kirche die ersten Wahlen Norwegens abgehalten.<\/strong> Die Kirche steht bis heute noch, als wundersch\u00f6ne Stabkirche.<\/p>\n\n\n\n<figure class=\"wp-block-image size-large\"><img loading=\"lazy\" decoding=\"async\" width=\"1024\" height=\"768\" src=\"https:\/\/familie-weitgereist.de\/wp-content\/uploads\/2024\/07\/IMG_20240723_194942-1-1024x768.jpg\" alt=\"\" class=\"wp-image-19120\" srcset=\"https:\/\/familie-weitgereist.de\/wp-content\/uploads\/2024\/07\/IMG_20240723_194942-1-1024x768.jpg 1024w, https:\/\/familie-weitgereist.de\/wp-content\/uploads\/2024\/07\/IMG_20240723_194942-1-300x225.jpg 300w, https:\/\/familie-weitgereist.de\/wp-content\/uploads\/2024\/07\/IMG_20240723_194942-1-768x576.jpg 768w, https:\/\/familie-weitgereist.de\/wp-content\/uploads\/2024\/07\/IMG_20240723_194942-1-1536x1152.jpg 1536w, https:\/\/familie-weitgereist.de\/wp-content\/uploads\/2024\/07\/IMG_20240723_194942-1-2048x1536.jpg 2048w, https:\/\/familie-weitgereist.de\/wp-content\/uploads\/2024\/07\/IMG_20240723_194942-1-1200x900.jpg 1200w, https:\/\/familie-weitgereist.de\/wp-content\/uploads\/2024\/07\/IMG_20240723_194942-1-1980x1485.jpg 1980w, https:\/\/familie-weitgereist.de\/wp-content\/uploads\/2024\/07\/IMG_20240723_194942-1-150x113.jpg 150w\" sizes=\"auto, (max-width: 1024px) 100vw, 1024px\" \/><\/figure>\n\n\n\n<p>Im Zentrum von V\u00e5g\u00e5mo gibt es einen Park mit Spielplatz, Skaterpark und gro\u00dfer BMX Strecke.<\/p>\n\n\n\n<figure class=\"wp-block-image size-large\"><img loading=\"lazy\" decoding=\"async\" width=\"1024\" height=\"768\" src=\"https:\/\/familie-weitgereist.de\/wp-content\/uploads\/2024\/07\/IMG_20240723_175809-1024x768.jpg\" alt=\"\" class=\"wp-image-19122\" srcset=\"https:\/\/familie-weitgereist.de\/wp-content\/uploads\/2024\/07\/IMG_20240723_175809-1024x768.jpg 1024w, https:\/\/familie-weitgereist.de\/wp-content\/uploads\/2024\/07\/IMG_20240723_175809-300x225.jpg 300w, https:\/\/familie-weitgereist.de\/wp-content\/uploads\/2024\/07\/IMG_20240723_175809-768x576.jpg 768w, https:\/\/familie-weitgereist.de\/wp-content\/uploads\/2024\/07\/IMG_20240723_175809-1536x1152.jpg 1536w, https:\/\/familie-weitgereist.de\/wp-content\/uploads\/2024\/07\/IMG_20240723_175809-2048x1536.jpg 2048w, https:\/\/familie-weitgereist.de\/wp-content\/uploads\/2024\/07\/IMG_20240723_175809-1200x900.jpg 1200w, https:\/\/familie-weitgereist.de\/wp-content\/uploads\/2024\/07\/IMG_20240723_175809-1980x1485.jpg 1980w, https:\/\/familie-weitgereist.de\/wp-content\/uploads\/2024\/07\/IMG_20240723_175809-150x113.jpg 150w\" sizes=\"auto, (max-width: 1024px) 100vw, 1024px\" \/><\/figure>\n","protected":false},"excerpt":{"rendered":"<p>Unser Roadtrip durch Skandinavien startete im S\u00fcden von Schweden, in Trelleborg. Wir nahmen von Rostock die F\u00e4hre und unsere Reise ging in den hohen Norden. Das K\u00f6nigreich Norwegen liegt im Westen von Skandinavien, angrenzend zu Schweden und einem kleinen Teil zu Finnland. In Norwegen leben ca. 5,5 Millionen Einwohner. Das Land ist d\u00fcnn besiedelt. Die [&hellip;]<\/p>\n","protected":false},"author":3,"featured_media":19248,"comment_status":"open","ping_status":"open","sticky":false,"template":"","format":"standard","meta":{"_themeisle_gutenberg_block_has_review":false,"footnotes":""},"categories":[1423,8,4,377],"tags":[1389,1385,1382,1380,1384,1390,1386,1398,1399,1387,1388,1379,1381,1383],"class_list":["post-19095","post","type-post","status-publish","format-standard","has-post-thumbnail","hentry","category-norwegen","category-europa","category-laender","category-spielplaetze","tag-arctic-circle-center","tag-atlantikstrasse","tag-borgund","tag-eikredammen","tag-geiranger","tag-lofoten","tag-nord-norwegen","tag-nordkap","tag-nordkapp","tag-nordlandsporten","tag-nordlandtor","tag-norwegen","tag-stabkirche","tag-vagamo"],"_links":{"self":[{"href":"https:\/\/familie-weitgereist.de\/index.php?rest_route=\/wp\/v2\/posts\/19095","targetHints":{"allow":["GET"]}}],"collection":[{"href":"https:\/\/familie-weitgereist.de\/index.php?rest_route=\/wp\/v2\/posts"}],"about":[{"href":"https:\/\/familie-weitgereist.de\/index.php?rest_route=\/wp\/v2\/types\/post"}],"author":[{"embeddable":true,"href":"https:\/\/familie-weitgereist.de\/index.php?rest_route=\/wp\/v2\/users\/3"}],"replies":[{"embeddable":true,"href":"https:\/\/familie-weitgereist.de\/index.php?rest_route=%2Fwp%2Fv2%2Fcomments&post=19095"}],"version-history":[{"count":62,"href":"https:\/\/familie-weitgereist.de\/index.php?rest_route=\/wp\/v2\/posts\/19095\/revisions"}],"predecessor-version":[{"id":23341,"href":"https:\/\/familie-weitgereist.de\/index.php?rest_route=\/wp\/v2\/posts\/19095\/revisions\/23341"}],"wp:featuredmedia":[{"embeddable":true,"href":"https:\/\/familie-weitgereist.de\/index.php?rest_route=\/wp\/v2\/media\/19248"}],"wp:attachment":[{"href":"https:\/\/familie-weitgereist.de\/index.php?rest_route=%2Fwp%2Fv2%2Fmedia&parent=19095"}],"wp:term":[{"taxonomy":"category","embeddable":true,"href":"https:\/\/familie-weitgereist.de\/index.php?rest_route=%2Fwp%2Fv2%2Fcategories&post=19095"},{"taxonomy":"post_tag","embeddable":true,"href":"https:\/\/familie-weitgereist.de\/index.php?rest_route=%2Fwp%2Fv2%2Ftags&post=19095"}],"curies":[{"name":"wp","href":"https:\/\/api.w.org\/{rel}","templated":true}]}}