{"id":18164,"date":"2024-05-19T17:41:18","date_gmt":"2024-05-19T15:41:18","guid":{"rendered":"https:\/\/familie-weitgereist.de\/?p=18164"},"modified":"2025-09-29T23:52:55","modified_gmt":"2025-09-29T21:52:55","slug":"workation-mallorca-spanien-mit-kind-und-baby","status":"publish","type":"post","link":"https:\/\/familie-weitgereist.de\/?p=18164","title":{"rendered":"Workation Mallorca, Spanien mit Kind und Baby"},"content":{"rendered":"\n<p>Unseren Workation Aufenthalt auf Mallorca haben wir mit einem <strong><a href=\"https:\/\/familie-weitgereist.de\/?p=17996\" data-type=\"link\" data-id=\"https:\/\/familie-weitgereist.de\/?p=17996\">Workation Aufenthalt auf Gran Canaria<\/a><\/strong> verbunden. Da die Fl\u00fcge von Gran Canaria \u00fcber Mallorca zur\u00fcck nach Berlin sehr viel g\u00fcnstiger waren, als direkt von Gran Canaria nach Berlin zu fliegen, haben wir f\u00fcnf Tage auf dieser sch\u00f6nen <strong>Baleareninsel<\/strong> verbracht.<\/p>\n\n\n\n<p>Um die Insel unabh\u00e4ngig zu erkunden, haben wir uns bei <strong>Avis<\/strong> einen Mietwagen genommen. Wir bekamen einen <strong>Opel Corsa<\/strong>.<\/p>\n\n\n\n<figure class=\"wp-block-image size-large\"><img loading=\"lazy\" decoding=\"async\" width=\"1024\" height=\"768\" src=\"https:\/\/familie-weitgereist.de\/wp-content\/uploads\/2024\/05\/IMG_20240511_171848-1024x768.jpg\" alt=\"\" class=\"wp-image-18196\" srcset=\"https:\/\/familie-weitgereist.de\/wp-content\/uploads\/2024\/05\/IMG_20240511_171848-1024x768.jpg 1024w, https:\/\/familie-weitgereist.de\/wp-content\/uploads\/2024\/05\/IMG_20240511_171848-300x225.jpg 300w, https:\/\/familie-weitgereist.de\/wp-content\/uploads\/2024\/05\/IMG_20240511_171848-768x576.jpg 768w, https:\/\/familie-weitgereist.de\/wp-content\/uploads\/2024\/05\/IMG_20240511_171848-1536x1152.jpg 1536w, https:\/\/familie-weitgereist.de\/wp-content\/uploads\/2024\/05\/IMG_20240511_171848-2048x1536.jpg 2048w, https:\/\/familie-weitgereist.de\/wp-content\/uploads\/2024\/05\/IMG_20240511_171848-1200x900.jpg 1200w, https:\/\/familie-weitgereist.de\/wp-content\/uploads\/2024\/05\/IMG_20240511_171848-1980x1485.jpg 1980w, https:\/\/familie-weitgereist.de\/wp-content\/uploads\/2024\/05\/IMG_20240511_171848-150x113.jpg 150w\" sizes=\"auto, (max-width: 1024px) 100vw, 1024px\" \/><\/figure>\n\n\n\n<p>Wir haben f\u00fcnf N\u00e4chte in <strong>Cala Millor<\/strong>, im Familienhotel <strong><em>Ciudad Laurel<\/em><\/strong> verbracht. Das 3 Sterne Hotel hat uns wirklich gut gefallen. Es gab einen gro\u00dfen Kinderpool und einen tiefen Pool. Ein Spielplatz befand sich direkt gegen\u00fcber unserer Wohnanlage. Wir hatten ein Ferienapartment mit kleiner K\u00fcche und Terrasse. Die Anlage ist sehr gepflegt und mit vielen Blumen geschm\u00fcckt.<\/p>\n\n\n\n<figure class=\"wp-block-gallery has-nested-images columns-default is-cropped wp-block-gallery-1 is-layout-flex wp-block-gallery-is-layout-flex\">\n<figure class=\"wp-block-image size-large\"><img loading=\"lazy\" decoding=\"async\" width=\"1024\" height=\"768\" data-id=\"18207\" src=\"https:\/\/familie-weitgereist.de\/wp-content\/uploads\/2024\/05\/IMG_20240511_175950-1-1024x768.jpg\" alt=\"\" class=\"wp-image-18207\" srcset=\"https:\/\/familie-weitgereist.de\/wp-content\/uploads\/2024\/05\/IMG_20240511_175950-1-1024x768.jpg 1024w, https:\/\/familie-weitgereist.de\/wp-content\/uploads\/2024\/05\/IMG_20240511_175950-1-300x225.jpg 300w, https:\/\/familie-weitgereist.de\/wp-content\/uploads\/2024\/05\/IMG_20240511_175950-1-768x576.jpg 768w, https:\/\/familie-weitgereist.de\/wp-content\/uploads\/2024\/05\/IMG_20240511_175950-1-1536x1152.jpg 1536w, https:\/\/familie-weitgereist.de\/wp-content\/uploads\/2024\/05\/IMG_20240511_175950-1-2048x1536.jpg 2048w, https:\/\/familie-weitgereist.de\/wp-content\/uploads\/2024\/05\/IMG_20240511_175950-1-1200x900.jpg 1200w, https:\/\/familie-weitgereist.de\/wp-content\/uploads\/2024\/05\/IMG_20240511_175950-1-1980x1485.jpg 1980w, https:\/\/familie-weitgereist.de\/wp-content\/uploads\/2024\/05\/IMG_20240511_175950-1-150x113.jpg 150w\" sizes=\"auto, (max-width: 1024px) 100vw, 1024px\" \/><\/figure>\n\n\n\n<figure class=\"wp-block-image size-large\"><img loading=\"lazy\" decoding=\"async\" width=\"1024\" height=\"768\" data-id=\"18203\" src=\"https:\/\/familie-weitgereist.de\/wp-content\/uploads\/2024\/05\/IMG_20240511_162406-1024x768.jpg\" alt=\"\" class=\"wp-image-18203\" srcset=\"https:\/\/familie-weitgereist.de\/wp-content\/uploads\/2024\/05\/IMG_20240511_162406-1024x768.jpg 1024w, https:\/\/familie-weitgereist.de\/wp-content\/uploads\/2024\/05\/IMG_20240511_162406-300x225.jpg 300w, https:\/\/familie-weitgereist.de\/wp-content\/uploads\/2024\/05\/IMG_20240511_162406-768x576.jpg 768w, https:\/\/familie-weitgereist.de\/wp-content\/uploads\/2024\/05\/IMG_20240511_162406-1536x1152.jpg 1536w, https:\/\/familie-weitgereist.de\/wp-content\/uploads\/2024\/05\/IMG_20240511_162406-2048x1536.jpg 2048w, https:\/\/familie-weitgereist.de\/wp-content\/uploads\/2024\/05\/IMG_20240511_162406-1200x900.jpg 1200w, https:\/\/familie-weitgereist.de\/wp-content\/uploads\/2024\/05\/IMG_20240511_162406-1980x1485.jpg 1980w, https:\/\/familie-weitgereist.de\/wp-content\/uploads\/2024\/05\/IMG_20240511_162406-150x113.jpg 150w\" sizes=\"auto, (max-width: 1024px) 100vw, 1024px\" \/><\/figure>\n\n\n\n<figure class=\"wp-block-image size-large\"><img loading=\"lazy\" decoding=\"async\" width=\"1024\" height=\"768\" data-id=\"18206\" src=\"https:\/\/familie-weitgereist.de\/wp-content\/uploads\/2024\/05\/IMG_20240511_161942-1024x768.jpg\" alt=\"\" class=\"wp-image-18206\" srcset=\"https:\/\/familie-weitgereist.de\/wp-content\/uploads\/2024\/05\/IMG_20240511_161942-1024x768.jpg 1024w, https:\/\/familie-weitgereist.de\/wp-content\/uploads\/2024\/05\/IMG_20240511_161942-300x225.jpg 300w, https:\/\/familie-weitgereist.de\/wp-content\/uploads\/2024\/05\/IMG_20240511_161942-768x576.jpg 768w, https:\/\/familie-weitgereist.de\/wp-content\/uploads\/2024\/05\/IMG_20240511_161942-1536x1152.jpg 1536w, https:\/\/familie-weitgereist.de\/wp-content\/uploads\/2024\/05\/IMG_20240511_161942-2048x1536.jpg 2048w, https:\/\/familie-weitgereist.de\/wp-content\/uploads\/2024\/05\/IMG_20240511_161942-1200x900.jpg 1200w, https:\/\/familie-weitgereist.de\/wp-content\/uploads\/2024\/05\/IMG_20240511_161942-1980x1485.jpg 1980w, https:\/\/familie-weitgereist.de\/wp-content\/uploads\/2024\/05\/IMG_20240511_161942-150x113.jpg 150w\" sizes=\"auto, (max-width: 1024px) 100vw, 1024px\" \/><\/figure>\n\n\n\n<figure class=\"wp-block-image size-large\"><img loading=\"lazy\" decoding=\"async\" width=\"1024\" height=\"768\" data-id=\"18205\" src=\"https:\/\/familie-weitgereist.de\/wp-content\/uploads\/2024\/05\/IMG_20240511_155940-1-1024x768.jpg\" alt=\"\" class=\"wp-image-18205\" srcset=\"https:\/\/familie-weitgereist.de\/wp-content\/uploads\/2024\/05\/IMG_20240511_155940-1-1024x768.jpg 1024w, https:\/\/familie-weitgereist.de\/wp-content\/uploads\/2024\/05\/IMG_20240511_155940-1-300x225.jpg 300w, https:\/\/familie-weitgereist.de\/wp-content\/uploads\/2024\/05\/IMG_20240511_155940-1-768x576.jpg 768w, https:\/\/familie-weitgereist.de\/wp-content\/uploads\/2024\/05\/IMG_20240511_155940-1-1536x1152.jpg 1536w, https:\/\/familie-weitgereist.de\/wp-content\/uploads\/2024\/05\/IMG_20240511_155940-1-2048x1536.jpg 2048w, https:\/\/familie-weitgereist.de\/wp-content\/uploads\/2024\/05\/IMG_20240511_155940-1-1200x900.jpg 1200w, https:\/\/familie-weitgereist.de\/wp-content\/uploads\/2024\/05\/IMG_20240511_155940-1-1980x1485.jpg 1980w, https:\/\/familie-weitgereist.de\/wp-content\/uploads\/2024\/05\/IMG_20240511_155940-1-150x113.jpg 150w\" sizes=\"auto, (max-width: 1024px) 100vw, 1024px\" \/><\/figure>\n<\/figure>\n\n\n\n<h2 class=\"wp-block-heading\">Art\u00e0<\/h2>\n\n\n\n<p>Die kleine Stadt Art\u00e0 liegt im Osten der Insel und zeichnet sich durch ihre Urspr\u00fcnglichkeit aus. Das <strong>Heiligtum<\/strong> <strong>Sant Salvador<\/strong> thront oberhalb der Stadt und ist eines der Hauptsehensw\u00fcrdigkeiten und Wahrzeichen von Art\u00e0. Um dorthin zu gelangen, m\u00fcssen 180 Stufen \u00fcberwunden werden. Die Aussicht lohnt sich sehr! Das <strong>Heiligtum<\/strong> wurde schon im 14. Jahrhundert errichtet und im 19. Jahrhundert rekonstruiert. Das Heiligtum wird von Mauern umgeben, auf denen man auch entlang laufen kann.<\/p>\n\n\n\n<div id=\"wp-block-themeisle-blocks-slider-e5647637\" class=\"wp-block-themeisle-blocks-slider glide\" data-per-view=\"1\" data-gap=\"0\" data-peek=\"0\" data-autoplay=\"true\" data-height=\"400px\" data-hide-arrows=\"false\"><div class=\"glide__track\" data-glide-el=\"track\"><div class=\"glide__slides\"><div class=\"wp-block-themeisle-blocks-slider-item-wrapper glide__slide\" tabindex=\"0\"><figure><img decoding=\"async\" class=\"wp-block-themeisle-blocks-slider-item\" src=\"https:\/\/familie-weitgereist.de\/wp-content\/uploads\/2024\/05\/IMG_20240514_170342-scaled.jpg\" alt=\"\" title=\"\" data-id=\"18270\"\/><\/figure><\/div><div class=\"wp-block-themeisle-blocks-slider-item-wrapper glide__slide\" tabindex=\"0\"><figure><img decoding=\"async\" class=\"wp-block-themeisle-blocks-slider-item\" src=\"https:\/\/familie-weitgereist.de\/wp-content\/uploads\/2024\/05\/IMG_20240514_170154-scaled.jpg\" alt=\"\" title=\"\" data-id=\"18272\"\/><\/figure><\/div><div class=\"wp-block-themeisle-blocks-slider-item-wrapper glide__slide\" tabindex=\"0\"><figure><img decoding=\"async\" class=\"wp-block-themeisle-blocks-slider-item\" src=\"https:\/\/familie-weitgereist.de\/wp-content\/uploads\/2024\/05\/IMG_20240514_165343-scaled.jpg\" alt=\"\" title=\"\" data-id=\"18274\"\/><\/figure><\/div><\/div><div class=\"glide__bullets\" data-glide-el=\"controls[nav]\"><button class=\"glide__bullet\" data-glide-dir=\"=0\"><\/button><button class=\"glide__bullet\" data-glide-dir=\"=1\"><\/button><button class=\"glide__bullet\" data-glide-dir=\"=2\"><\/button><\/div><\/div><\/div>\n\n\n\n<p>Direkt unterhalb des <strong>Heiligtums Sant Salvador<\/strong> befindet sich die <strong>Kirche Santa Maria d&#8217;Art\u00e0<\/strong>. Diese kann f\u00fcr 2\u20ac besichtigt werden.<\/p>\n\n\n\n<figure class=\"wp-block-image size-large\"><img loading=\"lazy\" decoding=\"async\" width=\"1024\" height=\"768\" src=\"https:\/\/familie-weitgereist.de\/wp-content\/uploads\/2024\/05\/IMG_20240514_164042-1024x768.jpg\" alt=\"\" class=\"wp-image-18277\" srcset=\"https:\/\/familie-weitgereist.de\/wp-content\/uploads\/2024\/05\/IMG_20240514_164042-1024x768.jpg 1024w, https:\/\/familie-weitgereist.de\/wp-content\/uploads\/2024\/05\/IMG_20240514_164042-300x225.jpg 300w, https:\/\/familie-weitgereist.de\/wp-content\/uploads\/2024\/05\/IMG_20240514_164042-768x576.jpg 768w, https:\/\/familie-weitgereist.de\/wp-content\/uploads\/2024\/05\/IMG_20240514_164042-1536x1152.jpg 1536w, https:\/\/familie-weitgereist.de\/wp-content\/uploads\/2024\/05\/IMG_20240514_164042-2048x1536.jpg 2048w, https:\/\/familie-weitgereist.de\/wp-content\/uploads\/2024\/05\/IMG_20240514_164042-1200x900.jpg 1200w, https:\/\/familie-weitgereist.de\/wp-content\/uploads\/2024\/05\/IMG_20240514_164042-1980x1485.jpg 1980w, https:\/\/familie-weitgereist.de\/wp-content\/uploads\/2024\/05\/IMG_20240514_164042-150x113.jpg 150w\" sizes=\"auto, (max-width: 1024px) 100vw, 1024px\" \/><\/figure>\n\n\n\n<p>Beim Schlendern durch die Altstadtgassen kann man von vielen Fu\u00dfg\u00e4ngerzonen profitieren. Die wundersch\u00f6nen mediterranem Sandsteinh\u00e4user pr\u00e4gen das Stadtbild. Auf dem zentralen Platz <strong>Pla\u00e7a del<\/strong> <strong>Conqueridor<\/strong>, laden viele Restaurants und Caf\u00e9s zum Verweilen ein. Zudem wird der Platz auch von vielen Einheimischen genutzt, um eine angenehme Zeit zu verbringen. Kinder lernen Fahrradfahren, spielen fangen und die \u00e4lteren Menschen genie\u00dfen bei einem netten Gespr\u00e4ch einen Caf\u00e9. So l\u00e4sst sich ein authentischer Eindruck des mallorquinischen Lebens gewinnen.<\/p>\n\n\n\n<div id=\"wp-block-themeisle-blocks-slider-d1e2f78c\" class=\"wp-block-themeisle-blocks-slider glide\" data-per-view=\"1\" data-gap=\"0\" data-peek=\"0\" data-autoplay=\"true\" data-height=\"400px\" data-hide-arrows=\"false\"><div class=\"glide__track\" data-glide-el=\"track\"><div class=\"glide__slides\"><div class=\"wp-block-themeisle-blocks-slider-item-wrapper glide__slide\" tabindex=\"0\"><figure><img decoding=\"async\" class=\"wp-block-themeisle-blocks-slider-item\" src=\"https:\/\/familie-weitgereist.de\/wp-content\/uploads\/2024\/05\/IMG_20240514_175702-scaled.jpg\" alt=\"\" title=\"\" data-id=\"18279\"\/><\/figure><\/div><div class=\"wp-block-themeisle-blocks-slider-item-wrapper glide__slide\" tabindex=\"0\"><figure><img decoding=\"async\" class=\"wp-block-themeisle-blocks-slider-item\" src=\"https:\/\/familie-weitgereist.de\/wp-content\/uploads\/2024\/05\/IMG_20240514_175525-scaled.jpg\" alt=\"\" title=\"\" data-id=\"18280\"\/><\/figure><\/div><div class=\"wp-block-themeisle-blocks-slider-item-wrapper glide__slide\" tabindex=\"0\"><figure><img decoding=\"async\" class=\"wp-block-themeisle-blocks-slider-item\" src=\"https:\/\/familie-weitgereist.de\/wp-content\/uploads\/2024\/05\/IMG_20240514_172307-scaled.jpg\" alt=\"\" title=\"\" data-id=\"18282\"\/><\/figure><\/div><\/div><div class=\"glide__bullets\" data-glide-el=\"controls[nav]\"><button class=\"glide__bullet\" data-glide-dir=\"=0\"><\/button><button class=\"glide__bullet\" data-glide-dir=\"=1\"><\/button><button class=\"glide__bullet\" data-glide-dir=\"=2\"><\/button><\/div><\/div><\/div>\n\n\n\n<p>Interessant ist, dass Art\u00e0 einer der letzten Orte war, wo die Beulenpest ausbrach.<\/p>\n\n\n\n<h2 class=\"wp-block-heading\">Cala Figuera<\/h2>\n\n\n\n<p>Cala Figuera wird auch als das <strong>sch\u00f6nste Fischerdorf Mallorcas <\/strong>bezeichnet. <\/p>\n\n\n\n<figure class=\"wp-block-image size-large\"><img loading=\"lazy\" decoding=\"async\" width=\"1024\" height=\"768\" src=\"https:\/\/familie-weitgereist.de\/wp-content\/uploads\/2024\/05\/IMG_20240512_145045-1024x768.jpg\" alt=\"\" class=\"wp-image-18234\" srcset=\"https:\/\/familie-weitgereist.de\/wp-content\/uploads\/2024\/05\/IMG_20240512_145045-1024x768.jpg 1024w, https:\/\/familie-weitgereist.de\/wp-content\/uploads\/2024\/05\/IMG_20240512_145045-300x225.jpg 300w, https:\/\/familie-weitgereist.de\/wp-content\/uploads\/2024\/05\/IMG_20240512_145045-768x576.jpg 768w, https:\/\/familie-weitgereist.de\/wp-content\/uploads\/2024\/05\/IMG_20240512_145045-1536x1152.jpg 1536w, https:\/\/familie-weitgereist.de\/wp-content\/uploads\/2024\/05\/IMG_20240512_145045-2048x1536.jpg 2048w, https:\/\/familie-weitgereist.de\/wp-content\/uploads\/2024\/05\/IMG_20240512_145045-1200x900.jpg 1200w, https:\/\/familie-weitgereist.de\/wp-content\/uploads\/2024\/05\/IMG_20240512_145045-1980x1485.jpg 1980w, https:\/\/familie-weitgereist.de\/wp-content\/uploads\/2024\/05\/IMG_20240512_145045-150x113.jpg 150w\" sizes=\"auto, (max-width: 1024px) 100vw, 1024px\" \/><\/figure>\n\n\n\n<p>Wei\u00dfe H\u00e4user zieren die <strong>fjord\u00e4hnliche Bucht<\/strong>, alte Fischerboote treiben im Wasser, ein kleiner Pfad windet sich entlang der Bucht, das t\u00fcrkisblaue Wasser wird von dem leuchtenden Gr\u00fcn der Feigenb\u00e4ume erg\u00e4nzt.<\/p>\n\n\n\n<div id=\"wp-block-themeisle-blocks-slider-1d328ad9\" class=\"wp-block-themeisle-blocks-slider glide\" data-per-view=\"1\" data-gap=\"0\" data-peek=\"0\" data-autoplay=\"true\" data-height=\"400px\" data-hide-arrows=\"false\"><div class=\"glide__track\" data-glide-el=\"track\"><div class=\"glide__slides\"><div class=\"wp-block-themeisle-blocks-slider-item-wrapper glide__slide\" tabindex=\"0\"><figure><img decoding=\"async\" class=\"wp-block-themeisle-blocks-slider-item\" src=\"https:\/\/familie-weitgereist.de\/wp-content\/uploads\/2024\/05\/IMG_20240512_152230-scaled.jpg\" alt=\"\" title=\"\" data-id=\"18241\"\/><\/figure><\/div><div class=\"wp-block-themeisle-blocks-slider-item-wrapper glide__slide\" tabindex=\"0\"><figure><img decoding=\"async\" class=\"wp-block-themeisle-blocks-slider-item\" src=\"https:\/\/familie-weitgereist.de\/wp-content\/uploads\/2024\/05\/IMG_20240512_145338-scaled.jpg\" alt=\"\" title=\"\" data-id=\"18242\"\/><\/figure><\/div><div class=\"wp-block-themeisle-blocks-slider-item-wrapper glide__slide\" tabindex=\"0\"><figure><img decoding=\"async\" class=\"wp-block-themeisle-blocks-slider-item\" src=\"https:\/\/familie-weitgereist.de\/wp-content\/uploads\/2024\/05\/IMG_20240512_144601-scaled.jpg\" alt=\"\" title=\"\" data-id=\"18244\"\/><\/figure><\/div><\/div><div class=\"glide__bullets\" data-glide-el=\"controls[nav]\"><button class=\"glide__bullet\" data-glide-dir=\"=0\"><\/button><button class=\"glide__bullet\" data-glide-dir=\"=1\"><\/button><button class=\"glide__bullet\" data-glide-dir=\"=2\"><\/button><\/div><\/div><\/div>\n\n\n\n<p>Cala Figuera erlebte in den 1970 \/ 1980er Jahren einen Tourismusboom, hat aber seinen urspr\u00fcnglichen Charakter dennoch erhalten k\u00f6nnen.<\/p>\n\n\n\n<figure class=\"wp-block-image size-large\"><img loading=\"lazy\" decoding=\"async\" width=\"1024\" height=\"768\" src=\"https:\/\/familie-weitgereist.de\/wp-content\/uploads\/2024\/05\/IMG_20240512_144709-1024x768.jpg\" alt=\"\" class=\"wp-image-18243\" srcset=\"https:\/\/familie-weitgereist.de\/wp-content\/uploads\/2024\/05\/IMG_20240512_144709-1024x768.jpg 1024w, https:\/\/familie-weitgereist.de\/wp-content\/uploads\/2024\/05\/IMG_20240512_144709-300x225.jpg 300w, https:\/\/familie-weitgereist.de\/wp-content\/uploads\/2024\/05\/IMG_20240512_144709-768x576.jpg 768w, https:\/\/familie-weitgereist.de\/wp-content\/uploads\/2024\/05\/IMG_20240512_144709-1536x1152.jpg 1536w, https:\/\/familie-weitgereist.de\/wp-content\/uploads\/2024\/05\/IMG_20240512_144709-2048x1536.jpg 2048w, https:\/\/familie-weitgereist.de\/wp-content\/uploads\/2024\/05\/IMG_20240512_144709-1200x900.jpg 1200w, https:\/\/familie-weitgereist.de\/wp-content\/uploads\/2024\/05\/IMG_20240512_144709-1980x1485.jpg 1980w, https:\/\/familie-weitgereist.de\/wp-content\/uploads\/2024\/05\/IMG_20240512_144709-150x113.jpg 150w\" sizes=\"auto, (max-width: 1024px) 100vw, 1024px\" \/><\/figure>\n\n\n\n<p>Die Bucht verl\u00e4uft y-f\u00f6rmig entlang der K\u00fcste und der Pfad windet sich weiter bis hinauf auf eine Landzunge, an deren Ende ein <strong>Leuchtturm<\/strong> steht. Eine <strong>kurzweilige Wanderung von ca. 40 Minuten<\/strong> kann von Cala Figuera unternommen werden.<\/p>\n\n\n\n<figure class=\"wp-block-image size-large\"><img loading=\"lazy\" decoding=\"async\" width=\"1024\" height=\"768\" src=\"https:\/\/familie-weitgereist.de\/wp-content\/uploads\/2024\/05\/IMG_20240512_143527-1024x768.jpg\" alt=\"\" class=\"wp-image-18246\" srcset=\"https:\/\/familie-weitgereist.de\/wp-content\/uploads\/2024\/05\/IMG_20240512_143527-1024x768.jpg 1024w, https:\/\/familie-weitgereist.de\/wp-content\/uploads\/2024\/05\/IMG_20240512_143527-300x225.jpg 300w, https:\/\/familie-weitgereist.de\/wp-content\/uploads\/2024\/05\/IMG_20240512_143527-768x576.jpg 768w, https:\/\/familie-weitgereist.de\/wp-content\/uploads\/2024\/05\/IMG_20240512_143527-1536x1152.jpg 1536w, https:\/\/familie-weitgereist.de\/wp-content\/uploads\/2024\/05\/IMG_20240512_143527-2048x1536.jpg 2048w, https:\/\/familie-weitgereist.de\/wp-content\/uploads\/2024\/05\/IMG_20240512_143527-1200x900.jpg 1200w, https:\/\/familie-weitgereist.de\/wp-content\/uploads\/2024\/05\/IMG_20240512_143527-1980x1485.jpg 1980w, https:\/\/familie-weitgereist.de\/wp-content\/uploads\/2024\/05\/IMG_20240512_143527-150x113.jpg 150w\" sizes=\"auto, (max-width: 1024px) 100vw, 1024px\" \/><\/figure>\n\n\n\n<p>Entlang der Hafenbucht ist das Baden nicht gestattet, jedoch kann man in das t\u00fcrkisblaue Meer etwas au\u00dferhalb schwimmen gehen.<\/p>\n\n\n\n<h2 class=\"wp-block-heading\">Cala Millor<\/h2>\n\n\n\n<p>In dem <strong>touristisch gepr\u00e4gten<\/strong> Ort Cala Millor haben wir f\u00fcnf Tage verbracht und es hat uns sehr gut gefallen. Es wohnen ca. 5800 Einwohner in Cala Millor. Der Ort hat eine sehr lange Strandpromenade und es gibt viele touristische Angebote, viele Restaurants, Caf\u00e9s, Strandliegenverleih, Shops, etc. Die gro\u00dfen Hotelanlagen befinden sich in erster Reihe am Strand. Beim Schlendern entlang der Strandpromenade konnten wir vielen G\u00e4sten beim Entspannen auf den Liegen und im Pool zuschauen. Sie hatten einen tollen Blick auf das Meer.<\/p>\n\n\n\n<div id=\"wp-block-themeisle-blocks-slider-12298c76\" class=\"wp-block-themeisle-blocks-slider glide\" data-per-view=\"1\" data-gap=\"0\" data-peek=\"0\" data-autoplay=\"true\" data-height=\"400px\" data-hide-arrows=\"false\"><div class=\"glide__track\" data-glide-el=\"track\"><div class=\"glide__slides\"><div class=\"wp-block-themeisle-blocks-slider-item-wrapper glide__slide\" tabindex=\"0\"><figure><img decoding=\"async\" class=\"wp-block-themeisle-blocks-slider-item\" src=\"https:\/\/familie-weitgereist.de\/wp-content\/uploads\/2024\/05\/IMG_20240513_123049-scaled.jpg\" alt=\"\" title=\"\" data-id=\"18259\"\/><\/figure><\/div><div class=\"wp-block-themeisle-blocks-slider-item-wrapper glide__slide\" tabindex=\"0\"><figure><img decoding=\"async\" class=\"wp-block-themeisle-blocks-slider-item\" src=\"https:\/\/familie-weitgereist.de\/wp-content\/uploads\/2024\/05\/IMG_20240513_122243-scaled.jpg\" alt=\"\" title=\"\" data-id=\"18260\"\/><\/figure><\/div><div class=\"wp-block-themeisle-blocks-slider-item-wrapper glide__slide\" tabindex=\"0\"><figure><img decoding=\"async\" class=\"wp-block-themeisle-blocks-slider-item\" src=\"https:\/\/familie-weitgereist.de\/wp-content\/uploads\/2024\/05\/IMG_20240513_122236-scaled.jpg\" alt=\"\" title=\"\" data-id=\"18261\"\/><\/figure><\/div><\/div><div class=\"glide__bullets\" data-glide-el=\"controls[nav]\"><button class=\"glide__bullet\" data-glide-dir=\"=0\"><\/button><button class=\"glide__bullet\" data-glide-dir=\"=1\"><\/button><button class=\"glide__bullet\" data-glide-dir=\"=2\"><\/button><\/div><\/div><\/div>\n\n\n\n<h2 class=\"wp-block-heading\">Santany\u00ed<\/h2>\n\n\n\n<p>Der Ort Santany\u00ed befindet sich im S\u00fcdosten von Mallorca, unweit der wundersch\u00f6nen K\u00fcste. Die kleine Stadt zeichnet sich durch ihre wundersch\u00f6nen Sandsteingeb\u00e4ude aus und bietet einen authentischen mallorquinischen Charakter.<\/p>\n\n\n\n<figure class=\"wp-block-image size-large\"><img loading=\"lazy\" decoding=\"async\" width=\"1024\" height=\"768\" src=\"https:\/\/familie-weitgereist.de\/wp-content\/uploads\/2024\/05\/IMG_20240512_123839-1024x768.jpg\" alt=\"\" class=\"wp-image-18226\" srcset=\"https:\/\/familie-weitgereist.de\/wp-content\/uploads\/2024\/05\/IMG_20240512_123839-1024x768.jpg 1024w, https:\/\/familie-weitgereist.de\/wp-content\/uploads\/2024\/05\/IMG_20240512_123839-300x225.jpg 300w, https:\/\/familie-weitgereist.de\/wp-content\/uploads\/2024\/05\/IMG_20240512_123839-768x576.jpg 768w, https:\/\/familie-weitgereist.de\/wp-content\/uploads\/2024\/05\/IMG_20240512_123839-1536x1152.jpg 1536w, https:\/\/familie-weitgereist.de\/wp-content\/uploads\/2024\/05\/IMG_20240512_123839-2048x1536.jpg 2048w, https:\/\/familie-weitgereist.de\/wp-content\/uploads\/2024\/05\/IMG_20240512_123839-1200x900.jpg 1200w, https:\/\/familie-weitgereist.de\/wp-content\/uploads\/2024\/05\/IMG_20240512_123839-1980x1485.jpg 1980w, https:\/\/familie-weitgereist.de\/wp-content\/uploads\/2024\/05\/IMG_20240512_123839-150x113.jpg 150w\" sizes=\"auto, (max-width: 1024px) 100vw, 1024px\" \/><\/figure>\n\n\n\n<p>Im beschaulichen historischen Zentrum von Santany\u00ed befinden sich einige Caf\u00e9s und Restaurants, die erlesene Speisen anbieten.<\/p>\n\n\n\n<figure class=\"wp-block-image size-large\"><img loading=\"lazy\" decoding=\"async\" width=\"1024\" height=\"768\" src=\"https:\/\/familie-weitgereist.de\/wp-content\/uploads\/2024\/05\/IMG_20240512_130303-1024x768.jpg\" alt=\"\" class=\"wp-image-18224\" srcset=\"https:\/\/familie-weitgereist.de\/wp-content\/uploads\/2024\/05\/IMG_20240512_130303-1024x768.jpg 1024w, https:\/\/familie-weitgereist.de\/wp-content\/uploads\/2024\/05\/IMG_20240512_130303-300x225.jpg 300w, https:\/\/familie-weitgereist.de\/wp-content\/uploads\/2024\/05\/IMG_20240512_130303-768x576.jpg 768w, https:\/\/familie-weitgereist.de\/wp-content\/uploads\/2024\/05\/IMG_20240512_130303-1536x1152.jpg 1536w, https:\/\/familie-weitgereist.de\/wp-content\/uploads\/2024\/05\/IMG_20240512_130303-2048x1536.jpg 2048w, https:\/\/familie-weitgereist.de\/wp-content\/uploads\/2024\/05\/IMG_20240512_130303-1200x900.jpg 1200w, https:\/\/familie-weitgereist.de\/wp-content\/uploads\/2024\/05\/IMG_20240512_130303-1980x1485.jpg 1980w, https:\/\/familie-weitgereist.de\/wp-content\/uploads\/2024\/05\/IMG_20240512_130303-150x113.jpg 150w\" sizes=\"auto, (max-width: 1024px) 100vw, 1024px\" \/><\/figure>\n\n\n\n<p>Der originale Name der Stadt hie\u00df &#8218;<em><strong>Santi Annini<\/strong><\/em>&#8218;, was &#8218;Lamm Gottes&#8216; bedeutet. Das Symbol findet sich im Wappen der Kirche wieder.<\/p>\n\n\n\n<figure class=\"wp-block-image size-large\"><img loading=\"lazy\" decoding=\"async\" width=\"1024\" height=\"768\" src=\"https:\/\/familie-weitgereist.de\/wp-content\/uploads\/2024\/05\/IMG_20240512_123612-1024x768.jpg\" alt=\"\" class=\"wp-image-18218\" srcset=\"https:\/\/familie-weitgereist.de\/wp-content\/uploads\/2024\/05\/IMG_20240512_123612-1024x768.jpg 1024w, https:\/\/familie-weitgereist.de\/wp-content\/uploads\/2024\/05\/IMG_20240512_123612-300x225.jpg 300w, https:\/\/familie-weitgereist.de\/wp-content\/uploads\/2024\/05\/IMG_20240512_123612-768x576.jpg 768w, https:\/\/familie-weitgereist.de\/wp-content\/uploads\/2024\/05\/IMG_20240512_123612-1536x1152.jpg 1536w, https:\/\/familie-weitgereist.de\/wp-content\/uploads\/2024\/05\/IMG_20240512_123612-2048x1536.jpg 2048w, https:\/\/familie-weitgereist.de\/wp-content\/uploads\/2024\/05\/IMG_20240512_123612-1200x900.jpg 1200w, https:\/\/familie-weitgereist.de\/wp-content\/uploads\/2024\/05\/IMG_20240512_123612-1980x1485.jpg 1980w, https:\/\/familie-weitgereist.de\/wp-content\/uploads\/2024\/05\/IMG_20240512_123612-150x113.jpg 150w\" sizes=\"auto, (max-width: 1024px) 100vw, 1024px\" \/><\/figure>\n\n\n\n<p>Die befestigten Stadtmauern und das Stadttor &#8218;<em><strong>Porta Murada<\/strong><\/em>&#8218;, zeugen heute noch von der best\u00e4ndigen Angst der fr\u00fcheren Generationen vor Piratenangriffen. Die maurische Invasion nahm irgendwann so \u00dcberhand, dass die Bewohner in der Kirche schliefen.<\/p>\n\n\n\n<figure class=\"wp-block-image size-large\"><img loading=\"lazy\" decoding=\"async\" width=\"1024\" height=\"768\" src=\"https:\/\/familie-weitgereist.de\/wp-content\/uploads\/2024\/05\/IMG_20240512_125551-1024x768.jpg\" alt=\"\" class=\"wp-image-18222\" srcset=\"https:\/\/familie-weitgereist.de\/wp-content\/uploads\/2024\/05\/IMG_20240512_125551-1024x768.jpg 1024w, https:\/\/familie-weitgereist.de\/wp-content\/uploads\/2024\/05\/IMG_20240512_125551-300x225.jpg 300w, https:\/\/familie-weitgereist.de\/wp-content\/uploads\/2024\/05\/IMG_20240512_125551-768x576.jpg 768w, https:\/\/familie-weitgereist.de\/wp-content\/uploads\/2024\/05\/IMG_20240512_125551-1536x1152.jpg 1536w, https:\/\/familie-weitgereist.de\/wp-content\/uploads\/2024\/05\/IMG_20240512_125551-2048x1536.jpg 2048w, https:\/\/familie-weitgereist.de\/wp-content\/uploads\/2024\/05\/IMG_20240512_125551-1200x900.jpg 1200w, https:\/\/familie-weitgereist.de\/wp-content\/uploads\/2024\/05\/IMG_20240512_125551-1980x1485.jpg 1980w, https:\/\/familie-weitgereist.de\/wp-content\/uploads\/2024\/05\/IMG_20240512_125551-150x113.jpg 150w\" sizes=\"auto, (max-width: 1024px) 100vw, 1024px\" \/><\/figure>\n\n\n\n<h2 class=\"wp-block-heading\">Spielpl\u00e4tze <\/h2>\n\n\n\n<p>In dem Touristenort <strong>Cala Millor<\/strong> gibt es verschiedene Spielpl\u00e4tze. In der <strong>Carrer des Rafael<\/strong> gibt es einen schattigen Spielplatz mit Schaukeln, Kletterm\u00f6glichkeiten und Rutschen.<\/p>\n\n\n\n<figure class=\"wp-block-image size-large\"><img loading=\"lazy\" decoding=\"async\" width=\"1024\" height=\"768\" src=\"https:\/\/familie-weitgereist.de\/wp-content\/uploads\/2024\/05\/IMG_20240514_140542-1024x768.jpg\" alt=\"\" class=\"wp-image-18265\" srcset=\"https:\/\/familie-weitgereist.de\/wp-content\/uploads\/2024\/05\/IMG_20240514_140542-1024x768.jpg 1024w, https:\/\/familie-weitgereist.de\/wp-content\/uploads\/2024\/05\/IMG_20240514_140542-300x225.jpg 300w, https:\/\/familie-weitgereist.de\/wp-content\/uploads\/2024\/05\/IMG_20240514_140542-768x576.jpg 768w, https:\/\/familie-weitgereist.de\/wp-content\/uploads\/2024\/05\/IMG_20240514_140542-1536x1152.jpg 1536w, https:\/\/familie-weitgereist.de\/wp-content\/uploads\/2024\/05\/IMG_20240514_140542-2048x1536.jpg 2048w, https:\/\/familie-weitgereist.de\/wp-content\/uploads\/2024\/05\/IMG_20240514_140542-1200x900.jpg 1200w, https:\/\/familie-weitgereist.de\/wp-content\/uploads\/2024\/05\/IMG_20240514_140542-1980x1485.jpg 1980w, https:\/\/familie-weitgereist.de\/wp-content\/uploads\/2024\/05\/IMG_20240514_140542-150x113.jpg 150w\" sizes=\"auto, (max-width: 1024px) 100vw, 1024px\" \/><\/figure>\n\n\n\n<p>In der <strong>Carrer de Fetget<\/strong> befindet sich zentral gelegen ein Spielplatz mit Zipline, Klettert\u00fcrmen, Rutschen, Schaukeln und einem anliegenden Fu\u00dfballplatz.<\/p>\n\n\n\n<figure class=\"wp-block-gallery has-nested-images columns-default is-cropped wp-block-gallery-2 is-layout-flex wp-block-gallery-is-layout-flex\">\n<figure class=\"wp-block-image size-large\"><img loading=\"lazy\" decoding=\"async\" width=\"1024\" height=\"768\" data-id=\"18252\" src=\"https:\/\/familie-weitgereist.de\/wp-content\/uploads\/2024\/05\/IMG_20240513_112409-1024x768.jpg\" alt=\"\" class=\"wp-image-18252\" srcset=\"https:\/\/familie-weitgereist.de\/wp-content\/uploads\/2024\/05\/IMG_20240513_112409-1024x768.jpg 1024w, https:\/\/familie-weitgereist.de\/wp-content\/uploads\/2024\/05\/IMG_20240513_112409-300x225.jpg 300w, https:\/\/familie-weitgereist.de\/wp-content\/uploads\/2024\/05\/IMG_20240513_112409-768x576.jpg 768w, https:\/\/familie-weitgereist.de\/wp-content\/uploads\/2024\/05\/IMG_20240513_112409-1536x1152.jpg 1536w, https:\/\/familie-weitgereist.de\/wp-content\/uploads\/2024\/05\/IMG_20240513_112409-2048x1536.jpg 2048w, https:\/\/familie-weitgereist.de\/wp-content\/uploads\/2024\/05\/IMG_20240513_112409-1200x900.jpg 1200w, https:\/\/familie-weitgereist.de\/wp-content\/uploads\/2024\/05\/IMG_20240513_112409-1980x1485.jpg 1980w, https:\/\/familie-weitgereist.de\/wp-content\/uploads\/2024\/05\/IMG_20240513_112409-150x113.jpg 150w\" sizes=\"auto, (max-width: 1024px) 100vw, 1024px\" \/><\/figure>\n\n\n\n<figure class=\"wp-block-image size-large\"><img loading=\"lazy\" decoding=\"async\" width=\"1024\" height=\"768\" data-id=\"18253\" src=\"https:\/\/familie-weitgereist.de\/wp-content\/uploads\/2024\/05\/IMG_20240513_105420-1024x768.jpg\" alt=\"\" class=\"wp-image-18253\" srcset=\"https:\/\/familie-weitgereist.de\/wp-content\/uploads\/2024\/05\/IMG_20240513_105420-1024x768.jpg 1024w, https:\/\/familie-weitgereist.de\/wp-content\/uploads\/2024\/05\/IMG_20240513_105420-300x225.jpg 300w, https:\/\/familie-weitgereist.de\/wp-content\/uploads\/2024\/05\/IMG_20240513_105420-768x576.jpg 768w, https:\/\/familie-weitgereist.de\/wp-content\/uploads\/2024\/05\/IMG_20240513_105420-1536x1152.jpg 1536w, https:\/\/familie-weitgereist.de\/wp-content\/uploads\/2024\/05\/IMG_20240513_105420-2048x1536.jpg 2048w, https:\/\/familie-weitgereist.de\/wp-content\/uploads\/2024\/05\/IMG_20240513_105420-1200x900.jpg 1200w, https:\/\/familie-weitgereist.de\/wp-content\/uploads\/2024\/05\/IMG_20240513_105420-1980x1485.jpg 1980w, https:\/\/familie-weitgereist.de\/wp-content\/uploads\/2024\/05\/IMG_20240513_105420-150x113.jpg 150w\" sizes=\"auto, (max-width: 1024px) 100vw, 1024px\" \/><\/figure>\n<\/figure>\n\n\n\n<p>An der Strandpromenade zwischen den Stra\u00dfen <strong>Carrer Dof\u00ed <\/strong>und <strong>Carrer Alosa <\/strong>befindet sich ein kleiner Spielplatz mit Kletterturm und Rutsche und zwei Schaukeln.<\/p>\n\n\n\n<figure class=\"wp-block-image size-large\"><img loading=\"lazy\" decoding=\"async\" width=\"1024\" height=\"768\" src=\"https:\/\/familie-weitgereist.de\/wp-content\/uploads\/2024\/05\/IMG_20240513_114426-1024x768.jpg\" alt=\"\" class=\"wp-image-18256\" srcset=\"https:\/\/familie-weitgereist.de\/wp-content\/uploads\/2024\/05\/IMG_20240513_114426-1024x768.jpg 1024w, https:\/\/familie-weitgereist.de\/wp-content\/uploads\/2024\/05\/IMG_20240513_114426-300x225.jpg 300w, https:\/\/familie-weitgereist.de\/wp-content\/uploads\/2024\/05\/IMG_20240513_114426-768x576.jpg 768w, https:\/\/familie-weitgereist.de\/wp-content\/uploads\/2024\/05\/IMG_20240513_114426-1536x1152.jpg 1536w, https:\/\/familie-weitgereist.de\/wp-content\/uploads\/2024\/05\/IMG_20240513_114426-2048x1536.jpg 2048w, https:\/\/familie-weitgereist.de\/wp-content\/uploads\/2024\/05\/IMG_20240513_114426-1200x900.jpg 1200w, https:\/\/familie-weitgereist.de\/wp-content\/uploads\/2024\/05\/IMG_20240513_114426-1980x1485.jpg 1980w, https:\/\/familie-weitgereist.de\/wp-content\/uploads\/2024\/05\/IMG_20240513_114426-150x113.jpg 150w\" sizes=\"auto, (max-width: 1024px) 100vw, 1024px\" \/><\/figure>\n\n\n\n<p>Am Ende der Stra\u00dfe <strong>Carrer des Comellar Fondo<\/strong>, direkt an der Strandpromenade befindet sich dieser kleine Spielplatz, mit Rutsche und Schaukeln.<\/p>\n\n\n\n<figure class=\"wp-block-image size-large\"><img loading=\"lazy\" decoding=\"async\" width=\"1024\" height=\"768\" src=\"https:\/\/familie-weitgereist.de\/wp-content\/uploads\/2024\/05\/IMG_20240515_130606-1024x768.jpg\" alt=\"\" class=\"wp-image-18285\" srcset=\"https:\/\/familie-weitgereist.de\/wp-content\/uploads\/2024\/05\/IMG_20240515_130606-1024x768.jpg 1024w, https:\/\/familie-weitgereist.de\/wp-content\/uploads\/2024\/05\/IMG_20240515_130606-300x225.jpg 300w, https:\/\/familie-weitgereist.de\/wp-content\/uploads\/2024\/05\/IMG_20240515_130606-768x576.jpg 768w, https:\/\/familie-weitgereist.de\/wp-content\/uploads\/2024\/05\/IMG_20240515_130606-1536x1152.jpg 1536w, https:\/\/familie-weitgereist.de\/wp-content\/uploads\/2024\/05\/IMG_20240515_130606-2048x1536.jpg 2048w, https:\/\/familie-weitgereist.de\/wp-content\/uploads\/2024\/05\/IMG_20240515_130606-1200x900.jpg 1200w, https:\/\/familie-weitgereist.de\/wp-content\/uploads\/2024\/05\/IMG_20240515_130606-1980x1485.jpg 1980w, https:\/\/familie-weitgereist.de\/wp-content\/uploads\/2024\/05\/IMG_20240515_130606-150x113.jpg 150w\" sizes=\"auto, (max-width: 1024px) 100vw, 1024px\" \/><\/figure>\n\n\n\n<p>An der Strandpromenade der <strong>Avenida Magnolia <\/strong>befindet sich ein kleiner Zugspielplatz mit Haus und Rutsche.<\/p>\n\n\n\n<figure class=\"wp-block-image size-large\"><img loading=\"lazy\" decoding=\"async\" width=\"1024\" height=\"768\" src=\"https:\/\/familie-weitgereist.de\/wp-content\/uploads\/2024\/05\/IMG_20240515_121353-1024x768.jpg\" alt=\"\" class=\"wp-image-18286\" srcset=\"https:\/\/familie-weitgereist.de\/wp-content\/uploads\/2024\/05\/IMG_20240515_121353-1024x768.jpg 1024w, https:\/\/familie-weitgereist.de\/wp-content\/uploads\/2024\/05\/IMG_20240515_121353-300x225.jpg 300w, https:\/\/familie-weitgereist.de\/wp-content\/uploads\/2024\/05\/IMG_20240515_121353-768x576.jpg 768w, https:\/\/familie-weitgereist.de\/wp-content\/uploads\/2024\/05\/IMG_20240515_121353-1536x1152.jpg 1536w, https:\/\/familie-weitgereist.de\/wp-content\/uploads\/2024\/05\/IMG_20240515_121353-2048x1536.jpg 2048w, https:\/\/familie-weitgereist.de\/wp-content\/uploads\/2024\/05\/IMG_20240515_121353-1200x900.jpg 1200w, https:\/\/familie-weitgereist.de\/wp-content\/uploads\/2024\/05\/IMG_20240515_121353-1980x1485.jpg 1980w, https:\/\/familie-weitgereist.de\/wp-content\/uploads\/2024\/05\/IMG_20240515_121353-150x113.jpg 150w\" sizes=\"auto, (max-width: 1024px) 100vw, 1024px\" \/><\/figure>\n\n\n\n<p>In <strong>Santany\u00ed<\/strong> befindet sich ein sch\u00f6ner Spielplatz in der N\u00e4he des historischen Zentrums. Es gibt mehrere Schaukeln, Kletterm\u00f6glichkeiten, Rutschen und Wackeltiere.<\/p>\n\n\n\n<div id=\"wp-block-themeisle-blocks-slider-0bcc1c4b\" class=\"wp-block-themeisle-blocks-slider glide\" data-per-view=\"1\" data-gap=\"0\" data-peek=\"0\" data-autoplay=\"true\" data-height=\"400px\" data-hide-arrows=\"false\"><div class=\"glide__track\" data-glide-el=\"track\"><div class=\"glide__slides\"><div class=\"wp-block-themeisle-blocks-slider-item-wrapper glide__slide\" tabindex=\"0\"><figure><img decoding=\"async\" class=\"wp-block-themeisle-blocks-slider-item\" src=\"https:\/\/familie-weitgereist.de\/wp-content\/uploads\/2024\/05\/IMG_20240512_115711-scaled.jpg\" alt=\"\" title=\"\" data-id=\"18210\"\/><\/figure><\/div><div class=\"wp-block-themeisle-blocks-slider-item-wrapper glide__slide\" tabindex=\"0\"><figure><img decoding=\"async\" class=\"wp-block-themeisle-blocks-slider-item\" src=\"https:\/\/familie-weitgereist.de\/wp-content\/uploads\/2024\/05\/IMG_20240512_114244-scaled.jpg\" alt=\"\" title=\"\" data-id=\"18212\"\/><\/figure><\/div><\/div><div class=\"glide__bullets\" data-glide-el=\"controls[nav]\"><button class=\"glide__bullet\" data-glide-dir=\"=0\"><\/button><button class=\"glide__bullet\" data-glide-dir=\"=1\"><\/button><\/div><\/div><\/div>\n","protected":false},"excerpt":{"rendered":"<p>Unseren Workation Aufenthalt auf Mallorca haben wir mit einem Workation Aufenthalt auf Gran Canaria verbunden. Da die Fl\u00fcge von Gran Canaria \u00fcber Mallorca zur\u00fcck nach Berlin sehr viel g\u00fcnstiger waren, als direkt von Gran Canaria nach Berlin zu fliegen, haben wir f\u00fcnf Tage auf dieser sch\u00f6nen Baleareninsel verbracht. Um die Insel unabh\u00e4ngig zu erkunden, haben [&hellip;]<\/p>\n","protected":false},"author":3,"featured_media":18234,"comment_status":"open","ping_status":"open","sticky":false,"template":"","format":"standard","meta":{"_themeisle_gutenberg_block_has_review":false,"footnotes":""},"categories":[246,8,4],"tags":[1316,1312,1315,1313,580,781,1314,143],"class_list":["post-18164","post","type-post","status-publish","format-standard","has-post-thumbnail","hentry","category-spanien","category-europa","category-laender","tag-arta","tag-balearen","tag-cala-figuera","tag-cala-millor","tag-europa","tag-mallorca","tag-santanyi","tag-spanien"],"_links":{"self":[{"href":"https:\/\/familie-weitgereist.de\/index.php?rest_route=\/wp\/v2\/posts\/18164","targetHints":{"allow":["GET"]}}],"collection":[{"href":"https:\/\/familie-weitgereist.de\/index.php?rest_route=\/wp\/v2\/posts"}],"about":[{"href":"https:\/\/familie-weitgereist.de\/index.php?rest_route=\/wp\/v2\/types\/post"}],"author":[{"embeddable":true,"href":"https:\/\/familie-weitgereist.de\/index.php?rest_route=\/wp\/v2\/users\/3"}],"replies":[{"embeddable":true,"href":"https:\/\/familie-weitgereist.de\/index.php?rest_route=%2Fwp%2Fv2%2Fcomments&post=18164"}],"version-history":[{"count":61,"href":"https:\/\/familie-weitgereist.de\/index.php?rest_route=\/wp\/v2\/posts\/18164\/revisions"}],"predecessor-version":[{"id":23357,"href":"https:\/\/familie-weitgereist.de\/index.php?rest_route=\/wp\/v2\/posts\/18164\/revisions\/23357"}],"wp:featuredmedia":[{"embeddable":true,"href":"https:\/\/familie-weitgereist.de\/index.php?rest_route=\/wp\/v2\/media\/18234"}],"wp:attachment":[{"href":"https:\/\/familie-weitgereist.de\/index.php?rest_route=%2Fwp%2Fv2%2Fmedia&parent=18164"}],"wp:term":[{"taxonomy":"category","embeddable":true,"href":"https:\/\/familie-weitgereist.de\/index.php?rest_route=%2Fwp%2Fv2%2Fcategories&post=18164"},{"taxonomy":"post_tag","embeddable":true,"href":"https:\/\/familie-weitgereist.de\/index.php?rest_route=%2Fwp%2Fv2%2Ftags&post=18164"}],"curies":[{"name":"wp","href":"https:\/\/api.w.org\/{rel}","templated":true}]}}