{"id":17996,"date":"2024-05-10T23:07:58","date_gmt":"2024-05-10T21:07:58","guid":{"rendered":"https:\/\/familie-weitgereist.de\/?p=17996"},"modified":"2026-04-20T11:42:01","modified_gmt":"2026-04-20T09:42:01","slug":"workation-gran-canaria-spanien-mit-kind-und-baby","status":"publish","type":"post","link":"https:\/\/familie-weitgereist.de\/?p=17996","title":{"rendered":"Workation Gran Canaria, Spanien mit Kind und Baby"},"content":{"rendered":"\n<p>Wir haben g\u00fcnstige Fl\u00fcge nach Gran Canaria gefunden und sind f\u00fcr zwei Wochen spontan auf die <strong>Kanaren<\/strong> geflogen. Philipp hat vormittags immer gearbeitet und ich konnte tolle Erkundungen mit den Jungs unternehmen. Am Nachmittag haben wir gemeinsam Neues entdeckt.<\/p>\n\n\n\n<p>2023 haben wir einen Monat im Rahmen unserer Camperreise durch Europa auf Gran Canaria verbracht. Den Blogbeitrag gibt es hier: <a href=\"https:\/\/familie-weitgereist.de\/?p=13365\" data-type=\"link\" data-id=\"https:\/\/familie-weitgereist.de\/?p=13365\"><strong>Camperreise Gran Canaria<\/strong><\/a><\/p>\n\n\n\n<h2 class=\"wp-block-heading\">Allgemeine Informationen <\/h2>\n\n\n\n<p>Gran Canaria ist nach Teneriffa und Fuerteventura die&nbsp;<strong>drittgr\u00f6\u00dfte kanarische<\/strong>&nbsp;<strong>Insel<\/strong>. Es leben ca. 850.000 Menschen auf Gran Canaria. Wie der Name vermuten l\u00e4sst, k\u00f6nnte man meinen, dass es die \u201egro\u00dfe kanarische Insel\u201c bedeutet. Jedoch ist nicht ganz sichergestellt, woher der Name \u201eGran Canaria\u201c stammt. Ausgegangen wird von zwei Theorien. Im Jahre 25 v. Chr. haben Abgesandte des mauretanischen K\u00f6nigs viele&nbsp;<strong>gro\u00dfe Hunde<\/strong>&nbsp;auf die Insel gebracht. Canaria k\u00f6nnte sich vom lateinischen \u201eCanis\u201c (Hund) ableiten. Eine weitere Theorie besagt, dass sich der Name von einem berberischen Volksstamm aus Nordafrika ableitet, denn sie bezeichnen sich als \u201e<strong><em>Canarii<\/em><\/strong>\u201e.<\/p>\n\n\n\n<p>Gran Canaria wird auch als&nbsp;<strong>Kontinent im Miniaturformat<\/strong>&nbsp;bezeichnet. Insgesamt gibt es&nbsp;<strong>14 Mikroklimazonen<\/strong>. Wei\u00dfe Sandstr\u00e4nde, Vulkangestein, gr\u00fcner Urwald, kanarische Kiefernw\u00e4lder und die riesigen Sandd\u00fcnen im S\u00fcden der Insel k\u00f6nnten auf dieser kleinen Insel nicht vielf\u00e4ltiger sein. Ein gut ausgebautes Stra\u00dfen- und Busnetz sorgen daf\u00fcr, dass nahezu jede Ecke der Insel erreichbar ist. Zudem bietet der ewige Fr\u00fchling eine wunderbare M\u00f6glichkeit dem grauen und kalten Winter in Nordeuropa zu entkommen.<\/p>\n\n\n\n<p>Wir hatten eine Ferienwohnung mit gro\u00dfer Dachterrasse in dem kleinen K\u00fcstenort <strong>Arinaga<\/strong>.<\/p>\n\n\n\n<figure class=\"wp-block-image size-large\"><img loading=\"lazy\" decoding=\"async\" width=\"1024\" height=\"768\" src=\"https:\/\/familie-weitgereist.de\/wp-content\/uploads\/2024\/04\/IMG_20240428_140702-1024x768.jpg\" alt=\"\" class=\"wp-image-17998\" srcset=\"https:\/\/familie-weitgereist.de\/wp-content\/uploads\/2024\/04\/IMG_20240428_140702-1024x768.jpg 1024w, https:\/\/familie-weitgereist.de\/wp-content\/uploads\/2024\/04\/IMG_20240428_140702-300x225.jpg 300w, https:\/\/familie-weitgereist.de\/wp-content\/uploads\/2024\/04\/IMG_20240428_140702-768x576.jpg 768w, https:\/\/familie-weitgereist.de\/wp-content\/uploads\/2024\/04\/IMG_20240428_140702-1536x1152.jpg 1536w, https:\/\/familie-weitgereist.de\/wp-content\/uploads\/2024\/04\/IMG_20240428_140702-2048x1536.jpg 2048w, https:\/\/familie-weitgereist.de\/wp-content\/uploads\/2024\/04\/IMG_20240428_140702-1200x900.jpg 1200w, https:\/\/familie-weitgereist.de\/wp-content\/uploads\/2024\/04\/IMG_20240428_140702-1980x1485.jpg 1980w, https:\/\/familie-weitgereist.de\/wp-content\/uploads\/2024\/04\/IMG_20240428_140702-150x113.jpg 150w\" sizes=\"auto, (max-width: 1024px) 100vw, 1024px\" \/><\/figure>\n\n\n\n<h2 class=\"wp-block-heading\">Ausfl\u00fcge auf Gran Canaria<\/h2>\n\n\n\n<h2 class=\"wp-block-heading\">Ag\u00fcimes<\/h2>\n\n\n\n<p>Ag\u00fcimes ist ein kleiner Ort in den Bergen, der sich schon auf 275m befindet. Der wundersch\u00f6ne Ortskern mit seiner Kirche im neoklassischen kanarischen Stil l\u00e4dt zum Verweilen ein. Der zentrale Platz direkt davor bietet dazu eine gute Gelegenheit.<\/p>\n\n\n\n<figure class=\"wp-block-image size-large\"><img loading=\"lazy\" decoding=\"async\" width=\"1024\" height=\"768\" src=\"https:\/\/familie-weitgereist.de\/wp-content\/uploads\/2024\/04\/IMG_20240429_175227-1024x768.jpg\" alt=\"\" class=\"wp-image-18018\" srcset=\"https:\/\/familie-weitgereist.de\/wp-content\/uploads\/2024\/04\/IMG_20240429_175227-1024x768.jpg 1024w, https:\/\/familie-weitgereist.de\/wp-content\/uploads\/2024\/04\/IMG_20240429_175227-300x225.jpg 300w, https:\/\/familie-weitgereist.de\/wp-content\/uploads\/2024\/04\/IMG_20240429_175227-768x576.jpg 768w, https:\/\/familie-weitgereist.de\/wp-content\/uploads\/2024\/04\/IMG_20240429_175227-1536x1152.jpg 1536w, https:\/\/familie-weitgereist.de\/wp-content\/uploads\/2024\/04\/IMG_20240429_175227-2048x1536.jpg 2048w, https:\/\/familie-weitgereist.de\/wp-content\/uploads\/2024\/04\/IMG_20240429_175227-1200x900.jpg 1200w, https:\/\/familie-weitgereist.de\/wp-content\/uploads\/2024\/04\/IMG_20240429_175227-1980x1485.jpg 1980w, https:\/\/familie-weitgereist.de\/wp-content\/uploads\/2024\/04\/IMG_20240429_175227-150x113.jpg 150w\" sizes=\"auto, (max-width: 1024px) 100vw, 1024px\" \/><\/figure>\n\n\n\n<p>Der Ortskern ist gepr\u00e4gt von engen Gassen mit vielen bunten H\u00e4usern.<\/p>\n\n\n\n<figure class=\"wp-block-image size-large\"><img loading=\"lazy\" decoding=\"async\" width=\"1024\" height=\"768\" src=\"https:\/\/familie-weitgereist.de\/wp-content\/uploads\/2024\/04\/IMG_20240429_175027-1024x768.jpg\" alt=\"\" class=\"wp-image-18023\" srcset=\"https:\/\/familie-weitgereist.de\/wp-content\/uploads\/2024\/04\/IMG_20240429_175027-1024x768.jpg 1024w, https:\/\/familie-weitgereist.de\/wp-content\/uploads\/2024\/04\/IMG_20240429_175027-300x225.jpg 300w, https:\/\/familie-weitgereist.de\/wp-content\/uploads\/2024\/04\/IMG_20240429_175027-768x576.jpg 768w, https:\/\/familie-weitgereist.de\/wp-content\/uploads\/2024\/04\/IMG_20240429_175027-1536x1152.jpg 1536w, https:\/\/familie-weitgereist.de\/wp-content\/uploads\/2024\/04\/IMG_20240429_175027-2048x1536.jpg 2048w, https:\/\/familie-weitgereist.de\/wp-content\/uploads\/2024\/04\/IMG_20240429_175027-1200x900.jpg 1200w, https:\/\/familie-weitgereist.de\/wp-content\/uploads\/2024\/04\/IMG_20240429_175027-1980x1485.jpg 1980w, https:\/\/familie-weitgereist.de\/wp-content\/uploads\/2024\/04\/IMG_20240429_175027-150x113.jpg 150w\" sizes=\"auto, (max-width: 1024px) 100vw, 1024px\" \/><\/figure>\n\n\n\n<h2 class=\"wp-block-heading\">Anfi del Mar<\/h2>\n\n\n\n<p>Der touristische K\u00fcstenort im S\u00fcden von Gran Canaria ist bei Urlaubsg\u00e4sten sehr beliebt. Gro\u00dfe Hotelanlagen wurden an die Steilk\u00fcste gebaut.<\/p>\n\n\n\n<figure class=\"wp-block-image size-large\"><img loading=\"lazy\" decoding=\"async\" width=\"1024\" height=\"768\" src=\"https:\/\/familie-weitgereist.de\/wp-content\/uploads\/2024\/05\/1000044003-1024x768.jpg\" alt=\"\" class=\"wp-image-25102\" srcset=\"https:\/\/familie-weitgereist.de\/wp-content\/uploads\/2024\/05\/1000044003-1024x768.jpg 1024w, https:\/\/familie-weitgereist.de\/wp-content\/uploads\/2024\/05\/1000044003-300x225.jpg 300w, https:\/\/familie-weitgereist.de\/wp-content\/uploads\/2024\/05\/1000044003-768x576.jpg 768w, https:\/\/familie-weitgereist.de\/wp-content\/uploads\/2024\/05\/1000044003-1536x1152.jpg 1536w, https:\/\/familie-weitgereist.de\/wp-content\/uploads\/2024\/05\/1000044003-2048x1536.jpg 2048w, https:\/\/familie-weitgereist.de\/wp-content\/uploads\/2024\/05\/1000044003-1200x900.jpg 1200w, https:\/\/familie-weitgereist.de\/wp-content\/uploads\/2024\/05\/1000044003-1980x1485.jpg 1980w, https:\/\/familie-weitgereist.de\/wp-content\/uploads\/2024\/05\/1000044003-150x113.jpg 150w\" sizes=\"auto, (max-width: 1024px) 100vw, 1024px\" \/><\/figure>\n\n\n\n<p>Der Strand von Anfi del Mar ist sehr familienfreundlich. Der wei\u00dfe Sandstrand mit t\u00fcrkisblauen Wasser liegt in einer Lagune, welche Schutz vor gro\u00dfen Wellen bietet. F\u00fcr Familien gibt es viele verschiedene Aktivit\u00e4ten. Boote mit Rutschen und Strandliegen k\u00f6nnen gemietet werden.<\/p>\n\n\n\n<figure class=\"wp-block-image size-large\"><img loading=\"lazy\" decoding=\"async\" width=\"1024\" height=\"769\" src=\"https:\/\/familie-weitgereist.de\/wp-content\/uploads\/2024\/05\/1000044135-1024x769.jpg\" alt=\"\" class=\"wp-image-25105\" srcset=\"https:\/\/familie-weitgereist.de\/wp-content\/uploads\/2024\/05\/1000044135-1024x769.jpg 1024w, https:\/\/familie-weitgereist.de\/wp-content\/uploads\/2024\/05\/1000044135-300x225.jpg 300w, https:\/\/familie-weitgereist.de\/wp-content\/uploads\/2024\/05\/1000044135-768x577.jpg 768w, https:\/\/familie-weitgereist.de\/wp-content\/uploads\/2024\/05\/1000044135-1200x901.jpg 1200w, https:\/\/familie-weitgereist.de\/wp-content\/uploads\/2024\/05\/1000044135-150x113.jpg 150w, https:\/\/familie-weitgereist.de\/wp-content\/uploads\/2024\/05\/1000044135.jpg 1280w\" sizes=\"auto, (max-width: 1024px) 100vw, 1024px\" \/><\/figure>\n\n\n\n<p>Viele Restaurants tummeln sich an der Strandpromenade und ein Spar Supermarkt steht ebenfalls zur Verf\u00fcgung.<\/p>\n\n\n\n<p>Ein kleiner Spaziergang auf der Isla del Coraz\u00f3n (Herzinsel) ist lohnenswert. In ihrer N\u00e4he befindet sich der Hafen von Anfi del Mar und Delpfhinbootstouren starten hier.<\/p>\n\n\n\n<figure class=\"wp-block-image size-large\"><img loading=\"lazy\" decoding=\"async\" width=\"1024\" height=\"768\" src=\"https:\/\/familie-weitgereist.de\/wp-content\/uploads\/2024\/05\/1000043988-1024x768.jpg\" alt=\"\" class=\"wp-image-25106\" srcset=\"https:\/\/familie-weitgereist.de\/wp-content\/uploads\/2024\/05\/1000043988-1024x768.jpg 1024w, https:\/\/familie-weitgereist.de\/wp-content\/uploads\/2024\/05\/1000043988-300x225.jpg 300w, https:\/\/familie-weitgereist.de\/wp-content\/uploads\/2024\/05\/1000043988-768x576.jpg 768w, https:\/\/familie-weitgereist.de\/wp-content\/uploads\/2024\/05\/1000043988-1536x1152.jpg 1536w, https:\/\/familie-weitgereist.de\/wp-content\/uploads\/2024\/05\/1000043988-2048x1536.jpg 2048w, https:\/\/familie-weitgereist.de\/wp-content\/uploads\/2024\/05\/1000043988-1200x900.jpg 1200w, https:\/\/familie-weitgereist.de\/wp-content\/uploads\/2024\/05\/1000043988-1980x1485.jpg 1980w, https:\/\/familie-weitgereist.de\/wp-content\/uploads\/2024\/05\/1000043988-150x113.jpg 150w\" sizes=\"auto, (max-width: 1024px) 100vw, 1024px\" \/><\/figure>\n\n\n\n<h2 class=\"wp-block-heading\">Arch\u00e4ologische St\u00e4tte La Restinga<\/h2>\n\n\n\n<p>La Restinga war vor der spanischen Kolonisation eine der gr\u00f6\u00dften Siedlungen der Altkanarier. Seit 1991 wird dieses Gebiet gesch\u00fctzt als &#8222;Kulturelles Interesse&#8220;. Es gab mehr als 12 Steinh\u00e4user in unmittelbarer N\u00e4he zu Meer. Diese Altkanarier fischen, sie hatten Ziegen und Schafe und konsumierten ihre Milch. Schweine hielten sie zum Verzehr.<\/p>\n\n\n\n<figure class=\"wp-block-image size-large\"><img loading=\"lazy\" decoding=\"async\" width=\"1024\" height=\"768\" src=\"https:\/\/familie-weitgereist.de\/wp-content\/uploads\/2024\/05\/1000034223-1024x768.jpg\" alt=\"\" class=\"wp-image-24458\" srcset=\"https:\/\/familie-weitgereist.de\/wp-content\/uploads\/2024\/05\/1000034223-1024x768.jpg 1024w, https:\/\/familie-weitgereist.de\/wp-content\/uploads\/2024\/05\/1000034223-300x225.jpg 300w, https:\/\/familie-weitgereist.de\/wp-content\/uploads\/2024\/05\/1000034223-768x576.jpg 768w, https:\/\/familie-weitgereist.de\/wp-content\/uploads\/2024\/05\/1000034223-1536x1152.jpg 1536w, https:\/\/familie-weitgereist.de\/wp-content\/uploads\/2024\/05\/1000034223-2048x1536.jpg 2048w, https:\/\/familie-weitgereist.de\/wp-content\/uploads\/2024\/05\/1000034223-1200x900.jpg 1200w, https:\/\/familie-weitgereist.de\/wp-content\/uploads\/2024\/05\/1000034223-1980x1485.jpg 1980w, https:\/\/familie-weitgereist.de\/wp-content\/uploads\/2024\/05\/1000034223-150x113.jpg 150w\" sizes=\"auto, (max-width: 1024px) 100vw, 1024px\" \/><\/figure>\n\n\n\n<p>Es gibt einen kurzen Rundweg und einige Hinweisschilder. Der Blick liegt frei auf den Atlantik bis nach Las Palmas.<\/p>\n\n\n\n<figure class=\"wp-block-image size-large\"><img loading=\"lazy\" decoding=\"async\" width=\"1024\" height=\"768\" src=\"https:\/\/familie-weitgereist.de\/wp-content\/uploads\/2024\/05\/1000034222-1024x768.jpg\" alt=\"\" class=\"wp-image-24457\" srcset=\"https:\/\/familie-weitgereist.de\/wp-content\/uploads\/2024\/05\/1000034222-1024x768.jpg 1024w, https:\/\/familie-weitgereist.de\/wp-content\/uploads\/2024\/05\/1000034222-300x225.jpg 300w, https:\/\/familie-weitgereist.de\/wp-content\/uploads\/2024\/05\/1000034222-768x576.jpg 768w, https:\/\/familie-weitgereist.de\/wp-content\/uploads\/2024\/05\/1000034222-1536x1152.jpg 1536w, https:\/\/familie-weitgereist.de\/wp-content\/uploads\/2024\/05\/1000034222-2048x1536.jpg 2048w, https:\/\/familie-weitgereist.de\/wp-content\/uploads\/2024\/05\/1000034222-1200x900.jpg 1200w, https:\/\/familie-weitgereist.de\/wp-content\/uploads\/2024\/05\/1000034222-1980x1485.jpg 1980w, https:\/\/familie-weitgereist.de\/wp-content\/uploads\/2024\/05\/1000034222-150x113.jpg 150w\" sizes=\"auto, (max-width: 1024px) 100vw, 1024px\" \/><\/figure>\n\n\n\n<h2 class=\"wp-block-heading\">Arinaga<\/h2>\n\n\n\n<p>Arinaga befindet sich im Osten von Gran Canaria. Der kleine Fischerort wird von wenigen Touristen aufgesucht. Es ist wundersch\u00f6n, denn an der 2 km langen Strandpromenade trifft man auf viele Spanier, die das Leben am Meer genie\u00dfen.<\/p>\n\n\n\n<p>Die Strandpromenade l\u00e4dt zum Schlendern ein. Es gibt Spielpl\u00e4tze, Sportger\u00e4te, viele B\u00e4nke, Caf\u00e9s, Restaurants und \u00f6ffentliche Toiletten.<\/p>\n\n\n\n<figure class=\"wp-block-image size-large\"><img loading=\"lazy\" decoding=\"async\" width=\"1024\" height=\"768\" src=\"https:\/\/familie-weitgereist.de\/wp-content\/uploads\/2024\/04\/IMG_20240429_124622-1024x768.jpg\" alt=\"\" class=\"wp-image-18016\" srcset=\"https:\/\/familie-weitgereist.de\/wp-content\/uploads\/2024\/04\/IMG_20240429_124622-1024x768.jpg 1024w, https:\/\/familie-weitgereist.de\/wp-content\/uploads\/2024\/04\/IMG_20240429_124622-300x225.jpg 300w, https:\/\/familie-weitgereist.de\/wp-content\/uploads\/2024\/04\/IMG_20240429_124622-768x576.jpg 768w, https:\/\/familie-weitgereist.de\/wp-content\/uploads\/2024\/04\/IMG_20240429_124622-1536x1152.jpg 1536w, https:\/\/familie-weitgereist.de\/wp-content\/uploads\/2024\/04\/IMG_20240429_124622-2048x1536.jpg 2048w, https:\/\/familie-weitgereist.de\/wp-content\/uploads\/2024\/04\/IMG_20240429_124622-1200x900.jpg 1200w, https:\/\/familie-weitgereist.de\/wp-content\/uploads\/2024\/04\/IMG_20240429_124622-1980x1485.jpg 1980w, https:\/\/familie-weitgereist.de\/wp-content\/uploads\/2024\/04\/IMG_20240429_124622-150x113.jpg 150w\" sizes=\"auto, (max-width: 1024px) 100vw, 1024px\" \/><\/figure>\n\n\n\n<p>Der Strand besteht haupts\u00e4chlich aus gro\u00dfen Kieselsteinen. An einigen Stellen gibt es jedoch auch etwas Sandstrand. Es gibt ein gro\u00dfes Naturschwimmbecken. Auf dem Lavagestein wurden Plattformen errichtet zum Entspannen und Sonnenbaden.<\/p>\n\n\n\n<div id=\"wp-block-themeisle-blocks-slider-131aae11\" class=\"wp-block-themeisle-blocks-slider glide\" data-per-view=\"1\" data-gap=\"0\" data-peek=\"0\" data-autoplay=\"true\" data-height=\"400px\" data-hide-arrows=\"false\"><div class=\"glide__track\" data-glide-el=\"track\"><div class=\"glide__slides\"><div class=\"wp-block-themeisle-blocks-slider-item-wrapper glide__slide\" tabindex=\"0\"><figure><img decoding=\"async\" class=\"wp-block-themeisle-blocks-slider-item\" src=\"https:\/\/familie-weitgereist.de\/wp-content\/uploads\/2024\/04\/IMG_20240429_121900-scaled.jpg\" alt=\"\" title=\"\" data-id=\"18013\"\/><\/figure><\/div><div class=\"wp-block-themeisle-blocks-slider-item-wrapper glide__slide\" tabindex=\"0\"><figure><img decoding=\"async\" class=\"wp-block-themeisle-blocks-slider-item\" src=\"https:\/\/familie-weitgereist.de\/wp-content\/uploads\/2024\/04\/IMG_20240429_110852-scaled.jpg\" alt=\"\" title=\"\" data-id=\"18014\"\/><\/figure><\/div><div class=\"wp-block-themeisle-blocks-slider-item-wrapper glide__slide\" tabindex=\"0\"><figure><img decoding=\"async\" class=\"wp-block-themeisle-blocks-slider-item\" src=\"https:\/\/familie-weitgereist.de\/wp-content\/uploads\/2024\/04\/IMG_20240429_110743-scaled.jpg\" alt=\"\" title=\"\" data-id=\"18015\"\/><\/figure><\/div><\/div><div class=\"glide__bullets\" data-glide-el=\"controls[nav]\"><button class=\"glide__bullet\" data-glide-dir=\"=0\"><\/button><button class=\"glide__bullet\" data-glide-dir=\"=1\"><\/button><button class=\"glide__bullet\" data-glide-dir=\"=2\"><\/button><\/div><\/div><\/div>\n\n\n\n<p>Am Aussichtspunkte <strong><em>Risco Verde<\/em><\/strong>, genie\u00dft man den freien Blick auf das Meer und den kleinen K\u00fcstenort Arinaga. Die wundersch\u00f6ne K\u00fcstenpromenade l\u00e4uft am Aussichtspunkt vorbei.<\/p>\n\n\n\n<div id=\"wp-block-themeisle-blocks-slider-f3ef52b8\" class=\"wp-block-themeisle-blocks-slider glide\" data-per-view=\"1\" data-gap=\"0\" data-peek=\"0\" data-autoplay=\"true\" data-height=\"400px\" data-hide-arrows=\"false\"><div class=\"glide__track\" data-glide-el=\"track\"><div class=\"glide__slides\"><div class=\"wp-block-themeisle-blocks-slider-item-wrapper glide__slide\" tabindex=\"0\"><figure><img decoding=\"async\" class=\"wp-block-themeisle-blocks-slider-item\" src=\"https:\/\/familie-weitgereist.de\/wp-content\/uploads\/2024\/04\/IMG_20240428_175203-scaled.jpg\" alt=\"\" title=\"\" data-id=\"18011\"\/><\/figure><\/div><div class=\"wp-block-themeisle-blocks-slider-item-wrapper glide__slide\" tabindex=\"0\"><figure><img decoding=\"async\" class=\"wp-block-themeisle-blocks-slider-item\" src=\"https:\/\/familie-weitgereist.de\/wp-content\/uploads\/2024\/04\/IMG_20240428_174756-scaled.jpg\" alt=\"\" title=\"\" data-id=\"18012\"\/><\/figure><\/div><\/div><div class=\"glide__bullets\" data-glide-el=\"controls[nav]\"><button class=\"glide__bullet\" data-glide-dir=\"=0\"><\/button><button class=\"glide__bullet\" data-glide-dir=\"=1\"><\/button><\/div><\/div><\/div>\n\n\n\n<h2 class=\"wp-block-heading\">Artenara<\/h2>\n\n\n\n<p>Artenara ist das <strong>h\u00f6chstgelegene Dorf Gran Canarias<\/strong>. Es liegt in den Bergen des <strong>Tamadaba<\/strong> <strong>Gebirges<\/strong> auf 1270 m H\u00f6he. Der Ort hat mehrere wunderbare Aussichtspunkte, von denen sich grandiose Ausblicke bis zum Pico de las Nieves und dem Roque Nublo bieten.<\/p>\n\n\n\n<figure class=\"wp-block-image size-large\"><img loading=\"lazy\" decoding=\"async\" width=\"1024\" height=\"768\" src=\"https:\/\/familie-weitgereist.de\/wp-content\/uploads\/2024\/05\/1000033544-1024x768.jpg\" alt=\"\" class=\"wp-image-24426\" srcset=\"https:\/\/familie-weitgereist.de\/wp-content\/uploads\/2024\/05\/1000033544-1024x768.jpg 1024w, https:\/\/familie-weitgereist.de\/wp-content\/uploads\/2024\/05\/1000033544-300x225.jpg 300w, https:\/\/familie-weitgereist.de\/wp-content\/uploads\/2024\/05\/1000033544-768x576.jpg 768w, https:\/\/familie-weitgereist.de\/wp-content\/uploads\/2024\/05\/1000033544-1536x1152.jpg 1536w, https:\/\/familie-weitgereist.de\/wp-content\/uploads\/2024\/05\/1000033544-2048x1536.jpg 2048w, https:\/\/familie-weitgereist.de\/wp-content\/uploads\/2024\/05\/1000033544-1200x900.jpg 1200w, https:\/\/familie-weitgereist.de\/wp-content\/uploads\/2024\/05\/1000033544-1980x1485.jpg 1980w, https:\/\/familie-weitgereist.de\/wp-content\/uploads\/2024\/05\/1000033544-150x113.jpg 150w\" sizes=\"auto, (max-width: 1024px) 100vw, 1024px\" \/><\/figure>\n\n\n\n<p>Der bekannte spanische Dichter Miguel de Unamuno besuchte das Dorf mit Pferden im Jahr 1910 und beschrieb begeistert von seinen Erlebnissen in der Bergwelt Gran Canarias. Ihm zu Ehren wurde ein Aussichtspunkt mit seiner Statue errichtet.<\/p>\n\n\n\n<figure class=\"wp-block-image size-large\"><img loading=\"lazy\" decoding=\"async\" width=\"1024\" height=\"768\" src=\"https:\/\/familie-weitgereist.de\/wp-content\/uploads\/2024\/05\/1000033423-1024x768.jpg\" alt=\"\" class=\"wp-image-24416\" srcset=\"https:\/\/familie-weitgereist.de\/wp-content\/uploads\/2024\/05\/1000033423-1024x768.jpg 1024w, https:\/\/familie-weitgereist.de\/wp-content\/uploads\/2024\/05\/1000033423-300x225.jpg 300w, https:\/\/familie-weitgereist.de\/wp-content\/uploads\/2024\/05\/1000033423-768x576.jpg 768w, https:\/\/familie-weitgereist.de\/wp-content\/uploads\/2024\/05\/1000033423-1536x1152.jpg 1536w, https:\/\/familie-weitgereist.de\/wp-content\/uploads\/2024\/05\/1000033423-2048x1536.jpg 2048w, https:\/\/familie-weitgereist.de\/wp-content\/uploads\/2024\/05\/1000033423-1200x900.jpg 1200w, https:\/\/familie-weitgereist.de\/wp-content\/uploads\/2024\/05\/1000033423-1980x1485.jpg 1980w, https:\/\/familie-weitgereist.de\/wp-content\/uploads\/2024\/05\/1000033423-150x113.jpg 150w\" sizes=\"auto, (max-width: 1024px) 100vw, 1024px\" \/><\/figure>\n\n\n\n<p>Ein weiterer Aussichtspunkt ist der Mirador del Coraz\u00f3n de Jes\u00fas. Eine gro\u00dfe Jesusstatue thront \u00fcber Artenara.<\/p>\n\n\n\n<figure class=\"wp-block-image size-large\"><img loading=\"lazy\" decoding=\"async\" width=\"768\" height=\"1024\" src=\"https:\/\/familie-weitgereist.de\/wp-content\/uploads\/2024\/05\/1000033540-768x1024.jpg\" alt=\"\" class=\"wp-image-24417\" srcset=\"https:\/\/familie-weitgereist.de\/wp-content\/uploads\/2024\/05\/1000033540-768x1024.jpg 768w, https:\/\/familie-weitgereist.de\/wp-content\/uploads\/2024\/05\/1000033540-225x300.jpg 225w, https:\/\/familie-weitgereist.de\/wp-content\/uploads\/2024\/05\/1000033540-1152x1536.jpg 1152w, https:\/\/familie-weitgereist.de\/wp-content\/uploads\/2024\/05\/1000033540-1536x2048.jpg 1536w, https:\/\/familie-weitgereist.de\/wp-content\/uploads\/2024\/05\/1000033540-1200x1600.jpg 1200w, https:\/\/familie-weitgereist.de\/wp-content\/uploads\/2024\/05\/1000033540-1980x2640.jpg 1980w, https:\/\/familie-weitgereist.de\/wp-content\/uploads\/2024\/05\/1000033540-640x853.jpg 640w, https:\/\/familie-weitgereist.de\/wp-content\/uploads\/2024\/05\/1000033540-150x200.jpg 150w, https:\/\/familie-weitgereist.de\/wp-content\/uploads\/2024\/05\/1000033540-scaled.jpg 1920w\" sizes=\"auto, (max-width: 768px) 100vw, 768px\" \/><\/figure>\n\n\n\n<p>Das Ortszentrum ist gepr\u00e4gt von vielen Restaurants und der San Mat\u00edas Kirche aus dem 19. Jahrhundert.<\/p>\n\n\n\n<figure class=\"wp-block-image size-large\"><img loading=\"lazy\" decoding=\"async\" width=\"1024\" height=\"768\" src=\"https:\/\/familie-weitgereist.de\/wp-content\/uploads\/2024\/05\/1000033434-1024x768.jpg\" alt=\"\" class=\"wp-image-24430\" srcset=\"https:\/\/familie-weitgereist.de\/wp-content\/uploads\/2024\/05\/1000033434-1024x768.jpg 1024w, https:\/\/familie-weitgereist.de\/wp-content\/uploads\/2024\/05\/1000033434-300x225.jpg 300w, https:\/\/familie-weitgereist.de\/wp-content\/uploads\/2024\/05\/1000033434-768x576.jpg 768w, https:\/\/familie-weitgereist.de\/wp-content\/uploads\/2024\/05\/1000033434-1536x1152.jpg 1536w, https:\/\/familie-weitgereist.de\/wp-content\/uploads\/2024\/05\/1000033434-2048x1536.jpg 2048w, https:\/\/familie-weitgereist.de\/wp-content\/uploads\/2024\/05\/1000033434-1200x900.jpg 1200w, https:\/\/familie-weitgereist.de\/wp-content\/uploads\/2024\/05\/1000033434-1980x1485.jpg 1980w, https:\/\/familie-weitgereist.de\/wp-content\/uploads\/2024\/05\/1000033434-150x113.jpg 150w\" sizes=\"auto, (max-width: 1024px) 100vw, 1024px\" \/><\/figure>\n\n\n\n<p>Ein Besuch in Artenara ist lohnenswert. Es gibt das <strong>ethnographische H\u00f6hlenmuseum<\/strong>. Die Gemeinde Artenara erwarb sieben H\u00f6hlen um sie der \u00d6ffentlichkeit zug\u00e4nglich zu machen. 1962 kaufte Santiago Aranda die H\u00f6hlen, der sie wieder bewohnbar machte und mit typischen M\u00f6beln ausstattete. Anschaulich wird das Leben der damaligen H\u00f6hlenbewohner dargestellt. In Artenara gibt es heute noch 600 H\u00f6hlen, die teilweise bewohnt werden, nat\u00fcrlich auf moderne Art und Weise. Die heutigen H\u00f6hlen sind mit Toiletten und flie\u00dfend Wasser ausgestattet. Im Museum erfuhren wir auch einiges \u00fcber die Lebensweise der H\u00f6hlenbewohner, ihr traditionelles Handwerk und die Bauweise der H\u00f6hlen.<\/p>\n\n\n\n<p>Sehr interessant ist ebenfalls, dass diese H\u00f6hlen sehr wahrscheinlich auch von den <strong>pr\u00e4hispanischen Bewohnern<\/strong> der Gegend genutzt wurden.<\/p>\n\n\n\n<p>Der Eintritt ist gratis.<\/p>\n\n\n\n<div id=\"wp-block-themeisle-blocks-slider-e0b71392\" class=\"wp-block-themeisle-blocks-slider glide\" data-per-view=\"1\" data-gap=\"0\" data-peek=\"0\" data-autoplay=\"true\" data-height=\"400px\" data-hide-arrows=\"false\"><div class=\"glide__track\" data-glide-el=\"track\"><div class=\"glide__slides\"><div class=\"wp-block-themeisle-blocks-slider-item-wrapper glide__slide\" tabindex=\"0\"><figure><img decoding=\"async\" class=\"wp-block-themeisle-blocks-slider-item\" src=\"https:\/\/familie-weitgereist.de\/wp-content\/uploads\/2024\/05\/1000033454-scaled.jpg\" alt=\"\" title=\"\" data-id=\"24421\"\/><\/figure><\/div><div class=\"wp-block-themeisle-blocks-slider-item-wrapper glide__slide\" tabindex=\"0\"><figure><img decoding=\"async\" class=\"wp-block-themeisle-blocks-slider-item\" src=\"https:\/\/familie-weitgereist.de\/wp-content\/uploads\/2024\/05\/1000033446-scaled.jpg\" alt=\"\" title=\"\" data-id=\"24422\"\/><\/figure><\/div><\/div><div class=\"glide__bullets\" data-glide-el=\"controls[nav]\"><button class=\"glide__bullet\" data-glide-dir=\"=0\"><\/button><button class=\"glide__bullet\" data-glide-dir=\"=1\"><\/button><\/div><\/div><\/div>\n\n\n\n<p>Ein Besuch lohnt sich ebenfalls im <strong>Interpretationszentrum der kulturellen Landschaft des Risco Ca\u00eddo<\/strong>. Auch hier wird anschaulich und kindgerecht mittels Filmen und interaktiven Tafeln \u00fcber das Leben der Altkanarier, der Bewohner der kanarischen Inseln, vor der Kolonialisierung durch die Spanier, berichtet. Die Bergregion Tamadaba war heilig f\u00fcr die Altkanarier. Dort siedelten sie auch zuerst. Wir erfuhren etwas \u00fcber ihre Ern\u00e4hrung, Tierhaltung und Astronomie. Zudem wurde eine H\u00f6hle nachgebaut. Dort wurde gezeigt, wie die Altkanarier den Jahreslauf verfolgten, anhand der Sternen- und Sonnenkonstellation.<\/p>\n\n\n\n<p>Der Eintritt ist hier ebenfalls gratis.<\/p>\n\n\n\n<figure class=\"wp-block-image size-large\"><img loading=\"lazy\" decoding=\"async\" width=\"1024\" height=\"768\" src=\"https:\/\/familie-weitgereist.de\/wp-content\/uploads\/2024\/05\/1000033491-1024x768.jpg\" alt=\"\" class=\"wp-image-24424\" srcset=\"https:\/\/familie-weitgereist.de\/wp-content\/uploads\/2024\/05\/1000033491-1024x768.jpg 1024w, https:\/\/familie-weitgereist.de\/wp-content\/uploads\/2024\/05\/1000033491-300x225.jpg 300w, https:\/\/familie-weitgereist.de\/wp-content\/uploads\/2024\/05\/1000033491-768x576.jpg 768w, https:\/\/familie-weitgereist.de\/wp-content\/uploads\/2024\/05\/1000033491-1536x1152.jpg 1536w, https:\/\/familie-weitgereist.de\/wp-content\/uploads\/2024\/05\/1000033491-2048x1536.jpg 2048w, https:\/\/familie-weitgereist.de\/wp-content\/uploads\/2024\/05\/1000033491-1200x900.jpg 1200w, https:\/\/familie-weitgereist.de\/wp-content\/uploads\/2024\/05\/1000033491-1980x1485.jpg 1980w, https:\/\/familie-weitgereist.de\/wp-content\/uploads\/2024\/05\/1000033491-150x113.jpg 150w\" sizes=\"auto, (max-width: 1024px) 100vw, 1024px\" \/><\/figure>\n\n\n\n<h2 class=\"wp-block-heading\">Bananenplantage &#8211; Hacienda La Rekompensa<\/h2>\n\n\n\n<p><strong>Ein Besuch der Bananenplantage ist bei einem Besuch auf Gran Canaria sehr zu empfehlen.<\/strong> Wir tauchten ein in die Welt der Bananen. W\u00e4hrend einer F\u00fchrung erfuhren wir sehr viel Wissenswertes \u00fcber die Bananenpflanzen. Die F\u00fchrungen werden in Spanisch und Englisch angeboten und finden h\u00e4ufig w\u00e4hrend der \u00d6ffnungszeiten statt.<\/p>\n\n\n\n<figure class=\"wp-block-image size-large\"><img loading=\"lazy\" decoding=\"async\" width=\"768\" height=\"1024\" src=\"https:\/\/familie-weitgereist.de\/wp-content\/uploads\/2024\/05\/1000034136-768x1024.jpg\" alt=\"\" class=\"wp-image-24453\" srcset=\"https:\/\/familie-weitgereist.de\/wp-content\/uploads\/2024\/05\/1000034136-768x1024.jpg 768w, https:\/\/familie-weitgereist.de\/wp-content\/uploads\/2024\/05\/1000034136-225x300.jpg 225w, https:\/\/familie-weitgereist.de\/wp-content\/uploads\/2024\/05\/1000034136-1152x1536.jpg 1152w, https:\/\/familie-weitgereist.de\/wp-content\/uploads\/2024\/05\/1000034136-1536x2048.jpg 1536w, https:\/\/familie-weitgereist.de\/wp-content\/uploads\/2024\/05\/1000034136-1200x1600.jpg 1200w, https:\/\/familie-weitgereist.de\/wp-content\/uploads\/2024\/05\/1000034136-1980x2640.jpg 1980w, https:\/\/familie-weitgereist.de\/wp-content\/uploads\/2024\/05\/1000034136-640x853.jpg 640w, https:\/\/familie-weitgereist.de\/wp-content\/uploads\/2024\/05\/1000034136-150x200.jpg 150w, https:\/\/familie-weitgereist.de\/wp-content\/uploads\/2024\/05\/1000034136-scaled.jpg 1920w\" sizes=\"auto, (max-width: 768px) 100vw, 768px\" \/><\/figure>\n\n\n\n<p>Die Plantage im Norden von Gran Canaria &#8222;Hacienda La Rekompensa&#8220;, in der N\u00e4he von Arucas hat 6 Hektar Bananenpflanzen. Bananen werden \u00fcber das ganze Jahr von 6 Mitarbeitern per Hand geerntet. <\/p>\n\n\n\n<p>Im Anschluss an die F\u00fchrung konnten wir k\u00f6stliche Bananenprodukte verk\u00f6stigen. Von Bananemarmelade bis Bananenprosecco und Bananenwein war alles dabei.<\/p>\n\n\n\n<figure class=\"wp-block-image size-large\"><img loading=\"lazy\" decoding=\"async\" width=\"1024\" height=\"768\" src=\"https:\/\/familie-weitgereist.de\/wp-content\/uploads\/2024\/05\/1000034150-1024x768.jpg\" alt=\"\" class=\"wp-image-24450\" srcset=\"https:\/\/familie-weitgereist.de\/wp-content\/uploads\/2024\/05\/1000034150-1024x768.jpg 1024w, https:\/\/familie-weitgereist.de\/wp-content\/uploads\/2024\/05\/1000034150-300x225.jpg 300w, https:\/\/familie-weitgereist.de\/wp-content\/uploads\/2024\/05\/1000034150-768x576.jpg 768w, https:\/\/familie-weitgereist.de\/wp-content\/uploads\/2024\/05\/1000034150-1536x1152.jpg 1536w, https:\/\/familie-weitgereist.de\/wp-content\/uploads\/2024\/05\/1000034150-2048x1536.jpg 2048w, https:\/\/familie-weitgereist.de\/wp-content\/uploads\/2024\/05\/1000034150-1200x900.jpg 1200w, https:\/\/familie-weitgereist.de\/wp-content\/uploads\/2024\/05\/1000034150-1980x1485.jpg 1980w, https:\/\/familie-weitgereist.de\/wp-content\/uploads\/2024\/05\/1000034150-150x113.jpg 150w\" sizes=\"auto, (max-width: 1024px) 100vw, 1024px\" \/><\/figure>\n\n\n\n<p>Im kleinen Museum konnten wir uns im Anschluss umschauen und in die Geschichte der Banane eintauchen. Die ersten Bananenpflanzen stammen aus Papua-Neuguinea und wurden im 15. Jahrhundert von britischen und portugiesischen Seefahrern nach Europa gebracht.<\/p>\n\n\n\n<p>400 Millionen kg Bananen werden j\u00e4hrlich auf den kanarischen Inseln Teneriffa, Gran Canaria und La Palma produziert. Ein Bananenstrunk wiegt 65 &#8211; 70 kg bei der Ernte. Davon gehen 5% in die Schweiz, 15% bleiben auf den Kanaren und der Rest wird auf dem spanischen Festland verkauft.<\/p>\n\n\n\n<p>Weltweit gibt es 1000 verschiedene Bananensorten. Auf Gran Canaria werden 40 verschiedene Sorten angebaut. Wir sahen die Himbeerbanane, Apfelbanane und die blaue Banane, eine heimische Sorte von Venezuela.<\/p>\n\n\n\n<figure class=\"wp-block-image size-large\"><img loading=\"lazy\" decoding=\"async\" width=\"768\" height=\"1024\" src=\"https:\/\/familie-weitgereist.de\/wp-content\/uploads\/2024\/05\/1000034191-768x1024.jpg\" alt=\"\" class=\"wp-image-24448\" srcset=\"https:\/\/familie-weitgereist.de\/wp-content\/uploads\/2024\/05\/1000034191-768x1024.jpg 768w, https:\/\/familie-weitgereist.de\/wp-content\/uploads\/2024\/05\/1000034191-225x300.jpg 225w, https:\/\/familie-weitgereist.de\/wp-content\/uploads\/2024\/05\/1000034191-1152x1536.jpg 1152w, https:\/\/familie-weitgereist.de\/wp-content\/uploads\/2024\/05\/1000034191-1536x2048.jpg 1536w, https:\/\/familie-weitgereist.de\/wp-content\/uploads\/2024\/05\/1000034191-1200x1600.jpg 1200w, https:\/\/familie-weitgereist.de\/wp-content\/uploads\/2024\/05\/1000034191-1980x2640.jpg 1980w, https:\/\/familie-weitgereist.de\/wp-content\/uploads\/2024\/05\/1000034191-640x853.jpg 640w, https:\/\/familie-weitgereist.de\/wp-content\/uploads\/2024\/05\/1000034191-150x200.jpg 150w, https:\/\/familie-weitgereist.de\/wp-content\/uploads\/2024\/05\/1000034191-scaled.jpg 1920w\" sizes=\"auto, (max-width: 768px) 100vw, 768px\" \/><\/figure>\n\n\n\n<p>Eine Bananenpflanze ben\u00f6tigt am Tag 20 l Wasser. Da es auf den kanarischen Inseln daf\u00fcr nicht ausreichend regnet, wird das Wasser aus dem Ozean genommen und muss entsalzt werden. Aus diesem Grund erkennt die EU die Bananen von den Kanaren nicht als \u00f6kologisch an und sie werden daher nicht importiert.<\/p>\n\n\n\n<p>Eine Bananenpflanze w\u00e4chst 1,5 Jahre bis sie f\u00e4hig ist, Frucht zu tragen. Die Fr\u00fcchte reifen anschlie\u00dfend 9 Monate in der Plazenta der Banane und schlie\u00dflich je nach Jahreszeit 4 &#8211; 6 Monate bis die Bananen f\u00fcr die Ernte bereit sind. Anschlie\u00dfend stirbt die Mutterpflanze und die Babypflanze w\u00e4chst zur Mutterpflanze heran. Eine Bananenpflanze kann bis zu 15 Babypfl\u00e4nzchen wachsen lassen, jedoch nicht zur gleichen Zeit.<\/p>\n\n\n\n<figure class=\"wp-block-image size-large\"><img loading=\"lazy\" decoding=\"async\" width=\"768\" height=\"1024\" src=\"https:\/\/familie-weitgereist.de\/wp-content\/uploads\/2024\/05\/1000034137-768x1024.jpg\" alt=\"\" class=\"wp-image-24447\" srcset=\"https:\/\/familie-weitgereist.de\/wp-content\/uploads\/2024\/05\/1000034137-768x1024.jpg 768w, https:\/\/familie-weitgereist.de\/wp-content\/uploads\/2024\/05\/1000034137-225x300.jpg 225w, https:\/\/familie-weitgereist.de\/wp-content\/uploads\/2024\/05\/1000034137-1152x1536.jpg 1152w, https:\/\/familie-weitgereist.de\/wp-content\/uploads\/2024\/05\/1000034137-1536x2048.jpg 1536w, https:\/\/familie-weitgereist.de\/wp-content\/uploads\/2024\/05\/1000034137-1200x1600.jpg 1200w, https:\/\/familie-weitgereist.de\/wp-content\/uploads\/2024\/05\/1000034137-1980x2640.jpg 1980w, https:\/\/familie-weitgereist.de\/wp-content\/uploads\/2024\/05\/1000034137-640x853.jpg 640w, https:\/\/familie-weitgereist.de\/wp-content\/uploads\/2024\/05\/1000034137-150x200.jpg 150w, https:\/\/familie-weitgereist.de\/wp-content\/uploads\/2024\/05\/1000034137-scaled.jpg 1920w\" sizes=\"auto, (max-width: 768px) 100vw, 768px\" \/><\/figure>\n\n\n\n<p>F\u00fcr die Kinder gibt es auf dem Gel\u00e4nde noch ein Trampolin und zwei Spielh\u00e4user. Der Ausblick reicht bis nach Teneriffa am Horizont. Wir hatten eine geniale Zeit auf der Plantage und w\u00fcrden den Besuch jedem empfehlen.<\/p>\n\n\n\n<p>Erwachsene zahlen f\u00fcr die F\u00fchrung und Verkostung 15\u20ac, Kinder ab 3 Jahren zahlen 7,50\u20ac. (<em>Stand Januar 2026<\/em>)<\/p>\n\n\n\n<p>Auf Teneriffa haben wir das <strong><a href=\"https:\/\/familie-weitgereist.de\/?p=13024\" data-type=\"link\" data-id=\"https:\/\/familie-weitgereist.de\/?p=13024\">Bananenmuseum<\/a><\/strong> besucht, welches ebenso sehr zu empfehlen ist.<\/p>\n\n\n\n<figure class=\"wp-block-image size-large\"><img loading=\"lazy\" decoding=\"async\" width=\"1024\" height=\"768\" src=\"https:\/\/familie-weitgereist.de\/wp-content\/uploads\/2024\/05\/1000034128-1024x768.jpg\" alt=\"\" class=\"wp-image-24452\" srcset=\"https:\/\/familie-weitgereist.de\/wp-content\/uploads\/2024\/05\/1000034128-1024x768.jpg 1024w, https:\/\/familie-weitgereist.de\/wp-content\/uploads\/2024\/05\/1000034128-300x225.jpg 300w, https:\/\/familie-weitgereist.de\/wp-content\/uploads\/2024\/05\/1000034128-768x576.jpg 768w, https:\/\/familie-weitgereist.de\/wp-content\/uploads\/2024\/05\/1000034128-1536x1152.jpg 1536w, https:\/\/familie-weitgereist.de\/wp-content\/uploads\/2024\/05\/1000034128-2048x1536.jpg 2048w, https:\/\/familie-weitgereist.de\/wp-content\/uploads\/2024\/05\/1000034128-1200x900.jpg 1200w, https:\/\/familie-weitgereist.de\/wp-content\/uploads\/2024\/05\/1000034128-1980x1485.jpg 1980w, https:\/\/familie-weitgereist.de\/wp-content\/uploads\/2024\/05\/1000034128-150x113.jpg 150w\" sizes=\"auto, (max-width: 1024px) 100vw, 1024px\" \/><\/figure>\n\n\n\n<h2 class=\"wp-block-heading\">Bufadero<\/h2>\n\n\n\n<p>Der Bufadero von Gran Canaria liegt an der Ostk\u00fcste bei La Garita. Der Bufadero ist ein <strong>Loch im Felsen<\/strong> an der vulkanischen K\u00fcste. Wenn die Wellen und das Wasser von unten in das Loch einst\u00fcrmen, spritzen sie nach oben und erzeugen ein lautes Schnauben. Das Hochspritzen des Wassers sieht auch sehr spektakul\u00e4r aus und erinnerte uns an die Geysire von <a href=\"https:\/\/familie-weitgereist.de\/?p=968\" data-type=\"link\" data-id=\"https:\/\/familie-weitgereist.de\/?p=968\"><strong>Island<\/strong><\/a>.<\/p>\n\n\n\n<figure class=\"wp-block-image size-large\"><img loading=\"lazy\" decoding=\"async\" width=\"1024\" height=\"768\" src=\"https:\/\/familie-weitgereist.de\/wp-content\/uploads\/2024\/05\/IMG_20240503_162628-1024x768.jpg\" alt=\"\" class=\"wp-image-18064\" srcset=\"https:\/\/familie-weitgereist.de\/wp-content\/uploads\/2024\/05\/IMG_20240503_162628-1024x768.jpg 1024w, https:\/\/familie-weitgereist.de\/wp-content\/uploads\/2024\/05\/IMG_20240503_162628-300x225.jpg 300w, https:\/\/familie-weitgereist.de\/wp-content\/uploads\/2024\/05\/IMG_20240503_162628-768x576.jpg 768w, https:\/\/familie-weitgereist.de\/wp-content\/uploads\/2024\/05\/IMG_20240503_162628-1536x1152.jpg 1536w, https:\/\/familie-weitgereist.de\/wp-content\/uploads\/2024\/05\/IMG_20240503_162628-2048x1536.jpg 2048w, https:\/\/familie-weitgereist.de\/wp-content\/uploads\/2024\/05\/IMG_20240503_162628-1200x900.jpg 1200w, https:\/\/familie-weitgereist.de\/wp-content\/uploads\/2024\/05\/IMG_20240503_162628-1980x1485.jpg 1980w, https:\/\/familie-weitgereist.de\/wp-content\/uploads\/2024\/05\/IMG_20240503_162628-150x113.jpg 150w\" sizes=\"auto, (max-width: 1024px) 100vw, 1024px\" \/><\/figure>\n\n\n\n<h2 class=\"wp-block-heading\">Cactualdea Park<\/h2>\n\n\n\n<p>Der Cactualdea Park liegt im Westen von Gran Canaria, unweit der Kleinstadt La Aldea de San Nicolas.<\/p>\n\n\n\n<figure class=\"wp-block-image size-large\"><img loading=\"lazy\" decoding=\"async\" width=\"1024\" height=\"768\" src=\"https:\/\/familie-weitgereist.de\/wp-content\/uploads\/2024\/05\/1000035159-1024x768.jpg\" alt=\"\" class=\"wp-image-24553\" srcset=\"https:\/\/familie-weitgereist.de\/wp-content\/uploads\/2024\/05\/1000035159-1024x768.jpg 1024w, https:\/\/familie-weitgereist.de\/wp-content\/uploads\/2024\/05\/1000035159-300x225.jpg 300w, https:\/\/familie-weitgereist.de\/wp-content\/uploads\/2024\/05\/1000035159-768x576.jpg 768w, https:\/\/familie-weitgereist.de\/wp-content\/uploads\/2024\/05\/1000035159-1536x1152.jpg 1536w, https:\/\/familie-weitgereist.de\/wp-content\/uploads\/2024\/05\/1000035159-2048x1536.jpg 2048w, https:\/\/familie-weitgereist.de\/wp-content\/uploads\/2024\/05\/1000035159-1200x900.jpg 1200w, https:\/\/familie-weitgereist.de\/wp-content\/uploads\/2024\/05\/1000035159-1980x1485.jpg 1980w, https:\/\/familie-weitgereist.de\/wp-content\/uploads\/2024\/05\/1000035159-150x113.jpg 150w\" sizes=\"auto, (max-width: 1024px) 100vw, 1024px\" \/><\/figure>\n\n\n\n<p>Der Kaktuspark ist besonders, denn er wurde 1995 von der deutschen Familie Beisel gegr\u00fcndet. Der Park beherbergt <strong>1000 verschiedene Kakteenarten<\/strong>. Es gibt eine nachgestellte H\u00f6hle der Ureinwohner der Kanaren, ein Restaurant und einige Tiere zum Beobachten wie Enten, Pfaue und einen Esel.<\/p>\n\n\n\n<figure class=\"wp-block-image size-large\"><img loading=\"lazy\" decoding=\"async\" width=\"1024\" height=\"576\" src=\"https:\/\/familie-weitgereist.de\/wp-content\/uploads\/2024\/05\/1000035293-1024x576.jpg\" alt=\"\" class=\"wp-image-24552\" srcset=\"https:\/\/familie-weitgereist.de\/wp-content\/uploads\/2024\/05\/1000035293-1024x576.jpg 1024w, https:\/\/familie-weitgereist.de\/wp-content\/uploads\/2024\/05\/1000035293-300x169.jpg 300w, https:\/\/familie-weitgereist.de\/wp-content\/uploads\/2024\/05\/1000035293-768x432.jpg 768w, https:\/\/familie-weitgereist.de\/wp-content\/uploads\/2024\/05\/1000035293-1536x864.jpg 1536w, https:\/\/familie-weitgereist.de\/wp-content\/uploads\/2024\/05\/1000035293-2048x1152.jpg 2048w, https:\/\/familie-weitgereist.de\/wp-content\/uploads\/2024\/05\/1000035293-1200x675.jpg 1200w, https:\/\/familie-weitgereist.de\/wp-content\/uploads\/2024\/05\/1000035293-1980x1114.jpg 1980w, https:\/\/familie-weitgereist.de\/wp-content\/uploads\/2024\/05\/1000035293-150x84.jpg 150w\" sizes=\"auto, (max-width: 1024px) 100vw, 1024px\" \/><\/figure>\n\n\n\n<p>Der Park ist sehr weitl\u00e4ufig und wundersch\u00f6n. Es gibt viele kleine versteckte Wege zwischen den Kakteen- und Palmenhainen. Zudem liegt der Park in traumhafter Natur, zwischen den Bergen mit Ausblick auf das Meer, sogar Teneriffa ist zu sehen.<\/p>\n\n\n\n<figure class=\"wp-block-image size-large\"><img loading=\"lazy\" decoding=\"async\" width=\"1024\" height=\"768\" src=\"https:\/\/familie-weitgereist.de\/wp-content\/uploads\/2024\/05\/1000035134-1024x768.jpg\" alt=\"\" class=\"wp-image-24551\" srcset=\"https:\/\/familie-weitgereist.de\/wp-content\/uploads\/2024\/05\/1000035134-1024x768.jpg 1024w, https:\/\/familie-weitgereist.de\/wp-content\/uploads\/2024\/05\/1000035134-300x225.jpg 300w, https:\/\/familie-weitgereist.de\/wp-content\/uploads\/2024\/05\/1000035134-768x576.jpg 768w, https:\/\/familie-weitgereist.de\/wp-content\/uploads\/2024\/05\/1000035134-1536x1152.jpg 1536w, https:\/\/familie-weitgereist.de\/wp-content\/uploads\/2024\/05\/1000035134-2048x1536.jpg 2048w, https:\/\/familie-weitgereist.de\/wp-content\/uploads\/2024\/05\/1000035134-1200x900.jpg 1200w, https:\/\/familie-weitgereist.de\/wp-content\/uploads\/2024\/05\/1000035134-1980x1485.jpg 1980w, https:\/\/familie-weitgereist.de\/wp-content\/uploads\/2024\/05\/1000035134-150x113.jpg 150w\" sizes=\"auto, (max-width: 1024px) 100vw, 1024px\" \/><\/figure>\n\n\n\n<p>Ein Film \u00fcber den Kakteenpark und die Herkunft einiger Kakteen wird in einem kleinen Kino gezeigt.<\/p>\n\n\n\n<p>Der Eintritt betr\u00e4gt f\u00fcr Erwachsene 9,50\u20ac, Kinder unter 11 Jahren zahlen keinen Eintritt. (<em>Stand Februar 2026<\/em>)<\/p>\n\n\n\n<h2 class=\"wp-block-heading\">Castillo del Romeral<\/h2>\n\n\n\n<p>Im S\u00fcden von Gran Canaria, unweit des ber\u00fchmten Ferienortes Maspalomas, befindet sich der beschauliche Ort&nbsp;<strong>Castillo<\/strong>&nbsp;<strong>del Romeral<\/strong>. Dort gibt es einen sch\u00f6nen Spielplatz, eine tolle Strandpromenade und mehrere Naturschwimmbecken.<\/p>\n\n\n\n<figure class=\"wp-block-image size-large\"><img loading=\"lazy\" decoding=\"async\" width=\"1024\" height=\"768\" src=\"https:\/\/familie-weitgereist.de\/wp-content\/uploads\/2024\/04\/IMG_20240430_172843-1024x768.jpg\" alt=\"\" class=\"wp-image-18035\" srcset=\"https:\/\/familie-weitgereist.de\/wp-content\/uploads\/2024\/04\/IMG_20240430_172843-1024x768.jpg 1024w, https:\/\/familie-weitgereist.de\/wp-content\/uploads\/2024\/04\/IMG_20240430_172843-300x225.jpg 300w, https:\/\/familie-weitgereist.de\/wp-content\/uploads\/2024\/04\/IMG_20240430_172843-768x576.jpg 768w, https:\/\/familie-weitgereist.de\/wp-content\/uploads\/2024\/04\/IMG_20240430_172843-1536x1152.jpg 1536w, https:\/\/familie-weitgereist.de\/wp-content\/uploads\/2024\/04\/IMG_20240430_172843-2048x1536.jpg 2048w, https:\/\/familie-weitgereist.de\/wp-content\/uploads\/2024\/04\/IMG_20240430_172843-1200x900.jpg 1200w, https:\/\/familie-weitgereist.de\/wp-content\/uploads\/2024\/04\/IMG_20240430_172843-1980x1485.jpg 1980w, https:\/\/familie-weitgereist.de\/wp-content\/uploads\/2024\/04\/IMG_20240430_172843-150x113.jpg 150w\" sizes=\"auto, (max-width: 1024px) 100vw, 1024px\" \/><\/figure>\n\n\n\n<h2 class=\"wp-block-heading\">Ca\u00f1ada de los Gatos<\/h2>\n\n\n\n<p>Ca\u00f1ada de los Gatos befindet sich im S\u00fcden von Gran Canaria in Puerto de Mog\u00e1n. Diese <strong>arch\u00e4ologische Ausgrabungsst\u00e4tte<\/strong> ist die gr\u00f6\u00dfte auf Gran Canaria und weist Reste eines gro\u00dfen vor \u00fcber 1600 Jahren bewohnten K\u00fcstendorfes auf.<\/p>\n\n\n\n<figure class=\"wp-block-image size-large\"><img loading=\"lazy\" decoding=\"async\" width=\"1024\" height=\"768\" src=\"https:\/\/familie-weitgereist.de\/wp-content\/uploads\/2024\/05\/IMG_20240505_122759-1024x768.jpg\" alt=\"\" class=\"wp-image-18092\" srcset=\"https:\/\/familie-weitgereist.de\/wp-content\/uploads\/2024\/05\/IMG_20240505_122759-1024x768.jpg 1024w, https:\/\/familie-weitgereist.de\/wp-content\/uploads\/2024\/05\/IMG_20240505_122759-300x225.jpg 300w, https:\/\/familie-weitgereist.de\/wp-content\/uploads\/2024\/05\/IMG_20240505_122759-768x576.jpg 768w, https:\/\/familie-weitgereist.de\/wp-content\/uploads\/2024\/05\/IMG_20240505_122759-1536x1152.jpg 1536w, https:\/\/familie-weitgereist.de\/wp-content\/uploads\/2024\/05\/IMG_20240505_122759-2048x1536.jpg 2048w, https:\/\/familie-weitgereist.de\/wp-content\/uploads\/2024\/05\/IMG_20240505_122759-1200x900.jpg 1200w, https:\/\/familie-weitgereist.de\/wp-content\/uploads\/2024\/05\/IMG_20240505_122759-1980x1485.jpg 1980w, https:\/\/familie-weitgereist.de\/wp-content\/uploads\/2024\/05\/IMG_20240505_122759-150x113.jpg 150w\" sizes=\"auto, (max-width: 1024px) 100vw, 1024px\" \/><\/figure>\n\n\n\n<p>Auf dem Gel\u00e4nde befinden sich 19 \u00dcberreste von H\u00e4usern. Die Urkanarier bewohnten diese Region, da sie sich gesch\u00fctzt in der Schlucht befand mit unmittelbarer N\u00e4he zum Meer. Die H\u00e4user der Urkanarier wurden von j\u00fcngeren H\u00e4usern \u00fcberbaut, aus der Zeit der spanischen Besiedlung Ende des 15. Jahrhunderts. Die letzte Bauphase ist auf das Ende des 19. bis Mitte des 20. Jahrhunderts datiert. Die H\u00e4user dienten Wohn- und landwirtschaftlichen Zwecken.<\/p>\n\n\n\n<figure class=\"wp-block-image size-large\"><img loading=\"lazy\" decoding=\"async\" width=\"768\" height=\"1024\" src=\"https:\/\/familie-weitgereist.de\/wp-content\/uploads\/2024\/05\/IMG_20240505_123949-768x1024.jpg\" alt=\"\" class=\"wp-image-18094\" srcset=\"https:\/\/familie-weitgereist.de\/wp-content\/uploads\/2024\/05\/IMG_20240505_123949-768x1024.jpg 768w, https:\/\/familie-weitgereist.de\/wp-content\/uploads\/2024\/05\/IMG_20240505_123949-225x300.jpg 225w, https:\/\/familie-weitgereist.de\/wp-content\/uploads\/2024\/05\/IMG_20240505_123949-1152x1536.jpg 1152w, https:\/\/familie-weitgereist.de\/wp-content\/uploads\/2024\/05\/IMG_20240505_123949-1536x2048.jpg 1536w, https:\/\/familie-weitgereist.de\/wp-content\/uploads\/2024\/05\/IMG_20240505_123949-1200x1600.jpg 1200w, https:\/\/familie-weitgereist.de\/wp-content\/uploads\/2024\/05\/IMG_20240505_123949-1980x2640.jpg 1980w, https:\/\/familie-weitgereist.de\/wp-content\/uploads\/2024\/05\/IMG_20240505_123949-640x853.jpg 640w, https:\/\/familie-weitgereist.de\/wp-content\/uploads\/2024\/05\/IMG_20240505_123949-150x200.jpg 150w, https:\/\/familie-weitgereist.de\/wp-content\/uploads\/2024\/05\/IMG_20240505_123949-scaled.jpg 1920w\" sizes=\"auto, (max-width: 768px) 100vw, 768px\" \/><\/figure>\n\n\n\n<p>\u00dcber einen H\u00f6henweg, der wundersch\u00f6ne Ausblicke auf Puerto de Mog\u00e1n beschert, ist die <strong>Nekropolis<\/strong> &#8222;<strong><em>Las Crucecitas<\/em><\/strong>&#8220; erreichbar. Die Gr\u00e4ber liegen offen und sind nicht tief in der Erde vergraben. Es sind sogar Skelettreste aus dem 13. Jahrhundert zu betrachten.<\/p>\n\n\n\n<div id=\"wp-block-themeisle-blocks-slider-18e3b185\" class=\"wp-block-themeisle-blocks-slider glide\" data-per-view=\"1\" data-gap=\"0\" data-peek=\"0\" data-autoplay=\"true\" data-height=\"400px\" data-hide-arrows=\"false\"><div class=\"glide__track\" data-glide-el=\"track\"><div class=\"glide__slides\"><div class=\"wp-block-themeisle-blocks-slider-item-wrapper glide__slide\" tabindex=\"0\"><figure><img decoding=\"async\" class=\"wp-block-themeisle-blocks-slider-item\" src=\"https:\/\/familie-weitgereist.de\/wp-content\/uploads\/2024\/05\/IMG_20240505_125407-scaled.jpg\" alt=\"\" title=\"\" data-id=\"18089\"\/><\/figure><\/div><div class=\"wp-block-themeisle-blocks-slider-item-wrapper glide__slide\" tabindex=\"0\"><figure><img decoding=\"async\" class=\"wp-block-themeisle-blocks-slider-item\" src=\"https:\/\/familie-weitgereist.de\/wp-content\/uploads\/2024\/05\/IMG_20240505_125120-scaled.jpg\" alt=\"\" title=\"\" data-id=\"18091\"\/><\/figure><\/div><\/div><div class=\"glide__bullets\" data-glide-el=\"controls[nav]\"><button class=\"glide__bullet\" data-glide-dir=\"=0\"><\/button><button class=\"glide__bullet\" data-glide-dir=\"=1\"><\/button><\/div><\/div><\/div>\n\n\n\n<p>Der Eintritt betr\u00e4gt 4\u20ac pro Erwachsen und Kinder ab 10 Jahren zahlen 2\u20ac. (<em>Stand Mai 2024<\/em>)<\/p>\n\n\n\n<h2 class=\"wp-block-heading\">Cenobio de Valer\u00f3n<\/h2>\n\n\n\n<p>Diese beeindruckenden H\u00f6hlen befinden sich im Norden von Gran Canaria hoch oben in den vulkanischen Felsen gehauen. Die Ureinwohner von dieser Insel, die sogenannten Urkanarier, hauten vor \u00fcber 800 Jahren diese H\u00f6hlen in den Felsen. Dort wohnten und arbeiteten sie. Sie verarbeiteten und bewahrten Getreide und K\u00f6rner auf. Diese versiegelten sie mit M\u00f6rtel, damit sie lang aufbewahrt werden konnten. Es ist beeindruckend diese H\u00f6hlen zu sehen.<\/p>\n\n\n\n<div id=\"wp-block-themeisle-blocks-slider-950c37c4\" class=\"wp-block-themeisle-blocks-slider glide\" data-per-view=\"1\" data-gap=\"0\" data-peek=\"0\" data-autoplay=\"true\" data-height=\"400px\" data-hide-arrows=\"false\"><div class=\"glide__track\" data-glide-el=\"track\"><div class=\"glide__slides\"><div class=\"wp-block-themeisle-blocks-slider-item-wrapper glide__slide\" tabindex=\"0\"><figure><img decoding=\"async\" class=\"wp-block-themeisle-blocks-slider-item\" src=\"https:\/\/familie-weitgereist.de\/wp-content\/uploads\/2024\/05\/IMG_20240504_131149-scaled.jpg\" alt=\"\" title=\"\" data-id=\"18071\"\/><\/figure><\/div><div class=\"wp-block-themeisle-blocks-slider-item-wrapper glide__slide\" tabindex=\"0\"><figure><img decoding=\"async\" class=\"wp-block-themeisle-blocks-slider-item\" src=\"https:\/\/familie-weitgereist.de\/wp-content\/uploads\/2024\/05\/IMG_20240504_124622-scaled.jpg\" alt=\"\" title=\"\" data-id=\"18072\"\/><\/figure><\/div><\/div><div class=\"glide__bullets\" data-glide-el=\"controls[nav]\"><button class=\"glide__bullet\" data-glide-dir=\"=0\"><\/button><button class=\"glide__bullet\" data-glide-dir=\"=1\"><\/button><\/div><\/div><\/div>\n\n\n\n<p>Schon 1723 wurden die H\u00f6hlen, zumindest von bestimmten Personen, besichtigt. Damals war jedoch der Aufstieg zu den H\u00f6hlen beschwerlich und gef\u00e4hrlich. Heute sind die H\u00f6hlen \u00fcber Stufen, Treppen und angelegte Wege sehr gut zu erreichen.<\/p>\n\n\n\n<figure class=\"wp-block-image size-large\"><img loading=\"lazy\" decoding=\"async\" width=\"1024\" height=\"768\" src=\"https:\/\/familie-weitgereist.de\/wp-content\/uploads\/2024\/05\/IMG_20240504_130047-1-1024x768.jpg\" alt=\"\" class=\"wp-image-18070\" srcset=\"https:\/\/familie-weitgereist.de\/wp-content\/uploads\/2024\/05\/IMG_20240504_130047-1-1024x768.jpg 1024w, https:\/\/familie-weitgereist.de\/wp-content\/uploads\/2024\/05\/IMG_20240504_130047-1-300x225.jpg 300w, https:\/\/familie-weitgereist.de\/wp-content\/uploads\/2024\/05\/IMG_20240504_130047-1-768x576.jpg 768w, https:\/\/familie-weitgereist.de\/wp-content\/uploads\/2024\/05\/IMG_20240504_130047-1-1536x1152.jpg 1536w, https:\/\/familie-weitgereist.de\/wp-content\/uploads\/2024\/05\/IMG_20240504_130047-1-2048x1536.jpg 2048w, https:\/\/familie-weitgereist.de\/wp-content\/uploads\/2024\/05\/IMG_20240504_130047-1-1200x900.jpg 1200w, https:\/\/familie-weitgereist.de\/wp-content\/uploads\/2024\/05\/IMG_20240504_130047-1-1980x1485.jpg 1980w, https:\/\/familie-weitgereist.de\/wp-content\/uploads\/2024\/05\/IMG_20240504_130047-1-150x113.jpg 150w\" sizes=\"auto, (max-width: 1024px) 100vw, 1024px\" \/><\/figure>\n\n\n\n<p>Der Name &#8222;Cenobio&#8220; bedeutet &#8222;Kloster&#8220; und geht auf eine Fehlinterpretation der H\u00f6hlen zur\u00fcck. Es wurde angenommen, dass die H\u00f6hlen zu einem Kloster geh\u00f6rten, in welche sich unverheiratete Adelsfrauen bis zur Hochzeit zur\u00fcckzogen. Heute ist belegt, dass diese Interpretation nicht richtig ist.<\/p>\n\n\n\n<p>Der Eintrittspreis betr\u00e4gt 3\u20ac f\u00fcr Erwachsene, Kinder ab 10 Jahren zahlen 2\u20ac. (<em>Stand Mai 2024<\/em>)<\/p>\n\n\n\n<h2 class=\"wp-block-heading\">Centro de Interpretaci\u00f3n Jin\u00e1mar<\/h2>\n\n\n\n<p>Das ehemalige <strong>Centro de Interpretaci\u00f3n<\/strong> \u00fcber die <strong>Renaturierung eines ehemaligen Steinbruchs<\/strong>, ist leider etwas verfallen. Seit 2011 wird die Landschaft rekultiviert und 5186 Tonnen Schutt wurden abtransportiert und die Ansiedlung von heimischen Pflanzen gef\u00f6rdert.<\/p>\n\n\n\n<figure class=\"wp-block-image size-large\"><img loading=\"lazy\" decoding=\"async\" width=\"1024\" height=\"768\" src=\"https:\/\/familie-weitgereist.de\/wp-content\/uploads\/2024\/05\/1000048181-1024x768.jpg\" alt=\"\" class=\"wp-image-25334\" srcset=\"https:\/\/familie-weitgereist.de\/wp-content\/uploads\/2024\/05\/1000048181-1024x768.jpg 1024w, https:\/\/familie-weitgereist.de\/wp-content\/uploads\/2024\/05\/1000048181-300x225.jpg 300w, https:\/\/familie-weitgereist.de\/wp-content\/uploads\/2024\/05\/1000048181-768x576.jpg 768w, https:\/\/familie-weitgereist.de\/wp-content\/uploads\/2024\/05\/1000048181-1536x1152.jpg 1536w, https:\/\/familie-weitgereist.de\/wp-content\/uploads\/2024\/05\/1000048181-2048x1536.jpg 2048w, https:\/\/familie-weitgereist.de\/wp-content\/uploads\/2024\/05\/1000048181-1200x900.jpg 1200w, https:\/\/familie-weitgereist.de\/wp-content\/uploads\/2024\/05\/1000048181-1980x1485.jpg 1980w, https:\/\/familie-weitgereist.de\/wp-content\/uploads\/2024\/05\/1000048181-150x113.jpg 150w\" sizes=\"auto, (max-width: 1024px) 100vw, 1024px\" \/><\/figure>\n\n\n\n<p>Die Wege direkt am Strand entlang sind jedoch sehr sch\u00f6n und der Blick auf das Meer ist offen.<\/p>\n\n\n\n<h2 class=\"wp-block-heading\">Faro de Sardina<\/h2>\n\n\n\n<p>Im \u00e4u\u00dfersten Nordwesten von Gran Canaria befindet sich ein Leuchtturm. Der urspr\u00fcngliche Leuchtturm strahlte sein Licht f\u00fcr die Seefahrer schon seit 1891. Seit 1985 leuchtet ein klassischer Leuchtturm an der gleichen Stelle.<\/p>\n\n\n\n<figure class=\"wp-block-image size-large\"><img loading=\"lazy\" decoding=\"async\" width=\"768\" height=\"1024\" src=\"https:\/\/familie-weitgereist.de\/wp-content\/uploads\/2024\/05\/1000048314-768x1024.jpg\" alt=\"\" class=\"wp-image-25331\" srcset=\"https:\/\/familie-weitgereist.de\/wp-content\/uploads\/2024\/05\/1000048314-768x1024.jpg 768w, https:\/\/familie-weitgereist.de\/wp-content\/uploads\/2024\/05\/1000048314-225x300.jpg 225w, https:\/\/familie-weitgereist.de\/wp-content\/uploads\/2024\/05\/1000048314-1152x1536.jpg 1152w, https:\/\/familie-weitgereist.de\/wp-content\/uploads\/2024\/05\/1000048314-1536x2048.jpg 1536w, https:\/\/familie-weitgereist.de\/wp-content\/uploads\/2024\/05\/1000048314-1200x1600.jpg 1200w, https:\/\/familie-weitgereist.de\/wp-content\/uploads\/2024\/05\/1000048314-1980x2640.jpg 1980w, https:\/\/familie-weitgereist.de\/wp-content\/uploads\/2024\/05\/1000048314-640x853.jpg 640w, https:\/\/familie-weitgereist.de\/wp-content\/uploads\/2024\/05\/1000048314-150x200.jpg 150w, https:\/\/familie-weitgereist.de\/wp-content\/uploads\/2024\/05\/1000048314-scaled.jpg 1920w\" sizes=\"auto, (max-width: 768px) 100vw, 768px\" \/><\/figure>\n\n\n\n<p>Der Ort f\u00fchlt sich ein bisschen an wie das Ende der Welt. Der Weitblick auf das Meer, die schroffen Vulkanfelsen und eine kleine Ansiedlung in der N\u00e4he des Leuchtturmes machen diesen Ort zu etwas Besonderem.<\/p>\n\n\n\n<figure class=\"wp-block-image size-large\"><img loading=\"lazy\" decoding=\"async\" width=\"1024\" height=\"768\" src=\"https:\/\/familie-weitgereist.de\/wp-content\/uploads\/2024\/05\/1000048341-1024x768.jpg\" alt=\"\" class=\"wp-image-25330\" srcset=\"https:\/\/familie-weitgereist.de\/wp-content\/uploads\/2024\/05\/1000048341-1024x768.jpg 1024w, https:\/\/familie-weitgereist.de\/wp-content\/uploads\/2024\/05\/1000048341-300x225.jpg 300w, https:\/\/familie-weitgereist.de\/wp-content\/uploads\/2024\/05\/1000048341-768x576.jpg 768w, https:\/\/familie-weitgereist.de\/wp-content\/uploads\/2024\/05\/1000048341-1536x1152.jpg 1536w, https:\/\/familie-weitgereist.de\/wp-content\/uploads\/2024\/05\/1000048341-2048x1536.jpg 2048w, https:\/\/familie-weitgereist.de\/wp-content\/uploads\/2024\/05\/1000048341-1200x900.jpg 1200w, https:\/\/familie-weitgereist.de\/wp-content\/uploads\/2024\/05\/1000048341-1980x1485.jpg 1980w, https:\/\/familie-weitgereist.de\/wp-content\/uploads\/2024\/05\/1000048341-150x113.jpg 150w\" sizes=\"auto, (max-width: 1024px) 100vw, 1024px\" \/><\/figure>\n\n\n\n<p>Die Ansiedlung ist gut bewohnt. Schmale Wege f\u00fchren zwischen den Wohnh\u00e4usern entlang. Das Rauschen des Ozeans ist immer zu h\u00f6ren. Fischer fischen an den schroffen Felsen und wir genossen die Atmosph\u00e4re.<\/p>\n\n\n\n<figure class=\"wp-block-image size-large\"><img loading=\"lazy\" decoding=\"async\" width=\"1024\" height=\"768\" src=\"https:\/\/familie-weitgereist.de\/wp-content\/uploads\/2024\/05\/1000048353-1024x768.jpg\" alt=\"\" class=\"wp-image-25329\" srcset=\"https:\/\/familie-weitgereist.de\/wp-content\/uploads\/2024\/05\/1000048353-1024x768.jpg 1024w, https:\/\/familie-weitgereist.de\/wp-content\/uploads\/2024\/05\/1000048353-300x225.jpg 300w, https:\/\/familie-weitgereist.de\/wp-content\/uploads\/2024\/05\/1000048353-768x576.jpg 768w, https:\/\/familie-weitgereist.de\/wp-content\/uploads\/2024\/05\/1000048353-1536x1152.jpg 1536w, https:\/\/familie-weitgereist.de\/wp-content\/uploads\/2024\/05\/1000048353-2048x1536.jpg 2048w, https:\/\/familie-weitgereist.de\/wp-content\/uploads\/2024\/05\/1000048353-1200x900.jpg 1200w, https:\/\/familie-weitgereist.de\/wp-content\/uploads\/2024\/05\/1000048353-1980x1485.jpg 1980w, https:\/\/familie-weitgereist.de\/wp-content\/uploads\/2024\/05\/1000048353-150x113.jpg 150w\" sizes=\"auto, (max-width: 1024px) 100vw, 1024px\" \/><\/figure>\n\n\n\n<h2 class=\"wp-block-heading\">Fataga<\/h2>\n\n\n\n<p>Das kleine Bergdorf z\u00e4hlt ca. 400 Einwohner und ist von Maspalomas aus gut \u00fcber die GC-60 erreichbar. Der historische Ortskern ist sehr gut erhalten und verf\u00fcgt \u00fcber einen zentralen Platz mit Kirche. Von dort gehen kleine, teils gepflasterte Stra\u00dfen ab. Die traditionellen kanarischen H\u00e4user sind sehr gut erhalten.<\/p>\n\n\n\n<figure class=\"wp-block-image size-large\"><img loading=\"lazy\" decoding=\"async\" width=\"1024\" height=\"768\" src=\"https:\/\/familie-weitgereist.de\/wp-content\/uploads\/2024\/05\/1000033036-1024x768.jpg\" alt=\"\" class=\"wp-image-24403\" srcset=\"https:\/\/familie-weitgereist.de\/wp-content\/uploads\/2024\/05\/1000033036-1024x768.jpg 1024w, https:\/\/familie-weitgereist.de\/wp-content\/uploads\/2024\/05\/1000033036-300x225.jpg 300w, https:\/\/familie-weitgereist.de\/wp-content\/uploads\/2024\/05\/1000033036-768x576.jpg 768w, https:\/\/familie-weitgereist.de\/wp-content\/uploads\/2024\/05\/1000033036-1536x1152.jpg 1536w, https:\/\/familie-weitgereist.de\/wp-content\/uploads\/2024\/05\/1000033036-2048x1536.jpg 2048w, https:\/\/familie-weitgereist.de\/wp-content\/uploads\/2024\/05\/1000033036-1200x900.jpg 1200w, https:\/\/familie-weitgereist.de\/wp-content\/uploads\/2024\/05\/1000033036-1980x1485.jpg 1980w, https:\/\/familie-weitgereist.de\/wp-content\/uploads\/2024\/05\/1000033036-150x113.jpg 150w\" sizes=\"auto, (max-width: 1024px) 100vw, 1024px\" \/><\/figure>\n\n\n\n<p>Die GC-60 f\u00fchrt direkt durch das Dorf hindurch. Von oben hat man einen wundersch\u00f6nen Ausblick auf Fataga.<\/p>\n\n\n\n<figure class=\"wp-block-image size-large\"><img loading=\"lazy\" decoding=\"async\" width=\"1024\" height=\"768\" src=\"https:\/\/familie-weitgereist.de\/wp-content\/uploads\/2024\/05\/1000033063-1-1024x768.jpg\" alt=\"\" class=\"wp-image-24402\" srcset=\"https:\/\/familie-weitgereist.de\/wp-content\/uploads\/2024\/05\/1000033063-1-1024x768.jpg 1024w, https:\/\/familie-weitgereist.de\/wp-content\/uploads\/2024\/05\/1000033063-1-300x225.jpg 300w, https:\/\/familie-weitgereist.de\/wp-content\/uploads\/2024\/05\/1000033063-1-768x576.jpg 768w, https:\/\/familie-weitgereist.de\/wp-content\/uploads\/2024\/05\/1000033063-1-1536x1152.jpg 1536w, https:\/\/familie-weitgereist.de\/wp-content\/uploads\/2024\/05\/1000033063-1-2048x1536.jpg 2048w, https:\/\/familie-weitgereist.de\/wp-content\/uploads\/2024\/05\/1000033063-1-1200x900.jpg 1200w, https:\/\/familie-weitgereist.de\/wp-content\/uploads\/2024\/05\/1000033063-1-1980x1485.jpg 1980w, https:\/\/familie-weitgereist.de\/wp-content\/uploads\/2024\/05\/1000033063-1-150x113.jpg 150w\" sizes=\"auto, (max-width: 1024px) 100vw, 1024px\" \/><\/figure>\n\n\n\n<p>Es gibt einige Einkehrm\u00f6glichkeiten und traditionelle Handwerkskunst von den Einheimischen zu erwerben. Diese wird oftmals in ihren Wohnh\u00e4usern zum Verkauf angeboten.<\/p>\n\n\n\n<figure class=\"wp-block-image size-large\"><img loading=\"lazy\" decoding=\"async\" width=\"1024\" height=\"768\" src=\"https:\/\/familie-weitgereist.de\/wp-content\/uploads\/2024\/05\/1000033052-1024x768.jpg\" alt=\"\" class=\"wp-image-24405\" srcset=\"https:\/\/familie-weitgereist.de\/wp-content\/uploads\/2024\/05\/1000033052-1024x768.jpg 1024w, https:\/\/familie-weitgereist.de\/wp-content\/uploads\/2024\/05\/1000033052-300x225.jpg 300w, https:\/\/familie-weitgereist.de\/wp-content\/uploads\/2024\/05\/1000033052-768x576.jpg 768w, https:\/\/familie-weitgereist.de\/wp-content\/uploads\/2024\/05\/1000033052-1536x1152.jpg 1536w, https:\/\/familie-weitgereist.de\/wp-content\/uploads\/2024\/05\/1000033052-2048x1536.jpg 2048w, https:\/\/familie-weitgereist.de\/wp-content\/uploads\/2024\/05\/1000033052-1200x900.jpg 1200w, https:\/\/familie-weitgereist.de\/wp-content\/uploads\/2024\/05\/1000033052-1980x1485.jpg 1980w, https:\/\/familie-weitgereist.de\/wp-content\/uploads\/2024\/05\/1000033052-150x113.jpg 150w\" sizes=\"auto, (max-width: 1024px) 100vw, 1024px\" \/><\/figure>\n\n\n\n<p>Es gibt wenige Parkm\u00f6glichkeiten im Bergdorf selbst.<\/p>\n\n\n\n<h2 class=\"wp-block-heading\">Firgas<\/h2>\n\n\n\n<p>Die <strong>kleinste Gemeinde<\/strong> von Gran Canaria ist auf dem Archipel bekannt, denn hier wird das bekannteste Mineralwasser der Kanaren abgef\u00fcllt. Firgas ist ebenso das am meisten getrunkene Mineralwasser.<\/p>\n\n\n\n<p>Das Mineralwasserunternehmen <strong>Agua de Firgas<\/strong> wurde 1930 gegr\u00fcndet. Besonders sch\u00f6n anzusehen ist der <strong>30 m lange Brunnen<\/strong> mit seinen Mosaikb\u00e4nken daneben. Dabei soll der Wasserreichtum der Gemeinde repr\u00e4sentiert werden. Alle Gemeinden der Insel werden ebenso mosaikartig dargestellt.<\/p>\n\n\n\n<figure class=\"wp-block-image size-large\"><img loading=\"lazy\" decoding=\"async\" width=\"1024\" height=\"768\" src=\"https:\/\/familie-weitgereist.de\/wp-content\/uploads\/2024\/05\/1000026137-1024x768.jpg\" alt=\"\" class=\"wp-image-24139\" srcset=\"https:\/\/familie-weitgereist.de\/wp-content\/uploads\/2024\/05\/1000026137-1024x768.jpg 1024w, https:\/\/familie-weitgereist.de\/wp-content\/uploads\/2024\/05\/1000026137-300x225.jpg 300w, https:\/\/familie-weitgereist.de\/wp-content\/uploads\/2024\/05\/1000026137-768x576.jpg 768w, https:\/\/familie-weitgereist.de\/wp-content\/uploads\/2024\/05\/1000026137-1536x1152.jpg 1536w, https:\/\/familie-weitgereist.de\/wp-content\/uploads\/2024\/05\/1000026137-2048x1536.jpg 2048w, https:\/\/familie-weitgereist.de\/wp-content\/uploads\/2024\/05\/1000026137-1200x900.jpg 1200w, https:\/\/familie-weitgereist.de\/wp-content\/uploads\/2024\/05\/1000026137-1980x1485.jpg 1980w, https:\/\/familie-weitgereist.de\/wp-content\/uploads\/2024\/05\/1000026137-150x113.jpg 150w\" sizes=\"auto, (max-width: 1024px) 100vw, 1024px\" \/><\/figure>\n\n\n\n<p>Ein weiteres Highlight in Firgas ist der <strong>Paseo<\/strong> <strong>de<\/strong> <strong>Canarias<\/strong>. In wunderbaren Mosaiken werden sieben Kanareninseln dargestellt. Die Flaggen der Inseln und eine Hauptsehensw\u00fcrdigkeit jeder Insel wird malerisch pr\u00e4sentiert. Zudem werden die Inseln plastisch in Gr\u00f6\u00dfe und H\u00f6he abgebildet. Das ist wirklich spannend zu sehen.<\/p>\n\n\n\n<figure class=\"wp-block-image size-large\"><img loading=\"lazy\" decoding=\"async\" width=\"768\" height=\"1024\" src=\"https:\/\/familie-weitgereist.de\/wp-content\/uploads\/2024\/05\/1000026091-768x1024.jpg\" alt=\"\" class=\"wp-image-24135\" srcset=\"https:\/\/familie-weitgereist.de\/wp-content\/uploads\/2024\/05\/1000026091-768x1024.jpg 768w, https:\/\/familie-weitgereist.de\/wp-content\/uploads\/2024\/05\/1000026091-225x300.jpg 225w, https:\/\/familie-weitgereist.de\/wp-content\/uploads\/2024\/05\/1000026091-1152x1536.jpg 1152w, https:\/\/familie-weitgereist.de\/wp-content\/uploads\/2024\/05\/1000026091-1536x2048.jpg 1536w, https:\/\/familie-weitgereist.de\/wp-content\/uploads\/2024\/05\/1000026091-1200x1600.jpg 1200w, https:\/\/familie-weitgereist.de\/wp-content\/uploads\/2024\/05\/1000026091-1980x2640.jpg 1980w, https:\/\/familie-weitgereist.de\/wp-content\/uploads\/2024\/05\/1000026091-640x853.jpg 640w, https:\/\/familie-weitgereist.de\/wp-content\/uploads\/2024\/05\/1000026091-150x200.jpg 150w, https:\/\/familie-weitgereist.de\/wp-content\/uploads\/2024\/05\/1000026091-scaled.jpg 1920w\" sizes=\"auto, (max-width: 768px) 100vw, 768px\" \/><\/figure>\n\n\n\n<p>W\u00e4hrend wir die Treppe hinauf liefen, boten sich auch immer wieder sch\u00f6ne Ausblicke auf den Ort.<\/p>\n\n\n\n<figure class=\"wp-block-image size-large\"><img loading=\"lazy\" decoding=\"async\" width=\"1024\" height=\"768\" src=\"https:\/\/familie-weitgereist.de\/wp-content\/uploads\/2024\/05\/1000026104-1024x768.jpg\" alt=\"\" class=\"wp-image-24136\" srcset=\"https:\/\/familie-weitgereist.de\/wp-content\/uploads\/2024\/05\/1000026104-1024x768.jpg 1024w, https:\/\/familie-weitgereist.de\/wp-content\/uploads\/2024\/05\/1000026104-300x225.jpg 300w, https:\/\/familie-weitgereist.de\/wp-content\/uploads\/2024\/05\/1000026104-768x576.jpg 768w, https:\/\/familie-weitgereist.de\/wp-content\/uploads\/2024\/05\/1000026104-1536x1152.jpg 1536w, https:\/\/familie-weitgereist.de\/wp-content\/uploads\/2024\/05\/1000026104-2048x1536.jpg 2048w, https:\/\/familie-weitgereist.de\/wp-content\/uploads\/2024\/05\/1000026104-1200x900.jpg 1200w, https:\/\/familie-weitgereist.de\/wp-content\/uploads\/2024\/05\/1000026104-1980x1485.jpg 1980w, https:\/\/familie-weitgereist.de\/wp-content\/uploads\/2024\/05\/1000026104-150x113.jpg 150w\" sizes=\"auto, (max-width: 1024px) 100vw, 1024px\" \/><\/figure>\n\n\n\n<h2 class=\"wp-block-heading\">Ingenio<\/h2>\n\n\n\n<p>Ingenio ist eine Kleinstadt 300m \u00fcber dem Meeresspiegel, gelegen zwischen dem <strong>Barranco del Draguillo <\/strong>und im S\u00fcden dem <strong><em>Barranco de Guayadeque<\/em><\/strong>.<\/p>\n\n\n\n<figure class=\"wp-block-image size-large\"><img loading=\"lazy\" decoding=\"async\" width=\"1024\" height=\"768\" src=\"https:\/\/familie-weitgereist.de\/wp-content\/uploads\/2024\/05\/IMG_20240507_175258-1024x768.jpg\" alt=\"\" class=\"wp-image-18121\" srcset=\"https:\/\/familie-weitgereist.de\/wp-content\/uploads\/2024\/05\/IMG_20240507_175258-1024x768.jpg 1024w, https:\/\/familie-weitgereist.de\/wp-content\/uploads\/2024\/05\/IMG_20240507_175258-300x225.jpg 300w, https:\/\/familie-weitgereist.de\/wp-content\/uploads\/2024\/05\/IMG_20240507_175258-768x576.jpg 768w, https:\/\/familie-weitgereist.de\/wp-content\/uploads\/2024\/05\/IMG_20240507_175258-1536x1152.jpg 1536w, https:\/\/familie-weitgereist.de\/wp-content\/uploads\/2024\/05\/IMG_20240507_175258-2048x1536.jpg 2048w, https:\/\/familie-weitgereist.de\/wp-content\/uploads\/2024\/05\/IMG_20240507_175258-1200x900.jpg 1200w, https:\/\/familie-weitgereist.de\/wp-content\/uploads\/2024\/05\/IMG_20240507_175258-1980x1485.jpg 1980w, https:\/\/familie-weitgereist.de\/wp-content\/uploads\/2024\/05\/IMG_20240507_175258-150x113.jpg 150w\" sizes=\"auto, (max-width: 1024px) 100vw, 1024px\" \/><\/figure>\n\n\n\n<p>Der historische Stadtkern von Ingenio ist wundersch\u00f6n. Dort befindet sich die <strong><em>Plaza de la Candelaria<\/em><\/strong> mit der Kirche und dem Rathaus. Die Kirche wurde 1901 auf den \u00dcberresten einer Kapelle errichtet.<\/p>\n\n\n\n<figure class=\"wp-block-image size-large\"><img loading=\"lazy\" decoding=\"async\" width=\"1024\" height=\"768\" src=\"https:\/\/familie-weitgereist.de\/wp-content\/uploads\/2024\/05\/IMG_20240507_175340-1024x768.jpg\" alt=\"\" class=\"wp-image-18120\" srcset=\"https:\/\/familie-weitgereist.de\/wp-content\/uploads\/2024\/05\/IMG_20240507_175340-1024x768.jpg 1024w, https:\/\/familie-weitgereist.de\/wp-content\/uploads\/2024\/05\/IMG_20240507_175340-300x225.jpg 300w, https:\/\/familie-weitgereist.de\/wp-content\/uploads\/2024\/05\/IMG_20240507_175340-768x576.jpg 768w, https:\/\/familie-weitgereist.de\/wp-content\/uploads\/2024\/05\/IMG_20240507_175340-1536x1152.jpg 1536w, https:\/\/familie-weitgereist.de\/wp-content\/uploads\/2024\/05\/IMG_20240507_175340-2048x1536.jpg 2048w, https:\/\/familie-weitgereist.de\/wp-content\/uploads\/2024\/05\/IMG_20240507_175340-1200x900.jpg 1200w, https:\/\/familie-weitgereist.de\/wp-content\/uploads\/2024\/05\/IMG_20240507_175340-1980x1485.jpg 1980w, https:\/\/familie-weitgereist.de\/wp-content\/uploads\/2024\/05\/IMG_20240507_175340-150x113.jpg 150w\" sizes=\"auto, (max-width: 1024px) 100vw, 1024px\" \/><\/figure>\n\n\n\n<p>Ingenio ist bekannt f\u00fcr seine Handwerkstradition. Es gibt ein Uhrmuseum, mehrere Wasserm\u00fchlen, ein Wasser- und Zuckermuseum. Im <strong><em>Parque Nestor \u00c1lamo<\/em><\/strong> gibt es eine alte Wasserm\u00fchle zu bestaunen.<\/p>\n\n\n\n<figure class=\"wp-block-image size-large\"><img loading=\"lazy\" decoding=\"async\" width=\"1024\" height=\"768\" src=\"https:\/\/familie-weitgereist.de\/wp-content\/uploads\/2024\/05\/IMG_20240507_180555-1024x768.jpg\" alt=\"\" class=\"wp-image-18122\" srcset=\"https:\/\/familie-weitgereist.de\/wp-content\/uploads\/2024\/05\/IMG_20240507_180555-1024x768.jpg 1024w, https:\/\/familie-weitgereist.de\/wp-content\/uploads\/2024\/05\/IMG_20240507_180555-300x225.jpg 300w, https:\/\/familie-weitgereist.de\/wp-content\/uploads\/2024\/05\/IMG_20240507_180555-768x576.jpg 768w, https:\/\/familie-weitgereist.de\/wp-content\/uploads\/2024\/05\/IMG_20240507_180555-1536x1152.jpg 1536w, https:\/\/familie-weitgereist.de\/wp-content\/uploads\/2024\/05\/IMG_20240507_180555-2048x1536.jpg 2048w, https:\/\/familie-weitgereist.de\/wp-content\/uploads\/2024\/05\/IMG_20240507_180555-1200x900.jpg 1200w, https:\/\/familie-weitgereist.de\/wp-content\/uploads\/2024\/05\/IMG_20240507_180555-1980x1485.jpg 1980w, https:\/\/familie-weitgereist.de\/wp-content\/uploads\/2024\/05\/IMG_20240507_180555-150x113.jpg 150w\" sizes=\"auto, (max-width: 1024px) 100vw, 1024px\" \/><\/figure>\n\n\n\n<h2 class=\"wp-block-heading\">Las Palmas de Gran Canaria<\/h2>\n\n\n\n<p>In der Hauptstadt der Insel gibt es sehr viel zu entdecken, z.B. das <strong><a href=\"https:\/\/familie-weitgereist.de\/?p=13365\" data-type=\"link\" data-id=\"https:\/\/familie-weitgereist.de\/?p=13365\">Kolumbushaus<\/a><\/strong>. Jedes Mal, wenn wir auf Gran Canaria sind, entdecken wir Neues in der Hauptstadt. Dieses Mal waren wir in der N\u00e4he des Hafens und haben das nachgebaute Schiff der <strong>Ni\u00f1a Caravel<\/strong> entdeckt, mit dem <strong>Christoph Kolumbus 1492 in die Neue Welt gesegelt<\/strong> ist.<\/p>\n\n\n\n<p>Das Schiff fuhr 1992 von Huelva nach Las Palmas de Gran Canaria mit einem Zwischenstopp auf La Gomera und anschlie\u00dfend den langen Weg \u00fcber den Atlantik. Dies war die erste Reise, die je mit einem originalgetreuen Schiff der damaligen Zeit \u00fcber den Atlantik gefahren ist. Die \u00dcberfahrt wurde von modernen Schiffen begleitet.<\/p>\n\n\n\n<p>Leider fiel es schon Vandalismus zum Oper und hat Brandspuren. <\/p>\n\n\n\n<figure class=\"wp-block-image size-large\"><img loading=\"lazy\" decoding=\"async\" width=\"1024\" height=\"768\" src=\"https:\/\/familie-weitgereist.de\/wp-content\/uploads\/2024\/05\/1000025700-1024x768.jpg\" alt=\"\" class=\"wp-image-24101\" srcset=\"https:\/\/familie-weitgereist.de\/wp-content\/uploads\/2024\/05\/1000025700-1024x768.jpg 1024w, https:\/\/familie-weitgereist.de\/wp-content\/uploads\/2024\/05\/1000025700-300x225.jpg 300w, https:\/\/familie-weitgereist.de\/wp-content\/uploads\/2024\/05\/1000025700-768x576.jpg 768w, https:\/\/familie-weitgereist.de\/wp-content\/uploads\/2024\/05\/1000025700-1536x1152.jpg 1536w, https:\/\/familie-weitgereist.de\/wp-content\/uploads\/2024\/05\/1000025700-2048x1536.jpg 2048w, https:\/\/familie-weitgereist.de\/wp-content\/uploads\/2024\/05\/1000025700-1200x900.jpg 1200w, https:\/\/familie-weitgereist.de\/wp-content\/uploads\/2024\/05\/1000025700-1980x1485.jpg 1980w, https:\/\/familie-weitgereist.de\/wp-content\/uploads\/2024\/05\/1000025700-150x113.jpg 150w\" sizes=\"auto, (max-width: 1024px) 100vw, 1024px\" \/><\/figure>\n\n\n\n<p>Ein Besuch im <strong>Museo Elder<\/strong> <strong>de la Ciencia y Tecnolog\u00eda im Stadtteil Santa Catalina<\/strong> ist sehr lohnenswert. Das Museum ist ein <strong>Wissenschafts- und Technikmuseum<\/strong>. Der Name des Museums geht zur\u00fcck auf den Namen einer der wichtigsten Schifffahrtskompanien im 19. Jahrhundert auf den kanarischen Inseln. 1883 wurde der <em>Puerto de la Luz<\/em>, der Hafen von Gran Canaria in Las Palmas erbaut und der Grundstein gelegt f\u00fcr den Handel und dem ersten Ankommen von Touristen. Das Geb\u00e4ude in dem sich heute das Museum befindet wurde 1912 erbaut und beherbergt seit 1999 das Museum.<\/p>\n\n\n\n<figure class=\"wp-block-image size-large\"><img loading=\"lazy\" decoding=\"async\" width=\"1024\" height=\"768\" src=\"https:\/\/familie-weitgereist.de\/wp-content\/uploads\/2024\/05\/1000029258-1024x768.jpg\" alt=\"\" class=\"wp-image-24200\" srcset=\"https:\/\/familie-weitgereist.de\/wp-content\/uploads\/2024\/05\/1000029258-1024x768.jpg 1024w, https:\/\/familie-weitgereist.de\/wp-content\/uploads\/2024\/05\/1000029258-300x225.jpg 300w, https:\/\/familie-weitgereist.de\/wp-content\/uploads\/2024\/05\/1000029258-768x576.jpg 768w, https:\/\/familie-weitgereist.de\/wp-content\/uploads\/2024\/05\/1000029258-1536x1152.jpg 1536w, https:\/\/familie-weitgereist.de\/wp-content\/uploads\/2024\/05\/1000029258-2048x1536.jpg 2048w, https:\/\/familie-weitgereist.de\/wp-content\/uploads\/2024\/05\/1000029258-1200x900.jpg 1200w, https:\/\/familie-weitgereist.de\/wp-content\/uploads\/2024\/05\/1000029258-1980x1485.jpg 1980w, https:\/\/familie-weitgereist.de\/wp-content\/uploads\/2024\/05\/1000029258-150x113.jpg 150w\" sizes=\"auto, (max-width: 1024px) 100vw, 1024px\" \/><\/figure>\n\n\n\n<p>Direkt vor dem Eingang befindet sich schon ein Highlight, ein <strong>zerschnittenes Flugzeug<\/strong>. Wir konnten in den Frachtraum und den Passagierraum schauen.<\/p>\n\n\n\n<p>Im Museum gibt es <strong>verschiedene Ausstellungen<\/strong> <strong>mit wissenswerten Erl\u00e4uterungen<\/strong>. Vieles wird auf Spanisch und Englisch beschrieben.<\/p>\n\n\n\n<p>Wir lernten den <strong>Einfluss von Farben auf unser Gem\u00fct<\/strong> kennen. Wir konnten in unterschiedliche R\u00e4ume gehen, wo jeder Gegenstand in der selben Farbe gestrichen war.<\/p>\n\n\n\n<figure class=\"wp-block-image size-large\"><img loading=\"lazy\" decoding=\"async\" width=\"1024\" height=\"768\" src=\"https:\/\/familie-weitgereist.de\/wp-content\/uploads\/2024\/05\/1000029318-1024x768.jpg\" alt=\"\" class=\"wp-image-24202\" srcset=\"https:\/\/familie-weitgereist.de\/wp-content\/uploads\/2024\/05\/1000029318-1024x768.jpg 1024w, https:\/\/familie-weitgereist.de\/wp-content\/uploads\/2024\/05\/1000029318-300x225.jpg 300w, https:\/\/familie-weitgereist.de\/wp-content\/uploads\/2024\/05\/1000029318-768x576.jpg 768w, https:\/\/familie-weitgereist.de\/wp-content\/uploads\/2024\/05\/1000029318-1536x1152.jpg 1536w, https:\/\/familie-weitgereist.de\/wp-content\/uploads\/2024\/05\/1000029318-2048x1536.jpg 2048w, https:\/\/familie-weitgereist.de\/wp-content\/uploads\/2024\/05\/1000029318-1200x900.jpg 1200w, https:\/\/familie-weitgereist.de\/wp-content\/uploads\/2024\/05\/1000029318-1980x1485.jpg 1980w, https:\/\/familie-weitgereist.de\/wp-content\/uploads\/2024\/05\/1000029318-150x113.jpg 150w\" sizes=\"auto, (max-width: 1024px) 100vw, 1024px\" \/><\/figure>\n\n\n\n<p>Viele <strong>Mitmachstationen<\/strong> laden besonders Kinder dazu ein, von Wissenschaft begeistert zu werden und mit gro\u00dfem Interesse Museen zu besuchen. <\/p>\n\n\n\n<p>Hier gab es eine Virtual Reality Brille, ein B\u00e4llebad, kleine Experimente und Puzzel zu l\u00f6sen.<\/p>\n\n\n\n<figure class=\"wp-block-gallery has-nested-images columns-default is-cropped wp-block-gallery-1 is-layout-flex wp-block-gallery-is-layout-flex\">\n<figure class=\"wp-block-image size-large\"><img loading=\"lazy\" decoding=\"async\" width=\"1024\" height=\"768\" data-id=\"24203\" src=\"https:\/\/familie-weitgereist.de\/wp-content\/uploads\/2024\/05\/1000029425-1024x768.jpg\" alt=\"\" class=\"wp-image-24203\" srcset=\"https:\/\/familie-weitgereist.de\/wp-content\/uploads\/2024\/05\/1000029425-1024x768.jpg 1024w, https:\/\/familie-weitgereist.de\/wp-content\/uploads\/2024\/05\/1000029425-300x225.jpg 300w, https:\/\/familie-weitgereist.de\/wp-content\/uploads\/2024\/05\/1000029425-768x576.jpg 768w, https:\/\/familie-weitgereist.de\/wp-content\/uploads\/2024\/05\/1000029425-1536x1152.jpg 1536w, https:\/\/familie-weitgereist.de\/wp-content\/uploads\/2024\/05\/1000029425-2048x1536.jpg 2048w, https:\/\/familie-weitgereist.de\/wp-content\/uploads\/2024\/05\/1000029425-1200x900.jpg 1200w, https:\/\/familie-weitgereist.de\/wp-content\/uploads\/2024\/05\/1000029425-1980x1485.jpg 1980w, https:\/\/familie-weitgereist.de\/wp-content\/uploads\/2024\/05\/1000029425-150x113.jpg 150w\" sizes=\"auto, (max-width: 1024px) 100vw, 1024px\" \/><\/figure>\n\n\n\n<figure class=\"wp-block-image size-large\"><img loading=\"lazy\" decoding=\"async\" width=\"1024\" height=\"768\" data-id=\"24204\" src=\"https:\/\/familie-weitgereist.de\/wp-content\/uploads\/2024\/05\/1000029366-1024x768.jpg\" alt=\"\" class=\"wp-image-24204\" srcset=\"https:\/\/familie-weitgereist.de\/wp-content\/uploads\/2024\/05\/1000029366-1024x768.jpg 1024w, https:\/\/familie-weitgereist.de\/wp-content\/uploads\/2024\/05\/1000029366-300x225.jpg 300w, https:\/\/familie-weitgereist.de\/wp-content\/uploads\/2024\/05\/1000029366-768x576.jpg 768w, https:\/\/familie-weitgereist.de\/wp-content\/uploads\/2024\/05\/1000029366-1536x1152.jpg 1536w, https:\/\/familie-weitgereist.de\/wp-content\/uploads\/2024\/05\/1000029366-2048x1536.jpg 2048w, https:\/\/familie-weitgereist.de\/wp-content\/uploads\/2024\/05\/1000029366-1200x900.jpg 1200w, https:\/\/familie-weitgereist.de\/wp-content\/uploads\/2024\/05\/1000029366-1980x1485.jpg 1980w, https:\/\/familie-weitgereist.de\/wp-content\/uploads\/2024\/05\/1000029366-150x113.jpg 150w\" sizes=\"auto, (max-width: 1024px) 100vw, 1024px\" \/><\/figure>\n<\/figure>\n\n\n\n<p>Wir haben viel \u00fcber die Strom- und Wasserversorgung auf den kanarischen Inseln gelernt, \u00fcber die Erforschung des Ozeans, es gibt Tierskelette, ein kleines Planetarium mit einer Pr\u00e4sentation \u00fcber unser Sonnensystem, Schmetterlinge k\u00f6nnen beim Verpuppen beobachtet werden und vieles weitere mehr. Wir konnten uns in einen Fighterjet setzen. Es gibt eine Ausstellung zu Pflanzen, Gift und Heilmitteln.<\/p>\n\n\n\n<figure class=\"wp-block-gallery has-nested-images columns-default is-cropped wp-block-gallery-2 is-layout-flex wp-block-gallery-is-layout-flex\">\n<figure class=\"wp-block-image size-large\"><img loading=\"lazy\" decoding=\"async\" width=\"1024\" height=\"768\" data-id=\"24208\" src=\"https:\/\/familie-weitgereist.de\/wp-content\/uploads\/2024\/05\/1000029311-1024x768.jpg\" alt=\"\" class=\"wp-image-24208\" srcset=\"https:\/\/familie-weitgereist.de\/wp-content\/uploads\/2024\/05\/1000029311-1024x768.jpg 1024w, https:\/\/familie-weitgereist.de\/wp-content\/uploads\/2024\/05\/1000029311-300x225.jpg 300w, https:\/\/familie-weitgereist.de\/wp-content\/uploads\/2024\/05\/1000029311-768x576.jpg 768w, https:\/\/familie-weitgereist.de\/wp-content\/uploads\/2024\/05\/1000029311-1536x1152.jpg 1536w, https:\/\/familie-weitgereist.de\/wp-content\/uploads\/2024\/05\/1000029311-2048x1536.jpg 2048w, https:\/\/familie-weitgereist.de\/wp-content\/uploads\/2024\/05\/1000029311-1200x900.jpg 1200w, https:\/\/familie-weitgereist.de\/wp-content\/uploads\/2024\/05\/1000029311-1980x1485.jpg 1980w, https:\/\/familie-weitgereist.de\/wp-content\/uploads\/2024\/05\/1000029311-150x113.jpg 150w\" sizes=\"auto, (max-width: 1024px) 100vw, 1024px\" \/><\/figure>\n\n\n\n<figure class=\"wp-block-image size-large\"><img loading=\"lazy\" decoding=\"async\" width=\"1024\" height=\"768\" data-id=\"24209\" src=\"https:\/\/familie-weitgereist.de\/wp-content\/uploads\/2024\/05\/1000029294-1024x768.jpg\" alt=\"\" class=\"wp-image-24209\" srcset=\"https:\/\/familie-weitgereist.de\/wp-content\/uploads\/2024\/05\/1000029294-1024x768.jpg 1024w, https:\/\/familie-weitgereist.de\/wp-content\/uploads\/2024\/05\/1000029294-300x225.jpg 300w, https:\/\/familie-weitgereist.de\/wp-content\/uploads\/2024\/05\/1000029294-768x576.jpg 768w, https:\/\/familie-weitgereist.de\/wp-content\/uploads\/2024\/05\/1000029294-1536x1152.jpg 1536w, https:\/\/familie-weitgereist.de\/wp-content\/uploads\/2024\/05\/1000029294-2048x1536.jpg 2048w, https:\/\/familie-weitgereist.de\/wp-content\/uploads\/2024\/05\/1000029294-1200x900.jpg 1200w, https:\/\/familie-weitgereist.de\/wp-content\/uploads\/2024\/05\/1000029294-1980x1485.jpg 1980w, https:\/\/familie-weitgereist.de\/wp-content\/uploads\/2024\/05\/1000029294-150x113.jpg 150w\" sizes=\"auto, (max-width: 1024px) 100vw, 1024px\" \/><\/figure>\n\n\n\n<figure class=\"wp-block-image size-large\"><img loading=\"lazy\" decoding=\"async\" width=\"1024\" height=\"768\" data-id=\"24211\" src=\"https:\/\/familie-weitgereist.de\/wp-content\/uploads\/2024\/05\/1000029293-1024x768.jpg\" alt=\"\" class=\"wp-image-24211\" srcset=\"https:\/\/familie-weitgereist.de\/wp-content\/uploads\/2024\/05\/1000029293-1024x768.jpg 1024w, https:\/\/familie-weitgereist.de\/wp-content\/uploads\/2024\/05\/1000029293-300x225.jpg 300w, https:\/\/familie-weitgereist.de\/wp-content\/uploads\/2024\/05\/1000029293-768x576.jpg 768w, https:\/\/familie-weitgereist.de\/wp-content\/uploads\/2024\/05\/1000029293-1536x1152.jpg 1536w, https:\/\/familie-weitgereist.de\/wp-content\/uploads\/2024\/05\/1000029293-2048x1536.jpg 2048w, https:\/\/familie-weitgereist.de\/wp-content\/uploads\/2024\/05\/1000029293-1200x900.jpg 1200w, https:\/\/familie-weitgereist.de\/wp-content\/uploads\/2024\/05\/1000029293-1980x1485.jpg 1980w, https:\/\/familie-weitgereist.de\/wp-content\/uploads\/2024\/05\/1000029293-150x113.jpg 150w\" sizes=\"auto, (max-width: 1024px) 100vw, 1024px\" \/><\/figure>\n\n\n\n<figure class=\"wp-block-image size-large\"><img loading=\"lazy\" decoding=\"async\" width=\"1024\" height=\"768\" data-id=\"24210\" src=\"https:\/\/familie-weitgereist.de\/wp-content\/uploads\/2024\/05\/1000029278-1024x768.jpg\" alt=\"\" class=\"wp-image-24210\" srcset=\"https:\/\/familie-weitgereist.de\/wp-content\/uploads\/2024\/05\/1000029278-1024x768.jpg 1024w, https:\/\/familie-weitgereist.de\/wp-content\/uploads\/2024\/05\/1000029278-300x225.jpg 300w, https:\/\/familie-weitgereist.de\/wp-content\/uploads\/2024\/05\/1000029278-768x576.jpg 768w, https:\/\/familie-weitgereist.de\/wp-content\/uploads\/2024\/05\/1000029278-1536x1152.jpg 1536w, https:\/\/familie-weitgereist.de\/wp-content\/uploads\/2024\/05\/1000029278-2048x1536.jpg 2048w, https:\/\/familie-weitgereist.de\/wp-content\/uploads\/2024\/05\/1000029278-1200x900.jpg 1200w, https:\/\/familie-weitgereist.de\/wp-content\/uploads\/2024\/05\/1000029278-1980x1485.jpg 1980w, https:\/\/familie-weitgereist.de\/wp-content\/uploads\/2024\/05\/1000029278-150x113.jpg 150w\" sizes=\"auto, (max-width: 1024px) 100vw, 1024px\" \/><\/figure>\n<\/figure>\n\n\n\n<p>Die Aussicht auf den Hafen von Las Palmas mit seinen anliegenden Kreuzfahrtschiffen ist wundersch\u00f6n.<\/p>\n\n\n\n<figure class=\"wp-block-image size-large\"><img loading=\"lazy\" decoding=\"async\" width=\"1024\" height=\"768\" src=\"https:\/\/familie-weitgereist.de\/wp-content\/uploads\/2024\/05\/1000029395-1024x768.jpg\" alt=\"\" class=\"wp-image-24205\" srcset=\"https:\/\/familie-weitgereist.de\/wp-content\/uploads\/2024\/05\/1000029395-1024x768.jpg 1024w, https:\/\/familie-weitgereist.de\/wp-content\/uploads\/2024\/05\/1000029395-300x225.jpg 300w, https:\/\/familie-weitgereist.de\/wp-content\/uploads\/2024\/05\/1000029395-768x576.jpg 768w, https:\/\/familie-weitgereist.de\/wp-content\/uploads\/2024\/05\/1000029395-1536x1152.jpg 1536w, https:\/\/familie-weitgereist.de\/wp-content\/uploads\/2024\/05\/1000029395-2048x1536.jpg 2048w, https:\/\/familie-weitgereist.de\/wp-content\/uploads\/2024\/05\/1000029395-1200x900.jpg 1200w, https:\/\/familie-weitgereist.de\/wp-content\/uploads\/2024\/05\/1000029395-1980x1485.jpg 1980w, https:\/\/familie-weitgereist.de\/wp-content\/uploads\/2024\/05\/1000029395-150x113.jpg 150w\" sizes=\"auto, (max-width: 1024px) 100vw, 1024px\" \/><\/figure>\n\n\n\n<h2 class=\"wp-block-heading\">Maspalomas<\/h2>\n\n\n\n<p>Die&nbsp;<strong>D\u00fcnen von Maspalomas<\/strong>&nbsp;im S\u00fcden der Insel geh\u00f6ren zu den&nbsp;<strong>Hauptsehensw\u00fcrdigkeiten<\/strong>&nbsp;auf Gran Canaria. Die Region ist sehr touristisch und viele Hotels und Restaurants sind vorzufinden. \u00dcber eine L\u00e4nge von 6 km und einer Breite von 2 km befinden sich diese&nbsp;<strong>riesigen Sandd\u00fcnen&nbsp;<\/strong>zwischen dem Leuchtturm von Maspalomas und dem Strand&nbsp;<em><strong>Playa del Ingl\u00e9s<\/strong><\/em>.<\/p>\n\n\n\n<figure class=\"wp-block-image size-large\"><img loading=\"lazy\" decoding=\"async\" width=\"1024\" height=\"769\" src=\"https:\/\/familie-weitgereist.de\/wp-content\/uploads\/2024\/05\/1000026724-1024x769.jpg\" alt=\"\" class=\"wp-image-24105\" srcset=\"https:\/\/familie-weitgereist.de\/wp-content\/uploads\/2024\/05\/1000026724-1024x769.jpg 1024w, https:\/\/familie-weitgereist.de\/wp-content\/uploads\/2024\/05\/1000026724-300x225.jpg 300w, https:\/\/familie-weitgereist.de\/wp-content\/uploads\/2024\/05\/1000026724-768x577.jpg 768w, https:\/\/familie-weitgereist.de\/wp-content\/uploads\/2024\/05\/1000026724-1200x901.jpg 1200w, https:\/\/familie-weitgereist.de\/wp-content\/uploads\/2024\/05\/1000026724-150x113.jpg 150w, https:\/\/familie-weitgereist.de\/wp-content\/uploads\/2024\/05\/1000026724.jpg 1280w\" sizes=\"auto, (max-width: 1024px) 100vw, 1024px\" \/><\/figure>\n\n\n\n<p>Wir haben am Strand von <strong><em>Playa del Ingl\u00e9s<\/em> <\/strong>gespielt, waren in den Wellen baden und hatten einen tollen Nachmittag.<\/p>\n\n\n\n<figure class=\"wp-block-image size-large\"><img loading=\"lazy\" decoding=\"async\" width=\"1024\" height=\"768\" src=\"https:\/\/familie-weitgereist.de\/wp-content\/uploads\/2024\/05\/IMG_20240505_165819-1024x768.jpg\" alt=\"\" class=\"wp-image-18103\" srcset=\"https:\/\/familie-weitgereist.de\/wp-content\/uploads\/2024\/05\/IMG_20240505_165819-1024x768.jpg 1024w, https:\/\/familie-weitgereist.de\/wp-content\/uploads\/2024\/05\/IMG_20240505_165819-300x225.jpg 300w, https:\/\/familie-weitgereist.de\/wp-content\/uploads\/2024\/05\/IMG_20240505_165819-768x576.jpg 768w, https:\/\/familie-weitgereist.de\/wp-content\/uploads\/2024\/05\/IMG_20240505_165819-1536x1152.jpg 1536w, https:\/\/familie-weitgereist.de\/wp-content\/uploads\/2024\/05\/IMG_20240505_165819-2048x1536.jpg 2048w, https:\/\/familie-weitgereist.de\/wp-content\/uploads\/2024\/05\/IMG_20240505_165819-1200x900.jpg 1200w, https:\/\/familie-weitgereist.de\/wp-content\/uploads\/2024\/05\/IMG_20240505_165819-1980x1485.jpg 1980w, https:\/\/familie-weitgereist.de\/wp-content\/uploads\/2024\/05\/IMG_20240505_165819-150x113.jpg 150w\" sizes=\"auto, (max-width: 1024px) 100vw, 1024px\" \/><\/figure>\n\n\n\n<h2 class=\"wp-block-heading\">Mirador del Balc\u00f3n<\/h2>\n\n\n\n<p>Der Mirador del Balc\u00f3n ist ein Aussichtspunkt im Westen von Gran Canaria. Die Aussichtsplattform ist aus Glas und die Ausblicke auf die schroffe Westk\u00fcste sind spektakul\u00e4r. Das Meer ist sehr rau und die Felsen ragen steil ins Meer hinab. Die Anfahrt zu Aussichtspunkt f\u00fchrt serpentinenartig den Berg hinauf.<\/p>\n\n\n\n<figure class=\"wp-block-image size-large\"><img loading=\"lazy\" decoding=\"async\" width=\"1024\" height=\"768\" src=\"https:\/\/familie-weitgereist.de\/wp-content\/uploads\/2024\/05\/1000035237-1024x768.jpg\" alt=\"\" class=\"wp-image-24554\" srcset=\"https:\/\/familie-weitgereist.de\/wp-content\/uploads\/2024\/05\/1000035237-1024x768.jpg 1024w, https:\/\/familie-weitgereist.de\/wp-content\/uploads\/2024\/05\/1000035237-300x225.jpg 300w, https:\/\/familie-weitgereist.de\/wp-content\/uploads\/2024\/05\/1000035237-768x576.jpg 768w, https:\/\/familie-weitgereist.de\/wp-content\/uploads\/2024\/05\/1000035237-1536x1152.jpg 1536w, https:\/\/familie-weitgereist.de\/wp-content\/uploads\/2024\/05\/1000035237-2048x1536.jpg 2048w, https:\/\/familie-weitgereist.de\/wp-content\/uploads\/2024\/05\/1000035237-1200x900.jpg 1200w, https:\/\/familie-weitgereist.de\/wp-content\/uploads\/2024\/05\/1000035237-1980x1485.jpg 1980w, https:\/\/familie-weitgereist.de\/wp-content\/uploads\/2024\/05\/1000035237-150x113.jpg 150w\" sizes=\"auto, (max-width: 1024px) 100vw, 1024px\" \/><\/figure>\n\n\n\n<h2 class=\"wp-block-heading\">Palmitos Park<\/h2>\n\n\n\n<p>Der wundersch\u00f6ne Palmitos Park ist ein Tierpark und botanischer Garten im S\u00fcden von Gran Canaria. Er befindet sich ca. 10km n\u00f6rdlich von Maspalomas, eingebettet in eine Schlucht. Im Park selbst ist es wunderbar gr\u00fcn, durch viele Pflanzen, Kakteen und Palmen. Die angelegten Wege, die recht steil bergauf durch den Park f\u00fchren, da der Park an einem Berghang liegt, f\u00fchren zu grandiosen Ausblicken \u00fcber den Park und in die Schlucht hinein.<\/p>\n\n\n\n<figure class=\"wp-block-image size-large\"><img loading=\"lazy\" decoding=\"async\" width=\"1024\" height=\"768\" src=\"https:\/\/familie-weitgereist.de\/wp-content\/uploads\/2024\/05\/IMG_20240510_142032-1024x768.jpg\" alt=\"\" class=\"wp-image-18172\" srcset=\"https:\/\/familie-weitgereist.de\/wp-content\/uploads\/2024\/05\/IMG_20240510_142032-1024x768.jpg 1024w, https:\/\/familie-weitgereist.de\/wp-content\/uploads\/2024\/05\/IMG_20240510_142032-300x225.jpg 300w, https:\/\/familie-weitgereist.de\/wp-content\/uploads\/2024\/05\/IMG_20240510_142032-768x576.jpg 768w, https:\/\/familie-weitgereist.de\/wp-content\/uploads\/2024\/05\/IMG_20240510_142032-1536x1152.jpg 1536w, https:\/\/familie-weitgereist.de\/wp-content\/uploads\/2024\/05\/IMG_20240510_142032-2048x1536.jpg 2048w, https:\/\/familie-weitgereist.de\/wp-content\/uploads\/2024\/05\/IMG_20240510_142032-1200x900.jpg 1200w, https:\/\/familie-weitgereist.de\/wp-content\/uploads\/2024\/05\/IMG_20240510_142032-1980x1485.jpg 1980w, https:\/\/familie-weitgereist.de\/wp-content\/uploads\/2024\/05\/IMG_20240510_142032-150x113.jpg 150w\" sizes=\"auto, (max-width: 1024px) 100vw, 1024px\" \/><\/figure>\n\n\n\n<p>Es gibt einen herrlichen <strong>Kakteengarten<\/strong>. Einige Kakteen sind so gro\u00df wie B\u00e4ume und sehr alt.<\/p>\n\n\n\n<figure class=\"wp-block-image size-large\"><img loading=\"lazy\" decoding=\"async\" width=\"1024\" height=\"768\" src=\"https:\/\/familie-weitgereist.de\/wp-content\/uploads\/2024\/05\/IMG_20240510_125056-1024x768.jpg\" alt=\"\" class=\"wp-image-18170\" srcset=\"https:\/\/familie-weitgereist.de\/wp-content\/uploads\/2024\/05\/IMG_20240510_125056-1024x768.jpg 1024w, https:\/\/familie-weitgereist.de\/wp-content\/uploads\/2024\/05\/IMG_20240510_125056-300x225.jpg 300w, https:\/\/familie-weitgereist.de\/wp-content\/uploads\/2024\/05\/IMG_20240510_125056-768x576.jpg 768w, https:\/\/familie-weitgereist.de\/wp-content\/uploads\/2024\/05\/IMG_20240510_125056-1536x1152.jpg 1536w, https:\/\/familie-weitgereist.de\/wp-content\/uploads\/2024\/05\/IMG_20240510_125056-2048x1536.jpg 2048w, https:\/\/familie-weitgereist.de\/wp-content\/uploads\/2024\/05\/IMG_20240510_125056-1200x900.jpg 1200w, https:\/\/familie-weitgereist.de\/wp-content\/uploads\/2024\/05\/IMG_20240510_125056-1980x1485.jpg 1980w, https:\/\/familie-weitgereist.de\/wp-content\/uploads\/2024\/05\/IMG_20240510_125056-150x113.jpg 150w\" sizes=\"auto, (max-width: 1024px) 100vw, 1024px\" \/><\/figure>\n\n\n\n<p>Im Park gibt es ein <strong>Orchideen<\/strong>&#8211; und ein <strong>Schmetterlingshaus<\/strong>. Zudem gibt es ein gro\u00dfes Aquarium, mehrere Freifluggehege und viele Tiere zu Bestaunen, wie z.B. Affen, K\u00e4ngurus, Erdm\u00e4nnchen, Riesenschildkr\u00f6ten von den Seychellen (diese konnten wir auf den <strong><a href=\"https:\/\/familie-weitgereist.de\/?p=17590\" data-type=\"link\" data-id=\"https:\/\/familie-weitgereist.de\/?p=17590\">Seychellen<\/a><\/strong> auch schon bestaunen), Schlangen, Krokodile und Kaimane, verschiedene V\u00f6gel- und Papageien, und viele weitere mehr.<\/p>\n\n\n\n<figure class=\"wp-block-image size-large\"><img loading=\"lazy\" decoding=\"async\" width=\"1024\" height=\"768\" src=\"https:\/\/familie-weitgereist.de\/wp-content\/uploads\/2024\/05\/IMG_20240510_111900-1024x768.jpg\" alt=\"\" class=\"wp-image-18174\" srcset=\"https:\/\/familie-weitgereist.de\/wp-content\/uploads\/2024\/05\/IMG_20240510_111900-1024x768.jpg 1024w, https:\/\/familie-weitgereist.de\/wp-content\/uploads\/2024\/05\/IMG_20240510_111900-300x225.jpg 300w, https:\/\/familie-weitgereist.de\/wp-content\/uploads\/2024\/05\/IMG_20240510_111900-768x576.jpg 768w, https:\/\/familie-weitgereist.de\/wp-content\/uploads\/2024\/05\/IMG_20240510_111900-1536x1152.jpg 1536w, https:\/\/familie-weitgereist.de\/wp-content\/uploads\/2024\/05\/IMG_20240510_111900-2048x1536.jpg 2048w, https:\/\/familie-weitgereist.de\/wp-content\/uploads\/2024\/05\/IMG_20240510_111900-1200x900.jpg 1200w, https:\/\/familie-weitgereist.de\/wp-content\/uploads\/2024\/05\/IMG_20240510_111900-1980x1485.jpg 1980w, https:\/\/familie-weitgereist.de\/wp-content\/uploads\/2024\/05\/IMG_20240510_111900-150x113.jpg 150w\" sizes=\"auto, (max-width: 1024px) 100vw, 1024px\" \/><\/figure>\n\n\n\n<p>Ein Highlight im Palmitos Park sind die vier verschiedenen <strong>Shows<\/strong>. Es gibt eine <strong>interaktive Show<\/strong> mit Schlangen und V\u00f6geln, eine <strong>Papageienshow<\/strong>, eine <strong>Greifvogelshow<\/strong> und eine <strong>Delfinshow<\/strong>. Alle sind sehr sehenswert und erfreuen sich gro\u00dfer Beliebtheit. Besonders f\u00fcr Kinder sind diese Shows sehr gut gemacht und sie werden oft miteinbezogen.<\/p>\n\n\n\n<div id=\"wp-block-themeisle-blocks-slider-4eb361c1\" class=\"wp-block-themeisle-blocks-slider glide\" data-per-view=\"1\" data-gap=\"0\" data-peek=\"0\" data-autoplay=\"true\" data-height=\"400px\" data-hide-arrows=\"false\"><div class=\"glide__track\" data-glide-el=\"track\"><div class=\"glide__slides\"><div class=\"wp-block-themeisle-blocks-slider-item-wrapper glide__slide\" tabindex=\"0\"><figure><img decoding=\"async\" class=\"wp-block-themeisle-blocks-slider-item\" src=\"https:\/\/familie-weitgereist.de\/wp-content\/uploads\/2024\/05\/IMG_20240510_143657-scaled.jpg\" alt=\"\" title=\"\" data-id=\"18180\"\/><\/figure><\/div><div class=\"wp-block-themeisle-blocks-slider-item-wrapper glide__slide\" tabindex=\"0\"><figure><img decoding=\"async\" class=\"wp-block-themeisle-blocks-slider-item\" src=\"https:\/\/familie-weitgereist.de\/wp-content\/uploads\/2024\/05\/IMG_20240510_134318-scaled.jpg\" alt=\"\" title=\"\" data-id=\"18181\"\/><\/figure><\/div><div class=\"wp-block-themeisle-blocks-slider-item-wrapper glide__slide\" tabindex=\"0\"><figure><img decoding=\"async\" class=\"wp-block-themeisle-blocks-slider-item\" src=\"https:\/\/familie-weitgereist.de\/wp-content\/uploads\/2024\/05\/IMG_20240510_114546-scaled.jpg\" alt=\"\" title=\"\" data-id=\"18182\"\/><\/figure><\/div><div class=\"wp-block-themeisle-blocks-slider-item-wrapper glide__slide\" tabindex=\"0\"><figure><img decoding=\"async\" class=\"wp-block-themeisle-blocks-slider-item\" src=\"https:\/\/familie-weitgereist.de\/wp-content\/uploads\/2024\/05\/IMG_20240510_104430-scaled.jpg\" alt=\"\" title=\"\" data-id=\"18183\"\/><\/figure><\/div><\/div><div class=\"glide__bullets\" data-glide-el=\"controls[nav]\"><button class=\"glide__bullet\" data-glide-dir=\"=0\"><\/button><button class=\"glide__bullet\" data-glide-dir=\"=1\"><\/button><button class=\"glide__bullet\" data-glide-dir=\"=2\"><\/button><button class=\"glide__bullet\" data-glide-dir=\"=3\"><\/button><\/div><\/div><\/div>\n\n\n\n<p>Der Eintrittspreis betr\u00e4gt 34\u20ac f\u00fcr Erwachsene, Kinder ab 6 Jahren zahlen 25\u20ac und Kinder unter 2 zahlen keinen Eintritt. (<em>Stand Mai 2024<\/em>)<\/p>\n\n\n\n<h2 class=\"wp-block-heading\">Parque Natural Tamadaba<\/h2>\n\n\n\n<p>Der <em><strong>Parque Natural de Tamadaba<\/strong><\/em> beherbergt Gran Canarias gr\u00f6\u00dften <strong>Kiefernwald<\/strong>. Er liegt im Westen von Gran Canaria und wurde von UNESCO zum <strong>Biosph\u00e4renreservat<\/strong> erkl\u00e4rt. Es gibt wundersch\u00f6ne Wanderwege in Tamadaba in den Kieferw\u00e4ldern. Der h\u00f6chste Punkt ist der <em><strong>Pico de la Bandera<\/strong><\/em>. Bei freier Sicht kann man wundersch\u00f6ne Ausblicke auf die kleinen Bergd\u00f6rfer und das Meer genie\u00dfen.<\/p>\n\n\n\n<div id=\"wp-block-themeisle-blocks-slider-c7857010\" class=\"wp-block-themeisle-blocks-slider glide\" data-per-view=\"1\" data-gap=\"0\" data-peek=\"0\" data-autoplay=\"true\" data-height=\"400px\" data-hide-arrows=\"false\"><div class=\"glide__track\" data-glide-el=\"track\"><div class=\"glide__slides\"><div class=\"wp-block-themeisle-blocks-slider-item-wrapper glide__slide\" tabindex=\"0\"><figure><img decoding=\"async\" class=\"wp-block-themeisle-blocks-slider-item\" src=\"https:\/\/familie-weitgereist.de\/wp-content\/uploads\/2024\/05\/IMG_20240501_143815-scaled.jpg\" alt=\"\" title=\"\" data-id=\"18053\"\/><figcaption>Blick auf Teneriffa <\/figcaption><\/figure><\/div><div class=\"wp-block-themeisle-blocks-slider-item-wrapper glide__slide\" tabindex=\"0\"><figure><img decoding=\"async\" class=\"wp-block-themeisle-blocks-slider-item\" src=\"https:\/\/familie-weitgereist.de\/wp-content\/uploads\/2024\/05\/IMG_20240501_125515-scaled.jpg\" alt=\"\" title=\"\" data-id=\"18055\"\/><\/figure><\/div><div class=\"wp-block-themeisle-blocks-slider-item-wrapper glide__slide\" tabindex=\"0\"><figure><img decoding=\"async\" class=\"wp-block-themeisle-blocks-slider-item\" src=\"https:\/\/familie-weitgereist.de\/wp-content\/uploads\/2024\/05\/IMG_20240501_124029-scaled.jpg\" alt=\"\" title=\"\" data-id=\"18057\"\/><\/figure><\/div><\/div><div class=\"glide__bullets\" data-glide-el=\"controls[nav]\"><button class=\"glide__bullet\" data-glide-dir=\"=0\"><\/button><button class=\"glide__bullet\" data-glide-dir=\"=1\"><\/button><button class=\"glide__bullet\" data-glide-dir=\"=2\"><\/button><\/div><\/div><\/div>\n\n\n\n<p>Es gibt ebenfalls Picknickbereiche, wo die Spanier besonders an Wochenenden gern ihre Zeit in der Natur verbringen und ein Barbecue veranstalten.<\/p>\n\n\n\n<h2 class=\"wp-block-heading\">Pico de las Nieves<\/h2>\n\n\n\n<p><strong>Der h\u00f6chste Gipfel mit 1949m ist der Pico de las Nieves.&nbsp;<\/strong>\u00dcbersetzt bedeutet dies, der schneebedeckte Gipfel. Von hier oben bietet sich ein ausgezeichnetes Panorama. Der Gipfel kann erwandert werden, es f\u00fchrt jedoch auch eine Stra\u00dfe nach oben.<\/p>\n\n\n\n<figure class=\"wp-block-image size-large\"><img loading=\"lazy\" decoding=\"async\" width=\"1024\" height=\"768\" src=\"https:\/\/familie-weitgereist.de\/wp-content\/uploads\/2024\/05\/IMG_20240509_164612-1024x768.jpg\" alt=\"\" class=\"wp-image-18158\" srcset=\"https:\/\/familie-weitgereist.de\/wp-content\/uploads\/2024\/05\/IMG_20240509_164612-1024x768.jpg 1024w, https:\/\/familie-weitgereist.de\/wp-content\/uploads\/2024\/05\/IMG_20240509_164612-300x225.jpg 300w, https:\/\/familie-weitgereist.de\/wp-content\/uploads\/2024\/05\/IMG_20240509_164612-768x576.jpg 768w, https:\/\/familie-weitgereist.de\/wp-content\/uploads\/2024\/05\/IMG_20240509_164612-1536x1152.jpg 1536w, https:\/\/familie-weitgereist.de\/wp-content\/uploads\/2024\/05\/IMG_20240509_164612-2048x1536.jpg 2048w, https:\/\/familie-weitgereist.de\/wp-content\/uploads\/2024\/05\/IMG_20240509_164612-1200x900.jpg 1200w, https:\/\/familie-weitgereist.de\/wp-content\/uploads\/2024\/05\/IMG_20240509_164612-1980x1485.jpg 1980w, https:\/\/familie-weitgereist.de\/wp-content\/uploads\/2024\/05\/IMG_20240509_164612-150x113.jpg 150w\" sizes=\"auto, (max-width: 1024px) 100vw, 1024px\" \/><\/figure>\n\n\n\n<p>Im Zentrum der Insel k\u00f6nnen viele grandiose Wanderungen unternommen werden. Die Wege f\u00fchren an den Bergh\u00e4ngen entlang, zumeist durch kanarische Fichtenw\u00e4lder, es bieten sich grandiose Ausblicke auf den atlantischen Ozean, bei klarem Himmel k\u00f6nnen sogar die beiden Inseln Fuerteventura und Teneriffa gesehen werden.<\/p>\n\n\n\n<figure class=\"wp-block-image size-large\"><img loading=\"lazy\" decoding=\"async\" width=\"1024\" height=\"768\" src=\"https:\/\/familie-weitgereist.de\/wp-content\/uploads\/2024\/05\/IMG_20240509_155300-1024x768.jpg\" alt=\"\" class=\"wp-image-18161\" srcset=\"https:\/\/familie-weitgereist.de\/wp-content\/uploads\/2024\/05\/IMG_20240509_155300-1024x768.jpg 1024w, https:\/\/familie-weitgereist.de\/wp-content\/uploads\/2024\/05\/IMG_20240509_155300-300x225.jpg 300w, https:\/\/familie-weitgereist.de\/wp-content\/uploads\/2024\/05\/IMG_20240509_155300-768x576.jpg 768w, https:\/\/familie-weitgereist.de\/wp-content\/uploads\/2024\/05\/IMG_20240509_155300-1536x1152.jpg 1536w, https:\/\/familie-weitgereist.de\/wp-content\/uploads\/2024\/05\/IMG_20240509_155300-2048x1536.jpg 2048w, https:\/\/familie-weitgereist.de\/wp-content\/uploads\/2024\/05\/IMG_20240509_155300-1200x900.jpg 1200w, https:\/\/familie-weitgereist.de\/wp-content\/uploads\/2024\/05\/IMG_20240509_155300-1980x1485.jpg 1980w, https:\/\/familie-weitgereist.de\/wp-content\/uploads\/2024\/05\/IMG_20240509_155300-150x113.jpg 150w\" sizes=\"auto, (max-width: 1024px) 100vw, 1024px\" \/><\/figure>\n\n\n\n<h2 class=\"wp-block-heading\">Puerto de Mog\u00e1n<\/h2>\n\n\n\n<p>Der kleine K\u00fcstenort Puerto de Mog\u00e1n wird auch als das&nbsp;<strong>Venedig der Kanaren<\/strong>&nbsp;bezeichnet und hat tats\u00e4chlich einen besonderen Charme. Aufgrund der zahlreichen kleinen Kan\u00e4le, die vom Meer in den Ort f\u00fchren und den dar\u00fcber f\u00fchrenden Br\u00fccken, wird der Ort mit dem bekannten italienischen Venedig verglichen.<\/p>\n\n\n\n<figure class=\"wp-block-image size-large\"><img loading=\"lazy\" decoding=\"async\" width=\"1024\" height=\"768\" src=\"https:\/\/familie-weitgereist.de\/wp-content\/uploads\/2024\/05\/IMG_20240505_135614-1024x768.jpg\" alt=\"\" class=\"wp-image-18098\" srcset=\"https:\/\/familie-weitgereist.de\/wp-content\/uploads\/2024\/05\/IMG_20240505_135614-1024x768.jpg 1024w, https:\/\/familie-weitgereist.de\/wp-content\/uploads\/2024\/05\/IMG_20240505_135614-300x225.jpg 300w, https:\/\/familie-weitgereist.de\/wp-content\/uploads\/2024\/05\/IMG_20240505_135614-768x576.jpg 768w, https:\/\/familie-weitgereist.de\/wp-content\/uploads\/2024\/05\/IMG_20240505_135614-1536x1152.jpg 1536w, https:\/\/familie-weitgereist.de\/wp-content\/uploads\/2024\/05\/IMG_20240505_135614-2048x1536.jpg 2048w, https:\/\/familie-weitgereist.de\/wp-content\/uploads\/2024\/05\/IMG_20240505_135614-1200x900.jpg 1200w, https:\/\/familie-weitgereist.de\/wp-content\/uploads\/2024\/05\/IMG_20240505_135614-1980x1485.jpg 1980w, https:\/\/familie-weitgereist.de\/wp-content\/uploads\/2024\/05\/IMG_20240505_135614-150x113.jpg 150w\" sizes=\"auto, (max-width: 1024px) 100vw, 1024px\" \/><\/figure>\n\n\n\n<p>Versteckt in den kleinen Gassen gibt es Restaurants und Touristengesch\u00e4fte. Die meisten H\u00e4user werden als Ferienunterkunft vermietet. Wundersch\u00f6n sind auch die vielen Blumen und die liebevoll gepflegten, bunten H\u00e4user.<\/p>\n\n\n\n<figure class=\"wp-block-image size-large\"><img loading=\"lazy\" decoding=\"async\" width=\"1024\" height=\"768\" src=\"https:\/\/familie-weitgereist.de\/wp-content\/uploads\/2024\/05\/IMG_20240505_140517-1024x768.jpg\" alt=\"\" class=\"wp-image-18100\" srcset=\"https:\/\/familie-weitgereist.de\/wp-content\/uploads\/2024\/05\/IMG_20240505_140517-1024x768.jpg 1024w, https:\/\/familie-weitgereist.de\/wp-content\/uploads\/2024\/05\/IMG_20240505_140517-300x225.jpg 300w, https:\/\/familie-weitgereist.de\/wp-content\/uploads\/2024\/05\/IMG_20240505_140517-768x576.jpg 768w, https:\/\/familie-weitgereist.de\/wp-content\/uploads\/2024\/05\/IMG_20240505_140517-1536x1152.jpg 1536w, https:\/\/familie-weitgereist.de\/wp-content\/uploads\/2024\/05\/IMG_20240505_140517-2048x1536.jpg 2048w, https:\/\/familie-weitgereist.de\/wp-content\/uploads\/2024\/05\/IMG_20240505_140517-1200x900.jpg 1200w, https:\/\/familie-weitgereist.de\/wp-content\/uploads\/2024\/05\/IMG_20240505_140517-1980x1485.jpg 1980w, https:\/\/familie-weitgereist.de\/wp-content\/uploads\/2024\/05\/IMG_20240505_140517-150x113.jpg 150w\" sizes=\"auto, (max-width: 1024px) 100vw, 1024px\" \/><\/figure>\n\n\n\n<p>Im Ort selbst gibt es mehrere Spielpl\u00e4tze und einen gro\u00dfen gesch\u00fctzten Sandstrand. Dort werden viele Aktivit\u00e4ten angeboten, z.B. Bananenboot fahren, H\u00fcpfburgen im Wasser oder eine Schifffahrt.<\/p>\n\n\n\n<h2 class=\"wp-block-heading\">Salinas de Tenef\u00e9<\/h2>\n\n\n\n<p>In den Salinas von Tenef\u00e9 wird Salz in Lehmbecken gewonnen. Die Lage, direkt am windigen Atlantik ist beeindruckend und wird direkt f\u00fcr die Salzgewinnung genutzt. Zur Erh\u00f6hung des Wasserstandes in den verschiedenen Becken wurden fr\u00fcher drei Windm\u00fchlen genutzt, heute ist es nur noch eine. Bei Flut laufen die Zulaufkan\u00e4le voll und f\u00fcllen die flachen Salzbecken mit Meerwasser. Durch Wind und Sonne verdunstet das Wasser und das Meersalz bleibt zur\u00fcck.<\/p>\n\n\n\n<figure class=\"wp-block-image size-large\"><img loading=\"lazy\" decoding=\"async\" width=\"1024\" height=\"768\" src=\"https:\/\/familie-weitgereist.de\/wp-content\/uploads\/2024\/05\/1000042732-1024x768.jpg\" alt=\"\" class=\"wp-image-25061\" srcset=\"https:\/\/familie-weitgereist.de\/wp-content\/uploads\/2024\/05\/1000042732-1024x768.jpg 1024w, https:\/\/familie-weitgereist.de\/wp-content\/uploads\/2024\/05\/1000042732-300x225.jpg 300w, https:\/\/familie-weitgereist.de\/wp-content\/uploads\/2024\/05\/1000042732-768x576.jpg 768w, https:\/\/familie-weitgereist.de\/wp-content\/uploads\/2024\/05\/1000042732-1536x1152.jpg 1536w, https:\/\/familie-weitgereist.de\/wp-content\/uploads\/2024\/05\/1000042732-2048x1536.jpg 2048w, https:\/\/familie-weitgereist.de\/wp-content\/uploads\/2024\/05\/1000042732-1200x900.jpg 1200w, https:\/\/familie-weitgereist.de\/wp-content\/uploads\/2024\/05\/1000042732-1980x1485.jpg 1980w, https:\/\/familie-weitgereist.de\/wp-content\/uploads\/2024\/05\/1000042732-150x113.jpg 150w\" sizes=\"auto, (max-width: 1024px) 100vw, 1024px\" \/><\/figure>\n\n\n\n<p>Die Salinas wurden im 18. Jahrhundert errichtet und bis Mitte des 20. Jahrhunderts genutzt, um die gefangenen Fische zu p\u00f6keln. Das heutzutage auf der Insel gewonnene Salz hat einen besonderen kulinarischen Wert und wird nur auf der Insel verkauft. Das Salz wird von M\u00e4rz bis Oktober gewonnen.<\/p>\n\n\n\n<p>Ein Rundweg f\u00fchrt um die Salzbecken herum.<\/p>\n\n\n\n<figure class=\"wp-block-image size-large\"><img loading=\"lazy\" decoding=\"async\" width=\"1024\" height=\"768\" src=\"https:\/\/familie-weitgereist.de\/wp-content\/uploads\/2024\/05\/1000042787-1024x768.jpg\" alt=\"\" class=\"wp-image-25062\" srcset=\"https:\/\/familie-weitgereist.de\/wp-content\/uploads\/2024\/05\/1000042787-1024x768.jpg 1024w, https:\/\/familie-weitgereist.de\/wp-content\/uploads\/2024\/05\/1000042787-300x225.jpg 300w, https:\/\/familie-weitgereist.de\/wp-content\/uploads\/2024\/05\/1000042787-768x576.jpg 768w, https:\/\/familie-weitgereist.de\/wp-content\/uploads\/2024\/05\/1000042787-1536x1152.jpg 1536w, https:\/\/familie-weitgereist.de\/wp-content\/uploads\/2024\/05\/1000042787-2048x1536.jpg 2048w, https:\/\/familie-weitgereist.de\/wp-content\/uploads\/2024\/05\/1000042787-1200x900.jpg 1200w, https:\/\/familie-weitgereist.de\/wp-content\/uploads\/2024\/05\/1000042787-1980x1485.jpg 1980w, https:\/\/familie-weitgereist.de\/wp-content\/uploads\/2024\/05\/1000042787-150x113.jpg 150w\" sizes=\"auto, (max-width: 1024px) 100vw, 1024px\" \/><\/figure>\n\n\n\n<p>Der eigentliche Bereich der Salzbecken darf nicht betreten werden. Auf einem kleinen Steg kann man jedoch n\u00e4her an die Salzbecken heran.<\/p>\n\n\n\n<figure class=\"wp-block-image size-large\"><img loading=\"lazy\" decoding=\"async\" width=\"1024\" height=\"768\" src=\"https:\/\/familie-weitgereist.de\/wp-content\/uploads\/2024\/05\/1000042738-1024x768.jpg\" alt=\"\" class=\"wp-image-25065\" srcset=\"https:\/\/familie-weitgereist.de\/wp-content\/uploads\/2024\/05\/1000042738-1024x768.jpg 1024w, https:\/\/familie-weitgereist.de\/wp-content\/uploads\/2024\/05\/1000042738-300x225.jpg 300w, https:\/\/familie-weitgereist.de\/wp-content\/uploads\/2024\/05\/1000042738-768x576.jpg 768w, https:\/\/familie-weitgereist.de\/wp-content\/uploads\/2024\/05\/1000042738-1536x1152.jpg 1536w, https:\/\/familie-weitgereist.de\/wp-content\/uploads\/2024\/05\/1000042738-2048x1536.jpg 2048w, https:\/\/familie-weitgereist.de\/wp-content\/uploads\/2024\/05\/1000042738-1200x900.jpg 1200w, https:\/\/familie-weitgereist.de\/wp-content\/uploads\/2024\/05\/1000042738-1980x1485.jpg 1980w, https:\/\/familie-weitgereist.de\/wp-content\/uploads\/2024\/05\/1000042738-150x113.jpg 150w\" sizes=\"auto, (max-width: 1024px) 100vw, 1024px\" \/><\/figure>\n\n\n\n<h2 class=\"wp-block-heading\">San Agust\u00edn<\/h2>\n\n\n\n<p>Der K\u00fcstenort San Agust\u00edn in der N\u00e4he von Maspalomas, bietet eine sehr sch\u00f6ne Strandpromenade. Die Strandpromenade ist sehr lang und man kann sie gem\u00fctlich begehen. Das Meer sieht man hier im Wechsel an schroffen Felsklippen und wundersch\u00f6nen Sandstr\u00e4nden.<\/p>\n\n\n\n<div id=\"wp-block-themeisle-blocks-slider-7c962546\" class=\"wp-block-themeisle-blocks-slider glide\" data-per-view=\"1\" data-gap=\"0\" data-peek=\"0\" data-autoplay=\"true\" data-height=\"400px\" data-hide-arrows=\"false\"><div class=\"glide__track\" data-glide-el=\"track\"><div class=\"glide__slides\"><div class=\"wp-block-themeisle-blocks-slider-item-wrapper glide__slide\" tabindex=\"0\"><figure><img decoding=\"async\" class=\"wp-block-themeisle-blocks-slider-item\" src=\"https:\/\/familie-weitgereist.de\/wp-content\/uploads\/2024\/05\/1000047283-scaled.jpg\" alt=\"\" title=\"\" data-id=\"25297\"\/><\/figure><\/div><div class=\"wp-block-themeisle-blocks-slider-item-wrapper glide__slide\" tabindex=\"0\"><figure><img decoding=\"async\" class=\"wp-block-themeisle-blocks-slider-item\" src=\"https:\/\/familie-weitgereist.de\/wp-content\/uploads\/2024\/05\/1000047291-scaled.jpg\" alt=\"\" title=\"\" data-id=\"25295\"\/><\/figure><\/div><div class=\"wp-block-themeisle-blocks-slider-item-wrapper glide__slide\" tabindex=\"0\"><figure><img decoding=\"async\" class=\"wp-block-themeisle-blocks-slider-item\" src=\"https:\/\/familie-weitgereist.de\/wp-content\/uploads\/2024\/05\/1000047311-scaled.jpg\" alt=\"\" title=\"\" data-id=\"25296\"\/><\/figure><\/div><\/div><div class=\"glide__bullets\" data-glide-el=\"controls[nav]\"><button class=\"glide__bullet\" data-glide-dir=\"=0\"><\/button><button class=\"glide__bullet\" data-glide-dir=\"=1\"><\/button><button class=\"glide__bullet\" data-glide-dir=\"=2\"><\/button><\/div><\/div><\/div>\n\n\n\n<h2 class=\"wp-block-heading\">Santa Br\u00edgida<\/h2>\n\n\n\n<p>Die s\u00fc\u00dfe Altstadt von Santa Br\u00edgida im Osten der Insel ist wirklich sehenswert mit ihren typisch kanarischen H\u00e4usern.<\/p>\n\n\n\n<figure class=\"wp-block-image size-large\"><img loading=\"lazy\" decoding=\"async\" width=\"1024\" height=\"768\" src=\"https:\/\/familie-weitgereist.de\/wp-content\/uploads\/2024\/05\/1000023549-1024x768.jpg\" alt=\"\" class=\"wp-image-23876\" srcset=\"https:\/\/familie-weitgereist.de\/wp-content\/uploads\/2024\/05\/1000023549-1024x768.jpg 1024w, https:\/\/familie-weitgereist.de\/wp-content\/uploads\/2024\/05\/1000023549-300x225.jpg 300w, https:\/\/familie-weitgereist.de\/wp-content\/uploads\/2024\/05\/1000023549-768x576.jpg 768w, https:\/\/familie-weitgereist.de\/wp-content\/uploads\/2024\/05\/1000023549-1536x1152.jpg 1536w, https:\/\/familie-weitgereist.de\/wp-content\/uploads\/2024\/05\/1000023549-2048x1536.jpg 2048w, https:\/\/familie-weitgereist.de\/wp-content\/uploads\/2024\/05\/1000023549-1200x900.jpg 1200w, https:\/\/familie-weitgereist.de\/wp-content\/uploads\/2024\/05\/1000023549-1980x1485.jpg 1980w, https:\/\/familie-weitgereist.de\/wp-content\/uploads\/2024\/05\/1000023549-150x113.jpg 150w\" sizes=\"auto, (max-width: 1024px) 100vw, 1024px\" \/><\/figure>\n\n\n\n<p>1525 wurde eine Kapelle errichtet, die heute eine gro\u00dfe Kathedrale ist. An der Kirche hing eine Gedenktafel an die Gefallenen in der Schlacht um die Verteidigung von Las Palmas im Jahre 1599. Im 16. Jahrhundert schlossen die Engl\u00e4nder, die Franzosen und die Holl\u00e4nder einen Pakt gegen die Spanier im Kontext von Eroberungen und dem Gewinnen neuer Konlonialterritorien. <\/p>\n\n\n\n<p>1599 versuchten die Holl\u00e4nder Las Palmas einzunehmen, doch die Bev\u00f6lkerung von Las Palmas schloss sich zusammen. Die Holl\u00e4nder, um den Vize-Admiral Pieter van der Does, kamen mit 73 Schiffen und 150 Landungsbooten. Frauen und Kinder zogen sich in das Hinterland um Santa Br\u00edgida zur\u00fcck. Mit nur knapp 2000 M\u00e4nnern k\u00e4mpften die Insulaner gegen die Angreifer. Auf beiden Seiten gab es viele Tote.<\/p>\n\n\n\n<figure class=\"wp-block-image size-large\"><img loading=\"lazy\" decoding=\"async\" width=\"768\" height=\"1024\" src=\"https:\/\/familie-weitgereist.de\/wp-content\/uploads\/2024\/05\/1000023561-1-768x1024.jpg\" alt=\"\" class=\"wp-image-23879\" srcset=\"https:\/\/familie-weitgereist.de\/wp-content\/uploads\/2024\/05\/1000023561-1-768x1024.jpg 768w, https:\/\/familie-weitgereist.de\/wp-content\/uploads\/2024\/05\/1000023561-1-225x300.jpg 225w, https:\/\/familie-weitgereist.de\/wp-content\/uploads\/2024\/05\/1000023561-1-1152x1536.jpg 1152w, https:\/\/familie-weitgereist.de\/wp-content\/uploads\/2024\/05\/1000023561-1-1536x2048.jpg 1536w, https:\/\/familie-weitgereist.de\/wp-content\/uploads\/2024\/05\/1000023561-1-1200x1600.jpg 1200w, https:\/\/familie-weitgereist.de\/wp-content\/uploads\/2024\/05\/1000023561-1-1980x2640.jpg 1980w, https:\/\/familie-weitgereist.de\/wp-content\/uploads\/2024\/05\/1000023561-1-640x853.jpg 640w, https:\/\/familie-weitgereist.de\/wp-content\/uploads\/2024\/05\/1000023561-1-150x200.jpg 150w, https:\/\/familie-weitgereist.de\/wp-content\/uploads\/2024\/05\/1000023561-1-scaled.jpg 1920w\" sizes=\"auto, (max-width: 768px) 100vw, 768px\" \/><\/figure>\n\n\n\n<p>Ein Bummel durch die s\u00fc\u00dfe Stadt lohnt sich. Das Hinterland im Osten ist sehr gr\u00fcn und \u00fcberall von der kleinen Stadt ist das gr\u00fcne Bergland zu sehen.<\/p>\n\n\n\n<figure class=\"wp-block-image size-large\"><img loading=\"lazy\" decoding=\"async\" width=\"1024\" height=\"768\" src=\"https:\/\/familie-weitgereist.de\/wp-content\/uploads\/2024\/05\/1000023628-1-1024x768.jpg\" alt=\"\" class=\"wp-image-23887\" srcset=\"https:\/\/familie-weitgereist.de\/wp-content\/uploads\/2024\/05\/1000023628-1-1024x768.jpg 1024w, https:\/\/familie-weitgereist.de\/wp-content\/uploads\/2024\/05\/1000023628-1-300x225.jpg 300w, https:\/\/familie-weitgereist.de\/wp-content\/uploads\/2024\/05\/1000023628-1-768x576.jpg 768w, https:\/\/familie-weitgereist.de\/wp-content\/uploads\/2024\/05\/1000023628-1-1536x1152.jpg 1536w, https:\/\/familie-weitgereist.de\/wp-content\/uploads\/2024\/05\/1000023628-1-2048x1536.jpg 2048w, https:\/\/familie-weitgereist.de\/wp-content\/uploads\/2024\/05\/1000023628-1-1200x900.jpg 1200w, https:\/\/familie-weitgereist.de\/wp-content\/uploads\/2024\/05\/1000023628-1-1980x1485.jpg 1980w, https:\/\/familie-weitgereist.de\/wp-content\/uploads\/2024\/05\/1000023628-1-150x113.jpg 150w\" sizes=\"auto, (max-width: 1024px) 100vw, 1024px\" \/><\/figure>\n\n\n\n<p>Santa Br\u00edgida wird auch als Stadt der Blumen bezeichnet, &#8222;Villa de las flores&#8220;.<\/p>\n\n\n\n<h2 class=\"wp-block-heading\">Telde<\/h2>\n\n\n\n<p>Telde ist eine Gro\u00dfstadt im Osten von Gran Canaria mit \u00fcber 100.000 Einwohnern. Der fr\u00fchere Inselhauptort ist heute die zweitgr\u00f6\u00dfte Stadt der Insel.<\/p>\n\n\n\n<p>Die <strong>Kirche San Juan<\/strong> hat ein bemerkenswertes Altarbild aus dem 16. Jahrhundert, welches aus Flandern stammt.<\/p>\n\n\n\n<figure class=\"wp-block-image size-large\"><img loading=\"lazy\" decoding=\"async\" width=\"768\" height=\"1024\" src=\"https:\/\/familie-weitgereist.de\/wp-content\/uploads\/2024\/05\/1000027862-768x1024.jpg\" alt=\"\" class=\"wp-image-24152\" srcset=\"https:\/\/familie-weitgereist.de\/wp-content\/uploads\/2024\/05\/1000027862-768x1024.jpg 768w, https:\/\/familie-weitgereist.de\/wp-content\/uploads\/2024\/05\/1000027862-225x300.jpg 225w, https:\/\/familie-weitgereist.de\/wp-content\/uploads\/2024\/05\/1000027862-1152x1536.jpg 1152w, https:\/\/familie-weitgereist.de\/wp-content\/uploads\/2024\/05\/1000027862-1536x2048.jpg 1536w, https:\/\/familie-weitgereist.de\/wp-content\/uploads\/2024\/05\/1000027862-1200x1600.jpg 1200w, https:\/\/familie-weitgereist.de\/wp-content\/uploads\/2024\/05\/1000027862-1980x2640.jpg 1980w, https:\/\/familie-weitgereist.de\/wp-content\/uploads\/2024\/05\/1000027862-640x853.jpg 640w, https:\/\/familie-weitgereist.de\/wp-content\/uploads\/2024\/05\/1000027862-150x200.jpg 150w, https:\/\/familie-weitgereist.de\/wp-content\/uploads\/2024\/05\/1000027862-scaled.jpg 1920w\" sizes=\"auto, (max-width: 768px) 100vw, 768px\" \/><\/figure>\n\n\n\n<p>Die beiden <strong>historischen Stadtteile<\/strong> von Telde, <strong>San Juan<\/strong> und <strong>San Francisco<\/strong>, sind mit ihren traditionellen H\u00e4usern und Kopfsteinpflastergassen einen Besuch wert.<\/p>\n\n\n\n<figure class=\"wp-block-image size-large\"><img loading=\"lazy\" decoding=\"async\" width=\"768\" height=\"1024\" src=\"https:\/\/familie-weitgereist.de\/wp-content\/uploads\/2024\/05\/1000027867-768x1024.jpg\" alt=\"\" class=\"wp-image-24150\" srcset=\"https:\/\/familie-weitgereist.de\/wp-content\/uploads\/2024\/05\/1000027867-768x1024.jpg 768w, https:\/\/familie-weitgereist.de\/wp-content\/uploads\/2024\/05\/1000027867-225x300.jpg 225w, https:\/\/familie-weitgereist.de\/wp-content\/uploads\/2024\/05\/1000027867-1152x1536.jpg 1152w, https:\/\/familie-weitgereist.de\/wp-content\/uploads\/2024\/05\/1000027867-1536x2048.jpg 1536w, https:\/\/familie-weitgereist.de\/wp-content\/uploads\/2024\/05\/1000027867-1200x1600.jpg 1200w, https:\/\/familie-weitgereist.de\/wp-content\/uploads\/2024\/05\/1000027867-1980x2640.jpg 1980w, https:\/\/familie-weitgereist.de\/wp-content\/uploads\/2024\/05\/1000027867-640x853.jpg 640w, https:\/\/familie-weitgereist.de\/wp-content\/uploads\/2024\/05\/1000027867-150x200.jpg 150w, https:\/\/familie-weitgereist.de\/wp-content\/uploads\/2024\/05\/1000027867-scaled.jpg 1920w\" sizes=\"auto, (max-width: 768px) 100vw, 768px\" \/><\/figure>\n\n\n\n<p>Es gibt sehr viele Caf\u00e9s und Restaurants zum Einkehren.<\/p>\n\n\n\n<figure class=\"wp-block-image size-large\"><img loading=\"lazy\" decoding=\"async\" width=\"1024\" height=\"768\" src=\"https:\/\/familie-weitgereist.de\/wp-content\/uploads\/2024\/05\/1000027865-1024x768.jpg\" alt=\"\" class=\"wp-image-24149\" srcset=\"https:\/\/familie-weitgereist.de\/wp-content\/uploads\/2024\/05\/1000027865-1024x768.jpg 1024w, https:\/\/familie-weitgereist.de\/wp-content\/uploads\/2024\/05\/1000027865-300x225.jpg 300w, https:\/\/familie-weitgereist.de\/wp-content\/uploads\/2024\/05\/1000027865-768x576.jpg 768w, https:\/\/familie-weitgereist.de\/wp-content\/uploads\/2024\/05\/1000027865-1536x1152.jpg 1536w, https:\/\/familie-weitgereist.de\/wp-content\/uploads\/2024\/05\/1000027865-2048x1536.jpg 2048w, https:\/\/familie-weitgereist.de\/wp-content\/uploads\/2024\/05\/1000027865-1200x900.jpg 1200w, https:\/\/familie-weitgereist.de\/wp-content\/uploads\/2024\/05\/1000027865-1980x1485.jpg 1980w, https:\/\/familie-weitgereist.de\/wp-content\/uploads\/2024\/05\/1000027865-150x113.jpg 150w\" sizes=\"auto, (max-width: 1024px) 100vw, 1024px\" \/><\/figure>\n\n\n\n<p>Wundersch\u00f6ne Parks befinden sich ebenso in Telde, wie der <strong><a href=\"https:\/\/familie-weitgereist.de\/?p=23520\" data-type=\"link\" data-id=\"https:\/\/familie-weitgereist.de\/?p=23520\">Parque San Juan<\/a><\/strong> und der <strong>Parque Arnao<\/strong>, welcher zu Weihnachten wundersch\u00f6n geschm\u00fcckt wird. Dort befinden sich auch Spielpl\u00e4tze, wo Familien mit kleinen Kindern eine gute Zeit haben k\u00f6nnen.<\/p>\n\n\n\n<figure class=\"wp-block-image size-large\"><img loading=\"lazy\" decoding=\"async\" width=\"1024\" height=\"768\" src=\"https:\/\/familie-weitgereist.de\/wp-content\/uploads\/2024\/05\/1000027892-1024x768.jpg\" alt=\"\" class=\"wp-image-24151\" srcset=\"https:\/\/familie-weitgereist.de\/wp-content\/uploads\/2024\/05\/1000027892-1024x768.jpg 1024w, https:\/\/familie-weitgereist.de\/wp-content\/uploads\/2024\/05\/1000027892-300x225.jpg 300w, https:\/\/familie-weitgereist.de\/wp-content\/uploads\/2024\/05\/1000027892-768x576.jpg 768w, https:\/\/familie-weitgereist.de\/wp-content\/uploads\/2024\/05\/1000027892-1536x1152.jpg 1536w, https:\/\/familie-weitgereist.de\/wp-content\/uploads\/2024\/05\/1000027892-2048x1536.jpg 2048w, https:\/\/familie-weitgereist.de\/wp-content\/uploads\/2024\/05\/1000027892-1200x900.jpg 1200w, https:\/\/familie-weitgereist.de\/wp-content\/uploads\/2024\/05\/1000027892-1980x1485.jpg 1980w, https:\/\/familie-weitgereist.de\/wp-content\/uploads\/2024\/05\/1000027892-150x113.jpg 150w\" sizes=\"auto, (max-width: 1024px) 100vw, 1024px\" \/><\/figure>\n\n\n\n<h2 class=\"wp-block-heading\">Tejeda<\/h2>\n\n\n\n<p>Tejeda ist ein wundersch\u00f6nes Bergdorf im Zentrum Gran Canarias, gelegen auf 1050m H\u00f6he. Von den Terrassen Tejedas bieten sich grandiose Ausblicke in die tiefe Schlucht des Kraters <em><strong>Caldera de Tirajana<\/strong><\/em> und den Naturpark des <em><strong>Roque del Nublo<\/strong><\/em>. Das Dorf ist nahezu komplett in wei\u00df gehalten. Die Kirche und der Hauptplatz befinden sich im Mittelpunkt des Ortes. Dort befindet sich auch ein kleiner Park mit Spielplatz. Es gibt in Tejeda sogar ein \u00f6ffentliches Freibad. Es ist ein Genuss durch den Ort zu schlendern, in eines der zahlreichen Caf\u00e9s und Restaurants einzukehren und den grandiosen Ausblick zu genie\u00dfen. Der Duft der kanarischen Pinienw\u00e4lder ist noch bis dorthin zu vernehmen. Tejeda geh\u00f6rt zu den <strong>sch\u00f6nsten D\u00f6rfern Spaniens<\/strong>.<\/p>\n\n\n\n<div id=\"wp-block-themeisle-blocks-slider-d87159d5\" class=\"wp-block-themeisle-blocks-slider glide\" data-per-view=\"1\" data-gap=\"0\" data-peek=\"0\" data-autoplay=\"true\" data-height=\"400px\" data-hide-arrows=\"false\"><div class=\"glide__track\" data-glide-el=\"track\"><div class=\"glide__slides\"><div class=\"wp-block-themeisle-blocks-slider-item-wrapper glide__slide\" tabindex=\"0\"><figure><img decoding=\"async\" class=\"wp-block-themeisle-blocks-slider-item\" src=\"https:\/\/familie-weitgereist.de\/wp-content\/uploads\/2024\/05\/IMG_20240501_162929-scaled.jpg\" alt=\"\" title=\"\" data-id=\"18041\"\/><\/figure><\/div><div class=\"wp-block-themeisle-blocks-slider-item-wrapper glide__slide\" tabindex=\"0\"><figure><img decoding=\"async\" class=\"wp-block-themeisle-blocks-slider-item\" src=\"https:\/\/familie-weitgereist.de\/wp-content\/uploads\/2024\/05\/IMG_20240501_161830-scaled.jpg\" alt=\"\" title=\"\" data-id=\"18043\"\/><\/figure><\/div><div class=\"wp-block-themeisle-blocks-slider-item-wrapper glide__slide\" tabindex=\"0\"><figure><img decoding=\"async\" class=\"wp-block-themeisle-blocks-slider-item\" src=\"https:\/\/familie-weitgereist.de\/wp-content\/uploads\/2024\/05\/IMG_20240501_161442-scaled.jpg\" alt=\"\" title=\"\" data-id=\"18044\"\/><\/figure><\/div><\/div><div class=\"glide__bullets\" data-glide-el=\"controls[nav]\"><button class=\"glide__bullet\" data-glide-dir=\"=0\"><\/button><button class=\"glide__bullet\" data-glide-dir=\"=1\"><\/button><button class=\"glide__bullet\" data-glide-dir=\"=2\"><\/button><\/div><\/div><\/div>\n\n\n\n<h2 class=\"wp-block-heading\">Teror<\/h2>\n\n\n\n<p>Die Kleinstadt Teror liegt im Zentrum der Insel auf 543m und ist einer der <strong>urspr\u00fcnglichsten Orte<\/strong> Gran Canarias. Teror ist bekannt f\u00fcr seine Holzbalkone an den wundersch\u00f6nen H\u00e4usern. Je pr\u00e4chtiger die Balkone waren, desto reicher waren die Familien, die das Haus bewohnten.<\/p>\n\n\n\n<p>Auf dem zentralen Platz befindet sich die Basilika &#8222;<strong><em>Nuestra Se\u00f1ora del Pino<\/em><\/strong>&#8222;. Die Basilika ist von au\u00dfen, wie von innen prachtvoll.<\/p>\n\n\n\n<p>Besonders sch\u00f6n ist die herrliche gr\u00fcne Landschaft, die Teror umgibt. Die umliegenden Berge sind gr\u00fcn bewachsen. <\/p>\n\n\n\n<p>Teror ist mit dem lokalen Bus sehr gut an Las Palmas angeschlossen. <\/p>\n\n\n\n<div id=\"wp-block-themeisle-blocks-slider-c3daeb93\" class=\"wp-block-themeisle-blocks-slider glide\" data-per-view=\"1\" data-gap=\"0\" data-peek=\"0\" data-autoplay=\"true\" data-height=\"400px\" data-hide-arrows=\"false\"><div class=\"glide__track\" data-glide-el=\"track\"><div class=\"glide__slides\"><div class=\"wp-block-themeisle-blocks-slider-item-wrapper glide__slide\" tabindex=\"0\"><figure><img decoding=\"async\" class=\"wp-block-themeisle-blocks-slider-item\" src=\"https:\/\/familie-weitgereist.de\/wp-content\/uploads\/2024\/05\/IMG_20240509_124718-scaled.jpg\" alt=\"\" title=\"\" data-id=\"18148\"\/><\/figure><\/div><div class=\"wp-block-themeisle-blocks-slider-item-wrapper glide__slide\" tabindex=\"0\"><figure><img decoding=\"async\" class=\"wp-block-themeisle-blocks-slider-item\" src=\"https:\/\/familie-weitgereist.de\/wp-content\/uploads\/2024\/05\/IMG_20240509_112327-scaled.jpg\" alt=\"\" title=\"\" data-id=\"18149\"\/><\/figure><\/div><div class=\"wp-block-themeisle-blocks-slider-item-wrapper glide__slide\" tabindex=\"0\"><figure><img decoding=\"async\" class=\"wp-block-themeisle-blocks-slider-item\" src=\"https:\/\/familie-weitgereist.de\/wp-content\/uploads\/2024\/05\/IMG_20240509_112152-scaled.jpg\" alt=\"\" title=\"\" data-id=\"18150\"\/><\/figure><\/div><\/div><div class=\"glide__bullets\" data-glide-el=\"controls[nav]\"><button class=\"glide__bullet\" data-glide-dir=\"=0\"><\/button><button class=\"glide__bullet\" data-glide-dir=\"=1\"><\/button><button class=\"glide__bullet\" data-glide-dir=\"=2\"><\/button><\/div><\/div><\/div>\n\n\n\n<h2 class=\"wp-block-heading\">Spielpl\u00e4tze<\/h2>\n\n\n\n<p>Wir haben einen ganzen Blogbeitrag <strong><a href=\"https:\/\/familie-weitgereist.de\/?p=23520\" data-type=\"link\" data-id=\"https:\/\/familie-weitgereist.de\/?p=23520\">Spielpl\u00e4tzen auf Gran Canaria<\/a><\/strong> gewidmet.<\/p>\n\n\n\n<p>In <strong>Arinaga<\/strong> gibt es viele Spielpl\u00e4tze im Ort. Da wir in Arinaga viele tolle Vormittage verbracht haben, konnten wir viel entdecken.<\/p>\n\n\n\n<p>Im <strong><em>Parque de las Olas<\/em><\/strong> befindet sich ein gro\u00dfer Spielplatz mit neuen Spielelementen. Es gibt Schaukeln, ein gro\u00dfer Kletterleuchtturm mit Rutsche und kleineren Kletterelementen.<\/p>\n\n\n\n<figure class=\"wp-block-gallery has-nested-images columns-default is-cropped wp-block-gallery-3 is-layout-flex wp-block-gallery-is-layout-flex\">\n<figure class=\"wp-block-image size-large\"><img loading=\"lazy\" decoding=\"async\" width=\"1024\" height=\"768\" data-id=\"17999\" src=\"https:\/\/familie-weitgereist.de\/wp-content\/uploads\/2024\/04\/IMG_20240429_094958-1024x768.jpg\" alt=\"\" class=\"wp-image-17999\" srcset=\"https:\/\/familie-weitgereist.de\/wp-content\/uploads\/2024\/04\/IMG_20240429_094958-1024x768.jpg 1024w, https:\/\/familie-weitgereist.de\/wp-content\/uploads\/2024\/04\/IMG_20240429_094958-300x225.jpg 300w, https:\/\/familie-weitgereist.de\/wp-content\/uploads\/2024\/04\/IMG_20240429_094958-768x576.jpg 768w, https:\/\/familie-weitgereist.de\/wp-content\/uploads\/2024\/04\/IMG_20240429_094958-1536x1152.jpg 1536w, https:\/\/familie-weitgereist.de\/wp-content\/uploads\/2024\/04\/IMG_20240429_094958-2048x1536.jpg 2048w, https:\/\/familie-weitgereist.de\/wp-content\/uploads\/2024\/04\/IMG_20240429_094958-1200x900.jpg 1200w, https:\/\/familie-weitgereist.de\/wp-content\/uploads\/2024\/04\/IMG_20240429_094958-1980x1485.jpg 1980w, https:\/\/familie-weitgereist.de\/wp-content\/uploads\/2024\/04\/IMG_20240429_094958-150x113.jpg 150w\" sizes=\"auto, (max-width: 1024px) 100vw, 1024px\" \/><\/figure>\n\n\n\n<figure class=\"wp-block-image size-large\"><img loading=\"lazy\" decoding=\"async\" width=\"1024\" height=\"768\" data-id=\"18000\" src=\"https:\/\/familie-weitgereist.de\/wp-content\/uploads\/2024\/04\/IMG_20240429_094759-1024x768.jpg\" alt=\"\" class=\"wp-image-18000\" srcset=\"https:\/\/familie-weitgereist.de\/wp-content\/uploads\/2024\/04\/IMG_20240429_094759-1024x768.jpg 1024w, https:\/\/familie-weitgereist.de\/wp-content\/uploads\/2024\/04\/IMG_20240429_094759-300x225.jpg 300w, https:\/\/familie-weitgereist.de\/wp-content\/uploads\/2024\/04\/IMG_20240429_094759-768x576.jpg 768w, https:\/\/familie-weitgereist.de\/wp-content\/uploads\/2024\/04\/IMG_20240429_094759-1536x1152.jpg 1536w, https:\/\/familie-weitgereist.de\/wp-content\/uploads\/2024\/04\/IMG_20240429_094759-2048x1536.jpg 2048w, https:\/\/familie-weitgereist.de\/wp-content\/uploads\/2024\/04\/IMG_20240429_094759-1200x900.jpg 1200w, https:\/\/familie-weitgereist.de\/wp-content\/uploads\/2024\/04\/IMG_20240429_094759-1980x1485.jpg 1980w, https:\/\/familie-weitgereist.de\/wp-content\/uploads\/2024\/04\/IMG_20240429_094759-150x113.jpg 150w\" sizes=\"auto, (max-width: 1024px) 100vw, 1024px\" \/><\/figure>\n<\/figure>\n\n\n\n<p>In der <strong>Stra\u00dfe <em>Juan Lazaga<\/em><\/strong> ist ebenfalls ein kleiner Park mit Spielelementen, einem Balancierbalken, Schaukeln und einer Rutsche.<\/p>\n\n\n\n<figure class=\"wp-block-image size-large\"><img loading=\"lazy\" decoding=\"async\" width=\"1024\" height=\"768\" src=\"https:\/\/familie-weitgereist.de\/wp-content\/uploads\/2024\/04\/IMG_20240429_130617-1024x768.jpg\" alt=\"\" class=\"wp-image-18001\" srcset=\"https:\/\/familie-weitgereist.de\/wp-content\/uploads\/2024\/04\/IMG_20240429_130617-1024x768.jpg 1024w, https:\/\/familie-weitgereist.de\/wp-content\/uploads\/2024\/04\/IMG_20240429_130617-300x225.jpg 300w, https:\/\/familie-weitgereist.de\/wp-content\/uploads\/2024\/04\/IMG_20240429_130617-768x576.jpg 768w, https:\/\/familie-weitgereist.de\/wp-content\/uploads\/2024\/04\/IMG_20240429_130617-1536x1152.jpg 1536w, https:\/\/familie-weitgereist.de\/wp-content\/uploads\/2024\/04\/IMG_20240429_130617-2048x1536.jpg 2048w, https:\/\/familie-weitgereist.de\/wp-content\/uploads\/2024\/04\/IMG_20240429_130617-1200x900.jpg 1200w, https:\/\/familie-weitgereist.de\/wp-content\/uploads\/2024\/04\/IMG_20240429_130617-1980x1485.jpg 1980w, https:\/\/familie-weitgereist.de\/wp-content\/uploads\/2024\/04\/IMG_20240429_130617-150x113.jpg 150w\" sizes=\"auto, (max-width: 1024px) 100vw, 1024px\" \/><\/figure>\n\n\n\n<p>Im <strong><em>Parque urbano de Playa Arinaga<\/em><\/strong> sind zwei Spielpl\u00e4tze, einer f\u00fcr kleinere Kinder und einer f\u00fcr gr\u00f6\u00dfere Kinder. Beide sind sehr sch\u00f6n. Es gibt Kletterelemente, Rutschen, Schaukeln, wackelige Br\u00fccken und Steine zum Spielen.<\/p>\n\n\n\n<figure class=\"wp-block-gallery has-nested-images columns-default is-cropped wp-block-gallery-4 is-layout-flex wp-block-gallery-is-layout-flex\">\n<figure class=\"wp-block-image size-large\"><img loading=\"lazy\" decoding=\"async\" width=\"1024\" height=\"768\" data-id=\"18027\" src=\"https:\/\/familie-weitgereist.de\/wp-content\/uploads\/2024\/04\/IMG_20240430_102043-1024x768.jpg\" alt=\"\" class=\"wp-image-18027\" srcset=\"https:\/\/familie-weitgereist.de\/wp-content\/uploads\/2024\/04\/IMG_20240430_102043-1024x768.jpg 1024w, https:\/\/familie-weitgereist.de\/wp-content\/uploads\/2024\/04\/IMG_20240430_102043-300x225.jpg 300w, https:\/\/familie-weitgereist.de\/wp-content\/uploads\/2024\/04\/IMG_20240430_102043-768x576.jpg 768w, https:\/\/familie-weitgereist.de\/wp-content\/uploads\/2024\/04\/IMG_20240430_102043-1536x1152.jpg 1536w, https:\/\/familie-weitgereist.de\/wp-content\/uploads\/2024\/04\/IMG_20240430_102043-2048x1536.jpg 2048w, https:\/\/familie-weitgereist.de\/wp-content\/uploads\/2024\/04\/IMG_20240430_102043-1200x900.jpg 1200w, https:\/\/familie-weitgereist.de\/wp-content\/uploads\/2024\/04\/IMG_20240430_102043-1980x1485.jpg 1980w, https:\/\/familie-weitgereist.de\/wp-content\/uploads\/2024\/04\/IMG_20240430_102043-150x113.jpg 150w\" sizes=\"auto, (max-width: 1024px) 100vw, 1024px\" \/><\/figure>\n\n\n\n<figure class=\"wp-block-image size-large\"><img loading=\"lazy\" decoding=\"async\" width=\"1024\" height=\"768\" data-id=\"18028\" src=\"https:\/\/familie-weitgereist.de\/wp-content\/uploads\/2024\/04\/IMG_20240430_101816-1024x768.jpg\" alt=\"\" class=\"wp-image-18028\" srcset=\"https:\/\/familie-weitgereist.de\/wp-content\/uploads\/2024\/04\/IMG_20240430_101816-1024x768.jpg 1024w, https:\/\/familie-weitgereist.de\/wp-content\/uploads\/2024\/04\/IMG_20240430_101816-300x225.jpg 300w, https:\/\/familie-weitgereist.de\/wp-content\/uploads\/2024\/04\/IMG_20240430_101816-768x576.jpg 768w, https:\/\/familie-weitgereist.de\/wp-content\/uploads\/2024\/04\/IMG_20240430_101816-1536x1152.jpg 1536w, https:\/\/familie-weitgereist.de\/wp-content\/uploads\/2024\/04\/IMG_20240430_101816-2048x1536.jpg 2048w, https:\/\/familie-weitgereist.de\/wp-content\/uploads\/2024\/04\/IMG_20240430_101816-1200x900.jpg 1200w, https:\/\/familie-weitgereist.de\/wp-content\/uploads\/2024\/04\/IMG_20240430_101816-1980x1485.jpg 1980w, https:\/\/familie-weitgereist.de\/wp-content\/uploads\/2024\/04\/IMG_20240430_101816-150x113.jpg 150w\" sizes=\"auto, (max-width: 1024px) 100vw, 1024px\" \/><\/figure>\n<\/figure>\n\n\n\n<p>Ein riesiger Erlebnisspielplatz befindet sich im <strong><em>Parque Urbano del Cruce de Arinaga<\/em><\/strong>. Dieser Spielplatz verf\u00fcgt \u00fcber unterschiedliche Bereiche. Es gibt einen Kleinkindbereich mit Tunneln, Br\u00fccken, kleinen Rutschen. Ein riesiger Turm mit zwei langen Rutschen ist schon von Weitem zu sehen. Es gibt verschiedene Schaukeln. Besonders toll sind die beiden Zweierschaukeln. Es gibt einen Kletterberg und ein riesiges Kletterger\u00fcst.<\/p>\n\n\n\n<figure class=\"wp-block-gallery has-nested-images columns-default is-cropped wp-block-gallery-5 is-layout-flex wp-block-gallery-is-layout-flex\">\n<figure class=\"wp-block-image size-large\"><img loading=\"lazy\" decoding=\"async\" width=\"1024\" height=\"768\" data-id=\"18004\" src=\"https:\/\/familie-weitgereist.de\/wp-content\/uploads\/2024\/04\/IMG_20240429_161913-1024x768.jpg\" alt=\"\" class=\"wp-image-18004\" srcset=\"https:\/\/familie-weitgereist.de\/wp-content\/uploads\/2024\/04\/IMG_20240429_161913-1024x768.jpg 1024w, https:\/\/familie-weitgereist.de\/wp-content\/uploads\/2024\/04\/IMG_20240429_161913-300x225.jpg 300w, https:\/\/familie-weitgereist.de\/wp-content\/uploads\/2024\/04\/IMG_20240429_161913-768x576.jpg 768w, https:\/\/familie-weitgereist.de\/wp-content\/uploads\/2024\/04\/IMG_20240429_161913-1536x1152.jpg 1536w, https:\/\/familie-weitgereist.de\/wp-content\/uploads\/2024\/04\/IMG_20240429_161913-2048x1536.jpg 2048w, https:\/\/familie-weitgereist.de\/wp-content\/uploads\/2024\/04\/IMG_20240429_161913-1200x900.jpg 1200w, https:\/\/familie-weitgereist.de\/wp-content\/uploads\/2024\/04\/IMG_20240429_161913-1980x1485.jpg 1980w, https:\/\/familie-weitgereist.de\/wp-content\/uploads\/2024\/04\/IMG_20240429_161913-150x113.jpg 150w\" sizes=\"auto, (max-width: 1024px) 100vw, 1024px\" \/><\/figure>\n\n\n\n<figure class=\"wp-block-image size-large\"><img loading=\"lazy\" decoding=\"async\" width=\"1024\" height=\"768\" data-id=\"18003\" src=\"https:\/\/familie-weitgereist.de\/wp-content\/uploads\/2024\/04\/IMG_20240429_161900-1024x768.jpg\" alt=\"\" class=\"wp-image-18003\" srcset=\"https:\/\/familie-weitgereist.de\/wp-content\/uploads\/2024\/04\/IMG_20240429_161900-1024x768.jpg 1024w, https:\/\/familie-weitgereist.de\/wp-content\/uploads\/2024\/04\/IMG_20240429_161900-300x225.jpg 300w, https:\/\/familie-weitgereist.de\/wp-content\/uploads\/2024\/04\/IMG_20240429_161900-768x576.jpg 768w, https:\/\/familie-weitgereist.de\/wp-content\/uploads\/2024\/04\/IMG_20240429_161900-1536x1152.jpg 1536w, https:\/\/familie-weitgereist.de\/wp-content\/uploads\/2024\/04\/IMG_20240429_161900-2048x1536.jpg 2048w, https:\/\/familie-weitgereist.de\/wp-content\/uploads\/2024\/04\/IMG_20240429_161900-1200x900.jpg 1200w, https:\/\/familie-weitgereist.de\/wp-content\/uploads\/2024\/04\/IMG_20240429_161900-1980x1485.jpg 1980w, https:\/\/familie-weitgereist.de\/wp-content\/uploads\/2024\/04\/IMG_20240429_161900-150x113.jpg 150w\" sizes=\"auto, (max-width: 1024px) 100vw, 1024px\" \/><\/figure>\n\n\n\n<figure class=\"wp-block-image size-large\"><img loading=\"lazy\" decoding=\"async\" width=\"1024\" height=\"768\" data-id=\"18005\" src=\"https:\/\/familie-weitgereist.de\/wp-content\/uploads\/2024\/04\/IMG_20240429_161832-1024x768.jpg\" alt=\"\" class=\"wp-image-18005\" srcset=\"https:\/\/familie-weitgereist.de\/wp-content\/uploads\/2024\/04\/IMG_20240429_161832-1024x768.jpg 1024w, https:\/\/familie-weitgereist.de\/wp-content\/uploads\/2024\/04\/IMG_20240429_161832-300x225.jpg 300w, https:\/\/familie-weitgereist.de\/wp-content\/uploads\/2024\/04\/IMG_20240429_161832-768x576.jpg 768w, https:\/\/familie-weitgereist.de\/wp-content\/uploads\/2024\/04\/IMG_20240429_161832-1536x1152.jpg 1536w, https:\/\/familie-weitgereist.de\/wp-content\/uploads\/2024\/04\/IMG_20240429_161832-2048x1536.jpg 2048w, https:\/\/familie-weitgereist.de\/wp-content\/uploads\/2024\/04\/IMG_20240429_161832-1200x900.jpg 1200w, https:\/\/familie-weitgereist.de\/wp-content\/uploads\/2024\/04\/IMG_20240429_161832-1980x1485.jpg 1980w, https:\/\/familie-weitgereist.de\/wp-content\/uploads\/2024\/04\/IMG_20240429_161832-150x113.jpg 150w\" sizes=\"auto, (max-width: 1024px) 100vw, 1024px\" \/><\/figure>\n\n\n\n<figure class=\"wp-block-image size-large\"><img loading=\"lazy\" decoding=\"async\" width=\"1024\" height=\"768\" data-id=\"18006\" src=\"https:\/\/familie-weitgereist.de\/wp-content\/uploads\/2024\/04\/IMG_20240429_161210-1024x768.jpg\" alt=\"\" class=\"wp-image-18006\" srcset=\"https:\/\/familie-weitgereist.de\/wp-content\/uploads\/2024\/04\/IMG_20240429_161210-1024x768.jpg 1024w, https:\/\/familie-weitgereist.de\/wp-content\/uploads\/2024\/04\/IMG_20240429_161210-300x225.jpg 300w, https:\/\/familie-weitgereist.de\/wp-content\/uploads\/2024\/04\/IMG_20240429_161210-768x576.jpg 768w, https:\/\/familie-weitgereist.de\/wp-content\/uploads\/2024\/04\/IMG_20240429_161210-1536x1152.jpg 1536w, https:\/\/familie-weitgereist.de\/wp-content\/uploads\/2024\/04\/IMG_20240429_161210-2048x1536.jpg 2048w, https:\/\/familie-weitgereist.de\/wp-content\/uploads\/2024\/04\/IMG_20240429_161210-1200x900.jpg 1200w, https:\/\/familie-weitgereist.de\/wp-content\/uploads\/2024\/04\/IMG_20240429_161210-1980x1485.jpg 1980w, https:\/\/familie-weitgereist.de\/wp-content\/uploads\/2024\/04\/IMG_20240429_161210-150x113.jpg 150w\" sizes=\"auto, (max-width: 1024px) 100vw, 1024px\" \/><\/figure>\n<\/figure>\n\n\n\n<p>In <strong>Arguinegu\u00edn<\/strong> befindet sich am Strand von Arguinegu\u00edn ein sch\u00f6ner Spielplatz, direkt neben dem Restaurant <em>La Chirina<\/em>. Es gibt eine Babyschaukel, eine Schaukel, eine Wippe, mehrere Wackeltiere und zwei kleinere und ein gr\u00f6\u00dferes Kletterger\u00fcst.<\/p>\n\n\n\n<figure class=\"wp-block-image size-large\"><img loading=\"lazy\" decoding=\"async\" width=\"1024\" height=\"768\" src=\"https:\/\/familie-weitgereist.de\/wp-content\/uploads\/2024\/05\/1000019074-1024x768.jpg\" alt=\"\" class=\"wp-image-23405\" srcset=\"https:\/\/familie-weitgereist.de\/wp-content\/uploads\/2024\/05\/1000019074-1024x768.jpg 1024w, https:\/\/familie-weitgereist.de\/wp-content\/uploads\/2024\/05\/1000019074-300x225.jpg 300w, https:\/\/familie-weitgereist.de\/wp-content\/uploads\/2024\/05\/1000019074-768x576.jpg 768w, https:\/\/familie-weitgereist.de\/wp-content\/uploads\/2024\/05\/1000019074-1536x1152.jpg 1536w, https:\/\/familie-weitgereist.de\/wp-content\/uploads\/2024\/05\/1000019074-2048x1536.jpg 2048w, https:\/\/familie-weitgereist.de\/wp-content\/uploads\/2024\/05\/1000019074-1200x900.jpg 1200w, https:\/\/familie-weitgereist.de\/wp-content\/uploads\/2024\/05\/1000019074-1980x1485.jpg 1980w, https:\/\/familie-weitgereist.de\/wp-content\/uploads\/2024\/05\/1000019074-150x113.jpg 150w\" sizes=\"auto, (max-width: 1024px) 100vw, 1024px\" \/><\/figure>\n\n\n\n<p>Ein weiterer Spielplatz befindet sich in <strong>Arguinegu\u00edn<\/strong> an der Calle Alcalde Paco Gonzales. In diesem sch\u00f6nen Park, neben dem Barranco von Arguinegu\u00edn, gibt es mehrere Schaukeln, eine Drehscheibe, mehrere Wackeltiere und ein gro\u00dfes Kletterschloss und drei Rutschen.<\/p>\n\n\n\n<figure class=\"wp-block-image size-large\"><img loading=\"lazy\" decoding=\"async\" width=\"1024\" height=\"768\" src=\"https:\/\/familie-weitgereist.de\/wp-content\/uploads\/2024\/05\/1000019261-1024x768.jpg\" alt=\"\" class=\"wp-image-23409\" srcset=\"https:\/\/familie-weitgereist.de\/wp-content\/uploads\/2024\/05\/1000019261-1024x768.jpg 1024w, https:\/\/familie-weitgereist.de\/wp-content\/uploads\/2024\/05\/1000019261-300x225.jpg 300w, https:\/\/familie-weitgereist.de\/wp-content\/uploads\/2024\/05\/1000019261-768x576.jpg 768w, https:\/\/familie-weitgereist.de\/wp-content\/uploads\/2024\/05\/1000019261-1536x1152.jpg 1536w, https:\/\/familie-weitgereist.de\/wp-content\/uploads\/2024\/05\/1000019261-2048x1536.jpg 2048w, https:\/\/familie-weitgereist.de\/wp-content\/uploads\/2024\/05\/1000019261-1200x900.jpg 1200w, https:\/\/familie-weitgereist.de\/wp-content\/uploads\/2024\/05\/1000019261-1980x1485.jpg 1980w, https:\/\/familie-weitgereist.de\/wp-content\/uploads\/2024\/05\/1000019261-150x113.jpg 150w\" sizes=\"auto, (max-width: 1024px) 100vw, 1024px\" \/><\/figure>\n\n\n\n<p>Ein wundersch\u00f6ner Spielplatz befindet sich direkt an der Strandpromenade von <strong><em>Castillo del Romeral<\/em><\/strong>. Wir haben 2023 einen Monat in diesem kleinen Ort gewohnt und waren sehr oft auf diesem Spielplatz. Hier geht es zum Blogbeitrag: <a href=\"https:\/\/familie-weitgereist.de\/?p=13365\" data-type=\"link\" data-id=\"https:\/\/familie-weitgereist.de\/?p=13365\"><strong>Gran Canaria Camperreise<\/strong><\/a>. Es war toll, dorthin zur\u00fcckzukehren.<\/p>\n\n\n\n<figure class=\"wp-block-gallery has-nested-images columns-default is-cropped wp-block-gallery-6 is-layout-flex wp-block-gallery-is-layout-flex\">\n<figure class=\"wp-block-image size-large\"><img loading=\"lazy\" decoding=\"async\" width=\"1024\" height=\"768\" data-id=\"18030\" src=\"https:\/\/familie-weitgereist.de\/wp-content\/uploads\/2024\/04\/IMG_20240430_175425-1024x768.jpg\" alt=\"\" class=\"wp-image-18030\" srcset=\"https:\/\/familie-weitgereist.de\/wp-content\/uploads\/2024\/04\/IMG_20240430_175425-1024x768.jpg 1024w, https:\/\/familie-weitgereist.de\/wp-content\/uploads\/2024\/04\/IMG_20240430_175425-300x225.jpg 300w, https:\/\/familie-weitgereist.de\/wp-content\/uploads\/2024\/04\/IMG_20240430_175425-768x576.jpg 768w, https:\/\/familie-weitgereist.de\/wp-content\/uploads\/2024\/04\/IMG_20240430_175425-1536x1152.jpg 1536w, https:\/\/familie-weitgereist.de\/wp-content\/uploads\/2024\/04\/IMG_20240430_175425-2048x1536.jpg 2048w, https:\/\/familie-weitgereist.de\/wp-content\/uploads\/2024\/04\/IMG_20240430_175425-1200x900.jpg 1200w, https:\/\/familie-weitgereist.de\/wp-content\/uploads\/2024\/04\/IMG_20240430_175425-1980x1485.jpg 1980w, https:\/\/familie-weitgereist.de\/wp-content\/uploads\/2024\/04\/IMG_20240430_175425-150x113.jpg 150w\" sizes=\"auto, (max-width: 1024px) 100vw, 1024px\" \/><\/figure>\n<\/figure>\n\n\n\n<p>In dem kleinen Bergdorf <strong>Tejeda<\/strong> befindet sich oberhalb der Kirche ein kleiner Park mit sch\u00f6nem Spielplatz. Vom Spielplatz hat man einen grandiosen Ausblick \u00fcber Tejeda, den markanten Felsen &#8218;<strong><em>Roque Nublo<\/em><\/strong>&#8218; und den h\u00f6chsten Berg Gran Canarias &#8218;<em><strong>El Pico de las Nieves<\/strong><\/em>&#8218;.<\/p>\n\n\n\n<figure class=\"wp-block-image size-large\"><img loading=\"lazy\" decoding=\"async\" width=\"1024\" height=\"768\" src=\"https:\/\/familie-weitgereist.de\/wp-content\/uploads\/2024\/05\/IMG_20240501_164156-1024x768.jpg\" alt=\"\" class=\"wp-image-18038\" srcset=\"https:\/\/familie-weitgereist.de\/wp-content\/uploads\/2024\/05\/IMG_20240501_164156-1024x768.jpg 1024w, https:\/\/familie-weitgereist.de\/wp-content\/uploads\/2024\/05\/IMG_20240501_164156-300x225.jpg 300w, https:\/\/familie-weitgereist.de\/wp-content\/uploads\/2024\/05\/IMG_20240501_164156-768x576.jpg 768w, https:\/\/familie-weitgereist.de\/wp-content\/uploads\/2024\/05\/IMG_20240501_164156-1536x1152.jpg 1536w, https:\/\/familie-weitgereist.de\/wp-content\/uploads\/2024\/05\/IMG_20240501_164156-2048x1536.jpg 2048w, https:\/\/familie-weitgereist.de\/wp-content\/uploads\/2024\/05\/IMG_20240501_164156-1200x900.jpg 1200w, https:\/\/familie-weitgereist.de\/wp-content\/uploads\/2024\/05\/IMG_20240501_164156-1980x1485.jpg 1980w, https:\/\/familie-weitgereist.de\/wp-content\/uploads\/2024\/05\/IMG_20240501_164156-150x113.jpg 150w\" sizes=\"auto, (max-width: 1024px) 100vw, 1024px\" \/><\/figure>\n\n\n\n<p>In <strong>Las Palmas<\/strong> befindet sich im <strong>Parque de las Rehoyas <\/strong>ein sch\u00f6ner Spielplatz, ein Wasserspielplatz, Fitnessger\u00e4te und gro\u00dfe Wiesen um eine sch\u00f6ne Zeit unter schattenspendenden B\u00e4umen zu verbringen.<\/p>\n\n\n\n<figure class=\"wp-block-gallery has-nested-images columns-default is-cropped wp-block-gallery-7 is-layout-flex wp-block-gallery-is-layout-flex\">\n<figure class=\"wp-block-image size-large\"><img loading=\"lazy\" decoding=\"async\" width=\"1024\" height=\"768\" data-id=\"18082\" src=\"https:\/\/familie-weitgereist.de\/wp-content\/uploads\/2024\/05\/IMG_20240504_162738-1024x768.jpg\" alt=\"\" class=\"wp-image-18082\" srcset=\"https:\/\/familie-weitgereist.de\/wp-content\/uploads\/2024\/05\/IMG_20240504_162738-1024x768.jpg 1024w, https:\/\/familie-weitgereist.de\/wp-content\/uploads\/2024\/05\/IMG_20240504_162738-300x225.jpg 300w, https:\/\/familie-weitgereist.de\/wp-content\/uploads\/2024\/05\/IMG_20240504_162738-768x576.jpg 768w, https:\/\/familie-weitgereist.de\/wp-content\/uploads\/2024\/05\/IMG_20240504_162738-1536x1152.jpg 1536w, https:\/\/familie-weitgereist.de\/wp-content\/uploads\/2024\/05\/IMG_20240504_162738-2048x1536.jpg 2048w, https:\/\/familie-weitgereist.de\/wp-content\/uploads\/2024\/05\/IMG_20240504_162738-1200x900.jpg 1200w, https:\/\/familie-weitgereist.de\/wp-content\/uploads\/2024\/05\/IMG_20240504_162738-1980x1485.jpg 1980w, https:\/\/familie-weitgereist.de\/wp-content\/uploads\/2024\/05\/IMG_20240504_162738-150x113.jpg 150w\" sizes=\"auto, (max-width: 1024px) 100vw, 1024px\" \/><\/figure>\n\n\n\n<figure class=\"wp-block-image size-large\"><img loading=\"lazy\" decoding=\"async\" width=\"1024\" height=\"768\" data-id=\"18079\" src=\"https:\/\/familie-weitgereist.de\/wp-content\/uploads\/2024\/05\/IMG_20240504_160840-1024x768.jpg\" alt=\"\" class=\"wp-image-18079\" srcset=\"https:\/\/familie-weitgereist.de\/wp-content\/uploads\/2024\/05\/IMG_20240504_160840-1024x768.jpg 1024w, https:\/\/familie-weitgereist.de\/wp-content\/uploads\/2024\/05\/IMG_20240504_160840-300x225.jpg 300w, https:\/\/familie-weitgereist.de\/wp-content\/uploads\/2024\/05\/IMG_20240504_160840-768x576.jpg 768w, https:\/\/familie-weitgereist.de\/wp-content\/uploads\/2024\/05\/IMG_20240504_160840-1536x1152.jpg 1536w, https:\/\/familie-weitgereist.de\/wp-content\/uploads\/2024\/05\/IMG_20240504_160840-2048x1536.jpg 2048w, https:\/\/familie-weitgereist.de\/wp-content\/uploads\/2024\/05\/IMG_20240504_160840-1200x900.jpg 1200w, https:\/\/familie-weitgereist.de\/wp-content\/uploads\/2024\/05\/IMG_20240504_160840-1980x1485.jpg 1980w, https:\/\/familie-weitgereist.de\/wp-content\/uploads\/2024\/05\/IMG_20240504_160840-150x113.jpg 150w\" sizes=\"auto, (max-width: 1024px) 100vw, 1024px\" \/><\/figure>\n\n\n\n<figure class=\"wp-block-image size-large\"><img loading=\"lazy\" decoding=\"async\" width=\"1024\" height=\"768\" data-id=\"18081\" src=\"https:\/\/familie-weitgereist.de\/wp-content\/uploads\/2024\/05\/IMG_20240504_150742-1024x768.jpg\" alt=\"\" class=\"wp-image-18081\" srcset=\"https:\/\/familie-weitgereist.de\/wp-content\/uploads\/2024\/05\/IMG_20240504_150742-1024x768.jpg 1024w, https:\/\/familie-weitgereist.de\/wp-content\/uploads\/2024\/05\/IMG_20240504_150742-300x225.jpg 300w, https:\/\/familie-weitgereist.de\/wp-content\/uploads\/2024\/05\/IMG_20240504_150742-768x576.jpg 768w, https:\/\/familie-weitgereist.de\/wp-content\/uploads\/2024\/05\/IMG_20240504_150742-1536x1152.jpg 1536w, https:\/\/familie-weitgereist.de\/wp-content\/uploads\/2024\/05\/IMG_20240504_150742-2048x1536.jpg 2048w, https:\/\/familie-weitgereist.de\/wp-content\/uploads\/2024\/05\/IMG_20240504_150742-1200x900.jpg 1200w, https:\/\/familie-weitgereist.de\/wp-content\/uploads\/2024\/05\/IMG_20240504_150742-1980x1485.jpg 1980w, https:\/\/familie-weitgereist.de\/wp-content\/uploads\/2024\/05\/IMG_20240504_150742-150x113.jpg 150w\" sizes=\"auto, (max-width: 1024px) 100vw, 1024px\" \/><\/figure>\n\n\n\n<figure class=\"wp-block-image size-large\"><img loading=\"lazy\" decoding=\"async\" width=\"1024\" height=\"768\" data-id=\"18080\" src=\"https:\/\/familie-weitgereist.de\/wp-content\/uploads\/2024\/05\/IMG_20240504_150713-1024x768.jpg\" alt=\"\" class=\"wp-image-18080\" srcset=\"https:\/\/familie-weitgereist.de\/wp-content\/uploads\/2024\/05\/IMG_20240504_150713-1024x768.jpg 1024w, https:\/\/familie-weitgereist.de\/wp-content\/uploads\/2024\/05\/IMG_20240504_150713-300x225.jpg 300w, https:\/\/familie-weitgereist.de\/wp-content\/uploads\/2024\/05\/IMG_20240504_150713-768x576.jpg 768w, https:\/\/familie-weitgereist.de\/wp-content\/uploads\/2024\/05\/IMG_20240504_150713-1536x1152.jpg 1536w, https:\/\/familie-weitgereist.de\/wp-content\/uploads\/2024\/05\/IMG_20240504_150713-2048x1536.jpg 2048w, https:\/\/familie-weitgereist.de\/wp-content\/uploads\/2024\/05\/IMG_20240504_150713-1200x900.jpg 1200w, https:\/\/familie-weitgereist.de\/wp-content\/uploads\/2024\/05\/IMG_20240504_150713-1980x1485.jpg 1980w, https:\/\/familie-weitgereist.de\/wp-content\/uploads\/2024\/05\/IMG_20240504_150713-150x113.jpg 150w\" sizes=\"auto, (max-width: 1024px) 100vw, 1024px\" \/><\/figure>\n<\/figure>\n\n\n\n<p>In Teror haben wir zwei sch\u00f6ne Spielpl\u00e4tze in der N\u00e4he des historischen Zentrums entdeckt.<\/p>\n\n\n\n<p>Beide Spielpl\u00e4tze sind eingez\u00e4unt und die Kinder k\u00f6nnen sicher spielen. Der gr\u00f6\u00dfere Drachenspielplatz liegt an der <strong>C. el Chorrito<\/strong> und besitzt mehrere Rutschen, Wackeltiere und ein Kletterger\u00fcst.<\/p>\n\n\n\n<p>Der kleinere Spielplatz liegt an der <strong>C. Presb\u00edtero Antonio Guerra <\/strong>und hat zwei Schaukeln, ein gro\u00dfes Wackelauto und eine Rutsche mit Kletterger\u00fcst.<\/p>\n\n\n\n<div id=\"wp-block-themeisle-blocks-slider-2d6f01da\" class=\"wp-block-themeisle-blocks-slider glide\" data-per-view=\"1\" data-gap=\"0\" data-peek=\"0\" data-autoplay=\"true\" data-height=\"400px\" data-hide-arrows=\"false\"><div class=\"glide__track\" data-glide-el=\"track\"><div class=\"glide__slides\"><div class=\"wp-block-themeisle-blocks-slider-item-wrapper glide__slide\" tabindex=\"0\"><figure><img decoding=\"async\" class=\"wp-block-themeisle-blocks-slider-item\" src=\"https:\/\/familie-weitgereist.de\/wp-content\/uploads\/2024\/05\/IMG_20240509_130616-scaled.jpg\" alt=\"\" title=\"\" data-id=\"18145\"\/><\/figure><\/div><div class=\"wp-block-themeisle-blocks-slider-item-wrapper glide__slide\" tabindex=\"0\"><figure><img decoding=\"async\" class=\"wp-block-themeisle-blocks-slider-item\" src=\"https:\/\/familie-weitgereist.de\/wp-content\/uploads\/2024\/05\/IMG_20240509_115043-scaled.jpg\" alt=\"\" title=\"\" data-id=\"18146\"\/><\/figure><\/div><\/div><div class=\"glide__bullets\" data-glide-el=\"controls[nav]\"><button class=\"glide__bullet\" data-glide-dir=\"=0\"><\/button><button class=\"glide__bullet\" data-glide-dir=\"=1\"><\/button><\/div><\/div><\/div>\n","protected":false},"excerpt":{"rendered":"<p>Wir haben g\u00fcnstige Fl\u00fcge nach Gran Canaria gefunden und sind f\u00fcr zwei Wochen spontan auf die Kanaren geflogen. Philipp hat vormittags immer gearbeitet und ich konnte tolle Erkundungen mit den Jungs unternehmen. Am Nachmittag haben wir gemeinsam Neues entdeckt. 2023 haben wir einen Monat im Rahmen unserer Camperreise durch Europa auf Gran Canaria verbracht. Den [&hellip;]<\/p>\n","protected":false},"author":3,"featured_media":18161,"comment_status":"open","ping_status":"open","sticky":false,"template":"","format":"standard","meta":{"_themeisle_gutenberg_block_has_review":false,"footnotes":""},"categories":[246,8,4,377],"tags":[1299,1895,1685,1300,1303,1857,1308,880,1304,580,1920,1852,1829,901,1854,1309,1921,1298,902,1305,883,1858,1834,1311,1306,1302,895,1307,884,1892,1916,1749,143,1301,1688,1310],"class_list":["post-17996","post","type-post","status-publish","format-standard","has-post-thumbnail","hentry","category-spanien","category-europa","category-laender","category-spielplaetze","tag-agueimes","tag-anfi-del-mar","tag-arguineguin","tag-arinaga","tag-bufadero","tag-cactualdea-park","tag-canada-de-los-gatos","tag-castillo-del-romeral","tag-cenobio-de-valeron","tag-europa","tag-faro-de-sardina","tag-fataga","tag-firgas","tag-gran-canaria","tag-hacienda-la-rekompensa","tag-ingenio","tag-jinamar","tag-kanaren","tag-kanarische-inseln","tag-las-palmas","tag-maspalomas","tag-mirador-del-balcon","tag-museo-elder","tag-palmitos-park","tag-parque-de-las-rehoyas","tag-parque-natural-tamadaba","tag-pico-de-las-nieves","tag-playa-del-ingles","tag-puerto-de-mogan","tag-salinas-de-tenefe","tag-san-agustin","tag-santa-brigida","tag-spanien","tag-tejeda","tag-telde","tag-teror"],"_links":{"self":[{"href":"https:\/\/familie-weitgereist.de\/index.php?rest_route=\/wp\/v2\/posts\/17996","targetHints":{"allow":["GET"]}}],"collection":[{"href":"https:\/\/familie-weitgereist.de\/index.php?rest_route=\/wp\/v2\/posts"}],"about":[{"href":"https:\/\/familie-weitgereist.de\/index.php?rest_route=\/wp\/v2\/types\/post"}],"author":[{"embeddable":true,"href":"https:\/\/familie-weitgereist.de\/index.php?rest_route=\/wp\/v2\/users\/3"}],"replies":[{"embeddable":true,"href":"https:\/\/familie-weitgereist.de\/index.php?rest_route=%2Fwp%2Fv2%2Fcomments&post=17996"}],"version-history":[{"count":158,"href":"https:\/\/familie-weitgereist.de\/index.php?rest_route=\/wp\/v2\/posts\/17996\/revisions"}],"predecessor-version":[{"id":25336,"href":"https:\/\/familie-weitgereist.de\/index.php?rest_route=\/wp\/v2\/posts\/17996\/revisions\/25336"}],"wp:featuredmedia":[{"embeddable":true,"href":"https:\/\/familie-weitgereist.de\/index.php?rest_route=\/wp\/v2\/media\/18161"}],"wp:attachment":[{"href":"https:\/\/familie-weitgereist.de\/index.php?rest_route=%2Fwp%2Fv2%2Fmedia&parent=17996"}],"wp:term":[{"taxonomy":"category","embeddable":true,"href":"https:\/\/familie-weitgereist.de\/index.php?rest_route=%2Fwp%2Fv2%2Fcategories&post=17996"},{"taxonomy":"post_tag","embeddable":true,"href":"https:\/\/familie-weitgereist.de\/index.php?rest_route=%2Fwp%2Fv2%2Ftags&post=17996"}],"curies":[{"name":"wp","href":"https:\/\/api.w.org\/{rel}","templated":true}]}}