{"id":17850,"date":"2024-04-02T18:07:02","date_gmt":"2024-04-02T16:07:02","guid":{"rendered":"https:\/\/familie-weitgereist.de\/?p=17850"},"modified":"2025-11-12T22:34:59","modified_gmt":"2025-11-12T21:34:59","slug":"havelseengebiet-in-brandenburg-mit-kind-und-baby","status":"publish","type":"post","link":"https:\/\/familie-weitgereist.de\/?p=17850","title":{"rendered":"Havelseengebiet in Brandenburg mit Kind und Baby"},"content":{"rendered":"\n<p>Unseren <strong>ersten Campertrip<\/strong> haben wir dieses Jahr (2024) am langen Osterwochenende im Havelseengebiet in Brandenburg verbracht. Nachdem wir am Gr\u00fcndonnerstag von den Seychellen zur\u00fcck gereist sind, hat Philipp am Karfreitag unseren Camper startklar gemacht und Samstag Vormittag sind wir los gefahren. Wir hatten drei Tage Zeit und hatten jeden Tag wundervolle Erlebnisse. Wir lieben es in unserem Camper zu \u00fcbernachten!<\/p>\n\n\n\n<h2 class=\"wp-block-heading\">Havelseengebiet<\/h2>\n\n\n\n<p>Das Potsdamer Havelseengebiet ist wundersch\u00f6n. Es liegt unweit von Berlin. Die vielen Seen und die Havel bieten ein gro\u00dfes Naherholungsgebiet als Kontrast zu den gro\u00dfen St\u00e4dten Berlin und Potsdam. Zudem ist es ein Schutzgebiet f\u00fcr viele Tier- und Pflanzenarten. Wir besuchten die St\u00e4dte Potsdam und Brandenburg an der Havel.<\/p>\n\n\n\n<h2 class=\"wp-block-heading\">Potsdam <\/h2>\n\n\n\n<p>Potsdam ist die Landeshauptstadt von Brandenburg und liegt unweit von Berlin entfernt. In Potsdam gibt es unwahrscheinlich viel zu entdecken. Potsdam hat 16 Schl\u00f6sser, das meist Bekannte ist das Schloss Sanssouci. <\/p>\n\n\n\n<p>Wir erkundeten die Altstadt von Potsdam und schlenderten durch das <strong>Holl\u00e4ndische Viertel<\/strong> von Potsdam. Die wundersch\u00f6n rekonstruierten Backsteinh\u00e4user \u00e4hneln sich in ihrer Bauweise stark der H\u00e4user in Amsterdam. Wir hatten einen herrlichen Fr\u00fchlingstag und genossen das Flair beim Schlendern durch die Gassen.<\/p>\n\n\n\n<div id=\"wp-block-themeisle-blocks-slider-7eeef0a4\" class=\"wp-block-themeisle-blocks-slider glide\" data-per-view=\"1\" data-gap=\"0\" data-peek=\"0\" data-autoplay=\"true\" data-height=\"400px\" data-hide-arrows=\"false\"><div class=\"glide__track\" data-glide-el=\"track\"><div class=\"glide__slides\"><div class=\"wp-block-themeisle-blocks-slider-item-wrapper glide__slide\" tabindex=\"0\"><figure><img decoding=\"async\" class=\"wp-block-themeisle-blocks-slider-item\" src=\"https:\/\/familie-weitgereist.de\/wp-content\/uploads\/2024\/04\/IMG_20240330_125712-scaled.jpg\" alt=\"\" title=\"\" data-id=\"17856\"\/><\/figure><\/div><div class=\"wp-block-themeisle-blocks-slider-item-wrapper glide__slide\" tabindex=\"0\"><figure><img decoding=\"async\" class=\"wp-block-themeisle-blocks-slider-item\" src=\"https:\/\/familie-weitgereist.de\/wp-content\/uploads\/2024\/04\/IMG_20240330_125312-scaled.jpg\" alt=\"\" title=\"\" data-id=\"17857\"\/><\/figure><\/div><div class=\"wp-block-themeisle-blocks-slider-item-wrapper glide__slide\" tabindex=\"0\"><figure><img decoding=\"async\" class=\"wp-block-themeisle-blocks-slider-item\" src=\"https:\/\/familie-weitgereist.de\/wp-content\/uploads\/2024\/04\/IMG_20240330_124442-scaled.jpg\" alt=\"\" title=\"\" data-id=\"17858\"\/><\/figure><\/div><\/div><div class=\"glide__bullets\" data-glide-el=\"controls[nav]\"><button class=\"glide__bullet\" data-glide-dir=\"=0\"><\/button><button class=\"glide__bullet\" data-glide-dir=\"=1\"><\/button><button class=\"glide__bullet\" data-glide-dir=\"=2\"><\/button><\/div><\/div><\/div>\n\n\n\n<p>Das <strong>Brandenburger Tor in Potsdam <\/strong>entstand 1733, zentral am Luisenplatz. Hier kamen die Wege zusammen, die zu den Schl\u00f6ssern Potsdams immer noch f\u00fchren. 1770\/1771 wurde es neu gestaltet. Als Vorbild diente ein r\u00f6mischer Triumphbogen.<\/p>\n\n\n\n<figure class=\"wp-block-image size-large\"><img loading=\"lazy\" decoding=\"async\" width=\"1024\" height=\"768\" src=\"https:\/\/familie-weitgereist.de\/wp-content\/uploads\/2024\/04\/IMG_20240330_134715-1024x768.jpg\" alt=\"\" class=\"wp-image-17862\" srcset=\"https:\/\/familie-weitgereist.de\/wp-content\/uploads\/2024\/04\/IMG_20240330_134715-1024x768.jpg 1024w, https:\/\/familie-weitgereist.de\/wp-content\/uploads\/2024\/04\/IMG_20240330_134715-300x225.jpg 300w, https:\/\/familie-weitgereist.de\/wp-content\/uploads\/2024\/04\/IMG_20240330_134715-768x576.jpg 768w, https:\/\/familie-weitgereist.de\/wp-content\/uploads\/2024\/04\/IMG_20240330_134715-1536x1152.jpg 1536w, https:\/\/familie-weitgereist.de\/wp-content\/uploads\/2024\/04\/IMG_20240330_134715-2048x1536.jpg 2048w, https:\/\/familie-weitgereist.de\/wp-content\/uploads\/2024\/04\/IMG_20240330_134715-1200x900.jpg 1200w, https:\/\/familie-weitgereist.de\/wp-content\/uploads\/2024\/04\/IMG_20240330_134715-1980x1485.jpg 1980w, https:\/\/familie-weitgereist.de\/wp-content\/uploads\/2024\/04\/IMG_20240330_134715-150x113.jpg 150w\" sizes=\"auto, (max-width: 1024px) 100vw, 1024px\" \/><\/figure>\n\n\n\n<p>Die <strong>Freundschaftsinsel<\/strong> ist ein Naherholungsgebiet im Zentrum von Potsdam, unweit des Hauptbahnhofes. Sie wird von der Havel umflossen. Es gibt einen gro\u00dfen Spielplatz, viele Gr\u00fcnfl\u00e4chen, bunte Blumen, sch\u00f6n angelegte Wege und ausreichend B\u00e4nke zum Ausruhen. Vorbeiziehende Schiffe k\u00f6nnen beobachtet werden. Von der Freundschaftsinsel bieten sich sch\u00f6ne Ausblicke auf die Nikolaikirche.<\/p>\n\n\n\n<figure class=\"wp-block-image size-large\"><img loading=\"lazy\" decoding=\"async\" width=\"1024\" height=\"768\" src=\"https:\/\/familie-weitgereist.de\/wp-content\/uploads\/2024\/04\/IMG_20240330_141513-1024x768.jpg\" alt=\"\" class=\"wp-image-17864\" srcset=\"https:\/\/familie-weitgereist.de\/wp-content\/uploads\/2024\/04\/IMG_20240330_141513-1024x768.jpg 1024w, https:\/\/familie-weitgereist.de\/wp-content\/uploads\/2024\/04\/IMG_20240330_141513-300x225.jpg 300w, https:\/\/familie-weitgereist.de\/wp-content\/uploads\/2024\/04\/IMG_20240330_141513-768x576.jpg 768w, https:\/\/familie-weitgereist.de\/wp-content\/uploads\/2024\/04\/IMG_20240330_141513-1536x1152.jpg 1536w, https:\/\/familie-weitgereist.de\/wp-content\/uploads\/2024\/04\/IMG_20240330_141513-2048x1536.jpg 2048w, https:\/\/familie-weitgereist.de\/wp-content\/uploads\/2024\/04\/IMG_20240330_141513-1200x900.jpg 1200w, https:\/\/familie-weitgereist.de\/wp-content\/uploads\/2024\/04\/IMG_20240330_141513-1980x1485.jpg 1980w, https:\/\/familie-weitgereist.de\/wp-content\/uploads\/2024\/04\/IMG_20240330_141513-150x113.jpg 150w\" sizes=\"auto, (max-width: 1024px) 100vw, 1024px\" \/><\/figure>\n\n\n\n<h2 class=\"wp-block-heading\">Brandenburg an der Havel<\/h2>\n\n\n\n<p>Brandenburg an der Havel ist eine gro\u00dfe Stadt mit ca. 72.000 Einwohnern. Sie ist bekannt f\u00fcr ihr gotisches Stadtzentrum mit Backsteinh\u00e4usern. Die Stadt liegt direkt an der Havel und wird von ihr durchzogen. Das Wasser ist nahezu \u00fcberall pr\u00e4sent. Bekannt ist die Stadt f\u00fcr den <strong>Brandenburger Dom<\/strong> mit einer barocken Orgel.<\/p>\n\n\n\n<p>Die Stadt verf\u00fcgt \u00fcber eine Stra\u00dfenbahn. Es gibt viele Stadtparks und Spielpl\u00e4tze. Um den <strong>Marienberg<\/strong> befindet sich ein gro\u00dfz\u00fcgig angelegter Park mit Spielpl\u00e4tzen.  Von oben hatten wir einen sch\u00f6nen Ausblick auf die gesamte Stadt.<\/p>\n\n\n\n<div id=\"wp-block-themeisle-blocks-slider-576360e1\" class=\"wp-block-themeisle-blocks-slider glide\" data-per-view=\"1\" data-gap=\"0\" data-peek=\"0\" data-autoplay=\"true\" data-height=\"400px\" data-hide-arrows=\"false\"><div class=\"glide__track\" data-glide-el=\"track\"><div class=\"glide__slides\"><div class=\"wp-block-themeisle-blocks-slider-item-wrapper glide__slide\" tabindex=\"0\"><figure><img decoding=\"async\" class=\"wp-block-themeisle-blocks-slider-item\" src=\"https:\/\/familie-weitgereist.de\/wp-content\/uploads\/2024\/04\/IMG_20240331_155629-scaled.jpg\" alt=\"\" title=\"\" data-id=\"17869\"\/><\/figure><\/div><div class=\"wp-block-themeisle-blocks-slider-item-wrapper glide__slide\" tabindex=\"0\"><figure><img decoding=\"async\" class=\"wp-block-themeisle-blocks-slider-item\" src=\"https:\/\/familie-weitgereist.de\/wp-content\/uploads\/2024\/04\/IMG_20240331_154155-scaled.jpg\" alt=\"\" title=\"\" data-id=\"17871\"\/><\/figure><\/div><div class=\"wp-block-themeisle-blocks-slider-item-wrapper glide__slide\" tabindex=\"0\"><figure><img decoding=\"async\" class=\"wp-block-themeisle-blocks-slider-item\" src=\"https:\/\/familie-weitgereist.de\/wp-content\/uploads\/2024\/04\/IMG_20240331_153228-scaled.jpg\" alt=\"\" title=\"\" data-id=\"17872\"\/><\/figure><\/div><div class=\"wp-block-themeisle-blocks-slider-item-wrapper glide__slide\" tabindex=\"0\"><figure><img decoding=\"async\" class=\"wp-block-themeisle-blocks-slider-item\" src=\"https:\/\/familie-weitgereist.de\/wp-content\/uploads\/2024\/04\/IMG_20240331_132643-scaled.jpg\" alt=\"\" title=\"\" data-id=\"17873\"\/><\/figure><\/div><\/div><div class=\"glide__bullets\" data-glide-el=\"controls[nav]\"><button class=\"glide__bullet\" data-glide-dir=\"=0\"><\/button><button class=\"glide__bullet\" data-glide-dir=\"=1\"><\/button><button class=\"glide__bullet\" data-glide-dir=\"=2\"><\/button><button class=\"glide__bullet\" data-glide-dir=\"=3\"><\/button><\/div><\/div><\/div>\n\n\n\n<h2 class=\"wp-block-heading\">Bad Belzig<\/h2>\n\n\n\n<p>Bad Belzig ist eine Kleinstadt im Landkreis Potsdam-Mittelmark. Seit 2010 erhielt sie den Zusatz &#8222;Bad&#8220;, da sie ein &#8222;Staatlich anerkanntes Thermal-Soleheilbad&#8220; ist. Bekannt ist die Stadt durch die <strong>Burg Eisenhardt<\/strong>. Die Stadt hat ein sch\u00f6nes Stadtzentrum mit Kopfsteinpflasterstra\u00dfen und -gassen. Zudem gibt es viele Spielpl\u00e4tze.<\/p>\n\n\n\n<div id=\"wp-block-themeisle-blocks-slider-5e3d3d70\" class=\"wp-block-themeisle-blocks-slider glide\" data-per-view=\"1\" data-gap=\"0\" data-peek=\"0\" data-autoplay=\"true\" data-height=\"400px\" data-hide-arrows=\"false\"><div class=\"glide__track\" data-glide-el=\"track\"><div class=\"glide__slides\"><div class=\"wp-block-themeisle-blocks-slider-item-wrapper glide__slide\" tabindex=\"0\"><figure><img decoding=\"async\" class=\"wp-block-themeisle-blocks-slider-item\" src=\"https:\/\/familie-weitgereist.de\/wp-content\/uploads\/2024\/04\/IMG_20240401_122617-scaled.jpg\" alt=\"\" title=\"\" data-id=\"17875\"\/><\/figure><\/div><div class=\"wp-block-themeisle-blocks-slider-item-wrapper glide__slide\" tabindex=\"0\"><figure><img decoding=\"async\" class=\"wp-block-themeisle-blocks-slider-item\" src=\"https:\/\/familie-weitgereist.de\/wp-content\/uploads\/2024\/04\/IMG_20240401_122007-scaled.jpg\" alt=\"\" title=\"\" data-id=\"17876\"\/><\/figure><\/div><div class=\"wp-block-themeisle-blocks-slider-item-wrapper glide__slide\" tabindex=\"0\"><figure><img decoding=\"async\" class=\"wp-block-themeisle-blocks-slider-item\" src=\"https:\/\/familie-weitgereist.de\/wp-content\/uploads\/2024\/04\/IMG_20240401_115829-scaled.jpg\" alt=\"\" title=\"\" data-id=\"17877\"\/><\/figure><\/div><\/div><div class=\"glide__bullets\" data-glide-el=\"controls[nav]\"><button class=\"glide__bullet\" data-glide-dir=\"=0\"><\/button><button class=\"glide__bullet\" data-glide-dir=\"=1\"><\/button><button class=\"glide__bullet\" data-glide-dir=\"=2\"><\/button><\/div><\/div><\/div>\n\n\n\n<p>In dem <strong>kleinen Stadtteil Borne<\/strong> befindet sich eine gro\u00dfe <strong>Bockwindm\u00fchle<\/strong>. Wir wanderten eine kleine Runde im Wald bis zur Bockwindm\u00fchle und hatten einen sch\u00f6nen Ausblick auf Borne.<\/p>\n\n\n\n<figure class=\"wp-block-image size-large\"><img loading=\"lazy\" decoding=\"async\" width=\"1024\" height=\"768\" src=\"https:\/\/familie-weitgereist.de\/wp-content\/uploads\/2024\/04\/IMG_20240401_144729-1024x768.jpg\" alt=\"\" class=\"wp-image-17878\" srcset=\"https:\/\/familie-weitgereist.de\/wp-content\/uploads\/2024\/04\/IMG_20240401_144729-1024x768.jpg 1024w, https:\/\/familie-weitgereist.de\/wp-content\/uploads\/2024\/04\/IMG_20240401_144729-300x225.jpg 300w, https:\/\/familie-weitgereist.de\/wp-content\/uploads\/2024\/04\/IMG_20240401_144729-768x576.jpg 768w, https:\/\/familie-weitgereist.de\/wp-content\/uploads\/2024\/04\/IMG_20240401_144729-1536x1152.jpg 1536w, https:\/\/familie-weitgereist.de\/wp-content\/uploads\/2024\/04\/IMG_20240401_144729-2048x1536.jpg 2048w, https:\/\/familie-weitgereist.de\/wp-content\/uploads\/2024\/04\/IMG_20240401_144729-1200x900.jpg 1200w, https:\/\/familie-weitgereist.de\/wp-content\/uploads\/2024\/04\/IMG_20240401_144729-1980x1485.jpg 1980w, https:\/\/familie-weitgereist.de\/wp-content\/uploads\/2024\/04\/IMG_20240401_144729-150x113.jpg 150w\" sizes=\"auto, (max-width: 1024px) 100vw, 1024px\" \/><\/figure>\n","protected":false},"excerpt":{"rendered":"<p>Unseren ersten Campertrip haben wir dieses Jahr (2024) am langen Osterwochenende im Havelseengebiet in Brandenburg verbracht. Nachdem wir am Gr\u00fcndonnerstag von den Seychellen zur\u00fcck gereist sind, hat Philipp am Karfreitag unseren Camper startklar gemacht und Samstag Vormittag sind wir los gefahren. Wir hatten drei Tage Zeit und hatten jeden Tag wundervolle Erlebnisse. Wir lieben es [&hellip;]<\/p>\n","protected":false},"author":3,"featured_media":17856,"comment_status":"open","ping_status":"open","sticky":false,"template":"","format":"standard","meta":{"_themeisle_gutenberg_block_has_review":false,"footnotes":""},"categories":[242,1753],"tags":[1286,203,1287,1288,325,1284,1283,1285,1290,1289],"class_list":["post-17850","post","type-post","status-publish","format-standard","has-post-thumbnail","hentry","category-deutschland","category-brandenburg","tag-bad-belzig","tag-brandenburg","tag-brandenburg-an-der-havel","tag-camper","tag-deutschland","tag-havel","tag-havelseengebiet","tag-potsdam","tag-volkswagen","tag-vw-t6"],"_links":{"self":[{"href":"https:\/\/familie-weitgereist.de\/index.php?rest_route=\/wp\/v2\/posts\/17850","targetHints":{"allow":["GET"]}}],"collection":[{"href":"https:\/\/familie-weitgereist.de\/index.php?rest_route=\/wp\/v2\/posts"}],"about":[{"href":"https:\/\/familie-weitgereist.de\/index.php?rest_route=\/wp\/v2\/types\/post"}],"author":[{"embeddable":true,"href":"https:\/\/familie-weitgereist.de\/index.php?rest_route=\/wp\/v2\/users\/3"}],"replies":[{"embeddable":true,"href":"https:\/\/familie-weitgereist.de\/index.php?rest_route=%2Fwp%2Fv2%2Fcomments&post=17850"}],"version-history":[{"count":24,"href":"https:\/\/familie-weitgereist.de\/index.php?rest_route=\/wp\/v2\/posts\/17850\/revisions"}],"predecessor-version":[{"id":23359,"href":"https:\/\/familie-weitgereist.de\/index.php?rest_route=\/wp\/v2\/posts\/17850\/revisions\/23359"}],"wp:featuredmedia":[{"embeddable":true,"href":"https:\/\/familie-weitgereist.de\/index.php?rest_route=\/wp\/v2\/media\/17856"}],"wp:attachment":[{"href":"https:\/\/familie-weitgereist.de\/index.php?rest_route=%2Fwp%2Fv2%2Fmedia&parent=17850"}],"wp:term":[{"taxonomy":"category","embeddable":true,"href":"https:\/\/familie-weitgereist.de\/index.php?rest_route=%2Fwp%2Fv2%2Fcategories&post=17850"},{"taxonomy":"post_tag","embeddable":true,"href":"https:\/\/familie-weitgereist.de\/index.php?rest_route=%2Fwp%2Fv2%2Ftags&post=17850"}],"curies":[{"name":"wp","href":"https:\/\/api.w.org\/{rel}","templated":true}]}}