{"id":17719,"date":"2024-03-22T08:37:18","date_gmt":"2024-03-22T07:37:18","guid":{"rendered":"https:\/\/familie-weitgereist.de\/?p=17719"},"modified":"2025-09-29T23:55:44","modified_gmt":"2025-09-29T21:55:44","slug":"praslin-seychellen-mit-kind-und-baby","status":"publish","type":"post","link":"https:\/\/familie-weitgereist.de\/?p=17719","title":{"rendered":"Praslin, Seychellen mit Kind und Baby"},"content":{"rendered":"\n<p>Nachdem wir eine traumhafte Woche auf <a href=\"https:\/\/familie-weitgereist.de\/?p=17590\"><strong>Mah\u00e9<\/strong><\/a> verbracht haben, sind wir mit dem <strong>Speedboat der Firma Cat Cocos von Victoria auf Mah\u00e9 nach Praslin <\/strong>\u00fcbergesetzt. Die Fahrt dauerte 75 Minuten und wir hatten zum Gl\u00fcck ruhigen Wellengang, sodass es eine angenehme F\u00e4hrfahrt war.<\/p>\n\n\n\n<figure class=\"wp-block-image size-large\"><img loading=\"lazy\" decoding=\"async\" width=\"1024\" height=\"768\" src=\"https:\/\/familie-weitgereist.de\/wp-content\/uploads\/2024\/03\/IMG_20240320_094034-1024x768.jpg\" alt=\"\" class=\"wp-image-17738\" srcset=\"https:\/\/familie-weitgereist.de\/wp-content\/uploads\/2024\/03\/IMG_20240320_094034-1024x768.jpg 1024w, https:\/\/familie-weitgereist.de\/wp-content\/uploads\/2024\/03\/IMG_20240320_094034-300x225.jpg 300w, https:\/\/familie-weitgereist.de\/wp-content\/uploads\/2024\/03\/IMG_20240320_094034-768x576.jpg 768w, https:\/\/familie-weitgereist.de\/wp-content\/uploads\/2024\/03\/IMG_20240320_094034-1536x1152.jpg 1536w, https:\/\/familie-weitgereist.de\/wp-content\/uploads\/2024\/03\/IMG_20240320_094034-2048x1536.jpg 2048w, https:\/\/familie-weitgereist.de\/wp-content\/uploads\/2024\/03\/IMG_20240320_094034-1200x900.jpg 1200w, https:\/\/familie-weitgereist.de\/wp-content\/uploads\/2024\/03\/IMG_20240320_094034-1980x1485.jpg 1980w, https:\/\/familie-weitgereist.de\/wp-content\/uploads\/2024\/03\/IMG_20240320_094034-150x113.jpg 150w\" sizes=\"auto, (max-width: 1024px) 100vw, 1024px\" \/><\/figure>\n\n\n\n<p>Der Preis f\u00fcr die \u00dcberfahrt betrug ca. 65\u20ac pro Erwachsen, Kinder bis 12 Jahren zahlen ca. 40\u20ac und Babys unter 2 fahren gratis mit. (<em>Stand M\u00e4rz 2024<\/em>)<\/p>\n\n\n\n<p>Unsere Unterkunft befand sich in dem kleinen Ort <strong>Grand Anse<\/strong>. Gegen\u00fcber der Stra\u00dfe befand sich schon der traumhafte Strand, sodass wir t\u00e4glich in weniger als 5 Minuten am Strand waren. Wir haben 5 Tage im Tourterelle Holiday Home verbracht.<\/p>\n\n\n\n<figure class=\"wp-block-image size-large\"><img loading=\"lazy\" decoding=\"async\" width=\"1024\" height=\"768\" src=\"https:\/\/familie-weitgereist.de\/wp-content\/uploads\/2024\/03\/IMG_20240318_131537-1024x768.jpg\" alt=\"\" class=\"wp-image-17723\" srcset=\"https:\/\/familie-weitgereist.de\/wp-content\/uploads\/2024\/03\/IMG_20240318_131537-1024x768.jpg 1024w, https:\/\/familie-weitgereist.de\/wp-content\/uploads\/2024\/03\/IMG_20240318_131537-300x225.jpg 300w, https:\/\/familie-weitgereist.de\/wp-content\/uploads\/2024\/03\/IMG_20240318_131537-768x576.jpg 768w, https:\/\/familie-weitgereist.de\/wp-content\/uploads\/2024\/03\/IMG_20240318_131537-1536x1152.jpg 1536w, https:\/\/familie-weitgereist.de\/wp-content\/uploads\/2024\/03\/IMG_20240318_131537-2048x1536.jpg 2048w, https:\/\/familie-weitgereist.de\/wp-content\/uploads\/2024\/03\/IMG_20240318_131537-1200x900.jpg 1200w, https:\/\/familie-weitgereist.de\/wp-content\/uploads\/2024\/03\/IMG_20240318_131537-1980x1485.jpg 1980w, https:\/\/familie-weitgereist.de\/wp-content\/uploads\/2024\/03\/IMG_20240318_131537-150x113.jpg 150w\" sizes=\"auto, (max-width: 1024px) 100vw, 1024px\" \/><\/figure>\n\n\n\n<p>Diesmal mieteten wir uns kein Auto, da Philipp arbeitete und wir uns den Tag \u00fcber am Strand vergn\u00fcgten.<\/p>\n\n\n\n<h2 class=\"wp-block-heading\">Allgemeine Informationen<\/h2>\n\n\n\n<p>Praslin ist die zweitgr\u00f6\u00dfte Insel der Seychellen mit etwa 7500 Einwohner. 1744 nannte Lazare Picault, der franz\u00f6sische Entdecker der Seychellen, Praslin &#8222;<em>Isle de Palmes<\/em>&#8222;. Der Flughafen auf Praslin wird heute noch so genannt. Das ber\u00fchmte &#8222;<em>Vall\u00e9e de Mai<\/em>&#8220; ist bekannt f\u00fcr seine &#8222;<em>Coco-de-Mer<\/em>&#8220; Palme, die auf Praslin endemisch ist. Praslin ist ruhig, es gibt traumhafte Str\u00e4nde und herrliche Palmen. Dazu kann man auf der Insel wandern gehen, im ber\u00fchmten &#8222;Vall\u00e9e de Mai&#8220; und an den K\u00fcsten entlang.<\/p>\n\n\n\n<h2 class=\"wp-block-heading\">Grand Anse Strand<\/h2>\n\n\n\n<p>Wir waren sehr oft an unserem &#8222;Hausstrand&#8220; in Grand Anse. Der Sand ist hier wunderbar fein und wei\u00df. Die Str\u00e4nde auf den Seychellen sind einfach traumhaft paradiesisch! Das Wasser fiel flach ab, perfekt f\u00fcr kleine Kinder und die Wassertemperatur betrug 33\u00b0C. Es gab durch die vielen Kokospalmen ausreichend Schatten \u00fcber den Tag verteilt.<\/p>\n\n\n\n<div id=\"wp-block-themeisle-blocks-slider-baa7040f\" class=\"wp-block-themeisle-blocks-slider glide\" data-per-view=\"1\" data-gap=\"0\" data-peek=\"0\" data-autoplay=\"true\" data-height=\"400px\" data-hide-arrows=\"false\"><div class=\"glide__track\" data-glide-el=\"track\"><div class=\"glide__slides\"><div class=\"wp-block-themeisle-blocks-slider-item-wrapper glide__slide\" tabindex=\"0\"><figure><img decoding=\"async\" class=\"wp-block-themeisle-blocks-slider-item\" src=\"https:\/\/familie-weitgereist.de\/wp-content\/uploads\/2024\/03\/IMG_20240320_103628-1-scaled.jpg\" alt=\"\" title=\"\" data-id=\"17733\"\/><\/figure><\/div><div class=\"wp-block-themeisle-blocks-slider-item-wrapper glide__slide\" tabindex=\"0\"><figure><img decoding=\"async\" class=\"wp-block-themeisle-blocks-slider-item\" src=\"https:\/\/familie-weitgereist.de\/wp-content\/uploads\/2024\/03\/IMG_20240320_094022-scaled.jpg\" alt=\"\" title=\"\" data-id=\"17735\"\/><\/figure><\/div><div class=\"wp-block-themeisle-blocks-slider-item-wrapper glide__slide\" tabindex=\"0\"><figure><img decoding=\"async\" class=\"wp-block-themeisle-blocks-slider-item\" src=\"https:\/\/familie-weitgereist.de\/wp-content\/uploads\/2024\/03\/IMG_20240320_093452-scaled.jpg\" alt=\"\" title=\"\" data-id=\"17736\"\/><\/figure><\/div><\/div><div class=\"glide__bullets\" data-glide-el=\"controls[nav]\"><button class=\"glide__bullet\" data-glide-dir=\"=0\"><\/button><button class=\"glide__bullet\" data-glide-dir=\"=1\"><\/button><button class=\"glide__bullet\" data-glide-dir=\"=2\"><\/button><\/div><\/div><\/div>\n\n\n\n<p>Die Sonnenunterg\u00e4nge auf den Seychellen sind wundersch\u00f6n!<\/p>\n\n\n\n<figure class=\"wp-block-image size-large\"><img loading=\"lazy\" decoding=\"async\" width=\"1024\" height=\"768\" src=\"https:\/\/familie-weitgereist.de\/wp-content\/uploads\/2024\/03\/IMG_20240319_182240-1024x768.jpg\" alt=\"\" class=\"wp-image-17727\" srcset=\"https:\/\/familie-weitgereist.de\/wp-content\/uploads\/2024\/03\/IMG_20240319_182240-1024x768.jpg 1024w, https:\/\/familie-weitgereist.de\/wp-content\/uploads\/2024\/03\/IMG_20240319_182240-300x225.jpg 300w, https:\/\/familie-weitgereist.de\/wp-content\/uploads\/2024\/03\/IMG_20240319_182240-768x576.jpg 768w, https:\/\/familie-weitgereist.de\/wp-content\/uploads\/2024\/03\/IMG_20240319_182240-1536x1152.jpg 1536w, https:\/\/familie-weitgereist.de\/wp-content\/uploads\/2024\/03\/IMG_20240319_182240-2048x1536.jpg 2048w, https:\/\/familie-weitgereist.de\/wp-content\/uploads\/2024\/03\/IMG_20240319_182240-1200x900.jpg 1200w, https:\/\/familie-weitgereist.de\/wp-content\/uploads\/2024\/03\/IMG_20240319_182240-1980x1485.jpg 1980w, https:\/\/familie-weitgereist.de\/wp-content\/uploads\/2024\/03\/IMG_20240319_182240-150x113.jpg 150w\" sizes=\"auto, (max-width: 1024px) 100vw, 1024px\" \/><\/figure>\n\n\n\n<p>Nach unserem Aufenthalt auf Praslin ging f\u00fcr uns die Reise weiter nach <strong><a href=\"https:\/\/familie-weitgereist.de\/?p=17783\" data-type=\"link\" data-id=\"https:\/\/familie-weitgereist.de\/?p=17783\">La Digue<\/a><\/strong>.<\/p>\n","protected":false},"excerpt":{"rendered":"<p>Nachdem wir eine traumhafte Woche auf Mah\u00e9 verbracht haben, sind wir mit dem Speedboat der Firma Cat Cocos von Victoria auf Mah\u00e9 nach Praslin \u00fcbergesetzt. Die Fahrt dauerte 75 Minuten und wir hatten zum Gl\u00fcck ruhigen Wellengang, sodass es eine angenehme F\u00e4hrfahrt war. Der Preis f\u00fcr die \u00dcberfahrt betrug ca. 65\u20ac pro Erwachsen, Kinder bis [&hellip;]<\/p>\n","protected":false},"author":3,"featured_media":17725,"comment_status":"open","ping_status":"open","sticky":false,"template":"","format":"standard","meta":{"_themeisle_gutenberg_block_has_review":false,"footnotes":""},"categories":[1279,258,4],"tags":[260,1278,1277,1264],"class_list":["post-17719","post","type-post","status-publish","format-standard","has-post-thumbnail","hentry","category-seychellen","category-afrika","category-laender","tag-afrika","tag-grand-anse","tag-praslin","tag-seychellen"],"_links":{"self":[{"href":"https:\/\/familie-weitgereist.de\/index.php?rest_route=\/wp\/v2\/posts\/17719","targetHints":{"allow":["GET"]}}],"collection":[{"href":"https:\/\/familie-weitgereist.de\/index.php?rest_route=\/wp\/v2\/posts"}],"about":[{"href":"https:\/\/familie-weitgereist.de\/index.php?rest_route=\/wp\/v2\/types\/post"}],"author":[{"embeddable":true,"href":"https:\/\/familie-weitgereist.de\/index.php?rest_route=\/wp\/v2\/users\/3"}],"replies":[{"embeddable":true,"href":"https:\/\/familie-weitgereist.de\/index.php?rest_route=%2Fwp%2Fv2%2Fcomments&post=17719"}],"version-history":[{"count":20,"href":"https:\/\/familie-weitgereist.de\/index.php?rest_route=\/wp\/v2\/posts\/17719\/revisions"}],"predecessor-version":[{"id":23361,"href":"https:\/\/familie-weitgereist.de\/index.php?rest_route=\/wp\/v2\/posts\/17719\/revisions\/23361"}],"wp:featuredmedia":[{"embeddable":true,"href":"https:\/\/familie-weitgereist.de\/index.php?rest_route=\/wp\/v2\/media\/17725"}],"wp:attachment":[{"href":"https:\/\/familie-weitgereist.de\/index.php?rest_route=%2Fwp%2Fv2%2Fmedia&parent=17719"}],"wp:term":[{"taxonomy":"category","embeddable":true,"href":"https:\/\/familie-weitgereist.de\/index.php?rest_route=%2Fwp%2Fv2%2Fcategories&post=17719"},{"taxonomy":"post_tag","embeddable":true,"href":"https:\/\/familie-weitgereist.de\/index.php?rest_route=%2Fwp%2Fv2%2Ftags&post=17719"}],"curies":[{"name":"wp","href":"https:\/\/api.w.org\/{rel}","templated":true}]}}