{"id":17590,"date":"2024-03-20T18:26:54","date_gmt":"2024-03-20T17:26:54","guid":{"rendered":"https:\/\/familie-weitgereist.de\/?p=17590"},"modified":"2025-09-29T23:56:28","modified_gmt":"2025-09-29T21:56:28","slug":"mahe-seychellen-mit-kind-und-baby","status":"publish","type":"post","link":"https:\/\/familie-weitgereist.de\/?p=17590","title":{"rendered":"Mah\u00e9, Seychellen mit Kind und Baby"},"content":{"rendered":"\n<p>Die Seychellen sind ein Inselstaat im Indischen Ozean. Es gibt 115 Inseln, die drei Hauptinseln sind Mah\u00e9, Praslin und La Digue. Mehr als ein Drittel der Bev\u00f6lkerung wohnt in Victoria auf Mah\u00e9, der Hauptstadt der Seychellen.<\/p>\n\n\n\n<figure class=\"wp-block-image size-large\"><img loading=\"lazy\" decoding=\"async\" width=\"1024\" height=\"768\" src=\"https:\/\/familie-weitgereist.de\/wp-content\/uploads\/2024\/03\/IMG_20240315_145806-1024x768.jpg\" alt=\"\" class=\"wp-image-17768\" srcset=\"https:\/\/familie-weitgereist.de\/wp-content\/uploads\/2024\/03\/IMG_20240315_145806-1024x768.jpg 1024w, https:\/\/familie-weitgereist.de\/wp-content\/uploads\/2024\/03\/IMG_20240315_145806-300x225.jpg 300w, https:\/\/familie-weitgereist.de\/wp-content\/uploads\/2024\/03\/IMG_20240315_145806-768x576.jpg 768w, https:\/\/familie-weitgereist.de\/wp-content\/uploads\/2024\/03\/IMG_20240315_145806-1536x1152.jpg 1536w, https:\/\/familie-weitgereist.de\/wp-content\/uploads\/2024\/03\/IMG_20240315_145806-2048x1536.jpg 2048w, https:\/\/familie-weitgereist.de\/wp-content\/uploads\/2024\/03\/IMG_20240315_145806-1200x900.jpg 1200w, https:\/\/familie-weitgereist.de\/wp-content\/uploads\/2024\/03\/IMG_20240315_145806-1980x1485.jpg 1980w, https:\/\/familie-weitgereist.de\/wp-content\/uploads\/2024\/03\/IMG_20240315_145806-150x113.jpg 150w\" sizes=\"auto, (max-width: 1024px) 100vw, 1024px\" \/><\/figure>\n\n\n\n<p id=\"mahe\">Unsere Erlebnisse auf <a href=\"https:\/\/familie-weitgereist.de\/?p=17590\/#mahe\">Mah\u00e9<\/a>:<\/p>\n\n\n\n<ul class=\"wp-block-list\">\n<li><a href=\"https:\/\/familie-weitgereist.de\/?p=17590\/#anseroyale\">Anse Royale Beach<\/a><\/li>\n\n\n\n<li><a href=\"https:\/\/familie-weitgereist.de\/?p=17590\/#lazare\">Baie Lazare Public Beach<\/a><\/li>\n\n\n\n<li><a href=\"https:\/\/familie-weitgereist.de\/?p=17590\/#beauvallon\">Beau Vallon Bay<\/a><\/li>\n\n\n\n<li><a href=\"https:\/\/familie-weitgereist.de\/?p=17590\/#botanisch\">Botanischer Garten Victoria<\/a><\/li>\n\n\n\n<li><a href=\"https:\/\/familie-weitgereist.de\/?p=17590\/#victoria\">Hauptstadt Victoria<\/a> <\/li>\n\n\n\n<li><a href=\"https:\/\/familie-weitgereist.de\/?p=17590\/#edenisland\">Viewpoint Eden Island<\/a><\/li>\n\n\n\n<li><a href=\"https:\/\/familie-weitgereist.de\/?p=17590\/#ansemajor\">Wanderung Anse Major Trail<\/a><\/li>\n\n\n\n<li><a href=\"https:\/\/familie-weitgereist.de\/?p=17590\/#glacis\">Wanderung Glacis La Reserve Trail<\/a><\/li>\n\n\n\n<li><a href=\"https:\/\/familie-weitgereist.de\/?p=17590\/#morneblanc\">Wanderung Morne Blanc<\/a><\/li>\n<\/ul>\n\n\n\n<h2 class=\"wp-block-heading\">Allgemeine Informationen<\/h2>\n\n\n\n<p>Wir haben uns auf Mah\u00e9 mit einem Mietwagen fortbewegt. Es herrscht Linksverkehr. Die W\u00e4hrung auf den Seychellen ist der Seychellen-Rupie mit einem Wechselkurs von 1:15. (<em>Stand M\u00e4rz<\/em> <em>2024<\/em>) <\/p>\n\n\n\n<figure class=\"wp-block-image size-large\"><img loading=\"lazy\" decoding=\"async\" width=\"768\" height=\"1024\" src=\"https:\/\/familie-weitgereist.de\/wp-content\/uploads\/2024\/03\/IMG_20240314_103443-768x1024.jpg\" alt=\"\" class=\"wp-image-17695\" srcset=\"https:\/\/familie-weitgereist.de\/wp-content\/uploads\/2024\/03\/IMG_20240314_103443-768x1024.jpg 768w, https:\/\/familie-weitgereist.de\/wp-content\/uploads\/2024\/03\/IMG_20240314_103443-225x300.jpg 225w, https:\/\/familie-weitgereist.de\/wp-content\/uploads\/2024\/03\/IMG_20240314_103443-1152x1536.jpg 1152w, https:\/\/familie-weitgereist.de\/wp-content\/uploads\/2024\/03\/IMG_20240314_103443-1536x2048.jpg 1536w, https:\/\/familie-weitgereist.de\/wp-content\/uploads\/2024\/03\/IMG_20240314_103443-1200x1600.jpg 1200w, https:\/\/familie-weitgereist.de\/wp-content\/uploads\/2024\/03\/IMG_20240314_103443-1980x2640.jpg 1980w, https:\/\/familie-weitgereist.de\/wp-content\/uploads\/2024\/03\/IMG_20240314_103443-640x853.jpg 640w, https:\/\/familie-weitgereist.de\/wp-content\/uploads\/2024\/03\/IMG_20240314_103443-150x200.jpg 150w, https:\/\/familie-weitgereist.de\/wp-content\/uploads\/2024\/03\/IMG_20240314_103443-scaled.jpg 1920w\" sizes=\"auto, (max-width: 768px) 100vw, 768px\" \/><\/figure>\n\n\n\n<h2 class=\"wp-block-heading\">Geschichte<\/h2>\n\n\n\n<p>Die Geschichte der Seychellen ist sehr jung. Die kleine Inselgruppe mitten im Indischen Ozean war unbewohnt, somit gibt es auch keine Ureinwohner. Der franz\u00f6sische Entdecker Lazare Picault fand 1742 die heute genannte Insel, Mah\u00e9. Er war so angetan von der \u00dcppigkeit und Sch\u00f6nheit, dass er sie &#8222;<em>L&#8217;\u00cele de l&#8217;Abondance<\/em>&#8220; nannte (Insel des \u00dcberflusses). Zwei Jahre sp\u00e4ter kam er zur\u00fcck, um sie genau zu kartieren und nannte sie nach seinem G\u00f6nner und dem damaligen Verwalter von Mauritius, den Franzosen <em>Mah\u00e9 de la Bourdonnais<\/em>. Sp\u00e4ter wurde die Insel in &#8222;<em>S\u00e9chelles<\/em>&#8220; umbenannt, zu Ehren von <em>Vicomte Jean Moreau de S\u00e9chelles<\/em>, dem Finanzminister unter Louis XV. Heute ist dieser Name die Grundlage f\u00fcr das gesamte Archipel und die Hauptinsel hei\u00dft Mah\u00e9.<\/p>\n\n\n\n<p>Erst 1770 begannen europ\u00e4ische Siedler die Hauptinsel zu besiedeln. Aufgrund der Isolation und keiner menschlichen Einfl\u00fcsse, besitzt die Inselgruppe ein unber\u00fchrtes \u00d6kosystem und unglaubliche Artenvielfalt.<\/p>\n\n\n\n<p>Aufzeichnungen zufolge sollen schon im 7. Jahrhundert arabische Seefahrer die Inseln entdeckt haben. Als Vasco da Gama 1502 das Archipel sichtete, war es noch komplett unbewohnt. Auf den ersten Karten der Portugiesen wird das Archipel als &#8222;<em>Tres Irm\u00e3os<\/em>&#8220; (Drei Br\u00fcder) bezeichnet. Heute nennt sich nur noch die Bergkette hinter der Hauptstadt Victoria so. 1609 ging die British East India Company als erste an Land. Es entstanden jedoch noch keine Siedlungen. Dies geschah 1740 unter Lazare Picault und somit wurden die heutigen Seychellen franz\u00f6sische Kolonien.<\/p>\n\n\n\n<p>Die Franzosen wollten die Lage strategisch gegen\u00fcber Indien nutzen. Sie wollten mit dem Gew\u00fcrzanbau beginnen, um mit dem niederl\u00e4ndischen Gew\u00fcrzhandel konkurrieren zu k\u00f6nnen. 1770 kamen 15 franz\u00f6sische Siedler mit einem Dutzend Sklaven. Weitere Sklaven aus Mauritius, Indien, Madagaskar und Mosambik wurden auf die Seychellen gebracht. Aufgrund der starken ethnischen Durchmischung, kam es zu einer multiethnischen und multikulturellen Bev\u00f6lkerung, deren Einfluss bis heute noch sp\u00fcrbar ist. Der franz\u00f6sische Einfluss ist heute noch erkennbar, zahlreiche Ortsnamen und Nachnamen sind Franz\u00f6sisch. Zudem ist das Franz\u00f6sische die Grundlage f\u00fcr das Kreol der Seychellen.<\/p>\n\n\n\n<p>Nach dem Sieg der Briten im britisch-franz\u00f6sischen Krieg 1814 fielen die Seychellen, ebenso wie Mauritius an das britische Imperium. Bis in die 1960er Jahre wurden die Seychellen sogar als britische Strafkolonie benutzt. 1812 wurde der Sklavenhandel verboten. Zu dieser Zeit lebten ca. 2100 Menschen auf den Seychellen, davon 1800 Sklaven. Europ\u00e4ische Siedler kamen und bauten Zimt und Vanille an. 1818 lebten schon 7500 Einwohner auf den Seychellen. Besonders europ\u00e4ische Siedler brachten es durch den Anbau von Gew\u00fcrzen und Baumwolle zu Reichtum. 1835 wurde in den britischen Kolonien die Sklaverei endg\u00fcltig abgeschafft. 1948 wurden die ersten Wahlen abgehalten, denn die Seychellen wollten sich von Gro\u00dfbritannien l\u00f6sen. 1976 wurden sie unabh\u00e4ngig, verbleiben jedoch immer noch im britischen Commonwealth.<\/p>\n\n\n\n<h2 class=\"wp-block-heading\" id=\"mahe\">Mah\u00e9<\/h2>\n\n\n\n<p>Mah\u00e9 ist die Hauptinsel und gleichzeitig gr\u00f6\u00dfte Insel der Seychellen. Ca. 72.000 Menschen leben hier, 25.000 in der Hauptstadt Victoria. Ca. 90% aller Seychellois leben auf Mah\u00e9. Die Insel ist 28 km lang und 8 km breit. Es gibt wundersch\u00f6ne Str\u00e4nde und herrliche Wanderungen durch den Dschungel. Im Landesinneren gibt es viele urt\u00fcmliche H\u00e4user, mitten in der \u00fcppigen Landschaft der Seychellen eingebettet. Die bekannte <strong>Sans Souci Road<\/strong> f\u00fchrt von Ost nach West und umgekehrt \u00fcber die Insel. Wir fuhren durch den Dschungel und hatten traumhafte Ausblicke auf den Indischen Ozean und \u00fcber die Insel.<\/p>\n\n\n\n<p>Wir hatten eine traumhafte Ferienwohnung in <strong>Pointe Au Sel, im Osten von Mah\u00e9<\/strong>. Wir verbrachten eine wundervolle Woche in der <em><strong>Maison Marikel<\/strong><\/em>. Wir hatten einen herrlichen Ausblick auf das Meer und der wunderbare Garten verzauberte uns mit seinen bunten Blumen. Frische Kokosn\u00fcsse brachte uns unser Vermieter von den eigenen Palmen im Garten. Ein Traum! Von unserer Vermieterin, die auch Deutsch spricht, da sie 28 Jahre in Berlin lebte, mieteten wir unseren Mietwagen.<\/p>\n\n\n\n<div id=\"wp-block-themeisle-blocks-slider-216b9a26\" class=\"wp-block-themeisle-blocks-slider glide\" data-per-view=\"1\" data-gap=\"0\" data-peek=\"0\" data-autoplay=\"true\" data-height=\"400px\" data-hide-arrows=\"false\"><div class=\"glide__track\" data-glide-el=\"track\"><div class=\"glide__slides\"><div class=\"wp-block-themeisle-blocks-slider-item-wrapper glide__slide\" tabindex=\"0\"><figure><img decoding=\"async\" class=\"wp-block-themeisle-blocks-slider-item\" src=\"https:\/\/familie-weitgereist.de\/wp-content\/uploads\/2024\/03\/IMG_20240312_101125-scaled.jpg\" alt=\"\" title=\"\" data-id=\"17632\"\/><\/figure><\/div><div class=\"wp-block-themeisle-blocks-slider-item-wrapper glide__slide\" tabindex=\"0\"><figure><img decoding=\"async\" class=\"wp-block-themeisle-blocks-slider-item\" src=\"https:\/\/familie-weitgereist.de\/wp-content\/uploads\/2024\/03\/IMG_20240311_162331-scaled.jpg\" alt=\"\" title=\"\" data-id=\"17633\"\/><\/figure><\/div><\/div><div class=\"glide__bullets\" data-glide-el=\"controls[nav]\"><button class=\"glide__bullet\" data-glide-dir=\"=0\"><\/button><button class=\"glide__bullet\" data-glide-dir=\"=1\"><\/button><\/div><\/div><\/div>\n\n\n\n<h2 class=\"wp-block-heading\" id=\"anseroyale\">Anse Royale Beach<\/h2>\n\n\n\n<p>Der Anse Royale Beach ist wirklich herrlich. Der Strand besteht aus vielen kleineren Abschnitten, die von den markanten Granitfelsen getrennt werden. Leicht kann man zwischen den Felsen hindurch laufen, um zum n\u00e4chsten Abschnitt zu gelangen. Der Strand ist bei Einheimischen und Touristen sehr beliebt, da er gen\u00fcgend schattige Pl\u00e4tzchen bietet. Direkt hinter dem Strand verl\u00e4uft die Stra\u00dfe und es gibt einen gratis Parkplatz vor Ort. Das Meer f\u00e4llt flach ab, sodass das Baden auch mit Kindern sehr viel Freude bereitet. Im Sand verbergen sich jedoch ein paar Steine. Badeschuhe bieten sich daher an.<\/p>\n\n\n\n<figure class=\"wp-block-image size-large\"><img loading=\"lazy\" decoding=\"async\" width=\"1024\" height=\"768\" src=\"https:\/\/familie-weitgereist.de\/wp-content\/uploads\/2024\/03\/IMG_20240316_150031-1024x768.jpg\" alt=\"\" class=\"wp-image-17699\" srcset=\"https:\/\/familie-weitgereist.de\/wp-content\/uploads\/2024\/03\/IMG_20240316_150031-1024x768.jpg 1024w, https:\/\/familie-weitgereist.de\/wp-content\/uploads\/2024\/03\/IMG_20240316_150031-300x225.jpg 300w, https:\/\/familie-weitgereist.de\/wp-content\/uploads\/2024\/03\/IMG_20240316_150031-768x576.jpg 768w, https:\/\/familie-weitgereist.de\/wp-content\/uploads\/2024\/03\/IMG_20240316_150031-1536x1152.jpg 1536w, https:\/\/familie-weitgereist.de\/wp-content\/uploads\/2024\/03\/IMG_20240316_150031-2048x1536.jpg 2048w, https:\/\/familie-weitgereist.de\/wp-content\/uploads\/2024\/03\/IMG_20240316_150031-1200x900.jpg 1200w, https:\/\/familie-weitgereist.de\/wp-content\/uploads\/2024\/03\/IMG_20240316_150031-1980x1485.jpg 1980w, https:\/\/familie-weitgereist.de\/wp-content\/uploads\/2024\/03\/IMG_20240316_150031-150x113.jpg 150w\" sizes=\"auto, (max-width: 1024px) 100vw, 1024px\" \/><\/figure>\n\n\n\n<h2 class=\"wp-block-heading\" id=\"lazare\">Baie Lazare Public Beach<\/h2>\n\n\n\n<p>Der Baie Lazare Public Beach ist auch ein Traumstrand. Der Sand ist wei\u00df, es gibt herrliche schattige Pl\u00e4tzchen unter Palmen und das Meer ist glasklar. Auch hier finden sich die markanten Granitfelsen. F\u00fcr Familien mit kleinen Kindern ist der Strand etwas weniger geeignet, da es starke Str\u00f6mungen gibt und der Wellengang h\u00f6her ist, als an anderen Str\u00e4nden.<\/p>\n\n\n\n<figure class=\"wp-block-image size-large\"><img loading=\"lazy\" decoding=\"async\" width=\"1024\" height=\"768\" src=\"https:\/\/familie-weitgereist.de\/wp-content\/uploads\/2024\/03\/IMG_20240317_120430-1024x768.jpg\" alt=\"\" class=\"wp-image-17705\" srcset=\"https:\/\/familie-weitgereist.de\/wp-content\/uploads\/2024\/03\/IMG_20240317_120430-1024x768.jpg 1024w, https:\/\/familie-weitgereist.de\/wp-content\/uploads\/2024\/03\/IMG_20240317_120430-300x225.jpg 300w, https:\/\/familie-weitgereist.de\/wp-content\/uploads\/2024\/03\/IMG_20240317_120430-768x576.jpg 768w, https:\/\/familie-weitgereist.de\/wp-content\/uploads\/2024\/03\/IMG_20240317_120430-1536x1152.jpg 1536w, https:\/\/familie-weitgereist.de\/wp-content\/uploads\/2024\/03\/IMG_20240317_120430-2048x1536.jpg 2048w, https:\/\/familie-weitgereist.de\/wp-content\/uploads\/2024\/03\/IMG_20240317_120430-1200x900.jpg 1200w, https:\/\/familie-weitgereist.de\/wp-content\/uploads\/2024\/03\/IMG_20240317_120430-1980x1485.jpg 1980w, https:\/\/familie-weitgereist.de\/wp-content\/uploads\/2024\/03\/IMG_20240317_120430-150x113.jpg 150w\" sizes=\"auto, (max-width: 1024px) 100vw, 1024px\" \/><\/figure>\n\n\n\n<h2 class=\"wp-block-heading\" id=\"beauvallon\">Beau Vallon Bay<\/h2>\n\n\n\n<p>Die Beau Vallon Bay ist der meist besuchte Strand von Einheimischen und Touristen gleicherma\u00dfen. Das Wasser ist glasklar, Fische schwimmen im flachen Wasser und es gibt nur leichte Wellen. Es gibt viele schattige Pl\u00e4tze unter Palmen, der Sand ist traumhaft wei\u00df. Es ist der l\u00e4ngste Strand auf der Insel Mah\u00e9. Es ist ein Paradies f\u00fcr Kinder und Erwachsene. Restaurants und lokale Essensst\u00e4nde bieten leckere seychellois K\u00fcche an. Ebenfalls gibt es Obstst\u00e4nde. Wir parkten vor Ort kostenfrei.<\/p>\n\n\n\n<div id=\"wp-block-themeisle-blocks-slider-be79bbc2\" class=\"wp-block-themeisle-blocks-slider glide\" data-per-view=\"1\" data-gap=\"0\" data-peek=\"0\" data-autoplay=\"true\" data-height=\"400px\" data-hide-arrows=\"false\"><div class=\"glide__track\" data-glide-el=\"track\"><div class=\"glide__slides\"><div class=\"wp-block-themeisle-blocks-slider-item-wrapper glide__slide\" tabindex=\"0\"><figure><img decoding=\"async\" class=\"wp-block-themeisle-blocks-slider-item\" src=\"https:\/\/familie-weitgereist.de\/wp-content\/uploads\/2024\/03\/IMG_20240312_142755-scaled.jpg\" alt=\"\" title=\"\" data-id=\"17610\"\/><\/figure><\/div><div class=\"wp-block-themeisle-blocks-slider-item-wrapper glide__slide\" tabindex=\"0\"><figure><img decoding=\"async\" class=\"wp-block-themeisle-blocks-slider-item\" src=\"https:\/\/familie-weitgereist.de\/wp-content\/uploads\/2024\/03\/IMG_20240312_142021-scaled.jpg\" alt=\"\" title=\"\" data-id=\"17611\"\/><\/figure><\/div><div class=\"wp-block-themeisle-blocks-slider-item-wrapper glide__slide\" tabindex=\"0\"><figure><img decoding=\"async\" class=\"wp-block-themeisle-blocks-slider-item\" src=\"https:\/\/familie-weitgereist.de\/wp-content\/uploads\/2024\/03\/IMG_20240312_130245-scaled.jpg\" alt=\"\" title=\"\" data-id=\"17612\"\/><\/figure><\/div><div class=\"wp-block-themeisle-blocks-slider-item-wrapper glide__slide\" tabindex=\"0\"><figure><img decoding=\"async\" class=\"wp-block-themeisle-blocks-slider-item\" src=\"https:\/\/familie-weitgereist.de\/wp-content\/uploads\/2024\/03\/IMG_20240312_130159-scaled.jpg\" alt=\"\" title=\"\" data-id=\"17613\"\/><\/figure><\/div><\/div><div class=\"glide__bullets\" data-glide-el=\"controls[nav]\"><button class=\"glide__bullet\" data-glide-dir=\"=0\"><\/button><button class=\"glide__bullet\" data-glide-dir=\"=1\"><\/button><button class=\"glide__bullet\" data-glide-dir=\"=2\"><\/button><button class=\"glide__bullet\" data-glide-dir=\"=3\"><\/button><\/div><\/div><\/div>\n\n\n\n<h2 class=\"wp-block-heading\" id=\"botanisch\">Botanischer Garten, Victoria <\/h2>\n\n\n\n<p>Der 100 j\u00e4hrige <strong><em>Seychelles National Botanical Garden<\/em><\/strong> ist eines der \u00e4ltesten Nationaldenkm\u00e4ler der Seychellen.<\/p>\n\n\n\n<figure class=\"wp-block-image size-large\"><img loading=\"lazy\" decoding=\"async\" width=\"1024\" height=\"768\" src=\"https:\/\/familie-weitgereist.de\/wp-content\/uploads\/2024\/03\/IMG_20240314_130717-1024x768.jpg\" alt=\"\" class=\"wp-image-17658\" srcset=\"https:\/\/familie-weitgereist.de\/wp-content\/uploads\/2024\/03\/IMG_20240314_130717-1024x768.jpg 1024w, https:\/\/familie-weitgereist.de\/wp-content\/uploads\/2024\/03\/IMG_20240314_130717-300x225.jpg 300w, https:\/\/familie-weitgereist.de\/wp-content\/uploads\/2024\/03\/IMG_20240314_130717-768x576.jpg 768w, https:\/\/familie-weitgereist.de\/wp-content\/uploads\/2024\/03\/IMG_20240314_130717-1536x1152.jpg 1536w, https:\/\/familie-weitgereist.de\/wp-content\/uploads\/2024\/03\/IMG_20240314_130717-2048x1536.jpg 2048w, https:\/\/familie-weitgereist.de\/wp-content\/uploads\/2024\/03\/IMG_20240314_130717-1200x900.jpg 1200w, https:\/\/familie-weitgereist.de\/wp-content\/uploads\/2024\/03\/IMG_20240314_130717-1980x1485.jpg 1980w, https:\/\/familie-weitgereist.de\/wp-content\/uploads\/2024\/03\/IMG_20240314_130717-150x113.jpg 150w\" sizes=\"auto, (max-width: 1024px) 100vw, 1024px\" \/><\/figure>\n\n\n\n<p>Im Park gibt es die ber\u00fchmte <strong>Coco-de-Mer<\/strong> <strong>Palme<\/strong> zu bestaunen, deren Kokosn\u00fcsse bis zu 18 kg wiegen. Die Form der bekannten Kokosnuss wird sogar als Einreisestempel im Reisepass verwendet. Das Highlight sind die 150 j\u00e4hrigen Riesenschildkr\u00f6ten. Man kann sogar in ihr Gehege gehen und sie mit Bl\u00e4ttern f\u00fcttern. Das war besonders f\u00fcr unsere Jungs ein riesiges Highlight!<\/p>\n\n\n\n<div id=\"wp-block-themeisle-blocks-slider-74865d7a\" class=\"wp-block-themeisle-blocks-slider glide\" data-per-view=\"1\" data-gap=\"0\" data-peek=\"0\" data-autoplay=\"true\" data-height=\"400px\" data-hide-arrows=\"false\"><div class=\"glide__track\" data-glide-el=\"track\"><div class=\"glide__slides\"><div class=\"wp-block-themeisle-blocks-slider-item-wrapper glide__slide\" tabindex=\"0\"><figure><img decoding=\"async\" class=\"wp-block-themeisle-blocks-slider-item\" src=\"https:\/\/familie-weitgereist.de\/wp-content\/uploads\/2024\/03\/IMG_20240314_121838-scaled.jpg\" alt=\"\" title=\"\" data-id=\"17659\"\/><\/figure><\/div><div class=\"wp-block-themeisle-blocks-slider-item-wrapper glide__slide\" tabindex=\"0\"><figure><img decoding=\"async\" class=\"wp-block-themeisle-blocks-slider-item\" src=\"https:\/\/familie-weitgereist.de\/wp-content\/uploads\/2024\/03\/IMG_20240314_121503-scaled.jpg\" alt=\"\" title=\"\" data-id=\"17661\"\/><\/figure><\/div><div class=\"wp-block-themeisle-blocks-slider-item-wrapper glide__slide\" tabindex=\"0\"><figure><img decoding=\"async\" class=\"wp-block-themeisle-blocks-slider-item\" src=\"https:\/\/familie-weitgereist.de\/wp-content\/uploads\/2024\/03\/IMG_20240314_120848-scaled.jpg\" alt=\"\" title=\"\" data-id=\"17664\"\/><\/figure><\/div><\/div><div class=\"glide__bullets\" data-glide-el=\"controls[nav]\"><button class=\"glide__bullet\" data-glide-dir=\"=0\"><\/button><button class=\"glide__bullet\" data-glide-dir=\"=1\"><\/button><button class=\"glide__bullet\" data-glide-dir=\"=2\"><\/button><\/div><\/div><\/div>\n\n\n\n<p>Der Park ist wundersch\u00f6n angelegt. Es gibt gut angelegte Wege, die durch den Garten f\u00fchren. Es gibt einen Gew\u00fcrzgarten, einen Chinesischen Garten und Wege die durch einen Dschungel f\u00fchren. Ein nettes Caf\u00e9 gibt es ebenfalls.<\/p>\n\n\n\n<div id=\"wp-block-themeisle-blocks-slider-76279816\" class=\"wp-block-themeisle-blocks-slider glide\" data-per-view=\"1\" data-gap=\"0\" data-peek=\"0\" data-autoplay=\"true\" data-height=\"400px\" data-hide-arrows=\"false\"><div class=\"glide__track\" data-glide-el=\"track\"><div class=\"glide__slides\"><div class=\"wp-block-themeisle-blocks-slider-item-wrapper glide__slide\" tabindex=\"0\"><figure><img decoding=\"async\" class=\"wp-block-themeisle-blocks-slider-item\" src=\"https:\/\/familie-weitgereist.de\/wp-content\/uploads\/2024\/03\/IMG_20240314_130854-scaled.jpg\" alt=\"\" title=\"\" data-id=\"17662\"\/><\/figure><\/div><div class=\"wp-block-themeisle-blocks-slider-item-wrapper glide__slide\" tabindex=\"0\"><figure><img decoding=\"async\" class=\"wp-block-themeisle-blocks-slider-item\" src=\"https:\/\/familie-weitgereist.de\/wp-content\/uploads\/2024\/03\/IMG_20240314_130206-scaled.jpg\" alt=\"\" title=\"\" data-id=\"17663\"\/><\/figure><\/div><div class=\"wp-block-themeisle-blocks-slider-item-wrapper glide__slide\" tabindex=\"0\"><figure><img decoding=\"async\" class=\"wp-block-themeisle-blocks-slider-item\" src=\"https:\/\/familie-weitgereist.de\/wp-content\/uploads\/2024\/03\/IMG_20240314_123252-scaled.jpg\" alt=\"\" title=\"\" data-id=\"17665\"\/><\/figure><\/div><div class=\"wp-block-themeisle-blocks-slider-item-wrapper glide__slide\" tabindex=\"0\"><figure><img decoding=\"async\" class=\"wp-block-themeisle-blocks-slider-item\" src=\"https:\/\/familie-weitgereist.de\/wp-content\/uploads\/2024\/03\/IMG_20240314_122822-scaled.jpg\" alt=\"\" title=\"\" data-id=\"17666\"\/><\/figure><\/div><\/div><div class=\"glide__bullets\" data-glide-el=\"controls[nav]\"><button class=\"glide__bullet\" data-glide-dir=\"=0\"><\/button><button class=\"glide__bullet\" data-glide-dir=\"=1\"><\/button><button class=\"glide__bullet\" data-glide-dir=\"=2\"><\/button><button class=\"glide__bullet\" data-glide-dir=\"=3\"><\/button><\/div><\/div><\/div>\n\n\n\n<p>Im Park gibt es teilweise viele M\u00fccken.<\/p>\n\n\n\n<p>Der Eintritt kostet 100 SCR (6,79\u20ac) f\u00fcr einen Erwachsenen. Kinder zahlen keinen Eintritt. (<em>Stand M\u00e4rz 2024<\/em>)<\/p>\n\n\n\n<h2 class=\"wp-block-heading\" id=\"victoria\">Hauptstadt Victoria<\/h2>\n\n\n\n<p>Die Hauptstadt Victoria wurde nach der damaligen, von 1837 &#8211; 1903 regierenden K\u00f6nigin des Vereinigten K\u00f6nigreichs Gro\u00dfbritannien und Irland benannt. Ca. 25.000 Menschen leben hier und es ist eine kleine \u00fcberschaubare Hauptstadt. Wir schlenderten gem\u00fctlich durch die Gassen. In Victoria gibt es einige Sehensw\u00fcrdigkeiten, die man sich nicht entgehen lassen sollte. \u00dcberall ist das koloniale Flair sp\u00fcrbar und wir bekamen einen authentischen Eindruck, wie die Einheimischen leben und arbeiten. <\/p>\n\n\n\n<p>Der <strong>Victoria Clock Tower<\/strong>, steht schon seit 1903 an einem Kreisverkehr in Mah\u00e9. Er ist das Wahrzeichen der Stadt und ein Nachbau des Big Ben in London.<\/p>\n\n\n\n<figure class=\"wp-block-image size-large is-resized\"><img loading=\"lazy\" decoding=\"async\" width=\"1024\" height=\"768\" src=\"https:\/\/familie-weitgereist.de\/wp-content\/uploads\/2024\/03\/IMG_20240314_144839-1024x768.jpg\" alt=\"\" class=\"wp-image-17644\" style=\"width:375px;height:auto\" srcset=\"https:\/\/familie-weitgereist.de\/wp-content\/uploads\/2024\/03\/IMG_20240314_144839-1024x768.jpg 1024w, https:\/\/familie-weitgereist.de\/wp-content\/uploads\/2024\/03\/IMG_20240314_144839-300x225.jpg 300w, https:\/\/familie-weitgereist.de\/wp-content\/uploads\/2024\/03\/IMG_20240314_144839-768x576.jpg 768w, https:\/\/familie-weitgereist.de\/wp-content\/uploads\/2024\/03\/IMG_20240314_144839-1536x1152.jpg 1536w, https:\/\/familie-weitgereist.de\/wp-content\/uploads\/2024\/03\/IMG_20240314_144839-2048x1536.jpg 2048w, https:\/\/familie-weitgereist.de\/wp-content\/uploads\/2024\/03\/IMG_20240314_144839-1200x900.jpg 1200w, https:\/\/familie-weitgereist.de\/wp-content\/uploads\/2024\/03\/IMG_20240314_144839-1980x1485.jpg 1980w, https:\/\/familie-weitgereist.de\/wp-content\/uploads\/2024\/03\/IMG_20240314_144839-150x113.jpg 150w\" sizes=\"auto, (max-width: 1024px) 100vw, 1024px\" \/><\/figure>\n\n\n\n<p>Der <strong>Arul Mihu Navasakthi Vinayagar<\/strong> <strong>Temple<\/strong> befindet sich in der N\u00e4he des Uhrturms. Er wurde in den 1990er Jahren errichtet, f\u00fcr die vielen Inder, die hier leben. Er wurde nach Lord Vinayagar benannt, dem hinduistischen Gott der Sicherheit und des Wohlstandes.<\/p>\n\n\n\n<figure class=\"wp-block-image size-large\"><img loading=\"lazy\" decoding=\"async\" width=\"1024\" height=\"768\" src=\"https:\/\/familie-weitgereist.de\/wp-content\/uploads\/2024\/03\/IMG_20240314_151004-1024x768.jpg\" alt=\"\" class=\"wp-image-17647\" srcset=\"https:\/\/familie-weitgereist.de\/wp-content\/uploads\/2024\/03\/IMG_20240314_151004-1024x768.jpg 1024w, https:\/\/familie-weitgereist.de\/wp-content\/uploads\/2024\/03\/IMG_20240314_151004-300x225.jpg 300w, https:\/\/familie-weitgereist.de\/wp-content\/uploads\/2024\/03\/IMG_20240314_151004-768x576.jpg 768w, https:\/\/familie-weitgereist.de\/wp-content\/uploads\/2024\/03\/IMG_20240314_151004-1536x1152.jpg 1536w, https:\/\/familie-weitgereist.de\/wp-content\/uploads\/2024\/03\/IMG_20240314_151004-2048x1536.jpg 2048w, https:\/\/familie-weitgereist.de\/wp-content\/uploads\/2024\/03\/IMG_20240314_151004-1200x900.jpg 1200w, https:\/\/familie-weitgereist.de\/wp-content\/uploads\/2024\/03\/IMG_20240314_151004-1980x1485.jpg 1980w, https:\/\/familie-weitgereist.de\/wp-content\/uploads\/2024\/03\/IMG_20240314_151004-150x113.jpg 150w\" sizes=\"auto, (max-width: 1024px) 100vw, 1024px\" \/><\/figure>\n\n\n\n<p>Die <strong>Kathedrale der Unbefleckten Empf\u00e4ngnis<\/strong> befindet sich auf einem kleinen H\u00fcgel \u00fcber der Oliver Maradan Street. Sie wurde im 19. Jahrhundert im franz\u00f6sischen Baustil errichtet. Der Church Clock Tower versteckt sich neben der Kirche in gr\u00fcner Vegetation.<\/p>\n\n\n\n<figure class=\"wp-block-gallery has-nested-images columns-default is-cropped wp-block-gallery-1 is-layout-flex wp-block-gallery-is-layout-flex\">\n<figure class=\"wp-block-image size-large\"><img loading=\"lazy\" decoding=\"async\" width=\"1024\" height=\"768\" data-id=\"17653\" src=\"https:\/\/familie-weitgereist.de\/wp-content\/uploads\/2024\/03\/IMG_20240314_153354-1-1024x768.jpg\" alt=\"\" class=\"wp-image-17653\" srcset=\"https:\/\/familie-weitgereist.de\/wp-content\/uploads\/2024\/03\/IMG_20240314_153354-1-1024x768.jpg 1024w, https:\/\/familie-weitgereist.de\/wp-content\/uploads\/2024\/03\/IMG_20240314_153354-1-300x225.jpg 300w, https:\/\/familie-weitgereist.de\/wp-content\/uploads\/2024\/03\/IMG_20240314_153354-1-768x576.jpg 768w, https:\/\/familie-weitgereist.de\/wp-content\/uploads\/2024\/03\/IMG_20240314_153354-1-1536x1152.jpg 1536w, https:\/\/familie-weitgereist.de\/wp-content\/uploads\/2024\/03\/IMG_20240314_153354-1-2048x1536.jpg 2048w, https:\/\/familie-weitgereist.de\/wp-content\/uploads\/2024\/03\/IMG_20240314_153354-1-1200x900.jpg 1200w, https:\/\/familie-weitgereist.de\/wp-content\/uploads\/2024\/03\/IMG_20240314_153354-1-1980x1485.jpg 1980w, https:\/\/familie-weitgereist.de\/wp-content\/uploads\/2024\/03\/IMG_20240314_153354-1-150x113.jpg 150w\" sizes=\"auto, (max-width: 1024px) 100vw, 1024px\" \/><\/figure>\n\n\n\n<figure class=\"wp-block-image size-large\"><img loading=\"lazy\" decoding=\"async\" width=\"1024\" height=\"768\" data-id=\"17652\" src=\"https:\/\/familie-weitgereist.de\/wp-content\/uploads\/2024\/03\/IMG_20240314_152805-1-1024x768.jpg\" alt=\"\" class=\"wp-image-17652\" srcset=\"https:\/\/familie-weitgereist.de\/wp-content\/uploads\/2024\/03\/IMG_20240314_152805-1-1024x768.jpg 1024w, https:\/\/familie-weitgereist.de\/wp-content\/uploads\/2024\/03\/IMG_20240314_152805-1-300x225.jpg 300w, https:\/\/familie-weitgereist.de\/wp-content\/uploads\/2024\/03\/IMG_20240314_152805-1-768x576.jpg 768w, https:\/\/familie-weitgereist.de\/wp-content\/uploads\/2024\/03\/IMG_20240314_152805-1-1536x1152.jpg 1536w, https:\/\/familie-weitgereist.de\/wp-content\/uploads\/2024\/03\/IMG_20240314_152805-1-2048x1536.jpg 2048w, https:\/\/familie-weitgereist.de\/wp-content\/uploads\/2024\/03\/IMG_20240314_152805-1-1200x900.jpg 1200w, https:\/\/familie-weitgereist.de\/wp-content\/uploads\/2024\/03\/IMG_20240314_152805-1-1980x1485.jpg 1980w, https:\/\/familie-weitgereist.de\/wp-content\/uploads\/2024\/03\/IMG_20240314_152805-1-150x113.jpg 150w\" sizes=\"auto, (max-width: 1024px) 100vw, 1024px\" \/><\/figure>\n\n\n\n<figure class=\"wp-block-image size-large\"><img loading=\"lazy\" decoding=\"async\" width=\"1024\" height=\"768\" data-id=\"17654\" src=\"https:\/\/familie-weitgereist.de\/wp-content\/uploads\/2024\/03\/IMG_20240314_152606-1-1024x768.jpg\" alt=\"\" class=\"wp-image-17654\" srcset=\"https:\/\/familie-weitgereist.de\/wp-content\/uploads\/2024\/03\/IMG_20240314_152606-1-1024x768.jpg 1024w, https:\/\/familie-weitgereist.de\/wp-content\/uploads\/2024\/03\/IMG_20240314_152606-1-300x225.jpg 300w, https:\/\/familie-weitgereist.de\/wp-content\/uploads\/2024\/03\/IMG_20240314_152606-1-768x576.jpg 768w, https:\/\/familie-weitgereist.de\/wp-content\/uploads\/2024\/03\/IMG_20240314_152606-1-1536x1152.jpg 1536w, https:\/\/familie-weitgereist.de\/wp-content\/uploads\/2024\/03\/IMG_20240314_152606-1-2048x1536.jpg 2048w, https:\/\/familie-weitgereist.de\/wp-content\/uploads\/2024\/03\/IMG_20240314_152606-1-1200x900.jpg 1200w, https:\/\/familie-weitgereist.de\/wp-content\/uploads\/2024\/03\/IMG_20240314_152606-1-1980x1485.jpg 1980w, https:\/\/familie-weitgereist.de\/wp-content\/uploads\/2024\/03\/IMG_20240314_152606-1-150x113.jpg 150w\" sizes=\"auto, (max-width: 1024px) 100vw, 1024px\" \/><\/figure>\n<\/figure>\n\n\n\n<p>Westlich der Kathedrale befindet sich der <strong>Domus<\/strong>. Das Geb\u00e4ude entstand in den 1930er Jahren und Schweizer Missionare bewohnten es. Heute ist es ein Nationaldenkmal und r\u00f6misch-katholische Priesterresidenz.<\/p>\n\n\n\n<figure class=\"wp-block-image size-large\"><img loading=\"lazy\" decoding=\"async\" width=\"1024\" height=\"768\" src=\"https:\/\/familie-weitgereist.de\/wp-content\/uploads\/2024\/03\/IMG_20240314_151930-1024x768.jpg\" alt=\"\" class=\"wp-image-17656\" srcset=\"https:\/\/familie-weitgereist.de\/wp-content\/uploads\/2024\/03\/IMG_20240314_151930-1024x768.jpg 1024w, https:\/\/familie-weitgereist.de\/wp-content\/uploads\/2024\/03\/IMG_20240314_151930-300x225.jpg 300w, https:\/\/familie-weitgereist.de\/wp-content\/uploads\/2024\/03\/IMG_20240314_151930-768x576.jpg 768w, https:\/\/familie-weitgereist.de\/wp-content\/uploads\/2024\/03\/IMG_20240314_151930-1536x1152.jpg 1536w, https:\/\/familie-weitgereist.de\/wp-content\/uploads\/2024\/03\/IMG_20240314_151930-2048x1536.jpg 2048w, https:\/\/familie-weitgereist.de\/wp-content\/uploads\/2024\/03\/IMG_20240314_151930-1200x900.jpg 1200w, https:\/\/familie-weitgereist.de\/wp-content\/uploads\/2024\/03\/IMG_20240314_151930-1980x1485.jpg 1980w, https:\/\/familie-weitgereist.de\/wp-content\/uploads\/2024\/03\/IMG_20240314_151930-150x113.jpg 150w\" sizes=\"auto, (max-width: 1024px) 100vw, 1024px\" \/><\/figure>\n\n\n\n<p>Das <strong>Bicentenary Monument Seychelles<\/strong> in Victoria wurde in den 1970er Jahren errichtet anl\u00e4sslich des 200. Geburtstag von der Hauptstadt Victoria. Das Monument soll die Fl\u00fcgel drei wei\u00dfer V\u00f6gel darstellen und die Kontinente Afrika, Asien und Europa symbolisieren, aus denen die heutige Bev\u00f6lkerung der Seychellen kommt. Das Monument befindet sich in der N\u00e4he des Hafens, am Ende der Independence Avenue.<\/p>\n\n\n\n<figure class=\"wp-block-image size-large\"><img loading=\"lazy\" decoding=\"async\" width=\"1024\" height=\"768\" src=\"https:\/\/familie-weitgereist.de\/wp-content\/uploads\/2024\/03\/IMG_20240318_090758-1024x768.jpg\" alt=\"\" class=\"wp-image-17744\" srcset=\"https:\/\/familie-weitgereist.de\/wp-content\/uploads\/2024\/03\/IMG_20240318_090758-1024x768.jpg 1024w, https:\/\/familie-weitgereist.de\/wp-content\/uploads\/2024\/03\/IMG_20240318_090758-300x225.jpg 300w, https:\/\/familie-weitgereist.de\/wp-content\/uploads\/2024\/03\/IMG_20240318_090758-768x576.jpg 768w, https:\/\/familie-weitgereist.de\/wp-content\/uploads\/2024\/03\/IMG_20240318_090758-1536x1152.jpg 1536w, https:\/\/familie-weitgereist.de\/wp-content\/uploads\/2024\/03\/IMG_20240318_090758-2048x1536.jpg 2048w, https:\/\/familie-weitgereist.de\/wp-content\/uploads\/2024\/03\/IMG_20240318_090758-1200x900.jpg 1200w, https:\/\/familie-weitgereist.de\/wp-content\/uploads\/2024\/03\/IMG_20240318_090758-1980x1485.jpg 1980w, https:\/\/familie-weitgereist.de\/wp-content\/uploads\/2024\/03\/IMG_20240318_090758-150x113.jpg 150w\" sizes=\"auto, (max-width: 1024px) 100vw, 1024px\" \/><\/figure>\n\n\n\n<p>Wir konnten in Mah\u00e9 immer sehr gut und einfach parken und dies sogar gratis.<\/p>\n\n\n\n<p>Es gibt einen sch\u00f6nen Park in der N\u00e4he des Hafens in Victoria. Dort befindet sich das &#8222;<strong><em>Paradis des Enfants<\/em><\/strong>&#8222;, ein Park mit ganz vielen verschiedenen Spielpl\u00e4tzen. Es gibt sogar ein Karussell, welches jedoch 25 SCR (ca. 1,70\u20ac) kostet. Das Areal wurde 2014 er\u00f6ffnet und von dem Pr\u00e4sidenten der Vereinigten Arabischen Emirate gesponsert. Wir haben dort eine lange Zeit verbracht, bevor wir Abends unseren R\u00fcckflug angetreten sind.<\/p>\n\n\n\n<div id=\"wp-block-themeisle-blocks-slider-eb9757f2\" class=\"wp-block-themeisle-blocks-slider glide\" data-per-view=\"1\" data-gap=\"0\" data-peek=\"0\" data-autoplay=\"true\" data-height=\"400px\" data-hide-arrows=\"false\"><div class=\"glide__track\" data-glide-el=\"track\"><div class=\"glide__slides\"><div class=\"wp-block-themeisle-blocks-slider-item-wrapper glide__slide\" tabindex=\"0\"><figure><img decoding=\"async\" class=\"wp-block-themeisle-blocks-slider-item\" src=\"https:\/\/familie-weitgereist.de\/wp-content\/uploads\/2024\/03\/IMG_20240327_171144-scaled.jpg\" alt=\"\" title=\"\" data-id=\"17841\"\/><\/figure><\/div><div class=\"wp-block-themeisle-blocks-slider-item-wrapper glide__slide\" tabindex=\"0\"><figure><img decoding=\"async\" class=\"wp-block-themeisle-blocks-slider-item\" src=\"https:\/\/familie-weitgereist.de\/wp-content\/uploads\/2024\/03\/IMG_20240327_161224-scaled.jpg\" alt=\"\" title=\"\" data-id=\"17842\"\/><\/figure><\/div><div class=\"wp-block-themeisle-blocks-slider-item-wrapper glide__slide\" tabindex=\"0\"><figure><img decoding=\"async\" class=\"wp-block-themeisle-blocks-slider-item\" src=\"https:\/\/familie-weitgereist.de\/wp-content\/uploads\/2024\/03\/IMG_20240327_160429-scaled.jpg\" alt=\"\" title=\"\" data-id=\"17843\"\/><\/figure><\/div><\/div><div class=\"glide__bullets\" data-glide-el=\"controls[nav]\"><button class=\"glide__bullet\" data-glide-dir=\"=0\"><\/button><button class=\"glide__bullet\" data-glide-dir=\"=1\"><\/button><button class=\"glide__bullet\" data-glide-dir=\"=2\"><\/button><\/div><\/div><\/div>\n\n\n\n<h2 class=\"wp-block-heading\" id=\"edenisland\">Viewpoint Eden Island<\/h2>\n\n\n\n<p>Folgt man der Mis\u00e8re Road hinauf in die Berge, gelangt man nach einigen Serpentinen zum <strong>Viewpoint over Victoria and Eden Island<\/strong>. Der Ausblick ist wunderbar. Eine Informationstafel beschreibt die einzelnen Inseln. Viele sind auch im Meer sichtbar. Sogar die ca. 50 km entfernten Inseln Praslin und La Digue k\u00f6nnen ersp\u00e4ht werden.<\/p>\n\n\n\n<figure class=\"wp-block-image size-large is-resized\"><img loading=\"lazy\" decoding=\"async\" width=\"1024\" height=\"768\" src=\"https:\/\/familie-weitgereist.de\/wp-content\/uploads\/2024\/03\/IMG_20240316_125355-1024x768.jpg\" alt=\"\" class=\"wp-image-17701\" style=\"width:382px;height:auto\" srcset=\"https:\/\/familie-weitgereist.de\/wp-content\/uploads\/2024\/03\/IMG_20240316_125355-1024x768.jpg 1024w, https:\/\/familie-weitgereist.de\/wp-content\/uploads\/2024\/03\/IMG_20240316_125355-300x225.jpg 300w, https:\/\/familie-weitgereist.de\/wp-content\/uploads\/2024\/03\/IMG_20240316_125355-768x576.jpg 768w, https:\/\/familie-weitgereist.de\/wp-content\/uploads\/2024\/03\/IMG_20240316_125355-1536x1152.jpg 1536w, https:\/\/familie-weitgereist.de\/wp-content\/uploads\/2024\/03\/IMG_20240316_125355-2048x1536.jpg 2048w, https:\/\/familie-weitgereist.de\/wp-content\/uploads\/2024\/03\/IMG_20240316_125355-1200x900.jpg 1200w, https:\/\/familie-weitgereist.de\/wp-content\/uploads\/2024\/03\/IMG_20240316_125355-1980x1485.jpg 1980w, https:\/\/familie-weitgereist.de\/wp-content\/uploads\/2024\/03\/IMG_20240316_125355-150x113.jpg 150w\" sizes=\"auto, (max-width: 1024px) 100vw, 1024px\" \/><\/figure>\n\n\n\n<h2 class=\"wp-block-heading\" id=\"ansemajor\">Wanderung Anse Major Trail<\/h2>\n\n\n\n<p>Der Anse Major Trail befindet sich im Nordwesten von Mah\u00e9 und ist 2 km lang. Unweit des Ticketh\u00e4uschens kann man am Stra\u00dfenrand sein Mietauto abstellen.<\/p>\n\n\n\n<figure class=\"wp-block-image size-large\"><img loading=\"lazy\" decoding=\"async\" width=\"1024\" height=\"768\" src=\"https:\/\/familie-weitgereist.de\/wp-content\/uploads\/2024\/03\/IMG_20240315_123910-1024x768.jpg\" alt=\"\" class=\"wp-image-17672\" srcset=\"https:\/\/familie-weitgereist.de\/wp-content\/uploads\/2024\/03\/IMG_20240315_123910-1024x768.jpg 1024w, https:\/\/familie-weitgereist.de\/wp-content\/uploads\/2024\/03\/IMG_20240315_123910-300x225.jpg 300w, https:\/\/familie-weitgereist.de\/wp-content\/uploads\/2024\/03\/IMG_20240315_123910-768x576.jpg 768w, https:\/\/familie-weitgereist.de\/wp-content\/uploads\/2024\/03\/IMG_20240315_123910-1536x1152.jpg 1536w, https:\/\/familie-weitgereist.de\/wp-content\/uploads\/2024\/03\/IMG_20240315_123910-2048x1536.jpg 2048w, https:\/\/familie-weitgereist.de\/wp-content\/uploads\/2024\/03\/IMG_20240315_123910-1200x900.jpg 1200w, https:\/\/familie-weitgereist.de\/wp-content\/uploads\/2024\/03\/IMG_20240315_123910-1980x1485.jpg 1980w, https:\/\/familie-weitgereist.de\/wp-content\/uploads\/2024\/03\/IMG_20240315_123910-150x113.jpg 150w\" sizes=\"auto, (max-width: 1024px) 100vw, 1024px\" \/><\/figure>\n\n\n\n<p>Der Weg f\u00fchrt oberhalb der K\u00fcste, auf einem gut angelegten Steinpfad entlang. Zum Gl\u00fcck gibt es auch schattige Wegesabschnitte, die direkt durch den Dschungel f\u00fchren. Das Zwitschern der vielen V\u00f6gel und das Rauschen der Wellen versprechen Entspannung pur. Die Ausblicke auf den Indischen Ozean sind traumhaft. In der Ferne sind die Inseln <strong>Silhouette<\/strong> und <strong>North Island<\/strong> zu sehen.<\/p>\n\n\n\n<div id=\"wp-block-themeisle-blocks-slider-4503a4a8\" class=\"wp-block-themeisle-blocks-slider glide\" data-per-view=\"1\" data-gap=\"0\" data-peek=\"0\" data-autoplay=\"true\" data-height=\"400px\" data-hide-arrows=\"false\"><div class=\"glide__track\" data-glide-el=\"track\"><div class=\"glide__slides\"><div class=\"wp-block-themeisle-blocks-slider-item-wrapper glide__slide\" tabindex=\"0\"><figure><img decoding=\"async\" class=\"wp-block-themeisle-blocks-slider-item\" src=\"https:\/\/familie-weitgereist.de\/wp-content\/uploads\/2024\/03\/IMG_20240315_161619-scaled.jpg\" alt=\"\" title=\"\" data-id=\"17678\"\/><\/figure><\/div><div class=\"wp-block-themeisle-blocks-slider-item-wrapper glide__slide\" tabindex=\"0\"><figure><img decoding=\"async\" class=\"wp-block-themeisle-blocks-slider-item\" src=\"https:\/\/familie-weitgereist.de\/wp-content\/uploads\/2024\/03\/IMG_20240315_161413-scaled.jpg\" alt=\"\" title=\"\" data-id=\"17681\"\/><\/figure><\/div><div class=\"wp-block-themeisle-blocks-slider-item-wrapper glide__slide\" tabindex=\"0\"><figure><img decoding=\"async\" class=\"wp-block-themeisle-blocks-slider-item\" src=\"https:\/\/familie-weitgereist.de\/wp-content\/uploads\/2024\/03\/IMG_20240315_161147-1-scaled.jpg\" alt=\"\" title=\"\" data-id=\"17684\"\/><\/figure><\/div><div class=\"wp-block-themeisle-blocks-slider-item-wrapper glide__slide\" tabindex=\"0\"><figure><img decoding=\"async\" class=\"wp-block-themeisle-blocks-slider-item\" src=\"https:\/\/familie-weitgereist.de\/wp-content\/uploads\/2024\/03\/IMG_20240315_124201-scaled.jpg\" alt=\"\" title=\"\" data-id=\"17685\"\/><\/figure><\/div><div class=\"wp-block-themeisle-blocks-slider-item-wrapper glide__slide\" tabindex=\"0\"><figure><img decoding=\"async\" class=\"wp-block-themeisle-blocks-slider-item\" src=\"https:\/\/familie-weitgereist.de\/wp-content\/uploads\/2024\/03\/IMG_20240315_120743-scaled.jpg\" alt=\"\" title=\"\" data-id=\"17687\"\/><\/figure><\/div><\/div><div class=\"glide__bullets\" data-glide-el=\"controls[nav]\"><button class=\"glide__bullet\" data-glide-dir=\"=0\"><\/button><button class=\"glide__bullet\" data-glide-dir=\"=1\"><\/button><button class=\"glide__bullet\" data-glide-dir=\"=2\"><\/button><button class=\"glide__bullet\" data-glide-dir=\"=3\"><\/button><button class=\"glide__bullet\" data-glide-dir=\"=4\"><\/button><\/div><\/div><\/div>\n\n\n\n<p>Am Strand der <strong>Anse Major<\/strong> angekommen, warten paradiesische Fotomotive. Das Wasser glitzert in herrlichen Blaut\u00f6nen, der Sand ist wei\u00df und fein. Wir waren mit nur wenigen anderen Wanderern vor Ort. Die markanten Felsen der Seychellen sind auch hier zu finden. Die Wassertemperatur betrug wieder 33\u00b0C und wir hatten so viel Spa\u00df im Wasser zu sein, am Strand zu spielen.<\/p>\n\n\n\n<div id=\"wp-block-themeisle-blocks-slider-f76a03dd\" class=\"wp-block-themeisle-blocks-slider glide\" data-per-view=\"1\" data-gap=\"0\" data-peek=\"0\" data-autoplay=\"true\" data-height=\"400px\" data-hide-arrows=\"false\"><div class=\"glide__track\" data-glide-el=\"track\"><div class=\"glide__slides\"><div class=\"wp-block-themeisle-blocks-slider-item-wrapper glide__slide\" tabindex=\"0\"><figure><img decoding=\"async\" class=\"wp-block-themeisle-blocks-slider-item\" src=\"https:\/\/familie-weitgereist.de\/wp-content\/uploads\/2024\/03\/IMG_20240315_155206-scaled.jpg\" alt=\"\" title=\"\" data-id=\"17676\"\/><\/figure><\/div><div class=\"wp-block-themeisle-blocks-slider-item-wrapper glide__slide\" tabindex=\"0\"><figure><img decoding=\"async\" class=\"wp-block-themeisle-blocks-slider-item\" src=\"https:\/\/familie-weitgereist.de\/wp-content\/uploads\/2024\/03\/IMG_20240315_150418-scaled.jpg\" alt=\"\" title=\"\" data-id=\"17680\"\/><\/figure><\/div><div class=\"wp-block-themeisle-blocks-slider-item-wrapper glide__slide\" tabindex=\"0\"><figure><img decoding=\"async\" class=\"wp-block-themeisle-blocks-slider-item\" src=\"https:\/\/familie-weitgereist.de\/wp-content\/uploads\/2024\/03\/IMG_20240315_145449-scaled.jpg\" alt=\"\" title=\"\" data-id=\"17683\"\/><\/figure><\/div><\/div><div class=\"glide__bullets\" data-glide-el=\"controls[nav]\"><button class=\"glide__bullet\" data-glide-dir=\"=0\"><\/button><button class=\"glide__bullet\" data-glide-dir=\"=1\"><\/button><button class=\"glide__bullet\" data-glide-dir=\"=2\"><\/button><\/div><\/div><\/div>\n\n\n\n<p>Nach ca. zwei Stunden begaben wir uns auf den gleichen R\u00fcckweg. Die 2 km verlaufen haupts\u00e4chlich gerade aus, mit leichten Steigungen. Die Hitze macht die Wanderung dennoch anstrengend.<\/p>\n\n\n\n<p>Um den Trail laufen zu d\u00fcrfen, werden zwischen 8:00 und 16:00 pro Person 150 SCR (ca. 10\u20ac) f\u00e4llig. Kinder unter 12 Jahren sind gratis. (<em>Stand M\u00e4rz 2024<\/em>)<\/p>\n\n\n\n<h2 class=\"wp-block-heading\" id=\"glacis\">Wanderung Glacis La Reserve Trail<\/h2>\n\n\n\n<p>Die kurze Wanderung startet im s\u00fcdlichen Teil von Mah\u00e9 im Landesinneren. In der N\u00e4he der Company &#8222;Cables and Wireless&#8220; kann kostenlos geparkt werden. Die kurze Dschungelwanderung von 1 Km L\u00e4nge f\u00fchrt leicht bergauf. Lianen h\u00e4ngen von den B\u00e4umen, Vogelgezwitscher ist zu h\u00f6ren, kleine morsche Br\u00fccken m\u00fcssen \u00fcberquert werden und ein Bach begleitet ein St\u00fcck des Weges. Der Weg ist sehr gut erkennbar, f\u00fchrt jedoch auch durch das Dickicht des Dschungels. Das Highlight ist der grandiose Ausblick und das wir direkt auf den gro\u00dfen Granitfelsen laufen konnten. In der Ferne sind noch h\u00f6here Berge und die gro\u00dfen Granitfelsen zu sehen. Wir erblickten sogar ein kleines Propellerflugzeug von <em>Air Seychelles<\/em>, welches gerade im Landeanflug war.<\/p>\n\n\n\n<div id=\"wp-block-themeisle-blocks-slider-5681ef3e\" class=\"wp-block-themeisle-blocks-slider glide\" data-per-view=\"1\" data-gap=\"0\" data-peek=\"0\" data-autoplay=\"true\" data-height=\"400px\" data-hide-arrows=\"false\"><div class=\"glide__track\" data-glide-el=\"track\"><div class=\"glide__slides\"><div class=\"wp-block-themeisle-blocks-slider-item-wrapper glide__slide\" tabindex=\"0\"><figure><img decoding=\"async\" class=\"wp-block-themeisle-blocks-slider-item\" src=\"https:\/\/familie-weitgereist.de\/wp-content\/uploads\/2024\/03\/IMG_20240317_103544-scaled.jpg\" alt=\"\" title=\"\" data-id=\"17740\"\/><\/figure><\/div><div class=\"wp-block-themeisle-blocks-slider-item-wrapper glide__slide\" tabindex=\"0\"><figure><img decoding=\"async\" class=\"wp-block-themeisle-blocks-slider-item\" src=\"https:\/\/familie-weitgereist.de\/wp-content\/uploads\/2024\/03\/IMG_20240317_103228-2-scaled.jpg\" alt=\"\" title=\"\" data-id=\"17742\"\/><\/figure><\/div><\/div><div class=\"glide__bullets\" data-glide-el=\"controls[nav]\"><button class=\"glide__bullet\" data-glide-dir=\"=0\"><\/button><button class=\"glide__bullet\" data-glide-dir=\"=1\"><\/button><\/div><\/div><\/div>\n\n\n\n<h2 class=\"wp-block-heading\" id=\"morneblanc\">Wanderung Morne Blanc<\/h2>\n\n\n\n<p>Der Morne Blanc Trail beginnt im Inselinneren, an der Sans Souci Road. Unweit der Tea Factory ist ein kostenloser Parkplatz. Die Wanderung wird mit schwer angegeben. Der Weg geht nur 800 m bergauf und Wanderschilder markieren alle 200 m den Weg. Der Weg ist sehr gut erkennbar und f\u00fchrt direkt durch den Dschungel. Stein- und Wurzeltreppen f\u00fchren hinauf zur Aussichtsplattform. Von dort bietet sich ein <strong>grandioser Ausblick<\/strong> auf die <strong>Westk\u00fcste von Mah\u00e9<\/strong>, die <strong>Anse<\/strong> <strong>l&#8217;Islette<\/strong> und die beiden Inseln <strong>Therese<\/strong> und <strong>Conception<\/strong>. Auf dem gleichen Weg liefen wir hinab zur\u00fcck zu unserem Mietwagen.<\/p>\n\n\n\n<figure class=\"wp-block-image size-large\"><img loading=\"lazy\" decoding=\"async\" width=\"1024\" height=\"768\" src=\"https:\/\/familie-weitgereist.de\/wp-content\/uploads\/2024\/03\/IMG_20240313_140145-1024x768.jpg\" alt=\"\" class=\"wp-image-17627\" srcset=\"https:\/\/familie-weitgereist.de\/wp-content\/uploads\/2024\/03\/IMG_20240313_140145-1024x768.jpg 1024w, https:\/\/familie-weitgereist.de\/wp-content\/uploads\/2024\/03\/IMG_20240313_140145-300x225.jpg 300w, https:\/\/familie-weitgereist.de\/wp-content\/uploads\/2024\/03\/IMG_20240313_140145-768x576.jpg 768w, https:\/\/familie-weitgereist.de\/wp-content\/uploads\/2024\/03\/IMG_20240313_140145-1536x1152.jpg 1536w, https:\/\/familie-weitgereist.de\/wp-content\/uploads\/2024\/03\/IMG_20240313_140145-2048x1536.jpg 2048w, https:\/\/familie-weitgereist.de\/wp-content\/uploads\/2024\/03\/IMG_20240313_140145-1200x900.jpg 1200w, https:\/\/familie-weitgereist.de\/wp-content\/uploads\/2024\/03\/IMG_20240313_140145-1980x1485.jpg 1980w, https:\/\/familie-weitgereist.de\/wp-content\/uploads\/2024\/03\/IMG_20240313_140145-150x113.jpg 150w\" sizes=\"auto, (max-width: 1024px) 100vw, 1024px\" \/><\/figure>\n\n\n\n<figure class=\"wp-block-image size-large\"><img loading=\"lazy\" decoding=\"async\" width=\"1024\" height=\"768\" src=\"https:\/\/familie-weitgereist.de\/wp-content\/uploads\/2024\/03\/IMG_20240313_132135-1024x768.jpg\" alt=\"\" class=\"wp-image-17625\" srcset=\"https:\/\/familie-weitgereist.de\/wp-content\/uploads\/2024\/03\/IMG_20240313_132135-1024x768.jpg 1024w, https:\/\/familie-weitgereist.de\/wp-content\/uploads\/2024\/03\/IMG_20240313_132135-300x225.jpg 300w, https:\/\/familie-weitgereist.de\/wp-content\/uploads\/2024\/03\/IMG_20240313_132135-768x576.jpg 768w, https:\/\/familie-weitgereist.de\/wp-content\/uploads\/2024\/03\/IMG_20240313_132135-1536x1152.jpg 1536w, https:\/\/familie-weitgereist.de\/wp-content\/uploads\/2024\/03\/IMG_20240313_132135-2048x1536.jpg 2048w, https:\/\/familie-weitgereist.de\/wp-content\/uploads\/2024\/03\/IMG_20240313_132135-1200x900.jpg 1200w, https:\/\/familie-weitgereist.de\/wp-content\/uploads\/2024\/03\/IMG_20240313_132135-1980x1485.jpg 1980w, https:\/\/familie-weitgereist.de\/wp-content\/uploads\/2024\/03\/IMG_20240313_132135-150x113.jpg 150w\" sizes=\"auto, (max-width: 1024px) 100vw, 1024px\" \/><\/figure>\n\n\n\n<div id=\"wp-block-themeisle-blocks-slider-78497150\" class=\"wp-block-themeisle-blocks-slider glide\" data-per-view=\"1\" data-gap=\"0\" data-peek=\"0\" data-autoplay=\"true\" data-height=\"400px\" data-hide-arrows=\"false\"><div class=\"glide__track\" data-glide-el=\"track\"><div class=\"glide__slides\"><div class=\"wp-block-themeisle-blocks-slider-item-wrapper glide__slide\" tabindex=\"0\"><figure><img decoding=\"async\" class=\"wp-block-themeisle-blocks-slider-item\" src=\"https:\/\/familie-weitgereist.de\/wp-content\/uploads\/2024\/03\/IMG_20240313_131204-scaled.jpg\" alt=\"\" title=\"\" data-id=\"17620\"\/><\/figure><\/div><div class=\"wp-block-themeisle-blocks-slider-item-wrapper glide__slide\" tabindex=\"0\"><figure><img decoding=\"async\" class=\"wp-block-themeisle-blocks-slider-item\" src=\"https:\/\/familie-weitgereist.de\/wp-content\/uploads\/2024\/03\/IMG_20240313_130657-scaled.jpg\" alt=\"\" title=\"\" data-id=\"17621\"\/><\/figure><\/div><div class=\"wp-block-themeisle-blocks-slider-item-wrapper glide__slide\" tabindex=\"0\"><figure><img decoding=\"async\" class=\"wp-block-themeisle-blocks-slider-item\" src=\"https:\/\/familie-weitgereist.de\/wp-content\/uploads\/2024\/03\/IMG_20240313_122227-scaled.jpg\" alt=\"\" title=\"\" data-id=\"17622\"\/><\/figure><\/div><div class=\"wp-block-themeisle-blocks-slider-item-wrapper glide__slide\" tabindex=\"0\"><figure><img decoding=\"async\" class=\"wp-block-themeisle-blocks-slider-item\" src=\"https:\/\/familie-weitgereist.de\/wp-content\/uploads\/2024\/03\/IMG_20240313_121857-scaled.jpg\" alt=\"\" title=\"\" data-id=\"17623\"\/><\/figure><\/div><\/div><div class=\"glide__bullets\" data-glide-el=\"controls[nav]\"><button class=\"glide__bullet\" data-glide-dir=\"=0\"><\/button><button class=\"glide__bullet\" data-glide-dir=\"=1\"><\/button><button class=\"glide__bullet\" data-glide-dir=\"=2\"><\/button><button class=\"glide__bullet\" data-glide-dir=\"=3\"><\/button><\/div><\/div><\/div>\n\n\n\n<p>Wir hatten eine grandiose Woche auf Mah\u00e9 und freuen uns nun auf <strong><a href=\"https:\/\/familie-weitgereist.de\/?p=17719\">Praslin<\/a><\/strong> und <a href=\"https:\/\/familie-weitgereist.de\/?p=17783\" data-type=\"link\" data-id=\"https:\/\/familie-weitgereist.de\/?p=17783\"><strong>La<\/strong> <strong>Digue<\/strong><\/a>.<\/p>\n","protected":false},"excerpt":{"rendered":"<p>Die Seychellen sind ein Inselstaat im Indischen Ozean. Es gibt 115 Inseln, die drei Hauptinseln sind Mah\u00e9, Praslin und La Digue. Mehr als ein Drittel der Bev\u00f6lkerung wohnt in Victoria auf Mah\u00e9, der Hauptstadt der Seychellen. Unsere Erlebnisse auf Mah\u00e9: Allgemeine Informationen Wir haben uns auf Mah\u00e9 mit einem Mietwagen fortbewegt. Es herrscht Linksverkehr. Die [&hellip;]<\/p>\n","protected":false},"author":3,"featured_media":17768,"comment_status":"open","ping_status":"open","sticky":false,"template":"","format":"standard","meta":{"_themeisle_gutenberg_block_has_review":false,"footnotes":""},"categories":[1279,258,4,377],"tags":[260,1273,1274,1269,1268,1271,1266,1275,1276,1272,1265,1270,1267,1264,1000],"class_list":["post-17590","post","type-post","status-publish","format-standard","has-post-thumbnail","hentry","category-seychellen","category-afrika","category-laender","category-spielplaetze","tag-afrika","tag-anse-major","tag-anse-major-trail","tag-anse-royale","tag-anse-royale-beach","tag-baie-lazare","tag-beau-vallon-bay","tag-botanischer-garten","tag-eden-island-viewpoint","tag-glacis-la-reserve-trail","tag-indischer-ozean","tag-mahe","tag-morne-blanc","tag-seychellen","tag-victoria"],"_links":{"self":[{"href":"https:\/\/familie-weitgereist.de\/index.php?rest_route=\/wp\/v2\/posts\/17590","targetHints":{"allow":["GET"]}}],"collection":[{"href":"https:\/\/familie-weitgereist.de\/index.php?rest_route=\/wp\/v2\/posts"}],"about":[{"href":"https:\/\/familie-weitgereist.de\/index.php?rest_route=\/wp\/v2\/types\/post"}],"author":[{"embeddable":true,"href":"https:\/\/familie-weitgereist.de\/index.php?rest_route=\/wp\/v2\/users\/3"}],"replies":[{"embeddable":true,"href":"https:\/\/familie-weitgereist.de\/index.php?rest_route=%2Fwp%2Fv2%2Fcomments&post=17590"}],"version-history":[{"count":94,"href":"https:\/\/familie-weitgereist.de\/index.php?rest_route=\/wp\/v2\/posts\/17590\/revisions"}],"predecessor-version":[{"id":23362,"href":"https:\/\/familie-weitgereist.de\/index.php?rest_route=\/wp\/v2\/posts\/17590\/revisions\/23362"}],"wp:featuredmedia":[{"embeddable":true,"href":"https:\/\/familie-weitgereist.de\/index.php?rest_route=\/wp\/v2\/media\/17768"}],"wp:attachment":[{"href":"https:\/\/familie-weitgereist.de\/index.php?rest_route=%2Fwp%2Fv2%2Fmedia&parent=17590"}],"wp:term":[{"taxonomy":"category","embeddable":true,"href":"https:\/\/familie-weitgereist.de\/index.php?rest_route=%2Fwp%2Fv2%2Fcategories&post=17590"},{"taxonomy":"post_tag","embeddable":true,"href":"https:\/\/familie-weitgereist.de\/index.php?rest_route=%2Fwp%2Fv2%2Ftags&post=17590"}],"curies":[{"name":"wp","href":"https:\/\/api.w.org\/{rel}","templated":true}]}}