{"id":17448,"date":"2024-02-24T22:25:53","date_gmt":"2024-02-24T21:25:53","guid":{"rendered":"https:\/\/familie-weitgereist.de\/?p=17448"},"modified":"2025-09-29T23:57:06","modified_gmt":"2025-09-29T21:57:06","slug":"winterurlaub-im-riesengebirge-tschechien-mit-kind-und-baby","status":"publish","type":"post","link":"https:\/\/familie-weitgereist.de\/?p=17448","title":{"rendered":"Winterurlaub im Riesengebirge, Tschechien mit Kind und Baby"},"content":{"rendered":"\n<p>Im Februar sind wir am Rande des Riesengebirges nach Tschechien gefahren. Wir hatten eine sch\u00f6ne Ferienwohnung in <strong>Mlad\u00e9 Buky (Jungbuch)<\/strong>, welche nur 400m vom Skilift entfernt war. Das war perfekt f\u00fcr uns, denn so konnte Merlin Ski fahren \u00fcben und wir waren auch mit Baby Maris schnell zur\u00fcck in der Ferienunterkunft.<\/p>\n\n\n\n<figure class=\"wp-block-image size-large is-resized\"><img loading=\"lazy\" decoding=\"async\" width=\"1024\" height=\"768\" src=\"https:\/\/familie-weitgereist.de\/wp-content\/uploads\/2024\/02\/IMG_20240218_101534-1024x768.jpg\" alt=\"\" class=\"wp-image-17452\" style=\"width:379px;height:auto\" srcset=\"https:\/\/familie-weitgereist.de\/wp-content\/uploads\/2024\/02\/IMG_20240218_101534-1024x768.jpg 1024w, https:\/\/familie-weitgereist.de\/wp-content\/uploads\/2024\/02\/IMG_20240218_101534-300x225.jpg 300w, https:\/\/familie-weitgereist.de\/wp-content\/uploads\/2024\/02\/IMG_20240218_101534-768x576.jpg 768w, https:\/\/familie-weitgereist.de\/wp-content\/uploads\/2024\/02\/IMG_20240218_101534-1536x1152.jpg 1536w, https:\/\/familie-weitgereist.de\/wp-content\/uploads\/2024\/02\/IMG_20240218_101534-2048x1536.jpg 2048w, https:\/\/familie-weitgereist.de\/wp-content\/uploads\/2024\/02\/IMG_20240218_101534-1200x900.jpg 1200w, https:\/\/familie-weitgereist.de\/wp-content\/uploads\/2024\/02\/IMG_20240218_101534-1980x1485.jpg 1980w, https:\/\/familie-weitgereist.de\/wp-content\/uploads\/2024\/02\/IMG_20240218_101534-150x113.jpg 150w\" sizes=\"auto, (max-width: 1024px) 100vw, 1024px\" \/><\/figure>\n\n\n\n<p>Wir haben auch einige sch\u00f6ne Ausfl\u00fcge in das Umland und im Riesengebirge unternommen.<\/p>\n\n\n\n<ul class=\"wp-block-list\">\n<li><a href=\"https:\/\/familie-weitgereist.de\/?p=17448\/#adersbach\">Adersbacher Felsenstadt<\/a><\/li>\n\n\n\n<li><a href=\"https:\/\/familie-weitgereist.de\/?p=17448\/#aichelburg\">Aichelburg<\/a><\/li>\n\n\n\n<li><a href=\"https:\/\/familie-weitgereist.de\/?p=17448\/#silberstein\">Burg Silberstein<\/a><\/li>\n\n\n\n<li><a href=\"https:\/\/familie-weitgereist.de\/?p=17448\/#johannisbad\">Johannisbad<\/a><\/li>\n\n\n\n<li><a href=\"https:\/\/familie-weitgereist.de\/?p=17448\/#jungbuch\">Jungbuch<\/a><\/li>\n\n\n\n<li><a href=\"https:\/\/familie-weitgereist.de\/?p=17448\/#koeniginhof\">K\u00f6niginhof an der Elbe<\/a><\/li>\n\n\n\n<li><a href=\"https:\/\/familie-weitgereist.de\/?p=17448\/#koenigreichdamm\">K\u00f6nigreich-Wald Damm<\/a><\/li>\n\n\n\n<li><a href=\"https:\/\/familie-weitgereist.de\/?p=17448\/#spindlermuehle\">Spindlerm\u00fchle<\/a><\/li>\n<\/ul>\n\n\n\n<h2 class=\"wp-block-heading\" id=\"adersbach\">Adersbacher Felsenstadt<\/h2>\n\n\n\n<p>Die Adersbacher Felsenstadt ist die <strong>gr\u00f6\u00dfte und wildeste Felsenstadt in Mitteleuropa<\/strong>. Riesige Sandsteinfelsen ragen empor und schmale Pfade liegen dazwischen. Die ersten Touristen besuchten das Areal schon im 18. Jahrhundert, u.a. auch Johann Wolfgang von Goethe, der am 31. August 1790 vor Ort war. Im 19. Jahrhundert brach ein gro\u00dfes Feuer aus, welches nahezu den gesamten Wald zerst\u00f6rte. So entstanden die heutigen Wanderwege.<\/p>\n\n\n\n<figure class=\"wp-block-image size-large\"><img loading=\"lazy\" decoding=\"async\" width=\"768\" height=\"1024\" src=\"https:\/\/familie-weitgereist.de\/wp-content\/uploads\/2024\/02\/IMG_20240221_145604-768x1024.jpg\" alt=\"\" class=\"wp-image-17476\" srcset=\"https:\/\/familie-weitgereist.de\/wp-content\/uploads\/2024\/02\/IMG_20240221_145604-768x1024.jpg 768w, https:\/\/familie-weitgereist.de\/wp-content\/uploads\/2024\/02\/IMG_20240221_145604-225x300.jpg 225w, https:\/\/familie-weitgereist.de\/wp-content\/uploads\/2024\/02\/IMG_20240221_145604-1152x1536.jpg 1152w, https:\/\/familie-weitgereist.de\/wp-content\/uploads\/2024\/02\/IMG_20240221_145604-1536x2048.jpg 1536w, https:\/\/familie-weitgereist.de\/wp-content\/uploads\/2024\/02\/IMG_20240221_145604-1200x1600.jpg 1200w, https:\/\/familie-weitgereist.de\/wp-content\/uploads\/2024\/02\/IMG_20240221_145604-1980x2640.jpg 1980w, https:\/\/familie-weitgereist.de\/wp-content\/uploads\/2024\/02\/IMG_20240221_145604-640x853.jpg 640w, https:\/\/familie-weitgereist.de\/wp-content\/uploads\/2024\/02\/IMG_20240221_145604-150x200.jpg 150w, https:\/\/familie-weitgereist.de\/wp-content\/uploads\/2024\/02\/IMG_20240221_145604-scaled.jpg 1920w\" sizes=\"auto, (max-width: 768px) 100vw, 768px\" \/><\/figure>\n\n\n\n<p>Das Wahrzeichen der Felsenstadt ist das <strong>Gotische Tor<\/strong>, welches 1839 erbaut wurde. Dort befand sich der ehemalige Eingangsbereich in die Felsenstadt.<\/p>\n\n\n\n<figure class=\"wp-block-image size-large\"><img loading=\"lazy\" decoding=\"async\" width=\"1024\" height=\"768\" src=\"https:\/\/familie-weitgereist.de\/wp-content\/uploads\/2024\/02\/IMG_20240221_120529-1024x768.jpg\" alt=\"\" class=\"wp-image-17477\" srcset=\"https:\/\/familie-weitgereist.de\/wp-content\/uploads\/2024\/02\/IMG_20240221_120529-1024x768.jpg 1024w, https:\/\/familie-weitgereist.de\/wp-content\/uploads\/2024\/02\/IMG_20240221_120529-300x225.jpg 300w, https:\/\/familie-weitgereist.de\/wp-content\/uploads\/2024\/02\/IMG_20240221_120529-768x576.jpg 768w, https:\/\/familie-weitgereist.de\/wp-content\/uploads\/2024\/02\/IMG_20240221_120529-1536x1152.jpg 1536w, https:\/\/familie-weitgereist.de\/wp-content\/uploads\/2024\/02\/IMG_20240221_120529-2048x1536.jpg 2048w, https:\/\/familie-weitgereist.de\/wp-content\/uploads\/2024\/02\/IMG_20240221_120529-1200x900.jpg 1200w, https:\/\/familie-weitgereist.de\/wp-content\/uploads\/2024\/02\/IMG_20240221_120529-1980x1485.jpg 1980w, https:\/\/familie-weitgereist.de\/wp-content\/uploads\/2024\/02\/IMG_20240221_120529-150x113.jpg 150w\" sizes=\"auto, (max-width: 1024px) 100vw, 1024px\" \/><\/figure>\n\n\n\n<p>In der Felsenstadt gibt es drei verschiedene Wanderwege. Der blaue Pfad (1km) f\u00fchrt um einen See herum, der direkt beim Eingangsbereich liegt. Der gr\u00fcne Wanderweg (3,5km) f\u00fchrt durch das Kerngebiet der Adersbacher Felsen und der gelbe Weg (1,5km) f\u00fchrt zu einem kleinen See, der jedoch bei unserem Besuch kein Wasser enthielt. Im Sommer k\u00f6nnen hier sogar kleine Bootsfahrten unternommen werden, 100 CZK f\u00fcr Erwachsene und Kinder ab 3 Jahren zahlen 50 CZK.<\/p>\n\n\n\n<figure class=\"wp-block-image size-large\"><img loading=\"lazy\" decoding=\"async\" width=\"1024\" height=\"768\" src=\"https:\/\/familie-weitgereist.de\/wp-content\/uploads\/2024\/02\/IMG_20240221_110204-1024x768.jpg\" alt=\"\" class=\"wp-image-17479\" srcset=\"https:\/\/familie-weitgereist.de\/wp-content\/uploads\/2024\/02\/IMG_20240221_110204-1024x768.jpg 1024w, https:\/\/familie-weitgereist.de\/wp-content\/uploads\/2024\/02\/IMG_20240221_110204-300x225.jpg 300w, https:\/\/familie-weitgereist.de\/wp-content\/uploads\/2024\/02\/IMG_20240221_110204-768x576.jpg 768w, https:\/\/familie-weitgereist.de\/wp-content\/uploads\/2024\/02\/IMG_20240221_110204-1536x1152.jpg 1536w, https:\/\/familie-weitgereist.de\/wp-content\/uploads\/2024\/02\/IMG_20240221_110204-2048x1536.jpg 2048w, https:\/\/familie-weitgereist.de\/wp-content\/uploads\/2024\/02\/IMG_20240221_110204-1200x900.jpg 1200w, https:\/\/familie-weitgereist.de\/wp-content\/uploads\/2024\/02\/IMG_20240221_110204-1980x1485.jpg 1980w, https:\/\/familie-weitgereist.de\/wp-content\/uploads\/2024\/02\/IMG_20240221_110204-150x113.jpg 150w\" sizes=\"auto, (max-width: 1024px) 100vw, 1024px\" \/><\/figure>\n\n\n\n<p>Wir haben mit unseren beiden Jungs den ganzen Tag dort verbracht und sind alle drei Pfade gelaufen. Es ist ein tolles Wanderabenteuer. Wir liefen durch schmale Felsspalten, der engste Spalt war nur 50cm breit und hei\u00dft das &#8222;Mauseloch&#8220;. Leitern, Stufen, Treppen und angelegte Pfade erleichtern die Wanderung und machen sie gleichzeitig zu einem kurzweiligen Ausflug! <\/p>\n\n\n\n<p>Im Bereich des gelben Wanderweges befinden sich der Kleine und Gro\u00dfe Adersbacher Wasserfall. Der gro\u00dfe Wasserfall hat eine Fallh\u00f6he von 16m und wirkt beeindruckend zwischen den Felsspalten.<\/p>\n\n\n\n<figure class=\"wp-block-image size-large\"><img loading=\"lazy\" decoding=\"async\" width=\"576\" height=\"1024\" src=\"https:\/\/familie-weitgereist.de\/wp-content\/uploads\/2024\/02\/PXL_20240221_120215385.MP_-576x1024.jpg\" alt=\"\" class=\"wp-image-17519\" srcset=\"https:\/\/familie-weitgereist.de\/wp-content\/uploads\/2024\/02\/PXL_20240221_120215385.MP_-576x1024.jpg 576w, https:\/\/familie-weitgereist.de\/wp-content\/uploads\/2024\/02\/PXL_20240221_120215385.MP_-169x300.jpg 169w, https:\/\/familie-weitgereist.de\/wp-content\/uploads\/2024\/02\/PXL_20240221_120215385.MP_-768x1365.jpg 768w, https:\/\/familie-weitgereist.de\/wp-content\/uploads\/2024\/02\/PXL_20240221_120215385.MP_-864x1536.jpg 864w, https:\/\/familie-weitgereist.de\/wp-content\/uploads\/2024\/02\/PXL_20240221_120215385.MP_-1152x2048.jpg 1152w, https:\/\/familie-weitgereist.de\/wp-content\/uploads\/2024\/02\/PXL_20240221_120215385.MP_-1200x2133.jpg 1200w, https:\/\/familie-weitgereist.de\/wp-content\/uploads\/2024\/02\/PXL_20240221_120215385.MP_-1980x3520.jpg 1980w, https:\/\/familie-weitgereist.de\/wp-content\/uploads\/2024\/02\/PXL_20240221_120215385.MP_-150x267.jpg 150w, https:\/\/familie-weitgereist.de\/wp-content\/uploads\/2024\/02\/PXL_20240221_120215385.MP_-scaled.jpg 1440w\" sizes=\"auto, (max-width: 576px) 100vw, 576px\" \/><\/figure>\n\n\n\n<p>Die Felsformationen bilden erstaunliche Formen und haben ihre ganz eigenen Namen. Es gibt ein Liebespaar, den B\u00fcrgermeister, viele Tierarten und sogar einen Zuckerhut. Beim Betrachten der Felsen findet jeder sicherlich seinen Lieblingsfelsen und noch viele weitere eindrucksvolle Gebilde.<\/p>\n\n\n\n<figure class=\"wp-block-image size-large is-resized\"><img loading=\"lazy\" decoding=\"async\" width=\"768\" height=\"1024\" src=\"https:\/\/familie-weitgereist.de\/wp-content\/uploads\/2024\/02\/IMG_20240221_132556-768x1024.jpg\" alt=\"\" class=\"wp-image-17482\" style=\"width:382px;height:auto\" srcset=\"https:\/\/familie-weitgereist.de\/wp-content\/uploads\/2024\/02\/IMG_20240221_132556-768x1024.jpg 768w, https:\/\/familie-weitgereist.de\/wp-content\/uploads\/2024\/02\/IMG_20240221_132556-225x300.jpg 225w, https:\/\/familie-weitgereist.de\/wp-content\/uploads\/2024\/02\/IMG_20240221_132556-1152x1536.jpg 1152w, https:\/\/familie-weitgereist.de\/wp-content\/uploads\/2024\/02\/IMG_20240221_132556-1536x2048.jpg 1536w, https:\/\/familie-weitgereist.de\/wp-content\/uploads\/2024\/02\/IMG_20240221_132556-1200x1600.jpg 1200w, https:\/\/familie-weitgereist.de\/wp-content\/uploads\/2024\/02\/IMG_20240221_132556-1980x2640.jpg 1980w, https:\/\/familie-weitgereist.de\/wp-content\/uploads\/2024\/02\/IMG_20240221_132556-640x853.jpg 640w, https:\/\/familie-weitgereist.de\/wp-content\/uploads\/2024\/02\/IMG_20240221_132556-150x200.jpg 150w, https:\/\/familie-weitgereist.de\/wp-content\/uploads\/2024\/02\/IMG_20240221_132556-scaled.jpg 1920w\" sizes=\"auto, (max-width: 768px) 100vw, 768px\" \/><\/figure>\n\n\n\n<p>Um die Felsenstadt besichtigen zu k\u00f6nnen, wird ein Beitrag f\u00e4llig. Erwachsene zahlen 130 CZK (5,13\u20ac), Kinder ab 3 Jahren zahlen 100 CZK (3,95\u20ac). (<em>Stand Februar 2024<\/em>)<\/p>\n\n\n\n<h2 class=\"wp-block-heading\" id=\"aichelburg\">Wanderung zur Aichelburg<\/h2>\n\n\n\n<p>Im Riesengebirge befindet sich die Aichelburg und eine Wanderung dorthin lohnt sich. Wir liefen zun\u00e4chst steil bergauf und kamen an der ehemaligen Ansiedlung &#8222;Honsagraben&#8220; (<em>Honzuv Potok<\/em>) vorbei. Das Tal wurde von \u00d6sterreichern im 16. Jahrhundert besiedelt, die zu Abholzungszwecken entsandt wurden. Es gab insgesamt 9 H\u00f6fe, abgelegen in wundersch\u00f6ner Natur. Die H\u00e4user sind heute noch ziemlich gut erhalten, zumindest von au\u00dfen. Jedoch wohnt niemand da, denn sie sind nur zu Fu\u00df erreichbar.<\/p>\n\n\n\n<figure class=\"wp-block-image size-large\"><img loading=\"lazy\" decoding=\"async\" width=\"1024\" height=\"768\" src=\"https:\/\/familie-weitgereist.de\/wp-content\/uploads\/2024\/02\/IMG_20240224_140623-1024x768.jpg\" alt=\"\" class=\"wp-image-17508\" srcset=\"https:\/\/familie-weitgereist.de\/wp-content\/uploads\/2024\/02\/IMG_20240224_140623-1024x768.jpg 1024w, https:\/\/familie-weitgereist.de\/wp-content\/uploads\/2024\/02\/IMG_20240224_140623-300x225.jpg 300w, https:\/\/familie-weitgereist.de\/wp-content\/uploads\/2024\/02\/IMG_20240224_140623-768x576.jpg 768w, https:\/\/familie-weitgereist.de\/wp-content\/uploads\/2024\/02\/IMG_20240224_140623-1536x1152.jpg 1536w, https:\/\/familie-weitgereist.de\/wp-content\/uploads\/2024\/02\/IMG_20240224_140623-2048x1536.jpg 2048w, https:\/\/familie-weitgereist.de\/wp-content\/uploads\/2024\/02\/IMG_20240224_140623-1200x900.jpg 1200w, https:\/\/familie-weitgereist.de\/wp-content\/uploads\/2024\/02\/IMG_20240224_140623-1980x1485.jpg 1980w, https:\/\/familie-weitgereist.de\/wp-content\/uploads\/2024\/02\/IMG_20240224_140623-150x113.jpg 150w\" sizes=\"auto, (max-width: 1024px) 100vw, 1024px\" \/><\/figure>\n\n\n\n<p>Wir hatten zudem traumhafte Ausblicke auf die verschneite Schneekoppe, den h\u00f6chsten Berg Tschechiens (1603m). Zudem wurde die Wanderung etwas abenteuerlich, da aufgrund der Schneeschmelze ein Teilst\u00fcck des Weges \u00fcberflutet war.<\/p>\n\n\n\n<figure class=\"wp-block-image size-large\"><img loading=\"lazy\" decoding=\"async\" width=\"1024\" height=\"768\" src=\"https:\/\/familie-weitgereist.de\/wp-content\/uploads\/2024\/02\/IMG_20240224_144225-1024x768.jpg\" alt=\"\" class=\"wp-image-17510\" srcset=\"https:\/\/familie-weitgereist.de\/wp-content\/uploads\/2024\/02\/IMG_20240224_144225-1024x768.jpg 1024w, https:\/\/familie-weitgereist.de\/wp-content\/uploads\/2024\/02\/IMG_20240224_144225-300x225.jpg 300w, https:\/\/familie-weitgereist.de\/wp-content\/uploads\/2024\/02\/IMG_20240224_144225-768x576.jpg 768w, https:\/\/familie-weitgereist.de\/wp-content\/uploads\/2024\/02\/IMG_20240224_144225-1536x1152.jpg 1536w, https:\/\/familie-weitgereist.de\/wp-content\/uploads\/2024\/02\/IMG_20240224_144225-2048x1536.jpg 2048w, https:\/\/familie-weitgereist.de\/wp-content\/uploads\/2024\/02\/IMG_20240224_144225-1200x900.jpg 1200w, https:\/\/familie-weitgereist.de\/wp-content\/uploads\/2024\/02\/IMG_20240224_144225-1980x1485.jpg 1980w, https:\/\/familie-weitgereist.de\/wp-content\/uploads\/2024\/02\/IMG_20240224_144225-150x113.jpg 150w\" sizes=\"auto, (max-width: 1024px) 100vw, 1024px\" \/><\/figure>\n\n\n\n<p>Die Aichelburg wurde 1863 zu Ehren des Grafen Berthold von und zu Aichelburg nach seinem Tod erbaut. Es ist eine kleine Waldburg, die 1996 erneuert wurde und heute ein beliebtes Wanderziel ist. Anschlie\u00dfend ging es f\u00fcr uns abw\u00e4rts zur\u00fcck ins Tal.<\/p>\n\n\n\n<figure class=\"wp-block-image size-large is-resized\"><img loading=\"lazy\" decoding=\"async\" width=\"1024\" height=\"768\" src=\"https:\/\/familie-weitgereist.de\/wp-content\/uploads\/2024\/02\/IMG_20240224_150611-1024x768.jpg\" alt=\"\" class=\"wp-image-17512\" style=\"width:379px;height:auto\" srcset=\"https:\/\/familie-weitgereist.de\/wp-content\/uploads\/2024\/02\/IMG_20240224_150611-1024x768.jpg 1024w, https:\/\/familie-weitgereist.de\/wp-content\/uploads\/2024\/02\/IMG_20240224_150611-300x225.jpg 300w, https:\/\/familie-weitgereist.de\/wp-content\/uploads\/2024\/02\/IMG_20240224_150611-768x576.jpg 768w, https:\/\/familie-weitgereist.de\/wp-content\/uploads\/2024\/02\/IMG_20240224_150611-1536x1152.jpg 1536w, https:\/\/familie-weitgereist.de\/wp-content\/uploads\/2024\/02\/IMG_20240224_150611-2048x1536.jpg 2048w, https:\/\/familie-weitgereist.de\/wp-content\/uploads\/2024\/02\/IMG_20240224_150611-1200x900.jpg 1200w, https:\/\/familie-weitgereist.de\/wp-content\/uploads\/2024\/02\/IMG_20240224_150611-1980x1485.jpg 1980w, https:\/\/familie-weitgereist.de\/wp-content\/uploads\/2024\/02\/IMG_20240224_150611-150x113.jpg 150w\" sizes=\"auto, (max-width: 1024px) 100vw, 1024px\" \/><\/figure>\n\n\n\n<h2 class=\"wp-block-heading\" id=\"silberstein\">Burg Silberstein (Hrad B\u0159ec\u0161tejn)<\/h2>\n\n\n\n<p>Die Burg Silberstein ist die Ruine einer Burg aus dem 15. Jahrhundert im Riesengebirge. Die Ruine der Burg ist relativ klein und mitten im Wald oberhalb des Ortes Trutnov gelegen. Die Aussicht auf das Umland ist wirklich sch\u00f6n. Sie diente im 15. Jahrhundert als St\u00fctzpunkt und Verteidigungsanlage.<\/p>\n\n\n\n<figure class=\"wp-block-image size-large\"><img loading=\"lazy\" decoding=\"async\" width=\"1024\" height=\"768\" src=\"https:\/\/familie-weitgereist.de\/wp-content\/uploads\/2024\/02\/IMG_20240224_114650-1024x768.jpg\" alt=\"\" class=\"wp-image-17505\" srcset=\"https:\/\/familie-weitgereist.de\/wp-content\/uploads\/2024\/02\/IMG_20240224_114650-1024x768.jpg 1024w, https:\/\/familie-weitgereist.de\/wp-content\/uploads\/2024\/02\/IMG_20240224_114650-300x225.jpg 300w, https:\/\/familie-weitgereist.de\/wp-content\/uploads\/2024\/02\/IMG_20240224_114650-768x576.jpg 768w, https:\/\/familie-weitgereist.de\/wp-content\/uploads\/2024\/02\/IMG_20240224_114650-1536x1152.jpg 1536w, https:\/\/familie-weitgereist.de\/wp-content\/uploads\/2024\/02\/IMG_20240224_114650-2048x1536.jpg 2048w, https:\/\/familie-weitgereist.de\/wp-content\/uploads\/2024\/02\/IMG_20240224_114650-1200x900.jpg 1200w, https:\/\/familie-weitgereist.de\/wp-content\/uploads\/2024\/02\/IMG_20240224_114650-1980x1485.jpg 1980w, https:\/\/familie-weitgereist.de\/wp-content\/uploads\/2024\/02\/IMG_20240224_114650-150x113.jpg 150w\" sizes=\"auto, (max-width: 1024px) 100vw, 1024px\" \/><\/figure>\n\n\n\n<p>Wir unternahmen eine kleine Wanderung und parkten unser Auto unterhalb der Burg am Stra\u00dfenrand. Die Burg kann gratis besichtigt werden und im Wald kann gewandert werden.<\/p>\n\n\n\n<figure class=\"wp-block-image size-large\"><img loading=\"lazy\" decoding=\"async\" width=\"1024\" height=\"768\" src=\"https:\/\/familie-weitgereist.de\/wp-content\/uploads\/2024\/02\/IMG_20240224_120325-1024x768.jpg\" alt=\"\" class=\"wp-image-17504\" srcset=\"https:\/\/familie-weitgereist.de\/wp-content\/uploads\/2024\/02\/IMG_20240224_120325-1024x768.jpg 1024w, https:\/\/familie-weitgereist.de\/wp-content\/uploads\/2024\/02\/IMG_20240224_120325-300x225.jpg 300w, https:\/\/familie-weitgereist.de\/wp-content\/uploads\/2024\/02\/IMG_20240224_120325-768x576.jpg 768w, https:\/\/familie-weitgereist.de\/wp-content\/uploads\/2024\/02\/IMG_20240224_120325-1536x1152.jpg 1536w, https:\/\/familie-weitgereist.de\/wp-content\/uploads\/2024\/02\/IMG_20240224_120325-2048x1536.jpg 2048w, https:\/\/familie-weitgereist.de\/wp-content\/uploads\/2024\/02\/IMG_20240224_120325-1200x900.jpg 1200w, https:\/\/familie-weitgereist.de\/wp-content\/uploads\/2024\/02\/IMG_20240224_120325-1980x1485.jpg 1980w, https:\/\/familie-weitgereist.de\/wp-content\/uploads\/2024\/02\/IMG_20240224_120325-150x113.jpg 150w\" sizes=\"auto, (max-width: 1024px) 100vw, 1024px\" \/><\/figure>\n\n\n\n<h2 class=\"wp-block-heading\" id=\"johannisbad\">Johannisbad (Jansk\u00e9 L\u00e1zne)<\/h2>\n\n\n\n<p>Jansk\u00e9 L\u00e1zne hat eine gute touristische Infrastruktur. Es gibt einen Skibus, der die einzelnen Skiegebiete miteinander verbindet. Das gro\u00dfe Skigebiet von <strong>Cerna Hora<\/strong> befindet sich dort. Es gibt auch einen flachen \u00dcbungshang. Dadurch ist dieses Skigebiet sehr familienfreundlich.<\/p>\n\n\n\n<p>Einen Besuch wert ist ebenfalls der Baumwipfelpfad. Der Turm hat eine H\u00f6he von 45m und bietet einen herrlichen Ausblick auf die Berge des Riesengebirges.<\/p>\n\n\n\n<figure class=\"wp-block-image size-large\"><img loading=\"lazy\" decoding=\"async\" width=\"1024\" height=\"768\" src=\"https:\/\/familie-weitgereist.de\/wp-content\/uploads\/2024\/02\/IMG_20240220_153851-1024x768.jpg\" alt=\"\" class=\"wp-image-17465\" srcset=\"https:\/\/familie-weitgereist.de\/wp-content\/uploads\/2024\/02\/IMG_20240220_153851-1024x768.jpg 1024w, https:\/\/familie-weitgereist.de\/wp-content\/uploads\/2024\/02\/IMG_20240220_153851-300x225.jpg 300w, https:\/\/familie-weitgereist.de\/wp-content\/uploads\/2024\/02\/IMG_20240220_153851-768x576.jpg 768w, https:\/\/familie-weitgereist.de\/wp-content\/uploads\/2024\/02\/IMG_20240220_153851-1536x1152.jpg 1536w, https:\/\/familie-weitgereist.de\/wp-content\/uploads\/2024\/02\/IMG_20240220_153851-2048x1536.jpg 2048w, https:\/\/familie-weitgereist.de\/wp-content\/uploads\/2024\/02\/IMG_20240220_153851-1200x900.jpg 1200w, https:\/\/familie-weitgereist.de\/wp-content\/uploads\/2024\/02\/IMG_20240220_153851-1980x1485.jpg 1980w, https:\/\/familie-weitgereist.de\/wp-content\/uploads\/2024\/02\/IMG_20240220_153851-150x113.jpg 150w\" sizes=\"auto, (max-width: 1024px) 100vw, 1024px\" \/><\/figure>\n\n\n\n<p>Der gesamte Weg hat eine L\u00e4nge von 2,2km und um zur Aussichtsplattform zu gelangen, verl\u00e4uft der Weg ringf\u00f6rmig nach oben. Oben angelangt, hat man die M\u00f6glichkeit mit einer Rutsche hinab zu rutschen. Daf\u00fcr fallen noch einmal 50 CZK pro Rutschpartie (1,97\u20ac) an. Es gibt viele wissenswerte Informationen zum Wald und zum Bau des Pfades. Ein Abenteuerspielplatz &#8222;Emils Waldwelt&#8220; befindet sich vor Ort, ist im Winter jedoch leider geschlossen.<\/p>\n\n\n\n<figure class=\"wp-block-image size-large is-resized\"><img loading=\"lazy\" decoding=\"async\" width=\"768\" height=\"1024\" src=\"https:\/\/familie-weitgereist.de\/wp-content\/uploads\/2024\/02\/IMG_20240220_145624-768x1024.jpg\" alt=\"\" class=\"wp-image-17462\" style=\"width:378px;height:auto\" srcset=\"https:\/\/familie-weitgereist.de\/wp-content\/uploads\/2024\/02\/IMG_20240220_145624-768x1024.jpg 768w, https:\/\/familie-weitgereist.de\/wp-content\/uploads\/2024\/02\/IMG_20240220_145624-225x300.jpg 225w, https:\/\/familie-weitgereist.de\/wp-content\/uploads\/2024\/02\/IMG_20240220_145624-1152x1536.jpg 1152w, https:\/\/familie-weitgereist.de\/wp-content\/uploads\/2024\/02\/IMG_20240220_145624-1536x2048.jpg 1536w, https:\/\/familie-weitgereist.de\/wp-content\/uploads\/2024\/02\/IMG_20240220_145624-1200x1600.jpg 1200w, https:\/\/familie-weitgereist.de\/wp-content\/uploads\/2024\/02\/IMG_20240220_145624-1980x2640.jpg 1980w, https:\/\/familie-weitgereist.de\/wp-content\/uploads\/2024\/02\/IMG_20240220_145624-640x853.jpg 640w, https:\/\/familie-weitgereist.de\/wp-content\/uploads\/2024\/02\/IMG_20240220_145624-150x200.jpg 150w, https:\/\/familie-weitgereist.de\/wp-content\/uploads\/2024\/02\/IMG_20240220_145624-scaled.jpg 1920w\" sizes=\"auto, (max-width: 768px) 100vw, 768px\" \/><\/figure>\n\n\n\n<p>Der Eintrittspreis betr\u00e4gt 350 CZK (13,82\u20ac) f\u00fcr Erwachsene und Kinder ab 3 Jahren zahlen 270 CZK (10,66\u20ac). (<em>Stand Februar 2024<\/em>)<\/p>\n\n\n\n<h2 class=\"wp-block-heading\" id=\"jungbuch\">Jungbuch (Mlad\u00e9 Buky)<\/h2>\n\n\n\n<p>In Mlad\u00e9 Buky befindet sich ein kleines Skigebiet mit moderner Liftanlage und kleinem KidsClub mit \u00dcbungshang. Es ist besonders f\u00fcr Familien geeignet, da es viele breite und flache Pisten gibt.<\/p>\n\n\n\n<figure class=\"wp-block-image size-large\"><img loading=\"lazy\" decoding=\"async\" width=\"1024\" height=\"768\" src=\"https:\/\/familie-weitgereist.de\/wp-content\/uploads\/2024\/02\/IMG_20240220_110028-1024x768.jpg\" alt=\"\" class=\"wp-image-17456\" srcset=\"https:\/\/familie-weitgereist.de\/wp-content\/uploads\/2024\/02\/IMG_20240220_110028-1024x768.jpg 1024w, https:\/\/familie-weitgereist.de\/wp-content\/uploads\/2024\/02\/IMG_20240220_110028-300x225.jpg 300w, https:\/\/familie-weitgereist.de\/wp-content\/uploads\/2024\/02\/IMG_20240220_110028-768x576.jpg 768w, https:\/\/familie-weitgereist.de\/wp-content\/uploads\/2024\/02\/IMG_20240220_110028-1536x1152.jpg 1536w, https:\/\/familie-weitgereist.de\/wp-content\/uploads\/2024\/02\/IMG_20240220_110028-2048x1536.jpg 2048w, https:\/\/familie-weitgereist.de\/wp-content\/uploads\/2024\/02\/IMG_20240220_110028-1200x900.jpg 1200w, https:\/\/familie-weitgereist.de\/wp-content\/uploads\/2024\/02\/IMG_20240220_110028-1980x1485.jpg 1980w, https:\/\/familie-weitgereist.de\/wp-content\/uploads\/2024\/02\/IMG_20240220_110028-150x113.jpg 150w\" sizes=\"auto, (max-width: 1024px) 100vw, 1024px\" \/><\/figure>\n\n\n\n<p>Neben der Liftanlage befindet sich eine Sommerrodelbahn. Am letzten Tag unseres Aufenthaltes ist jeder von uns einmal mit Merlin gefahren. Der Ausblick von oben auf die umliegenden Berge und Mlad\u00e9 Buky ist traumhaft. Kinder ab 3 Jahren d\u00fcrfen in Begleitung eines Erwachsenen fahren.<\/p>\n\n\n\n<figure class=\"wp-block-image size-large\"><img loading=\"lazy\" decoding=\"async\" width=\"1024\" height=\"768\" src=\"https:\/\/familie-weitgereist.de\/wp-content\/uploads\/2024\/02\/IMG_20240224_104840-1024x768.jpg\" alt=\"\" class=\"wp-image-17516\" srcset=\"https:\/\/familie-weitgereist.de\/wp-content\/uploads\/2024\/02\/IMG_20240224_104840-1024x768.jpg 1024w, https:\/\/familie-weitgereist.de\/wp-content\/uploads\/2024\/02\/IMG_20240224_104840-300x225.jpg 300w, https:\/\/familie-weitgereist.de\/wp-content\/uploads\/2024\/02\/IMG_20240224_104840-768x576.jpg 768w, https:\/\/familie-weitgereist.de\/wp-content\/uploads\/2024\/02\/IMG_20240224_104840-1536x1152.jpg 1536w, https:\/\/familie-weitgereist.de\/wp-content\/uploads\/2024\/02\/IMG_20240224_104840-2048x1536.jpg 2048w, https:\/\/familie-weitgereist.de\/wp-content\/uploads\/2024\/02\/IMG_20240224_104840-1200x900.jpg 1200w, https:\/\/familie-weitgereist.de\/wp-content\/uploads\/2024\/02\/IMG_20240224_104840-1980x1485.jpg 1980w, https:\/\/familie-weitgereist.de\/wp-content\/uploads\/2024\/02\/IMG_20240224_104840-150x113.jpg 150w\" sizes=\"auto, (max-width: 1024px) 100vw, 1024px\" \/><\/figure>\n\n\n\n<h2 class=\"wp-block-heading\" id=\"koeniginhof\">K\u00f6niginhof an der Elbe (Dv\u016fr Kr\u00e1lov\u00e9 nad Labem)<\/h2>\n\n\n\n<p>Viele St\u00e4dtenamen in Tschechien sind wirklich ausgefallen und wundersch\u00f6n, dazu z\u00e4hlt auch der Name der Kleinstadt, K\u00f6niginhof an der Elbe.<\/p>\n\n\n\n<p>Die Stadt liegt s\u00fcdlich des Riesengebirges und ca. 15.300 Menschen leben hier. Es gibt Reste einer Stadtbefestigung, eine Kreuzkirche und einen sehenswerten Marktplatz.<\/p>\n\n\n\n<figure class=\"wp-block-image size-large\"><img loading=\"lazy\" decoding=\"async\" width=\"1024\" height=\"768\" src=\"https:\/\/familie-weitgereist.de\/wp-content\/uploads\/2024\/02\/IMG_20240222_130040-1024x768.jpg\" alt=\"\" class=\"wp-image-17494\" srcset=\"https:\/\/familie-weitgereist.de\/wp-content\/uploads\/2024\/02\/IMG_20240222_130040-1024x768.jpg 1024w, https:\/\/familie-weitgereist.de\/wp-content\/uploads\/2024\/02\/IMG_20240222_130040-300x225.jpg 300w, https:\/\/familie-weitgereist.de\/wp-content\/uploads\/2024\/02\/IMG_20240222_130040-768x576.jpg 768w, https:\/\/familie-weitgereist.de\/wp-content\/uploads\/2024\/02\/IMG_20240222_130040-1536x1152.jpg 1536w, https:\/\/familie-weitgereist.de\/wp-content\/uploads\/2024\/02\/IMG_20240222_130040-2048x1536.jpg 2048w, https:\/\/familie-weitgereist.de\/wp-content\/uploads\/2024\/02\/IMG_20240222_130040-1200x900.jpg 1200w, https:\/\/familie-weitgereist.de\/wp-content\/uploads\/2024\/02\/IMG_20240222_130040-1980x1485.jpg 1980w, https:\/\/familie-weitgereist.de\/wp-content\/uploads\/2024\/02\/IMG_20240222_130040-150x113.jpg 150w\" sizes=\"auto, (max-width: 1024px) 100vw, 1024px\" \/><\/figure>\n\n\n\n<p>In der N\u00e4he der Stadt gibt es einen der gr\u00f6\u00dften Zoos in Tschechien, der sich auf afrikanische Tiere spezialisiert hat.<\/p>\n\n\n\n<h2 class=\"wp-block-heading\" id=\"koenigreichdamm\">K\u00f6nigreich-Wald Damm (P\u0159ehrada Les Kr\u00e1lovstv\u00ed)<\/h2>\n\n\n\n<p>Der Damm ist eine Stauanlage im Oberlauf der Elbe. Er wurde von 1910 &#8211; 1914 erbaut und dient dem Hochwasserschutz und zur Energiegewinnung. Die neogotische Architektur des Dammes ist wundersch\u00f6n. Es wirkt wie aus einem M\u00e4rchen.<\/p>\n\n\n\n<figure class=\"wp-block-image size-large\"><img loading=\"lazy\" decoding=\"async\" width=\"1024\" height=\"768\" src=\"https:\/\/familie-weitgereist.de\/wp-content\/uploads\/2024\/02\/IMG_20240222_112448-1024x768.jpg\" alt=\"\" class=\"wp-image-17497\" srcset=\"https:\/\/familie-weitgereist.de\/wp-content\/uploads\/2024\/02\/IMG_20240222_112448-1024x768.jpg 1024w, https:\/\/familie-weitgereist.de\/wp-content\/uploads\/2024\/02\/IMG_20240222_112448-300x225.jpg 300w, https:\/\/familie-weitgereist.de\/wp-content\/uploads\/2024\/02\/IMG_20240222_112448-768x576.jpg 768w, https:\/\/familie-weitgereist.de\/wp-content\/uploads\/2024\/02\/IMG_20240222_112448-1536x1152.jpg 1536w, https:\/\/familie-weitgereist.de\/wp-content\/uploads\/2024\/02\/IMG_20240222_112448-2048x1536.jpg 2048w, https:\/\/familie-weitgereist.de\/wp-content\/uploads\/2024\/02\/IMG_20240222_112448-1200x900.jpg 1200w, https:\/\/familie-weitgereist.de\/wp-content\/uploads\/2024\/02\/IMG_20240222_112448-1980x1485.jpg 1980w, https:\/\/familie-weitgereist.de\/wp-content\/uploads\/2024\/02\/IMG_20240222_112448-150x113.jpg 150w\" sizes=\"auto, (max-width: 1024px) 100vw, 1024px\" \/><\/figure>\n\n\n\n<h2 class=\"wp-block-heading\" id=\"spindlermuehle\">Spindlerm\u00fchle (\u0160pindler\u016fv Ml\u00fdn)<\/h2>\n\n\n\n<p>Spindlerm\u00fchle ist ein Ort im zentralen Riesengebirge und seit vielen Jahren zum besten Skigebiet in Tschechien auserkoren. In Spindlerm\u00fchle ist sehr viel los. Es gibt viele Hotels, Einkehrm\u00f6glichkeiten, viele Skiverleihe und ein gro\u00dfes Skigebiet wartet darauf entdeckt zu werden. Es gibt auch Skibusse, die zu den verschiedenen Liftstationen fahren. Im Sommer kann hier wunderbar in den Bergen des Riesengebirges gewandert werden, sogar die Elbquelle befindet sich hier. Die Elbe flie\u00dft auch durch Spindlerm\u00fchle. Ungef\u00e4hr 1100 Menschen leben hier und der Ort liegt auf einer H\u00f6he von 718m.<\/p>\n\n\n\n<figure class=\"wp-block-image size-large\"><img loading=\"lazy\" decoding=\"async\" width=\"1024\" height=\"768\" src=\"https:\/\/familie-weitgereist.de\/wp-content\/uploads\/2024\/02\/IMG_20240223_144319-1024x768.jpg\" alt=\"\" class=\"wp-image-17488\" srcset=\"https:\/\/familie-weitgereist.de\/wp-content\/uploads\/2024\/02\/IMG_20240223_144319-1024x768.jpg 1024w, https:\/\/familie-weitgereist.de\/wp-content\/uploads\/2024\/02\/IMG_20240223_144319-300x225.jpg 300w, https:\/\/familie-weitgereist.de\/wp-content\/uploads\/2024\/02\/IMG_20240223_144319-768x576.jpg 768w, https:\/\/familie-weitgereist.de\/wp-content\/uploads\/2024\/02\/IMG_20240223_144319-1536x1152.jpg 1536w, https:\/\/familie-weitgereist.de\/wp-content\/uploads\/2024\/02\/IMG_20240223_144319-2048x1536.jpg 2048w, https:\/\/familie-weitgereist.de\/wp-content\/uploads\/2024\/02\/IMG_20240223_144319-1200x900.jpg 1200w, https:\/\/familie-weitgereist.de\/wp-content\/uploads\/2024\/02\/IMG_20240223_144319-1980x1485.jpg 1980w, https:\/\/familie-weitgereist.de\/wp-content\/uploads\/2024\/02\/IMG_20240223_144319-150x113.jpg 150w\" sizes=\"auto, (max-width: 1024px) 100vw, 1024px\" \/><\/figure>\n\n\n\n<p>Wir hatten eine wunderbare Woche im tschechischen Riesengebirge und m\u00f6chten definitiv wieder herkommen um Ski und Snowboard zu fahren.<\/p>\n","protected":false},"excerpt":{"rendered":"<p>Im Februar sind wir am Rande des Riesengebirges nach Tschechien gefahren. Wir hatten eine sch\u00f6ne Ferienwohnung in Mlad\u00e9 Buky (Jungbuch), welche nur 400m vom Skilift entfernt war. Das war perfekt f\u00fcr uns, denn so konnte Merlin Ski fahren \u00fcben und wir waren auch mit Baby Maris schnell zur\u00fcck in der Ferienunterkunft. Wir haben auch einige [&hellip;]<\/p>\n","protected":false},"author":3,"featured_media":17477,"comment_status":"closed","ping_status":"open","sticky":false,"template":"","format":"standard","meta":{"_themeisle_gutenberg_block_has_review":false,"footnotes":""},"categories":[659,8,4],"tags":[1241,1252,1256,1251,580,1255,1245,1244,1243,1248,1249,1253,1242,1250,1240,1246,1247,459,1184],"class_list":["post-17448","post","type-post","status-publish","format-standard","has-post-thumbnail","hentry","category-tschechien","category-europa","category-laender","tag-adersbacher-felsen","tag-aichelburg","tag-burg-silberstein","tag-dvur-kralove-nad-labem","tag-europa","tag-hrad-brecstejn","tag-janske-lazne","tag-johannisbad","tag-jungbuch","tag-koeniginhof-an-der-elbe","tag-koenigreich-wald-damm","tag-lesni-hradek","tag-mlade-buky","tag-prehrada-les-kralovstvi","tag-riesengebirge","tag-spindlermuehle","tag-spindleruv-mlyn","tag-tschechien","tag-tschechische-republik"],"_links":{"self":[{"href":"https:\/\/familie-weitgereist.de\/index.php?rest_route=\/wp\/v2\/posts\/17448","targetHints":{"allow":["GET"]}}],"collection":[{"href":"https:\/\/familie-weitgereist.de\/index.php?rest_route=\/wp\/v2\/posts"}],"about":[{"href":"https:\/\/familie-weitgereist.de\/index.php?rest_route=\/wp\/v2\/types\/post"}],"author":[{"embeddable":true,"href":"https:\/\/familie-weitgereist.de\/index.php?rest_route=\/wp\/v2\/users\/3"}],"replies":[{"embeddable":true,"href":"https:\/\/familie-weitgereist.de\/index.php?rest_route=%2Fwp%2Fv2%2Fcomments&post=17448"}],"version-history":[{"count":60,"href":"https:\/\/familie-weitgereist.de\/index.php?rest_route=\/wp\/v2\/posts\/17448\/revisions"}],"predecessor-version":[{"id":23363,"href":"https:\/\/familie-weitgereist.de\/index.php?rest_route=\/wp\/v2\/posts\/17448\/revisions\/23363"}],"wp:featuredmedia":[{"embeddable":true,"href":"https:\/\/familie-weitgereist.de\/index.php?rest_route=\/wp\/v2\/media\/17477"}],"wp:attachment":[{"href":"https:\/\/familie-weitgereist.de\/index.php?rest_route=%2Fwp%2Fv2%2Fmedia&parent=17448"}],"wp:term":[{"taxonomy":"category","embeddable":true,"href":"https:\/\/familie-weitgereist.de\/index.php?rest_route=%2Fwp%2Fv2%2Fcategories&post=17448"},{"taxonomy":"post_tag","embeddable":true,"href":"https:\/\/familie-weitgereist.de\/index.php?rest_route=%2Fwp%2Fv2%2Ftags&post=17448"}],"curies":[{"name":"wp","href":"https:\/\/api.w.org\/{rel}","templated":true}]}}