{"id":17045,"date":"2023-12-11T22:37:50","date_gmt":"2023-12-11T21:37:50","guid":{"rendered":"https:\/\/familie-weitgereist.de\/?p=17045"},"modified":"2025-11-12T22:39:36","modified_gmt":"2025-11-12T21:39:36","slug":"tagesausflug-nach-bad-schandau-saechsische-schweiz-mit-kleinkind-und-baby","status":"publish","type":"post","link":"https:\/\/familie-weitgereist.de\/?p=17045","title":{"rendered":"Tagesausflug nach Bad Schandau, S\u00e4chsische Schweiz mit Kleinkind und Baby"},"content":{"rendered":"\n<p>Bad Schandau ist ein <strong>Kurort in Sachsen<\/strong>, inmitten der <strong>s\u00e4chsischen Schweiz<\/strong>. Die Stadt ist ein idealer Ausgangspunkt f\u00fcr zahlreiche Wanderungen in der traumhaften Sandsteinfelsenregion.<\/p>\n\n\n\n<figure class=\"wp-block-image size-large\"><img loading=\"lazy\" decoding=\"async\" width=\"1024\" height=\"768\" src=\"https:\/\/familie-weitgereist.de\/wp-content\/uploads\/2023\/12\/IMG_20231211_115411-1024x768.jpg\" alt=\"\" class=\"wp-image-17063\" srcset=\"https:\/\/familie-weitgereist.de\/wp-content\/uploads\/2023\/12\/IMG_20231211_115411-1024x768.jpg 1024w, https:\/\/familie-weitgereist.de\/wp-content\/uploads\/2023\/12\/IMG_20231211_115411-300x225.jpg 300w, https:\/\/familie-weitgereist.de\/wp-content\/uploads\/2023\/12\/IMG_20231211_115411-768x576.jpg 768w, https:\/\/familie-weitgereist.de\/wp-content\/uploads\/2023\/12\/IMG_20231211_115411-1536x1152.jpg 1536w, https:\/\/familie-weitgereist.de\/wp-content\/uploads\/2023\/12\/IMG_20231211_115411-2048x1536.jpg 2048w, https:\/\/familie-weitgereist.de\/wp-content\/uploads\/2023\/12\/IMG_20231211_115411-1200x900.jpg 1200w, https:\/\/familie-weitgereist.de\/wp-content\/uploads\/2023\/12\/IMG_20231211_115411-1980x1485.jpg 1980w, https:\/\/familie-weitgereist.de\/wp-content\/uploads\/2023\/12\/IMG_20231211_115411-150x113.jpg 150w\" sizes=\"auto, (max-width: 1024px) 100vw, 1024px\" \/><\/figure>\n\n\n\n<p>Die kleine Stadt ist perfekt um einen gem\u00fctlichen Tag zu verbringen. Schon die Anreise ist ein Highlight. Wir sind von Dresden mit dem Zug nach Bad Schandau gefahren. Am Bahnhof angekommen, liefen wir hinunter zur Elbe. Dort wartete schon die <strong>F\u00e4hre<\/strong> auf uns, welche uns zur anderen Elbseite brachte. Dort befindet sich das Zentrum von Bad Schandau. Ein <strong>Spaziergang entlang der Elbpromenade<\/strong> lohnt ebenfalls.<\/p>\n\n\n\n<figure class=\"wp-block-image size-large\"><img loading=\"lazy\" decoding=\"async\" width=\"1024\" height=\"768\" src=\"https:\/\/familie-weitgereist.de\/wp-content\/uploads\/2023\/12\/IMG_20231211_113113-1024x768.jpg\" alt=\"\" class=\"wp-image-17064\" srcset=\"https:\/\/familie-weitgereist.de\/wp-content\/uploads\/2023\/12\/IMG_20231211_113113-1024x768.jpg 1024w, https:\/\/familie-weitgereist.de\/wp-content\/uploads\/2023\/12\/IMG_20231211_113113-300x225.jpg 300w, https:\/\/familie-weitgereist.de\/wp-content\/uploads\/2023\/12\/IMG_20231211_113113-768x576.jpg 768w, https:\/\/familie-weitgereist.de\/wp-content\/uploads\/2023\/12\/IMG_20231211_113113-1536x1152.jpg 1536w, https:\/\/familie-weitgereist.de\/wp-content\/uploads\/2023\/12\/IMG_20231211_113113-2048x1536.jpg 2048w, https:\/\/familie-weitgereist.de\/wp-content\/uploads\/2023\/12\/IMG_20231211_113113-1200x900.jpg 1200w, https:\/\/familie-weitgereist.de\/wp-content\/uploads\/2023\/12\/IMG_20231211_113113-1980x1485.jpg 1980w, https:\/\/familie-weitgereist.de\/wp-content\/uploads\/2023\/12\/IMG_20231211_113113-150x113.jpg 150w\" sizes=\"auto, (max-width: 1024px) 100vw, 1024px\" \/><\/figure>\n\n\n\n<p>Im weihnachtlich geschm\u00fcckten Bad Schandau bestaunten wir eine gro\u00dfe Pyramide, Nussknacker und geschm\u00fcckte Fenster.<\/p>\n\n\n\n<figure class=\"wp-block-image size-large\"><img loading=\"lazy\" decoding=\"async\" width=\"1024\" height=\"768\" src=\"https:\/\/familie-weitgereist.de\/wp-content\/uploads\/2023\/12\/IMG_20231211_114751-1024x768.jpg\" alt=\"\" class=\"wp-image-17065\" srcset=\"https:\/\/familie-weitgereist.de\/wp-content\/uploads\/2023\/12\/IMG_20231211_114751-1024x768.jpg 1024w, https:\/\/familie-weitgereist.de\/wp-content\/uploads\/2023\/12\/IMG_20231211_114751-300x225.jpg 300w, https:\/\/familie-weitgereist.de\/wp-content\/uploads\/2023\/12\/IMG_20231211_114751-768x576.jpg 768w, https:\/\/familie-weitgereist.de\/wp-content\/uploads\/2023\/12\/IMG_20231211_114751-1536x1152.jpg 1536w, https:\/\/familie-weitgereist.de\/wp-content\/uploads\/2023\/12\/IMG_20231211_114751-2048x1536.jpg 2048w, https:\/\/familie-weitgereist.de\/wp-content\/uploads\/2023\/12\/IMG_20231211_114751-1200x900.jpg 1200w, https:\/\/familie-weitgereist.de\/wp-content\/uploads\/2023\/12\/IMG_20231211_114751-1980x1485.jpg 1980w, https:\/\/familie-weitgereist.de\/wp-content\/uploads\/2023\/12\/IMG_20231211_114751-150x113.jpg 150w\" sizes=\"auto, (max-width: 1024px) 100vw, 1024px\" \/><\/figure>\n\n\n\n<p>Wir schlenderten durch die Altstadt, vorbei an vielen kleinen L\u00e4den und einladenden Caf\u00e9s. \u00dcberall sahen wir die Felsen und wanderten vorbei an der <strong>Toskana Therme<\/strong>, hin zum <strong>Kurpark<\/strong>. Der Kurpark wurde schon 1873 gestaltet. Heute genie\u00dfen vor allem im Sommer die Menschen die gem\u00fctliche Atmosph\u00e4re. Es gibt ein Kneippbecken direkt am kleinen Fluss Kirnitzsch, einen Kinderspielplatz und tolle Ausblicke auf die umliegenden Felsen.<\/p>\n\n\n\n<figure class=\"wp-block-gallery has-nested-images columns-default is-cropped wp-block-gallery-1 is-layout-flex wp-block-gallery-is-layout-flex\">\n<figure class=\"wp-block-image size-large\"><img loading=\"lazy\" decoding=\"async\" width=\"1024\" height=\"768\" data-id=\"17066\" src=\"https:\/\/familie-weitgereist.de\/wp-content\/uploads\/2023\/12\/IMG_20231211_121007-1024x768.jpg\" alt=\"\" class=\"wp-image-17066\" srcset=\"https:\/\/familie-weitgereist.de\/wp-content\/uploads\/2023\/12\/IMG_20231211_121007-1024x768.jpg 1024w, https:\/\/familie-weitgereist.de\/wp-content\/uploads\/2023\/12\/IMG_20231211_121007-300x225.jpg 300w, https:\/\/familie-weitgereist.de\/wp-content\/uploads\/2023\/12\/IMG_20231211_121007-768x576.jpg 768w, https:\/\/familie-weitgereist.de\/wp-content\/uploads\/2023\/12\/IMG_20231211_121007-1536x1152.jpg 1536w, https:\/\/familie-weitgereist.de\/wp-content\/uploads\/2023\/12\/IMG_20231211_121007-2048x1536.jpg 2048w, https:\/\/familie-weitgereist.de\/wp-content\/uploads\/2023\/12\/IMG_20231211_121007-1200x900.jpg 1200w, https:\/\/familie-weitgereist.de\/wp-content\/uploads\/2023\/12\/IMG_20231211_121007-1980x1485.jpg 1980w, https:\/\/familie-weitgereist.de\/wp-content\/uploads\/2023\/12\/IMG_20231211_121007-150x113.jpg 150w\" sizes=\"auto, (max-width: 1024px) 100vw, 1024px\" \/><\/figure>\n\n\n\n<figure class=\"wp-block-image size-large\"><img loading=\"lazy\" decoding=\"async\" width=\"1024\" height=\"768\" data-id=\"17067\" src=\"https:\/\/familie-weitgereist.de\/wp-content\/uploads\/2023\/12\/IMG_20231211_120444-1024x768.jpg\" alt=\"\" class=\"wp-image-17067\" srcset=\"https:\/\/familie-weitgereist.de\/wp-content\/uploads\/2023\/12\/IMG_20231211_120444-1024x768.jpg 1024w, https:\/\/familie-weitgereist.de\/wp-content\/uploads\/2023\/12\/IMG_20231211_120444-300x225.jpg 300w, https:\/\/familie-weitgereist.de\/wp-content\/uploads\/2023\/12\/IMG_20231211_120444-768x576.jpg 768w, https:\/\/familie-weitgereist.de\/wp-content\/uploads\/2023\/12\/IMG_20231211_120444-1536x1152.jpg 1536w, https:\/\/familie-weitgereist.de\/wp-content\/uploads\/2023\/12\/IMG_20231211_120444-2048x1536.jpg 2048w, https:\/\/familie-weitgereist.de\/wp-content\/uploads\/2023\/12\/IMG_20231211_120444-1200x900.jpg 1200w, https:\/\/familie-weitgereist.de\/wp-content\/uploads\/2023\/12\/IMG_20231211_120444-1980x1485.jpg 1980w, https:\/\/familie-weitgereist.de\/wp-content\/uploads\/2023\/12\/IMG_20231211_120444-150x113.jpg 150w\" sizes=\"auto, (max-width: 1024px) 100vw, 1024px\" \/><\/figure>\n<\/figure>\n\n\n\n<p>Gegen\u00fcber des Kurparks befindet sich der Endpunkt der <strong>Kirnitzschtalbahn<\/strong>. Dabei handelt es sich um eine alte Stra\u00dfenbahnstrecke von 1898, welche bis heute noch f\u00e4hrt. Die Bahn verbindet Bad Schandau mit dem sch\u00f6nen Kirnitzschtal, macht Halt an acht verschiedenen Stationen und endet schlie\u00dflich am <strong>Lichtenhainer Wasserfall<\/strong>. Viele sch\u00f6ne Wanderungen starten direkt an den Haltepunkten.<\/p>\n\n\n\n<figure class=\"wp-block-image size-large\"><img loading=\"lazy\" decoding=\"async\" width=\"1024\" height=\"768\" src=\"https:\/\/familie-weitgereist.de\/wp-content\/uploads\/2023\/12\/IMG_20231211_120730-1024x768.jpg\" alt=\"\" class=\"wp-image-17068\" srcset=\"https:\/\/familie-weitgereist.de\/wp-content\/uploads\/2023\/12\/IMG_20231211_120730-1024x768.jpg 1024w, https:\/\/familie-weitgereist.de\/wp-content\/uploads\/2023\/12\/IMG_20231211_120730-300x225.jpg 300w, https:\/\/familie-weitgereist.de\/wp-content\/uploads\/2023\/12\/IMG_20231211_120730-768x576.jpg 768w, https:\/\/familie-weitgereist.de\/wp-content\/uploads\/2023\/12\/IMG_20231211_120730-1536x1152.jpg 1536w, https:\/\/familie-weitgereist.de\/wp-content\/uploads\/2023\/12\/IMG_20231211_120730-2048x1536.jpg 2048w, https:\/\/familie-weitgereist.de\/wp-content\/uploads\/2023\/12\/IMG_20231211_120730-1200x900.jpg 1200w, https:\/\/familie-weitgereist.de\/wp-content\/uploads\/2023\/12\/IMG_20231211_120730-1980x1485.jpg 1980w, https:\/\/familie-weitgereist.de\/wp-content\/uploads\/2023\/12\/IMG_20231211_120730-150x113.jpg 150w\" sizes=\"auto, (max-width: 1024px) 100vw, 1024px\" \/><\/figure>\n\n\n\n<p>Die <strong>St. Johannis Kirche<\/strong> im Stadtzentrum aus dem 18. Jahrhundert ist das h\u00f6chste Geb\u00e4ude der Stadt und schon von Weitem sichtbar.<\/p>\n\n\n\n<p>Am Kurpark wanderten wir die Bergsteigerpromenade hoch. Der Weg f\u00fchrt teils recht steil den Hang hinauf. Oben angekommen, genossen wir den herrlichen Ausblick \u00fcber die Stadt und die Felsen in der Ferne. Wir liefen zum <strong>SkyWalk<\/strong>. Auch von dort bot sich ein sch\u00f6ner Ausblick. <\/p>\n\n\n\n<div id=\"wp-block-themeisle-blocks-slider-52b87eff\" class=\"wp-block-themeisle-blocks-slider glide\" data-per-view=\"1\" data-gap=\"0\" data-peek=\"0\" data-autoplay=\"true\" data-height=\"400px\" data-hide-arrows=\"false\"><div class=\"glide__track\" data-glide-el=\"track\"><div class=\"glide__slides\"><div class=\"wp-block-themeisle-blocks-slider-item-wrapper glide__slide\" tabindex=\"0\"><figure><img decoding=\"async\" class=\"wp-block-themeisle-blocks-slider-item\" src=\"https:\/\/familie-weitgereist.de\/wp-content\/uploads\/2023\/12\/IMG_20231211_132750-scaled.jpg\" alt=\"\" title=\"\" data-id=\"17070\"\/><\/figure><\/div><div class=\"wp-block-themeisle-blocks-slider-item-wrapper glide__slide\" tabindex=\"0\"><figure><img decoding=\"async\" class=\"wp-block-themeisle-blocks-slider-item\" src=\"https:\/\/familie-weitgereist.de\/wp-content\/uploads\/2023\/12\/IMG_20231211_132459-scaled.jpg\" alt=\"\" title=\"\" data-id=\"17071\"\/><\/figure><\/div><div class=\"wp-block-themeisle-blocks-slider-item-wrapper glide__slide\" tabindex=\"0\"><figure><img decoding=\"async\" class=\"wp-block-themeisle-blocks-slider-item\" src=\"https:\/\/familie-weitgereist.de\/wp-content\/uploads\/2023\/12\/IMG_20231211_125703-scaled.jpg\" alt=\"\" title=\"\" data-id=\"17073\"\/><\/figure><\/div><\/div><div class=\"glide__bullets\" data-glide-el=\"controls[nav]\"><button class=\"glide__bullet\" data-glide-dir=\"=0\"><\/button><button class=\"glide__bullet\" data-glide-dir=\"=1\"><\/button><button class=\"glide__bullet\" data-glide-dir=\"=2\"><\/button><\/div><\/div><\/div>\n\n\n\n<p>Den Weg hinunter in das Stadtzentrum nahmen wir mit dem <strong>historischen Personenaufzug<\/strong>. Dieser wurde 1904 an einen Felsen gebaut und f\u00e4hrt 50m in die H\u00f6he. Oben wartet ein kleiner Imbiss und der Startpunkt f\u00fcr sch\u00f6ne Wanderungen. Eine Fahrt kostet 1,80\u20ac, Kinder unter 6 Jahren sind frei. (<em>Stand Dezember 2023<\/em>)<\/p>\n\n\n\n<figure class=\"wp-block-image size-large\"><img loading=\"lazy\" decoding=\"async\" width=\"1024\" height=\"768\" src=\"https:\/\/familie-weitgereist.de\/wp-content\/uploads\/2023\/12\/IMG_20231211_134317-1024x768.jpg\" alt=\"\" class=\"wp-image-17072\" srcset=\"https:\/\/familie-weitgereist.de\/wp-content\/uploads\/2023\/12\/IMG_20231211_134317-1024x768.jpg 1024w, https:\/\/familie-weitgereist.de\/wp-content\/uploads\/2023\/12\/IMG_20231211_134317-300x225.jpg 300w, https:\/\/familie-weitgereist.de\/wp-content\/uploads\/2023\/12\/IMG_20231211_134317-768x576.jpg 768w, https:\/\/familie-weitgereist.de\/wp-content\/uploads\/2023\/12\/IMG_20231211_134317-1536x1152.jpg 1536w, https:\/\/familie-weitgereist.de\/wp-content\/uploads\/2023\/12\/IMG_20231211_134317-2048x1536.jpg 2048w, https:\/\/familie-weitgereist.de\/wp-content\/uploads\/2023\/12\/IMG_20231211_134317-1200x900.jpg 1200w, https:\/\/familie-weitgereist.de\/wp-content\/uploads\/2023\/12\/IMG_20231211_134317-1980x1485.jpg 1980w, https:\/\/familie-weitgereist.de\/wp-content\/uploads\/2023\/12\/IMG_20231211_134317-150x113.jpg 150w\" sizes=\"auto, (max-width: 1024px) 100vw, 1024px\" \/><\/figure>\n","protected":false},"excerpt":{"rendered":"<p>Bad Schandau ist ein Kurort in Sachsen, inmitten der s\u00e4chsischen Schweiz. Die Stadt ist ein idealer Ausgangspunkt f\u00fcr zahlreiche Wanderungen in der traumhaften Sandsteinfelsenregion. Die kleine Stadt ist perfekt um einen gem\u00fctlichen Tag zu verbringen. Schon die Anreise ist ein Highlight. Wir sind von Dresden mit dem Zug nach Bad Schandau gefahren. Am Bahnhof angekommen, [&hellip;]<\/p>\n","protected":false},"author":3,"featured_media":17065,"comment_status":"open","ping_status":"open","sticky":false,"template":"","format":"standard","meta":{"_themeisle_gutenberg_block_has_review":false,"footnotes":""},"categories":[242,1762,377],"tags":[1192,325,1193,1194,204,370,821],"class_list":["post-17045","post","type-post","status-publish","format-standard","has-post-thumbnail","hentry","category-deutschland","category-sachsen","category-spielplaetze","tag-bad-schandau","tag-deutschland","tag-elbe","tag-historischer-personenaufzug","tag-sachsen","tag-saechsische-schweiz","tag-skywalk"],"_links":{"self":[{"href":"https:\/\/familie-weitgereist.de\/index.php?rest_route=\/wp\/v2\/posts\/17045","targetHints":{"allow":["GET"]}}],"collection":[{"href":"https:\/\/familie-weitgereist.de\/index.php?rest_route=\/wp\/v2\/posts"}],"about":[{"href":"https:\/\/familie-weitgereist.de\/index.php?rest_route=\/wp\/v2\/types\/post"}],"author":[{"embeddable":true,"href":"https:\/\/familie-weitgereist.de\/index.php?rest_route=\/wp\/v2\/users\/3"}],"replies":[{"embeddable":true,"href":"https:\/\/familie-weitgereist.de\/index.php?rest_route=%2Fwp%2Fv2%2Fcomments&post=17045"}],"version-history":[{"count":21,"href":"https:\/\/familie-weitgereist.de\/index.php?rest_route=\/wp\/v2\/posts\/17045\/revisions"}],"predecessor-version":[{"id":23367,"href":"https:\/\/familie-weitgereist.de\/index.php?rest_route=\/wp\/v2\/posts\/17045\/revisions\/23367"}],"wp:featuredmedia":[{"embeddable":true,"href":"https:\/\/familie-weitgereist.de\/index.php?rest_route=\/wp\/v2\/media\/17065"}],"wp:attachment":[{"href":"https:\/\/familie-weitgereist.de\/index.php?rest_route=%2Fwp%2Fv2%2Fmedia&parent=17045"}],"wp:term":[{"taxonomy":"category","embeddable":true,"href":"https:\/\/familie-weitgereist.de\/index.php?rest_route=%2Fwp%2Fv2%2Fcategories&post=17045"},{"taxonomy":"post_tag","embeddable":true,"href":"https:\/\/familie-weitgereist.de\/index.php?rest_route=%2Fwp%2Fv2%2Ftags&post=17045"}],"curies":[{"name":"wp","href":"https:\/\/api.w.org\/{rel}","templated":true}]}}