{"id":16267,"date":"2023-07-31T21:21:39","date_gmt":"2023-07-31T19:21:39","guid":{"rendered":"https:\/\/familie-weitgereist.de\/?p=16267"},"modified":"2025-10-07T22:55:47","modified_gmt":"2025-10-07T20:55:47","slug":"europareise-roadtrip-ungarn-mit-kleinkind-und-baby","status":"publish","type":"post","link":"https:\/\/familie-weitgereist.de\/?p=16267","title":{"rendered":"Europareise Roadtrip &#8211; Ungarn mit Kleinkind und Baby"},"content":{"rendered":"\n<p>Ab&nbsp;November 2022 haben wir unsere Elternzeit genutzt um mit unserem&nbsp;<strong>VW T6&nbsp;<\/strong>durch Europa zu reisen. Unsere Reise startete in&nbsp;<strong><a href=\"https:\/\/familie-weitgereist.de\/?p=11288\">Deutschland<\/a><\/strong>, f\u00fchrte anschlie\u00dfend weiter nach&nbsp;<strong><a href=\"https:\/\/familie-weitgereist.de\/?p=11342\">Luxemburg<\/a><\/strong>,&nbsp;<strong><a href=\"https:\/\/familie-weitgereist.de\/?p=11397\">Frankreich<\/a><\/strong>,&nbsp;<strong><a href=\"https:\/\/familie-weitgereist.de\/?p=11799\">Andorra<\/a><\/strong>, auf die&nbsp;<strong><a href=\"https:\/\/familie-weitgereist.de\/?p=12081\">balearischen Inseln<\/a><\/strong>,&nbsp;<strong><a href=\"https:\/\/familie-weitgereist.de\/?p=12528\">Gibraltar<\/a><\/strong>,&nbsp;<a href=\"https:\/\/familie-weitgereist.de\/?p=12073\"><strong>Spanien<\/strong><\/a>,&nbsp;<a href=\"https:\/\/familie-weitgereist.de\/?p=12700\"><strong>Portugal<\/strong><\/a>,&nbsp;<a href=\"https:\/\/familie-weitgereist.de\/?p=12861\"><strong>La<\/strong>&nbsp;<strong>Gomera<\/strong><\/a>,&nbsp;<strong><a href=\"https:\/\/familie-weitgereist.de\/?p=13024\">Teneriffa<\/a><\/strong>&nbsp;und&nbsp;<strong><a href=\"https:\/\/familie-weitgereist.de\/?p=13365\">Gran Canaria<\/a><\/strong>. Um wieder in den Norden zu gelangen, unternahmen wir einen kleinen&nbsp;<a href=\"https:\/\/familie-weitgereist.de\/?p=14008\"><strong>Roadtrip<\/strong>&nbsp;<strong>durch Spanien<\/strong><\/a>. Anschlie\u00dfend bereisten wir Italien. Wir starteten auf der wundersch\u00f6nen Insel&nbsp;<strong><a href=\"https:\/\/familie-weitgereist.de\/?p=14061\">Sardinien<\/a><\/strong>&nbsp;und reisten weiter nach&nbsp;<strong><a href=\"https:\/\/familie-weitgereist.de\/?p=14195\">Sizilien<\/a><\/strong>. Von Pozzallo auf Sizilien reisten wir nach&nbsp;<strong><a href=\"https:\/\/familie-weitgereist.de\/?p=14503\">Malta<\/a><\/strong>&nbsp;mit der F\u00e4hre. Anschlie\u00dfend bereisten wir&nbsp;<strong><a href=\"https:\/\/familie-weitgereist.de\/?p=14950\">S\u00fcditalien<\/a><\/strong>. Von Brindisi in Italien nahmen wir die F\u00e4hre nach Igoumenitsa in&nbsp;<strong><a href=\"https:\/\/familie-weitgereist.de\/?p=15058\">Griechenland<\/a><\/strong>. Von dort reisen wir weiter in den Norden nach&nbsp;<strong><a href=\"https:\/\/familie-weitgereist.de\/?p=15335\">Albanien<\/a><\/strong>&nbsp;und besuchten ebenso das Nachbarland&nbsp;<strong><a href=\"https:\/\/familie-weitgereist.de\/?p=15408\">Nordmazedonien<\/a><\/strong>. Anschlie\u00dfend bereisten wir&nbsp;<strong><a href=\"https:\/\/familie-weitgereist.de\/?p=15602\">Montenegro<\/a><\/strong>,&nbsp;<strong><a href=\"https:\/\/familie-weitgereist.de\/?p=15840\">Bosnien-Herzegowina<\/a><\/strong>,&nbsp;<strong><a href=\"https:\/\/familie-weitgereist.de\/?p=15773\">Kroatien<\/a><\/strong> und <strong><a href=\"https:\/\/familie-weitgereist.de\/?p=15883\">\u00d6sterreich<\/a><\/strong>. <\/p>\n\n\n\n<h2 class=\"wp-block-heading\">Dreil\u00e4nderpunkt <\/h2>\n\n\n\n<p>Wir waren am <strong>Dreil\u00e4nderpunkt von \u00d6sterreich, Ungarn und der Slowakei<\/strong>. Ein Skulpturenpark befindet sich dort. Es ist beeindruckend, dass drei L\u00e4nder sich dort befinden und wir als Familie in drei L\u00e4ndern gleichzeitig standen.<\/p>\n\n\n\n<figure class=\"wp-block-image size-large\"><img loading=\"lazy\" decoding=\"async\" width=\"1024\" height=\"768\" src=\"https:\/\/familie-weitgereist.de\/wp-content\/uploads\/2023\/08\/IMG_20230802_104325-1024x768.jpg\" alt=\"\" class=\"wp-image-16304\" srcset=\"https:\/\/familie-weitgereist.de\/wp-content\/uploads\/2023\/08\/IMG_20230802_104325-1024x768.jpg 1024w, https:\/\/familie-weitgereist.de\/wp-content\/uploads\/2023\/08\/IMG_20230802_104325-300x225.jpg 300w, https:\/\/familie-weitgereist.de\/wp-content\/uploads\/2023\/08\/IMG_20230802_104325-768x576.jpg 768w, https:\/\/familie-weitgereist.de\/wp-content\/uploads\/2023\/08\/IMG_20230802_104325-1536x1152.jpg 1536w, https:\/\/familie-weitgereist.de\/wp-content\/uploads\/2023\/08\/IMG_20230802_104325-2048x1536.jpg 2048w, https:\/\/familie-weitgereist.de\/wp-content\/uploads\/2023\/08\/IMG_20230802_104325-1200x900.jpg 1200w, https:\/\/familie-weitgereist.de\/wp-content\/uploads\/2023\/08\/IMG_20230802_104325-1980x1485.jpg 1980w, https:\/\/familie-weitgereist.de\/wp-content\/uploads\/2023\/08\/IMG_20230802_104325-150x113.jpg 150w\" sizes=\"auto, (max-width: 1024px) 100vw, 1024px\" \/><\/figure>\n\n\n\n<h2 class=\"wp-block-heading\">Lombkorona Tan\u00f6sv\u00e9ny <\/h2>\n\n\n\n<p>In <strong>Pannonhalma<\/strong> befindet sich eine Aussichtsplattform, \u00e4hnlich einem kleinen Baumwipfelpfad und ein Aussichtsturm. Von dort bieten sich wunderbare Ausblicke auf das flache und leicht h\u00fcgelige Gebirge. <\/p>\n\n\n\n<div id=\"wp-block-themeisle-blocks-slider-710d891f\" class=\"wp-block-themeisle-blocks-slider glide\" data-per-view=\"1\" data-gap=\"0\" data-peek=\"0\" data-autoplay=\"true\" data-height=\"400px\" data-hide-arrows=\"false\"><div class=\"glide__track\" data-glide-el=\"track\"><div class=\"glide__slides\"><div class=\"wp-block-themeisle-blocks-slider-item-wrapper glide__slide\" tabindex=\"0\"><figure><img decoding=\"async\" class=\"wp-block-themeisle-blocks-slider-item\" src=\"https:\/\/familie-weitgereist.de\/wp-content\/uploads\/2023\/08\/IMG_20230801_144159-scaled.jpg\" alt=\"\" title=\"\" data-id=\"16284\"\/><\/figure><\/div><div class=\"wp-block-themeisle-blocks-slider-item-wrapper glide__slide\" tabindex=\"0\"><figure><img decoding=\"async\" class=\"wp-block-themeisle-blocks-slider-item\" src=\"https:\/\/familie-weitgereist.de\/wp-content\/uploads\/2023\/08\/IMG_20230801_143651-scaled.jpg\" alt=\"\" title=\"\" data-id=\"16285\"\/><\/figure><\/div><\/div><div class=\"glide__bullets\" data-glide-el=\"controls[nav]\"><button class=\"glide__bullet\" data-glide-dir=\"=0\"><\/button><button class=\"glide__bullet\" data-glide-dir=\"=1\"><\/button><\/div><\/div><\/div>\n\n\n\n<p>Pannonhalma hat ca. 4000 Einwohner und ist bekannt f\u00fcr sein, seit 1996 zum UNESCO Welterbe z\u00e4hlenden, <strong>Martinsberg Benediktinerkloster<\/strong>. <\/p>\n\n\n\n<h2 class=\"wp-block-heading\">Spielpl\u00e4tze<\/h2>\n\n\n\n<p>In <strong>\u00d6denburg<\/strong> befindet sich im Alpin Park s\u00fcdwestlich der Stadt ein toller Spielplatz mit kleinem Pump Track und ein Verkehrs\u00fcbungsplatz mit Schildern f\u00fcr die Kinder zum Lernen. <\/p>\n\n\n\n<div id=\"wp-block-themeisle-blocks-slider-46615ff7\" class=\"wp-block-themeisle-blocks-slider glide\" data-per-view=\"1\" data-gap=\"0\" data-peek=\"0\" data-autoplay=\"true\" data-height=\"400px\" data-hide-arrows=\"false\"><div class=\"glide__track\" data-glide-el=\"track\"><div class=\"glide__slides\"><div class=\"wp-block-themeisle-blocks-slider-item-wrapper glide__slide\" tabindex=\"0\"><figure><img decoding=\"async\" class=\"wp-block-themeisle-blocks-slider-item\" src=\"https:\/\/familie-weitgereist.de\/wp-content\/uploads\/2023\/08\/IMG_20230801_090602-scaled.jpg\" alt=\"\" title=\"\" data-id=\"16292\"\/><\/figure><\/div><div class=\"wp-block-themeisle-blocks-slider-item-wrapper glide__slide\" tabindex=\"0\"><figure><img decoding=\"async\" class=\"wp-block-themeisle-blocks-slider-item\" src=\"https:\/\/familie-weitgereist.de\/wp-content\/uploads\/2023\/08\/IMG_20230801_085953-scaled.jpg\" alt=\"\" title=\"\" data-id=\"16294\"\/><\/figure><\/div><div class=\"wp-block-themeisle-blocks-slider-item-wrapper glide__slide\" tabindex=\"0\"><figure><img decoding=\"async\" class=\"wp-block-themeisle-blocks-slider-item\" src=\"https:\/\/familie-weitgereist.de\/wp-content\/uploads\/2023\/08\/IMG_20230731_184410-scaled.jpg\" alt=\"\" title=\"\" data-id=\"16295\"\/><\/figure><\/div><\/div><div class=\"glide__bullets\" data-glide-el=\"controls[nav]\"><button class=\"glide__bullet\" data-glide-dir=\"=0\"><\/button><button class=\"glide__bullet\" data-glide-dir=\"=1\"><\/button><button class=\"glide__bullet\" data-glide-dir=\"=2\"><\/button><\/div><\/div><\/div>\n\n\n\n<p>In <strong>L\u00e9b\u00e9ny<\/strong> befindet sich neben dem Fu\u00dfballplatz ein sch\u00f6ner Spielplatz. Dort haben wir ebenfalls eine ruhige Nacht im Camper verbracht.<\/p>\n\n\n\n<figure class=\"wp-block-image size-large\"><img loading=\"lazy\" decoding=\"async\" width=\"1024\" height=\"768\" src=\"https:\/\/familie-weitgereist.de\/wp-content\/uploads\/2023\/08\/IMG_20230802_090958-1024x768.jpg\" alt=\"\" class=\"wp-image-16298\" srcset=\"https:\/\/familie-weitgereist.de\/wp-content\/uploads\/2023\/08\/IMG_20230802_090958-1024x768.jpg 1024w, https:\/\/familie-weitgereist.de\/wp-content\/uploads\/2023\/08\/IMG_20230802_090958-300x225.jpg 300w, https:\/\/familie-weitgereist.de\/wp-content\/uploads\/2023\/08\/IMG_20230802_090958-768x576.jpg 768w, https:\/\/familie-weitgereist.de\/wp-content\/uploads\/2023\/08\/IMG_20230802_090958-1536x1152.jpg 1536w, https:\/\/familie-weitgereist.de\/wp-content\/uploads\/2023\/08\/IMG_20230802_090958-2048x1536.jpg 2048w, https:\/\/familie-weitgereist.de\/wp-content\/uploads\/2023\/08\/IMG_20230802_090958-1200x900.jpg 1200w, https:\/\/familie-weitgereist.de\/wp-content\/uploads\/2023\/08\/IMG_20230802_090958-1980x1485.jpg 1980w, https:\/\/familie-weitgereist.de\/wp-content\/uploads\/2023\/08\/IMG_20230802_090958-150x113.jpg 150w\" sizes=\"auto, (max-width: 1024px) 100vw, 1024px\" \/><\/figure>\n","protected":false},"excerpt":{"rendered":"<p>Ab&nbsp;November 2022 haben wir unsere Elternzeit genutzt um mit unserem&nbsp;VW T6&nbsp;durch Europa zu reisen. Unsere Reise startete in&nbsp;Deutschland, f\u00fchrte anschlie\u00dfend weiter nach&nbsp;Luxemburg,&nbsp;Frankreich,&nbsp;Andorra, auf die&nbsp;balearischen Inseln,&nbsp;Gibraltar,&nbsp;Spanien,&nbsp;Portugal,&nbsp;La&nbsp;Gomera,&nbsp;Teneriffa&nbsp;und&nbsp;Gran Canaria. Um wieder in den Norden zu gelangen, unternahmen wir einen kleinen&nbsp;Roadtrip&nbsp;durch Spanien. Anschlie\u00dfend bereisten wir Italien. Wir starteten auf der wundersch\u00f6nen Insel&nbsp;Sardinien&nbsp;und reisten weiter nach&nbsp;Sizilien. Von Pozzallo auf Sizilien [&hellip;]<\/p>\n","protected":false},"author":3,"featured_media":16284,"comment_status":"open","ping_status":"open","sticky":false,"template":"","format":"standard","meta":{"_themeisle_gutenberg_block_has_review":false,"footnotes":""},"categories":[263,8,377],"tags":[1117,580,1113,1110,1111,1112,1116,167],"class_list":["post-16267","post","type-post","status-publish","format-standard","has-post-thumbnail","hentry","category-ungarn","category-europa","category-spielplaetze","tag-dreilaenderpunkt","tag-europa","tag-lebeny","tag-lombkorona-tanoesveny","tag-oedenburg","tag-pannonhalma","tag-skulpturenpark","tag-ungarn"],"_links":{"self":[{"href":"https:\/\/familie-weitgereist.de\/index.php?rest_route=\/wp\/v2\/posts\/16267","targetHints":{"allow":["GET"]}}],"collection":[{"href":"https:\/\/familie-weitgereist.de\/index.php?rest_route=\/wp\/v2\/posts"}],"about":[{"href":"https:\/\/familie-weitgereist.de\/index.php?rest_route=\/wp\/v2\/types\/post"}],"author":[{"embeddable":true,"href":"https:\/\/familie-weitgereist.de\/index.php?rest_route=\/wp\/v2\/users\/3"}],"replies":[{"embeddable":true,"href":"https:\/\/familie-weitgereist.de\/index.php?rest_route=%2Fwp%2Fv2%2Fcomments&post=16267"}],"version-history":[{"count":18,"href":"https:\/\/familie-weitgereist.de\/index.php?rest_route=\/wp\/v2\/posts\/16267\/revisions"}],"predecessor-version":[{"id":23419,"href":"https:\/\/familie-weitgereist.de\/index.php?rest_route=\/wp\/v2\/posts\/16267\/revisions\/23419"}],"wp:featuredmedia":[{"embeddable":true,"href":"https:\/\/familie-weitgereist.de\/index.php?rest_route=\/wp\/v2\/media\/16284"}],"wp:attachment":[{"href":"https:\/\/familie-weitgereist.de\/index.php?rest_route=%2Fwp%2Fv2%2Fmedia&parent=16267"}],"wp:term":[{"taxonomy":"category","embeddable":true,"href":"https:\/\/familie-weitgereist.de\/index.php?rest_route=%2Fwp%2Fv2%2Fcategories&post=16267"},{"taxonomy":"post_tag","embeddable":true,"href":"https:\/\/familie-weitgereist.de\/index.php?rest_route=%2Fwp%2Fv2%2Ftags&post=16267"}],"curies":[{"name":"wp","href":"https:\/\/api.w.org\/{rel}","templated":true}]}}