{"id":1597,"date":"2020-10-14T22:08:08","date_gmt":"2020-10-14T20:08:08","guid":{"rendered":"https:\/\/weitgereist.ddns.net\/?p=1597"},"modified":"2025-11-13T18:35:17","modified_gmt":"2025-11-13T17:35:17","slug":"unser-wochenendtrip-in-stralsund-mit-kleinkind","status":"publish","type":"post","link":"https:\/\/familie-weitgereist.de\/?p=1597","title":{"rendered":"Wochenendtrip in Stralsund mit Kleinkind"},"content":{"rendered":"\n<p>Die Herbstferien haben begonnen und wir entschieden uns sehr spontan mit dem Zug und unseren Fahrr\u00e4dern f\u00fcr zwei Wochen in den Norden von Deutschland zu reisen. <\/p>\n\n\n\n<p>Mit einem &#8222;Quer-durch&#8217;s-Land-Ticket&#8220; fuhren wir f\u00fcr g\u00fcnstige 44,00\u20ac nach Stralsund.<\/p>\n\n\n\n<p>Wir haben eine tolle Ferienwohnung, nahe der Altstadt und mit Blick auf den R\u00fcgendamm.<\/p>\n\n\n\n<figure class=\"wp-block-image size-large\"><img loading=\"lazy\" decoding=\"async\" width=\"2560\" height=\"1707\" src=\"https:\/\/weitgereist.ddns.net\/wp-content\/uploads\/2020\/10\/20201010100850_IMG_1407-scaled.jpg\" alt=\"\" class=\"wp-image-1589\" srcset=\"https:\/\/familie-weitgereist.de\/wp-content\/uploads\/2020\/10\/20201010100850_IMG_1407-scaled.jpg 2560w, https:\/\/familie-weitgereist.de\/wp-content\/uploads\/2020\/10\/20201010100850_IMG_1407-300x200.jpg 300w, https:\/\/familie-weitgereist.de\/wp-content\/uploads\/2020\/10\/20201010100850_IMG_1407-1024x683.jpg 1024w, https:\/\/familie-weitgereist.de\/wp-content\/uploads\/2020\/10\/20201010100850_IMG_1407-768x512.jpg 768w, https:\/\/familie-weitgereist.de\/wp-content\/uploads\/2020\/10\/20201010100850_IMG_1407-1536x1024.jpg 1536w, https:\/\/familie-weitgereist.de\/wp-content\/uploads\/2020\/10\/20201010100850_IMG_1407-2048x1365.jpg 2048w, https:\/\/familie-weitgereist.de\/wp-content\/uploads\/2020\/10\/20201010100850_IMG_1407-1200x800.jpg 1200w, https:\/\/familie-weitgereist.de\/wp-content\/uploads\/2020\/10\/20201010100850_IMG_1407-1980x1320.jpg 1980w, https:\/\/familie-weitgereist.de\/wp-content\/uploads\/2020\/10\/20201010100850_IMG_1407-150x100.jpg 150w\" sizes=\"auto, (max-width: 2560px) 100vw, 2560px\" \/><figcaption class=\"wp-element-caption\">Der Hafen von Stralsund<\/figcaption><\/figure>\n\n\n\n<figure class=\"wp-block-image size-large\"><img loading=\"lazy\" decoding=\"async\" width=\"2560\" height=\"1920\" src=\"https:\/\/weitgereist.ddns.net\/wp-content\/uploads\/2020\/10\/MVIMG_20201011_163625-scaled.jpg\" alt=\"\" class=\"wp-image-1586\" srcset=\"https:\/\/familie-weitgereist.de\/wp-content\/uploads\/2020\/10\/MVIMG_20201011_163625-scaled.jpg 2560w, https:\/\/familie-weitgereist.de\/wp-content\/uploads\/2020\/10\/MVIMG_20201011_163625-300x225.jpg 300w, https:\/\/familie-weitgereist.de\/wp-content\/uploads\/2020\/10\/MVIMG_20201011_163625-1024x768.jpg 1024w, https:\/\/familie-weitgereist.de\/wp-content\/uploads\/2020\/10\/MVIMG_20201011_163625-768x576.jpg 768w, https:\/\/familie-weitgereist.de\/wp-content\/uploads\/2020\/10\/MVIMG_20201011_163625-1536x1152.jpg 1536w, https:\/\/familie-weitgereist.de\/wp-content\/uploads\/2020\/10\/MVIMG_20201011_163625-2048x1536.jpg 2048w, https:\/\/familie-weitgereist.de\/wp-content\/uploads\/2020\/10\/MVIMG_20201011_163625-1200x900.jpg 1200w, https:\/\/familie-weitgereist.de\/wp-content\/uploads\/2020\/10\/MVIMG_20201011_163625-1980x1485.jpg 1980w, https:\/\/familie-weitgereist.de\/wp-content\/uploads\/2020\/10\/MVIMG_20201011_163625-853x640.jpg 853w, https:\/\/familie-weitgereist.de\/wp-content\/uploads\/2020\/10\/MVIMG_20201011_163625-150x113.jpg 150w\" sizes=\"auto, (max-width: 2560px) 100vw, 2560px\" \/><figcaption class=\"wp-element-caption\">Die Marienkirche von Stralsund<\/figcaption><\/figure>\n\n\n\n<p>Die Altstadt von Stralsund ist wundersch\u00f6n. Stralsund hat so viel zu bieten: der nordische Flair, die sch\u00f6nen Fachwerk- und Backsteinh\u00e4user, die Ostsee und der Blick auf R\u00fcgen. Da Stralsund am Strelasund, einer Meerenge der Ostsee zwischen Stralsund und der Insel R\u00fcgen, gelegen ist, wird die Stadt auch als &#8222;Tor zur Insel R\u00fcgen&#8220; bezeichnet. Zudem ist Stralsund seit 1990 Hansestadt. Seit 2002 geh\u00f6rt die Altstadt zum UNESCO-Wektkulturerbe.<\/p>\n\n\n\n<figure class=\"wp-block-image size-large\"><img loading=\"lazy\" decoding=\"async\" width=\"2560\" height=\"1707\" src=\"https:\/\/weitgereist.ddns.net\/wp-content\/uploads\/2020\/10\/20201010102109_IMG_1423-scaled.jpg\" alt=\"\" class=\"wp-image-1587\" srcset=\"https:\/\/familie-weitgereist.de\/wp-content\/uploads\/2020\/10\/20201010102109_IMG_1423-scaled.jpg 2560w, https:\/\/familie-weitgereist.de\/wp-content\/uploads\/2020\/10\/20201010102109_IMG_1423-300x200.jpg 300w, https:\/\/familie-weitgereist.de\/wp-content\/uploads\/2020\/10\/20201010102109_IMG_1423-1024x683.jpg 1024w, https:\/\/familie-weitgereist.de\/wp-content\/uploads\/2020\/10\/20201010102109_IMG_1423-768x512.jpg 768w, https:\/\/familie-weitgereist.de\/wp-content\/uploads\/2020\/10\/20201010102109_IMG_1423-1536x1024.jpg 1536w, https:\/\/familie-weitgereist.de\/wp-content\/uploads\/2020\/10\/20201010102109_IMG_1423-2048x1365.jpg 2048w, https:\/\/familie-weitgereist.de\/wp-content\/uploads\/2020\/10\/20201010102109_IMG_1423-1200x800.jpg 1200w, https:\/\/familie-weitgereist.de\/wp-content\/uploads\/2020\/10\/20201010102109_IMG_1423-1980x1320.jpg 1980w, https:\/\/familie-weitgereist.de\/wp-content\/uploads\/2020\/10\/20201010102109_IMG_1423-150x100.jpg 150w\" sizes=\"auto, (max-width: 2560px) 100vw, 2560px\" \/><figcaption class=\"wp-element-caption\">Der Marktplatz von Stralsund<\/figcaption><\/figure>\n\n\n\n<figure class=\"wp-block-image size-large\"><img loading=\"lazy\" decoding=\"async\" width=\"2560\" height=\"1707\" src=\"https:\/\/weitgereist.ddns.net\/wp-content\/uploads\/2020\/10\/20201010101257_IMG_1413-scaled.jpg\" alt=\"\" class=\"wp-image-1588\" srcset=\"https:\/\/familie-weitgereist.de\/wp-content\/uploads\/2020\/10\/20201010101257_IMG_1413-scaled.jpg 2560w, https:\/\/familie-weitgereist.de\/wp-content\/uploads\/2020\/10\/20201010101257_IMG_1413-300x200.jpg 300w, https:\/\/familie-weitgereist.de\/wp-content\/uploads\/2020\/10\/20201010101257_IMG_1413-1024x683.jpg 1024w, https:\/\/familie-weitgereist.de\/wp-content\/uploads\/2020\/10\/20201010101257_IMG_1413-768x512.jpg 768w, https:\/\/familie-weitgereist.de\/wp-content\/uploads\/2020\/10\/20201010101257_IMG_1413-1536x1024.jpg 1536w, https:\/\/familie-weitgereist.de\/wp-content\/uploads\/2020\/10\/20201010101257_IMG_1413-2048x1365.jpg 2048w, https:\/\/familie-weitgereist.de\/wp-content\/uploads\/2020\/10\/20201010101257_IMG_1413-1200x800.jpg 1200w, https:\/\/familie-weitgereist.de\/wp-content\/uploads\/2020\/10\/20201010101257_IMG_1413-1980x1320.jpg 1980w, https:\/\/familie-weitgereist.de\/wp-content\/uploads\/2020\/10\/20201010101257_IMG_1413-150x100.jpg 150w\" sizes=\"auto, (max-width: 2560px) 100vw, 2560px\" \/><figcaption class=\"wp-element-caption\">Stralsund&#8217;s Altstadt<\/figcaption><\/figure>\n\n\n\n<figure class=\"wp-block-image size-large\"><img loading=\"lazy\" decoding=\"async\" width=\"1024\" height=\"683\" src=\"https:\/\/weitgereist.ddns.net\/wp-content\/uploads\/2020\/10\/IMG_1480-1024x683.jpg\" alt=\"\" class=\"wp-image-1823\" srcset=\"https:\/\/familie-weitgereist.de\/wp-content\/uploads\/2020\/10\/IMG_1480-1024x683.jpg 1024w, https:\/\/familie-weitgereist.de\/wp-content\/uploads\/2020\/10\/IMG_1480-300x200.jpg 300w, https:\/\/familie-weitgereist.de\/wp-content\/uploads\/2020\/10\/IMG_1480-768x512.jpg 768w, https:\/\/familie-weitgereist.de\/wp-content\/uploads\/2020\/10\/IMG_1480-1536x1024.jpg 1536w, https:\/\/familie-weitgereist.de\/wp-content\/uploads\/2020\/10\/IMG_1480-2048x1365.jpg 2048w, https:\/\/familie-weitgereist.de\/wp-content\/uploads\/2020\/10\/IMG_1480-1200x800.jpg 1200w, https:\/\/familie-weitgereist.de\/wp-content\/uploads\/2020\/10\/IMG_1480-1980x1320.jpg 1980w, https:\/\/familie-weitgereist.de\/wp-content\/uploads\/2020\/10\/IMG_1480-150x100.jpg 150w\" sizes=\"auto, (max-width: 1024px) 100vw, 1024px\" \/><\/figure>\n\n\n\n<p>Ein paar sch\u00f6ne Spielpl\u00e4tze konnten wir auch erkunden.<\/p>\n\n\n\n<figure class=\"wp-block-image size-large\"><img loading=\"lazy\" decoding=\"async\" width=\"2560\" height=\"1920\" src=\"https:\/\/weitgereist.ddns.net\/wp-content\/uploads\/2020\/10\/IMG_20201011_130253-scaled.jpg\" alt=\"\" class=\"wp-image-1595\" srcset=\"https:\/\/familie-weitgereist.de\/wp-content\/uploads\/2020\/10\/IMG_20201011_130253-scaled.jpg 2560w, https:\/\/familie-weitgereist.de\/wp-content\/uploads\/2020\/10\/IMG_20201011_130253-300x225.jpg 300w, https:\/\/familie-weitgereist.de\/wp-content\/uploads\/2020\/10\/IMG_20201011_130253-1024x768.jpg 1024w, https:\/\/familie-weitgereist.de\/wp-content\/uploads\/2020\/10\/IMG_20201011_130253-768x576.jpg 768w, https:\/\/familie-weitgereist.de\/wp-content\/uploads\/2020\/10\/IMG_20201011_130253-1536x1152.jpg 1536w, https:\/\/familie-weitgereist.de\/wp-content\/uploads\/2020\/10\/IMG_20201011_130253-2048x1536.jpg 2048w, https:\/\/familie-weitgereist.de\/wp-content\/uploads\/2020\/10\/IMG_20201011_130253-1200x900.jpg 1200w, https:\/\/familie-weitgereist.de\/wp-content\/uploads\/2020\/10\/IMG_20201011_130253-1980x1485.jpg 1980w, https:\/\/familie-weitgereist.de\/wp-content\/uploads\/2020\/10\/IMG_20201011_130253-853x640.jpg 853w, https:\/\/familie-weitgereist.de\/wp-content\/uploads\/2020\/10\/IMG_20201011_130253-150x113.jpg 150w\" sizes=\"auto, (max-width: 2560px) 100vw, 2560px\" \/><\/figure>\n\n\n\n<figure class=\"wp-block-image size-large\"><img loading=\"lazy\" decoding=\"async\" width=\"2560\" height=\"1920\" src=\"https:\/\/weitgereist.ddns.net\/wp-content\/uploads\/2020\/10\/IMG_20201011_163848-scaled.jpg\" alt=\"\" class=\"wp-image-1593\" srcset=\"https:\/\/familie-weitgereist.de\/wp-content\/uploads\/2020\/10\/IMG_20201011_163848-scaled.jpg 2560w, https:\/\/familie-weitgereist.de\/wp-content\/uploads\/2020\/10\/IMG_20201011_163848-300x225.jpg 300w, https:\/\/familie-weitgereist.de\/wp-content\/uploads\/2020\/10\/IMG_20201011_163848-1024x768.jpg 1024w, https:\/\/familie-weitgereist.de\/wp-content\/uploads\/2020\/10\/IMG_20201011_163848-768x576.jpg 768w, https:\/\/familie-weitgereist.de\/wp-content\/uploads\/2020\/10\/IMG_20201011_163848-1536x1152.jpg 1536w, https:\/\/familie-weitgereist.de\/wp-content\/uploads\/2020\/10\/IMG_20201011_163848-2048x1536.jpg 2048w, https:\/\/familie-weitgereist.de\/wp-content\/uploads\/2020\/10\/IMG_20201011_163848-1200x900.jpg 1200w, https:\/\/familie-weitgereist.de\/wp-content\/uploads\/2020\/10\/IMG_20201011_163848-1980x1485.jpg 1980w, https:\/\/familie-weitgereist.de\/wp-content\/uploads\/2020\/10\/IMG_20201011_163848-853x640.jpg 853w, https:\/\/familie-weitgereist.de\/wp-content\/uploads\/2020\/10\/IMG_20201011_163848-150x113.jpg 150w\" sizes=\"auto, (max-width: 2560px) 100vw, 2560px\" \/><\/figure>\n\n\n\n<p>Zu Stralsund geh\u00f6rt eine kleine Insel, D\u00e4nholm, die sich zwischen R\u00fcgen und dem Festland befindet. D\u00e4nholm besteht aus zwei Inseln, Klein D\u00e4nholm und Gro\u00df D\u00e4nholm. Wir haben mit unseren Fahrr\u00e4dern beide Mini Inseln erkundet.<\/p>\n\n\n\n<figure class=\"wp-block-image size-large\"><img loading=\"lazy\" decoding=\"async\" width=\"2560\" height=\"1707\" src=\"https:\/\/weitgereist.ddns.net\/wp-content\/uploads\/2020\/10\/20201011062327_IMG_1525-scaled.jpg\" alt=\"\" class=\"wp-image-1590\" srcset=\"https:\/\/familie-weitgereist.de\/wp-content\/uploads\/2020\/10\/20201011062327_IMG_1525-scaled.jpg 2560w, https:\/\/familie-weitgereist.de\/wp-content\/uploads\/2020\/10\/20201011062327_IMG_1525-300x200.jpg 300w, https:\/\/familie-weitgereist.de\/wp-content\/uploads\/2020\/10\/20201011062327_IMG_1525-1024x683.jpg 1024w, https:\/\/familie-weitgereist.de\/wp-content\/uploads\/2020\/10\/20201011062327_IMG_1525-768x512.jpg 768w, https:\/\/familie-weitgereist.de\/wp-content\/uploads\/2020\/10\/20201011062327_IMG_1525-1536x1024.jpg 1536w, https:\/\/familie-weitgereist.de\/wp-content\/uploads\/2020\/10\/20201011062327_IMG_1525-2048x1365.jpg 2048w, https:\/\/familie-weitgereist.de\/wp-content\/uploads\/2020\/10\/20201011062327_IMG_1525-1200x800.jpg 1200w, https:\/\/familie-weitgereist.de\/wp-content\/uploads\/2020\/10\/20201011062327_IMG_1525-1980x1320.jpg 1980w, https:\/\/familie-weitgereist.de\/wp-content\/uploads\/2020\/10\/20201011062327_IMG_1525-150x100.jpg 150w\" sizes=\"auto, (max-width: 2560px) 100vw, 2560px\" \/><\/figure>\n\n\n\n<figure class=\"wp-block-image size-large\"><img loading=\"lazy\" decoding=\"async\" width=\"2560\" height=\"1707\" src=\"https:\/\/weitgereist.ddns.net\/wp-content\/uploads\/2020\/10\/20201011072708_IMG_1534-scaled.jpg\" alt=\"\" class=\"wp-image-1594\" srcset=\"https:\/\/familie-weitgereist.de\/wp-content\/uploads\/2020\/10\/20201011072708_IMG_1534-scaled.jpg 2560w, https:\/\/familie-weitgereist.de\/wp-content\/uploads\/2020\/10\/20201011072708_IMG_1534-300x200.jpg 300w, https:\/\/familie-weitgereist.de\/wp-content\/uploads\/2020\/10\/20201011072708_IMG_1534-1024x683.jpg 1024w, https:\/\/familie-weitgereist.de\/wp-content\/uploads\/2020\/10\/20201011072708_IMG_1534-768x512.jpg 768w, https:\/\/familie-weitgereist.de\/wp-content\/uploads\/2020\/10\/20201011072708_IMG_1534-1536x1024.jpg 1536w, https:\/\/familie-weitgereist.de\/wp-content\/uploads\/2020\/10\/20201011072708_IMG_1534-2048x1365.jpg 2048w, https:\/\/familie-weitgereist.de\/wp-content\/uploads\/2020\/10\/20201011072708_IMG_1534-1200x800.jpg 1200w, https:\/\/familie-weitgereist.de\/wp-content\/uploads\/2020\/10\/20201011072708_IMG_1534-1980x1320.jpg 1980w, https:\/\/familie-weitgereist.de\/wp-content\/uploads\/2020\/10\/20201011072708_IMG_1534-150x100.jpg 150w\" sizes=\"auto, (max-width: 2560px) 100vw, 2560px\" \/><figcaption class=\"wp-element-caption\">Der Strand von D\u00e4nholm<\/figcaption><\/figure>\n\n\n\n<figure class=\"wp-block-gallery has-nested-images columns-default is-cropped wp-block-gallery-1 is-layout-flex wp-block-gallery-is-layout-flex\">\n<figure class=\"wp-block-image size-large\"><img loading=\"lazy\" decoding=\"async\" width=\"1024\" height=\"768\" data-id=\"5162\" src=\"https:\/\/familie-weitgereist.de\/wp-content\/uploads\/2021\/04\/MVIMG_20201011_160736-1024x768.jpg\" alt=\"\" class=\"wp-image-5162\" srcset=\"https:\/\/familie-weitgereist.de\/wp-content\/uploads\/2021\/04\/MVIMG_20201011_160736-1024x768.jpg 1024w, https:\/\/familie-weitgereist.de\/wp-content\/uploads\/2021\/04\/MVIMG_20201011_160736-300x225.jpg 300w, https:\/\/familie-weitgereist.de\/wp-content\/uploads\/2021\/04\/MVIMG_20201011_160736-768x576.jpg 768w, https:\/\/familie-weitgereist.de\/wp-content\/uploads\/2021\/04\/MVIMG_20201011_160736-1536x1152.jpg 1536w, https:\/\/familie-weitgereist.de\/wp-content\/uploads\/2021\/04\/MVIMG_20201011_160736-2048x1536.jpg 2048w, https:\/\/familie-weitgereist.de\/wp-content\/uploads\/2021\/04\/MVIMG_20201011_160736-1200x900.jpg 1200w, https:\/\/familie-weitgereist.de\/wp-content\/uploads\/2021\/04\/MVIMG_20201011_160736-1980x1485.jpg 1980w, https:\/\/familie-weitgereist.de\/wp-content\/uploads\/2021\/04\/MVIMG_20201011_160736-853x640.jpg 853w, https:\/\/familie-weitgereist.de\/wp-content\/uploads\/2021\/04\/MVIMG_20201011_160736-150x113.jpg 150w\" sizes=\"auto, (max-width: 1024px) 100vw, 1024px\" \/><\/figure>\n\n\n\n<figure class=\"wp-block-image size-large\"><img loading=\"lazy\" decoding=\"async\" width=\"1024\" height=\"768\" data-id=\"5164\" src=\"https:\/\/familie-weitgereist.de\/wp-content\/uploads\/2021\/04\/IMG_20201011_143405-1024x768.jpg\" alt=\"\" class=\"wp-image-5164\" srcset=\"https:\/\/familie-weitgereist.de\/wp-content\/uploads\/2021\/04\/IMG_20201011_143405-1024x768.jpg 1024w, https:\/\/familie-weitgereist.de\/wp-content\/uploads\/2021\/04\/IMG_20201011_143405-300x225.jpg 300w, https:\/\/familie-weitgereist.de\/wp-content\/uploads\/2021\/04\/IMG_20201011_143405-768x576.jpg 768w, https:\/\/familie-weitgereist.de\/wp-content\/uploads\/2021\/04\/IMG_20201011_143405-1536x1152.jpg 1536w, https:\/\/familie-weitgereist.de\/wp-content\/uploads\/2021\/04\/IMG_20201011_143405-2048x1536.jpg 2048w, https:\/\/familie-weitgereist.de\/wp-content\/uploads\/2021\/04\/IMG_20201011_143405-1200x900.jpg 1200w, https:\/\/familie-weitgereist.de\/wp-content\/uploads\/2021\/04\/IMG_20201011_143405-1980x1485.jpg 1980w, https:\/\/familie-weitgereist.de\/wp-content\/uploads\/2021\/04\/IMG_20201011_143405-853x640.jpg 853w, https:\/\/familie-weitgereist.de\/wp-content\/uploads\/2021\/04\/IMG_20201011_143405-150x113.jpg 150w\" sizes=\"auto, (max-width: 1024px) 100vw, 1024px\" \/><\/figure>\n\n\n\n<figure class=\"wp-block-image size-large\"><img loading=\"lazy\" decoding=\"async\" width=\"1024\" height=\"768\" data-id=\"5165\" src=\"https:\/\/familie-weitgereist.de\/wp-content\/uploads\/2021\/04\/IMG_20201011_142938-1024x768.jpg\" alt=\"\" class=\"wp-image-5165\" srcset=\"https:\/\/familie-weitgereist.de\/wp-content\/uploads\/2021\/04\/IMG_20201011_142938-1024x768.jpg 1024w, https:\/\/familie-weitgereist.de\/wp-content\/uploads\/2021\/04\/IMG_20201011_142938-300x225.jpg 300w, https:\/\/familie-weitgereist.de\/wp-content\/uploads\/2021\/04\/IMG_20201011_142938-768x576.jpg 768w, https:\/\/familie-weitgereist.de\/wp-content\/uploads\/2021\/04\/IMG_20201011_142938-1536x1152.jpg 1536w, https:\/\/familie-weitgereist.de\/wp-content\/uploads\/2021\/04\/IMG_20201011_142938-2048x1536.jpg 2048w, https:\/\/familie-weitgereist.de\/wp-content\/uploads\/2021\/04\/IMG_20201011_142938-1200x900.jpg 1200w, https:\/\/familie-weitgereist.de\/wp-content\/uploads\/2021\/04\/IMG_20201011_142938-1980x1485.jpg 1980w, https:\/\/familie-weitgereist.de\/wp-content\/uploads\/2021\/04\/IMG_20201011_142938-853x640.jpg 853w, https:\/\/familie-weitgereist.de\/wp-content\/uploads\/2021\/04\/IMG_20201011_142938-150x113.jpg 150w\" sizes=\"auto, (max-width: 1024px) 100vw, 1024px\" \/><\/figure>\n\n\n\n<figure class=\"wp-block-image size-large\"><img loading=\"lazy\" decoding=\"async\" width=\"1024\" height=\"768\" data-id=\"5166\" src=\"https:\/\/familie-weitgereist.de\/wp-content\/uploads\/2021\/04\/MVIMG_20201011_154757-1024x768.jpg\" alt=\"\" class=\"wp-image-5166\" srcset=\"https:\/\/familie-weitgereist.de\/wp-content\/uploads\/2021\/04\/MVIMG_20201011_154757-1024x768.jpg 1024w, https:\/\/familie-weitgereist.de\/wp-content\/uploads\/2021\/04\/MVIMG_20201011_154757-300x225.jpg 300w, https:\/\/familie-weitgereist.de\/wp-content\/uploads\/2021\/04\/MVIMG_20201011_154757-768x576.jpg 768w, https:\/\/familie-weitgereist.de\/wp-content\/uploads\/2021\/04\/MVIMG_20201011_154757-1536x1152.jpg 1536w, https:\/\/familie-weitgereist.de\/wp-content\/uploads\/2021\/04\/MVIMG_20201011_154757-2048x1536.jpg 2048w, https:\/\/familie-weitgereist.de\/wp-content\/uploads\/2021\/04\/MVIMG_20201011_154757-1200x900.jpg 1200w, https:\/\/familie-weitgereist.de\/wp-content\/uploads\/2021\/04\/MVIMG_20201011_154757-1980x1485.jpg 1980w, https:\/\/familie-weitgereist.de\/wp-content\/uploads\/2021\/04\/MVIMG_20201011_154757-853x640.jpg 853w, https:\/\/familie-weitgereist.de\/wp-content\/uploads\/2021\/04\/MVIMG_20201011_154757-150x113.jpg 150w\" sizes=\"auto, (max-width: 1024px) 100vw, 1024px\" \/><\/figure>\n<\/figure>\n\n\n\n<p>D\u00e4nholm hat wenige Sehensw\u00fcrdigkeiten zu bieten. Daf\u00fcr sind die beiden Inseln schnell erkundet und allemal eine Reise wert. Wir hatten eine sch\u00f6ne Zeit am Strand von D\u00e4nholm, mit Blick auf die Altstadt von Stralsund und R\u00fcgen.<\/p>\n\n\n\n<p>Nach zwei Tagen ging es f\u00fcr uns weiter mit den Fahrr\u00e4dern von Stralsund nach Sassnitz auf R\u00fcgen. Wir sind auf der R\u00fcgendammbr\u00fccke gefahren. Dort ist eine Fahrradstrecke und auch die Bahn f\u00e4hrt dort. Die R\u00fcgenbr\u00fccke mit einer L\u00e4nge von 4km ist nur f\u00fcr den Autoverkehr erlaubt.<\/p>\n","protected":false},"excerpt":{"rendered":"<p>Die Herbstferien haben begonnen und wir entschieden uns sehr spontan mit dem Zug und unseren Fahrr\u00e4dern f\u00fcr zwei Wochen in den Norden von Deutschland zu reisen. Mit einem &#8222;Quer-durch&#8217;s-Land-Ticket&#8220; fuhren wir f\u00fcr g\u00fcnstige 44,00\u20ac nach Stralsund. Wir haben eine tolle Ferienwohnung, nahe der Altstadt und mit Blick auf den R\u00fcgendamm. Die Altstadt von Stralsund ist [&hellip;]<\/p>\n","protected":false},"author":3,"featured_media":1823,"comment_status":"open","ping_status":"open","sticky":false,"template":"","format":"standard","meta":{"_themeisle_gutenberg_block_has_review":false,"footnotes":""},"categories":[242,1757,331,377],"tags":[325,343,351],"class_list":["post-1597","post","type-post","status-publish","format-standard","has-post-thumbnail","hentry","category-deutschland","category-mecklenburg-vorpommern","category-miniabenteuer","category-spielplaetze","tag-deutschland","tag-mecklenburg-vorpommern","tag-stralsund"],"_links":{"self":[{"href":"https:\/\/familie-weitgereist.de\/index.php?rest_route=\/wp\/v2\/posts\/1597","targetHints":{"allow":["GET"]}}],"collection":[{"href":"https:\/\/familie-weitgereist.de\/index.php?rest_route=\/wp\/v2\/posts"}],"about":[{"href":"https:\/\/familie-weitgereist.de\/index.php?rest_route=\/wp\/v2\/types\/post"}],"author":[{"embeddable":true,"href":"https:\/\/familie-weitgereist.de\/index.php?rest_route=\/wp\/v2\/users\/3"}],"replies":[{"embeddable":true,"href":"https:\/\/familie-weitgereist.de\/index.php?rest_route=%2Fwp%2Fv2%2Fcomments&post=1597"}],"version-history":[{"count":8,"href":"https:\/\/familie-weitgereist.de\/index.php?rest_route=\/wp\/v2\/posts\/1597\/revisions"}],"predecessor-version":[{"id":24029,"href":"https:\/\/familie-weitgereist.de\/index.php?rest_route=\/wp\/v2\/posts\/1597\/revisions\/24029"}],"wp:featuredmedia":[{"embeddable":true,"href":"https:\/\/familie-weitgereist.de\/index.php?rest_route=\/wp\/v2\/media\/1823"}],"wp:attachment":[{"href":"https:\/\/familie-weitgereist.de\/index.php?rest_route=%2Fwp%2Fv2%2Fmedia&parent=1597"}],"wp:term":[{"taxonomy":"category","embeddable":true,"href":"https:\/\/familie-weitgereist.de\/index.php?rest_route=%2Fwp%2Fv2%2Fcategories&post=1597"},{"taxonomy":"post_tag","embeddable":true,"href":"https:\/\/familie-weitgereist.de\/index.php?rest_route=%2Fwp%2Fv2%2Ftags&post=1597"}],"curies":[{"name":"wp","href":"https:\/\/api.w.org\/{rel}","templated":true}]}}