{"id":1584,"date":"2020-10-20T14:39:52","date_gmt":"2020-10-20T12:39:52","guid":{"rendered":"https:\/\/weitgereist.ddns.net\/?p=1584"},"modified":"2025-11-13T18:33:33","modified_gmt":"2025-11-13T17:33:33","slug":"ein-tagesausflug-mit-kleinkind-nach-hiddensee","status":"publish","type":"post","link":"https:\/\/familie-weitgereist.de\/?p=1584","title":{"rendered":"Tagesausflug mit Kleinkind nach Hiddensee"},"content":{"rendered":"\n<p>W\u00e4hrend unserer Herbstferien in Stralsund und auf R\u00fcgen, war f\u00fcr uns klar, dass wir auch die Insel Hiddensee erkunden m\u00f6chten. Da wir unsere Fahrr\u00e4der dabei haben und Hiddensee autofrei ist, waren wir bestens vorbereitet. <\/p>\n\n\n\n<h2 class=\"wp-block-heading\">Die Anreise<\/h2>\n\n\n\n<p>Wir haben in Schaprode auf R\u00fcgen die F\u00e4hre nach Vitte auf Hiddensee genommen. Da wir unsere Unterkunft in Sassnitz hatten, was im Osten der Insel ist und Schaprode im Westen von R\u00fcgen liegt, haben wir uns das Bernsteinticket gekauft. Dies ist eine Tageskarte, die uns berechtigte Bus und Bahn auf R\u00fcgen und sogar in Stralsund zu nutzen. 33,00\u20ac haben wir f\u00fcr uns drei bezahlt. Die Tageskarte Fahrrad kostete noch einmal 6,00\u20ac pro Bike und in den Busen weitere 2,00\u20ac pro Bike. <\/p>\n\n\n\n<p>Wir sind 6:04 mit dem Zug von Sassnitz nach Bergen auf R\u00fcgen gefahren und wir wollten von dort mit dem Bus nach Schaprode fahren. Leider nahm uns der Busfahrer mit unseren Fahrr\u00e4dern nicht mit und wir standen 6:45 in Bergen auf R\u00fcgen und hatten noch zwei Stunden bis 8:45 unsere F\u00e4hre fuhr. Es gibt auf R\u00fcgen extra Fahrradbusse (Radsfatz), leider fahren diese so selten, dass dies f\u00fcr uns nicht in Frage kam. <\/p>\n\n\n\n<p>Von Bergen auf R\u00fcgen nach Schaprode sind es 22km. Wir traten so schnell wie m\u00f6glich in die Pedale und schafften es p\u00fcnktlich, sogar 45 Minuten vor der Zeit. Anstrengend war es aber allemal, da es leider keinen Fahrradweg auf der L301 gab, es neblig und recht k\u00fchl war. <\/p>\n\n\n\n<p>8:45 nahmen wir die F\u00e4hre und Merlin hat sein erstes Nickerchen f\u00fcr den Tag gemacht. 45 Minuten sp\u00e4ter kamen wir in Vitte auf Hiddensee an.<\/p>\n\n\n\n<figure class=\"wp-block-image size-large\"><img loading=\"lazy\" decoding=\"async\" width=\"1024\" height=\"683\" src=\"https:\/\/weitgereist.ddns.net\/wp-content\/uploads\/2020\/10\/IMG_1597-1024x683.jpg\" alt=\"\" class=\"wp-image-1845\" srcset=\"https:\/\/familie-weitgereist.de\/wp-content\/uploads\/2020\/10\/IMG_1597-1024x683.jpg 1024w, https:\/\/familie-weitgereist.de\/wp-content\/uploads\/2020\/10\/IMG_1597-300x200.jpg 300w, https:\/\/familie-weitgereist.de\/wp-content\/uploads\/2020\/10\/IMG_1597-768x512.jpg 768w, https:\/\/familie-weitgereist.de\/wp-content\/uploads\/2020\/10\/IMG_1597-1536x1024.jpg 1536w, https:\/\/familie-weitgereist.de\/wp-content\/uploads\/2020\/10\/IMG_1597-2048x1365.jpg 2048w, https:\/\/familie-weitgereist.de\/wp-content\/uploads\/2020\/10\/IMG_1597-1200x800.jpg 1200w, https:\/\/familie-weitgereist.de\/wp-content\/uploads\/2020\/10\/IMG_1597-1980x1320.jpg 1980w, https:\/\/familie-weitgereist.de\/wp-content\/uploads\/2020\/10\/IMG_1597-150x100.jpg 150w\" sizes=\"auto, (max-width: 1024px) 100vw, 1024px\" \/><figcaption>Die F\u00e4hre von Schaprode nach Vitte<\/figcaption><\/figure>\n\n\n\n<h2 class=\"wp-block-heading\">Die Insel Hiddensee<\/h2>\n\n\n\n<p>Hiddensee ist eine kleine Insel westlich von R\u00fcgen. Sie ist autofrei, Ausnahmen bilden nur Rettungswagen, Feuerwehr und die Post. Das Hauptverkehrsmittel sind Fahrr\u00e4der und ab und an auch Pferdekutschen. Die Insel ist 17km lang und 4km breit. Perfekt um einen Tagesausflug zu erleben, aber auch mehrere Tage lassen sich hier seht gut verbringen. Auf Hiddensee gibt es mehrere kleine Orte: Grieben, Kloster, Vitte, Neuendorf und Plogshagen. Zudem gibt es zwei Leuchtt\u00fcrme, Dornbusch und Gellen. Auf der Insel gibt es auch eine kleine Realschule, von der Kinder von der 1.-10. Klasse unterrichtet werden. <\/p>\n\n\n\n<figure class=\"wp-block-image size-large\"><img loading=\"lazy\" decoding=\"async\" width=\"1024\" height=\"683\" src=\"https:\/\/weitgereist.ddns.net\/wp-content\/uploads\/2020\/10\/IMG_1611-1024x683.jpg\" alt=\"\" class=\"wp-image-1851\" srcset=\"https:\/\/familie-weitgereist.de\/wp-content\/uploads\/2020\/10\/IMG_1611-1024x683.jpg 1024w, https:\/\/familie-weitgereist.de\/wp-content\/uploads\/2020\/10\/IMG_1611-300x200.jpg 300w, https:\/\/familie-weitgereist.de\/wp-content\/uploads\/2020\/10\/IMG_1611-768x512.jpg 768w, https:\/\/familie-weitgereist.de\/wp-content\/uploads\/2020\/10\/IMG_1611-1536x1024.jpg 1536w, https:\/\/familie-weitgereist.de\/wp-content\/uploads\/2020\/10\/IMG_1611-2048x1365.jpg 2048w, https:\/\/familie-weitgereist.de\/wp-content\/uploads\/2020\/10\/IMG_1611-1200x800.jpg 1200w, https:\/\/familie-weitgereist.de\/wp-content\/uploads\/2020\/10\/IMG_1611-1980x1320.jpg 1980w, https:\/\/familie-weitgereist.de\/wp-content\/uploads\/2020\/10\/IMG_1611-150x100.jpg 150w\" sizes=\"auto, (max-width: 1024px) 100vw, 1024px\" \/><figcaption>Auf der F\u00e4hre nach Hiddensee<\/figcaption><\/figure>\n\n\n\n<figure class=\"wp-block-image size-large\"><img loading=\"lazy\" decoding=\"async\" width=\"1024\" height=\"683\" src=\"https:\/\/weitgereist.ddns.net\/wp-content\/uploads\/2020\/10\/IMG_1650-1024x683.jpg\" alt=\"\" class=\"wp-image-1848\" srcset=\"https:\/\/familie-weitgereist.de\/wp-content\/uploads\/2020\/10\/IMG_1650-1024x683.jpg 1024w, https:\/\/familie-weitgereist.de\/wp-content\/uploads\/2020\/10\/IMG_1650-300x200.jpg 300w, https:\/\/familie-weitgereist.de\/wp-content\/uploads\/2020\/10\/IMG_1650-768x512.jpg 768w, https:\/\/familie-weitgereist.de\/wp-content\/uploads\/2020\/10\/IMG_1650-1536x1024.jpg 1536w, https:\/\/familie-weitgereist.de\/wp-content\/uploads\/2020\/10\/IMG_1650-2048x1365.jpg 2048w, https:\/\/familie-weitgereist.de\/wp-content\/uploads\/2020\/10\/IMG_1650-1200x800.jpg 1200w, https:\/\/familie-weitgereist.de\/wp-content\/uploads\/2020\/10\/IMG_1650-1980x1320.jpg 1980w, https:\/\/familie-weitgereist.de\/wp-content\/uploads\/2020\/10\/IMG_1650-150x100.jpg 150w\" sizes=\"auto, (max-width: 1024px) 100vw, 1024px\" \/><figcaption>Der Ort Vitte<\/figcaption><\/figure>\n\n\n\n<figure class=\"wp-block-image size-large\"><img loading=\"lazy\" decoding=\"async\" width=\"1024\" height=\"683\" src=\"https:\/\/weitgereist.ddns.net\/wp-content\/uploads\/2020\/10\/IMG_1634-1024x683.jpg\" alt=\"\" class=\"wp-image-1849\" srcset=\"https:\/\/familie-weitgereist.de\/wp-content\/uploads\/2020\/10\/IMG_1634-1024x683.jpg 1024w, https:\/\/familie-weitgereist.de\/wp-content\/uploads\/2020\/10\/IMG_1634-300x200.jpg 300w, https:\/\/familie-weitgereist.de\/wp-content\/uploads\/2020\/10\/IMG_1634-768x512.jpg 768w, https:\/\/familie-weitgereist.de\/wp-content\/uploads\/2020\/10\/IMG_1634-1536x1024.jpg 1536w, https:\/\/familie-weitgereist.de\/wp-content\/uploads\/2020\/10\/IMG_1634-2048x1365.jpg 2048w, https:\/\/familie-weitgereist.de\/wp-content\/uploads\/2020\/10\/IMG_1634-1200x800.jpg 1200w, https:\/\/familie-weitgereist.de\/wp-content\/uploads\/2020\/10\/IMG_1634-1980x1320.jpg 1980w, https:\/\/familie-weitgereist.de\/wp-content\/uploads\/2020\/10\/IMG_1634-150x100.jpg 150w\" sizes=\"auto, (max-width: 1024px) 100vw, 1024px\" \/><figcaption>Einer der vielen Str\u00e4nde auf Hiddensee<\/figcaption><\/figure>\n\n\n\n<h2 class=\"wp-block-heading\">Unser Tag auf Hiddensee<\/h2>\n\n\n\n<p>Wir starteten unseren Tag in Vitte. Das kleine \u00d6rtchen hat eine Bibliothek, einen B\u00fccherladen, kleine Restaurants, Souvenirshops und liegt nat\u00fcrlich direkt an der Ostsee. Vitte ist gleichzeitig auch der gr\u00f6\u00dfte Ort der Insel.<\/p>\n\n\n\n<figure class=\"wp-block-image size-large\"><img loading=\"lazy\" decoding=\"async\" width=\"1024\" height=\"683\" src=\"https:\/\/weitgereist.ddns.net\/wp-content\/uploads\/2020\/10\/IMG_1656-1024x683.jpg\" alt=\"\" class=\"wp-image-1850\" srcset=\"https:\/\/familie-weitgereist.de\/wp-content\/uploads\/2020\/10\/IMG_1656-1024x683.jpg 1024w, https:\/\/familie-weitgereist.de\/wp-content\/uploads\/2020\/10\/IMG_1656-300x200.jpg 300w, https:\/\/familie-weitgereist.de\/wp-content\/uploads\/2020\/10\/IMG_1656-768x512.jpg 768w, https:\/\/familie-weitgereist.de\/wp-content\/uploads\/2020\/10\/IMG_1656-1536x1024.jpg 1536w, https:\/\/familie-weitgereist.de\/wp-content\/uploads\/2020\/10\/IMG_1656-2048x1365.jpg 2048w, https:\/\/familie-weitgereist.de\/wp-content\/uploads\/2020\/10\/IMG_1656-1200x800.jpg 1200w, https:\/\/familie-weitgereist.de\/wp-content\/uploads\/2020\/10\/IMG_1656-1980x1320.jpg 1980w, https:\/\/familie-weitgereist.de\/wp-content\/uploads\/2020\/10\/IMG_1656-150x100.jpg 150w\" sizes=\"auto, (max-width: 1024px) 100vw, 1024px\" \/><figcaption>Neuendorf auf Hiddensee<\/figcaption><\/figure>\n\n\n\n<p>Von Vitte fuhren wir in den S\u00fcden der Insel, zum Seglerhafen nach Neuendorf. Auch hier kommen F\u00e4hren von Schaprode an. Neundorf ist so klein, dass es nicht einmal Stra\u00dfennamen gibt, lediglich Hausnummern. Die D\u00e4cher sind reetgedeckt und es ist Idylle pur.<\/p>\n\n\n\n<figure class=\"wp-block-image size-large\"><img loading=\"lazy\" decoding=\"async\" width=\"1024\" height=\"683\" src=\"https:\/\/weitgereist.ddns.net\/wp-content\/uploads\/2020\/10\/IMG_1640-1024x683.jpg\" alt=\"\" class=\"wp-image-1852\" srcset=\"https:\/\/familie-weitgereist.de\/wp-content\/uploads\/2020\/10\/IMG_1640-1024x683.jpg 1024w, https:\/\/familie-weitgereist.de\/wp-content\/uploads\/2020\/10\/IMG_1640-300x200.jpg 300w, https:\/\/familie-weitgereist.de\/wp-content\/uploads\/2020\/10\/IMG_1640-768x512.jpg 768w, https:\/\/familie-weitgereist.de\/wp-content\/uploads\/2020\/10\/IMG_1640-1536x1024.jpg 1536w, https:\/\/familie-weitgereist.de\/wp-content\/uploads\/2020\/10\/IMG_1640-2048x1365.jpg 2048w, https:\/\/familie-weitgereist.de\/wp-content\/uploads\/2020\/10\/IMG_1640-1200x800.jpg 1200w, https:\/\/familie-weitgereist.de\/wp-content\/uploads\/2020\/10\/IMG_1640-1980x1320.jpg 1980w, https:\/\/familie-weitgereist.de\/wp-content\/uploads\/2020\/10\/IMG_1640-150x100.jpg 150w\" sizes=\"auto, (max-width: 1024px) 100vw, 1024px\" \/><figcaption>Mit dem Fahrrad \u00fcber die Insel Hiddensee<\/figcaption><\/figure>\n\n\n\n<p>Die Ostsee ist nahezu von jedem Ort der Insel zu sehen. Von Neuendorf sind wir zur D\u00fcnenheide gefahren. Die D\u00fcnen sind sch\u00f6n hoch und Merlin hatte total viel Spa\u00df die Sandberge hoch und runter zu flitzen. <\/p>\n\n\n\n<figure class=\"wp-block-image size-large is-resized\"><img loading=\"lazy\" decoding=\"async\" src=\"https:\/\/weitgereist.ddns.net\/wp-content\/uploads\/2020\/10\/IMG_1658-1024x576.jpg\" alt=\"\" class=\"wp-image-1854\" width=\"610\" height=\"343\" srcset=\"https:\/\/familie-weitgereist.de\/wp-content\/uploads\/2020\/10\/IMG_1658-1024x576.jpg 1024w, https:\/\/familie-weitgereist.de\/wp-content\/uploads\/2020\/10\/IMG_1658-300x169.jpg 300w, https:\/\/familie-weitgereist.de\/wp-content\/uploads\/2020\/10\/IMG_1658-768x432.jpg 768w, https:\/\/familie-weitgereist.de\/wp-content\/uploads\/2020\/10\/IMG_1658-1536x865.jpg 1536w, https:\/\/familie-weitgereist.de\/wp-content\/uploads\/2020\/10\/IMG_1658-2048x1153.jpg 2048w, https:\/\/familie-weitgereist.de\/wp-content\/uploads\/2020\/10\/IMG_1658-1200x676.jpg 1200w, https:\/\/familie-weitgereist.de\/wp-content\/uploads\/2020\/10\/IMG_1658-1980x1115.jpg 1980w, https:\/\/familie-weitgereist.de\/wp-content\/uploads\/2020\/10\/IMG_1658-150x84.jpg 150w\" sizes=\"auto, (max-width: 610px) 100vw, 610px\" \/><figcaption>Die D\u00fcnenheide von Hiddensee<\/figcaption><\/figure>\n\n\n\n<p>Anschlie\u00dfend sind wir nach Kloster gefahren. Dort befindet sich das Heimatmuseum und auch das Gerhart-Hauptmann-Haus. Gerhart Hauptmann ist Nobelpreistr\u00e4ger f\u00fcr Literatur und hatte auf Hiddensee eine Sommerresidenz. <\/p>\n\n\n\n<figure class=\"wp-block-image size-large\"><img loading=\"lazy\" decoding=\"async\" width=\"1024\" height=\"683\" src=\"https:\/\/weitgereist.ddns.net\/wp-content\/uploads\/2020\/10\/IMG_1694-1024x683.jpg\" alt=\"\" class=\"wp-image-1853\" srcset=\"https:\/\/familie-weitgereist.de\/wp-content\/uploads\/2020\/10\/IMG_1694-1024x683.jpg 1024w, https:\/\/familie-weitgereist.de\/wp-content\/uploads\/2020\/10\/IMG_1694-300x200.jpg 300w, https:\/\/familie-weitgereist.de\/wp-content\/uploads\/2020\/10\/IMG_1694-768x512.jpg 768w, https:\/\/familie-weitgereist.de\/wp-content\/uploads\/2020\/10\/IMG_1694-1536x1024.jpg 1536w, https:\/\/familie-weitgereist.de\/wp-content\/uploads\/2020\/10\/IMG_1694-2048x1365.jpg 2048w, https:\/\/familie-weitgereist.de\/wp-content\/uploads\/2020\/10\/IMG_1694-1200x800.jpg 1200w, https:\/\/familie-weitgereist.de\/wp-content\/uploads\/2020\/10\/IMG_1694-1980x1320.jpg 1980w, https:\/\/familie-weitgereist.de\/wp-content\/uploads\/2020\/10\/IMG_1694-150x100.jpg 150w\" sizes=\"auto, (max-width: 1024px) 100vw, 1024px\" \/><figcaption>Das Gerhart-Hauptmann-Haus<\/figcaption><\/figure>\n\n\n\n<p>Wir radelten noch etwas weiter n\u00f6rdlich. Um zum Leuchtturm Dornbusch zu gelangen, muss man an einer Abzweigung sein Rad stehen lassen und darf nur zu Fu\u00df weiter. Es geht noch ein bisschen den Berg hinauf und Hiddensee ist dort sogar recht h\u00fcgelig. Um den Leuchtturm hinaufzusteigen, muss man 3,00\u20ac bezahlen. Da Kinder unter 6 Jahren keinen Zutritt haben, genossen wir die Aussicht vom Bergh\u00fcgel auf die Ostsee und das benachbarte R\u00fcgen. <\/p>\n\n\n\n<figure class=\"wp-block-image size-large\"><img loading=\"lazy\" decoding=\"async\" width=\"1024\" height=\"683\" src=\"https:\/\/weitgereist.ddns.net\/wp-content\/uploads\/2020\/10\/IMG_1739-1024x683.jpg\" alt=\"\" class=\"wp-image-1856\" srcset=\"https:\/\/familie-weitgereist.de\/wp-content\/uploads\/2020\/10\/IMG_1739-1024x683.jpg 1024w, https:\/\/familie-weitgereist.de\/wp-content\/uploads\/2020\/10\/IMG_1739-300x200.jpg 300w, https:\/\/familie-weitgereist.de\/wp-content\/uploads\/2020\/10\/IMG_1739-768x512.jpg 768w, https:\/\/familie-weitgereist.de\/wp-content\/uploads\/2020\/10\/IMG_1739-1536x1024.jpg 1536w, https:\/\/familie-weitgereist.de\/wp-content\/uploads\/2020\/10\/IMG_1739-2048x1365.jpg 2048w, https:\/\/familie-weitgereist.de\/wp-content\/uploads\/2020\/10\/IMG_1739-1200x800.jpg 1200w, https:\/\/familie-weitgereist.de\/wp-content\/uploads\/2020\/10\/IMG_1739-1980x1320.jpg 1980w, https:\/\/familie-weitgereist.de\/wp-content\/uploads\/2020\/10\/IMG_1739-150x100.jpg 150w\" sizes=\"auto, (max-width: 1024px) 100vw, 1024px\" \/><figcaption>Der Leuchtturm Dornenbusch<\/figcaption><\/figure>\n\n\n\n<figure class=\"wp-block-image size-large\"><img loading=\"lazy\" decoding=\"async\" width=\"1024\" height=\"683\" src=\"https:\/\/weitgereist.ddns.net\/wp-content\/uploads\/2020\/10\/IMG_1727-1024x683.jpg\" alt=\"\" class=\"wp-image-1857\" srcset=\"https:\/\/familie-weitgereist.de\/wp-content\/uploads\/2020\/10\/IMG_1727-1024x683.jpg 1024w, https:\/\/familie-weitgereist.de\/wp-content\/uploads\/2020\/10\/IMG_1727-300x200.jpg 300w, https:\/\/familie-weitgereist.de\/wp-content\/uploads\/2020\/10\/IMG_1727-768x512.jpg 768w, https:\/\/familie-weitgereist.de\/wp-content\/uploads\/2020\/10\/IMG_1727-1536x1024.jpg 1536w, https:\/\/familie-weitgereist.de\/wp-content\/uploads\/2020\/10\/IMG_1727-2048x1365.jpg 2048w, https:\/\/familie-weitgereist.de\/wp-content\/uploads\/2020\/10\/IMG_1727-1200x800.jpg 1200w, https:\/\/familie-weitgereist.de\/wp-content\/uploads\/2020\/10\/IMG_1727-1980x1320.jpg 1980w, https:\/\/familie-weitgereist.de\/wp-content\/uploads\/2020\/10\/IMG_1727-150x100.jpg 150w\" sizes=\"auto, (max-width: 1024px) 100vw, 1024px\" \/><\/figure>\n\n\n\n<figure class=\"wp-block-image size-large\"><img loading=\"lazy\" decoding=\"async\" width=\"1024\" height=\"683\" src=\"https:\/\/weitgereist.ddns.net\/wp-content\/uploads\/2020\/10\/IMG_1714-1024x683.jpg\" alt=\"\" class=\"wp-image-1861\" srcset=\"https:\/\/familie-weitgereist.de\/wp-content\/uploads\/2020\/10\/IMG_1714-1024x683.jpg 1024w, https:\/\/familie-weitgereist.de\/wp-content\/uploads\/2020\/10\/IMG_1714-300x200.jpg 300w, https:\/\/familie-weitgereist.de\/wp-content\/uploads\/2020\/10\/IMG_1714-768x512.jpg 768w, https:\/\/familie-weitgereist.de\/wp-content\/uploads\/2020\/10\/IMG_1714-1536x1024.jpg 1536w, https:\/\/familie-weitgereist.de\/wp-content\/uploads\/2020\/10\/IMG_1714-2048x1365.jpg 2048w, https:\/\/familie-weitgereist.de\/wp-content\/uploads\/2020\/10\/IMG_1714-1200x800.jpg 1200w, https:\/\/familie-weitgereist.de\/wp-content\/uploads\/2020\/10\/IMG_1714-1980x1320.jpg 1980w, https:\/\/familie-weitgereist.de\/wp-content\/uploads\/2020\/10\/IMG_1714-150x100.jpg 150w\" sizes=\"auto, (max-width: 1024px) 100vw, 1024px\" \/><\/figure>\n\n\n\n<p>F\u00fcr uns ging es vom Hafen in Kloster \u00fcber den \u00f6stlichen D\u00fcnenweg zur\u00fcck zum Hafen nach Vitte. Unsere F\u00e4hre fuhr 15:30 zur\u00fcck nach Schaprode. Dort hatten wir das Gl\u00fcck, dass uns der Busfahrer mit nach Bergen auf R\u00fcgen zur\u00fcck nahm. Philipp musste aber sehr lang mit ihm reden. Von Bergen konnten wir unkompliziert in den Zug nach Sassnitz einsteigen und waren gegen 19:00 zur\u00fcck.<\/p>\n\n\n\n<figure class=\"wp-block-image size-large\"><img loading=\"lazy\" decoding=\"async\" width=\"1024\" height=\"683\" src=\"https:\/\/weitgereist.ddns.net\/wp-content\/uploads\/2020\/10\/IMG_1761-1024x683.jpg\" alt=\"\" class=\"wp-image-1859\" srcset=\"https:\/\/familie-weitgereist.de\/wp-content\/uploads\/2020\/10\/IMG_1761-1024x683.jpg 1024w, https:\/\/familie-weitgereist.de\/wp-content\/uploads\/2020\/10\/IMG_1761-300x200.jpg 300w, https:\/\/familie-weitgereist.de\/wp-content\/uploads\/2020\/10\/IMG_1761-768x512.jpg 768w, https:\/\/familie-weitgereist.de\/wp-content\/uploads\/2020\/10\/IMG_1761-1536x1024.jpg 1536w, https:\/\/familie-weitgereist.de\/wp-content\/uploads\/2020\/10\/IMG_1761-2048x1365.jpg 2048w, https:\/\/familie-weitgereist.de\/wp-content\/uploads\/2020\/10\/IMG_1761-1200x800.jpg 1200w, https:\/\/familie-weitgereist.de\/wp-content\/uploads\/2020\/10\/IMG_1761-1980x1320.jpg 1980w, https:\/\/familie-weitgereist.de\/wp-content\/uploads\/2020\/10\/IMG_1761-150x100.jpg 150w\" sizes=\"auto, (max-width: 1024px) 100vw, 1024px\" \/><figcaption>Mit dem Fahrrad \u00fcber die Insel<\/figcaption><\/figure>\n\n\n\n<figure class=\"wp-block-image size-large\"><img loading=\"lazy\" decoding=\"async\" width=\"1024\" height=\"683\" src=\"https:\/\/weitgereist.ddns.net\/wp-content\/uploads\/2020\/10\/IMG_1752-1024x683.jpg\" alt=\"\" class=\"wp-image-1860\" srcset=\"https:\/\/familie-weitgereist.de\/wp-content\/uploads\/2020\/10\/IMG_1752-1024x683.jpg 1024w, https:\/\/familie-weitgereist.de\/wp-content\/uploads\/2020\/10\/IMG_1752-300x200.jpg 300w, https:\/\/familie-weitgereist.de\/wp-content\/uploads\/2020\/10\/IMG_1752-768x512.jpg 768w, https:\/\/familie-weitgereist.de\/wp-content\/uploads\/2020\/10\/IMG_1752-1536x1024.jpg 1536w, https:\/\/familie-weitgereist.de\/wp-content\/uploads\/2020\/10\/IMG_1752-2048x1365.jpg 2048w, https:\/\/familie-weitgereist.de\/wp-content\/uploads\/2020\/10\/IMG_1752-1200x800.jpg 1200w, https:\/\/familie-weitgereist.de\/wp-content\/uploads\/2020\/10\/IMG_1752-1980x1320.jpg 1980w, https:\/\/familie-weitgereist.de\/wp-content\/uploads\/2020\/10\/IMG_1752-150x100.jpg 150w\" sizes=\"auto, (max-width: 1024px) 100vw, 1024px\" \/><figcaption>Der \u00f6stliche D\u00fcnenweg<\/figcaption><\/figure>\n","protected":false},"excerpt":{"rendered":"<p>W\u00e4hrend unserer Herbstferien in Stralsund und auf R\u00fcgen, war f\u00fcr uns klar, dass wir auch die Insel Hiddensee erkunden m\u00f6chten. Da wir unsere Fahrr\u00e4der dabei haben und Hiddensee autofrei ist, waren wir bestens vorbereitet. Die Anreise Wir haben in Schaprode auf R\u00fcgen die F\u00e4hre nach Vitte auf Hiddensee genommen. Da wir unsere Unterkunft in Sassnitz [&hellip;]<\/p>\n","protected":false},"author":3,"featured_media":1856,"comment_status":"open","ping_status":"open","sticky":false,"template":"","format":"standard","meta":{"_themeisle_gutenberg_block_has_review":false,"footnotes":""},"categories":[242,1757,331],"tags":[325,395,343],"class_list":["post-1584","post","type-post","status-publish","format-standard","has-post-thumbnail","hentry","category-deutschland","category-mecklenburg-vorpommern","category-miniabenteuer","tag-deutschland","tag-hiddensee","tag-mecklenburg-vorpommern"],"_links":{"self":[{"href":"https:\/\/familie-weitgereist.de\/index.php?rest_route=\/wp\/v2\/posts\/1584","targetHints":{"allow":["GET"]}}],"collection":[{"href":"https:\/\/familie-weitgereist.de\/index.php?rest_route=\/wp\/v2\/posts"}],"about":[{"href":"https:\/\/familie-weitgereist.de\/index.php?rest_route=\/wp\/v2\/types\/post"}],"author":[{"embeddable":true,"href":"https:\/\/familie-weitgereist.de\/index.php?rest_route=\/wp\/v2\/users\/3"}],"replies":[{"embeddable":true,"href":"https:\/\/familie-weitgereist.de\/index.php?rest_route=%2Fwp%2Fv2%2Fcomments&post=1584"}],"version-history":[{"count":7,"href":"https:\/\/familie-weitgereist.de\/index.php?rest_route=\/wp\/v2\/posts\/1584\/revisions"}],"predecessor-version":[{"id":24028,"href":"https:\/\/familie-weitgereist.de\/index.php?rest_route=\/wp\/v2\/posts\/1584\/revisions\/24028"}],"wp:featuredmedia":[{"embeddable":true,"href":"https:\/\/familie-weitgereist.de\/index.php?rest_route=\/wp\/v2\/media\/1856"}],"wp:attachment":[{"href":"https:\/\/familie-weitgereist.de\/index.php?rest_route=%2Fwp%2Fv2%2Fmedia&parent=1584"}],"wp:term":[{"taxonomy":"category","embeddable":true,"href":"https:\/\/familie-weitgereist.de\/index.php?rest_route=%2Fwp%2Fv2%2Fcategories&post=1584"},{"taxonomy":"post_tag","embeddable":true,"href":"https:\/\/familie-weitgereist.de\/index.php?rest_route=%2Fwp%2Fv2%2Ftags&post=1584"}],"curies":[{"name":"wp","href":"https:\/\/api.w.org\/{rel}","templated":true}]}}