{"id":1582,"date":"2020-10-23T16:20:59","date_gmt":"2020-10-23T14:20:59","guid":{"rendered":"https:\/\/weitgereist.ddns.net\/?p=1582"},"modified":"2025-11-13T18:33:00","modified_gmt":"2025-11-13T17:33:00","slug":"herbstferien-in-fischland-darss-zingst","status":"publish","type":"post","link":"https:\/\/familie-weitgereist.de\/?p=1582","title":{"rendered":"Herbstferien in Fischland-Dar\u00df-Zingst mit Kleinkind"},"content":{"rendered":"\n<p>Nachdem wir eine traumhafte Woche in Stralsund, auf R\u00fcgen und Hiddensee hatten, entschieden wir uns spontan weiter zu reisen. Beim Betrachten der Deutschlandkarte fiel uns besonders ein kleines Fleckchen auf, welches wir noch nie so geh\u00f6rt hatten: Fischland-Dar\u00df-Zingst. <\/p>\n\n\n\n<p>Zingst und auch der Dar\u00df waren uns ein Begriff. Jedoch wussten wir nicht, dass Fischland-Dar\u00df-Zingst eine Halbinsel von Mecklenburg-Vorpommern ist.<\/p>\n\n\n\n<h2 class=\"wp-block-heading\">Unsere Anreise<\/h2>\n\n\n\n<p>Wir sind mit unseren Fahrr\u00e4dern ganz bequem mit dem Zug von Sassnitz \u00fcber Velgast nach Barth gefahren. In Barth endet die Bahnlinie. Es gab fr\u00fcher einmal eine Bahnlinie, die weiter Richtung Zingst f\u00fchrte. Leider existiert diese heute nicht mehr. Es gibt allerdings Bestrebungen, diese wieder in Betrieb zu nehmen. Nat\u00fcrlich kann man in Barth den Bus nehmen und nach Zingst fahren. Wir nahmen nat\u00fcrlich unsere Fahrr\u00e4der.&nbsp;Von Barth nach Zingst sind es 22km und diese lassen sich auf wundersch\u00f6nen Fahrradwegen sehr gut zur\u00fccklegen. Die Meiningenbr\u00fccke verbindet das Festland mit Zingst.<\/p>\n\n\n\n<p>Folgende Informationen k\u00f6nnt ihr in diesem Beitrag von uns lesen:<\/p>\n\n\n\n<ul class=\"wp-block-list\"><li><a href=\"https:\/\/familie-weitgereist.de\/?p=1582\/#zingst\">Zingst, Pramort<\/a><\/li><li><a href=\"https:\/\/familie-weitgereist.de\/?p=1582\/#fischland\">Dar\u00df, Fischland<\/a><\/li><li><a href=\"https:\/\/familie-weitgereist.de\/?p=1582\/#rostock\">Rostock, Warnem\u00fcnde<\/a><\/li><\/ul>\n\n\n\n<h2 class=\"wp-block-heading\" id=\"zingst\">Unsere Erlebnisse in Zingst und Pramort<\/h2>\n\n\n\n<p>Die Halbinsel l\u00e4sst sich perfekt mit dem Fahrrad erkunden. Dies haben wir auch ausgiebig getan. Das Wetter war im Oktober noch sehr sonnig und wir hatten nur sehr wenig Schietwetter. <\/p>\n\n\n\n<figure class=\"wp-block-image size-large\"><img loading=\"lazy\" decoding=\"async\" width=\"1024\" height=\"683\" src=\"https:\/\/weitgereist.ddns.net\/wp-content\/uploads\/2020\/10\/IMG_2191-1024x683.jpg\" alt=\"\" class=\"wp-image-1865\" srcset=\"https:\/\/familie-weitgereist.de\/wp-content\/uploads\/2020\/10\/IMG_2191-1024x683.jpg 1024w, https:\/\/familie-weitgereist.de\/wp-content\/uploads\/2020\/10\/IMG_2191-300x200.jpg 300w, https:\/\/familie-weitgereist.de\/wp-content\/uploads\/2020\/10\/IMG_2191-768x512.jpg 768w, https:\/\/familie-weitgereist.de\/wp-content\/uploads\/2020\/10\/IMG_2191-1536x1024.jpg 1536w, https:\/\/familie-weitgereist.de\/wp-content\/uploads\/2020\/10\/IMG_2191-2048x1365.jpg 2048w, https:\/\/familie-weitgereist.de\/wp-content\/uploads\/2020\/10\/IMG_2191-1200x800.jpg 1200w, https:\/\/familie-weitgereist.de\/wp-content\/uploads\/2020\/10\/IMG_2191-1980x1320.jpg 1980w, https:\/\/familie-weitgereist.de\/wp-content\/uploads\/2020\/10\/IMG_2191-150x100.jpg 150w\" sizes=\"auto, (max-width: 1024px) 100vw, 1024px\" \/><figcaption>Mit dem Fahrrad \u00fcber die Insel<\/figcaption><\/figure>\n\n\n\n<p>Unsere Unterkunft war in Zingst. Wir hatten eine Ferienwohnung mit eigener K\u00fcche und Bad unweit vom Hafen. In Zingst gibt es zwei tolle Spielpl\u00e4tze, einen direkt am Hafen und einen &#8222;Am W\u00e4ldchen&#8220;. Auf beiden Spielpl\u00e4tzen haben wir einige Zeit verbracht.<\/p>\n\n\n\n<p>Zingst hat eine lange Strandpromenade. Ich denke, dass im Sommer hier sehr viel los ist. Im Herbst waren auch einige am Strand. Es war aber nicht \u00fcberlaufen. Wir haben viele sch\u00f6ne Strandspazierg\u00e4nge unternommen und ich war auch im Herbst in der Ostsee baden. <\/p>\n\n\n\n<figure class=\"wp-block-image size-large\"><img loading=\"lazy\" decoding=\"async\" width=\"1024\" height=\"683\" src=\"https:\/\/weitgereist.ddns.net\/wp-content\/uploads\/2020\/10\/IMG_2384-1024x683.jpg\" alt=\"\" class=\"wp-image-1889\" srcset=\"https:\/\/familie-weitgereist.de\/wp-content\/uploads\/2020\/10\/IMG_2384-1024x683.jpg 1024w, https:\/\/familie-weitgereist.de\/wp-content\/uploads\/2020\/10\/IMG_2384-300x200.jpg 300w, https:\/\/familie-weitgereist.de\/wp-content\/uploads\/2020\/10\/IMG_2384-768x512.jpg 768w, https:\/\/familie-weitgereist.de\/wp-content\/uploads\/2020\/10\/IMG_2384-1536x1024.jpg 1536w, https:\/\/familie-weitgereist.de\/wp-content\/uploads\/2020\/10\/IMG_2384-2048x1365.jpg 2048w, https:\/\/familie-weitgereist.de\/wp-content\/uploads\/2020\/10\/IMG_2384-1200x800.jpg 1200w, https:\/\/familie-weitgereist.de\/wp-content\/uploads\/2020\/10\/IMG_2384-1980x1320.jpg 1980w, https:\/\/familie-weitgereist.de\/wp-content\/uploads\/2020\/10\/IMG_2384-150x100.jpg 150w\" sizes=\"auto, (max-width: 1024px) 100vw, 1024px\" \/><figcaption>Der Hafen von Zingst<\/figcaption><\/figure>\n\n\n\n<figure class=\"wp-block-image size-large\"><img loading=\"lazy\" decoding=\"async\" width=\"1024\" height=\"683\" src=\"https:\/\/weitgereist.ddns.net\/wp-content\/uploads\/2020\/10\/IMG_2042-1024x683.jpg\" alt=\"\" class=\"wp-image-1866\" srcset=\"https:\/\/familie-weitgereist.de\/wp-content\/uploads\/2020\/10\/IMG_2042-1024x683.jpg 1024w, https:\/\/familie-weitgereist.de\/wp-content\/uploads\/2020\/10\/IMG_2042-300x200.jpg 300w, https:\/\/familie-weitgereist.de\/wp-content\/uploads\/2020\/10\/IMG_2042-768x512.jpg 768w, https:\/\/familie-weitgereist.de\/wp-content\/uploads\/2020\/10\/IMG_2042-1536x1024.jpg 1536w, https:\/\/familie-weitgereist.de\/wp-content\/uploads\/2020\/10\/IMG_2042-2048x1365.jpg 2048w, https:\/\/familie-weitgereist.de\/wp-content\/uploads\/2020\/10\/IMG_2042-1200x800.jpg 1200w, https:\/\/familie-weitgereist.de\/wp-content\/uploads\/2020\/10\/IMG_2042-1980x1320.jpg 1980w, https:\/\/familie-weitgereist.de\/wp-content\/uploads\/2020\/10\/IMG_2042-150x100.jpg 150w\" sizes=\"auto, (max-width: 1024px) 100vw, 1024px\" \/><figcaption>Der Strand von Zingst<\/figcaption><\/figure>\n\n\n\n<figure class=\"wp-block-image size-large\"><img loading=\"lazy\" decoding=\"async\" width=\"1024\" height=\"768\" src=\"https:\/\/familie-weitgereist.de\/wp-content\/uploads\/2020\/11\/IMG_20201023_183635-1024x768.jpg\" alt=\"\" class=\"wp-image-2178\" srcset=\"https:\/\/familie-weitgereist.de\/wp-content\/uploads\/2020\/11\/IMG_20201023_183635-1024x768.jpg 1024w, https:\/\/familie-weitgereist.de\/wp-content\/uploads\/2020\/11\/IMG_20201023_183635-300x225.jpg 300w, https:\/\/familie-weitgereist.de\/wp-content\/uploads\/2020\/11\/IMG_20201023_183635-768x576.jpg 768w, https:\/\/familie-weitgereist.de\/wp-content\/uploads\/2020\/11\/IMG_20201023_183635-1536x1152.jpg 1536w, https:\/\/familie-weitgereist.de\/wp-content\/uploads\/2020\/11\/IMG_20201023_183635-2048x1536.jpg 2048w, https:\/\/familie-weitgereist.de\/wp-content\/uploads\/2020\/11\/IMG_20201023_183635-1200x900.jpg 1200w, https:\/\/familie-weitgereist.de\/wp-content\/uploads\/2020\/11\/IMG_20201023_183635-1980x1485.jpg 1980w, https:\/\/familie-weitgereist.de\/wp-content\/uploads\/2020\/11\/IMG_20201023_183635-853x640.jpg 853w, https:\/\/familie-weitgereist.de\/wp-content\/uploads\/2020\/11\/IMG_20201023_183635-150x113.jpg 150w\" sizes=\"auto, (max-width: 1024px) 100vw, 1024px\" \/><figcaption>Der Hafen von Zingst bei Nacht<\/figcaption><\/figure>\n\n\n\n<p>Wir sind von Zingst mit den Fahrr\u00e4dern nach Pramort gefahren. Pramort ist nur zu Fu\u00df oder mit dem Fahrrad erreichbar und geh\u00f6rt zum Nationalpark Vorpommersche Boddenlandschaft. Bis ca. 1960 war Pramort eine bewohnte Siedlung. Heute ist es noch ein Aussichtspunkt. Es ist der \u00f6stlichste Punkt, den man auf der Halbinsel erreichen kann. Besonders beliebt ist dieser Aussichtspunkt bei Kranichbeobachtern. Pramort darf man nur zwischen 8:00 und 15:00 besuchen, da den Kranichen gen\u00fcgend Ruhe zum Nisten gegeben werden soll.<\/p>\n\n\n\n<figure class=\"wp-block-image size-large\"><img loading=\"lazy\" decoding=\"async\" width=\"1024\" height=\"683\" src=\"https:\/\/weitgereist.ddns.net\/wp-content\/uploads\/2020\/10\/IMG_2076-1024x683.jpg\" alt=\"\" class=\"wp-image-1867\" srcset=\"https:\/\/familie-weitgereist.de\/wp-content\/uploads\/2020\/10\/IMG_2076-1024x683.jpg 1024w, https:\/\/familie-weitgereist.de\/wp-content\/uploads\/2020\/10\/IMG_2076-300x200.jpg 300w, https:\/\/familie-weitgereist.de\/wp-content\/uploads\/2020\/10\/IMG_2076-768x512.jpg 768w, https:\/\/familie-weitgereist.de\/wp-content\/uploads\/2020\/10\/IMG_2076-1536x1024.jpg 1536w, https:\/\/familie-weitgereist.de\/wp-content\/uploads\/2020\/10\/IMG_2076-2048x1365.jpg 2048w, https:\/\/familie-weitgereist.de\/wp-content\/uploads\/2020\/10\/IMG_2076-1200x800.jpg 1200w, https:\/\/familie-weitgereist.de\/wp-content\/uploads\/2020\/10\/IMG_2076-1980x1320.jpg 1980w, https:\/\/familie-weitgereist.de\/wp-content\/uploads\/2020\/10\/IMG_2076-150x100.jpg 150w\" sizes=\"auto, (max-width: 1024px) 100vw, 1024px\" \/><\/figure>\n\n\n\n<p>Um von Zingst nach Pramort zu gelangen, f\u00e4hrt man am Osterwald, der Sundischen Wiese, dem Dreil\u00e4nder Eck und der Hohen D\u00fcne vorbei. Alles wundersch\u00f6ne Gegenden zum Entdecken.<\/p>\n\n\n\n<p>Der Osterwald ist das gr\u00f6\u00dfte zusammenh\u00e4ngende Waldgebiet auf dem Zingst und liegt im Osten. Aus dieser Bedeutung setzt sich auch der Name zusammen: Oster Wald. <\/p>\n\n\n\n<figure class=\"wp-block-image size-large\"><img loading=\"lazy\" decoding=\"async\" width=\"1024\" height=\"683\" src=\"https:\/\/weitgereist.ddns.net\/wp-content\/uploads\/2020\/10\/IMG_2113-1024x683.jpg\" alt=\"\" class=\"wp-image-1868\" srcset=\"https:\/\/familie-weitgereist.de\/wp-content\/uploads\/2020\/10\/IMG_2113-1024x683.jpg 1024w, https:\/\/familie-weitgereist.de\/wp-content\/uploads\/2020\/10\/IMG_2113-300x200.jpg 300w, https:\/\/familie-weitgereist.de\/wp-content\/uploads\/2020\/10\/IMG_2113-768x512.jpg 768w, https:\/\/familie-weitgereist.de\/wp-content\/uploads\/2020\/10\/IMG_2113-1536x1024.jpg 1536w, https:\/\/familie-weitgereist.de\/wp-content\/uploads\/2020\/10\/IMG_2113-2048x1365.jpg 2048w, https:\/\/familie-weitgereist.de\/wp-content\/uploads\/2020\/10\/IMG_2113-1200x800.jpg 1200w, https:\/\/familie-weitgereist.de\/wp-content\/uploads\/2020\/10\/IMG_2113-1980x1320.jpg 1980w, https:\/\/familie-weitgereist.de\/wp-content\/uploads\/2020\/10\/IMG_2113-150x100.jpg 150w\" sizes=\"auto, (max-width: 1024px) 100vw, 1024px\" \/><\/figure>\n\n\n\n<p>Am Dreil\u00e4ndereck fragten wir uns, welche L\u00e4nder hier wohl zusammentrafen. Hihi Dieser Ort ist ein Punkt, wo im 13. Jahrhundert drei L\u00e4ndereien zusammentrafen. Die St\u00e4dte Barth, Stralsund und F\u00fcrst Wizlaw II besa\u00dfen L\u00e4ndereien, die im Osterwald zusammentrafen. <\/p>\n\n\n\n<p>Die Sundische Wiese liegt ebenfalls im Osten von Zingst und ist nach den Stralsunder Wiesen benannt, der Stadt, der einst diese Landfl\u00e4che geh\u00f6rte. <\/p>\n\n\n\n<p>Die Hohe D\u00fcne ist die h\u00f6chste D\u00fcne an der Ostsee und bis zu 12m hoch. Dort gelangt man nur zu Fu\u00df hin. Man kann sein Fahrrad 1,3km entfernt abstellen und l\u00e4uft auf einem Deich zwischen Moorlandschaften entlang. Am Ende f\u00fchrt der Weg \u00fcber einen Steg zur Hohen D\u00fcne. Dort gibt es einen Aussichtspunkt, von dem man einen sehr sch\u00f6nen Blick \u00fcber die D\u00fcnen hat. Die D\u00fcnen d\u00fcrfen nicht betreten werden und an diesem Strand ist es auch nicht gestattet zu baden.<\/p>\n\n\n\n<figure class=\"wp-block-image size-large\"><img loading=\"lazy\" decoding=\"async\" width=\"1024\" height=\"683\" src=\"https:\/\/weitgereist.ddns.net\/wp-content\/uploads\/2020\/10\/IMG_2124-1024x683.jpg\" alt=\"\" class=\"wp-image-1869\" srcset=\"https:\/\/familie-weitgereist.de\/wp-content\/uploads\/2020\/10\/IMG_2124-1024x683.jpg 1024w, https:\/\/familie-weitgereist.de\/wp-content\/uploads\/2020\/10\/IMG_2124-300x200.jpg 300w, https:\/\/familie-weitgereist.de\/wp-content\/uploads\/2020\/10\/IMG_2124-768x512.jpg 768w, https:\/\/familie-weitgereist.de\/wp-content\/uploads\/2020\/10\/IMG_2124-1536x1024.jpg 1536w, https:\/\/familie-weitgereist.de\/wp-content\/uploads\/2020\/10\/IMG_2124-2048x1365.jpg 2048w, https:\/\/familie-weitgereist.de\/wp-content\/uploads\/2020\/10\/IMG_2124-1200x800.jpg 1200w, https:\/\/familie-weitgereist.de\/wp-content\/uploads\/2020\/10\/IMG_2124-1980x1320.jpg 1980w, https:\/\/familie-weitgereist.de\/wp-content\/uploads\/2020\/10\/IMG_2124-150x100.jpg 150w\" sizes=\"auto, (max-width: 1024px) 100vw, 1024px\" \/><\/figure>\n\n\n\n<figure class=\"wp-block-image size-large\"><img loading=\"lazy\" decoding=\"async\" width=\"1024\" height=\"683\" src=\"https:\/\/weitgereist.ddns.net\/wp-content\/uploads\/2020\/10\/IMG_2118-1024x683.jpg\" alt=\"\" class=\"wp-image-1871\" srcset=\"https:\/\/familie-weitgereist.de\/wp-content\/uploads\/2020\/10\/IMG_2118-1024x683.jpg 1024w, https:\/\/familie-weitgereist.de\/wp-content\/uploads\/2020\/10\/IMG_2118-300x200.jpg 300w, https:\/\/familie-weitgereist.de\/wp-content\/uploads\/2020\/10\/IMG_2118-768x512.jpg 768w, https:\/\/familie-weitgereist.de\/wp-content\/uploads\/2020\/10\/IMG_2118-1536x1024.jpg 1536w, https:\/\/familie-weitgereist.de\/wp-content\/uploads\/2020\/10\/IMG_2118-2048x1365.jpg 2048w, https:\/\/familie-weitgereist.de\/wp-content\/uploads\/2020\/10\/IMG_2118-1200x800.jpg 1200w, https:\/\/familie-weitgereist.de\/wp-content\/uploads\/2020\/10\/IMG_2118-1980x1320.jpg 1980w, https:\/\/familie-weitgereist.de\/wp-content\/uploads\/2020\/10\/IMG_2118-150x100.jpg 150w\" sizes=\"auto, (max-width: 1024px) 100vw, 1024px\" \/><figcaption>Der Steg zur Hohen D\u00fcne<\/figcaption><\/figure>\n\n\n\n<figure class=\"wp-block-image size-large\"><img loading=\"lazy\" decoding=\"async\" width=\"1024\" height=\"683\" src=\"https:\/\/weitgereist.ddns.net\/wp-content\/uploads\/2020\/10\/IMG_2103-1024x683.jpg\" alt=\"\" class=\"wp-image-1870\" srcset=\"https:\/\/familie-weitgereist.de\/wp-content\/uploads\/2020\/10\/IMG_2103-1024x683.jpg 1024w, https:\/\/familie-weitgereist.de\/wp-content\/uploads\/2020\/10\/IMG_2103-300x200.jpg 300w, https:\/\/familie-weitgereist.de\/wp-content\/uploads\/2020\/10\/IMG_2103-768x512.jpg 768w, https:\/\/familie-weitgereist.de\/wp-content\/uploads\/2020\/10\/IMG_2103-1536x1024.jpg 1536w, https:\/\/familie-weitgereist.de\/wp-content\/uploads\/2020\/10\/IMG_2103-2048x1365.jpg 2048w, https:\/\/familie-weitgereist.de\/wp-content\/uploads\/2020\/10\/IMG_2103-1200x800.jpg 1200w, https:\/\/familie-weitgereist.de\/wp-content\/uploads\/2020\/10\/IMG_2103-1980x1320.jpg 1980w, https:\/\/familie-weitgereist.de\/wp-content\/uploads\/2020\/10\/IMG_2103-150x100.jpg 150w\" sizes=\"auto, (max-width: 1024px) 100vw, 1024px\" \/><figcaption>Die Hohe D\u00fcne<\/figcaption><\/figure>\n\n\n\n<h2 class=\"wp-block-heading\" id=\"fischland\">Unsere Erlebnisse in Dar\u00df und Fischland<\/h2>\n\n\n\n<p>Nat\u00fcrlich haben wir auch den Westen der Halbinsel mit unseren Fahrr\u00e4dern erkundet. Wir sind von Zingst nach Prerow gefahren. Prerow besitzt eine Seemannskirche. Die Kirche geh\u00f6rt zu den \u00e4ltesten Bauwerken der Region und wurde 1726-1728 erbaut. Diese Region geh\u00f6rte von 1648-1815 zu Schweden. In der Seemannskirche h\u00e4ngen Miniaturseefahrtsschiffe und alles ist zu Ehren der Seefahrer ausgerichtet. <\/p>\n\n\n\n<figure class=\"wp-block-image size-large\"><img loading=\"lazy\" decoding=\"async\" width=\"1024\" height=\"683\" src=\"https:\/\/weitgereist.ddns.net\/wp-content\/uploads\/2020\/10\/IMG_2147-1024x683.jpg\" alt=\"\" class=\"wp-image-1872\" srcset=\"https:\/\/familie-weitgereist.de\/wp-content\/uploads\/2020\/10\/IMG_2147-1024x683.jpg 1024w, https:\/\/familie-weitgereist.de\/wp-content\/uploads\/2020\/10\/IMG_2147-300x200.jpg 300w, https:\/\/familie-weitgereist.de\/wp-content\/uploads\/2020\/10\/IMG_2147-768x512.jpg 768w, https:\/\/familie-weitgereist.de\/wp-content\/uploads\/2020\/10\/IMG_2147-1536x1024.jpg 1536w, https:\/\/familie-weitgereist.de\/wp-content\/uploads\/2020\/10\/IMG_2147-2048x1365.jpg 2048w, https:\/\/familie-weitgereist.de\/wp-content\/uploads\/2020\/10\/IMG_2147-1200x800.jpg 1200w, https:\/\/familie-weitgereist.de\/wp-content\/uploads\/2020\/10\/IMG_2147-1980x1320.jpg 1980w, https:\/\/familie-weitgereist.de\/wp-content\/uploads\/2020\/10\/IMG_2147-150x100.jpg 150w\" sizes=\"auto, (max-width: 1024px) 100vw, 1024px\" \/><figcaption>Die Seemanskirche in Prerow<\/figcaption><\/figure>\n\n\n\n<p>Prerow hat einen sch\u00f6nen Spielplatz und auch hier gibt es eine lange Strandpromenade. Prerow liegt direkt am Dar\u00dfer Urwald. Wir sind durch den Dar\u00dfer Urwald gefahren, auf dem Weg nach Fischland. Au\u00dferdem sind wir zum Leuchtturm Dar\u00dfer Ort gefahren. <\/p>\n\n\n\n<figure class=\"wp-block-image size-large\"><img loading=\"lazy\" decoding=\"async\" width=\"1024\" height=\"683\" src=\"https:\/\/weitgereist.ddns.net\/wp-content\/uploads\/2020\/10\/IMG_2259-1024x683.jpg\" alt=\"\" class=\"wp-image-1879\" srcset=\"https:\/\/familie-weitgereist.de\/wp-content\/uploads\/2020\/10\/IMG_2259-1024x683.jpg 1024w, https:\/\/familie-weitgereist.de\/wp-content\/uploads\/2020\/10\/IMG_2259-300x200.jpg 300w, https:\/\/familie-weitgereist.de\/wp-content\/uploads\/2020\/10\/IMG_2259-768x512.jpg 768w, https:\/\/familie-weitgereist.de\/wp-content\/uploads\/2020\/10\/IMG_2259-1536x1024.jpg 1536w, https:\/\/familie-weitgereist.de\/wp-content\/uploads\/2020\/10\/IMG_2259-2048x1365.jpg 2048w, https:\/\/familie-weitgereist.de\/wp-content\/uploads\/2020\/10\/IMG_2259-1200x800.jpg 1200w, https:\/\/familie-weitgereist.de\/wp-content\/uploads\/2020\/10\/IMG_2259-1980x1320.jpg 1980w, https:\/\/familie-weitgereist.de\/wp-content\/uploads\/2020\/10\/IMG_2259-150x100.jpg 150w\" sizes=\"auto, (max-width: 1024px) 100vw, 1024px\" \/><figcaption>Der Dar\u00dfer Urwald<\/figcaption><\/figure>\n\n\n\n<figure class=\"wp-block-image size-large\"><img loading=\"lazy\" decoding=\"async\" width=\"1024\" height=\"683\" src=\"https:\/\/weitgereist.ddns.net\/wp-content\/uploads\/2020\/10\/IMG_2161-1024x683.jpg\" alt=\"\" class=\"wp-image-1873\" srcset=\"https:\/\/familie-weitgereist.de\/wp-content\/uploads\/2020\/10\/IMG_2161-1024x683.jpg 1024w, https:\/\/familie-weitgereist.de\/wp-content\/uploads\/2020\/10\/IMG_2161-300x200.jpg 300w, https:\/\/familie-weitgereist.de\/wp-content\/uploads\/2020\/10\/IMG_2161-768x512.jpg 768w, https:\/\/familie-weitgereist.de\/wp-content\/uploads\/2020\/10\/IMG_2161-1536x1024.jpg 1536w, https:\/\/familie-weitgereist.de\/wp-content\/uploads\/2020\/10\/IMG_2161-2048x1365.jpg 2048w, https:\/\/familie-weitgereist.de\/wp-content\/uploads\/2020\/10\/IMG_2161-1200x800.jpg 1200w, https:\/\/familie-weitgereist.de\/wp-content\/uploads\/2020\/10\/IMG_2161-1980x1320.jpg 1980w, https:\/\/familie-weitgereist.de\/wp-content\/uploads\/2020\/10\/IMG_2161-150x100.jpg 150w\" sizes=\"auto, (max-width: 1024px) 100vw, 1024px\" \/><figcaption>Die Seebr\u00fccke von Prerow<\/figcaption><\/figure>\n\n\n\n<p>Der Leuchtturm Dar\u00dfer Ort, wird Berechnungen zufolge in 50 Jahren nicht mehr existieren. Da jedes Jahr 1m der Insel aufgrund von starkem Wind der Ostsee zum Opfer fallen. Daf\u00fcr wird unweit davon jedes Jahr 8m-10m Land gewonnen, wo der Sand angeweht wird.<\/p>\n\n\n\n<figure class=\"wp-block-image size-large\"><img loading=\"lazy\" decoding=\"async\" width=\"1024\" height=\"683\" src=\"https:\/\/weitgereist.ddns.net\/wp-content\/uploads\/2020\/10\/IMG_2251-1024x683.jpg\" alt=\"\" class=\"wp-image-1875\" srcset=\"https:\/\/familie-weitgereist.de\/wp-content\/uploads\/2020\/10\/IMG_2251-1024x683.jpg 1024w, https:\/\/familie-weitgereist.de\/wp-content\/uploads\/2020\/10\/IMG_2251-300x200.jpg 300w, https:\/\/familie-weitgereist.de\/wp-content\/uploads\/2020\/10\/IMG_2251-768x512.jpg 768w, https:\/\/familie-weitgereist.de\/wp-content\/uploads\/2020\/10\/IMG_2251-1536x1024.jpg 1536w, https:\/\/familie-weitgereist.de\/wp-content\/uploads\/2020\/10\/IMG_2251-2048x1365.jpg 2048w, https:\/\/familie-weitgereist.de\/wp-content\/uploads\/2020\/10\/IMG_2251-1200x800.jpg 1200w, https:\/\/familie-weitgereist.de\/wp-content\/uploads\/2020\/10\/IMG_2251-1980x1320.jpg 1980w, https:\/\/familie-weitgereist.de\/wp-content\/uploads\/2020\/10\/IMG_2251-150x100.jpg 150w\" sizes=\"auto, (max-width: 1024px) 100vw, 1024px\" \/><figcaption>Der Leuchtturm Dar\u00dfer Ort<\/figcaption><\/figure>\n\n\n\n<figure class=\"wp-block-image size-large\"><img loading=\"lazy\" decoding=\"async\" width=\"1024\" height=\"683\" src=\"https:\/\/weitgereist.ddns.net\/wp-content\/uploads\/2020\/10\/IMG_2245-1024x683.jpg\" alt=\"\" class=\"wp-image-1877\" srcset=\"https:\/\/familie-weitgereist.de\/wp-content\/uploads\/2020\/10\/IMG_2245-1024x683.jpg 1024w, https:\/\/familie-weitgereist.de\/wp-content\/uploads\/2020\/10\/IMG_2245-300x200.jpg 300w, https:\/\/familie-weitgereist.de\/wp-content\/uploads\/2020\/10\/IMG_2245-768x512.jpg 768w, https:\/\/familie-weitgereist.de\/wp-content\/uploads\/2020\/10\/IMG_2245-1536x1024.jpg 1536w, https:\/\/familie-weitgereist.de\/wp-content\/uploads\/2020\/10\/IMG_2245-2048x1365.jpg 2048w, https:\/\/familie-weitgereist.de\/wp-content\/uploads\/2020\/10\/IMG_2245-1200x800.jpg 1200w, https:\/\/familie-weitgereist.de\/wp-content\/uploads\/2020\/10\/IMG_2245-1980x1320.jpg 1980w, https:\/\/familie-weitgereist.de\/wp-content\/uploads\/2020\/10\/IMG_2245-150x100.jpg 150w\" sizes=\"auto, (max-width: 1024px) 100vw, 1024px\" \/><figcaption>Ausflug zum Leuchtturm Dar\u00dfer Ort<\/figcaption><\/figure>\n\n\n\n<p>Wiek am Dar\u00df, Born am Dar\u00df, Ahrenshoop und Wustrow sind alles kleine Ortschaften. Eine Besonderheit der Insel sind die tollen Hauseingangst\u00fcren. Diese werden im traditionellen Sinne bemalt. Die reetgedeckten D\u00e4cher untermalen die Stimmung perfekt. Jedes kleine D\u00f6rfchen hat seinen eigenen kleinen Hafen. <\/p>\n\n\n\n<figure class=\"wp-block-image size-large\"><img loading=\"lazy\" decoding=\"async\" width=\"1024\" height=\"683\" src=\"https:\/\/weitgereist.ddns.net\/wp-content\/uploads\/2020\/10\/IMG_2236-1024x683.jpg\" alt=\"\" class=\"wp-image-1887\" srcset=\"https:\/\/familie-weitgereist.de\/wp-content\/uploads\/2020\/10\/IMG_2236-1024x683.jpg 1024w, https:\/\/familie-weitgereist.de\/wp-content\/uploads\/2020\/10\/IMG_2236-300x200.jpg 300w, https:\/\/familie-weitgereist.de\/wp-content\/uploads\/2020\/10\/IMG_2236-768x512.jpg 768w, https:\/\/familie-weitgereist.de\/wp-content\/uploads\/2020\/10\/IMG_2236-1536x1024.jpg 1536w, https:\/\/familie-weitgereist.de\/wp-content\/uploads\/2020\/10\/IMG_2236-2048x1365.jpg 2048w, https:\/\/familie-weitgereist.de\/wp-content\/uploads\/2020\/10\/IMG_2236-1200x800.jpg 1200w, https:\/\/familie-weitgereist.de\/wp-content\/uploads\/2020\/10\/IMG_2236-1980x1320.jpg 1980w, https:\/\/familie-weitgereist.de\/wp-content\/uploads\/2020\/10\/IMG_2236-150x100.jpg 150w\" sizes=\"auto, (max-width: 1024px) 100vw, 1024px\" \/><figcaption>Am Dar\u00dfer Ort<\/figcaption><\/figure>\n\n\n\n<figure class=\"wp-block-image size-large\"><img loading=\"lazy\" decoding=\"async\" width=\"1024\" height=\"683\" src=\"https:\/\/weitgereist.ddns.net\/wp-content\/uploads\/2020\/10\/IMG_2174-1024x683.jpg\" alt=\"\" class=\"wp-image-1876\" srcset=\"https:\/\/familie-weitgereist.de\/wp-content\/uploads\/2020\/10\/IMG_2174-1024x683.jpg 1024w, https:\/\/familie-weitgereist.de\/wp-content\/uploads\/2020\/10\/IMG_2174-300x200.jpg 300w, https:\/\/familie-weitgereist.de\/wp-content\/uploads\/2020\/10\/IMG_2174-768x512.jpg 768w, https:\/\/familie-weitgereist.de\/wp-content\/uploads\/2020\/10\/IMG_2174-1536x1024.jpg 1536w, https:\/\/familie-weitgereist.de\/wp-content\/uploads\/2020\/10\/IMG_2174-2048x1365.jpg 2048w, https:\/\/familie-weitgereist.de\/wp-content\/uploads\/2020\/10\/IMG_2174-1200x800.jpg 1200w, https:\/\/familie-weitgereist.de\/wp-content\/uploads\/2020\/10\/IMG_2174-1980x1320.jpg 1980w, https:\/\/familie-weitgereist.de\/wp-content\/uploads\/2020\/10\/IMG_2174-150x100.jpg 150w\" sizes=\"auto, (max-width: 1024px) 100vw, 1024px\" \/><figcaption>Ein Haus in Wiek am Dar\u00df<\/figcaption><\/figure>\n\n\n\n<figure class=\"wp-block-image size-large\"><img loading=\"lazy\" decoding=\"async\" width=\"1024\" height=\"683\" src=\"https:\/\/weitgereist.ddns.net\/wp-content\/uploads\/2020\/10\/IMG_2201-1024x683.jpg\" alt=\"\" class=\"wp-image-1880\" srcset=\"https:\/\/familie-weitgereist.de\/wp-content\/uploads\/2020\/10\/IMG_2201-1024x683.jpg 1024w, https:\/\/familie-weitgereist.de\/wp-content\/uploads\/2020\/10\/IMG_2201-300x200.jpg 300w, https:\/\/familie-weitgereist.de\/wp-content\/uploads\/2020\/10\/IMG_2201-768x512.jpg 768w, https:\/\/familie-weitgereist.de\/wp-content\/uploads\/2020\/10\/IMG_2201-1536x1024.jpg 1536w, https:\/\/familie-weitgereist.de\/wp-content\/uploads\/2020\/10\/IMG_2201-2048x1365.jpg 2048w, https:\/\/familie-weitgereist.de\/wp-content\/uploads\/2020\/10\/IMG_2201-1200x800.jpg 1200w, https:\/\/familie-weitgereist.de\/wp-content\/uploads\/2020\/10\/IMG_2201-1980x1320.jpg 1980w, https:\/\/familie-weitgereist.de\/wp-content\/uploads\/2020\/10\/IMG_2201-150x100.jpg 150w\" sizes=\"auto, (max-width: 1024px) 100vw, 1024px\" \/><figcaption>Die Windm\u00fchle von Ahrenshoop<\/figcaption><\/figure>\n\n\n\n<p>Eigentlich wollten wir von Wustrow mit der F\u00e4hre zur\u00fcck nach Zingst fahren. Leider sind am Sonntag und Montag Ruhetage und die F\u00e4hren fahren nicht. <\/p>\n\n\n\n<h2 class=\"wp-block-heading\" id=\"rostock\">Ausflug nach Rostock und Warnem\u00fcnde<\/h2>\n\n\n\n<p>Die n\u00e4chstgelegene Gro\u00dfstadt von Fischland-Dar\u00df-Zingst, ist Rostock. Da wir nicht mit dem Auto unterwegs waren, sind wir ebenso mit der Bahn gefahren. Zuerst mussten wir mit dem Bus von Zingst nach Barth und ab Barth konnten wir mit dem Zug fahren. Das Mecklenburg-Vorpommern Ticket bietet sich f\u00fcr diese Unternehmung an. F\u00fcr 25,00\u20ac f\u00fcr uns drei konnten wir den ganzen Tag den Zug nutzen. Busse sind leider ausgenommen und m\u00fcssen extra bezahlt werden.<\/p>\n\n\n\n<p>Rostock hat eine sehr sch\u00f6ne Altstadt und wir merkten direkt das Hansestadt-Flair. Wir spazierten durch die Altstadt. Merlin schlief dabei in unserer Ruckeli. Besonders beeindruckt hat uns die Marienkirche. Sie ist innen so prunkvoll und gro\u00df. Wir kamen aus dem Staunen nicht mehr heraus. <\/p>\n\n\n\n<figure class=\"wp-block-image size-large\"><img loading=\"lazy\" decoding=\"async\" width=\"1024\" height=\"683\" src=\"https:\/\/weitgereist.ddns.net\/wp-content\/uploads\/2020\/10\/IMG_2373-1024x683.jpg\" alt=\"\" class=\"wp-image-1881\" srcset=\"https:\/\/familie-weitgereist.de\/wp-content\/uploads\/2020\/10\/IMG_2373-1024x683.jpg 1024w, https:\/\/familie-weitgereist.de\/wp-content\/uploads\/2020\/10\/IMG_2373-300x200.jpg 300w, https:\/\/familie-weitgereist.de\/wp-content\/uploads\/2020\/10\/IMG_2373-768x512.jpg 768w, https:\/\/familie-weitgereist.de\/wp-content\/uploads\/2020\/10\/IMG_2373-1536x1024.jpg 1536w, https:\/\/familie-weitgereist.de\/wp-content\/uploads\/2020\/10\/IMG_2373-2048x1365.jpg 2048w, https:\/\/familie-weitgereist.de\/wp-content\/uploads\/2020\/10\/IMG_2373-1200x800.jpg 1200w, https:\/\/familie-weitgereist.de\/wp-content\/uploads\/2020\/10\/IMG_2373-1980x1320.jpg 1980w, https:\/\/familie-weitgereist.de\/wp-content\/uploads\/2020\/10\/IMG_2373-150x100.jpg 150w\" sizes=\"auto, (max-width: 1024px) 100vw, 1024px\" \/><\/figure>\n\n\n\n<figure class=\"wp-block-image size-large\"><img loading=\"lazy\" decoding=\"async\" width=\"1024\" height=\"683\" src=\"https:\/\/weitgereist.ddns.net\/wp-content\/uploads\/2020\/10\/IMG_2333-1024x683.jpg\" alt=\"\" class=\"wp-image-1882\" srcset=\"https:\/\/familie-weitgereist.de\/wp-content\/uploads\/2020\/10\/IMG_2333-1024x683.jpg 1024w, https:\/\/familie-weitgereist.de\/wp-content\/uploads\/2020\/10\/IMG_2333-300x200.jpg 300w, https:\/\/familie-weitgereist.de\/wp-content\/uploads\/2020\/10\/IMG_2333-768x512.jpg 768w, https:\/\/familie-weitgereist.de\/wp-content\/uploads\/2020\/10\/IMG_2333-1536x1024.jpg 1536w, https:\/\/familie-weitgereist.de\/wp-content\/uploads\/2020\/10\/IMG_2333-2048x1365.jpg 2048w, https:\/\/familie-weitgereist.de\/wp-content\/uploads\/2020\/10\/IMG_2333-1200x800.jpg 1200w, https:\/\/familie-weitgereist.de\/wp-content\/uploads\/2020\/10\/IMG_2333-1980x1320.jpg 1980w, https:\/\/familie-weitgereist.de\/wp-content\/uploads\/2020\/10\/IMG_2333-150x100.jpg 150w\" sizes=\"auto, (max-width: 1024px) 100vw, 1024px\" \/><\/figure>\n\n\n\n<p>Wir schlenderten durch den Stadtpark bei den Wallanlagen. Dort gibt es zwei tolle Spielpl\u00e4tze und viel Gr\u00fcn zum Erholen. <\/p>\n\n\n\n<figure class=\"wp-block-image size-large\"><img loading=\"lazy\" decoding=\"async\" width=\"1024\" height=\"683\" src=\"https:\/\/weitgereist.ddns.net\/wp-content\/uploads\/2020\/10\/IMG_2360-1024x683.jpg\" alt=\"\" class=\"wp-image-1883\" srcset=\"https:\/\/familie-weitgereist.de\/wp-content\/uploads\/2020\/10\/IMG_2360-1024x683.jpg 1024w, https:\/\/familie-weitgereist.de\/wp-content\/uploads\/2020\/10\/IMG_2360-300x200.jpg 300w, https:\/\/familie-weitgereist.de\/wp-content\/uploads\/2020\/10\/IMG_2360-768x512.jpg 768w, https:\/\/familie-weitgereist.de\/wp-content\/uploads\/2020\/10\/IMG_2360-1536x1024.jpg 1536w, https:\/\/familie-weitgereist.de\/wp-content\/uploads\/2020\/10\/IMG_2360-2048x1365.jpg 2048w, https:\/\/familie-weitgereist.de\/wp-content\/uploads\/2020\/10\/IMG_2360-1200x800.jpg 1200w, https:\/\/familie-weitgereist.de\/wp-content\/uploads\/2020\/10\/IMG_2360-1980x1320.jpg 1980w, https:\/\/familie-weitgereist.de\/wp-content\/uploads\/2020\/10\/IMG_2360-150x100.jpg 150w\" sizes=\"auto, (max-width: 1024px) 100vw, 1024px\" \/><figcaption>Spielplatz bei den Wallanlagen<\/figcaption><\/figure>\n\n\n\n<p>Wir haben die M\u00f6glichkeit genutzt und sind von Rostock mit der S-Bahn nach Warnem\u00fcnde gefahren. Leider hatten wir nicht so viel Zeit, da wir am gleichen Tag zur\u00fcck nach Zingst gefahren sind. <\/p>\n\n\n\n<p>Warnem\u00fcnde hat uns jedoch sehr gut gefallen. Der Strand ist grandios. So ein wei\u00dfer, langer Sandstrand. Viele nutzen den Wind um ihre Drachen steigen zu lassen. Wir genossen den Blick auf den gr\u00fcnen Leuchtturm und die Ostsee.<\/p>\n\n\n\n<figure class=\"wp-block-image size-large\"><img loading=\"lazy\" decoding=\"async\" width=\"1024\" height=\"683\" src=\"https:\/\/weitgereist.ddns.net\/wp-content\/uploads\/2020\/10\/IMG_2301-1024x683.jpg\" alt=\"\" class=\"wp-image-1884\" srcset=\"https:\/\/familie-weitgereist.de\/wp-content\/uploads\/2020\/10\/IMG_2301-1024x683.jpg 1024w, https:\/\/familie-weitgereist.de\/wp-content\/uploads\/2020\/10\/IMG_2301-300x200.jpg 300w, https:\/\/familie-weitgereist.de\/wp-content\/uploads\/2020\/10\/IMG_2301-768x512.jpg 768w, https:\/\/familie-weitgereist.de\/wp-content\/uploads\/2020\/10\/IMG_2301-1536x1024.jpg 1536w, https:\/\/familie-weitgereist.de\/wp-content\/uploads\/2020\/10\/IMG_2301-2048x1365.jpg 2048w, https:\/\/familie-weitgereist.de\/wp-content\/uploads\/2020\/10\/IMG_2301-1200x800.jpg 1200w, https:\/\/familie-weitgereist.de\/wp-content\/uploads\/2020\/10\/IMG_2301-1980x1320.jpg 1980w, https:\/\/familie-weitgereist.de\/wp-content\/uploads\/2020\/10\/IMG_2301-150x100.jpg 150w\" sizes=\"auto, (max-width: 1024px) 100vw, 1024px\" \/><figcaption>Der Strand von Warnem\u00fcnde<\/figcaption><\/figure>\n\n\n\n<figure class=\"wp-block-image size-large\"><img loading=\"lazy\" decoding=\"async\" width=\"1024\" height=\"683\" src=\"https:\/\/weitgereist.ddns.net\/wp-content\/uploads\/2020\/10\/IMG_2293-1024x683.jpg\" alt=\"\" class=\"wp-image-1885\" srcset=\"https:\/\/familie-weitgereist.de\/wp-content\/uploads\/2020\/10\/IMG_2293-1024x683.jpg 1024w, https:\/\/familie-weitgereist.de\/wp-content\/uploads\/2020\/10\/IMG_2293-300x200.jpg 300w, https:\/\/familie-weitgereist.de\/wp-content\/uploads\/2020\/10\/IMG_2293-768x512.jpg 768w, https:\/\/familie-weitgereist.de\/wp-content\/uploads\/2020\/10\/IMG_2293-1536x1024.jpg 1536w, https:\/\/familie-weitgereist.de\/wp-content\/uploads\/2020\/10\/IMG_2293-2048x1365.jpg 2048w, https:\/\/familie-weitgereist.de\/wp-content\/uploads\/2020\/10\/IMG_2293-1200x800.jpg 1200w, https:\/\/familie-weitgereist.de\/wp-content\/uploads\/2020\/10\/IMG_2293-1980x1320.jpg 1980w, https:\/\/familie-weitgereist.de\/wp-content\/uploads\/2020\/10\/IMG_2293-150x100.jpg 150w\" sizes=\"auto, (max-width: 1024px) 100vw, 1024px\" \/><figcaption>So windig<\/figcaption><\/figure>\n\n\n\n<figure class=\"wp-block-image size-large\"><img loading=\"lazy\" decoding=\"async\" width=\"1024\" height=\"683\" src=\"https:\/\/weitgereist.ddns.net\/wp-content\/uploads\/2020\/10\/IMG_2286-1024x683.jpg\" alt=\"\" class=\"wp-image-1886\" srcset=\"https:\/\/familie-weitgereist.de\/wp-content\/uploads\/2020\/10\/IMG_2286-1024x683.jpg 1024w, https:\/\/familie-weitgereist.de\/wp-content\/uploads\/2020\/10\/IMG_2286-300x200.jpg 300w, https:\/\/familie-weitgereist.de\/wp-content\/uploads\/2020\/10\/IMG_2286-768x512.jpg 768w, https:\/\/familie-weitgereist.de\/wp-content\/uploads\/2020\/10\/IMG_2286-1536x1024.jpg 1536w, https:\/\/familie-weitgereist.de\/wp-content\/uploads\/2020\/10\/IMG_2286-2048x1365.jpg 2048w, https:\/\/familie-weitgereist.de\/wp-content\/uploads\/2020\/10\/IMG_2286-1200x800.jpg 1200w, https:\/\/familie-weitgereist.de\/wp-content\/uploads\/2020\/10\/IMG_2286-1980x1320.jpg 1980w, https:\/\/familie-weitgereist.de\/wp-content\/uploads\/2020\/10\/IMG_2286-150x100.jpg 150w\" sizes=\"auto, (max-width: 1024px) 100vw, 1024px\" \/><figcaption>Der Leuchtturm von Warnem\u00fcnde<\/figcaption><\/figure>\n\n\n\n<p>Die S-Bahn h\u00e4lt auf der Mittelmole, ganz in der N\u00e4he der Altstadt. Die Altstadt selbst ist recht klein und \u00fcberschaubar. Wir lieben das jedoch. Wir schlenderten am &#8218;Alten Strom&#8216; entlang und g\u00f6nnten uns erst einmal ein leckeres Fischbr\u00f6tchen. Der \u00e4ltere Leuchtturm von Warnem\u00fcnde ist ebenso sch\u00f6n anzusehen.<\/p>\n\n\n\n<figure class=\"wp-block-image size-large\"><img loading=\"lazy\" decoding=\"async\" width=\"1024\" height=\"683\" src=\"https:\/\/weitgereist.ddns.net\/wp-content\/uploads\/2020\/10\/IMG_2310-1024x683.jpg\" alt=\"\" class=\"wp-image-1888\" srcset=\"https:\/\/familie-weitgereist.de\/wp-content\/uploads\/2020\/10\/IMG_2310-1024x683.jpg 1024w, https:\/\/familie-weitgereist.de\/wp-content\/uploads\/2020\/10\/IMG_2310-300x200.jpg 300w, https:\/\/familie-weitgereist.de\/wp-content\/uploads\/2020\/10\/IMG_2310-768x512.jpg 768w, https:\/\/familie-weitgereist.de\/wp-content\/uploads\/2020\/10\/IMG_2310-1536x1024.jpg 1536w, https:\/\/familie-weitgereist.de\/wp-content\/uploads\/2020\/10\/IMG_2310-2048x1365.jpg 2048w, https:\/\/familie-weitgereist.de\/wp-content\/uploads\/2020\/10\/IMG_2310-1200x800.jpg 1200w, https:\/\/familie-weitgereist.de\/wp-content\/uploads\/2020\/10\/IMG_2310-1980x1320.jpg 1980w, https:\/\/familie-weitgereist.de\/wp-content\/uploads\/2020\/10\/IMG_2310-150x100.jpg 150w\" sizes=\"auto, (max-width: 1024px) 100vw, 1024px\" \/><figcaption>Der alte Leuchtturm von Warnem\u00fcnde<\/figcaption><\/figure>\n\n\n\n<h2 class=\"wp-block-heading\">Unsere R\u00fcckreise<\/h2>\n\n\n\n<p>Ebenso wie bei der Anreise nach Stralsund nutzen wir die Bahn. Mit einem &#8218;Quer-durch&#8217;s-Landticket&#8216; und zwei Fahrradtickets kamen wir g\u00fcnstig wieder zu Hause an. <\/p>\n\n\n\n<p>Der Norden von Deutschland ist so wundersch\u00f6n und wir freuen uns \u00fcber so viele tolle Eindr\u00fccke!<\/p>\n\n\n\n<script data-ad-client=\"ca-pub-2294176829745954\" async=\"\" src=\"https:\/\/pagead2.googlesyndication.com\/pagead\/js\/adsbygoogle.js\"><\/script>\n","protected":false},"excerpt":{"rendered":"<p>Nachdem wir eine traumhafte Woche in Stralsund, auf R\u00fcgen und Hiddensee hatten, entschieden wir uns spontan weiter zu reisen. Beim Betrachten der Deutschlandkarte fiel uns besonders ein kleines Fleckchen auf, welches wir noch nie so geh\u00f6rt hatten: Fischland-Dar\u00df-Zingst. Zingst und auch der Dar\u00df waren uns ein Begriff. Jedoch wussten wir nicht, dass Fischland-Dar\u00df-Zingst eine Halbinsel [&hellip;]<\/p>\n","protected":false},"author":3,"featured_media":1870,"comment_status":"open","ping_status":"open","sticky":false,"template":"","format":"standard","meta":{"_themeisle_gutenberg_block_has_review":false,"footnotes":""},"categories":[242,1757,331,377],"tags":[1712,325,1711,344,343,1714,1715,1716,1713],"class_list":["post-1582","post","type-post","status-publish","format-standard","has-post-thumbnail","hentry","category-deutschland","category-mecklenburg-vorpommern","category-miniabenteuer","category-spielplaetze","tag-darss","tag-deutschland","tag-fischland","tag-fischland-darss-zingst","tag-mecklenburg-vorpommern","tag-pramort","tag-rostock","tag-warnemuende","tag-zingst"],"_links":{"self":[{"href":"https:\/\/familie-weitgereist.de\/index.php?rest_route=\/wp\/v2\/posts\/1582","targetHints":{"allow":["GET"]}}],"collection":[{"href":"https:\/\/familie-weitgereist.de\/index.php?rest_route=\/wp\/v2\/posts"}],"about":[{"href":"https:\/\/familie-weitgereist.de\/index.php?rest_route=\/wp\/v2\/types\/post"}],"author":[{"embeddable":true,"href":"https:\/\/familie-weitgereist.de\/index.php?rest_route=\/wp\/v2\/users\/3"}],"replies":[{"embeddable":true,"href":"https:\/\/familie-weitgereist.de\/index.php?rest_route=%2Fwp%2Fv2%2Fcomments&post=1582"}],"version-history":[{"count":10,"href":"https:\/\/familie-weitgereist.de\/index.php?rest_route=\/wp\/v2\/posts\/1582\/revisions"}],"predecessor-version":[{"id":23587,"href":"https:\/\/familie-weitgereist.de\/index.php?rest_route=\/wp\/v2\/posts\/1582\/revisions\/23587"}],"wp:featuredmedia":[{"embeddable":true,"href":"https:\/\/familie-weitgereist.de\/index.php?rest_route=\/wp\/v2\/media\/1870"}],"wp:attachment":[{"href":"https:\/\/familie-weitgereist.de\/index.php?rest_route=%2Fwp%2Fv2%2Fmedia&parent=1582"}],"wp:term":[{"taxonomy":"category","embeddable":true,"href":"https:\/\/familie-weitgereist.de\/index.php?rest_route=%2Fwp%2Fv2%2Fcategories&post=1582"},{"taxonomy":"post_tag","embeddable":true,"href":"https:\/\/familie-weitgereist.de\/index.php?rest_route=%2Fwp%2Fv2%2Ftags&post=1582"}],"curies":[{"name":"wp","href":"https:\/\/api.w.org\/{rel}","templated":true}]}}