{"id":15773,"date":"2023-07-04T21:53:43","date_gmt":"2023-07-04T19:53:43","guid":{"rendered":"https:\/\/familie-weitgereist.de\/?p=15773"},"modified":"2025-10-07T23:02:03","modified_gmt":"2025-10-07T21:02:03","slug":"europareise-roadtrip-kroatien-mit-kleinkind-und-baby","status":"publish","type":"post","link":"https:\/\/familie-weitgereist.de\/?p=15773","title":{"rendered":"Europareise Roadtrip &#8211; Kroatien mit Kleinkind und Baby"},"content":{"rendered":"\n<p>Ab November 2022 haben wir unsere Elternzeit genutzt um mit unserem&nbsp;<strong>VW T6&nbsp;<\/strong>durch Europa zu reisen. Unsere Reise startete in&nbsp;<strong><a href=\"https:\/\/familie-weitgereist.de\/?p=11288\">Deutschland<\/a><\/strong>, f\u00fchrte anschlie\u00dfend weiter nach&nbsp;<strong><a href=\"https:\/\/familie-weitgereist.de\/?p=11342\">Luxemburg<\/a><\/strong>,&nbsp;<strong><a href=\"https:\/\/familie-weitgereist.de\/?p=11397\">Frankreich<\/a><\/strong>,&nbsp;<strong><a href=\"https:\/\/familie-weitgereist.de\/?p=11799\">Andorra<\/a><\/strong>, auf die&nbsp;<strong><a href=\"https:\/\/familie-weitgereist.de\/?p=12081\">balearischen Inseln<\/a><\/strong>,&nbsp;<strong><a href=\"https:\/\/familie-weitgereist.de\/?p=12528\">Gibraltar<\/a><\/strong>,&nbsp;<a href=\"https:\/\/familie-weitgereist.de\/?p=12073\"><strong>Spanien<\/strong><\/a>,&nbsp;<a href=\"https:\/\/familie-weitgereist.de\/?p=12700\"><strong>Portugal<\/strong><\/a>,&nbsp;<a href=\"https:\/\/familie-weitgereist.de\/?p=12861\"><strong>La<\/strong>&nbsp;<strong>Gomera<\/strong><\/a>,&nbsp;<strong><a href=\"https:\/\/familie-weitgereist.de\/?p=13024\">Teneriffa<\/a><\/strong>&nbsp;und&nbsp;<strong><a href=\"https:\/\/familie-weitgereist.de\/?p=13365\">Gran Canaria<\/a><\/strong>. Um wieder in den Norden zu gelangen, unternahmen wir einen kleinen&nbsp;<a href=\"https:\/\/familie-weitgereist.de\/?p=14008\"><strong>Roadtrip<\/strong>&nbsp;<strong>durch Spanien<\/strong><\/a>. Anschlie\u00dfend bereisten wir Italien. Wir starteten auf der wundersch\u00f6nen Insel&nbsp;<strong><a href=\"https:\/\/familie-weitgereist.de\/?p=14061\">Sardinien<\/a><\/strong>&nbsp;und reisten weiter nach&nbsp;<strong><a href=\"https:\/\/familie-weitgereist.de\/?p=14195\">Sizilien<\/a><\/strong>. Von Pozzallo auf Sizilien reisten wir nach&nbsp;<strong><a href=\"https:\/\/familie-weitgereist.de\/?p=14503\">Malta<\/a><\/strong>&nbsp;mit der F\u00e4hre. Anschlie\u00dfend bereisten wir&nbsp;<strong><a href=\"https:\/\/familie-weitgereist.de\/?p=14950\">S\u00fcditalien<\/a><\/strong>. Von Brindisi in Italien nahmen wir die F\u00e4hre nach Igoumenitsa in&nbsp;<strong><a href=\"https:\/\/familie-weitgereist.de\/?p=15058\">Griechenland<\/a><\/strong>. Von dort reisen wir weiter in den Norden nach&nbsp;<strong><a href=\"https:\/\/familie-weitgereist.de\/?p=15335\">Albanien<\/a><\/strong>&nbsp;und besuchten ebenso das Nachbarland&nbsp;<strong><a href=\"https:\/\/familie-weitgereist.de\/?p=15408\">Nordmazedonien<\/a><\/strong>. Anschlie\u00dfend bereisten wir <strong><a href=\"https:\/\/familie-weitgereist.de\/?p=15602\">Montenegro<\/a><\/strong>.<\/p>\n\n\n\n<h2 class=\"wp-block-heading\">Anreise<\/h2>\n\n\n\n<p>Wir sind von Montenegro kommend, an der Grenze in der N\u00e4he von Herceg Novi und Plo\u010dice nach Kroatien unkompliziert eingereist.<\/p>\n\n\n\n<p>Da wir 2022 schon einen langen Workation Aufenthalt in Kroatien genie\u00dfen konnten und die K\u00fcste ab Makarska in den Norden bereist haben, sind wir dieses Jahr s\u00fcdlicher in <strong>Dalmatien<\/strong> geblieben. <\/p>\n\n\n\n<p>Unsere Workation Aufenthalte in Kroatien waren in <a href=\"https:\/\/familie-weitgereist.de\/?p=7753\">Makarska<\/a>, auf <a href=\"https:\/\/familie-weitgereist.de\/?p=8147\">Bra\u010d<\/a>, in <a href=\"https:\/\/familie-weitgereist.de\/?p=8255\">Suko\u0161an<\/a>, auf <a href=\"https:\/\/familie-weitgereist.de\/?p=8649\">Rab<\/a> und auf <a href=\"https:\/\/familie-weitgereist.de\/?p=8730\">Krk<\/a>.<\/p>\n\n\n\n<h2 class=\"wp-block-heading\">Kor\u010dula <\/h2>\n\n\n\n<p>Die kleine Insel Kor\u010dula befindet sich in Dalmatien, unweit der Inseln Hvar und Bra\u010d. Die Insel ist sehr gr\u00fcn und es gibt, f\u00fcr Kroatien eher ungew\u00f6hnlich, viele Sandstr\u00e4nde. Besonders unsere beiden Jungs haben das sehr genossen. Kor\u010dula geh\u00f6rt zu den bewaldetsten Inseln Kroatiens. Von dem Ort Orebi\u0107 dauerte die \u00dcberfahrt nur 15 Minuten.<\/p>\n\n\n\n<figure class=\"wp-block-image size-large\"><img loading=\"lazy\" decoding=\"async\" width=\"1024\" height=\"768\" src=\"https:\/\/familie-weitgereist.de\/wp-content\/uploads\/2023\/07\/IMG_20230705_165927-1024x768.jpg\" alt=\"\" class=\"wp-image-15830\" srcset=\"https:\/\/familie-weitgereist.de\/wp-content\/uploads\/2023\/07\/IMG_20230705_165927-1024x768.jpg 1024w, https:\/\/familie-weitgereist.de\/wp-content\/uploads\/2023\/07\/IMG_20230705_165927-300x225.jpg 300w, https:\/\/familie-weitgereist.de\/wp-content\/uploads\/2023\/07\/IMG_20230705_165927-768x576.jpg 768w, https:\/\/familie-weitgereist.de\/wp-content\/uploads\/2023\/07\/IMG_20230705_165927-1536x1152.jpg 1536w, https:\/\/familie-weitgereist.de\/wp-content\/uploads\/2023\/07\/IMG_20230705_165927-2048x1536.jpg 2048w, https:\/\/familie-weitgereist.de\/wp-content\/uploads\/2023\/07\/IMG_20230705_165927-1200x900.jpg 1200w, https:\/\/familie-weitgereist.de\/wp-content\/uploads\/2023\/07\/IMG_20230705_165927-1980x1485.jpg 1980w, https:\/\/familie-weitgereist.de\/wp-content\/uploads\/2023\/07\/IMG_20230705_165927-150x113.jpg 150w\" sizes=\"auto, (max-width: 1024px) 100vw, 1024px\" \/><\/figure>\n\n\n\n<p>Die Geschichte der Insel geht zur\u00fcck auf das 3. Jahrtausend v. Chr. Funde aus den H\u00f6hlen von Vela Spilja in Vela Luka. 600 v. Chr. siedelten Griechen auf der Insel und gaben ihr den Namen &#8222;<strong>Korkyra Melaina<\/strong>&#8222;, was &#8222;Schwarzes Korfu&#8220; bedeutet.<\/p>\n\n\n\n<p>Der <strong>ber\u00fchmte Weltreisende Marco Polo (1254 &#8211; 1324) <\/strong>soll auf der Insel geboren worden sein und gilt als ber\u00fchmtester Einwohner. Sein Geburtshaus kann in Kor\u010dula Stadt als Museum besichtigt werden.<\/p>\n\n\n\n<figure class=\"wp-block-image size-large\"><img loading=\"lazy\" decoding=\"async\" width=\"1024\" height=\"768\" src=\"https:\/\/familie-weitgereist.de\/wp-content\/uploads\/2023\/07\/IMG_20230706_131159-1024x768.jpg\" alt=\"\" class=\"wp-image-15828\" srcset=\"https:\/\/familie-weitgereist.de\/wp-content\/uploads\/2023\/07\/IMG_20230706_131159-1024x768.jpg 1024w, https:\/\/familie-weitgereist.de\/wp-content\/uploads\/2023\/07\/IMG_20230706_131159-300x225.jpg 300w, https:\/\/familie-weitgereist.de\/wp-content\/uploads\/2023\/07\/IMG_20230706_131159-768x576.jpg 768w, https:\/\/familie-weitgereist.de\/wp-content\/uploads\/2023\/07\/IMG_20230706_131159-1536x1152.jpg 1536w, https:\/\/familie-weitgereist.de\/wp-content\/uploads\/2023\/07\/IMG_20230706_131159-2048x1536.jpg 2048w, https:\/\/familie-weitgereist.de\/wp-content\/uploads\/2023\/07\/IMG_20230706_131159-1200x900.jpg 1200w, https:\/\/familie-weitgereist.de\/wp-content\/uploads\/2023\/07\/IMG_20230706_131159-1980x1485.jpg 1980w, https:\/\/familie-weitgereist.de\/wp-content\/uploads\/2023\/07\/IMG_20230706_131159-150x113.jpg 150w\" sizes=\"auto, (max-width: 1024px) 100vw, 1024px\" \/><\/figure>\n\n\n\n<p>Wir sind durch die <strong>Stadt Kor\u010dula<\/strong> gelaufen und sie wird auch als das <strong>kleine Dubrovnik<\/strong> bezeichnet, da sie vier Wehrt\u00fcrme besitzt. Von unserem Parkplatz oberhalb der Stadt hatten wir einen wunderbaren Ausblick. <\/p>\n\n\n\n<figure class=\"wp-block-image size-large\"><img loading=\"lazy\" decoding=\"async\" width=\"1024\" height=\"768\" src=\"https:\/\/familie-weitgereist.de\/wp-content\/uploads\/2023\/07\/IMG_20230706_093719-1024x768.jpg\" alt=\"\" class=\"wp-image-15823\" srcset=\"https:\/\/familie-weitgereist.de\/wp-content\/uploads\/2023\/07\/IMG_20230706_093719-1024x768.jpg 1024w, https:\/\/familie-weitgereist.de\/wp-content\/uploads\/2023\/07\/IMG_20230706_093719-300x225.jpg 300w, https:\/\/familie-weitgereist.de\/wp-content\/uploads\/2023\/07\/IMG_20230706_093719-768x576.jpg 768w, https:\/\/familie-weitgereist.de\/wp-content\/uploads\/2023\/07\/IMG_20230706_093719-1536x1152.jpg 1536w, https:\/\/familie-weitgereist.de\/wp-content\/uploads\/2023\/07\/IMG_20230706_093719-2048x1536.jpg 2048w, https:\/\/familie-weitgereist.de\/wp-content\/uploads\/2023\/07\/IMG_20230706_093719-1200x900.jpg 1200w, https:\/\/familie-weitgereist.de\/wp-content\/uploads\/2023\/07\/IMG_20230706_093719-1980x1485.jpg 1980w, https:\/\/familie-weitgereist.de\/wp-content\/uploads\/2023\/07\/IMG_20230706_093719-150x113.jpg 150w\" sizes=\"auto, (max-width: 1024px) 100vw, 1024px\" \/><\/figure>\n\n\n\n<p>Wir schlenderten entlang der Strandpromenade und der Anblick der Altstadt ist wundersch\u00f6n. <\/p>\n\n\n\n<figure class=\"wp-block-image size-large\"><img loading=\"lazy\" decoding=\"async\" width=\"1024\" height=\"768\" src=\"https:\/\/familie-weitgereist.de\/wp-content\/uploads\/2023\/07\/IMG_20230706_112223-1024x768.jpg\" alt=\"\" class=\"wp-image-15835\" srcset=\"https:\/\/familie-weitgereist.de\/wp-content\/uploads\/2023\/07\/IMG_20230706_112223-1024x768.jpg 1024w, https:\/\/familie-weitgereist.de\/wp-content\/uploads\/2023\/07\/IMG_20230706_112223-300x225.jpg 300w, https:\/\/familie-weitgereist.de\/wp-content\/uploads\/2023\/07\/IMG_20230706_112223-768x576.jpg 768w, https:\/\/familie-weitgereist.de\/wp-content\/uploads\/2023\/07\/IMG_20230706_112223-1536x1152.jpg 1536w, https:\/\/familie-weitgereist.de\/wp-content\/uploads\/2023\/07\/IMG_20230706_112223-2048x1536.jpg 2048w, https:\/\/familie-weitgereist.de\/wp-content\/uploads\/2023\/07\/IMG_20230706_112223-1200x900.jpg 1200w, https:\/\/familie-weitgereist.de\/wp-content\/uploads\/2023\/07\/IMG_20230706_112223-1980x1485.jpg 1980w, https:\/\/familie-weitgereist.de\/wp-content\/uploads\/2023\/07\/IMG_20230706_112223-150x113.jpg 150w\" sizes=\"auto, (max-width: 1024px) 100vw, 1024px\" \/><\/figure>\n\n\n\n<p>Wir lie\u00dfen uns durch die Gassen der mittelalterlichen Stadt treiben. Es gibt mehrere kleine Kirchen und die <strong>Kathedrale Sveti Marko<\/strong>. Um den Glockenturm zu besichtigen muss man 5\u20ac zahlen. Leider d\u00fcrfen Kinder unter 10 Jahren noch hinauf. (<em>Stand Juli 2023<\/em>)<\/p>\n\n\n\n<div id=\"wp-block-themeisle-blocks-slider-69bd3304\" class=\"wp-block-themeisle-blocks-slider glide\" data-per-view=\"1\" data-gap=\"0\" data-peek=\"0\" data-autoplay=\"true\" data-height=\"400px\" data-hide-arrows=\"false\"><div class=\"glide__track\" data-glide-el=\"track\"><div class=\"glide__slides\"><div class=\"wp-block-themeisle-blocks-slider-item-wrapper glide__slide\" tabindex=\"0\"><figure><img decoding=\"async\" class=\"wp-block-themeisle-blocks-slider-item\" src=\"https:\/\/familie-weitgereist.de\/wp-content\/uploads\/2023\/07\/IMG_20230706_133400-scaled.jpg\" alt=\"\" title=\"\" data-id=\"15829\"\/><\/figure><\/div><div class=\"wp-block-themeisle-blocks-slider-item-wrapper glide__slide\" tabindex=\"0\"><figure><img decoding=\"async\" class=\"wp-block-themeisle-blocks-slider-item\" src=\"https:\/\/familie-weitgereist.de\/wp-content\/uploads\/2023\/07\/IMG_20230706_130103-scaled.jpg\" alt=\"\" title=\"\" data-id=\"15832\"\/><\/figure><\/div><div class=\"wp-block-themeisle-blocks-slider-item-wrapper glide__slide\" tabindex=\"0\"><figure><img decoding=\"async\" class=\"wp-block-themeisle-blocks-slider-item\" src=\"https:\/\/familie-weitgereist.de\/wp-content\/uploads\/2023\/07\/IMG_20230706_125712-scaled.jpg\" alt=\"\" title=\"\" data-id=\"15833\"\/><\/figure><\/div><div class=\"wp-block-themeisle-blocks-slider-item-wrapper glide__slide\" tabindex=\"0\"><figure><img decoding=\"async\" class=\"wp-block-themeisle-blocks-slider-item\" src=\"https:\/\/familie-weitgereist.de\/wp-content\/uploads\/2023\/07\/IMG_20230706_121006-scaled.jpg\" alt=\"\" title=\"\" data-id=\"15834\"\/><\/figure><\/div><\/div><div class=\"glide__bullets\" data-glide-el=\"controls[nav]\"><button class=\"glide__bullet\" data-glide-dir=\"=0\"><\/button><button class=\"glide__bullet\" data-glide-dir=\"=1\"><\/button><button class=\"glide__bullet\" data-glide-dir=\"=2\"><\/button><button class=\"glide__bullet\" data-glide-dir=\"=3\"><\/button><\/div><\/div><\/div>\n\n\n\n<p>An der Promenade entlang reihen sich unz\u00e4hlige Restaurants, die alle mit traumhaften Meerblick aufwarten. F\u00fcr jede Preisklasse und jeden Geschmack ist hier etwas dabei.<\/p>\n\n\n\n<figure class=\"wp-block-image size-large is-resized\"><img loading=\"lazy\" decoding=\"async\" width=\"1024\" height=\"768\" src=\"https:\/\/familie-weitgereist.de\/wp-content\/uploads\/2023\/07\/IMG_20230706_125345-1024x768.jpg\" alt=\"\" class=\"wp-image-15837\" style=\"width:382px;height:287px\" srcset=\"https:\/\/familie-weitgereist.de\/wp-content\/uploads\/2023\/07\/IMG_20230706_125345-1024x768.jpg 1024w, https:\/\/familie-weitgereist.de\/wp-content\/uploads\/2023\/07\/IMG_20230706_125345-300x225.jpg 300w, https:\/\/familie-weitgereist.de\/wp-content\/uploads\/2023\/07\/IMG_20230706_125345-768x576.jpg 768w, https:\/\/familie-weitgereist.de\/wp-content\/uploads\/2023\/07\/IMG_20230706_125345-1536x1152.jpg 1536w, https:\/\/familie-weitgereist.de\/wp-content\/uploads\/2023\/07\/IMG_20230706_125345-2048x1536.jpg 2048w, https:\/\/familie-weitgereist.de\/wp-content\/uploads\/2023\/07\/IMG_20230706_125345-1200x900.jpg 1200w, https:\/\/familie-weitgereist.de\/wp-content\/uploads\/2023\/07\/IMG_20230706_125345-1980x1485.jpg 1980w, https:\/\/familie-weitgereist.de\/wp-content\/uploads\/2023\/07\/IMG_20230706_125345-150x113.jpg 150w\" sizes=\"auto, (max-width: 1024px) 100vw, 1024px\" \/><\/figure>\n\n\n\n<h2 class=\"wp-block-heading\">Die Halbinsel Pelje\u0161ac <\/h2>\n\n\n\n<p>Die Halbinsel Pelje\u0161ac ist nach Istrien die zweitgr\u00f6\u00dfte Halbinsel Kroatiens. Die Halbinsel ist ca. 7 km breit und somit eher schmal. Sie zeichnet sich aus durch gr\u00fcne Vegetation, Olivenhaine und einem hohen Gebirgszug. Seit 2022 kann verbindet die <strong>Pelje\u0161ki Br\u00fccke<\/strong> die Halbinsel mit dem Festland. Dadurch muss der bosnische Grenz\u00fcbergang von und nach Dubrovnik nicht mehr zwingend \u00fcberquert werden. <\/p>\n\n\n\n<figure class=\"wp-block-image size-large\"><img loading=\"lazy\" decoding=\"async\" width=\"1024\" height=\"576\" src=\"https:\/\/familie-weitgereist.de\/wp-content\/uploads\/2023\/07\/IMG_20230705_204331_999-1024x576.jpg\" alt=\"\" class=\"wp-image-15790\" srcset=\"https:\/\/familie-weitgereist.de\/wp-content\/uploads\/2023\/07\/IMG_20230705_204331_999-1024x576.jpg 1024w, https:\/\/familie-weitgereist.de\/wp-content\/uploads\/2023\/07\/IMG_20230705_204331_999-300x169.jpg 300w, https:\/\/familie-weitgereist.de\/wp-content\/uploads\/2023\/07\/IMG_20230705_204331_999-768x432.jpg 768w, https:\/\/familie-weitgereist.de\/wp-content\/uploads\/2023\/07\/IMG_20230705_204331_999-1200x675.jpg 1200w, https:\/\/familie-weitgereist.de\/wp-content\/uploads\/2023\/07\/IMG_20230705_204331_999-150x84.jpg 150w, https:\/\/familie-weitgereist.de\/wp-content\/uploads\/2023\/07\/IMG_20230705_204331_999.jpg 1280w\" sizes=\"auto, (max-width: 1024px) 100vw, 1024px\" \/><figcaption class=\"wp-element-caption\">Pelje\u0161ki Br\u00fccke<\/figcaption><\/figure>\n\n\n\n<h2 class=\"wp-block-heading\">Prevlaka<\/h2>\n\n\n\n<p>Der s\u00fcdlichste Punkt von Kroatien ist Prevlaka. Wir haben dort eine Nacht verbracht. Es ist so sch\u00f6n da. Das Meer ist im Sommer angenehm warm und die Aussicht auf Montenegro sehr sch\u00f6n. Wir konnten auch den Grenz\u00fcbergang am Berg sehen.<\/p>\n\n\n\n<p>Nach dem Krieg in Kroatien von 1991 &#8211; 1995 wurde die Grenze einvernehmlich mit Montenegro wieder hergestellt, wie vor dem Krieg. Die Halbinsel hat eine strategisch gute Lage vor der Bucht von Kotor und war ein Milit\u00e4rst\u00fctzpunkt der jugoslawischen Volksarmee. Eine Festung befindet sich am s\u00fcdlichsten Punkt.<\/p>\n\n\n\n<figure class=\"wp-block-image size-large\"><img loading=\"lazy\" decoding=\"async\" width=\"1024\" height=\"768\" src=\"https:\/\/familie-weitgereist.de\/wp-content\/uploads\/2023\/07\/IMG_20230705_092800-1024x768.jpg\" alt=\"\" class=\"wp-image-15797\" srcset=\"https:\/\/familie-weitgereist.de\/wp-content\/uploads\/2023\/07\/IMG_20230705_092800-1024x768.jpg 1024w, https:\/\/familie-weitgereist.de\/wp-content\/uploads\/2023\/07\/IMG_20230705_092800-300x225.jpg 300w, https:\/\/familie-weitgereist.de\/wp-content\/uploads\/2023\/07\/IMG_20230705_092800-768x576.jpg 768w, https:\/\/familie-weitgereist.de\/wp-content\/uploads\/2023\/07\/IMG_20230705_092800-1536x1152.jpg 1536w, https:\/\/familie-weitgereist.de\/wp-content\/uploads\/2023\/07\/IMG_20230705_092800-2048x1536.jpg 2048w, https:\/\/familie-weitgereist.de\/wp-content\/uploads\/2023\/07\/IMG_20230705_092800-1200x900.jpg 1200w, https:\/\/familie-weitgereist.de\/wp-content\/uploads\/2023\/07\/IMG_20230705_092800-1980x1485.jpg 1980w, https:\/\/familie-weitgereist.de\/wp-content\/uploads\/2023\/07\/IMG_20230705_092800-150x113.jpg 150w\" sizes=\"auto, (max-width: 1024px) 100vw, 1024px\" \/><figcaption class=\"wp-element-caption\">Am s\u00fcdlichsten Punkt in Kroatien <\/figcaption><\/figure>\n","protected":false},"excerpt":{"rendered":"<p>Ab November 2022 haben wir unsere Elternzeit genutzt um mit unserem&nbsp;VW T6&nbsp;durch Europa zu reisen. Unsere Reise startete in&nbsp;Deutschland, f\u00fchrte anschlie\u00dfend weiter nach&nbsp;Luxemburg,&nbsp;Frankreich,&nbsp;Andorra, auf die&nbsp;balearischen Inseln,&nbsp;Gibraltar,&nbsp;Spanien,&nbsp;Portugal,&nbsp;La&nbsp;Gomera,&nbsp;Teneriffa&nbsp;und&nbsp;Gran Canaria. Um wieder in den Norden zu gelangen, unternahmen wir einen kleinen&nbsp;Roadtrip&nbsp;durch Spanien. Anschlie\u00dfend bereisten wir Italien. Wir starteten auf der wundersch\u00f6nen Insel&nbsp;Sardinien&nbsp;und reisten weiter nach&nbsp;Sizilien. Von Pozzallo auf [&hellip;]<\/p>\n","protected":false},"author":3,"featured_media":15835,"comment_status":"open","ping_status":"open","sticky":false,"template":"","format":"standard","meta":{"_themeisle_gutenberg_block_has_review":false,"footnotes":""},"categories":[270,8,4,377],"tags":[1077,184,1076,1078],"class_list":["post-15773","post","type-post","status-publish","format-standard","has-post-thumbnail","hentry","category-kroatien","category-europa","category-laender","category-spielplaetze","tag-korcula","tag-kroatien","tag-peljesac","tag-prevlaka"],"_links":{"self":[{"href":"https:\/\/familie-weitgereist.de\/index.php?rest_route=\/wp\/v2\/posts\/15773","targetHints":{"allow":["GET"]}}],"collection":[{"href":"https:\/\/familie-weitgereist.de\/index.php?rest_route=\/wp\/v2\/posts"}],"about":[{"href":"https:\/\/familie-weitgereist.de\/index.php?rest_route=\/wp\/v2\/types\/post"}],"author":[{"embeddable":true,"href":"https:\/\/familie-weitgereist.de\/index.php?rest_route=\/wp\/v2\/users\/3"}],"replies":[{"embeddable":true,"href":"https:\/\/familie-weitgereist.de\/index.php?rest_route=%2Fwp%2Fv2%2Fcomments&post=15773"}],"version-history":[{"count":42,"href":"https:\/\/familie-weitgereist.de\/index.php?rest_route=\/wp\/v2\/posts\/15773\/revisions"}],"predecessor-version":[{"id":23424,"href":"https:\/\/familie-weitgereist.de\/index.php?rest_route=\/wp\/v2\/posts\/15773\/revisions\/23424"}],"wp:featuredmedia":[{"embeddable":true,"href":"https:\/\/familie-weitgereist.de\/index.php?rest_route=\/wp\/v2\/media\/15835"}],"wp:attachment":[{"href":"https:\/\/familie-weitgereist.de\/index.php?rest_route=%2Fwp%2Fv2%2Fmedia&parent=15773"}],"wp:term":[{"taxonomy":"category","embeddable":true,"href":"https:\/\/familie-weitgereist.de\/index.php?rest_route=%2Fwp%2Fv2%2Fcategories&post=15773"},{"taxonomy":"post_tag","embeddable":true,"href":"https:\/\/familie-weitgereist.de\/index.php?rest_route=%2Fwp%2Fv2%2Ftags&post=15773"}],"curies":[{"name":"wp","href":"https:\/\/api.w.org\/{rel}","templated":true}]}}