{"id":15602,"date":"2023-06-28T20:57:53","date_gmt":"2023-06-28T18:57:53","guid":{"rendered":"https:\/\/familie-weitgereist.de\/?p=15602"},"modified":"2025-10-07T23:05:47","modified_gmt":"2025-10-07T21:05:47","slug":"europareise-roadtrip-montenegro-mit-kleinkind-und-baby","status":"publish","type":"post","link":"https:\/\/familie-weitgereist.de\/?p=15602","title":{"rendered":"Europareise Roadtrip &#8211; Montenegro mit Kleinkind und Baby"},"content":{"rendered":"\n<p>Ab November 2022 haben wir unsere Elternzeit genutzt um mit unserem&nbsp;<strong>VW T6&nbsp;<\/strong>durch Europa zu reisen. Unsere Reise startete in&nbsp;<strong><a href=\"https:\/\/familie-weitgereist.de\/?p=11288\">Deutschland<\/a><\/strong>, f\u00fchrte anschlie\u00dfend weiter nach&nbsp;<strong><a href=\"https:\/\/familie-weitgereist.de\/?p=11342\">Luxemburg<\/a><\/strong>,&nbsp;<strong><a href=\"https:\/\/familie-weitgereist.de\/?p=11397\">Frankreich<\/a><\/strong>,&nbsp;<strong><a href=\"https:\/\/familie-weitgereist.de\/?p=11799\">Andorra<\/a><\/strong>, auf die&nbsp;<strong><a href=\"https:\/\/familie-weitgereist.de\/?p=12081\">balearischen Inseln<\/a><\/strong>,&nbsp;<strong><a href=\"https:\/\/familie-weitgereist.de\/?p=12528\">Gibraltar<\/a><\/strong>,&nbsp;<a href=\"https:\/\/familie-weitgereist.de\/?p=12073\"><strong>Spanien<\/strong><\/a>,&nbsp;<a href=\"https:\/\/familie-weitgereist.de\/?p=12700\"><strong>Portugal<\/strong><\/a>,&nbsp;<a href=\"https:\/\/familie-weitgereist.de\/?p=12861\"><strong>La<\/strong>&nbsp;<strong>Gomera<\/strong><\/a>,&nbsp;<strong><a href=\"https:\/\/familie-weitgereist.de\/?p=13024\">Teneriffa<\/a><\/strong>&nbsp;und&nbsp;<strong><a href=\"https:\/\/familie-weitgereist.de\/?p=13365\">Gran Canaria<\/a><\/strong>. Um wieder in den Norden zu gelangen, unternahmen wir einen kleinen&nbsp;<a href=\"https:\/\/familie-weitgereist.de\/?p=14008\"><strong>Roadtrip<\/strong>&nbsp;<strong>durch Spanien<\/strong><\/a>. Anschlie\u00dfend bereisten wir Italien. Wir starteten auf der wundersch\u00f6nen Insel&nbsp;<strong><a href=\"https:\/\/familie-weitgereist.de\/?p=14061\">Sardinien<\/a><\/strong>&nbsp;und reisten weiter nach&nbsp;<strong><a href=\"https:\/\/familie-weitgereist.de\/?p=14195\">Sizilien<\/a><\/strong>. Von Pozzallo auf Sizilien reisten wir nach&nbsp;<strong><a href=\"https:\/\/familie-weitgereist.de\/?p=14503\">Malta<\/a><\/strong>&nbsp;mit der F\u00e4hre. Anschlie\u00dfend bereisten wir&nbsp;<strong><a href=\"https:\/\/familie-weitgereist.de\/?p=14950\">S\u00fcditalien<\/a><\/strong>. Von Brindisi in Italien nahmen wir die F\u00e4hre nach Igoumenitsa in&nbsp;<strong><a href=\"https:\/\/familie-weitgereist.de\/?p=15058\">Griechenland<\/a><\/strong>. Von dort reisen wir weiter in den Norden nach&nbsp;<strong><a href=\"https:\/\/familie-weitgereist.de\/?p=15335\">Albanien<\/a><\/strong> und besuchten ebenso das Nachbarland <strong><a href=\"https:\/\/familie-weitgereist.de\/?p=15408\">Nordmazedonien<\/a><\/strong>.<\/p>\n\n\n\n<figure class=\"wp-block-embed is-type-video is-provider-youtube wp-block-embed-youtube wp-embed-aspect-16-9 wp-has-aspect-ratio\"><div class=\"wp-block-embed__wrapper\">\n<iframe loading=\"lazy\" title=\"ROADTRIP EUROPA 2022\/2023 - Woche #33\" width=\"580\" height=\"326\" src=\"https:\/\/www.youtube.com\/embed\/DYEqm0U__n8?feature=oembed\" frameborder=\"0\" allow=\"accelerometer; autoplay; clipboard-write; encrypted-media; gyroscope; picture-in-picture; web-share\" referrerpolicy=\"strict-origin-when-cross-origin\" allowfullscreen><\/iframe>\n<\/div><\/figure>\n\n\n\n<h2 class=\"wp-block-heading\">Anreise<\/h2>\n\n\n\n<p>Wir sind mit unserem Camper \u00fcber die kleine Grenze Vermosh und Guci gefahren. Die Grenzkontrollen verliefen problemlos und die kleinen Grenzh\u00e4uschen liegen idyllisch in den Bergen.<\/p>\n\n\n\n<figure class=\"wp-block-image size-large\"><img loading=\"lazy\" decoding=\"async\" width=\"1024\" height=\"768\" src=\"https:\/\/familie-weitgereist.de\/wp-content\/uploads\/2023\/06\/IMG_20230627_131438-1024x768.jpg\" alt=\"\" class=\"wp-image-15605\" srcset=\"https:\/\/familie-weitgereist.de\/wp-content\/uploads\/2023\/06\/IMG_20230627_131438-1024x768.jpg 1024w, https:\/\/familie-weitgereist.de\/wp-content\/uploads\/2023\/06\/IMG_20230627_131438-300x225.jpg 300w, https:\/\/familie-weitgereist.de\/wp-content\/uploads\/2023\/06\/IMG_20230627_131438-768x576.jpg 768w, https:\/\/familie-weitgereist.de\/wp-content\/uploads\/2023\/06\/IMG_20230627_131438-1536x1152.jpg 1536w, https:\/\/familie-weitgereist.de\/wp-content\/uploads\/2023\/06\/IMG_20230627_131438-2048x1536.jpg 2048w, https:\/\/familie-weitgereist.de\/wp-content\/uploads\/2023\/06\/IMG_20230627_131438-1200x900.jpg 1200w, https:\/\/familie-weitgereist.de\/wp-content\/uploads\/2023\/06\/IMG_20230627_131438-1980x1485.jpg 1980w, https:\/\/familie-weitgereist.de\/wp-content\/uploads\/2023\/06\/IMG_20230627_131438-150x113.jpg 150w\" sizes=\"auto, (max-width: 1024px) 100vw, 1024px\" \/><figcaption class=\"wp-element-caption\">Grenzhaus in Vermosh, Albanien<\/figcaption><\/figure>\n\n\n\n<h2 class=\"wp-block-heading\">Allgemeine Informationen <\/h2>\n\n\n\n<p>Montenegro bedeutet \u00fcbersetzt &#8222;Schwarzer Berg&#8220; und in der Landessprache hei\u00dft es &#8222;<strong><em>Crna Gora<\/em><\/strong>&#8222;. <\/p>\n\n\n\n<p>Montenegro ist ein sehr junger Staat, denn erst 2006 wurde das Land unabh\u00e4ngig. <\/p>\n\n\n\n<p>In Montenegro ist das Zahlungsmittel der Euro. <\/p>\n\n\n\n<p>Der Staat ist fl\u00e4chen- und einwohnerm\u00e4\u00dfig ein sehr kleines Land. Auf einer Fl\u00e4che von 13.812 km\u00b2 leben ca. 621.000 Menschen. <\/p>\n\n\n\n<p>Podgorica ist die Hauptstadt. Das Land ist sehr bergig. Im Durmitor Nationalpark befinden sich 48 Gipfel \u00fcber 2000m. Zudem gibt es eine wundersch\u00f6ne Adriak\u00fcste mit traumhaften St\u00e4dten wie Budva und Kotor. <\/p>\n\n\n\n<h2 class=\"wp-block-heading\">Bucht von Kotor und K\u00fcste <\/h2>\n\n\n\n<p>Kotor liegt an der Bucht von Kotor, an der montenegrinischen K\u00fcste. Wir haben uns an der K\u00fcste von Montenegro etwas treiben lassen. Jedoch war es f\u00fcr uns zu \u00fcberf\u00fcllt. Da wir in der Hauptsaison, im Juli an der K\u00fcste waren, war es dementsprechend voll. In Kotor und Budva haben wir keinen Parkplatz bekommen und die Parkplatzbetr\u00fcger sind \u00fcberall zu finden. Davon waren wir sehr genervt, sodass wir die Touristen Hotspots ausgelassen haben und nur durch gefahren sind. <\/p>\n\n\n\n<p>Der Ausblick auf die Bucht von Kotor ist wundersch\u00f6n und in der Nebensaison bestimmt viel toller. Die Kreuzfahrtschiffe liegen ebenfalls immer im Hafen.<\/p>\n\n\n\n<figure class=\"wp-block-image size-large\"><img loading=\"lazy\" decoding=\"async\" width=\"1024\" height=\"768\" src=\"https:\/\/familie-weitgereist.de\/wp-content\/uploads\/2023\/07\/IMG_20230704_130501-1024x768.jpg\" alt=\"\" class=\"wp-image-15762\" srcset=\"https:\/\/familie-weitgereist.de\/wp-content\/uploads\/2023\/07\/IMG_20230704_130501-1024x768.jpg 1024w, https:\/\/familie-weitgereist.de\/wp-content\/uploads\/2023\/07\/IMG_20230704_130501-300x225.jpg 300w, https:\/\/familie-weitgereist.de\/wp-content\/uploads\/2023\/07\/IMG_20230704_130501-768x576.jpg 768w, https:\/\/familie-weitgereist.de\/wp-content\/uploads\/2023\/07\/IMG_20230704_130501-1536x1152.jpg 1536w, https:\/\/familie-weitgereist.de\/wp-content\/uploads\/2023\/07\/IMG_20230704_130501-2048x1536.jpg 2048w, https:\/\/familie-weitgereist.de\/wp-content\/uploads\/2023\/07\/IMG_20230704_130501-1200x900.jpg 1200w, https:\/\/familie-weitgereist.de\/wp-content\/uploads\/2023\/07\/IMG_20230704_130501-1980x1485.jpg 1980w, https:\/\/familie-weitgereist.de\/wp-content\/uploads\/2023\/07\/IMG_20230704_130501-150x113.jpg 150w\" sizes=\"auto, (max-width: 1024px) 100vw, 1024px\" \/><figcaption class=\"wp-element-caption\">Bucht von Kotor<\/figcaption><\/figure>\n\n\n\n<p>2013 haben wir eine Backpacker Reise durch Montenegro unternommen und waren in <strong><a href=\"https:\/\/familie-weitgereist.de\/?p=1026\">Sutomore<\/a><\/strong>, <strong><a href=\"https:\/\/familie-weitgereist.de\/?p=1025\">Budva<\/a><\/strong> und <strong><a href=\"https:\/\/familie-weitgereist.de\/?p=1024\">Kotor<\/a><\/strong>.<\/p>\n\n\n\n<h2 class=\"wp-block-heading\">Burg Bar <\/h2>\n\n\n\n<p>Wir besichtigten die Burg in Bar, einer kleinen Stadt an der S\u00fcdk\u00fcste in Montenegro. Die alte Festungsstadt <strong><em>Stari Bar<\/em><\/strong> liegt oberhalb der Neustadt Bar. <\/p>\n\n\n\n<p>Im Hintergrund der Festung liegt das <strong>Gebirge Rumija<\/strong>. Die uralte Stadt wurde bereits vor 2000 Jahren gegr\u00fcndet und hatte bis zu 4000 Einwohner. Heute sind davon nur noch \u00dcberreste \u00fcbrig. An einigen Ruinen ist es mittels einer App m\u00f6glich, den urspr\u00fcnglichen Zustand der Geb\u00e4ude zu sehen. Das ist wirklich gut gemacht.<\/p>\n\n\n\n<p>Im 9. Jahrhundert siedelten die R\u00f6mer in diesem Gebiet. Die Stadt nannte sich &#8222;Antibarium&#8220;, was so viel wie &#8218;gegen\u00fcber von Bari&#8216; (in Italien) bedeuten k\u00f6nnte. Anschlie\u00dfend kamen die Byzantiner. Die heute zu sehende Festungsanlage stammt aus der venezianischen Zeit von 1443 bis 1571. Selbst die T\u00fcrken regierten Bar. Im Unabh\u00e4ngigkeitskrieg von 1878 wurde Bar zerst\u00f6rt. 1979 ersch\u00fctterte ein schweres Erdbeben Bar und die alte Stadt wurde schlie\u00dflich aufgegeben. Die Neustadt <strong>Novi Bar<\/strong> wurde erbaut, in typischer Plattenbauweise. <\/p>\n\n\n\n<p>Stari Bar ist heute sehr touristisch. Es gibt in dem kleinen Altstadtbereich viele Restaurants, Souvenirshops und oberhalb die Festung.<\/p>\n\n\n\n<p>Es gibt einige kostenfreie Parkpl\u00e4tze in Stari Bar, die jedoch von Betr\u00fcgern als Privatparkpl\u00e4tze angepriesen werden und daf\u00fcr verlangen sie einen ziemlich hohen Preis, von 2\u20ac &#8211; 10\u20ac die Stunde haben wir alles geh\u00f6rt. Wir drehten um und parkten unser Auto 2km unterhalb der Festung.<\/p>\n\n\n\n<div id=\"wp-block-themeisle-blocks-slider-e028755f\" class=\"wp-block-themeisle-blocks-slider glide\" data-per-view=\"1\" data-gap=\"0\" data-peek=\"0\" data-autoplay=\"true\" data-height=\"400px\" data-hide-arrows=\"false\"><div class=\"glide__track\" data-glide-el=\"track\"><div class=\"glide__slides\"><div class=\"wp-block-themeisle-blocks-slider-item-wrapper glide__slide\" tabindex=\"0\"><figure><img decoding=\"async\" class=\"wp-block-themeisle-blocks-slider-item\" src=\"https:\/\/familie-weitgereist.de\/wp-content\/uploads\/2023\/07\/IMG_20230702_133226-scaled.jpg\" alt=\"\" title=\"\" data-id=\"15708\"\/><\/figure><\/div><div class=\"wp-block-themeisle-blocks-slider-item-wrapper glide__slide\" tabindex=\"0\"><figure><img decoding=\"async\" class=\"wp-block-themeisle-blocks-slider-item\" src=\"https:\/\/familie-weitgereist.de\/wp-content\/uploads\/2023\/07\/IMG_20230702_132315-scaled.jpg\" alt=\"\" title=\"\" data-id=\"15709\"\/><\/figure><\/div><div class=\"wp-block-themeisle-blocks-slider-item-wrapper glide__slide\" tabindex=\"0\"><figure><img decoding=\"async\" class=\"wp-block-themeisle-blocks-slider-item\" src=\"https:\/\/familie-weitgereist.de\/wp-content\/uploads\/2023\/07\/IMG_20230702_131910-scaled.jpg\" alt=\"\" title=\"\" data-id=\"15710\"\/><\/figure><\/div><div class=\"wp-block-themeisle-blocks-slider-item-wrapper glide__slide\" tabindex=\"0\"><figure><img decoding=\"async\" class=\"wp-block-themeisle-blocks-slider-item\" src=\"https:\/\/familie-weitgereist.de\/wp-content\/uploads\/2023\/07\/IMG_20230702_125217-scaled.jpg\" alt=\"\" title=\"\" data-id=\"15711\"\/><\/figure><\/div><\/div><div class=\"glide__bullets\" data-glide-el=\"controls[nav]\"><button class=\"glide__bullet\" data-glide-dir=\"=0\"><\/button><button class=\"glide__bullet\" data-glide-dir=\"=1\"><\/button><button class=\"glide__bullet\" data-glide-dir=\"=2\"><\/button><button class=\"glide__bullet\" data-glide-dir=\"=3\"><\/button><\/div><\/div><\/div>\n\n\n\n<h2 class=\"wp-block-heading\">Durmitor Nationalpark <\/h2>\n\n\n\n<p>Der Durmitor Nationalpark befindet sich im Norden von Montenegro und ist ein unglaublich <strong>beeindruckendes Bergmassiv<\/strong>. 1952 wurde der Nationalpark gegr\u00fcndet und seit 1980 geh\u00f6rt er zum UNESCO Welterbe. Es gibt 48 Berggipfel, die \u00fcber 2000m hoch sind. Im Nationalpark befinden sich tiefe Schluchten, glasklare Bergseen und hohe Berge. Ein Traum f\u00fcr alle Naturliebhaber! Im Sommer l\u00e4sst es sich hier gut wandern, im Winter wird Ski gefahren. Die Aussichten auf die Berge sind atemberaubend! <\/p>\n\n\n\n<figure class=\"wp-block-image size-large\"><img loading=\"lazy\" decoding=\"async\" width=\"1024\" height=\"768\" src=\"https:\/\/familie-weitgereist.de\/wp-content\/uploads\/2023\/06\/IMG_20230630_121831-1024x768.jpg\" alt=\"\" class=\"wp-image-15624\" srcset=\"https:\/\/familie-weitgereist.de\/wp-content\/uploads\/2023\/06\/IMG_20230630_121831-1024x768.jpg 1024w, https:\/\/familie-weitgereist.de\/wp-content\/uploads\/2023\/06\/IMG_20230630_121831-300x225.jpg 300w, https:\/\/familie-weitgereist.de\/wp-content\/uploads\/2023\/06\/IMG_20230630_121831-768x576.jpg 768w, https:\/\/familie-weitgereist.de\/wp-content\/uploads\/2023\/06\/IMG_20230630_121831-1536x1152.jpg 1536w, https:\/\/familie-weitgereist.de\/wp-content\/uploads\/2023\/06\/IMG_20230630_121831-2048x1536.jpg 2048w, https:\/\/familie-weitgereist.de\/wp-content\/uploads\/2023\/06\/IMG_20230630_121831-1200x900.jpg 1200w, https:\/\/familie-weitgereist.de\/wp-content\/uploads\/2023\/06\/IMG_20230630_121831-1980x1485.jpg 1980w, https:\/\/familie-weitgereist.de\/wp-content\/uploads\/2023\/06\/IMG_20230630_121831-150x113.jpg 150w\" sizes=\"auto, (max-width: 1024px) 100vw, 1024px\" \/><figcaption class=\"wp-element-caption\">Aussicht vom Gipfel Savin Kuk<\/figcaption><\/figure>\n\n\n\n<h2 class=\"wp-block-heading\">Auf den Gipfel Savin Kuk<\/h2>\n\n\n\n<p>Die Fahrt mit dem Sessellift auf den Savin Kuk war ein absolutes Highlight! Wir sind vom kleinen Ort <strong>Virak<\/strong> gestartet. Dort parkten wir unser Auto direkt vor dem Lift gratis. Im Ort und im gesamten Nationalparkgebiet stehen sehr vereinzelt kleine Ferienh\u00e4user. Durch die gro\u00dfe Entfernung zum Nachbarhaus kann man sich hier allein in der Natur f\u00fchlen. <\/p>\n\n\n\n<figure class=\"wp-block-image size-large\"><img loading=\"lazy\" decoding=\"async\" width=\"1024\" height=\"768\" src=\"https:\/\/familie-weitgereist.de\/wp-content\/uploads\/2023\/07\/IMG_20230629_163651-1024x768.jpg\" alt=\"\" class=\"wp-image-15686\" srcset=\"https:\/\/familie-weitgereist.de\/wp-content\/uploads\/2023\/07\/IMG_20230629_163651-1024x768.jpg 1024w, https:\/\/familie-weitgereist.de\/wp-content\/uploads\/2023\/07\/IMG_20230629_163651-300x225.jpg 300w, https:\/\/familie-weitgereist.de\/wp-content\/uploads\/2023\/07\/IMG_20230629_163651-768x576.jpg 768w, https:\/\/familie-weitgereist.de\/wp-content\/uploads\/2023\/07\/IMG_20230629_163651-1536x1152.jpg 1536w, https:\/\/familie-weitgereist.de\/wp-content\/uploads\/2023\/07\/IMG_20230629_163651-2048x1536.jpg 2048w, https:\/\/familie-weitgereist.de\/wp-content\/uploads\/2023\/07\/IMG_20230629_163651-1200x900.jpg 1200w, https:\/\/familie-weitgereist.de\/wp-content\/uploads\/2023\/07\/IMG_20230629_163651-1980x1485.jpg 1980w, https:\/\/familie-weitgereist.de\/wp-content\/uploads\/2023\/07\/IMG_20230629_163651-150x113.jpg 150w\" sizes=\"auto, (max-width: 1024px) 100vw, 1024px\" \/><figcaption class=\"wp-element-caption\">Virak<\/figcaption><\/figure>\n\n\n\n<p>Um auf dem Savin Kuk zu gelangen, haben wir <strong>zwei Sessellifte <\/strong>genommen. Der erste Lift f\u00fchrte uns in 16 Minuten zur Mittelstation. Von dort wechselten wir in den zweiten Lift, der an einem sehr steilen Felsgang hinauf geht. Dieser f\u00fchrte uns in 5 Minuten nahezu zum Gipfel hinauf. <\/p>\n\n\n\n<p>Wir zahlten 10\u20ac f\u00fcr eine Berg- und Talfahrt. Unsere Kinder zahlten nichts. (<em>Stand Juni 2023<\/em>)<\/p>\n\n\n\n<div id=\"wp-block-themeisle-blocks-slider-0ec2a961\" class=\"wp-block-themeisle-blocks-slider glide\" data-per-view=\"1\" data-gap=\"0\" data-peek=\"0\" data-autoplay=\"true\" data-height=\"400px\" data-hide-arrows=\"false\"><div class=\"glide__track\" data-glide-el=\"track\"><div class=\"glide__slides\"><div class=\"wp-block-themeisle-blocks-slider-item-wrapper glide__slide\" tabindex=\"0\"><figure><img decoding=\"async\" class=\"wp-block-themeisle-blocks-slider-item\" src=\"https:\/\/familie-weitgereist.de\/wp-content\/uploads\/2023\/06\/IMG_20230630_105641-scaled.jpg\" alt=\"\" title=\"\" data-id=\"15632\"\/><\/figure><\/div><div class=\"wp-block-themeisle-blocks-slider-item-wrapper glide__slide\" tabindex=\"0\"><figure><img decoding=\"async\" class=\"wp-block-themeisle-blocks-slider-item\" src=\"https:\/\/familie-weitgereist.de\/wp-content\/uploads\/2023\/06\/IMG_20230630_104925-scaled.jpg\" alt=\"\" title=\"\" data-id=\"15635\"\/><\/figure><\/div><\/div><div class=\"glide__bullets\" data-glide-el=\"controls[nav]\"><button class=\"glide__bullet\" data-glide-dir=\"=0\"><\/button><button class=\"glide__bullet\" data-glide-dir=\"=1\"><\/button><\/div><\/div><\/div>\n\n\n\n<div id=\"wp-block-themeisle-blocks-slider-85da28cb\" class=\"wp-block-themeisle-blocks-slider glide\" data-per-view=\"1\" data-gap=\"0\" data-peek=\"0\" data-autoplay=\"true\" data-height=\"400px\" data-hide-arrows=\"false\"><div class=\"glide__track\" data-glide-el=\"track\"><div class=\"glide__slides\"><div class=\"wp-block-themeisle-blocks-slider-item-wrapper glide__slide\" tabindex=\"0\"><figure><img decoding=\"async\" class=\"wp-block-themeisle-blocks-slider-item\" src=\"https:\/\/familie-weitgereist.de\/wp-content\/uploads\/2023\/06\/IMG_20230630_132410-scaled.jpg\" alt=\"\" title=\"\" data-id=\"15631\"\/><\/figure><\/div><div class=\"wp-block-themeisle-blocks-slider-item-wrapper glide__slide\" tabindex=\"0\"><figure><img decoding=\"async\" class=\"wp-block-themeisle-blocks-slider-item\" src=\"https:\/\/familie-weitgereist.de\/wp-content\/uploads\/2023\/06\/IMG_20230630_132100-scaled.jpg\" alt=\"\" title=\"\" data-id=\"15634\"\/><\/figure><\/div><div class=\"wp-block-themeisle-blocks-slider-item-wrapper glide__slide\" tabindex=\"0\"><figure><img decoding=\"async\" class=\"wp-block-themeisle-blocks-slider-item\" src=\"https:\/\/familie-weitgereist.de\/wp-content\/uploads\/2023\/06\/IMG_20230630_130930-scaled.jpg\" alt=\"\" title=\"\" data-id=\"15636\"\/><\/figure><\/div><\/div><div class=\"glide__bullets\" data-glide-el=\"controls[nav]\"><button class=\"glide__bullet\" data-glide-dir=\"=0\"><\/button><button class=\"glide__bullet\" data-glide-dir=\"=1\"><\/button><button class=\"glide__bullet\" data-glide-dir=\"=2\"><\/button><\/div><\/div><\/div>\n\n\n\n<p>Die zwei Sessellifte brachten uns auf etwa 1900m. Von dort gingen wir zu Fu\u00df weiter. Wir bewunderten die Berge und besonders toll fanden wir den Schnee.<\/p>\n\n\n\n<figure class=\"wp-block-image size-large\"><img loading=\"lazy\" decoding=\"async\" width=\"768\" height=\"1024\" src=\"https:\/\/familie-weitgereist.de\/wp-content\/uploads\/2023\/06\/IMG_20230630_125502-768x1024.jpg\" alt=\"\" class=\"wp-image-15640\" srcset=\"https:\/\/familie-weitgereist.de\/wp-content\/uploads\/2023\/06\/IMG_20230630_125502-768x1024.jpg 768w, https:\/\/familie-weitgereist.de\/wp-content\/uploads\/2023\/06\/IMG_20230630_125502-225x300.jpg 225w, https:\/\/familie-weitgereist.de\/wp-content\/uploads\/2023\/06\/IMG_20230630_125502-1152x1536.jpg 1152w, https:\/\/familie-weitgereist.de\/wp-content\/uploads\/2023\/06\/IMG_20230630_125502-1536x2048.jpg 1536w, https:\/\/familie-weitgereist.de\/wp-content\/uploads\/2023\/06\/IMG_20230630_125502-1200x1600.jpg 1200w, https:\/\/familie-weitgereist.de\/wp-content\/uploads\/2023\/06\/IMG_20230630_125502-1980x2640.jpg 1980w, https:\/\/familie-weitgereist.de\/wp-content\/uploads\/2023\/06\/IMG_20230630_125502-640x853.jpg 640w, https:\/\/familie-weitgereist.de\/wp-content\/uploads\/2023\/06\/IMG_20230630_125502-150x200.jpg 150w, https:\/\/familie-weitgereist.de\/wp-content\/uploads\/2023\/06\/IMG_20230630_125502-scaled.jpg 1920w\" sizes=\"auto, (max-width: 768px) 100vw, 768px\" \/><\/figure>\n\n\n\n<p>Von oben bieten sich ph\u00e4nomenale Blicke auf die umliegenden 2000er und den <strong>Crno Jezero, den Schwarzen See<\/strong>. <\/p>\n\n\n\n<div id=\"wp-block-themeisle-blocks-slider-45447add\" class=\"wp-block-themeisle-blocks-slider glide\" data-per-view=\"1\" data-gap=\"0\" data-peek=\"0\" data-autoplay=\"true\" data-height=\"400px\" data-hide-arrows=\"false\"><div class=\"glide__track\" data-glide-el=\"track\"><div class=\"glide__slides\"><div class=\"wp-block-themeisle-blocks-slider-item-wrapper glide__slide\" tabindex=\"0\"><figure><img decoding=\"async\" class=\"wp-block-themeisle-blocks-slider-item\" src=\"https:\/\/familie-weitgereist.de\/wp-content\/uploads\/2023\/06\/IMG_20230630_121038-scaled.jpg\" alt=\"\" title=\"\" data-id=\"15643\"\/><\/figure><\/div><div class=\"wp-block-themeisle-blocks-slider-item-wrapper glide__slide\" tabindex=\"0\"><figure><img decoding=\"async\" class=\"wp-block-themeisle-blocks-slider-item\" src=\"https:\/\/familie-weitgereist.de\/wp-content\/uploads\/2023\/06\/IMG_20230630_120759-scaled.jpg\" alt=\"\" title=\"\" data-id=\"15644\"\/><\/figure><\/div><div class=\"wp-block-themeisle-blocks-slider-item-wrapper glide__slide\" tabindex=\"0\"><figure><img decoding=\"async\" class=\"wp-block-themeisle-blocks-slider-item\" src=\"https:\/\/familie-weitgereist.de\/wp-content\/uploads\/2023\/06\/IMG_20230630_115350-scaled.jpg\" alt=\"\" title=\"\" data-id=\"15645\"\/><\/figure><\/div><div class=\"wp-block-themeisle-blocks-slider-item-wrapper glide__slide\" tabindex=\"0\"><figure><img decoding=\"async\" class=\"wp-block-themeisle-blocks-slider-item\" src=\"https:\/\/familie-weitgereist.de\/wp-content\/uploads\/2023\/06\/IMG_20230630_114946-scaled.jpg\" alt=\"\" title=\"\" data-id=\"15646\"\/><figcaption>Crno Jezero<\/figcaption><\/figure><\/div><div class=\"wp-block-themeisle-blocks-slider-item-wrapper glide__slide\" tabindex=\"0\"><figure><img decoding=\"async\" class=\"wp-block-themeisle-blocks-slider-item\" src=\"https:\/\/familie-weitgereist.de\/wp-content\/uploads\/2023\/06\/IMG_20230630_113943-scaled.jpg\" alt=\"\" title=\"\" data-id=\"15647\"\/><\/figure><\/div><\/div><div class=\"glide__bullets\" data-glide-el=\"controls[nav]\"><button class=\"glide__bullet\" data-glide-dir=\"=0\"><\/button><button class=\"glide__bullet\" data-glide-dir=\"=1\"><\/button><button class=\"glide__bullet\" data-glide-dir=\"=2\"><\/button><button class=\"glide__bullet\" data-glide-dir=\"=3\"><\/button><button class=\"glide__bullet\" data-glide-dir=\"=4\"><\/button><\/div><\/div><\/div>\n\n\n\n<p>An der <strong>Talstation<\/strong> gibt es einen kleinen Spielplatz und zwei Gastst\u00e4tten zum Einkehren. <\/p>\n\n\n\n<figure class=\"wp-block-image size-large\"><img loading=\"lazy\" decoding=\"async\" width=\"1024\" height=\"768\" src=\"https:\/\/familie-weitgereist.de\/wp-content\/uploads\/2023\/06\/IMG_20230630_141735-1024x768.jpg\" alt=\"\" class=\"wp-image-15661\" srcset=\"https:\/\/familie-weitgereist.de\/wp-content\/uploads\/2023\/06\/IMG_20230630_141735-1024x768.jpg 1024w, https:\/\/familie-weitgereist.de\/wp-content\/uploads\/2023\/06\/IMG_20230630_141735-300x225.jpg 300w, https:\/\/familie-weitgereist.de\/wp-content\/uploads\/2023\/06\/IMG_20230630_141735-768x576.jpg 768w, https:\/\/familie-weitgereist.de\/wp-content\/uploads\/2023\/06\/IMG_20230630_141735-1536x1152.jpg 1536w, https:\/\/familie-weitgereist.de\/wp-content\/uploads\/2023\/06\/IMG_20230630_141735-2048x1536.jpg 2048w, https:\/\/familie-weitgereist.de\/wp-content\/uploads\/2023\/06\/IMG_20230630_141735-1200x900.jpg 1200w, https:\/\/familie-weitgereist.de\/wp-content\/uploads\/2023\/06\/IMG_20230630_141735-1980x1485.jpg 1980w, https:\/\/familie-weitgereist.de\/wp-content\/uploads\/2023\/06\/IMG_20230630_141735-150x113.jpg 150w\" sizes=\"auto, (max-width: 1024px) 100vw, 1024px\" \/><figcaption class=\"wp-element-caption\">Spielplatz an der Talstation <\/figcaption><\/figure>\n\n\n\n<h2 class=\"wp-block-heading\">Wanderung um den Crno Jezero <\/h2>\n\n\n\n<p>Im Durmitor Nationalpark gibt es insgesamt 18 Gletscherseen. Sie werden auch &#8222;<em>Gorske O\u010di<\/em>&#8222;, &#8222;Augen des Berges,&#8220; genannt. <\/p>\n\n\n\n<p>Unsere Wanderung starteten wir ebenfalls in dem kleinen Ort <strong>Virak<\/strong>. Von dort sind wir auf einem herrlichen Waldweg bergauf gelaufen und sp\u00e4ter wieder hinab zum See. Wir liefen den <strong>3,6 km langen Rundweg um den See<\/strong>. <\/p>\n\n\n\n<p>Der Schwarze See teilt sich in den kleinen (<em>Malo Jezero<\/em>) und den gro\u00dfen See (<em>Veliko<\/em> <em>Jezero<\/em>). <\/p>\n\n\n\n<figure class=\"wp-block-image size-large\"><img loading=\"lazy\" decoding=\"async\" width=\"1024\" height=\"768\" src=\"https:\/\/familie-weitgereist.de\/wp-content\/uploads\/2023\/06\/IMG_20230629_132012-1024x768.jpg\" alt=\"\" class=\"wp-image-15660\" srcset=\"https:\/\/familie-weitgereist.de\/wp-content\/uploads\/2023\/06\/IMG_20230629_132012-1024x768.jpg 1024w, https:\/\/familie-weitgereist.de\/wp-content\/uploads\/2023\/06\/IMG_20230629_132012-300x225.jpg 300w, https:\/\/familie-weitgereist.de\/wp-content\/uploads\/2023\/06\/IMG_20230629_132012-768x576.jpg 768w, https:\/\/familie-weitgereist.de\/wp-content\/uploads\/2023\/06\/IMG_20230629_132012-1536x1152.jpg 1536w, https:\/\/familie-weitgereist.de\/wp-content\/uploads\/2023\/06\/IMG_20230629_132012-2048x1536.jpg 2048w, https:\/\/familie-weitgereist.de\/wp-content\/uploads\/2023\/06\/IMG_20230629_132012-1200x900.jpg 1200w, https:\/\/familie-weitgereist.de\/wp-content\/uploads\/2023\/06\/IMG_20230629_132012-1980x1485.jpg 1980w, https:\/\/familie-weitgereist.de\/wp-content\/uploads\/2023\/06\/IMG_20230629_132012-150x113.jpg 150w\" sizes=\"auto, (max-width: 1024px) 100vw, 1024px\" \/><\/figure>\n\n\n\n<p>Der Uferweg ist sehr vielseitig. Wir liefen auf Waldpfaden, \u00fcber Stock und Stein, auf Treppen steil hinauf und bei all dem boten sich sch\u00f6ne Ausblicke auf den See und die hohen umliegenden Berge. <\/p>\n\n\n\n<div id=\"wp-block-themeisle-blocks-slider-ad914833\" class=\"wp-block-themeisle-blocks-slider glide\" data-per-view=\"1\" data-gap=\"0\" data-peek=\"0\" data-autoplay=\"true\" data-height=\"400px\" data-hide-arrows=\"false\"><div class=\"glide__track\" data-glide-el=\"track\"><div class=\"glide__slides\"><div class=\"wp-block-themeisle-blocks-slider-item-wrapper glide__slide\" tabindex=\"0\"><figure><img decoding=\"async\" class=\"wp-block-themeisle-blocks-slider-item\" src=\"https:\/\/familie-weitgereist.de\/wp-content\/uploads\/2023\/06\/IMG_20230629_104918-scaled.jpg\" alt=\"\" title=\"\" data-id=\"15657\"\/><\/figure><\/div><div class=\"wp-block-themeisle-blocks-slider-item-wrapper glide__slide\" tabindex=\"0\"><figure><img decoding=\"async\" class=\"wp-block-themeisle-blocks-slider-item\" src=\"https:\/\/familie-weitgereist.de\/wp-content\/uploads\/2023\/06\/IMG_20230629_110530-scaled.jpg\" alt=\"\" title=\"\" data-id=\"15665\"\/><\/figure><\/div><div class=\"wp-block-themeisle-blocks-slider-item-wrapper glide__slide\" tabindex=\"0\"><figure><img decoding=\"async\" class=\"wp-block-themeisle-blocks-slider-item\" src=\"https:\/\/familie-weitgereist.de\/wp-content\/uploads\/2023\/06\/IMG_20230629_130109-scaled.jpg\" alt=\"\" title=\"\" data-id=\"15667\"\/><\/figure><\/div><\/div><div class=\"glide__bullets\" data-glide-el=\"controls[nav]\"><button class=\"glide__bullet\" data-glide-dir=\"=0\"><\/button><button class=\"glide__bullet\" data-glide-dir=\"=1\"><\/button><button class=\"glide__bullet\" data-glide-dir=\"=2\"><\/button><\/div><\/div><\/div>\n\n\n\n<p>Die Wanderung ist f\u00fcr sportliche Kinder gut machbar. Die Abwechslung bereitete uns sehr viel Freude.<\/p>\n\n\n\n<div id=\"wp-block-themeisle-blocks-slider-b6fb33f7\" class=\"wp-block-themeisle-blocks-slider glide\" data-per-view=\"1\" data-gap=\"0\" data-peek=\"0\" data-autoplay=\"true\" data-height=\"400px\" data-hide-arrows=\"false\"><div class=\"glide__track\" data-glide-el=\"track\"><div class=\"glide__slides\"><div class=\"wp-block-themeisle-blocks-slider-item-wrapper glide__slide\" tabindex=\"0\"><figure><img decoding=\"async\" class=\"wp-block-themeisle-blocks-slider-item\" src=\"https:\/\/familie-weitgereist.de\/wp-content\/uploads\/2023\/06\/IMG_20230629_200402_424-scaled.jpg\" alt=\"\" title=\"\" data-id=\"15651\"\/><\/figure><\/div><div class=\"wp-block-themeisle-blocks-slider-item-wrapper glide__slide\" tabindex=\"0\"><figure><img decoding=\"async\" class=\"wp-block-themeisle-blocks-slider-item\" src=\"https:\/\/familie-weitgereist.de\/wp-content\/uploads\/2023\/06\/IMG_20230629_200401_214-scaled.jpg\" alt=\"\" title=\"\" data-id=\"15653\"\/><\/figure><\/div><div class=\"wp-block-themeisle-blocks-slider-item-wrapper glide__slide\" tabindex=\"0\"><figure><img decoding=\"async\" class=\"wp-block-themeisle-blocks-slider-item\" src=\"https:\/\/familie-weitgereist.de\/wp-content\/uploads\/2023\/06\/IMG_20230629_142102-scaled.jpg\" alt=\"\" title=\"\" data-id=\"15655\"\/><\/figure><\/div><\/div><div class=\"glide__bullets\" data-glide-el=\"controls[nav]\"><button class=\"glide__bullet\" data-glide-dir=\"=0\"><\/button><button class=\"glide__bullet\" data-glide-dir=\"=1\"><\/button><button class=\"glide__bullet\" data-glide-dir=\"=2\"><\/button><\/div><\/div><\/div>\n\n\n\n<p>Unweit vom See und mitten im Wald gelegen ist ein kleiner Waldspielplatz. Dort hatten wir eine Rast und Merlin kletterte beim Spielplatz.<\/p>\n\n\n\n<figure class=\"wp-block-image size-large\"><img loading=\"lazy\" decoding=\"async\" width=\"1024\" height=\"768\" src=\"https:\/\/familie-weitgereist.de\/wp-content\/uploads\/2023\/06\/IMG_20230629_130837-1024x768.jpg\" alt=\"\" class=\"wp-image-15663\" srcset=\"https:\/\/familie-weitgereist.de\/wp-content\/uploads\/2023\/06\/IMG_20230629_130837-1024x768.jpg 1024w, https:\/\/familie-weitgereist.de\/wp-content\/uploads\/2023\/06\/IMG_20230629_130837-300x225.jpg 300w, https:\/\/familie-weitgereist.de\/wp-content\/uploads\/2023\/06\/IMG_20230629_130837-768x576.jpg 768w, https:\/\/familie-weitgereist.de\/wp-content\/uploads\/2023\/06\/IMG_20230629_130837-1536x1152.jpg 1536w, https:\/\/familie-weitgereist.de\/wp-content\/uploads\/2023\/06\/IMG_20230629_130837-2048x1536.jpg 2048w, https:\/\/familie-weitgereist.de\/wp-content\/uploads\/2023\/06\/IMG_20230629_130837-1200x900.jpg 1200w, https:\/\/familie-weitgereist.de\/wp-content\/uploads\/2023\/06\/IMG_20230629_130837-1980x1485.jpg 1980w, https:\/\/familie-weitgereist.de\/wp-content\/uploads\/2023\/06\/IMG_20230629_130837-150x113.jpg 150w\" sizes=\"auto, (max-width: 1024px) 100vw, 1024px\" \/><figcaption class=\"wp-element-caption\">Spielplatz unweit vom Crno Jezero<\/figcaption><\/figure>\n\n\n\n<p>Eine Einkehrm\u00f6glichkeit gibt es am See auch. In idyllischer Lage und mit Blick auf den See befindet sich das Restaurant.<\/p>\n\n\n\n<figure class=\"wp-block-image size-large\"><img loading=\"lazy\" decoding=\"async\" width=\"1024\" height=\"768\" src=\"https:\/\/familie-weitgereist.de\/wp-content\/uploads\/2023\/06\/IMG_20230629_121457-1024x768.jpg\" alt=\"\" class=\"wp-image-15664\" srcset=\"https:\/\/familie-weitgereist.de\/wp-content\/uploads\/2023\/06\/IMG_20230629_121457-1024x768.jpg 1024w, https:\/\/familie-weitgereist.de\/wp-content\/uploads\/2023\/06\/IMG_20230629_121457-300x225.jpg 300w, https:\/\/familie-weitgereist.de\/wp-content\/uploads\/2023\/06\/IMG_20230629_121457-768x576.jpg 768w, https:\/\/familie-weitgereist.de\/wp-content\/uploads\/2023\/06\/IMG_20230629_121457-1536x1152.jpg 1536w, https:\/\/familie-weitgereist.de\/wp-content\/uploads\/2023\/06\/IMG_20230629_121457-2048x1536.jpg 2048w, https:\/\/familie-weitgereist.de\/wp-content\/uploads\/2023\/06\/IMG_20230629_121457-1200x900.jpg 1200w, https:\/\/familie-weitgereist.de\/wp-content\/uploads\/2023\/06\/IMG_20230629_121457-1980x1485.jpg 1980w, https:\/\/familie-weitgereist.de\/wp-content\/uploads\/2023\/06\/IMG_20230629_121457-150x113.jpg 150w\" sizes=\"auto, (max-width: 1024px) 100vw, 1024px\" \/><figcaption class=\"wp-element-caption\">Einkehrm\u00f6glichkeit am Crno Jezero<\/figcaption><\/figure>\n\n\n\n<h2 class=\"wp-block-heading\">Halbinsel Lu\u0161tica <\/h2>\n\n\n\n<p>Die Halbinsel Lu\u0161tica liegt im Norden der K\u00fcstenlinie von Montenegro und wird durch eine schmale Meerenge von Kroatien getrennt. Diese Meerenge f\u00fchrt in die Bucht von Kotor. Aufgrund ihrer strategisch guten Lage wurden milit\u00e4rische Installationen, wie Bunkeranlagen und unterirdische U-Boot H\u00e4fen auf der Halbinsel genutzt. Bis in die sp\u00e4ten 1990 Jahre war sie Sperrgebiet. W\u00e4hrend der Nato Bombardierung von Serbien und Montenegro im Jahr 1999 wurde die Halbinsel heftig beschossen.<\/p>\n\n\n\n<p>Wir wollten die Halbinsel bereisen, da es hier um einiges ruhiger zu geht. Die K\u00fcstenlinie von Montenegro ist sehr touristisch und in den Sommermonaten dementsprechend voll. Auf Lu\u0161tica befinden sich kleine Stra\u00dfen und kaum Menschen. Die wenigen kleinen D\u00f6rfer liegen idyllisch in den H\u00fcgeln. Die Halbinsel hat eine schroffe K\u00fcste.<\/p>\n\n\n\n<figure class=\"wp-block-image size-large\"><img loading=\"lazy\" decoding=\"async\" width=\"1024\" height=\"768\" src=\"https:\/\/familie-weitgereist.de\/wp-content\/uploads\/2023\/07\/IMG_20230703_173947-1024x768.jpg\" alt=\"\" class=\"wp-image-15741\" srcset=\"https:\/\/familie-weitgereist.de\/wp-content\/uploads\/2023\/07\/IMG_20230703_173947-1024x768.jpg 1024w, https:\/\/familie-weitgereist.de\/wp-content\/uploads\/2023\/07\/IMG_20230703_173947-300x225.jpg 300w, https:\/\/familie-weitgereist.de\/wp-content\/uploads\/2023\/07\/IMG_20230703_173947-768x576.jpg 768w, https:\/\/familie-weitgereist.de\/wp-content\/uploads\/2023\/07\/IMG_20230703_173947-1536x1152.jpg 1536w, https:\/\/familie-weitgereist.de\/wp-content\/uploads\/2023\/07\/IMG_20230703_173947-2048x1536.jpg 2048w, https:\/\/familie-weitgereist.de\/wp-content\/uploads\/2023\/07\/IMG_20230703_173947-1200x900.jpg 1200w, https:\/\/familie-weitgereist.de\/wp-content\/uploads\/2023\/07\/IMG_20230703_173947-1980x1485.jpg 1980w, https:\/\/familie-weitgereist.de\/wp-content\/uploads\/2023\/07\/IMG_20230703_173947-150x113.jpg 150w\" sizes=\"auto, (max-width: 1024px) 100vw, 1024px\" \/><\/figure>\n\n\n\n<h2 class=\"wp-block-heading\">Rose <\/h2>\n\n\n\n<p>Der kleine Ort Rose befindet sich auf der Halbinsel Lu\u0161tica. Viele Serben, Amerikaner, Russen und andere Balkannationalit\u00e4ten verbrachten in dem Hotel des Ortes ihren Urlaub. Der Ort ist winzig, hat jedoch eine wundersch\u00f6ne Strandpromenade, die uns sehr an kroatische K\u00fcstenst\u00e4dte erinnerte. Wir verbrachten einen Vormittag in dem Ort und erfrischten uns im Meer. <\/p>\n\n\n\n<div id=\"wp-block-themeisle-blocks-slider-8db22883\" class=\"wp-block-themeisle-blocks-slider glide\" data-per-view=\"1\" data-gap=\"0\" data-peek=\"0\" data-autoplay=\"true\" data-height=\"400px\" data-hide-arrows=\"false\"><div class=\"glide__track\" data-glide-el=\"track\"><div class=\"glide__slides\"><div class=\"wp-block-themeisle-blocks-slider-item-wrapper glide__slide\" tabindex=\"0\"><figure><img decoding=\"async\" class=\"wp-block-themeisle-blocks-slider-item\" src=\"https:\/\/familie-weitgereist.de\/wp-content\/uploads\/2023\/07\/IMG_20230704_095011-scaled.jpg\" alt=\"\" title=\"\" data-id=\"15750\"\/><\/figure><\/div><div class=\"wp-block-themeisle-blocks-slider-item-wrapper glide__slide\" tabindex=\"0\"><figure><img decoding=\"async\" class=\"wp-block-themeisle-blocks-slider-item\" src=\"https:\/\/familie-weitgereist.de\/wp-content\/uploads\/2023\/07\/IMG_20230704_091832-scaled.jpg\" alt=\"\" title=\"\" data-id=\"15751\"\/><\/figure><\/div><div class=\"wp-block-themeisle-blocks-slider-item-wrapper glide__slide\" tabindex=\"0\"><figure><img decoding=\"async\" class=\"wp-block-themeisle-blocks-slider-item\" src=\"https:\/\/familie-weitgereist.de\/wp-content\/uploads\/2023\/07\/IMG_20230704_085716-scaled.jpg\" alt=\"\" title=\"\" data-id=\"15752\"\/><\/figure><\/div><div class=\"wp-block-themeisle-blocks-slider-item-wrapper glide__slide\" tabindex=\"0\"><figure><img decoding=\"async\" class=\"wp-block-themeisle-blocks-slider-item\" src=\"https:\/\/familie-weitgereist.de\/wp-content\/uploads\/2023\/07\/IMG_20230704_085215-scaled.jpg\" alt=\"\" title=\"\" data-id=\"15753\"\/><\/figure><\/div><\/div><div class=\"glide__bullets\" data-glide-el=\"controls[nav]\"><button class=\"glide__bullet\" data-glide-dir=\"=0\"><\/button><button class=\"glide__bullet\" data-glide-dir=\"=1\"><\/button><button class=\"glide__bullet\" data-glide-dir=\"=2\"><\/button><button class=\"glide__bullet\" data-glide-dir=\"=3\"><\/button><\/div><\/div><\/div>\n\n\n\n<p>In Rose gibt es ein Schiffswrack. Es gibt zwei Theorien, wie das Schiffswrack in Rose strandete. Die erste Theorie besagt, dass das Schiff einem alten Mann geh\u00f6rte. Als dieser erkrankte war es ihm nicht mehr m\u00f6glich, dass Schiff abzutransportieren. Die zweite Theorie meint, dass im 16. Jahrhundert dieses Schiff mit Keramik beladen dort ankam und letztendlich sank.<\/p>\n\n\n\n<figure class=\"wp-block-image size-large\"><img loading=\"lazy\" decoding=\"async\" width=\"768\" height=\"1024\" src=\"https:\/\/familie-weitgereist.de\/wp-content\/uploads\/2023\/07\/IMG_20230704_092702-768x1024.jpg\" alt=\"\" class=\"wp-image-15747\" srcset=\"https:\/\/familie-weitgereist.de\/wp-content\/uploads\/2023\/07\/IMG_20230704_092702-768x1024.jpg 768w, https:\/\/familie-weitgereist.de\/wp-content\/uploads\/2023\/07\/IMG_20230704_092702-225x300.jpg 225w, https:\/\/familie-weitgereist.de\/wp-content\/uploads\/2023\/07\/IMG_20230704_092702-1152x1536.jpg 1152w, https:\/\/familie-weitgereist.de\/wp-content\/uploads\/2023\/07\/IMG_20230704_092702-1536x2048.jpg 1536w, https:\/\/familie-weitgereist.de\/wp-content\/uploads\/2023\/07\/IMG_20230704_092702-1200x1600.jpg 1200w, https:\/\/familie-weitgereist.de\/wp-content\/uploads\/2023\/07\/IMG_20230704_092702-1980x2640.jpg 1980w, https:\/\/familie-weitgereist.de\/wp-content\/uploads\/2023\/07\/IMG_20230704_092702-640x853.jpg 640w, https:\/\/familie-weitgereist.de\/wp-content\/uploads\/2023\/07\/IMG_20230704_092702-150x200.jpg 150w, https:\/\/familie-weitgereist.de\/wp-content\/uploads\/2023\/07\/IMG_20230704_092702-scaled.jpg 1920w\" sizes=\"auto, (max-width: 768px) 100vw, 768px\" \/><\/figure>\n\n\n\n<h2 class=\"wp-block-heading\">Kloster Ostrog<\/h2>\n\n\n\n<p>Das Kloster Ostrog ist das wohl bekannteste Kloster in Montenegro und geh\u00f6rt zu den bedeutendsten der serbisch-orthodoxen Kirche. Es wurde in und an den Fels gebaut  im <strong>Prekornica Gebirge<\/strong>. <\/p>\n\n\n\n<div id=\"wp-block-themeisle-blocks-slider-f2b443ca\" class=\"wp-block-themeisle-blocks-slider glide\" data-per-view=\"1\" data-gap=\"0\" data-peek=\"0\" data-autoplay=\"true\" data-height=\"400px\" data-hide-arrows=\"false\"><div class=\"glide__track\" data-glide-el=\"track\"><div class=\"glide__slides\"><div class=\"wp-block-themeisle-blocks-slider-item-wrapper glide__slide\" tabindex=\"0\"><figure><img decoding=\"async\" class=\"wp-block-themeisle-blocks-slider-item\" src=\"https:\/\/familie-weitgereist.de\/wp-content\/uploads\/2023\/07\/IMG_20230701_134221-scaled.jpg\" alt=\"\" title=\"\" data-id=\"15700\"\/><\/figure><\/div><div class=\"wp-block-themeisle-blocks-slider-item-wrapper glide__slide\" tabindex=\"0\"><figure><img decoding=\"async\" class=\"wp-block-themeisle-blocks-slider-item\" src=\"https:\/\/familie-weitgereist.de\/wp-content\/uploads\/2023\/07\/IMG_20230701_133139-scaled.jpg\" alt=\"\" title=\"\" data-id=\"15701\"\/><\/figure><\/div><\/div><div class=\"glide__bullets\" data-glide-el=\"controls[nav]\"><button class=\"glide__bullet\" data-glide-dir=\"=0\"><\/button><button class=\"glide__bullet\" data-glide-dir=\"=1\"><\/button><\/div><\/div><\/div>\n\n\n\n<p>Wir besuchten das Kloster an einem Samstag und es waren so viele Besucher aus den Balkanl\u00e4ndern da. Wir standen an, um in den Raum des Heiligen Vasilije zu gelangen. Die dunklen Klosterr\u00e4ume sind mit Weihrauch ausger\u00e4uchert und die W\u00e4nde mit Malereien von Heiligen verziert. Die Menschen bekreuzigten sich vor einem Sarg, der mit traditioneller Priestertracht und den Gebeinen und einem Foto des Heiligen Vasilije, best\u00fcckt war. Sie k\u00fcssten das Foto. Direkt daneben sa\u00df ein Priester und murmelte etwas w\u00e4hrenddessen. Seine Gebeine sollen seit seinem Tod schon viele Wunder vollbracht haben, daher pilgern j\u00e4hrlich viele in das Kloster.<\/p>\n\n\n\n<p>Gut war jedoch, dass Familien mit Kindern nicht lang anstehen m\u00fcssen. Sie werden direkt vorgelassen. Das wussten wir erst nicht, bis uns jemand daraufhin wie\u00df.<\/p>\n\n\n\n<p>Der Heilige Vasilije lebte von 1610 bis 1671. Er lebte und starb im Ostrog Kloster und tr\u00e4gt den Beinamen &#8218;Wundert\u00e4ter&#8216;. Er stammte aus \u00e4rmlichen Verh\u00e4ltnissen und kam aus einer sehr frommen Familie. Als junger Erwachsener entschied er sich M\u00f6nch zu werden und lebte zuerst im heutigen Bosnien-Herzegowina in Trebinje im Kloster. Vasilije besch\u00fctzte die Zufluchtsuchenden damals vor den osmanischen \u00dcbergriffen und der Missionierung der Katholiken.<\/p>\n\n\n\n<p>Das Kloster ist wirklich sch\u00f6n und besonders von au\u00dfen beeindruckend. Wir liefen innerhalb des Klosters nach oben und hatten, trotz Regenwetters einen sch\u00f6nen Ausblick auf das Tal. <\/p>\n\n\n\n<p>Im Kloster k\u00f6nnen Kerzen gekauft werden. Der Eintritt ist gratis. <\/p>\n\n\n\n<h2 class=\"wp-block-heading\">Skadarsko Jezero <\/h2>\n\n\n\n<p>Der Skadarsko See liegt im Grenzgebiet zwischen Albanien und Montenegro und ist der gr\u00f6\u00dfte See Montenegro&#8217;s. Landschaftlich ist das Gebiet sehr reizvoll. Der See liegt eingebettet zwischen der bergigen Landschaft der beiden L\u00e4nder. Im Sommer kann man hier eine lohnenswerte Abk\u00fchlung genie\u00dfen. Wir haben eine Nacht am See \u00fcbernachtet.<\/p>\n\n\n\n<figure class=\"wp-block-image size-large\"><img loading=\"lazy\" decoding=\"async\" width=\"1024\" height=\"768\" src=\"https:\/\/familie-weitgereist.de\/wp-content\/uploads\/2023\/07\/IMG_20230702_101116-1024x768.jpg\" alt=\"\" class=\"wp-image-15703\" srcset=\"https:\/\/familie-weitgereist.de\/wp-content\/uploads\/2023\/07\/IMG_20230702_101116-1024x768.jpg 1024w, https:\/\/familie-weitgereist.de\/wp-content\/uploads\/2023\/07\/IMG_20230702_101116-300x225.jpg 300w, https:\/\/familie-weitgereist.de\/wp-content\/uploads\/2023\/07\/IMG_20230702_101116-768x576.jpg 768w, https:\/\/familie-weitgereist.de\/wp-content\/uploads\/2023\/07\/IMG_20230702_101116-1536x1152.jpg 1536w, https:\/\/familie-weitgereist.de\/wp-content\/uploads\/2023\/07\/IMG_20230702_101116-2048x1536.jpg 2048w, https:\/\/familie-weitgereist.de\/wp-content\/uploads\/2023\/07\/IMG_20230702_101116-1200x900.jpg 1200w, https:\/\/familie-weitgereist.de\/wp-content\/uploads\/2023\/07\/IMG_20230702_101116-1980x1485.jpg 1980w, https:\/\/familie-weitgereist.de\/wp-content\/uploads\/2023\/07\/IMG_20230702_101116-150x113.jpg 150w\" sizes=\"auto, (max-width: 1024px) 100vw, 1024px\" \/><figcaption class=\"wp-element-caption\">Skadarsko Jezero<\/figcaption><\/figure>\n\n\n\n<h2 class=\"wp-block-heading\">Sveti Stefan <\/h2>\n\n\n\n<p>Die kleine Insel Sveti Stefan an der K\u00fcste von Montenegro liegt zwischen den St\u00e4dten Petrovac na Moru und Budva. <\/p>\n\n\n\n<figure class=\"wp-block-image size-large\"><img loading=\"lazy\" decoding=\"async\" width=\"1024\" height=\"768\" src=\"https:\/\/familie-weitgereist.de\/wp-content\/uploads\/2023\/07\/IMG_20230703_102706-1024x768.jpg\" alt=\"\" class=\"wp-image-15725\" srcset=\"https:\/\/familie-weitgereist.de\/wp-content\/uploads\/2023\/07\/IMG_20230703_102706-1024x768.jpg 1024w, https:\/\/familie-weitgereist.de\/wp-content\/uploads\/2023\/07\/IMG_20230703_102706-300x225.jpg 300w, https:\/\/familie-weitgereist.de\/wp-content\/uploads\/2023\/07\/IMG_20230703_102706-768x576.jpg 768w, https:\/\/familie-weitgereist.de\/wp-content\/uploads\/2023\/07\/IMG_20230703_102706-1536x1152.jpg 1536w, https:\/\/familie-weitgereist.de\/wp-content\/uploads\/2023\/07\/IMG_20230703_102706-2048x1536.jpg 2048w, https:\/\/familie-weitgereist.de\/wp-content\/uploads\/2023\/07\/IMG_20230703_102706-1200x900.jpg 1200w, https:\/\/familie-weitgereist.de\/wp-content\/uploads\/2023\/07\/IMG_20230703_102706-1980x1485.jpg 1980w, https:\/\/familie-weitgereist.de\/wp-content\/uploads\/2023\/07\/IMG_20230703_102706-150x113.jpg 150w\" sizes=\"auto, (max-width: 1024px) 100vw, 1024px\" \/><\/figure>\n\n\n\n<p>Leider kann die mini Insel nicht individuell besucht werden. Zwei Mal t\u00e4glich werden f\u00fcr 25\u20ac p.P. Touren angeboten. (<em>Stand Juli<\/em> <em>2023<\/em>) Dies war uns jedoch zu teuer und wir liefen so nah an die Insel heran, wie es f\u00fcr uns m\u00f6glich war. Die kleine Insel ist mit einer Br\u00fccke mit dem Festland verbunden. Am Eingang zur Br\u00fccke stehen Security, die den Zugang regeln. Links und rechts befinden sich Str\u00e4nde, die teils Hotelstr\u00e4nde sind und nur den G\u00e4sten vorbehalten sind. Hotelmitarbeiter sorgen daf\u00fcr, dass auch nur Hotelg\u00e4ste Zugang zu den Str\u00e4nden haben. <\/p>\n\n\n\n<p>2007 wurde die Insel von einem Unternehmen vom Staat Montenegro geleast. Seitdem haben nur Anwohner und Hotelg\u00e4ste Zugang zur Insel, auf derer sich mehrere Kirchen befinden. <\/p>\n\n\n\n<div id=\"wp-block-themeisle-blocks-slider-f4f739ce\" class=\"wp-block-themeisle-blocks-slider glide\" data-per-view=\"1\" data-gap=\"0\" data-peek=\"0\" data-autoplay=\"true\" data-height=\"400px\" data-hide-arrows=\"false\"><div class=\"glide__track\" data-glide-el=\"track\"><div class=\"glide__slides\"><div class=\"wp-block-themeisle-blocks-slider-item-wrapper glide__slide\" tabindex=\"0\"><figure><img decoding=\"async\" class=\"wp-block-themeisle-blocks-slider-item\" src=\"https:\/\/familie-weitgereist.de\/wp-content\/uploads\/2023\/07\/IMG_20230703_114951-scaled.jpg\" alt=\"\" title=\"\" data-id=\"15730\"\/><\/figure><\/div><div class=\"wp-block-themeisle-blocks-slider-item-wrapper glide__slide\" tabindex=\"0\"><figure><img decoding=\"async\" class=\"wp-block-themeisle-blocks-slider-item\" src=\"https:\/\/familie-weitgereist.de\/wp-content\/uploads\/2023\/07\/IMG_20230703_095858-scaled.jpg\" alt=\"\" title=\"\" data-id=\"15731\"\/><\/figure><\/div><\/div><div class=\"glide__bullets\" data-glide-el=\"controls[nav]\"><button class=\"glide__bullet\" data-glide-dir=\"=0\"><\/button><button class=\"glide__bullet\" data-glide-dir=\"=1\"><\/button><\/div><\/div><\/div>\n\n\n\n<p>Ein Highlight f\u00fcr unsere beiden Jungs, war der schattige Spielplatz hinter den Str\u00e4nden. Dort haben wir eine Weile verbracht und gespielt.<\/p>\n\n\n\n<figure class=\"wp-block-image size-large\"><img loading=\"lazy\" decoding=\"async\" width=\"1024\" height=\"768\" src=\"https:\/\/familie-weitgereist.de\/wp-content\/uploads\/2023\/07\/IMG_20230703_104705-1024x768.jpg\" alt=\"\" class=\"wp-image-15727\" srcset=\"https:\/\/familie-weitgereist.de\/wp-content\/uploads\/2023\/07\/IMG_20230703_104705-1024x768.jpg 1024w, https:\/\/familie-weitgereist.de\/wp-content\/uploads\/2023\/07\/IMG_20230703_104705-300x225.jpg 300w, https:\/\/familie-weitgereist.de\/wp-content\/uploads\/2023\/07\/IMG_20230703_104705-768x576.jpg 768w, https:\/\/familie-weitgereist.de\/wp-content\/uploads\/2023\/07\/IMG_20230703_104705-1536x1152.jpg 1536w, https:\/\/familie-weitgereist.de\/wp-content\/uploads\/2023\/07\/IMG_20230703_104705-2048x1536.jpg 2048w, https:\/\/familie-weitgereist.de\/wp-content\/uploads\/2023\/07\/IMG_20230703_104705-1200x900.jpg 1200w, https:\/\/familie-weitgereist.de\/wp-content\/uploads\/2023\/07\/IMG_20230703_104705-1980x1485.jpg 1980w, https:\/\/familie-weitgereist.de\/wp-content\/uploads\/2023\/07\/IMG_20230703_104705-150x113.jpg 150w\" sizes=\"auto, (max-width: 1024px) 100vw, 1024px\" \/><figcaption class=\"wp-element-caption\">Spielplatz bei Sveti Stefan<\/figcaption><\/figure>\n\n\n\n<p>Die Gegend um Sveti Stefan erschien uns sehr luxori\u00f6s und exklusiv. Daher liefen wir zur\u00fcck zu unserem Ausgangspunkt. Dort gingen wir auch baden (<em>Strand Crvena stijena<\/em>) und es war viel ruhiger.<\/p>\n\n\n\n<figure class=\"wp-block-image size-large\"><img loading=\"lazy\" decoding=\"async\" width=\"1024\" height=\"768\" src=\"https:\/\/familie-weitgereist.de\/wp-content\/uploads\/2023\/07\/IMG_20230703_091839-1024x768.jpg\" alt=\"\" class=\"wp-image-15735\" srcset=\"https:\/\/familie-weitgereist.de\/wp-content\/uploads\/2023\/07\/IMG_20230703_091839-1024x768.jpg 1024w, https:\/\/familie-weitgereist.de\/wp-content\/uploads\/2023\/07\/IMG_20230703_091839-300x225.jpg 300w, https:\/\/familie-weitgereist.de\/wp-content\/uploads\/2023\/07\/IMG_20230703_091839-768x576.jpg 768w, https:\/\/familie-weitgereist.de\/wp-content\/uploads\/2023\/07\/IMG_20230703_091839-1536x1152.jpg 1536w, https:\/\/familie-weitgereist.de\/wp-content\/uploads\/2023\/07\/IMG_20230703_091839-2048x1536.jpg 2048w, https:\/\/familie-weitgereist.de\/wp-content\/uploads\/2023\/07\/IMG_20230703_091839-1200x900.jpg 1200w, https:\/\/familie-weitgereist.de\/wp-content\/uploads\/2023\/07\/IMG_20230703_091839-1980x1485.jpg 1980w, https:\/\/familie-weitgereist.de\/wp-content\/uploads\/2023\/07\/IMG_20230703_091839-150x113.jpg 150w\" sizes=\"auto, (max-width: 1024px) 100vw, 1024px\" \/><figcaption class=\"wp-element-caption\">Strand Crvena stijena<\/figcaption><\/figure>\n","protected":false},"excerpt":{"rendered":"<p>Ab November 2022 haben wir unsere Elternzeit genutzt um mit unserem&nbsp;VW T6&nbsp;durch Europa zu reisen. Unsere Reise startete in&nbsp;Deutschland, f\u00fchrte anschlie\u00dfend weiter nach&nbsp;Luxemburg,&nbsp;Frankreich,&nbsp;Andorra, auf die&nbsp;balearischen Inseln,&nbsp;Gibraltar,&nbsp;Spanien,&nbsp;Portugal,&nbsp;La&nbsp;Gomera,&nbsp;Teneriffa&nbsp;und&nbsp;Gran Canaria. Um wieder in den Norden zu gelangen, unternahmen wir einen kleinen&nbsp;Roadtrip&nbsp;durch Spanien. Anschlie\u00dfend bereisten wir Italien. Wir starteten auf der wundersch\u00f6nen Insel&nbsp;Sardinien&nbsp;und reisten weiter nach&nbsp;Sizilien. Von Pozzallo auf [&hellip;]<\/p>\n","protected":false},"author":3,"featured_media":15647,"comment_status":"open","ping_status":"open","sticky":false,"template":"","format":"standard","meta":{"_themeisle_gutenberg_block_has_review":false,"footnotes":""},"categories":[267,8,4,377],"tags":[1070,1074,1062,1064,1063,185,1073,152,1069,1075,1066,1065,1071,1072,1068,1067],"class_list":["post-15602","post","type-post","status-publish","format-standard","has-post-thumbnail","hentry","category-montenegro","category-europa","category-laender","category-spielplaetze","tag-bar","tag-bucht-von-kotor","tag-crna-gora","tag-durmitor","tag-durmitor-nationalpark","tag-kotor","tag-lustica","tag-montenegro","tag-ostrog","tag-rose","tag-savin-kuk","tag-schwarzer-see","tag-skadarsko-jezero","tag-sveti-stefan","tag-virak","tag-zabljak"],"_links":{"self":[{"href":"https:\/\/familie-weitgereist.de\/index.php?rest_route=\/wp\/v2\/posts\/15602","targetHints":{"allow":["GET"]}}],"collection":[{"href":"https:\/\/familie-weitgereist.de\/index.php?rest_route=\/wp\/v2\/posts"}],"about":[{"href":"https:\/\/familie-weitgereist.de\/index.php?rest_route=\/wp\/v2\/types\/post"}],"author":[{"embeddable":true,"href":"https:\/\/familie-weitgereist.de\/index.php?rest_route=\/wp\/v2\/users\/3"}],"replies":[{"embeddable":true,"href":"https:\/\/familie-weitgereist.de\/index.php?rest_route=%2Fwp%2Fv2%2Fcomments&post=15602"}],"version-history":[{"count":106,"href":"https:\/\/familie-weitgereist.de\/index.php?rest_route=\/wp\/v2\/posts\/15602\/revisions"}],"predecessor-version":[{"id":22639,"href":"https:\/\/familie-weitgereist.de\/index.php?rest_route=\/wp\/v2\/posts\/15602\/revisions\/22639"}],"wp:featuredmedia":[{"embeddable":true,"href":"https:\/\/familie-weitgereist.de\/index.php?rest_route=\/wp\/v2\/media\/15647"}],"wp:attachment":[{"href":"https:\/\/familie-weitgereist.de\/index.php?rest_route=%2Fwp%2Fv2%2Fmedia&parent=15602"}],"wp:term":[{"taxonomy":"category","embeddable":true,"href":"https:\/\/familie-weitgereist.de\/index.php?rest_route=%2Fwp%2Fv2%2Fcategories&post=15602"},{"taxonomy":"post_tag","embeddable":true,"href":"https:\/\/familie-weitgereist.de\/index.php?rest_route=%2Fwp%2Fv2%2Ftags&post=15602"}],"curies":[{"name":"wp","href":"https:\/\/api.w.org\/{rel}","templated":true}]}}