{"id":15408,"date":"2023-06-16T19:21:50","date_gmt":"2023-06-16T17:21:50","guid":{"rendered":"https:\/\/familie-weitgereist.de\/?p=15408"},"modified":"2025-10-07T23:07:12","modified_gmt":"2025-10-07T21:07:12","slug":"europareise-roadtrip-nordmazedonien-mit-kleinkind-und-baby","status":"publish","type":"post","link":"https:\/\/familie-weitgereist.de\/?p=15408","title":{"rendered":"Europareise Roadtrip &#8211; Nordmazedonien mit Kleinkind und Baby"},"content":{"rendered":"\n<p>Ab November 2022 haben wir unsere Elternzeit genutzt um mit unserem&nbsp;<strong>VW T6&nbsp;<\/strong>durch Europa zu reisen. Unsere Reise startete in&nbsp;<strong><a href=\"https:\/\/familie-weitgereist.de\/?p=11288\">Deutschland<\/a><\/strong>, f\u00fchrte anschlie\u00dfend weiter nach&nbsp;<strong><a href=\"https:\/\/familie-weitgereist.de\/?p=11342\">Luxemburg<\/a><\/strong>,&nbsp;<strong><a href=\"https:\/\/familie-weitgereist.de\/?p=11397\">Frankreich<\/a><\/strong>,&nbsp;<strong><a href=\"https:\/\/familie-weitgereist.de\/?p=11799\">Andorra<\/a><\/strong>, auf die&nbsp;<strong><a href=\"https:\/\/familie-weitgereist.de\/?p=12081\">balearischen Inseln<\/a><\/strong>,&nbsp;<strong><a href=\"https:\/\/familie-weitgereist.de\/?p=12528\">Gibraltar<\/a><\/strong>,&nbsp;<a href=\"https:\/\/familie-weitgereist.de\/?p=12073\"><strong>Spanien<\/strong><\/a>,&nbsp;<a href=\"https:\/\/familie-weitgereist.de\/?p=12700\"><strong>Portugal<\/strong><\/a>,&nbsp;<a href=\"https:\/\/familie-weitgereist.de\/?p=12861\"><strong>La<\/strong>&nbsp;<strong>Gomera<\/strong><\/a>,&nbsp;<strong><a href=\"https:\/\/familie-weitgereist.de\/?p=13024\">Teneriffa<\/a><\/strong>&nbsp;und&nbsp;<strong><a href=\"https:\/\/familie-weitgereist.de\/?p=13365\">Gran Canaria<\/a><\/strong>. Um wieder in den Norden zu gelangen, unternahmen wir einen kleinen&nbsp;<a href=\"https:\/\/familie-weitgereist.de\/?p=14008\"><strong>Roadtrip<\/strong>&nbsp;<strong>durch Spanien<\/strong><\/a>. Anschlie\u00dfend bereisten wir Italien. Wir starteten auf der wundersch\u00f6nen Insel&nbsp;<strong><a href=\"https:\/\/familie-weitgereist.de\/?p=14061\">Sardinien<\/a><\/strong>&nbsp;und reisten weiter nach&nbsp;<strong><a href=\"https:\/\/familie-weitgereist.de\/?p=14195\">Sizilien<\/a><\/strong>. Von Pozzallo auf Sizilien reisten wir nach&nbsp;<strong><a href=\"https:\/\/familie-weitgereist.de\/?p=14503\">Malta<\/a><\/strong> mit der F\u00e4hre. Anschlie\u00dfend bereisten wir <strong><a href=\"https:\/\/familie-weitgereist.de\/?p=14950\">S\u00fcditalien<\/a><\/strong>. Von Brindisi in Italien nahmen wir die F\u00e4hre nach Igoumenitsa in <strong><a href=\"https:\/\/familie-weitgereist.de\/?p=15058\">Griechenland<\/a><\/strong>. Von dort reisen wir weiter in den Norden nach <strong><a href=\"https:\/\/familie-weitgereist.de\/?p=15335\">Albanien<\/a><\/strong>.<\/p>\n\n\n\n<figure class=\"wp-block-embed is-type-video is-provider-youtube wp-block-embed-youtube wp-embed-aspect-16-9 wp-has-aspect-ratio\"><div class=\"wp-block-embed__wrapper\">\n<iframe loading=\"lazy\" title=\"ROADTRIP EUROPA 2022\/2023 - Woche #32\" width=\"580\" height=\"326\" src=\"https:\/\/www.youtube.com\/embed\/gb0T12PhgzY?feature=oembed\" frameborder=\"0\" allow=\"accelerometer; autoplay; clipboard-write; encrypted-media; gyroscope; picture-in-picture; web-share\" referrerpolicy=\"strict-origin-when-cross-origin\" allowfullscreen><\/iframe>\n<\/div><\/figure>\n\n\n\n<h2 class=\"wp-block-heading\">Anreise<\/h2>\n\n\n\n<p>Wir sind mit unserem Camper von Albanien am Ohridsee, in der N\u00e4he der Stadt Lin nach Nordmazedonien eingereist. <\/p>\n\n\n\n<h2 class=\"wp-block-heading\">Allgemeine Informationen <\/h2>\n\n\n\n<p>Nordmazedonien ist ein d\u00fcnnbesiedeltes Land mit nur 1,8 Millionen Einwohnern. Die Amtssprache ist Mazedonisch. Interessant ist, dass Nordmazedonien bis zum 11. Februar 2019 Mazedonien hie\u00df. Der L\u00e4ndername wurde ge\u00e4ndert. Der Namenskonflikt dauerte schon seit dem Ende von Jugoslawien und der Unabh\u00e4ngigkeit von Mazedonien 1991 an. Griechenland bef\u00fcrchtete eine Geltendmachung von Gebietsanspr\u00fcchen der griechischen Region Mazedonien. Es war ein langer Prozess und Weg bis zur Einigung auf den Namen Nordmazedonien. <\/p>\n\n\n\n<p>Wir haben eine SIM-Karte f\u00fcr umgerechnet 4,33\u20ac bei dem Anbieter A1 geholt. Wir hatten 100 GB f\u00fcr 14 Tage.<\/p>\n\n\n\n<p>Die W\u00e4hrung in Nordmazedonien ist der mazedonische Dinar.<\/p>\n\n\n\n<h2 class=\"wp-block-heading\">Mavrovo Nationalpark<\/h2>\n\n\n\n<p>Der Mavrovo Nationalpark befindet sich im Westen von Nordmazedonien und ist der gr\u00f6\u00dfte der insgesamt vier Nationalparks. Drei Gebirgsz\u00fcge treffen sich im Nationalpark, \u0160ar, Koran und Bistra. Der Park wurde 1949 gegr\u00fcndet. <\/p>\n\n\n\n<p>Der <strong>Mavrovosee<\/strong> liegt auf 1233m und wurde als Stausee angelegt um die Umgebung mit Strom zu versorgen. Das vom See \u00fcberschwemmte Dorf Mavrovi Anovi wurde auf der Nordseite wieder aufgebaut. Dort haben wir eine Nacht verbracht und hatten einen wundersch\u00f6nen Tag am See. Wir sind am See entlang gelaufen und trafen auf einen Fischer. Wir haben mit unseren neuen Freunden Zeit verbracht und unsere Kinder haben gemeinsam gespielt. Einen tollen Tagesausklang hatten wir mit einem Lagerfeuer.<\/p>\n\n\n\n<div id=\"wp-block-themeisle-blocks-slider-84889d1b\" class=\"wp-block-themeisle-blocks-slider glide\" data-per-view=\"1\" data-gap=\"0\" data-peek=\"0\" data-autoplay=\"true\" data-height=\"400px\" data-hide-arrows=\"false\"><div class=\"glide__track\" data-glide-el=\"track\"><div class=\"glide__slides\"><div class=\"wp-block-themeisle-blocks-slider-item-wrapper glide__slide\" tabindex=\"0\"><figure><img decoding=\"async\" class=\"wp-block-themeisle-blocks-slider-item\" src=\"https:\/\/familie-weitgereist.de\/wp-content\/uploads\/2023\/06\/IMG_20230621_193413-scaled.jpg\" alt=\"\" title=\"\" data-id=\"15508\"\/><\/figure><\/div><div class=\"wp-block-themeisle-blocks-slider-item-wrapper glide__slide\" tabindex=\"0\"><figure><img decoding=\"async\" class=\"wp-block-themeisle-blocks-slider-item\" src=\"https:\/\/familie-weitgereist.de\/wp-content\/uploads\/2023\/06\/IMG_20230621_145136-scaled.jpg\" alt=\"\" title=\"\" data-id=\"15510\"\/><\/figure><\/div><div class=\"wp-block-themeisle-blocks-slider-item-wrapper glide__slide\" tabindex=\"0\"><figure><img decoding=\"async\" class=\"wp-block-themeisle-blocks-slider-item\" src=\"https:\/\/familie-weitgereist.de\/wp-content\/uploads\/2023\/06\/IMG_20230621_115118-scaled.jpg\" alt=\"\" title=\"\" data-id=\"15511\"\/><\/figure><\/div><\/div><div class=\"glide__bullets\" data-glide-el=\"controls[nav]\"><button class=\"glide__bullet\" data-glide-dir=\"=0\"><\/button><button class=\"glide__bullet\" data-glide-dir=\"=1\"><\/button><button class=\"glide__bullet\" data-glide-dir=\"=2\"><\/button><\/div><\/div><\/div>\n\n\n\n<p>Im Mavrovo Nationalpark waren wir in dem <strong>kleinen Dorf Duf<\/strong>. Wir sind ca. 20 Minuten \u00fcber ein Schotterpiste gefahren. K\u00fche standen auf dem Waldweg, Wasserquellen waren am Wegesrand und die ersten H\u00e4user waren bald zu sehen. Duf ist sehr l\u00e4ndlich und liegt wunderbar eingebettet im Nationalpark. Das Wasser rauscht \u00fcberall, es ist so gr\u00fcn und es gibt eine Kirche und eine Moschee. Wir wanderten von der ersten Wasserquelle hinab in das Dorf bis zur Moschee und anschlie\u00dfend wieder hinauf zur\u00fcck zu unserem Camper. Unsere Jungs haben an den Wasserquellen richtig gut gespielt. Das Wasser ist so frisch, klar und kommt direkt aus den Bergen.<\/p>\n\n\n\n<div id=\"wp-block-themeisle-blocks-slider-1a555a9f\" class=\"wp-block-themeisle-blocks-slider glide\" data-per-view=\"1\" data-gap=\"0\" data-peek=\"0\" data-autoplay=\"true\" data-height=\"400px\" data-hide-arrows=\"false\"><div class=\"glide__track\" data-glide-el=\"track\"><div class=\"glide__slides\"><div class=\"wp-block-themeisle-blocks-slider-item-wrapper glide__slide\" tabindex=\"0\"><figure><img decoding=\"async\" class=\"wp-block-themeisle-blocks-slider-item\" src=\"https:\/\/familie-weitgereist.de\/wp-content\/uploads\/2023\/06\/IMG_20230622_112907-scaled.jpg\" alt=\"\" title=\"\" data-id=\"15521\"\/><\/figure><\/div><div class=\"wp-block-themeisle-blocks-slider-item-wrapper glide__slide\" tabindex=\"0\"><figure><img decoding=\"async\" class=\"wp-block-themeisle-blocks-slider-item\" src=\"https:\/\/familie-weitgereist.de\/wp-content\/uploads\/2023\/06\/IMG_20230622_112628-scaled.jpg\" alt=\"\" title=\"\" data-id=\"15522\"\/><\/figure><\/div><div class=\"wp-block-themeisle-blocks-slider-item-wrapper glide__slide\" tabindex=\"0\"><figure><img decoding=\"async\" class=\"wp-block-themeisle-blocks-slider-item\" src=\"https:\/\/familie-weitgereist.de\/wp-content\/uploads\/2023\/06\/IMG_20230622_111710-scaled.jpg\" alt=\"\" title=\"\" data-id=\"15523\"\/><\/figure><\/div><\/div><div class=\"glide__bullets\" data-glide-el=\"controls[nav]\"><button class=\"glide__bullet\" data-glide-dir=\"=0\"><\/button><button class=\"glide__bullet\" data-glide-dir=\"=1\"><\/button><button class=\"glide__bullet\" data-glide-dir=\"=2\"><\/button><\/div><\/div><\/div>\n\n\n\n<p>Ebenfalls im Mavrovo Nationalpark befindet sich das <strong>Sveti Jovan Bigorski Kloster<\/strong>. Dieses wurde 1020 gegr\u00fcndet und wird auch heute noch von orthodoxen M\u00f6nchen bewohnt. <\/p>\n\n\n\n<p>Das Kloster ist wundersch\u00f6n. Die Architektur hat uns sehr gut gefallen. Auch hier stehen \u00fcberall Wasserquellen wo wir uns erfrischen konnten.<\/p>\n\n\n\n<p>Wir zahlten 2\u20ac pro Person Eintritt. Unsere Kinder zahlten keinen Eintritt. Dinar werden ebenso akzeptiert. Am Eingang m\u00fcssen M\u00e4nner und Frauen ihre Knie bedecken. Daf\u00fcr stehen Kleidungsst\u00fccke zum Ausborgen bereit. (<em>Stand Juni 2023<\/em>)<\/p>\n\n\n\n<div id=\"wp-block-themeisle-blocks-slider-4757e1fb\" class=\"wp-block-themeisle-blocks-slider glide\" data-per-view=\"1\" data-gap=\"0\" data-peek=\"0\" data-autoplay=\"true\" data-height=\"400px\" data-hide-arrows=\"false\"><div class=\"glide__track\" data-glide-el=\"track\"><div class=\"glide__slides\"><div class=\"wp-block-themeisle-blocks-slider-item-wrapper glide__slide\" tabindex=\"0\"><figure><img decoding=\"async\" class=\"wp-block-themeisle-blocks-slider-item\" src=\"https:\/\/familie-weitgereist.de\/wp-content\/uploads\/2023\/06\/IMG_20230622_145643-scaled.jpg\" alt=\"\" title=\"\" data-id=\"15529\"\/><\/figure><\/div><div class=\"wp-block-themeisle-blocks-slider-item-wrapper glide__slide\" tabindex=\"0\"><figure><img decoding=\"async\" class=\"wp-block-themeisle-blocks-slider-item\" src=\"https:\/\/familie-weitgereist.de\/wp-content\/uploads\/2023\/06\/IMG_20230622_143030-scaled.jpg\" alt=\"\" title=\"\" data-id=\"15531\"\/><\/figure><\/div><div class=\"wp-block-themeisle-blocks-slider-item-wrapper glide__slide\" tabindex=\"0\"><figure><img decoding=\"async\" class=\"wp-block-themeisle-blocks-slider-item\" src=\"https:\/\/familie-weitgereist.de\/wp-content\/uploads\/2023\/06\/IMG_20230622_142953-scaled.jpg\" alt=\"\" title=\"\" data-id=\"15532\"\/><\/figure><\/div><div class=\"wp-block-themeisle-blocks-slider-item-wrapper glide__slide\" tabindex=\"0\"><figure><img decoding=\"async\" class=\"wp-block-themeisle-blocks-slider-item\" src=\"https:\/\/familie-weitgereist.de\/wp-content\/uploads\/2023\/06\/IMG_20230622_141722-scaled.jpg\" alt=\"\" title=\"\" data-id=\"15533\"\/><\/figure><\/div><\/div><div class=\"glide__bullets\" data-glide-el=\"controls[nav]\"><button class=\"glide__bullet\" data-glide-dir=\"=0\"><\/button><button class=\"glide__bullet\" data-glide-dir=\"=1\"><\/button><button class=\"glide__bullet\" data-glide-dir=\"=2\"><\/button><button class=\"glide__bullet\" data-glide-dir=\"=3\"><\/button><\/div><\/div><\/div>\n\n\n\n<h2 class=\"wp-block-heading\">Ohrid am Ohridsee<\/h2>\n\n\n\n<p>Der Ohridsee geh\u00f6rt zu <strong>einen der \u00e4ltesten Seen der Welt<\/strong> und er ist der <strong>\u00e4lteste See Europas <\/strong>mit <strong>1,36 Millionen Jahren<\/strong>. Er wird durch nat\u00fcrliche Quellen gespeist und ist an der tiefsten Stelle 288 m tief. Der See geh\u00f6rt zum kleineren Teil zu Albanien und zum gr\u00f6\u00dferen zu Nordmazedonien. Der See liegt 695 m \u00fcber dem Meeresspiegel. Er spendet Erfrischung an hei\u00dfen Tagen. Die Wassertemperatur ist nie sehr warm, jedoch zum Baden im Sommer sch\u00f6n erfrischend und nicht zu kalt. Unsere beiden Jungs sind baden gewesen, jedoch auf albanischer Seite. Der See geh\u00f6rt auch zum <strong>Naturerbe des UNESCO Welterbes<\/strong>.<\/p>\n\n\n\n<p>Die Stadt Ohrid liegt am gleichnamigen See Ohrid und ist mit ihren 39.000 Einwohnern die achtgr\u00f6\u00dfte Stadt in Nordmazedonien. <\/p>\n\n\n\n<p>Ohrid ist eine wundersch\u00f6ne Stadt und das Panorama auf den Ohridsee ist bezaubernd. Im Gegensatz zur albanischen Seite des Ohridsees ist <strong>Ohrid in Nordmazedonien sehr touristisch<\/strong>. Die Stadt ist ein Urlaubszentrum. Es gibt viele Restaurants und Caf\u00e9s, Souvenirl\u00e4den, Superm\u00e4rkte und wir stellten direkt den Fortschritt im Gegensatz zu Albanien fest. Albanien ist urspr\u00fcnglicher, was definitiv ebenso seinen Reiz hat. Nahezu \u00fcberall ist Kartenzahlung m\u00f6glich und der Tourismus ist hier schon angekommen. <\/p>\n\n\n\n<p>Wir schlenderten entlang der Seepromenade, wo wir auch einen sch\u00f6nen Spielplatz entdeckten. <\/p>\n\n\n\n<figure class=\"wp-block-image size-large\"><img loading=\"lazy\" decoding=\"async\" width=\"1024\" height=\"768\" src=\"https:\/\/familie-weitgereist.de\/wp-content\/uploads\/2023\/06\/IMG_20230620_124348-1024x768.jpg\" alt=\"\" class=\"wp-image-15471\" srcset=\"https:\/\/familie-weitgereist.de\/wp-content\/uploads\/2023\/06\/IMG_20230620_124348-1024x768.jpg 1024w, https:\/\/familie-weitgereist.de\/wp-content\/uploads\/2023\/06\/IMG_20230620_124348-300x225.jpg 300w, https:\/\/familie-weitgereist.de\/wp-content\/uploads\/2023\/06\/IMG_20230620_124348-768x576.jpg 768w, https:\/\/familie-weitgereist.de\/wp-content\/uploads\/2023\/06\/IMG_20230620_124348-1536x1152.jpg 1536w, https:\/\/familie-weitgereist.de\/wp-content\/uploads\/2023\/06\/IMG_20230620_124348-2048x1536.jpg 2048w, https:\/\/familie-weitgereist.de\/wp-content\/uploads\/2023\/06\/IMG_20230620_124348-1200x900.jpg 1200w, https:\/\/familie-weitgereist.de\/wp-content\/uploads\/2023\/06\/IMG_20230620_124348-1980x1485.jpg 1980w, https:\/\/familie-weitgereist.de\/wp-content\/uploads\/2023\/06\/IMG_20230620_124348-150x113.jpg 150w\" sizes=\"auto, (max-width: 1024px) 100vw, 1024px\" \/><figcaption class=\"wp-element-caption\">Spielplatz in Ohrid <\/figcaption><\/figure>\n\n\n\n<figure class=\"wp-block-image size-large\"><img loading=\"lazy\" decoding=\"async\" width=\"1024\" height=\"768\" src=\"https:\/\/familie-weitgereist.de\/wp-content\/uploads\/2023\/06\/IMG_20230620_131548-1-1024x768.jpg\" alt=\"\" class=\"wp-image-15474\" srcset=\"https:\/\/familie-weitgereist.de\/wp-content\/uploads\/2023\/06\/IMG_20230620_131548-1-1024x768.jpg 1024w, https:\/\/familie-weitgereist.de\/wp-content\/uploads\/2023\/06\/IMG_20230620_131548-1-300x225.jpg 300w, https:\/\/familie-weitgereist.de\/wp-content\/uploads\/2023\/06\/IMG_20230620_131548-1-768x576.jpg 768w, https:\/\/familie-weitgereist.de\/wp-content\/uploads\/2023\/06\/IMG_20230620_131548-1-1536x1152.jpg 1536w, https:\/\/familie-weitgereist.de\/wp-content\/uploads\/2023\/06\/IMG_20230620_131548-1-2048x1536.jpg 2048w, https:\/\/familie-weitgereist.de\/wp-content\/uploads\/2023\/06\/IMG_20230620_131548-1-1200x900.jpg 1200w, https:\/\/familie-weitgereist.de\/wp-content\/uploads\/2023\/06\/IMG_20230620_131548-1-1980x1485.jpg 1980w, https:\/\/familie-weitgereist.de\/wp-content\/uploads\/2023\/06\/IMG_20230620_131548-1-150x113.jpg 150w\" sizes=\"auto, (max-width: 1024px) 100vw, 1024px\" \/><figcaption class=\"wp-element-caption\">Seepromenade <\/figcaption><\/figure>\n\n\n\n<p>Ohrid und der Ohridsees geh\u00f6ren zu den UNESCO Weltkulturerbe und Naturerbe. <\/p>\n\n\n\n<p>Durch die engen Gassen in Ohrid zu laufen ist ein Erlebnis. Als die T\u00fcrken Ohrid besetzten, erlaubten sie den christlichen Bewohnern, nur am steilen Hang der Stadt zu leben. Aus diesem Grund ist die Altstadtbauweise so einzigartig.<\/p>\n\n\n\n<div id=\"wp-block-themeisle-blocks-slider-d308ff2c\" class=\"wp-block-themeisle-blocks-slider glide\" data-per-view=\"1\" data-gap=\"0\" data-peek=\"0\" data-autoplay=\"true\" data-height=\"400px\" data-hide-arrows=\"false\"><div class=\"glide__track\" data-glide-el=\"track\"><div class=\"glide__slides\"><div class=\"wp-block-themeisle-blocks-slider-item-wrapper glide__slide\" tabindex=\"0\"><figure><img decoding=\"async\" class=\"wp-block-themeisle-blocks-slider-item\" src=\"https:\/\/familie-weitgereist.de\/wp-content\/uploads\/2023\/06\/IMG_20230620_151016-scaled.jpg\" alt=\"\" title=\"\" data-id=\"15496\"\/><\/figure><\/div><div class=\"wp-block-themeisle-blocks-slider-item-wrapper glide__slide\" tabindex=\"0\"><figure><img decoding=\"async\" class=\"wp-block-themeisle-blocks-slider-item\" src=\"https:\/\/familie-weitgereist.de\/wp-content\/uploads\/2023\/06\/IMG_20230620_150728-scaled.jpg\" alt=\"\" title=\"\" data-id=\"15498\"\/><\/figure><\/div><div class=\"wp-block-themeisle-blocks-slider-item-wrapper glide__slide\" tabindex=\"0\"><figure><img decoding=\"async\" class=\"wp-block-themeisle-blocks-slider-item\" src=\"https:\/\/familie-weitgereist.de\/wp-content\/uploads\/2023\/06\/IMG_20230620_150613-scaled.jpg\" alt=\"\" title=\"\" data-id=\"15499\"\/><\/figure><\/div><\/div><div class=\"glide__bullets\" data-glide-el=\"controls[nav]\"><button class=\"glide__bullet\" data-glide-dir=\"=0\"><\/button><button class=\"glide__bullet\" data-glide-dir=\"=1\"><\/button><button class=\"glide__bullet\" data-glide-dir=\"=2\"><\/button><\/div><\/div><\/div>\n\n\n\n<p>Ohrid geh\u00f6rt zu dem christlichen Zentrum des Balkans. Es wird gesagt, dass Ohrid einst 365 Kirchen besa\u00df, eine f\u00fcr jeden Tag des Jahres. Daher wird es auch das &#8222;Jerusalem&#8220; des Balkans genannt.<\/p>\n\n\n\n<p>Eine der sch\u00f6nsten Kirchen, mit einem grandiosen Ausblick auf den Ohridsee ist die Kirche St. Johann von Kaneo. Diese befindet sich in dem alten Stadtpark von Ohrid. Ein wundersch\u00f6ner Weg f\u00fchrt auf einer Pflasterstra\u00dfe dort hin. Um die Kirche besichtigen zu d\u00fcrfen, muss man 3\u20ac oder 190 Dinar zahlen. (<em>Stand Juni 2023<\/em>)<\/p>\n\n\n\n<figure class=\"wp-block-image size-large\"><img loading=\"lazy\" decoding=\"async\" width=\"1024\" height=\"768\" src=\"https:\/\/familie-weitgereist.de\/wp-content\/uploads\/2023\/06\/IMG_20230620_161516-1024x768.jpg\" alt=\"\" class=\"wp-image-15481\" srcset=\"https:\/\/familie-weitgereist.de\/wp-content\/uploads\/2023\/06\/IMG_20230620_161516-1024x768.jpg 1024w, https:\/\/familie-weitgereist.de\/wp-content\/uploads\/2023\/06\/IMG_20230620_161516-300x225.jpg 300w, https:\/\/familie-weitgereist.de\/wp-content\/uploads\/2023\/06\/IMG_20230620_161516-768x576.jpg 768w, https:\/\/familie-weitgereist.de\/wp-content\/uploads\/2023\/06\/IMG_20230620_161516-1536x1152.jpg 1536w, https:\/\/familie-weitgereist.de\/wp-content\/uploads\/2023\/06\/IMG_20230620_161516-2048x1536.jpg 2048w, https:\/\/familie-weitgereist.de\/wp-content\/uploads\/2023\/06\/IMG_20230620_161516-1200x900.jpg 1200w, https:\/\/familie-weitgereist.de\/wp-content\/uploads\/2023\/06\/IMG_20230620_161516-1980x1485.jpg 1980w, https:\/\/familie-weitgereist.de\/wp-content\/uploads\/2023\/06\/IMG_20230620_161516-150x113.jpg 150w\" sizes=\"auto, (max-width: 1024px) 100vw, 1024px\" \/><figcaption class=\"wp-element-caption\">St. Johann von Kaneo <\/figcaption><\/figure>\n\n\n\n<div id=\"wp-block-themeisle-blocks-slider-542e51f3\" class=\"wp-block-themeisle-blocks-slider glide\" data-per-view=\"1\" data-gap=\"0\" data-peek=\"0\" data-autoplay=\"true\" data-height=\"400px\" data-hide-arrows=\"false\"><div class=\"glide__track\" data-glide-el=\"track\"><div class=\"glide__slides\"><div class=\"wp-block-themeisle-blocks-slider-item-wrapper glide__slide\" tabindex=\"0\"><figure><img decoding=\"async\" class=\"wp-block-themeisle-blocks-slider-item\" src=\"https:\/\/familie-weitgereist.de\/wp-content\/uploads\/2023\/06\/IMG_20230620_162029-scaled.jpg\" alt=\"\" title=\"\" data-id=\"15484\"\/><\/figure><\/div><div class=\"wp-block-themeisle-blocks-slider-item-wrapper glide__slide\" tabindex=\"0\"><figure><img decoding=\"async\" class=\"wp-block-themeisle-blocks-slider-item\" src=\"https:\/\/familie-weitgereist.de\/wp-content\/uploads\/2023\/06\/IMG_20230620_160729-scaled.jpg\" alt=\"\" title=\"\" data-id=\"15485\"\/><\/figure><\/div><\/div><div class=\"glide__bullets\" data-glide-el=\"controls[nav]\"><button class=\"glide__bullet\" data-glide-dir=\"=0\"><\/button><button class=\"glide__bullet\" data-glide-dir=\"=1\"><\/button><\/div><\/div><\/div>\n\n\n\n<p>Das <strong>antike Amphitheater<\/strong> aus dem 2. Jh. v. Chr. befindet sich innerhalb der Festungsmauern und wurde zuf\u00e4llig erst 1980 entdeckt. Es ist das einzige Zeugnis griechischer Geschichte in Nordmazedonien. Auch heute wird es noch als Amphitheater genutzt und ist f\u00fcr jeden gratis zug\u00e4nglich.<\/p>\n\n\n\n<figure class=\"wp-block-image size-large\"><img loading=\"lazy\" decoding=\"async\" width=\"1024\" height=\"768\" src=\"https:\/\/familie-weitgereist.de\/wp-content\/uploads\/2023\/06\/IMG_20230620_152052-1024x768.jpg\" alt=\"\" class=\"wp-image-15490\" srcset=\"https:\/\/familie-weitgereist.de\/wp-content\/uploads\/2023\/06\/IMG_20230620_152052-1024x768.jpg 1024w, https:\/\/familie-weitgereist.de\/wp-content\/uploads\/2023\/06\/IMG_20230620_152052-300x225.jpg 300w, https:\/\/familie-weitgereist.de\/wp-content\/uploads\/2023\/06\/IMG_20230620_152052-768x576.jpg 768w, https:\/\/familie-weitgereist.de\/wp-content\/uploads\/2023\/06\/IMG_20230620_152052-1536x1152.jpg 1536w, https:\/\/familie-weitgereist.de\/wp-content\/uploads\/2023\/06\/IMG_20230620_152052-2048x1536.jpg 2048w, https:\/\/familie-weitgereist.de\/wp-content\/uploads\/2023\/06\/IMG_20230620_152052-1200x900.jpg 1200w, https:\/\/familie-weitgereist.de\/wp-content\/uploads\/2023\/06\/IMG_20230620_152052-1980x1485.jpg 1980w, https:\/\/familie-weitgereist.de\/wp-content\/uploads\/2023\/06\/IMG_20230620_152052-150x113.jpg 150w\" sizes=\"auto, (max-width: 1024px) 100vw, 1024px\" \/><figcaption class=\"wp-element-caption\">Ohrid Amphitheater <\/figcaption><\/figure>\n\n\n\n<p>Eine weitere Sehensw\u00fcrdigkeit ist das <strong>Samuel&#8217;s Fortress<\/strong>. Die Festung stammt aus dem 10. Jahrhundert. Von der Festungsanlage bieten sich grandiose Ausblicke auf die Stadt. <\/p>\n\n\n\n<figure class=\"wp-block-image size-large\"><img loading=\"lazy\" decoding=\"async\" width=\"1024\" height=\"768\" src=\"https:\/\/familie-weitgereist.de\/wp-content\/uploads\/2023\/06\/IMG_20230620_161107-1-1024x768.jpg\" alt=\"\" class=\"wp-image-15495\" srcset=\"https:\/\/familie-weitgereist.de\/wp-content\/uploads\/2023\/06\/IMG_20230620_161107-1-1024x768.jpg 1024w, https:\/\/familie-weitgereist.de\/wp-content\/uploads\/2023\/06\/IMG_20230620_161107-1-300x225.jpg 300w, https:\/\/familie-weitgereist.de\/wp-content\/uploads\/2023\/06\/IMG_20230620_161107-1-768x576.jpg 768w, https:\/\/familie-weitgereist.de\/wp-content\/uploads\/2023\/06\/IMG_20230620_161107-1-1536x1152.jpg 1536w, https:\/\/familie-weitgereist.de\/wp-content\/uploads\/2023\/06\/IMG_20230620_161107-1-2048x1536.jpg 2048w, https:\/\/familie-weitgereist.de\/wp-content\/uploads\/2023\/06\/IMG_20230620_161107-1-1200x900.jpg 1200w, https:\/\/familie-weitgereist.de\/wp-content\/uploads\/2023\/06\/IMG_20230620_161107-1-1980x1485.jpg 1980w, https:\/\/familie-weitgereist.de\/wp-content\/uploads\/2023\/06\/IMG_20230620_161107-1-150x113.jpg 150w\" sizes=\"auto, (max-width: 1024px) 100vw, 1024px\" \/><\/figure>\n\n\n\n<p>Wir haben das &#8222;<strong><em>Bay of the Bones<\/em>&#8220; Museum<\/strong> am Ohridsee besucht. 1200 bis 700 v. Chr. siedelten die Menschen, damals noch am seichten Ohridsee auf Pfahlh\u00e4usern. Das Museum ist ein Nachbau jener pr\u00e4historischen Siedlung. In den einzelnen H\u00e4usern kann man hinein gehen und die authentischen Nachbauten bestaunen. Es ist sehr interessant, wie die Menschen damals lebten. Sie fischten und jagten um sich zu ern\u00e4hren. Zudem webten sie und nutzten Schilf als nat\u00fcrliches Baumaterial.<\/p>\n\n\n\n<p>Im Museum werden Fundst\u00fccke aus der Region ausgestellt, u.a. Vasen, Teller und Sch\u00fcsseln.<\/p>\n\n\n\n<figure class=\"wp-block-image size-large\"><img loading=\"lazy\" decoding=\"async\" width=\"1024\" height=\"768\" src=\"https:\/\/familie-weitgereist.de\/wp-content\/uploads\/2023\/06\/IMG_20230623_091912-1024x768.jpg\" alt=\"\" class=\"wp-image-15538\" srcset=\"https:\/\/familie-weitgereist.de\/wp-content\/uploads\/2023\/06\/IMG_20230623_091912-1024x768.jpg 1024w, https:\/\/familie-weitgereist.de\/wp-content\/uploads\/2023\/06\/IMG_20230623_091912-300x225.jpg 300w, https:\/\/familie-weitgereist.de\/wp-content\/uploads\/2023\/06\/IMG_20230623_091912-768x576.jpg 768w, https:\/\/familie-weitgereist.de\/wp-content\/uploads\/2023\/06\/IMG_20230623_091912-1536x1152.jpg 1536w, https:\/\/familie-weitgereist.de\/wp-content\/uploads\/2023\/06\/IMG_20230623_091912-2048x1536.jpg 2048w, https:\/\/familie-weitgereist.de\/wp-content\/uploads\/2023\/06\/IMG_20230623_091912-1200x900.jpg 1200w, https:\/\/familie-weitgereist.de\/wp-content\/uploads\/2023\/06\/IMG_20230623_091912-1980x1485.jpg 1980w, https:\/\/familie-weitgereist.de\/wp-content\/uploads\/2023\/06\/IMG_20230623_091912-150x113.jpg 150w\" sizes=\"auto, (max-width: 1024px) 100vw, 1024px\" \/><figcaption class=\"wp-element-caption\">&#8222;Bay of the Bones&#8220; Museum von oben <\/figcaption><\/figure>\n\n\n\n<div id=\"wp-block-themeisle-blocks-slider-caf382c2\" class=\"wp-block-themeisle-blocks-slider glide\" data-per-view=\"1\" data-gap=\"0\" data-peek=\"0\" data-autoplay=\"true\" data-height=\"400px\" data-hide-arrows=\"false\"><div class=\"glide__track\" data-glide-el=\"track\"><div class=\"glide__slides\"><div class=\"wp-block-themeisle-blocks-slider-item-wrapper glide__slide\" tabindex=\"0\"><figure><img decoding=\"async\" class=\"wp-block-themeisle-blocks-slider-item\" src=\"https:\/\/familie-weitgereist.de\/wp-content\/uploads\/2023\/06\/IMG_20230623_093845-scaled.jpg\" alt=\"\" title=\"\" data-id=\"15541\"\/><\/figure><\/div><div class=\"wp-block-themeisle-blocks-slider-item-wrapper glide__slide\" tabindex=\"0\"><figure><img decoding=\"async\" class=\"wp-block-themeisle-blocks-slider-item\" src=\"https:\/\/familie-weitgereist.de\/wp-content\/uploads\/2023\/06\/IMG_20230623_092954-scaled.jpg\" alt=\"\" title=\"\" data-id=\"15544\"\/><\/figure><\/div><div class=\"wp-block-themeisle-blocks-slider-item-wrapper glide__slide\" tabindex=\"0\"><figure><img decoding=\"async\" class=\"wp-block-themeisle-blocks-slider-item\" src=\"https:\/\/familie-weitgereist.de\/wp-content\/uploads\/2023\/06\/IMG_20230623_092753-scaled.jpg\" alt=\"\" title=\"\" data-id=\"15545\"\/><\/figure><\/div><\/div><div class=\"glide__bullets\" data-glide-el=\"controls[nav]\"><button class=\"glide__bullet\" data-glide-dir=\"=0\"><\/button><button class=\"glide__bullet\" data-glide-dir=\"=1\"><\/button><button class=\"glide__bullet\" data-glide-dir=\"=2\"><\/button><\/div><\/div><\/div>\n\n\n\n<p>Der Eintrittspreis betr\u00e4gt 140 Dinar (2,30\u20ac) f\u00fcr Erwachsene und 60 Dinar (1\u20ac) f\u00fcr Kinder. (<em>Stand Juni 2023<\/em>)<\/p>\n\n\n\n<p>Nordmazedonien ist ein wunderbares Reiseziel. Es ist noch nicht sehr touristisch, jedoch schon um einiges moderner als Albanien. Wir hatten eine wunderbare Woche im Westen von Nordmazedonien.<\/p>\n","protected":false},"excerpt":{"rendered":"<p>Ab November 2022 haben wir unsere Elternzeit genutzt um mit unserem&nbsp;VW T6&nbsp;durch Europa zu reisen. Unsere Reise startete in&nbsp;Deutschland, f\u00fchrte anschlie\u00dfend weiter nach&nbsp;Luxemburg,&nbsp;Frankreich,&nbsp;Andorra, auf die&nbsp;balearischen Inseln,&nbsp;Gibraltar,&nbsp;Spanien,&nbsp;Portugal,&nbsp;La&nbsp;Gomera,&nbsp;Teneriffa&nbsp;und&nbsp;Gran Canaria. Um wieder in den Norden zu gelangen, unternahmen wir einen kleinen&nbsp;Roadtrip&nbsp;durch Spanien. Anschlie\u00dfend bereisten wir Italien. Wir starteten auf der wundersch\u00f6nen Insel&nbsp;Sardinien&nbsp;und reisten weiter nach&nbsp;Sizilien. Von Pozzallo auf [&hellip;]<\/p>\n","protected":false},"author":3,"featured_media":15495,"comment_status":"open","ping_status":"open","sticky":false,"template":"","format":"standard","meta":{"_themeisle_gutenberg_block_has_review":false,"footnotes":""},"categories":[266,8,4,377],"tags":[1055,1052,1054,1050,1051,153,1049,157,156,1053],"class_list":["post-15408","post","type-post","status-publish","format-standard","has-post-thumbnail","hentry","category-nordmazedonien","category-europa","category-laender","category-spielplaetze","tag-bay-of-the-bones-museum","tag-duf","tag-heiliger-johannes-kloster","tag-mavrovo-nationalpark","tag-mavrovo-see","tag-mazedonien","tag-nordmazedonien","tag-ohrid","tag-ohridsee","tag-st-john-baptist-monastery"],"_links":{"self":[{"href":"https:\/\/familie-weitgereist.de\/index.php?rest_route=\/wp\/v2\/posts\/15408","targetHints":{"allow":["GET"]}}],"collection":[{"href":"https:\/\/familie-weitgereist.de\/index.php?rest_route=\/wp\/v2\/posts"}],"about":[{"href":"https:\/\/familie-weitgereist.de\/index.php?rest_route=\/wp\/v2\/types\/post"}],"author":[{"embeddable":true,"href":"https:\/\/familie-weitgereist.de\/index.php?rest_route=\/wp\/v2\/users\/3"}],"replies":[{"embeddable":true,"href":"https:\/\/familie-weitgereist.de\/index.php?rest_route=%2Fwp%2Fv2%2Fcomments&post=15408"}],"version-history":[{"count":63,"href":"https:\/\/familie-weitgereist.de\/index.php?rest_route=\/wp\/v2\/posts\/15408\/revisions"}],"predecessor-version":[{"id":22636,"href":"https:\/\/familie-weitgereist.de\/index.php?rest_route=\/wp\/v2\/posts\/15408\/revisions\/22636"}],"wp:featuredmedia":[{"embeddable":true,"href":"https:\/\/familie-weitgereist.de\/index.php?rest_route=\/wp\/v2\/media\/15495"}],"wp:attachment":[{"href":"https:\/\/familie-weitgereist.de\/index.php?rest_route=%2Fwp%2Fv2%2Fmedia&parent=15408"}],"wp:term":[{"taxonomy":"category","embeddable":true,"href":"https:\/\/familie-weitgereist.de\/index.php?rest_route=%2Fwp%2Fv2%2Fcategories&post=15408"},{"taxonomy":"post_tag","embeddable":true,"href":"https:\/\/familie-weitgereist.de\/index.php?rest_route=%2Fwp%2Fv2%2Ftags&post=15408"}],"curies":[{"name":"wp","href":"https:\/\/api.w.org\/{rel}","templated":true}]}}