{"id":15335,"date":"2023-06-11T20:09:03","date_gmt":"2023-06-11T18:09:03","guid":{"rendered":"https:\/\/familie-weitgereist.de\/?p=15335"},"modified":"2025-10-07T23:09:09","modified_gmt":"2025-10-07T21:09:09","slug":"europareise-roadtrip-albanien-mit-kleinkind-und-baby","status":"publish","type":"post","link":"https:\/\/familie-weitgereist.de\/?p=15335","title":{"rendered":"Europareise Roadtrip &#8211; Albanien mit Kleinkind und Baby"},"content":{"rendered":"\n<p>Ab November 2022 haben wir unsere Elternzeit genutzt um mit unserem&nbsp;<strong>VW T6&nbsp;<\/strong>durch Europa zu reisen. Unsere Reise startete in&nbsp;<strong><a href=\"https:\/\/familie-weitgereist.de\/?p=11288\">Deutschland<\/a><\/strong>, f\u00fchrte anschlie\u00dfend weiter nach&nbsp;<strong><a href=\"https:\/\/familie-weitgereist.de\/?p=11342\">Luxemburg<\/a><\/strong>,&nbsp;<strong><a href=\"https:\/\/familie-weitgereist.de\/?p=11397\">Frankreich<\/a><\/strong>,&nbsp;<strong><a href=\"https:\/\/familie-weitgereist.de\/?p=11799\">Andorra<\/a><\/strong>, auf die&nbsp;<strong><a href=\"https:\/\/familie-weitgereist.de\/?p=12081\">balearischen Inseln<\/a><\/strong>,&nbsp;<strong><a href=\"https:\/\/familie-weitgereist.de\/?p=12528\">Gibraltar<\/a><\/strong>,&nbsp;<a href=\"https:\/\/familie-weitgereist.de\/?p=12073\"><strong>Spanien<\/strong><\/a>,&nbsp;<a href=\"https:\/\/familie-weitgereist.de\/?p=12700\"><strong>Portugal<\/strong><\/a>,&nbsp;<a href=\"https:\/\/familie-weitgereist.de\/?p=12861\"><strong>La<\/strong>&nbsp;<strong>Gomera<\/strong><\/a>,&nbsp;<strong><a href=\"https:\/\/familie-weitgereist.de\/?p=13024\">Teneriffa<\/a><\/strong>&nbsp;und&nbsp;<strong><a href=\"https:\/\/familie-weitgereist.de\/?p=13365\">Gran Canaria<\/a><\/strong>. Um wieder in den Norden zu gelangen, unternahmen wir einen kleinen&nbsp;<a href=\"https:\/\/familie-weitgereist.de\/?p=14008\"><strong>Roadtrip<\/strong>&nbsp;<strong>durch Spanien<\/strong><\/a>. Anschlie\u00dfend bereisten wir Italien. Wir starteten auf der wundersch\u00f6nen Insel&nbsp;<strong><a href=\"https:\/\/familie-weitgereist.de\/?p=14061\">Sardinien<\/a><\/strong>&nbsp;und reisten weiter nach&nbsp;<strong><a href=\"https:\/\/familie-weitgereist.de\/?p=14195\">Sizilien<\/a><\/strong>. Von Pozzallo auf Sizilien reisten wir nach&nbsp;<strong><a href=\"https:\/\/familie-weitgereist.de\/?p=14503\">Malta<\/a><\/strong> mit der F\u00e4hre. Anschlie\u00dfend bereisten wir <strong><a href=\"https:\/\/familie-weitgereist.de\/?p=14950\">S\u00fcditalien<\/a><\/strong>. Von Brindisi in Italien nahmen wir die F\u00e4hre nach Igoumenitsa in <strong><a href=\"https:\/\/familie-weitgereist.de\/?p=15058\">Griechenland<\/a><\/strong>.  <\/p>\n\n\n\n<figure class=\"wp-block-embed is-type-video is-provider-youtube wp-block-embed-youtube wp-embed-aspect-16-9 wp-has-aspect-ratio\"><div class=\"wp-block-embed__wrapper\">\n<iframe loading=\"lazy\" title=\"ROADTRIP EUROPA 2022\/2023 - Woche #31\" width=\"580\" height=\"326\" src=\"https:\/\/www.youtube.com\/embed\/TpZM-T_4uQ4?feature=oembed\" frameborder=\"0\" allow=\"accelerometer; autoplay; clipboard-write; encrypted-media; gyroscope; picture-in-picture; web-share\" referrerpolicy=\"strict-origin-when-cross-origin\" allowfullscreen><\/iframe>\n<\/div><\/figure>\n\n\n\n<figure class=\"wp-block-embed is-type-video is-provider-youtube wp-block-embed-youtube wp-embed-aspect-16-9 wp-has-aspect-ratio\"><div class=\"wp-block-embed__wrapper\">\n<iframe loading=\"lazy\" title=\"ROADTRIP EUROPA 2022\/2023 - Woche #32\" width=\"580\" height=\"326\" src=\"https:\/\/www.youtube.com\/embed\/gb0T12PhgzY?feature=oembed\" frameborder=\"0\" allow=\"accelerometer; autoplay; clipboard-write; encrypted-media; gyroscope; picture-in-picture; web-share\" referrerpolicy=\"strict-origin-when-cross-origin\" allowfullscreen><\/iframe>\n<\/div><\/figure>\n\n\n\n<figure class=\"wp-block-embed is-type-video is-provider-youtube wp-block-embed-youtube wp-embed-aspect-16-9 wp-has-aspect-ratio\"><div class=\"wp-block-embed__wrapper\">\n<iframe loading=\"lazy\" title=\"ROADTRIP EUROPA 2022\/2023 - Woche #33\" width=\"580\" height=\"326\" src=\"https:\/\/www.youtube.com\/embed\/DYEqm0U__n8?feature=oembed\" frameborder=\"0\" allow=\"accelerometer; autoplay; clipboard-write; encrypted-media; gyroscope; picture-in-picture; web-share\" referrerpolicy=\"strict-origin-when-cross-origin\" allowfullscreen><\/iframe>\n<\/div><\/figure>\n\n\n\n<h2 class=\"wp-block-heading\">Anreise <\/h2>\n\n\n\n<p>Wir sind von Griechenland kommend \u00fcber die Landgrenze von Kakavija gefahren. Der Grenz\u00fcbertritt verlief problemlos und z\u00fcgig. <\/p>\n\n\n\n<p>Wir haben in Albanien wundersch\u00f6ne Sehensw\u00fcrdigkeiten besucht. <\/p>\n\n\n\n<ul class=\"wp-block-list\">\n<li><a href=\"https:\/\/familie-weitgereist.de\/?p=15335\/#albanischealpen\">Albanische Alpen &#8211; Theth<\/a><\/li>\n\n\n\n<li><a href=\"https:\/\/familie-weitgereist.de\/?p=15335\/#benje\">Thermalquelle Benj\u00eb<\/a><\/li>\n\n\n\n<li><a href=\"https:\/\/familie-weitgereist.de\/?p=15335\/#berat\">Berat<\/a><\/li>\n\n\n\n<li><a href=\"https:\/\/familie-weitgereist.de\/?p=15335\/#blueeye\">Blue Eye<\/a><\/li>\n\n\n\n<li><a href=\"https:\/\/familie-weitgereist.de\/?p=15335\/#butrint\">Butrint<\/a><\/li>\n\n\n\n<li><a href=\"https:\/\/familie-weitgereist.de\/?p=15335\/#gjirokaster\">Gjirokast\u00ebr<\/a><\/li>\n\n\n\n<li><a href=\"https:\/\/familie-weitgereist.de\/?p=15335\/#lehze\">Lehz\u00eb<\/a><\/li>\n\n\n\n<li><a href=\"https:\/\/familie-weitgereist.de\/?p=15335\/#ohridsee\">Ohrid See<\/a><\/li>\n<\/ul>\n\n\n\n<h2 class=\"wp-block-heading\">Allgemeine Informationen <\/h2>\n\n\n\n<p>Albanien ist ein kleines Land im Balkan mit 2,8 Millionen Einwohnern und d\u00fcnn besiedelt.<\/p>\n\n\n\n<p>Das Leben in Albanien ist urspr\u00fcnglich. Ziegen- und Schafherden werden \u00fcber Stra\u00dfen gef\u00fchrt, K\u00fche weiden neben der Stra\u00dfe und H\u00fchner gackern an jeder Ecke. <\/p>\n\n\n\n<figure class=\"wp-block-image size-large\"><img loading=\"lazy\" decoding=\"async\" width=\"1024\" height=\"768\" src=\"https:\/\/familie-weitgereist.de\/wp-content\/uploads\/2023\/06\/IMG_20230625_121433-1024x768.jpg\" alt=\"\" class=\"wp-image-15562\" srcset=\"https:\/\/familie-weitgereist.de\/wp-content\/uploads\/2023\/06\/IMG_20230625_121433-1024x768.jpg 1024w, https:\/\/familie-weitgereist.de\/wp-content\/uploads\/2023\/06\/IMG_20230625_121433-300x225.jpg 300w, https:\/\/familie-weitgereist.de\/wp-content\/uploads\/2023\/06\/IMG_20230625_121433-768x576.jpg 768w, https:\/\/familie-weitgereist.de\/wp-content\/uploads\/2023\/06\/IMG_20230625_121433-1536x1152.jpg 1536w, https:\/\/familie-weitgereist.de\/wp-content\/uploads\/2023\/06\/IMG_20230625_121433-2048x1536.jpg 2048w, https:\/\/familie-weitgereist.de\/wp-content\/uploads\/2023\/06\/IMG_20230625_121433-1200x900.jpg 1200w, https:\/\/familie-weitgereist.de\/wp-content\/uploads\/2023\/06\/IMG_20230625_121433-1980x1485.jpg 1980w, https:\/\/familie-weitgereist.de\/wp-content\/uploads\/2023\/06\/IMG_20230625_121433-150x113.jpg 150w\" sizes=\"auto, (max-width: 1024px) 100vw, 1024px\" \/><\/figure>\n\n\n\n<p>In Superm\u00e4rkten gibt es eher wenig Auswahl. Abgepackte Snacks aus Italien kann man dort f\u00fcr verh\u00e4ltnism\u00e4\u00dfig ziemlich viel Geld kaufen. Nat\u00fcrlich gibt es auch noch andere Produkte, doch wir kauften nur einmal im Supermarkt ein. Verhungern mussten wir nat\u00fcrlich nicht. Wir gingen stattdessen oft essen, denn das ist viel g\u00fcnstiger als im Supermarkt einzukaufen. Andere Lebensmittel wie Obst, Gem\u00fcse, Eier kauften wir in kleinen L\u00e4den oder an Stra\u00dfenst\u00e4nden. Das Obst und Gem\u00fcse ist so frisch, saftig und lecker. Kurze Transportwege und Bioqualit\u00e4t erh\u00e4lt man hier am Stra\u00dfenrand. Richtig cool! Viele verkaufen auch selbst gemacht Marmelade, Honig oder Eier. <\/p>\n\n\n\n<figure class=\"wp-block-image size-large\"><img loading=\"lazy\" decoding=\"async\" width=\"1024\" height=\"768\" src=\"https:\/\/familie-weitgereist.de\/wp-content\/uploads\/2023\/06\/IMG_20230625_122133-1024x768.jpg\" alt=\"\" class=\"wp-image-15563\" srcset=\"https:\/\/familie-weitgereist.de\/wp-content\/uploads\/2023\/06\/IMG_20230625_122133-1024x768.jpg 1024w, https:\/\/familie-weitgereist.de\/wp-content\/uploads\/2023\/06\/IMG_20230625_122133-300x225.jpg 300w, https:\/\/familie-weitgereist.de\/wp-content\/uploads\/2023\/06\/IMG_20230625_122133-768x576.jpg 768w, https:\/\/familie-weitgereist.de\/wp-content\/uploads\/2023\/06\/IMG_20230625_122133-1536x1152.jpg 1536w, https:\/\/familie-weitgereist.de\/wp-content\/uploads\/2023\/06\/IMG_20230625_122133-2048x1536.jpg 2048w, https:\/\/familie-weitgereist.de\/wp-content\/uploads\/2023\/06\/IMG_20230625_122133-1200x900.jpg 1200w, https:\/\/familie-weitgereist.de\/wp-content\/uploads\/2023\/06\/IMG_20230625_122133-1980x1485.jpg 1980w, https:\/\/familie-weitgereist.de\/wp-content\/uploads\/2023\/06\/IMG_20230625_122133-150x113.jpg 150w\" sizes=\"auto, (max-width: 1024px) 100vw, 1024px\" \/><\/figure>\n\n\n\n<p>Wasserquellen gibt es im ganzen Land verteilt, allermeistens ist es frisches Quellwasser aus den Bergen. Wir konnten unsere Flaschen immer auff\u00fcllen und hatten bestes Trinkwasser.<\/p>\n\n\n\n<figure class=\"wp-block-image size-large\"><img loading=\"lazy\" decoding=\"async\" width=\"1024\" height=\"768\" src=\"https:\/\/familie-weitgereist.de\/wp-content\/uploads\/2023\/06\/IMG_20230625_093902-1024x768.jpg\" alt=\"\" class=\"wp-image-15565\" srcset=\"https:\/\/familie-weitgereist.de\/wp-content\/uploads\/2023\/06\/IMG_20230625_093902-1024x768.jpg 1024w, https:\/\/familie-weitgereist.de\/wp-content\/uploads\/2023\/06\/IMG_20230625_093902-300x225.jpg 300w, https:\/\/familie-weitgereist.de\/wp-content\/uploads\/2023\/06\/IMG_20230625_093902-768x576.jpg 768w, https:\/\/familie-weitgereist.de\/wp-content\/uploads\/2023\/06\/IMG_20230625_093902-1536x1152.jpg 1536w, https:\/\/familie-weitgereist.de\/wp-content\/uploads\/2023\/06\/IMG_20230625_093902-2048x1536.jpg 2048w, https:\/\/familie-weitgereist.de\/wp-content\/uploads\/2023\/06\/IMG_20230625_093902-1200x900.jpg 1200w, https:\/\/familie-weitgereist.de\/wp-content\/uploads\/2023\/06\/IMG_20230625_093902-1980x1485.jpg 1980w, https:\/\/familie-weitgereist.de\/wp-content\/uploads\/2023\/06\/IMG_20230625_093902-150x113.jpg 150w\" sizes=\"auto, (max-width: 1024px) 100vw, 1024px\" \/><\/figure>\n\n\n\n<p>In Albanien ist Bares noch Wahres. Mit einer Kreditkarte kommt man hier tats\u00e4chlich (noch?) nicht weit. Wir haben Geld bei der Union Bank abgehoben. Einmal haben wir einen Automaten ohne extra Geb\u00fchr gefunden, in Saranda. Normalerweise wird jedoch eine Geb\u00fchr zwischen 3\u20ac &#8211; 5\u20ac f\u00e4llig. <\/p>\n\n\n\n<figure class=\"wp-block-image size-large\"><img loading=\"lazy\" decoding=\"async\" width=\"1024\" height=\"768\" src=\"https:\/\/familie-weitgereist.de\/wp-content\/uploads\/2023\/06\/IMG_20230625_122547-1024x768.jpg\" alt=\"\" class=\"wp-image-15564\" srcset=\"https:\/\/familie-weitgereist.de\/wp-content\/uploads\/2023\/06\/IMG_20230625_122547-1024x768.jpg 1024w, https:\/\/familie-weitgereist.de\/wp-content\/uploads\/2023\/06\/IMG_20230625_122547-300x225.jpg 300w, https:\/\/familie-weitgereist.de\/wp-content\/uploads\/2023\/06\/IMG_20230625_122547-768x576.jpg 768w, https:\/\/familie-weitgereist.de\/wp-content\/uploads\/2023\/06\/IMG_20230625_122547-1536x1152.jpg 1536w, https:\/\/familie-weitgereist.de\/wp-content\/uploads\/2023\/06\/IMG_20230625_122547-2048x1536.jpg 2048w, https:\/\/familie-weitgereist.de\/wp-content\/uploads\/2023\/06\/IMG_20230625_122547-1200x900.jpg 1200w, https:\/\/familie-weitgereist.de\/wp-content\/uploads\/2023\/06\/IMG_20230625_122547-1980x1485.jpg 1980w, https:\/\/familie-weitgereist.de\/wp-content\/uploads\/2023\/06\/IMG_20230625_122547-150x113.jpg 150w\" sizes=\"auto, (max-width: 1024px) 100vw, 1024px\" \/><\/figure>\n\n\n\n<p>Nur bei Kastrati Tankstellen ist eine Bezahlung mit Kreditkarte m\u00f6glich. An allen anderen Tankstellen muss bar bezahlt werden.<\/p>\n\n\n\n<p>Wir haben uns eine Touristen SIM-Karte von Vodafone geholt. Diese ist 15 Tage g\u00fcltig und wir hatten 40GB f\u00fcr 22\u20ac.<\/p>\n\n\n\n<p>Die W\u00e4hrung ist der albanische Lek.<\/p>\n\n\n\n<p>Die Gro\u00dfst\u00e4dte in Albanien haben uns gar nicht gefallen und wir sind immer nur schnell durch gefahren. In Tirana und Shkodra sitzen Frauen mit ihren Kindern und Babys am Stra\u00dfenrand und betteln f\u00fcr Geld, Kinder rennen an den roten Ampelphasen von Auto zu Auto. Dies f\u00fchlte sich f\u00fcr uns sehr unsicher an und sehr traurig, f\u00fcr die betroffenen Menschen. <\/p>\n\n\n\n<h2 class=\"wp-block-heading\" id=\"albanischealpen\">Albanische Alpen &#8211; Theth<\/h2>\n\n\n\n<p>Wir sind in das <strong>Bergdorf Theth<\/strong> gefahren, welches inmitten der albanischen Alpen liegt. Das Dorf liegt im Tal auf 747m und der urspr\u00fcngliche, abgeschiedene Charakter ist noch erkennbar. Das Dorf war vor noch nicht allzu langer Zeit im Winter \u00fcber mehrere Monate von der Au\u00dfenwelt abgeschnitten. <\/p>\n\n\n\n<figure class=\"wp-block-image size-large\"><img loading=\"lazy\" decoding=\"async\" width=\"1024\" height=\"768\" src=\"https:\/\/familie-weitgereist.de\/wp-content\/uploads\/2023\/06\/IMG_20230626_100305-1024x768.jpg\" alt=\"\" class=\"wp-image-15594\" srcset=\"https:\/\/familie-weitgereist.de\/wp-content\/uploads\/2023\/06\/IMG_20230626_100305-1024x768.jpg 1024w, https:\/\/familie-weitgereist.de\/wp-content\/uploads\/2023\/06\/IMG_20230626_100305-300x225.jpg 300w, https:\/\/familie-weitgereist.de\/wp-content\/uploads\/2023\/06\/IMG_20230626_100305-768x576.jpg 768w, https:\/\/familie-weitgereist.de\/wp-content\/uploads\/2023\/06\/IMG_20230626_100305-1536x1152.jpg 1536w, https:\/\/familie-weitgereist.de\/wp-content\/uploads\/2023\/06\/IMG_20230626_100305-2048x1536.jpg 2048w, https:\/\/familie-weitgereist.de\/wp-content\/uploads\/2023\/06\/IMG_20230626_100305-1200x900.jpg 1200w, https:\/\/familie-weitgereist.de\/wp-content\/uploads\/2023\/06\/IMG_20230626_100305-1980x1485.jpg 1980w, https:\/\/familie-weitgereist.de\/wp-content\/uploads\/2023\/06\/IMG_20230626_100305-150x113.jpg 150w\" sizes=\"auto, (max-width: 1024px) 100vw, 1024px\" \/><figcaption class=\"wp-element-caption\">Theth<\/figcaption><\/figure>\n\n\n\n<p>Heute f\u00fchrt eine schmale Zufahrtsstra\u00dfe durch die Berge der albanischen Alpen. Die Stra\u00dfe ist asphaltiert, jedoch schmal und bei Gegenverkehr, wird es ganz sch\u00f6n schwierig und anstrengend. Die unz\u00e4hligen Serpentinen bieten ein wunderbares Panorama auf die hohen, selbst im Juni noch verschneiten Berggipfel. <\/p>\n\n\n\n<figure class=\"wp-block-image size-large\"><img loading=\"lazy\" decoding=\"async\" width=\"1024\" height=\"768\" src=\"https:\/\/familie-weitgereist.de\/wp-content\/uploads\/2023\/06\/IMG_20230626_103054-1024x768.jpg\" alt=\"\" class=\"wp-image-15593\" srcset=\"https:\/\/familie-weitgereist.de\/wp-content\/uploads\/2023\/06\/IMG_20230626_103054-1024x768.jpg 1024w, https:\/\/familie-weitgereist.de\/wp-content\/uploads\/2023\/06\/IMG_20230626_103054-300x225.jpg 300w, https:\/\/familie-weitgereist.de\/wp-content\/uploads\/2023\/06\/IMG_20230626_103054-768x576.jpg 768w, https:\/\/familie-weitgereist.de\/wp-content\/uploads\/2023\/06\/IMG_20230626_103054-1536x1152.jpg 1536w, https:\/\/familie-weitgereist.de\/wp-content\/uploads\/2023\/06\/IMG_20230626_103054-2048x1536.jpg 2048w, https:\/\/familie-weitgereist.de\/wp-content\/uploads\/2023\/06\/IMG_20230626_103054-1200x900.jpg 1200w, https:\/\/familie-weitgereist.de\/wp-content\/uploads\/2023\/06\/IMG_20230626_103054-1980x1485.jpg 1980w, https:\/\/familie-weitgereist.de\/wp-content\/uploads\/2023\/06\/IMG_20230626_103054-150x113.jpg 150w\" sizes=\"auto, (max-width: 1024px) 100vw, 1024px\" \/><\/figure>\n\n\n\n<p>Der Tourismus in Albanien beginnt sich rasant zu entwickeln, so schnell, dass die Einwohner gar nicht hinterherkommen. Dies merkten wir besonders stark in Theth. \u00dcberall entstehen neue Bungalows, Restaurants und Stellplatzm\u00f6glichkeiten. <\/p>\n\n\n\n<div id=\"wp-block-themeisle-blocks-slider-0daa4f6d\" class=\"wp-block-themeisle-blocks-slider glide\" data-per-view=\"1\" data-gap=\"0\" data-peek=\"0\" data-autoplay=\"true\" data-height=\"400px\" data-hide-arrows=\"false\"><div class=\"glide__track\" data-glide-el=\"track\"><div class=\"glide__slides\"><div class=\"wp-block-themeisle-blocks-slider-item-wrapper glide__slide\" tabindex=\"0\"><figure><img decoding=\"async\" class=\"wp-block-themeisle-blocks-slider-item\" src=\"https:\/\/familie-weitgereist.de\/wp-content\/uploads\/2023\/06\/IMG_20230625_160921-scaled.jpg\" alt=\"\" title=\"\" data-id=\"15574\"\/><\/figure><\/div><div class=\"wp-block-themeisle-blocks-slider-item-wrapper glide__slide\" tabindex=\"0\"><figure><img decoding=\"async\" class=\"wp-block-themeisle-blocks-slider-item\" src=\"https:\/\/familie-weitgereist.de\/wp-content\/uploads\/2023\/06\/IMG_20230625_154054-scaled.jpg\" alt=\"\" title=\"\" data-id=\"15579\"\/><\/figure><\/div><div class=\"wp-block-themeisle-blocks-slider-item-wrapper glide__slide\" tabindex=\"0\"><figure><img decoding=\"async\" class=\"wp-block-themeisle-blocks-slider-item\" src=\"https:\/\/familie-weitgereist.de\/wp-content\/uploads\/2023\/06\/IMG_20230625_153447-scaled.jpg\" alt=\"\" title=\"\" data-id=\"15580\"\/><\/figure><\/div><\/div><div class=\"glide__bullets\" data-glide-el=\"controls[nav]\"><button class=\"glide__bullet\" data-glide-dir=\"=0\"><\/button><button class=\"glide__bullet\" data-glide-dir=\"=1\"><\/button><button class=\"glide__bullet\" data-glide-dir=\"=2\"><\/button><\/div><\/div><\/div>\n\n\n\n<p>Mit deutscher und schweizer Finanzierung wurden Wanderwege markiert und ausgeschildert. Bis vor Kurzem war es gar nicht so einfach hier zu wandern und die Orientierung zu behalten. Dies hat sich stark verbessert und die &#8222;<strong><em>Peaks of the Balkan<\/em><\/strong>&#8220; werden immer zug\u00e4nglicher f\u00fcr Wanderer.<\/p>\n\n\n\n<div id=\"wp-block-themeisle-blocks-slider-572ce364\" class=\"wp-block-themeisle-blocks-slider glide\" data-per-view=\"1\" data-gap=\"0\" data-peek=\"0\" data-autoplay=\"true\" data-height=\"400px\" data-hide-arrows=\"false\"><div class=\"glide__track\" data-glide-el=\"track\"><div class=\"glide__slides\"><div class=\"wp-block-themeisle-blocks-slider-item-wrapper glide__slide\" tabindex=\"0\"><figure><img decoding=\"async\" class=\"wp-block-themeisle-blocks-slider-item\" src=\"https:\/\/familie-weitgereist.de\/wp-content\/uploads\/2023\/06\/IMG_20230625_164116-scaled.jpg\" alt=\"\" title=\"\" data-id=\"15577\"\/><\/figure><\/div><div class=\"wp-block-themeisle-blocks-slider-item-wrapper glide__slide\" tabindex=\"0\"><figure><img decoding=\"async\" class=\"wp-block-themeisle-blocks-slider-item\" src=\"https:\/\/familie-weitgereist.de\/wp-content\/uploads\/2023\/06\/IMG_20230625_150624-scaled.jpg\" alt=\"\" title=\"\" data-id=\"15585\"\/><\/figure><\/div><\/div><div class=\"glide__bullets\" data-glide-el=\"controls[nav]\"><button class=\"glide__bullet\" data-glide-dir=\"=0\"><\/button><button class=\"glide__bullet\" data-glide-dir=\"=1\"><\/button><\/div><\/div><\/div>\n\n\n\n<p>Von Theth haben wir eine kurze Wanderung, 2 Stunden f\u00fcr den Hin- und R\u00fcckweg zu dem <strong>Grunasit Wasserfall<\/strong> unternommen. Uns hat die Wanderung sehr gut gefallen. Sie war abwechslungsreich, wir kletterten etwas, durchwateten einen Fluss und erfrischend uns schlie\u00dflich beim k\u00fchlen Wasser des Wasserfalls.<\/p>\n\n\n\n<div id=\"wp-block-themeisle-blocks-slider-8c1dd1e0\" class=\"wp-block-themeisle-blocks-slider glide\" data-per-view=\"1\" data-gap=\"0\" data-peek=\"0\" data-autoplay=\"true\" data-height=\"400px\" data-hide-arrows=\"false\"><div class=\"glide__track\" data-glide-el=\"track\"><div class=\"glide__slides\"><div class=\"wp-block-themeisle-blocks-slider-item-wrapper glide__slide\" tabindex=\"0\"><figure><img decoding=\"async\" class=\"wp-block-themeisle-blocks-slider-item\" src=\"https:\/\/familie-weitgereist.de\/wp-content\/uploads\/2023\/06\/IMG_20230625_171915-scaled.jpg\" alt=\"\" title=\"\" data-id=\"15571\"\/><\/figure><\/div><div class=\"wp-block-themeisle-blocks-slider-item-wrapper glide__slide\" tabindex=\"0\"><figure><img decoding=\"async\" class=\"wp-block-themeisle-blocks-slider-item\" src=\"https:\/\/familie-weitgereist.de\/wp-content\/uploads\/2023\/06\/IMG_20230625_164211-scaled.jpg\" alt=\"\" title=\"\" data-id=\"15575\"\/><\/figure><\/div><\/div><div class=\"glide__bullets\" data-glide-el=\"controls[nav]\"><button class=\"glide__bullet\" data-glide-dir=\"=0\"><\/button><button class=\"glide__bullet\" data-glide-dir=\"=1\"><\/button><\/div><\/div><\/div>\n\n\n\n<p>Auch in dem kleinen <strong>Dorf Vermosh<\/strong> haben wir Halt gemacht. Vereinzelte H\u00e4user stehen verteilt am Fluss Vermosh. Der kristallklare Bergfluss schl\u00e4ngelt sich durch das Tal, im Hintergrund liegen die <strong>hohen<\/strong> <strong>Berge der albanischen Alpen<\/strong>. Das Glockenl\u00e4uten der grasenden K\u00fche und Schafe ist \u00fcberall zu h\u00f6ren. Bergidylle pur! <\/p>\n\n\n\n<div id=\"wp-block-themeisle-blocks-slider-07ec4751\" class=\"wp-block-themeisle-blocks-slider glide\" data-per-view=\"1\" data-gap=\"0\" data-peek=\"0\" data-autoplay=\"true\" data-height=\"400px\" data-hide-arrows=\"false\"><div class=\"glide__track\" data-glide-el=\"track\"><div class=\"glide__slides\"><div class=\"wp-block-themeisle-blocks-slider-item-wrapper glide__slide\" tabindex=\"0\"><figure><img decoding=\"async\" class=\"wp-block-themeisle-blocks-slider-item\" src=\"https:\/\/familie-weitgereist.de\/wp-content\/uploads\/2023\/06\/IMG_20230626_171954-scaled.jpg\" alt=\"\" title=\"\" data-id=\"15589\"\/><\/figure><\/div><div class=\"wp-block-themeisle-blocks-slider-item-wrapper glide__slide\" tabindex=\"0\"><figure><img decoding=\"async\" class=\"wp-block-themeisle-blocks-slider-item\" src=\"https:\/\/familie-weitgereist.de\/wp-content\/uploads\/2023\/06\/IMG_20230626_171719-scaled.jpg\" alt=\"\" title=\"\" data-id=\"15591\"\/><\/figure><\/div><\/div><div class=\"glide__bullets\" data-glide-el=\"controls[nav]\"><button class=\"glide__bullet\" data-glide-dir=\"=0\"><\/button><button class=\"glide__bullet\" data-glide-dir=\"=1\"><\/button><\/div><\/div><\/div>\n\n\n\n<h2 class=\"wp-block-heading\" id=\"benje\">Thermalquelle Benj\u00eb<\/h2>\n\n\n\n<p>In der N\u00e4he von Benj\u00eb befindet sich am Lengarica Canyon eine warme Quelle mit ca. 28\u00b0C warmen Wasser. Eingebettet in traumhafter Natur, in den umliegenden Bergen sind mehrere Becken. Diese sind ausreichend gro\u00df und bieten viel Platz zum Schwimmen und Plantschen. Am Fluss haben unsere Jungs den ganzen Tag gespielt. Direkt am Parkplatz konnten wir \u00fcbernachten. Ein traumhafter Tag mitten in der Natur!<\/p>\n\n\n\n<div id=\"wp-block-themeisle-blocks-slider-5366216e\" class=\"wp-block-themeisle-blocks-slider glide\" data-per-view=\"1\" data-gap=\"0\" data-peek=\"0\" data-autoplay=\"true\" data-height=\"400px\" data-hide-arrows=\"false\"><div class=\"glide__track\" data-glide-el=\"track\"><div class=\"glide__slides\"><div class=\"wp-block-themeisle-blocks-slider-item-wrapper glide__slide\" tabindex=\"0\"><figure><img decoding=\"async\" class=\"wp-block-themeisle-blocks-slider-item\" src=\"https:\/\/familie-weitgereist.de\/wp-content\/uploads\/2023\/06\/IMG_20230614_211556_394.jpg\" alt=\"\" title=\"\" data-id=\"15391\"\/><\/figure><\/div><div class=\"wp-block-themeisle-blocks-slider-item-wrapper glide__slide\" tabindex=\"0\"><figure><img decoding=\"async\" class=\"wp-block-themeisle-blocks-slider-item\" src=\"https:\/\/familie-weitgereist.de\/wp-content\/uploads\/2023\/06\/IMG_20230614_134944-scaled.jpg\" alt=\"\" title=\"\" data-id=\"15393\"\/><\/figure><\/div><div class=\"wp-block-themeisle-blocks-slider-item-wrapper glide__slide\" tabindex=\"0\"><figure><img decoding=\"async\" class=\"wp-block-themeisle-blocks-slider-item\" src=\"https:\/\/familie-weitgereist.de\/wp-content\/uploads\/2023\/06\/IMG_20230614_104829-scaled.jpg\" alt=\"\" title=\"\" data-id=\"15394\"\/><\/figure><\/div><\/div><div class=\"glide__bullets\" data-glide-el=\"controls[nav]\"><button class=\"glide__bullet\" data-glide-dir=\"=0\"><\/button><button class=\"glide__bullet\" data-glide-dir=\"=1\"><\/button><button class=\"glide__bullet\" data-glide-dir=\"=2\"><\/button><\/div><\/div><\/div>\n\n\n\n<h2 class=\"wp-block-heading\" id=\"berat\">Berat <\/h2>\n\n\n\n<p>Berat liegt im S\u00fcden von Albanien am Fluss Osum. Sie wird auch die Stadt der 1000 Fenster genannt. Seit 1961 ist sie Museumsstadt und seit 2008 UNESCO Welterbe. <\/p>\n\n\n\n<figure class=\"wp-block-image size-large\"><img loading=\"lazy\" decoding=\"async\" width=\"768\" height=\"1024\" src=\"https:\/\/familie-weitgereist.de\/wp-content\/uploads\/2023\/06\/IMG_20230616_122920-768x1024.jpg\" alt=\"\" class=\"wp-image-15418\" srcset=\"https:\/\/familie-weitgereist.de\/wp-content\/uploads\/2023\/06\/IMG_20230616_122920-768x1024.jpg 768w, https:\/\/familie-weitgereist.de\/wp-content\/uploads\/2023\/06\/IMG_20230616_122920-225x300.jpg 225w, https:\/\/familie-weitgereist.de\/wp-content\/uploads\/2023\/06\/IMG_20230616_122920-1152x1536.jpg 1152w, https:\/\/familie-weitgereist.de\/wp-content\/uploads\/2023\/06\/IMG_20230616_122920-1536x2048.jpg 1536w, https:\/\/familie-weitgereist.de\/wp-content\/uploads\/2023\/06\/IMG_20230616_122920-1200x1600.jpg 1200w, https:\/\/familie-weitgereist.de\/wp-content\/uploads\/2023\/06\/IMG_20230616_122920-1980x2640.jpg 1980w, https:\/\/familie-weitgereist.de\/wp-content\/uploads\/2023\/06\/IMG_20230616_122920-640x853.jpg 640w, https:\/\/familie-weitgereist.de\/wp-content\/uploads\/2023\/06\/IMG_20230616_122920-150x200.jpg 150w, https:\/\/familie-weitgereist.de\/wp-content\/uploads\/2023\/06\/IMG_20230616_122920-scaled.jpg 1920w\" sizes=\"auto, (max-width: 768px) 100vw, 768px\" \/><figcaption class=\"wp-element-caption\">Das Viertel Mangalem<\/figcaption><\/figure>\n\n\n\n<p>Die drei Altstadtviertel Mangalem,&nbsp;Gorica&nbsp;und&nbsp;Kalaja bestehen aus den typisch wei\u00dfen H\u00e4usern mit ihre vielen Fenstern. Neubauten sind in diesen Stadtvierteln verboten. Die Stadt gilt als eine der wichtigsten Sehensw\u00fcrdigkeiten in Albanien. Osmanische Architektur pr\u00e4gt das Stadtbild. Es gibt zudem zwei Moscheen. <\/p>\n\n\n\n<div id=\"wp-block-themeisle-blocks-slider-dc5ae8f3\" class=\"wp-block-themeisle-blocks-slider glide\" data-per-view=\"1\" data-gap=\"0\" data-peek=\"0\" data-autoplay=\"true\" data-height=\"400px\" data-hide-arrows=\"false\"><div class=\"glide__track\" data-glide-el=\"track\"><div class=\"glide__slides\"><div class=\"wp-block-themeisle-blocks-slider-item-wrapper glide__slide\" tabindex=\"0\"><figure><img decoding=\"async\" class=\"wp-block-themeisle-blocks-slider-item\" src=\"https:\/\/familie-weitgereist.de\/wp-content\/uploads\/2023\/06\/IMG_20230616_114330-scaled.jpg\" alt=\"\" title=\"\" data-id=\"15429\"\/><\/figure><\/div><div class=\"wp-block-themeisle-blocks-slider-item-wrapper glide__slide\" tabindex=\"0\"><figure><img decoding=\"async\" class=\"wp-block-themeisle-blocks-slider-item\" src=\"https:\/\/familie-weitgereist.de\/wp-content\/uploads\/2023\/06\/IMG_20230616_114250-scaled.jpg\" alt=\"\" title=\"\" data-id=\"15430\"\/><\/figure><\/div><div class=\"wp-block-themeisle-blocks-slider-item-wrapper glide__slide\" tabindex=\"0\"><figure><img decoding=\"async\" class=\"wp-block-themeisle-blocks-slider-item\" src=\"https:\/\/familie-weitgereist.de\/wp-content\/uploads\/2023\/06\/IMG_20230616_100155-scaled.jpg\" alt=\"\" title=\"\" data-id=\"15431\"\/><\/figure><\/div><\/div><div class=\"glide__bullets\" data-glide-el=\"controls[nav]\"><button class=\"glide__bullet\" data-glide-dir=\"=0\"><\/button><button class=\"glide__bullet\" data-glide-dir=\"=1\"><\/button><button class=\"glide__bullet\" data-glide-dir=\"=2\"><\/button><\/div><\/div><\/div>\n\n\n\n<p>Das Stadtviertel Mangalem schl\u00e4ngelt sich dicht an einen Berghang entlang. Enge und kleine Gassen ziehen sich durch die Altstadt. Eine etwas gr\u00f6\u00dfere Hauptstra\u00dfe f\u00fchrt den steilen Berg hinauf zur Burg. Innerhalb der Festungsmauern sind weitere wundersch\u00f6ne H\u00e4user angesiedelt. Es gibt ein paar wenige Souvenirshops, jedoch umso mehr l\u00e4ndliche Verk\u00e4ufer, die ihre selbstgemachten Produkte verkaufen m\u00f6chten. Der Besuch der <strong>Festung Kalaja<\/strong> ist gratis. (<em>Stand Juni 2023<\/em>) <\/p>\n\n\n\n<div id=\"wp-block-themeisle-blocks-slider-0c1d361d\" class=\"wp-block-themeisle-blocks-slider glide\" data-per-view=\"1\" data-gap=\"0\" data-peek=\"0\" data-autoplay=\"true\" data-height=\"400px\" data-hide-arrows=\"false\"><div class=\"glide__track\" data-glide-el=\"track\"><div class=\"glide__slides\"><div class=\"wp-block-themeisle-blocks-slider-item-wrapper glide__slide\" tabindex=\"0\"><figure><img decoding=\"async\" class=\"wp-block-themeisle-blocks-slider-item\" src=\"https:\/\/familie-weitgereist.de\/wp-content\/uploads\/2023\/06\/IMG_20230616_113157-scaled.jpg\" alt=\"\" title=\"\" data-id=\"15434\"\/><\/figure><\/div><div class=\"wp-block-themeisle-blocks-slider-item-wrapper glide__slide\" tabindex=\"0\"><figure><img decoding=\"async\" class=\"wp-block-themeisle-blocks-slider-item\" src=\"https:\/\/familie-weitgereist.de\/wp-content\/uploads\/2023\/06\/IMG_20230616_105354-scaled.jpg\" alt=\"\" title=\"\" data-id=\"15436\"\/><\/figure><\/div><div class=\"wp-block-themeisle-blocks-slider-item-wrapper glide__slide\" tabindex=\"0\"><figure><img decoding=\"async\" class=\"wp-block-themeisle-blocks-slider-item\" src=\"https:\/\/familie-weitgereist.de\/wp-content\/uploads\/2023\/06\/IMG_20230616_104612-scaled.jpg\" alt=\"\" title=\"\" data-id=\"15437\"\/><\/figure><\/div><div class=\"wp-block-themeisle-blocks-slider-item-wrapper glide__slide\" tabindex=\"0\"><figure><img decoding=\"async\" class=\"wp-block-themeisle-blocks-slider-item\" src=\"https:\/\/familie-weitgereist.de\/wp-content\/uploads\/2023\/06\/IMG_20230616_104215-scaled.jpg\" alt=\"\" title=\"\" data-id=\"15438\"\/><\/figure><\/div><div class=\"wp-block-themeisle-blocks-slider-item-wrapper glide__slide\" tabindex=\"0\"><figure><img decoding=\"async\" class=\"wp-block-themeisle-blocks-slider-item\" src=\"https:\/\/familie-weitgereist.de\/wp-content\/uploads\/2023\/06\/IMG_20230616_103909-scaled.jpg\" alt=\"\" title=\"\" data-id=\"15439\"\/><\/figure><\/div><\/div><div class=\"glide__bullets\" data-glide-el=\"controls[nav]\"><button class=\"glide__bullet\" data-glide-dir=\"=0\"><\/button><button class=\"glide__bullet\" data-glide-dir=\"=1\"><\/button><button class=\"glide__bullet\" data-glide-dir=\"=2\"><\/button><button class=\"glide__bullet\" data-glide-dir=\"=3\"><\/button><button class=\"glide__bullet\" data-glide-dir=\"=4\"><\/button><\/div><\/div><\/div>\n\n\n\n<p>Oben bei der Burg befindet sich die Kirche der Heiligen Dreifaltigkeit. Die Kirche kann nur mit mindestens knielanger Beinbedeckung betreten werden. Kostenlos stehen jedoch T\u00fccher zur Verf\u00fcgung. <\/p>\n\n\n\n<figure class=\"wp-block-image size-large\"><img loading=\"lazy\" decoding=\"async\" width=\"1024\" height=\"768\" src=\"https:\/\/familie-weitgereist.de\/wp-content\/uploads\/2023\/06\/IMG_20230616_112104-1024x768.jpg\" alt=\"\" class=\"wp-image-15433\" srcset=\"https:\/\/familie-weitgereist.de\/wp-content\/uploads\/2023\/06\/IMG_20230616_112104-1024x768.jpg 1024w, https:\/\/familie-weitgereist.de\/wp-content\/uploads\/2023\/06\/IMG_20230616_112104-300x225.jpg 300w, https:\/\/familie-weitgereist.de\/wp-content\/uploads\/2023\/06\/IMG_20230616_112104-768x576.jpg 768w, https:\/\/familie-weitgereist.de\/wp-content\/uploads\/2023\/06\/IMG_20230616_112104-1536x1152.jpg 1536w, https:\/\/familie-weitgereist.de\/wp-content\/uploads\/2023\/06\/IMG_20230616_112104-2048x1536.jpg 2048w, https:\/\/familie-weitgereist.de\/wp-content\/uploads\/2023\/06\/IMG_20230616_112104-1200x900.jpg 1200w, https:\/\/familie-weitgereist.de\/wp-content\/uploads\/2023\/06\/IMG_20230616_112104-1980x1485.jpg 1980w, https:\/\/familie-weitgereist.de\/wp-content\/uploads\/2023\/06\/IMG_20230616_112104-150x113.jpg 150w\" sizes=\"auto, (max-width: 1024px) 100vw, 1024px\" \/><\/figure>\n\n\n\n<p>Wir liefen einen halben Tag durch die verschiedenen Viertel, g\u00f6nnten uns frisches Obst- und Gem\u00fcse in lokalen Shops und a\u00dfen lecker zu Mittag. Im zentralen Stadtpark schauten wir den Kindern beim Spielen zu und auch unsere Jungs hatten eine sch\u00f6ne Zeit dort.<\/p>\n\n\n\n<h2 class=\"wp-block-heading\" id=\"blueeye\">Blue Eye <\/h2>\n\n\n\n<p>Das &#8218;<em>Blaue Auge<\/em>&#8218; oder in albanisch &#8218;<em><strong>Syri i Kalt\u00ebr<\/strong><\/em>&#8218; ist eine Quelle am Fluss in den Bergen im S\u00fcden von Albanien. Es ist die wasserreichste Quelle des Landes und die Natur ist einfach wundersch\u00f6n dort! <\/p>\n\n\n\n<figure class=\"wp-block-image size-large\"><img loading=\"lazy\" decoding=\"async\" width=\"1024\" height=\"768\" src=\"https:\/\/familie-weitgereist.de\/wp-content\/uploads\/2023\/06\/IMG_20230613_094607-1024x768.jpg\" alt=\"\" class=\"wp-image-15357\" srcset=\"https:\/\/familie-weitgereist.de\/wp-content\/uploads\/2023\/06\/IMG_20230613_094607-1024x768.jpg 1024w, https:\/\/familie-weitgereist.de\/wp-content\/uploads\/2023\/06\/IMG_20230613_094607-300x225.jpg 300w, https:\/\/familie-weitgereist.de\/wp-content\/uploads\/2023\/06\/IMG_20230613_094607-768x576.jpg 768w, https:\/\/familie-weitgereist.de\/wp-content\/uploads\/2023\/06\/IMG_20230613_094607-1536x1152.jpg 1536w, https:\/\/familie-weitgereist.de\/wp-content\/uploads\/2023\/06\/IMG_20230613_094607-2048x1536.jpg 2048w, https:\/\/familie-weitgereist.de\/wp-content\/uploads\/2023\/06\/IMG_20230613_094607-1200x900.jpg 1200w, https:\/\/familie-weitgereist.de\/wp-content\/uploads\/2023\/06\/IMG_20230613_094607-1980x1485.jpg 1980w, https:\/\/familie-weitgereist.de\/wp-content\/uploads\/2023\/06\/IMG_20230613_094607-150x113.jpg 150w\" sizes=\"auto, (max-width: 1024px) 100vw, 1024px\" \/><\/figure>\n\n\n\n<p>Auf einem sehr gut ausgebauten 2 km langen Weg liefen wir bis zum Fluss entlang. Es k\u00f6nnen Scooter und Roller vor Ort ausgeliehen werden. Anschlie\u00dfend sind wir \u00fcber eine Br\u00fccke und durch den Wald entlang des glasklaren Flusses gelaufen. Das Wasser hat eine konstante j\u00e4hrliche Temperatur von 12\u00b0C. Wir staunten \u00fcber das Naturwunder. Mitten im Fluss entspringt die Quelle und das Wasser sprudelt aus dem Untergrund heraus. Es erinnerte uns an die <a href=\"https:\/\/familie-weitgereist.de\/?p=15058\/#acheron\">Acheron Springs in Griechenland<\/a>. <\/p>\n\n\n\n<figure class=\"wp-block-image\"><img decoding=\"async\" src=\"https:\/\/familie-weitgereist.de\/wp-content\/uploads\/2023\/06\/IMG_20230613_104910-scaled.jpg\" alt=\"\"\/><\/figure>\n\n\n\n<p>Es gibt vor Ort auch ein Restaurant, welches direkt am Fluss liegt. Frische Wasserquellen stehen zur Verf\u00fcgung. Es ist zu empfehlen fr\u00fch morgens oder am sp\u00e4ten Nachmittag die Quelle zu besuchen. Der Besucherandrang ist dann deutlich geringer.<\/p>\n\n\n\n<figure class=\"wp-block-image size-large\"><img loading=\"lazy\" decoding=\"async\" width=\"1024\" height=\"768\" src=\"https:\/\/familie-weitgereist.de\/wp-content\/uploads\/2023\/06\/IMG_20230613_095439-1-1024x768.jpg\" alt=\"\" class=\"wp-image-15365\" srcset=\"https:\/\/familie-weitgereist.de\/wp-content\/uploads\/2023\/06\/IMG_20230613_095439-1-1024x768.jpg 1024w, https:\/\/familie-weitgereist.de\/wp-content\/uploads\/2023\/06\/IMG_20230613_095439-1-300x225.jpg 300w, https:\/\/familie-weitgereist.de\/wp-content\/uploads\/2023\/06\/IMG_20230613_095439-1-768x576.jpg 768w, https:\/\/familie-weitgereist.de\/wp-content\/uploads\/2023\/06\/IMG_20230613_095439-1-1536x1152.jpg 1536w, https:\/\/familie-weitgereist.de\/wp-content\/uploads\/2023\/06\/IMG_20230613_095439-1-2048x1536.jpg 2048w, https:\/\/familie-weitgereist.de\/wp-content\/uploads\/2023\/06\/IMG_20230613_095439-1-1200x900.jpg 1200w, https:\/\/familie-weitgereist.de\/wp-content\/uploads\/2023\/06\/IMG_20230613_095439-1-1980x1485.jpg 1980w, https:\/\/familie-weitgereist.de\/wp-content\/uploads\/2023\/06\/IMG_20230613_095439-1-150x113.jpg 150w\" sizes=\"auto, (max-width: 1024px) 100vw, 1024px\" \/><\/figure>\n\n\n\n<p>Wir zahlten 50 Lek (ca. 0,45\u20ac) Eintritt pro Person. Unsere Jungs zahlten keinen Eintritt. (<em>Stand<\/em> <em>Juni 2023<\/em>)<\/p>\n\n\n\n<h2 class=\"wp-block-heading\" id=\"butrint\">Butrint<\/h2>\n\n\n\n<p>Butrint ist eine antike Hafenstadt im S\u00fcden von Albanien und geh\u00f6rt seit 1992 zum UNESCO Weltkulturerbe. Butrint geh\u00f6rt zu den meist besuchten Sehensw\u00fcrdigkeiten in Albanien. <\/p>\n\n\n\n<figure class=\"wp-block-image size-large\"><img loading=\"lazy\" decoding=\"async\" width=\"1024\" height=\"768\" src=\"https:\/\/familie-weitgereist.de\/wp-content\/uploads\/2023\/06\/IMG_20230612_165640-1024x768.jpg\" alt=\"\" class=\"wp-image-15366\" srcset=\"https:\/\/familie-weitgereist.de\/wp-content\/uploads\/2023\/06\/IMG_20230612_165640-1024x768.jpg 1024w, https:\/\/familie-weitgereist.de\/wp-content\/uploads\/2023\/06\/IMG_20230612_165640-300x225.jpg 300w, https:\/\/familie-weitgereist.de\/wp-content\/uploads\/2023\/06\/IMG_20230612_165640-768x576.jpg 768w, https:\/\/familie-weitgereist.de\/wp-content\/uploads\/2023\/06\/IMG_20230612_165640-1536x1152.jpg 1536w, https:\/\/familie-weitgereist.de\/wp-content\/uploads\/2023\/06\/IMG_20230612_165640-2048x1536.jpg 2048w, https:\/\/familie-weitgereist.de\/wp-content\/uploads\/2023\/06\/IMG_20230612_165640-1200x900.jpg 1200w, https:\/\/familie-weitgereist.de\/wp-content\/uploads\/2023\/06\/IMG_20230612_165640-1980x1485.jpg 1980w, https:\/\/familie-weitgereist.de\/wp-content\/uploads\/2023\/06\/IMG_20230612_165640-150x113.jpg 150w\" sizes=\"auto, (max-width: 1024px) 100vw, 1024px\" \/><\/figure>\n\n\n\n<p>In Butrint erlebten wir hellenistische, byzantinische, venezianische und osmanische Einfl\u00fcsse und ihr Anfang wird auf das 8. Jh. v. Chr. datiert. <\/p>\n\n\n\n<div id=\"wp-block-themeisle-blocks-slider-b6275697\" class=\"wp-block-themeisle-blocks-slider glide\" data-per-view=\"1\" data-gap=\"0\" data-peek=\"0\" data-autoplay=\"true\" data-height=\"400px\" data-hide-arrows=\"false\"><div class=\"glide__track\" data-glide-el=\"track\"><div class=\"glide__slides\"><div class=\"wp-block-themeisle-blocks-slider-item-wrapper glide__slide\" tabindex=\"0\"><figure><img decoding=\"async\" class=\"wp-block-themeisle-blocks-slider-item\" src=\"https:\/\/familie-weitgereist.de\/wp-content\/uploads\/2023\/06\/IMG_20230612_164618-scaled.jpg\" alt=\"\" title=\"\" data-id=\"15368\"\/><\/figure><\/div><div class=\"wp-block-themeisle-blocks-slider-item-wrapper glide__slide\" tabindex=\"0\"><figure><img decoding=\"async\" class=\"wp-block-themeisle-blocks-slider-item\" src=\"https:\/\/familie-weitgereist.de\/wp-content\/uploads\/2023\/06\/IMG_20230612_164845-scaled.jpg\" alt=\"\" title=\"\" data-id=\"15370\"\/><\/figure><\/div><div class=\"wp-block-themeisle-blocks-slider-item-wrapper glide__slide\" tabindex=\"0\"><figure><img decoding=\"async\" class=\"wp-block-themeisle-blocks-slider-item\" src=\"https:\/\/familie-weitgereist.de\/wp-content\/uploads\/2023\/06\/IMG_20230612_172944-scaled.jpg\" alt=\"\" title=\"\" data-id=\"15372\"\/><\/figure><\/div><\/div><div class=\"glide__bullets\" data-glide-el=\"controls[nav]\"><button class=\"glide__bullet\" data-glide-dir=\"=0\"><\/button><button class=\"glide__bullet\" data-glide-dir=\"=1\"><\/button><button class=\"glide__bullet\" data-glide-dir=\"=2\"><\/button><\/div><\/div><\/div>\n\n\n\n<p>In der griechischen Mythologie ist Butrint unter dem Namen &#8222;Buthrotum&#8220; bekannt. Gegr\u00fcndet soll sie von den Verbannten der Stadt Troja sein. <\/p>\n\n\n\n<p>Im 4. Jh. v. Chr. wurde um die Stadt eine Schutzmauer gebaut. Teile der Stadt wurden dem Gott der Medizin &#8222;Asklepios&#8220; geweiht. <\/p>\n\n\n\n<p>228 n. Chr. fiel Butrint unter r\u00f6mische Herrschaft. In dieser Zeit erlebte die Stadt auch die gr\u00f6\u00dfte Entwicklung. Tempel, ein Amphitheater, Pl\u00e4tze, Thermalb\u00e4der und Villen sind heute noch anzusehen und in einem guten Zustand. Im Mittelalter verfiel die Stadt und wurde verlassen. <\/p>\n\n\n\n<div id=\"wp-block-themeisle-blocks-slider-11087db3\" class=\"wp-block-themeisle-blocks-slider glide\" data-per-view=\"1\" data-gap=\"0\" data-peek=\"0\" data-autoplay=\"true\" data-height=\"400px\" data-hide-arrows=\"false\"><div class=\"glide__track\" data-glide-el=\"track\"><div class=\"glide__slides\"><div class=\"wp-block-themeisle-blocks-slider-item-wrapper glide__slide\" tabindex=\"0\"><figure><img decoding=\"async\" class=\"wp-block-themeisle-blocks-slider-item\" src=\"https:\/\/familie-weitgereist.de\/wp-content\/uploads\/2023\/06\/IMG_20230612_174038-scaled.jpg\" alt=\"\" title=\"\" data-id=\"15367\"\/><\/figure><\/div><div class=\"wp-block-themeisle-blocks-slider-item-wrapper glide__slide\" tabindex=\"0\"><figure><img decoding=\"async\" class=\"wp-block-themeisle-blocks-slider-item\" src=\"https:\/\/familie-weitgereist.de\/wp-content\/uploads\/2023\/06\/IMG_20230612_175944-scaled.jpg\" alt=\"\" title=\"\" data-id=\"15369\"\/><\/figure><\/div><\/div><div class=\"glide__bullets\" data-glide-el=\"controls[nav]\"><button class=\"glide__bullet\" data-glide-dir=\"=0\"><\/button><button class=\"glide__bullet\" data-glide-dir=\"=1\"><\/button><\/div><\/div><\/div>\n\n\n\n<p>Die Lage von Butrint ist wundersch\u00f6n. Die Stadt befindet sich auf einer Halbinsel am Wasser zwischen Meer und einem See. W\u00e4lder spenden viel Schatten. Dies macht einen Besuch in den warmen Sommermonaten sehr angenehm. Auf dem Gel\u00e4nde gibt es ein Museum, in welchem antike Ausgrabungsst\u00fccke ausgestellt werden, u.a. T\u00f6pfe, Gef\u00e4\u00dfe, Geld. <\/p>\n\n\n\n<p>Der Eintritt ist f\u00fcr albanische Verh\u00e4ltnisse relativ teuer, dennoch gerechtfertigt. Erwachsene zahlen 1000 Lek (ca. 9,50\u20ac). Unsere Jungs zahlten keinen Eintritt. (<em>Stand<\/em> <em>Juni 2023)<\/em><\/p>\n\n\n\n<h2 class=\"wp-block-heading\" id=\"gjirokaster\">Gjirokast\u00ebr <\/h2>\n\n\n\n<p>Gjirokast\u00ebr ist eine Stadt im S\u00fcden Albaniens und der <strong>albanische Qark<\/strong> (Verwaltungsregionen in Albanien) wird ebenfalls so genannt. Der Name bedeutet \u00fcbersetzt &#8218;Silberburg&#8216;. Sie ist eine der \u00e4ltesten St\u00e4dte in Albanien und seit 2005 UNESCO Welterbe. Die Stadt gilt auch als &#8218;Stadt der 1000 Stufen&#8216; und liegt in den Bergen. Die Altstadt befindet sich direkt am Berg und windet sich steil hinauf. Die Gassen f\u00fchren hinauf, um steile Kurven herum und sind oftmals so eng, dass gerade so ein Auto hindurch passt. In der Altstadt befinden sich viele traditionelle albanische Steinh\u00e4user, besonders von oben bietet sich ein toller Ausblick auf die Stadt. <\/p>\n\n\n\n<figure class=\"wp-block-image size-large\"><img loading=\"lazy\" decoding=\"async\" width=\"1024\" height=\"768\" src=\"https:\/\/familie-weitgereist.de\/wp-content\/uploads\/2023\/06\/IMG_20230613_212506_249-1024x768.jpg\" alt=\"\" class=\"wp-image-15397\" srcset=\"https:\/\/familie-weitgereist.de\/wp-content\/uploads\/2023\/06\/IMG_20230613_212506_249-1024x768.jpg 1024w, https:\/\/familie-weitgereist.de\/wp-content\/uploads\/2023\/06\/IMG_20230613_212506_249-300x225.jpg 300w, https:\/\/familie-weitgereist.de\/wp-content\/uploads\/2023\/06\/IMG_20230613_212506_249-768x576.jpg 768w, https:\/\/familie-weitgereist.de\/wp-content\/uploads\/2023\/06\/IMG_20230613_212506_249-1536x1152.jpg 1536w, https:\/\/familie-weitgereist.de\/wp-content\/uploads\/2023\/06\/IMG_20230613_212506_249-2048x1536.jpg 2048w, https:\/\/familie-weitgereist.de\/wp-content\/uploads\/2023\/06\/IMG_20230613_212506_249-1200x900.jpg 1200w, https:\/\/familie-weitgereist.de\/wp-content\/uploads\/2023\/06\/IMG_20230613_212506_249-1980x1485.jpg 1980w, https:\/\/familie-weitgereist.de\/wp-content\/uploads\/2023\/06\/IMG_20230613_212506_249-150x113.jpg 150w\" sizes=\"auto, (max-width: 1024px) 100vw, 1024px\" \/><\/figure>\n\n\n\n<p>Oben angekommen befindet sich die <strong>Burg<\/strong> der Stadt. Von hier hatten wir die besten Ausblicke auf die Alt- und Neustadt, das Drinostal und die Berge. W\u00e4hrend die Neustadt in typisch kommunistischer Plattenbauweise errichtet wurde, ist die Altstadt wunderbar erhalten. Die Burg wurde schon im 3. Jh. v. Chr. erbaut.<\/p>\n\n\n\n<div id=\"wp-block-themeisle-blocks-slider-a9f51583\" class=\"wp-block-themeisle-blocks-slider glide\" data-per-view=\"1\" data-gap=\"0\" data-peek=\"0\" data-autoplay=\"true\" data-height=\"400px\" data-hide-arrows=\"false\"><div class=\"glide__track\" data-glide-el=\"track\"><div class=\"glide__slides\"><div class=\"wp-block-themeisle-blocks-slider-item-wrapper glide__slide\" tabindex=\"0\"><figure><img decoding=\"async\" class=\"wp-block-themeisle-blocks-slider-item\" src=\"https:\/\/familie-weitgereist.de\/wp-content\/uploads\/2023\/06\/IMG_20230613_151613-scaled.jpg\" alt=\"\" title=\"\" data-id=\"15400\"\/><\/figure><\/div><div class=\"wp-block-themeisle-blocks-slider-item-wrapper glide__slide\" tabindex=\"0\"><figure><img decoding=\"async\" class=\"wp-block-themeisle-blocks-slider-item\" src=\"https:\/\/familie-weitgereist.de\/wp-content\/uploads\/2023\/06\/IMG_20230613_150633-scaled.jpg\" alt=\"\" title=\"\" data-id=\"15401\"\/><\/figure><\/div><div class=\"wp-block-themeisle-blocks-slider-item-wrapper glide__slide\" tabindex=\"0\"><figure><img decoding=\"async\" class=\"wp-block-themeisle-blocks-slider-item\" src=\"https:\/\/familie-weitgereist.de\/wp-content\/uploads\/2023\/06\/IMG_20230613_145401-scaled.jpg\" alt=\"\" title=\"\" data-id=\"15402\"\/><\/figure><\/div><\/div><div class=\"glide__bullets\" data-glide-el=\"controls[nav]\"><button class=\"glide__bullet\" data-glide-dir=\"=0\"><\/button><button class=\"glide__bullet\" data-glide-dir=\"=1\"><\/button><button class=\"glide__bullet\" data-glide-dir=\"=2\"><\/button><\/div><\/div><\/div>\n\n\n\n<p>Die Burg beherbergt Kanonen und schwere Waffen. Es gibt auch ein Waffenmuseum, welches wir uns jedoch nicht angesehen haben. Die Waffen sind zum Teil aus dem 2. Weltkrieg und aus dem Unabh\u00e4ngigkeitskampf Albaniens im Jahr 1912. Auf dem Au\u00dfengel\u00e4nde steht sogar ein Flugzeug, welches ein amerikanisches Spionageflugzeug aus dem 2. Weltkrieg sein soll.<\/p>\n\n\n\n<figure class=\"wp-block-image size-large\"><img loading=\"lazy\" decoding=\"async\" width=\"1024\" height=\"768\" src=\"https:\/\/familie-weitgereist.de\/wp-content\/uploads\/2023\/06\/IMG_20230613_150312-1024x768.jpg\" alt=\"\" class=\"wp-image-15398\" srcset=\"https:\/\/familie-weitgereist.de\/wp-content\/uploads\/2023\/06\/IMG_20230613_150312-1024x768.jpg 1024w, https:\/\/familie-weitgereist.de\/wp-content\/uploads\/2023\/06\/IMG_20230613_150312-300x225.jpg 300w, https:\/\/familie-weitgereist.de\/wp-content\/uploads\/2023\/06\/IMG_20230613_150312-768x576.jpg 768w, https:\/\/familie-weitgereist.de\/wp-content\/uploads\/2023\/06\/IMG_20230613_150312-1536x1152.jpg 1536w, https:\/\/familie-weitgereist.de\/wp-content\/uploads\/2023\/06\/IMG_20230613_150312-2048x1536.jpg 2048w, https:\/\/familie-weitgereist.de\/wp-content\/uploads\/2023\/06\/IMG_20230613_150312-1200x900.jpg 1200w, https:\/\/familie-weitgereist.de\/wp-content\/uploads\/2023\/06\/IMG_20230613_150312-1980x1485.jpg 1980w, https:\/\/familie-weitgereist.de\/wp-content\/uploads\/2023\/06\/IMG_20230613_150312-150x113.jpg 150w\" sizes=\"auto, (max-width: 1024px) 100vw, 1024px\" \/><figcaption class=\"wp-element-caption\">Flugzeug auf der Burg in Gjirokast\u00ebr<\/figcaption><\/figure>\n\n\n\n<p>Der Eintritt in die Burg betr\u00e4gt 400 (ca. 3,60\u20ac) Lek pro Person. Kinder unter 12 Jahren zahlen keinen Eintritt. (<em>Stand Juni 2023<\/em>)<\/p>\n\n\n\n<h2 class=\"wp-block-heading\" id=\"lehze\">Lehz\u00eb <\/h2>\n\n\n\n<p>Wir haben eine Nacht in Lezh\u00eb verbracht und auf dem Parkplatz der Festung oberhalb der Stadt verbracht. Lezh\u00eb ist eine Kleinstadt mit ca. 15.000 Einwohnern im Norden Albaniens. Die Festung ist gepr\u00e4gt von antiken und osmanischen Einfl\u00fcssen. Unter dem damaligen Sultan S\u00fcleyman I. wurde die Festung von 1515 bis 1521 erneuert. Heute kann man die \u00dcberreste besichtigen und nahezu um die komplette Anlage herum laufen. Dabei bietet sich ein sch\u00f6ner Ausblick auf Lehz\u00eb, die H\u00fcgel und Berge und das Mittelmeer. <\/p>\n\n\n\n<div id=\"wp-block-themeisle-blocks-slider-3afb60e1\" class=\"wp-block-themeisle-blocks-slider glide\" data-per-view=\"1\" data-gap=\"0\" data-peek=\"0\" data-autoplay=\"true\" data-height=\"400px\" data-hide-arrows=\"false\"><div class=\"glide__track\" data-glide-el=\"track\"><div class=\"glide__slides\"><div class=\"wp-block-themeisle-blocks-slider-item-wrapper glide__slide\" tabindex=\"0\"><figure><img decoding=\"async\" class=\"wp-block-themeisle-blocks-slider-item\" src=\"https:\/\/familie-weitgereist.de\/wp-content\/uploads\/2023\/06\/IMG_20230625_091420-scaled.jpg\" alt=\"\" title=\"\" data-id=\"15567\"\/><\/figure><\/div><div class=\"wp-block-themeisle-blocks-slider-item-wrapper glide__slide\" tabindex=\"0\"><figure><img decoding=\"async\" class=\"wp-block-themeisle-blocks-slider-item\" src=\"https:\/\/familie-weitgereist.de\/wp-content\/uploads\/2023\/06\/IMG_20230625_090903-scaled.jpg\" alt=\"\" title=\"\" data-id=\"15569\"\/><\/figure><\/div><div class=\"wp-block-themeisle-blocks-slider-item-wrapper glide__slide\" tabindex=\"0\"><figure><img decoding=\"async\" class=\"wp-block-themeisle-blocks-slider-item\" src=\"https:\/\/familie-weitgereist.de\/wp-content\/uploads\/2023\/06\/IMG_20230625_085251-scaled.jpg\" alt=\"\" title=\"\" data-id=\"15572\"\/><\/figure><\/div><\/div><div class=\"glide__bullets\" data-glide-el=\"controls[nav]\"><button class=\"glide__bullet\" data-glide-dir=\"=0\"><\/button><button class=\"glide__bullet\" data-glide-dir=\"=1\"><\/button><button class=\"glide__bullet\" data-glide-dir=\"=2\"><\/button><\/div><\/div><\/div>\n\n\n\n<h2 class=\"wp-block-heading\" id=\"ohridsee\">Ohrid See <\/h2>\n\n\n\n<p>Der Ohridsee geh\u00f6rt zu <strong>einen der \u00e4ltesten Seen der Welt<\/strong> und er ist der <strong>\u00e4lteste See Europas <\/strong>mit 1,36 Millionen Jahren. Er wird durch nat\u00fcrliche Quellen gespeist und ist an der tiefsten Stelle 288 m tief. Der See geh\u00f6rt zum kleineren Teil zu Albanien und zum gr\u00f6\u00dferen zu Nordmazedonien. Der See liegt 695 m \u00fcber dem Meeresspiegel. Er spendet Erfrischung an hei\u00dfen Tagen. Die Wassertemperatur ist nie sehr warm, jedoch zum Baden im Sommer sch\u00f6n erfrischend und nicht zu kalt. Unsere beiden Jungs sind baden gewesen. Der See geh\u00f6rt auch zum <strong>Naturerbe des UNESCO Welterbes<\/strong>.<\/p>\n\n\n\n<figure class=\"wp-block-image size-large\"><img loading=\"lazy\" decoding=\"async\" width=\"1024\" height=\"768\" src=\"https:\/\/familie-weitgereist.de\/wp-content\/uploads\/2023\/06\/IMG_20230619_150954-1024x768.jpg\" alt=\"\" class=\"wp-image-15452\" srcset=\"https:\/\/familie-weitgereist.de\/wp-content\/uploads\/2023\/06\/IMG_20230619_150954-1024x768.jpg 1024w, https:\/\/familie-weitgereist.de\/wp-content\/uploads\/2023\/06\/IMG_20230619_150954-300x225.jpg 300w, https:\/\/familie-weitgereist.de\/wp-content\/uploads\/2023\/06\/IMG_20230619_150954-768x576.jpg 768w, https:\/\/familie-weitgereist.de\/wp-content\/uploads\/2023\/06\/IMG_20230619_150954-1536x1152.jpg 1536w, https:\/\/familie-weitgereist.de\/wp-content\/uploads\/2023\/06\/IMG_20230619_150954-2048x1536.jpg 2048w, https:\/\/familie-weitgereist.de\/wp-content\/uploads\/2023\/06\/IMG_20230619_150954-1200x900.jpg 1200w, https:\/\/familie-weitgereist.de\/wp-content\/uploads\/2023\/06\/IMG_20230619_150954-1980x1485.jpg 1980w, https:\/\/familie-weitgereist.de\/wp-content\/uploads\/2023\/06\/IMG_20230619_150954-150x113.jpg 150w\" sizes=\"auto, (max-width: 1024px) 100vw, 1024px\" \/><\/figure>\n\n\n\n<p>Wir haben in der N\u00e4he von Lin wundersch\u00f6ne Tage am See verbracht. Wir entspannten, badeten im See, gingen entlang des Ufers spazieren und genossen die Zeit mit unterwegs kennen gelernten neuen Freunden! <\/p>\n\n\n\n<figure class=\"wp-block-image size-large\"><img loading=\"lazy\" decoding=\"async\" width=\"1024\" height=\"768\" src=\"https:\/\/familie-weitgereist.de\/wp-content\/uploads\/2023\/06\/IMG_20230618_114019-1024x768.jpg\" alt=\"\" class=\"wp-image-15457\" srcset=\"https:\/\/familie-weitgereist.de\/wp-content\/uploads\/2023\/06\/IMG_20230618_114019-1024x768.jpg 1024w, https:\/\/familie-weitgereist.de\/wp-content\/uploads\/2023\/06\/IMG_20230618_114019-300x225.jpg 300w, https:\/\/familie-weitgereist.de\/wp-content\/uploads\/2023\/06\/IMG_20230618_114019-768x576.jpg 768w, https:\/\/familie-weitgereist.de\/wp-content\/uploads\/2023\/06\/IMG_20230618_114019-1536x1152.jpg 1536w, https:\/\/familie-weitgereist.de\/wp-content\/uploads\/2023\/06\/IMG_20230618_114019-2048x1536.jpg 2048w, https:\/\/familie-weitgereist.de\/wp-content\/uploads\/2023\/06\/IMG_20230618_114019-1200x900.jpg 1200w, https:\/\/familie-weitgereist.de\/wp-content\/uploads\/2023\/06\/IMG_20230618_114019-1980x1485.jpg 1980w, https:\/\/familie-weitgereist.de\/wp-content\/uploads\/2023\/06\/IMG_20230618_114019-150x113.jpg 150w\" sizes=\"auto, (max-width: 1024px) 100vw, 1024px\" \/><\/figure>\n\n\n\n<p>Von unserem Parkplatz am Strand sind wir 2 km entlang des Ufers nach Lin gelaufen. Dort haben wir uns inem Restaurant zu Abend gegessen, waren Eis essen und hatten eine sch\u00f6ne Zeit! <\/p>\n\n\n\n<div id=\"wp-block-themeisle-blocks-slider-19bcf97f\" class=\"wp-block-themeisle-blocks-slider glide\" data-per-view=\"1\" data-gap=\"0\" data-peek=\"0\" data-autoplay=\"true\" data-height=\"400px\" data-hide-arrows=\"false\"><div class=\"glide__track\" data-glide-el=\"track\"><div class=\"glide__slides\"><div class=\"wp-block-themeisle-blocks-slider-item-wrapper glide__slide\" tabindex=\"0\"><figure><img decoding=\"async\" class=\"wp-block-themeisle-blocks-slider-item\" src=\"https:\/\/familie-weitgereist.de\/wp-content\/uploads\/2023\/06\/IMG_20230619_194503-scaled.jpg\" alt=\"\" title=\"\" data-id=\"15453\"\/><\/figure><\/div><div class=\"wp-block-themeisle-blocks-slider-item-wrapper glide__slide\" tabindex=\"0\"><figure><img decoding=\"async\" class=\"wp-block-themeisle-blocks-slider-item\" src=\"https:\/\/familie-weitgereist.de\/wp-content\/uploads\/2023\/06\/IMG_20230619_175640-scaled.jpg\" alt=\"\" title=\"\" data-id=\"15454\"\/><figcaption>Restaurant in Lin<\/figcaption><\/figure><\/div><div class=\"wp-block-themeisle-blocks-slider-item-wrapper glide__slide\" tabindex=\"0\"><figure><img decoding=\"async\" class=\"wp-block-themeisle-blocks-slider-item\" src=\"https:\/\/familie-weitgereist.de\/wp-content\/uploads\/2023\/06\/IMG_20230619_172255-scaled.jpg\" alt=\"\" title=\"\" data-id=\"15455\"\/><figcaption>Lin<\/figcaption><\/figure><\/div><div class=\"wp-block-themeisle-blocks-slider-item-wrapper glide__slide\" tabindex=\"0\"><figure><img decoding=\"async\" class=\"wp-block-themeisle-blocks-slider-item\" src=\"https:\/\/familie-weitgereist.de\/wp-content\/uploads\/2023\/06\/IMG_20230619_165500-scaled.jpg\" alt=\"\" title=\"\" data-id=\"15458\"\/><\/figure><\/div><\/div><div class=\"glide__bullets\" data-glide-el=\"controls[nav]\"><button class=\"glide__bullet\" data-glide-dir=\"=0\"><\/button><button class=\"glide__bullet\" data-glide-dir=\"=1\"><\/button><button class=\"glide__bullet\" data-glide-dir=\"=2\"><\/button><button class=\"glide__bullet\" data-glide-dir=\"=3\"><\/button><\/div><\/div><\/div>\n\n\n\n<h2 class=\"wp-block-heading\">Spielpl\u00e4tze<\/h2>\n\n\n\n<p>In Albanien haben wir nicht so viele Spielpl\u00e4tze erkundet. Das lag sicherlich auch daran, dass wir uns haupts\u00e4chlich l\u00e4ndlich aufgehalten haben und die gr\u00f6\u00dferen St\u00e4dte gemieden haben.<\/p>\n\n\n\n<p>Einen kleinen Spielplatz haben wir in <strong>Shkodra<\/strong> gefunden.<\/p>\n\n\n\n<figure class=\"wp-block-image size-large\"><img loading=\"lazy\" decoding=\"async\" width=\"1024\" height=\"768\" src=\"https:\/\/familie-weitgereist.de\/wp-content\/uploads\/2023\/06\/IMG_20230625_113221-1024x768.jpg\" alt=\"\" class=\"wp-image-15587\" srcset=\"https:\/\/familie-weitgereist.de\/wp-content\/uploads\/2023\/06\/IMG_20230625_113221-1024x768.jpg 1024w, https:\/\/familie-weitgereist.de\/wp-content\/uploads\/2023\/06\/IMG_20230625_113221-300x225.jpg 300w, https:\/\/familie-weitgereist.de\/wp-content\/uploads\/2023\/06\/IMG_20230625_113221-768x576.jpg 768w, https:\/\/familie-weitgereist.de\/wp-content\/uploads\/2023\/06\/IMG_20230625_113221-1536x1152.jpg 1536w, https:\/\/familie-weitgereist.de\/wp-content\/uploads\/2023\/06\/IMG_20230625_113221-2048x1536.jpg 2048w, https:\/\/familie-weitgereist.de\/wp-content\/uploads\/2023\/06\/IMG_20230625_113221-1200x900.jpg 1200w, https:\/\/familie-weitgereist.de\/wp-content\/uploads\/2023\/06\/IMG_20230625_113221-1980x1485.jpg 1980w, https:\/\/familie-weitgereist.de\/wp-content\/uploads\/2023\/06\/IMG_20230625_113221-150x113.jpg 150w\" sizes=\"auto, (max-width: 1024px) 100vw, 1024px\" \/><figcaption class=\"wp-element-caption\">Spielplatz in Shkodra<\/figcaption><\/figure>\n","protected":false},"excerpt":{"rendered":"<p>Ab November 2022 haben wir unsere Elternzeit genutzt um mit unserem&nbsp;VW T6&nbsp;durch Europa zu reisen. Unsere Reise startete in&nbsp;Deutschland, f\u00fchrte anschlie\u00dfend weiter nach&nbsp;Luxemburg,&nbsp;Frankreich,&nbsp;Andorra, auf die&nbsp;balearischen Inseln,&nbsp;Gibraltar,&nbsp;Spanien,&nbsp;Portugal,&nbsp;La&nbsp;Gomera,&nbsp;Teneriffa&nbsp;und&nbsp;Gran Canaria. Um wieder in den Norden zu gelangen, unternahmen wir einen kleinen&nbsp;Roadtrip&nbsp;durch Spanien. Anschlie\u00dfend bereisten wir Italien. Wir starteten auf der wundersch\u00f6nen Insel&nbsp;Sardinien&nbsp;und reisten weiter nach&nbsp;Sizilien. Von Pozzallo auf [&hellip;]<\/p>\n","protected":false},"author":3,"featured_media":15418,"comment_status":"open","ping_status":"open","sticky":false,"template":"","format":"standard","meta":{"_themeisle_gutenberg_block_has_review":false,"footnotes":""},"categories":[265,8,4,377],"tags":[154,1056,1046,1043,1042,1044,1058,1059,1060,1048,156,1047,1045,1057,1061],"class_list":["post-15335","post","type-post","status-publish","format-standard","has-post-thumbnail","hentry","category-albanien","category-europa","category-laender","category-spielplaetze","tag-albanien","tag-albanische-alpen","tag-berat","tag-blue-eye","tag-butrint","tag-gjirokaster","tag-lezha","tag-lezhe","tag-lezhe-burg","tag-lin","tag-ohridsee","tag-syri-i-kalter","tag-thermalquelle-benje","tag-theth","tag-vermosh"],"_links":{"self":[{"href":"https:\/\/familie-weitgereist.de\/index.php?rest_route=\/wp\/v2\/posts\/15335","targetHints":{"allow":["GET"]}}],"collection":[{"href":"https:\/\/familie-weitgereist.de\/index.php?rest_route=\/wp\/v2\/posts"}],"about":[{"href":"https:\/\/familie-weitgereist.de\/index.php?rest_route=\/wp\/v2\/types\/post"}],"author":[{"embeddable":true,"href":"https:\/\/familie-weitgereist.de\/index.php?rest_route=\/wp\/v2\/users\/3"}],"replies":[{"embeddable":true,"href":"https:\/\/familie-weitgereist.de\/index.php?rest_route=%2Fwp%2Fv2%2Fcomments&post=15335"}],"version-history":[{"count":117,"href":"https:\/\/familie-weitgereist.de\/index.php?rest_route=\/wp\/v2\/posts\/15335\/revisions"}],"predecessor-version":[{"id":22638,"href":"https:\/\/familie-weitgereist.de\/index.php?rest_route=\/wp\/v2\/posts\/15335\/revisions\/22638"}],"wp:featuredmedia":[{"embeddable":true,"href":"https:\/\/familie-weitgereist.de\/index.php?rest_route=\/wp\/v2\/media\/15418"}],"wp:attachment":[{"href":"https:\/\/familie-weitgereist.de\/index.php?rest_route=%2Fwp%2Fv2%2Fmedia&parent=15335"}],"wp:term":[{"taxonomy":"category","embeddable":true,"href":"https:\/\/familie-weitgereist.de\/index.php?rest_route=%2Fwp%2Fv2%2Fcategories&post=15335"},{"taxonomy":"post_tag","embeddable":true,"href":"https:\/\/familie-weitgereist.de\/index.php?rest_route=%2Fwp%2Fv2%2Ftags&post=15335"}],"curies":[{"name":"wp","href":"https:\/\/api.w.org\/{rel}","templated":true}]}}