{"id":1501,"date":"2020-09-12T22:19:37","date_gmt":"2020-09-12T20:19:37","guid":{"rendered":"https:\/\/weitgereist.ddns.net\/?p=1501"},"modified":"2025-11-13T18:38:00","modified_gmt":"2025-11-13T17:38:00","slug":"ein-tagesausflug-nach-meissen-mit-kleinkind","status":"publish","type":"post","link":"https:\/\/familie-weitgereist.de\/?p=1501","title":{"rendered":"Mei\u00dfen, Sachsen mit Kleinkind"},"content":{"rendered":"\n<p>Es war ein wundersch\u00f6ner warmer Sp\u00e4tsommertag und wir packten uns ein Picknick ein und fuhren mit dem Auto nach Mei\u00dfen.<\/p>\n\n\n\n<figure class=\"wp-block-image size-large\"><img loading=\"lazy\" decoding=\"async\" width=\"2560\" height=\"1920\" src=\"https:\/\/weitgereist.ddns.net\/wp-content\/uploads\/2020\/09\/IMG_20200912_135722-scaled.jpg\" alt=\"\" class=\"wp-image-1504\" srcset=\"https:\/\/familie-weitgereist.de\/wp-content\/uploads\/2020\/09\/IMG_20200912_135722-scaled.jpg 2560w, https:\/\/familie-weitgereist.de\/wp-content\/uploads\/2020\/09\/IMG_20200912_135722-300x225.jpg 300w, https:\/\/familie-weitgereist.de\/wp-content\/uploads\/2020\/09\/IMG_20200912_135722-1024x768.jpg 1024w, https:\/\/familie-weitgereist.de\/wp-content\/uploads\/2020\/09\/IMG_20200912_135722-768x576.jpg 768w, https:\/\/familie-weitgereist.de\/wp-content\/uploads\/2020\/09\/IMG_20200912_135722-1536x1152.jpg 1536w, https:\/\/familie-weitgereist.de\/wp-content\/uploads\/2020\/09\/IMG_20200912_135722-2048x1536.jpg 2048w, https:\/\/familie-weitgereist.de\/wp-content\/uploads\/2020\/09\/IMG_20200912_135722-1200x900.jpg 1200w, https:\/\/familie-weitgereist.de\/wp-content\/uploads\/2020\/09\/IMG_20200912_135722-1980x1485.jpg 1980w\" sizes=\"auto, (max-width: 2560px) 100vw, 2560px\" \/><figcaption class=\"wp-element-caption\">Albrechtsburg und Dom zu Mei\u00dfen<\/figcaption><\/figure>\n\n\n\n<p>Mei\u00dfen haben wir schon \u00f6fters erkundet, besonders auch zur Adventszeit hat das kleine St\u00e4dtchen seinen ganz besonderen Charme. <\/p>\n\n\n\n<p>Diesmal wollten wir ebenso etwas die n\u00e4here Umgebung von Mei\u00dfen erkunden und parkten unser Auto in dem <strong>kleinen Ort S\u00f6rnewitz<\/strong>. Auf einem kostenlosen Wanderparkplatz starteten wir unsere Tour in die herrlichen Weinberge um Mei\u00dfen.<\/p>\n\n\n\n<p>Wir liefen auf den <strong>Boselberg zur Juchh\u00f6h<\/strong> <strong>Aussicht im Spaargebirge<\/strong>. Der Blick auf die Albrechtsburg in Mei\u00dfen und die Elbe ist wundersch\u00f6n.<\/p>\n\n\n\n<figure class=\"wp-block-image size-large\"><img loading=\"lazy\" decoding=\"async\" width=\"1920\" height=\"2560\" src=\"https:\/\/weitgereist.ddns.net\/wp-content\/uploads\/2020\/09\/img_20200912_1221484737294216351996017-scaled.jpg\" alt=\"\" class=\"wp-image-1506\" srcset=\"https:\/\/familie-weitgereist.de\/wp-content\/uploads\/2020\/09\/img_20200912_1221484737294216351996017-scaled.jpg 1920w, https:\/\/familie-weitgereist.de\/wp-content\/uploads\/2020\/09\/img_20200912_1221484737294216351996017-225x300.jpg 225w, https:\/\/familie-weitgereist.de\/wp-content\/uploads\/2020\/09\/img_20200912_1221484737294216351996017-768x1024.jpg 768w, https:\/\/familie-weitgereist.de\/wp-content\/uploads\/2020\/09\/img_20200912_1221484737294216351996017-1152x1536.jpg 1152w, https:\/\/familie-weitgereist.de\/wp-content\/uploads\/2020\/09\/img_20200912_1221484737294216351996017-1536x2048.jpg 1536w, https:\/\/familie-weitgereist.de\/wp-content\/uploads\/2020\/09\/img_20200912_1221484737294216351996017-1200x1600.jpg 1200w, https:\/\/familie-weitgereist.de\/wp-content\/uploads\/2020\/09\/img_20200912_1221484737294216351996017-1980x2640.jpg 1980w\" sizes=\"auto, (max-width: 1920px) 100vw, 1920px\" \/><figcaption class=\"wp-element-caption\">Auf dem Boselberg<\/figcaption><\/figure>\n\n\n\n<figure class=\"wp-block-image size-large\"><img loading=\"lazy\" decoding=\"async\" width=\"1280\" height=\"960\" src=\"https:\/\/weitgereist.ddns.net\/wp-content\/uploads\/2020\/09\/IMG_20200912_214404_005.jpg\" alt=\"\" class=\"wp-image-1508\" srcset=\"https:\/\/familie-weitgereist.de\/wp-content\/uploads\/2020\/09\/IMG_20200912_214404_005.jpg 1280w, https:\/\/familie-weitgereist.de\/wp-content\/uploads\/2020\/09\/IMG_20200912_214404_005-300x225.jpg 300w, https:\/\/familie-weitgereist.de\/wp-content\/uploads\/2020\/09\/IMG_20200912_214404_005-1024x768.jpg 1024w, https:\/\/familie-weitgereist.de\/wp-content\/uploads\/2020\/09\/IMG_20200912_214404_005-768x576.jpg 768w, https:\/\/familie-weitgereist.de\/wp-content\/uploads\/2020\/09\/IMG_20200912_214404_005-1200x900.jpg 1200w\" sizes=\"auto, (max-width: 1280px) 100vw, 1280px\" \/><figcaption class=\"wp-element-caption\">Mei\u00dfner Weinberge<\/figcaption><\/figure>\n\n\n\n<figure class=\"wp-block-image size-large\"><img loading=\"lazy\" decoding=\"async\" width=\"1280\" height=\"720\" src=\"https:\/\/weitgereist.ddns.net\/wp-content\/uploads\/2020\/09\/IMG_20200912_214339_017.jpg\" alt=\"\" class=\"wp-image-1509\" srcset=\"https:\/\/familie-weitgereist.de\/wp-content\/uploads\/2020\/09\/IMG_20200912_214339_017.jpg 1280w, https:\/\/familie-weitgereist.de\/wp-content\/uploads\/2020\/09\/IMG_20200912_214339_017-300x169.jpg 300w, https:\/\/familie-weitgereist.de\/wp-content\/uploads\/2020\/09\/IMG_20200912_214339_017-1024x576.jpg 1024w, https:\/\/familie-weitgereist.de\/wp-content\/uploads\/2020\/09\/IMG_20200912_214339_017-768x432.jpg 768w, https:\/\/familie-weitgereist.de\/wp-content\/uploads\/2020\/09\/IMG_20200912_214339_017-1200x675.jpg 1200w\" sizes=\"auto, (max-width: 1280px) 100vw, 1280px\" \/><figcaption class=\"wp-element-caption\">Aussicht von der Juchh\u00f6h<\/figcaption><\/figure>\n\n\n\n<p>Die Altstadt von Mei\u00dfen ist traumhaft. Kleine Gassen mit bunten Hausfassaden zieren die Stadt. <\/p>\n\n\n\n<figure class=\"wp-block-image size-large\"><img decoding=\"async\" src=\"file:\/\/\/data\/user\/0\/org.wordpress.android\/cache\/img_20200912_1548475315020206215002373.jpg\" alt=\"\" class=\"wp-image-34\"\/><\/figure>\n\n\n\n<p>Das Highlight von Mei\u00dfen ist sicherlich die Albrechtsburg und der Dom zu Mei\u00dfen. Beide thronen hoch \u00fcber der Elbe. Eine wunderbare Aussicht mit Blick auf die umliegenden Weinberge verzauberten uns. Die Albrechtsburg und auch der Dom k\u00f6nnen besichtigt werden. <\/p>\n\n\n\n<figure class=\"wp-block-image size-large\"><img loading=\"lazy\" decoding=\"async\" width=\"1920\" height=\"2560\" src=\"https:\/\/weitgereist.ddns.net\/wp-content\/uploads\/2020\/09\/img_20200912_1442158254994275928804224-scaled.jpg\" alt=\"\" class=\"wp-image-1511\" srcset=\"https:\/\/familie-weitgereist.de\/wp-content\/uploads\/2020\/09\/img_20200912_1442158254994275928804224-scaled.jpg 1920w, https:\/\/familie-weitgereist.de\/wp-content\/uploads\/2020\/09\/img_20200912_1442158254994275928804224-225x300.jpg 225w, https:\/\/familie-weitgereist.de\/wp-content\/uploads\/2020\/09\/img_20200912_1442158254994275928804224-768x1024.jpg 768w, https:\/\/familie-weitgereist.de\/wp-content\/uploads\/2020\/09\/img_20200912_1442158254994275928804224-1152x1536.jpg 1152w, https:\/\/familie-weitgereist.de\/wp-content\/uploads\/2020\/09\/img_20200912_1442158254994275928804224-1536x2048.jpg 1536w, https:\/\/familie-weitgereist.de\/wp-content\/uploads\/2020\/09\/img_20200912_1442158254994275928804224-1200x1600.jpg 1200w, https:\/\/familie-weitgereist.de\/wp-content\/uploads\/2020\/09\/img_20200912_1442158254994275928804224-1980x2640.jpg 1980w\" sizes=\"auto, (max-width: 1920px) 100vw, 1920px\" \/><figcaption class=\"wp-element-caption\">Mei\u00dfner Altstadt mit Blick auf den Dom<\/figcaption><\/figure>\n\n\n\n<p>Viele kleine Tavernen und Gastst\u00e4tten laden zum Verweilen ein. Wir genossen ein Eis und schlenderten weiter durch die Altstadt.<\/p>\n\n\n\n<figure class=\"wp-block-image size-large\"><img loading=\"lazy\" decoding=\"async\" width=\"1920\" height=\"2560\" src=\"https:\/\/weitgereist.ddns.net\/wp-content\/uploads\/2020\/09\/img_20200912_1447475266140876266354428-scaled.jpg\" alt=\"\" class=\"wp-image-1512\" srcset=\"https:\/\/familie-weitgereist.de\/wp-content\/uploads\/2020\/09\/img_20200912_1447475266140876266354428-scaled.jpg 1920w, https:\/\/familie-weitgereist.de\/wp-content\/uploads\/2020\/09\/img_20200912_1447475266140876266354428-225x300.jpg 225w, https:\/\/familie-weitgereist.de\/wp-content\/uploads\/2020\/09\/img_20200912_1447475266140876266354428-768x1024.jpg 768w, https:\/\/familie-weitgereist.de\/wp-content\/uploads\/2020\/09\/img_20200912_1447475266140876266354428-1152x1536.jpg 1152w, https:\/\/familie-weitgereist.de\/wp-content\/uploads\/2020\/09\/img_20200912_1447475266140876266354428-1536x2048.jpg 1536w, https:\/\/familie-weitgereist.de\/wp-content\/uploads\/2020\/09\/img_20200912_1447475266140876266354428-1200x1600.jpg 1200w, https:\/\/familie-weitgereist.de\/wp-content\/uploads\/2020\/09\/img_20200912_1447475266140876266354428-1980x2640.jpg 1980w\" sizes=\"auto, (max-width: 1920px) 100vw, 1920px\" \/><figcaption class=\"wp-element-caption\">Kleine Tavernen und Gastst\u00e4tten<\/figcaption><\/figure>\n\n\n\n<figure class=\"wp-block-image size-large\"><img loading=\"lazy\" decoding=\"async\" width=\"2560\" height=\"1920\" src=\"https:\/\/weitgereist.ddns.net\/wp-content\/uploads\/2020\/09\/IMG_20200912_145639-scaled.jpg\" alt=\"\" class=\"wp-image-1514\" srcset=\"https:\/\/familie-weitgereist.de\/wp-content\/uploads\/2020\/09\/IMG_20200912_145639-scaled.jpg 2560w, https:\/\/familie-weitgereist.de\/wp-content\/uploads\/2020\/09\/IMG_20200912_145639-300x225.jpg 300w, https:\/\/familie-weitgereist.de\/wp-content\/uploads\/2020\/09\/IMG_20200912_145639-1024x768.jpg 1024w, https:\/\/familie-weitgereist.de\/wp-content\/uploads\/2020\/09\/IMG_20200912_145639-768x576.jpg 768w, https:\/\/familie-weitgereist.de\/wp-content\/uploads\/2020\/09\/IMG_20200912_145639-1536x1152.jpg 1536w, https:\/\/familie-weitgereist.de\/wp-content\/uploads\/2020\/09\/IMG_20200912_145639-2048x1536.jpg 2048w, https:\/\/familie-weitgereist.de\/wp-content\/uploads\/2020\/09\/IMG_20200912_145639-1200x900.jpg 1200w, https:\/\/familie-weitgereist.de\/wp-content\/uploads\/2020\/09\/IMG_20200912_145639-1980x1485.jpg 1980w\" sizes=\"auto, (max-width: 2560px) 100vw, 2560px\" \/><figcaption class=\"wp-element-caption\">Die Albrechtsburg<\/figcaption><\/figure>\n\n\n\n<figure class=\"wp-block-image size-large\"><img loading=\"lazy\" decoding=\"async\" width=\"2560\" height=\"1920\" src=\"https:\/\/weitgereist.ddns.net\/wp-content\/uploads\/2020\/09\/IMG_20200912_150700-scaled.jpg\" alt=\"\" class=\"wp-image-1518\" srcset=\"https:\/\/familie-weitgereist.de\/wp-content\/uploads\/2020\/09\/IMG_20200912_150700-scaled.jpg 2560w, https:\/\/familie-weitgereist.de\/wp-content\/uploads\/2020\/09\/IMG_20200912_150700-300x225.jpg 300w, https:\/\/familie-weitgereist.de\/wp-content\/uploads\/2020\/09\/IMG_20200912_150700-1024x768.jpg 1024w, https:\/\/familie-weitgereist.de\/wp-content\/uploads\/2020\/09\/IMG_20200912_150700-768x576.jpg 768w, https:\/\/familie-weitgereist.de\/wp-content\/uploads\/2020\/09\/IMG_20200912_150700-1536x1152.jpg 1536w, https:\/\/familie-weitgereist.de\/wp-content\/uploads\/2020\/09\/IMG_20200912_150700-2048x1536.jpg 2048w, https:\/\/familie-weitgereist.de\/wp-content\/uploads\/2020\/09\/IMG_20200912_150700-1200x900.jpg 1200w, https:\/\/familie-weitgereist.de\/wp-content\/uploads\/2020\/09\/IMG_20200912_150700-1980x1485.jpg 1980w\" sizes=\"auto, (max-width: 2560px) 100vw, 2560px\" \/><figcaption class=\"wp-element-caption\">Die Albrechtsburg<\/figcaption><\/figure>\n\n\n\n<figure class=\"wp-block-image size-large\"><img loading=\"lazy\" decoding=\"async\" width=\"1920\" height=\"2560\" src=\"https:\/\/weitgereist.ddns.net\/wp-content\/uploads\/2020\/09\/img_20200912_1504431672823014142773952-scaled.jpg\" alt=\"\" class=\"wp-image-1516\" srcset=\"https:\/\/familie-weitgereist.de\/wp-content\/uploads\/2020\/09\/img_20200912_1504431672823014142773952-scaled.jpg 1920w, https:\/\/familie-weitgereist.de\/wp-content\/uploads\/2020\/09\/img_20200912_1504431672823014142773952-225x300.jpg 225w, https:\/\/familie-weitgereist.de\/wp-content\/uploads\/2020\/09\/img_20200912_1504431672823014142773952-768x1024.jpg 768w, https:\/\/familie-weitgereist.de\/wp-content\/uploads\/2020\/09\/img_20200912_1504431672823014142773952-1152x1536.jpg 1152w, https:\/\/familie-weitgereist.de\/wp-content\/uploads\/2020\/09\/img_20200912_1504431672823014142773952-1536x2048.jpg 1536w, https:\/\/familie-weitgereist.de\/wp-content\/uploads\/2020\/09\/img_20200912_1504431672823014142773952-1200x1600.jpg 1200w, https:\/\/familie-weitgereist.de\/wp-content\/uploads\/2020\/09\/img_20200912_1504431672823014142773952-1980x2640.jpg 1980w\" sizes=\"auto, (max-width: 1920px) 100vw, 1920px\" \/><figcaption class=\"wp-element-caption\">Der Dom zu Mei\u00dfen<\/figcaption><\/figure>\n\n\n\n<p>Unser R\u00fcckweg f\u00fchrte uns auf dem Elberadweg aus der Stadt, zur\u00fcck nach S\u00f6rnewitz, wo unser Auto parkte. <\/p>\n\n\n\n<figure class=\"wp-block-image size-large\"><img loading=\"lazy\" decoding=\"async\" width=\"2560\" height=\"1920\" src=\"https:\/\/weitgereist.ddns.net\/wp-content\/uploads\/2020\/09\/IMG_20200912_165558-scaled.jpg\" alt=\"\" class=\"wp-image-1513\" srcset=\"https:\/\/familie-weitgereist.de\/wp-content\/uploads\/2020\/09\/IMG_20200912_165558-scaled.jpg 2560w, https:\/\/familie-weitgereist.de\/wp-content\/uploads\/2020\/09\/IMG_20200912_165558-300x225.jpg 300w, https:\/\/familie-weitgereist.de\/wp-content\/uploads\/2020\/09\/IMG_20200912_165558-1024x768.jpg 1024w, https:\/\/familie-weitgereist.de\/wp-content\/uploads\/2020\/09\/IMG_20200912_165558-768x576.jpg 768w, https:\/\/familie-weitgereist.de\/wp-content\/uploads\/2020\/09\/IMG_20200912_165558-1536x1152.jpg 1536w, https:\/\/familie-weitgereist.de\/wp-content\/uploads\/2020\/09\/IMG_20200912_165558-2048x1536.jpg 2048w, https:\/\/familie-weitgereist.de\/wp-content\/uploads\/2020\/09\/IMG_20200912_165558-1200x900.jpg 1200w, https:\/\/familie-weitgereist.de\/wp-content\/uploads\/2020\/09\/IMG_20200912_165558-1980x1485.jpg 1980w\" sizes=\"auto, (max-width: 2560px) 100vw, 2560px\" \/><figcaption class=\"wp-element-caption\">Der Elberadweg zwischen Mei\u00dfen und Dresden<\/figcaption><\/figure>\n","protected":false},"excerpt":{"rendered":"<p>Es war ein wundersch\u00f6ner warmer Sp\u00e4tsommertag und wir packten uns ein Picknick ein und fuhren mit dem Auto nach Mei\u00dfen. Mei\u00dfen haben wir schon \u00f6fters erkundet, besonders auch zur Adventszeit hat das kleine St\u00e4dtchen seinen ganz besonderen Charme. Diesmal wollten wir ebenso etwas die n\u00e4here Umgebung von Mei\u00dfen erkunden und parkten unser Auto in dem [&hellip;]<\/p>\n","protected":false},"author":3,"featured_media":1514,"comment_status":"open","ping_status":"open","sticky":false,"template":"","format":"standard","meta":{"_themeisle_gutenberg_block_has_review":false,"footnotes":""},"categories":[242,331,1762],"tags":[337,338,325,340,1821,336,204,1819,1820,339],"class_list":["post-1501","post","type-post","status-publish","format-standard","has-post-thumbnail","hentry","category-deutschland","category-miniabenteuer","category-sachsen","tag-albrechtsburg","tag-boselberg","tag-deutschland","tag-elberadweg","tag-juchhoeh-aussicht","tag-meissen","tag-sachsen","tag-soernewitz","tag-spaargebirge","tag-weinberge"],"_links":{"self":[{"href":"https:\/\/familie-weitgereist.de\/index.php?rest_route=\/wp\/v2\/posts\/1501","targetHints":{"allow":["GET"]}}],"collection":[{"href":"https:\/\/familie-weitgereist.de\/index.php?rest_route=\/wp\/v2\/posts"}],"about":[{"href":"https:\/\/familie-weitgereist.de\/index.php?rest_route=\/wp\/v2\/types\/post"}],"author":[{"embeddable":true,"href":"https:\/\/familie-weitgereist.de\/index.php?rest_route=\/wp\/v2\/users\/3"}],"replies":[{"embeddable":true,"href":"https:\/\/familie-weitgereist.de\/index.php?rest_route=%2Fwp%2Fv2%2Fcomments&post=1501"}],"version-history":[{"count":11,"href":"https:\/\/familie-weitgereist.de\/index.php?rest_route=\/wp\/v2\/posts\/1501\/revisions"}],"predecessor-version":[{"id":24033,"href":"https:\/\/familie-weitgereist.de\/index.php?rest_route=\/wp\/v2\/posts\/1501\/revisions\/24033"}],"wp:featuredmedia":[{"embeddable":true,"href":"https:\/\/familie-weitgereist.de\/index.php?rest_route=\/wp\/v2\/media\/1514"}],"wp:attachment":[{"href":"https:\/\/familie-weitgereist.de\/index.php?rest_route=%2Fwp%2Fv2%2Fmedia&parent=1501"}],"wp:term":[{"taxonomy":"category","embeddable":true,"href":"https:\/\/familie-weitgereist.de\/index.php?rest_route=%2Fwp%2Fv2%2Fcategories&post=1501"},{"taxonomy":"post_tag","embeddable":true,"href":"https:\/\/familie-weitgereist.de\/index.php?rest_route=%2Fwp%2Fv2%2Ftags&post=1501"}],"curies":[{"name":"wp","href":"https:\/\/api.w.org\/{rel}","templated":true}]}}