{"id":14950,"date":"2023-05-21T22:40:29","date_gmt":"2023-05-21T20:40:29","guid":{"rendered":"https:\/\/familie-weitgereist.de\/?p=14950"},"modified":"2025-10-07T23:16:27","modified_gmt":"2025-10-07T21:16:27","slug":"europareise-roadtrip-sueditalien-mit-kleinkind-und-baby","status":"publish","type":"post","link":"https:\/\/familie-weitgereist.de\/?p=14950","title":{"rendered":"Europareise Roadtrip &#8211; S\u00fcditalien mit Kleinkind und Baby"},"content":{"rendered":"\n<p>Ab November 2022 haben wir unsere Elternzeit genutzt um mit unserem&nbsp;<strong>VW T6&nbsp;<\/strong>durch Europa zu reisen. Unsere Reise startete in&nbsp;<strong><a href=\"https:\/\/familie-weitgereist.de\/?p=11288\">Deutschland<\/a><\/strong>, f\u00fchrte anschlie\u00dfend weiter nach&nbsp;<strong><a href=\"https:\/\/familie-weitgereist.de\/?p=11342\">Luxemburg<\/a><\/strong>,&nbsp;<strong><a href=\"https:\/\/familie-weitgereist.de\/?p=11397\">Frankreich<\/a><\/strong>,&nbsp;<strong><a href=\"https:\/\/familie-weitgereist.de\/?p=11799\">Andorra<\/a><\/strong>, auf die&nbsp;<strong><a href=\"https:\/\/familie-weitgereist.de\/?p=12081\">balearischen Inseln<\/a><\/strong>,&nbsp;<strong><a href=\"https:\/\/familie-weitgereist.de\/?p=12528\">Gibraltar<\/a><\/strong>,&nbsp;<a href=\"https:\/\/familie-weitgereist.de\/?p=12073\"><strong>Spanien<\/strong><\/a>,&nbsp;<a href=\"https:\/\/familie-weitgereist.de\/?p=12700\"><strong>Portugal<\/strong><\/a>,&nbsp;<a href=\"https:\/\/familie-weitgereist.de\/?p=12861\"><strong>La<\/strong>&nbsp;<strong>Gomera<\/strong><\/a>,&nbsp;<strong><a href=\"https:\/\/familie-weitgereist.de\/?p=13024\">Teneriffa<\/a><\/strong>&nbsp;und&nbsp;<strong><a href=\"https:\/\/familie-weitgereist.de\/?p=13365\">Gran Canaria<\/a><\/strong>. Um wieder in den Norden zu gelangen, unternahmen wir einen kleinen&nbsp;<a href=\"https:\/\/familie-weitgereist.de\/?p=14008\"><strong>Roadtrip<\/strong>&nbsp;<strong>durch Spanien<\/strong><\/a>. Anschlie\u00dfend bereisten wir Italien. Wir starteten auf der wundersch\u00f6nen Insel&nbsp;<strong><a href=\"https:\/\/familie-weitgereist.de\/?p=14061\">Sardinien<\/a><\/strong>&nbsp;und reisten weiter nach&nbsp;<strong><a href=\"https:\/\/familie-weitgereist.de\/?p=14195\">Sizilien<\/a><\/strong>. Von Pozzallo auf Sizilien reisten wir mit der F\u00e4hre nach <strong><a href=\"https:\/\/familie-weitgereist.de\/?p=14503\">Malta<\/a><\/strong>.<\/p>\n\n\n\n<figure class=\"wp-block-embed is-type-video is-provider-youtube wp-block-embed-youtube wp-embed-aspect-16-9 wp-has-aspect-ratio\"><div class=\"wp-block-embed__wrapper\">\n<iframe loading=\"lazy\" title=\"ROADTRIP EUROPA 2022\/2023 - Woche #28\" width=\"580\" height=\"326\" src=\"https:\/\/www.youtube.com\/embed\/tJQejn1eebc?feature=oembed\" frameborder=\"0\" allow=\"accelerometer; autoplay; clipboard-write; encrypted-media; gyroscope; picture-in-picture; web-share\" referrerpolicy=\"strict-origin-when-cross-origin\" allowfullscreen><\/iframe>\n<\/div><\/figure>\n\n\n\n<h2 class=\"wp-block-heading\">Anreise <\/h2>\n\n\n\n<p>Wir sind von Messina auf Sizilien mit der F\u00e4hre nach Villa San Giovanni in Kalabrien gefahren. Die \u00dcberfahrt dauerte nur 20 Minuten und kostete f\u00fcr uns vier und unseren Camper 36,50\u20ac. (<em>Stand Mai 2023<\/em>)<\/p>\n\n\n\n<figure class=\"wp-block-image size-large\"><img loading=\"lazy\" decoding=\"async\" width=\"1024\" height=\"768\" src=\"https:\/\/familie-weitgereist.de\/wp-content\/uploads\/2023\/05\/IMG_20230521_101940-1024x768.jpg\" alt=\"\" class=\"wp-image-14954\" srcset=\"https:\/\/familie-weitgereist.de\/wp-content\/uploads\/2023\/05\/IMG_20230521_101940-1024x768.jpg 1024w, https:\/\/familie-weitgereist.de\/wp-content\/uploads\/2023\/05\/IMG_20230521_101940-300x225.jpg 300w, https:\/\/familie-weitgereist.de\/wp-content\/uploads\/2023\/05\/IMG_20230521_101940-768x576.jpg 768w, https:\/\/familie-weitgereist.de\/wp-content\/uploads\/2023\/05\/IMG_20230521_101940-1536x1152.jpg 1536w, https:\/\/familie-weitgereist.de\/wp-content\/uploads\/2023\/05\/IMG_20230521_101940-2048x1536.jpg 2048w, https:\/\/familie-weitgereist.de\/wp-content\/uploads\/2023\/05\/IMG_20230521_101940-1200x900.jpg 1200w, https:\/\/familie-weitgereist.de\/wp-content\/uploads\/2023\/05\/IMG_20230521_101940-1980x1485.jpg 1980w, https:\/\/familie-weitgereist.de\/wp-content\/uploads\/2023\/05\/IMG_20230521_101940-150x113.jpg 150w\" sizes=\"auto, (max-width: 1024px) 100vw, 1024px\" \/><figcaption class=\"wp-element-caption\">F\u00e4hre Sizilien &#8211; Kalabrien <\/figcaption><\/figure>\n\n\n\n<p>Wir haben auf unserem Weg nach Brindisi noch einige sch\u00f6ne Fleckchen Italiens erkundet und sind durch die <strong>Provinzen Kalabrien, Basilikata und Apulien<\/strong> gereist.<\/p>\n\n\n\n<h2 class=\"wp-block-heading\">Alberobello <\/h2>\n\n\n\n<p><strong>Alberobello<\/strong> ist ein Ort in <strong>Apulien<\/strong>, der f\u00fcr seine <strong><em>Trulli<\/em><\/strong> bekannt ist. Dies sind wei\u00dfe Steinh\u00e4user mit kegelf\u00f6rmigen Steind\u00e4chern. <\/p>\n\n\n\n<div id=\"wp-block-themeisle-blocks-slider-231236cc\" class=\"wp-block-themeisle-blocks-slider glide\" data-per-view=\"1\" data-gap=\"0\" data-peek=\"0\" data-autoplay=\"true\" data-height=\"400px\" data-hide-arrows=\"false\"><div class=\"glide__track\" data-glide-el=\"track\"><div class=\"glide__slides\"><div class=\"wp-block-themeisle-blocks-slider-item-wrapper glide__slide\" tabindex=\"0\"><figure><img decoding=\"async\" class=\"wp-block-themeisle-blocks-slider-item\" src=\"https:\/\/familie-weitgereist.de\/wp-content\/uploads\/2023\/05\/IMG_20230525_122631-scaled.jpg\" alt=\"\" title=\"\" data-id=\"15040\"\/><\/figure><\/div><div class=\"wp-block-themeisle-blocks-slider-item-wrapper glide__slide\" tabindex=\"0\"><figure><img decoding=\"async\" class=\"wp-block-themeisle-blocks-slider-item\" src=\"https:\/\/familie-weitgereist.de\/wp-content\/uploads\/2023\/05\/IMG_20230525_122334-scaled.jpg\" alt=\"\" title=\"\" data-id=\"15042\"\/><\/figure><\/div><div class=\"wp-block-themeisle-blocks-slider-item-wrapper glide__slide\" tabindex=\"0\"><figure><img decoding=\"async\" class=\"wp-block-themeisle-blocks-slider-item\" src=\"https:\/\/familie-weitgereist.de\/wp-content\/uploads\/2023\/05\/IMG_20230525_114345-scaled.jpg\" alt=\"\" title=\"\" data-id=\"15043\"\/><\/figure><\/div><\/div><div class=\"glide__bullets\" data-glide-el=\"controls[nav]\"><button class=\"glide__bullet\" data-glide-dir=\"=0\"><\/button><button class=\"glide__bullet\" data-glide-dir=\"=1\"><\/button><button class=\"glide__bullet\" data-glide-dir=\"=2\"><\/button><\/div><\/div><\/div>\n\n\n\n<p>Auf einem Berg gelegen, in dem Viertel <em>Rione Monti<\/em> stehen ganz viele dieser H\u00e4user. Seit 1996 z\u00e4hlen sie zu den UNESCO Weltkulturerbe. Viele sind tats\u00e4chlich Wohnh\u00e4user, andere werden als Souvenirladen, Restaurants, Caf\u00e9s oder Oliven-, Seifen- und Weingesch\u00e4fte genutzt. Ca. 10.000 Menschen leben heute noch in Alberobello, jedoch nicht ausschlie\u00dflich in den Trulli, sondern in den neueren H\u00e4usern der Stadt, die zwar wei\u00df gestrichen sind, jedoch wie normale Wohnh\u00e4user aussehen.<\/p>\n\n\n\n<div id=\"wp-block-themeisle-blocks-slider-d60a0bba\" class=\"wp-block-themeisle-blocks-slider glide\" data-per-view=\"1\" data-gap=\"0\" data-peek=\"0\" data-autoplay=\"true\" data-height=\"400px\" data-hide-arrows=\"false\"><div class=\"glide__track\" data-glide-el=\"track\"><div class=\"glide__slides\"><div class=\"wp-block-themeisle-blocks-slider-item-wrapper glide__slide\" tabindex=\"0\"><figure><img decoding=\"async\" class=\"wp-block-themeisle-blocks-slider-item\" src=\"https:\/\/familie-weitgereist.de\/wp-content\/uploads\/2023\/05\/IMG_20230525_133535-scaled.jpg\" alt=\"\" title=\"\" data-id=\"15035\"\/><\/figure><\/div><div class=\"wp-block-themeisle-blocks-slider-item-wrapper glide__slide\" tabindex=\"0\"><figure><img decoding=\"async\" class=\"wp-block-themeisle-blocks-slider-item\" src=\"https:\/\/familie-weitgereist.de\/wp-content\/uploads\/2023\/05\/IMG_20230525_133330-scaled.jpg\" alt=\"\" title=\"\" data-id=\"15036\"\/><\/figure><\/div><div class=\"wp-block-themeisle-blocks-slider-item-wrapper glide__slide\" tabindex=\"0\"><figure><img decoding=\"async\" class=\"wp-block-themeisle-blocks-slider-item\" src=\"https:\/\/familie-weitgereist.de\/wp-content\/uploads\/2023\/05\/IMG_20230525_133253-scaled.jpg\" alt=\"\" title=\"\" data-id=\"15038\"\/><\/figure><\/div><div class=\"wp-block-themeisle-blocks-slider-item-wrapper glide__slide\" tabindex=\"0\"><figure><img decoding=\"async\" class=\"wp-block-themeisle-blocks-slider-item\" src=\"https:\/\/familie-weitgereist.de\/wp-content\/uploads\/2023\/05\/IMG_20230525_122645-scaled.jpg\" alt=\"\" title=\"\" data-id=\"15041\"\/><\/figure><\/div><\/div><div class=\"glide__bullets\" data-glide-el=\"controls[nav]\"><button class=\"glide__bullet\" data-glide-dir=\"=0\"><\/button><button class=\"glide__bullet\" data-glide-dir=\"=1\"><\/button><button class=\"glide__bullet\" data-glide-dir=\"=2\"><\/button><button class=\"glide__bullet\" data-glide-dir=\"=3\"><\/button><\/div><\/div><\/div>\n\n\n\n<p>Es ist nicht ganz gewiss, seit wann es diese speziellen H\u00e4user in der Region um Alberobello gibt. F\u00fcr die vermehrte Bauweise jener speziellen H\u00e4user in dieser Region ist der damalige Feudalherr Giangirolamo II. Acquaviva verantwortlich. Er wollte eine, im 17. Jahrhundert im K\u00f6nigreich Neapel geltende Bestimmung umgehen, die besagte, dass keine neuen Ortschaften ohne Erlaubnis gegr\u00fcndet werden d\u00fcrfen. Diese Erlaubnis kostete Geld. Da sich immer mehr Menschen in der Region um Alberobello ansiedelten, beschloss er die Pflicht zum Erbauen der H\u00e4user in <strong>Trullo-Bauweise<\/strong>. Kam es zu einer kaiserlichen Kontrolle, wurden die D\u00e4cher abmontiert, um zu demonstrieren, dass diese halben H\u00e4user ja nicht als Ansiedlung bezeichnet werden k\u00f6nnen. Diese Idee hatte Erfolg und es mussten keine Steuern gezahlt werden. Seitdem wird in Alberobello und den klassischen <em>Trulli<\/em> H\u00e4usern kein M\u00f6rtel verwendet.<\/p>\n\n\n\n<p>Die <strong>Wallfahrtskirche Sant&#8217;Antonio di Padova<\/strong> befindet sich im h\u00f6her gelegenen Viertel <em>Rione Monti<\/em>. Die Kirche wurde 1926-1927 errichtet und ist in der klassischen <strong>Trullo-Bauweise<\/strong> gebaut. <\/p>\n\n\n\n<figure class=\"wp-block-image size-large\"><img loading=\"lazy\" decoding=\"async\" width=\"1024\" height=\"768\" src=\"https:\/\/familie-weitgereist.de\/wp-content\/uploads\/2023\/05\/IMG_20230525_132240-1024x768.jpg\" alt=\"\" class=\"wp-image-15031\" srcset=\"https:\/\/familie-weitgereist.de\/wp-content\/uploads\/2023\/05\/IMG_20230525_132240-1024x768.jpg 1024w, https:\/\/familie-weitgereist.de\/wp-content\/uploads\/2023\/05\/IMG_20230525_132240-300x225.jpg 300w, https:\/\/familie-weitgereist.de\/wp-content\/uploads\/2023\/05\/IMG_20230525_132240-768x576.jpg 768w, https:\/\/familie-weitgereist.de\/wp-content\/uploads\/2023\/05\/IMG_20230525_132240-1536x1152.jpg 1536w, https:\/\/familie-weitgereist.de\/wp-content\/uploads\/2023\/05\/IMG_20230525_132240-2048x1536.jpg 2048w, https:\/\/familie-weitgereist.de\/wp-content\/uploads\/2023\/05\/IMG_20230525_132240-1200x900.jpg 1200w, https:\/\/familie-weitgereist.de\/wp-content\/uploads\/2023\/05\/IMG_20230525_132240-1980x1485.jpg 1980w, https:\/\/familie-weitgereist.de\/wp-content\/uploads\/2023\/05\/IMG_20230525_132240-150x113.jpg 150w\" sizes=\"auto, (max-width: 1024px) 100vw, 1024px\" \/><figcaption class=\"wp-element-caption\">Wallfahrtskirche<\/figcaption><\/figure>\n\n\n\n<p>Gegen\u00fcber der Kirche befindet sich ein sch\u00f6ner <strong>kleiner Park mit Spielplatz<\/strong>. Dort haben wir nat\u00fcrlich eine Weile verbracht. <\/p>\n\n\n\n<figure class=\"wp-block-image size-large\"><img loading=\"lazy\" decoding=\"async\" width=\"1024\" height=\"768\" src=\"https:\/\/familie-weitgereist.de\/wp-content\/uploads\/2023\/05\/IMG_20230525_131250-1024x768.jpg\" alt=\"\" class=\"wp-image-15028\" srcset=\"https:\/\/familie-weitgereist.de\/wp-content\/uploads\/2023\/05\/IMG_20230525_131250-1024x768.jpg 1024w, https:\/\/familie-weitgereist.de\/wp-content\/uploads\/2023\/05\/IMG_20230525_131250-300x225.jpg 300w, https:\/\/familie-weitgereist.de\/wp-content\/uploads\/2023\/05\/IMG_20230525_131250-768x576.jpg 768w, https:\/\/familie-weitgereist.de\/wp-content\/uploads\/2023\/05\/IMG_20230525_131250-1536x1152.jpg 1536w, https:\/\/familie-weitgereist.de\/wp-content\/uploads\/2023\/05\/IMG_20230525_131250-2048x1536.jpg 2048w, https:\/\/familie-weitgereist.de\/wp-content\/uploads\/2023\/05\/IMG_20230525_131250-1200x900.jpg 1200w, https:\/\/familie-weitgereist.de\/wp-content\/uploads\/2023\/05\/IMG_20230525_131250-1980x1485.jpg 1980w, https:\/\/familie-weitgereist.de\/wp-content\/uploads\/2023\/05\/IMG_20230525_131250-150x113.jpg 150w\" sizes=\"auto, (max-width: 1024px) 100vw, 1024px\" \/><figcaption class=\"wp-element-caption\">Park mit Spielplatz in Alberobello<\/figcaption><\/figure>\n\n\n\n<p>Die ber\u00fchmten Trulli H\u00e4user stehen nicht nur in Alberobello. Als wir mit unserem Camper durch das Hinterland gefahren sind, sahen wir viele vereinzelt stehende Trulli. Gebaut wurden sie nach dem Vorbild der traditionellen Hirtenh\u00fctten in der Region. <\/p>\n\n\n\n<p>Toll ist auch, dass es in Alberobello kostenlose \u00f6ffentliche Toiletten gibt. <\/p>\n\n\n\n<h2 class=\"wp-block-heading\">Lago di San Giuliano<\/h2>\n\n\n\n<p>Der nat\u00fcrliche See liegt im <strong>Naturreservat<\/strong> <em><strong>Riserva Naturale San Giuliano<\/strong><\/em> und unweit von der bekannten Stadt <strong>Matera<\/strong>. Es f\u00fchrt eine Stra\u00dfe um den See herum und abschnittsweise auch ein Wanderweg. <\/p>\n\n\n\n<p>Wir haben an dem See eine Nacht verbracht und hatten einen wunderbar entspannten Tag inmitten sch\u00f6nster Natur.<\/p>\n\n\n\n<div id=\"wp-block-themeisle-blocks-slider-3c2f9081\" class=\"wp-block-themeisle-blocks-slider glide\" data-per-view=\"1\" data-gap=\"0\" data-peek=\"0\" data-autoplay=\"true\" data-height=\"400px\" data-hide-arrows=\"false\"><div class=\"glide__track\" data-glide-el=\"track\"><div class=\"glide__slides\"><div class=\"wp-block-themeisle-blocks-slider-item-wrapper glide__slide\" tabindex=\"0\"><figure><img decoding=\"async\" class=\"wp-block-themeisle-blocks-slider-item\" src=\"https:\/\/familie-weitgereist.de\/wp-content\/uploads\/2023\/05\/IMG_20230523_112017-scaled.jpg\" alt=\"\" title=\"\" data-id=\"14989\"\/><\/figure><\/div><div class=\"wp-block-themeisle-blocks-slider-item-wrapper glide__slide\" tabindex=\"0\"><figure><img decoding=\"async\" class=\"wp-block-themeisle-blocks-slider-item\" src=\"https:\/\/familie-weitgereist.de\/wp-content\/uploads\/2023\/05\/IMG_20230523_100317-scaled.jpg\" alt=\"\" title=\"\" data-id=\"14990\"\/><\/figure><\/div><div class=\"wp-block-themeisle-blocks-slider-item-wrapper glide__slide\" tabindex=\"0\"><figure><img decoding=\"async\" class=\"wp-block-themeisle-blocks-slider-item\" src=\"https:\/\/familie-weitgereist.de\/wp-content\/uploads\/2023\/05\/IMG_20230522_174542-scaled.jpg\" alt=\"\" title=\"\" data-id=\"14991\"\/><\/figure><\/div><\/div><div class=\"glide__bullets\" data-glide-el=\"controls[nav]\"><button class=\"glide__bullet\" data-glide-dir=\"=0\"><\/button><button class=\"glide__bullet\" data-glide-dir=\"=1\"><\/button><button class=\"glide__bullet\" data-glide-dir=\"=2\"><\/button><\/div><\/div><\/div>\n\n\n\n<h2 class=\"wp-block-heading\">Matera <\/h2>\n\n\n\n<p>Matera liegt im S\u00fcden von Italien, in der Region Basilikata. Fast 60.000 Menschen leben in Matera. Bekannt ist die Stadt f\u00fcr ihre besondere Altstadt, die zu einem gro\u00dfen Anteil aus <strong>H\u00f6hlensiedlungen<\/strong> besteht, den sogenannten <em><strong>Sassi<\/strong><\/em>. Seit 1993 z\u00e4hlen diese zum UNESCO Welterbe. <\/p>\n\n\n\n<p>Die <em>Sassi<\/em> k\u00f6nnen f\u00fcr 3\u20ac besucht werden, Kinder unter 18 Jahren zahlen keinen Eintritt. (<em>Stand Mai 2023<\/em>)<\/p>\n\n\n\n<div id=\"wp-block-themeisle-blocks-slider-0046fbe1\" class=\"wp-block-themeisle-blocks-slider glide\" data-per-view=\"1\" data-gap=\"0\" data-peek=\"0\" data-autoplay=\"true\" data-height=\"400px\" data-hide-arrows=\"false\"><div class=\"glide__track\" data-glide-el=\"track\"><div class=\"glide__slides\"><div class=\"wp-block-themeisle-blocks-slider-item-wrapper glide__slide\" tabindex=\"0\"><figure><img decoding=\"async\" class=\"wp-block-themeisle-blocks-slider-item\" src=\"https:\/\/familie-weitgereist.de\/wp-content\/uploads\/2023\/05\/IMG_20230523_153412-scaled.jpg\" alt=\"\" title=\"\" data-id=\"14998\"\/><\/figure><\/div><div class=\"wp-block-themeisle-blocks-slider-item-wrapper glide__slide\" tabindex=\"0\"><figure><img decoding=\"async\" class=\"wp-block-themeisle-blocks-slider-item\" src=\"https:\/\/familie-weitgereist.de\/wp-content\/uploads\/2023\/05\/IMG_20230523_151504-scaled.jpg\" alt=\"\" title=\"\" data-id=\"15000\"\/><\/figure><\/div><div class=\"wp-block-themeisle-blocks-slider-item-wrapper glide__slide\" tabindex=\"0\"><figure><img decoding=\"async\" class=\"wp-block-themeisle-blocks-slider-item\" src=\"https:\/\/familie-weitgereist.de\/wp-content\/uploads\/2023\/05\/IMG_20230523_150742-scaled.jpg\" alt=\"\" title=\"\" data-id=\"15001\"\/><\/figure><\/div><div class=\"wp-block-themeisle-blocks-slider-item-wrapper glide__slide\" tabindex=\"0\"><figure><img decoding=\"async\" class=\"wp-block-themeisle-blocks-slider-item\" src=\"https:\/\/familie-weitgereist.de\/wp-content\/uploads\/2023\/05\/IMG_20230523_144000-scaled.jpg\" alt=\"\" title=\"\" data-id=\"15002\"\/><\/figure><\/div><\/div><div class=\"glide__bullets\" data-glide-el=\"controls[nav]\"><button class=\"glide__bullet\" data-glide-dir=\"=0\"><\/button><button class=\"glide__bullet\" data-glide-dir=\"=1\"><\/button><button class=\"glide__bullet\" data-glide-dir=\"=2\"><\/button><button class=\"glide__bullet\" data-glide-dir=\"=3\"><\/button><\/div><\/div><\/div>\n\n\n\n<p>Die Altstadt besteht aus unendlich vielen verwinkelten Gassen, in denen man sich leicht verlieren kann. <\/p>\n\n\n\n<div id=\"wp-block-themeisle-blocks-slider-2ca2f09d\" class=\"wp-block-themeisle-blocks-slider glide\" data-per-view=\"1\" data-gap=\"0\" data-peek=\"0\" data-autoplay=\"true\" data-height=\"400px\" data-hide-arrows=\"false\"><div class=\"glide__track\" data-glide-el=\"track\"><div class=\"glide__slides\"><div class=\"wp-block-themeisle-blocks-slider-item-wrapper glide__slide\" tabindex=\"0\"><figure><img decoding=\"async\" class=\"wp-block-themeisle-blocks-slider-item\" src=\"https:\/\/familie-weitgereist.de\/wp-content\/uploads\/2023\/05\/IMG_20230523_143605-scaled.jpg\" alt=\"\" title=\"\" data-id=\"15005\"\/><\/figure><\/div><div class=\"wp-block-themeisle-blocks-slider-item-wrapper glide__slide\" tabindex=\"0\"><figure><img decoding=\"async\" class=\"wp-block-themeisle-blocks-slider-item\" src=\"https:\/\/familie-weitgereist.de\/wp-content\/uploads\/2023\/05\/IMG_20230523_143145-scaled.jpg\" alt=\"\" title=\"\" data-id=\"15006\"\/><\/figure><\/div><div class=\"wp-block-themeisle-blocks-slider-item-wrapper glide__slide\" tabindex=\"0\"><figure><img decoding=\"async\" class=\"wp-block-themeisle-blocks-slider-item\" src=\"https:\/\/familie-weitgereist.de\/wp-content\/uploads\/2023\/05\/IMG_20230523_142840-scaled.jpg\" alt=\"\" title=\"\" data-id=\"15008\"\/><\/figure><\/div><div class=\"wp-block-themeisle-blocks-slider-item-wrapper glide__slide\" tabindex=\"0\"><figure><img decoding=\"async\" class=\"wp-block-themeisle-blocks-slider-item\" src=\"https:\/\/familie-weitgereist.de\/wp-content\/uploads\/2023\/05\/IMG_20230523_141505-scaled.jpg\" alt=\"\" title=\"\" data-id=\"15009\"\/><\/figure><\/div><\/div><div class=\"glide__bullets\" data-glide-el=\"controls[nav]\"><button class=\"glide__bullet\" data-glide-dir=\"=0\"><\/button><button class=\"glide__bullet\" data-glide-dir=\"=1\"><\/button><button class=\"glide__bullet\" data-glide-dir=\"=2\"><\/button><button class=\"glide__bullet\" data-glide-dir=\"=3\"><\/button><\/div><\/div><\/div>\n\n\n\n<p>Das <strong>Castello Tramontano<\/strong> kann von au\u00dfen besichtigt werden und liegt oberhalb der Stadt in einem Park. <\/p>\n\n\n\n<figure class=\"wp-block-image size-large\"><img loading=\"lazy\" decoding=\"async\" width=\"1024\" height=\"768\" src=\"https:\/\/familie-weitgereist.de\/wp-content\/uploads\/2023\/05\/IMG_20230523_155349-1024x768.jpg\" alt=\"\" class=\"wp-image-14996\" srcset=\"https:\/\/familie-weitgereist.de\/wp-content\/uploads\/2023\/05\/IMG_20230523_155349-1024x768.jpg 1024w, https:\/\/familie-weitgereist.de\/wp-content\/uploads\/2023\/05\/IMG_20230523_155349-300x225.jpg 300w, https:\/\/familie-weitgereist.de\/wp-content\/uploads\/2023\/05\/IMG_20230523_155349-768x576.jpg 768w, https:\/\/familie-weitgereist.de\/wp-content\/uploads\/2023\/05\/IMG_20230523_155349-1536x1152.jpg 1536w, https:\/\/familie-weitgereist.de\/wp-content\/uploads\/2023\/05\/IMG_20230523_155349-2048x1536.jpg 2048w, https:\/\/familie-weitgereist.de\/wp-content\/uploads\/2023\/05\/IMG_20230523_155349-1200x900.jpg 1200w, https:\/\/familie-weitgereist.de\/wp-content\/uploads\/2023\/05\/IMG_20230523_155349-1980x1485.jpg 1980w, https:\/\/familie-weitgereist.de\/wp-content\/uploads\/2023\/05\/IMG_20230523_155349-150x113.jpg 150w\" sizes=\"auto, (max-width: 1024px) 100vw, 1024px\" \/><figcaption class=\"wp-element-caption\">Castello Tramontano <\/figcaption><\/figure>\n\n\n\n<h2 class=\"wp-block-heading\">Tropea <\/h2>\n\n\n\n<p>Tropea ist ein kleines 6500 Einwohner z\u00e4hlendes St\u00e4dtchen am <strong>Tyrrhenischen Meer<\/strong>. Das azurblaue Wasser und die ausgezeichneten Str\u00e4nde machen Tropea zu einem beliebten Urlaubsort. <\/p>\n\n\n\n<figure class=\"wp-block-image size-large\"><img loading=\"lazy\" decoding=\"async\" width=\"1024\" height=\"768\" src=\"https:\/\/familie-weitgereist.de\/wp-content\/uploads\/2023\/05\/IMG_20230521_165457-1-1024x768.jpg\" alt=\"\" class=\"wp-image-14958\" srcset=\"https:\/\/familie-weitgereist.de\/wp-content\/uploads\/2023\/05\/IMG_20230521_165457-1-1024x768.jpg 1024w, https:\/\/familie-weitgereist.de\/wp-content\/uploads\/2023\/05\/IMG_20230521_165457-1-300x225.jpg 300w, https:\/\/familie-weitgereist.de\/wp-content\/uploads\/2023\/05\/IMG_20230521_165457-1-768x576.jpg 768w, https:\/\/familie-weitgereist.de\/wp-content\/uploads\/2023\/05\/IMG_20230521_165457-1-1536x1152.jpg 1536w, https:\/\/familie-weitgereist.de\/wp-content\/uploads\/2023\/05\/IMG_20230521_165457-1-2048x1536.jpg 2048w, https:\/\/familie-weitgereist.de\/wp-content\/uploads\/2023\/05\/IMG_20230521_165457-1-1200x900.jpg 1200w, https:\/\/familie-weitgereist.de\/wp-content\/uploads\/2023\/05\/IMG_20230521_165457-1-1980x1485.jpg 1980w, https:\/\/familie-weitgereist.de\/wp-content\/uploads\/2023\/05\/IMG_20230521_165457-1-150x113.jpg 150w\" sizes=\"auto, (max-width: 1024px) 100vw, 1024px\" \/><\/figure>\n\n\n\n<p>Die Altstadt ist auf einem H\u00fcgel gelegen und 185 Treppenstufen f\u00fchren vom Strand zur Altstadt hinauf. Enge Gassen mit vielen Caf\u00e9s und Restaurants pr\u00e4gen das Stadtbild.<\/p>\n\n\n\n<div id=\"wp-block-themeisle-blocks-slider-75558e4c\" class=\"wp-block-themeisle-blocks-slider glide\" data-per-view=\"1\" data-gap=\"0\" data-peek=\"0\" data-autoplay=\"true\" data-height=\"400px\" data-hide-arrows=\"false\"><div class=\"glide__track\" data-glide-el=\"track\"><div class=\"glide__slides\"><div class=\"wp-block-themeisle-blocks-slider-item-wrapper glide__slide\" tabindex=\"0\"><figure><img decoding=\"async\" class=\"wp-block-themeisle-blocks-slider-item\" src=\"https:\/\/familie-weitgereist.de\/wp-content\/uploads\/2023\/05\/IMG_20230521_161531-scaled.jpg\" alt=\"\" title=\"\" data-id=\"14963\"\/><\/figure><\/div><div class=\"wp-block-themeisle-blocks-slider-item-wrapper glide__slide\" tabindex=\"0\"><figure><img decoding=\"async\" class=\"wp-block-themeisle-blocks-slider-item\" src=\"https:\/\/familie-weitgereist.de\/wp-content\/uploads\/2023\/05\/IMG_20230521_160603-scaled.jpg\" alt=\"\" title=\"\" data-id=\"14965\"\/><\/figure><\/div><div class=\"wp-block-themeisle-blocks-slider-item-wrapper glide__slide\" tabindex=\"0\"><figure><img decoding=\"async\" class=\"wp-block-themeisle-blocks-slider-item\" src=\"https:\/\/familie-weitgereist.de\/wp-content\/uploads\/2023\/05\/IMG_20230521_160256-scaled.jpg\" alt=\"\" title=\"\" data-id=\"14967\"\/><\/figure><\/div><div class=\"wp-block-themeisle-blocks-slider-item-wrapper glide__slide\" tabindex=\"0\"><figure><img decoding=\"async\" class=\"wp-block-themeisle-blocks-slider-item\" src=\"https:\/\/familie-weitgereist.de\/wp-content\/uploads\/2023\/05\/IMG_20230521_154804-scaled.jpg\" alt=\"\" title=\"\" data-id=\"14968\"\/><\/figure><\/div><\/div><div class=\"glide__bullets\" data-glide-el=\"controls[nav]\"><button class=\"glide__bullet\" data-glide-dir=\"=0\"><\/button><button class=\"glide__bullet\" data-glide-dir=\"=1\"><\/button><button class=\"glide__bullet\" data-glide-dir=\"=2\"><\/button><button class=\"glide__bullet\" data-glide-dir=\"=3\"><\/button><\/div><\/div><\/div>\n\n\n\n<p>Besonders bekannt ist Tropea f\u00fcr seine <strong>Kathedrale <em>Santa Maria dell&#8217;Isola<\/em><\/strong>. Sie wurde einst von den Normannen auf einem Sandsteinfelsen erbaut. Der Aufstieg \u00fcber die vielen Stufen lohnt sich definitiv, denn von oben zeigt sich die K\u00fcste, das Meer und Tropea von seiner sch\u00f6nsten Seite. <\/p>\n\n\n\n<p>F\u00fcr 3\u20ac k\u00f6nnen die G\u00e4rten der Kathedrale besucht werden. (<em>Stand Mai 2023<\/em>)<\/p>\n\n\n\n<div id=\"wp-block-themeisle-blocks-slider-40d67e50\" class=\"wp-block-themeisle-blocks-slider glide\" data-per-view=\"1\" data-gap=\"0\" data-peek=\"0\" data-autoplay=\"true\" data-height=\"400px\" data-hide-arrows=\"false\"><div class=\"glide__track\" data-glide-el=\"track\"><div class=\"glide__slides\"><div class=\"wp-block-themeisle-blocks-slider-item-wrapper glide__slide\" tabindex=\"0\"><figure><img decoding=\"async\" class=\"wp-block-themeisle-blocks-slider-item\" src=\"https:\/\/familie-weitgereist.de\/wp-content\/uploads\/2023\/05\/IMG_20230521_164953-scaled.jpg\" alt=\"\" title=\"\" data-id=\"14971\"\/><\/figure><\/div><div class=\"wp-block-themeisle-blocks-slider-item-wrapper glide__slide\" tabindex=\"0\"><figure><img decoding=\"async\" class=\"wp-block-themeisle-blocks-slider-item\" src=\"https:\/\/familie-weitgereist.de\/wp-content\/uploads\/2023\/05\/IMG_20230521_164322-scaled.jpg\" alt=\"\" title=\"\" data-id=\"14972\"\/><\/figure><\/div><div class=\"wp-block-themeisle-blocks-slider-item-wrapper glide__slide\" tabindex=\"0\"><figure><img decoding=\"async\" class=\"wp-block-themeisle-blocks-slider-item\" src=\"https:\/\/familie-weitgereist.de\/wp-content\/uploads\/2023\/05\/IMG_20230521_163153-scaled.jpg\" alt=\"\" title=\"\" data-id=\"14973\"\/><\/figure><\/div><\/div><div class=\"glide__bullets\" data-glide-el=\"controls[nav]\"><button class=\"glide__bullet\" data-glide-dir=\"=0\"><\/button><button class=\"glide__bullet\" data-glide-dir=\"=1\"><\/button><button class=\"glide__bullet\" data-glide-dir=\"=2\"><\/button><\/div><\/div><\/div>\n\n\n\n<h2 class=\"wp-block-heading\">Spielpl\u00e4tze<\/h2>\n\n\n\n<p>In <strong>Matera<\/strong> haben wir in einem Wohnviertel einen kleinen Spielplatz entdeckt. Dort haben wir eine Weile verbracht und sind anschlie\u00dfend durch den angrenzenden Stadtpark gelaufen.<\/p>\n\n\n\n<figure class=\"wp-block-image size-large is-resized\"><img loading=\"lazy\" decoding=\"async\" width=\"1024\" height=\"768\" src=\"https:\/\/familie-weitgereist.de\/wp-content\/uploads\/2023\/05\/IMG_20230523_132514-1024x768.jpg\" alt=\"\" class=\"wp-image-15013\" style=\"width:375px;height:281px\" srcset=\"https:\/\/familie-weitgereist.de\/wp-content\/uploads\/2023\/05\/IMG_20230523_132514-1024x768.jpg 1024w, https:\/\/familie-weitgereist.de\/wp-content\/uploads\/2023\/05\/IMG_20230523_132514-300x225.jpg 300w, https:\/\/familie-weitgereist.de\/wp-content\/uploads\/2023\/05\/IMG_20230523_132514-768x576.jpg 768w, https:\/\/familie-weitgereist.de\/wp-content\/uploads\/2023\/05\/IMG_20230523_132514-1536x1152.jpg 1536w, https:\/\/familie-weitgereist.de\/wp-content\/uploads\/2023\/05\/IMG_20230523_132514-2048x1536.jpg 2048w, https:\/\/familie-weitgereist.de\/wp-content\/uploads\/2023\/05\/IMG_20230523_132514-1200x900.jpg 1200w, https:\/\/familie-weitgereist.de\/wp-content\/uploads\/2023\/05\/IMG_20230523_132514-1980x1485.jpg 1980w, https:\/\/familie-weitgereist.de\/wp-content\/uploads\/2023\/05\/IMG_20230523_132514-150x113.jpg 150w\" sizes=\"auto, (max-width: 1024px) 100vw, 1024px\" \/><figcaption class=\"wp-element-caption\">Matera <\/figcaption><\/figure>\n","protected":false},"excerpt":{"rendered":"<p>Ab November 2022 haben wir unsere Elternzeit genutzt um mit unserem&nbsp;VW T6&nbsp;durch Europa zu reisen. Unsere Reise startete in&nbsp;Deutschland, f\u00fchrte anschlie\u00dfend weiter nach&nbsp;Luxemburg,&nbsp;Frankreich,&nbsp;Andorra, auf die&nbsp;balearischen Inseln,&nbsp;Gibraltar,&nbsp;Spanien,&nbsp;Portugal,&nbsp;La&nbsp;Gomera,&nbsp;Teneriffa&nbsp;und&nbsp;Gran Canaria. Um wieder in den Norden zu gelangen, unternahmen wir einen kleinen&nbsp;Roadtrip&nbsp;durch Spanien. Anschlie\u00dfend bereisten wir Italien. Wir starteten auf der wundersch\u00f6nen Insel&nbsp;Sardinien&nbsp;und reisten weiter nach&nbsp;Sizilien. Von Pozzallo auf [&hellip;]<\/p>\n","protected":false},"author":3,"featured_media":14958,"comment_status":"open","ping_status":"open","sticky":false,"template":"","format":"standard","meta":{"_themeisle_gutenberg_block_has_review":false,"footnotes":""},"categories":[239,8,4,377],"tags":[1025,1021,1020,178,1019,1023,1024,1022],"class_list":["post-14950","post","type-post","status-publish","format-standard","has-post-thumbnail","hentry","category-italien","category-europa","category-laender","category-spielplaetze","tag-alberobello","tag-apulien","tag-basilikata","tag-italien","tag-kalabrien","tag-lago-di-san-giuliano","tag-matera","tag-tropea"],"_links":{"self":[{"href":"https:\/\/familie-weitgereist.de\/index.php?rest_route=\/wp\/v2\/posts\/14950","targetHints":{"allow":["GET"]}}],"collection":[{"href":"https:\/\/familie-weitgereist.de\/index.php?rest_route=\/wp\/v2\/posts"}],"about":[{"href":"https:\/\/familie-weitgereist.de\/index.php?rest_route=\/wp\/v2\/types\/post"}],"author":[{"embeddable":true,"href":"https:\/\/familie-weitgereist.de\/index.php?rest_route=\/wp\/v2\/users\/3"}],"replies":[{"embeddable":true,"href":"https:\/\/familie-weitgereist.de\/index.php?rest_route=%2Fwp%2Fv2%2Fcomments&post=14950"}],"version-history":[{"count":68,"href":"https:\/\/familie-weitgereist.de\/index.php?rest_route=\/wp\/v2\/posts\/14950\/revisions"}],"predecessor-version":[{"id":22530,"href":"https:\/\/familie-weitgereist.de\/index.php?rest_route=\/wp\/v2\/posts\/14950\/revisions\/22530"}],"wp:featuredmedia":[{"embeddable":true,"href":"https:\/\/familie-weitgereist.de\/index.php?rest_route=\/wp\/v2\/media\/14958"}],"wp:attachment":[{"href":"https:\/\/familie-weitgereist.de\/index.php?rest_route=%2Fwp%2Fv2%2Fmedia&parent=14950"}],"wp:term":[{"taxonomy":"category","embeddable":true,"href":"https:\/\/familie-weitgereist.de\/index.php?rest_route=%2Fwp%2Fv2%2Fcategories&post=14950"},{"taxonomy":"post_tag","embeddable":true,"href":"https:\/\/familie-weitgereist.de\/index.php?rest_route=%2Fwp%2Fv2%2Ftags&post=14950"}],"curies":[{"name":"wp","href":"https:\/\/api.w.org\/{rel}","templated":true}]}}