{"id":14195,"date":"2023-04-29T14:45:50","date_gmt":"2023-04-29T12:45:50","guid":{"rendered":"https:\/\/familie-weitgereist.de\/?p=14195"},"modified":"2025-10-07T23:20:23","modified_gmt":"2025-10-07T21:20:23","slug":"europareise-roadtrip-sizilien-mit-kleinkind-und-baby","status":"publish","type":"post","link":"https:\/\/familie-weitgereist.de\/?p=14195","title":{"rendered":"Europareise Roadtrip &#8211; Sizilien mit Kleinkind und Baby"},"content":{"rendered":"\n<p>Ab November 2022 haben wir unsere Elternzeit genutzt um mit unserem&nbsp;<strong>VW T6&nbsp;<\/strong>durch Europa zu reisen. Unsere Reise startete in&nbsp;<strong><a href=\"https:\/\/familie-weitgereist.de\/?p=11288\">Deutschland<\/a><\/strong>, f\u00fchrte anschlie\u00dfend weiter nach&nbsp;<strong><a href=\"https:\/\/familie-weitgereist.de\/?p=11342\">Luxemburg<\/a><\/strong>,&nbsp;<strong><a href=\"https:\/\/familie-weitgereist.de\/?p=11397\">Frankreich<\/a><\/strong>,&nbsp;<strong><a href=\"https:\/\/familie-weitgereist.de\/?p=11799\">Andorra<\/a><\/strong>, auf die&nbsp;<strong><a href=\"https:\/\/familie-weitgereist.de\/?p=12081\">balearischen Inseln<\/a><\/strong>,&nbsp;<strong><a href=\"https:\/\/familie-weitgereist.de\/?p=12528\">Gibraltar<\/a><\/strong>,&nbsp;<a href=\"https:\/\/familie-weitgereist.de\/?p=12073\"><strong>Spanien<\/strong><\/a>,&nbsp;<a href=\"https:\/\/familie-weitgereist.de\/?p=12700\"><strong>Portugal<\/strong><\/a>,&nbsp;<a href=\"https:\/\/familie-weitgereist.de\/?p=12861\"><strong>La<\/strong> <strong>Gomera<\/strong><\/a>,&nbsp;<strong><a href=\"https:\/\/familie-weitgereist.de\/?p=13024\">Teneriffa<\/a><\/strong>&nbsp;und&nbsp;<strong><a href=\"https:\/\/familie-weitgereist.de\/?p=13365\">Gran Canaria<\/a><\/strong>. Um wieder in den Norden zu gelangen, unternahmen wir einen kleinen&nbsp;<a href=\"https:\/\/familie-weitgereist.de\/?p=14008\"><strong>Roadtrip<\/strong>&nbsp;<strong>durch Spanien<\/strong><\/a>. Anschlie\u00dfend bereisten wir Italien und begannen auf der wundersch\u00f6nen Insel <strong><a href=\"https:\/\/familie-weitgereist.de\/?p=14061\">Sardinien<\/a><\/strong>. <\/p>\n\n\n\n<figure class=\"wp-block-embed is-type-video is-provider-youtube wp-block-embed-youtube wp-embed-aspect-16-9 wp-has-aspect-ratio\"><div class=\"wp-block-embed__wrapper\">\n<iframe loading=\"lazy\" title=\"ROADTRIP EUROPA 2022 \/ 2023  - Woche #024\" width=\"580\" height=\"326\" src=\"https:\/\/www.youtube.com\/embed\/4xQ1PRWo7pU?feature=oembed\" frameborder=\"0\" allow=\"accelerometer; autoplay; clipboard-write; encrypted-media; gyroscope; picture-in-picture; web-share\" referrerpolicy=\"strict-origin-when-cross-origin\" allowfullscreen><\/iframe>\n<\/div><\/figure>\n\n\n\n<figure class=\"wp-block-embed is-type-video is-provider-youtube wp-block-embed-youtube wp-embed-aspect-16-9 wp-has-aspect-ratio\"><div class=\"wp-block-embed__wrapper\">\n<iframe loading=\"lazy\" title=\"ROADTRIP EUROPA 2022 \/ 2023  - Woche #025\" width=\"580\" height=\"326\" src=\"https:\/\/www.youtube.com\/embed\/TnPexpqfruY?feature=oembed\" frameborder=\"0\" allow=\"accelerometer; autoplay; clipboard-write; encrypted-media; gyroscope; picture-in-picture; web-share\" referrerpolicy=\"strict-origin-when-cross-origin\" allowfullscreen><\/iframe>\n<\/div><\/figure>\n\n\n\n<figure class=\"wp-block-embed is-type-video is-provider-youtube wp-block-embed-youtube wp-embed-aspect-16-9 wp-has-aspect-ratio\"><div class=\"wp-block-embed__wrapper\">\n<iframe loading=\"lazy\" title=\"ROADTRIP EUROPA 2022 \/ 2023 - Woche #26\" width=\"580\" height=\"326\" src=\"https:\/\/www.youtube.com\/embed\/yXbEtcxSacM?feature=oembed\" frameborder=\"0\" allow=\"accelerometer; autoplay; clipboard-write; encrypted-media; gyroscope; picture-in-picture; web-share\" referrerpolicy=\"strict-origin-when-cross-origin\" allowfullscreen><\/iframe>\n<\/div><\/figure>\n\n\n\n<figure class=\"wp-block-embed is-type-video is-provider-youtube wp-block-embed-youtube wp-embed-aspect-16-9 wp-has-aspect-ratio\"><div class=\"wp-block-embed__wrapper\">\n<iframe loading=\"lazy\" title=\"ROADTRIP EUROPA 2022 \/ 2023 - Woche #27\" width=\"580\" height=\"326\" src=\"https:\/\/www.youtube.com\/embed\/lhmjsbkhdMs?feature=oembed\" frameborder=\"0\" allow=\"accelerometer; autoplay; clipboard-write; encrypted-media; gyroscope; picture-in-picture; web-share\" referrerpolicy=\"strict-origin-when-cross-origin\" allowfullscreen><\/iframe>\n<\/div><\/figure>\n\n\n\n<p>Folgende tolle Orte haben wir auf <strong>Sizilien<\/strong> erkundet: <\/p>\n\n\n\n<ul class=\"wp-block-list\">\n<li><a href=\"https:\/\/familie-weitgereist.de\/?p=14195\/#selinunt\">Arch\u00e4logische St\u00e4tte &#8211; Selinunt<\/a> <\/li>\n\n\n\n<li><a href=\"https:\/\/familie-weitgereist.de\/?p=14195\/#caltagirone\">Caltagirone<\/a><\/li>\n\n\n\n<li><a href=\"https:\/\/familie-weitgereist.de\/?p=14195\/#cavaispica\">Cava d&#8217;Ispica &#8211; Felsensiedlung<\/a><\/li>\n\n\n\n<li><a href=\"https:\/\/familie-weitgereist.de\/?p=14195\/#erice\">Erice<\/a> <\/li>\n\n\n\n<li><a href=\"https:\/\/familie-weitgereist.de\/?p=14195\/#ortigia\">Isola di Ortigia<\/a><\/li>\n\n\n\n<li><a href=\"https:\/\/familie-weitgereist.de\/?p=14195\/#ispica\">Ispica<\/a><\/li>\n\n\n\n<li><a href=\"https:\/\/familie-weitgereist.de\/?p=14195\/#modica\">Modica<\/a><\/li>\n\n\n\n<li><a href=\"https:\/\/familie-weitgereist.de\/?p=14195\/#ragusaibla\">Ragusa Ibla<\/a><\/li>\n\n\n\n<li><a href=\"https:\/\/familie-weitgereist.de\/?p=14195\/#salemi\">Salemi<\/a> <\/li>\n\n\n\n<li><a href=\"https:\/\/familie-weitgereist.de\/?p=14195\/#sambuca\">Sambuca di Sicilia<\/a><\/li>\n\n\n\n<li><a href=\"https:\/\/familie-weitgereist.de\/?p=14195\/#scala\">Scala dei Turchi<\/a> <\/li>\n\n\n\n<li><a href=\"https:\/\/familie-weitgereist.de\/?p=14195\/#scicli\">Scicli<\/a><\/li>\n\n\n\n<li><a href=\"https:\/\/familie-weitgereist.de\/?p=14195\/#segesta\">Naturpool Segesta <\/a><\/li>\n\n\n\n<li><a href=\"https:\/\/familie-weitgereist.de\/?p=14195\/#taormina\">Taormina und Isola Bella <\/a><\/li>\n\n\n\n<li><a href=\"https:\/\/familie-weitgereist.de\/?p=14195\/#templi\">Valle dei Templi &#8211; Tal der Tempel<\/a><\/li>\n\n\n\n<li><a href=\"https:\/\/familie-weitgereist.de\/?p=14195\/#wassermuehle\">Wasserm\u00fchle in einer Grotte<\/a><\/li>\n<\/ul>\n\n\n\n<h2 class=\"wp-block-heading\">Anreise <\/h2>\n\n\n\n<p>Wir nahmen die F\u00e4hre von Grimaldi von Cagliari auf Sardinien und fuhren nach Palermo auf Sizilien. Wir legten 17:00 am Hafen in Cagliari ab und kamen 5:00 am Hafen in Palermo an.<\/p>\n\n\n\n<figure class=\"wp-block-image size-large\"><img loading=\"lazy\" decoding=\"async\" width=\"1024\" height=\"576\" src=\"https:\/\/familie-weitgereist.de\/wp-content\/uploads\/2023\/04\/IMG_20230429_144334-1024x576.jpg\" alt=\"\" class=\"wp-image-14198\" srcset=\"https:\/\/familie-weitgereist.de\/wp-content\/uploads\/2023\/04\/IMG_20230429_144334-1024x576.jpg 1024w, https:\/\/familie-weitgereist.de\/wp-content\/uploads\/2023\/04\/IMG_20230429_144334-300x169.jpg 300w, https:\/\/familie-weitgereist.de\/wp-content\/uploads\/2023\/04\/IMG_20230429_144334-768x432.jpg 768w, https:\/\/familie-weitgereist.de\/wp-content\/uploads\/2023\/04\/IMG_20230429_144334-1200x675.jpg 1200w, https:\/\/familie-weitgereist.de\/wp-content\/uploads\/2023\/04\/IMG_20230429_144334-150x84.jpg 150w, https:\/\/familie-weitgereist.de\/wp-content\/uploads\/2023\/04\/IMG_20230429_144334.jpg 1280w\" sizes=\"auto, (max-width: 1024px) 100vw, 1024px\" \/><figcaption class=\"wp-element-caption\">Am Hafen in Cagliari, Sardinien <\/figcaption><\/figure>\n\n\n\n<h2 class=\"wp-block-heading\">Allgemeine Informationen <\/h2>\n\n\n\n<p>Sizilien ist die <strong>gr\u00f6\u00dfte Insel im Mittelmeer<\/strong> und hat eine K\u00fcstenl\u00e4nge von 1152 km. Der <strong>h\u00f6chste<\/strong> <strong>aktivste Vulkan Europas<\/strong>, der <strong>\u00c4tna<\/strong> befindet sich im Nordosten von Sizilien und hat eine H\u00f6he von 3329m. Ungef\u00e4hr 5 Millionen Menschen leben auf Sizilien. Geografisch liegt Sizilien im \u00e4u\u00dfersten S\u00fcden von Italien, auf der H\u00f6he von Tunesien. Die Insel wird durch eine kleine Meerenge bei Messina vom italienischen Festland getrennt. Die Insel ist gepr\u00e4gt von dem Einfluss der Griechen, Karthager und R\u00f6mer. Schon in der Antike wurden Tempel und St\u00e4dte errichtet. Sehr sehenswerte Orte bezeugen die interessante kulturelle Vergangenheit Siziliens. Bedeutende St\u00e4dte sind Palermo, Catania und Syrakus. Sizilien ist mit einem guten Verkehrsnetz ausgestattet und es gibt viele Zug- und Busverbindungen. Das Hinterland von Sizilien ist sehr h\u00fcgelig und gr\u00fcn und ist eine Augenweide. <\/p>\n\n\n\n<figure class=\"wp-block-image size-large\"><img loading=\"lazy\" decoding=\"async\" width=\"1024\" height=\"768\" src=\"https:\/\/familie-weitgereist.de\/wp-content\/uploads\/2023\/05\/IMG_20230505_182315-1024x768.jpg\" alt=\"\" class=\"wp-image-14401\" srcset=\"https:\/\/familie-weitgereist.de\/wp-content\/uploads\/2023\/05\/IMG_20230505_182315-1024x768.jpg 1024w, https:\/\/familie-weitgereist.de\/wp-content\/uploads\/2023\/05\/IMG_20230505_182315-300x225.jpg 300w, https:\/\/familie-weitgereist.de\/wp-content\/uploads\/2023\/05\/IMG_20230505_182315-768x576.jpg 768w, https:\/\/familie-weitgereist.de\/wp-content\/uploads\/2023\/05\/IMG_20230505_182315-1536x1152.jpg 1536w, https:\/\/familie-weitgereist.de\/wp-content\/uploads\/2023\/05\/IMG_20230505_182315-2048x1536.jpg 2048w, https:\/\/familie-weitgereist.de\/wp-content\/uploads\/2023\/05\/IMG_20230505_182315-1200x900.jpg 1200w, https:\/\/familie-weitgereist.de\/wp-content\/uploads\/2023\/05\/IMG_20230505_182315-1980x1485.jpg 1980w, https:\/\/familie-weitgereist.de\/wp-content\/uploads\/2023\/05\/IMG_20230505_182315-150x113.jpg 150w\" sizes=\"auto, (max-width: 1024px) 100vw, 1024px\" \/><figcaption class=\"wp-element-caption\">Gr\u00fcnes Hinterland von Sizilien <\/figcaption><\/figure>\n\n\n\n<h2 class=\"wp-block-heading\" id=\"selinunt\">Arch\u00e4ologische St\u00e4tte &#8211; Selinunt <\/h2>\n\n\n\n<p>Selinunt ist eine arch\u00e4ologische Fundst\u00e4tte im Westen von Sizilien und ein sehr weitl\u00e4ufiges Gel\u00e4nde. Die Stadt wurde im 7. Jahrhundert vor Christus gegr\u00fcndet. (Wow unglaublich, wie lang das her ist.) Kurz danach wurde das Areal abgesteckt und verteidigt. Strategisch lag die Stadt sehr gut mit direktem Zugang zum Meer und gro\u00dfen landwirtschaftlichen Fl\u00e4chen. In der Antike z\u00e4hlte sie zu den wichtigsten griechischen St\u00e4dten in Sizilien. Die Stadt existierte ungef\u00e4hr 400 Jahre. 400 v. Chr. war die Stadt zerst\u00f6rt von den Karthagern. <\/p>\n\n\n\n<figure class=\"wp-block-image size-large\"><img loading=\"lazy\" decoding=\"async\" width=\"1024\" height=\"768\" src=\"https:\/\/familie-weitgereist.de\/wp-content\/uploads\/2023\/05\/IMG_20230502_161359-1024x768.jpg\" alt=\"\" class=\"wp-image-14267\" srcset=\"https:\/\/familie-weitgereist.de\/wp-content\/uploads\/2023\/05\/IMG_20230502_161359-1024x768.jpg 1024w, https:\/\/familie-weitgereist.de\/wp-content\/uploads\/2023\/05\/IMG_20230502_161359-300x225.jpg 300w, https:\/\/familie-weitgereist.de\/wp-content\/uploads\/2023\/05\/IMG_20230502_161359-768x576.jpg 768w, https:\/\/familie-weitgereist.de\/wp-content\/uploads\/2023\/05\/IMG_20230502_161359-1536x1152.jpg 1536w, https:\/\/familie-weitgereist.de\/wp-content\/uploads\/2023\/05\/IMG_20230502_161359-2048x1536.jpg 2048w, https:\/\/familie-weitgereist.de\/wp-content\/uploads\/2023\/05\/IMG_20230502_161359-1200x900.jpg 1200w, https:\/\/familie-weitgereist.de\/wp-content\/uploads\/2023\/05\/IMG_20230502_161359-1980x1485.jpg 1980w, https:\/\/familie-weitgereist.de\/wp-content\/uploads\/2023\/05\/IMG_20230502_161359-150x113.jpg 150w\" sizes=\"auto, (max-width: 1024px) 100vw, 1024px\" \/><figcaption class=\"wp-element-caption\">Tempel E<\/figcaption><\/figure>\n\n\n\n<p>In der Stadt gab es mehrere Wacht\u00fcrme, breite Stra\u00dfen, Wohnh\u00e4user, eine Stadtmauer und Tempel. <\/p>\n\n\n\n<div id=\"wp-block-themeisle-blocks-slider-553f5e88\" class=\"wp-block-themeisle-blocks-slider glide\" data-per-view=\"1\" data-gap=\"0\" data-peek=\"0\" data-autoplay=\"true\" data-height=\"400px\" data-hide-arrows=\"false\"><div class=\"glide__track\" data-glide-el=\"track\"><div class=\"glide__slides\"><div class=\"wp-block-themeisle-blocks-slider-item-wrapper glide__slide\" tabindex=\"0\"><figure><img decoding=\"async\" class=\"wp-block-themeisle-blocks-slider-item\" src=\"https:\/\/familie-weitgereist.de\/wp-content\/uploads\/2023\/05\/IMG_20230502_153527-scaled.jpg\" alt=\"\" title=\"\" data-id=\"14268\"\/><figcaption>Stadtmauer<\/figcaption><\/figure><\/div><div class=\"wp-block-themeisle-blocks-slider-item-wrapper glide__slide\" tabindex=\"0\"><figure><img decoding=\"async\" class=\"wp-block-themeisle-blocks-slider-item\" src=\"https:\/\/familie-weitgereist.de\/wp-content\/uploads\/2023\/05\/IMG_20230502_153032-scaled.jpg\" alt=\"\" title=\"\" data-id=\"14269\"\/><figcaption>Wachturm<\/figcaption><\/figure><\/div><div class=\"wp-block-themeisle-blocks-slider-item-wrapper glide__slide\" tabindex=\"0\"><figure><img decoding=\"async\" class=\"wp-block-themeisle-blocks-slider-item\" src=\"https:\/\/familie-weitgereist.de\/wp-content\/uploads\/2023\/05\/IMG_20230502_145200-scaled.jpg\" alt=\"\" title=\"\" data-id=\"14270\"\/><figcaption>Akropolis<\/figcaption><\/figure><\/div><div class=\"wp-block-themeisle-blocks-slider-item-wrapper glide__slide\" tabindex=\"0\"><figure><img decoding=\"async\" class=\"wp-block-themeisle-blocks-slider-item\" src=\"https:\/\/familie-weitgereist.de\/wp-content\/uploads\/2023\/05\/IMG_20230502_130511-scaled.jpg\" alt=\"\" title=\"\" data-id=\"14271\"\/><figcaption>Tempel E<\/figcaption><\/figure><\/div><\/div><div class=\"glide__bullets\" data-glide-el=\"controls[nav]\"><button class=\"glide__bullet\" data-glide-dir=\"=0\"><\/button><button class=\"glide__bullet\" data-glide-dir=\"=1\"><\/button><button class=\"glide__bullet\" data-glide-dir=\"=2\"><\/button><button class=\"glide__bullet\" data-glide-dir=\"=3\"><\/button><\/div><\/div><\/div>\n\n\n\n<p>Die Tempel sind mit Buchstaben beschildert. Tempel E ist der am besten erhaltene. Alle anderen sind komplett oder teilweise eingest\u00fcrzt. Erkl\u00e4rt wird auch, wie die Tempel gebaut worden sind. Mit anschaulichen Bildern und Nachbauten von den Kr\u00e4nen, ist es auch sehr interessant f\u00fcr Kinder. Die meisten Tempel der Akropolis sind eingest\u00fcrzt.<\/p>\n\n\n\n<div id=\"wp-block-themeisle-blocks-slider-70895545\" class=\"wp-block-themeisle-blocks-slider glide\" data-per-view=\"1\" data-gap=\"0\" data-peek=\"0\" data-autoplay=\"true\" data-height=\"400px\" data-hide-arrows=\"false\"><div class=\"glide__track\" data-glide-el=\"track\"><div class=\"glide__slides\"><div class=\"wp-block-themeisle-blocks-slider-item-wrapper glide__slide\" tabindex=\"0\"><figure><img decoding=\"async\" class=\"wp-block-themeisle-blocks-slider-item\" src=\"https:\/\/familie-weitgereist.de\/wp-content\/uploads\/2023\/05\/IMG_20230502_134720-scaled.jpg\" alt=\"\" title=\"\" data-id=\"14272\"\/><\/figure><\/div><div class=\"wp-block-themeisle-blocks-slider-item-wrapper glide__slide\" tabindex=\"0\"><figure><img decoding=\"async\" class=\"wp-block-themeisle-blocks-slider-item\" src=\"https:\/\/familie-weitgereist.de\/wp-content\/uploads\/2023\/05\/IMG_20230502_131344-scaled.jpg\" alt=\"\" title=\"\" data-id=\"14274\"\/><figcaption>Kran<\/figcaption><\/figure><\/div><div class=\"wp-block-themeisle-blocks-slider-item-wrapper glide__slide\" tabindex=\"0\"><figure><img decoding=\"async\" class=\"wp-block-themeisle-blocks-slider-item\" src=\"https:\/\/familie-weitgereist.de\/wp-content\/uploads\/2023\/05\/IMG_20230502_130628-scaled.jpg\" alt=\"\" title=\"\" data-id=\"14276\"\/><figcaption>Tempel E<\/figcaption><\/figure><\/div><\/div><div class=\"glide__bullets\" data-glide-el=\"controls[nav]\"><button class=\"glide__bullet\" data-glide-dir=\"=0\"><\/button><button class=\"glide__bullet\" data-glide-dir=\"=1\"><\/button><button class=\"glide__bullet\" data-glide-dir=\"=2\"><\/button><\/div><\/div><\/div>\n\n\n\n<figure class=\"wp-block-image size-large\"><img loading=\"lazy\" decoding=\"async\" width=\"1024\" height=\"768\" src=\"https:\/\/familie-weitgereist.de\/wp-content\/uploads\/2023\/05\/IMG_20230502_145921-1024x768.jpg\" alt=\"\" class=\"wp-image-14279\" srcset=\"https:\/\/familie-weitgereist.de\/wp-content\/uploads\/2023\/05\/IMG_20230502_145921-1024x768.jpg 1024w, https:\/\/familie-weitgereist.de\/wp-content\/uploads\/2023\/05\/IMG_20230502_145921-300x225.jpg 300w, https:\/\/familie-weitgereist.de\/wp-content\/uploads\/2023\/05\/IMG_20230502_145921-768x576.jpg 768w, https:\/\/familie-weitgereist.de\/wp-content\/uploads\/2023\/05\/IMG_20230502_145921-1536x1152.jpg 1536w, https:\/\/familie-weitgereist.de\/wp-content\/uploads\/2023\/05\/IMG_20230502_145921-2048x1536.jpg 2048w, https:\/\/familie-weitgereist.de\/wp-content\/uploads\/2023\/05\/IMG_20230502_145921-1200x900.jpg 1200w, https:\/\/familie-weitgereist.de\/wp-content\/uploads\/2023\/05\/IMG_20230502_145921-1980x1485.jpg 1980w, https:\/\/familie-weitgereist.de\/wp-content\/uploads\/2023\/05\/IMG_20230502_145921-150x113.jpg 150w\" sizes=\"auto, (max-width: 1024px) 100vw, 1024px\" \/><figcaption class=\"wp-element-caption\">Akropolis<\/figcaption><\/figure>\n\n\n\n<p>Da das Areal sehr gro\u00df ist, gibt es die M\u00f6glichkeit sich ein Shuttleticket f\u00fcr 8\u20ac zu kaufen. Wir sind jedoch die Wege gelaufen. Die Ausblicke aufs Meer, die gr\u00fcnen H\u00fcgel und die \u00dcberreste der Tempel gefielen uns sehr, als das wir schnell von Tempel zu Tempel gefahren werden wollten.<\/p>\n\n\n\n<figure class=\"wp-block-image size-large\"><img loading=\"lazy\" decoding=\"async\" width=\"1024\" height=\"768\" src=\"https:\/\/familie-weitgereist.de\/wp-content\/uploads\/2023\/05\/IMG_20230502_153825-1024x768.jpg\" alt=\"\" class=\"wp-image-14275\" srcset=\"https:\/\/familie-weitgereist.de\/wp-content\/uploads\/2023\/05\/IMG_20230502_153825-1024x768.jpg 1024w, https:\/\/familie-weitgereist.de\/wp-content\/uploads\/2023\/05\/IMG_20230502_153825-300x225.jpg 300w, https:\/\/familie-weitgereist.de\/wp-content\/uploads\/2023\/05\/IMG_20230502_153825-768x576.jpg 768w, https:\/\/familie-weitgereist.de\/wp-content\/uploads\/2023\/05\/IMG_20230502_153825-1536x1152.jpg 1536w, https:\/\/familie-weitgereist.de\/wp-content\/uploads\/2023\/05\/IMG_20230502_153825-2048x1536.jpg 2048w, https:\/\/familie-weitgereist.de\/wp-content\/uploads\/2023\/05\/IMG_20230502_153825-1200x900.jpg 1200w, https:\/\/familie-weitgereist.de\/wp-content\/uploads\/2023\/05\/IMG_20230502_153825-1980x1485.jpg 1980w, https:\/\/familie-weitgereist.de\/wp-content\/uploads\/2023\/05\/IMG_20230502_153825-150x113.jpg 150w\" sizes=\"auto, (max-width: 1024px) 100vw, 1024px\" \/><\/figure>\n\n\n\n<p>Erwachsene zahlen 8\u20ac Eintritt. Alle Menschen unter 18 Jahren zahlen keinen Eintrittspreis. (<em>Stand Mai 2023<\/em>)<\/p>\n\n\n\n<h2 class=\"wp-block-heading\" id=\"caltagirone\">Caltagirone <\/h2>\n\n\n\n<p><strong>Caltagirone liegt im<\/strong> <strong><em>Val di Noto<\/em><\/strong>, welches von der UNESCO zum <strong>Weltkulturerbe<\/strong> ernannt wurde. Die Stadt ist ber\u00fchmt und bekannt f\u00fcr ihre <strong>Keramikkunst<\/strong>. Das Highlight der Stadt ist die keramikverzierte Treppe (<em><strong>Scalinata di Santa Maria del Monte<\/strong><\/em>) mit 142 Stufen. 1606 wurde die Treppe erbaut und verbindet den oberen mit dem unteren Stadtteil. 1954 sind die handgemalten Keramikkacheln angebracht worden. Wundersch\u00f6ne Blumen verzieren die Treppe. Von Weitem konnten wir den Schriftzug und die Embleme sehen, die mit den Blumen gebildet werden. <\/p>\n\n\n\n<div id=\"wp-block-themeisle-blocks-slider-1021870f\" class=\"wp-block-themeisle-blocks-slider glide\" data-per-view=\"1\" data-gap=\"0\" data-peek=\"0\" data-autoplay=\"true\" data-height=\"400px\" data-hide-arrows=\"false\"><div class=\"glide__track\" data-glide-el=\"track\"><div class=\"glide__slides\"><div class=\"wp-block-themeisle-blocks-slider-item-wrapper glide__slide\" tabindex=\"0\"><figure><img decoding=\"async\" class=\"wp-block-themeisle-blocks-slider-item\" src=\"https:\/\/familie-weitgereist.de\/wp-content\/uploads\/2023\/05\/IMG_20230505_152255-scaled.jpg\" alt=\"\" title=\"\" data-id=\"14351\"\/><\/figure><\/div><div class=\"wp-block-themeisle-blocks-slider-item-wrapper glide__slide\" tabindex=\"0\"><figure><img decoding=\"async\" class=\"wp-block-themeisle-blocks-slider-item\" src=\"https:\/\/familie-weitgereist.de\/wp-content\/uploads\/2023\/05\/IMG_20230505_152204-scaled.jpg\" alt=\"\" title=\"\" data-id=\"14353\"\/><\/figure><\/div><\/div><div class=\"glide__bullets\" data-glide-el=\"controls[nav]\"><button class=\"glide__bullet\" data-glide-dir=\"=0\"><\/button><button class=\"glide__bullet\" data-glide-dir=\"=1\"><\/button><\/div><\/div><\/div>\n\n\n\n<p>In der Altstadt befinden sich \u00fcberall traditionsreiche Handwerksgesch\u00e4fte, die Keramikkunst anbieten. Schmale und verwinkelte Gassen pr\u00e4gen die Altstadt und Treppen, viele, viele Treppen. Die Stadt ist eng an einem H\u00fcgel gebaut. <\/p>\n\n\n\n<div id=\"wp-block-themeisle-blocks-slider-ca0b81b6\" class=\"wp-block-themeisle-blocks-slider glide\" data-per-view=\"1\" data-gap=\"0\" data-peek=\"0\" data-autoplay=\"true\" data-height=\"400px\" data-hide-arrows=\"false\"><div class=\"glide__track\" data-glide-el=\"track\"><div class=\"glide__slides\"><div class=\"wp-block-themeisle-blocks-slider-item-wrapper glide__slide\" tabindex=\"0\"><figure><img decoding=\"async\" class=\"wp-block-themeisle-blocks-slider-item\" src=\"https:\/\/familie-weitgereist.de\/wp-content\/uploads\/2023\/05\/IMG_20230505_160731-scaled.jpg\" alt=\"\" title=\"\" data-id=\"14366\"\/><\/figure><\/div><div class=\"wp-block-themeisle-blocks-slider-item-wrapper glide__slide\" tabindex=\"0\"><figure><img decoding=\"async\" class=\"wp-block-themeisle-blocks-slider-item\" src=\"https:\/\/familie-weitgereist.de\/wp-content\/uploads\/2023\/05\/IMG_20230505_160507-scaled.jpg\" alt=\"\" title=\"\" data-id=\"14368\"\/><\/figure><\/div><div class=\"wp-block-themeisle-blocks-slider-item-wrapper glide__slide\" tabindex=\"0\"><figure><img decoding=\"async\" class=\"wp-block-themeisle-blocks-slider-item\" src=\"https:\/\/familie-weitgereist.de\/wp-content\/uploads\/2023\/05\/IMG_20230505_160234-scaled.jpg\" alt=\"\" title=\"\" data-id=\"14370\"\/><\/figure><\/div><\/div><div class=\"glide__bullets\" data-glide-el=\"controls[nav]\"><button class=\"glide__bullet\" data-glide-dir=\"=0\"><\/button><button class=\"glide__bullet\" data-glide-dir=\"=1\"><\/button><button class=\"glide__bullet\" data-glide-dir=\"=2\"><\/button><\/div><\/div><\/div>\n\n\n\n<p>Schon 828 wurde die Stadt von den Arabern erbaut und wurde <em>Qalat-al-Ghiran<\/em> (Die Stadt \u00fcber den H\u00f6hlen) genannt. Der sizilianische Sp\u00e4tbarockstil entstand jedoch aufgrund des verherrenden Erdbebens von 1693 und dem anschlie\u00dfenden Wiederaufbau.<\/p>\n\n\n\n<div id=\"wp-block-themeisle-blocks-slider-444468c3\" class=\"wp-block-themeisle-blocks-slider glide\" data-per-view=\"1\" data-gap=\"0\" data-peek=\"0\" data-autoplay=\"true\" data-height=\"400px\" data-hide-arrows=\"false\"><div class=\"glide__track\" data-glide-el=\"track\"><div class=\"glide__slides\"><div class=\"wp-block-themeisle-blocks-slider-item-wrapper glide__slide\" tabindex=\"0\"><figure><img decoding=\"async\" class=\"wp-block-themeisle-blocks-slider-item\" src=\"https:\/\/familie-weitgereist.de\/wp-content\/uploads\/2023\/05\/IMG_20230505_155814-scaled.jpg\" alt=\"\" title=\"\" data-id=\"14363\"\/><\/figure><\/div><div class=\"wp-block-themeisle-blocks-slider-item-wrapper glide__slide\" tabindex=\"0\"><figure><img decoding=\"async\" class=\"wp-block-themeisle-blocks-slider-item\" src=\"https:\/\/familie-weitgereist.de\/wp-content\/uploads\/2023\/05\/IMG_20230505_154925-scaled.jpg\" alt=\"\" title=\"\" data-id=\"14364\"\/><\/figure><\/div><div class=\"wp-block-themeisle-blocks-slider-item-wrapper glide__slide\" tabindex=\"0\"><figure><img decoding=\"async\" class=\"wp-block-themeisle-blocks-slider-item\" src=\"https:\/\/familie-weitgereist.de\/wp-content\/uploads\/2023\/05\/IMG_20230505_154546-scaled.jpg\" alt=\"\" title=\"\" data-id=\"14367\"\/><\/figure><\/div><div class=\"wp-block-themeisle-blocks-slider-item-wrapper glide__slide\" tabindex=\"0\"><figure><img decoding=\"async\" class=\"wp-block-themeisle-blocks-slider-item\" src=\"https:\/\/familie-weitgereist.de\/wp-content\/uploads\/2023\/05\/IMG_20230505_150618-scaled.jpg\" alt=\"\" title=\"\" data-id=\"14369\"\/><figcaption>Kirche Santa Maria del Monte<\/figcaption><\/figure><\/div><\/div><div class=\"glide__bullets\" data-glide-el=\"controls[nav]\"><button class=\"glide__bullet\" data-glide-dir=\"=0\"><\/button><button class=\"glide__bullet\" data-glide-dir=\"=1\"><\/button><button class=\"glide__bullet\" data-glide-dir=\"=2\"><\/button><button class=\"glide__bullet\" data-glide-dir=\"=3\"><\/button><\/div><\/div><\/div>\n\n\n\n<h2 class=\"wp-block-heading\" id=\"cavaispica\">Cava d&#8217;Ispica &#8211; Felsensiedlung <\/h2>\n\n\n\n<p>Cava d&#8217;Ispica ist eine Felsensiedlung im S\u00fcden von Sizilien, die sich durch ein 13 km langes Flusstal zieht.  Im Laufe der Jahrhunderte haben unterschiedliche V\u00f6lker hier ihre Heimat gefunden. Die Besiedlung geht bis auf die antike Bronzezeit zur\u00fcck und bis in das Mittelalter hinein, war der Ort bewohnt. In den Fels gehauene H\u00f6hlen dienten als Wohnungen. Ebenso wurden Gr\u00e4ber in die Felsen gehauen und eine gro\u00dfe Grabst\u00e4tte entstand. <\/p>\n\n\n\n<figure class=\"wp-block-image size-large\"><img loading=\"lazy\" decoding=\"async\" width=\"1024\" height=\"768\" src=\"https:\/\/familie-weitgereist.de\/wp-content\/uploads\/2023\/05\/IMG_20230507_163012-1-1024x768.jpg\" alt=\"\" class=\"wp-image-14422\" srcset=\"https:\/\/familie-weitgereist.de\/wp-content\/uploads\/2023\/05\/IMG_20230507_163012-1-1024x768.jpg 1024w, https:\/\/familie-weitgereist.de\/wp-content\/uploads\/2023\/05\/IMG_20230507_163012-1-300x225.jpg 300w, https:\/\/familie-weitgereist.de\/wp-content\/uploads\/2023\/05\/IMG_20230507_163012-1-768x576.jpg 768w, https:\/\/familie-weitgereist.de\/wp-content\/uploads\/2023\/05\/IMG_20230507_163012-1-1536x1152.jpg 1536w, https:\/\/familie-weitgereist.de\/wp-content\/uploads\/2023\/05\/IMG_20230507_163012-1-2048x1536.jpg 2048w, https:\/\/familie-weitgereist.de\/wp-content\/uploads\/2023\/05\/IMG_20230507_163012-1-1200x900.jpg 1200w, https:\/\/familie-weitgereist.de\/wp-content\/uploads\/2023\/05\/IMG_20230507_163012-1-1980x1485.jpg 1980w, https:\/\/familie-weitgereist.de\/wp-content\/uploads\/2023\/05\/IMG_20230507_163012-1-150x113.jpg 150w\" sizes=\"auto, (max-width: 1024px) 100vw, 1024px\" \/><\/figure>\n\n\n\n<p>Die Katakombe &#8222;<em>La Larderia<\/em>&#8220; ist in Sizilien die Gr\u00f6\u00dfte. &#8222;<em>Il Ginnasio<\/em>&#8220; wurde als Versammlungsraum genutzt. Ein weiterer Raum &#8222;<em>La Speziera<\/em>&#8220; wurde als Apotheke genutzt. Vertiefungen in den W\u00e4nden lassen Regale erahnen. Ein tiefes Loch im Boden l\u00e4sst eine Aufbewahrungsm\u00f6glichkeit erkennen.<\/p>\n\n\n\n<div id=\"wp-block-themeisle-blocks-slider-be4e37b5\" class=\"wp-block-themeisle-blocks-slider glide\" data-per-view=\"1\" data-gap=\"0\" data-peek=\"0\" data-autoplay=\"true\" data-height=\"400px\" data-hide-arrows=\"false\"><div class=\"glide__track\" data-glide-el=\"track\"><div class=\"glide__slides\"><div class=\"wp-block-themeisle-blocks-slider-item-wrapper glide__slide\" tabindex=\"0\"><figure><img decoding=\"async\" class=\"wp-block-themeisle-blocks-slider-item\" src=\"https:\/\/familie-weitgereist.de\/wp-content\/uploads\/2023\/05\/IMG_20230507_165704-scaled.jpg\" alt=\"\" title=\"\" data-id=\"14424\"\/><\/figure><\/div><div class=\"wp-block-themeisle-blocks-slider-item-wrapper glide__slide\" tabindex=\"0\"><figure><img decoding=\"async\" class=\"wp-block-themeisle-blocks-slider-item\" src=\"https:\/\/familie-weitgereist.de\/wp-content\/uploads\/2023\/05\/IMG_20230507_163918-scaled.jpg\" alt=\"\" title=\"\" data-id=\"14425\"\/><\/figure><\/div><\/div><div class=\"glide__bullets\" data-glide-el=\"controls[nav]\"><button class=\"glide__bullet\" data-glide-dir=\"=0\"><\/button><button class=\"glide__bullet\" data-glide-dir=\"=1\"><\/button><\/div><\/div><\/div>\n\n\n\n<p>Am ersten Sonntag im Monat ist der Eintritt frei. Erwachsene zahlen regul\u00e4r 4\u20ac, Kinder ab 6 Jahren 2\u20ac. (<em>Stand Mai 2023<\/em>)<\/p>\n\n\n\n<h2 class=\"wp-block-heading\" id=\"erice\">Erice <\/h2>\n\n\n\n<p>Erice liegt auf dem gleichnamigen Berg Monte Erice auf 751 m H\u00f6he. Damit bot er schon unter den Griechen eine gute strategische Position. Die Stadt Trapani liegt am Fu\u00dfe des Berges und der Ort ist \u00fcber eine Serpentinenstra\u00dfe zu erreichen, als auch mit einer Seilbahn von Trapani aus. Von Erice bieten sich wundersch\u00f6ne Ausblicke auf das Mittelmeer, die <strong>\u00c4gadischen Inseln <em>Favignana, Levanzo<\/em> und <em>Marettimo<\/em><\/strong> und Trapani. Theoretisch &#8230; Am Tag unseres Besuchs hatten wir Nebel und eine Sichtweite von ungef\u00e4hr 10 m. Der Nebel war unwahrscheinlich dicht und wir konnten die mittelalterlichen Bauwerke, Kirchen und Geb\u00e4ude nur erahnen. Ein riesen Spa\u00df war es trotzdem, besonders f\u00fcr Merlin. Er konnte gar nicht genug bekommen vom Verstecken und Fangen spielen durch das mystische kleine Bergdorf. <\/p>\n\n\n\n<div id=\"wp-block-themeisle-blocks-slider-064907ad\" class=\"wp-block-themeisle-blocks-slider glide\" data-per-view=\"1\" data-gap=\"0\" data-peek=\"0\" data-autoplay=\"true\" data-height=\"400px\" data-hide-arrows=\"false\"><div class=\"glide__track\" data-glide-el=\"track\"><div class=\"glide__slides\"><div class=\"wp-block-themeisle-blocks-slider-item-wrapper glide__slide\" tabindex=\"0\"><figure><img decoding=\"async\" class=\"wp-block-themeisle-blocks-slider-item\" src=\"https:\/\/familie-weitgereist.de\/wp-content\/uploads\/2023\/05\/IMG_20230501_120357-scaled.jpg\" alt=\"\" title=\"\" data-id=\"14230\"\/><\/figure><\/div><div class=\"wp-block-themeisle-blocks-slider-item-wrapper glide__slide\" tabindex=\"0\"><figure><img decoding=\"async\" class=\"wp-block-themeisle-blocks-slider-item\" src=\"https:\/\/familie-weitgereist.de\/wp-content\/uploads\/2023\/05\/IMG_20230501_114042-scaled.jpg\" alt=\"\" title=\"\" data-id=\"14231\"\/><\/figure><\/div><div class=\"wp-block-themeisle-blocks-slider-item-wrapper glide__slide\" tabindex=\"0\"><figure><img decoding=\"async\" class=\"wp-block-themeisle-blocks-slider-item\" src=\"https:\/\/familie-weitgereist.de\/wp-content\/uploads\/2023\/05\/IMG_20230501_105312-scaled.jpg\" alt=\"\" title=\"\" data-id=\"14232\"\/><\/figure><\/div><div class=\"wp-block-themeisle-blocks-slider-item-wrapper glide__slide\" tabindex=\"0\"><figure><img decoding=\"async\" class=\"wp-block-themeisle-blocks-slider-item\" src=\"https:\/\/familie-weitgereist.de\/wp-content\/uploads\/2023\/05\/IMG_20230501_101459-scaled.jpg\" alt=\"\" title=\"\" data-id=\"14235\"\/><\/figure><\/div><div class=\"wp-block-themeisle-blocks-slider-item-wrapper glide__slide\" tabindex=\"0\"><figure><img decoding=\"async\" class=\"wp-block-themeisle-blocks-slider-item\" src=\"https:\/\/familie-weitgereist.de\/wp-content\/uploads\/2023\/05\/IMG_20230501_100815-scaled.jpg\" alt=\"\" title=\"\" data-id=\"14237\"\/><\/figure><\/div><\/div><div class=\"glide__bullets\" data-glide-el=\"controls[nav]\"><button class=\"glide__bullet\" data-glide-dir=\"=0\"><\/button><button class=\"glide__bullet\" data-glide-dir=\"=1\"><\/button><button class=\"glide__bullet\" data-glide-dir=\"=2\"><\/button><button class=\"glide__bullet\" data-glide-dir=\"=3\"><\/button><button class=\"glide__bullet\" data-glide-dir=\"=4\"><\/button><\/div><\/div><\/div>\n\n\n\n<p>Erice ist seit 1963 als Tagungsort f\u00fcr Sommerkurse in Theoretischer Physik bekannt. Die Umrisse des Ortes sind dreiecksf\u00f6rmig. Vermutet wird, dass dies mit dem Kult der Aphrodite zusammenh\u00e4ngt, wo das Dreieck ein wichtiges Symbol war.<\/p>\n\n\n\n<p>Nach alter r\u00f6mischer Sage (Aeneis), soll der Ort von den aus Troja gefl\u00fcchteten Trojanern gegr\u00fcndet worden sein. Die Stadt wurde alsbald von den Elymern bewohnt und sp\u00e4ter von den Normannen. <\/p>\n\n\n\n<div id=\"wp-block-themeisle-blocks-slider-f326829d\" class=\"wp-block-themeisle-blocks-slider glide\" data-per-view=\"1\" data-gap=\"0\" data-peek=\"0\" data-autoplay=\"true\" data-height=\"400px\" data-hide-arrows=\"false\"><div class=\"glide__track\" data-glide-el=\"track\"><div class=\"glide__slides\"><div class=\"wp-block-themeisle-blocks-slider-item-wrapper glide__slide\" tabindex=\"0\"><figure><img decoding=\"async\" class=\"wp-block-themeisle-blocks-slider-item\" src=\"https:\/\/familie-weitgereist.de\/wp-content\/uploads\/2023\/05\/IMG_20230501_123909-scaled.jpg\" alt=\"\" title=\"\" data-id=\"14234\"\/><\/figure><\/div><div class=\"wp-block-themeisle-blocks-slider-item-wrapper glide__slide\" tabindex=\"0\"><figure><img decoding=\"async\" class=\"wp-block-themeisle-blocks-slider-item\" src=\"https:\/\/familie-weitgereist.de\/wp-content\/uploads\/2023\/05\/IMG_20230501_122212-scaled.jpg\" alt=\"\" title=\"\" data-id=\"14236\"\/><\/figure><\/div><\/div><div class=\"glide__bullets\" data-glide-el=\"controls[nav]\"><button class=\"glide__bullet\" data-glide-dir=\"=0\"><\/button><button class=\"glide__bullet\" data-glide-dir=\"=1\"><\/button><\/div><\/div><\/div>\n\n\n\n<p>Der ganze Ort ist eine einzige Sehensw\u00fcrdigkeit. Dies spiegelt auch der Touristenansturm wider. Selbst bei dichtestem Nebel wurden Touristen mit vielen Tourbussen angefahren und str\u00f6mten ab 11:00 die kleinen Gassen. Sehenswert sind der Venustempel, der Dom, das Schloss des Grafen Pepoli und der Stadtgarten Balio.<\/p>\n\n\n\n<figure class=\"wp-block-image size-large\"><img loading=\"lazy\" decoding=\"async\" width=\"1024\" height=\"768\" src=\"https:\/\/familie-weitgereist.de\/wp-content\/uploads\/2023\/05\/IMG_20230501_111920-1024x768.jpg\" alt=\"\" class=\"wp-image-14227\" srcset=\"https:\/\/familie-weitgereist.de\/wp-content\/uploads\/2023\/05\/IMG_20230501_111920-1024x768.jpg 1024w, https:\/\/familie-weitgereist.de\/wp-content\/uploads\/2023\/05\/IMG_20230501_111920-300x225.jpg 300w, https:\/\/familie-weitgereist.de\/wp-content\/uploads\/2023\/05\/IMG_20230501_111920-768x576.jpg 768w, https:\/\/familie-weitgereist.de\/wp-content\/uploads\/2023\/05\/IMG_20230501_111920-1536x1152.jpg 1536w, https:\/\/familie-weitgereist.de\/wp-content\/uploads\/2023\/05\/IMG_20230501_111920-2048x1536.jpg 2048w, https:\/\/familie-weitgereist.de\/wp-content\/uploads\/2023\/05\/IMG_20230501_111920-1200x900.jpg 1200w, https:\/\/familie-weitgereist.de\/wp-content\/uploads\/2023\/05\/IMG_20230501_111920-1980x1485.jpg 1980w, https:\/\/familie-weitgereist.de\/wp-content\/uploads\/2023\/05\/IMG_20230501_111920-150x113.jpg 150w\" sizes=\"auto, (max-width: 1024px) 100vw, 1024px\" \/><figcaption class=\"wp-element-caption\">Piazza Madriche<\/figcaption><\/figure>\n\n\n\n<h2 class=\"wp-block-heading\" id=\"ortigia\">Isola di Ortigia <\/h2>\n\n\n\n<p>Die kleine Insel Ortigia, an der Ostk\u00fcste Siziliens liegt in der N\u00e4he der Stadt Syrakus. Die Insel ist nur durch eine kleine Br\u00fccke vom Festland getrennt und ca. 4400 Menschen leben auf der kleinen Insel. Wir hatten tats\u00e4chlich auch den Eindruck, dass die Insel sehr dicht bebaut ist und es sehr viele enge Gassen gibt. Die Bev\u00f6lkerung ist in den letzten Jahrzehnten von \u00fcber 20.000 Einwohner auf nur 4400 zur\u00fcck gegangen. Daher stehen viele H\u00e4user leer und wirken verfallen. Viele Tuktuks m\u00f6chten einen durch die engen Gassen fahren. Es stehen sogar kleine Tourbussen bereit. Stra\u00dfenh\u00e4ndler versuchen ihre Bilder oder ihren Schmuck zu verkaufen.<\/p>\n\n\n\n<figure class=\"wp-block-image size-large\"><img loading=\"lazy\" decoding=\"async\" width=\"1024\" height=\"768\" src=\"https:\/\/familie-weitgereist.de\/wp-content\/uploads\/2023\/05\/IMG_20230519_140416-1024x768.jpg\" alt=\"\" class=\"wp-image-14911\" srcset=\"https:\/\/familie-weitgereist.de\/wp-content\/uploads\/2023\/05\/IMG_20230519_140416-1024x768.jpg 1024w, https:\/\/familie-weitgereist.de\/wp-content\/uploads\/2023\/05\/IMG_20230519_140416-300x225.jpg 300w, https:\/\/familie-weitgereist.de\/wp-content\/uploads\/2023\/05\/IMG_20230519_140416-768x576.jpg 768w, https:\/\/familie-weitgereist.de\/wp-content\/uploads\/2023\/05\/IMG_20230519_140416-1536x1152.jpg 1536w, https:\/\/familie-weitgereist.de\/wp-content\/uploads\/2023\/05\/IMG_20230519_140416-2048x1536.jpg 2048w, https:\/\/familie-weitgereist.de\/wp-content\/uploads\/2023\/05\/IMG_20230519_140416-1200x900.jpg 1200w, https:\/\/familie-weitgereist.de\/wp-content\/uploads\/2023\/05\/IMG_20230519_140416-1980x1485.jpg 1980w, https:\/\/familie-weitgereist.de\/wp-content\/uploads\/2023\/05\/IMG_20230519_140416-150x113.jpg 150w\" sizes=\"auto, (max-width: 1024px) 100vw, 1024px\" \/><figcaption class=\"wp-element-caption\">Gasse auf Ortigia<\/figcaption><\/figure>\n\n\n\n<p>Das typische italienische Flair kann man beim Spaziergang durch die vielen Gassen sp\u00fcren. Das quirlige Treiben und die vielen kleinen Gesch\u00e4fte und Caf\u00e9s tragen zu diesem wunderbaren Flair bei. <\/p>\n\n\n\n<p>Wir probierten eine typische sizilianische Spezialit\u00e4t, das <strong>Cannolo<\/strong> <strong>siciliano<\/strong>. Dies besteht aus einer fritierten Teigtasche, die mit einer s\u00fc\u00dfen Creme gef\u00fcllt wird und anschlie\u00dfend in Schokoladen oder Pistazien getunkt wird. Lecker!<\/p>\n\n\n\n<div id=\"wp-block-themeisle-blocks-slider-f8db52bc\" class=\"wp-block-themeisle-blocks-slider glide\" data-per-view=\"1\" data-gap=\"0\" data-peek=\"0\" data-autoplay=\"true\" data-height=\"400px\" data-hide-arrows=\"false\"><div class=\"glide__track\" data-glide-el=\"track\"><div class=\"glide__slides\"><div class=\"wp-block-themeisle-blocks-slider-item-wrapper glide__slide\" tabindex=\"0\"><figure><img decoding=\"async\" class=\"wp-block-themeisle-blocks-slider-item\" src=\"https:\/\/familie-weitgereist.de\/wp-content\/uploads\/2023\/05\/IMG_20230519_151114-scaled.jpg\" alt=\"\" title=\"\" data-id=\"14912\"\/><\/figure><\/div><div class=\"wp-block-themeisle-blocks-slider-item-wrapper glide__slide\" tabindex=\"0\"><figure><img decoding=\"async\" class=\"wp-block-themeisle-blocks-slider-item\" src=\"https:\/\/familie-weitgereist.de\/wp-content\/uploads\/2023\/05\/IMG_20230519_144733-scaled.jpg\" alt=\"\" title=\"\" data-id=\"14913\"\/><\/figure><\/div><div class=\"wp-block-themeisle-blocks-slider-item-wrapper glide__slide\" tabindex=\"0\"><figure><img decoding=\"async\" class=\"wp-block-themeisle-blocks-slider-item\" src=\"https:\/\/familie-weitgereist.de\/wp-content\/uploads\/2023\/05\/IMG_20230519_141907-scaled.jpg\" alt=\"\" title=\"\" data-id=\"14914\"\/><\/figure><\/div><\/div><div class=\"glide__bullets\" data-glide-el=\"controls[nav]\"><button class=\"glide__bullet\" data-glide-dir=\"=0\"><\/button><button class=\"glide__bullet\" data-glide-dir=\"=1\"><\/button><button class=\"glide__bullet\" data-glide-dir=\"=2\"><\/button><\/div><\/div><\/div>\n\n\n\n<p>Wir liefen komplett \u00fcber die kleine Insel, vorbei an dem <strong>Diana Brunnen<\/strong>, dem <strong>Apollon Tempel<\/strong> bis hin zum <strong>Castello<\/strong> <strong>Maniace<\/strong>.<\/p>\n\n\n\n<div id=\"wp-block-themeisle-blocks-slider-aad4448c\" class=\"wp-block-themeisle-blocks-slider glide\" data-per-view=\"1\" data-gap=\"0\" data-peek=\"0\" data-autoplay=\"true\" data-height=\"400px\" data-hide-arrows=\"false\"><div class=\"glide__track\" data-glide-el=\"track\"><div class=\"glide__slides\"><div class=\"wp-block-themeisle-blocks-slider-item-wrapper glide__slide\" tabindex=\"0\"><figure><img decoding=\"async\" class=\"wp-block-themeisle-blocks-slider-item\" src=\"https:\/\/familie-weitgereist.de\/wp-content\/uploads\/2023\/05\/IMG_20230519_145416-scaled.jpg\" alt=\"\" title=\"\" data-id=\"14919\"\/><figcaption>Castello Maniace<\/figcaption><\/figure><\/div><div class=\"wp-block-themeisle-blocks-slider-item-wrapper glide__slide\" tabindex=\"0\"><figure><img decoding=\"async\" class=\"wp-block-themeisle-blocks-slider-item\" src=\"https:\/\/familie-weitgereist.de\/wp-content\/uploads\/2023\/05\/IMG_20230519_141653-scaled.jpg\" alt=\"\" title=\"\" data-id=\"14920\"\/><figcaption>Diana Brunnen<\/figcaption><\/figure><\/div><div class=\"wp-block-themeisle-blocks-slider-item-wrapper glide__slide\" tabindex=\"0\"><figure><img decoding=\"async\" class=\"wp-block-themeisle-blocks-slider-item\" src=\"https:\/\/familie-weitgereist.de\/wp-content\/uploads\/2023\/05\/IMG_20230519_135421-scaled.jpg\" alt=\"\" title=\"\" data-id=\"14921\"\/><figcaption>Apollon Tempel<\/figcaption><\/figure><\/div><\/div><div class=\"glide__bullets\" data-glide-el=\"controls[nav]\"><button class=\"glide__bullet\" data-glide-dir=\"=0\"><\/button><button class=\"glide__bullet\" data-glide-dir=\"=1\"><\/button><button class=\"glide__bullet\" data-glide-dir=\"=2\"><\/button><\/div><\/div><\/div>\n\n\n\n<p>Die Piazza del Duomo mit ihrer Kathedrale von Syrakus ist ein Besuchermagnet auf der Insel. <\/p>\n\n\n\n<figure class=\"wp-block-image size-large\"><img loading=\"lazy\" decoding=\"async\" width=\"1024\" height=\"768\" src=\"https:\/\/familie-weitgereist.de\/wp-content\/uploads\/2023\/05\/IMG_20230519_143351-1024x768.jpg\" alt=\"\" class=\"wp-image-14924\" srcset=\"https:\/\/familie-weitgereist.de\/wp-content\/uploads\/2023\/05\/IMG_20230519_143351-1024x768.jpg 1024w, https:\/\/familie-weitgereist.de\/wp-content\/uploads\/2023\/05\/IMG_20230519_143351-300x225.jpg 300w, https:\/\/familie-weitgereist.de\/wp-content\/uploads\/2023\/05\/IMG_20230519_143351-768x576.jpg 768w, https:\/\/familie-weitgereist.de\/wp-content\/uploads\/2023\/05\/IMG_20230519_143351-1536x1152.jpg 1536w, https:\/\/familie-weitgereist.de\/wp-content\/uploads\/2023\/05\/IMG_20230519_143351-2048x1536.jpg 2048w, https:\/\/familie-weitgereist.de\/wp-content\/uploads\/2023\/05\/IMG_20230519_143351-1200x900.jpg 1200w, https:\/\/familie-weitgereist.de\/wp-content\/uploads\/2023\/05\/IMG_20230519_143351-1980x1485.jpg 1980w, https:\/\/familie-weitgereist.de\/wp-content\/uploads\/2023\/05\/IMG_20230519_143351-150x113.jpg 150w\" sizes=\"auto, (max-width: 1024px) 100vw, 1024px\" \/><figcaption class=\"wp-element-caption\">Piazza del Duomo<\/figcaption><\/figure>\n\n\n\n<h2 class=\"wp-block-heading\" id=\"ispica\">Ispica <\/h2>\n\n\n\n<p>Die Stadt Ispica liegt ebenfalls im Val di Noto und es leben ca. 16.000 Menschen dort. <\/p>\n\n\n\n<figure class=\"wp-block-image size-large\"><img loading=\"lazy\" decoding=\"async\" width=\"1024\" height=\"768\" src=\"https:\/\/familie-weitgereist.de\/wp-content\/uploads\/2023\/05\/IMG_20230509_115558-1024x768.jpg\" alt=\"\" class=\"wp-image-14497\" srcset=\"https:\/\/familie-weitgereist.de\/wp-content\/uploads\/2023\/05\/IMG_20230509_115558-1024x768.jpg 1024w, https:\/\/familie-weitgereist.de\/wp-content\/uploads\/2023\/05\/IMG_20230509_115558-300x225.jpg 300w, https:\/\/familie-weitgereist.de\/wp-content\/uploads\/2023\/05\/IMG_20230509_115558-768x576.jpg 768w, https:\/\/familie-weitgereist.de\/wp-content\/uploads\/2023\/05\/IMG_20230509_115558-1536x1152.jpg 1536w, https:\/\/familie-weitgereist.de\/wp-content\/uploads\/2023\/05\/IMG_20230509_115558-2048x1536.jpg 2048w, https:\/\/familie-weitgereist.de\/wp-content\/uploads\/2023\/05\/IMG_20230509_115558-1200x900.jpg 1200w, https:\/\/familie-weitgereist.de\/wp-content\/uploads\/2023\/05\/IMG_20230509_115558-1980x1485.jpg 1980w, https:\/\/familie-weitgereist.de\/wp-content\/uploads\/2023\/05\/IMG_20230509_115558-150x113.jpg 150w\" sizes=\"auto, (max-width: 1024px) 100vw, 1024px\" \/><figcaption class=\"wp-element-caption\">Portico Sinatra<\/figcaption><\/figure>\n\n\n\n<p>Die Stadt ist auf einem H\u00fcgel gelegen und liegt nahe von Pozzallo, im S\u00fcden von Sizilien. In der N\u00e4he befindet sich die Felsensiedlung Cava d&#8217;Ispica. Ispica hat auch wieder viele Kirchen in seiner Altstadt. Diese strahlen von innen und von au\u00dfen prunkvoll. <\/p>\n\n\n\n<div id=\"wp-block-themeisle-blocks-slider-07b7f0b7\" class=\"wp-block-themeisle-blocks-slider glide\" data-per-view=\"1\" data-gap=\"0\" data-peek=\"0\" data-autoplay=\"true\" data-height=\"400px\" data-hide-arrows=\"false\"><div class=\"glide__track\" data-glide-el=\"track\"><div class=\"glide__slides\"><div class=\"wp-block-themeisle-blocks-slider-item-wrapper glide__slide\" tabindex=\"0\"><figure><img decoding=\"async\" class=\"wp-block-themeisle-blocks-slider-item\" src=\"https:\/\/familie-weitgereist.de\/wp-content\/uploads\/2023\/05\/IMG_20230509_115110-scaled.jpg\" alt=\"\" title=\"\" data-id=\"14489\"\/><figcaption>Basilica Santa Maria Maggiore<\/figcaption><\/figure><\/div><div class=\"wp-block-themeisle-blocks-slider-item-wrapper glide__slide\" tabindex=\"0\"><figure><img decoding=\"async\" class=\"wp-block-themeisle-blocks-slider-item\" src=\"https:\/\/familie-weitgereist.de\/wp-content\/uploads\/2023\/05\/IMG_20230509_111627-scaled.jpg\" alt=\"\" title=\"\" data-id=\"14490\"\/><\/figure><\/div><div class=\"wp-block-themeisle-blocks-slider-item-wrapper glide__slide\" tabindex=\"0\"><figure><img decoding=\"async\" class=\"wp-block-themeisle-blocks-slider-item\" src=\"https:\/\/familie-weitgereist.de\/wp-content\/uploads\/2023\/05\/IMG_20230509_111445-scaled.jpg\" alt=\"\" title=\"\" data-id=\"14491\"\/><figcaption>Kirche San Bartolomeo <\/figcaption><\/figure><\/div><div class=\"wp-block-themeisle-blocks-slider-item-wrapper glide__slide\" tabindex=\"0\"><figure><img decoding=\"async\" class=\"wp-block-themeisle-blocks-slider-item\" src=\"https:\/\/familie-weitgereist.de\/wp-content\/uploads\/2023\/05\/IMG_20230509_104420-scaled.jpg\" alt=\"\" title=\"\" data-id=\"14492\"\/><\/figure><\/div><\/div><div class=\"glide__bullets\" data-glide-el=\"controls[nav]\"><button class=\"glide__bullet\" data-glide-dir=\"=0\"><\/button><button class=\"glide__bullet\" data-glide-dir=\"=1\"><\/button><button class=\"glide__bullet\" data-glide-dir=\"=2\"><\/button><button class=\"glide__bullet\" data-glide-dir=\"=3\"><\/button><\/div><\/div><\/div>\n\n\n\n<p>Leider kann dies von den vielen alten Wohnh\u00e4usern nicht gesagt werden. Hier ist uns zum ersten Mal aufgefallen, wie viele H\u00e4user zum Verkauf stehen. Dabei sind nahezu alle sehr verfallen. Aus den Fassaden wachsen Pflanzen, W\u00e4nde sehen aus, als st\u00fcrzten sie bald ein und Rohrleitungen liegen offen an der Hauswand. Nichtsdestotrotz ist der ehemalige Glanz der H\u00e4user zu erkennen.<\/p>\n\n\n\n<div id=\"wp-block-themeisle-blocks-slider-7e389dc8\" class=\"wp-block-themeisle-blocks-slider glide\" data-per-view=\"1\" data-gap=\"0\" data-peek=\"0\" data-autoplay=\"true\" data-height=\"400px\" data-hide-arrows=\"false\"><div class=\"glide__track\" data-glide-el=\"track\"><div class=\"glide__slides\"><div class=\"wp-block-themeisle-blocks-slider-item-wrapper glide__slide\" tabindex=\"0\"><figure><img decoding=\"async\" class=\"wp-block-themeisle-blocks-slider-item\" src=\"https:\/\/familie-weitgereist.de\/wp-content\/uploads\/2023\/05\/IMG_20230509_122202-scaled.jpg\" alt=\"\" title=\"\" data-id=\"14495\"\/><\/figure><\/div><div class=\"wp-block-themeisle-blocks-slider-item-wrapper glide__slide\" tabindex=\"0\"><figure><img decoding=\"async\" class=\"wp-block-themeisle-blocks-slider-item\" src=\"https:\/\/familie-weitgereist.de\/wp-content\/uploads\/2023\/05\/IMG_20230509_104623-scaled.jpg\" alt=\"\" title=\"\" data-id=\"14498\"\/><\/figure><\/div><\/div><div class=\"glide__bullets\" data-glide-el=\"controls[nav]\"><button class=\"glide__bullet\" data-glide-dir=\"=0\"><\/button><button class=\"glide__bullet\" data-glide-dir=\"=1\"><\/button><\/div><\/div><\/div>\n\n\n\n<h2 class=\"wp-block-heading\" id=\"modica\">Modica <\/h2>\n\n\n\n<p>Modica geh\u00f6rt zu den sp\u00e4tbarocken St\u00e4dten im Val di Noto, welches zum UNESCO Weltkulturerbe erkl\u00e4rt wurde. In Modica leben ca. 54.000 Einwohner.<\/p>\n\n\n\n<figure class=\"wp-block-image size-large\"><img loading=\"lazy\" decoding=\"async\" width=\"1024\" height=\"768\" src=\"https:\/\/familie-weitgereist.de\/wp-content\/uploads\/2023\/05\/IMG_20230507_122226-1024x768.jpg\" alt=\"\" class=\"wp-image-14408\" srcset=\"https:\/\/familie-weitgereist.de\/wp-content\/uploads\/2023\/05\/IMG_20230507_122226-1024x768.jpg 1024w, https:\/\/familie-weitgereist.de\/wp-content\/uploads\/2023\/05\/IMG_20230507_122226-300x225.jpg 300w, https:\/\/familie-weitgereist.de\/wp-content\/uploads\/2023\/05\/IMG_20230507_122226-768x576.jpg 768w, https:\/\/familie-weitgereist.de\/wp-content\/uploads\/2023\/05\/IMG_20230507_122226-1536x1152.jpg 1536w, https:\/\/familie-weitgereist.de\/wp-content\/uploads\/2023\/05\/IMG_20230507_122226-2048x1536.jpg 2048w, https:\/\/familie-weitgereist.de\/wp-content\/uploads\/2023\/05\/IMG_20230507_122226-1200x900.jpg 1200w, https:\/\/familie-weitgereist.de\/wp-content\/uploads\/2023\/05\/IMG_20230507_122226-1980x1485.jpg 1980w, https:\/\/familie-weitgereist.de\/wp-content\/uploads\/2023\/05\/IMG_20230507_122226-150x113.jpg 150w\" sizes=\"auto, (max-width: 1024px) 100vw, 1024px\" \/><figcaption class=\"wp-element-caption\">Modica<\/figcaption><\/figure>\n\n\n\n<p>Modica ist eine dicht bebaute Stadt, bis an den Bergh\u00e4ngen hinan und auf beiden Seiten des Tales. Die engen Gassen und unz\u00e4hligen Treppenstufen winden sich den Berg hinauf und hinab. Es gibt sehr viele Kirchen. Von oben konnten wir sie besonders gut im Stadtbild erkennen.<\/p>\n\n\n\n<div id=\"wp-block-themeisle-blocks-slider-e5e059ee\" class=\"wp-block-themeisle-blocks-slider glide\" data-per-view=\"1\" data-gap=\"0\" data-peek=\"0\" data-autoplay=\"true\" data-height=\"400px\" data-hide-arrows=\"false\"><div class=\"glide__track\" data-glide-el=\"track\"><div class=\"glide__slides\"><div class=\"wp-block-themeisle-blocks-slider-item-wrapper glide__slide\" tabindex=\"0\"><figure><img decoding=\"async\" class=\"wp-block-themeisle-blocks-slider-item\" src=\"https:\/\/familie-weitgereist.de\/wp-content\/uploads\/2023\/05\/IMG_20230507_134242-scaled.jpg\" alt=\"\" title=\"\" data-id=\"14410\"\/><\/figure><\/div><div class=\"wp-block-themeisle-blocks-slider-item-wrapper glide__slide\" tabindex=\"0\"><figure><img decoding=\"async\" class=\"wp-block-themeisle-blocks-slider-item\" src=\"https:\/\/familie-weitgereist.de\/wp-content\/uploads\/2023\/05\/IMG_20230507_112227-scaled.jpg\" alt=\"\" title=\"\" data-id=\"14413\"\/><\/figure><\/div><div class=\"wp-block-themeisle-blocks-slider-item-wrapper glide__slide\" tabindex=\"0\"><figure><img decoding=\"async\" class=\"wp-block-themeisle-blocks-slider-item\" src=\"https:\/\/familie-weitgereist.de\/wp-content\/uploads\/2023\/05\/IMG_20230507_110417-scaled.jpg\" alt=\"\" title=\"\" data-id=\"14415\"\/><\/figure><\/div><\/div><div class=\"glide__bullets\" data-glide-el=\"controls[nav]\"><button class=\"glide__bullet\" data-glide-dir=\"=0\"><\/button><button class=\"glide__bullet\" data-glide-dir=\"=1\"><\/button><button class=\"glide__bullet\" data-glide-dir=\"=2\"><\/button><\/div><\/div><\/div>\n\n\n\n<p>Wir besichtigten das Schloss von Modica. Von dort bietet sich ein wunderbarer Ausblick \u00fcber die gesamte Stadt und das Tal. Zudem kann man die H\u00f6hlen unterhalb des Schlossberges besichtigen. <\/p>\n\n\n\n<div id=\"wp-block-themeisle-blocks-slider-0168e512\" class=\"wp-block-themeisle-blocks-slider glide\" data-per-view=\"1\" data-gap=\"0\" data-peek=\"0\" data-autoplay=\"true\" data-height=\"400px\" data-hide-arrows=\"false\"><div class=\"glide__track\" data-glide-el=\"track\"><div class=\"glide__slides\"><div class=\"wp-block-themeisle-blocks-slider-item-wrapper glide__slide\" tabindex=\"0\"><figure><img decoding=\"async\" class=\"wp-block-themeisle-blocks-slider-item\" src=\"https:\/\/familie-weitgereist.de\/wp-content\/uploads\/2023\/05\/IMG_20230507_124519-scaled.jpg\" alt=\"\" title=\"\" data-id=\"14414\"\/><\/figure><\/div><div class=\"wp-block-themeisle-blocks-slider-item-wrapper glide__slide\" tabindex=\"0\"><figure><img decoding=\"async\" class=\"wp-block-themeisle-blocks-slider-item\" src=\"https:\/\/familie-weitgereist.de\/wp-content\/uploads\/2023\/05\/IMG_20230507_121848-scaled.jpg\" alt=\"\" title=\"\" data-id=\"14416\"\/><\/figure><\/div><\/div><div class=\"glide__bullets\" data-glide-el=\"controls[nav]\"><button class=\"glide__bullet\" data-glide-dir=\"=0\"><\/button><button class=\"glide__bullet\" data-glide-dir=\"=1\"><\/button><\/div><\/div><\/div>\n\n\n\n<p>An jedem ersten Sonntag im Monat ist der Besuch gratis. Ansonsten betr\u00e4gt der Eintritt 3\u20ac pro Erwachsenen. (<em>Stand Mai 2023<\/em>)<\/p>\n\n\n\n<h2 class=\"wp-block-heading\" id=\"ragusaibla\">Ragusa Ibla <\/h2>\n\n\n\n<p>Ragusa Ibla liegt im Weltkulturerbe Val di Noto und ist selbst von der UNESCO 2002 zum Menschheitserbe ausgerufen worden. Ein Besuch der pr\u00e4chtigen Stadt lohnt sich wirklich sehr! <\/p>\n\n\n\n<figure class=\"wp-block-image size-large\"><img loading=\"lazy\" decoding=\"async\" width=\"1024\" height=\"768\" src=\"https:\/\/familie-weitgereist.de\/wp-content\/uploads\/2023\/05\/IMG_20230506_112318-1024x768.jpg\" alt=\"\" class=\"wp-image-14375\" srcset=\"https:\/\/familie-weitgereist.de\/wp-content\/uploads\/2023\/05\/IMG_20230506_112318-1024x768.jpg 1024w, https:\/\/familie-weitgereist.de\/wp-content\/uploads\/2023\/05\/IMG_20230506_112318-300x225.jpg 300w, https:\/\/familie-weitgereist.de\/wp-content\/uploads\/2023\/05\/IMG_20230506_112318-768x576.jpg 768w, https:\/\/familie-weitgereist.de\/wp-content\/uploads\/2023\/05\/IMG_20230506_112318-1536x1152.jpg 1536w, https:\/\/familie-weitgereist.de\/wp-content\/uploads\/2023\/05\/IMG_20230506_112318-2048x1536.jpg 2048w, https:\/\/familie-weitgereist.de\/wp-content\/uploads\/2023\/05\/IMG_20230506_112318-1200x900.jpg 1200w, https:\/\/familie-weitgereist.de\/wp-content\/uploads\/2023\/05\/IMG_20230506_112318-1980x1485.jpg 1980w, https:\/\/familie-weitgereist.de\/wp-content\/uploads\/2023\/05\/IMG_20230506_112318-150x113.jpg 150w\" sizes=\"auto, (max-width: 1024px) 100vw, 1024px\" \/><figcaption class=\"wp-element-caption\">Ragusa Ibla<\/figcaption><\/figure>\n\n\n\n<p>Ragusa war im Jahr 1693 von einem verherrenden Erdbeben betroffen und wurde anschlie\u00dfend im Stil des Sp\u00e4tbarocks wieder aufgebaut. Die Stadt ist unterteilt in die Stadtteile <strong><em>Ragusa Superiore<\/em><\/strong> und <em><strong>Ragusa Ibla<\/strong><\/em>. Ragusa Ibla ist nach der, von den Sikelern gegr\u00fcndeten Stadt, Hybla benannt. <\/p>\n\n\n\n<div id=\"wp-block-themeisle-blocks-slider-be5d3b76\" class=\"wp-block-themeisle-blocks-slider glide\" data-per-view=\"1\" data-gap=\"0\" data-peek=\"0\" data-autoplay=\"true\" data-height=\"400px\" data-hide-arrows=\"false\"><div class=\"glide__track\" data-glide-el=\"track\"><div class=\"glide__slides\"><div class=\"wp-block-themeisle-blocks-slider-item-wrapper glide__slide\" tabindex=\"0\"><figure><img decoding=\"async\" class=\"wp-block-themeisle-blocks-slider-item\" src=\"https:\/\/familie-weitgereist.de\/wp-content\/uploads\/2023\/05\/IMG_20230506_131110-scaled.jpg\" alt=\"\" title=\"\" data-id=\"14380\"\/><\/figure><\/div><div class=\"wp-block-themeisle-blocks-slider-item-wrapper glide__slide\" tabindex=\"0\"><figure><img decoding=\"async\" class=\"wp-block-themeisle-blocks-slider-item\" src=\"https:\/\/familie-weitgereist.de\/wp-content\/uploads\/2023\/05\/IMG_20230506_122058-scaled.jpg\" alt=\"\" title=\"\" data-id=\"14382\"\/><\/figure><\/div><div class=\"wp-block-themeisle-blocks-slider-item-wrapper glide__slide\" tabindex=\"0\"><figure><img decoding=\"async\" class=\"wp-block-themeisle-blocks-slider-item\" src=\"https:\/\/familie-weitgereist.de\/wp-content\/uploads\/2023\/05\/IMG_20230506_121831-scaled.jpg\" alt=\"\" title=\"\" data-id=\"14383\"\/><figcaption>Blick auf Ragusa Superiore <\/figcaption><\/figure><\/div><div class=\"wp-block-themeisle-blocks-slider-item-wrapper glide__slide\" tabindex=\"0\"><figure><img decoding=\"async\" class=\"wp-block-themeisle-blocks-slider-item\" src=\"https:\/\/familie-weitgereist.de\/wp-content\/uploads\/2023\/05\/IMG_20230506_120536-scaled.jpg\" alt=\"\" title=\"\" data-id=\"14384\"\/><\/figure><\/div><\/div><div class=\"glide__bullets\" data-glide-el=\"controls[nav]\"><button class=\"glide__bullet\" data-glide-dir=\"=0\"><\/button><button class=\"glide__bullet\" data-glide-dir=\"=1\"><\/button><button class=\"glide__bullet\" data-glide-dir=\"=2\"><\/button><button class=\"glide__bullet\" data-glide-dir=\"=3\"><\/button><\/div><\/div><\/div>\n\n\n\n<p>Ragusa Ibla liegt auf einem 450m hohen H\u00fcgel. Von der Ferne betrachtet sieht man, wie dicht bebaut der H\u00fcgel ist. Wir schl\u00e4ngelten uns durch die schmalen G\u00e4sslein der Altstadt und f\u00fchlten uns wie in einem Labyrinth. Unz\u00e4hlige Stufen f\u00fchren hinauf und hinab. Ab und an d\u00fcst ein italienisches Kleinfahrzeug durch die engen Gassen. Viele Restaurants und Caf\u00e9s bieten Espressi an, eine gute Gelegenheit um zu Verweilen und dem gesch\u00e4ftigen Treiben zuzuschauen. Faszinierend ist, dass es mehr als 50 Kirchen in Ragusa gibt.<\/p>\n\n\n\n<div id=\"wp-block-themeisle-blocks-slider-1bbcb205\" class=\"wp-block-themeisle-blocks-slider glide\" data-per-view=\"1\" data-gap=\"0\" data-peek=\"0\" data-autoplay=\"true\" data-height=\"400px\" data-hide-arrows=\"false\"><div class=\"glide__track\" data-glide-el=\"track\"><div class=\"glide__slides\"><div class=\"wp-block-themeisle-blocks-slider-item-wrapper glide__slide\" tabindex=\"0\"><figure><img decoding=\"async\" class=\"wp-block-themeisle-blocks-slider-item\" src=\"https:\/\/familie-weitgereist.de\/wp-content\/uploads\/2023\/05\/IMG_20230506_140339-scaled.jpg\" alt=\"\" title=\"\" data-id=\"14391\"\/><\/figure><\/div><div class=\"wp-block-themeisle-blocks-slider-item-wrapper glide__slide\" tabindex=\"0\"><figure><img decoding=\"async\" class=\"wp-block-themeisle-blocks-slider-item\" src=\"https:\/\/familie-weitgereist.de\/wp-content\/uploads\/2023\/05\/IMG_20230506_135739-scaled.jpg\" alt=\"\" title=\"\" data-id=\"14392\"\/><\/figure><\/div><div class=\"wp-block-themeisle-blocks-slider-item-wrapper glide__slide\" tabindex=\"0\"><figure><img decoding=\"async\" class=\"wp-block-themeisle-blocks-slider-item\" src=\"https:\/\/familie-weitgereist.de\/wp-content\/uploads\/2023\/05\/IMG_20230506_132718-scaled.jpg\" alt=\"\" title=\"\" data-id=\"14394\"\/><\/figure><\/div><\/div><div class=\"glide__bullets\" data-glide-el=\"controls[nav]\"><button class=\"glide__bullet\" data-glide-dir=\"=0\"><\/button><button class=\"glide__bullet\" data-glide-dir=\"=1\"><\/button><button class=\"glide__bullet\" data-glide-dir=\"=2\"><\/button><\/div><\/div><\/div>\n\n\n\n<p>In einem sch\u00f6nem Stadtpark, am Rande der Altstadt, mit Blick auf das gr\u00fcne Umland und einem tollen Spielplatz kann man die Seele baumeln lassen und sich nach einem ausgiebigen Erkundungstag entspannen.<\/p>\n\n\n\n<figure class=\"wp-block-image size-large\"><img loading=\"lazy\" decoding=\"async\" width=\"1024\" height=\"768\" src=\"https:\/\/familie-weitgereist.de\/wp-content\/uploads\/2023\/05\/IMG_20230506_143604-1024x768.jpg\" alt=\"\" class=\"wp-image-14399\" srcset=\"https:\/\/familie-weitgereist.de\/wp-content\/uploads\/2023\/05\/IMG_20230506_143604-1024x768.jpg 1024w, https:\/\/familie-weitgereist.de\/wp-content\/uploads\/2023\/05\/IMG_20230506_143604-300x225.jpg 300w, https:\/\/familie-weitgereist.de\/wp-content\/uploads\/2023\/05\/IMG_20230506_143604-768x576.jpg 768w, https:\/\/familie-weitgereist.de\/wp-content\/uploads\/2023\/05\/IMG_20230506_143604-1536x1152.jpg 1536w, https:\/\/familie-weitgereist.de\/wp-content\/uploads\/2023\/05\/IMG_20230506_143604-2048x1536.jpg 2048w, https:\/\/familie-weitgereist.de\/wp-content\/uploads\/2023\/05\/IMG_20230506_143604-1200x900.jpg 1200w, https:\/\/familie-weitgereist.de\/wp-content\/uploads\/2023\/05\/IMG_20230506_143604-1980x1485.jpg 1980w, https:\/\/familie-weitgereist.de\/wp-content\/uploads\/2023\/05\/IMG_20230506_143604-150x113.jpg 150w\" sizes=\"auto, (max-width: 1024px) 100vw, 1024px\" \/><figcaption class=\"wp-element-caption\">Giardino Ibleo<\/figcaption><\/figure>\n\n\n\n<h2 class=\"wp-block-heading\" id=\"salemi\">Salemi <\/h2>\n\n\n\n<p>Salemi liegt im Westen von Sizilien auf einer Anh\u00f6he zwischen sanften, gr\u00fcnen H\u00fcgeln des Umlandes. Die Stadt besitzt heute ca. 10.000 Einwohner. Viele Menschen kommen hierher um das Mafia Museum zu besuchen. In dem Geb\u00e4ude finden sich zeitgleich noch das arch\u00e4ologische Museum mit vielen altert\u00fcmlichen Fundst\u00fccken aus der Region und ein Brotmuseum, welches die B\u00e4ckerkunst darlegt. Das Mafia Museum ist d\u00fcster gestaltet. \u00dcber Filmmaterial erh\u00e4lt man Einblicke \u00fcber die Verbrechen der Mafia, Gef\u00e4ngnis und Politik. Zeitungsartikel ab den 1920er Jahren werden ebenso pr\u00e4sentiert. <\/p>\n\n\n\n<p>Erwachsene zahlen 5\u20ac Eintritt, unsere Kinder zahlten keinen Eintrittspreis. (<em>Stand<\/em> <em>Mai 2023<\/em>)<\/p>\n\n\n\n<figure class=\"wp-block-image size-large\"><img loading=\"lazy\" decoding=\"async\" width=\"1024\" height=\"768\" src=\"https:\/\/familie-weitgereist.de\/wp-content\/uploads\/2023\/05\/IMG_20230501_231352-1024x768.jpg\" alt=\"\" class=\"wp-image-14241\" srcset=\"https:\/\/familie-weitgereist.de\/wp-content\/uploads\/2023\/05\/IMG_20230501_231352-1024x768.jpg 1024w, https:\/\/familie-weitgereist.de\/wp-content\/uploads\/2023\/05\/IMG_20230501_231352-300x225.jpg 300w, https:\/\/familie-weitgereist.de\/wp-content\/uploads\/2023\/05\/IMG_20230501_231352-768x576.jpg 768w, https:\/\/familie-weitgereist.de\/wp-content\/uploads\/2023\/05\/IMG_20230501_231352-1536x1152.jpg 1536w, https:\/\/familie-weitgereist.de\/wp-content\/uploads\/2023\/05\/IMG_20230501_231352-2048x1536.jpg 2048w, https:\/\/familie-weitgereist.de\/wp-content\/uploads\/2023\/05\/IMG_20230501_231352-1200x900.jpg 1200w, https:\/\/familie-weitgereist.de\/wp-content\/uploads\/2023\/05\/IMG_20230501_231352-1980x1485.jpg 1980w, https:\/\/familie-weitgereist.de\/wp-content\/uploads\/2023\/05\/IMG_20230501_231352-150x113.jpg 150w\" sizes=\"auto, (max-width: 1024px) 100vw, 1024px\" \/><figcaption class=\"wp-element-caption\">Mafia, Brot und Arch\u00e4ologisches Museum<\/figcaption><\/figure>\n\n\n\n<p>1860 verk\u00fcndete Garibaldi von Salemi aus, die Diktatur Siziliens. 1968 wurden gro\u00dfe Teile der Stadt durch ein Erdbeben zerst\u00f6rt. Relativ wenig wurde wieder aufgebaut. Die Menschen bauten stattdessen neuere H\u00e4user au\u00dferhalb des Stadtzentrums. <\/p>\n\n\n\n<figure class=\"wp-block-image size-large\"><img loading=\"lazy\" decoding=\"async\" width=\"1024\" height=\"768\" src=\"https:\/\/familie-weitgereist.de\/wp-content\/uploads\/2023\/05\/IMG_20230501_170829-1024x768.jpg\" alt=\"\" class=\"wp-image-14245\" srcset=\"https:\/\/familie-weitgereist.de\/wp-content\/uploads\/2023\/05\/IMG_20230501_170829-1024x768.jpg 1024w, https:\/\/familie-weitgereist.de\/wp-content\/uploads\/2023\/05\/IMG_20230501_170829-300x225.jpg 300w, https:\/\/familie-weitgereist.de\/wp-content\/uploads\/2023\/05\/IMG_20230501_170829-768x576.jpg 768w, https:\/\/familie-weitgereist.de\/wp-content\/uploads\/2023\/05\/IMG_20230501_170829-1536x1152.jpg 1536w, https:\/\/familie-weitgereist.de\/wp-content\/uploads\/2023\/05\/IMG_20230501_170829-2048x1536.jpg 2048w, https:\/\/familie-weitgereist.de\/wp-content\/uploads\/2023\/05\/IMG_20230501_170829-1200x900.jpg 1200w, https:\/\/familie-weitgereist.de\/wp-content\/uploads\/2023\/05\/IMG_20230501_170829-1980x1485.jpg 1980w, https:\/\/familie-weitgereist.de\/wp-content\/uploads\/2023\/05\/IMG_20230501_170829-150x113.jpg 150w\" sizes=\"auto, (max-width: 1024px) 100vw, 1024px\" \/><figcaption class=\"wp-element-caption\">Blick vom Schlossturm<\/figcaption><\/figure>\n\n\n\n<p>Wir unternahmen einen Stadtspaziergang und besuchten das Schloss. Der Besuch war gratis und selbst f\u00fcr die Besteigung des Turmes mussten wir nichts zahlen. Die Kirchruine liegt direkt daneben.<\/p>\n\n\n\n<div id=\"wp-block-themeisle-blocks-slider-6f031fb0\" class=\"wp-block-themeisle-blocks-slider glide\" data-per-view=\"1\" data-gap=\"0\" data-peek=\"0\" data-autoplay=\"true\" data-height=\"400px\" data-hide-arrows=\"false\"><div class=\"glide__track\" data-glide-el=\"track\"><div class=\"glide__slides\"><div class=\"wp-block-themeisle-blocks-slider-item-wrapper glide__slide\" tabindex=\"0\"><figure><img decoding=\"async\" class=\"wp-block-themeisle-blocks-slider-item\" src=\"https:\/\/familie-weitgereist.de\/wp-content\/uploads\/2023\/05\/IMG_20230501_165700-scaled.jpg\" alt=\"\" title=\"\" data-id=\"14247\"\/><\/figure><\/div><div class=\"wp-block-themeisle-blocks-slider-item-wrapper glide__slide\" tabindex=\"0\"><figure><img decoding=\"async\" class=\"wp-block-themeisle-blocks-slider-item\" src=\"https:\/\/familie-weitgereist.de\/wp-content\/uploads\/2023\/05\/IMG_20230501_163650-scaled.jpg\" alt=\"\" title=\"\" data-id=\"14248\"\/><\/figure><\/div><div class=\"wp-block-themeisle-blocks-slider-item-wrapper glide__slide\" tabindex=\"0\"><figure><img decoding=\"async\" class=\"wp-block-themeisle-blocks-slider-item\" src=\"https:\/\/familie-weitgereist.de\/wp-content\/uploads\/2023\/05\/IMG_20230501_163025-scaled.jpg\" alt=\"\" title=\"\" data-id=\"14250\"\/><\/figure><\/div><\/div><div class=\"glide__bullets\" data-glide-el=\"controls[nav]\"><button class=\"glide__bullet\" data-glide-dir=\"=0\"><\/button><button class=\"glide__bullet\" data-glide-dir=\"=1\"><\/button><button class=\"glide__bullet\" data-glide-dir=\"=2\"><\/button><\/div><\/div><\/div>\n\n\n\n<p>Salemi unterlag im Laufe der Jahrhunderte der u.a. der r\u00f6mischen, arabischen und normannischen Herrschaft. Enge Kopfsteinpflastergassen und die typische s\u00fcditalienische Bauweise gefielen uns sehr.<\/p>\n\n\n\n<div id=\"wp-block-themeisle-blocks-slider-f283b36a\" class=\"wp-block-themeisle-blocks-slider glide\" data-per-view=\"1\" data-gap=\"0\" data-peek=\"0\" data-autoplay=\"true\" data-height=\"400px\" data-hide-arrows=\"false\"><div class=\"glide__track\" data-glide-el=\"track\"><div class=\"glide__slides\"><div class=\"wp-block-themeisle-blocks-slider-item-wrapper glide__slide\" tabindex=\"0\"><figure><img decoding=\"async\" class=\"wp-block-themeisle-blocks-slider-item\" src=\"https:\/\/familie-weitgereist.de\/wp-content\/uploads\/2023\/05\/IMG_20230501_164036-scaled.jpg\" alt=\"\" title=\"\" data-id=\"14251\"\/><\/figure><\/div><div class=\"wp-block-themeisle-blocks-slider-item-wrapper glide__slide\" tabindex=\"0\"><figure><img decoding=\"async\" class=\"wp-block-themeisle-blocks-slider-item\" src=\"https:\/\/familie-weitgereist.de\/wp-content\/uploads\/2023\/05\/IMG_20230501_163906-scaled.jpg\" alt=\"\" title=\"\" data-id=\"14253\"\/><\/figure><\/div><div class=\"wp-block-themeisle-blocks-slider-item-wrapper glide__slide\" tabindex=\"0\"><figure><img decoding=\"async\" class=\"wp-block-themeisle-blocks-slider-item\" src=\"https:\/\/familie-weitgereist.de\/wp-content\/uploads\/2023\/05\/IMG_20230501_162654-scaled.jpg\" alt=\"\" title=\"\" data-id=\"14254\"\/><\/figure><\/div><div class=\"wp-block-themeisle-blocks-slider-item-wrapper glide__slide\" tabindex=\"0\"><figure><img decoding=\"async\" class=\"wp-block-themeisle-blocks-slider-item\" src=\"https:\/\/familie-weitgereist.de\/wp-content\/uploads\/2023\/05\/IMG_20230501_162318-scaled.jpg\" alt=\"\" title=\"\" data-id=\"14255\"\/><\/figure><\/div><\/div><div class=\"glide__bullets\" data-glide-el=\"controls[nav]\"><button class=\"glide__bullet\" data-glide-dir=\"=0\"><\/button><button class=\"glide__bullet\" data-glide-dir=\"=1\"><\/button><button class=\"glide__bullet\" data-glide-dir=\"=2\"><\/button><button class=\"glide__bullet\" data-glide-dir=\"=3\"><\/button><\/div><\/div><\/div>\n\n\n\n<h2 class=\"wp-block-heading\" id=\"sambuca\">Sambuca di Sicilia <\/h2>\n\n\n\n<p>In Sambuca di Sicilia leben ca. 6000 Menschen. Der Ort ist bekannt f\u00fcr seine islamische Bauweise. Viele Stra\u00dfenschilder sind in Arabisch und Italienisch geschrieben. Es gibt viele verwinkelte Gassen und kleine Innenh\u00f6fe. Der Ort liegt auf einer Anh\u00f6he und wir bestaunten den sch\u00f6nen Ausblick auf das gr\u00fcne, h\u00fcgelige Umland. Einige H\u00e4user wirken sehr verfallen und herunter gekommen. Irgendwie schaut es dennoch gut aus, da K\u00fcnstler die T\u00fcren und auch Hausw\u00e4nde kreativ gestaltet haben. <\/p>\n\n\n\n<div id=\"wp-block-themeisle-blocks-slider-28d49e06\" class=\"wp-block-themeisle-blocks-slider glide\" data-per-view=\"1\" data-gap=\"0\" data-peek=\"0\" data-autoplay=\"true\" data-height=\"400px\" data-hide-arrows=\"false\"><div class=\"glide__track\" data-glide-el=\"track\"><div class=\"glide__slides\"><div class=\"wp-block-themeisle-blocks-slider-item-wrapper glide__slide\" tabindex=\"0\"><figure><img decoding=\"async\" class=\"wp-block-themeisle-blocks-slider-item\" src=\"https:\/\/familie-weitgereist.de\/wp-content\/uploads\/2023\/05\/IMG_20230503_111230-scaled.jpg\" alt=\"\" title=\"\" data-id=\"14287\"\/><\/figure><\/div><div class=\"wp-block-themeisle-blocks-slider-item-wrapper glide__slide\" tabindex=\"0\"><figure><img decoding=\"async\" class=\"wp-block-themeisle-blocks-slider-item\" src=\"https:\/\/familie-weitgereist.de\/wp-content\/uploads\/2023\/05\/IMG_20230503_111153-scaled.jpg\" alt=\"\" title=\"\" data-id=\"14288\"\/><\/figure><\/div><div class=\"wp-block-themeisle-blocks-slider-item-wrapper glide__slide\" tabindex=\"0\"><figure><img decoding=\"async\" class=\"wp-block-themeisle-blocks-slider-item\" src=\"https:\/\/familie-weitgereist.de\/wp-content\/uploads\/2023\/05\/IMG_20230503_110735-scaled.jpg\" alt=\"\" title=\"\" data-id=\"14289\"\/><\/figure><\/div><div class=\"wp-block-themeisle-blocks-slider-item-wrapper glide__slide\" tabindex=\"0\"><figure><img decoding=\"async\" class=\"wp-block-themeisle-blocks-slider-item\" src=\"https:\/\/familie-weitgereist.de\/wp-content\/uploads\/2023\/05\/IMG_20230503_105920-scaled.jpg\" alt=\"\" title=\"\" data-id=\"14290\"\/><\/figure><\/div><div class=\"wp-block-themeisle-blocks-slider-item-wrapper glide__slide\" tabindex=\"0\"><figure><img decoding=\"async\" class=\"wp-block-themeisle-blocks-slider-item\" src=\"https:\/\/familie-weitgereist.de\/wp-content\/uploads\/2023\/05\/IMG_20230503_105814-scaled.jpg\" alt=\"\" title=\"\" data-id=\"14291\"\/><\/figure><\/div><\/div><div class=\"glide__bullets\" data-glide-el=\"controls[nav]\"><button class=\"glide__bullet\" data-glide-dir=\"=0\"><\/button><button class=\"glide__bullet\" data-glide-dir=\"=1\"><\/button><button class=\"glide__bullet\" data-glide-dir=\"=2\"><\/button><button class=\"glide__bullet\" data-glide-dir=\"=3\"><\/button><button class=\"glide__bullet\" data-glide-dir=\"=4\"><\/button><\/div><\/div><\/div>\n\n\n\n<p>Sambuca di Sicilia verf\u00fcgt \u00fcber eine Hauptstra\u00dfe, die durch den Ort f\u00fchrt. Dort liegen die meisten Sehensw\u00fcrdigkeiten und die verwinkelten Gassen gehen seitlich ab. Zudem gibt es sehr viele Kirchen in dem kleinen Ort.<\/p>\n\n\n\n<div id=\"wp-block-themeisle-blocks-slider-83283844\" class=\"wp-block-themeisle-blocks-slider glide\" data-per-view=\"1\" data-gap=\"0\" data-peek=\"0\" data-autoplay=\"true\" data-height=\"400px\" data-hide-arrows=\"false\"><div class=\"glide__track\" data-glide-el=\"track\"><div class=\"glide__slides\"><div class=\"wp-block-themeisle-blocks-slider-item-wrapper glide__slide\" tabindex=\"0\"><figure><img decoding=\"async\" class=\"wp-block-themeisle-blocks-slider-item\" src=\"https:\/\/familie-weitgereist.de\/wp-content\/uploads\/2023\/05\/IMG_20230503_114015-scaled.jpg\" alt=\"\" title=\"\" data-id=\"14294\"\/><\/figure><\/div><div class=\"wp-block-themeisle-blocks-slider-item-wrapper glide__slide\" tabindex=\"0\"><figure><img decoding=\"async\" class=\"wp-block-themeisle-blocks-slider-item\" src=\"https:\/\/familie-weitgereist.de\/wp-content\/uploads\/2023\/05\/IMG_20230503_113644-scaled.jpg\" alt=\"\" title=\"\" data-id=\"14295\"\/><\/figure><\/div><div class=\"wp-block-themeisle-blocks-slider-item-wrapper glide__slide\" tabindex=\"0\"><figure><img decoding=\"async\" class=\"wp-block-themeisle-blocks-slider-item\" src=\"https:\/\/familie-weitgereist.de\/wp-content\/uploads\/2023\/05\/IMG_20230503_112318-scaled.jpg\" alt=\"\" title=\"\" data-id=\"14296\"\/><\/figure><\/div><\/div><div class=\"glide__bullets\" data-glide-el=\"controls[nav]\"><button class=\"glide__bullet\" data-glide-dir=\"=0\"><\/button><button class=\"glide__bullet\" data-glide-dir=\"=1\"><\/button><button class=\"glide__bullet\" data-glide-dir=\"=2\"><\/button><\/div><\/div><\/div>\n\n\n\n<h2 class=\"wp-block-heading\" id=\"scala\">Scala dei Turchi <\/h2>\n\n\n\n<p>Im S\u00fcden von Sizilien, in der Gemeinde Realmonte befindet sich die Scala dei Turchi. Dies ist eine sanfte, wei\u00dfe, aus Mergel bestehende Klippe. \u00dcbersetzt bedeutet Scala dei Turchi die Treppe der T\u00fcrken. F\u00fcr die Namensgebung gibt es haupts\u00e4chlich zwei Theorien. Die erste k\u00f6nnte auf die \u00c4hnlichkeit des t\u00fcrkischen Ortes Pamukkale hindeuten. Die zweite M\u00f6glichkeit ist, dass sarazenische Soldaten, im Volksmund T\u00fcrken genannt, ihre Boote bei \u00dcberfallen bei den Felsen verankert haben sollen. <\/p>\n\n\n\n<figure class=\"wp-block-image size-large\"><img loading=\"lazy\" decoding=\"async\" width=\"1024\" height=\"768\" src=\"https:\/\/familie-weitgereist.de\/wp-content\/uploads\/2023\/05\/IMG_20230504_104535-1024x768.jpg\" alt=\"\" class=\"wp-image-14319\" srcset=\"https:\/\/familie-weitgereist.de\/wp-content\/uploads\/2023\/05\/IMG_20230504_104535-1024x768.jpg 1024w, https:\/\/familie-weitgereist.de\/wp-content\/uploads\/2023\/05\/IMG_20230504_104535-300x225.jpg 300w, https:\/\/familie-weitgereist.de\/wp-content\/uploads\/2023\/05\/IMG_20230504_104535-768x576.jpg 768w, https:\/\/familie-weitgereist.de\/wp-content\/uploads\/2023\/05\/IMG_20230504_104535-1536x1152.jpg 1536w, https:\/\/familie-weitgereist.de\/wp-content\/uploads\/2023\/05\/IMG_20230504_104535-2048x1536.jpg 2048w, https:\/\/familie-weitgereist.de\/wp-content\/uploads\/2023\/05\/IMG_20230504_104535-1200x900.jpg 1200w, https:\/\/familie-weitgereist.de\/wp-content\/uploads\/2023\/05\/IMG_20230504_104535-1980x1485.jpg 1980w, https:\/\/familie-weitgereist.de\/wp-content\/uploads\/2023\/05\/IMG_20230504_104535-150x113.jpg 150w\" sizes=\"auto, (max-width: 1024px) 100vw, 1024px\" \/><figcaption class=\"wp-element-caption\">Scala dei Turchi<\/figcaption><\/figure>\n\n\n\n<h2 class=\"wp-block-heading\" id=\"scicli\">Scicli<\/h2>\n\n\n\n<p>Die Kleinstadt <strong>Scicli<\/strong> mit fast 27.000 Einwohnern liegt ebenfalls im <strong>Val di Noto<\/strong>, welches UNESCO Weltkulturerbe ist. Auch hier wurde die Stadt im Jahr 1693 von einem verherrenden Erdbeben zerst\u00f6rt und im Stil des Sp\u00e4tbarocks wieder aufgebaut. In der Stadt gibt es sehr viele Kirchen und die engen Gassen und Treppenstufen winden sich auch wieder den Berghang auf beiden Seiten hinauf. <\/p>\n\n\n\n<figure class=\"wp-block-image size-large\"><img loading=\"lazy\" decoding=\"async\" width=\"1024\" height=\"768\" src=\"https:\/\/familie-weitgereist.de\/wp-content\/uploads\/2023\/05\/IMG_20230508_113434-1024x768.jpg\" alt=\"\" class=\"wp-image-14464\" srcset=\"https:\/\/familie-weitgereist.de\/wp-content\/uploads\/2023\/05\/IMG_20230508_113434-1024x768.jpg 1024w, https:\/\/familie-weitgereist.de\/wp-content\/uploads\/2023\/05\/IMG_20230508_113434-300x225.jpg 300w, https:\/\/familie-weitgereist.de\/wp-content\/uploads\/2023\/05\/IMG_20230508_113434-768x576.jpg 768w, https:\/\/familie-weitgereist.de\/wp-content\/uploads\/2023\/05\/IMG_20230508_113434-1536x1152.jpg 1536w, https:\/\/familie-weitgereist.de\/wp-content\/uploads\/2023\/05\/IMG_20230508_113434-2048x1536.jpg 2048w, https:\/\/familie-weitgereist.de\/wp-content\/uploads\/2023\/05\/IMG_20230508_113434-1200x900.jpg 1200w, https:\/\/familie-weitgereist.de\/wp-content\/uploads\/2023\/05\/IMG_20230508_113434-1980x1485.jpg 1980w, https:\/\/familie-weitgereist.de\/wp-content\/uploads\/2023\/05\/IMG_20230508_113434-150x113.jpg 150w\" sizes=\"auto, (max-width: 1024px) 100vw, 1024px\" \/><figcaption class=\"wp-element-caption\">Weg zur Kirchenruine San Matteo mit Blick auf die Kirche Rosario<\/figcaption><\/figure>\n\n\n\n<p>Markant ist die <strong>Kirchenruine San Matteo<\/strong> auf einem der H\u00fcgel oberhalb der Stadt. Von au\u00dfen sieht die Kirche noch relativ pr\u00e4chtig aus, von innen gleicht sie jedoch einer Ruine. <\/p>\n\n\n\n<div id=\"wp-block-themeisle-blocks-slider-c69903cd\" class=\"wp-block-themeisle-blocks-slider glide\" data-per-view=\"1\" data-gap=\"0\" data-peek=\"0\" data-autoplay=\"true\" data-height=\"400px\" data-hide-arrows=\"false\"><div class=\"glide__track\" data-glide-el=\"track\"><div class=\"glide__slides\"><div class=\"wp-block-themeisle-blocks-slider-item-wrapper glide__slide\" tabindex=\"0\"><figure><img decoding=\"async\" class=\"wp-block-themeisle-blocks-slider-item\" src=\"https:\/\/familie-weitgereist.de\/wp-content\/uploads\/2023\/05\/IMG_20230508_114835-scaled.jpg\" alt=\"\" title=\"\" data-id=\"14467\"\/><\/figure><\/div><div class=\"wp-block-themeisle-blocks-slider-item-wrapper glide__slide\" tabindex=\"0\"><figure><img decoding=\"async\" class=\"wp-block-themeisle-blocks-slider-item\" src=\"https:\/\/familie-weitgereist.de\/wp-content\/uploads\/2023\/05\/IMG_20230508_114452-scaled.jpg\" alt=\"\" title=\"\" data-id=\"14469\"\/><\/figure><\/div><\/div><div class=\"glide__bullets\" data-glide-el=\"controls[nav]\"><button class=\"glide__bullet\" data-glide-dir=\"=0\"><\/button><button class=\"glide__bullet\" data-glide-dir=\"=1\"><\/button><\/div><\/div><\/div>\n\n\n\n<p>Der Blick auf Scicli von oben, ist wie bei den anderen Orten im Val di Noto, wundersch\u00f6n. <\/p>\n\n\n\n<figure class=\"wp-block-image size-large\"><img loading=\"lazy\" decoding=\"async\" width=\"1024\" height=\"768\" src=\"https:\/\/familie-weitgereist.de\/wp-content\/uploads\/2023\/05\/IMG_20230508_115620-1024x768.jpg\" alt=\"\" class=\"wp-image-14474\" srcset=\"https:\/\/familie-weitgereist.de\/wp-content\/uploads\/2023\/05\/IMG_20230508_115620-1024x768.jpg 1024w, https:\/\/familie-weitgereist.de\/wp-content\/uploads\/2023\/05\/IMG_20230508_115620-300x225.jpg 300w, https:\/\/familie-weitgereist.de\/wp-content\/uploads\/2023\/05\/IMG_20230508_115620-768x576.jpg 768w, https:\/\/familie-weitgereist.de\/wp-content\/uploads\/2023\/05\/IMG_20230508_115620-1536x1152.jpg 1536w, https:\/\/familie-weitgereist.de\/wp-content\/uploads\/2023\/05\/IMG_20230508_115620-2048x1536.jpg 2048w, https:\/\/familie-weitgereist.de\/wp-content\/uploads\/2023\/05\/IMG_20230508_115620-1200x900.jpg 1200w, https:\/\/familie-weitgereist.de\/wp-content\/uploads\/2023\/05\/IMG_20230508_115620-1980x1485.jpg 1980w, https:\/\/familie-weitgereist.de\/wp-content\/uploads\/2023\/05\/IMG_20230508_115620-150x113.jpg 150w\" sizes=\"auto, (max-width: 1024px) 100vw, 1024px\" \/><figcaption class=\"wp-element-caption\">Kirche San Bartolomeo<\/figcaption><\/figure>\n\n\n\n<p>Wir schlenderten oberhalb des Stadtzentrums und auch zwischen den schmalen Gassen. Einige H\u00e4user stehen zum Verkauf. Wieder andere sind schon ziemlich verfallen und wirken wie kleine Ruinen. Nichtsdestotrotz tragen sie zum Charme der Stadt bei. <\/p>\n\n\n\n<div id=\"wp-block-themeisle-blocks-slider-2b65ef58\" class=\"wp-block-themeisle-blocks-slider glide\" data-per-view=\"1\" data-gap=\"0\" data-peek=\"0\" data-autoplay=\"true\" data-height=\"400px\" data-hide-arrows=\"false\"><div class=\"glide__track\" data-glide-el=\"track\"><div class=\"glide__slides\"><div class=\"wp-block-themeisle-blocks-slider-item-wrapper glide__slide\" tabindex=\"0\"><figure><img decoding=\"async\" class=\"wp-block-themeisle-blocks-slider-item\" src=\"https:\/\/familie-weitgereist.de\/wp-content\/uploads\/2023\/05\/IMG_20230508_111051-scaled.jpg\" alt=\"\" title=\"\" data-id=\"14481\"\/><\/figure><\/div><div class=\"wp-block-themeisle-blocks-slider-item-wrapper glide__slide\" tabindex=\"0\"><figure><img decoding=\"async\" class=\"wp-block-themeisle-blocks-slider-item\" src=\"https:\/\/familie-weitgereist.de\/wp-content\/uploads\/2023\/05\/IMG_20230508_104658-scaled.jpg\" alt=\"\" title=\"\" data-id=\"14483\"\/><\/figure><\/div><div class=\"wp-block-themeisle-blocks-slider-item-wrapper glide__slide\" tabindex=\"0\"><figure><img decoding=\"async\" class=\"wp-block-themeisle-blocks-slider-item\" src=\"https:\/\/familie-weitgereist.de\/wp-content\/uploads\/2023\/05\/IMG_20230508_103546-scaled.jpg\" alt=\"\" title=\"\" data-id=\"14484\"\/><\/figure><\/div><\/div><div class=\"glide__bullets\" data-glide-el=\"controls[nav]\"><button class=\"glide__bullet\" data-glide-dir=\"=0\"><\/button><button class=\"glide__bullet\" data-glide-dir=\"=1\"><\/button><button class=\"glide__bullet\" data-glide-dir=\"=2\"><\/button><\/div><\/div><\/div>\n\n\n\n<h2 class=\"wp-block-heading\" id=\"segesta\">Naturpool Segesta <\/h2>\n\n\n\n<p>Es gibt hei\u00dfe Quellen auf Sizilien und wir liebten es! Wir haben die ca.45\u00b0C hei\u00dfe Quelle in Segesta besucht. Wir parkten unseren Camper oberhalb der Zufahrtsstra\u00dfe zur Quelle, denn die Stra\u00dfe zur Quelle war in einem schlimmen Zustand und der Weg f\u00fchrte steil hinab. <\/p>\n\n\n\n<p>Zur Quelle liefen wir durch einen Bambuswald und furteten einen kleinen Fluss. Das war f\u00fcr Merlin ein gro\u00dfes Abenteuer! <\/p>\n\n\n\n<div id=\"wp-block-themeisle-blocks-slider-a5192683\" class=\"wp-block-themeisle-blocks-slider glide\" data-per-view=\"1\" data-gap=\"0\" data-peek=\"0\" data-autoplay=\"true\" data-height=\"400px\" data-hide-arrows=\"false\"><div class=\"glide__track\" data-glide-el=\"track\"><div class=\"glide__slides\"><div class=\"wp-block-themeisle-blocks-slider-item-wrapper glide__slide\" tabindex=\"0\"><figure><img decoding=\"async\" class=\"wp-block-themeisle-blocks-slider-item\" src=\"https:\/\/familie-weitgereist.de\/wp-content\/uploads\/2023\/04\/IMG_20230430_132523-scaled.jpg\" alt=\"\" title=\"\" data-id=\"14211\"\/><\/figure><\/div><div class=\"wp-block-themeisle-blocks-slider-item-wrapper glide__slide\" tabindex=\"0\"><figure><img decoding=\"async\" class=\"wp-block-themeisle-blocks-slider-item\" src=\"https:\/\/familie-weitgereist.de\/wp-content\/uploads\/2023\/04\/IMG_20230430_121730-scaled.jpg\" alt=\"\" title=\"\" data-id=\"14212\"\/><\/figure><\/div><\/div><div class=\"glide__bullets\" data-glide-el=\"controls[nav]\"><button class=\"glide__bullet\" data-glide-dir=\"=0\"><\/button><button class=\"glide__bullet\" data-glide-dir=\"=1\"><\/button><\/div><\/div><\/div>\n\n\n\n<figure class=\"wp-block-image size-large is-resized\"><img loading=\"lazy\" decoding=\"async\" width=\"1024\" height=\"768\" src=\"https:\/\/familie-weitgereist.de\/wp-content\/uploads\/2023\/04\/IMG_20230430_121944-1024x768.jpg\" alt=\"\" class=\"wp-image-14210\" style=\"width:380px;height:284px\" srcset=\"https:\/\/familie-weitgereist.de\/wp-content\/uploads\/2023\/04\/IMG_20230430_121944-1024x768.jpg 1024w, https:\/\/familie-weitgereist.de\/wp-content\/uploads\/2023\/04\/IMG_20230430_121944-300x225.jpg 300w, https:\/\/familie-weitgereist.de\/wp-content\/uploads\/2023\/04\/IMG_20230430_121944-768x576.jpg 768w, https:\/\/familie-weitgereist.de\/wp-content\/uploads\/2023\/04\/IMG_20230430_121944-1536x1152.jpg 1536w, https:\/\/familie-weitgereist.de\/wp-content\/uploads\/2023\/04\/IMG_20230430_121944-2048x1536.jpg 2048w, https:\/\/familie-weitgereist.de\/wp-content\/uploads\/2023\/04\/IMG_20230430_121944-1200x900.jpg 1200w, https:\/\/familie-weitgereist.de\/wp-content\/uploads\/2023\/04\/IMG_20230430_121944-1980x1485.jpg 1980w, https:\/\/familie-weitgereist.de\/wp-content\/uploads\/2023\/04\/IMG_20230430_121944-150x113.jpg 150w\" sizes=\"auto, (max-width: 1024px) 100vw, 1024px\" \/><\/figure>\n\n\n\n<p>Das Quellbecken ist ausreichend gro\u00df und in wunderbarer Natur. Unseren beiden Jungs hat das Bad im warmen Wasser sehr gut gefallen. Eine tolle Erfrischung bietet der Fluss direkt daneben. <\/p>\n\n\n\n<h2 class=\"wp-block-heading\" id=\"taormina\">Taormina und Isola Bella<\/h2>\n\n\n\n<p>Aufgrund von starken Regenf\u00e4llen und Sturm, konnten wir die sch\u00f6ne Stadt Taormina und die kleine Isola Bella nur auf der Durchreise sehen und stoppten f\u00fcr ein Foto. <\/p>\n\n\n\n<p>Taormina liegt an der Ostk\u00fcste Siziliens, in der N\u00e4he des Vulkans \u00c4tna. Die Stadt ist sehr h\u00fcgelig und bekannt f\u00fcr ihr griechisch-r\u00f6misches Theater. <\/p>\n\n\n\n<p>1787 besuchte sogar <strong>Johann Wolfgang von Goethe<\/strong> Taormina. Seine Erinnerungen sind in seinem Reisebericht &#8222;<em>Italienische Reise<\/em>&#8220; festgehalten, in dem er haupts\u00e4chlich autobiografisch seine Zeit in Italien von 1786 bis 1788 Revue passieren l\u00e4sst.<\/p>\n\n\n\n<p>Die <strong>kleine Insel Isola Bella<\/strong> kann bei Ebbe \u00fcber eine Sandbank erreicht werden. Ansonsten k\u00f6nnte man die kurze Distanz auch schwimmen. Die Insel ist seit 1998 Naturschutzgebiet, da seltene V\u00f6gel auf ihr leben. <\/p>\n\n\n\n<figure class=\"wp-block-image size-large\"><img loading=\"lazy\" decoding=\"async\" width=\"1024\" height=\"768\" src=\"https:\/\/familie-weitgereist.de\/wp-content\/uploads\/2023\/05\/IMG_20230520_161656-1024x768.jpg\" alt=\"\" class=\"wp-image-14929\" srcset=\"https:\/\/familie-weitgereist.de\/wp-content\/uploads\/2023\/05\/IMG_20230520_161656-1024x768.jpg 1024w, https:\/\/familie-weitgereist.de\/wp-content\/uploads\/2023\/05\/IMG_20230520_161656-300x225.jpg 300w, https:\/\/familie-weitgereist.de\/wp-content\/uploads\/2023\/05\/IMG_20230520_161656-768x576.jpg 768w, https:\/\/familie-weitgereist.de\/wp-content\/uploads\/2023\/05\/IMG_20230520_161656-1536x1152.jpg 1536w, https:\/\/familie-weitgereist.de\/wp-content\/uploads\/2023\/05\/IMG_20230520_161656-2048x1536.jpg 2048w, https:\/\/familie-weitgereist.de\/wp-content\/uploads\/2023\/05\/IMG_20230520_161656-1200x900.jpg 1200w, https:\/\/familie-weitgereist.de\/wp-content\/uploads\/2023\/05\/IMG_20230520_161656-1980x1485.jpg 1980w, https:\/\/familie-weitgereist.de\/wp-content\/uploads\/2023\/05\/IMG_20230520_161656-150x113.jpg 150w\" sizes=\"auto, (max-width: 1024px) 100vw, 1024px\" \/><figcaption class=\"wp-element-caption\">Blick auf Isola Bella<\/figcaption><\/figure>\n\n\n\n<p>Einen sch\u00f6nen Ausflug kann man auch mit der Seilbahn von Taormina nach Mazzar\u00f2 unternehmen. Die Seilbahn kostet f\u00fcr eine 10 min\u00fctige Fahrt 3\u20ac und tolle Ausblicke auf die Bucht, Isola Bella und die Altstadt von Taormina k\u00f6nnen genossen werden. Wir werden bei unserem n\u00e4chsten Sizilientrip die Gegend definitiv n\u00e4her erkunden. <\/p>\n\n\n\n<h2 class=\"wp-block-heading\" id=\"templi\">Valle dei Templi &#8211; Tal der Tempel<\/h2>\n\n\n\n<p>Ein Ausflug in das Tal der Tempel geh\u00f6rt zu den <strong>absoluten Highlights<\/strong> auf Sizilien. In unmittelbarer N\u00e4he zum Ort <strong>Agrigento<\/strong> liegt das Tal der Tempel auf einer Anh\u00f6he, stets das Mittelmeer \u00fcberblickend. Die St\u00e4tte ist ein <strong>UNESCO Weltkulturerbe<\/strong>, bestehend aus<strong> 8 griechischen Tempel<\/strong> und <strong>Ruinen<\/strong>. <\/p>\n\n\n\n<p>Um das gesamte Areal zu erkunden, ben\u00f6tigten wir 4 Stunden und liefen ca. 5 km. Es gibt zwei Parkpl\u00e4tze, einen am Westeingang und einen am Osteingang. Wir parkten am Osteingang und begannen von dort aus unsere Erkundung. Am Ende muss man wieder zur\u00fcck laufen. Im Gegensatz zu Selinunt gab es jedoch keinen Shuttlebus. <\/p>\n\n\n\n<figure class=\"wp-block-image size-large\"><img loading=\"lazy\" decoding=\"async\" width=\"1024\" height=\"759\" src=\"https:\/\/familie-weitgereist.de\/wp-content\/uploads\/2023\/05\/IMG_20230504_135849-1024x759.jpg\" alt=\"\" class=\"wp-image-14334\" srcset=\"https:\/\/familie-weitgereist.de\/wp-content\/uploads\/2023\/05\/IMG_20230504_135849-1024x759.jpg 1024w, https:\/\/familie-weitgereist.de\/wp-content\/uploads\/2023\/05\/IMG_20230504_135849-300x222.jpg 300w, https:\/\/familie-weitgereist.de\/wp-content\/uploads\/2023\/05\/IMG_20230504_135849-768x569.jpg 768w, https:\/\/familie-weitgereist.de\/wp-content\/uploads\/2023\/05\/IMG_20230504_135849-1536x1139.jpg 1536w, https:\/\/familie-weitgereist.de\/wp-content\/uploads\/2023\/05\/IMG_20230504_135849-2048x1518.jpg 2048w, https:\/\/familie-weitgereist.de\/wp-content\/uploads\/2023\/05\/IMG_20230504_135849-1200x890.jpg 1200w, https:\/\/familie-weitgereist.de\/wp-content\/uploads\/2023\/05\/IMG_20230504_135849-1980x1468.jpg 1980w, https:\/\/familie-weitgereist.de\/wp-content\/uploads\/2023\/05\/IMG_20230504_135849-150x111.jpg 150w\" sizes=\"auto, (max-width: 1024px) 100vw, 1024px\" \/><figcaption class=\"wp-element-caption\">Heraklestempel<\/figcaption><\/figure>\n\n\n\n<p>Das heutige Agrigento, einst Akragas hat seine Urspr\u00fcnge im 6. Jh. v. Chr. und z\u00e4hlte zu den f\u00fchrenden St\u00e4dten im Mittelmeerraum. <\/p>\n\n\n\n<div id=\"wp-block-themeisle-blocks-slider-2e31ecb7\" class=\"wp-block-themeisle-blocks-slider glide\" data-per-view=\"1\" data-gap=\"0\" data-peek=\"0\" data-autoplay=\"true\" data-height=\"400px\" data-hide-arrows=\"false\"><div class=\"glide__track\" data-glide-el=\"track\"><div class=\"glide__slides\"><div class=\"wp-block-themeisle-blocks-slider-item-wrapper glide__slide\" tabindex=\"0\"><figure><img decoding=\"async\" class=\"wp-block-themeisle-blocks-slider-item\" src=\"https:\/\/familie-weitgereist.de\/wp-content\/uploads\/2023\/05\/IMG_20230504_144132-scaled.jpg\" alt=\"\" title=\"\" data-id=\"14335\"\/><figcaption>Dioskurentempel<\/figcaption><\/figure><\/div><div class=\"wp-block-themeisle-blocks-slider-item-wrapper glide__slide\" tabindex=\"0\"><figure><img decoding=\"async\" class=\"wp-block-themeisle-blocks-slider-item\" src=\"https:\/\/familie-weitgereist.de\/wp-content\/uploads\/2023\/05\/IMG_20230504_143301-scaled.jpg\" alt=\"\" title=\"\" data-id=\"14336\"\/><figcaption>Blick auf den Dioskurentempel <\/figcaption><\/figure><\/div><div class=\"wp-block-themeisle-blocks-slider-item-wrapper glide__slide\" tabindex=\"0\"><figure><img decoding=\"async\" class=\"wp-block-themeisle-blocks-slider-item\" src=\"https:\/\/familie-weitgereist.de\/wp-content\/uploads\/2023\/05\/IMG_20230504_132138-scaled.jpg\" alt=\"\" title=\"\" data-id=\"14338\"\/><figcaption>Concordiatempel<\/figcaption><\/figure><\/div><div class=\"wp-block-themeisle-blocks-slider-item-wrapper glide__slide\" tabindex=\"0\"><figure><img decoding=\"async\" class=\"wp-block-themeisle-blocks-slider-item\" src=\"https:\/\/familie-weitgereist.de\/wp-content\/uploads\/2023\/05\/IMG_20230504_131650-scaled.jpg\" alt=\"\" title=\"\" data-id=\"14339\"\/><figcaption>Concordiatempel<\/figcaption><\/figure><\/div><\/div><div class=\"glide__bullets\" data-glide-el=\"controls[nav]\"><button class=\"glide__bullet\" data-glide-dir=\"=0\"><\/button><button class=\"glide__bullet\" data-glide-dir=\"=1\"><\/button><button class=\"glide__bullet\" data-glide-dir=\"=2\"><\/button><button class=\"glide__bullet\" data-glide-dir=\"=3\"><\/button><\/div><\/div><\/div>\n\n\n\n<p>Mandel- und Olivenb\u00e4ume spenden auf den Wegen zwischen den Tempel etwas Schatten. Die Temperaturen k\u00f6nnen besonders in den Sommermonaten sehr hoch sein in Sizilien. Es ist wichtig, dass man gen\u00fcgend Wasser dabei hat und einen Hut, um sich vor der Sonne zu sch\u00fctzen. <\/p>\n\n\n\n<figure class=\"wp-block-image size-large\"><img loading=\"lazy\" decoding=\"async\" width=\"1024\" height=\"768\" src=\"https:\/\/familie-weitgereist.de\/wp-content\/uploads\/2023\/05\/IMG_20230504_123833-1024x768.jpg\" alt=\"\" class=\"wp-image-14340\" srcset=\"https:\/\/familie-weitgereist.de\/wp-content\/uploads\/2023\/05\/IMG_20230504_123833-1024x768.jpg 1024w, https:\/\/familie-weitgereist.de\/wp-content\/uploads\/2023\/05\/IMG_20230504_123833-300x225.jpg 300w, https:\/\/familie-weitgereist.de\/wp-content\/uploads\/2023\/05\/IMG_20230504_123833-768x576.jpg 768w, https:\/\/familie-weitgereist.de\/wp-content\/uploads\/2023\/05\/IMG_20230504_123833-1536x1152.jpg 1536w, https:\/\/familie-weitgereist.de\/wp-content\/uploads\/2023\/05\/IMG_20230504_123833-2048x1536.jpg 2048w, https:\/\/familie-weitgereist.de\/wp-content\/uploads\/2023\/05\/IMG_20230504_123833-1200x900.jpg 1200w, https:\/\/familie-weitgereist.de\/wp-content\/uploads\/2023\/05\/IMG_20230504_123833-1980x1485.jpg 1980w, https:\/\/familie-weitgereist.de\/wp-content\/uploads\/2023\/05\/IMG_20230504_123833-150x113.jpg 150w\" sizes=\"auto, (max-width: 1024px) 100vw, 1024px\" \/><figcaption class=\"wp-element-caption\">Juno Tempel<\/figcaption><\/figure>\n\n\n\n<p>Erwachsene zahlen 10\u20ac Eintritt, Menschen unter 18 Jahren d\u00fcrfen die Tempel gratis besichtigen. (<em>Stand Mai 2023<\/em>)<\/p>\n\n\n\n<h2 class=\"wp-block-heading\" id=\"wassermuehle\">Wasserm\u00fchle in einer Grotte <\/h2>\n\n\n\n<p>Eine sehr spezielle und interessante M\u00fchle befindet sich im S\u00fcden von Sizilien und wird in 5. Generation geleitet. <\/p>\n\n\n\n<figure class=\"wp-block-image size-large\"><img loading=\"lazy\" decoding=\"async\" width=\"1024\" height=\"768\" src=\"https:\/\/familie-weitgereist.de\/wp-content\/uploads\/2023\/05\/IMG_20230507_152317-1-1024x768.jpg\" alt=\"\" class=\"wp-image-14437\" srcset=\"https:\/\/familie-weitgereist.de\/wp-content\/uploads\/2023\/05\/IMG_20230507_152317-1-1024x768.jpg 1024w, https:\/\/familie-weitgereist.de\/wp-content\/uploads\/2023\/05\/IMG_20230507_152317-1-300x225.jpg 300w, https:\/\/familie-weitgereist.de\/wp-content\/uploads\/2023\/05\/IMG_20230507_152317-1-768x576.jpg 768w, https:\/\/familie-weitgereist.de\/wp-content\/uploads\/2023\/05\/IMG_20230507_152317-1-1536x1152.jpg 1536w, https:\/\/familie-weitgereist.de\/wp-content\/uploads\/2023\/05\/IMG_20230507_152317-1-2048x1536.jpg 2048w, https:\/\/familie-weitgereist.de\/wp-content\/uploads\/2023\/05\/IMG_20230507_152317-1-1200x900.jpg 1200w, https:\/\/familie-weitgereist.de\/wp-content\/uploads\/2023\/05\/IMG_20230507_152317-1-1980x1485.jpg 1980w, https:\/\/familie-weitgereist.de\/wp-content\/uploads\/2023\/05\/IMG_20230507_152317-1-150x113.jpg 150w\" sizes=\"auto, (max-width: 1024px) 100vw, 1024px\" \/><\/figure>\n\n\n\n<p>Uns wurde die Funktionsweise der Wasserm\u00fchle erkl\u00e4rt. Wir haben uns zudem die ganze M\u00fchle angesehen und es war wirklich etwas Besonderes. Feinstes Bio Hartweizenmehl wird hier produziert. Die Wasserm\u00fchle befindet sich in einer Grotte, dabei verl\u00e4uft ein Wasserfall und ein Wasserlauf durch die Grotte und innerhalb des ehemaligen Wohnkomplexes. Die Familie hat ihr Haus direkt an den Fels und die Grotte heran gebaut. <\/p>\n\n\n\n<div id=\"wp-block-themeisle-blocks-slider-3cf92616\" class=\"wp-block-themeisle-blocks-slider glide\" data-per-view=\"1\" data-gap=\"0\" data-peek=\"0\" data-autoplay=\"true\" data-height=\"400px\" data-hide-arrows=\"false\"><div class=\"glide__track\" data-glide-el=\"track\"><div class=\"glide__slides\"><div class=\"wp-block-themeisle-blocks-slider-item-wrapper glide__slide\" tabindex=\"0\"><figure><img decoding=\"async\" class=\"wp-block-themeisle-blocks-slider-item\" src=\"https:\/\/familie-weitgereist.de\/wp-content\/uploads\/2023\/05\/IMG_20230507_160153-scaled.jpg\" alt=\"\" title=\"\" data-id=\"14429\"\/><\/figure><\/div><div class=\"wp-block-themeisle-blocks-slider-item-wrapper glide__slide\" tabindex=\"0\"><figure><img decoding=\"async\" class=\"wp-block-themeisle-blocks-slider-item\" src=\"https:\/\/familie-weitgereist.de\/wp-content\/uploads\/2023\/05\/IMG_20230507_155827-scaled.jpg\" alt=\"\" title=\"\" data-id=\"14431\"\/><\/figure><\/div><div class=\"wp-block-themeisle-blocks-slider-item-wrapper glide__slide\" tabindex=\"0\"><figure><img decoding=\"async\" class=\"wp-block-themeisle-blocks-slider-item\" src=\"https:\/\/familie-weitgereist.de\/wp-content\/uploads\/2023\/05\/IMG_20230507_155713-scaled.jpg\" alt=\"\" title=\"\" data-id=\"14433\"\/><\/figure><\/div><\/div><div class=\"glide__bullets\" data-glide-el=\"controls[nav]\"><button class=\"glide__bullet\" data-glide-dir=\"=0\"><\/button><button class=\"glide__bullet\" data-glide-dir=\"=1\"><\/button><button class=\"glide__bullet\" data-glide-dir=\"=2\"><\/button><\/div><\/div><\/div>\n\n\n\n<p>Wir sahen den urspr\u00fcnglichen Zustand der M\u00fchle, dem einfachen Wohnraum, der Waschkammer, den Stall und konnten uns viele Werkzeuge anschauen. Besonders Merlin hat sich sehr daf\u00fcr interessiert.<\/p>\n\n\n\n<div id=\"wp-block-themeisle-blocks-slider-699cda97\" class=\"wp-block-themeisle-blocks-slider glide\" data-per-view=\"1\" data-gap=\"0\" data-peek=\"0\" data-autoplay=\"true\" data-height=\"400px\" data-hide-arrows=\"false\"><div class=\"glide__track\" data-glide-el=\"track\"><div class=\"glide__slides\"><div class=\"wp-block-themeisle-blocks-slider-item-wrapper glide__slide\" tabindex=\"0\"><figure><img decoding=\"async\" class=\"wp-block-themeisle-blocks-slider-item\" src=\"https:\/\/familie-weitgereist.de\/wp-content\/uploads\/2023\/05\/IMG_20230507_153939-scaled.jpg\" alt=\"\" title=\"\" data-id=\"14430\"\/><\/figure><\/div><div class=\"wp-block-themeisle-blocks-slider-item-wrapper glide__slide\" tabindex=\"0\"><figure><img decoding=\"async\" class=\"wp-block-themeisle-blocks-slider-item\" src=\"https:\/\/familie-weitgereist.de\/wp-content\/uploads\/2023\/05\/IMG_20230507_152151-scaled.jpg\" alt=\"\" title=\"\" data-id=\"14435\"\/><\/figure><\/div><\/div><div class=\"glide__bullets\" data-glide-el=\"controls[nav]\"><button class=\"glide__bullet\" data-glide-dir=\"=0\"><\/button><button class=\"glide__bullet\" data-glide-dir=\"=1\"><\/button><\/div><\/div><\/div>\n\n\n\n<p>Der Eintritt richtet sich nach der Gruppen- oder Familiengr\u00f6\u00dfe. Wir zahlten 4\u20ac pro Erwachsener, Kinder von 3 bis 5 Jahren zahlen 1,50\u20ac. (<em>Stand Mai 2023<\/em>)<\/p>\n\n\n\n<h2 class=\"wp-block-heading\">Spielpl\u00e4tze auf Sizilien <\/h2>\n\n\n\n<p>In <strong>Sambuca di Sicilia<\/strong> gibt es einen kleinen Park unterhalb der Hauptstra\u00dfe und einen sehr sch\u00f6nen Spielplatz. <\/p>\n\n\n\n<figure class=\"wp-block-image size-large\"><img loading=\"lazy\" decoding=\"async\" width=\"1024\" height=\"768\" src=\"https:\/\/familie-weitgereist.de\/wp-content\/uploads\/2023\/05\/IMG_20230503_120433-1024x768.jpg\" alt=\"\" class=\"wp-image-14298\" srcset=\"https:\/\/familie-weitgereist.de\/wp-content\/uploads\/2023\/05\/IMG_20230503_120433-1024x768.jpg 1024w, https:\/\/familie-weitgereist.de\/wp-content\/uploads\/2023\/05\/IMG_20230503_120433-300x225.jpg 300w, https:\/\/familie-weitgereist.de\/wp-content\/uploads\/2023\/05\/IMG_20230503_120433-768x576.jpg 768w, https:\/\/familie-weitgereist.de\/wp-content\/uploads\/2023\/05\/IMG_20230503_120433-1536x1152.jpg 1536w, https:\/\/familie-weitgereist.de\/wp-content\/uploads\/2023\/05\/IMG_20230503_120433-2048x1536.jpg 2048w, https:\/\/familie-weitgereist.de\/wp-content\/uploads\/2023\/05\/IMG_20230503_120433-1200x900.jpg 1200w, https:\/\/familie-weitgereist.de\/wp-content\/uploads\/2023\/05\/IMG_20230503_120433-1980x1485.jpg 1980w, https:\/\/familie-weitgereist.de\/wp-content\/uploads\/2023\/05\/IMG_20230503_120433-150x113.jpg 150w\" sizes=\"auto, (max-width: 1024px) 100vw, 1024px\" \/><figcaption class=\"wp-element-caption\">Sambuca di Sicilia<\/figcaption><\/figure>\n\n\n\n<p>Einen kleinen Spielplatz gibt es in dem Ort <strong>Lido Rossello<\/strong>. Unweit des Strandes befindet sich dieser Spielplatz neben einem Fu\u00dfballfeld.<\/p>\n\n\n\n<figure class=\"wp-block-image size-large is-resized\"><img loading=\"lazy\" decoding=\"async\" width=\"1024\" height=\"768\" src=\"https:\/\/familie-weitgereist.de\/wp-content\/uploads\/2023\/05\/IMG_20230503_170754-1024x768.jpg\" alt=\"\" class=\"wp-image-14299\" style=\"width:377px;height:282px\" srcset=\"https:\/\/familie-weitgereist.de\/wp-content\/uploads\/2023\/05\/IMG_20230503_170754-1024x768.jpg 1024w, https:\/\/familie-weitgereist.de\/wp-content\/uploads\/2023\/05\/IMG_20230503_170754-300x225.jpg 300w, https:\/\/familie-weitgereist.de\/wp-content\/uploads\/2023\/05\/IMG_20230503_170754-768x576.jpg 768w, https:\/\/familie-weitgereist.de\/wp-content\/uploads\/2023\/05\/IMG_20230503_170754-1536x1152.jpg 1536w, https:\/\/familie-weitgereist.de\/wp-content\/uploads\/2023\/05\/IMG_20230503_170754-2048x1536.jpg 2048w, https:\/\/familie-weitgereist.de\/wp-content\/uploads\/2023\/05\/IMG_20230503_170754-1200x900.jpg 1200w, https:\/\/familie-weitgereist.de\/wp-content\/uploads\/2023\/05\/IMG_20230503_170754-1980x1485.jpg 1980w, https:\/\/familie-weitgereist.de\/wp-content\/uploads\/2023\/05\/IMG_20230503_170754-150x113.jpg 150w\" sizes=\"auto, (max-width: 1024px) 100vw, 1024px\" \/><figcaption class=\"wp-element-caption\">Lido Rossello<\/figcaption><\/figure>\n\n\n\n<p>In <strong>Ragusa Ibla<\/strong> gibt es einen tollen Spielplatz inmitten des Stadtparks mit wundervollen Ausblicken auf das gr\u00fcne Umland.<\/p>\n\n\n\n<figure class=\"wp-block-image size-large\"><img loading=\"lazy\" decoding=\"async\" width=\"1024\" height=\"768\" src=\"https:\/\/familie-weitgereist.de\/wp-content\/uploads\/2023\/05\/IMG_20230506_141023-1024x768.jpg\" alt=\"\" class=\"wp-image-14397\" srcset=\"https:\/\/familie-weitgereist.de\/wp-content\/uploads\/2023\/05\/IMG_20230506_141023-1024x768.jpg 1024w, https:\/\/familie-weitgereist.de\/wp-content\/uploads\/2023\/05\/IMG_20230506_141023-300x225.jpg 300w, https:\/\/familie-weitgereist.de\/wp-content\/uploads\/2023\/05\/IMG_20230506_141023-768x576.jpg 768w, https:\/\/familie-weitgereist.de\/wp-content\/uploads\/2023\/05\/IMG_20230506_141023-1536x1152.jpg 1536w, https:\/\/familie-weitgereist.de\/wp-content\/uploads\/2023\/05\/IMG_20230506_141023-2048x1536.jpg 2048w, https:\/\/familie-weitgereist.de\/wp-content\/uploads\/2023\/05\/IMG_20230506_141023-1200x900.jpg 1200w, https:\/\/familie-weitgereist.de\/wp-content\/uploads\/2023\/05\/IMG_20230506_141023-1980x1485.jpg 1980w, https:\/\/familie-weitgereist.de\/wp-content\/uploads\/2023\/05\/IMG_20230506_141023-150x113.jpg 150w\" sizes=\"auto, (max-width: 1024px) 100vw, 1024px\" \/><figcaption class=\"wp-element-caption\">Ragusa Ibla<\/figcaption><\/figure>\n","protected":false},"excerpt":{"rendered":"<p>Ab November 2022 haben wir unsere Elternzeit genutzt um mit unserem&nbsp;VW T6&nbsp;durch Europa zu reisen. Unsere Reise startete in&nbsp;Deutschland, f\u00fchrte anschlie\u00dfend weiter nach&nbsp;Luxemburg,&nbsp;Frankreich,&nbsp;Andorra, auf die&nbsp;balearischen Inseln,&nbsp;Gibraltar,&nbsp;Spanien,&nbsp;Portugal,&nbsp;La Gomera,&nbsp;Teneriffa&nbsp;und&nbsp;Gran Canaria. Um wieder in den Norden zu gelangen, unternahmen wir einen kleinen&nbsp;Roadtrip&nbsp;durch Spanien. Anschlie\u00dfend bereisten wir Italien und begannen auf der wundersch\u00f6nen Insel Sardinien. Folgende tolle Orte haben [&hellip;]<\/p>\n","protected":false},"author":3,"featured_media":14271,"comment_status":"open","ping_status":"open","sticky":false,"template":"","format":"standard","meta":{"_themeisle_gutenberg_block_has_review":false,"footnotes":""},"categories":[239,8,4,377],"tags":[979,981,985,971,972,1017,1015,178,975,984,986,987,1016,983,982,974,977,980,988,973,976,928,1018,978],"class_list":["post-14195","post","type-post","status-publish","format-standard","has-post-thumbnail","hentry","category-italien","category-europa","category-laender","category-spielplaetze","tag-agrigente","tag-caltagirone","tag-cava-dispica","tag-erice","tag-grimaldi-faehre","tag-isola-bella","tag-isola-di-ortigia","tag-italien","tag-mafia-museum","tag-modica","tag-mulino-ad-acqua","tag-museo-in-grotte","tag-ortygia","tag-ragusa","tag-ragusa-ibla","tag-salemi","tag-sambuca-di-sicilia","tag-scala-dei-turchi","tag-scicly","tag-segesta","tag-selinunt","tag-sizilien","tag-taormina","tag-valle-dei-templi"],"_links":{"self":[{"href":"https:\/\/familie-weitgereist.de\/index.php?rest_route=\/wp\/v2\/posts\/14195","targetHints":{"allow":["GET"]}}],"collection":[{"href":"https:\/\/familie-weitgereist.de\/index.php?rest_route=\/wp\/v2\/posts"}],"about":[{"href":"https:\/\/familie-weitgereist.de\/index.php?rest_route=\/wp\/v2\/types\/post"}],"author":[{"embeddable":true,"href":"https:\/\/familie-weitgereist.de\/index.php?rest_route=\/wp\/v2\/users\/3"}],"replies":[{"embeddable":true,"href":"https:\/\/familie-weitgereist.de\/index.php?rest_route=%2Fwp%2Fv2%2Fcomments&post=14195"}],"version-history":[{"count":203,"href":"https:\/\/familie-weitgereist.de\/index.php?rest_route=\/wp\/v2\/posts\/14195\/revisions"}],"predecessor-version":[{"id":22540,"href":"https:\/\/familie-weitgereist.de\/index.php?rest_route=\/wp\/v2\/posts\/14195\/revisions\/22540"}],"wp:featuredmedia":[{"embeddable":true,"href":"https:\/\/familie-weitgereist.de\/index.php?rest_route=\/wp\/v2\/media\/14271"}],"wp:attachment":[{"href":"https:\/\/familie-weitgereist.de\/index.php?rest_route=%2Fwp%2Fv2%2Fmedia&parent=14195"}],"wp:term":[{"taxonomy":"category","embeddable":true,"href":"https:\/\/familie-weitgereist.de\/index.php?rest_route=%2Fwp%2Fv2%2Fcategories&post=14195"},{"taxonomy":"post_tag","embeddable":true,"href":"https:\/\/familie-weitgereist.de\/index.php?rest_route=%2Fwp%2Fv2%2Ftags&post=14195"}],"curies":[{"name":"wp","href":"https:\/\/api.w.org\/{rel}","templated":true}]}}