{"id":14061,"date":"2023-04-23T21:15:14","date_gmt":"2023-04-23T19:15:14","guid":{"rendered":"https:\/\/familie-weitgereist.de\/?p=14061"},"modified":"2025-10-09T21:16:31","modified_gmt":"2025-10-09T19:16:31","slug":"europareise-roadtrip-sardinien-italien-mit-kleinkind-und-baby","status":"publish","type":"post","link":"https:\/\/familie-weitgereist.de\/?p=14061","title":{"rendered":"Europareise Roadtrip &#8211; Sardinien, Italien mit Kleinkind und Baby"},"content":{"rendered":"\n<p>Ab November 2022 haben wir unsere Elternzeit genutzt um mit unserem&nbsp;<strong>VW T6&nbsp;<\/strong>durch Europa zu reisen. Unsere Reise startete in&nbsp;<strong><a href=\"https:\/\/familie-weitgereist.de\/?p=11288\">Deutschland<\/a><\/strong>, f\u00fchrte anschlie\u00dfend weiter nach&nbsp;<strong><a href=\"https:\/\/familie-weitgereist.de\/?p=11342\">Luxemburg<\/a><\/strong>,&nbsp;<strong><a href=\"https:\/\/familie-weitgereist.de\/?p=11397\">Frankreich<\/a><\/strong>,&nbsp;<strong><a href=\"https:\/\/familie-weitgereist.de\/?p=11799\">Andorra<\/a><\/strong>, auf die&nbsp;<strong><a href=\"https:\/\/familie-weitgereist.de\/?p=12081\">balearischen Inseln<\/a><\/strong>,&nbsp;<strong><a href=\"https:\/\/familie-weitgereist.de\/?p=12528\">Gibraltar<\/a><\/strong>,&nbsp;<a href=\"https:\/\/familie-weitgereist.de\/?p=12073\"><strong>Spanien<\/strong><\/a>,&nbsp;<a href=\"https:\/\/familie-weitgereist.de\/?p=12700\"><strong>Portugal<\/strong><\/a>,&nbsp;<a style=\"font-weight: bold;\" href=\"https:\/\/familie-weitgereist.de\/?p=12861\">La Gomera<\/a>, <strong><a href=\"https:\/\/familie-weitgereist.de\/?p=13024\">Teneriffa<\/a><\/strong>&nbsp;und&nbsp;<strong><a href=\"https:\/\/familie-weitgereist.de\/?p=13365\">Gran Canaria<\/a><\/strong>. Um wieder in den Norden zu gelangen, unternahmen wir einen kleinen <a href=\"https:\/\/familie-weitgereist.de\/?p=14008\"><strong>Roadtrip<\/strong> <strong>durch Spanien<\/strong><\/a>.<\/p>\n\n\n\n<figure class=\"wp-block-image size-large\"><img loading=\"lazy\" decoding=\"async\" width=\"1024\" height=\"768\" src=\"https:\/\/familie-weitgereist.de\/wp-content\/uploads\/2023\/04\/IMG_20230424_151359-1024x768.jpg\" alt=\"\" class=\"wp-image-14077\" srcset=\"https:\/\/familie-weitgereist.de\/wp-content\/uploads\/2023\/04\/IMG_20230424_151359-1024x768.jpg 1024w, https:\/\/familie-weitgereist.de\/wp-content\/uploads\/2023\/04\/IMG_20230424_151359-300x225.jpg 300w, https:\/\/familie-weitgereist.de\/wp-content\/uploads\/2023\/04\/IMG_20230424_151359-768x576.jpg 768w, https:\/\/familie-weitgereist.de\/wp-content\/uploads\/2023\/04\/IMG_20230424_151359-1536x1152.jpg 1536w, https:\/\/familie-weitgereist.de\/wp-content\/uploads\/2023\/04\/IMG_20230424_151359-2048x1536.jpg 2048w, https:\/\/familie-weitgereist.de\/wp-content\/uploads\/2023\/04\/IMG_20230424_151359-1200x900.jpg 1200w, https:\/\/familie-weitgereist.de\/wp-content\/uploads\/2023\/04\/IMG_20230424_151359-1980x1485.jpg 1980w, https:\/\/familie-weitgereist.de\/wp-content\/uploads\/2023\/04\/IMG_20230424_151359-150x113.jpg 150w\" sizes=\"auto, (max-width: 1024px) 100vw, 1024px\" \/><figcaption class=\"wp-element-caption\"> An der Costa Smeralda, Spiaggia Capriccioli<\/figcaption><\/figure>\n\n\n\n<figure class=\"wp-block-embed is-type-video is-provider-youtube wp-block-embed-youtube wp-embed-aspect-16-9 wp-has-aspect-ratio\"><div class=\"wp-block-embed__wrapper\">\n<iframe loading=\"lazy\" title=\"ROADTRIP EUROPA 2022 \/ 2023  - Woche #024\" width=\"580\" height=\"326\" src=\"https:\/\/www.youtube.com\/embed\/4xQ1PRWo7pU?feature=oembed\" frameborder=\"0\" allow=\"accelerometer; autoplay; clipboard-write; encrypted-media; gyroscope; picture-in-picture; web-share\" referrerpolicy=\"strict-origin-when-cross-origin\" allowfullscreen><\/iframe>\n<\/div><\/figure>\n\n\n\n<h2 class=\"wp-block-heading\">Anreise nach Sardinien<\/h2>\n\n\n\n<p>Wir nahmen von Barcelona in Spanien die <strong>Grimaldi<\/strong> F\u00e4hre nach Porto Torres auf Sardinien. Die \u00dcberf\u00e4hrt dauerte 14 \u00bd Stunden. Die F\u00e4hre legte nachts 2:30 p\u00fcnktlich ab und wir verlie\u00dfen das Schiff 16:50 in Porto Torres.<\/p>\n\n\n\n<figure class=\"wp-block-image size-large is-resized\"><img loading=\"lazy\" decoding=\"async\" src=\"https:\/\/familie-weitgereist.de\/wp-content\/uploads\/2023\/04\/IMG_20230423_010041-1024x768.jpg\" alt=\"\" class=\"wp-image-14087\" width=\"381\" height=\"286\" srcset=\"https:\/\/familie-weitgereist.de\/wp-content\/uploads\/2023\/04\/IMG_20230423_010041-1024x768.jpg 1024w, https:\/\/familie-weitgereist.de\/wp-content\/uploads\/2023\/04\/IMG_20230423_010041-300x225.jpg 300w, https:\/\/familie-weitgereist.de\/wp-content\/uploads\/2023\/04\/IMG_20230423_010041-768x576.jpg 768w, https:\/\/familie-weitgereist.de\/wp-content\/uploads\/2023\/04\/IMG_20230423_010041-1536x1152.jpg 1536w, https:\/\/familie-weitgereist.de\/wp-content\/uploads\/2023\/04\/IMG_20230423_010041-2048x1536.jpg 2048w, https:\/\/familie-weitgereist.de\/wp-content\/uploads\/2023\/04\/IMG_20230423_010041-1200x900.jpg 1200w, https:\/\/familie-weitgereist.de\/wp-content\/uploads\/2023\/04\/IMG_20230423_010041-1980x1485.jpg 1980w, https:\/\/familie-weitgereist.de\/wp-content\/uploads\/2023\/04\/IMG_20230423_010041-150x113.jpg 150w\" sizes=\"auto, (max-width: 381px) 100vw, 381px\" \/><figcaption class=\"wp-element-caption\">Grimaldi F\u00e4hre im Hafen von Barcelona<\/figcaption><\/figure>\n\n\n\n<p>Auf der F\u00e4hre gibt es einen sch\u00f6nen Spielbereich. Das Schiff ist sehr gro\u00df. Es gibt viele Kabinen, viele Aufenthaltsr\u00e4ume, ein Spa, Fitnessraum (die gegen 12\u20ac die Stunde genutzt werden k\u00f6nnen), ein Sonnendeck und diverse Shops. (<em>Stand April 2023<\/em>)<\/p>\n\n\n\n<div id=\"wp-block-themeisle-blocks-slider-17147b5b\" class=\"wp-block-themeisle-blocks-slider glide\" data-per-view=\"1\" data-gap=\"0\" data-peek=\"0\" data-autoplay=\"true\" data-height=\"400px\" data-hide-arrows=\"false\"><div class=\"glide__track\" data-glide-el=\"track\"><div class=\"glide__slides\"><div class=\"wp-block-themeisle-blocks-slider-item-wrapper glide__slide\" tabindex=\"0\"><figure><img decoding=\"async\" class=\"wp-block-themeisle-blocks-slider-item\" src=\"https:\/\/familie-weitgereist.de\/wp-content\/uploads\/2023\/04\/IMG_20230423_160134-scaled.jpg\" alt=\"\" title=\"\" data-id=\"14092\"\/><\/figure><\/div><div class=\"wp-block-themeisle-blocks-slider-item-wrapper glide__slide\" tabindex=\"0\"><figure><img decoding=\"async\" class=\"wp-block-themeisle-blocks-slider-item\" src=\"https:\/\/familie-weitgereist.de\/wp-content\/uploads\/2023\/04\/IMG_20230423_093947-scaled.jpg\" alt=\"\" title=\"\" data-id=\"14093\"\/><\/figure><\/div><div class=\"wp-block-themeisle-blocks-slider-item-wrapper glide__slide\" tabindex=\"0\"><figure><img decoding=\"async\" class=\"wp-block-themeisle-blocks-slider-item\" src=\"https:\/\/familie-weitgereist.de\/wp-content\/uploads\/2023\/04\/IMG_20230423_080935-scaled.jpg\" alt=\"\" title=\"\" data-id=\"14094\"\/><\/figure><\/div><\/div><div class=\"glide__bullets\" data-glide-el=\"controls[nav]\"><button class=\"glide__bullet\" data-glide-dir=\"=0\"><\/button><button class=\"glide__bullet\" data-glide-dir=\"=1\"><\/button><button class=\"glide__bullet\" data-glide-dir=\"=2\"><\/button><\/div><\/div><\/div>\n\n\n\n<h2 class=\"wp-block-heading\">Allgemeine Information<\/h2>\n\n\n\n<p>Sardinien ist die zweitgr\u00f6\u00dfte Insel im Mittelmeer und 1,6 Millionen Menschen leben auf Sardinien. Im Norden von Sardinien liegt Korsika, das nur 12 km entfernt ist. Zwischen der Nord- und S\u00fcdspitze der Insel liegen cam 270 km, von Ost nach West ca. 145 km. Auf Sardinien wird noch Sardisch gesprochen. Leider ist die Sprache sehr gef\u00e4hrdet, da das Italienische stark dominiert. Es gibt zwei Universit\u00e4ten auf Sardinien, in Cagliari und Sassari. Sardinien ist mit dem Flugzeug vom europ\u00e4ischen Festland sehr gut zu erreichen. Es gibt in Cagliari, im S\u00fcden und in Olbia im Norden jeweils einen Flughafen.<\/p>\n\n\n\n<h2 class=\"wp-block-heading\">Spiaggia du Capriccioli &#8211; die Seychellen von Europa<\/h2>\n\n\n\n<p>Wir erlebten einen unfassbar sch\u00f6nen Tag am Strand von <strong>Capriccioli<\/strong> an der <strong>Costa Smeralda<\/strong>. Der Strand ist traumhaft und wir kamen aus dem Staunen nicht mehr heraus. Aufgrund der Felsformationen und dem glasklaren Wasser, welches in den sch\u00f6nsten Blaut\u00f6nen schimmert, wird dieser Strand auch mit den Seychellen verglichen. <\/p>\n\n\n\n<div id=\"wp-block-themeisle-blocks-slider-7f1450e7\" class=\"wp-block-themeisle-blocks-slider glide\" data-per-view=\"1\" data-gap=\"0\" data-peek=\"0\" data-autoplay=\"true\" data-height=\"400px\" data-hide-arrows=\"false\"><div class=\"glide__track\" data-glide-el=\"track\"><div class=\"glide__slides\"><div class=\"wp-block-themeisle-blocks-slider-item-wrapper glide__slide\" tabindex=\"0\"><figure><img decoding=\"async\" class=\"wp-block-themeisle-blocks-slider-item\" src=\"https:\/\/familie-weitgereist.de\/wp-content\/uploads\/2023\/04\/IMG_20230424_163146-scaled.jpg\" alt=\"\" title=\"\" data-id=\"14074\"\/><\/figure><\/div><div class=\"wp-block-themeisle-blocks-slider-item-wrapper glide__slide\" tabindex=\"0\"><figure><img decoding=\"async\" class=\"wp-block-themeisle-blocks-slider-item\" src=\"https:\/\/familie-weitgereist.de\/wp-content\/uploads\/2023\/04\/IMG_20230424_160656-scaled.jpg\" alt=\"\" title=\"\" data-id=\"14075\"\/><\/figure><\/div><div class=\"wp-block-themeisle-blocks-slider-item-wrapper glide__slide\" tabindex=\"0\"><figure><img decoding=\"async\" class=\"wp-block-themeisle-blocks-slider-item\" src=\"https:\/\/familie-weitgereist.de\/wp-content\/uploads\/2023\/04\/IMG_20230424_155553-scaled.jpg\" alt=\"\" title=\"\" data-id=\"14076\"\/><\/figure><\/div><\/div><div class=\"glide__bullets\" data-glide-el=\"controls[nav]\"><button class=\"glide__bullet\" data-glide-dir=\"=0\"><\/button><button class=\"glide__bullet\" data-glide-dir=\"=1\"><\/button><button class=\"glide__bullet\" data-glide-dir=\"=2\"><\/button><\/div><\/div><\/div>\n\n\n\n<p>Die Felsen laden zum Klettern ein. Wir unternahmen auch einen Strand-kletter-Spaziergang. Das Meer ist so wundersch\u00f6n. Im April war der Strand nahezu menschenleer. Das Wasser hatte angenehme 18\u00b0C. Vom Ufer konnten wir die kleinen Inseln <em>Isola Soffi<\/em> und <em>Isola Le Camere <\/em>sehen. <\/p>\n\n\n\n<div id=\"wp-block-themeisle-blocks-slider-83d9525a\" class=\"wp-block-themeisle-blocks-slider glide\" data-per-view=\"1\" data-gap=\"0\" data-peek=\"0\" data-autoplay=\"true\" data-height=\"400px\" data-hide-arrows=\"false\"><div class=\"glide__track\" data-glide-el=\"track\"><div class=\"glide__slides\"><div class=\"wp-block-themeisle-blocks-slider-item-wrapper glide__slide\" tabindex=\"0\"><figure><img decoding=\"async\" class=\"wp-block-themeisle-blocks-slider-item\" src=\"https:\/\/familie-weitgereist.de\/wp-content\/uploads\/2023\/04\/IMG_20230424_155828-scaled.jpg\" alt=\"\" title=\"\" data-id=\"14081\"\/><\/figure><\/div><div class=\"wp-block-themeisle-blocks-slider-item-wrapper glide__slide\" tabindex=\"0\"><figure><img decoding=\"async\" class=\"wp-block-themeisle-blocks-slider-item\" src=\"https:\/\/familie-weitgereist.de\/wp-content\/uploads\/2023\/04\/IMG_20230424_151126-scaled.jpg\" alt=\"\" title=\"\" data-id=\"14082\"\/><\/figure><\/div><div class=\"wp-block-themeisle-blocks-slider-item-wrapper glide__slide\" tabindex=\"0\"><figure><img decoding=\"async\" class=\"wp-block-themeisle-blocks-slider-item\" src=\"https:\/\/familie-weitgereist.de\/wp-content\/uploads\/2023\/04\/IMG_20230424_141032-scaled.jpg\" alt=\"\" title=\"\" data-id=\"14083\"\/><\/figure><\/div><\/div><div class=\"glide__bullets\" data-glide-el=\"controls[nav]\"><button class=\"glide__bullet\" data-glide-dir=\"=0\"><\/button><button class=\"glide__bullet\" data-glide-dir=\"=1\"><\/button><button class=\"glide__bullet\" data-glide-dir=\"=2\"><\/button><\/div><\/div><\/div>\n\n\n\n<h2 class=\"wp-block-heading\">Arch\u00e4ologische Ausgrabungsst\u00e4tte Tharros <\/h2>\n\n\n\n<p>Tharros ist eine antike Stadt, von der nur noch die \u00dcberreste erhalten sind, an der Westk\u00fcste von Sardinien. <\/p>\n\n\n\n<figure class=\"wp-block-image size-large\"><img loading=\"lazy\" decoding=\"async\" width=\"1024\" height=\"768\" src=\"https:\/\/familie-weitgereist.de\/wp-content\/uploads\/2023\/04\/IMG_20230425_143854-1024x768.jpg\" alt=\"\" class=\"wp-image-14097\" srcset=\"https:\/\/familie-weitgereist.de\/wp-content\/uploads\/2023\/04\/IMG_20230425_143854-1024x768.jpg 1024w, https:\/\/familie-weitgereist.de\/wp-content\/uploads\/2023\/04\/IMG_20230425_143854-300x225.jpg 300w, https:\/\/familie-weitgereist.de\/wp-content\/uploads\/2023\/04\/IMG_20230425_143854-768x576.jpg 768w, https:\/\/familie-weitgereist.de\/wp-content\/uploads\/2023\/04\/IMG_20230425_143854-1536x1152.jpg 1536w, https:\/\/familie-weitgereist.de\/wp-content\/uploads\/2023\/04\/IMG_20230425_143854-2048x1536.jpg 2048w, https:\/\/familie-weitgereist.de\/wp-content\/uploads\/2023\/04\/IMG_20230425_143854-1200x900.jpg 1200w, https:\/\/familie-weitgereist.de\/wp-content\/uploads\/2023\/04\/IMG_20230425_143854-1980x1485.jpg 1980w, https:\/\/familie-weitgereist.de\/wp-content\/uploads\/2023\/04\/IMG_20230425_143854-150x113.jpg 150w\" sizes=\"auto, (max-width: 1024px) 100vw, 1024px\" \/><figcaption class=\"wp-element-caption\">Tharros<\/figcaption><\/figure>\n\n\n\n<p>Beeindruckend ist das Alter der \u00dcberreste dieser einst gr\u00f6\u00dferen Stadt. Laut den \u00e4ltesten Funden soll die Stadt schon im 13. und 12. Jahrhundert vor Christi existiert haben. Im 8. Jahrhundert vor Christi soll Tharros eine Handelssiedlung der Ph\u00f6nizer gewesen sein. Anschlie\u00dfend regierten die Punier und die R\u00f6mer kamen 215 vor Christi. Die R\u00f6mer legten breite Stra\u00dfen an, ein intelligentes Wasserversorgungssystem, es gab eine Therme und sogar ein Taufstein wurde gefunden. <\/p>\n\n\n\n<div id=\"wp-block-themeisle-blocks-slider-02286717\" class=\"wp-block-themeisle-blocks-slider glide\" data-per-view=\"1\" data-gap=\"0\" data-peek=\"0\" data-autoplay=\"true\" data-height=\"400px\" data-hide-arrows=\"false\"><div class=\"glide__track\" data-glide-el=\"track\"><div class=\"glide__slides\"><div class=\"wp-block-themeisle-blocks-slider-item-wrapper glide__slide\" tabindex=\"0\"><figure><img decoding=\"async\" class=\"wp-block-themeisle-blocks-slider-item\" src=\"https:\/\/familie-weitgereist.de\/wp-content\/uploads\/2023\/04\/IMG_20230425_150745-scaled.jpg\" alt=\"\" title=\"\" data-id=\"14104\"\/><\/figure><\/div><div class=\"wp-block-themeisle-blocks-slider-item-wrapper glide__slide\" tabindex=\"0\"><figure><img decoding=\"async\" class=\"wp-block-themeisle-blocks-slider-item\" src=\"https:\/\/familie-weitgereist.de\/wp-content\/uploads\/2023\/04\/IMG_20230425_145833-scaled.jpg\" alt=\"\" title=\"\" data-id=\"14105\"\/><\/figure><\/div><div class=\"wp-block-themeisle-blocks-slider-item-wrapper glide__slide\" tabindex=\"0\"><figure><img decoding=\"async\" class=\"wp-block-themeisle-blocks-slider-item\" src=\"https:\/\/familie-weitgereist.de\/wp-content\/uploads\/2023\/04\/IMG_20230425_145308-scaled.jpg\" alt=\"\" title=\"\" data-id=\"14106\"\/><\/figure><\/div><div class=\"wp-block-themeisle-blocks-slider-item-wrapper glide__slide\" tabindex=\"0\"><figure><img decoding=\"async\" class=\"wp-block-themeisle-blocks-slider-item\" src=\"https:\/\/familie-weitgereist.de\/wp-content\/uploads\/2023\/04\/IMG_20230425_142727-scaled.jpg\" alt=\"\" title=\"\" data-id=\"14108\"\/><\/figure><\/div><div class=\"wp-block-themeisle-blocks-slider-item-wrapper glide__slide\" tabindex=\"0\"><figure><img decoding=\"async\" class=\"wp-block-themeisle-blocks-slider-item\" src=\"https:\/\/familie-weitgereist.de\/wp-content\/uploads\/2023\/04\/IMG_20230425_140353-scaled.jpg\" alt=\"\" title=\"\" data-id=\"14109\"\/><\/figure><\/div><\/div><div class=\"glide__bullets\" data-glide-el=\"controls[nav]\"><button class=\"glide__bullet\" data-glide-dir=\"=0\"><\/button><button class=\"glide__bullet\" data-glide-dir=\"=1\"><\/button><button class=\"glide__bullet\" data-glide-dir=\"=2\"><\/button><button class=\"glide__bullet\" data-glide-dir=\"=3\"><\/button><button class=\"glide__bullet\" data-glide-dir=\"=4\"><\/button><\/div><\/div><\/div>\n\n\n\n<figure class=\"wp-block-image size-large\"><img loading=\"lazy\" decoding=\"async\" width=\"1024\" height=\"768\" src=\"https:\/\/familie-weitgereist.de\/wp-content\/uploads\/2023\/04\/IMG_20230425_144434-1024x768.jpg\" alt=\"\" class=\"wp-image-14110\" srcset=\"https:\/\/familie-weitgereist.de\/wp-content\/uploads\/2023\/04\/IMG_20230425_144434-1024x768.jpg 1024w, https:\/\/familie-weitgereist.de\/wp-content\/uploads\/2023\/04\/IMG_20230425_144434-300x225.jpg 300w, https:\/\/familie-weitgereist.de\/wp-content\/uploads\/2023\/04\/IMG_20230425_144434-768x576.jpg 768w, https:\/\/familie-weitgereist.de\/wp-content\/uploads\/2023\/04\/IMG_20230425_144434-1536x1152.jpg 1536w, https:\/\/familie-weitgereist.de\/wp-content\/uploads\/2023\/04\/IMG_20230425_144434-2048x1536.jpg 2048w, https:\/\/familie-weitgereist.de\/wp-content\/uploads\/2023\/04\/IMG_20230425_144434-1200x900.jpg 1200w, https:\/\/familie-weitgereist.de\/wp-content\/uploads\/2023\/04\/IMG_20230425_144434-1980x1485.jpg 1980w, https:\/\/familie-weitgereist.de\/wp-content\/uploads\/2023\/04\/IMG_20230425_144434-150x113.jpg 150w\" sizes=\"auto, (max-width: 1024px) 100vw, 1024px\" \/><\/figure>\n\n\n\n<p>Die Besichtigung kostet 6,50\u20ac f\u00fcr einen Erwachsenen. Kinder von 0-5 Jahren zahlen keinen Eintrittspreis. (<em>Stand April 2023<\/em>)<\/p>\n\n\n\n<h2 class=\"wp-block-heading\">Porto Flavia <\/h2>\n\n\n\n<p>Porto Flavia ist ein etwas ungew\u00f6hnlicher Hafen im S\u00fcdwesten Sardiniens. Um dorthin zu gelangen, kann man sein Auto am Parkplatz vom Strand bei Masua parken. Eine Schotterstra\u00dfe f\u00fchrt jedoch auch zum Parkplatz von Porto Flavia. Wir parkten am Strandparkplatz, da die Schotterpiste schon recht ausgefahren war. <\/p>\n\n\n\n<p>Wir liefen 1,3 km um zum Ticketh\u00e4uschen zu gelangen. Der Weg bot einen genialen Ausblick auf das Meer und den gro\u00dfen, aus dem Meer ragenden <em><strong>Pan di Zucchero<\/strong><\/em>, dem <strong>Zuckerhut<\/strong>. <\/p>\n\n\n\n<div id=\"wp-block-themeisle-blocks-slider-440dcb0c\" class=\"wp-block-themeisle-blocks-slider glide\" data-per-view=\"1\" data-gap=\"0\" data-peek=\"0\" data-autoplay=\"true\" data-height=\"400px\" data-hide-arrows=\"false\"><div class=\"glide__track\" data-glide-el=\"track\"><div class=\"glide__slides\"><div class=\"wp-block-themeisle-blocks-slider-item-wrapper glide__slide\" tabindex=\"0\"><figure><img decoding=\"async\" class=\"wp-block-themeisle-blocks-slider-item\" src=\"https:\/\/familie-weitgereist.de\/wp-content\/uploads\/2023\/04\/IMG_20230426_152225-scaled.jpg\" alt=\"\" title=\"\" data-id=\"14115\"\/><\/figure><\/div><div class=\"wp-block-themeisle-blocks-slider-item-wrapper glide__slide\" tabindex=\"0\"><figure><img decoding=\"async\" class=\"wp-block-themeisle-blocks-slider-item\" src=\"https:\/\/familie-weitgereist.de\/wp-content\/uploads\/2023\/04\/IMG_20230426_151215-scaled.jpg\" alt=\"\" title=\"\" data-id=\"14116\"\/><\/figure><\/div><div class=\"wp-block-themeisle-blocks-slider-item-wrapper glide__slide\" tabindex=\"0\"><figure><img decoding=\"async\" class=\"wp-block-themeisle-blocks-slider-item\" src=\"https:\/\/familie-weitgereist.de\/wp-content\/uploads\/2023\/04\/IMG_20230426_143904-scaled.jpg\" alt=\"\" title=\"\" data-id=\"14118\"\/><\/figure><\/div><\/div><div class=\"glide__bullets\" data-glide-el=\"controls[nav]\"><button class=\"glide__bullet\" data-glide-dir=\"=0\"><\/button><button class=\"glide__bullet\" data-glide-dir=\"=1\"><\/button><button class=\"glide__bullet\" data-glide-dir=\"=2\"><\/button><\/div><\/div><\/div>\n\n\n\n<p>Um an der F\u00fchrung teilzunehmen, muss ein Haarnetz und ein Helm getragen werden. Dies wird vor Ort ausgegeben. Die F\u00fchrung findet parallel auf Englisch und Italienisch statt. <\/p>\n\n\n\n<p>Das Bergwerk wurde in nur 18 Monaten und einer L\u00e4nge von 600m im Jahre 1923-1924 von einem belgischen Bergbauunternehmen unter der F\u00fchrung von Cesare Vecelli erbaut.<\/p>\n\n\n\n<figure class=\"wp-block-image size-large\"><img loading=\"lazy\" decoding=\"async\" width=\"1024\" height=\"768\" src=\"https:\/\/familie-weitgereist.de\/wp-content\/uploads\/2023\/04\/IMG_20230426_170145-1024x768.jpg\" alt=\"\" class=\"wp-image-14128\" srcset=\"https:\/\/familie-weitgereist.de\/wp-content\/uploads\/2023\/04\/IMG_20230426_170145-1024x768.jpg 1024w, https:\/\/familie-weitgereist.de\/wp-content\/uploads\/2023\/04\/IMG_20230426_170145-300x225.jpg 300w, https:\/\/familie-weitgereist.de\/wp-content\/uploads\/2023\/04\/IMG_20230426_170145-768x576.jpg 768w, https:\/\/familie-weitgereist.de\/wp-content\/uploads\/2023\/04\/IMG_20230426_170145-1536x1152.jpg 1536w, https:\/\/familie-weitgereist.de\/wp-content\/uploads\/2023\/04\/IMG_20230426_170145-2048x1536.jpg 2048w, https:\/\/familie-weitgereist.de\/wp-content\/uploads\/2023\/04\/IMG_20230426_170145-1200x900.jpg 1200w, https:\/\/familie-weitgereist.de\/wp-content\/uploads\/2023\/04\/IMG_20230426_170145-1980x1485.jpg 1980w, https:\/\/familie-weitgereist.de\/wp-content\/uploads\/2023\/04\/IMG_20230426_170145-150x113.jpg 150w\" sizes=\"auto, (max-width: 1024px) 100vw, 1024px\" \/><\/figure>\n\n\n\n<p>Im Stollen selbst werden Werkzeug und Arbeitsger\u00e4te gezeigt. Ebenso wird die Geschichte dieses Bergwerkes erkl\u00e4rt. Es ist nach der \u00e4ltesten Tochter von Cesare Vecelli benannt. <\/p>\n\n\n\n<div id=\"wp-block-themeisle-blocks-slider-8d6ea9a9\" class=\"wp-block-themeisle-blocks-slider glide\" data-per-view=\"1\" data-gap=\"0\" data-peek=\"0\" data-autoplay=\"true\" data-height=\"400px\" data-hide-arrows=\"false\"><div class=\"glide__track\" data-glide-el=\"track\"><div class=\"glide__slides\"><div class=\"wp-block-themeisle-blocks-slider-item-wrapper glide__slide\" tabindex=\"0\"><figure><img decoding=\"async\" class=\"wp-block-themeisle-blocks-slider-item\" src=\"https:\/\/familie-weitgereist.de\/wp-content\/uploads\/2023\/04\/IMG_20230426_165317-scaled.jpg\" alt=\"\" title=\"\" data-id=\"14126\"\/><\/figure><\/div><div class=\"wp-block-themeisle-blocks-slider-item-wrapper glide__slide\" tabindex=\"0\"><figure><img decoding=\"async\" class=\"wp-block-themeisle-blocks-slider-item\" src=\"https:\/\/familie-weitgereist.de\/wp-content\/uploads\/2023\/04\/IMG_20230426_164805-scaled.jpg\" alt=\"\" title=\"\" data-id=\"14127\"\/><\/figure><\/div><div class=\"wp-block-themeisle-blocks-slider-item-wrapper glide__slide\" tabindex=\"0\"><figure><img decoding=\"async\" class=\"wp-block-themeisle-blocks-slider-item\" src=\"https:\/\/familie-weitgereist.de\/wp-content\/uploads\/2023\/04\/IMG_20230426_164053-scaled.jpg\" alt=\"\" title=\"\" data-id=\"14129\"\/><\/figure><\/div><\/div><div class=\"glide__bullets\" data-glide-el=\"controls[nav]\"><button class=\"glide__bullet\" data-glide-dir=\"=0\"><\/button><button class=\"glide__bullet\" data-glide-dir=\"=1\"><\/button><button class=\"glide__bullet\" data-glide-dir=\"=2\"><\/button><\/div><\/div><\/div>\n\n\n\n<p>Interessanterweise wurde das Bergwerk nur angelegt, um das Erz aus dem Hinterland von Masua verschiffen zu k\u00f6nnen. Die K\u00fcste bei Masua war zu flach, als das ein Schiff h\u00e4tte anlegen k\u00f6nnen. In Porto Flavia betr\u00e4gt die Wassertiefe 18m.<\/p>\n\n\n\n<div id=\"wp-block-themeisle-blocks-slider-280e85b1\" class=\"wp-block-themeisle-blocks-slider glide\" data-per-view=\"1\" data-gap=\"0\" data-peek=\"0\" data-autoplay=\"true\" data-height=\"400px\" data-hide-arrows=\"false\"><div class=\"glide__track\" data-glide-el=\"track\"><div class=\"glide__slides\"><div class=\"wp-block-themeisle-blocks-slider-item-wrapper glide__slide\" tabindex=\"0\"><figure><img decoding=\"async\" class=\"wp-block-themeisle-blocks-slider-item\" src=\"https:\/\/familie-weitgereist.de\/wp-content\/uploads\/2023\/04\/IMG_20230426_164008-scaled.jpg\" alt=\"\" title=\"\" data-id=\"14130\"\/><\/figure><\/div><div class=\"wp-block-themeisle-blocks-slider-item-wrapper glide__slide\" tabindex=\"0\"><figure><img decoding=\"async\" class=\"wp-block-themeisle-blocks-slider-item\" src=\"https:\/\/familie-weitgereist.de\/wp-content\/uploads\/2023\/04\/IMG_20230426_163718-scaled.jpg\" alt=\"\" title=\"\" data-id=\"14132\"\/><\/figure><\/div><div class=\"wp-block-themeisle-blocks-slider-item-wrapper glide__slide\" tabindex=\"0\"><figure><img decoding=\"async\" class=\"wp-block-themeisle-blocks-slider-item\" src=\"https:\/\/familie-weitgereist.de\/wp-content\/uploads\/2023\/04\/IMG_20230426_151139-scaled.jpg\" alt=\"\" title=\"\" data-id=\"14133\"\/><\/figure><\/div><\/div><div class=\"glide__bullets\" data-glide-el=\"controls[nav]\"><button class=\"glide__bullet\" data-glide-dir=\"=0\"><\/button><button class=\"glide__bullet\" data-glide-dir=\"=1\"><\/button><button class=\"glide__bullet\" data-glide-dir=\"=2\"><\/button><\/div><\/div><\/div>\n\n\n\n<p>Die Errichtung dieses Stollens war f\u00fcr die Erzarbeiter eine gro\u00dfe Erleichterung. Vorher wurde mit Ochsenkarren das Erz an den Strand gebracht, von Hand auf kleine Segelschiffe verladen und zur gegen\u00fcberliegenden Insel Carloforte zu gelangen. Dort wurde es auf Dampfschiffe verladen, um nach Belgien, Frankreich und Deutschland verschifft zu werden.<\/p>\n\n\n\n<p>Erwachsene zahlen 10\u20ac Eintritt, Kinder unter 6 Jahren zahlen keinen Eintritt. (<em>Stand April 2023<\/em>)<\/p>\n\n\n\n<h2 class=\"wp-block-heading\">Die Insel Sant&#8217;Antioco<\/h2>\n\n\n\n<p>Die kleine Insel Sant&#8217;Antioco liegt im S\u00fcden von Sardinien und ist gut erreichbar, da sie mit einer Br\u00fccke verbunden ist. Wir waren an zwei wundersch\u00f6nen Str\u00e4nden (<em><strong>Spiaggia<\/strong><\/em> <strong><em>Coaquaddus, Spiaggia Sottotorre)<\/em><\/strong> und haben gespielt und die Zeit am Meer genossen. Sant&#8217;Antioco ist sehr gr\u00fcn und h\u00fcgelig. Es gibt sicherlich auch einige Wanderwege zu erkunden. Auf Naturschutz wird hier gro\u00dfen Wert gelegt, denn \u00fcberall sind Schilder aufgestellt, dass Tiere gesch\u00fctzt werden m\u00fcssen und der M\u00fcll ordentlich entsorgt wird. <\/p>\n\n\n\n<div id=\"wp-block-themeisle-blocks-slider-861f8610\" class=\"wp-block-themeisle-blocks-slider glide\" data-per-view=\"1\" data-gap=\"0\" data-peek=\"0\" data-autoplay=\"true\" data-height=\"400px\" data-hide-arrows=\"false\"><div class=\"glide__track\" data-glide-el=\"track\"><div class=\"glide__slides\"><div class=\"wp-block-themeisle-blocks-slider-item-wrapper glide__slide\" tabindex=\"0\"><figure><img decoding=\"async\" class=\"wp-block-themeisle-blocks-slider-item\" src=\"https:\/\/familie-weitgereist.de\/wp-content\/uploads\/2023\/04\/IMG_20230427_151159-scaled.jpg\" alt=\"\" title=\"\" data-id=\"14145\"\/><figcaption>Spaggia Sottotorre <\/figcaption><\/figure><\/div><div class=\"wp-block-themeisle-blocks-slider-item-wrapper glide__slide\" tabindex=\"0\"><figure><img decoding=\"async\" class=\"wp-block-themeisle-blocks-slider-item\" src=\"https:\/\/familie-weitgereist.de\/wp-content\/uploads\/2023\/04\/IMG_20230427_130632-scaled.jpg\" alt=\"\" title=\"\" data-id=\"14147\"\/><\/figure><\/div><div class=\"wp-block-themeisle-blocks-slider-item-wrapper glide__slide\" tabindex=\"0\"><figure><img decoding=\"async\" class=\"wp-block-themeisle-blocks-slider-item\" src=\"https:\/\/familie-weitgereist.de\/wp-content\/uploads\/2023\/04\/IMG_20230427_124948-scaled.jpg\" alt=\"\" title=\"\" data-id=\"14148\"\/><figcaption>Spaggia Coaquaddus<\/figcaption><\/figure><\/div><\/div><div class=\"glide__bullets\" data-glide-el=\"controls[nav]\"><button class=\"glide__bullet\" data-glide-dir=\"=0\"><\/button><button class=\"glide__bullet\" data-glide-dir=\"=1\"><\/button><button class=\"glide__bullet\" data-glide-dir=\"=2\"><\/button><\/div><\/div><\/div>\n\n\n\n<h2 class=\"wp-block-heading\">Grotta San Giovanni<\/h2>\n\n\n\n<p>Der Besuch der <strong>Grotte oder H\u00f6hle San Giovanni ist ein einmaliges Erlebnis auf Sardinien<\/strong>. Sie ist die <strong>l\u00e4ngste befahrbare H\u00f6hle weltweit<\/strong> mit einer L\u00e4nge von <strong>860m<\/strong>. Weltweit gibt es nur sieben befahrbare H\u00f6hlen und davon diese in Italien. Die Stra\u00dfe wurde angelegt, um den Transport von Mineralien zwischen dem Ort Domusnovas und dem Orrida Tal zu erm\u00f6glichen. Es wird davon ausgegangen, dass die H\u00f6hle fr\u00fcher als Zufluchtsort und Wohnst\u00e4tte genutzt wurde, denn es wurden T\u00f6pferwaren aus der Jungsteinzeit gefunden.<\/p>\n\n\n\n<div id=\"wp-block-themeisle-blocks-slider-832989e2\" class=\"wp-block-themeisle-blocks-slider glide\" data-per-view=\"1\" data-gap=\"0\" data-peek=\"0\" data-autoplay=\"true\" data-height=\"400px\" data-hide-arrows=\"false\"><div class=\"glide__track\" data-glide-el=\"track\"><div class=\"glide__slides\"><div class=\"wp-block-themeisle-blocks-slider-item-wrapper glide__slide\" tabindex=\"0\"><figure><img decoding=\"async\" class=\"wp-block-themeisle-blocks-slider-item\" src=\"https:\/\/familie-weitgereist.de\/wp-content\/uploads\/2023\/04\/IMG_20230428_111540-scaled.jpg\" alt=\"\" title=\"\" data-id=\"14158\"\/><\/figure><\/div><div class=\"wp-block-themeisle-blocks-slider-item-wrapper glide__slide\" tabindex=\"0\"><figure><img decoding=\"async\" class=\"wp-block-themeisle-blocks-slider-item\" src=\"https:\/\/familie-weitgereist.de\/wp-content\/uploads\/2023\/04\/IMG_20230428_111354-scaled.jpg\" alt=\"\" title=\"\" data-id=\"14159\"\/><\/figure><\/div><div class=\"wp-block-themeisle-blocks-slider-item-wrapper glide__slide\" tabindex=\"0\"><figure><img decoding=\"async\" class=\"wp-block-themeisle-blocks-slider-item\" src=\"https:\/\/familie-weitgereist.de\/wp-content\/uploads\/2023\/04\/IMG_20230428_111252-scaled.jpg\" alt=\"\" title=\"\" data-id=\"14161\"\/><\/figure><\/div><\/div><div class=\"glide__bullets\" data-glide-el=\"controls[nav]\"><button class=\"glide__bullet\" data-glide-dir=\"=0\"><\/button><button class=\"glide__bullet\" data-glide-dir=\"=1\"><\/button><button class=\"glide__bullet\" data-glide-dir=\"=2\"><\/button><\/div><\/div><\/div>\n\n\n\n<p>Wir liefen auf einer Autostra\u00dfe durch die H\u00f6hle hindurch, da sie bis 1999 noch f\u00fcr den normalen Verkehr ge\u00f6ffnet war. Begleitet wurden wir auf unserem Spaziergang von klassischer Musik und Wasserrauschen. Die <strong>Temperatur betr\u00e4gt j\u00e4hrlich ca. 10\u00b0C<\/strong>. Eine wunderbare Erfrischung an hei\u00dfen Tagen auf Sardinien. Parallel zur Stra\u00dfe flie\u00dft der Gebirgsfluss San Giovanni, im April war er jedoch ausgetrocknet.<\/p>\n\n\n\n<figure class=\"wp-block-image size-large is-resized\"><img loading=\"lazy\" decoding=\"async\" src=\"https:\/\/familie-weitgereist.de\/wp-content\/uploads\/2023\/04\/IMG_20230428_111021-1024x768.jpg\" alt=\"\" class=\"wp-image-14160\" width=\"378\" height=\"283\" srcset=\"https:\/\/familie-weitgereist.de\/wp-content\/uploads\/2023\/04\/IMG_20230428_111021-1024x768.jpg 1024w, https:\/\/familie-weitgereist.de\/wp-content\/uploads\/2023\/04\/IMG_20230428_111021-300x225.jpg 300w, https:\/\/familie-weitgereist.de\/wp-content\/uploads\/2023\/04\/IMG_20230428_111021-768x576.jpg 768w, https:\/\/familie-weitgereist.de\/wp-content\/uploads\/2023\/04\/IMG_20230428_111021-1536x1152.jpg 1536w, https:\/\/familie-weitgereist.de\/wp-content\/uploads\/2023\/04\/IMG_20230428_111021-2048x1536.jpg 2048w, https:\/\/familie-weitgereist.de\/wp-content\/uploads\/2023\/04\/IMG_20230428_111021-1200x900.jpg 1200w, https:\/\/familie-weitgereist.de\/wp-content\/uploads\/2023\/04\/IMG_20230428_111021-1980x1485.jpg 1980w, https:\/\/familie-weitgereist.de\/wp-content\/uploads\/2023\/04\/IMG_20230428_111021-150x113.jpg 150w\" sizes=\"auto, (max-width: 378px) 100vw, 378px\" \/><figcaption class=\"wp-element-caption\">Betrachten von Mineralien <\/figcaption><\/figure>\n\n\n\n<p>Erwachsene zahlen 8\u20ac Eintritt, Kinder von 0-5 Jahren d\u00fcrfen gratis hinein. (<em>Stand April 2023<\/em>)<\/p>\n\n\n\n<h2 class=\"wp-block-heading\">Die antike Stadt Nora <\/h2>\n\n\n\n<p>Nora liegt im \u00e4u\u00dfersten S\u00fcden von Sardinien, in der N\u00e4he der Stadt Pula und ist eine der \u00e4ltesten St\u00e4dte auf Sardinien. Die \u00e4ltesten Funde gehen auf das 8. Jahrhundert v. Chr. zur\u00fcck und stammen aus der Zeit der Ph\u00f6nizier. Geografisch lag die Stadt sehr vorteilhaft, da sie gut vor Wind gesch\u00fctzt war. Von der ph\u00f6nizischen Stadt sind jedoch nicht viele Reste \u00fcbrig, da sie von der punischen und r\u00f6mischen Bauweise bedeckt wurde. Im Mittelalter wurde die Stadt wegen ihrer Piratenangriffe aufgegeben. <\/p>\n\n\n\n<figure class=\"wp-block-image size-large\"><img loading=\"lazy\" decoding=\"async\" width=\"1024\" height=\"768\" src=\"https:\/\/familie-weitgereist.de\/wp-content\/uploads\/2023\/04\/IMG_20230428_161924-1024x768.jpg\" alt=\"\" class=\"wp-image-14175\" srcset=\"https:\/\/familie-weitgereist.de\/wp-content\/uploads\/2023\/04\/IMG_20230428_161924-1024x768.jpg 1024w, https:\/\/familie-weitgereist.de\/wp-content\/uploads\/2023\/04\/IMG_20230428_161924-300x225.jpg 300w, https:\/\/familie-weitgereist.de\/wp-content\/uploads\/2023\/04\/IMG_20230428_161924-768x576.jpg 768w, https:\/\/familie-weitgereist.de\/wp-content\/uploads\/2023\/04\/IMG_20230428_161924-1536x1152.jpg 1536w, https:\/\/familie-weitgereist.de\/wp-content\/uploads\/2023\/04\/IMG_20230428_161924-2048x1536.jpg 2048w, https:\/\/familie-weitgereist.de\/wp-content\/uploads\/2023\/04\/IMG_20230428_161924-1200x900.jpg 1200w, https:\/\/familie-weitgereist.de\/wp-content\/uploads\/2023\/04\/IMG_20230428_161924-1980x1485.jpg 1980w, https:\/\/familie-weitgereist.de\/wp-content\/uploads\/2023\/04\/IMG_20230428_161924-150x113.jpg 150w\" sizes=\"auto, (max-width: 1024px) 100vw, 1024px\" \/><\/figure>\n\n\n\n<p>\u00dcber angelegte Stege liefen wir vorbei an den \u00dcberresten, der doch recht gro\u00dfen Stadt. Wir bestaunten ein Amphitheater, eine Therme, verschiedene Wohnh\u00e4user und Tempel. \u00dcber eine App und Hinweisschilder kann man interessante Informationen erfahren. Sehr interessant ist auch, dass Teile der Wohnh\u00e4user und die drei H\u00e4fen im Meer versunken sind. 1889 wurden die \u00dcberreste bei einer Sprungflut sichtbar. <\/p>\n\n\n\n<div id=\"wp-block-themeisle-blocks-slider-e9de862b\" class=\"wp-block-themeisle-blocks-slider glide\" data-per-view=\"1\" data-gap=\"0\" data-peek=\"0\" data-autoplay=\"true\" data-height=\"400px\" data-hide-arrows=\"false\"><div class=\"glide__track\" data-glide-el=\"track\"><div class=\"glide__slides\"><div class=\"wp-block-themeisle-blocks-slider-item-wrapper glide__slide\" tabindex=\"0\"><figure><img decoding=\"async\" class=\"wp-block-themeisle-blocks-slider-item\" src=\"https:\/\/familie-weitgereist.de\/wp-content\/uploads\/2023\/04\/IMG_20230428_163545-scaled.jpg\" alt=\"\" title=\"\" data-id=\"14177\"\/><\/figure><\/div><div class=\"wp-block-themeisle-blocks-slider-item-wrapper glide__slide\" tabindex=\"0\"><figure><img decoding=\"async\" class=\"wp-block-themeisle-blocks-slider-item\" src=\"https:\/\/familie-weitgereist.de\/wp-content\/uploads\/2023\/04\/IMG_20230428_161323-scaled.jpg\" alt=\"\" title=\"\" data-id=\"14178\"\/><\/figure><\/div><div class=\"wp-block-themeisle-blocks-slider-item-wrapper glide__slide\" tabindex=\"0\"><figure><img decoding=\"async\" class=\"wp-block-themeisle-blocks-slider-item\" src=\"https:\/\/familie-weitgereist.de\/wp-content\/uploads\/2023\/04\/IMG_20230428_155630-scaled.jpg\" alt=\"\" title=\"\" data-id=\"14179\"\/><\/figure><\/div><div class=\"wp-block-themeisle-blocks-slider-item-wrapper glide__slide\" tabindex=\"0\"><figure><img decoding=\"async\" class=\"wp-block-themeisle-blocks-slider-item\" src=\"https:\/\/familie-weitgereist.de\/wp-content\/uploads\/2023\/04\/IMG_20230428_155545-scaled.jpg\" alt=\"\" title=\"\" data-id=\"14180\"\/><\/figure><\/div><div class=\"wp-block-themeisle-blocks-slider-item-wrapper glide__slide\" tabindex=\"0\"><figure><img decoding=\"async\" class=\"wp-block-themeisle-blocks-slider-item\" src=\"https:\/\/familie-weitgereist.de\/wp-content\/uploads\/2023\/04\/IMG_20230428_155127-scaled.jpg\" alt=\"\" title=\"\" data-id=\"14181\"\/><\/figure><\/div><\/div><div class=\"glide__bullets\" data-glide-el=\"controls[nav]\"><button class=\"glide__bullet\" data-glide-dir=\"=0\"><\/button><button class=\"glide__bullet\" data-glide-dir=\"=1\"><\/button><button class=\"glide__bullet\" data-glide-dir=\"=2\"><\/button><button class=\"glide__bullet\" data-glide-dir=\"=3\"><\/button><button class=\"glide__bullet\" data-glide-dir=\"=4\"><\/button><\/div><\/div><\/div>\n\n\n\n<p>Der Eintritt betrug 8\u20ac f\u00fcr Erwachsene, Kinder von 0-5 Jahren zahlen keinen Eintrittspreis. (<em>Stand April 2023<\/em>)<\/p>\n\n\n\n<h2 class=\"wp-block-heading\">Spielpl\u00e4tze auf Sardinien<\/h2>\n\n\n\n<p>Wir haben in einer Woche Sardinien gar nicht so viele Spielpl\u00e4tze besucht und auch nicht gefunden. Das liegt wahrscheinlich daran, dass wir meistens in der Natur unterwegs waren und uns die St\u00e4dte diesmal gar nicht angesehen haben. <\/p>\n\n\n\n<p>Einen richtig tollen Spielplatz haben wir in der N\u00e4he der antiken Stadt Nora bei Pula im S\u00fcden von Sardinien gefunden. Dort verbrachten wir eine tolle Zeit.<\/p>\n\n\n\n<figure class=\"wp-block-gallery has-nested-images columns-default is-cropped wp-block-gallery-1 is-layout-flex wp-block-gallery-is-layout-flex\">\n<figure class=\"wp-block-image size-large\"><img loading=\"lazy\" decoding=\"async\" width=\"1024\" height=\"768\" data-id=\"14186\" src=\"https:\/\/familie-weitgereist.de\/wp-content\/uploads\/2023\/04\/IMG_20230429_095626-1024x768.jpg\" alt=\"\" class=\"wp-image-14186\" srcset=\"https:\/\/familie-weitgereist.de\/wp-content\/uploads\/2023\/04\/IMG_20230429_095626-1024x768.jpg 1024w, https:\/\/familie-weitgereist.de\/wp-content\/uploads\/2023\/04\/IMG_20230429_095626-300x225.jpg 300w, https:\/\/familie-weitgereist.de\/wp-content\/uploads\/2023\/04\/IMG_20230429_095626-768x576.jpg 768w, https:\/\/familie-weitgereist.de\/wp-content\/uploads\/2023\/04\/IMG_20230429_095626-1536x1152.jpg 1536w, https:\/\/familie-weitgereist.de\/wp-content\/uploads\/2023\/04\/IMG_20230429_095626-2048x1536.jpg 2048w, https:\/\/familie-weitgereist.de\/wp-content\/uploads\/2023\/04\/IMG_20230429_095626-1200x900.jpg 1200w, https:\/\/familie-weitgereist.de\/wp-content\/uploads\/2023\/04\/IMG_20230429_095626-1980x1485.jpg 1980w, https:\/\/familie-weitgereist.de\/wp-content\/uploads\/2023\/04\/IMG_20230429_095626-150x113.jpg 150w\" sizes=\"auto, (max-width: 1024px) 100vw, 1024px\" \/><\/figure>\n\n\n\n<figure class=\"wp-block-image size-large\"><img loading=\"lazy\" decoding=\"async\" width=\"1024\" height=\"768\" data-id=\"14185\" src=\"https:\/\/familie-weitgereist.de\/wp-content\/uploads\/2023\/04\/IMG_20230428_142456-1024x768.jpg\" alt=\"\" class=\"wp-image-14185\" srcset=\"https:\/\/familie-weitgereist.de\/wp-content\/uploads\/2023\/04\/IMG_20230428_142456-1024x768.jpg 1024w, https:\/\/familie-weitgereist.de\/wp-content\/uploads\/2023\/04\/IMG_20230428_142456-300x225.jpg 300w, https:\/\/familie-weitgereist.de\/wp-content\/uploads\/2023\/04\/IMG_20230428_142456-768x576.jpg 768w, https:\/\/familie-weitgereist.de\/wp-content\/uploads\/2023\/04\/IMG_20230428_142456-1536x1152.jpg 1536w, https:\/\/familie-weitgereist.de\/wp-content\/uploads\/2023\/04\/IMG_20230428_142456-2048x1536.jpg 2048w, https:\/\/familie-weitgereist.de\/wp-content\/uploads\/2023\/04\/IMG_20230428_142456-1200x900.jpg 1200w, https:\/\/familie-weitgereist.de\/wp-content\/uploads\/2023\/04\/IMG_20230428_142456-1980x1485.jpg 1980w, https:\/\/familie-weitgereist.de\/wp-content\/uploads\/2023\/04\/IMG_20230428_142456-150x113.jpg 150w\" sizes=\"auto, (max-width: 1024px) 100vw, 1024px\" \/><\/figure>\n<\/figure>\n\n\n\n<p>2016 waren wir schon einmal auf <strong><a href=\"https:\/\/familie-weitgereist.de\/?p=984\">Sardinien<\/a><\/strong>, ohne Kinder. Nachdem wir den <strong><a href=\"https:\/\/familie-weitgereist.de\/?p=985\">Weitwanderweg GR-20 auf Korsika<\/a><\/strong> gelaufen sind, haben wir eine entspannte Woche auf Sardinien verbracht.<\/p>\n","protected":false},"excerpt":{"rendered":"<p>Ab November 2022 haben wir unsere Elternzeit genutzt um mit unserem&nbsp;VW T6&nbsp;durch Europa zu reisen. Unsere Reise startete in&nbsp;Deutschland, f\u00fchrte anschlie\u00dfend weiter nach&nbsp;Luxemburg,&nbsp;Frankreich,&nbsp;Andorra, auf die&nbsp;balearischen Inseln,&nbsp;Gibraltar,&nbsp;Spanien,&nbsp;Portugal,&nbsp;La Gomera, Teneriffa&nbsp;und&nbsp;Gran Canaria. Um wieder in den Norden zu gelangen, unternahmen wir einen kleinen Roadtrip durch Spanien. Anreise nach Sardinien Wir nahmen von Barcelona in Spanien die Grimaldi F\u00e4hre [&hellip;]<\/p>\n","protected":false},"author":3,"featured_media":14077,"comment_status":"open","ping_status":"open","sticky":false,"template":"","format":"standard","meta":{"_themeisle_gutenberg_block_has_review":false,"footnotes":""},"categories":[239,8,4,377],"tags":[923,924,925,931,932,927,290,929,293,930,926],"class_list":["post-14061","post","type-post","status-publish","format-standard","has-post-thumbnail","hentry","category-italien","category-europa","category-laender","category-spielplaetze","tag-capriccioli","tag-costa-smeralda","tag-grimaldi","tag-grotta-san-giovanni","tag-nora","tag-porto-flavia","tag-pula","tag-santantioco","tag-sardinien","tag-spiaggia-coaquaddus","tag-tharros"],"_links":{"self":[{"href":"https:\/\/familie-weitgereist.de\/index.php?rest_route=\/wp\/v2\/posts\/14061","targetHints":{"allow":["GET"]}}],"collection":[{"href":"https:\/\/familie-weitgereist.de\/index.php?rest_route=\/wp\/v2\/posts"}],"about":[{"href":"https:\/\/familie-weitgereist.de\/index.php?rest_route=\/wp\/v2\/types\/post"}],"author":[{"embeddable":true,"href":"https:\/\/familie-weitgereist.de\/index.php?rest_route=\/wp\/v2\/users\/3"}],"replies":[{"embeddable":true,"href":"https:\/\/familie-weitgereist.de\/index.php?rest_route=%2Fwp%2Fv2%2Fcomments&post=14061"}],"version-history":[{"count":79,"href":"https:\/\/familie-weitgereist.de\/index.php?rest_route=\/wp\/v2\/posts\/14061\/revisions"}],"predecessor-version":[{"id":23431,"href":"https:\/\/familie-weitgereist.de\/index.php?rest_route=\/wp\/v2\/posts\/14061\/revisions\/23431"}],"wp:featuredmedia":[{"embeddable":true,"href":"https:\/\/familie-weitgereist.de\/index.php?rest_route=\/wp\/v2\/media\/14077"}],"wp:attachment":[{"href":"https:\/\/familie-weitgereist.de\/index.php?rest_route=%2Fwp%2Fv2%2Fmedia&parent=14061"}],"wp:term":[{"taxonomy":"category","embeddable":true,"href":"https:\/\/familie-weitgereist.de\/index.php?rest_route=%2Fwp%2Fv2%2Fcategories&post=14061"},{"taxonomy":"post_tag","embeddable":true,"href":"https:\/\/familie-weitgereist.de\/index.php?rest_route=%2Fwp%2Fv2%2Ftags&post=14061"}],"curies":[{"name":"wp","href":"https:\/\/api.w.org\/{rel}","templated":true}]}}