{"id":14008,"date":"2023-04-19T20:37:48","date_gmt":"2023-04-19T18:37:48","guid":{"rendered":"https:\/\/familie-weitgereist.de\/?p=14008"},"modified":"2025-10-09T21:19:08","modified_gmt":"2025-10-09T19:19:08","slug":"europareise-roadtrip-durch-spanien-mit-kleinkind-und-baby","status":"publish","type":"post","link":"https:\/\/familie-weitgereist.de\/?p=14008","title":{"rendered":"Europareise Roadtrip durch Spanien mit Kleinkind und Baby"},"content":{"rendered":"\n<p>Ab November 2022 haben wir unsere Elternzeit genutzt um mit unserem&nbsp;<strong>VW T6&nbsp;<\/strong>durch Europa zu reisen. Unsere Reise startete in&nbsp;<strong><a href=\"https:\/\/familie-weitgereist.de\/?p=11288\">Deutschland<\/a><\/strong>, f\u00fchrte anschlie\u00dfend weiter nach&nbsp;<strong><a href=\"https:\/\/familie-weitgereist.de\/?p=11342\">Luxemburg<\/a><\/strong>,&nbsp;<strong><a href=\"https:\/\/familie-weitgereist.de\/?p=11397\">Frankreich<\/a><\/strong>,&nbsp;<strong><a href=\"https:\/\/familie-weitgereist.de\/?p=11799\">Andorra<\/a><\/strong>, auf die&nbsp;<strong><a href=\"https:\/\/familie-weitgereist.de\/?p=12081\">balearischen Inseln<\/a><\/strong>,&nbsp;<strong><a href=\"https:\/\/familie-weitgereist.de\/?p=12528\">Gibraltar<\/a><\/strong>,&nbsp;<a href=\"https:\/\/familie-weitgereist.de\/?p=12073\"><strong>Spanien<\/strong><\/a>,&nbsp;<a href=\"https:\/\/familie-weitgereist.de\/?p=12700\"><strong>Portugal<\/strong><\/a>,&nbsp;<strong><a href=\"https:\/\/familie-weitgereist.de\/?p=12861\">La Gomera<\/a><\/strong>,&nbsp;<strong><a href=\"https:\/\/familie-weitgereist.de\/?p=13024\">Teneriffa<\/a><\/strong> und <strong><a href=\"https:\/\/familie-weitgereist.de\/?p=13365\">Gran Canaria<\/a><\/strong>. <\/p>\n\n\n\n<figure class=\"wp-block-embed is-type-video is-provider-youtube wp-block-embed-youtube wp-embed-aspect-16-9 wp-has-aspect-ratio\"><div class=\"wp-block-embed__wrapper\">\n<iframe loading=\"lazy\" title=\"ROADTRIP EUROPA 2022 \/ 2023  - Woche #023\" width=\"580\" height=\"326\" src=\"https:\/\/www.youtube.com\/embed\/5Lb9M3EZgHE?feature=oembed\" frameborder=\"0\" allow=\"accelerometer; autoplay; clipboard-write; encrypted-media; gyroscope; picture-in-picture; web-share\" referrerpolicy=\"strict-origin-when-cross-origin\" allowfullscreen><\/iframe>\n<\/div><\/figure>\n\n\n\n<p>Auf unserem Weg von <strong><a href=\"https:\/\/familie-weitgereist.de\/?p=12073\">Andalusien<\/a><\/strong> nach Barcelona haben wir einen kleinen Roadtrip durch S\u00fcd- und Ostspanien unternommen und uns einige tolle Orte angesehen. Von Barcelona haben wir die Grimaldi F\u00e4hre nach Porto Torres auf Sardinien genommen. <\/p>\n\n\n\n<figure class=\"wp-block-image size-large is-resized\"><img loading=\"lazy\" decoding=\"async\" src=\"https:\/\/familie-weitgereist.de\/wp-content\/uploads\/2023\/04\/IMG_20230422_222752-1024x768.jpg\" alt=\"\" class=\"wp-image-14050\" width=\"377\" height=\"282\" srcset=\"https:\/\/familie-weitgereist.de\/wp-content\/uploads\/2023\/04\/IMG_20230422_222752-1024x768.jpg 1024w, https:\/\/familie-weitgereist.de\/wp-content\/uploads\/2023\/04\/IMG_20230422_222752-300x225.jpg 300w, https:\/\/familie-weitgereist.de\/wp-content\/uploads\/2023\/04\/IMG_20230422_222752-768x576.jpg 768w, https:\/\/familie-weitgereist.de\/wp-content\/uploads\/2023\/04\/IMG_20230422_222752-1536x1152.jpg 1536w, https:\/\/familie-weitgereist.de\/wp-content\/uploads\/2023\/04\/IMG_20230422_222752-2048x1536.jpg 2048w, https:\/\/familie-weitgereist.de\/wp-content\/uploads\/2023\/04\/IMG_20230422_222752-1200x900.jpg 1200w, https:\/\/familie-weitgereist.de\/wp-content\/uploads\/2023\/04\/IMG_20230422_222752-1980x1485.jpg 1980w, https:\/\/familie-weitgereist.de\/wp-content\/uploads\/2023\/04\/IMG_20230422_222752-150x113.jpg 150w\" sizes=\"auto, (max-width: 377px) 100vw, 377px\" \/><figcaption class=\"wp-element-caption\">Grimaldi F\u00e4hre im Hafen von Barcelona<\/figcaption><\/figure>\n\n\n\n<h2 class=\"wp-block-heading\">La Manga del Mar Menor  &#8211; die &#8222;Florida Keys&#8220; von Spanien<\/h2>\n\n\n\n<p>La Manga del Mar Menor ist ein ganz schmaler Landstreifen im S\u00fcdosten von Spanien, nahe Murcia. <strong>Die Landschaft erinnert an die Keys von Florida<\/strong>, wo auch ein schmaler Landstreifen und viele kleine Inseln im Meer liegen. <\/p>\n\n\n\n<figure class=\"wp-block-image size-large\"><img loading=\"lazy\" decoding=\"async\" width=\"1024\" height=\"768\" src=\"https:\/\/familie-weitgereist.de\/wp-content\/uploads\/2023\/04\/IMG_20230420_110007-1024x768.jpg\" alt=\"\" class=\"wp-image-14036\" srcset=\"https:\/\/familie-weitgereist.de\/wp-content\/uploads\/2023\/04\/IMG_20230420_110007-1024x768.jpg 1024w, https:\/\/familie-weitgereist.de\/wp-content\/uploads\/2023\/04\/IMG_20230420_110007-300x225.jpg 300w, https:\/\/familie-weitgereist.de\/wp-content\/uploads\/2023\/04\/IMG_20230420_110007-768x576.jpg 768w, https:\/\/familie-weitgereist.de\/wp-content\/uploads\/2023\/04\/IMG_20230420_110007-1536x1152.jpg 1536w, https:\/\/familie-weitgereist.de\/wp-content\/uploads\/2023\/04\/IMG_20230420_110007-2048x1536.jpg 2048w, https:\/\/familie-weitgereist.de\/wp-content\/uploads\/2023\/04\/IMG_20230420_110007-1200x900.jpg 1200w, https:\/\/familie-weitgereist.de\/wp-content\/uploads\/2023\/04\/IMG_20230420_110007-1980x1485.jpg 1980w, https:\/\/familie-weitgereist.de\/wp-content\/uploads\/2023\/04\/IMG_20230420_110007-150x113.jpg 150w\" sizes=\"auto, (max-width: 1024px) 100vw, 1024px\" \/><\/figure>\n\n\n\n<p>Der Landstreifen ist hier ca. 24 km lang, an der schmalsten Stelle nur 200 m breit und an der breitesten Stelle 1,5 km. Zur einen Seite liegt das Mittelmeer, auf der gegen\u00fcberliegenden Seite wird ein Salzsee eingeschlossen.<\/p>\n\n\n\n<figure class=\"wp-block-image size-large\"><img loading=\"lazy\" decoding=\"async\" width=\"1024\" height=\"768\" src=\"https:\/\/familie-weitgereist.de\/wp-content\/uploads\/2023\/04\/IMG_20230420_133531-1024x768.jpg\" alt=\"\" class=\"wp-image-14019\" srcset=\"https:\/\/familie-weitgereist.de\/wp-content\/uploads\/2023\/04\/IMG_20230420_133531-1024x768.jpg 1024w, https:\/\/familie-weitgereist.de\/wp-content\/uploads\/2023\/04\/IMG_20230420_133531-300x225.jpg 300w, https:\/\/familie-weitgereist.de\/wp-content\/uploads\/2023\/04\/IMG_20230420_133531-768x576.jpg 768w, https:\/\/familie-weitgereist.de\/wp-content\/uploads\/2023\/04\/IMG_20230420_133531-1536x1152.jpg 1536w, https:\/\/familie-weitgereist.de\/wp-content\/uploads\/2023\/04\/IMG_20230420_133531-2048x1536.jpg 2048w, https:\/\/familie-weitgereist.de\/wp-content\/uploads\/2023\/04\/IMG_20230420_133531-1200x900.jpg 1200w, https:\/\/familie-weitgereist.de\/wp-content\/uploads\/2023\/04\/IMG_20230420_133531-1980x1485.jpg 1980w, https:\/\/familie-weitgereist.de\/wp-content\/uploads\/2023\/04\/IMG_20230420_133531-150x113.jpg 150w\" sizes=\"auto, (max-width: 1024px) 100vw, 1024px\" \/><figcaption class=\"wp-element-caption\">Am schmalsten Punkt des Landstreifens<\/figcaption><\/figure>\n\n\n\n<p>La Manga ist stark bebaut und viele Hochh\u00e4user stehen hier. Es ist ein Urlaubsgebiet und zieht besonders in der Hauptsaison viele Besucher und Urlauber an. Bis in die 1960er Jahre war der Landstreifen unbebaut. Unvorstellbar heute. <\/p>\n\n\n\n<div id=\"wp-block-themeisle-blocks-slider-b91042a4\" class=\"wp-block-themeisle-blocks-slider glide\" data-per-view=\"1\" data-gap=\"0\" data-peek=\"0\" data-autoplay=\"true\" data-height=\"400px\" data-hide-arrows=\"false\"><div class=\"glide__track\" data-glide-el=\"track\"><div class=\"glide__slides\"><div class=\"wp-block-themeisle-blocks-slider-item-wrapper glide__slide\" tabindex=\"0\"><figure><img decoding=\"async\" class=\"wp-block-themeisle-blocks-slider-item\" src=\"https:\/\/familie-weitgereist.de\/wp-content\/uploads\/2023\/04\/IMG_20230420_132510-1-scaled.jpg\" alt=\"\" title=\"\" data-id=\"14031\"\/><\/figure><\/div><div class=\"wp-block-themeisle-blocks-slider-item-wrapper glide__slide\" tabindex=\"0\"><figure><img decoding=\"async\" class=\"wp-block-themeisle-blocks-slider-item\" src=\"https:\/\/familie-weitgereist.de\/wp-content\/uploads\/2023\/04\/IMG_20230420_130839-scaled.jpg\" alt=\"\" title=\"\" data-id=\"14032\"\/><\/figure><\/div><\/div><div class=\"glide__bullets\" data-glide-el=\"controls[nav]\"><button class=\"glide__bullet\" data-glide-dir=\"=0\"><\/button><button class=\"glide__bullet\" data-glide-dir=\"=1\"><\/button><\/div><\/div><\/div>\n\n\n\n<p>Der K\u00fcstenabschnitt wird hier auch <em><strong>Costa C\u00e1lida<\/strong><\/em> genannt, die warme K\u00fcste. Die Temperaturen sind hier im Schnitt 1\u00b0C w\u00e4rmer. Die Sandstr\u00e4nde sind wundersch\u00f6n.<\/p>\n\n\n\n<p>Wir haben eine Nacht bei <strong>Cabo de Palo<\/strong> \u00fcbernachtet, um am n\u00e4chsten Tag La Manga del Mar Menor zu entdecken. Direkt am Kap steht ein Leuchtturm und die Hochh\u00e4user von La Manga sind gut sichtbar. <\/p>\n\n\n\n<figure class=\"wp-block-image size-large\"><img loading=\"lazy\" decoding=\"async\" width=\"1024\" height=\"768\" src=\"https:\/\/familie-weitgereist.de\/wp-content\/uploads\/2023\/04\/IMG_20230420_091503-1024x768.jpg\" alt=\"\" class=\"wp-image-14034\" srcset=\"https:\/\/familie-weitgereist.de\/wp-content\/uploads\/2023\/04\/IMG_20230420_091503-1024x768.jpg 1024w, https:\/\/familie-weitgereist.de\/wp-content\/uploads\/2023\/04\/IMG_20230420_091503-300x225.jpg 300w, https:\/\/familie-weitgereist.de\/wp-content\/uploads\/2023\/04\/IMG_20230420_091503-768x576.jpg 768w, https:\/\/familie-weitgereist.de\/wp-content\/uploads\/2023\/04\/IMG_20230420_091503-1536x1152.jpg 1536w, https:\/\/familie-weitgereist.de\/wp-content\/uploads\/2023\/04\/IMG_20230420_091503-2048x1536.jpg 2048w, https:\/\/familie-weitgereist.de\/wp-content\/uploads\/2023\/04\/IMG_20230420_091503-1200x900.jpg 1200w, https:\/\/familie-weitgereist.de\/wp-content\/uploads\/2023\/04\/IMG_20230420_091503-1980x1485.jpg 1980w, https:\/\/familie-weitgereist.de\/wp-content\/uploads\/2023\/04\/IMG_20230420_091503-150x113.jpg 150w\" sizes=\"auto, (max-width: 1024px) 100vw, 1024px\" \/><figcaption class=\"wp-element-caption\">Leuchtturm von Cabo de Palo<\/figcaption><\/figure>\n\n\n\n<h2 class=\"wp-block-heading\">Calp und die Costa Blanca <\/h2>\n\n\n\n<p>Auf unserer Reise in den Norden sind wir auch an der <strong>Costa Blanca, der wei\u00dfen K\u00fcste<\/strong>, entlang gefahren. Der K\u00fcstenabschnitt ist hier ebenfalls sehr dicht bebaut und riesige Hochh\u00e4user stehen am Horizont. Das unmittelbare Hinterland an der K\u00fcste ist mit Villen mit schicken Pools bebaut. Ein Baustopp ist aktuell auch nicht in Sicht. Bekannt ist Calp f\u00fcr seinen <strong>markanten Felsen im Meer<\/strong>. <\/p>\n\n\n\n<div id=\"wp-block-themeisle-blocks-slider-c92f7f1f\" class=\"wp-block-themeisle-blocks-slider glide\" data-per-view=\"1\" data-gap=\"0\" data-peek=\"0\" data-autoplay=\"true\" data-height=\"400px\" data-hide-arrows=\"false\"><div class=\"glide__track\" data-glide-el=\"track\"><div class=\"glide__slides\"><div class=\"wp-block-themeisle-blocks-slider-item-wrapper glide__slide\" tabindex=\"0\"><figure><img decoding=\"async\" class=\"wp-block-themeisle-blocks-slider-item\" src=\"https:\/\/familie-weitgereist.de\/wp-content\/uploads\/2023\/04\/IMG_20230421_110626-scaled.jpg\" alt=\"\" title=\"\" data-id=\"14027\"\/><figcaption>Calp<\/figcaption><\/figure><\/div><div class=\"wp-block-themeisle-blocks-slider-item-wrapper glide__slide\" tabindex=\"0\"><figure><img decoding=\"async\" class=\"wp-block-themeisle-blocks-slider-item\" src=\"https:\/\/familie-weitgereist.de\/wp-content\/uploads\/2023\/04\/IMG_20230420_170728-scaled.jpg\" alt=\"\" title=\"\" data-id=\"14028\"\/><\/figure><\/div><\/div><div class=\"glide__bullets\" data-glide-el=\"controls[nav]\"><button class=\"glide__bullet\" data-glide-dir=\"=0\"><\/button><button class=\"glide__bullet\" data-glide-dir=\"=1\"><\/button><\/div><\/div><\/div>\n\n\n\n<h2 class=\"wp-block-heading\">Pe\u00f1\u00edscola <\/h2>\n\n\n\n<p>Der kleine Ort Pe\u00f1\u00edscola ist bei Urlaubern sehr beliebt, obwohl er mit weniger als 8000 Einwohnern sehr klein ist. In der touristischen Hochsaison k\u00f6nnen mehr als 150.000 Menschen in dem kleinen Ort sein. Vor allem Spanier selbst, mehr und mehr auch ausl\u00e4ndische Touristen m\u00f6chten ihren Urlaub dort verbringen. Pe\u00f1\u00edscola ist wundersch\u00f6n. Es gibt eine 5 km lange Strandpromenade mit feinem, wei\u00dfen Sandstrand. Ebenso ist es f\u00fcr Kinder ein Paradies. Am Strand gibt es sehr viele verschiedene Spielpl\u00e4tze, an der Strandpromenade ebenso und auch in der Kleinstadt selbst.<\/p>\n\n\n\n<p>Ein Highlight ist die Altstadt mit ihrer Burg auf einem markanten Felsen. Dieser war damals nur \u00fcber einen schmalen Strandstreifen mit dem Festland verbunden, sodass die Burg und die Altstadt bei Flut zu einer Insel wurden.<\/p>\n\n\n\n<div id=\"wp-block-themeisle-blocks-slider-6d289b07\" class=\"wp-block-themeisle-blocks-slider glide\" data-per-view=\"1\" data-gap=\"0\" data-peek=\"0\" data-autoplay=\"true\" data-height=\"400px\" data-hide-arrows=\"false\"><div class=\"glide__track\" data-glide-el=\"track\"><div class=\"glide__slides\"><div class=\"wp-block-themeisle-blocks-slider-item-wrapper glide__slide\" tabindex=\"0\"><figure><img decoding=\"async\" class=\"wp-block-themeisle-blocks-slider-item\" src=\"https:\/\/familie-weitgereist.de\/wp-content\/uploads\/2023\/04\/IMG_20230421_174423-scaled.jpg\" alt=\"\" title=\"\" data-id=\"14039\"\/><\/figure><\/div><div class=\"wp-block-themeisle-blocks-slider-item-wrapper glide__slide\" tabindex=\"0\"><figure><img decoding=\"async\" class=\"wp-block-themeisle-blocks-slider-item\" src=\"https:\/\/familie-weitgereist.de\/wp-content\/uploads\/2023\/04\/IMG_20230421_173600-scaled.jpg\" alt=\"\" title=\"\" data-id=\"14040\"\/><\/figure><\/div><div class=\"wp-block-themeisle-blocks-slider-item-wrapper glide__slide\" tabindex=\"0\"><figure><img decoding=\"async\" class=\"wp-block-themeisle-blocks-slider-item\" src=\"https:\/\/familie-weitgereist.de\/wp-content\/uploads\/2023\/04\/IMG_20230421_171955-scaled.jpg\" alt=\"\" title=\"\" data-id=\"14041\"\/><\/figure><\/div><\/div><div class=\"glide__bullets\" data-glide-el=\"controls[nav]\"><button class=\"glide__bullet\" data-glide-dir=\"=0\"><\/button><button class=\"glide__bullet\" data-glide-dir=\"=1\"><\/button><button class=\"glide__bullet\" data-glide-dir=\"=2\"><\/button><\/div><\/div><\/div>\n","protected":false},"excerpt":{"rendered":"<p>Ab November 2022 haben wir unsere Elternzeit genutzt um mit unserem&nbsp;VW T6&nbsp;durch Europa zu reisen. Unsere Reise startete in&nbsp;Deutschland, f\u00fchrte anschlie\u00dfend weiter nach&nbsp;Luxemburg,&nbsp;Frankreich,&nbsp;Andorra, auf die&nbsp;balearischen Inseln,&nbsp;Gibraltar,&nbsp;Spanien,&nbsp;Portugal,&nbsp;La Gomera,&nbsp;Teneriffa und Gran Canaria. Auf unserem Weg von Andalusien nach Barcelona haben wir einen kleinen Roadtrip durch S\u00fcd- und Ostspanien unternommen und uns einige tolle Orte angesehen. Von Barcelona [&hellip;]<\/p>\n","protected":false},"author":3,"featured_media":14027,"comment_status":"open","ping_status":"open","sticky":false,"template":"","format":"standard","meta":{"_themeisle_gutenberg_block_has_review":false,"footnotes":""},"categories":[246,8,4,377],"tags":[919,921,920,922],"class_list":["post-14008","post","type-post","status-publish","format-standard","has-post-thumbnail","hentry","category-spanien","category-europa","category-laender","category-spielplaetze","tag-cabo-de-palos","tag-calp","tag-la-manga-del-mar-menor","tag-peniscola"],"_links":{"self":[{"href":"https:\/\/familie-weitgereist.de\/index.php?rest_route=\/wp\/v2\/posts\/14008","targetHints":{"allow":["GET"]}}],"collection":[{"href":"https:\/\/familie-weitgereist.de\/index.php?rest_route=\/wp\/v2\/posts"}],"about":[{"href":"https:\/\/familie-weitgereist.de\/index.php?rest_route=\/wp\/v2\/types\/post"}],"author":[{"embeddable":true,"href":"https:\/\/familie-weitgereist.de\/index.php?rest_route=\/wp\/v2\/users\/3"}],"replies":[{"embeddable":true,"href":"https:\/\/familie-weitgereist.de\/index.php?rest_route=%2Fwp%2Fv2%2Fcomments&post=14008"}],"version-history":[{"count":36,"href":"https:\/\/familie-weitgereist.de\/index.php?rest_route=\/wp\/v2\/posts\/14008\/revisions"}],"predecessor-version":[{"id":23433,"href":"https:\/\/familie-weitgereist.de\/index.php?rest_route=\/wp\/v2\/posts\/14008\/revisions\/23433"}],"wp:featuredmedia":[{"embeddable":true,"href":"https:\/\/familie-weitgereist.de\/index.php?rest_route=\/wp\/v2\/media\/14027"}],"wp:attachment":[{"href":"https:\/\/familie-weitgereist.de\/index.php?rest_route=%2Fwp%2Fv2%2Fmedia&parent=14008"}],"wp:term":[{"taxonomy":"category","embeddable":true,"href":"https:\/\/familie-weitgereist.de\/index.php?rest_route=%2Fwp%2Fv2%2Fcategories&post=14008"},{"taxonomy":"post_tag","embeddable":true,"href":"https:\/\/familie-weitgereist.de\/index.php?rest_route=%2Fwp%2Fv2%2Ftags&post=14008"}],"curies":[{"name":"wp","href":"https:\/\/api.w.org\/{rel}","templated":true}]}}