{"id":13365,"date":"2023-03-05T14:34:39","date_gmt":"2023-03-05T13:34:39","guid":{"rendered":"https:\/\/familie-weitgereist.de\/?p=13365"},"modified":"2026-02-13T12:12:27","modified_gmt":"2026-02-13T11:12:27","slug":"europareise-roadtrip-gran-canaria-kanarische-inseln-spanien-mit-kleinkind-und-baby","status":"publish","type":"post","link":"https:\/\/familie-weitgereist.de\/?p=13365","title":{"rendered":"Europareise Roadtrip &#8211; Gran Canaria, Kanarische Inseln, Spanien mit Kleinkind und Baby"},"content":{"rendered":"\n<p>Ab November 2022 haben wir unsere Elternzeit genutzt um mit unserem&nbsp;<strong>VW T6&nbsp;<\/strong>durch Europa zu reisen. Unsere Reise startete in&nbsp;<strong><a href=\"https:\/\/familie-weitgereist.de\/?p=11288\">Deutschland<\/a><\/strong>, f\u00fchrte anschlie\u00dfend weiter nach&nbsp;<strong><a href=\"https:\/\/familie-weitgereist.de\/?p=11342\">Luxemburg<\/a><\/strong>,&nbsp;<strong><a href=\"https:\/\/familie-weitgereist.de\/?p=11397\">Frankreich<\/a><\/strong>,&nbsp;<strong><a href=\"https:\/\/familie-weitgereist.de\/?p=11799\">Andorra<\/a><\/strong>, auf die&nbsp;<strong><a href=\"https:\/\/familie-weitgereist.de\/?p=12081\">balearischen Inseln<\/a><\/strong>,&nbsp;<strong><a href=\"https:\/\/familie-weitgereist.de\/?p=12528\">Gibraltar<\/a><\/strong>,&nbsp;<a href=\"https:\/\/familie-weitgereist.de\/?p=12073\"><strong>Spanien<\/strong><\/a>,&nbsp;<a href=\"https:\/\/familie-weitgereist.de\/?p=12700\"><strong>Portugal<\/strong><\/a>,&nbsp;<strong><a href=\"https:\/\/familie-weitgereist.de\/?p=12861\">La Gomera<\/a><\/strong> und <strong><a href=\"https:\/\/familie-weitgereist.de\/?p=13024\">Teneriffa<\/a><\/strong>. <\/p>\n\n\n\n<figure class=\"wp-block-image size-large\"><img loading=\"lazy\" decoding=\"async\" width=\"1024\" height=\"768\" src=\"https:\/\/familie-weitgereist.de\/wp-content\/uploads\/2023\/03\/IMG_20230318_145947-1024x768.jpg\" alt=\"\" class=\"wp-image-13544\" srcset=\"https:\/\/familie-weitgereist.de\/wp-content\/uploads\/2023\/03\/IMG_20230318_145947-1024x768.jpg 1024w, https:\/\/familie-weitgereist.de\/wp-content\/uploads\/2023\/03\/IMG_20230318_145947-300x225.jpg 300w, https:\/\/familie-weitgereist.de\/wp-content\/uploads\/2023\/03\/IMG_20230318_145947-768x576.jpg 768w, https:\/\/familie-weitgereist.de\/wp-content\/uploads\/2023\/03\/IMG_20230318_145947-1536x1152.jpg 1536w, https:\/\/familie-weitgereist.de\/wp-content\/uploads\/2023\/03\/IMG_20230318_145947-2048x1536.jpg 2048w, https:\/\/familie-weitgereist.de\/wp-content\/uploads\/2023\/03\/IMG_20230318_145947-1200x900.jpg 1200w, https:\/\/familie-weitgereist.de\/wp-content\/uploads\/2023\/03\/IMG_20230318_145947-1980x1485.jpg 1980w, https:\/\/familie-weitgereist.de\/wp-content\/uploads\/2023\/03\/IMG_20230318_145947-150x113.jpg 150w\" sizes=\"auto, (max-width: 1024px) 100vw, 1024px\" \/><figcaption class=\"wp-element-caption\">Wandern beim Roque Nublo<\/figcaption><\/figure>\n\n\n\n<figure class=\"wp-block-embed is-type-video is-provider-youtube wp-block-embed-youtube wp-embed-aspect-16-9 wp-has-aspect-ratio\"><div class=\"wp-block-embed__wrapper\">\n<iframe loading=\"lazy\" title=\"ROADTRIP EUROPA 2022 \/ 2023  - Woche #016\" width=\"580\" height=\"326\" src=\"https:\/\/www.youtube.com\/embed\/aaFKeqYmddc?feature=oembed\" frameborder=\"0\" allow=\"accelerometer; autoplay; clipboard-write; encrypted-media; gyroscope; picture-in-picture; web-share\" referrerpolicy=\"strict-origin-when-cross-origin\" allowfullscreen><\/iframe>\n<\/div><\/figure>\n\n\n\n<figure class=\"wp-block-embed is-type-video is-provider-youtube wp-block-embed-youtube wp-embed-aspect-16-9 wp-has-aspect-ratio\"><div class=\"wp-block-embed__wrapper\">\n<iframe loading=\"lazy\" title=\"ROADTRIP EUROPA 2022 \/ 2023  - Woche #017\" width=\"580\" height=\"326\" src=\"https:\/\/www.youtube.com\/embed\/cQ-Bcu9KxKM?feature=oembed\" frameborder=\"0\" allow=\"accelerometer; autoplay; clipboard-write; encrypted-media; gyroscope; picture-in-picture; web-share\" referrerpolicy=\"strict-origin-when-cross-origin\" allowfullscreen><\/iframe>\n<\/div><\/figure>\n\n\n\n<figure class=\"wp-block-embed is-type-video is-provider-youtube wp-block-embed-youtube wp-embed-aspect-16-9 wp-has-aspect-ratio\"><div class=\"wp-block-embed__wrapper\">\n<iframe loading=\"lazy\" title=\"ROADTRIP EUROPA 2022 \/ 2023  - Woche #018\" width=\"580\" height=\"326\" src=\"https:\/\/www.youtube.com\/embed\/8-5NgC65qG0?feature=oembed\" frameborder=\"0\" allow=\"accelerometer; autoplay; clipboard-write; encrypted-media; gyroscope; picture-in-picture; web-share\" referrerpolicy=\"strict-origin-when-cross-origin\" allowfullscreen><\/iframe>\n<\/div><\/figure>\n\n\n\n<figure class=\"wp-block-embed is-type-video is-provider-youtube wp-block-embed-youtube wp-embed-aspect-16-9 wp-has-aspect-ratio\"><div class=\"wp-block-embed__wrapper\">\n<iframe loading=\"lazy\" title=\"ROADTRIP EUROPA 2022 \/ 2023  - Woche #019\" width=\"580\" height=\"326\" src=\"https:\/\/www.youtube.com\/embed\/udP4AUzCT88?feature=oembed\" frameborder=\"0\" allow=\"accelerometer; autoplay; clipboard-write; encrypted-media; gyroscope; picture-in-picture; web-share\" referrerpolicy=\"strict-origin-when-cross-origin\" allowfullscreen><\/iframe>\n<\/div><\/figure>\n\n\n\n<figure class=\"wp-block-embed is-type-video is-provider-youtube wp-block-embed-youtube wp-embed-aspect-16-9 wp-has-aspect-ratio\"><div class=\"wp-block-embed__wrapper\">\n<iframe loading=\"lazy\" title=\"ROADTRIP EUROPA 2022 \/ 2023  - Woche #020\" width=\"580\" height=\"326\" src=\"https:\/\/www.youtube.com\/embed\/IRelmb5W3f0?feature=oembed\" frameborder=\"0\" allow=\"accelerometer; autoplay; clipboard-write; encrypted-media; gyroscope; picture-in-picture; web-share\" referrerpolicy=\"strict-origin-when-cross-origin\" allowfullscreen><\/iframe>\n<\/div><\/figure>\n\n\n\n<h2 class=\"wp-block-heading\">Allgemeine Informationen <\/h2>\n\n\n\n<p>Gran Canaria ist nach Teneriffa und Fuerteventura die <strong>drittgr\u00f6\u00dfte kanarische<\/strong> <strong>Insel<\/strong>. Es leben ca. 850.000 Menschen auf Gran Canaria. Wie der Name vermuten l\u00e4sst, k\u00f6nnte man meinen, dass es die &#8222;gro\u00dfe kanarische Insel&#8220; bedeutet. Jedoch ist nicht ganz sichergestellt, woher der Name &#8222;Gran Canaria&#8220; stammt. Ausgegangen wird von zwei Theorien. Im Jahre 25 v. Chr. haben Abgesandte des mauretanischen K\u00f6nigs viele <strong>gro\u00dfe Hunde<\/strong> auf die Insel gebracht. Canaria k\u00f6nnte sich vom lateinischen &#8222;Canis&#8220; (Hund) ableiten. Eine weitere Theorie besagt, dass sich der Name von einem berberischen Volksstamm aus Nordafrika ableitet, denn sie bezeichnen sich als &#8222;<strong><em>Canarii<\/em><\/strong>&#8222;.<\/p>\n\n\n\n<p>Gran Canaria wird auch als <strong>Kontinent im Miniaturformat<\/strong> bezeichnet. Insgesamt gibt es <strong>14 Mikroklimazonen<\/strong>. Wei\u00dfe Sandstr\u00e4nde, Vulkangestein, gr\u00fcner Urwald, kanarische Kiefernw\u00e4lder und die riesigen Sandd\u00fcnen im S\u00fcden der Insel k\u00f6nnten auf dieser kleinen Insel nicht vielf\u00e4ltiger sein. Ein gut ausgebautes Stra\u00dfen- und Busnetz sorgen daf\u00fcr, dass nahezu jede Ecke der Insel erreichbar ist. Zudem bietet der ewige Fr\u00fchling eine wunderbare M\u00f6glichkeit dem grauen und kalten Winter in Nordeuropa zu entkommen. <\/p>\n\n\n\n<h2 class=\"wp-block-heading\">Anreise nach Gran Canaria <\/h2>\n\n\n\n<p>Nach unserem Monatsaufenthalt auf Teneriffa sind wir von <strong>Santa Cruz de Tenerife<\/strong> nach <strong>Las Palmas<\/strong> auf <strong>Gran<\/strong> <strong>Canaria<\/strong> mit der F\u00e4hre von Fred Olsen gefahren. Die \u00dcberf\u00e4hrt dauerte 80 Minuten. Die F\u00e4hre hatte einen sch\u00f6nen Spielbereich.<\/p>\n\n\n\n<figure class=\"wp-block-image size-large\"><img loading=\"lazy\" decoding=\"async\" width=\"1024\" height=\"768\" src=\"https:\/\/familie-weitgereist.de\/wp-content\/uploads\/2023\/03\/IMG_20230305_151009-1-1024x768.jpg\" alt=\"\" class=\"wp-image-13414\" srcset=\"https:\/\/familie-weitgereist.de\/wp-content\/uploads\/2023\/03\/IMG_20230305_151009-1-1024x768.jpg 1024w, https:\/\/familie-weitgereist.de\/wp-content\/uploads\/2023\/03\/IMG_20230305_151009-1-300x225.jpg 300w, https:\/\/familie-weitgereist.de\/wp-content\/uploads\/2023\/03\/IMG_20230305_151009-1-768x576.jpg 768w, https:\/\/familie-weitgereist.de\/wp-content\/uploads\/2023\/03\/IMG_20230305_151009-1-1536x1152.jpg 1536w, https:\/\/familie-weitgereist.de\/wp-content\/uploads\/2023\/03\/IMG_20230305_151009-1-2048x1536.jpg 2048w, https:\/\/familie-weitgereist.de\/wp-content\/uploads\/2023\/03\/IMG_20230305_151009-1-1200x900.jpg 1200w, https:\/\/familie-weitgereist.de\/wp-content\/uploads\/2023\/03\/IMG_20230305_151009-1-1980x1485.jpg 1980w, https:\/\/familie-weitgereist.de\/wp-content\/uploads\/2023\/03\/IMG_20230305_151009-1-150x113.jpg 150w\" sizes=\"auto, (max-width: 1024px) 100vw, 1024px\" \/><figcaption class=\"wp-element-caption\">Spielbereich von Fred Olsen<\/figcaption><\/figure>\n\n\n\n<h2 class=\"wp-block-heading\">Castillo del Romeral <\/h2>\n\n\n\n<p>Im S\u00fcden von Gran Canaria, unweit des ber\u00fchmten Ferienortes Maspalomas, befindet sich der beschauliche Ort <strong>Castillo<\/strong> <strong>del Romeral<\/strong>. <\/p>\n\n\n\n<figure class=\"wp-block-image size-large\"><img loading=\"lazy\" decoding=\"async\" width=\"1024\" height=\"768\" src=\"https:\/\/familie-weitgereist.de\/wp-content\/uploads\/2023\/03\/IMG_20230314_173353-1024x768.jpg\" alt=\"\" class=\"wp-image-13484\" srcset=\"https:\/\/familie-weitgereist.de\/wp-content\/uploads\/2023\/03\/IMG_20230314_173353-1024x768.jpg 1024w, https:\/\/familie-weitgereist.de\/wp-content\/uploads\/2023\/03\/IMG_20230314_173353-300x225.jpg 300w, https:\/\/familie-weitgereist.de\/wp-content\/uploads\/2023\/03\/IMG_20230314_173353-768x576.jpg 768w, https:\/\/familie-weitgereist.de\/wp-content\/uploads\/2023\/03\/IMG_20230314_173353-1536x1152.jpg 1536w, https:\/\/familie-weitgereist.de\/wp-content\/uploads\/2023\/03\/IMG_20230314_173353-2048x1536.jpg 2048w, https:\/\/familie-weitgereist.de\/wp-content\/uploads\/2023\/03\/IMG_20230314_173353-1200x900.jpg 1200w, https:\/\/familie-weitgereist.de\/wp-content\/uploads\/2023\/03\/IMG_20230314_173353-1980x1485.jpg 1980w, https:\/\/familie-weitgereist.de\/wp-content\/uploads\/2023\/03\/IMG_20230314_173353-150x113.jpg 150w\" sizes=\"auto, (max-width: 1024px) 100vw, 1024px\" \/><\/figure>\n\n\n\n<p>Dort hatten wir unser Ferienhaus und haben den Aufenthalt sehr genossen. Am Wochenende haben wir gemeinsam die Insel erkundet und wochentags arbeitete Philipp.<\/p>\n\n\n\n<figure class=\"wp-block-image size-large\"><img loading=\"lazy\" decoding=\"async\" width=\"1024\" height=\"768\" src=\"https:\/\/familie-weitgereist.de\/wp-content\/uploads\/2023\/03\/IMG_20230313_161106-1024x768.jpg\" alt=\"\" class=\"wp-image-13405\" srcset=\"https:\/\/familie-weitgereist.de\/wp-content\/uploads\/2023\/03\/IMG_20230313_161106-1024x768.jpg 1024w, https:\/\/familie-weitgereist.de\/wp-content\/uploads\/2023\/03\/IMG_20230313_161106-300x225.jpg 300w, https:\/\/familie-weitgereist.de\/wp-content\/uploads\/2023\/03\/IMG_20230313_161106-768x576.jpg 768w, https:\/\/familie-weitgereist.de\/wp-content\/uploads\/2023\/03\/IMG_20230313_161106-1536x1152.jpg 1536w, https:\/\/familie-weitgereist.de\/wp-content\/uploads\/2023\/03\/IMG_20230313_161106-2048x1536.jpg 2048w, https:\/\/familie-weitgereist.de\/wp-content\/uploads\/2023\/03\/IMG_20230313_161106-1200x900.jpg 1200w, https:\/\/familie-weitgereist.de\/wp-content\/uploads\/2023\/03\/IMG_20230313_161106-1980x1485.jpg 1980w, https:\/\/familie-weitgereist.de\/wp-content\/uploads\/2023\/03\/IMG_20230313_161106-150x113.jpg 150w\" sizes=\"auto, (max-width: 1024px) 100vw, 1024px\" \/><figcaption class=\"wp-element-caption\">Unser Ferienhaus auf Gran Canaria <\/figcaption><\/figure>\n\n\n\n<p>Der beschauliche Ort bietet f\u00fcr einen entspannten Aufenthalt mit Kindern sehr viel. Wir haben in einem neueren Wohngebiet gewohnt. Unweit davon befand sich das Meer und ein <strong>k\u00fcnstlerisch<\/strong> <strong>gestalteter Meerespark<\/strong>. Dort gab es f\u00fcr unsere beiden Jungs sehr viel zu entdecken. Neben sch\u00f6nen Skulpturen und viel kreativer Kunst, konnten wir zwischen Palmen am Strand entspannen. <\/p>\n\n\n\n<figure class=\"wp-block-image size-large is-resized\"><img loading=\"lazy\" decoding=\"async\" width=\"1024\" height=\"768\" src=\"https:\/\/familie-weitgereist.de\/wp-content\/uploads\/2023\/03\/IMG_20230306_142131-1024x768.jpg\" alt=\"\" class=\"wp-image-13418\" style=\"width:377px;height:282px\" srcset=\"https:\/\/familie-weitgereist.de\/wp-content\/uploads\/2023\/03\/IMG_20230306_142131-1024x768.jpg 1024w, https:\/\/familie-weitgereist.de\/wp-content\/uploads\/2023\/03\/IMG_20230306_142131-300x225.jpg 300w, https:\/\/familie-weitgereist.de\/wp-content\/uploads\/2023\/03\/IMG_20230306_142131-768x576.jpg 768w, https:\/\/familie-weitgereist.de\/wp-content\/uploads\/2023\/03\/IMG_20230306_142131-1536x1152.jpg 1536w, https:\/\/familie-weitgereist.de\/wp-content\/uploads\/2023\/03\/IMG_20230306_142131-2048x1536.jpg 2048w, https:\/\/familie-weitgereist.de\/wp-content\/uploads\/2023\/03\/IMG_20230306_142131-1200x900.jpg 1200w, https:\/\/familie-weitgereist.de\/wp-content\/uploads\/2023\/03\/IMG_20230306_142131-1980x1485.jpg 1980w, https:\/\/familie-weitgereist.de\/wp-content\/uploads\/2023\/03\/IMG_20230306_142131-150x113.jpg 150w\" sizes=\"auto, (max-width: 1024px) 100vw, 1024px\" \/><figcaption class=\"wp-element-caption\">Parque Mar\u00edtimo in Castillo del Romeral<\/figcaption><\/figure>\n\n\n\n<p>Es gibt einen <strong>tollen Spielplatz<\/strong>, auf dem wir t\u00e4glich gespielt haben. Um den Spielplatz herum gibt es Fitnessger\u00e4te und wir konnten direkt auf das Meer blicken. Das Meeresrauschen im Hintergrund gibt einfach so viel Entspannung und unser kleiner Maris hat seelenruhig sein Nickerchen gehalten. <\/p>\n\n\n\n<figure class=\"wp-block-image size-large\"><img loading=\"lazy\" decoding=\"async\" width=\"1024\" height=\"768\" src=\"https:\/\/familie-weitgereist.de\/wp-content\/uploads\/2023\/03\/IMG_20230306_120450-1024x768.jpg\" alt=\"\" class=\"wp-image-13419\" srcset=\"https:\/\/familie-weitgereist.de\/wp-content\/uploads\/2023\/03\/IMG_20230306_120450-1024x768.jpg 1024w, https:\/\/familie-weitgereist.de\/wp-content\/uploads\/2023\/03\/IMG_20230306_120450-300x225.jpg 300w, https:\/\/familie-weitgereist.de\/wp-content\/uploads\/2023\/03\/IMG_20230306_120450-768x576.jpg 768w, https:\/\/familie-weitgereist.de\/wp-content\/uploads\/2023\/03\/IMG_20230306_120450-1536x1152.jpg 1536w, https:\/\/familie-weitgereist.de\/wp-content\/uploads\/2023\/03\/IMG_20230306_120450-2048x1536.jpg 2048w, https:\/\/familie-weitgereist.de\/wp-content\/uploads\/2023\/03\/IMG_20230306_120450-1200x900.jpg 1200w, https:\/\/familie-weitgereist.de\/wp-content\/uploads\/2023\/03\/IMG_20230306_120450-1980x1485.jpg 1980w, https:\/\/familie-weitgereist.de\/wp-content\/uploads\/2023\/03\/IMG_20230306_120450-150x113.jpg 150w\" sizes=\"auto, (max-width: 1024px) 100vw, 1024px\" \/><figcaption class=\"wp-element-caption\">Spielplatz Castillo del Romeral<\/figcaption><\/figure>\n\n\n\n<p>An einem kleinen <strong>Sandstrand<\/strong> konnten wir auch sehr gut spielen.<\/p>\n\n\n\n<figure class=\"wp-block-image size-large\"><img loading=\"lazy\" decoding=\"async\" width=\"1024\" height=\"768\" src=\"https:\/\/familie-weitgereist.de\/wp-content\/uploads\/2023\/03\/IMG_20230306_130707-1024x768.jpg\" alt=\"\" class=\"wp-image-13413\" srcset=\"https:\/\/familie-weitgereist.de\/wp-content\/uploads\/2023\/03\/IMG_20230306_130707-1024x768.jpg 1024w, https:\/\/familie-weitgereist.de\/wp-content\/uploads\/2023\/03\/IMG_20230306_130707-300x225.jpg 300w, https:\/\/familie-weitgereist.de\/wp-content\/uploads\/2023\/03\/IMG_20230306_130707-768x576.jpg 768w, https:\/\/familie-weitgereist.de\/wp-content\/uploads\/2023\/03\/IMG_20230306_130707-1536x1152.jpg 1536w, https:\/\/familie-weitgereist.de\/wp-content\/uploads\/2023\/03\/IMG_20230306_130707-2048x1536.jpg 2048w, https:\/\/familie-weitgereist.de\/wp-content\/uploads\/2023\/03\/IMG_20230306_130707-1200x900.jpg 1200w, https:\/\/familie-weitgereist.de\/wp-content\/uploads\/2023\/03\/IMG_20230306_130707-1980x1485.jpg 1980w, https:\/\/familie-weitgereist.de\/wp-content\/uploads\/2023\/03\/IMG_20230306_130707-150x113.jpg 150w\" sizes=\"auto, (max-width: 1024px) 100vw, 1024px\" \/><figcaption class=\"wp-element-caption\">Strand von Castillo del Romeral<\/figcaption><\/figure>\n\n\n\n<h2 class=\"wp-block-heading\">Ausfl\u00fcge auf Gran Canaria <\/h2>\n\n\n\n<h2 class=\"wp-block-heading\">Agaete <\/h2>\n\n\n\n<p>Agaete liegt im Nordwesten von Gran Canaria und ist eine Kleinstadt mit ca. 5500 Einwohnern. Die H\u00e4user der Stadt sind alle in wei\u00df gehalten und somit bietet sich eine fantastische Aussicht auf die Stadt und die umliegenden Berge, es mutet sogar etwas w\u00fcsten\u00e4hnlich an. <\/p>\n\n\n\n<figure class=\"wp-block-image size-large is-resized\"><img loading=\"lazy\" decoding=\"async\" width=\"1024\" height=\"768\" src=\"https:\/\/familie-weitgereist.de\/wp-content\/uploads\/2023\/03\/IMG_20230325_161115-1024x768.jpg\" alt=\"\" class=\"wp-image-13615\" style=\"width:376px;height:282px\" srcset=\"https:\/\/familie-weitgereist.de\/wp-content\/uploads\/2023\/03\/IMG_20230325_161115-1024x768.jpg 1024w, https:\/\/familie-weitgereist.de\/wp-content\/uploads\/2023\/03\/IMG_20230325_161115-300x225.jpg 300w, https:\/\/familie-weitgereist.de\/wp-content\/uploads\/2023\/03\/IMG_20230325_161115-768x576.jpg 768w, https:\/\/familie-weitgereist.de\/wp-content\/uploads\/2023\/03\/IMG_20230325_161115-1536x1152.jpg 1536w, https:\/\/familie-weitgereist.de\/wp-content\/uploads\/2023\/03\/IMG_20230325_161115-2048x1536.jpg 2048w, https:\/\/familie-weitgereist.de\/wp-content\/uploads\/2023\/03\/IMG_20230325_161115-1200x900.jpg 1200w, https:\/\/familie-weitgereist.de\/wp-content\/uploads\/2023\/03\/IMG_20230325_161115-1980x1485.jpg 1980w, https:\/\/familie-weitgereist.de\/wp-content\/uploads\/2023\/03\/IMG_20230325_161115-150x113.jpg 150w\" sizes=\"auto, (max-width: 1024px) 100vw, 1024px\" \/><figcaption class=\"wp-element-caption\">Blick auf Agaete<\/figcaption><\/figure>\n\n\n\n<p>Die Stadt gilt als Tor zum <strong><em>Valle de Agaete<\/em><\/strong>, dem Tal von Agaete. Umgeben von hohen Bergen und das Meer ganz in der N\u00e4he ist Agaete ein tolles Ausflugsziel. In der Stadt gibt es zahlreiche Caf\u00e9s zum Einkehren.<\/p>\n\n\n\n<figure class=\"wp-block-image size-large\"><img loading=\"lazy\" decoding=\"async\" width=\"1024\" height=\"768\" src=\"https:\/\/familie-weitgereist.de\/wp-content\/uploads\/2023\/03\/IMG_20230325_160039-1024x768.jpg\" alt=\"\" class=\"wp-image-13619\" srcset=\"https:\/\/familie-weitgereist.de\/wp-content\/uploads\/2023\/03\/IMG_20230325_160039-1024x768.jpg 1024w, https:\/\/familie-weitgereist.de\/wp-content\/uploads\/2023\/03\/IMG_20230325_160039-300x225.jpg 300w, https:\/\/familie-weitgereist.de\/wp-content\/uploads\/2023\/03\/IMG_20230325_160039-768x576.jpg 768w, https:\/\/familie-weitgereist.de\/wp-content\/uploads\/2023\/03\/IMG_20230325_160039-1536x1152.jpg 1536w, https:\/\/familie-weitgereist.de\/wp-content\/uploads\/2023\/03\/IMG_20230325_160039-2048x1536.jpg 2048w, https:\/\/familie-weitgereist.de\/wp-content\/uploads\/2023\/03\/IMG_20230325_160039-1200x900.jpg 1200w, https:\/\/familie-weitgereist.de\/wp-content\/uploads\/2023\/03\/IMG_20230325_160039-1980x1485.jpg 1980w, https:\/\/familie-weitgereist.de\/wp-content\/uploads\/2023\/03\/IMG_20230325_160039-150x113.jpg 150w\" sizes=\"auto, (max-width: 1024px) 100vw, 1024px\" \/><figcaption class=\"wp-element-caption\">Gasse in Agaete<\/figcaption><\/figure>\n\n\n\n<h2 class=\"wp-block-heading\">Aquarium &#8222;<em>Poema del<\/em> <em>Mar<\/em>&#8220; in Las Palmas <\/h2>\n\n\n\n<p>Wir haben das Aquarium &#8222;<em>Poema del Mar<\/em>&#8220; in Las Palmas besucht. Es geh\u00f6rt zu den <strong>gr\u00f6\u00dften Aquarien Europas<\/strong>. Die Aquarien sind sehr sch\u00f6n gestaltet. Durch das reine Wasser kommen die herrlichen Farben der Fische besonders gut zur Geltung. Es gibt drei Bereiche, <strong>Dschungel<\/strong>, <strong>Tiefsee<\/strong> und <strong>Strand und Riff<\/strong>. Mittels einem Wegeleitsystem wird man gut durch die verschiedenen Bereiche geleitet. Besonders beeindruckend ist das gro\u00dfe <strong>Ringaquarium<\/strong>. Ein spiralf\u00f6rmiger Weg f\u00fchrt nach oben entlang des Aquariums. Vor einer gro\u00dfen <strong>Aquarienleinwand<\/strong> befinden sich Sitzm\u00f6glichkeiten. Es ist beeindruckend und beruhigend zugleich, die gro\u00dfen Fische zu sehen. Das Licht im Kernbereich des Aquariums ist gedimmt. Dadurch kommt das Blau der Becken noch besser zur Geltung und f\u00fcr die Tiere werden reale Lebensbedingungen erzeugt. Es gibt ein Restaurant und kleine Caf\u00e9s im Innenbereich. <\/p>\n\n\n\n<div id=\"wp-block-themeisle-blocks-slider-61f8f561\" class=\"wp-block-themeisle-blocks-slider glide\" data-per-view=\"1\" data-gap=\"0\" data-peek=\"0\" data-autoplay=\"true\" data-height=\"400px\" data-hide-arrows=\"false\"><div class=\"glide__track\" data-glide-el=\"track\"><div class=\"glide__slides\"><div class=\"wp-block-themeisle-blocks-slider-item-wrapper glide__slide\" tabindex=\"0\"><figure><img decoding=\"async\" class=\"wp-block-themeisle-blocks-slider-item\" src=\"https:\/\/familie-weitgereist.de\/wp-content\/uploads\/2023\/03\/IMG_20230311_124050-scaled.jpg\" alt=\"\" title=\"\" data-id=\"13472\"\/><\/figure><\/div><div class=\"wp-block-themeisle-blocks-slider-item-wrapper glide__slide\" tabindex=\"0\"><figure><img decoding=\"async\" class=\"wp-block-themeisle-blocks-slider-item\" src=\"https:\/\/familie-weitgereist.de\/wp-content\/uploads\/2023\/03\/IMG_20230311_114629-scaled.jpg\" alt=\"\" title=\"\" data-id=\"13473\"\/><\/figure><\/div><div class=\"wp-block-themeisle-blocks-slider-item-wrapper glide__slide\" tabindex=\"0\"><figure><img decoding=\"async\" class=\"wp-block-themeisle-blocks-slider-item\" src=\"https:\/\/familie-weitgereist.de\/wp-content\/uploads\/2023\/03\/IMG_20230311_111100-scaled.jpg\" alt=\"\" title=\"\" data-id=\"13475\"\/><\/figure><\/div><\/div><div class=\"glide__bullets\" data-glide-el=\"controls[nav]\"><button class=\"glide__bullet\" data-glide-dir=\"=0\"><\/button><button class=\"glide__bullet\" data-glide-dir=\"=1\"><\/button><button class=\"glide__bullet\" data-glide-dir=\"=2\"><\/button><\/div><\/div><\/div>\n\n\n\n<p>Interaktive Tafeln bieten viele interessante Informationen zu den verschiedenen Fischen.<\/p>\n\n\n\n<figure class=\"wp-block-image size-large\"><img loading=\"lazy\" decoding=\"async\" width=\"1024\" height=\"768\" src=\"https:\/\/familie-weitgereist.de\/wp-content\/uploads\/2023\/03\/IMG_20230311_122912-1024x768.jpg\" alt=\"\" class=\"wp-image-13471\" srcset=\"https:\/\/familie-weitgereist.de\/wp-content\/uploads\/2023\/03\/IMG_20230311_122912-1024x768.jpg 1024w, https:\/\/familie-weitgereist.de\/wp-content\/uploads\/2023\/03\/IMG_20230311_122912-300x225.jpg 300w, https:\/\/familie-weitgereist.de\/wp-content\/uploads\/2023\/03\/IMG_20230311_122912-768x576.jpg 768w, https:\/\/familie-weitgereist.de\/wp-content\/uploads\/2023\/03\/IMG_20230311_122912-1536x1152.jpg 1536w, https:\/\/familie-weitgereist.de\/wp-content\/uploads\/2023\/03\/IMG_20230311_122912-2048x1536.jpg 2048w, https:\/\/familie-weitgereist.de\/wp-content\/uploads\/2023\/03\/IMG_20230311_122912-1200x900.jpg 1200w, https:\/\/familie-weitgereist.de\/wp-content\/uploads\/2023\/03\/IMG_20230311_122912-1980x1485.jpg 1980w, https:\/\/familie-weitgereist.de\/wp-content\/uploads\/2023\/03\/IMG_20230311_122912-150x113.jpg 150w\" sizes=\"auto, (max-width: 1024px) 100vw, 1024px\" \/><figcaption class=\"wp-element-caption\">Informationstafel vor dem Ringaquarium <\/figcaption><\/figure>\n\n\n\n<p>Wir zahlten 25\u20ac pro Person. Kinder bis 12 Jahre zahlen 17,80\u20ac und Kleinkinder bis 3 Jahre sind gratis. (<em>Stand M\u00e4rz 2023<\/em>)<\/p>\n\n\n\n<h2 class=\"wp-block-heading\">Arucas<\/h2>\n\n\n\n<p>Arucas befindet sich im Norden von Gran Canaria und liegt auf 600m. Arucas hat eines der sch\u00f6nsten Stadtzentren Gran Canarischer St\u00e4dte und ist sogar denkmalgesch\u00fctzt.<\/p>\n\n\n\n<p>Ein Blickfang, schon von Weitem, ist die <strong>Kathedrale San Juan Bautista<\/strong>, welche 1909 von \u00f6rtlichen Steinmetzen aus dem Stein von Arucas erbaut wurde. In unmittelbarer N\u00e4he befindet sich der historische Steinbruch Piedras la Cantera.<\/p>\n\n\n\n<figure class=\"wp-block-image size-large\"><img loading=\"lazy\" decoding=\"async\" width=\"768\" height=\"1024\" src=\"https:\/\/familie-weitgereist.de\/wp-content\/uploads\/2023\/03\/1000028424-768x1024.jpg\" alt=\"\" class=\"wp-image-24168\" srcset=\"https:\/\/familie-weitgereist.de\/wp-content\/uploads\/2023\/03\/1000028424-768x1024.jpg 768w, https:\/\/familie-weitgereist.de\/wp-content\/uploads\/2023\/03\/1000028424-225x300.jpg 225w, https:\/\/familie-weitgereist.de\/wp-content\/uploads\/2023\/03\/1000028424-1152x1536.jpg 1152w, https:\/\/familie-weitgereist.de\/wp-content\/uploads\/2023\/03\/1000028424-1536x2048.jpg 1536w, https:\/\/familie-weitgereist.de\/wp-content\/uploads\/2023\/03\/1000028424-1200x1600.jpg 1200w, https:\/\/familie-weitgereist.de\/wp-content\/uploads\/2023\/03\/1000028424-1980x2640.jpg 1980w, https:\/\/familie-weitgereist.de\/wp-content\/uploads\/2023\/03\/1000028424-640x853.jpg 640w, https:\/\/familie-weitgereist.de\/wp-content\/uploads\/2023\/03\/1000028424-150x200.jpg 150w, https:\/\/familie-weitgereist.de\/wp-content\/uploads\/2023\/03\/1000028424-scaled.jpg 1920w\" sizes=\"auto, (max-width: 768px) 100vw, 768px\" \/><\/figure>\n\n\n\n<p>Vor der Kirche befindet sich die <strong>Plaza San Juan<\/strong>. In den umliegenden Gassen gibt es viele Einkehrm\u00f6glichkeiten. Zur Weihnachtszeit ist alles wunderbar geschm\u00fcckt.<\/p>\n\n\n\n<figure class=\"wp-block-image size-large\"><img loading=\"lazy\" decoding=\"async\" width=\"768\" height=\"1024\" src=\"https:\/\/familie-weitgereist.de\/wp-content\/uploads\/2023\/03\/1000028410-768x1024.jpg\" alt=\"\" class=\"wp-image-24171\" srcset=\"https:\/\/familie-weitgereist.de\/wp-content\/uploads\/2023\/03\/1000028410-768x1024.jpg 768w, https:\/\/familie-weitgereist.de\/wp-content\/uploads\/2023\/03\/1000028410-225x300.jpg 225w, https:\/\/familie-weitgereist.de\/wp-content\/uploads\/2023\/03\/1000028410-1152x1536.jpg 1152w, https:\/\/familie-weitgereist.de\/wp-content\/uploads\/2023\/03\/1000028410-1536x2048.jpg 1536w, https:\/\/familie-weitgereist.de\/wp-content\/uploads\/2023\/03\/1000028410-1200x1600.jpg 1200w, https:\/\/familie-weitgereist.de\/wp-content\/uploads\/2023\/03\/1000028410-1980x2640.jpg 1980w, https:\/\/familie-weitgereist.de\/wp-content\/uploads\/2023\/03\/1000028410-640x853.jpg 640w, https:\/\/familie-weitgereist.de\/wp-content\/uploads\/2023\/03\/1000028410-150x200.jpg 150w, https:\/\/familie-weitgereist.de\/wp-content\/uploads\/2023\/03\/1000028410-scaled.jpg 1920w\" sizes=\"auto, (max-width: 768px) 100vw, 768px\" \/><\/figure>\n\n\n\n<p>Arucas ist ebenso f\u00fcr seine Rumproduktion bekannt.<\/p>\n\n\n\n<p>An der <strong>Plaza de la Constituci\u00f3n<\/strong> befindet sich das Rathaus und ein gro\u00dfer &#8222;Arucas&#8220; Schriftzug. Dies ist ebenfalls ein sehr beliebter Fotospot.<\/p>\n\n\n\n<figure class=\"wp-block-image size-large\"><img loading=\"lazy\" decoding=\"async\" width=\"1024\" height=\"768\" src=\"https:\/\/familie-weitgereist.de\/wp-content\/uploads\/2023\/03\/1000028435-1024x768.jpg\" alt=\"\" class=\"wp-image-24172\" srcset=\"https:\/\/familie-weitgereist.de\/wp-content\/uploads\/2023\/03\/1000028435-1024x768.jpg 1024w, https:\/\/familie-weitgereist.de\/wp-content\/uploads\/2023\/03\/1000028435-300x225.jpg 300w, https:\/\/familie-weitgereist.de\/wp-content\/uploads\/2023\/03\/1000028435-768x576.jpg 768w, https:\/\/familie-weitgereist.de\/wp-content\/uploads\/2023\/03\/1000028435-1536x1152.jpg 1536w, https:\/\/familie-weitgereist.de\/wp-content\/uploads\/2023\/03\/1000028435-2048x1536.jpg 2048w, https:\/\/familie-weitgereist.de\/wp-content\/uploads\/2023\/03\/1000028435-1200x900.jpg 1200w, https:\/\/familie-weitgereist.de\/wp-content\/uploads\/2023\/03\/1000028435-1980x1485.jpg 1980w, https:\/\/familie-weitgereist.de\/wp-content\/uploads\/2023\/03\/1000028435-150x113.jpg 150w\" sizes=\"auto, (max-width: 1024px) 100vw, 1024px\" \/><\/figure>\n\n\n\n<p>Der <strong>Garten der Marquise <\/strong>liegt direkt daneben. Er ist eine Wohlf\u00fchloase mit herrlichen Blumen, angelegten Wegen und Wasserl\u00e4ufen und einem sch\u00f6nen Spielplatz mit Schaukeln, Kletterger\u00fcsten und Rutschen.<\/p>\n\n\n\n<figure class=\"wp-block-image size-large\"><img loading=\"lazy\" decoding=\"async\" width=\"1024\" height=\"768\" src=\"https:\/\/familie-weitgereist.de\/wp-content\/uploads\/2023\/03\/1000028464-1024x768.jpg\" alt=\"\" class=\"wp-image-24173\" srcset=\"https:\/\/familie-weitgereist.de\/wp-content\/uploads\/2023\/03\/1000028464-1024x768.jpg 1024w, https:\/\/familie-weitgereist.de\/wp-content\/uploads\/2023\/03\/1000028464-300x225.jpg 300w, https:\/\/familie-weitgereist.de\/wp-content\/uploads\/2023\/03\/1000028464-768x576.jpg 768w, https:\/\/familie-weitgereist.de\/wp-content\/uploads\/2023\/03\/1000028464-1536x1152.jpg 1536w, https:\/\/familie-weitgereist.de\/wp-content\/uploads\/2023\/03\/1000028464-2048x1536.jpg 2048w, https:\/\/familie-weitgereist.de\/wp-content\/uploads\/2023\/03\/1000028464-1200x900.jpg 1200w, https:\/\/familie-weitgereist.de\/wp-content\/uploads\/2023\/03\/1000028464-1980x1485.jpg 1980w, https:\/\/familie-weitgereist.de\/wp-content\/uploads\/2023\/03\/1000028464-150x113.jpg 150w\" sizes=\"auto, (max-width: 1024px) 100vw, 1024px\" \/><\/figure>\n\n\n\n<figure class=\"wp-block-image size-large\"><img loading=\"lazy\" decoding=\"async\" width=\"1024\" height=\"768\" src=\"https:\/\/familie-weitgereist.de\/wp-content\/uploads\/2023\/03\/1000028455-1024x768.jpg\" alt=\"\" class=\"wp-image-24174\" srcset=\"https:\/\/familie-weitgereist.de\/wp-content\/uploads\/2023\/03\/1000028455-1024x768.jpg 1024w, https:\/\/familie-weitgereist.de\/wp-content\/uploads\/2023\/03\/1000028455-300x225.jpg 300w, https:\/\/familie-weitgereist.de\/wp-content\/uploads\/2023\/03\/1000028455-768x576.jpg 768w, https:\/\/familie-weitgereist.de\/wp-content\/uploads\/2023\/03\/1000028455-1536x1152.jpg 1536w, https:\/\/familie-weitgereist.de\/wp-content\/uploads\/2023\/03\/1000028455-2048x1536.jpg 2048w, https:\/\/familie-weitgereist.de\/wp-content\/uploads\/2023\/03\/1000028455-1200x900.jpg 1200w, https:\/\/familie-weitgereist.de\/wp-content\/uploads\/2023\/03\/1000028455-1980x1485.jpg 1980w, https:\/\/familie-weitgereist.de\/wp-content\/uploads\/2023\/03\/1000028455-150x113.jpg 150w\" sizes=\"auto, (max-width: 1024px) 100vw, 1024px\" \/><\/figure>\n\n\n\n<p>Ein Abendspaziergang durch die Altstadt ist besonders reizvoll.<\/p>\n\n\n\n<figure class=\"wp-block-image size-large\"><img loading=\"lazy\" decoding=\"async\" width=\"1024\" height=\"768\" src=\"https:\/\/familie-weitgereist.de\/wp-content\/uploads\/2023\/03\/1000028484-1024x768.jpg\" alt=\"\" class=\"wp-image-24176\" srcset=\"https:\/\/familie-weitgereist.de\/wp-content\/uploads\/2023\/03\/1000028484-1024x768.jpg 1024w, https:\/\/familie-weitgereist.de\/wp-content\/uploads\/2023\/03\/1000028484-300x225.jpg 300w, https:\/\/familie-weitgereist.de\/wp-content\/uploads\/2023\/03\/1000028484-768x576.jpg 768w, https:\/\/familie-weitgereist.de\/wp-content\/uploads\/2023\/03\/1000028484-1536x1152.jpg 1536w, https:\/\/familie-weitgereist.de\/wp-content\/uploads\/2023\/03\/1000028484-2048x1536.jpg 2048w, https:\/\/familie-weitgereist.de\/wp-content\/uploads\/2023\/03\/1000028484-1200x900.jpg 1200w, https:\/\/familie-weitgereist.de\/wp-content\/uploads\/2023\/03\/1000028484-1980x1485.jpg 1980w, https:\/\/familie-weitgereist.de\/wp-content\/uploads\/2023\/03\/1000028484-150x113.jpg 150w\" sizes=\"auto, (max-width: 1024px) 100vw, 1024px\" \/><\/figure>\n\n\n\n<h2 class=\"wp-block-heading\">Charcos de Ba\u00f1aderos <\/h2>\n\n\n\n<p>Im Norden der Insel liegen die Charcos von Ba\u00f1aderos. <strong>Charcos sind Naturpools<\/strong>. Da das Baden im Atlantik aufgrund der hohen Wellen nicht immer m\u00f6glich ist, ist dies eine tolle M\u00f6glichkeit um im Meer zu baden. Die Wellen brechen an den vorgelagerten Steinen. Nur bei Flut werden selbst die Becken \u00fcbersp\u00fclt. Wir hatten eine tolle Zeit im Wasser und f\u00fcr Maris war es sogar sein erstes Bad im Atlantik. <\/p>\n\n\n\n<figure class=\"wp-block-image size-large\"><img loading=\"lazy\" decoding=\"async\" width=\"1024\" height=\"576\" src=\"https:\/\/familie-weitgereist.de\/wp-content\/uploads\/2023\/03\/IMG_20230327_160039_633-1024x576.jpg\" alt=\"\" class=\"wp-image-13668\" srcset=\"https:\/\/familie-weitgereist.de\/wp-content\/uploads\/2023\/03\/IMG_20230327_160039_633-1024x576.jpg 1024w, https:\/\/familie-weitgereist.de\/wp-content\/uploads\/2023\/03\/IMG_20230327_160039_633-300x169.jpg 300w, https:\/\/familie-weitgereist.de\/wp-content\/uploads\/2023\/03\/IMG_20230327_160039_633-768x432.jpg 768w, https:\/\/familie-weitgereist.de\/wp-content\/uploads\/2023\/03\/IMG_20230327_160039_633-1200x675.jpg 1200w, https:\/\/familie-weitgereist.de\/wp-content\/uploads\/2023\/03\/IMG_20230327_160039_633-150x84.jpg 150w, https:\/\/familie-weitgereist.de\/wp-content\/uploads\/2023\/03\/IMG_20230327_160039_633.jpg 1280w\" sizes=\"auto, (max-width: 1024px) 100vw, 1024px\" \/><figcaption class=\"wp-element-caption\">Charcos de Ba\u00f1aderos<\/figcaption><\/figure>\n\n\n\n<h2 class=\"wp-block-heading\">D\u00fcnen von Maspalomas <\/h2>\n\n\n\n<p>Die <strong>D\u00fcnen von Maspalomas<\/strong> im S\u00fcden der Insel geh\u00f6ren zu den <strong>Hauptsehensw\u00fcrdigkeiten<\/strong> auf Gran Canaria. Die Region ist sehr touristisch und viele Hotels und Restaurants sind vorzufinden. \u00dcber eine L\u00e4nge von 6 km und einer Breite von 2 km befinden sich diese <strong>riesigen Sandd\u00fcnen <\/strong>zwischen dem Leuchtturm von Maspalomas und dem Strand <em><strong>Playa del Ingl\u00e9s<\/strong><\/em>.<\/p>\n\n\n\n<figure class=\"wp-block-image size-large\"><img loading=\"lazy\" decoding=\"async\" width=\"1024\" height=\"768\" src=\"https:\/\/familie-weitgereist.de\/wp-content\/uploads\/2023\/03\/IMG_20230310_164400-1-1024x768.jpg\" alt=\"\" class=\"wp-image-13494\" srcset=\"https:\/\/familie-weitgereist.de\/wp-content\/uploads\/2023\/03\/IMG_20230310_164400-1-1024x768.jpg 1024w, https:\/\/familie-weitgereist.de\/wp-content\/uploads\/2023\/03\/IMG_20230310_164400-1-300x225.jpg 300w, https:\/\/familie-weitgereist.de\/wp-content\/uploads\/2023\/03\/IMG_20230310_164400-1-768x576.jpg 768w, https:\/\/familie-weitgereist.de\/wp-content\/uploads\/2023\/03\/IMG_20230310_164400-1-1536x1152.jpg 1536w, https:\/\/familie-weitgereist.de\/wp-content\/uploads\/2023\/03\/IMG_20230310_164400-1-2048x1536.jpg 2048w, https:\/\/familie-weitgereist.de\/wp-content\/uploads\/2023\/03\/IMG_20230310_164400-1-1200x900.jpg 1200w, https:\/\/familie-weitgereist.de\/wp-content\/uploads\/2023\/03\/IMG_20230310_164400-1-1980x1485.jpg 1980w, https:\/\/familie-weitgereist.de\/wp-content\/uploads\/2023\/03\/IMG_20230310_164400-1-150x113.jpg 150w\" sizes=\"auto, (max-width: 1024px) 100vw, 1024px\" \/><figcaption class=\"wp-element-caption\">Hotelanlagen im Hintergrund <\/figcaption><\/figure>\n\n\n\n<p>Mehrere Wege sind ausgeschildert und f\u00fchren durch oder \u00fcber die D\u00fcnen. <strong>Es ist verboten in das Kernnaturschutzgebiet zu gehen!<\/strong> Wir liefen 2,5 km durch die D\u00fcnen zu einem Strandabschnitt. Da es jedoch sehr hei\u00df war und es am Strand keinen Schatten gab, haben wir nur eine Stunde am Strand selbst verbracht und gespielt und sind dann wieder zur\u00fcck gelaufen. <\/p>\n\n\n\n<figure class=\"wp-block-image size-large\"><img loading=\"lazy\" decoding=\"async\" width=\"1024\" height=\"768\" src=\"https:\/\/familie-weitgereist.de\/wp-content\/uploads\/2023\/03\/IMG_20230310_152912-1024x768.jpg\" alt=\"\" class=\"wp-image-13496\" srcset=\"https:\/\/familie-weitgereist.de\/wp-content\/uploads\/2023\/03\/IMG_20230310_152912-1024x768.jpg 1024w, https:\/\/familie-weitgereist.de\/wp-content\/uploads\/2023\/03\/IMG_20230310_152912-300x225.jpg 300w, https:\/\/familie-weitgereist.de\/wp-content\/uploads\/2023\/03\/IMG_20230310_152912-768x576.jpg 768w, https:\/\/familie-weitgereist.de\/wp-content\/uploads\/2023\/03\/IMG_20230310_152912-1536x1152.jpg 1536w, https:\/\/familie-weitgereist.de\/wp-content\/uploads\/2023\/03\/IMG_20230310_152912-2048x1536.jpg 2048w, https:\/\/familie-weitgereist.de\/wp-content\/uploads\/2023\/03\/IMG_20230310_152912-1200x900.jpg 1200w, https:\/\/familie-weitgereist.de\/wp-content\/uploads\/2023\/03\/IMG_20230310_152912-1980x1485.jpg 1980w, https:\/\/familie-weitgereist.de\/wp-content\/uploads\/2023\/03\/IMG_20230310_152912-150x113.jpg 150w\" sizes=\"auto, (max-width: 1024px) 100vw, 1024px\" \/><figcaption class=\"wp-element-caption\">Strandabschnitt Maspalomas<\/figcaption><\/figure>\n\n\n\n<p>Es ist ein riesiges Highlight \u00fcber und durch die D\u00fcnen zu laufen. Es f\u00fchlt sich tats\u00e4chlich wie in der Sahara an. <\/p>\n\n\n\n<figure class=\"wp-block-image size-large\"><img loading=\"lazy\" decoding=\"async\" width=\"1024\" height=\"768\" src=\"https:\/\/familie-weitgereist.de\/wp-content\/uploads\/2023\/03\/IMG_20230310_165936-1024x768.jpg\" alt=\"\" class=\"wp-image-13497\" srcset=\"https:\/\/familie-weitgereist.de\/wp-content\/uploads\/2023\/03\/IMG_20230310_165936-1024x768.jpg 1024w, https:\/\/familie-weitgereist.de\/wp-content\/uploads\/2023\/03\/IMG_20230310_165936-300x225.jpg 300w, https:\/\/familie-weitgereist.de\/wp-content\/uploads\/2023\/03\/IMG_20230310_165936-768x576.jpg 768w, https:\/\/familie-weitgereist.de\/wp-content\/uploads\/2023\/03\/IMG_20230310_165936-1536x1152.jpg 1536w, https:\/\/familie-weitgereist.de\/wp-content\/uploads\/2023\/03\/IMG_20230310_165936-2048x1536.jpg 2048w, https:\/\/familie-weitgereist.de\/wp-content\/uploads\/2023\/03\/IMG_20230310_165936-1200x900.jpg 1200w, https:\/\/familie-weitgereist.de\/wp-content\/uploads\/2023\/03\/IMG_20230310_165936-1980x1485.jpg 1980w, https:\/\/familie-weitgereist.de\/wp-content\/uploads\/2023\/03\/IMG_20230310_165936-150x113.jpg 150w\" sizes=\"auto, (max-width: 1024px) 100vw, 1024px\" \/><figcaption class=\"wp-element-caption\">Sandd\u00fcnen Maspalomas <\/figcaption><\/figure>\n\n\n\n<h2 class=\"wp-block-heading\">G\u00e1ldar <\/h2>\n\n\n\n<p>G\u00e1ldar ist eine der gr\u00f6\u00dferen St\u00e4dte auf Gran Canaria mit ca. 24.000 Einwohnern. Vor der spanischen Eroberung war G\u00e1ldar die Hauptstadt eines der alten K\u00f6nigreiche der Insel. <\/p>\n\n\n\n<p>Die Kirche Santiago de G\u00e1ldar z\u00e4hlt zu einer der sch\u00f6nsten der kanarischen Inseln. Im Innern befindet sich ein gr\u00fcner Taufstein, in dem die ersten Kanarier nach der Eroberung der Spanier getauft wurden.<\/p>\n\n\n\n<figure class=\"wp-block-image size-large\"><img loading=\"lazy\" decoding=\"async\" width=\"1024\" height=\"768\" src=\"https:\/\/familie-weitgereist.de\/wp-content\/uploads\/2023\/03\/IMG_20230326_132711-1024x768.jpg\" alt=\"\" class=\"wp-image-13651\" srcset=\"https:\/\/familie-weitgereist.de\/wp-content\/uploads\/2023\/03\/IMG_20230326_132711-1024x768.jpg 1024w, https:\/\/familie-weitgereist.de\/wp-content\/uploads\/2023\/03\/IMG_20230326_132711-300x225.jpg 300w, https:\/\/familie-weitgereist.de\/wp-content\/uploads\/2023\/03\/IMG_20230326_132711-768x576.jpg 768w, https:\/\/familie-weitgereist.de\/wp-content\/uploads\/2023\/03\/IMG_20230326_132711-1536x1152.jpg 1536w, https:\/\/familie-weitgereist.de\/wp-content\/uploads\/2023\/03\/IMG_20230326_132711-2048x1536.jpg 2048w, https:\/\/familie-weitgereist.de\/wp-content\/uploads\/2023\/03\/IMG_20230326_132711-1200x900.jpg 1200w, https:\/\/familie-weitgereist.de\/wp-content\/uploads\/2023\/03\/IMG_20230326_132711-1980x1485.jpg 1980w, https:\/\/familie-weitgereist.de\/wp-content\/uploads\/2023\/03\/IMG_20230326_132711-150x113.jpg 150w\" sizes=\"auto, (max-width: 1024px) 100vw, 1024px\" \/><figcaption class=\"wp-element-caption\">Kirche Santiago<\/figcaption><\/figure>\n\n\n\n<p>In der N\u00e4he des zentralen Platzes befindet sich die <strong>Plaza de Santiago<\/strong>. Dort sind viele Restaurants und Caf\u00e9s, die besonders am Wochenende rege von den Einheimischen genutzt werden.<\/p>\n\n\n\n<figure class=\"wp-block-image size-large\"><img loading=\"lazy\" decoding=\"async\" width=\"1024\" height=\"768\" src=\"https:\/\/familie-weitgereist.de\/wp-content\/uploads\/2023\/03\/IMG_20230326_134147-1024x768.jpg\" alt=\"\" class=\"wp-image-13654\" srcset=\"https:\/\/familie-weitgereist.de\/wp-content\/uploads\/2023\/03\/IMG_20230326_134147-1024x768.jpg 1024w, https:\/\/familie-weitgereist.de\/wp-content\/uploads\/2023\/03\/IMG_20230326_134147-300x225.jpg 300w, https:\/\/familie-weitgereist.de\/wp-content\/uploads\/2023\/03\/IMG_20230326_134147-768x576.jpg 768w, https:\/\/familie-weitgereist.de\/wp-content\/uploads\/2023\/03\/IMG_20230326_134147-1536x1152.jpg 1536w, https:\/\/familie-weitgereist.de\/wp-content\/uploads\/2023\/03\/IMG_20230326_134147-2048x1536.jpg 2048w, https:\/\/familie-weitgereist.de\/wp-content\/uploads\/2023\/03\/IMG_20230326_134147-1200x900.jpg 1200w, https:\/\/familie-weitgereist.de\/wp-content\/uploads\/2023\/03\/IMG_20230326_134147-1980x1485.jpg 1980w, https:\/\/familie-weitgereist.de\/wp-content\/uploads\/2023\/03\/IMG_20230326_134147-150x113.jpg 150w\" sizes=\"auto, (max-width: 1024px) 100vw, 1024px\" \/><\/figure>\n\n\n\n<p>An der <strong>Plaza de los Faycanes<\/strong> ist ein sch\u00f6ner Spielplatz mit einem gro\u00dfen und kleinen Zug, verschiedenen Schaukeln und Rutschen.<\/p>\n\n\n\n<figure class=\"wp-block-image size-large\"><img loading=\"lazy\" decoding=\"async\" width=\"1024\" height=\"768\" src=\"https:\/\/familie-weitgereist.de\/wp-content\/uploads\/2023\/03\/1000028297-1024x768.jpg\" alt=\"\" class=\"wp-image-24165\" srcset=\"https:\/\/familie-weitgereist.de\/wp-content\/uploads\/2023\/03\/1000028297-1024x768.jpg 1024w, https:\/\/familie-weitgereist.de\/wp-content\/uploads\/2023\/03\/1000028297-300x225.jpg 300w, https:\/\/familie-weitgereist.de\/wp-content\/uploads\/2023\/03\/1000028297-768x576.jpg 768w, https:\/\/familie-weitgereist.de\/wp-content\/uploads\/2023\/03\/1000028297-1536x1152.jpg 1536w, https:\/\/familie-weitgereist.de\/wp-content\/uploads\/2023\/03\/1000028297-2048x1536.jpg 2048w, https:\/\/familie-weitgereist.de\/wp-content\/uploads\/2023\/03\/1000028297-1200x900.jpg 1200w, https:\/\/familie-weitgereist.de\/wp-content\/uploads\/2023\/03\/1000028297-1980x1485.jpg 1980w, https:\/\/familie-weitgereist.de\/wp-content\/uploads\/2023\/03\/1000028297-150x113.jpg 150w\" sizes=\"auto, (max-width: 1024px) 100vw, 1024px\" \/><\/figure>\n\n\n\n<figure class=\"wp-block-image size-large\"><img loading=\"lazy\" decoding=\"async\" width=\"1024\" height=\"768\" src=\"https:\/\/familie-weitgereist.de\/wp-content\/uploads\/2023\/03\/IMG_20230326_134415-1024x768.jpg\" alt=\"\" class=\"wp-image-13655\" srcset=\"https:\/\/familie-weitgereist.de\/wp-content\/uploads\/2023\/03\/IMG_20230326_134415-1024x768.jpg 1024w, https:\/\/familie-weitgereist.de\/wp-content\/uploads\/2023\/03\/IMG_20230326_134415-300x225.jpg 300w, https:\/\/familie-weitgereist.de\/wp-content\/uploads\/2023\/03\/IMG_20230326_134415-768x576.jpg 768w, https:\/\/familie-weitgereist.de\/wp-content\/uploads\/2023\/03\/IMG_20230326_134415-1536x1152.jpg 1536w, https:\/\/familie-weitgereist.de\/wp-content\/uploads\/2023\/03\/IMG_20230326_134415-2048x1536.jpg 2048w, https:\/\/familie-weitgereist.de\/wp-content\/uploads\/2023\/03\/IMG_20230326_134415-1200x900.jpg 1200w, https:\/\/familie-weitgereist.de\/wp-content\/uploads\/2023\/03\/IMG_20230326_134415-1980x1485.jpg 1980w, https:\/\/familie-weitgereist.de\/wp-content\/uploads\/2023\/03\/IMG_20230326_134415-150x113.jpg 150w\" sizes=\"auto, (max-width: 1024px) 100vw, 1024px\" \/><\/figure>\n\n\n\n<p>Zur Adventszeit erstrahlt G\u00e1ldar in einem besonderen Licht. Die Gassen werden, sobald es dunkel wird, magisch beleuchtet. An der <strong>Plaza<\/strong> <strong>de los Faycanes<\/strong>, direkt neben dem Spielplatz, steht ein Weihnachtsdorf, wo s\u00fc\u00dfe Weihnachtsh\u00e4user von Elfen bewohnt werden.<\/p>\n\n\n\n<figure class=\"wp-block-image size-large\"><img loading=\"lazy\" decoding=\"async\" width=\"1024\" height=\"768\" src=\"https:\/\/familie-weitgereist.de\/wp-content\/uploads\/2023\/03\/1000028313-1024x768.jpg\" alt=\"\" class=\"wp-image-24166\" srcset=\"https:\/\/familie-weitgereist.de\/wp-content\/uploads\/2023\/03\/1000028313-1024x768.jpg 1024w, https:\/\/familie-weitgereist.de\/wp-content\/uploads\/2023\/03\/1000028313-300x225.jpg 300w, https:\/\/familie-weitgereist.de\/wp-content\/uploads\/2023\/03\/1000028313-768x576.jpg 768w, https:\/\/familie-weitgereist.de\/wp-content\/uploads\/2023\/03\/1000028313-1536x1152.jpg 1536w, https:\/\/familie-weitgereist.de\/wp-content\/uploads\/2023\/03\/1000028313-2048x1536.jpg 2048w, https:\/\/familie-weitgereist.de\/wp-content\/uploads\/2023\/03\/1000028313-1200x900.jpg 1200w, https:\/\/familie-weitgereist.de\/wp-content\/uploads\/2023\/03\/1000028313-1980x1485.jpg 1980w, https:\/\/familie-weitgereist.de\/wp-content\/uploads\/2023\/03\/1000028313-150x113.jpg 150w\" sizes=\"auto, (max-width: 1024px) 100vw, 1024px\" \/><\/figure>\n\n\n\n<h2 class=\"wp-block-heading\">H\u00f6hlensiedlung <em>Cuevas Bermejas<\/em><\/h2>\n\n\n\n<p>Die Gegend der <strong>H\u00f6hlenwohnungen im Tal von Guayadeque<\/strong> war schon bei den Ureinwohnern von Gran Canaria beliebt. Heute leben dort immer noch Menschen, wobei die H\u00f6hlenwohnungen modern ausgestattet und sogar an das Kanalisationsnetz angeschlossen sind. Es gibt sogar eine kleine Kirche, in der jeden ersten Sonntag im Monat Gottesdienst stattfindet. Schmale Wege f\u00fchren am Berghang entlang zu den einzelnen H\u00f6hlenwohnungen. Es ist sehr spannend, sich vorzustellen, wie die Einwohner leben. Die Wohnungen bestehen meist aus einem gro\u00dfen Raum. Viele H\u00f6hlenwohnungen sind wundersch\u00f6n hergerichtet mit Malereien, Pflanzen und viel Liebe.<\/p>\n\n\n\n<p>Wanderungen starten von diesem Ort ebenfalls. Ein kleiner Parkplatz steht zur Verf\u00fcgung und ein Restaurant befindet sich vor Ort. <\/p>\n\n\n\n<figure class=\"wp-block-gallery has-nested-images columns-default is-cropped wp-block-gallery-1 is-layout-flex wp-block-gallery-is-layout-flex\">\n<figure class=\"wp-block-image size-large\"><img loading=\"lazy\" decoding=\"async\" width=\"1024\" height=\"768\" data-id=\"13585\" src=\"https:\/\/familie-weitgereist.de\/wp-content\/uploads\/2023\/03\/IMG_20230319_122543-1024x768.jpg\" alt=\"\" class=\"wp-image-13585\" srcset=\"https:\/\/familie-weitgereist.de\/wp-content\/uploads\/2023\/03\/IMG_20230319_122543-1024x768.jpg 1024w, https:\/\/familie-weitgereist.de\/wp-content\/uploads\/2023\/03\/IMG_20230319_122543-300x225.jpg 300w, https:\/\/familie-weitgereist.de\/wp-content\/uploads\/2023\/03\/IMG_20230319_122543-768x576.jpg 768w, https:\/\/familie-weitgereist.de\/wp-content\/uploads\/2023\/03\/IMG_20230319_122543-1536x1152.jpg 1536w, https:\/\/familie-weitgereist.de\/wp-content\/uploads\/2023\/03\/IMG_20230319_122543-2048x1536.jpg 2048w, https:\/\/familie-weitgereist.de\/wp-content\/uploads\/2023\/03\/IMG_20230319_122543-1200x900.jpg 1200w, https:\/\/familie-weitgereist.de\/wp-content\/uploads\/2023\/03\/IMG_20230319_122543-1980x1485.jpg 1980w, https:\/\/familie-weitgereist.de\/wp-content\/uploads\/2023\/03\/IMG_20230319_122543-150x113.jpg 150w\" sizes=\"auto, (max-width: 1024px) 100vw, 1024px\" \/><\/figure>\n\n\n\n<figure class=\"wp-block-image size-large\"><img loading=\"lazy\" decoding=\"async\" width=\"1024\" height=\"768\" data-id=\"13587\" src=\"https:\/\/familie-weitgereist.de\/wp-content\/uploads\/2023\/03\/IMG_20230319_120910-1-1024x768.jpg\" alt=\"\" class=\"wp-image-13587\" srcset=\"https:\/\/familie-weitgereist.de\/wp-content\/uploads\/2023\/03\/IMG_20230319_120910-1-1024x768.jpg 1024w, https:\/\/familie-weitgereist.de\/wp-content\/uploads\/2023\/03\/IMG_20230319_120910-1-300x225.jpg 300w, https:\/\/familie-weitgereist.de\/wp-content\/uploads\/2023\/03\/IMG_20230319_120910-1-768x576.jpg 768w, https:\/\/familie-weitgereist.de\/wp-content\/uploads\/2023\/03\/IMG_20230319_120910-1-1536x1152.jpg 1536w, https:\/\/familie-weitgereist.de\/wp-content\/uploads\/2023\/03\/IMG_20230319_120910-1-2048x1536.jpg 2048w, https:\/\/familie-weitgereist.de\/wp-content\/uploads\/2023\/03\/IMG_20230319_120910-1-1200x900.jpg 1200w, https:\/\/familie-weitgereist.de\/wp-content\/uploads\/2023\/03\/IMG_20230319_120910-1-1980x1485.jpg 1980w, https:\/\/familie-weitgereist.de\/wp-content\/uploads\/2023\/03\/IMG_20230319_120910-1-150x113.jpg 150w\" sizes=\"auto, (max-width: 1024px) 100vw, 1024px\" \/><\/figure>\n\n\n\n<figure class=\"wp-block-image size-large\"><img loading=\"lazy\" decoding=\"async\" width=\"1024\" height=\"768\" data-id=\"13586\" src=\"https:\/\/familie-weitgereist.de\/wp-content\/uploads\/2023\/03\/IMG_20230319_114212-1024x768.jpg\" alt=\"\" class=\"wp-image-13586\" srcset=\"https:\/\/familie-weitgereist.de\/wp-content\/uploads\/2023\/03\/IMG_20230319_114212-1024x768.jpg 1024w, https:\/\/familie-weitgereist.de\/wp-content\/uploads\/2023\/03\/IMG_20230319_114212-300x225.jpg 300w, https:\/\/familie-weitgereist.de\/wp-content\/uploads\/2023\/03\/IMG_20230319_114212-768x576.jpg 768w, https:\/\/familie-weitgereist.de\/wp-content\/uploads\/2023\/03\/IMG_20230319_114212-1536x1152.jpg 1536w, https:\/\/familie-weitgereist.de\/wp-content\/uploads\/2023\/03\/IMG_20230319_114212-2048x1536.jpg 2048w, https:\/\/familie-weitgereist.de\/wp-content\/uploads\/2023\/03\/IMG_20230319_114212-1200x900.jpg 1200w, https:\/\/familie-weitgereist.de\/wp-content\/uploads\/2023\/03\/IMG_20230319_114212-1980x1485.jpg 1980w, https:\/\/familie-weitgereist.de\/wp-content\/uploads\/2023\/03\/IMG_20230319_114212-150x113.jpg 150w\" sizes=\"auto, (max-width: 1024px) 100vw, 1024px\" \/><\/figure>\n<\/figure>\n\n\n\n<p><\/p>\n\n\n\n<figure class=\"wp-block-gallery has-nested-images columns-default is-cropped wp-block-gallery-2 is-layout-flex wp-block-gallery-is-layout-flex\">\n<figure class=\"wp-block-image size-large\"><img loading=\"lazy\" decoding=\"async\" width=\"1024\" height=\"768\" data-id=\"13576\" src=\"https:\/\/familie-weitgereist.de\/wp-content\/uploads\/2023\/03\/IMG_20230319_114709-1024x768.jpg\" alt=\"\" class=\"wp-image-13576\" srcset=\"https:\/\/familie-weitgereist.de\/wp-content\/uploads\/2023\/03\/IMG_20230319_114709-1024x768.jpg 1024w, https:\/\/familie-weitgereist.de\/wp-content\/uploads\/2023\/03\/IMG_20230319_114709-300x225.jpg 300w, https:\/\/familie-weitgereist.de\/wp-content\/uploads\/2023\/03\/IMG_20230319_114709-768x576.jpg 768w, https:\/\/familie-weitgereist.de\/wp-content\/uploads\/2023\/03\/IMG_20230319_114709-1536x1152.jpg 1536w, https:\/\/familie-weitgereist.de\/wp-content\/uploads\/2023\/03\/IMG_20230319_114709-2048x1536.jpg 2048w, https:\/\/familie-weitgereist.de\/wp-content\/uploads\/2023\/03\/IMG_20230319_114709-1200x900.jpg 1200w, https:\/\/familie-weitgereist.de\/wp-content\/uploads\/2023\/03\/IMG_20230319_114709-1980x1485.jpg 1980w, https:\/\/familie-weitgereist.de\/wp-content\/uploads\/2023\/03\/IMG_20230319_114709-150x113.jpg 150w\" sizes=\"auto, (max-width: 1024px) 100vw, 1024px\" \/><figcaption class=\"wp-element-caption\">Typische H\u00f6hle<\/figcaption><\/figure>\n<\/figure>\n\n\n\n<p>Im Barranco Guayadeque gibt es auch ein <strong>Interpretationszentrum \u00fcber die Entstehung und das Leben der Altkanarier<\/strong> in der Schlucht.<\/p>\n\n\n\n<figure class=\"wp-block-image size-large\"><img loading=\"lazy\" decoding=\"async\" width=\"1024\" height=\"768\" src=\"https:\/\/familie-weitgereist.de\/wp-content\/uploads\/2023\/03\/1000023766-1024x768.jpg\" alt=\"\" class=\"wp-image-23897\" srcset=\"https:\/\/familie-weitgereist.de\/wp-content\/uploads\/2023\/03\/1000023766-1024x768.jpg 1024w, https:\/\/familie-weitgereist.de\/wp-content\/uploads\/2023\/03\/1000023766-300x225.jpg 300w, https:\/\/familie-weitgereist.de\/wp-content\/uploads\/2023\/03\/1000023766-768x576.jpg 768w, https:\/\/familie-weitgereist.de\/wp-content\/uploads\/2023\/03\/1000023766-1536x1152.jpg 1536w, https:\/\/familie-weitgereist.de\/wp-content\/uploads\/2023\/03\/1000023766-2048x1536.jpg 2048w, https:\/\/familie-weitgereist.de\/wp-content\/uploads\/2023\/03\/1000023766-1200x900.jpg 1200w, https:\/\/familie-weitgereist.de\/wp-content\/uploads\/2023\/03\/1000023766-1980x1485.jpg 1980w, https:\/\/familie-weitgereist.de\/wp-content\/uploads\/2023\/03\/1000023766-150x113.jpg 150w\" sizes=\"auto, (max-width: 1024px) 100vw, 1024px\" \/><\/figure>\n\n\n\n<p>Das Zentrum ist sehr interessant aufbereitet und beginnt mit der Entstehung des Barrancos auf Gran Canaria, ebenso weshalb es sehr viele Schluchten auf der kleinen Insel gibt. Desweiteren wird die Lebensweise der Altkanarier in den H\u00f6hlen anschaulich dargestellt. Was a\u00dfen sie, wie lebten sie, welche Tiere kultivierten sie, woher kamen sie, was geschah mit den Toten? Die Ausstellung endet mit der Kolonialisierung durch die Spanier.<\/p>\n\n\n\n<figure class=\"wp-block-image size-large\"><img loading=\"lazy\" decoding=\"async\" width=\"1024\" height=\"768\" src=\"https:\/\/familie-weitgereist.de\/wp-content\/uploads\/2023\/03\/1000023760-1024x768.jpg\" alt=\"\" class=\"wp-image-23900\" srcset=\"https:\/\/familie-weitgereist.de\/wp-content\/uploads\/2023\/03\/1000023760-1024x768.jpg 1024w, https:\/\/familie-weitgereist.de\/wp-content\/uploads\/2023\/03\/1000023760-300x225.jpg 300w, https:\/\/familie-weitgereist.de\/wp-content\/uploads\/2023\/03\/1000023760-768x576.jpg 768w, https:\/\/familie-weitgereist.de\/wp-content\/uploads\/2023\/03\/1000023760-1536x1152.jpg 1536w, https:\/\/familie-weitgereist.de\/wp-content\/uploads\/2023\/03\/1000023760-2048x1536.jpg 2048w, https:\/\/familie-weitgereist.de\/wp-content\/uploads\/2023\/03\/1000023760-1200x900.jpg 1200w, https:\/\/familie-weitgereist.de\/wp-content\/uploads\/2023\/03\/1000023760-1980x1485.jpg 1980w, https:\/\/familie-weitgereist.de\/wp-content\/uploads\/2023\/03\/1000023760-150x113.jpg 150w\" sizes=\"auto, (max-width: 1024px) 100vw, 1024px\" \/><\/figure>\n\n\n\n<p>Das Zentrum bietet viele ansprechende Ausstellungsst\u00fccke. Kinder h\u00f6ren Wasserpl\u00e4tschern durch Vulkangestein, sehen eine typische Wasserm\u00fchle, k\u00f6nnen Tasten bet\u00e4tigen, wo Informationen erkl\u00e4rt werden und vieles weitere mehr.<\/p>\n\n\n\n<figure class=\"wp-block-image size-large\"><img loading=\"lazy\" decoding=\"async\" width=\"1024\" height=\"768\" src=\"https:\/\/familie-weitgereist.de\/wp-content\/uploads\/2023\/03\/1000023746-1024x768.jpg\" alt=\"\" class=\"wp-image-23901\" srcset=\"https:\/\/familie-weitgereist.de\/wp-content\/uploads\/2023\/03\/1000023746-1024x768.jpg 1024w, https:\/\/familie-weitgereist.de\/wp-content\/uploads\/2023\/03\/1000023746-300x225.jpg 300w, https:\/\/familie-weitgereist.de\/wp-content\/uploads\/2023\/03\/1000023746-768x576.jpg 768w, https:\/\/familie-weitgereist.de\/wp-content\/uploads\/2023\/03\/1000023746-1536x1152.jpg 1536w, https:\/\/familie-weitgereist.de\/wp-content\/uploads\/2023\/03\/1000023746-2048x1536.jpg 2048w, https:\/\/familie-weitgereist.de\/wp-content\/uploads\/2023\/03\/1000023746-1200x900.jpg 1200w, https:\/\/familie-weitgereist.de\/wp-content\/uploads\/2023\/03\/1000023746-1980x1485.jpg 1980w, https:\/\/familie-weitgereist.de\/wp-content\/uploads\/2023\/03\/1000023746-150x113.jpg 150w\" sizes=\"auto, (max-width: 1024px) 100vw, 1024px\" \/><\/figure>\n\n\n\n<p>Alle Informationen werden auf Spanisch, Englisch und Deutsch gegeben.<\/p>\n\n\n\n<p>Erwachsene zahlen 5\u20ac, Kinder ab 5 Jahren zahlen 4\u20ac. (<em>Stand November 2025<\/em>)<\/p>\n\n\n\n<h2 class=\"wp-block-heading\">Kaffeeplantage &#8222;La Laja&#8220; <\/h2>\n\n\n\n<p>Ein absolutes Must-do und eine gro\u00dfe Empfehlung f\u00fcr einen Urlaub auf Gran Canaria, ist die Besichtigung und F\u00fchrung auf einer <strong>Kaffeeplantage<\/strong>. Im <strong><em>Valle de Agaete<\/em> wird Kaffee angebaut<\/strong>. <strong>Dies ist f\u00fcr Europa einmalig<\/strong>, denn nur hier herrschen die idealen klimatischen Bedingungen. <\/p>\n\n\n\n<p>W\u00e4hrend unserer F\u00fchrung haben wir viele interessante Informationen zu den Kaffeeb\u00e4umen, der Plantage und der Kaffeeproduktion auf Gran Canaria gelernt. Wir besichtigten die <strong>Plantage &#8222;<em>La Laja<\/em>&#8222;<\/strong>.<\/p>\n\n\n\n<figure class=\"wp-block-image size-large\"><img loading=\"lazy\" decoding=\"async\" width=\"1024\" height=\"768\" src=\"https:\/\/familie-weitgereist.de\/wp-content\/uploads\/2023\/03\/IMG_20230325_144059-1024x768.jpg\" alt=\"\" class=\"wp-image-13629\" srcset=\"https:\/\/familie-weitgereist.de\/wp-content\/uploads\/2023\/03\/IMG_20230325_144059-1024x768.jpg 1024w, https:\/\/familie-weitgereist.de\/wp-content\/uploads\/2023\/03\/IMG_20230325_144059-300x225.jpg 300w, https:\/\/familie-weitgereist.de\/wp-content\/uploads\/2023\/03\/IMG_20230325_144059-768x576.jpg 768w, https:\/\/familie-weitgereist.de\/wp-content\/uploads\/2023\/03\/IMG_20230325_144059-1536x1152.jpg 1536w, https:\/\/familie-weitgereist.de\/wp-content\/uploads\/2023\/03\/IMG_20230325_144059-2048x1536.jpg 2048w, https:\/\/familie-weitgereist.de\/wp-content\/uploads\/2023\/03\/IMG_20230325_144059-1200x900.jpg 1200w, https:\/\/familie-weitgereist.de\/wp-content\/uploads\/2023\/03\/IMG_20230325_144059-1980x1485.jpg 1980w, https:\/\/familie-weitgereist.de\/wp-content\/uploads\/2023\/03\/IMG_20230325_144059-150x113.jpg 150w\" sizes=\"auto, (max-width: 1024px) 100vw, 1024px\" \/><\/figure>\n\n\n\n<p>Ein Kaffeebaum kann 20 &#8211; 30 Jahre Kaffeebohnen tragen. Sie schneiden die Kaffeeb\u00e4ume immer kurz, denn sie w\u00fcrden bis zu 8m hoch werden. Da die Temperaturen im Sommer sehr hei\u00df werden, spenden Orangen-, Papaya- und Avocadob\u00e4ume den Kaffeeb\u00e4umen Schatten. Von Mai bis Juli ist die Haupterntezeit der &#8222;Kaffeekirschen&#8220;. Die Fr\u00fcchte werden geerntet wenn sie rot sind. Ein Baum tr\u00e4gt ca. 7 kg Fr\u00fcchte, nach dem Trocknen bleibt jedoch nur 1 kg an Kaffeebohnen \u00fcbrig. An derselben Stelle der geernteten Frucht, w\u00e4chst eine neue nach. Die &#8222;La Laja&#8220; Kaffeeplantage hat 4000 B\u00e4ume und produziert j\u00e4hrlich 4000 kg Kaffeebohnen. Wir haben uns 250g dieses k\u00f6stlichen Kaffees f\u00fcr 18\u20ac gekauft. (<em>Stand<\/em> <em>M\u00e4rz 2023<\/em>)<\/p>\n\n\n\n<div id=\"wp-block-themeisle-blocks-slider-c26aa8c3\" class=\"wp-block-themeisle-blocks-slider glide\" data-per-view=\"1\" data-gap=\"0\" data-peek=\"0\" data-autoplay=\"true\" data-height=\"400px\" data-hide-arrows=\"false\"><div class=\"glide__track\" data-glide-el=\"track\"><div class=\"glide__slides\"><div class=\"wp-block-themeisle-blocks-slider-item-wrapper glide__slide\" tabindex=\"0\"><figure><img decoding=\"async\" class=\"wp-block-themeisle-blocks-slider-item\" src=\"https:\/\/familie-weitgereist.de\/wp-content\/uploads\/2023\/03\/IMG_20230325_142552-scaled.jpg\" alt=\"\" title=\"\" data-id=\"13639\"\/><figcaption>Kaffeer\u00f6stmaschine<\/figcaption><\/figure><\/div><div class=\"wp-block-themeisle-blocks-slider-item-wrapper glide__slide\" tabindex=\"0\"><figure><img decoding=\"async\" class=\"wp-block-themeisle-blocks-slider-item\" src=\"https:\/\/familie-weitgereist.de\/wp-content\/uploads\/2023\/03\/IMG_20230325_133032-scaled.jpg\" alt=\"\" title=\"\" data-id=\"13640\"\/><figcaption>Kaffee wird getrocknet<\/figcaption><\/figure><\/div><div class=\"wp-block-themeisle-blocks-slider-item-wrapper glide__slide\" tabindex=\"0\"><figure><img decoding=\"async\" class=\"wp-block-themeisle-blocks-slider-item\" src=\"https:\/\/familie-weitgereist.de\/wp-content\/uploads\/2023\/03\/IMG_20230325_132949-scaled.jpg\" alt=\"\" title=\"\" data-id=\"13642\"\/><figcaption>Kaffeebaum<\/figcaption><\/figure><\/div><div class=\"wp-block-themeisle-blocks-slider-item-wrapper glide__slide\" tabindex=\"0\"><figure><img decoding=\"async\" class=\"wp-block-themeisle-blocks-slider-item\" src=\"https:\/\/familie-weitgereist.de\/wp-content\/uploads\/2023\/03\/IMG_20230325_131536-scaled.jpg\" alt=\"\" title=\"\" data-id=\"13643\"\/><figcaption>Valle de Agaete<\/figcaption><\/figure><\/div><\/div><div class=\"glide__bullets\" data-glide-el=\"controls[nav]\"><button class=\"glide__bullet\" data-glide-dir=\"=0\"><\/button><button class=\"glide__bullet\" data-glide-dir=\"=1\"><\/button><button class=\"glide__bullet\" data-glide-dir=\"=2\"><\/button><button class=\"glide__bullet\" data-glide-dir=\"=3\"><\/button><\/div><\/div><\/div>\n\n\n\n<p>Nach der F\u00fchrung hatten wir eine Verk\u00f6stigung des k\u00f6stlichen Kaffees, Ziegenk\u00e4se, Chorizo und Kaffeemarmelade. Zudem kann auch Wein verkostet werden. Pro Jahr werden dort zudem 4000 Flaschen Wein produziert. Die F\u00fchrung kostet inklusive Verkostung 10\u20ac pro Erwachsener. (<em>Stand M\u00e4rz 2023<\/em>)<\/p>\n\n\n\n<figure class=\"wp-block-image size-large\"><img loading=\"lazy\" decoding=\"async\" width=\"1024\" height=\"768\" src=\"https:\/\/familie-weitgereist.de\/wp-content\/uploads\/2023\/03\/IMG_20230325_140307_1-1024x768.jpg\" alt=\"\" class=\"wp-image-13631\" srcset=\"https:\/\/familie-weitgereist.de\/wp-content\/uploads\/2023\/03\/IMG_20230325_140307_1-1024x768.jpg 1024w, https:\/\/familie-weitgereist.de\/wp-content\/uploads\/2023\/03\/IMG_20230325_140307_1-300x225.jpg 300w, https:\/\/familie-weitgereist.de\/wp-content\/uploads\/2023\/03\/IMG_20230325_140307_1-768x576.jpg 768w, https:\/\/familie-weitgereist.de\/wp-content\/uploads\/2023\/03\/IMG_20230325_140307_1-1536x1152.jpg 1536w, https:\/\/familie-weitgereist.de\/wp-content\/uploads\/2023\/03\/IMG_20230325_140307_1-2048x1536.jpg 2048w, https:\/\/familie-weitgereist.de\/wp-content\/uploads\/2023\/03\/IMG_20230325_140307_1-1200x900.jpg 1200w, https:\/\/familie-weitgereist.de\/wp-content\/uploads\/2023\/03\/IMG_20230325_140307_1-1980x1485.jpg 1980w, https:\/\/familie-weitgereist.de\/wp-content\/uploads\/2023\/03\/IMG_20230325_140307_1-150x113.jpg 150w\" sizes=\"auto, (max-width: 1024px) 100vw, 1024px\" \/><figcaption class=\"wp-element-caption\">Kaffeeverkostung <\/figcaption><\/figure>\n\n\n\n<h2 class=\"wp-block-heading\">Las Palmas de Gran Canaria &#8211; Kolumbushaus<\/h2>\n\n\n\n<p>Las Palmas de Gran Canaria ist die Hauptstadt der Insel und mit nahezu 400.000 Einwohnern auch die gr\u00f6\u00dfte Stadt der Insel. In Las Palmas befindet sich der F\u00e4hrhafen, der die kanarischen Inseln mit Huelva auf dem spanischen Festland verbindet. Einige Kreuzfahrtschiffe legen ebenso in Las Palmas an. Zudem gibt es einen <strong>Stadtstrand<\/strong>, die <em><strong>Playa de las Canteras<\/strong><\/em>. Die Altstadt von Las Palmas ist wundersch\u00f6n und der Kolonialstil ist zu sp\u00fcren. <\/p>\n\n\n\n<figure class=\"wp-block-image size-large\"><img loading=\"lazy\" decoding=\"async\" width=\"1024\" height=\"768\" src=\"https:\/\/familie-weitgereist.de\/wp-content\/uploads\/2023\/03\/IMG_20230329_153242-1024x768.jpg\" alt=\"\" class=\"wp-image-13686\" srcset=\"https:\/\/familie-weitgereist.de\/wp-content\/uploads\/2023\/03\/IMG_20230329_153242-1024x768.jpg 1024w, https:\/\/familie-weitgereist.de\/wp-content\/uploads\/2023\/03\/IMG_20230329_153242-300x225.jpg 300w, https:\/\/familie-weitgereist.de\/wp-content\/uploads\/2023\/03\/IMG_20230329_153242-768x576.jpg 768w, https:\/\/familie-weitgereist.de\/wp-content\/uploads\/2023\/03\/IMG_20230329_153242-1536x1152.jpg 1536w, https:\/\/familie-weitgereist.de\/wp-content\/uploads\/2023\/03\/IMG_20230329_153242-2048x1536.jpg 2048w, https:\/\/familie-weitgereist.de\/wp-content\/uploads\/2023\/03\/IMG_20230329_153242-1200x900.jpg 1200w, https:\/\/familie-weitgereist.de\/wp-content\/uploads\/2023\/03\/IMG_20230329_153242-1980x1485.jpg 1980w, https:\/\/familie-weitgereist.de\/wp-content\/uploads\/2023\/03\/IMG_20230329_153242-150x113.jpg 150w\" sizes=\"auto, (max-width: 1024px) 100vw, 1024px\" \/><\/figure>\n\n\n\n<p>Zudem gibt es <strong>unz\u00e4hlige Caf\u00e9s<\/strong> in die man einkehren kann. Wir haben den <strong>typischen Kaffee der Kanaren<\/strong> hier probiert, den <strong><em>Caf\u00e9<\/em><\/strong> <strong><em>Canario<\/em><\/strong> oder auch <em><strong>Barraquito<\/strong><\/em> genannt. Es ist ein Kaffeegetr\u00e4nk mit Kondensmilch, Espresso, Milchschaum, Zimt, Zitrone und eventuell noch Lik\u00f6r 43. Wir haben ihn jedoch ohne Alkohol getrunken. Der Kaffee ist sehr s\u00fc\u00df, geh\u00f6rt f\u00fcr uns jedoch zu den besten Kaffees, die wir getrunken haben. <\/p>\n\n\n\n<figure class=\"wp-block-image size-large is-resized\"><img loading=\"lazy\" decoding=\"async\" width=\"768\" height=\"1024\" src=\"https:\/\/familie-weitgereist.de\/wp-content\/uploads\/2023\/03\/IMG_20230329_154834-768x1024.jpg\" alt=\"\" class=\"wp-image-13688\" style=\"width:382px;height:508px\" srcset=\"https:\/\/familie-weitgereist.de\/wp-content\/uploads\/2023\/03\/IMG_20230329_154834-768x1024.jpg 768w, https:\/\/familie-weitgereist.de\/wp-content\/uploads\/2023\/03\/IMG_20230329_154834-225x300.jpg 225w, https:\/\/familie-weitgereist.de\/wp-content\/uploads\/2023\/03\/IMG_20230329_154834-1152x1536.jpg 1152w, https:\/\/familie-weitgereist.de\/wp-content\/uploads\/2023\/03\/IMG_20230329_154834-1536x2048.jpg 1536w, https:\/\/familie-weitgereist.de\/wp-content\/uploads\/2023\/03\/IMG_20230329_154834-1200x1600.jpg 1200w, https:\/\/familie-weitgereist.de\/wp-content\/uploads\/2023\/03\/IMG_20230329_154834-1980x2640.jpg 1980w, https:\/\/familie-weitgereist.de\/wp-content\/uploads\/2023\/03\/IMG_20230329_154834-640x853.jpg 640w, https:\/\/familie-weitgereist.de\/wp-content\/uploads\/2023\/03\/IMG_20230329_154834-150x200.jpg 150w, https:\/\/familie-weitgereist.de\/wp-content\/uploads\/2023\/03\/IMG_20230329_154834-scaled.jpg 1920w\" sizes=\"auto, (max-width: 768px) 100vw, 768px\" \/><figcaption class=\"wp-element-caption\">Barraquito, typischer Kaffee auf den Kanaren <\/figcaption><\/figure>\n\n\n\n<p>Das <strong>Kolumbushaus in Las Palmas<\/strong> ist ebenso einen Besuch wert. Wir erfuhren viele interessante Informationen zu den vier Reisen von Kolumbus in die &#8222;Neue Welt&#8220;. Im Museum kann man die typische Schlafkabine von Kolumbus auf dem Schiff bestaunen. Der Eintritt kostet 4\u20ac, unter 18 j\u00e4hrige zahlen keinen Eintritt. Es ist nur Kartenzahlung m\u00f6glich. (<em>Stand M\u00e4rz 2023<\/em>)<\/p>\n\n\n\n<figure class=\"wp-block-image size-large\"><img loading=\"lazy\" decoding=\"async\" width=\"1024\" height=\"768\" src=\"https:\/\/familie-weitgereist.de\/wp-content\/uploads\/2023\/03\/IMG_20230329_135740-1024x768.jpg\" alt=\"\" class=\"wp-image-13690\" srcset=\"https:\/\/familie-weitgereist.de\/wp-content\/uploads\/2023\/03\/IMG_20230329_135740-1024x768.jpg 1024w, https:\/\/familie-weitgereist.de\/wp-content\/uploads\/2023\/03\/IMG_20230329_135740-300x225.jpg 300w, https:\/\/familie-weitgereist.de\/wp-content\/uploads\/2023\/03\/IMG_20230329_135740-768x576.jpg 768w, https:\/\/familie-weitgereist.de\/wp-content\/uploads\/2023\/03\/IMG_20230329_135740-1536x1152.jpg 1536w, https:\/\/familie-weitgereist.de\/wp-content\/uploads\/2023\/03\/IMG_20230329_135740-2048x1536.jpg 2048w, https:\/\/familie-weitgereist.de\/wp-content\/uploads\/2023\/03\/IMG_20230329_135740-1200x900.jpg 1200w, https:\/\/familie-weitgereist.de\/wp-content\/uploads\/2023\/03\/IMG_20230329_135740-1980x1485.jpg 1980w, https:\/\/familie-weitgereist.de\/wp-content\/uploads\/2023\/03\/IMG_20230329_135740-150x113.jpg 150w\" sizes=\"auto, (max-width: 1024px) 100vw, 1024px\" \/><figcaption class=\"wp-element-caption\">Kolumbushaus<\/figcaption><\/figure>\n\n\n\n<h2 class=\"wp-block-heading\">Puerto de Mog\u00e1n <\/h2>\n\n\n\n<p>Der kleine K\u00fcstenort Puerto de Mog\u00e1n wird auch als das <strong>Venedig der Kanaren<\/strong> bezeichnet und hat tats\u00e4chlich einen besonderen Charme. Aufgrund der zahlreichen kleinen Kan\u00e4le, die vom Meer in den Ort f\u00fchren und den dar\u00fcber f\u00fchrenden Br\u00fccken, wird der Ort mit dem bekannten italienischen Venedig verglichen. <\/p>\n\n\n\n<figure class=\"wp-block-image size-large\"><img loading=\"lazy\" decoding=\"async\" width=\"1024\" height=\"768\" src=\"https:\/\/familie-weitgereist.de\/wp-content\/uploads\/2023\/03\/IMG_20230317_172219-1024x768.jpg\" alt=\"\" class=\"wp-image-13515\" srcset=\"https:\/\/familie-weitgereist.de\/wp-content\/uploads\/2023\/03\/IMG_20230317_172219-1024x768.jpg 1024w, https:\/\/familie-weitgereist.de\/wp-content\/uploads\/2023\/03\/IMG_20230317_172219-300x225.jpg 300w, https:\/\/familie-weitgereist.de\/wp-content\/uploads\/2023\/03\/IMG_20230317_172219-768x576.jpg 768w, https:\/\/familie-weitgereist.de\/wp-content\/uploads\/2023\/03\/IMG_20230317_172219-1536x1152.jpg 1536w, https:\/\/familie-weitgereist.de\/wp-content\/uploads\/2023\/03\/IMG_20230317_172219-2048x1536.jpg 2048w, https:\/\/familie-weitgereist.de\/wp-content\/uploads\/2023\/03\/IMG_20230317_172219-1200x900.jpg 1200w, https:\/\/familie-weitgereist.de\/wp-content\/uploads\/2023\/03\/IMG_20230317_172219-1980x1485.jpg 1980w, https:\/\/familie-weitgereist.de\/wp-content\/uploads\/2023\/03\/IMG_20230317_172219-150x113.jpg 150w\" sizes=\"auto, (max-width: 1024px) 100vw, 1024px\" \/><\/figure>\n\n\n\n<p>Versteckt in den kleinen Gassen gibt es Restaurants und Touristengesch\u00e4fte. Die meisten H\u00e4user werden als Ferienunterkunft vermietet. Merlin ist mit seinem kleinen Fahrrad \u00fcber die Br\u00fccken ged\u00fcst und durch die kleinen Gassen gefahren. Ihm hat es so gut gefallen! Wundersch\u00f6n sind auch die vielen Blumen und die liebevoll gepflegten, bunten H\u00e4user.<\/p>\n\n\n\n<div id=\"wp-block-themeisle-blocks-slider-8a547fc6\" class=\"wp-block-themeisle-blocks-slider glide\" data-per-view=\"1\" data-gap=\"0\" data-peek=\"0\" data-autoplay=\"true\" data-height=\"400px\" data-hide-arrows=\"false\"><div class=\"glide__track\" data-glide-el=\"track\"><div class=\"glide__slides\"><div class=\"wp-block-themeisle-blocks-slider-item-wrapper glide__slide\" tabindex=\"0\"><figure><img decoding=\"async\" class=\"wp-block-themeisle-blocks-slider-item\" src=\"https:\/\/familie-weitgereist.de\/wp-content\/uploads\/2023\/03\/IMG_20230317_171736-scaled.jpg\" alt=\"\" title=\"\" data-id=\"13521\"\/><\/figure><\/div><div class=\"wp-block-themeisle-blocks-slider-item-wrapper glide__slide\" tabindex=\"0\"><figure><img decoding=\"async\" class=\"wp-block-themeisle-blocks-slider-item\" src=\"https:\/\/familie-weitgereist.de\/wp-content\/uploads\/2023\/03\/IMG_20230317_171309-scaled.jpg\" alt=\"\" title=\"\" data-id=\"13530\"\/><\/figure><\/div><\/div><div class=\"glide__bullets\" data-glide-el=\"controls[nav]\"><button class=\"glide__bullet\" data-glide-dir=\"=0\"><\/button><button class=\"glide__bullet\" data-glide-dir=\"=1\"><\/button><\/div><\/div><\/div>\n\n\n\n<p>Einen grandiosen Ausblick \u00fcber Puerto de Mog\u00e1n konnten wir vom <strong><em>Mirador de Puerto de Mog\u00e1n<\/em><\/strong> genie\u00dfen. Vom Strand hinauf zum Aussichtspunkt sind es 257 Stufen. Dabei kann man sich ausreichend Zeit nehmen, denn die Stufen f\u00fchren durch winzige Gassen hinauf, zwischen den wei\u00dfen H\u00e4usern die am Hang gebaut worden sind. Auch hier sind wieder viele H\u00e4user liebevoll mit Blumen und wundersch\u00f6nen Mosaiken gestaltet. <\/p>\n\n\n\n<figure class=\"wp-block-image\"><img loading=\"lazy\" decoding=\"async\" width=\"2560\" height=\"1920\" src=\"https:\/\/familie-weitgereist.de\/wp-content\/uploads\/2023\/03\/IMG_20230317_164028-scaled.jpg\" alt=\"\" class=\"wp-image-13527\" srcset=\"https:\/\/familie-weitgereist.de\/wp-content\/uploads\/2023\/03\/IMG_20230317_164028-scaled.jpg 2560w, https:\/\/familie-weitgereist.de\/wp-content\/uploads\/2023\/03\/IMG_20230317_164028-300x225.jpg 300w, https:\/\/familie-weitgereist.de\/wp-content\/uploads\/2023\/03\/IMG_20230317_164028-1024x768.jpg 1024w, https:\/\/familie-weitgereist.de\/wp-content\/uploads\/2023\/03\/IMG_20230317_164028-768x576.jpg 768w, https:\/\/familie-weitgereist.de\/wp-content\/uploads\/2023\/03\/IMG_20230317_164028-1536x1152.jpg 1536w, https:\/\/familie-weitgereist.de\/wp-content\/uploads\/2023\/03\/IMG_20230317_164028-2048x1536.jpg 2048w, https:\/\/familie-weitgereist.de\/wp-content\/uploads\/2023\/03\/IMG_20230317_164028-1200x900.jpg 1200w, https:\/\/familie-weitgereist.de\/wp-content\/uploads\/2023\/03\/IMG_20230317_164028-1980x1485.jpg 1980w, https:\/\/familie-weitgereist.de\/wp-content\/uploads\/2023\/03\/IMG_20230317_164028-150x113.jpg 150w\" sizes=\"auto, (max-width: 2560px) 100vw, 2560px\" \/><\/figure>\n\n\n\n<figure class=\"wp-block-image size-large\"><img loading=\"lazy\" decoding=\"async\" width=\"1024\" height=\"768\" src=\"https:\/\/familie-weitgereist.de\/wp-content\/uploads\/2023\/03\/IMG_20230317_153655-1024x768.jpg\" alt=\"\" class=\"wp-image-13525\" srcset=\"https:\/\/familie-weitgereist.de\/wp-content\/uploads\/2023\/03\/IMG_20230317_153655-1024x768.jpg 1024w, https:\/\/familie-weitgereist.de\/wp-content\/uploads\/2023\/03\/IMG_20230317_153655-300x225.jpg 300w, https:\/\/familie-weitgereist.de\/wp-content\/uploads\/2023\/03\/IMG_20230317_153655-768x576.jpg 768w, https:\/\/familie-weitgereist.de\/wp-content\/uploads\/2023\/03\/IMG_20230317_153655-1536x1152.jpg 1536w, https:\/\/familie-weitgereist.de\/wp-content\/uploads\/2023\/03\/IMG_20230317_153655-2048x1536.jpg 2048w, https:\/\/familie-weitgereist.de\/wp-content\/uploads\/2023\/03\/IMG_20230317_153655-1200x900.jpg 1200w, https:\/\/familie-weitgereist.de\/wp-content\/uploads\/2023\/03\/IMG_20230317_153655-1980x1485.jpg 1980w, https:\/\/familie-weitgereist.de\/wp-content\/uploads\/2023\/03\/IMG_20230317_153655-150x113.jpg 150w\" sizes=\"auto, (max-width: 1024px) 100vw, 1024px\" \/><figcaption class=\"wp-element-caption\">Aussicht vom Mirador<\/figcaption><\/figure>\n\n\n\n<p>Im Ort selbst gibt es mehrere Spielpl\u00e4tze und einen gro\u00dfen gesch\u00fctzten Sandstrand. Dort werden viele Aktivit\u00e4ten angeboten, z.B. Bananenboot fahren, H\u00fcpfburgen im Wasser oder eine Schifffahrt.<\/p>\n\n\n\n<figure class=\"wp-block-image size-large\"><img loading=\"lazy\" decoding=\"async\" width=\"1024\" height=\"768\" src=\"https:\/\/familie-weitgereist.de\/wp-content\/uploads\/2023\/03\/IMG_20230317_145711-1024x768.jpg\" alt=\"\" class=\"wp-image-13531\" srcset=\"https:\/\/familie-weitgereist.de\/wp-content\/uploads\/2023\/03\/IMG_20230317_145711-1024x768.jpg 1024w, https:\/\/familie-weitgereist.de\/wp-content\/uploads\/2023\/03\/IMG_20230317_145711-300x225.jpg 300w, https:\/\/familie-weitgereist.de\/wp-content\/uploads\/2023\/03\/IMG_20230317_145711-768x576.jpg 768w, https:\/\/familie-weitgereist.de\/wp-content\/uploads\/2023\/03\/IMG_20230317_145711-1536x1152.jpg 1536w, https:\/\/familie-weitgereist.de\/wp-content\/uploads\/2023\/03\/IMG_20230317_145711-2048x1536.jpg 2048w, https:\/\/familie-weitgereist.de\/wp-content\/uploads\/2023\/03\/IMG_20230317_145711-1200x900.jpg 1200w, https:\/\/familie-weitgereist.de\/wp-content\/uploads\/2023\/03\/IMG_20230317_145711-1980x1485.jpg 1980w, https:\/\/familie-weitgereist.de\/wp-content\/uploads\/2023\/03\/IMG_20230317_145711-150x113.jpg 150w\" sizes=\"auto, (max-width: 1024px) 100vw, 1024px\" \/><\/figure>\n\n\n\n<h2 class=\"wp-block-heading\">Der Ort Tufia <\/h2>\n\n\n\n<p>Tufia ist ein winziger Ort an der S\u00fcdostk\u00fcste von Gran Canaria, jedoch mehrmals gesch\u00fctzt. Er ist &#8222;Ort von wissenschaftlichem Interesse&#8220;, K\u00fcstenvogelschutzgebiet und Besonderes Schutzgebiet. Der kleine Ort liegt in einer Bucht mit kleinem schwarzen Sandstrand. Einige der H\u00e4user wurden direkt an und in den Fels gebaut. Die H\u00e4user aus der vorderen Reihe stehen sogar so nah am Wasser, dass die Wellen hier regelm\u00e4\u00dfig dagegen peitschen. Es ist ein beschaulicher Ort und viele \u00e4ltere Menschen leben hier, was sie sehr wahrscheinlich schon ihr ganzes Leben getan haben. Sie verdienten ihr Geld mit dem Fischfang. Die schmalen Gassen und das Meeresrauschen verbreiten einen ganz besonderen Charme. <\/p>\n\n\n\n<figure class=\"wp-block-image size-large\"><img loading=\"lazy\" decoding=\"async\" width=\"1024\" height=\"768\" src=\"https:\/\/familie-weitgereist.de\/wp-content\/uploads\/2023\/03\/IMG_20230319_133621-1024x768.jpg\" alt=\"\" class=\"wp-image-13590\" srcset=\"https:\/\/familie-weitgereist.de\/wp-content\/uploads\/2023\/03\/IMG_20230319_133621-1024x768.jpg 1024w, https:\/\/familie-weitgereist.de\/wp-content\/uploads\/2023\/03\/IMG_20230319_133621-300x225.jpg 300w, https:\/\/familie-weitgereist.de\/wp-content\/uploads\/2023\/03\/IMG_20230319_133621-768x576.jpg 768w, https:\/\/familie-weitgereist.de\/wp-content\/uploads\/2023\/03\/IMG_20230319_133621-1536x1152.jpg 1536w, https:\/\/familie-weitgereist.de\/wp-content\/uploads\/2023\/03\/IMG_20230319_133621-2048x1536.jpg 2048w, https:\/\/familie-weitgereist.de\/wp-content\/uploads\/2023\/03\/IMG_20230319_133621-1200x900.jpg 1200w, https:\/\/familie-weitgereist.de\/wp-content\/uploads\/2023\/03\/IMG_20230319_133621-1980x1485.jpg 1980w, https:\/\/familie-weitgereist.de\/wp-content\/uploads\/2023\/03\/IMG_20230319_133621-150x113.jpg 150w\" sizes=\"auto, (max-width: 1024px) 100vw, 1024px\" \/><\/figure>\n\n\n\n<div id=\"wp-block-themeisle-blocks-slider-98a3b2b1\" class=\"wp-block-themeisle-blocks-slider glide\" data-per-view=\"1\" data-gap=\"0\" data-peek=\"0\" data-autoplay=\"true\" data-height=\"400px\" data-hide-arrows=\"false\"><div class=\"glide__track\" data-glide-el=\"track\"><div class=\"glide__slides\"><div class=\"wp-block-themeisle-blocks-slider-item-wrapper glide__slide\" tabindex=\"0\"><figure><img decoding=\"async\" class=\"wp-block-themeisle-blocks-slider-item\" src=\"https:\/\/familie-weitgereist.de\/wp-content\/uploads\/2023\/03\/IMG_20230319_140500-scaled.jpg\" alt=\"\" title=\"\" data-id=\"13591\"\/><\/figure><\/div><div class=\"wp-block-themeisle-blocks-slider-item-wrapper glide__slide\" tabindex=\"0\"><figure><img decoding=\"async\" class=\"wp-block-themeisle-blocks-slider-item\" src=\"https:\/\/familie-weitgereist.de\/wp-content\/uploads\/2023\/03\/IMG_20230319_135953-scaled.jpg\" alt=\"\" title=\"\" data-id=\"13593\"\/><\/figure><\/div><\/div><div class=\"glide__bullets\" data-glide-el=\"controls[nav]\"><button class=\"glide__bullet\" data-glide-dir=\"=0\"><\/button><button class=\"glide__bullet\" data-glide-dir=\"=1\"><\/button><\/div><\/div><\/div>\n\n\n\n<h2 class=\"wp-block-heading\">Stadtparks auf Gran Canaria<\/h2>\n\n\n\n<p>In jeder gr\u00f6\u00dferen Stadt gibt es wundersch\u00f6ne Stadtparks mit gr\u00fcnen Rasenfl\u00e4chen (Das ist nicht selbstverst\u00e4ndlich auf einer sehr trockenen Vulkaninsel.), Grillm\u00f6glichkeiten und tollen Spielpl\u00e4tzen. Oft gibt es noch kleine Caf\u00e9s und Sanit\u00e4ranlagen. Wir haben einige dieser tollen Parks erkundet. Besonders am Wochenende nutzen die Einheimischen diese Parks um alle m\u00f6glichen Festlichkeiten zu feiern, gemeinsam mit Freunden und Familie zu grillen und eine sch\u00f6ne Zeit zu verbringen. Wir wurden sogar zu einem Barbecue eingeladen und durften von den spanischen K\u00f6stlichkeiten probieren. <\/p>\n\n\n\n<p>Der Stadtpark <strong>Juan Pablo II in Las Palmas<\/strong> hat einen sehr sch\u00f6nen Spielplatz, ein kleines Caf\u00e9 und Toiletten. <\/p>\n\n\n\n<figure class=\"wp-block-image size-large\"><img loading=\"lazy\" decoding=\"async\" width=\"1024\" height=\"768\" src=\"https:\/\/familie-weitgereist.de\/wp-content\/uploads\/2023\/03\/IMG_20230311_141705-1024x768.jpg\" alt=\"\" class=\"wp-image-13506\" srcset=\"https:\/\/familie-weitgereist.de\/wp-content\/uploads\/2023\/03\/IMG_20230311_141705-1024x768.jpg 1024w, https:\/\/familie-weitgereist.de\/wp-content\/uploads\/2023\/03\/IMG_20230311_141705-300x225.jpg 300w, https:\/\/familie-weitgereist.de\/wp-content\/uploads\/2023\/03\/IMG_20230311_141705-768x576.jpg 768w, https:\/\/familie-weitgereist.de\/wp-content\/uploads\/2023\/03\/IMG_20230311_141705-1536x1152.jpg 1536w, https:\/\/familie-weitgereist.de\/wp-content\/uploads\/2023\/03\/IMG_20230311_141705-2048x1536.jpg 2048w, https:\/\/familie-weitgereist.de\/wp-content\/uploads\/2023\/03\/IMG_20230311_141705-1200x900.jpg 1200w, https:\/\/familie-weitgereist.de\/wp-content\/uploads\/2023\/03\/IMG_20230311_141705-1980x1485.jpg 1980w, https:\/\/familie-weitgereist.de\/wp-content\/uploads\/2023\/03\/IMG_20230311_141705-150x113.jpg 150w\" sizes=\"auto, (max-width: 1024px) 100vw, 1024px\" \/><figcaption class=\"wp-element-caption\">Parque Juan Pablo II<\/figcaption><\/figure>\n\n\n\n<p>Ein weiterer toller Park ist im <strong>Valle de<\/strong> <strong>Jinamar<\/strong>. Hier befinden sich sogar auf einer langen Fl\u00e4che mehrere Parks aneinander gereit, inklusive Hundespielpl\u00e4tze. <\/p>\n\n\n\n<figure class=\"wp-block-image size-large\"><img loading=\"lazy\" decoding=\"async\" width=\"1024\" height=\"768\" src=\"https:\/\/familie-weitgereist.de\/wp-content\/uploads\/2023\/03\/IMG_20230312_165935-1024x768.jpg\" alt=\"\" class=\"wp-image-13510\" srcset=\"https:\/\/familie-weitgereist.de\/wp-content\/uploads\/2023\/03\/IMG_20230312_165935-1024x768.jpg 1024w, https:\/\/familie-weitgereist.de\/wp-content\/uploads\/2023\/03\/IMG_20230312_165935-300x225.jpg 300w, https:\/\/familie-weitgereist.de\/wp-content\/uploads\/2023\/03\/IMG_20230312_165935-768x576.jpg 768w, https:\/\/familie-weitgereist.de\/wp-content\/uploads\/2023\/03\/IMG_20230312_165935-1536x1152.jpg 1536w, https:\/\/familie-weitgereist.de\/wp-content\/uploads\/2023\/03\/IMG_20230312_165935-2048x1536.jpg 2048w, https:\/\/familie-weitgereist.de\/wp-content\/uploads\/2023\/03\/IMG_20230312_165935-1200x900.jpg 1200w, https:\/\/familie-weitgereist.de\/wp-content\/uploads\/2023\/03\/IMG_20230312_165935-1980x1485.jpg 1980w, https:\/\/familie-weitgereist.de\/wp-content\/uploads\/2023\/03\/IMG_20230312_165935-150x113.jpg 150w\" sizes=\"auto, (max-width: 1024px) 100vw, 1024px\" \/><figcaption class=\"wp-element-caption\">Parque in Valle de Jinamar<\/figcaption><\/figure>\n\n\n\n<h2 class=\"wp-block-heading\">Wanderungen auf Gran Canaria <\/h2>\n\n\n\n<p><strong>Gran Canaria ist ein Wanderparadies!<\/strong> Wir haben viel Zeit in der Natur verbracht und konnten wunderbare Wege erkunden.<\/p>\n\n\n\n<figure class=\"wp-block-image size-large\"><img loading=\"lazy\" decoding=\"async\" width=\"1024\" height=\"576\" src=\"https:\/\/familie-weitgereist.de\/wp-content\/uploads\/2023\/03\/PXL_20230312_121946977-1024x576.jpg\" alt=\"\" class=\"wp-image-13423\" srcset=\"https:\/\/familie-weitgereist.de\/wp-content\/uploads\/2023\/03\/PXL_20230312_121946977-1024x576.jpg 1024w, https:\/\/familie-weitgereist.de\/wp-content\/uploads\/2023\/03\/PXL_20230312_121946977-300x169.jpg 300w, https:\/\/familie-weitgereist.de\/wp-content\/uploads\/2023\/03\/PXL_20230312_121946977-768x432.jpg 768w, https:\/\/familie-weitgereist.de\/wp-content\/uploads\/2023\/03\/PXL_20230312_121946977-1536x864.jpg 1536w, https:\/\/familie-weitgereist.de\/wp-content\/uploads\/2023\/03\/PXL_20230312_121946977-2048x1152.jpg 2048w, https:\/\/familie-weitgereist.de\/wp-content\/uploads\/2023\/03\/PXL_20230312_121946977-1200x675.jpg 1200w, https:\/\/familie-weitgereist.de\/wp-content\/uploads\/2023\/03\/PXL_20230312_121946977-1980x1114.jpg 1980w, https:\/\/familie-weitgereist.de\/wp-content\/uploads\/2023\/03\/PXL_20230312_121946977-150x84.jpg 150w\" sizes=\"auto, (max-width: 1024px) 100vw, 1024px\" \/><figcaption class=\"wp-element-caption\">Caldera de Bandama<\/figcaption><\/figure>\n\n\n\n<p>Wir wanderten um einen <strong>Vulkankrater<\/strong> herum auf der <strong>Caldera de Bandama<\/strong>. Der Weg f\u00fchrt \u00fcber den Bergr\u00fccken des Kraters und wir konnten tief in den Krater hinein schauen. Das <strong>Naturschutzgebiet<\/strong> <strong>Bandama<\/strong> liegt im Nordosten der Insel. Der <strong>Pico de Bandama <\/strong>mit einer H\u00f6he von <strong>569m<\/strong> ist leicht mit einem Auto zug\u00e4nglich. Selbst Tourbusse fahren hoch. Die Stra\u00dfe schl\u00e4ngelt sich um die Erhebung nach oben. Oben auf dem Gipfel ist eine Touristeninformation, die bei unserem Besuch nicht ge\u00f6ffnet hatte. (<em>Stand M\u00e4rz<\/em> <em>2023<\/em>) Auch von hier hat man grandiose Ausblicke auf den Vulkankrater, das Meer und das gr\u00fcne Umland. <\/p>\n\n\n\n<figure class=\"wp-block-gallery has-nested-images columns-default is-cropped wp-block-gallery-3 is-layout-flex wp-block-gallery-is-layout-flex\">\n<figure class=\"wp-block-image size-large\"><img loading=\"lazy\" decoding=\"async\" width=\"1024\" height=\"768\" data-id=\"13430\" src=\"https:\/\/familie-weitgereist.de\/wp-content\/uploads\/2023\/03\/IMG_20230312_120132-1024x768.jpg\" alt=\"\" class=\"wp-image-13430\" srcset=\"https:\/\/familie-weitgereist.de\/wp-content\/uploads\/2023\/03\/IMG_20230312_120132-1024x768.jpg 1024w, https:\/\/familie-weitgereist.de\/wp-content\/uploads\/2023\/03\/IMG_20230312_120132-300x225.jpg 300w, https:\/\/familie-weitgereist.de\/wp-content\/uploads\/2023\/03\/IMG_20230312_120132-768x576.jpg 768w, https:\/\/familie-weitgereist.de\/wp-content\/uploads\/2023\/03\/IMG_20230312_120132-1536x1152.jpg 1536w, https:\/\/familie-weitgereist.de\/wp-content\/uploads\/2023\/03\/IMG_20230312_120132-2048x1536.jpg 2048w, https:\/\/familie-weitgereist.de\/wp-content\/uploads\/2023\/03\/IMG_20230312_120132-1200x900.jpg 1200w, https:\/\/familie-weitgereist.de\/wp-content\/uploads\/2023\/03\/IMG_20230312_120132-1980x1485.jpg 1980w, https:\/\/familie-weitgereist.de\/wp-content\/uploads\/2023\/03\/IMG_20230312_120132-150x113.jpg 150w\" sizes=\"auto, (max-width: 1024px) 100vw, 1024px\" \/><figcaption class=\"wp-element-caption\">Pico de Bandama<\/figcaption><\/figure>\n\n\n\n<figure class=\"wp-block-image size-large\"><img loading=\"lazy\" decoding=\"async\" width=\"1024\" height=\"768\" data-id=\"13429\" src=\"https:\/\/familie-weitgereist.de\/wp-content\/uploads\/2023\/03\/IMG_20230312_104217-1024x768.jpg\" alt=\"\" class=\"wp-image-13429\" srcset=\"https:\/\/familie-weitgereist.de\/wp-content\/uploads\/2023\/03\/IMG_20230312_104217-1024x768.jpg 1024w, https:\/\/familie-weitgereist.de\/wp-content\/uploads\/2023\/03\/IMG_20230312_104217-300x225.jpg 300w, https:\/\/familie-weitgereist.de\/wp-content\/uploads\/2023\/03\/IMG_20230312_104217-768x576.jpg 768w, https:\/\/familie-weitgereist.de\/wp-content\/uploads\/2023\/03\/IMG_20230312_104217-1536x1152.jpg 1536w, https:\/\/familie-weitgereist.de\/wp-content\/uploads\/2023\/03\/IMG_20230312_104217-2048x1536.jpg 2048w, https:\/\/familie-weitgereist.de\/wp-content\/uploads\/2023\/03\/IMG_20230312_104217-1200x900.jpg 1200w, https:\/\/familie-weitgereist.de\/wp-content\/uploads\/2023\/03\/IMG_20230312_104217-1980x1485.jpg 1980w, https:\/\/familie-weitgereist.de\/wp-content\/uploads\/2023\/03\/IMG_20230312_104217-150x113.jpg 150w\" sizes=\"auto, (max-width: 1024px) 100vw, 1024px\" \/><figcaption class=\"wp-element-caption\">Touristeninformation<\/figcaption><\/figure>\n<\/figure>\n\n\n\n<p>Der <strong>Vulkankrater<\/strong> ist <strong>200m tief<\/strong>, hat einen <strong>Durchmesser von 1000m<\/strong> und die <strong>Umrundung<\/strong> sind ungef\u00e4hr <strong>5km<\/strong>. Bedacht werden sollte, dass der Weg keinerlei Schatten bietet. Wir hatten ca. 30\u00b0C und es war wirklich sehr warm. <strong>Es ist wichtig genug Wasser dabei zu haben<\/strong>!<\/p>\n\n\n\n<figure class=\"wp-block-image size-large is-resized\"><img loading=\"lazy\" decoding=\"async\" width=\"1024\" height=\"768\" src=\"https:\/\/familie-weitgereist.de\/wp-content\/uploads\/2023\/03\/IMG_20230312_113240-1024x768.jpg\" alt=\"\" class=\"wp-image-13453\" style=\"width:377px;height:282px\" srcset=\"https:\/\/familie-weitgereist.de\/wp-content\/uploads\/2023\/03\/IMG_20230312_113240-1024x768.jpg 1024w, https:\/\/familie-weitgereist.de\/wp-content\/uploads\/2023\/03\/IMG_20230312_113240-300x225.jpg 300w, https:\/\/familie-weitgereist.de\/wp-content\/uploads\/2023\/03\/IMG_20230312_113240-768x576.jpg 768w, https:\/\/familie-weitgereist.de\/wp-content\/uploads\/2023\/03\/IMG_20230312_113240-1536x1152.jpg 1536w, https:\/\/familie-weitgereist.de\/wp-content\/uploads\/2023\/03\/IMG_20230312_113240-2048x1536.jpg 2048w, https:\/\/familie-weitgereist.de\/wp-content\/uploads\/2023\/03\/IMG_20230312_113240-1200x900.jpg 1200w, https:\/\/familie-weitgereist.de\/wp-content\/uploads\/2023\/03\/IMG_20230312_113240-1980x1485.jpg 1980w, https:\/\/familie-weitgereist.de\/wp-content\/uploads\/2023\/03\/IMG_20230312_113240-150x113.jpg 150w\" sizes=\"auto, (max-width: 1024px) 100vw, 1024px\" \/><\/figure>\n\n\n\n<p>Die Umrundung ist sehr gut machbar und f\u00fchrt \u00fcber einen teils schmalen Schotterpfad. Es geht gr\u00f6\u00dftenteils gerade aus und nur leichte An- und Abstiege sind zu \u00fcberwinden. <\/p>\n\n\n\n<div id=\"wp-block-themeisle-blocks-slider-5af5db2a\" class=\"wp-block-themeisle-blocks-slider glide\" data-per-view=\"1\" data-gap=\"0\" data-peek=\"0\" data-autoplay=\"true\" data-height=\"400px\" data-hide-arrows=\"false\"><div class=\"glide__track\" data-glide-el=\"track\"><div class=\"glide__slides\"><div class=\"wp-block-themeisle-blocks-slider-item-wrapper glide__slide\" tabindex=\"0\"><figure><img decoding=\"async\" class=\"wp-block-themeisle-blocks-slider-item\" src=\"https:\/\/familie-weitgereist.de\/wp-content\/uploads\/2023\/03\/IMG_20230312_120814-scaled.jpg\" alt=\"\" title=\"\" data-id=\"13439\"\/><\/figure><\/div><div class=\"wp-block-themeisle-blocks-slider-item-wrapper glide__slide\" tabindex=\"0\"><figure><img decoding=\"async\" class=\"wp-block-themeisle-blocks-slider-item\" src=\"https:\/\/familie-weitgereist.de\/wp-content\/uploads\/2023\/03\/IMG_20230312_120429-scaled.jpg\" alt=\"\" title=\"\" data-id=\"13441\"\/><\/figure><\/div><div class=\"wp-block-themeisle-blocks-slider-item-wrapper glide__slide\" tabindex=\"0\"><figure><img decoding=\"async\" class=\"wp-block-themeisle-blocks-slider-item\" src=\"https:\/\/familie-weitgereist.de\/wp-content\/uploads\/2023\/03\/IMG_20230312_115751-scaled.jpg\" alt=\"\" title=\"\" data-id=\"13444\"\/><\/figure><\/div><\/div><div class=\"glide__bullets\" data-glide-el=\"controls[nav]\"><button class=\"glide__bullet\" data-glide-dir=\"=0\"><\/button><button class=\"glide__bullet\" data-glide-dir=\"=1\"><\/button><button class=\"glide__bullet\" data-glide-dir=\"=2\"><\/button><\/div><\/div><\/div>\n\n\n\n<p><strong>Der h\u00f6chste Gipfel mit 1949 m ist der Pico de las Nieves. <\/strong>\u00dcbersetzt bedeutet dies, der schneebedeckte Gipfel. Von hier oben bietet sich ein ausgezeichnetes Panorama. Der Gipfel kann erwandert werden, es f\u00fchrt jedoch auch eine Stra\u00dfe nach oben. <\/p>\n\n\n\n<figure class=\"wp-block-image size-large\"><img loading=\"lazy\" decoding=\"async\" width=\"1024\" height=\"768\" src=\"https:\/\/familie-weitgereist.de\/wp-content\/uploads\/2023\/03\/IMG_20230328_120819-1024x768.jpg\" alt=\"\" class=\"wp-image-13678\" srcset=\"https:\/\/familie-weitgereist.de\/wp-content\/uploads\/2023\/03\/IMG_20230328_120819-1024x768.jpg 1024w, https:\/\/familie-weitgereist.de\/wp-content\/uploads\/2023\/03\/IMG_20230328_120819-300x225.jpg 300w, https:\/\/familie-weitgereist.de\/wp-content\/uploads\/2023\/03\/IMG_20230328_120819-768x576.jpg 768w, https:\/\/familie-weitgereist.de\/wp-content\/uploads\/2023\/03\/IMG_20230328_120819-1536x1152.jpg 1536w, https:\/\/familie-weitgereist.de\/wp-content\/uploads\/2023\/03\/IMG_20230328_120819-2048x1536.jpg 2048w, https:\/\/familie-weitgereist.de\/wp-content\/uploads\/2023\/03\/IMG_20230328_120819-1200x900.jpg 1200w, https:\/\/familie-weitgereist.de\/wp-content\/uploads\/2023\/03\/IMG_20230328_120819-1980x1485.jpg 1980w, https:\/\/familie-weitgereist.de\/wp-content\/uploads\/2023\/03\/IMG_20230328_120819-150x113.jpg 150w\" sizes=\"auto, (max-width: 1024px) 100vw, 1024px\" \/><figcaption class=\"wp-element-caption\">Auf dem Gipfel Pico de las Nieves<\/figcaption><\/figure>\n\n\n\n<p>Das Wahrzeichen von Gran Canaria ist der Felsen <strong><em>Roque Nublo<\/em><\/strong> (Wolkenfels) auf <strong>1813m<\/strong>. Er wird so bezeichnet, da er sich oftmals \u00fcber oder in den Wolken befindet. Auch wir hatten Gl\u00fcck und befanden uns \u00fcber den Wolken, wobei wir am Tag unserer Wanderung nahezu wolkenfreien und blauen Himmel hatten. <\/p>\n\n\n\n<figure class=\"wp-block-image size-large\"><img loading=\"lazy\" decoding=\"async\" width=\"1024\" height=\"768\" src=\"https:\/\/familie-weitgereist.de\/wp-content\/uploads\/2023\/03\/IMG_20230318_124426-1024x768.jpg\" alt=\"\" class=\"wp-image-13547\" srcset=\"https:\/\/familie-weitgereist.de\/wp-content\/uploads\/2023\/03\/IMG_20230318_124426-1024x768.jpg 1024w, https:\/\/familie-weitgereist.de\/wp-content\/uploads\/2023\/03\/IMG_20230318_124426-300x225.jpg 300w, https:\/\/familie-weitgereist.de\/wp-content\/uploads\/2023\/03\/IMG_20230318_124426-768x576.jpg 768w, https:\/\/familie-weitgereist.de\/wp-content\/uploads\/2023\/03\/IMG_20230318_124426-1536x1152.jpg 1536w, https:\/\/familie-weitgereist.de\/wp-content\/uploads\/2023\/03\/IMG_20230318_124426-2048x1536.jpg 2048w, https:\/\/familie-weitgereist.de\/wp-content\/uploads\/2023\/03\/IMG_20230318_124426-1200x900.jpg 1200w, https:\/\/familie-weitgereist.de\/wp-content\/uploads\/2023\/03\/IMG_20230318_124426-1980x1485.jpg 1980w, https:\/\/familie-weitgereist.de\/wp-content\/uploads\/2023\/03\/IMG_20230318_124426-150x113.jpg 150w\" sizes=\"auto, (max-width: 1024px) 100vw, 1024px\" \/><figcaption class=\"wp-element-caption\">Teneriffa und der Teide in der Ferne<\/figcaption><\/figure>\n\n\n\n<p>Unweit des Einstieges zur Wanderung befindet sich ein kleiner Parkplatz. Wir hatten Gl\u00fcck einen der letzten freien Pl\u00e4tze an einem Samstag zu ergattern, denn der Parkplatz ist wirklich klein und viele Wanderer m\u00f6chten parken. <\/p>\n\n\n\n<p>Wir wanderten durch herrliche kanarische Fichtenw\u00e4lder und es duftet so gut nach Natur! Die Wege sind gut ausgeschildert. <\/p>\n\n\n\n<figure class=\"wp-block-image size-large\"><img loading=\"lazy\" decoding=\"async\" width=\"1024\" height=\"768\" src=\"https:\/\/familie-weitgereist.de\/wp-content\/uploads\/2023\/03\/IMG_20230318_134415-1024x768.jpg\" alt=\"\" class=\"wp-image-13554\" srcset=\"https:\/\/familie-weitgereist.de\/wp-content\/uploads\/2023\/03\/IMG_20230318_134415-1024x768.jpg 1024w, https:\/\/familie-weitgereist.de\/wp-content\/uploads\/2023\/03\/IMG_20230318_134415-300x225.jpg 300w, https:\/\/familie-weitgereist.de\/wp-content\/uploads\/2023\/03\/IMG_20230318_134415-768x576.jpg 768w, https:\/\/familie-weitgereist.de\/wp-content\/uploads\/2023\/03\/IMG_20230318_134415-1536x1152.jpg 1536w, https:\/\/familie-weitgereist.de\/wp-content\/uploads\/2023\/03\/IMG_20230318_134415-2048x1536.jpg 2048w, https:\/\/familie-weitgereist.de\/wp-content\/uploads\/2023\/03\/IMG_20230318_134415-1200x900.jpg 1200w, https:\/\/familie-weitgereist.de\/wp-content\/uploads\/2023\/03\/IMG_20230318_134415-1980x1485.jpg 1980w, https:\/\/familie-weitgereist.de\/wp-content\/uploads\/2023\/03\/IMG_20230318_134415-150x113.jpg 150w\" sizes=\"auto, (max-width: 1024px) 100vw, 1024px\" \/><\/figure>\n\n\n\n<p>Die Wege sind in einem top Zustand. Wir liefen auf schmalen Waldwegen, \u00fcber Stock und Stein, vulkanische Treppenstufen hinauf und wieder hinab. Dabei hatten wir ganz oft Teneriffa und den Teide im Blick. <\/p>\n\n\n\n<div id=\"wp-block-themeisle-blocks-slider-3fe03225\" class=\"wp-block-themeisle-blocks-slider glide\" data-per-view=\"1\" data-gap=\"0\" data-peek=\"0\" data-autoplay=\"true\" data-height=\"400px\" data-hide-arrows=\"false\"><div class=\"glide__track\" data-glide-el=\"track\"><div class=\"glide__slides\"><div class=\"wp-block-themeisle-blocks-slider-item-wrapper glide__slide\" tabindex=\"0\"><figure><img decoding=\"async\" class=\"wp-block-themeisle-blocks-slider-item\" src=\"https:\/\/familie-weitgereist.de\/wp-content\/uploads\/2023\/03\/PXL_20230318_155001404-1-scaled.jpg\" alt=\"\" title=\"\" data-id=\"13558\"\/><\/figure><\/div><div class=\"wp-block-themeisle-blocks-slider-item-wrapper glide__slide\" tabindex=\"0\"><figure><img decoding=\"async\" class=\"wp-block-themeisle-blocks-slider-item\" src=\"https:\/\/familie-weitgereist.de\/wp-content\/uploads\/2023\/03\/IMG_20230318_121622-scaled.jpg\" alt=\"\" title=\"\" data-id=\"13562\"\/><\/figure><\/div><\/div><div class=\"glide__bullets\" data-glide-el=\"controls[nav]\"><button class=\"glide__bullet\" data-glide-dir=\"=0\"><\/button><button class=\"glide__bullet\" data-glide-dir=\"=1\"><\/button><\/div><\/div><\/div>\n\n\n\n<p>Angekommen am <strong><em>Roque<\/em> <em>Nublo<\/em><\/strong>, hatten wir einen richtigen <strong>Wow-Effekt<\/strong>! Pl\u00f6tzlich standen wir auf dieser weiten, aus Vulkangestein bestehenden Fl\u00e4che, den riesigen Fels vor uns. Es wirkte regelrecht surreal und wundersch\u00f6n! Wir sind immer wieder erstaunt, wie wunderbar die Natur auf unserer Erde ist!<\/p>\n\n\n\n<figure class=\"wp-block-image size-large\"><img loading=\"lazy\" decoding=\"async\" width=\"1024\" height=\"768\" src=\"https:\/\/familie-weitgereist.de\/wp-content\/uploads\/2023\/03\/IMG_20230318_150401-1024x768.jpg\" alt=\"\" class=\"wp-image-13560\" srcset=\"https:\/\/familie-weitgereist.de\/wp-content\/uploads\/2023\/03\/IMG_20230318_150401-1024x768.jpg 1024w, https:\/\/familie-weitgereist.de\/wp-content\/uploads\/2023\/03\/IMG_20230318_150401-300x225.jpg 300w, https:\/\/familie-weitgereist.de\/wp-content\/uploads\/2023\/03\/IMG_20230318_150401-768x576.jpg 768w, https:\/\/familie-weitgereist.de\/wp-content\/uploads\/2023\/03\/IMG_20230318_150401-1536x1152.jpg 1536w, https:\/\/familie-weitgereist.de\/wp-content\/uploads\/2023\/03\/IMG_20230318_150401-2048x1536.jpg 2048w, https:\/\/familie-weitgereist.de\/wp-content\/uploads\/2023\/03\/IMG_20230318_150401-1200x900.jpg 1200w, https:\/\/familie-weitgereist.de\/wp-content\/uploads\/2023\/03\/IMG_20230318_150401-1980x1485.jpg 1980w, https:\/\/familie-weitgereist.de\/wp-content\/uploads\/2023\/03\/IMG_20230318_150401-150x113.jpg 150w\" sizes=\"auto, (max-width: 1024px) 100vw, 1024px\" \/><figcaption class=\"wp-element-caption\">Roque Nublo<\/figcaption><\/figure>\n\n\n\n<p>Einen grandiosen Ausblick konnten wir von der &#8222;<strong><em>Zona de acampada<\/em><\/strong>&#8222;, einem gratis Naturcampingplatz auf den <strong>Roque Nublo<\/strong> genie\u00dfen. Wir verbrachten eine wundersch\u00f6ne Zeit inmitten toller Natur. Der Campingplatz befindet sich mitten im Wald. Die Stellpl\u00e4tze sind gratis, Toiletten, Grillpl\u00e4tze sind vorhanden, es muss jedoch eine <strong>Genehmigung<\/strong> beim <strong><em>Cabildo de Gran<\/em><\/strong> <strong><em>Canaria<\/em><\/strong> eingeholt werden. <\/p>\n\n\n\n<div id=\"wp-block-themeisle-blocks-slider-5c088cc1\" class=\"wp-block-themeisle-blocks-slider glide\" data-per-view=\"1\" data-gap=\"0\" data-peek=\"0\" data-autoplay=\"true\" data-height=\"400px\" data-hide-arrows=\"false\"><div class=\"glide__track\" data-glide-el=\"track\"><div class=\"glide__slides\"><div class=\"wp-block-themeisle-blocks-slider-item-wrapper glide__slide\" tabindex=\"0\"><figure><img decoding=\"async\" class=\"wp-block-themeisle-blocks-slider-item\" src=\"https:\/\/familie-weitgereist.de\/wp-content\/uploads\/2023\/03\/IMG_20230323_203444-scaled.jpg\" alt=\"\" title=\"\" data-id=\"13602\"\/><\/figure><\/div><div class=\"wp-block-themeisle-blocks-slider-item-wrapper glide__slide\" tabindex=\"0\"><figure><img decoding=\"async\" class=\"wp-block-themeisle-blocks-slider-item\" src=\"https:\/\/familie-weitgereist.de\/wp-content\/uploads\/2023\/03\/IMG_20230323_162554-scaled.jpg\" alt=\"\" title=\"\" data-id=\"13603\"\/><\/figure><\/div><div class=\"wp-block-themeisle-blocks-slider-item-wrapper glide__slide\" tabindex=\"0\"><figure><img decoding=\"async\" class=\"wp-block-themeisle-blocks-slider-item\" src=\"https:\/\/familie-weitgereist.de\/wp-content\/uploads\/2023\/03\/IMG_20230323_152457-scaled.jpg\" alt=\"\" title=\"\" data-id=\"13604\"\/><\/figure><\/div><\/div><div class=\"glide__bullets\" data-glide-el=\"controls[nav]\"><button class=\"glide__bullet\" data-glide-dir=\"=0\"><\/button><button class=\"glide__bullet\" data-glide-dir=\"=1\"><\/button><button class=\"glide__bullet\" data-glide-dir=\"=2\"><\/button><\/div><\/div><\/div>\n\n\n\n<p>Vom Campingplatz haben wir eine 4,5 km lange Wanderung zum Stausee <strong><em>Presa de los Hornos<\/em><\/strong> unternommen. Die Wanderung f\u00fchrte uns durch typische kanarische Kiefernw\u00e4lder, immer mit dem Blick auf den <strong><em>Roque Nublo<\/em><\/strong>. <\/p>\n\n\n\n<div id=\"wp-block-themeisle-blocks-slider-812504c0\" class=\"wp-block-themeisle-blocks-slider glide\" data-per-view=\"1\" data-gap=\"0\" data-peek=\"0\" data-autoplay=\"true\" data-height=\"400px\" data-hide-arrows=\"false\"><div class=\"glide__track\" data-glide-el=\"track\"><div class=\"glide__slides\"><div class=\"wp-block-themeisle-blocks-slider-item-wrapper glide__slide\" tabindex=\"0\"><figure><img decoding=\"async\" class=\"wp-block-themeisle-blocks-slider-item\" src=\"https:\/\/familie-weitgereist.de\/wp-content\/uploads\/2023\/03\/IMG_20230324_184926-scaled.jpg\" alt=\"\" title=\"\" data-id=\"13608\"\/><figcaption>Roque Nublo<\/figcaption><\/figure><\/div><div class=\"wp-block-themeisle-blocks-slider-item-wrapper glide__slide\" tabindex=\"0\"><figure><img decoding=\"async\" class=\"wp-block-themeisle-blocks-slider-item\" src=\"https:\/\/familie-weitgereist.de\/wp-content\/uploads\/2023\/03\/IMG_20230324_143008-scaled.jpg\" alt=\"\" title=\"\" data-id=\"13610\"\/><\/figure><\/div><div class=\"wp-block-themeisle-blocks-slider-item-wrapper glide__slide\" tabindex=\"0\"><figure><img decoding=\"async\" class=\"wp-block-themeisle-blocks-slider-item\" src=\"https:\/\/familie-weitgereist.de\/wp-content\/uploads\/2023\/03\/IMG_20230324_123011-scaled.jpg\" alt=\"\" title=\"\" data-id=\"13611\"\/><\/figure><\/div><\/div><div class=\"glide__bullets\" data-glide-el=\"controls[nav]\"><button class=\"glide__bullet\" data-glide-dir=\"=0\"><\/button><button class=\"glide__bullet\" data-glide-dir=\"=1\"><\/button><button class=\"glide__bullet\" data-glide-dir=\"=2\"><\/button><\/div><\/div><\/div>\n\n\n\n<p>Ein bezaubernder <strong>M\u00e4rchenwald<\/strong> befindet sich in <strong>Los Tilos de Moya<\/strong>. Wir wanderten einen Rundwanderweg von 2,5 km und lie\u00dfen uns richtig viel Zeit beim Beobachten der Pflanzen. Der Weg ist teilweise sehr schmal und f\u00fchrt an einem Berghang entlang. Die Aussichten auf die umliegenden Berge sind so sch\u00f6n! Alles ist gr\u00fcn und bl\u00fcht. Weiterhin liefen wir durch einen Urwald mit Lianen. Am Ausgangspunkt gibt es auch ein Besucherzentrum, welches jedoch am Wochenende geschlossen hat. <strong>Eine lohnenswerte kurze Wanderung, perfekt geeignet um mit Kindern die Natur zu erkunden. <\/strong><\/p>\n\n\n\n<div id=\"wp-block-themeisle-blocks-slider-a32736cc\" class=\"wp-block-themeisle-blocks-slider glide\" data-per-view=\"1\" data-gap=\"0\" data-peek=\"0\" data-autoplay=\"true\" data-height=\"400px\" data-hide-arrows=\"false\"><div class=\"glide__track\" data-glide-el=\"track\"><div class=\"glide__slides\"><div class=\"wp-block-themeisle-blocks-slider-item-wrapper glide__slide\" tabindex=\"0\"><figure><img decoding=\"async\" class=\"wp-block-themeisle-blocks-slider-item\" src=\"https:\/\/familie-weitgereist.de\/wp-content\/uploads\/2023\/03\/IMG_20230326_155133-scaled.jpg\" alt=\"\" title=\"\" data-id=\"13661\"\/><\/figure><\/div><div class=\"wp-block-themeisle-blocks-slider-item-wrapper glide__slide\" tabindex=\"0\"><figure><img decoding=\"async\" class=\"wp-block-themeisle-blocks-slider-item\" src=\"https:\/\/familie-weitgereist.de\/wp-content\/uploads\/2023\/03\/IMG_20230326_153156-scaled.jpg\" alt=\"\" title=\"\" data-id=\"13663\"\/><\/figure><\/div><div class=\"wp-block-themeisle-blocks-slider-item-wrapper glide__slide\" tabindex=\"0\"><figure><img decoding=\"async\" class=\"wp-block-themeisle-blocks-slider-item\" src=\"https:\/\/familie-weitgereist.de\/wp-content\/uploads\/2023\/03\/IMG_20230326_153056-scaled.jpg\" alt=\"\" title=\"\" data-id=\"13665\"\/><\/figure><\/div><div class=\"wp-block-themeisle-blocks-slider-item-wrapper glide__slide\" tabindex=\"0\"><figure><img decoding=\"async\" class=\"wp-block-themeisle-blocks-slider-item\" src=\"https:\/\/familie-weitgereist.de\/wp-content\/uploads\/2023\/03\/IMG_20230326_151052-scaled.jpg\" alt=\"\" title=\"\" data-id=\"13666\"\/><\/figure><\/div><\/div><div class=\"glide__bullets\" data-glide-el=\"controls[nav]\"><button class=\"glide__bullet\" data-glide-dir=\"=0\"><\/button><button class=\"glide__bullet\" data-glide-dir=\"=1\"><\/button><button class=\"glide__bullet\" data-glide-dir=\"=2\"><\/button><button class=\"glide__bullet\" data-glide-dir=\"=3\"><\/button><\/div><\/div><\/div>\n\n\n\n<p>Wir erwanderten die Region um den <strong>Pico de la Gorra<\/strong>, ein wundersch\u00f6nes Gebiet auf Gran Canaria. Dies liegt ganz in der N\u00e4he des h\u00f6chsten Gipfels von Gran Canaria, dem Pico de las Nieves. Wir folgten einem breiten Wanderweg und konnten bis zu den D\u00fcnen von Maspalomas blicken. Die Vulkanlandschaft zur einen Seite, blumige Wiesen auf der anderen Seite. Welch&#8216; ein Kontrast. Hier wurde ganz besonders deutlich, dass Gran Canaria 14 Mikroklimazonen hat. Das Summen der Bienen begleitete uns die ganze Zeit. <\/p>\n\n\n\n<div id=\"wp-block-themeisle-blocks-slider-cd082f9a\" class=\"wp-block-themeisle-blocks-slider glide\" data-per-view=\"1\" data-gap=\"0\" data-peek=\"0\" data-autoplay=\"true\" data-height=\"400px\" data-hide-arrows=\"false\"><div class=\"glide__track\" data-glide-el=\"track\"><div class=\"glide__slides\"><div class=\"wp-block-themeisle-blocks-slider-item-wrapper glide__slide\" tabindex=\"0\"><figure><img decoding=\"async\" class=\"wp-block-themeisle-blocks-slider-item\" src=\"https:\/\/familie-weitgereist.de\/wp-content\/uploads\/2023\/03\/IMG_20230328_143602-scaled.jpg\" alt=\"\" title=\"\" data-id=\"13673\"\/><\/figure><\/div><div class=\"wp-block-themeisle-blocks-slider-item-wrapper glide__slide\" tabindex=\"0\"><figure><img decoding=\"async\" class=\"wp-block-themeisle-blocks-slider-item\" src=\"https:\/\/familie-weitgereist.de\/wp-content\/uploads\/2023\/03\/IMG_20230328_133122-scaled.jpg\" alt=\"\" title=\"\" data-id=\"13674\"\/><\/figure><\/div><div class=\"wp-block-themeisle-blocks-slider-item-wrapper glide__slide\" tabindex=\"0\"><figure><img decoding=\"async\" class=\"wp-block-themeisle-blocks-slider-item\" src=\"https:\/\/familie-weitgereist.de\/wp-content\/uploads\/2023\/03\/IMG_20230328_132350-scaled.jpg\" alt=\"\" title=\"\" data-id=\"13675\"\/><\/figure><\/div><\/div><div class=\"glide__bullets\" data-glide-el=\"controls[nav]\"><button class=\"glide__bullet\" data-glide-dir=\"=0\"><\/button><button class=\"glide__bullet\" data-glide-dir=\"=1\"><\/button><button class=\"glide__bullet\" data-glide-dir=\"=2\"><\/button><\/div><\/div><\/div>\n\n\n\n<p>Die kanarischen Inseln sind eine Traumdestination im Atlantik. Sie sind einfach zu bereisen, die Anreise ist selbst mit dem Auto gut machbar (auch wenn es nat\u00fcrlich sehr lang dauert von Deutschland aus) und die einzelnen Inseln sind sehr verschieden. Auf jeder Insel gibt es wundersch\u00f6ne Natur zu entdecken! Wir hatten auf La Gomera, Teneriffa und Gran Canaria eine gro\u00dfartige Zeit!<\/p>\n","protected":false},"excerpt":{"rendered":"<p>Ab November 2022 haben wir unsere Elternzeit genutzt um mit unserem&nbsp;VW T6&nbsp;durch Europa zu reisen. Unsere Reise startete in&nbsp;Deutschland, f\u00fchrte anschlie\u00dfend weiter nach&nbsp;Luxemburg,&nbsp;Frankreich,&nbsp;Andorra, auf die&nbsp;balearischen Inseln,&nbsp;Gibraltar,&nbsp;Spanien,&nbsp;Portugal,&nbsp;La Gomera und Teneriffa. Allgemeine Informationen Gran Canaria ist nach Teneriffa und Fuerteventura die drittgr\u00f6\u00dfte kanarische Insel. Es leben ca. 850.000 Menschen auf Gran Canaria. Wie der Name vermuten l\u00e4sst, [&hellip;]<\/p>\n","protected":false},"author":3,"featured_media":13559,"comment_status":"open","ping_status":"open","sticky":false,"template":"","format":"standard","meta":{"_themeisle_gutenberg_block_has_review":false,"footnotes":""},"categories":[246,8,4,377],"tags":[890,882,898,880,894,891,893,889,899,888,897,892,883,896,895,881,884,885],"class_list":["post-13365","post","type-post","status-publish","format-standard","has-post-thumbnail","hentry","category-spanien","category-europa","category-laender","category-spielplaetze","tag-agate","tag-caldera-de-bandama","tag-casa-de-colon","tag-castillo-del-romeral","tag-charcos-de-banaderos","tag-el-corral-de-los-juncos","tag-galdar","tag-kaffeeplantage","tag-kolumbushaus","tag-la-laja","tag-las-palmas-de-gran-canaria","tag-los-tilos-de-moya","tag-maspalomas","tag-pico-de-la-gorra","tag-pico-de-las-nieves","tag-poema-del-mar-aquarium","tag-puerto-de-mogan","tag-roque-nublo"],"_links":{"self":[{"href":"https:\/\/familie-weitgereist.de\/index.php?rest_route=\/wp\/v2\/posts\/13365","targetHints":{"allow":["GET"]}}],"collection":[{"href":"https:\/\/familie-weitgereist.de\/index.php?rest_route=\/wp\/v2\/posts"}],"about":[{"href":"https:\/\/familie-weitgereist.de\/index.php?rest_route=\/wp\/v2\/types\/post"}],"author":[{"embeddable":true,"href":"https:\/\/familie-weitgereist.de\/index.php?rest_route=\/wp\/v2\/users\/3"}],"replies":[{"embeddable":true,"href":"https:\/\/familie-weitgereist.de\/index.php?rest_route=%2Fwp%2Fv2%2Fcomments&post=13365"}],"version-history":[{"count":213,"href":"https:\/\/familie-weitgereist.de\/index.php?rest_route=\/wp\/v2\/posts\/13365\/revisions"}],"predecessor-version":[{"id":24587,"href":"https:\/\/familie-weitgereist.de\/index.php?rest_route=\/wp\/v2\/posts\/13365\/revisions\/24587"}],"wp:featuredmedia":[{"embeddable":true,"href":"https:\/\/familie-weitgereist.de\/index.php?rest_route=\/wp\/v2\/media\/13559"}],"wp:attachment":[{"href":"https:\/\/familie-weitgereist.de\/index.php?rest_route=%2Fwp%2Fv2%2Fmedia&parent=13365"}],"wp:term":[{"taxonomy":"category","embeddable":true,"href":"https:\/\/familie-weitgereist.de\/index.php?rest_route=%2Fwp%2Fv2%2Fcategories&post=13365"},{"taxonomy":"post_tag","embeddable":true,"href":"https:\/\/familie-weitgereist.de\/index.php?rest_route=%2Fwp%2Fv2%2Ftags&post=13365"}],"curies":[{"name":"wp","href":"https:\/\/api.w.org\/{rel}","templated":true}]}}