{"id":13024,"date":"2023-02-03T23:28:36","date_gmt":"2023-02-03T22:28:36","guid":{"rendered":"https:\/\/familie-weitgereist.de\/?p=13024"},"modified":"2025-10-19T22:54:01","modified_gmt":"2025-10-19T20:54:01","slug":"europareise-roadtrip-teneriffa-kanarische-inseln-spanien-mit-kleinkind-und-baby","status":"publish","type":"post","link":"https:\/\/familie-weitgereist.de\/?p=13024","title":{"rendered":"Europareise Roadtrip &#8211; Teneriffa, Kanarische Inseln, Spanien mit Kleinkind und Baby"},"content":{"rendered":"\n<p>Ab November 2022 haben wir unsere Elternzeit genutzt um mit unserem&nbsp;<strong>VW T6&nbsp;<\/strong>durch Europa zu reisen. Unsere Reise startete in&nbsp;<strong><a href=\"https:\/\/familie-weitgereist.de\/?p=11288\">Deutschland<\/a><\/strong>, f\u00fchrte anschlie\u00dfend weiter nach&nbsp;<strong><a href=\"https:\/\/familie-weitgereist.de\/?p=11342\">Luxemburg<\/a><\/strong>,&nbsp;<strong><a href=\"https:\/\/familie-weitgereist.de\/?p=11397\">Frankreich<\/a><\/strong>,&nbsp;<strong><a href=\"https:\/\/familie-weitgereist.de\/?p=11799\">Andorra<\/a><\/strong>, auf die&nbsp;<strong><a href=\"https:\/\/familie-weitgereist.de\/?p=12081\">balearischen Inseln<\/a><\/strong>,&nbsp;<strong><a href=\"https:\/\/familie-weitgereist.de\/?p=12528\">Gibraltar<\/a><\/strong>,&nbsp;<a style=\"font-weight: bold;\" href=\"https:\/\/familie-weitgereist.de\/?p=12073\">Spanien<\/a>, <a href=\"https:\/\/familie-weitgereist.de\/?p=12700\"><strong>Portugal<\/strong><\/a> und <strong><a href=\"https:\/\/familie-weitgereist.de\/?p=12861\">La Gomera<\/a><\/strong>.<\/p>\n\n\n\n<figure class=\"wp-block-image size-large\"><img loading=\"lazy\" decoding=\"async\" width=\"1024\" height=\"768\" src=\"https:\/\/familie-weitgereist.de\/wp-content\/uploads\/2023\/02\/IMG_20230204_130321-1024x768.jpg\" alt=\"\" class=\"wp-image-13042\" srcset=\"https:\/\/familie-weitgereist.de\/wp-content\/uploads\/2023\/02\/IMG_20230204_130321-1024x768.jpg 1024w, https:\/\/familie-weitgereist.de\/wp-content\/uploads\/2023\/02\/IMG_20230204_130321-300x225.jpg 300w, https:\/\/familie-weitgereist.de\/wp-content\/uploads\/2023\/02\/IMG_20230204_130321-768x576.jpg 768w, https:\/\/familie-weitgereist.de\/wp-content\/uploads\/2023\/02\/IMG_20230204_130321-1536x1152.jpg 1536w, https:\/\/familie-weitgereist.de\/wp-content\/uploads\/2023\/02\/IMG_20230204_130321-2048x1536.jpg 2048w, https:\/\/familie-weitgereist.de\/wp-content\/uploads\/2023\/02\/IMG_20230204_130321-1200x900.jpg 1200w, https:\/\/familie-weitgereist.de\/wp-content\/uploads\/2023\/02\/IMG_20230204_130321-1980x1485.jpg 1980w, https:\/\/familie-weitgereist.de\/wp-content\/uploads\/2023\/02\/IMG_20230204_130321-150x113.jpg 150w\" sizes=\"auto, (max-width: 1024px) 100vw, 1024px\" \/><figcaption class=\"wp-element-caption\">Wanderung im Zentrum von Teneriffa <\/figcaption><\/figure>\n\n\n\n<figure class=\"wp-block-embed is-type-video is-provider-youtube wp-block-embed-youtube wp-embed-aspect-16-9 wp-has-aspect-ratio\"><div class=\"wp-block-embed__wrapper\">\n<iframe loading=\"lazy\" title=\"ROADTRIP EUROPA 2022 \/ 2023  - Woche #012\" width=\"580\" height=\"326\" src=\"https:\/\/www.youtube.com\/embed\/OfQRUnQf1OI?feature=oembed\" frameborder=\"0\" allow=\"accelerometer; autoplay; clipboard-write; encrypted-media; gyroscope; picture-in-picture; web-share\" referrerpolicy=\"strict-origin-when-cross-origin\" allowfullscreen><\/iframe>\n<\/div><\/figure>\n\n\n\n<figure class=\"wp-block-embed is-type-video is-provider-youtube wp-block-embed-youtube wp-embed-aspect-16-9 wp-has-aspect-ratio\"><div class=\"wp-block-embed__wrapper\">\n<iframe loading=\"lazy\" title=\"ROADTRIP EUROPA 2022 \/ 2023  - Woche #013\" width=\"580\" height=\"326\" src=\"https:\/\/www.youtube.com\/embed\/4VMKKBbKKVw?feature=oembed\" frameborder=\"0\" allow=\"accelerometer; autoplay; clipboard-write; encrypted-media; gyroscope; picture-in-picture; web-share\" referrerpolicy=\"strict-origin-when-cross-origin\" allowfullscreen><\/iframe>\n<\/div><\/figure>\n\n\n\n<figure class=\"wp-block-embed is-type-video is-provider-youtube wp-block-embed-youtube wp-embed-aspect-16-9 wp-has-aspect-ratio\"><div class=\"wp-block-embed__wrapper\">\n<iframe loading=\"lazy\" title=\"ROADTRIP EUROPA 2022 \/ 2023  - Woche #014\" width=\"580\" height=\"326\" src=\"https:\/\/www.youtube.com\/embed\/VCiimM7aMoA?feature=oembed\" frameborder=\"0\" allow=\"accelerometer; autoplay; clipboard-write; encrypted-media; gyroscope; picture-in-picture; web-share\" referrerpolicy=\"strict-origin-when-cross-origin\" allowfullscreen><\/iframe>\n<\/div><\/figure>\n\n\n\n<figure class=\"wp-block-embed is-type-video is-provider-youtube wp-block-embed-youtube wp-embed-aspect-16-9 wp-has-aspect-ratio\"><div class=\"wp-block-embed__wrapper\">\n<iframe loading=\"lazy\" title=\"ROADTRIP EUROPA 2022 \/ 2023  - Woche #015\" width=\"580\" height=\"326\" src=\"https:\/\/www.youtube.com\/embed\/FFqd4vtV3ZM?feature=oembed\" frameborder=\"0\" allow=\"accelerometer; autoplay; clipboard-write; encrypted-media; gyroscope; picture-in-picture; web-share\" referrerpolicy=\"strict-origin-when-cross-origin\" allowfullscreen><\/iframe>\n<\/div><\/figure>\n\n\n\n<figure class=\"wp-block-embed is-type-video is-provider-youtube wp-block-embed-youtube wp-embed-aspect-16-9 wp-has-aspect-ratio\"><div class=\"wp-block-embed__wrapper\">\n<iframe loading=\"lazy\" title=\"ROADTRIP EUROPA 2022 \/ 2023  - Woche #016\" width=\"580\" height=\"326\" src=\"https:\/\/www.youtube.com\/embed\/aaFKeqYmddc?feature=oembed\" frameborder=\"0\" allow=\"accelerometer; autoplay; clipboard-write; encrypted-media; gyroscope; picture-in-picture; web-share\" referrerpolicy=\"strict-origin-when-cross-origin\" allowfullscreen><\/iframe>\n<\/div><\/figure>\n\n\n\n<h2 class=\"wp-block-heading\">Anreise nach Teneriffa <\/h2>\n\n\n\n<p>Wir sind mit der <strong>F\u00e4hre<\/strong> von <strong>Huelva<\/strong>, auf dem spanischen Festland, nach <strong>Santa Cruz de Teneriffa <\/strong>gefahren. Da wir einen Tag sp\u00e4ter von <strong>Los Christianos auf Teneriffa<\/strong> nach <strong><a href=\"https:\/\/familie-weitgereist.de\/?p=12861\" data-type=\"link\" data-id=\"https:\/\/familie-weitgereist.de\/?p=12861\">San Sebasti\u00e1n de La Gomera<\/a><\/strong> weiter gereist sind, sind wir von La Gomera auch wieder zur\u00fcck nach Teneriffa gefahren.<\/p>\n\n\n\n<h2 class=\"wp-block-heading\">Allgemeine Informationen<\/h2>\n\n\n\n<p>Teneriffa ist die <strong>Gr\u00f6\u00dfte<\/strong> der kanarischen Inseln, welche vor der K\u00fcste Westafrikas liegen, auf der H\u00f6he S\u00fcd-Marokko und der Westsahara. Zudem befindet sich <strong>Spaniens<\/strong> <strong>h\u00f6chster Gipfel<\/strong> auf Teneriffa, der Teide mit einer H\u00f6he von 3715m. Teneriffa ist Ausgangspunkt um auf die Insel La Gomera und El Hierro zu gelangen. Ungef\u00e4hr 950000 Menschen leben auf Teneriffa und somit ist sie die <strong>bev\u00f6lkerungsreichste kanarische Insel<\/strong>. Die Einheimischen werden <strong>Tinerfe\u00f1os<\/strong> genannt. Teneriffa ist gesegnet mit einer <strong>wundersch\u00f6nen Natur<\/strong>. Die Landschaften sind gepr\u00e4gt von steinigen <strong>Vulkangestein<\/strong> zu kanarischen <strong>Kiefernw\u00e4ldern<\/strong>. Es gibt tolle <strong>Str\u00e4nde<\/strong> und ein gro\u00dfes ausgeschildertes <strong>Wandernetz<\/strong>. Teneriffa ist von Kontinentaleuropa sehr gut zu erreichen. Es gibt zwei Flugh\u00e4fen, zwei H\u00e4fen und eine Ringautobahn. <\/p>\n\n\n\n<h2 class=\"wp-block-heading\">Puertito de los Silos <\/h2>\n\n\n\n<p>Im Nordwesten von Teneriffa ist ein kleiner Ort namens <strong>Puertito de los Silos<\/strong>. Wir haben auf Teneriffa einen Monat in einer Ferienunterkunft verbracht und waren in diesem kleinen Ort. Am Wochenende haben wir immer gemeinsam die Insel erkundet und unter der Woche hat Philipp gearbeitet.<\/p>\n\n\n\n<figure class=\"wp-block-image size-large\"><img loading=\"lazy\" decoding=\"async\" width=\"1024\" height=\"768\" src=\"https:\/\/familie-weitgereist.de\/wp-content\/uploads\/2023\/02\/IMG_20230218_201021-1024x768.jpg\" alt=\"\" class=\"wp-image-13196\" srcset=\"https:\/\/familie-weitgereist.de\/wp-content\/uploads\/2023\/02\/IMG_20230218_201021-1024x768.jpg 1024w, https:\/\/familie-weitgereist.de\/wp-content\/uploads\/2023\/02\/IMG_20230218_201021-300x225.jpg 300w, https:\/\/familie-weitgereist.de\/wp-content\/uploads\/2023\/02\/IMG_20230218_201021-768x576.jpg 768w, https:\/\/familie-weitgereist.de\/wp-content\/uploads\/2023\/02\/IMG_20230218_201021-1536x1152.jpg 1536w, https:\/\/familie-weitgereist.de\/wp-content\/uploads\/2023\/02\/IMG_20230218_201021-2048x1536.jpg 2048w, https:\/\/familie-weitgereist.de\/wp-content\/uploads\/2023\/02\/IMG_20230218_201021-1200x900.jpg 1200w, https:\/\/familie-weitgereist.de\/wp-content\/uploads\/2023\/02\/IMG_20230218_201021-1980x1485.jpg 1980w, https:\/\/familie-weitgereist.de\/wp-content\/uploads\/2023\/02\/IMG_20230218_201021-150x113.jpg 150w\" sizes=\"auto, (max-width: 1024px) 100vw, 1024px\" \/><figcaption class=\"wp-element-caption\">Unsere Ferienwohnung auf Teneriffa <\/figcaption><\/figure>\n\n\n\n<p>Die K\u00fcste ist sehr rau und f\u00e4llt zum Teil steil ins Meer hinab. Die vulkanischen Spuren sind an der Nordk\u00fcste besonders deutlich. Es gibt sogenannte <strong><em>Charcos<\/em><\/strong>. Das sind kleine nat\u00fcrliche Wasserbecken. Die vorgelagerten Felsen brechen die Wellen und ein unbeschwertes Baden ist m\u00f6glich. Sobald die Flut einsetzt, kann man die Kraft des Meeres erkennen, denn die Wellen brechen dann auch \u00fcber die Felsen.<\/p>\n\n\n\n<figure class=\"wp-block-image size-large\"><img loading=\"lazy\" decoding=\"async\" width=\"1024\" height=\"768\" src=\"https:\/\/familie-weitgereist.de\/wp-content\/uploads\/2023\/02\/IMG_20230206_134451-1024x768.jpg\" alt=\"\" class=\"wp-image-13096\" srcset=\"https:\/\/familie-weitgereist.de\/wp-content\/uploads\/2023\/02\/IMG_20230206_134451-1024x768.jpg 1024w, https:\/\/familie-weitgereist.de\/wp-content\/uploads\/2023\/02\/IMG_20230206_134451-300x225.jpg 300w, https:\/\/familie-weitgereist.de\/wp-content\/uploads\/2023\/02\/IMG_20230206_134451-768x576.jpg 768w, https:\/\/familie-weitgereist.de\/wp-content\/uploads\/2023\/02\/IMG_20230206_134451-1536x1152.jpg 1536w, https:\/\/familie-weitgereist.de\/wp-content\/uploads\/2023\/02\/IMG_20230206_134451-2048x1536.jpg 2048w, https:\/\/familie-weitgereist.de\/wp-content\/uploads\/2023\/02\/IMG_20230206_134451-1200x900.jpg 1200w, https:\/\/familie-weitgereist.de\/wp-content\/uploads\/2023\/02\/IMG_20230206_134451-1980x1485.jpg 1980w, https:\/\/familie-weitgereist.de\/wp-content\/uploads\/2023\/02\/IMG_20230206_134451-150x113.jpg 150w\" sizes=\"auto, (max-width: 1024px) 100vw, 1024px\" \/><figcaption class=\"wp-element-caption\">Charco Los Chochos<\/figcaption><\/figure>\n\n\n\n<h2 class=\"wp-block-heading\">Ausfl\u00fcge auf Teneriffa<\/h2>\n\n\n\n<h2 class=\"wp-block-heading\">Abades, eine verlassene Geisterstadt<\/h2>\n\n\n\n<p>Abades ist noch ein relativ unbekannter Ort auf Teneriffa und nicht die erste Sehensw\u00fcrdigkeit an die man denkt, wenn man auf Teneriffa Urlaub macht.<\/p>\n\n\n\n<figure class=\"wp-block-image size-large\"><img loading=\"lazy\" decoding=\"async\" width=\"1024\" height=\"768\" src=\"https:\/\/familie-weitgereist.de\/wp-content\/uploads\/2023\/02\/1000020442-1024x768.jpg\" alt=\"\" class=\"wp-image-23604\" srcset=\"https:\/\/familie-weitgereist.de\/wp-content\/uploads\/2023\/02\/1000020442-1024x768.jpg 1024w, https:\/\/familie-weitgereist.de\/wp-content\/uploads\/2023\/02\/1000020442-300x225.jpg 300w, https:\/\/familie-weitgereist.de\/wp-content\/uploads\/2023\/02\/1000020442-768x576.jpg 768w, https:\/\/familie-weitgereist.de\/wp-content\/uploads\/2023\/02\/1000020442-1536x1152.jpg 1536w, https:\/\/familie-weitgereist.de\/wp-content\/uploads\/2023\/02\/1000020442-2048x1536.jpg 2048w, https:\/\/familie-weitgereist.de\/wp-content\/uploads\/2023\/02\/1000020442-1200x900.jpg 1200w, https:\/\/familie-weitgereist.de\/wp-content\/uploads\/2023\/02\/1000020442-1980x1485.jpg 1980w, https:\/\/familie-weitgereist.de\/wp-content\/uploads\/2023\/02\/1000020442-150x113.jpg 150w\" sizes=\"auto, (max-width: 1024px) 100vw, 1024px\" \/><\/figure>\n\n\n\n<p>Abades liegt an der S\u00fcdostk\u00fcste Teneriffas, direkt am Meer. Auf dem Berg, oberhalb der K\u00fcste, befindet sich eine <strong>Geisterstadt<\/strong>. Von hier oben hat man einen sch\u00f6nen Blick aufs Meer.<\/p>\n\n\n\n<p>In Abades sollte 1944 eine <strong>Station f\u00fcr Lepra<\/strong> <strong>Kranke<\/strong> entstehen, die jedoch nie er\u00f6ffnet wurde. Mitten im 2. Weltkrieg k\u00e4mpfte Teneriffa gegen die Lepra Krankheit und hatte im Jahr 1944 sogar 200 Lepratote zu verzeichnen. Die Kanaren blieben vom 2. Weltkrieg jedoch verschont. Die Klinik sollte &#8222;<strong>Sanatario de Abono<\/strong>&#8220; hei\u00dfen. Da w\u00e4hrend des Baus der Klinik ein Medikament gegen Lepra gefunden wurde, war die Er\u00f6ffnung der Klinik nicht mehr notwendig.<\/p>\n\n\n\n<figure class=\"wp-block-image size-large\"><img loading=\"lazy\" decoding=\"async\" width=\"1024\" height=\"768\" src=\"https:\/\/familie-weitgereist.de\/wp-content\/uploads\/2023\/02\/1000020415-1024x768.jpg\" alt=\"\" class=\"wp-image-23607\" srcset=\"https:\/\/familie-weitgereist.de\/wp-content\/uploads\/2023\/02\/1000020415-1024x768.jpg 1024w, https:\/\/familie-weitgereist.de\/wp-content\/uploads\/2023\/02\/1000020415-300x225.jpg 300w, https:\/\/familie-weitgereist.de\/wp-content\/uploads\/2023\/02\/1000020415-768x576.jpg 768w, https:\/\/familie-weitgereist.de\/wp-content\/uploads\/2023\/02\/1000020415-1536x1152.jpg 1536w, https:\/\/familie-weitgereist.de\/wp-content\/uploads\/2023\/02\/1000020415-2048x1536.jpg 2048w, https:\/\/familie-weitgereist.de\/wp-content\/uploads\/2023\/02\/1000020415-1200x900.jpg 1200w, https:\/\/familie-weitgereist.de\/wp-content\/uploads\/2023\/02\/1000020415-1980x1485.jpg 1980w, https:\/\/familie-weitgereist.de\/wp-content\/uploads\/2023\/02\/1000020415-150x113.jpg 150w\" sizes=\"auto, (max-width: 1024px) 100vw, 1024px\" \/><\/figure>\n\n\n\n<p>Bis 2000 wurde das Gel\u00e4nde vom Milit\u00e4r genutzt. Nun ist es eine verlassene Geisterstadt. Selbst bei Tageslicht ist die Stimmung etwas gruselig, wenn man die alten Geb\u00e4ude betritt. Es sind noch einige Sanit\u00e4ranlagen zu erkennen, ein Waschhaus und viele R\u00e4ume. Auf dem H\u00fcgel befindet sich eine leerstehende Kirche, die nun Heimat vieler Tauben ist.<\/p>\n\n\n\n<figure class=\"wp-block-image size-large\"><img loading=\"lazy\" decoding=\"async\" width=\"1024\" height=\"768\" src=\"https:\/\/familie-weitgereist.de\/wp-content\/uploads\/2023\/02\/1000020435-1024x768.jpg\" alt=\"\" class=\"wp-image-23606\" srcset=\"https:\/\/familie-weitgereist.de\/wp-content\/uploads\/2023\/02\/1000020435-1024x768.jpg 1024w, https:\/\/familie-weitgereist.de\/wp-content\/uploads\/2023\/02\/1000020435-300x225.jpg 300w, https:\/\/familie-weitgereist.de\/wp-content\/uploads\/2023\/02\/1000020435-768x576.jpg 768w, https:\/\/familie-weitgereist.de\/wp-content\/uploads\/2023\/02\/1000020435-1536x1152.jpg 1536w, https:\/\/familie-weitgereist.de\/wp-content\/uploads\/2023\/02\/1000020435-2048x1536.jpg 2048w, https:\/\/familie-weitgereist.de\/wp-content\/uploads\/2023\/02\/1000020435-1200x900.jpg 1200w, https:\/\/familie-weitgereist.de\/wp-content\/uploads\/2023\/02\/1000020435-1980x1485.jpg 1980w, https:\/\/familie-weitgereist.de\/wp-content\/uploads\/2023\/02\/1000020435-150x113.jpg 150w\" sizes=\"auto, (max-width: 1024px) 100vw, 1024px\" \/><\/figure>\n\n\n\n<h2 class=\"wp-block-heading\">Casa de Pl\u00e1tano (Bananenhaus) <\/h2>\n\n\n\n<p>Wir haben auf Teneriffa, in Icod de los Vinos ein Museum besichtigt, in dem sich alles um die <strong>Banane<\/strong> drehte. Es wird gezeigt, wie ein Bananenbaum w\u00e4chst, wie sich die Bananen entwickeln und wie die kanarischen Bananen in die ganze Welt verschifft werden. Es war sehr interessant. Ein Bananenbaum tr\u00e4gt nur einmal eine Bananenstaude und ben\u00f6tigt 14 &#8211; 16 Monate daf\u00fcr. Anschlie\u00dfend wird er gef\u00e4llt. Es gibt mehr als 1000 verschiedene Bananensorten, wobei zu 95% die klassische S\u00fc\u00dfbanane konsumiert wird, welche wir kennen. Es gibt Kochbananen, rote Bananen, welche innen pink sind und nach Himbeeren schmecken und Apfelbananen, die nach Apfel schmecken. Wir besichtigten eine kleine Plantage und erfuhren mittels Informationstafeln ganz viele interessante Fakten zur Banane. Merlin interessiert sich sehr f\u00fcr den Bananenanbau und die Verschiffung, da wir auf unserer Reise Bananenkisten gesehen haben, die in Containern verschifft worden sind und auf Teneriffa sehr viele Plantagen sind.<\/p>\n\n\n\n<figure class=\"wp-block-gallery has-nested-images columns-default is-cropped wp-block-gallery-1 is-layout-flex wp-block-gallery-is-layout-flex\">\n<figure class=\"wp-block-image size-large\"><img loading=\"lazy\" decoding=\"async\" width=\"1024\" height=\"768\" data-id=\"13075\" src=\"https:\/\/familie-weitgereist.de\/wp-content\/uploads\/2023\/02\/IMG_20230203_123507-3-1024x768.jpg\" alt=\"\" class=\"wp-image-13075\" srcset=\"https:\/\/familie-weitgereist.de\/wp-content\/uploads\/2023\/02\/IMG_20230203_123507-3-1024x768.jpg 1024w, https:\/\/familie-weitgereist.de\/wp-content\/uploads\/2023\/02\/IMG_20230203_123507-3-300x225.jpg 300w, https:\/\/familie-weitgereist.de\/wp-content\/uploads\/2023\/02\/IMG_20230203_123507-3-768x576.jpg 768w, https:\/\/familie-weitgereist.de\/wp-content\/uploads\/2023\/02\/IMG_20230203_123507-3-1536x1152.jpg 1536w, https:\/\/familie-weitgereist.de\/wp-content\/uploads\/2023\/02\/IMG_20230203_123507-3-2048x1536.jpg 2048w, https:\/\/familie-weitgereist.de\/wp-content\/uploads\/2023\/02\/IMG_20230203_123507-3-1200x900.jpg 1200w, https:\/\/familie-weitgereist.de\/wp-content\/uploads\/2023\/02\/IMG_20230203_123507-3-1980x1485.jpg 1980w, https:\/\/familie-weitgereist.de\/wp-content\/uploads\/2023\/02\/IMG_20230203_123507-3-150x113.jpg 150w\" sizes=\"auto, (max-width: 1024px) 100vw, 1024px\" \/><\/figure>\n\n\n\n<figure class=\"wp-block-image size-large\"><img loading=\"lazy\" decoding=\"async\" width=\"1024\" height=\"768\" data-id=\"13074\" src=\"https:\/\/familie-weitgereist.de\/wp-content\/uploads\/2023\/02\/IMG_20230203_115039-1024x768.jpg\" alt=\"\" class=\"wp-image-13074\" srcset=\"https:\/\/familie-weitgereist.de\/wp-content\/uploads\/2023\/02\/IMG_20230203_115039-1024x768.jpg 1024w, https:\/\/familie-weitgereist.de\/wp-content\/uploads\/2023\/02\/IMG_20230203_115039-300x225.jpg 300w, https:\/\/familie-weitgereist.de\/wp-content\/uploads\/2023\/02\/IMG_20230203_115039-768x576.jpg 768w, https:\/\/familie-weitgereist.de\/wp-content\/uploads\/2023\/02\/IMG_20230203_115039-1536x1152.jpg 1536w, https:\/\/familie-weitgereist.de\/wp-content\/uploads\/2023\/02\/IMG_20230203_115039-2048x1536.jpg 2048w, https:\/\/familie-weitgereist.de\/wp-content\/uploads\/2023\/02\/IMG_20230203_115039-1200x900.jpg 1200w, https:\/\/familie-weitgereist.de\/wp-content\/uploads\/2023\/02\/IMG_20230203_115039-1980x1485.jpg 1980w, https:\/\/familie-weitgereist.de\/wp-content\/uploads\/2023\/02\/IMG_20230203_115039-150x113.jpg 150w\" sizes=\"auto, (max-width: 1024px) 100vw, 1024px\" \/><figcaption class=\"wp-element-caption\">Casa del Pl\u00e1tano <\/figcaption><\/figure>\n\n\n\n<figure class=\"wp-block-image size-large\"><img loading=\"lazy\" decoding=\"async\" width=\"1024\" height=\"768\" data-id=\"13076\" src=\"https:\/\/familie-weitgereist.de\/wp-content\/uploads\/2023\/02\/IMG_20230203_120406-1024x768.jpg\" alt=\"\" class=\"wp-image-13076\" srcset=\"https:\/\/familie-weitgereist.de\/wp-content\/uploads\/2023\/02\/IMG_20230203_120406-1024x768.jpg 1024w, https:\/\/familie-weitgereist.de\/wp-content\/uploads\/2023\/02\/IMG_20230203_120406-300x225.jpg 300w, https:\/\/familie-weitgereist.de\/wp-content\/uploads\/2023\/02\/IMG_20230203_120406-768x576.jpg 768w, https:\/\/familie-weitgereist.de\/wp-content\/uploads\/2023\/02\/IMG_20230203_120406-1536x1152.jpg 1536w, https:\/\/familie-weitgereist.de\/wp-content\/uploads\/2023\/02\/IMG_20230203_120406-2048x1536.jpg 2048w, https:\/\/familie-weitgereist.de\/wp-content\/uploads\/2023\/02\/IMG_20230203_120406-1200x900.jpg 1200w, https:\/\/familie-weitgereist.de\/wp-content\/uploads\/2023\/02\/IMG_20230203_120406-1980x1485.jpg 1980w, https:\/\/familie-weitgereist.de\/wp-content\/uploads\/2023\/02\/IMG_20230203_120406-150x113.jpg 150w\" sizes=\"auto, (max-width: 1024px) 100vw, 1024px\" \/><\/figure>\n<\/figure>\n\n\n\n<h2 class=\"wp-block-heading\">Garachico <\/h2>\n\n\n\n<p>Die kleine Stadt Garachico mit ca. 4800 Einwohnern z\u00e4hlt zu den <strong>sch\u00f6nsten Orten Spaniens<\/strong>. Wir sind mehrmals an dem Ort auf der K\u00fcstenstra\u00dfe vorbei gefahren. Ein Besuch des Stadtzentrums ist sehr lohnenswert. <\/p>\n\n\n\n<p>Die engen Kopfsteinpflastergassen und die traditionell wei\u00df gehaltenen H\u00e4user schenken dem Ort ein besonderes Flair. <\/p>\n\n\n\n<figure class=\"wp-block-image size-large\"><img loading=\"lazy\" decoding=\"async\" width=\"1024\" height=\"768\" src=\"https:\/\/familie-weitgereist.de\/wp-content\/uploads\/2023\/02\/IMG_20230224_171329-1024x768.jpg\" alt=\"\" class=\"wp-image-13258\" srcset=\"https:\/\/familie-weitgereist.de\/wp-content\/uploads\/2023\/02\/IMG_20230224_171329-1024x768.jpg 1024w, https:\/\/familie-weitgereist.de\/wp-content\/uploads\/2023\/02\/IMG_20230224_171329-300x225.jpg 300w, https:\/\/familie-weitgereist.de\/wp-content\/uploads\/2023\/02\/IMG_20230224_171329-768x576.jpg 768w, https:\/\/familie-weitgereist.de\/wp-content\/uploads\/2023\/02\/IMG_20230224_171329-1536x1152.jpg 1536w, https:\/\/familie-weitgereist.de\/wp-content\/uploads\/2023\/02\/IMG_20230224_171329-2048x1536.jpg 2048w, https:\/\/familie-weitgereist.de\/wp-content\/uploads\/2023\/02\/IMG_20230224_171329-1200x900.jpg 1200w, https:\/\/familie-weitgereist.de\/wp-content\/uploads\/2023\/02\/IMG_20230224_171329-1980x1485.jpg 1980w, https:\/\/familie-weitgereist.de\/wp-content\/uploads\/2023\/02\/IMG_20230224_171329-150x113.jpg 150w\" sizes=\"auto, (max-width: 1024px) 100vw, 1024px\" \/><\/figure>\n\n\n\n<p>Ein kleines <strong><em>Castillo<\/em><\/strong> (Schloss) liegt direkt an der K\u00fcste und diente fr\u00fcher als Schutz vor den Angriffen von Piraten und zur Verteidigung des Hafens. <\/p>\n\n\n\n<figure class=\"wp-block-image size-large\"><img loading=\"lazy\" decoding=\"async\" width=\"1024\" height=\"768\" src=\"https:\/\/familie-weitgereist.de\/wp-content\/uploads\/2023\/02\/IMG_20230224_182713-1024x768.jpg\" alt=\"\" class=\"wp-image-13265\" srcset=\"https:\/\/familie-weitgereist.de\/wp-content\/uploads\/2023\/02\/IMG_20230224_182713-1024x768.jpg 1024w, https:\/\/familie-weitgereist.de\/wp-content\/uploads\/2023\/02\/IMG_20230224_182713-300x225.jpg 300w, https:\/\/familie-weitgereist.de\/wp-content\/uploads\/2023\/02\/IMG_20230224_182713-768x576.jpg 768w, https:\/\/familie-weitgereist.de\/wp-content\/uploads\/2023\/02\/IMG_20230224_182713-1536x1152.jpg 1536w, https:\/\/familie-weitgereist.de\/wp-content\/uploads\/2023\/02\/IMG_20230224_182713-2048x1536.jpg 2048w, https:\/\/familie-weitgereist.de\/wp-content\/uploads\/2023\/02\/IMG_20230224_182713-1200x900.jpg 1200w, https:\/\/familie-weitgereist.de\/wp-content\/uploads\/2023\/02\/IMG_20230224_182713-1980x1485.jpg 1980w, https:\/\/familie-weitgereist.de\/wp-content\/uploads\/2023\/02\/IMG_20230224_182713-150x113.jpg 150w\" sizes=\"auto, (max-width: 1024px) 100vw, 1024px\" \/><\/figure>\n\n\n\n<p>Es gibt zudem eine sch\u00f6ne Strandpromenade. Dort befindet sich ein Spielplatz und ein kleiner Strand. Sollten die Wellen zu hoch sein, ist es auch m\u00f6glich in den Naturschwimmbecken zu baden. Diese Becken sind auf nat\u00fcrlichem Wege aus dem Lavagestein entstanden. Die Wellen brechen schon vorher auf den hohen Felsen und ein angenehmes Bad kann im Meerwasser genossen werden.<\/p>\n\n\n\n<figure class=\"wp-block-image size-large\"><img loading=\"lazy\" decoding=\"async\" width=\"1024\" height=\"768\" src=\"https:\/\/familie-weitgereist.de\/wp-content\/uploads\/2023\/02\/IMG_20230224_180535-1024x768.jpg\" alt=\"\" class=\"wp-image-13264\" srcset=\"https:\/\/familie-weitgereist.de\/wp-content\/uploads\/2023\/02\/IMG_20230224_180535-1024x768.jpg 1024w, https:\/\/familie-weitgereist.de\/wp-content\/uploads\/2023\/02\/IMG_20230224_180535-300x225.jpg 300w, https:\/\/familie-weitgereist.de\/wp-content\/uploads\/2023\/02\/IMG_20230224_180535-768x576.jpg 768w, https:\/\/familie-weitgereist.de\/wp-content\/uploads\/2023\/02\/IMG_20230224_180535-1536x1152.jpg 1536w, https:\/\/familie-weitgereist.de\/wp-content\/uploads\/2023\/02\/IMG_20230224_180535-2048x1536.jpg 2048w, https:\/\/familie-weitgereist.de\/wp-content\/uploads\/2023\/02\/IMG_20230224_180535-1200x900.jpg 1200w, https:\/\/familie-weitgereist.de\/wp-content\/uploads\/2023\/02\/IMG_20230224_180535-1980x1485.jpg 1980w, https:\/\/familie-weitgereist.de\/wp-content\/uploads\/2023\/02\/IMG_20230224_180535-150x113.jpg 150w\" sizes=\"auto, (max-width: 1024px) 100vw, 1024px\" \/><figcaption class=\"wp-element-caption\">Spielplatz am Strand<\/figcaption><\/figure>\n\n\n\n<p>Die Kirche liegt zentral im Ortszentrum. Ein kleiner Park befindet sich direkt daneben und von dort kann man mittels vieler Treppenstufen in den oberen Teil der Altstadt gelangen. Die Aussicht auf die Stadt und den Atlantik ist so sch\u00f6n. <\/p>\n\n\n\n<figure class=\"wp-block-image size-large\"><img loading=\"lazy\" decoding=\"async\" width=\"1024\" height=\"768\" src=\"https:\/\/familie-weitgereist.de\/wp-content\/uploads\/2023\/02\/IMG_20230224_175334-1024x768.jpg\" alt=\"\" class=\"wp-image-13269\" srcset=\"https:\/\/familie-weitgereist.de\/wp-content\/uploads\/2023\/02\/IMG_20230224_175334-1024x768.jpg 1024w, https:\/\/familie-weitgereist.de\/wp-content\/uploads\/2023\/02\/IMG_20230224_175334-300x225.jpg 300w, https:\/\/familie-weitgereist.de\/wp-content\/uploads\/2023\/02\/IMG_20230224_175334-768x576.jpg 768w, https:\/\/familie-weitgereist.de\/wp-content\/uploads\/2023\/02\/IMG_20230224_175334-1536x1152.jpg 1536w, https:\/\/familie-weitgereist.de\/wp-content\/uploads\/2023\/02\/IMG_20230224_175334-2048x1536.jpg 2048w, https:\/\/familie-weitgereist.de\/wp-content\/uploads\/2023\/02\/IMG_20230224_175334-1200x900.jpg 1200w, https:\/\/familie-weitgereist.de\/wp-content\/uploads\/2023\/02\/IMG_20230224_175334-1980x1485.jpg 1980w, https:\/\/familie-weitgereist.de\/wp-content\/uploads\/2023\/02\/IMG_20230224_175334-150x113.jpg 150w\" sizes=\"auto, (max-width: 1024px) 100vw, 1024px\" \/><figcaption class=\"wp-element-caption\">Garachico<\/figcaption><\/figure>\n\n\n\n<p>Sehr interessant ist, dass Garachico <strong>1706<\/strong> bei einem <strong>Vulkanausbruch<\/strong> des Berges <strong>Monta\u00f1a Negra<\/strong> komplett versch\u00fcttet wurde. Neun Tage lang liefen die Lavastr\u00f6me \u00fcber die Stadt hinweg. Mittlerweile erinnern daran nur noch Informationstafeln.<\/p>\n\n\n\n<h2 class=\"wp-block-heading\">Las Eras<\/h2>\n\n\n\n<p>Das kleine Fischerd\u00f6rfchen liegt im Osten von Teneriffa und ist besonders bei Tauchern sehr beliebt. Unter Wasser sollen sich viele verschiedene Meereslebewesen befinden und sogar Statuen.<\/p>\n\n\n\n<p>Wir erkundeten Las Eras, entdeckten einen tollen Spielplatz und schlenderten an der wundersch\u00f6nen kleinen K\u00fcstenpromenade entlang.<\/p>\n\n\n\n<figure class=\"wp-block-image size-large\"><img loading=\"lazy\" decoding=\"async\" width=\"1024\" height=\"768\" src=\"https:\/\/familie-weitgereist.de\/wp-content\/uploads\/2023\/02\/1000020371-1-1024x768.jpg\" alt=\"\" class=\"wp-image-23617\" srcset=\"https:\/\/familie-weitgereist.de\/wp-content\/uploads\/2023\/02\/1000020371-1-1024x768.jpg 1024w, https:\/\/familie-weitgereist.de\/wp-content\/uploads\/2023\/02\/1000020371-1-300x225.jpg 300w, https:\/\/familie-weitgereist.de\/wp-content\/uploads\/2023\/02\/1000020371-1-768x576.jpg 768w, https:\/\/familie-weitgereist.de\/wp-content\/uploads\/2023\/02\/1000020371-1-1536x1152.jpg 1536w, https:\/\/familie-weitgereist.de\/wp-content\/uploads\/2023\/02\/1000020371-1-2048x1536.jpg 2048w, https:\/\/familie-weitgereist.de\/wp-content\/uploads\/2023\/02\/1000020371-1-1200x900.jpg 1200w, https:\/\/familie-weitgereist.de\/wp-content\/uploads\/2023\/02\/1000020371-1-1980x1485.jpg 1980w, https:\/\/familie-weitgereist.de\/wp-content\/uploads\/2023\/02\/1000020371-1-150x113.jpg 150w\" sizes=\"auto, (max-width: 1024px) 100vw, 1024px\" \/><\/figure>\n\n\n\n<p>Kleine H\u00e4uschen schmiegen sich an den Felshang, der steinige Lavastrand und die bunten Boote bieten eine traumhafte Kulisse.<\/p>\n\n\n\n<figure class=\"wp-block-image size-large\"><img loading=\"lazy\" decoding=\"async\" width=\"1024\" height=\"768\" src=\"https:\/\/familie-weitgereist.de\/wp-content\/uploads\/2023\/02\/1000020389-1024x768.jpg\" alt=\"\" class=\"wp-image-23614\" srcset=\"https:\/\/familie-weitgereist.de\/wp-content\/uploads\/2023\/02\/1000020389-1024x768.jpg 1024w, https:\/\/familie-weitgereist.de\/wp-content\/uploads\/2023\/02\/1000020389-300x225.jpg 300w, https:\/\/familie-weitgereist.de\/wp-content\/uploads\/2023\/02\/1000020389-768x576.jpg 768w, https:\/\/familie-weitgereist.de\/wp-content\/uploads\/2023\/02\/1000020389-1536x1152.jpg 1536w, https:\/\/familie-weitgereist.de\/wp-content\/uploads\/2023\/02\/1000020389-2048x1536.jpg 2048w, https:\/\/familie-weitgereist.de\/wp-content\/uploads\/2023\/02\/1000020389-1200x900.jpg 1200w, https:\/\/familie-weitgereist.de\/wp-content\/uploads\/2023\/02\/1000020389-1980x1485.jpg 1980w, https:\/\/familie-weitgereist.de\/wp-content\/uploads\/2023\/02\/1000020389-150x113.jpg 150w\" sizes=\"auto, (max-width: 1024px) 100vw, 1024px\" \/><\/figure>\n\n\n\n<h2 class=\"wp-block-heading\">Los Cristianos<\/h2>\n\n\n\n<p>Die Hafenstadt im S\u00fcden von Teneriffa ist ein beliebter Ort bei Touristen. Dementsprechend gibt es zahlreiche Hotel- und Resortanlagen. Die lange Strandpromenade l\u00e4dt zu Spazierg\u00e4ngen ein und in gesch\u00fctzten Buchten kann sicher im Wasser geschwommen werden. Es gibt breite, wei\u00dfe Sandstr\u00e4nde und viele Restaurants, Caf\u00e9s und Bars.<\/p>\n\n\n\n<p>Im S\u00fcden von Los Cristianos befinden sich mehrere Wanderwege, den Berg hinauf Richtung Palm-Mar. F\u00fcr unsere Jungs war es ein gro\u00dfes Abenteuer, denn auf dem schmalen Wanderweg wird gekraxelt und \u00fcber gro\u00dfe Steine geklettert.<\/p>\n\n\n\n<figure class=\"wp-block-image size-large\"><img loading=\"lazy\" decoding=\"async\" width=\"1024\" height=\"768\" src=\"https:\/\/familie-weitgereist.de\/wp-content\/uploads\/2023\/02\/1000020503-1-1024x768.jpg\" alt=\"\" class=\"wp-image-23625\" srcset=\"https:\/\/familie-weitgereist.de\/wp-content\/uploads\/2023\/02\/1000020503-1-1024x768.jpg 1024w, https:\/\/familie-weitgereist.de\/wp-content\/uploads\/2023\/02\/1000020503-1-300x225.jpg 300w, https:\/\/familie-weitgereist.de\/wp-content\/uploads\/2023\/02\/1000020503-1-768x576.jpg 768w, https:\/\/familie-weitgereist.de\/wp-content\/uploads\/2023\/02\/1000020503-1-1536x1152.jpg 1536w, https:\/\/familie-weitgereist.de\/wp-content\/uploads\/2023\/02\/1000020503-1-2048x1536.jpg 2048w, https:\/\/familie-weitgereist.de\/wp-content\/uploads\/2023\/02\/1000020503-1-1200x900.jpg 1200w, https:\/\/familie-weitgereist.de\/wp-content\/uploads\/2023\/02\/1000020503-1-1980x1485.jpg 1980w, https:\/\/familie-weitgereist.de\/wp-content\/uploads\/2023\/02\/1000020503-1-150x113.jpg 150w\" sizes=\"auto, (max-width: 1024px) 100vw, 1024px\" \/><\/figure>\n\n\n\n<p>Die Aussicht auf Los Cristianos und den Hafen ist wundersch\u00f6n.<\/p>\n\n\n\n<figure class=\"wp-block-image size-large\"><img loading=\"lazy\" decoding=\"async\" width=\"1024\" height=\"768\" src=\"https:\/\/familie-weitgereist.de\/wp-content\/uploads\/2023\/02\/1000020507-1024x768.jpg\" alt=\"\" class=\"wp-image-23623\" srcset=\"https:\/\/familie-weitgereist.de\/wp-content\/uploads\/2023\/02\/1000020507-1024x768.jpg 1024w, https:\/\/familie-weitgereist.de\/wp-content\/uploads\/2023\/02\/1000020507-300x225.jpg 300w, https:\/\/familie-weitgereist.de\/wp-content\/uploads\/2023\/02\/1000020507-768x576.jpg 768w, https:\/\/familie-weitgereist.de\/wp-content\/uploads\/2023\/02\/1000020507-1536x1152.jpg 1536w, https:\/\/familie-weitgereist.de\/wp-content\/uploads\/2023\/02\/1000020507-2048x1536.jpg 2048w, https:\/\/familie-weitgereist.de\/wp-content\/uploads\/2023\/02\/1000020507-1200x900.jpg 1200w, https:\/\/familie-weitgereist.de\/wp-content\/uploads\/2023\/02\/1000020507-1980x1485.jpg 1980w, https:\/\/familie-weitgereist.de\/wp-content\/uploads\/2023\/02\/1000020507-150x113.jpg 150w\" sizes=\"auto, (max-width: 1024px) 100vw, 1024px\" \/><\/figure>\n\n\n\n<p>Unweit von Los Cristianos befindet sich der kleine Ort <strong>Las Chafiras<\/strong>. Wir haben im <strong>Parque<\/strong> <strong>Llano del Camello<\/strong> einen sch\u00f6nen Vormittag verbracht, bevor unsere F\u00e4hre von Los Cristianos nach <strong>El Hierro<\/strong> ging.<\/p>\n\n\n\n<p>Im Park gibt es einen gro\u00dfen Spielplatz mit zwei Kletterspinnen, Schaukeln, mehreren Rutschen und Kletterger\u00fcsten. Zudem gibt es verschiedene Courts um Basketball oder Fu\u00dfball zu spielen.<\/p>\n\n\n\n<figure class=\"wp-block-image size-large\"><img loading=\"lazy\" decoding=\"async\" width=\"1024\" height=\"768\" src=\"https:\/\/familie-weitgereist.de\/wp-content\/uploads\/2023\/02\/1000020574-1024x768.jpg\" alt=\"\" class=\"wp-image-23641\" srcset=\"https:\/\/familie-weitgereist.de\/wp-content\/uploads\/2023\/02\/1000020574-1024x768.jpg 1024w, https:\/\/familie-weitgereist.de\/wp-content\/uploads\/2023\/02\/1000020574-300x225.jpg 300w, https:\/\/familie-weitgereist.de\/wp-content\/uploads\/2023\/02\/1000020574-768x576.jpg 768w, https:\/\/familie-weitgereist.de\/wp-content\/uploads\/2023\/02\/1000020574-1536x1152.jpg 1536w, https:\/\/familie-weitgereist.de\/wp-content\/uploads\/2023\/02\/1000020574-2048x1536.jpg 2048w, https:\/\/familie-weitgereist.de\/wp-content\/uploads\/2023\/02\/1000020574-1200x900.jpg 1200w, https:\/\/familie-weitgereist.de\/wp-content\/uploads\/2023\/02\/1000020574-1980x1485.jpg 1980w, https:\/\/familie-weitgereist.de\/wp-content\/uploads\/2023\/02\/1000020574-150x113.jpg 150w\" sizes=\"auto, (max-width: 1024px) 100vw, 1024px\" \/><\/figure>\n\n\n\n<h2 class=\"wp-block-heading\">Loro Parque<\/h2>\n\n\n\n<p>Der <strong>Loro (Papagei) Parque<\/strong> ist ein Zoo, welcher sich seit mehr als 50 Jahren f\u00fcr den Artenschutz einsetzt. Mittlerweile gibt es nicht nur Papageien, sondern viele verschiedene Tiere, wie L\u00f6wen, Pinguine, Delfine, Orcas, Krokodile, Flamingos und verschiedene Aquarien. <\/p>\n\n\n\n<div id=\"wp-block-themeisle-blocks-slider-6e5b4538\" class=\"wp-block-themeisle-blocks-slider glide\" data-per-view=\"1\" data-gap=\"0\" data-peek=\"0\" data-autoplay=\"true\" data-height=\"400px\" data-hide-arrows=\"false\"><div class=\"glide__track\" data-glide-el=\"track\"><div class=\"glide__slides\"><div class=\"wp-block-themeisle-blocks-slider-item-wrapper glide__slide\" tabindex=\"0\"><figure><img decoding=\"async\" class=\"wp-block-themeisle-blocks-slider-item\" src=\"https:\/\/familie-weitgereist.de\/wp-content\/uploads\/2023\/02\/IMG_20230211_161044-scaled.jpg\" alt=\"\" title=\"\" data-id=\"13133\"\/><\/figure><\/div><div class=\"wp-block-themeisle-blocks-slider-item-wrapper glide__slide\" tabindex=\"0\"><figure><img decoding=\"async\" class=\"wp-block-themeisle-blocks-slider-item\" src=\"https:\/\/familie-weitgereist.de\/wp-content\/uploads\/2023\/02\/IMG_20230211_151940-scaled.jpg\" alt=\"\" title=\"\" data-id=\"13140\"\/><\/figure><\/div><div class=\"wp-block-themeisle-blocks-slider-item-wrapper glide__slide\" tabindex=\"0\"><figure><img decoding=\"async\" class=\"wp-block-themeisle-blocks-slider-item\" src=\"https:\/\/familie-weitgereist.de\/wp-content\/uploads\/2023\/02\/IMG_20230211_145412-scaled.jpg\" alt=\"\" title=\"\" data-id=\"13141\"\/><\/figure><\/div><div class=\"wp-block-themeisle-blocks-slider-item-wrapper glide__slide\" tabindex=\"0\"><figure><img decoding=\"async\" class=\"wp-block-themeisle-blocks-slider-item\" src=\"https:\/\/familie-weitgereist.de\/wp-content\/uploads\/2023\/02\/IMG_20230211_123529-scaled.jpg\" alt=\"\" title=\"\" data-id=\"13142\"\/><\/figure><\/div><\/div><div class=\"glide__bullets\" data-glide-el=\"controls[nav]\"><button class=\"glide__bullet\" data-glide-dir=\"=0\"><\/button><button class=\"glide__bullet\" data-glide-dir=\"=1\"><\/button><button class=\"glide__bullet\" data-glide-dir=\"=2\"><\/button><button class=\"glide__bullet\" data-glide-dir=\"=3\"><\/button><\/div><\/div><\/div>\n\n\n\n<p>Zudem gibt es einen <strong>Kinderbereich<\/strong> &#8222;<strong>Kinderlandia<\/strong>&#8220; mit Kletterb\u00e4umen. Eine kleine Achterbahn, die Orcabahn f\u00e4hrt neben dem Kinderlandia. Eine Fahrt muss jedoch extra bezahlt werden und kostet 1\u20ac. Der Park hat von 9:30 bis 17:30 t\u00e4glich ge\u00f6ffnet. Der <strong>Eintrittspreis ist relativ teuer<\/strong>. Ab 12 Jahren kostet der Eintritt 40\u20ac, Kinder von 6 bis 11 Jahren zahlen 28\u20ac. Es ist m\u00f6glich ein <strong>Kombinationsticket<\/strong> mit dem <strong>Siam Park<\/strong> zu kaufen. Dies nutzten wir und wir zahlten 70\u20ac f\u00fcr beide Parks. Es gibt noch viele andere Ticketm\u00f6glichkeiten, u.a. mit Essensm\u00f6glichkeiten. (<em>Stand Februar 2023<\/em>)<\/p>\n\n\n\n<div id=\"wp-block-themeisle-blocks-slider-8cab903b\" class=\"wp-block-themeisle-blocks-slider glide\" data-per-view=\"1\" data-gap=\"0\" data-peek=\"0\" data-autoplay=\"true\" data-height=\"400px\" data-hide-arrows=\"false\"><div class=\"glide__track\" data-glide-el=\"track\"><div class=\"glide__slides\"><div class=\"wp-block-themeisle-blocks-slider-item-wrapper glide__slide\" tabindex=\"0\"><figure><img decoding=\"async\" class=\"wp-block-themeisle-blocks-slider-item\" src=\"https:\/\/familie-weitgereist.de\/wp-content\/uploads\/2023\/02\/IMG_20230211_164135-scaled.jpg\" alt=\"\" title=\"\" data-id=\"13130\"\/><\/figure><\/div><div class=\"wp-block-themeisle-blocks-slider-item-wrapper glide__slide\" tabindex=\"0\"><figure><img decoding=\"async\" class=\"wp-block-themeisle-blocks-slider-item\" src=\"https:\/\/familie-weitgereist.de\/wp-content\/uploads\/2023\/02\/IMG_20230211_145125-scaled.jpg\" alt=\"\" title=\"\" data-id=\"13135\"\/><\/figure><\/div><div class=\"wp-block-themeisle-blocks-slider-item-wrapper glide__slide\" tabindex=\"0\"><figure><img decoding=\"async\" class=\"wp-block-themeisle-blocks-slider-item\" src=\"https:\/\/familie-weitgereist.de\/wp-content\/uploads\/2023\/02\/IMG_20230211_103307-scaled.jpg\" alt=\"\" title=\"\" data-id=\"13139\"\/><\/figure><\/div><\/div><div class=\"glide__bullets\" data-glide-el=\"controls[nav]\"><button class=\"glide__bullet\" data-glide-dir=\"=0\"><\/button><button class=\"glide__bullet\" data-glide-dir=\"=1\"><\/button><button class=\"glide__bullet\" data-glide-dir=\"=2\"><\/button><\/div><\/div><\/div>\n\n\n\n<p>Das Highlight im Park sind die <strong>vier<\/strong> <strong>Tiershows<\/strong>. Es gibt eine <strong>Seel\u00f6wen-, Delfin-, Orca- und Papageienshow<\/strong>. Tiershows k\u00f6nnen durchaus kritisch gesehen werden. Wir haben jedoch beobachtet, wie liebevoll die Trainer mit den Tieren umgegangen sind. Ohne gegenseitiges Vertrauen und Respekt scheint dies nicht m\u00f6glich zu sein. Die Shows und was die Tiere k\u00f6nnen war wirklich beeindruckend. Jede Show dauert 20 Minuten. Unsere Jungs haben gestaunt, als sie die Tiere gesehen haben.<\/p>\n\n\n\n<div id=\"wp-block-themeisle-blocks-slider-4e9721f4\" class=\"wp-block-themeisle-blocks-slider glide\" data-per-view=\"1\" data-gap=\"0\" data-peek=\"0\" data-autoplay=\"true\" data-height=\"400px\" data-hide-arrows=\"false\"><div class=\"glide__track\" data-glide-el=\"track\"><div class=\"glide__slides\"><div class=\"wp-block-themeisle-blocks-slider-item-wrapper glide__slide\" tabindex=\"0\"><figure><img decoding=\"async\" class=\"wp-block-themeisle-blocks-slider-item\" src=\"https:\/\/familie-weitgereist.de\/wp-content\/uploads\/2023\/02\/IMG_20230211_153245-scaled.jpg\" alt=\"\" title=\"\" data-id=\"13148\"\/><\/figure><\/div><div class=\"wp-block-themeisle-blocks-slider-item-wrapper glide__slide\" tabindex=\"0\"><figure><img decoding=\"async\" class=\"wp-block-themeisle-blocks-slider-item\" src=\"https:\/\/familie-weitgereist.de\/wp-content\/uploads\/2023\/02\/IMG_20230211_130410-scaled.jpg\" alt=\"\" title=\"\" data-id=\"13151\"\/><\/figure><\/div><div class=\"wp-block-themeisle-blocks-slider-item-wrapper glide__slide\" tabindex=\"0\"><figure><img decoding=\"async\" class=\"wp-block-themeisle-blocks-slider-item\" src=\"https:\/\/familie-weitgereist.de\/wp-content\/uploads\/2023\/02\/IMG_20230211_115600-scaled.jpg\" alt=\"\" title=\"\" data-id=\"13153\"\/><\/figure><\/div><div class=\"wp-block-themeisle-blocks-slider-item-wrapper glide__slide\" tabindex=\"0\"><figure><img decoding=\"async\" class=\"wp-block-themeisle-blocks-slider-item\" src=\"https:\/\/familie-weitgereist.de\/wp-content\/uploads\/2023\/02\/IMG_20230211_111700-scaled.jpg\" alt=\"\" title=\"\" data-id=\"13155\"\/><\/figure><\/div><\/div><div class=\"glide__bullets\" data-glide-el=\"controls[nav]\"><button class=\"glide__bullet\" data-glide-dir=\"=0\"><\/button><button class=\"glide__bullet\" data-glide-dir=\"=1\"><\/button><button class=\"glide__bullet\" data-glide-dir=\"=2\"><\/button><button class=\"glide__bullet\" data-glide-dir=\"=3\"><\/button><\/div><\/div><\/div>\n\n\n\n<h2 class=\"wp-block-heading\">Siam Park <\/h2>\n\n\n\n<p>Der Siam Park wurde schon 8 Mal in Folge zu dem sch\u00f6nsten Wasserpark gek\u00fcrt. Laut TripAdvisor ist er der <strong>beste Wasserpark der<\/strong> <strong>Welt<\/strong>. Das Areal ist wundersch\u00f6n. Viele B\u00e4ume spenden gro\u00dffl\u00e4chig Schatten. Die Geb\u00e4ude und auch die Rutschen erscheinen in einem asiatischen Dschungelflair. Es gibt Attraktionen f\u00fcr die ganze Familie. <\/p>\n\n\n\n<figure class=\"wp-block-image size-large\"><img loading=\"lazy\" decoding=\"async\" width=\"1024\" height=\"768\" src=\"https:\/\/familie-weitgereist.de\/wp-content\/uploads\/2023\/02\/IMG_20230225_171042-1024x768.jpg\" alt=\"\" class=\"wp-image-13295\" srcset=\"https:\/\/familie-weitgereist.de\/wp-content\/uploads\/2023\/02\/IMG_20230225_171042-1024x768.jpg 1024w, https:\/\/familie-weitgereist.de\/wp-content\/uploads\/2023\/02\/IMG_20230225_171042-300x225.jpg 300w, https:\/\/familie-weitgereist.de\/wp-content\/uploads\/2023\/02\/IMG_20230225_171042-768x576.jpg 768w, https:\/\/familie-weitgereist.de\/wp-content\/uploads\/2023\/02\/IMG_20230225_171042-1536x1152.jpg 1536w, https:\/\/familie-weitgereist.de\/wp-content\/uploads\/2023\/02\/IMG_20230225_171042-2048x1536.jpg 2048w, https:\/\/familie-weitgereist.de\/wp-content\/uploads\/2023\/02\/IMG_20230225_171042-1200x900.jpg 1200w, https:\/\/familie-weitgereist.de\/wp-content\/uploads\/2023\/02\/IMG_20230225_171042-1980x1485.jpg 1980w, https:\/\/familie-weitgereist.de\/wp-content\/uploads\/2023\/02\/IMG_20230225_171042-150x113.jpg 150w\" sizes=\"auto, (max-width: 1024px) 100vw, 1024px\" \/><figcaption class=\"wp-element-caption\">Eingangsbereich mit den Seel\u00f6wen<\/figcaption><\/figure>\n\n\n\n<p>Einige Rutschen sind wirklich unwahrscheinlich abenteuerlich und wir f\u00fchlten uns wie in einer Achterbahn. Diese Rutschen k\u00f6nnen ab einer Gr\u00f6\u00dfe von 1,40m oder 1,25m berutscht werden. <\/p>\n\n\n\n<figure class=\"wp-block-image\"><img decoding=\"async\" src=\"https:\/\/familie-weitgereist.de\/wp-content\/uploads\/2023\/02\/PXL_20230225_152705928-1-scaled.jpg\" alt=\"\"\/><figcaption class=\"wp-element-caption\">Tower of Power<\/figcaption><\/figure>\n\n\n\n<p>Es gibt jedoch auch viele Rutschen, die ab 1,10m gerutscht werden k\u00f6nnen. F\u00fcr kleinere Kinder gibt es einen riesigen <strong>Wasserspielplatz<\/strong> &#8222;<strong><em>Lost City<\/em><\/strong>&#8222;. Dort spritzt und sprudelt das Wasser aus allen Ecken und Enden heraus und viele kleine und gr\u00f6\u00dfere Rutschen bieten viel zum Entdecken. <\/p>\n\n\n\n<figure class=\"wp-block-image size-large\"><img loading=\"lazy\" decoding=\"async\" width=\"1024\" height=\"576\" src=\"https:\/\/familie-weitgereist.de\/wp-content\/uploads\/2023\/02\/PXL_20230225_134603415-1024x576.jpg\" alt=\"\" class=\"wp-image-13284\" srcset=\"https:\/\/familie-weitgereist.de\/wp-content\/uploads\/2023\/02\/PXL_20230225_134603415-1024x576.jpg 1024w, https:\/\/familie-weitgereist.de\/wp-content\/uploads\/2023\/02\/PXL_20230225_134603415-300x169.jpg 300w, https:\/\/familie-weitgereist.de\/wp-content\/uploads\/2023\/02\/PXL_20230225_134603415-768x432.jpg 768w, https:\/\/familie-weitgereist.de\/wp-content\/uploads\/2023\/02\/PXL_20230225_134603415-1536x864.jpg 1536w, https:\/\/familie-weitgereist.de\/wp-content\/uploads\/2023\/02\/PXL_20230225_134603415-2048x1152.jpg 2048w, https:\/\/familie-weitgereist.de\/wp-content\/uploads\/2023\/02\/PXL_20230225_134603415-1200x675.jpg 1200w, https:\/\/familie-weitgereist.de\/wp-content\/uploads\/2023\/02\/PXL_20230225_134603415-1980x1114.jpg 1980w, https:\/\/familie-weitgereist.de\/wp-content\/uploads\/2023\/02\/PXL_20230225_134603415-150x84.jpg 150w\" sizes=\"auto, (max-width: 1024px) 100vw, 1024px\" \/><figcaption class=\"wp-element-caption\">Kinderwasserspielplatz &#8222;Lost City&#8220;<\/figcaption><\/figure>\n\n\n\n<p>Zudem gibt es einen Kinderbereich &#8222;<strong><em>Sawasdee<\/em><\/strong>&#8222;, wo die gro\u00dfen Rutschen in kleiner Form f\u00fcr die Kinder abgewandelt wurden. <\/p>\n\n\n\n<figure class=\"wp-block-image size-large\"><img loading=\"lazy\" decoding=\"async\" width=\"1024\" height=\"768\" src=\"https:\/\/familie-weitgereist.de\/wp-content\/uploads\/2023\/02\/IMG_20230225_170950-1024x768.jpg\" alt=\"\" class=\"wp-image-13296\" srcset=\"https:\/\/familie-weitgereist.de\/wp-content\/uploads\/2023\/02\/IMG_20230225_170950-1024x768.jpg 1024w, https:\/\/familie-weitgereist.de\/wp-content\/uploads\/2023\/02\/IMG_20230225_170950-300x225.jpg 300w, https:\/\/familie-weitgereist.de\/wp-content\/uploads\/2023\/02\/IMG_20230225_170950-768x576.jpg 768w, https:\/\/familie-weitgereist.de\/wp-content\/uploads\/2023\/02\/IMG_20230225_170950-1536x1152.jpg 1536w, https:\/\/familie-weitgereist.de\/wp-content\/uploads\/2023\/02\/IMG_20230225_170950-2048x1536.jpg 2048w, https:\/\/familie-weitgereist.de\/wp-content\/uploads\/2023\/02\/IMG_20230225_170950-1200x900.jpg 1200w, https:\/\/familie-weitgereist.de\/wp-content\/uploads\/2023\/02\/IMG_20230225_170950-1980x1485.jpg 1980w, https:\/\/familie-weitgereist.de\/wp-content\/uploads\/2023\/02\/IMG_20230225_170950-150x113.jpg 150w\" sizes=\"auto, (max-width: 1024px) 100vw, 1024px\" \/><\/figure>\n\n\n\n<p>Der <strong><em>Mai Thai<\/em><\/strong> <em><strong>River<\/strong><\/em> flie\u00dft durch fast den gesamten Park und wir lie\u00dfen uns auf den gro\u00dfen Schwimmringen treiben. Das sch\u00f6ne ist, dass es doppelte Schwimmringe gibt und wir gemeinsam die Fahrt genie\u00dfen konnten.<\/p>\n\n\n\n<figure class=\"wp-block-image size-large\"><img loading=\"lazy\" decoding=\"async\" width=\"1024\" height=\"768\" src=\"https:\/\/familie-weitgereist.de\/wp-content\/uploads\/2023\/02\/IMG_20230227_221558-1024x768.jpg\" alt=\"\" class=\"wp-image-13292\" srcset=\"https:\/\/familie-weitgereist.de\/wp-content\/uploads\/2023\/02\/IMG_20230227_221558-1024x768.jpg 1024w, https:\/\/familie-weitgereist.de\/wp-content\/uploads\/2023\/02\/IMG_20230227_221558-300x225.jpg 300w, https:\/\/familie-weitgereist.de\/wp-content\/uploads\/2023\/02\/IMG_20230227_221558-768x576.jpg 768w, https:\/\/familie-weitgereist.de\/wp-content\/uploads\/2023\/02\/IMG_20230227_221558-1536x1152.jpg 1536w, https:\/\/familie-weitgereist.de\/wp-content\/uploads\/2023\/02\/IMG_20230227_221558-2048x1536.jpg 2048w, https:\/\/familie-weitgereist.de\/wp-content\/uploads\/2023\/02\/IMG_20230227_221558-1200x900.jpg 1200w, https:\/\/familie-weitgereist.de\/wp-content\/uploads\/2023\/02\/IMG_20230227_221558-1980x1485.jpg 1980w, https:\/\/familie-weitgereist.de\/wp-content\/uploads\/2023\/02\/IMG_20230227_221558-150x113.jpg 150w\" sizes=\"auto, (max-width: 1024px) 100vw, 1024px\" \/><\/figure>\n\n\n\n<p>Einen gro\u00dfen <strong>Sandstrand<\/strong> namens <strong><em>Coco<\/em><\/strong> <strong><em>Beach<\/em><\/strong> mit vielen Liegem\u00f6glichkeiten und einem gro\u00dfen Wasserbecken gibt es ebenso. Leider konnten wir dort nur kurz verweilen, denn der Park schlie\u00dft 17:00 und die Zeit ist sehr schnell vergangen. <\/p>\n\n\n\n<figure class=\"wp-block-image size-large\"><img loading=\"lazy\" decoding=\"async\" width=\"1024\" height=\"768\" src=\"https:\/\/familie-weitgereist.de\/wp-content\/uploads\/2023\/02\/IMG_20230225_170129-1024x768.jpg\" alt=\"\" class=\"wp-image-13294\" srcset=\"https:\/\/familie-weitgereist.de\/wp-content\/uploads\/2023\/02\/IMG_20230225_170129-1024x768.jpg 1024w, https:\/\/familie-weitgereist.de\/wp-content\/uploads\/2023\/02\/IMG_20230225_170129-300x225.jpg 300w, https:\/\/familie-weitgereist.de\/wp-content\/uploads\/2023\/02\/IMG_20230225_170129-768x576.jpg 768w, https:\/\/familie-weitgereist.de\/wp-content\/uploads\/2023\/02\/IMG_20230225_170129-1536x1152.jpg 1536w, https:\/\/familie-weitgereist.de\/wp-content\/uploads\/2023\/02\/IMG_20230225_170129-2048x1536.jpg 2048w, https:\/\/familie-weitgereist.de\/wp-content\/uploads\/2023\/02\/IMG_20230225_170129-1200x900.jpg 1200w, https:\/\/familie-weitgereist.de\/wp-content\/uploads\/2023\/02\/IMG_20230225_170129-1980x1485.jpg 1980w, https:\/\/familie-weitgereist.de\/wp-content\/uploads\/2023\/02\/IMG_20230225_170129-150x113.jpg 150w\" sizes=\"auto, (max-width: 1024px) 100vw, 1024px\" \/><figcaption class=\"wp-element-caption\">Coco Beach <\/figcaption><\/figure>\n\n\n\n<p>Der Wasserpark ist f\u00fcr alle wirklich ein gro\u00dfer Spa\u00df. Bedacht werden sollte, dass Kinder nicht alle Rutschen rutschen k\u00f6nnen. Da wir zwei Erwachsene waren, konnte immer nur einer rutschen und der andere blieb bei den Kindern. Dies ist manchmal etwas umst\u00e4ndlich, da manche Rutschen nur zu zweit oder zu viert gerutscht werden k\u00f6nnen. Am Rutscheneingang konnten wir warten bis jemand kam, der auch allein war. Es gibt im Park auch sehr viel zu entdecken. Wir haben nicht alle Attraktionen geschafft und mussten immer nur sehr kurz warten. In der Hauptsaison wird der Park gut besucht sein und an den Rutschen muss mit l\u00e4ngeren Wartezeiten zu rechnen sein.<\/p>\n\n\n\n<h2 class=\"wp-block-heading\">Los Gigantes <\/h2>\n\n\n\n<p>Die <strong>riesigen Felsen <\/strong>von Los Gigantes sind schon von Weitem zu sehen und tats\u00e4chlich atemberaubend! Die Felsen ragen sehr steil nach oben, die tosenden Wellen brechen sich an den Felsen und die Weite des Meeres bietet einen grandiosen Kontrast dazu. Wir haben die Aussicht bei einem Picknick genossen. <\/p>\n\n\n\n<figure class=\"wp-block-image size-large\"><img loading=\"lazy\" decoding=\"async\" width=\"1024\" height=\"768\" src=\"https:\/\/familie-weitgereist.de\/wp-content\/uploads\/2023\/02\/IMG_20230217_150051-1024x768.jpg\" alt=\"\" class=\"wp-image-13210\" srcset=\"https:\/\/familie-weitgereist.de\/wp-content\/uploads\/2023\/02\/IMG_20230217_150051-1024x768.jpg 1024w, https:\/\/familie-weitgereist.de\/wp-content\/uploads\/2023\/02\/IMG_20230217_150051-300x225.jpg 300w, https:\/\/familie-weitgereist.de\/wp-content\/uploads\/2023\/02\/IMG_20230217_150051-768x576.jpg 768w, https:\/\/familie-weitgereist.de\/wp-content\/uploads\/2023\/02\/IMG_20230217_150051-1536x1152.jpg 1536w, https:\/\/familie-weitgereist.de\/wp-content\/uploads\/2023\/02\/IMG_20230217_150051-2048x1536.jpg 2048w, https:\/\/familie-weitgereist.de\/wp-content\/uploads\/2023\/02\/IMG_20230217_150051-1200x900.jpg 1200w, https:\/\/familie-weitgereist.de\/wp-content\/uploads\/2023\/02\/IMG_20230217_150051-1980x1485.jpg 1980w, https:\/\/familie-weitgereist.de\/wp-content\/uploads\/2023\/02\/IMG_20230217_150051-150x113.jpg 150w\" sizes=\"auto, (max-width: 1024px) 100vw, 1024px\" \/><figcaption class=\"wp-element-caption\">Los Gigantes<\/figcaption><\/figure>\n\n\n\n<p>Anschlie\u00dfend sind wir hinunter in den <strong>Ort<\/strong> <strong>Los Gigantes<\/strong> gefahren.<\/p>\n\n\n\n<figure class=\"wp-block-image size-large\"><img loading=\"lazy\" decoding=\"async\" width=\"1024\" height=\"768\" src=\"https:\/\/familie-weitgereist.de\/wp-content\/uploads\/2023\/02\/IMG_20230217_150107-1024x768.jpg\" alt=\"\" class=\"wp-image-13212\" srcset=\"https:\/\/familie-weitgereist.de\/wp-content\/uploads\/2023\/02\/IMG_20230217_150107-1024x768.jpg 1024w, https:\/\/familie-weitgereist.de\/wp-content\/uploads\/2023\/02\/IMG_20230217_150107-300x225.jpg 300w, https:\/\/familie-weitgereist.de\/wp-content\/uploads\/2023\/02\/IMG_20230217_150107-768x576.jpg 768w, https:\/\/familie-weitgereist.de\/wp-content\/uploads\/2023\/02\/IMG_20230217_150107-1536x1152.jpg 1536w, https:\/\/familie-weitgereist.de\/wp-content\/uploads\/2023\/02\/IMG_20230217_150107-2048x1536.jpg 2048w, https:\/\/familie-weitgereist.de\/wp-content\/uploads\/2023\/02\/IMG_20230217_150107-1200x900.jpg 1200w, https:\/\/familie-weitgereist.de\/wp-content\/uploads\/2023\/02\/IMG_20230217_150107-1980x1485.jpg 1980w, https:\/\/familie-weitgereist.de\/wp-content\/uploads\/2023\/02\/IMG_20230217_150107-150x113.jpg 150w\" sizes=\"auto, (max-width: 1024px) 100vw, 1024px\" \/><figcaption class=\"wp-element-caption\">Der Ort Los Gigantes <\/figcaption><\/figure>\n\n\n\n<p>Dort genossen wir ein erfrischendes Bad in einem <strong>Naturpool<\/strong>. Es ist ein k\u00fcnstlich angelegter Pool, da die Wellen zu stark w\u00e4ren, um baden zu gehen. Die Wellen spritzten \u00fcber die Mauern. <\/p>\n\n\n\n<figure class=\"wp-block-image size-large\"><img loading=\"lazy\" decoding=\"async\" width=\"1024\" height=\"768\" src=\"https:\/\/familie-weitgereist.de\/wp-content\/uploads\/2023\/02\/IMG_20230217_160214-1024x768.jpg\" alt=\"\" class=\"wp-image-13214\" srcset=\"https:\/\/familie-weitgereist.de\/wp-content\/uploads\/2023\/02\/IMG_20230217_160214-1024x768.jpg 1024w, https:\/\/familie-weitgereist.de\/wp-content\/uploads\/2023\/02\/IMG_20230217_160214-300x225.jpg 300w, https:\/\/familie-weitgereist.de\/wp-content\/uploads\/2023\/02\/IMG_20230217_160214-768x576.jpg 768w, https:\/\/familie-weitgereist.de\/wp-content\/uploads\/2023\/02\/IMG_20230217_160214-1536x1152.jpg 1536w, https:\/\/familie-weitgereist.de\/wp-content\/uploads\/2023\/02\/IMG_20230217_160214-2048x1536.jpg 2048w, https:\/\/familie-weitgereist.de\/wp-content\/uploads\/2023\/02\/IMG_20230217_160214-1200x900.jpg 1200w, https:\/\/familie-weitgereist.de\/wp-content\/uploads\/2023\/02\/IMG_20230217_160214-1980x1485.jpg 1980w, https:\/\/familie-weitgereist.de\/wp-content\/uploads\/2023\/02\/IMG_20230217_160214-150x113.jpg 150w\" sizes=\"auto, (max-width: 1024px) 100vw, 1024px\" \/><figcaption class=\"wp-element-caption\">Naturpool<\/figcaption><\/figure>\n\n\n\n<h2 class=\"wp-block-heading\">Das Dorf Masca <\/h2>\n\n\n\n<p>Masca ist ein <strong>kleines Bergdorf<\/strong> im Tenogebirge und liegt tief eingebettet in den umliegenden Bergen. Das Dorf liegt auf 650-800m H\u00f6he und nur ungef\u00e4hr 100 Menschen leben dort. Es wird vermutet, dass diese Ansiedlung ein <strong>Zufluchtsort war vor den Piraten im 18. und 19. Jahrhundert. <\/strong><\/p>\n\n\n\n<div id=\"wp-block-themeisle-blocks-slider-7762db7a\" class=\"wp-block-themeisle-blocks-slider glide\" data-per-view=\"1\" data-gap=\"0\" data-peek=\"0\" data-autoplay=\"true\" data-height=\"400px\" data-hide-arrows=\"false\"><div class=\"glide__track\" data-glide-el=\"track\"><div class=\"glide__slides\"><div class=\"wp-block-themeisle-blocks-slider-item-wrapper glide__slide\" tabindex=\"0\"><figure><img decoding=\"async\" class=\"wp-block-themeisle-blocks-slider-item\" src=\"https:\/\/familie-weitgereist.de\/wp-content\/uploads\/2023\/02\/IMG_20230219_132731-scaled.jpg\" alt=\"\" title=\"\" data-id=\"13329\"\/><\/figure><\/div><div class=\"wp-block-themeisle-blocks-slider-item-wrapper glide__slide\" tabindex=\"0\"><figure><img decoding=\"async\" class=\"wp-block-themeisle-blocks-slider-item\" src=\"https:\/\/familie-weitgereist.de\/wp-content\/uploads\/2023\/02\/IMG_20230219_135941-scaled.jpg\" alt=\"\" title=\"\" data-id=\"13330\"\/><\/figure><\/div><div class=\"wp-block-themeisle-blocks-slider-item-wrapper glide__slide\" tabindex=\"0\"><figure><img decoding=\"async\" class=\"wp-block-themeisle-blocks-slider-item\" src=\"https:\/\/familie-weitgereist.de\/wp-content\/uploads\/2023\/02\/IMG_20230219_141711-scaled.jpg\" alt=\"\" title=\"\" data-id=\"13332\"\/><\/figure><\/div><div class=\"wp-block-themeisle-blocks-slider-item-wrapper glide__slide\" tabindex=\"0\"><figure><img decoding=\"async\" class=\"wp-block-themeisle-blocks-slider-item\" src=\"https:\/\/familie-weitgereist.de\/wp-content\/uploads\/2023\/02\/IMG_20230219_125746-scaled.jpg\" alt=\"\" title=\"\" data-id=\"13333\"\/><\/figure><\/div><\/div><div class=\"glide__bullets\" data-glide-el=\"controls[nav]\"><button class=\"glide__bullet\" data-glide-dir=\"=0\"><\/button><button class=\"glide__bullet\" data-glide-dir=\"=1\"><\/button><button class=\"glide__bullet\" data-glide-dir=\"=2\"><\/button><button class=\"glide__bullet\" data-glide-dir=\"=3\"><\/button><\/div><\/div><\/div>\n\n\n\n<p>Es ist nicht ganz leicht nach Masca zu gelangen. Die Zufahrtsstra\u00dfe ist wirklich eng und es herrscht reger Verkehr. Zudem gibt es wenig Ausweichm\u00f6glichkeiten und einen Parkplatz zu bekommen ist nahezu unm\u00f6glich. Es gibt ein paar wenige Parkpl\u00e4tze, jedoch auch viele Autofahrer. <\/p>\n\n\n\n<p>Wir liefen durch das kleine Dorf und seine engen Gassen. Es ist immer wieder sehr erstaunlich, wie Menschen ihre Wohnh\u00e4user bauen. Viele H\u00e4user liegen hier direkt am Berghang. Es gibt ein paar Ferienwohnungen, Restaurants und ein Besucherzentrum. <\/p>\n\n\n\n<p>Das Highlight f\u00fcr Wanderfreunde ist die <strong>Masca Schlucht<\/strong>. Die Schlucht ist jedoch nur begrenzt zug\u00e4nglich und Kinder m\u00fcssen mindestens 5 Jahre alt sein. Zudem wird stark darauf hingewiesen, dass Steinschlaggefahr besteht. Wir genossen das Panorama hinab in die Schlucht. In der Ferne ist die Nachbarinsel La Gomera zu sehen.<\/p>\n\n\n\n<figure class=\"wp-block-image size-large\"><img loading=\"lazy\" decoding=\"async\" width=\"1024\" height=\"768\" src=\"https:\/\/familie-weitgereist.de\/wp-content\/uploads\/2023\/02\/IMG_20230219_133011-1024x768.jpg\" alt=\"\" class=\"wp-image-13245\" srcset=\"https:\/\/familie-weitgereist.de\/wp-content\/uploads\/2023\/02\/IMG_20230219_133011-1024x768.jpg 1024w, https:\/\/familie-weitgereist.de\/wp-content\/uploads\/2023\/02\/IMG_20230219_133011-300x225.jpg 300w, https:\/\/familie-weitgereist.de\/wp-content\/uploads\/2023\/02\/IMG_20230219_133011-768x576.jpg 768w, https:\/\/familie-weitgereist.de\/wp-content\/uploads\/2023\/02\/IMG_20230219_133011-1536x1152.jpg 1536w, https:\/\/familie-weitgereist.de\/wp-content\/uploads\/2023\/02\/IMG_20230219_133011-2048x1536.jpg 2048w, https:\/\/familie-weitgereist.de\/wp-content\/uploads\/2023\/02\/IMG_20230219_133011-1200x900.jpg 1200w, https:\/\/familie-weitgereist.de\/wp-content\/uploads\/2023\/02\/IMG_20230219_133011-1980x1485.jpg 1980w, https:\/\/familie-weitgereist.de\/wp-content\/uploads\/2023\/02\/IMG_20230219_133011-150x113.jpg 150w\" sizes=\"auto, (max-width: 1024px) 100vw, 1024px\" \/><\/figure>\n\n\n\n<h2 class=\"wp-block-heading\">Playa de las Teresitas <\/h2>\n\n\n\n<p>Einer der sch\u00f6nsten Str\u00e4nde der Insel, ist der Strand <strong>Playa de las Teresitas<\/strong>. Der Strand liegt ganz im Norden der Insel, etwas n\u00f6rdlicher von Santa Cruz de Tenerife. Es ist ein langer Strand mit ganz feinem Sand. Das Baden ist sehr gut m\u00f6glich, da die Wellen durch vorgelagerte Steine gebrochen werden. Wir hatten einen tollen Nachmittag an dem Strand, spielten und bauten im Sand und genossen die Sonne und das Meer. In der Ferne konnten wir einige Kreuzfahrtschiffe beobachten, die in Santa Cruz im Hafen lagen. <\/p>\n\n\n\n<figure class=\"wp-block-image size-large\"><img loading=\"lazy\" decoding=\"async\" width=\"1024\" height=\"768\" src=\"https:\/\/familie-weitgereist.de\/wp-content\/uploads\/2023\/02\/IMG_20230210_151902-1024x768.jpg\" alt=\"\" class=\"wp-image-13118\" srcset=\"https:\/\/familie-weitgereist.de\/wp-content\/uploads\/2023\/02\/IMG_20230210_151902-1024x768.jpg 1024w, https:\/\/familie-weitgereist.de\/wp-content\/uploads\/2023\/02\/IMG_20230210_151902-300x225.jpg 300w, https:\/\/familie-weitgereist.de\/wp-content\/uploads\/2023\/02\/IMG_20230210_151902-768x576.jpg 768w, https:\/\/familie-weitgereist.de\/wp-content\/uploads\/2023\/02\/IMG_20230210_151902-1536x1152.jpg 1536w, https:\/\/familie-weitgereist.de\/wp-content\/uploads\/2023\/02\/IMG_20230210_151902-2048x1536.jpg 2048w, https:\/\/familie-weitgereist.de\/wp-content\/uploads\/2023\/02\/IMG_20230210_151902-1200x900.jpg 1200w, https:\/\/familie-weitgereist.de\/wp-content\/uploads\/2023\/02\/IMG_20230210_151902-1980x1485.jpg 1980w, https:\/\/familie-weitgereist.de\/wp-content\/uploads\/2023\/02\/IMG_20230210_151902-150x113.jpg 150w\" sizes=\"auto, (max-width: 1024px) 100vw, 1024px\" \/><figcaption class=\"wp-element-caption\">Playa de las Teresitas <\/figcaption><\/figure>\n\n\n\n<h2 class=\"wp-block-heading\">Santa Cruz de Tenerife <\/h2>\n\n\n\n<p>Wir haben Santa Cruz de Tenerife haupts\u00e4chlich als Durchfahrtsziel genutzt um zur F\u00e4hre zu gelangen. Oberhalb der Stadt gibt es einen sch\u00f6nen Park, den wir erkundet haben, den <strong>Parque Cuchillitos de Trist\u00e1n<\/strong>. Dort gibt es einen richtig tollen Spielplatz. Es gibt ein riesen Kletterger\u00fcst f\u00fcr gr\u00f6\u00dfere Kinder und auch viele Kletterger\u00fcste f\u00fcr kleinere Kinder. Rutschen, Tunnel und Schaukeln sorgen f\u00fcr sehr viel Spa\u00df. Es stehen auch gen\u00fcgend Sitzm\u00f6glichkeiten bereit.<\/p>\n\n\n\n<div id=\"wp-block-themeisle-blocks-slider-997eb84f\" class=\"wp-block-themeisle-blocks-slider glide\" data-per-view=\"1\" data-gap=\"0\" data-peek=\"0\" data-autoplay=\"true\" data-height=\"400px\" data-hide-arrows=\"false\"><div class=\"glide__track\" data-glide-el=\"track\"><div class=\"glide__slides\"><div class=\"wp-block-themeisle-blocks-slider-item-wrapper glide__slide\" tabindex=\"0\"><figure><img decoding=\"async\" class=\"wp-block-themeisle-blocks-slider-item\" src=\"https:\/\/familie-weitgereist.de\/wp-content\/uploads\/2023\/02\/1000020274-scaled.jpg\" alt=\"\" title=\"\" data-id=\"23560\"\/><\/figure><\/div><div class=\"wp-block-themeisle-blocks-slider-item-wrapper glide__slide\" tabindex=\"0\"><figure><img decoding=\"async\" class=\"wp-block-themeisle-blocks-slider-item\" src=\"https:\/\/familie-weitgereist.de\/wp-content\/uploads\/2023\/02\/1000020277-scaled.jpg\" alt=\"\" title=\"\" data-id=\"23561\"\/><\/figure><\/div><\/div><div class=\"glide__bullets\" data-glide-el=\"controls[nav]\"><button class=\"glide__bullet\" data-glide-dir=\"=0\"><\/button><button class=\"glide__bullet\" data-glide-dir=\"=1\"><\/button><\/div><\/div><\/div>\n\n\n\n<h2 class=\"wp-block-heading\">Wanderungen auf Teneriffa <\/h2>\n\n\n\n<p>Die Landschaften auf Teneriffa sind so verschieden und demzufolge bieten sich sehr viele gute Wanderungen an. Alle sind reizvoll und es gibt so viel zu sehen.<\/p>\n\n\n\n<p>Im Zentrum von Teneriffa befindet sich die <strong><em>paisaje lunar<\/em>, die Mondlandschaft<\/strong>. Wir sind zum <strong>Besucherzentrum der <em>Ca\u00f1ada<\/em> <em>Blanca<\/em><\/strong> gefahren und haben von dort eine zwei st\u00fcndige Wanderung durch die surreale und wundersch\u00f6ne Landschaft Teneriffas unternommen. Ganz in der N\u00e4he befindet sich die Talstation der <strong>Teide Seilbahn<\/strong>. Merlin hatte sich so sehr gew\u00fcnscht, dass es schneit und das tat es dann auch. Es war auf \u00fcber 2000 H\u00f6henmetern auch k\u00fchl. Die Wanderung f\u00fchrte auf angelegten Pfaden zwischen der Mondlandschaft hindurch. Wir hatten fast immer einen Ausblick auf den Teide.<\/p>\n\n\n\n<figure class=\"wp-block-gallery has-nested-images columns-default is-cropped wp-block-gallery-2 is-layout-flex wp-block-gallery-is-layout-flex\">\n<figure class=\"wp-block-image size-large\"><img loading=\"lazy\" decoding=\"async\" width=\"768\" height=\"1024\" data-id=\"13083\" src=\"https:\/\/familie-weitgereist.de\/wp-content\/uploads\/2023\/02\/IMG_20230204_132333-768x1024.jpg\" alt=\"\" class=\"wp-image-13083\" srcset=\"https:\/\/familie-weitgereist.de\/wp-content\/uploads\/2023\/02\/IMG_20230204_132333-768x1024.jpg 768w, https:\/\/familie-weitgereist.de\/wp-content\/uploads\/2023\/02\/IMG_20230204_132333-225x300.jpg 225w, https:\/\/familie-weitgereist.de\/wp-content\/uploads\/2023\/02\/IMG_20230204_132333-1152x1536.jpg 1152w, https:\/\/familie-weitgereist.de\/wp-content\/uploads\/2023\/02\/IMG_20230204_132333-1536x2048.jpg 1536w, https:\/\/familie-weitgereist.de\/wp-content\/uploads\/2023\/02\/IMG_20230204_132333-1200x1600.jpg 1200w, https:\/\/familie-weitgereist.de\/wp-content\/uploads\/2023\/02\/IMG_20230204_132333-1980x2640.jpg 1980w, https:\/\/familie-weitgereist.de\/wp-content\/uploads\/2023\/02\/IMG_20230204_132333-640x853.jpg 640w, https:\/\/familie-weitgereist.de\/wp-content\/uploads\/2023\/02\/IMG_20230204_132333-150x200.jpg 150w, https:\/\/familie-weitgereist.de\/wp-content\/uploads\/2023\/02\/IMG_20230204_132333-scaled.jpg 1920w\" sizes=\"auto, (max-width: 768px) 100vw, 768px\" \/><\/figure>\n\n\n\n<figure class=\"wp-block-image size-large\"><img loading=\"lazy\" decoding=\"async\" width=\"1024\" height=\"768\" data-id=\"13081\" src=\"https:\/\/familie-weitgereist.de\/wp-content\/uploads\/2023\/02\/IMG_20230204_122837-1024x768.jpg\" alt=\"\" class=\"wp-image-13081\" srcset=\"https:\/\/familie-weitgereist.de\/wp-content\/uploads\/2023\/02\/IMG_20230204_122837-1024x768.jpg 1024w, https:\/\/familie-weitgereist.de\/wp-content\/uploads\/2023\/02\/IMG_20230204_122837-300x225.jpg 300w, https:\/\/familie-weitgereist.de\/wp-content\/uploads\/2023\/02\/IMG_20230204_122837-768x576.jpg 768w, https:\/\/familie-weitgereist.de\/wp-content\/uploads\/2023\/02\/IMG_20230204_122837-1536x1152.jpg 1536w, https:\/\/familie-weitgereist.de\/wp-content\/uploads\/2023\/02\/IMG_20230204_122837-2048x1536.jpg 2048w, https:\/\/familie-weitgereist.de\/wp-content\/uploads\/2023\/02\/IMG_20230204_122837-1200x900.jpg 1200w, https:\/\/familie-weitgereist.de\/wp-content\/uploads\/2023\/02\/IMG_20230204_122837-1980x1485.jpg 1980w, https:\/\/familie-weitgereist.de\/wp-content\/uploads\/2023\/02\/IMG_20230204_122837-150x113.jpg 150w\" sizes=\"auto, (max-width: 1024px) 100vw, 1024px\" \/><\/figure>\n\n\n\n<figure class=\"wp-block-image size-large\"><img loading=\"lazy\" decoding=\"async\" width=\"1024\" height=\"768\" data-id=\"13082\" src=\"https:\/\/familie-weitgereist.de\/wp-content\/uploads\/2023\/02\/IMG_20230204_131859-1024x768.jpg\" alt=\"\" class=\"wp-image-13082\" srcset=\"https:\/\/familie-weitgereist.de\/wp-content\/uploads\/2023\/02\/IMG_20230204_131859-1024x768.jpg 1024w, https:\/\/familie-weitgereist.de\/wp-content\/uploads\/2023\/02\/IMG_20230204_131859-300x225.jpg 300w, https:\/\/familie-weitgereist.de\/wp-content\/uploads\/2023\/02\/IMG_20230204_131859-768x576.jpg 768w, https:\/\/familie-weitgereist.de\/wp-content\/uploads\/2023\/02\/IMG_20230204_131859-1536x1152.jpg 1536w, https:\/\/familie-weitgereist.de\/wp-content\/uploads\/2023\/02\/IMG_20230204_131859-2048x1536.jpg 2048w, https:\/\/familie-weitgereist.de\/wp-content\/uploads\/2023\/02\/IMG_20230204_131859-1200x900.jpg 1200w, https:\/\/familie-weitgereist.de\/wp-content\/uploads\/2023\/02\/IMG_20230204_131859-1980x1485.jpg 1980w, https:\/\/familie-weitgereist.de\/wp-content\/uploads\/2023\/02\/IMG_20230204_131859-150x113.jpg 150w\" sizes=\"auto, (max-width: 1024px) 100vw, 1024px\" \/><figcaption class=\"wp-element-caption\">Wandern in der Mondlandschaft<\/figcaption><\/figure>\n<\/figure>\n\n\n\n<p>Im Naturschutzgebiet <strong>Rambla de Castro<\/strong> haben wir einen entspannten Tag verbracht. Das Naturschutzgebiet liegt direkt an der Nordk\u00fcste am Steilhang und auf sch\u00f6nen angelegten Pfaden konnten wir bis zur K\u00fcste runter laufen. <\/p>\n\n\n\n<p>Es bieten sich tolle Ausblicke auf die Nordk\u00fcste und den Atlantik. Leider war es schwierig einen Parkplatz zu finden, denn der Parkplatz ist leider etwas zu kein f\u00fcr die vielen Wanderer. Wir parkten in dem kleinen Nachbarort <strong>Los Realejos<\/strong>.<\/p>\n\n\n\n<figure class=\"wp-block-gallery has-nested-images columns-default is-cropped wp-block-gallery-3 is-layout-flex wp-block-gallery-is-layout-flex\">\n<figure class=\"wp-block-image size-large\"><img loading=\"lazy\" decoding=\"async\" width=\"1024\" height=\"768\" data-id=\"13087\" src=\"https:\/\/familie-weitgereist.de\/wp-content\/uploads\/2023\/02\/IMG_20230205_132859-1024x768.jpg\" alt=\"\" class=\"wp-image-13087\" srcset=\"https:\/\/familie-weitgereist.de\/wp-content\/uploads\/2023\/02\/IMG_20230205_132859-1024x768.jpg 1024w, https:\/\/familie-weitgereist.de\/wp-content\/uploads\/2023\/02\/IMG_20230205_132859-300x225.jpg 300w, https:\/\/familie-weitgereist.de\/wp-content\/uploads\/2023\/02\/IMG_20230205_132859-768x576.jpg 768w, https:\/\/familie-weitgereist.de\/wp-content\/uploads\/2023\/02\/IMG_20230205_132859-1536x1152.jpg 1536w, https:\/\/familie-weitgereist.de\/wp-content\/uploads\/2023\/02\/IMG_20230205_132859-2048x1536.jpg 2048w, https:\/\/familie-weitgereist.de\/wp-content\/uploads\/2023\/02\/IMG_20230205_132859-1200x900.jpg 1200w, https:\/\/familie-weitgereist.de\/wp-content\/uploads\/2023\/02\/IMG_20230205_132859-1980x1485.jpg 1980w, https:\/\/familie-weitgereist.de\/wp-content\/uploads\/2023\/02\/IMG_20230205_132859-150x113.jpg 150w\" sizes=\"auto, (max-width: 1024px) 100vw, 1024px\" \/><\/figure>\n<\/figure>\n\n\n\n<p>Die Wege sind ausgeschildert. Der Nationalpark wurde angelegt, da der Anbau von Zuckerrohr und die vielen Bananenplantagen die urspr\u00fcngliche Landschaft der Insel zerst\u00f6ren. <\/p>\n\n\n\n<figure class=\"wp-block-gallery has-nested-images columns-default is-cropped wp-block-gallery-4 is-layout-flex wp-block-gallery-is-layout-flex\">\n<figure class=\"wp-block-image size-large\"><img loading=\"lazy\" decoding=\"async\" width=\"1024\" height=\"768\" data-id=\"13089\" src=\"https:\/\/familie-weitgereist.de\/wp-content\/uploads\/2023\/02\/IMG_20230205_132632-1-1024x768.jpg\" alt=\"\" class=\"wp-image-13089\" srcset=\"https:\/\/familie-weitgereist.de\/wp-content\/uploads\/2023\/02\/IMG_20230205_132632-1-1024x768.jpg 1024w, https:\/\/familie-weitgereist.de\/wp-content\/uploads\/2023\/02\/IMG_20230205_132632-1-300x225.jpg 300w, https:\/\/familie-weitgereist.de\/wp-content\/uploads\/2023\/02\/IMG_20230205_132632-1-768x576.jpg 768w, https:\/\/familie-weitgereist.de\/wp-content\/uploads\/2023\/02\/IMG_20230205_132632-1-1536x1152.jpg 1536w, https:\/\/familie-weitgereist.de\/wp-content\/uploads\/2023\/02\/IMG_20230205_132632-1-2048x1536.jpg 2048w, https:\/\/familie-weitgereist.de\/wp-content\/uploads\/2023\/02\/IMG_20230205_132632-1-1200x900.jpg 1200w, https:\/\/familie-weitgereist.de\/wp-content\/uploads\/2023\/02\/IMG_20230205_132632-1-1980x1485.jpg 1980w, https:\/\/familie-weitgereist.de\/wp-content\/uploads\/2023\/02\/IMG_20230205_132632-1-150x113.jpg 150w\" sizes=\"auto, (max-width: 1024px) 100vw, 1024px\" \/><\/figure>\n<\/figure>\n\n\n\n<p>Eine weitere atemberaubende Wanderung haben wir in dem Gebiet <strong>Arenas Negras<\/strong> unternommen. Wir starteten bei der \u00c1rea Recreativa von Arenas Negras. Dort befindet sich ein Spielplatz mitten im Wald und viele Picknickpl\u00e4tze und Grillm\u00f6glichkeiten werden von den Insulanern oft genutzt. Ein Zeltplatz befindet sich auch dort. <\/p>\n\n\n\n<figure class=\"wp-block-image size-large\"><img loading=\"lazy\" decoding=\"async\" width=\"1024\" height=\"768\" src=\"https:\/\/familie-weitgereist.de\/wp-content\/uploads\/2023\/02\/IMG_20230212_152835-1024x768.jpg\" alt=\"\" class=\"wp-image-13152\" srcset=\"https:\/\/familie-weitgereist.de\/wp-content\/uploads\/2023\/02\/IMG_20230212_152835-1024x768.jpg 1024w, https:\/\/familie-weitgereist.de\/wp-content\/uploads\/2023\/02\/IMG_20230212_152835-300x225.jpg 300w, https:\/\/familie-weitgereist.de\/wp-content\/uploads\/2023\/02\/IMG_20230212_152835-768x576.jpg 768w, https:\/\/familie-weitgereist.de\/wp-content\/uploads\/2023\/02\/IMG_20230212_152835-1536x1152.jpg 1536w, https:\/\/familie-weitgereist.de\/wp-content\/uploads\/2023\/02\/IMG_20230212_152835-2048x1536.jpg 2048w, https:\/\/familie-weitgereist.de\/wp-content\/uploads\/2023\/02\/IMG_20230212_152835-1200x900.jpg 1200w, https:\/\/familie-weitgereist.de\/wp-content\/uploads\/2023\/02\/IMG_20230212_152835-1980x1485.jpg 1980w, https:\/\/familie-weitgereist.de\/wp-content\/uploads\/2023\/02\/IMG_20230212_152835-150x113.jpg 150w\" sizes=\"auto, (max-width: 1024px) 100vw, 1024px\" \/><\/figure>\n\n\n\n<p>Unsere Wanderung verlief um den Vulkan <strong>Chinyero<\/strong> und wir hatten Ausblicke auf den <strong>Teide<\/strong> und die <strong>Monta\u00f1a Negra<\/strong>.<\/p>\n\n\n\n<figure class=\"wp-block-image size-large\"><img loading=\"lazy\" decoding=\"async\" width=\"1024\" height=\"768\" src=\"https:\/\/familie-weitgereist.de\/wp-content\/uploads\/2023\/02\/IMG_20230212_131625-1024x768.jpg\" alt=\"\" class=\"wp-image-13217\" srcset=\"https:\/\/familie-weitgereist.de\/wp-content\/uploads\/2023\/02\/IMG_20230212_131625-1024x768.jpg 1024w, https:\/\/familie-weitgereist.de\/wp-content\/uploads\/2023\/02\/IMG_20230212_131625-300x225.jpg 300w, https:\/\/familie-weitgereist.de\/wp-content\/uploads\/2023\/02\/IMG_20230212_131625-768x576.jpg 768w, https:\/\/familie-weitgereist.de\/wp-content\/uploads\/2023\/02\/IMG_20230212_131625-1536x1152.jpg 1536w, https:\/\/familie-weitgereist.de\/wp-content\/uploads\/2023\/02\/IMG_20230212_131625-2048x1536.jpg 2048w, https:\/\/familie-weitgereist.de\/wp-content\/uploads\/2023\/02\/IMG_20230212_131625-1200x900.jpg 1200w, https:\/\/familie-weitgereist.de\/wp-content\/uploads\/2023\/02\/IMG_20230212_131625-1980x1485.jpg 1980w, https:\/\/familie-weitgereist.de\/wp-content\/uploads\/2023\/02\/IMG_20230212_131625-150x113.jpg 150w\" sizes=\"auto, (max-width: 1024px) 100vw, 1024px\" \/><\/figure>\n\n\n\n<p>Der abgesteckte Weg verlief durch eine Vulkanlandschaft. Wir wanderten oft auf einen markierten Weg, der auch nicht verlassen werden durfte. Die Landschaft wirkt irgendwie surreal und ist gleichzeitig wundersch\u00f6n. Es ging oft gerade aus, einige H\u00f6henmeter mussten wir auch zur\u00fcck legen und wir befanden uns schon auf 1300m. Merlin ist viel selbst gelaufen, da der Weg abenteuerlich war und es kleine Kletterpassagen gab. Maris hat nahezu die gesamte Wanderung verschlafen. (: Insgesamt sind wir 7,5 km gelaufen und waren begeistert!<\/p>\n\n\n\n<div id=\"wp-block-themeisle-blocks-slider-365f939f\" class=\"wp-block-themeisle-blocks-slider glide\" data-per-view=\"1\" data-gap=\"0\" data-peek=\"0\" data-autoplay=\"true\" data-height=\"400px\" data-hide-arrows=\"false\"><div class=\"glide__track\" data-glide-el=\"track\"><div class=\"glide__slides\"><div class=\"wp-block-themeisle-blocks-slider-item-wrapper glide__slide\" tabindex=\"0\"><figure><img decoding=\"async\" class=\"wp-block-themeisle-blocks-slider-item\" src=\"https:\/\/familie-weitgereist.de\/wp-content\/uploads\/2023\/02\/IMG_20230212_145020-scaled.jpg\" alt=\"\" title=\"\" data-id=\"13167\"\/><\/figure><\/div><div class=\"wp-block-themeisle-blocks-slider-item-wrapper glide__slide\" tabindex=\"0\"><figure><img decoding=\"async\" class=\"wp-block-themeisle-blocks-slider-item\" src=\"https:\/\/familie-weitgereist.de\/wp-content\/uploads\/2023\/02\/IMG_20230212_123407-scaled.jpg\" alt=\"\" title=\"\" data-id=\"13168\"\/><\/figure><\/div><div class=\"wp-block-themeisle-blocks-slider-item-wrapper glide__slide\" tabindex=\"0\"><figure><img decoding=\"async\" class=\"wp-block-themeisle-blocks-slider-item\" src=\"https:\/\/familie-weitgereist.de\/wp-content\/uploads\/2023\/02\/IMG_20230212_122315-scaled.jpg\" alt=\"\" title=\"\" data-id=\"13171\"\/><\/figure><\/div><div class=\"wp-block-themeisle-blocks-slider-item-wrapper glide__slide\" tabindex=\"0\"><figure><img decoding=\"async\" class=\"wp-block-themeisle-blocks-slider-item\" src=\"https:\/\/familie-weitgereist.de\/wp-content\/uploads\/2023\/02\/IMG_20230212_121812-scaled.jpg\" alt=\"\" title=\"\" data-id=\"13172\"\/><\/figure><\/div><\/div><div class=\"glide__bullets\" data-glide-el=\"controls[nav]\"><button class=\"glide__bullet\" data-glide-dir=\"=0\"><\/button><button class=\"glide__bullet\" data-glide-dir=\"=1\"><\/button><button class=\"glide__bullet\" data-glide-dir=\"=2\"><\/button><button class=\"glide__bullet\" data-glide-dir=\"=3\"><\/button><\/div><\/div><\/div>\n\n\n\n<p>Die Ausblicke auf das Meer ergaben einen traumhaften Kontrast zu der schwarzen Vulkanerde und dem braunen Vulkangestein. Am Horizont haben wir sogar die Nachbarinsel La Palma gesehen. <\/p>\n\n\n\n<p><em><a href=\"https:\/\/familie-weitgereist.de\/?p=920\">La Palma<\/a> haben wir 2019, noch vor dem Vulkanausbruch besucht.<\/em><\/p>\n\n\n\n<p>Der Teide Nationalpark ist so vielf\u00e4ltig und es gibt enorm viele Wanderungen zu erleben. Wir haben uns f\u00fcr eine weitere Wanderung dort entschieden und sind bei <strong>El Portillo<\/strong> gestartet. Dort sind wir um den <strong>Berg Guamaso<\/strong> herum gelaufen. Es war ein leicht zu begehender Weg. Wir hatten wunderbare Ausblicke auf den verschneiten Teide. <\/p>\n\n\n\n<div id=\"wp-block-themeisle-blocks-slider-29fcbb95\" class=\"wp-block-themeisle-blocks-slider glide\" data-per-view=\"1\" data-gap=\"0\" data-peek=\"0\" data-autoplay=\"true\" data-height=\"400px\" data-hide-arrows=\"false\"><div class=\"glide__track\" data-glide-el=\"track\"><div class=\"glide__slides\"><div class=\"wp-block-themeisle-blocks-slider-item-wrapper glide__slide\" tabindex=\"0\"><figure><img decoding=\"async\" class=\"wp-block-themeisle-blocks-slider-item\" src=\"https:\/\/familie-weitgereist.de\/wp-content\/uploads\/2023\/02\/IMG_20230218_152058-scaled.jpg\" alt=\"\" title=\"\" data-id=\"13230\"\/><\/figure><\/div><div class=\"wp-block-themeisle-blocks-slider-item-wrapper glide__slide\" tabindex=\"0\"><figure><img decoding=\"async\" class=\"wp-block-themeisle-blocks-slider-item\" src=\"https:\/\/familie-weitgereist.de\/wp-content\/uploads\/2023\/02\/IMG_20230218_145817-scaled.jpg\" alt=\"\" title=\"\" data-id=\"13232\"\/><\/figure><\/div><div class=\"wp-block-themeisle-blocks-slider-item-wrapper glide__slide\" tabindex=\"0\"><figure><img decoding=\"async\" class=\"wp-block-themeisle-blocks-slider-item\" src=\"https:\/\/familie-weitgereist.de\/wp-content\/uploads\/2023\/02\/IMG_20230218_121507-scaled.jpg\" alt=\"\" title=\"\" data-id=\"13237\"\/><\/figure><\/div><\/div><div class=\"glide__bullets\" data-glide-el=\"controls[nav]\"><button class=\"glide__bullet\" data-glide-dir=\"=0\"><\/button><button class=\"glide__bullet\" data-glide-dir=\"=1\"><\/button><button class=\"glide__bullet\" data-glide-dir=\"=2\"><\/button><\/div><\/div><\/div>\n\n\n\n<p>Im Anschluss an unsere Wanderung gingen wir noch in das <strong>Besucherzentrum<\/strong>. Wir erfuhren viel <strong>Wissenswertes<\/strong> zu der <strong>Vulkaninsel Teneriffa<\/strong> und dem <strong>Teide<\/strong>. Die Welt der Vulkane er\u00f6ffnet sich einen beim Durchlaufen eines Lavatunnels. Zudem wird ein Film \u00fcber den Teide gezeigt, allerdings nur auf Spanisch.<\/p>\n\n\n\n<div id=\"wp-block-themeisle-blocks-slider-6a67d77d\" class=\"wp-block-themeisle-blocks-slider glide\" data-per-view=\"1\" data-gap=\"0\" data-peek=\"0\" data-autoplay=\"true\" data-height=\"400px\" data-hide-arrows=\"false\"><div class=\"glide__track\" data-glide-el=\"track\"><div class=\"glide__slides\"><div class=\"wp-block-themeisle-blocks-slider-item-wrapper glide__slide\" tabindex=\"0\"><figure><img decoding=\"async\" class=\"wp-block-themeisle-blocks-slider-item\" src=\"https:\/\/familie-weitgereist.de\/wp-content\/uploads\/2023\/02\/IMG_20230218_142523-2-scaled.jpg\" alt=\"\" title=\"\" data-id=\"13226\"\/><\/figure><\/div><div class=\"wp-block-themeisle-blocks-slider-item-wrapper glide__slide\" tabindex=\"0\"><figure><img decoding=\"async\" class=\"wp-block-themeisle-blocks-slider-item\" src=\"https:\/\/familie-weitgereist.de\/wp-content\/uploads\/2023\/02\/IMG_20230218_142334-1-scaled.jpg\" alt=\"\" title=\"\" data-id=\"13227\"\/><\/figure><\/div><\/div><div class=\"glide__bullets\" data-glide-el=\"controls[nav]\"><button class=\"glide__bullet\" data-glide-dir=\"=0\"><\/button><button class=\"glide__bullet\" data-glide-dir=\"=1\"><\/button><\/div><\/div><\/div>\n\n\n\n<p>Ein tolles Wanderziel befindet sich im \u00e4u\u00dfersten <strong>Nordwesten<\/strong> der Insel, die <strong>Punta<\/strong> <strong>de Teno<\/strong>. Um zu dieser Wanderung zu gelangen, mussten wir mit dem Bus fahren, denn es ist nur zu sehr reglementierten Zeiten gestattet mit dem eigenen PKW in den Nationalpark zu fahren. Die Busfahrt war jedoch sehr angenehm, wir genossen das grandiose Panorama und die Fahrt kostete pro Strecke nur 1\u20ac und kann auch bargeldlos bezahlt werden. (<em>Stand Februar<\/em> <em>2023<\/em>) Wir nahmen den Bus in <strong>Buenavista<\/strong> <strong>del Norte<\/strong> und fuhren bis zu <strong>Punta de Teno<\/strong>.<\/p>\n\n\n\n<figure class=\"wp-block-image size-large is-resized\"><img loading=\"lazy\" decoding=\"async\" width=\"1024\" height=\"768\" src=\"https:\/\/familie-weitgereist.de\/wp-content\/uploads\/2023\/02\/IMG_20230226_095116-1024x768.jpg\" alt=\"\" class=\"wp-image-13305\" style=\"width:377px;height:282px\" srcset=\"https:\/\/familie-weitgereist.de\/wp-content\/uploads\/2023\/02\/IMG_20230226_095116-1024x768.jpg 1024w, https:\/\/familie-weitgereist.de\/wp-content\/uploads\/2023\/02\/IMG_20230226_095116-300x225.jpg 300w, https:\/\/familie-weitgereist.de\/wp-content\/uploads\/2023\/02\/IMG_20230226_095116-768x576.jpg 768w, https:\/\/familie-weitgereist.de\/wp-content\/uploads\/2023\/02\/IMG_20230226_095116-1536x1152.jpg 1536w, https:\/\/familie-weitgereist.de\/wp-content\/uploads\/2023\/02\/IMG_20230226_095116-2048x1536.jpg 2048w, https:\/\/familie-weitgereist.de\/wp-content\/uploads\/2023\/02\/IMG_20230226_095116-1200x900.jpg 1200w, https:\/\/familie-weitgereist.de\/wp-content\/uploads\/2023\/02\/IMG_20230226_095116-1980x1485.jpg 1980w, https:\/\/familie-weitgereist.de\/wp-content\/uploads\/2023\/02\/IMG_20230226_095116-150x113.jpg 150w\" sizes=\"auto, (max-width: 1024px) 100vw, 1024px\" \/><figcaption class=\"wp-element-caption\">Busterminal Buenavista del Norte<\/figcaption><\/figure>\n\n\n\n<p>Wir erkundeten zuerst die Mondlandschaft direkt beim Leuchtturm und hatten eine herrliche Aussicht auf <strong>Los Gigantes<\/strong> von der gegen\u00fcberliegenden Seite.<\/p>\n\n\n\n<div id=\"wp-block-themeisle-blocks-slider-10415393\" class=\"wp-block-themeisle-blocks-slider glide\" data-per-view=\"1\" data-gap=\"0\" data-peek=\"0\" data-autoplay=\"true\" data-height=\"400px\" data-hide-arrows=\"false\"><div class=\"glide__track\" data-glide-el=\"track\"><div class=\"glide__slides\"><div class=\"wp-block-themeisle-blocks-slider-item-wrapper glide__slide\" tabindex=\"0\"><figure><img decoding=\"async\" class=\"wp-block-themeisle-blocks-slider-item\" src=\"https:\/\/familie-weitgereist.de\/wp-content\/uploads\/2023\/02\/IMG_20230226_112551-scaled.jpg\" alt=\"\" title=\"\" data-id=\"13307\"\/><\/figure><\/div><div class=\"wp-block-themeisle-blocks-slider-item-wrapper glide__slide\" tabindex=\"0\"><figure><img decoding=\"async\" class=\"wp-block-themeisle-blocks-slider-item\" src=\"https:\/\/familie-weitgereist.de\/wp-content\/uploads\/2023\/02\/IMG_20230226_112004-scaled.jpg\" alt=\"\" title=\"\" data-id=\"13310\"\/><\/figure><\/div><div class=\"wp-block-themeisle-blocks-slider-item-wrapper glide__slide\" tabindex=\"0\"><figure><img decoding=\"async\" class=\"wp-block-themeisle-blocks-slider-item\" src=\"https:\/\/familie-weitgereist.de\/wp-content\/uploads\/2023\/02\/IMG_20230226_111252-scaled.jpg\" alt=\"\" title=\"\" data-id=\"13313\"\/><\/figure><\/div><div class=\"wp-block-themeisle-blocks-slider-item-wrapper glide__slide\" tabindex=\"0\"><figure><img decoding=\"async\" class=\"wp-block-themeisle-blocks-slider-item\" src=\"https:\/\/familie-weitgereist.de\/wp-content\/uploads\/2023\/02\/IMG_20230226_110741-scaled.jpg\" alt=\"\" title=\"\" data-id=\"13316\"\/><\/figure><\/div><\/div><div class=\"glide__bullets\" data-glide-el=\"controls[nav]\"><button class=\"glide__bullet\" data-glide-dir=\"=0\"><\/button><button class=\"glide__bullet\" data-glide-dir=\"=1\"><\/button><button class=\"glide__bullet\" data-glide-dir=\"=2\"><\/button><button class=\"glide__bullet\" data-glide-dir=\"=3\"><\/button><\/div><\/div><\/div>\n\n\n\n<p>Anschlie\u00dfend liefen wir an der K\u00fcste entlang und bestaunten die unwahrscheinlich hohen Wellen. <\/p>\n\n\n\n<figure class=\"wp-block-image size-large\"><img loading=\"lazy\" decoding=\"async\" width=\"1024\" height=\"768\" src=\"https:\/\/familie-weitgereist.de\/wp-content\/uploads\/2023\/02\/IMG_20230226_123054-1024x768.jpg\" alt=\"\" class=\"wp-image-13315\" srcset=\"https:\/\/familie-weitgereist.de\/wp-content\/uploads\/2023\/02\/IMG_20230226_123054-1024x768.jpg 1024w, https:\/\/familie-weitgereist.de\/wp-content\/uploads\/2023\/02\/IMG_20230226_123054-300x225.jpg 300w, https:\/\/familie-weitgereist.de\/wp-content\/uploads\/2023\/02\/IMG_20230226_123054-768x576.jpg 768w, https:\/\/familie-weitgereist.de\/wp-content\/uploads\/2023\/02\/IMG_20230226_123054-1536x1152.jpg 1536w, https:\/\/familie-weitgereist.de\/wp-content\/uploads\/2023\/02\/IMG_20230226_123054-2048x1536.jpg 2048w, https:\/\/familie-weitgereist.de\/wp-content\/uploads\/2023\/02\/IMG_20230226_123054-1200x900.jpg 1200w, https:\/\/familie-weitgereist.de\/wp-content\/uploads\/2023\/02\/IMG_20230226_123054-1980x1485.jpg 1980w, https:\/\/familie-weitgereist.de\/wp-content\/uploads\/2023\/02\/IMG_20230226_123054-150x113.jpg 150w\" sizes=\"auto, (max-width: 1024px) 100vw, 1024px\" \/><\/figure>\n\n\n\n<p>Der Weg ist sehr gut begehbar, f\u00fchrt durch die Vulkanlandschaft und die Vegetation reicht von enorm karg bis zu Kakteen, die dort dicht wachsen.<\/p>\n\n\n\n<div id=\"wp-block-themeisle-blocks-slider-20411218\" class=\"wp-block-themeisle-blocks-slider glide\" data-per-view=\"1\" data-gap=\"0\" data-peek=\"0\" data-autoplay=\"true\" data-height=\"400px\" data-hide-arrows=\"false\"><div class=\"glide__track\" data-glide-el=\"track\"><div class=\"glide__slides\"><div class=\"wp-block-themeisle-blocks-slider-item-wrapper glide__slide\" tabindex=\"0\"><figure><img decoding=\"async\" class=\"wp-block-themeisle-blocks-slider-item\" src=\"https:\/\/familie-weitgereist.de\/wp-content\/uploads\/2023\/02\/IMG_20230226_125650_1-scaled.jpg\" alt=\"\" title=\"\" data-id=\"13321\"\/><\/figure><\/div><div class=\"wp-block-themeisle-blocks-slider-item-wrapper glide__slide\" tabindex=\"0\"><figure><img decoding=\"async\" class=\"wp-block-themeisle-blocks-slider-item\" src=\"https:\/\/familie-weitgereist.de\/wp-content\/uploads\/2023\/02\/IMG_20230226_124516-scaled.jpg\" alt=\"\" title=\"\" data-id=\"13322\"\/><\/figure><\/div><div class=\"wp-block-themeisle-blocks-slider-item-wrapper glide__slide\" tabindex=\"0\"><figure><img decoding=\"async\" class=\"wp-block-themeisle-blocks-slider-item\" src=\"https:\/\/familie-weitgereist.de\/wp-content\/uploads\/2023\/02\/IMG_20230226_124217-scaled.jpg\" alt=\"\" title=\"\" data-id=\"13325\"\/><\/figure><\/div><div class=\"wp-block-themeisle-blocks-slider-item-wrapper glide__slide\" tabindex=\"0\"><figure><img decoding=\"async\" class=\"wp-block-themeisle-blocks-slider-item\" src=\"https:\/\/familie-weitgereist.de\/wp-content\/uploads\/2023\/02\/IMG_20230226_120510-scaled.jpg\" alt=\"\" title=\"\" data-id=\"13326\"\/><\/figure><\/div><\/div><div class=\"glide__bullets\" data-glide-el=\"controls[nav]\"><button class=\"glide__bullet\" data-glide-dir=\"=0\"><\/button><button class=\"glide__bullet\" data-glide-dir=\"=1\"><\/button><button class=\"glide__bullet\" data-glide-dir=\"=2\"><\/button><button class=\"glide__bullet\" data-glide-dir=\"=3\"><\/button><\/div><\/div><\/div>\n\n\n\n<p><strong>Teneriffa ist ein Traumreiseziel in Europa. <\/strong>Es gibt so viel zu entdecken, die Landschaften sind sehr verschieden. Besonders begeistert haben uns die vielen Wanderwege \u00fcber die Insel. Teneriffa ist ein wunderbares Ziel f\u00fcr Familien. Wander-  und Strandurlaub sind sehr gut vereinbar und im Winter sind warme, angenehme Temperaturen. <\/p>\n","protected":false},"excerpt":{"rendered":"<p>Ab November 2022 haben wir unsere Elternzeit genutzt um mit unserem&nbsp;VW T6&nbsp;durch Europa zu reisen. Unsere Reise startete in&nbsp;Deutschland, f\u00fchrte anschlie\u00dfend weiter nach&nbsp;Luxemburg,&nbsp;Frankreich,&nbsp;Andorra, auf die&nbsp;balearischen Inseln,&nbsp;Gibraltar,&nbsp;Spanien, Portugal und La Gomera. Anreise nach Teneriffa Wir sind mit der F\u00e4hre von Huelva, auf dem spanischen Festland, nach Santa Cruz de Teneriffa gefahren. Da wir einen Tag sp\u00e4ter [&hellip;]<\/p>\n","protected":false},"author":3,"featured_media":13172,"comment_status":"open","ping_status":"open","sticky":false,"template":"","format":"standard","meta":{"_themeisle_gutenberg_block_has_review":false,"footnotes":""},"categories":[246,8,4,377],"tags":[1722,872,865,879,1719,874,1724,1720,871,1721,875,868,876,1691,873,870,878,869,1690,877,866],"class_list":["post-13024","post","type-post","status-publish","format-standard","has-post-thumbnail","hentry","category-spanien","category-europa","category-laender","category-spielplaetze","tag-abades","tag-arenas-negras","tag-casa-de-platano","tag-garachico","tag-geisterstadt","tag-guamaso","tag-las-chafiras","tag-las-eras","tag-loro-parque","tag-los-cristianos","tag-los-gigantes","tag-los-roques-de-garcia","tag-masca","tag-parque-cuchillitos-de-tristan","tag-playa-las-teresitas","tag-puertito-de-los-silos","tag-punta-de-teno","tag-rambla-de-castro","tag-santa-cruz-de-tenerife","tag-siam-park","tag-teide"],"_links":{"self":[{"href":"https:\/\/familie-weitgereist.de\/index.php?rest_route=\/wp\/v2\/posts\/13024","targetHints":{"allow":["GET"]}}],"collection":[{"href":"https:\/\/familie-weitgereist.de\/index.php?rest_route=\/wp\/v2\/posts"}],"about":[{"href":"https:\/\/familie-weitgereist.de\/index.php?rest_route=\/wp\/v2\/types\/post"}],"author":[{"embeddable":true,"href":"https:\/\/familie-weitgereist.de\/index.php?rest_route=\/wp\/v2\/users\/3"}],"replies":[{"embeddable":true,"href":"https:\/\/familie-weitgereist.de\/index.php?rest_route=%2Fwp%2Fv2%2Fcomments&post=13024"}],"version-history":[{"count":225,"href":"https:\/\/familie-weitgereist.de\/index.php?rest_route=\/wp\/v2\/posts\/13024\/revisions"}],"predecessor-version":[{"id":23642,"href":"https:\/\/familie-weitgereist.de\/index.php?rest_route=\/wp\/v2\/posts\/13024\/revisions\/23642"}],"wp:featuredmedia":[{"embeddable":true,"href":"https:\/\/familie-weitgereist.de\/index.php?rest_route=\/wp\/v2\/media\/13172"}],"wp:attachment":[{"href":"https:\/\/familie-weitgereist.de\/index.php?rest_route=%2Fwp%2Fv2%2Fmedia&parent=13024"}],"wp:term":[{"taxonomy":"category","embeddable":true,"href":"https:\/\/familie-weitgereist.de\/index.php?rest_route=%2Fwp%2Fv2%2Fcategories&post=13024"},{"taxonomy":"post_tag","embeddable":true,"href":"https:\/\/familie-weitgereist.de\/index.php?rest_route=%2Fwp%2Fv2%2Ftags&post=13024"}],"curies":[{"name":"wp","href":"https:\/\/api.w.org\/{rel}","templated":true}]}}