{"id":12861,"date":"2023-01-22T15:36:19","date_gmt":"2023-01-22T14:36:19","guid":{"rendered":"https:\/\/familie-weitgereist.de\/?p=12861"},"modified":"2025-10-09T21:36:09","modified_gmt":"2025-10-09T19:36:09","slug":"europareise-roadtrip-la-gomera-kanarische-inseln-spanien-mit-kleinkind-und-baby","status":"publish","type":"post","link":"https:\/\/familie-weitgereist.de\/?p=12861","title":{"rendered":"Europareise Roadtrip &#8211; La Gomera, Kanarische Inseln, Spanien mit Kleinkind und Baby"},"content":{"rendered":"\n<p>Ab November 2022 haben wir unsere Elternzeit genutzt um mit unserem\u00a0<strong>VW T6\u00a0<\/strong>durch Europa zu reisen. Unsere Reise startete in\u00a0<strong><a href=\"https:\/\/familie-weitgereist.de\/?p=11288\">Deutschland<\/a><\/strong>, f\u00fchrte anschlie\u00dfend weiter nach\u00a0<strong><a href=\"https:\/\/familie-weitgereist.de\/?p=11342\">Luxemburg<\/a><\/strong>,\u00a0<strong><a href=\"https:\/\/familie-weitgereist.de\/?p=11397\">Frankreich<\/a><\/strong>,\u00a0<strong><a href=\"https:\/\/familie-weitgereist.de\/?p=11799\">Andorra<\/a><\/strong>, auf die\u00a0<strong><a href=\"https:\/\/familie-weitgereist.de\/?p=12081\">balearischen Inseln<\/a><\/strong>,\u00a0<strong><a href=\"https:\/\/familie-weitgereist.de\/?p=12528\">Gibraltar<\/a><\/strong>,\u00a0<strong><a href=\"https:\/\/familie-weitgereist.de\/?p=12073\">Spanien<\/a><\/strong> und <a href=\"https:\/\/familie-weitgereist.de\/?p=12700\"><strong>Portugal<\/strong><\/a>.<\/p>\n\n\n\n<figure class=\"wp-block-embed is-type-video is-provider-youtube wp-block-embed-youtube wp-embed-aspect-16-9 wp-has-aspect-ratio\"><div class=\"wp-block-embed__wrapper\">\n<iframe loading=\"lazy\" title=\"ROADTRIP EUROPA 2022 \/ 2023  - Woche #010\" width=\"580\" height=\"326\" src=\"https:\/\/www.youtube.com\/embed\/ta5wCXZH_Rc?feature=oembed\" frameborder=\"0\" allow=\"accelerometer; autoplay; clipboard-write; encrypted-media; gyroscope; picture-in-picture; web-share\" referrerpolicy=\"strict-origin-when-cross-origin\" allowfullscreen><\/iframe>\n<\/div><\/figure>\n\n\n\n<figure class=\"wp-block-embed is-type-video is-provider-youtube wp-block-embed-youtube wp-embed-aspect-16-9 wp-has-aspect-ratio\"><div class=\"wp-block-embed__wrapper\">\n<iframe loading=\"lazy\" title=\"ROADTRIP EUROPA 2022 \/ 2023  - Woche #011\" width=\"580\" height=\"326\" src=\"https:\/\/www.youtube.com\/embed\/ZGKYVszNvCc?feature=oembed\" frameborder=\"0\" allow=\"accelerometer; autoplay; clipboard-write; encrypted-media; gyroscope; picture-in-picture; web-share\" referrerpolicy=\"strict-origin-when-cross-origin\" allowfullscreen><\/iframe>\n<\/div><\/figure>\n\n\n\n<figure class=\"wp-block-embed is-type-video is-provider-youtube wp-block-embed-youtube wp-embed-aspect-16-9 wp-has-aspect-ratio\"><div class=\"wp-block-embed__wrapper\">\n<iframe loading=\"lazy\" title=\"ROADTRIP EUROPA 2022 \/ 2023  - Woche #012\" width=\"580\" height=\"326\" src=\"https:\/\/www.youtube.com\/embed\/OfQRUnQf1OI?feature=oembed\" frameborder=\"0\" allow=\"accelerometer; autoplay; clipboard-write; encrypted-media; gyroscope; picture-in-picture; web-share\" referrerpolicy=\"strict-origin-when-cross-origin\" allowfullscreen><\/iframe>\n<\/div><\/figure>\n\n\n\n<h2 class=\"wp-block-heading\">Anreise auf die Kanaren <\/h2>\n\n\n\n<p>Wir haben von <strong>Huleva<\/strong> die <strong>F\u00e4hre<\/strong> (Fred Olsen Express) nach <strong>Teneriffa<\/strong> genommen und sind einen Tag sp\u00e4ter mit der <strong>F\u00e4hre<\/strong> von <strong>Los Christianos, Teneriffa<\/strong> nach <strong>San<\/strong> <strong>Sebasti\u00e1n de La Gomera<\/strong> gefahren. Die F\u00e4hrfahrt von Huelva nach Teneriffa dauerte <strong>31 Stunden <\/strong>und wir hatten einen Stop auf Gran Canaria. Wir legten leider mit 7 Stunden Versp\u00e4tung in Huelva ab, da das Wetter auf hoher See recht st\u00fcrmisch war. Die \u00dcberfahrt von Teneriffa nach La Gomera dauert nur <strong>50 Minuten<\/strong>. Die Wellen sind deutlich zu sp\u00fcren auf dem kleinen Boot und uns wurde sogar leicht unwohl. Zum Gl\u00fcck war die Fahrt schnell vor\u00fcber.<\/p>\n\n\n\n<div id=\"wp-block-themeisle-blocks-slider-0e476e2c\" class=\"wp-block-themeisle-blocks-slider glide\" data-per-view=\"1\" data-gap=\"0\" data-peek=\"0\" data-autoplay=\"true\" data-height=\"400px\" data-hide-arrows=\"false\"><div class=\"glide__track\" data-glide-el=\"track\"><div class=\"glide__slides\"><div class=\"wp-block-themeisle-blocks-slider-item-wrapper glide__slide\" tabindex=\"0\"><figure><img decoding=\"async\" class=\"wp-block-themeisle-blocks-slider-item\" src=\"https:\/\/familie-weitgereist.de\/wp-content\/uploads\/2023\/01\/IMG_20230122_135329-scaled.jpg\" alt=\"\" title=\"\" data-id=\"12871\"\/><figcaption>Auf der F\u00e4hre von Huelva nach Teneriffa <\/figcaption><\/figure><\/div><div class=\"wp-block-themeisle-blocks-slider-item-wrapper glide__slide\" tabindex=\"0\"><figure><img decoding=\"async\" class=\"wp-block-themeisle-blocks-slider-item\" src=\"https:\/\/familie-weitgereist.de\/wp-content\/uploads\/2023\/01\/IMG_20230121_214613-scaled.jpg\" alt=\"\" title=\"\" data-id=\"12873\"\/><\/figure><\/div><div class=\"wp-block-themeisle-blocks-slider-item-wrapper glide__slide\" tabindex=\"0\"><figure><img decoding=\"async\" class=\"wp-block-themeisle-blocks-slider-item\" src=\"https:\/\/familie-weitgereist.de\/wp-content\/uploads\/2023\/01\/IMG_20230121_162949-scaled.jpg\" alt=\"\" title=\"\" data-id=\"12875\"\/><\/figure><\/div><\/div><div class=\"glide__bullets\" data-glide-el=\"controls[nav]\"><button class=\"glide__bullet\" data-glide-dir=\"=0\"><\/button><button class=\"glide__bullet\" data-glide-dir=\"=1\"><\/button><button class=\"glide__bullet\" data-glide-dir=\"=2\"><\/button><\/div><\/div><\/div>\n\n\n\n<figure class=\"wp-block-image size-large\"><img loading=\"lazy\" decoding=\"async\" width=\"1024\" height=\"768\" src=\"https:\/\/familie-weitgereist.de\/wp-content\/uploads\/2023\/02\/IMG_20230131_110148-1024x768.jpg\" alt=\"\" class=\"wp-image-13019\" srcset=\"https:\/\/familie-weitgereist.de\/wp-content\/uploads\/2023\/02\/IMG_20230131_110148-1024x768.jpg 1024w, https:\/\/familie-weitgereist.de\/wp-content\/uploads\/2023\/02\/IMG_20230131_110148-300x225.jpg 300w, https:\/\/familie-weitgereist.de\/wp-content\/uploads\/2023\/02\/IMG_20230131_110148-768x576.jpg 768w, https:\/\/familie-weitgereist.de\/wp-content\/uploads\/2023\/02\/IMG_20230131_110148-1536x1152.jpg 1536w, https:\/\/familie-weitgereist.de\/wp-content\/uploads\/2023\/02\/IMG_20230131_110148-2048x1536.jpg 2048w, https:\/\/familie-weitgereist.de\/wp-content\/uploads\/2023\/02\/IMG_20230131_110148-1200x900.jpg 1200w, https:\/\/familie-weitgereist.de\/wp-content\/uploads\/2023\/02\/IMG_20230131_110148-1980x1485.jpg 1980w, https:\/\/familie-weitgereist.de\/wp-content\/uploads\/2023\/02\/IMG_20230131_110148-150x113.jpg 150w\" sizes=\"auto, (max-width: 1024px) 100vw, 1024px\" \/><figcaption class=\"wp-element-caption\">Hafen San Sebasti\u00e1n de La Gomera <\/figcaption><\/figure>\n\n\n\n<h2 class=\"wp-block-heading\">La Gomera &#8211; Startpunkt zur Entdeckung der Neuen Welt <\/h2>\n\n\n\n<p>La Gomera wurde 1440 von den Spaniern erobert und diente als Versorgungsinsel f\u00fcr die k\u00f6nigliche Flotte. Viele werden sich fragen, was die kleine kanarische Insel, La Gomera mit der Entdeckung Amerikas zu tun hat. <\/p>\n\n\n\n<p>Der <strong>italienische Seefahrer Christoph Kolumbus<\/strong> wird oft als <strong>Entdecker Amerikas<\/strong> bezeichnet. Schon als Kind interessierte er sich sehr f\u00fcr das Reisen, Astronomie und das Navigieren. Er war sein Leben lang davon \u00fcberzeugt, dass er von Europa aus, schneller auf dem Seeweg Richtung Westen nach Asien gelangen k\u00f6nnte und machte es zu seinem Lebensziel diesen Seeweg zu finden. Daf\u00fcr erhielt er die notwendigen finanziellen Mittel vom spanischen K\u00f6nigshof. 1492 schiffte er auf einer Insel der heutigen Bahamas ein. Er unternahm drei weitere Reisen und legte auf seiner letzten Reise im heutigen Honduras an Land an. Er war bis zu seinem Lebensende davon \u00fcberzeugt in Indien gewesen zu sein und erkannte nicht, dass er auf einem &#8222;neuen&#8220; Kontinent angelegt hatte. <\/p>\n\n\n\n<p>Als Christoph Kolumbus am 3. August 1492 vom Hafen in Huelva, Spanien seine erste Reise nach Indien antrat, machten die drei Schiffe der Seefahrer Halt in San Sebasti\u00e1n de La Gomera um Proviant und Wasser f\u00fcr die weitere \u00dcberfahrt aufzutanken. Sie verlie\u00dfen am 6. September La Gomera und kamen am 12. Oktober auf den Bahamas an.  <\/p>\n\n\n\n<p>In San Sebasti\u00e1n konnten wir auf eine kleine historische Reise gehen. Wir bestaunten und erkl\u00e4rten Merlin wer Christoph Kolumbus war und betrachteten ebenso einen Kartenausschnitt der Seefahrerroute. <\/p>\n\n\n\n<div id=\"wp-block-themeisle-blocks-slider-1fc117a1\" class=\"wp-block-themeisle-blocks-slider glide\" data-per-view=\"1\" data-gap=\"0\" data-peek=\"0\" data-autoplay=\"true\" data-height=\"400px\" data-hide-arrows=\"false\"><div class=\"glide__track\" data-glide-el=\"track\"><div class=\"glide__slides\"><div class=\"wp-block-themeisle-blocks-slider-item-wrapper glide__slide\" tabindex=\"0\"><figure><img decoding=\"async\" class=\"wp-block-themeisle-blocks-slider-item\" src=\"https:\/\/familie-weitgereist.de\/wp-content\/uploads\/2023\/01\/IMG_20230131_111912-scaled.jpg\" alt=\"\" title=\"\" data-id=\"13000\"\/><\/figure><\/div><div class=\"wp-block-themeisle-blocks-slider-item-wrapper glide__slide\" tabindex=\"0\"><figure><img decoding=\"async\" class=\"wp-block-themeisle-blocks-slider-item\" src=\"https:\/\/familie-weitgereist.de\/wp-content\/uploads\/2023\/01\/IMG_20230131_111817-scaled.jpg\" alt=\"\" title=\"\" data-id=\"13005\"\/><\/figure><\/div><div class=\"wp-block-themeisle-blocks-slider-item-wrapper glide__slide\" tabindex=\"0\"><figure><img decoding=\"async\" class=\"wp-block-themeisle-blocks-slider-item\" src=\"https:\/\/familie-weitgereist.de\/wp-content\/uploads\/2023\/01\/IMG_20230131_110948-scaled.jpg\" alt=\"\" title=\"\" data-id=\"13011\"\/><\/figure><\/div><\/div><div class=\"glide__bullets\" data-glide-el=\"controls[nav]\"><button class=\"glide__bullet\" data-glide-dir=\"=0\"><\/button><button class=\"glide__bullet\" data-glide-dir=\"=1\"><\/button><button class=\"glide__bullet\" data-glide-dir=\"=2\"><\/button><\/div><\/div><\/div>\n\n\n\n<h2 class=\"wp-block-heading\">El Silbo &#8211; Pfeifsprache La Gomeras <\/h2>\n\n\n\n<p>Die Pfeifsprache La Gomeras ist seit 2009 <strong>immaterielles Kulturerbe<\/strong> und eine Besonderheit der Insel. Sie ist die <strong>einzige Pfeifsprache der Welt, die das lateinische Alphabet benutzt <\/strong>und wirklich gesprochen wird. Es gibt zwei Vokale und vier Konsonanten. In den Schulen La Gomeras ist das Schulfach &#8222;El Silbo&#8220; f\u00fcr sechs Schuljahre Pflicht. Hiermit soll dem Vergessen der Pfeifsprache entgegen gewirkt werden. Jeder Pfeifer hat seinen eigenen &#8222;Dialekt&#8220; und Tonlage. Wenn der Wind g\u00fcnstig weht, k\u00f6nnen die Insulaner kilometerweit entfernt miteinander kommunizieren. Fr\u00fcher pfiff man in Notf\u00e4llen \u00c4rzte oder Hebammen herbei. Ebenso wurde vor Gefahren gewarnt, z.B. als die Schergen von Diktator Franco auf die Insel einfielen. Die Ureinwohner der Insel, die Berber lebten damals in H\u00f6hlen und kommunizierten pfeifend \u00fcber die Berge hinweg. <\/p>\n\n\n\n<div id=\"wp-block-themeisle-blocks-slider-844bc9a0\" class=\"wp-block-themeisle-blocks-slider glide\" data-per-view=\"1\" data-gap=\"0\" data-peek=\"0\" data-autoplay=\"true\" data-height=\"400px\" data-hide-arrows=\"false\"><div class=\"glide__track\" data-glide-el=\"track\"><div class=\"glide__slides\"><div class=\"wp-block-themeisle-blocks-slider-item-wrapper glide__slide\" tabindex=\"0\"><figure><img decoding=\"async\" class=\"wp-block-themeisle-blocks-slider-item\" src=\"https:\/\/familie-weitgereist.de\/wp-content\/uploads\/2023\/01\/IMG_20230129_125812-scaled.jpg\" alt=\"\" title=\"\" data-id=\"13012\"\/><\/figure><\/div><div class=\"wp-block-themeisle-blocks-slider-item-wrapper glide__slide\" tabindex=\"0\"><figure><img decoding=\"async\" class=\"wp-block-themeisle-blocks-slider-item\" src=\"https:\/\/familie-weitgereist.de\/wp-content\/uploads\/2023\/01\/IMG_20230129_125759-scaled.jpg\" alt=\"\" title=\"\" data-id=\"13015\"\/><\/figure><\/div><\/div><div class=\"glide__bullets\" data-glide-el=\"controls[nav]\"><button class=\"glide__bullet\" data-glide-dir=\"=0\"><\/button><button class=\"glide__bullet\" data-glide-dir=\"=1\"><\/button><\/div><\/div><\/div>\n\n\n\n<h2 class=\"wp-block-heading\">Wandern auf La Gomera<\/h2>\n\n\n\n<p>La Gomera wird auch als die immergr\u00fcne Insel bezeichnet und bietet <strong>traumhafte<\/strong> <strong>Wanderm\u00f6glichkeiten<\/strong>! <strong>Zwei Weitwanderwege verlaufen \u00fcber die Insel. Der GR-131 verl\u00e4uft vom S\u00fcden in den Norden und der GR-132 umrundet La Gomera. <\/strong>Es gibt insgesamt 600 km Wanderwege auf der Insel. Dies sind zum Teil alte Verbindungswege der Insulaner. Auch wir haben einige grandiose Wanderungen unternommen und bestaunten dabei immer wieder die landschaftliche Vielfalt auf der kleinen Insel.<\/p>\n\n\n\n<p>Ein Wanderhighlight und markanter Punkt auf der Insel ist &#8222;<strong>La Roque<\/strong>&#8222;. Dieser Fels ragt inmitten des <strong>Nationalparks Garajonay<\/strong> steil heraus.<\/p>\n\n\n\n<figure class=\"wp-block-image size-large\"><img loading=\"lazy\" decoding=\"async\" width=\"1024\" height=\"768\" src=\"https:\/\/familie-weitgereist.de\/wp-content\/uploads\/2023\/01\/IMG_20230124_130833-1024x768.jpg\" alt=\"\" class=\"wp-image-12881\" srcset=\"https:\/\/familie-weitgereist.de\/wp-content\/uploads\/2023\/01\/IMG_20230124_130833-1024x768.jpg 1024w, https:\/\/familie-weitgereist.de\/wp-content\/uploads\/2023\/01\/IMG_20230124_130833-300x225.jpg 300w, https:\/\/familie-weitgereist.de\/wp-content\/uploads\/2023\/01\/IMG_20230124_130833-768x576.jpg 768w, https:\/\/familie-weitgereist.de\/wp-content\/uploads\/2023\/01\/IMG_20230124_130833-1536x1152.jpg 1536w, https:\/\/familie-weitgereist.de\/wp-content\/uploads\/2023\/01\/IMG_20230124_130833-2048x1536.jpg 2048w, https:\/\/familie-weitgereist.de\/wp-content\/uploads\/2023\/01\/IMG_20230124_130833-1200x900.jpg 1200w, https:\/\/familie-weitgereist.de\/wp-content\/uploads\/2023\/01\/IMG_20230124_130833-1980x1485.jpg 1980w, https:\/\/familie-weitgereist.de\/wp-content\/uploads\/2023\/01\/IMG_20230124_130833-150x113.jpg 150w\" sizes=\"auto, (max-width: 1024px) 100vw, 1024px\" \/><figcaption class=\"wp-element-caption\">La Roque <\/figcaption><\/figure>\n\n\n\n<p>Beim <strong>Mirador de Los Roques<\/strong> parkten wir unser Auto und unternahmen eine kurze Wanderung, immer mit Blick auf den Felsen.<\/p>\n\n\n\n<p>Unsere <strong>Wanderung durch den Nationalpark Garajonay<\/strong> war traumhaft sch\u00f6n. Wir wanderten durch einen urw\u00fcchsigen Lorbeerwald. Es f\u00fchlte sich mystisch an mit dem Hochnebel und es glich einer kleinen Dschungelwanderung. Der Garajonay Nationalpark befindet sich in Zentrum von La Gomera und ist seit 1981 Nationalpark. Der h\u00f6chste Gipfel der Insel <strong>Alto de Garajonay<\/strong> mit <strong>1487m<\/strong> befindet sich dort. <\/p>\n\n\n\n<p>Wir wanderten zum <strong>Mirador Morro de Agando<\/strong>. Das ist ein traumhafter Aussichtspunkt auf den markanten <strong>La Roque<\/strong>. Wir hatten einen grandiosen <strong>Rundumblick \u00fcber die gesamte Insel<\/strong> und blickten ebenso auf den Teide auf Teneriffa.<\/p>\n\n\n\n<div id=\"wp-block-themeisle-blocks-slider-0ad7d487\" class=\"wp-block-themeisle-blocks-slider glide\" data-per-view=\"1\" data-gap=\"0\" data-peek=\"0\" data-autoplay=\"true\" data-height=\"400px\" data-hide-arrows=\"false\"><div class=\"glide__track\" data-glide-el=\"track\"><div class=\"glide__slides\"><div class=\"wp-block-themeisle-blocks-slider-item-wrapper glide__slide\" tabindex=\"0\"><figure><img decoding=\"async\" class=\"wp-block-themeisle-blocks-slider-item\" src=\"https:\/\/familie-weitgereist.de\/wp-content\/uploads\/2023\/01\/IMG_20230125_145505-scaled.jpg\" alt=\"\" title=\"\" data-id=\"12902\"\/><\/figure><\/div><div class=\"wp-block-themeisle-blocks-slider-item-wrapper glide__slide\" tabindex=\"0\"><figure><img decoding=\"async\" class=\"wp-block-themeisle-blocks-slider-item\" src=\"https:\/\/familie-weitgereist.de\/wp-content\/uploads\/2023\/01\/IMG_20230125_140339-scaled.jpg\" alt=\"\" title=\"\" data-id=\"12903\"\/><\/figure><\/div><div class=\"wp-block-themeisle-blocks-slider-item-wrapper glide__slide\" tabindex=\"0\"><figure><img decoding=\"async\" class=\"wp-block-themeisle-blocks-slider-item\" src=\"https:\/\/familie-weitgereist.de\/wp-content\/uploads\/2023\/01\/IMG_20230125_132451-scaled.jpg\" alt=\"\" title=\"\" data-id=\"12904\"\/><\/figure><\/div><\/div><div class=\"glide__bullets\" data-glide-el=\"controls[nav]\"><button class=\"glide__bullet\" data-glide-dir=\"=0\"><\/button><button class=\"glide__bullet\" data-glide-dir=\"=1\"><\/button><button class=\"glide__bullet\" data-glide-dir=\"=2\"><\/button><\/div><\/div><\/div>\n\n\n\n<p>Dabei wanderten wir durch den Nationalpark, mitten durch den Lorbeerwald. Ich finde es immer so beeindruckend von Weitem auf das zur\u00fcck gelegte Gebiet zu schauen und gar keinen Weg zu sehen, denn der verlief schmal mitten im Wald und auf dem Bergr\u00fccken. <\/p>\n\n\n\n<div id=\"wp-block-themeisle-blocks-slider-93d59045\" class=\"wp-block-themeisle-blocks-slider glide\" data-per-view=\"1\" data-gap=\"0\" data-peek=\"0\" data-autoplay=\"true\" data-height=\"400px\" data-hide-arrows=\"false\"><div class=\"glide__track\" data-glide-el=\"track\"><div class=\"glide__slides\"><div class=\"wp-block-themeisle-blocks-slider-item-wrapper glide__slide\" tabindex=\"0\"><figure><img decoding=\"async\" class=\"wp-block-themeisle-blocks-slider-item\" src=\"https:\/\/familie-weitgereist.de\/wp-content\/uploads\/2023\/01\/IMG_20230125_141254-scaled.jpg\" alt=\"\" title=\"\" data-id=\"12899\"\/><\/figure><\/div><div class=\"wp-block-themeisle-blocks-slider-item-wrapper glide__slide\" tabindex=\"0\"><figure><img decoding=\"async\" class=\"wp-block-themeisle-blocks-slider-item\" src=\"https:\/\/familie-weitgereist.de\/wp-content\/uploads\/2023\/01\/IMG_20230125_140214-scaled.jpg\" alt=\"\" title=\"\" data-id=\"12901\"\/><\/figure><\/div><\/div><div class=\"glide__bullets\" data-glide-el=\"controls[nav]\"><button class=\"glide__bullet\" data-glide-dir=\"=0\"><\/button><button class=\"glide__bullet\" data-glide-dir=\"=1\"><\/button><\/div><\/div><\/div>\n\n\n\n<p>Selbst mit dem Auto gelangt man einfach in den Nationalpark. Die Stra\u00dfen sind in makellosem Zustand. Es gibt viele Rastpl\u00e4tze, Parkpl\u00e4tze und Einstiegsm\u00f6glichkeiten auf Wanderwege. <\/p>\n\n\n\n<figure class=\"wp-block-image size-large is-resized\"><img loading=\"lazy\" decoding=\"async\" src=\"https:\/\/familie-weitgereist.de\/wp-content\/uploads\/2023\/01\/IMG_20230125_151824-1024x768.jpg\" alt=\"\" class=\"wp-image-12906\" width=\"377\" height=\"282\" srcset=\"https:\/\/familie-weitgereist.de\/wp-content\/uploads\/2023\/01\/IMG_20230125_151824-1024x768.jpg 1024w, https:\/\/familie-weitgereist.de\/wp-content\/uploads\/2023\/01\/IMG_20230125_151824-300x225.jpg 300w, https:\/\/familie-weitgereist.de\/wp-content\/uploads\/2023\/01\/IMG_20230125_151824-768x576.jpg 768w, https:\/\/familie-weitgereist.de\/wp-content\/uploads\/2023\/01\/IMG_20230125_151824-1536x1152.jpg 1536w, https:\/\/familie-weitgereist.de\/wp-content\/uploads\/2023\/01\/IMG_20230125_151824-2048x1536.jpg 2048w, https:\/\/familie-weitgereist.de\/wp-content\/uploads\/2023\/01\/IMG_20230125_151824-1200x900.jpg 1200w, https:\/\/familie-weitgereist.de\/wp-content\/uploads\/2023\/01\/IMG_20230125_151824-1980x1485.jpg 1980w, https:\/\/familie-weitgereist.de\/wp-content\/uploads\/2023\/01\/IMG_20230125_151824-150x113.jpg 150w\" sizes=\"auto, (max-width: 377px) 100vw, 377px\" \/><figcaption class=\"wp-element-caption\">Stra\u00dfe im Nationalpark Garajonay<\/figcaption><\/figure>\n\n\n\n<p>Eine super Wanderung und sehr abenteuerlich f\u00fcr kleine F\u00fc\u00dfe, war die Wanderung zum <strong>Arure Wasserfall (<em>Cascada de Arure<\/em>)<\/strong>. Wir sind in dem Ort <strong>Valle Gran Rey <\/strong>gestartet und liefen zuerst steile Treppen hinauf, um die letzten H\u00e4user des Ortes zu erreichen. Der Weg schl\u00e4ngelte sich durch das Viertel, an wunderbar h\u00fcbschen H\u00e4uschen vorbei. <\/p>\n\n\n\n<figure class=\"wp-block-image size-large\"><img loading=\"lazy\" decoding=\"async\" width=\"1024\" height=\"768\" src=\"https:\/\/familie-weitgereist.de\/wp-content\/uploads\/2023\/01\/IMG_20230127_115956-1024x768.jpg\" alt=\"\" class=\"wp-image-12912\" srcset=\"https:\/\/familie-weitgereist.de\/wp-content\/uploads\/2023\/01\/IMG_20230127_115956-1024x768.jpg 1024w, https:\/\/familie-weitgereist.de\/wp-content\/uploads\/2023\/01\/IMG_20230127_115956-300x225.jpg 300w, https:\/\/familie-weitgereist.de\/wp-content\/uploads\/2023\/01\/IMG_20230127_115956-768x576.jpg 768w, https:\/\/familie-weitgereist.de\/wp-content\/uploads\/2023\/01\/IMG_20230127_115956-1536x1152.jpg 1536w, https:\/\/familie-weitgereist.de\/wp-content\/uploads\/2023\/01\/IMG_20230127_115956-2048x1536.jpg 2048w, https:\/\/familie-weitgereist.de\/wp-content\/uploads\/2023\/01\/IMG_20230127_115956-1200x900.jpg 1200w, https:\/\/familie-weitgereist.de\/wp-content\/uploads\/2023\/01\/IMG_20230127_115956-1980x1485.jpg 1980w, https:\/\/familie-weitgereist.de\/wp-content\/uploads\/2023\/01\/IMG_20230127_115956-150x113.jpg 150w\" sizes=\"auto, (max-width: 1024px) 100vw, 1024px\" \/><figcaption class=\"wp-element-caption\">Valle Gran Rey<\/figcaption><\/figure>\n\n\n\n<div id=\"wp-block-themeisle-blocks-slider-51548c37\" class=\"wp-block-themeisle-blocks-slider glide\" data-per-view=\"1\" data-gap=\"0\" data-peek=\"0\" data-autoplay=\"true\" data-height=\"400px\" data-hide-arrows=\"false\"><div class=\"glide__track\" data-glide-el=\"track\"><div class=\"glide__slides\"><div class=\"wp-block-themeisle-blocks-slider-item-wrapper glide__slide\" tabindex=\"0\"><figure><img decoding=\"async\" class=\"wp-block-themeisle-blocks-slider-item\" src=\"https:\/\/familie-weitgereist.de\/wp-content\/uploads\/2023\/01\/IMG_20230127_153557-scaled.jpg\" alt=\"\" title=\"\" data-id=\"12931\"\/><\/figure><\/div><div class=\"wp-block-themeisle-blocks-slider-item-wrapper glide__slide\" tabindex=\"0\"><figure><img decoding=\"async\" class=\"wp-block-themeisle-blocks-slider-item\" src=\"https:\/\/familie-weitgereist.de\/wp-content\/uploads\/2023\/01\/IMG_20230127_120402-scaled.jpg\" alt=\"\" title=\"\" data-id=\"12932\"\/><\/figure><\/div><div class=\"wp-block-themeisle-blocks-slider-item-wrapper glide__slide\" tabindex=\"0\"><figure><img decoding=\"async\" class=\"wp-block-themeisle-blocks-slider-item\" src=\"https:\/\/familie-weitgereist.de\/wp-content\/uploads\/2023\/01\/IMG_20230127_115618-scaled.jpg\" alt=\"\" title=\"\" data-id=\"12934\"\/><\/figure><\/div><\/div><div class=\"glide__bullets\" data-glide-el=\"controls[nav]\"><button class=\"glide__bullet\" data-glide-dir=\"=0\"><\/button><button class=\"glide__bullet\" data-glide-dir=\"=1\"><\/button><button class=\"glide__bullet\" data-glide-dir=\"=2\"><\/button><\/div><\/div><\/div>\n\n\n\n<p>Schlie\u00dflich liefen wir in den <strong>Barranco<\/strong>, die Schlucht hinein. Der Weg zum Wasserfall ging \u00fcber Stock und Stein. Ab und zu erblickten wir ein Wanderzeichen, ansonsten war der Weg recht unwegsam und wir mussten manchmal sehr nach dem Pfad Ausschau halten. <\/p>\n\n\n\n<div id=\"wp-block-themeisle-blocks-slider-15aa06e3\" class=\"wp-block-themeisle-blocks-slider glide\" data-per-view=\"1\" data-gap=\"0\" data-peek=\"0\" data-autoplay=\"true\" data-height=\"400px\" data-hide-arrows=\"false\"><div class=\"glide__track\" data-glide-el=\"track\"><div class=\"glide__slides\"><div class=\"wp-block-themeisle-blocks-slider-item-wrapper glide__slide\" tabindex=\"0\"><figure><img decoding=\"async\" class=\"wp-block-themeisle-blocks-slider-item\" src=\"https:\/\/familie-weitgereist.de\/wp-content\/uploads\/2023\/01\/IMG_20230127_130123-scaled.jpg\" alt=\"\" title=\"\" data-id=\"12928\"\/><\/figure><\/div><div class=\"wp-block-themeisle-blocks-slider-item-wrapper glide__slide\" tabindex=\"0\"><figure><img decoding=\"async\" class=\"wp-block-themeisle-blocks-slider-item\" src=\"https:\/\/familie-weitgereist.de\/wp-content\/uploads\/2023\/01\/IMG_20230127_123813-scaled.jpg\" alt=\"\" title=\"\" data-id=\"12929\"\/><\/figure><\/div><div class=\"wp-block-themeisle-blocks-slider-item-wrapper glide__slide\" tabindex=\"0\"><figure><img decoding=\"async\" class=\"wp-block-themeisle-blocks-slider-item\" src=\"https:\/\/familie-weitgereist.de\/wp-content\/uploads\/2023\/01\/IMG_20230127_121811-scaled.jpg\" alt=\"\" title=\"\" data-id=\"12930\"\/><\/figure><\/div><\/div><div class=\"glide__bullets\" data-glide-el=\"controls[nav]\"><button class=\"glide__bullet\" data-glide-dir=\"=0\"><\/button><button class=\"glide__bullet\" data-glide-dir=\"=1\"><\/button><button class=\"glide__bullet\" data-glide-dir=\"=2\"><\/button><\/div><\/div><\/div>\n\n\n\n<p>Die Wanderung hat uns sehr viel Spa\u00df gemacht, besonders Merlin war total begeistert! F\u00fcr den letzten Teil des Weges haben wir unsere Schuhe ausgezogen und sind barfu\u00df weiter. Es wurde zu nass und der Weg war zum Teil komplett umsp\u00fclt. Am Ende der Schlucht waren wir beim Wasserfall und haben unser Picknick genossen. Den gleichen Weg liefen wir zur\u00fcck und dabei kam es uns viel schneller vor, als der Hinweg.<\/p>\n\n\n\n<figure class=\"wp-block-image size-large\"><img loading=\"lazy\" decoding=\"async\" width=\"768\" height=\"1024\" src=\"https:\/\/familie-weitgereist.de\/wp-content\/uploads\/2023\/01\/IMG_20230127_135717-768x1024.jpg\" alt=\"\" class=\"wp-image-12926\" srcset=\"https:\/\/familie-weitgereist.de\/wp-content\/uploads\/2023\/01\/IMG_20230127_135717-768x1024.jpg 768w, https:\/\/familie-weitgereist.de\/wp-content\/uploads\/2023\/01\/IMG_20230127_135717-225x300.jpg 225w, https:\/\/familie-weitgereist.de\/wp-content\/uploads\/2023\/01\/IMG_20230127_135717-1152x1536.jpg 1152w, https:\/\/familie-weitgereist.de\/wp-content\/uploads\/2023\/01\/IMG_20230127_135717-1536x2048.jpg 1536w, https:\/\/familie-weitgereist.de\/wp-content\/uploads\/2023\/01\/IMG_20230127_135717-1200x1600.jpg 1200w, https:\/\/familie-weitgereist.de\/wp-content\/uploads\/2023\/01\/IMG_20230127_135717-1980x2640.jpg 1980w, https:\/\/familie-weitgereist.de\/wp-content\/uploads\/2023\/01\/IMG_20230127_135717-640x853.jpg 640w, https:\/\/familie-weitgereist.de\/wp-content\/uploads\/2023\/01\/IMG_20230127_135717-150x200.jpg 150w, https:\/\/familie-weitgereist.de\/wp-content\/uploads\/2023\/01\/IMG_20230127_135717-scaled.jpg 1920w\" sizes=\"auto, (max-width: 768px) 100vw, 768px\" \/><figcaption class=\"wp-element-caption\">Cascada de Arure<\/figcaption><\/figure>\n\n\n\n<p>An ein paar Tagen haben wir mit unserem Camper sch\u00f6ne <strong>Aussichtspunkte<\/strong> angefahren. Im <strong>Nationalpark Garajonay <\/strong>gibt es \u00fcberall wunderbare Aussichtspunkte, an denen man gut parken kann und nach ein paar Hundert Metern hatten wir atemberaubende Ausblicke \u00fcber die gesamte Insel und oft sogar mit <strong>Blick<\/strong> <strong>auf Teneriffa<\/strong> und <strong>El Hierro<\/strong>. <\/p>\n\n\n\n<p>Die Stra\u00dfen sind immer in einem guten Zustand. Nichtsdestotrotz fuhren wir oft \u00fcber enge Serpentinen durch die Berge. Das sollte bedacht werden, wenn man \u00fcber die Insel fahren m\u00f6chte.<\/p>\n\n\n\n<p>Wir sind zu dem <strong>Aussichtspunkt<\/strong> <strong>Risquillos<\/strong> <strong>de Corgo<\/strong> gefahren. Dieser liegt im Nationalpark Garajonay und ist gut zu erreichen. Vom Parkplatz liefen wir lediglich 800m durch den Wald und hatten einen herrlichen Ausblick Richtung Meer. Zudem verl\u00e4uft hier auch der GR-131.<\/p>\n\n\n\n<div id=\"wp-block-themeisle-blocks-slider-61fcfd4f\" class=\"wp-block-themeisle-blocks-slider glide\" data-per-view=\"1\" data-gap=\"0\" data-peek=\"0\" data-autoplay=\"true\" data-height=\"400px\" data-hide-arrows=\"false\"><div class=\"glide__track\" data-glide-el=\"track\"><div class=\"glide__slides\"><div class=\"wp-block-themeisle-blocks-slider-item-wrapper glide__slide\" tabindex=\"0\"><figure><img decoding=\"async\" class=\"wp-block-themeisle-blocks-slider-item\" src=\"https:\/\/familie-weitgereist.de\/wp-content\/uploads\/2023\/01\/IMG_20230128_123811-scaled.jpg\" alt=\"\" title=\"\" data-id=\"12938\"\/><\/figure><\/div><div class=\"wp-block-themeisle-blocks-slider-item-wrapper glide__slide\" tabindex=\"0\"><figure><img decoding=\"async\" class=\"wp-block-themeisle-blocks-slider-item\" src=\"https:\/\/familie-weitgereist.de\/wp-content\/uploads\/2023\/01\/IMG_20230128_123603-scaled.jpg\" alt=\"\" title=\"\" data-id=\"12940\"\/><\/figure><\/div><div class=\"wp-block-themeisle-blocks-slider-item-wrapper glide__slide\" tabindex=\"0\"><figure><img decoding=\"async\" class=\"wp-block-themeisle-blocks-slider-item\" src=\"https:\/\/familie-weitgereist.de\/wp-content\/uploads\/2023\/01\/IMG_20230128_123507-scaled.jpg\" alt=\"\" title=\"\" data-id=\"12941\"\/><\/figure><\/div><\/div><div class=\"glide__bullets\" data-glide-el=\"controls[nav]\"><button class=\"glide__bullet\" data-glide-dir=\"=0\"><\/button><button class=\"glide__bullet\" data-glide-dir=\"=1\"><\/button><button class=\"glide__bullet\" data-glide-dir=\"=2\"><\/button><\/div><\/div><\/div>\n\n\n\n<p>Der <strong>Mirador de Abrante<\/strong> ist ein <strong>Skywalk<\/strong>. Die Ausblicke reichen bis nach Teneriffa mit dem h\u00f6chsten Berg Spaniens, den Teide. Auch hier konnten wir mit unserem Camper bis zum Aussichtspunkt fahren. <\/p>\n\n\n\n<div id=\"wp-block-themeisle-blocks-slider-37682034\" class=\"wp-block-themeisle-blocks-slider glide\" data-per-view=\"1\" data-gap=\"0\" data-peek=\"0\" data-autoplay=\"true\" data-height=\"400px\" data-hide-arrows=\"false\"><div class=\"glide__track\" data-glide-el=\"track\"><div class=\"glide__slides\"><div class=\"wp-block-themeisle-blocks-slider-item-wrapper glide__slide\" tabindex=\"0\"><figure><img decoding=\"async\" class=\"wp-block-themeisle-blocks-slider-item\" src=\"https:\/\/familie-weitgereist.de\/wp-content\/uploads\/2023\/01\/IMG_20230128_135051-scaled.jpg\" alt=\"\" title=\"\" data-id=\"12947\"\/><\/figure><\/div><div class=\"wp-block-themeisle-blocks-slider-item-wrapper glide__slide\" tabindex=\"0\"><figure><img decoding=\"async\" class=\"wp-block-themeisle-blocks-slider-item\" src=\"https:\/\/familie-weitgereist.de\/wp-content\/uploads\/2023\/01\/IMG_20230128_134812-scaled.jpg\" alt=\"\" title=\"\" data-id=\"12948\"\/><\/figure><\/div><\/div><div class=\"glide__bullets\" data-glide-el=\"controls[nav]\"><button class=\"glide__bullet\" data-glide-dir=\"=0\"><\/button><button class=\"glide__bullet\" data-glide-dir=\"=1\"><\/button><\/div><\/div><\/div>\n\n\n\n<p>Der <strong>Tafelberg (<em>Fortaleza de Chipude<\/em>) <\/strong>ist ein Wahrzeichen von La Gomera. Es gibt herrliche Wanderwege um den markanten Berg herum und es ist auch m\u00f6glich ihn zu besteigen. Ein steiler Pfad f\u00fchrt hinauf auf den Gipfel, wo sogar ein Gipfelkreuz steht. Der Weitwanderweg GR-131 f\u00fchrt an dem Berggipfel vorbei. Wir umwanderten den Tafelberg und hatten von allen Seiten wundersch\u00f6ne Ausblicke auf den Berg, das Meer und die kleine Nachbarinsel El Hierro. <\/p>\n\n\n\n<div id=\"wp-block-themeisle-blocks-slider-24f50998\" class=\"wp-block-themeisle-blocks-slider glide\" data-per-view=\"1\" data-gap=\"0\" data-peek=\"0\" data-autoplay=\"true\" data-height=\"400px\" data-hide-arrows=\"false\"><div class=\"glide__track\" data-glide-el=\"track\"><div class=\"glide__slides\"><div class=\"wp-block-themeisle-blocks-slider-item-wrapper glide__slide\" tabindex=\"0\"><figure><img decoding=\"async\" class=\"wp-block-themeisle-blocks-slider-item\" src=\"https:\/\/familie-weitgereist.de\/wp-content\/uploads\/2023\/01\/IMG_20230129_141319-scaled.jpg\" alt=\"\" title=\"\" data-id=\"12955\"\/><\/figure><\/div><div class=\"wp-block-themeisle-blocks-slider-item-wrapper glide__slide\" tabindex=\"0\"><figure><img decoding=\"async\" class=\"wp-block-themeisle-blocks-slider-item\" src=\"https:\/\/familie-weitgereist.de\/wp-content\/uploads\/2023\/01\/IMG_20230129_140159-scaled.jpg\" alt=\"\" title=\"\" data-id=\"12956\"\/><\/figure><\/div><\/div><div class=\"glide__bullets\" data-glide-el=\"controls[nav]\"><button class=\"glide__bullet\" data-glide-dir=\"=0\"><\/button><button class=\"glide__bullet\" data-glide-dir=\"=1\"><\/button><\/div><\/div><\/div>\n\n\n\n<h2 class=\"wp-block-heading\">\u00c1reas Recreativas (Picknickpl\u00e4tze)<\/h2>\n\n\n\n<p>Auf der Insel gibt es viele Picknickpl\u00e4tze, die mit Spielpl\u00e4tzen, Grillm\u00f6glichkeiten und Wasserzapfstellen (<em>Vorsicht: oft kein Trinkwasser!<\/em>) ausgestattet sind. Sie befinden sich meistens in den Bergen.<\/p>\n\n\n\n<div id=\"wp-block-themeisle-blocks-slider-433d773d\" class=\"wp-block-themeisle-blocks-slider glide\" data-per-view=\"1\" data-gap=\"0\" data-peek=\"0\" data-autoplay=\"true\" data-height=\"400px\" data-hide-arrows=\"false\"><div class=\"glide__track\" data-glide-el=\"track\"><div class=\"glide__slides\"><div class=\"wp-block-themeisle-blocks-slider-item-wrapper glide__slide\" tabindex=\"0\"><figure><img decoding=\"async\" class=\"wp-block-themeisle-blocks-slider-item\" src=\"https:\/\/familie-weitgereist.de\/wp-content\/uploads\/2023\/01\/IMG_20230124_171529-scaled.jpg\" alt=\"\" title=\"\" data-id=\"12886\"\/><\/figure><\/div><div class=\"wp-block-themeisle-blocks-slider-item-wrapper glide__slide\" tabindex=\"0\"><figure><img decoding=\"async\" class=\"wp-block-themeisle-blocks-slider-item\" src=\"https:\/\/familie-weitgereist.de\/wp-content\/uploads\/2023\/01\/IMG_20230124_163425-scaled.jpg\" alt=\"\" title=\"\" data-id=\"12888\"\/><\/figure><\/div><\/div><div class=\"glide__bullets\" data-glide-el=\"controls[nav]\"><button class=\"glide__bullet\" data-glide-dir=\"=0\"><\/button><button class=\"glide__bullet\" data-glide-dir=\"=1\"><\/button><\/div><\/div><\/div>\n\n\n\n<h2 class=\"wp-block-heading\">Valle Gran Rey <\/h2>\n\n\n\n<p>Das Valle Gran Rey liegt im Westen von La Gomera auf der <strong>Sonnenseite<\/strong>. Die Temperaturen sind hier immer ein paar Grad w\u00e4rmer als im Norden. Es gibt ein paar kleinere Str\u00e4nde, an denen wir gut schwimmen und eine sch\u00f6ne Zeit am Strand verbringen konnten. Da die Wellen oft ziemlich hoch sind, haben wir uns gefreut, dass es hier kleine Badebuchten gibt.<\/p>\n\n\n\n<figure class=\"wp-block-image size-large\"><img loading=\"lazy\" decoding=\"async\" width=\"1024\" height=\"768\" src=\"https:\/\/familie-weitgereist.de\/wp-content\/uploads\/2023\/01\/IMG_20230126_113938-1024x768.jpg\" alt=\"\" class=\"wp-image-12918\" srcset=\"https:\/\/familie-weitgereist.de\/wp-content\/uploads\/2023\/01\/IMG_20230126_113938-1024x768.jpg 1024w, https:\/\/familie-weitgereist.de\/wp-content\/uploads\/2023\/01\/IMG_20230126_113938-300x225.jpg 300w, https:\/\/familie-weitgereist.de\/wp-content\/uploads\/2023\/01\/IMG_20230126_113938-768x576.jpg 768w, https:\/\/familie-weitgereist.de\/wp-content\/uploads\/2023\/01\/IMG_20230126_113938-1536x1152.jpg 1536w, https:\/\/familie-weitgereist.de\/wp-content\/uploads\/2023\/01\/IMG_20230126_113938-2048x1536.jpg 2048w, https:\/\/familie-weitgereist.de\/wp-content\/uploads\/2023\/01\/IMG_20230126_113938-1200x900.jpg 1200w, https:\/\/familie-weitgereist.de\/wp-content\/uploads\/2023\/01\/IMG_20230126_113938-1980x1485.jpg 1980w, https:\/\/familie-weitgereist.de\/wp-content\/uploads\/2023\/01\/IMG_20230126_113938-150x113.jpg 150w\" sizes=\"auto, (max-width: 1024px) 100vw, 1024px\" \/><\/figure>\n\n\n\n<p>Wir hatten das Gef\u00fchl, dass hier viele Deutsche leben und einige auch ausgestiegen sind, um auf La Gomera ein alternativeres und freieres Leben zu f\u00fchren. \u00dcberall gibt es St\u00e4nde mit selbst gebastelten Schmuck, eine deutsche B\u00e4ckerei, sogar einen deutschen Kindertreff gibt es hier. <\/p>\n\n\n\n<div id=\"wp-block-themeisle-blocks-slider-8e12f2ab\" class=\"wp-block-themeisle-blocks-slider glide\" data-per-view=\"1\" data-gap=\"0\" data-peek=\"0\" data-autoplay=\"true\" data-height=\"400px\" data-hide-arrows=\"false\"><div class=\"glide__track\" data-glide-el=\"track\"><div class=\"glide__slides\"><div class=\"wp-block-themeisle-blocks-slider-item-wrapper glide__slide\" tabindex=\"0\"><figure><img decoding=\"async\" class=\"wp-block-themeisle-blocks-slider-item\" src=\"https:\/\/familie-weitgereist.de\/wp-content\/uploads\/2023\/01\/IMG_20230127_101049-scaled.jpg\" alt=\"\" title=\"\" data-id=\"12920\"\/><\/figure><\/div><div class=\"wp-block-themeisle-blocks-slider-item-wrapper glide__slide\" tabindex=\"0\"><figure><img decoding=\"async\" class=\"wp-block-themeisle-blocks-slider-item\" src=\"https:\/\/familie-weitgereist.de\/wp-content\/uploads\/2023\/01\/IMG_20230126_164744-scaled.jpg\" alt=\"\" title=\"\" data-id=\"12921\"\/><\/figure><\/div><div class=\"wp-block-themeisle-blocks-slider-item-wrapper glide__slide\" tabindex=\"0\"><figure><img decoding=\"async\" class=\"wp-block-themeisle-blocks-slider-item\" src=\"https:\/\/familie-weitgereist.de\/wp-content\/uploads\/2023\/01\/IMG_20230126_113645-scaled.jpg\" alt=\"\" title=\"\" data-id=\"12922\"\/><\/figure><\/div><\/div><div class=\"glide__bullets\" data-glide-el=\"controls[nav]\"><button class=\"glide__bullet\" data-glide-dir=\"=0\"><\/button><button class=\"glide__bullet\" data-glide-dir=\"=1\"><\/button><button class=\"glide__bullet\" data-glide-dir=\"=2\"><\/button><\/div><\/div><\/div>\n\n\n\n<p>Es gibt ein paar Hotelanlagen, viele bunte H\u00e4user und das Leben ist hier sehr entspannt.<\/p>\n\n\n\n<h2 class=\"wp-block-heading\">San Sebasti\u00e1n de La Gomera <\/h2>\n\n\n\n<p><strong>San Sebasti\u00e1n de La Gomera<\/strong> ist die <strong>Hauptstadt<\/strong> der kleinen Insel und etwa 9000 Menschen leben hier. Damit ist San Sebasti\u00e1n die gr\u00f6\u00dfte Ortschaft von La Gomera. Hier kommen die F\u00e4hren von Teneriffa an und ab und zu steht ein Kreuzfahrtschiff im Hafen. Wir schlenderten durch die Gassen im Zentrum der Stadt. Es gibt ein paar Restaurants und Caf\u00e9s, in die man einkehren kann. <\/p>\n\n\n\n<figure class=\"wp-block-gallery has-nested-images columns-default is-cropped wp-block-gallery-1 is-layout-flex wp-block-gallery-is-layout-flex\">\n<figure class=\"wp-block-image size-large\"><img loading=\"lazy\" decoding=\"async\" width=\"1024\" height=\"768\" data-id=\"12970\" src=\"https:\/\/familie-weitgereist.de\/wp-content\/uploads\/2023\/01\/IMG_20230130_143139-1024x768.jpg\" alt=\"\" class=\"wp-image-12970\" srcset=\"https:\/\/familie-weitgereist.de\/wp-content\/uploads\/2023\/01\/IMG_20230130_143139-1024x768.jpg 1024w, https:\/\/familie-weitgereist.de\/wp-content\/uploads\/2023\/01\/IMG_20230130_143139-300x225.jpg 300w, https:\/\/familie-weitgereist.de\/wp-content\/uploads\/2023\/01\/IMG_20230130_143139-768x576.jpg 768w, https:\/\/familie-weitgereist.de\/wp-content\/uploads\/2023\/01\/IMG_20230130_143139-1536x1152.jpg 1536w, https:\/\/familie-weitgereist.de\/wp-content\/uploads\/2023\/01\/IMG_20230130_143139-2048x1536.jpg 2048w, https:\/\/familie-weitgereist.de\/wp-content\/uploads\/2023\/01\/IMG_20230130_143139-1200x900.jpg 1200w, https:\/\/familie-weitgereist.de\/wp-content\/uploads\/2023\/01\/IMG_20230130_143139-1980x1485.jpg 1980w, https:\/\/familie-weitgereist.de\/wp-content\/uploads\/2023\/01\/IMG_20230130_143139-150x113.jpg 150w\" sizes=\"auto, (max-width: 1024px) 100vw, 1024px\" \/><\/figure>\n\n\n\n<figure class=\"wp-block-image size-large\"><img loading=\"lazy\" decoding=\"async\" width=\"1024\" height=\"768\" data-id=\"12978\" src=\"https:\/\/familie-weitgereist.de\/wp-content\/uploads\/2023\/01\/IMG_20230130_150309-1024x768.jpg\" alt=\"\" class=\"wp-image-12978\" srcset=\"https:\/\/familie-weitgereist.de\/wp-content\/uploads\/2023\/01\/IMG_20230130_150309-1024x768.jpg 1024w, https:\/\/familie-weitgereist.de\/wp-content\/uploads\/2023\/01\/IMG_20230130_150309-300x225.jpg 300w, https:\/\/familie-weitgereist.de\/wp-content\/uploads\/2023\/01\/IMG_20230130_150309-768x576.jpg 768w, https:\/\/familie-weitgereist.de\/wp-content\/uploads\/2023\/01\/IMG_20230130_150309-1536x1152.jpg 1536w, https:\/\/familie-weitgereist.de\/wp-content\/uploads\/2023\/01\/IMG_20230130_150309-2048x1536.jpg 2048w, https:\/\/familie-weitgereist.de\/wp-content\/uploads\/2023\/01\/IMG_20230130_150309-1200x900.jpg 1200w, https:\/\/familie-weitgereist.de\/wp-content\/uploads\/2023\/01\/IMG_20230130_150309-1980x1485.jpg 1980w, https:\/\/familie-weitgereist.de\/wp-content\/uploads\/2023\/01\/IMG_20230130_150309-150x113.jpg 150w\" sizes=\"auto, (max-width: 1024px) 100vw, 1024px\" \/><\/figure>\n<\/figure>\n\n\n\n<p>Die <strong>Kirche &#8222;<em>Nuestra Se\u00f1ora de Asunci\u00f3n<\/em>&#8222;<\/strong> wurde schon im 15. Jahrhundert errichtet. <\/p>\n\n\n\n<figure class=\"wp-block-image size-large is-resized\"><img loading=\"lazy\" decoding=\"async\" src=\"https:\/\/familie-weitgereist.de\/wp-content\/uploads\/2023\/01\/IMG_20230130_145630-1024x768.jpg\" alt=\"\" class=\"wp-image-12964\" width=\"376\" height=\"282\" srcset=\"https:\/\/familie-weitgereist.de\/wp-content\/uploads\/2023\/01\/IMG_20230130_145630-1024x768.jpg 1024w, https:\/\/familie-weitgereist.de\/wp-content\/uploads\/2023\/01\/IMG_20230130_145630-300x225.jpg 300w, https:\/\/familie-weitgereist.de\/wp-content\/uploads\/2023\/01\/IMG_20230130_145630-768x576.jpg 768w, https:\/\/familie-weitgereist.de\/wp-content\/uploads\/2023\/01\/IMG_20230130_145630-1536x1152.jpg 1536w, https:\/\/familie-weitgereist.de\/wp-content\/uploads\/2023\/01\/IMG_20230130_145630-2048x1536.jpg 2048w, https:\/\/familie-weitgereist.de\/wp-content\/uploads\/2023\/01\/IMG_20230130_145630-1200x900.jpg 1200w, https:\/\/familie-weitgereist.de\/wp-content\/uploads\/2023\/01\/IMG_20230130_145630-1980x1485.jpg 1980w, https:\/\/familie-weitgereist.de\/wp-content\/uploads\/2023\/01\/IMG_20230130_145630-150x113.jpg 150w\" sizes=\"auto, (max-width: 376px) 100vw, 376px\" \/><figcaption class=\"wp-element-caption\">Kirche &#8222;Nuestra Se\u00f1ora de Asunci\u00f3n&#8220;<\/figcaption><\/figure>\n\n\n\n<p>Uns hat besonders gut der Park &#8222;<strong><em>Torre del<\/em> <em>Conde<\/em><\/strong>&#8220; gefallen. Dort gibt es einen tollen Spielplatz und eine gro\u00dfe Wiese mit schattigen Pl\u00e4tzen. Der &#8222;<strong><em>Torre del Conde<\/em><\/strong>&#8220; ist die \u00e4lteste, erhaltene Milit\u00e4rfestung der Kanaren. Sie wurde 1450 erbaut und diente der Verteidigung vor m\u00f6glichen Aufst\u00e4nden der Ureinwohner von La Gomera. 1488 kam es tats\u00e4chlich zu einem Aufstand der Ureinwohner und die spanischen Herrscher suchten Schutz in diesem Turm.<\/p>\n\n\n\n<div id=\"wp-block-themeisle-blocks-slider-1c4e2ea5\" class=\"wp-block-themeisle-blocks-slider glide\" data-per-view=\"1\" data-gap=\"0\" data-peek=\"0\" data-autoplay=\"true\" data-height=\"400px\" data-hide-arrows=\"false\"><div class=\"glide__track\" data-glide-el=\"track\"><div class=\"glide__slides\"><div class=\"wp-block-themeisle-blocks-slider-item-wrapper glide__slide\" tabindex=\"0\"><figure><img decoding=\"async\" class=\"wp-block-themeisle-blocks-slider-item\" src=\"https:\/\/familie-weitgereist.de\/wp-content\/uploads\/2023\/01\/IMG_20230130_134406-scaled.jpg\" alt=\"\" title=\"\" data-id=\"12968\"\/><figcaption>Torre del Conde <\/figcaption><\/figure><\/div><div class=\"wp-block-themeisle-blocks-slider-item-wrapper glide__slide\" tabindex=\"0\"><figure><img decoding=\"async\" class=\"wp-block-themeisle-blocks-slider-item\" src=\"https:\/\/familie-weitgereist.de\/wp-content\/uploads\/2023\/01\/IMG_20230130_132203-scaled.jpg\" alt=\"\" title=\"\" data-id=\"12971\"\/><\/figure><\/div><\/div><div class=\"glide__bullets\" data-glide-el=\"controls[nav]\"><button class=\"glide__bullet\" data-glide-dir=\"=0\"><\/button><button class=\"glide__bullet\" data-glide-dir=\"=1\"><\/button><\/div><\/div><\/div>\n\n\n\n<h2 class=\"wp-block-heading\">Autofahren auf La Gomera <\/h2>\n\n\n\n<p>Die Stra\u00dfen sind auf der kleinen Insel sehr gut ausgebaut und befinden sich wirklich in einem top Zustand. Es gibt erst seit den 1950er Jahren Stra\u00dfen in den Bergen La Gomeras. Das ist sehr interessant, wenn man bedenkt, wie abgeschieden die Menschen bis zu diesem Zeitpunkt in den Bergen lebten. Die Schwierigkeit besteht darin, dass aufgrund der vielen Schluchten und Berge, die Stra\u00dfen serpentinenartig sind, zum Teil sehr schmal und es wenig M\u00f6glichkeiten zum Ausweichen gibt. Der tiefe Abgrund ist auch immer sehr nah. Ein <strong>r\u00fccksichtsvolles und vorsichtiges Fahren<\/strong> ist absolut von N\u00f6ten. Dann steht einem gro\u00dfartigen Inselerkundungstrip nichts mehr im Wege.<\/p>\n","protected":false},"excerpt":{"rendered":"<p>Ab November 2022 haben wir unsere Elternzeit genutzt um mit unserem\u00a0VW T6\u00a0durch Europa zu reisen. Unsere Reise startete in\u00a0Deutschland, f\u00fchrte anschlie\u00dfend weiter nach\u00a0Luxemburg,\u00a0Frankreich,\u00a0Andorra, auf die\u00a0balearischen Inseln,\u00a0Gibraltar,\u00a0Spanien und Portugal. Anreise auf die Kanaren Wir haben von Huleva die F\u00e4hre (Fred Olsen Express) nach Teneriffa genommen und sind einen Tag sp\u00e4ter mit der F\u00e4hre von Los Christianos, [&hellip;]<\/p>\n","protected":false},"author":3,"featured_media":12932,"comment_status":"open","ping_status":"open","sticky":false,"template":"","format":"standard","meta":{"_themeisle_gutenberg_block_has_review":false,"footnotes":""},"categories":[246,8,4,377],"tags":[856,853,862,864,860,858,848,849,855,851,854,861,859,857,852,850],"class_list":["post-12861","post","type-post","status-publish","format-standard","has-post-thumbnail","hentry","category-spanien","category-europa","category-laender","category-spielplaetze","tag-agulo","tag-cascada-de-arure","tag-christoph-kolumbus","tag-cristobal-colon","tag-el-silbo","tag-fortaleza-de-chipude","tag-la-gomera","tag-la-roque","tag-mirador-de-abrante","tag-mirador-morro-de-agando","tag-mirador-risquillos-de-corgo","tag-pfeifsprache","tag-san-sebastian-de-la-gomera","tag-tafelberg","tag-valle-gran-rey","tag-wandern-auf-la-gomera"],"_links":{"self":[{"href":"https:\/\/familie-weitgereist.de\/index.php?rest_route=\/wp\/v2\/posts\/12861","targetHints":{"allow":["GET"]}}],"collection":[{"href":"https:\/\/familie-weitgereist.de\/index.php?rest_route=\/wp\/v2\/posts"}],"about":[{"href":"https:\/\/familie-weitgereist.de\/index.php?rest_route=\/wp\/v2\/types\/post"}],"author":[{"embeddable":true,"href":"https:\/\/familie-weitgereist.de\/index.php?rest_route=\/wp\/v2\/users\/3"}],"replies":[{"embeddable":true,"href":"https:\/\/familie-weitgereist.de\/index.php?rest_route=%2Fwp%2Fv2%2Fcomments&post=12861"}],"version-history":[{"count":112,"href":"https:\/\/familie-weitgereist.de\/index.php?rest_route=\/wp\/v2\/posts\/12861\/revisions"}],"predecessor-version":[{"id":23438,"href":"https:\/\/familie-weitgereist.de\/index.php?rest_route=\/wp\/v2\/posts\/12861\/revisions\/23438"}],"wp:featuredmedia":[{"embeddable":true,"href":"https:\/\/familie-weitgereist.de\/index.php?rest_route=\/wp\/v2\/media\/12932"}],"wp:attachment":[{"href":"https:\/\/familie-weitgereist.de\/index.php?rest_route=%2Fwp%2Fv2%2Fmedia&parent=12861"}],"wp:term":[{"taxonomy":"category","embeddable":true,"href":"https:\/\/familie-weitgereist.de\/index.php?rest_route=%2Fwp%2Fv2%2Fcategories&post=12861"},{"taxonomy":"post_tag","embeddable":true,"href":"https:\/\/familie-weitgereist.de\/index.php?rest_route=%2Fwp%2Fv2%2Ftags&post=12861"}],"curies":[{"name":"wp","href":"https:\/\/api.w.org\/{rel}","templated":true}]}}