{"id":12700,"date":"2023-01-08T22:02:48","date_gmt":"2023-01-08T21:02:48","guid":{"rendered":"https:\/\/familie-weitgereist.de\/?p=12700"},"modified":"2026-01-17T12:53:05","modified_gmt":"2026-01-17T11:53:05","slug":"europareise-roadtrip-algarve-portugal-mit-kleinkind-und-baby","status":"publish","type":"post","link":"https:\/\/familie-weitgereist.de\/?p=12700","title":{"rendered":"Europareise Roadtrip &#8211; Algarve, Portugal mit Kleinkind und Baby"},"content":{"rendered":"\n<p>Ab November 2022 haben wir unsere Elternzeit genutzt um mit unserem&nbsp;<strong>VW T6&nbsp;<\/strong>durch Europa zu reisen. Unsere Reise startete in&nbsp;<strong><a href=\"https:\/\/familie-weitgereist.de\/?p=11288\">Deutschland<\/a><\/strong>, f\u00fchrte anschlie\u00dfend weiter nach&nbsp;<strong><a href=\"https:\/\/familie-weitgereist.de\/?p=11342\">Luxemburg<\/a><\/strong>,&nbsp;<strong><a href=\"https:\/\/familie-weitgereist.de\/?p=11397\">Frankreich<\/a><\/strong>,&nbsp;<strong><a href=\"https:\/\/familie-weitgereist.de\/?p=11799\">Andorra<\/a><\/strong>, auf die&nbsp;<strong><a href=\"https:\/\/familie-weitgereist.de\/?p=12081\">balearischen Inseln<\/a><\/strong>,&nbsp;<strong><a href=\"https:\/\/familie-weitgereist.de\/?p=12528\">Gibraltar<\/a><\/strong> und <strong><a href=\"https:\/\/familie-weitgereist.de\/?p=12073\">Spanien<\/a><\/strong>. <\/p>\n\n\n\n<figure class=\"wp-block-embed is-type-video is-provider-youtube wp-block-embed-youtube wp-embed-aspect-16-9 wp-has-aspect-ratio\"><div class=\"wp-block-embed__wrapper\">\n<iframe loading=\"lazy\" title=\"ROADTRIP EUROPA 2022 \/ 2023  - Woche #009\" width=\"580\" height=\"326\" src=\"https:\/\/www.youtube.com\/embed\/7Do8UTl4NZw?feature=oembed\" frameborder=\"0\" allow=\"accelerometer; autoplay; clipboard-write; encrypted-media; gyroscope; picture-in-picture; web-share\" referrerpolicy=\"strict-origin-when-cross-origin\" allowfullscreen><\/iframe>\n<\/div><\/figure>\n\n\n\n<figure class=\"wp-block-embed is-type-video is-provider-youtube wp-block-embed-youtube wp-embed-aspect-16-9 wp-has-aspect-ratio\"><div class=\"wp-block-embed__wrapper\">\n<iframe loading=\"lazy\" title=\"ROADTRIP EUROPA 2022 \/ 2023  - Woche #010\" width=\"580\" height=\"326\" src=\"https:\/\/www.youtube.com\/embed\/ta5wCXZH_Rc?feature=oembed\" frameborder=\"0\" allow=\"accelerometer; autoplay; clipboard-write; encrypted-media; gyroscope; picture-in-picture; web-share\" referrerpolicy=\"strict-origin-when-cross-origin\" allowfullscreen><\/iframe>\n<\/div><\/figure>\n\n\n\n<p>Die Algarve in Portugal hat uns unwahrscheinlich gut gefallen. Die <strong>K\u00fcstenabschnitte<\/strong> mit ihren <strong>steilen Klippen<\/strong>, der <strong>wilde Ozean<\/strong> und die Weite haben uns begeistert! Es gibt <strong>wundersch\u00f6ne Str\u00e4nde<\/strong> und die hatten wir im Januar nahezu f\u00fcr uns allein.<\/p>\n\n\n\n<figure class=\"wp-block-image size-large\"><img loading=\"lazy\" decoding=\"async\" width=\"1024\" height=\"768\" src=\"https:\/\/familie-weitgereist.de\/wp-content\/uploads\/2023\/01\/IMG_20230109_123339-1024x768.jpg\" alt=\"\" class=\"wp-image-12799\" srcset=\"https:\/\/familie-weitgereist.de\/wp-content\/uploads\/2023\/01\/IMG_20230109_123339-1024x768.jpg 1024w, https:\/\/familie-weitgereist.de\/wp-content\/uploads\/2023\/01\/IMG_20230109_123339-300x225.jpg 300w, https:\/\/familie-weitgereist.de\/wp-content\/uploads\/2023\/01\/IMG_20230109_123339-768x576.jpg 768w, https:\/\/familie-weitgereist.de\/wp-content\/uploads\/2023\/01\/IMG_20230109_123339-1536x1152.jpg 1536w, https:\/\/familie-weitgereist.de\/wp-content\/uploads\/2023\/01\/IMG_20230109_123339-2048x1536.jpg 2048w, https:\/\/familie-weitgereist.de\/wp-content\/uploads\/2023\/01\/IMG_20230109_123339-1200x900.jpg 1200w, https:\/\/familie-weitgereist.de\/wp-content\/uploads\/2023\/01\/IMG_20230109_123339-1980x1485.jpg 1980w, https:\/\/familie-weitgereist.de\/wp-content\/uploads\/2023\/01\/IMG_20230109_123339-150x113.jpg 150w\" sizes=\"auto, (max-width: 1024px) 100vw, 1024px\" \/><figcaption class=\"wp-element-caption\">Praia da Fal\u00e9sia<\/figcaption><\/figure>\n\n\n\n<h2 class=\"wp-block-heading\">Anreise <\/h2>\n\n\n\n<p>Wir sind von Andalusien nach Portugal eingereist, \u00fcber die Br\u00fccke &#8222;<strong>Ponte<\/strong> <strong>Internacional do Guadiana<\/strong>&#8222;. Guadiana ist der Fluss, der die nat\u00fcrliche Grenze zwischen Andalusien in Spanien und der Algarve in Portugal, bildet.<\/p>\n\n\n\n<p>Folgende Orte und Str\u00e4nde haben wir auf unserem Roadtrip entlang der Algarve angeschaut. <\/p>\n\n\n\n<ul class=\"wp-block-list\">\n<li><a href=\"https:\/\/familie-weitgereist.de\/?p=12700\/#albufeira\">Albufeira<\/a><\/li>\n\n\n\n<li><a href=\"https:\/\/familie-weitgereist.de\/?p=12700\/#benagil\">Benagil H\u00f6hle<\/a> <\/li>\n\n\n\n<li><a href=\"https:\/\/familie-weitgereist.de\/?p=12700\/#cabosaovicente\">Cabo de S\u00e3o Vicente<\/a> <\/li>\n\n\n\n<li><a href=\"https:\/\/familie-weitgereist.de\/?p=12700\/#carvoeiro\">Carvoeiro<\/a> <\/li>\n\n\n\n<li><a href=\"https:\/\/familie-weitgereist.de\/?p=12700\/#faro\" data-type=\"link\" data-id=\"https:\/\/familie-weitgereist.de\/?p=12700\/#faro\">Faro<\/a><\/li>\n\n\n\n<li><a href=\"https:\/\/familie-weitgereist.de\/?p=12700\/#sagres\">Fortaleza de Sagres<\/a> <\/li>\n\n\n\n<li><a href=\"https:\/\/familie-weitgereist.de\/?p=12700\/#piedade\">Ponta da Piedade<\/a> <\/li>\n\n\n\n<li><a href=\"https:\/\/familie-weitgereist.de\/?p=12700\/#ancao\">Praia do Anc\u00e3o<\/a><\/li>\n\n\n\n<li><a href=\"https:\/\/familie-weitgereist.de\/?p=12700\/#bordeira\" data-type=\"link\" data-id=\"https:\/\/familie-weitgereist.de\/?p=12700\/#bordeira\">Praia da Bordeira<\/a><\/li>\n\n\n\n<li><a href=\"https:\/\/familie-weitgereist.de\/?p=12700\/#cordoama\">Praia da Cordoama <\/a><\/li>\n\n\n\n<li><a href=\"https:\/\/familie-weitgereist.de\/?p=12700\/#falesia\">Praia da Fal\u00e9sia <\/a><\/li>\n\n\n\n<li><a href=\"https:\/\/familie-weitgereist.de\/?p=12700\/#marinha\">Praia da Marinha<\/a> <\/li>\n\n\n\n<li><a href=\"https:\/\/familie-weitgereist.de\/?p=12700\/#salgados\">Praia dos Salgados<\/a> <\/li>\n\n\n\n<li><a href=\"https:\/\/familie-weitgereist.de\/?p=12700\/#torralta\">Praia da Torralta <\/a><\/li>\n\n\n\n<li><a href=\"https:\/\/familie-weitgereist.de\/?p=12700\/#irmaos\" data-type=\"link\" data-id=\"https:\/\/familie-weitgereist.de\/?p=12700\/#irmaos\">Praia dos Tr\u00eas Irm\u00e3os<\/a><\/li>\n\n\n\n<li><a href=\"https:\/\/familie-weitgereist.de\/?p=12700\/#silves\">Silves<\/a><\/li>\n<\/ul>\n\n\n\n<h2 class=\"wp-block-heading\" id=\"albufeira\">Albufeira<\/h2>\n\n\n\n<p>Albufeira ist ein K\u00fcstenort an der Algarve, welcher im Sommer sicherlich stark besucht ist. Wir schlenderten durch die Altstadt, wo viele Touristengesch\u00e4fte, Restaurants und Clubs sind. Im Januar waren die allermeisten jedoch geschlossen. Es ist ein ehemaliges Fischerdorf und die Stadt ist bekannt f\u00fcr ihre wei\u00dfen H\u00e4user. Albufeira hat zwei markante Aussichtspunkte, von wo wir tolle Ausblicke auf die Stadt, den Atlantik und den weiten Sandstrand genossen. Der Sandstrand von Albufeira ist wirklich wundersch\u00f6n. Die Wellen waren hier auch nicht so hoch, sodass man sicherlich gut baden gehen kann. <\/p>\n\n\n\n<div id=\"wp-block-themeisle-blocks-slider-5d90f227\" class=\"wp-block-themeisle-blocks-slider glide\" data-per-view=\"1\" data-gap=\"0\" data-peek=\"0\" data-autoplay=\"true\" data-height=\"400px\" data-hide-arrows=\"false\"><div class=\"glide__track\" data-glide-el=\"track\"><div class=\"glide__slides\"><div class=\"wp-block-themeisle-blocks-slider-item-wrapper glide__slide\" tabindex=\"0\"><figure><img decoding=\"async\" class=\"wp-block-themeisle-blocks-slider-item\" src=\"https:\/\/familie-weitgereist.de\/wp-content\/uploads\/2023\/01\/IMG_20230110_133948-scaled.jpg\" alt=\"\" title=\"\" data-id=\"12732\"\/><\/figure><\/div><div class=\"wp-block-themeisle-blocks-slider-item-wrapper glide__slide\" tabindex=\"0\"><figure><img decoding=\"async\" class=\"wp-block-themeisle-blocks-slider-item\" src=\"https:\/\/familie-weitgereist.de\/wp-content\/uploads\/2023\/01\/IMG_20230110_124318-scaled.jpg\" alt=\"\" title=\"\" data-id=\"12733\"\/><\/figure><\/div><div class=\"wp-block-themeisle-blocks-slider-item-wrapper glide__slide\" tabindex=\"0\"><figure><img decoding=\"async\" class=\"wp-block-themeisle-blocks-slider-item\" src=\"https:\/\/familie-weitgereist.de\/wp-content\/uploads\/2023\/01\/IMG_20230110_123610-scaled.jpg\" alt=\"\" title=\"\" data-id=\"12734\"\/><\/figure><\/div><\/div><div class=\"glide__bullets\" data-glide-el=\"controls[nav]\"><button class=\"glide__bullet\" data-glide-dir=\"=0\"><\/button><button class=\"glide__bullet\" data-glide-dir=\"=1\"><\/button><button class=\"glide__bullet\" data-glide-dir=\"=2\"><\/button><\/div><\/div><\/div>\n\n\n\n<h2 class=\"wp-block-heading\" id=\"benagil\">Benagil H\u00f6hle <\/h2>\n\n\n\n<p>Wir haben von <strong>Praia do Carvalho<\/strong> eine K\u00fcstenwanderung bis zur <strong>Benagil H\u00f6hle <\/strong>unternommen. Der K\u00fcstenwanderweg ist der Lagoa PR1 und ist 12km lang. Die H\u00f6hle ist sehr bekannt an der Algarve. In dem kleinen Ort Benagil werden Bootstouren angeboten und es besteht die M\u00f6glichkeit Kanus oder SUPs auszuleihen, um zur H\u00f6hle zu gelangen. Einige schwimmen auch selbst dahin. <\/p>\n\n\n\n<figure class=\"wp-block-image size-large\"><img loading=\"lazy\" decoding=\"async\" width=\"1024\" height=\"768\" src=\"https:\/\/familie-weitgereist.de\/wp-content\/uploads\/2023\/01\/IMG_20230111_114536-1024x768.jpg\" alt=\"\" class=\"wp-image-12758\" srcset=\"https:\/\/familie-weitgereist.de\/wp-content\/uploads\/2023\/01\/IMG_20230111_114536-1024x768.jpg 1024w, https:\/\/familie-weitgereist.de\/wp-content\/uploads\/2023\/01\/IMG_20230111_114536-300x225.jpg 300w, https:\/\/familie-weitgereist.de\/wp-content\/uploads\/2023\/01\/IMG_20230111_114536-768x576.jpg 768w, https:\/\/familie-weitgereist.de\/wp-content\/uploads\/2023\/01\/IMG_20230111_114536-1536x1152.jpg 1536w, https:\/\/familie-weitgereist.de\/wp-content\/uploads\/2023\/01\/IMG_20230111_114536-2048x1536.jpg 2048w, https:\/\/familie-weitgereist.de\/wp-content\/uploads\/2023\/01\/IMG_20230111_114536-1200x900.jpg 1200w, https:\/\/familie-weitgereist.de\/wp-content\/uploads\/2023\/01\/IMG_20230111_114536-1980x1485.jpg 1980w, https:\/\/familie-weitgereist.de\/wp-content\/uploads\/2023\/01\/IMG_20230111_114536-150x113.jpg 150w\" sizes=\"auto, (max-width: 1024px) 100vw, 1024px\" \/><figcaption class=\"wp-element-caption\">Oberhalb der Praia do Carvalho <\/figcaption><\/figure>\n\n\n\n<p>Wir sind oberhalb der K\u00fcste entlang gelaufen und haben von oben in die H\u00f6hle geschaut. Das gro\u00dfe Loch in der N\u00e4he der Klippen ist mit einem Zaun gesichert. Es geht ziemlich tief runter. Unten im Wasser kann man sehen, wie die kleinen Boote ankommen. Im Januar war der Ort jedoch nicht stark besucht. <\/p>\n\n\n\n<div id=\"wp-block-themeisle-blocks-slider-29b8c341\" class=\"wp-block-themeisle-blocks-slider glide\" data-per-view=\"1\" data-gap=\"0\" data-peek=\"0\" data-autoplay=\"true\" data-height=\"400px\" data-hide-arrows=\"false\"><div class=\"glide__track\" data-glide-el=\"track\"><div class=\"glide__slides\"><div class=\"wp-block-themeisle-blocks-slider-item-wrapper glide__slide\" tabindex=\"0\"><figure><img decoding=\"async\" class=\"wp-block-themeisle-blocks-slider-item\" src=\"https:\/\/familie-weitgereist.de\/wp-content\/uploads\/2023\/01\/IMG_20230111_121225-scaled.jpg\" alt=\"\" title=\"\" data-id=\"12761\"\/><\/figure><\/div><div class=\"wp-block-themeisle-blocks-slider-item-wrapper glide__slide\" tabindex=\"0\"><figure><img decoding=\"async\" class=\"wp-block-themeisle-blocks-slider-item\" src=\"https:\/\/familie-weitgereist.de\/wp-content\/uploads\/2023\/01\/IMG_20230111_121252-scaled.jpg\" alt=\"\" title=\"\" data-id=\"12763\"\/><\/figure><\/div><\/div><div class=\"glide__bullets\" data-glide-el=\"controls[nav]\"><button class=\"glide__bullet\" data-glide-dir=\"=0\"><\/button><button class=\"glide__bullet\" data-glide-dir=\"=1\"><\/button><\/div><\/div><\/div>\n\n\n\n<p>Nachdem wir ebenso die grandiosen Ausblicke auf die K\u00fcste genossen haben, sind wir den gleichen Weg wieder zum Ausgangspunkt zur\u00fcck gegangen.<\/p>\n\n\n\n<figure class=\"wp-block-image size-large\"><img loading=\"lazy\" decoding=\"async\" width=\"1024\" height=\"768\" src=\"https:\/\/familie-weitgereist.de\/wp-content\/uploads\/2023\/01\/IMG_20230111_123838-1024x768.jpg\" alt=\"\" class=\"wp-image-12762\" srcset=\"https:\/\/familie-weitgereist.de\/wp-content\/uploads\/2023\/01\/IMG_20230111_123838-1024x768.jpg 1024w, https:\/\/familie-weitgereist.de\/wp-content\/uploads\/2023\/01\/IMG_20230111_123838-300x225.jpg 300w, https:\/\/familie-weitgereist.de\/wp-content\/uploads\/2023\/01\/IMG_20230111_123838-768x576.jpg 768w, https:\/\/familie-weitgereist.de\/wp-content\/uploads\/2023\/01\/IMG_20230111_123838-1536x1152.jpg 1536w, https:\/\/familie-weitgereist.de\/wp-content\/uploads\/2023\/01\/IMG_20230111_123838-2048x1536.jpg 2048w, https:\/\/familie-weitgereist.de\/wp-content\/uploads\/2023\/01\/IMG_20230111_123838-1200x900.jpg 1200w, https:\/\/familie-weitgereist.de\/wp-content\/uploads\/2023\/01\/IMG_20230111_123838-1980x1485.jpg 1980w, https:\/\/familie-weitgereist.de\/wp-content\/uploads\/2023\/01\/IMG_20230111_123838-150x113.jpg 150w\" sizes=\"auto, (max-width: 1024px) 100vw, 1024px\" \/><figcaption class=\"wp-element-caption\">Praia do Carvalho<\/figcaption><\/figure>\n\n\n\n<h2 class=\"wp-block-heading\" id=\"cabosaovicente\">Cabo de S\u00e3o Vicente <\/h2>\n\n\n\n<p>Am <strong>s\u00fcdlichsten Punkt der Westk\u00fcste<\/strong> in Portugal befindet sich das Cabo de S\u00e3o Vicente. Bis in das 15. Jahrhundert hinein dachten die Menschen noch, hier bef\u00e4nde sich das Ende der Welt. Ein bisschen f\u00fchlte es sich auch danach an, am Ende der Klippen zu stehen und die Weiten des Ozeans vor sich zu haben. Die Algarve endet hier mit bis zu 70m hohen Steilklippen.<\/p>\n\n\n\n<p>Ein <strong>Leuchtturm<\/strong> steht am Kap. Das Gel\u00e4nde war jedoch verschlossen.<\/p>\n\n\n\n<div id=\"wp-block-themeisle-blocks-slider-54a98e22\" class=\"wp-block-themeisle-blocks-slider glide\" data-per-view=\"1\" data-gap=\"0\" data-peek=\"0\" data-autoplay=\"true\" data-height=\"400px\" data-hide-arrows=\"false\"><div class=\"glide__track\" data-glide-el=\"track\"><div class=\"glide__slides\"><div class=\"wp-block-themeisle-blocks-slider-item-wrapper glide__slide\" tabindex=\"0\"><figure><img decoding=\"async\" class=\"wp-block-themeisle-blocks-slider-item\" src=\"https:\/\/familie-weitgereist.de\/wp-content\/uploads\/2023\/01\/IMG_20230113_170355-scaled.jpg\" alt=\"\" title=\"\" data-id=\"12802\"\/><\/figure><\/div><div class=\"wp-block-themeisle-blocks-slider-item-wrapper glide__slide\" tabindex=\"0\"><figure><img decoding=\"async\" class=\"wp-block-themeisle-blocks-slider-item\" src=\"https:\/\/familie-weitgereist.de\/wp-content\/uploads\/2023\/01\/IMG_20230113_165535-scaled.jpg\" alt=\"\" title=\"\" data-id=\"12803\"\/><\/figure><\/div><\/div><div class=\"glide__bullets\" data-glide-el=\"controls[nav]\"><button class=\"glide__bullet\" data-glide-dir=\"=0\"><\/button><button class=\"glide__bullet\" data-glide-dir=\"=1\"><\/button><\/div><\/div><\/div>\n\n\n\n<h2 class=\"wp-block-heading\" id=\"carvoeiro\">Carvoeiro <\/h2>\n\n\n\n<p>Carvoeiro ist eine Kleinstadt an der Algarve. Ebenso wie in Albufeira sind die H\u00e4user haupts\u00e4chlich in wei\u00df gehalten und bieten einen wunderbaren Kontrast zu der sonnigen lehmfarbenen Steilk\u00fcste.<\/p>\n\n\n\n<figure class=\"wp-block-image size-large\"><img loading=\"lazy\" decoding=\"async\" width=\"1024\" height=\"768\" src=\"https:\/\/familie-weitgereist.de\/wp-content\/uploads\/2023\/01\/IMG_20230111_155539-1024x768.jpg\" alt=\"\" class=\"wp-image-12768\" srcset=\"https:\/\/familie-weitgereist.de\/wp-content\/uploads\/2023\/01\/IMG_20230111_155539-1024x768.jpg 1024w, https:\/\/familie-weitgereist.de\/wp-content\/uploads\/2023\/01\/IMG_20230111_155539-300x225.jpg 300w, https:\/\/familie-weitgereist.de\/wp-content\/uploads\/2023\/01\/IMG_20230111_155539-768x576.jpg 768w, https:\/\/familie-weitgereist.de\/wp-content\/uploads\/2023\/01\/IMG_20230111_155539-1536x1152.jpg 1536w, https:\/\/familie-weitgereist.de\/wp-content\/uploads\/2023\/01\/IMG_20230111_155539-2048x1536.jpg 2048w, https:\/\/familie-weitgereist.de\/wp-content\/uploads\/2023\/01\/IMG_20230111_155539-1200x900.jpg 1200w, https:\/\/familie-weitgereist.de\/wp-content\/uploads\/2023\/01\/IMG_20230111_155539-1980x1485.jpg 1980w, https:\/\/familie-weitgereist.de\/wp-content\/uploads\/2023\/01\/IMG_20230111_155539-150x113.jpg 150w\" sizes=\"auto, (max-width: 1024px) 100vw, 1024px\" \/><figcaption class=\"wp-element-caption\">Carvoeira<\/figcaption><\/figure>\n\n\n\n<p>Wir sind den <strong>Boardwalk<\/strong> in Carvoeiro gelaufen. Dies ist ein kurzer, pr\u00e4parierter Wanderweg, direkt oberhalb der Steilk\u00fcste.<\/p>\n\n\n\n<figure class=\"wp-block-image size-large\"><img loading=\"lazy\" decoding=\"async\" width=\"1024\" height=\"768\" src=\"https:\/\/familie-weitgereist.de\/wp-content\/uploads\/2023\/01\/IMG_20230111_160610-1024x768.jpg\" alt=\"\" class=\"wp-image-12770\" srcset=\"https:\/\/familie-weitgereist.de\/wp-content\/uploads\/2023\/01\/IMG_20230111_160610-1024x768.jpg 1024w, https:\/\/familie-weitgereist.de\/wp-content\/uploads\/2023\/01\/IMG_20230111_160610-300x225.jpg 300w, https:\/\/familie-weitgereist.de\/wp-content\/uploads\/2023\/01\/IMG_20230111_160610-768x576.jpg 768w, https:\/\/familie-weitgereist.de\/wp-content\/uploads\/2023\/01\/IMG_20230111_160610-1536x1152.jpg 1536w, https:\/\/familie-weitgereist.de\/wp-content\/uploads\/2023\/01\/IMG_20230111_160610-2048x1536.jpg 2048w, https:\/\/familie-weitgereist.de\/wp-content\/uploads\/2023\/01\/IMG_20230111_160610-1200x900.jpg 1200w, https:\/\/familie-weitgereist.de\/wp-content\/uploads\/2023\/01\/IMG_20230111_160610-1980x1485.jpg 1980w, https:\/\/familie-weitgereist.de\/wp-content\/uploads\/2023\/01\/IMG_20230111_160610-150x113.jpg 150w\" sizes=\"auto, (max-width: 1024px) 100vw, 1024px\" \/><figcaption class=\"wp-element-caption\">Boardwalk von Carvoeiro<\/figcaption><\/figure>\n\n\n\n<p>Direkt vom Boardwalk abzweigend sind wir zum <strong>Algar Seco<\/strong> abgestiegen. \u00dcber einige Treppenstufen gelangt man hinunter, hinein in die Schluchten der Klippen. In kleinen H\u00f6hlen rauschen die Wellen des Atlantiks und um jede Ecke herum erblickten wir grandiose Ausblicke auf die Weiten des Ozeans. F\u00fcr Kinder sind diese kleinen Eskapaden etwas ganz besonderes. Merlin erfreute sich sehr den unterschiedlichen Wegen zu folgen.<\/p>\n\n\n\n<div id=\"wp-block-themeisle-blocks-slider-a7f05125\" class=\"wp-block-themeisle-blocks-slider glide\" data-per-view=\"1\" data-gap=\"0\" data-peek=\"0\" data-autoplay=\"true\" data-height=\"400px\" data-hide-arrows=\"false\"><div class=\"glide__track\" data-glide-el=\"track\"><div class=\"glide__slides\"><div class=\"wp-block-themeisle-blocks-slider-item-wrapper glide__slide\" tabindex=\"0\"><figure><img decoding=\"async\" class=\"wp-block-themeisle-blocks-slider-item\" src=\"https:\/\/familie-weitgereist.de\/wp-content\/uploads\/2023\/01\/IMG_20230111_163800-scaled.jpg\" alt=\"\" title=\"\" data-id=\"12773\"\/><\/figure><\/div><div class=\"wp-block-themeisle-blocks-slider-item-wrapper glide__slide\" tabindex=\"0\"><figure><img decoding=\"async\" class=\"wp-block-themeisle-blocks-slider-item\" src=\"https:\/\/familie-weitgereist.de\/wp-content\/uploads\/2023\/01\/IMG_20230111_162520-scaled.jpg\" alt=\"\" title=\"\" data-id=\"12774\"\/><\/figure><\/div><div class=\"wp-block-themeisle-blocks-slider-item-wrapper glide__slide\" tabindex=\"0\"><figure><img decoding=\"async\" class=\"wp-block-themeisle-blocks-slider-item\" src=\"https:\/\/familie-weitgereist.de\/wp-content\/uploads\/2023\/01\/IMG_20230111_161850-scaled.jpg\" alt=\"\" title=\"\" data-id=\"12776\"\/><\/figure><\/div><div class=\"wp-block-themeisle-blocks-slider-item-wrapper glide__slide\" tabindex=\"0\"><figure><img decoding=\"async\" class=\"wp-block-themeisle-blocks-slider-item\" src=\"https:\/\/familie-weitgereist.de\/wp-content\/uploads\/2023\/01\/IMG_20230111_161340-scaled.jpg\" alt=\"\" title=\"\" data-id=\"12777\"\/><\/figure><\/div><div class=\"wp-block-themeisle-blocks-slider-item-wrapper glide__slide\" tabindex=\"0\"><figure><img decoding=\"async\" class=\"wp-block-themeisle-blocks-slider-item\" src=\"https:\/\/familie-weitgereist.de\/wp-content\/uploads\/2023\/01\/IMG_20230111_161014-scaled.jpg\" alt=\"\" title=\"\" data-id=\"12779\"\/><\/figure><\/div><\/div><div class=\"glide__bullets\" data-glide-el=\"controls[nav]\"><button class=\"glide__bullet\" data-glide-dir=\"=0\"><\/button><button class=\"glide__bullet\" data-glide-dir=\"=1\"><\/button><button class=\"glide__bullet\" data-glide-dir=\"=2\"><\/button><button class=\"glide__bullet\" data-glide-dir=\"=3\"><\/button><button class=\"glide__bullet\" data-glide-dir=\"=4\"><\/button><\/div><\/div><\/div>\n\n\n\n<h2 class=\"wp-block-heading\" id=\"faro\">Faro<\/h2>\n\n\n\n<p>Faro ist die Hauptstadt der Algarve und f\u00fcr viele Menschen auch das Tor zur Algarve mit seinem Flughafen.<\/p>\n\n\n\n<figure class=\"wp-block-image size-large\"><img loading=\"lazy\" decoding=\"async\" width=\"1024\" height=\"768\" src=\"https:\/\/familie-weitgereist.de\/wp-content\/uploads\/2023\/01\/1000032539-1024x768.jpg\" alt=\"\" class=\"wp-image-24371\" srcset=\"https:\/\/familie-weitgereist.de\/wp-content\/uploads\/2023\/01\/1000032539-1024x768.jpg 1024w, https:\/\/familie-weitgereist.de\/wp-content\/uploads\/2023\/01\/1000032539-300x225.jpg 300w, https:\/\/familie-weitgereist.de\/wp-content\/uploads\/2023\/01\/1000032539-768x576.jpg 768w, https:\/\/familie-weitgereist.de\/wp-content\/uploads\/2023\/01\/1000032539-1536x1152.jpg 1536w, https:\/\/familie-weitgereist.de\/wp-content\/uploads\/2023\/01\/1000032539-2048x1536.jpg 2048w, https:\/\/familie-weitgereist.de\/wp-content\/uploads\/2023\/01\/1000032539-1200x900.jpg 1200w, https:\/\/familie-weitgereist.de\/wp-content\/uploads\/2023\/01\/1000032539-1980x1485.jpg 1980w, https:\/\/familie-weitgereist.de\/wp-content\/uploads\/2023\/01\/1000032539-150x113.jpg 150w\" sizes=\"auto, (max-width: 1024px) 100vw, 1024px\" \/><\/figure>\n\n\n\n<p>Die kleinen Gassen in der Altstadt haben uns sehr gut gefallen und bieten ein sch\u00f6nes portugiesisches Flair. Es gibt viele Caf\u00e9s und kleine Gesch\u00e4fte.<\/p>\n\n\n\n<figure class=\"wp-block-image size-large\"><img loading=\"lazy\" decoding=\"async\" width=\"1024\" height=\"768\" src=\"https:\/\/familie-weitgereist.de\/wp-content\/uploads\/2023\/01\/1000032529-1024x768.jpg\" alt=\"\" class=\"wp-image-24373\" srcset=\"https:\/\/familie-weitgereist.de\/wp-content\/uploads\/2023\/01\/1000032529-1024x768.jpg 1024w, https:\/\/familie-weitgereist.de\/wp-content\/uploads\/2023\/01\/1000032529-300x225.jpg 300w, https:\/\/familie-weitgereist.de\/wp-content\/uploads\/2023\/01\/1000032529-768x576.jpg 768w, https:\/\/familie-weitgereist.de\/wp-content\/uploads\/2023\/01\/1000032529-1536x1152.jpg 1536w, https:\/\/familie-weitgereist.de\/wp-content\/uploads\/2023\/01\/1000032529-2048x1536.jpg 2048w, https:\/\/familie-weitgereist.de\/wp-content\/uploads\/2023\/01\/1000032529-1200x900.jpg 1200w, https:\/\/familie-weitgereist.de\/wp-content\/uploads\/2023\/01\/1000032529-1980x1485.jpg 1980w, https:\/\/familie-weitgereist.de\/wp-content\/uploads\/2023\/01\/1000032529-150x113.jpg 150w\" sizes=\"auto, (max-width: 1024px) 100vw, 1024px\" \/><\/figure>\n\n\n\n<p>Die Stadt ist noch von einer Stadtmauern ums\u00e4umt und die H\u00e4user in der Altstadt stammen aus dem 17. und 18. Jahrhundert. Leider ist die Bausubstanz nicht mehr gut erhalten und somit sind viele Bewohner ausgezogen, was zu weiterem Verfall f\u00fchrt.<\/p>\n\n\n\n<figure class=\"wp-block-image size-large\"><img loading=\"lazy\" decoding=\"async\" width=\"1024\" height=\"768\" src=\"https:\/\/familie-weitgereist.de\/wp-content\/uploads\/2023\/01\/1000032515-1024x768.jpg\" alt=\"\" class=\"wp-image-24372\" srcset=\"https:\/\/familie-weitgereist.de\/wp-content\/uploads\/2023\/01\/1000032515-1024x768.jpg 1024w, https:\/\/familie-weitgereist.de\/wp-content\/uploads\/2023\/01\/1000032515-300x225.jpg 300w, https:\/\/familie-weitgereist.de\/wp-content\/uploads\/2023\/01\/1000032515-768x576.jpg 768w, https:\/\/familie-weitgereist.de\/wp-content\/uploads\/2023\/01\/1000032515-1536x1152.jpg 1536w, https:\/\/familie-weitgereist.de\/wp-content\/uploads\/2023\/01\/1000032515-2048x1536.jpg 2048w, https:\/\/familie-weitgereist.de\/wp-content\/uploads\/2023\/01\/1000032515-1200x900.jpg 1200w, https:\/\/familie-weitgereist.de\/wp-content\/uploads\/2023\/01\/1000032515-1980x1485.jpg 1980w, https:\/\/familie-weitgereist.de\/wp-content\/uploads\/2023\/01\/1000032515-150x113.jpg 150w\" sizes=\"auto, (max-width: 1024px) 100vw, 1024px\" \/><\/figure>\n\n\n\n<p>In der Stadt gibt es \u00fcberall M\u00f6glichkeiten zum Verweilen.<\/p>\n\n\n\n<figure class=\"wp-block-image size-large\"><img loading=\"lazy\" decoding=\"async\" width=\"1024\" height=\"768\" src=\"https:\/\/familie-weitgereist.de\/wp-content\/uploads\/2023\/01\/1000032545-1024x768.jpg\" alt=\"\" class=\"wp-image-24374\" srcset=\"https:\/\/familie-weitgereist.de\/wp-content\/uploads\/2023\/01\/1000032545-1024x768.jpg 1024w, https:\/\/familie-weitgereist.de\/wp-content\/uploads\/2023\/01\/1000032545-300x225.jpg 300w, https:\/\/familie-weitgereist.de\/wp-content\/uploads\/2023\/01\/1000032545-768x576.jpg 768w, https:\/\/familie-weitgereist.de\/wp-content\/uploads\/2023\/01\/1000032545-1536x1152.jpg 1536w, https:\/\/familie-weitgereist.de\/wp-content\/uploads\/2023\/01\/1000032545-2048x1536.jpg 2048w, https:\/\/familie-weitgereist.de\/wp-content\/uploads\/2023\/01\/1000032545-1200x900.jpg 1200w, https:\/\/familie-weitgereist.de\/wp-content\/uploads\/2023\/01\/1000032545-1980x1485.jpg 1980w, https:\/\/familie-weitgereist.de\/wp-content\/uploads\/2023\/01\/1000032545-150x113.jpg 150w\" sizes=\"auto, (max-width: 1024px) 100vw, 1024px\" \/><\/figure>\n\n\n\n<p>Am Hafen gibt es einen kleinen Schiffspielplatz mit Kletterger\u00fcst und Schaukeln.<\/p>\n\n\n\n<figure class=\"wp-block-image size-large\"><img loading=\"lazy\" decoding=\"async\" width=\"1024\" height=\"768\" src=\"https:\/\/familie-weitgereist.de\/wp-content\/uploads\/2023\/01\/1000032531-1024x768.jpg\" alt=\"\" class=\"wp-image-24370\" srcset=\"https:\/\/familie-weitgereist.de\/wp-content\/uploads\/2023\/01\/1000032531-1024x768.jpg 1024w, https:\/\/familie-weitgereist.de\/wp-content\/uploads\/2023\/01\/1000032531-300x225.jpg 300w, https:\/\/familie-weitgereist.de\/wp-content\/uploads\/2023\/01\/1000032531-768x576.jpg 768w, https:\/\/familie-weitgereist.de\/wp-content\/uploads\/2023\/01\/1000032531-1536x1152.jpg 1536w, https:\/\/familie-weitgereist.de\/wp-content\/uploads\/2023\/01\/1000032531-2048x1536.jpg 2048w, https:\/\/familie-weitgereist.de\/wp-content\/uploads\/2023\/01\/1000032531-1200x900.jpg 1200w, https:\/\/familie-weitgereist.de\/wp-content\/uploads\/2023\/01\/1000032531-1980x1485.jpg 1980w, https:\/\/familie-weitgereist.de\/wp-content\/uploads\/2023\/01\/1000032531-150x113.jpg 150w\" sizes=\"auto, (max-width: 1024px) 100vw, 1024px\" \/><\/figure>\n\n\n\n<h2 class=\"wp-block-heading\" id=\"sagres\">Fortaleza de Sagres <\/h2>\n\n\n\n<p>Die Festungsanlage befindet sich auf einer 1 km langen Klippe, der Ponta de Sagres. Die Festungsmauern sch\u00fctzen den Eingangsbereich auf dem Felsen. Im hinteren Teil der Festung bilden die hohen Klippen eine nat\u00fcrliche Barriere. Wir liefen auf den angelegten Wegen. Die Steilk\u00fcste wird mit Z\u00e4unen gesichert. <\/p>\n\n\n\n<figure class=\"wp-block-image size-large\"><img loading=\"lazy\" decoding=\"async\" width=\"1024\" height=\"768\" src=\"https:\/\/familie-weitgereist.de\/wp-content\/uploads\/2023\/01\/IMG_20230113_141116-1024x768.jpg\" alt=\"\" class=\"wp-image-12819\" srcset=\"https:\/\/familie-weitgereist.de\/wp-content\/uploads\/2023\/01\/IMG_20230113_141116-1024x768.jpg 1024w, https:\/\/familie-weitgereist.de\/wp-content\/uploads\/2023\/01\/IMG_20230113_141116-300x225.jpg 300w, https:\/\/familie-weitgereist.de\/wp-content\/uploads\/2023\/01\/IMG_20230113_141116-768x576.jpg 768w, https:\/\/familie-weitgereist.de\/wp-content\/uploads\/2023\/01\/IMG_20230113_141116-1536x1152.jpg 1536w, https:\/\/familie-weitgereist.de\/wp-content\/uploads\/2023\/01\/IMG_20230113_141116-2048x1536.jpg 2048w, https:\/\/familie-weitgereist.de\/wp-content\/uploads\/2023\/01\/IMG_20230113_141116-1200x900.jpg 1200w, https:\/\/familie-weitgereist.de\/wp-content\/uploads\/2023\/01\/IMG_20230113_141116-1980x1485.jpg 1980w, https:\/\/familie-weitgereist.de\/wp-content\/uploads\/2023\/01\/IMG_20230113_141116-150x113.jpg 150w\" sizes=\"auto, (max-width: 1024px) 100vw, 1024px\" \/><\/figure>\n\n\n\n<p>Es befindet sich ein spannendes <strong>Ger\u00e4uschlabyrinth<\/strong> auf dem Gel\u00e4nde, welches als &#8222;<strong>Voz do Mar<\/strong>&#8220; bezeichnet wird, die Stimme des Meeres. An einigen Stellen wird die K\u00fcste von den starken Wellen untersp\u00fclt. Wir standen in dem Labyrinth und immer wenn eine Welle hinein brechte, verst\u00e4rkte sich das Wellenger\u00e4usch und ein starker Windsto\u00df gelang durch das Loch im Boden. <\/p>\n\n\n\n<figure class=\"wp-block-image size-large\"><img loading=\"lazy\" decoding=\"async\" width=\"1024\" height=\"768\" src=\"https:\/\/familie-weitgereist.de\/wp-content\/uploads\/2023\/01\/IMG_20230113_150143-1024x768.jpg\" alt=\"\" class=\"wp-image-12812\" srcset=\"https:\/\/familie-weitgereist.de\/wp-content\/uploads\/2023\/01\/IMG_20230113_150143-1024x768.jpg 1024w, https:\/\/familie-weitgereist.de\/wp-content\/uploads\/2023\/01\/IMG_20230113_150143-300x225.jpg 300w, https:\/\/familie-weitgereist.de\/wp-content\/uploads\/2023\/01\/IMG_20230113_150143-768x576.jpg 768w, https:\/\/familie-weitgereist.de\/wp-content\/uploads\/2023\/01\/IMG_20230113_150143-1536x1152.jpg 1536w, https:\/\/familie-weitgereist.de\/wp-content\/uploads\/2023\/01\/IMG_20230113_150143-2048x1536.jpg 2048w, https:\/\/familie-weitgereist.de\/wp-content\/uploads\/2023\/01\/IMG_20230113_150143-1200x900.jpg 1200w, https:\/\/familie-weitgereist.de\/wp-content\/uploads\/2023\/01\/IMG_20230113_150143-1980x1485.jpg 1980w, https:\/\/familie-weitgereist.de\/wp-content\/uploads\/2023\/01\/IMG_20230113_150143-150x113.jpg 150w\" sizes=\"auto, (max-width: 1024px) 100vw, 1024px\" \/><figcaption class=\"wp-element-caption\">La Voz do Mar<\/figcaption><\/figure>\n\n\n\n<p>Es befinden sich noch originale Kanonen auf der Festung und spektakul\u00e4re Aussichten konnten wir bestaunen.<\/p>\n\n\n\n<div id=\"wp-block-themeisle-blocks-slider-022191b3\" class=\"wp-block-themeisle-blocks-slider glide\" data-per-view=\"1\" data-gap=\"0\" data-peek=\"0\" data-autoplay=\"true\" data-height=\"400px\" data-hide-arrows=\"false\"><div class=\"glide__track\" data-glide-el=\"track\"><div class=\"glide__slides\"><div class=\"wp-block-themeisle-blocks-slider-item-wrapper glide__slide\" tabindex=\"0\"><figure><img decoding=\"async\" class=\"wp-block-themeisle-blocks-slider-item\" src=\"https:\/\/familie-weitgereist.de\/wp-content\/uploads\/2023\/01\/IMG_20230113_160925-scaled.jpg\" alt=\"\" title=\"\" data-id=\"12816\"\/><\/figure><\/div><div class=\"wp-block-themeisle-blocks-slider-item-wrapper glide__slide\" tabindex=\"0\"><figure><img decoding=\"async\" class=\"wp-block-themeisle-blocks-slider-item\" src=\"https:\/\/familie-weitgereist.de\/wp-content\/uploads\/2023\/01\/IMG_20230113_160128-scaled.jpg\" alt=\"\" title=\"\" data-id=\"12818\"\/><\/figure><\/div><div class=\"wp-block-themeisle-blocks-slider-item-wrapper glide__slide\" tabindex=\"0\"><figure><img decoding=\"async\" class=\"wp-block-themeisle-blocks-slider-item\" src=\"https:\/\/familie-weitgereist.de\/wp-content\/uploads\/2023\/01\/IMG_20230113_151223-scaled.jpg\" alt=\"\" title=\"\" data-id=\"12820\"\/><\/figure><\/div><\/div><div class=\"glide__bullets\" data-glide-el=\"controls[nav]\"><button class=\"glide__bullet\" data-glide-dir=\"=0\"><\/button><button class=\"glide__bullet\" data-glide-dir=\"=1\"><\/button><button class=\"glide__bullet\" data-glide-dir=\"=2\"><\/button><\/div><\/div><\/div>\n\n\n\n<p>Wir zahlten als Familie 3\u20ac Eintritt. (<em>Stand<\/em> <em>Januar 2023<\/em>)<\/p>\n\n\n\n<h2 class=\"wp-block-heading\" id=\"piedade\">Ponta da Piedade <\/h2>\n\n\n\n<p>Die Ponta da Piedade befindet sich <strong>3 km s\u00fcdlich von Lagos<\/strong> und liegt somit direkt am Meer. \u00dcbersetzt hei\u00dft es &#8222;Punkt der Fr\u00f6mmigkeit&#8220;. Schroffe, goldene Kalksteinfelsen pr\u00e4gen die K\u00fcste. Einige Felsen ragen m\u00e4chtig im Meer empor und werden von den kr\u00e4ftigen Wellen des Atlantiks umsp\u00fclt. Die Boardwalks entlang der K\u00fcste sind in einem nagelneuen Zustand. Die Ausblicke sind spektakul\u00e4r! <\/p>\n\n\n\n<div id=\"wp-block-themeisle-blocks-slider-ef8ee518\" class=\"wp-block-themeisle-blocks-slider glide\" data-per-view=\"1\" data-gap=\"0\" data-peek=\"0\" data-autoplay=\"true\" data-height=\"400px\" data-hide-arrows=\"false\"><div class=\"glide__track\" data-glide-el=\"track\"><div class=\"glide__slides\"><div class=\"wp-block-themeisle-blocks-slider-item-wrapper glide__slide\" tabindex=\"0\"><figure><img decoding=\"async\" class=\"wp-block-themeisle-blocks-slider-item\" src=\"https:\/\/familie-weitgereist.de\/wp-content\/uploads\/2023\/01\/IMG_20230112_155500-scaled.jpg\" alt=\"\" title=\"\" data-id=\"12791\"\/><\/figure><\/div><div class=\"wp-block-themeisle-blocks-slider-item-wrapper glide__slide\" tabindex=\"0\"><figure><img decoding=\"async\" class=\"wp-block-themeisle-blocks-slider-item\" src=\"https:\/\/familie-weitgereist.de\/wp-content\/uploads\/2023\/01\/IMG_20230112_154731-scaled.jpg\" alt=\"\" title=\"\" data-id=\"12793\"\/><\/figure><\/div><div class=\"wp-block-themeisle-blocks-slider-item-wrapper glide__slide\" tabindex=\"0\"><figure><img decoding=\"async\" class=\"wp-block-themeisle-blocks-slider-item\" src=\"https:\/\/familie-weitgereist.de\/wp-content\/uploads\/2023\/01\/IMG_20230112_152924-scaled.jpg\" alt=\"\" title=\"\" data-id=\"12794\"\/><\/figure><\/div><div class=\"wp-block-themeisle-blocks-slider-item-wrapper glide__slide\" tabindex=\"0\"><figure><img decoding=\"async\" class=\"wp-block-themeisle-blocks-slider-item\" src=\"https:\/\/familie-weitgereist.de\/wp-content\/uploads\/2023\/01\/IMG_20230112_151900-scaled.jpg\" alt=\"\" title=\"\" data-id=\"12795\"\/><\/figure><\/div><\/div><div class=\"glide__bullets\" data-glide-el=\"controls[nav]\"><button class=\"glide__bullet\" data-glide-dir=\"=0\"><\/button><button class=\"glide__bullet\" data-glide-dir=\"=1\"><\/button><button class=\"glide__bullet\" data-glide-dir=\"=2\"><\/button><button class=\"glide__bullet\" data-glide-dir=\"=3\"><\/button><\/div><\/div><\/div>\n\n\n\n<h2 class=\"wp-block-heading\" id=\"ancao\">Praia do Anc\u00e3o <\/h2>\n\n\n\n<p>Es gibt einen <strong>4,85 km langen Pfad<\/strong> entlang der K\u00fcste bei der Praia do Anc\u00e3o. \u00dcber angelegte <strong>Holzpfade<\/strong> schlenderten wir an der K\u00fcste und durch das Sumpfgebiet entlang. \u00dcber eine lange Holzbr\u00fccke gelangten wir direkt zum Strand. Zum Baden waren die Wellen zu hoch. Es macht dennoch sehr viel Spa\u00df barfu\u00df am Strand entlang zu laufen und seine F\u00fc\u00dfe von den Wellen umsp\u00fclen zu lassen. Wir beobachteten st\u00fcndlich drei Flugzeuge abfliegen, denn der Flughafen von Faro ist sehr nah.<\/p>\n\n\n\n<div id=\"wp-block-themeisle-blocks-slider-76dbac63\" class=\"wp-block-themeisle-blocks-slider glide\" data-per-view=\"1\" data-gap=\"0\" data-peek=\"0\" data-autoplay=\"true\" data-height=\"400px\" data-hide-arrows=\"false\"><div class=\"glide__track\" data-glide-el=\"track\"><div class=\"glide__slides\"><div class=\"wp-block-themeisle-blocks-slider-item-wrapper glide__slide\" tabindex=\"0\"><figure><img decoding=\"async\" class=\"wp-block-themeisle-blocks-slider-item\" src=\"https:\/\/familie-weitgereist.de\/wp-content\/uploads\/2023\/01\/IMG_20230109_122524-scaled.jpg\" alt=\"\" title=\"\" data-id=\"12717\"\/><\/figure><\/div><div class=\"wp-block-themeisle-blocks-slider-item-wrapper glide__slide\" tabindex=\"0\"><figure><img decoding=\"async\" class=\"wp-block-themeisle-blocks-slider-item\" src=\"https:\/\/familie-weitgereist.de\/wp-content\/uploads\/2023\/01\/IMG_20230109_110627-scaled.jpg\" alt=\"\" title=\"\" data-id=\"12720\"\/><\/figure><\/div><div class=\"wp-block-themeisle-blocks-slider-item-wrapper glide__slide\" tabindex=\"0\"><figure><img decoding=\"async\" class=\"wp-block-themeisle-blocks-slider-item\" src=\"https:\/\/familie-weitgereist.de\/wp-content\/uploads\/2023\/01\/IMG_20230109_101619-scaled.jpg\" alt=\"\" title=\"\" data-id=\"12722\"\/><\/figure><\/div><\/div><div class=\"glide__bullets\" data-glide-el=\"controls[nav]\"><button class=\"glide__bullet\" data-glide-dir=\"=0\"><\/button><button class=\"glide__bullet\" data-glide-dir=\"=1\"><\/button><button class=\"glide__bullet\" data-glide-dir=\"=2\"><\/button><\/div><\/div><\/div>\n\n\n\n<h2 class=\"wp-block-heading\" id=\"bordeira\">Praia da Bordeira<\/h2>\n\n\n\n<p>Der Strand von Bordeira ist ein riesiger Wildstrand mit hohen D\u00fcnen an der s\u00fcdlichen Westk\u00fcste von Portugal. Er ist sehr weitl\u00e4ufig. Der Wellengang ist hoch, daher ist er besonders bei Surfern beliebt. Er ist ein Paradies f\u00fcr alle, die Ruhe suchen und abseits des Massentourismus einem Strand genie\u00dfen m\u00f6chten.<\/p>\n\n\n\n<figure class=\"wp-block-image size-large\"><img loading=\"lazy\" decoding=\"async\" width=\"1024\" height=\"768\" src=\"https:\/\/familie-weitgereist.de\/wp-content\/uploads\/2023\/01\/1000032343-1024x768.jpg\" alt=\"\" class=\"wp-image-24380\" srcset=\"https:\/\/familie-weitgereist.de\/wp-content\/uploads\/2023\/01\/1000032343-1024x768.jpg 1024w, https:\/\/familie-weitgereist.de\/wp-content\/uploads\/2023\/01\/1000032343-300x225.jpg 300w, https:\/\/familie-weitgereist.de\/wp-content\/uploads\/2023\/01\/1000032343-768x576.jpg 768w, https:\/\/familie-weitgereist.de\/wp-content\/uploads\/2023\/01\/1000032343-1536x1152.jpg 1536w, https:\/\/familie-weitgereist.de\/wp-content\/uploads\/2023\/01\/1000032343-2048x1536.jpg 2048w, https:\/\/familie-weitgereist.de\/wp-content\/uploads\/2023\/01\/1000032343-1200x900.jpg 1200w, https:\/\/familie-weitgereist.de\/wp-content\/uploads\/2023\/01\/1000032343-1980x1485.jpg 1980w, https:\/\/familie-weitgereist.de\/wp-content\/uploads\/2023\/01\/1000032343-150x113.jpg 150w\" sizes=\"auto, (max-width: 1024px) 100vw, 1024px\" \/><\/figure>\n\n\n\n<p>Von den Aussichtspunkten, welche \u00fcber die klassischen Boardwalks gut erreichbar sind, bietet sich eine grandiose Aussicht \u00fcber den Strand.<\/p>\n\n\n\n<figure class=\"wp-block-image size-large\"><img loading=\"lazy\" decoding=\"async\" width=\"1024\" height=\"768\" src=\"https:\/\/familie-weitgereist.de\/wp-content\/uploads\/2023\/01\/1000032363-1024x768.jpg\" alt=\"\" class=\"wp-image-24378\" srcset=\"https:\/\/familie-weitgereist.de\/wp-content\/uploads\/2023\/01\/1000032363-1024x768.jpg 1024w, https:\/\/familie-weitgereist.de\/wp-content\/uploads\/2023\/01\/1000032363-300x225.jpg 300w, https:\/\/familie-weitgereist.de\/wp-content\/uploads\/2023\/01\/1000032363-768x576.jpg 768w, https:\/\/familie-weitgereist.de\/wp-content\/uploads\/2023\/01\/1000032363-1536x1152.jpg 1536w, https:\/\/familie-weitgereist.de\/wp-content\/uploads\/2023\/01\/1000032363-2048x1536.jpg 2048w, https:\/\/familie-weitgereist.de\/wp-content\/uploads\/2023\/01\/1000032363-1200x900.jpg 1200w, https:\/\/familie-weitgereist.de\/wp-content\/uploads\/2023\/01\/1000032363-1980x1485.jpg 1980w, https:\/\/familie-weitgereist.de\/wp-content\/uploads\/2023\/01\/1000032363-150x113.jpg 150w\" sizes=\"auto, (max-width: 1024px) 100vw, 1024px\" \/><\/figure>\n\n\n\n<h2 class=\"wp-block-heading\" id=\"cordoama\">Praia da Cordoama <\/h2>\n\n\n\n<p>Ein wundersch\u00f6ner langer Sandstrand ist die Praia da Cordoama. Der Strand ist eventuell weniger zum Baden geeignet, da die Wellen sehr hoch sind. Wir sprangen in den Wellen, bauten eine Sandburg und wanderten den langen Strand entlang. Wir haben einen wunderbaren Strandtag erlebt und das kann man an vielen Str\u00e4nden in Portugal.<\/p>\n\n\n\n<div id=\"wp-block-themeisle-blocks-slider-a93b74da\" class=\"wp-block-themeisle-blocks-slider glide\" data-per-view=\"1\" data-gap=\"0\" data-peek=\"0\" data-autoplay=\"true\" data-height=\"400px\" data-hide-arrows=\"false\"><div class=\"glide__track\" data-glide-el=\"track\"><div class=\"glide__slides\"><div class=\"wp-block-themeisle-blocks-slider-item-wrapper glide__slide\" tabindex=\"0\"><figure><img decoding=\"async\" class=\"wp-block-themeisle-blocks-slider-item\" src=\"https:\/\/familie-weitgereist.de\/wp-content\/uploads\/2023\/01\/IMG_20230114_153603-scaled.jpg\" alt=\"\" title=\"\" data-id=\"12823\"\/><\/figure><\/div><div class=\"wp-block-themeisle-blocks-slider-item-wrapper glide__slide\" tabindex=\"0\"><figure><img decoding=\"async\" class=\"wp-block-themeisle-blocks-slider-item\" src=\"https:\/\/familie-weitgereist.de\/wp-content\/uploads\/2023\/01\/IMG_20230114_130721-scaled.jpg\" alt=\"\" title=\"\" data-id=\"12824\"\/><\/figure><\/div><div class=\"wp-block-themeisle-blocks-slider-item-wrapper glide__slide\" tabindex=\"0\"><figure><img decoding=\"async\" class=\"wp-block-themeisle-blocks-slider-item\" src=\"https:\/\/familie-weitgereist.de\/wp-content\/uploads\/2023\/01\/IMG_20230114_123523-scaled.jpg\" alt=\"\" title=\"\" data-id=\"12825\"\/><\/figure><\/div><\/div><div class=\"glide__bullets\" data-glide-el=\"controls[nav]\"><button class=\"glide__bullet\" data-glide-dir=\"=0\"><\/button><button class=\"glide__bullet\" data-glide-dir=\"=1\"><\/button><button class=\"glide__bullet\" data-glide-dir=\"=2\"><\/button><\/div><\/div><\/div>\n\n\n\n<h2 class=\"wp-block-heading\" id=\"falesia\">Praia da Fal\u00e9sia <\/h2>\n\n\n\n<p>F\u00fcr uns begann an der Praia da Fal\u00e9sia das richtige <strong>Algarve-Feeling<\/strong>, denn wir befanden uns oberhalb eines <strong>steil hinabfallenden K\u00fcstengebietes<\/strong> und blickten auf einen wundersch\u00f6nen Strand. <\/p>\n\n\n\n<figure class=\"wp-block-image size-large\"><img loading=\"lazy\" decoding=\"async\" width=\"1024\" height=\"768\" src=\"https:\/\/familie-weitgereist.de\/wp-content\/uploads\/2023\/01\/IMG_20230109_160325-1024x768.jpg\" alt=\"\" class=\"wp-image-12725\" srcset=\"https:\/\/familie-weitgereist.de\/wp-content\/uploads\/2023\/01\/IMG_20230109_160325-1024x768.jpg 1024w, https:\/\/familie-weitgereist.de\/wp-content\/uploads\/2023\/01\/IMG_20230109_160325-300x225.jpg 300w, https:\/\/familie-weitgereist.de\/wp-content\/uploads\/2023\/01\/IMG_20230109_160325-768x576.jpg 768w, https:\/\/familie-weitgereist.de\/wp-content\/uploads\/2023\/01\/IMG_20230109_160325-1536x1152.jpg 1536w, https:\/\/familie-weitgereist.de\/wp-content\/uploads\/2023\/01\/IMG_20230109_160325-2048x1536.jpg 2048w, https:\/\/familie-weitgereist.de\/wp-content\/uploads\/2023\/01\/IMG_20230109_160325-1200x900.jpg 1200w, https:\/\/familie-weitgereist.de\/wp-content\/uploads\/2023\/01\/IMG_20230109_160325-1980x1485.jpg 1980w, https:\/\/familie-weitgereist.de\/wp-content\/uploads\/2023\/01\/IMG_20230109_160325-150x113.jpg 150w\" sizes=\"auto, (max-width: 1024px) 100vw, 1024px\" \/><\/figure>\n\n\n\n<p>Wir lieben es an den Str\u00e4nden unsere Zeit zu verbringen und an den K\u00fcsten entlang zu laufen. <\/p>\n\n\n\n<div id=\"wp-block-themeisle-blocks-slider-2c1030a3\" class=\"wp-block-themeisle-blocks-slider glide\" data-per-view=\"1\" data-gap=\"0\" data-peek=\"0\" data-autoplay=\"true\" data-height=\"400px\" data-hide-arrows=\"false\"><div class=\"glide__track\" data-glide-el=\"track\"><div class=\"glide__slides\"><div class=\"wp-block-themeisle-blocks-slider-item-wrapper glide__slide\" tabindex=\"0\"><figure><img decoding=\"async\" class=\"wp-block-themeisle-blocks-slider-item\" src=\"https:\/\/familie-weitgereist.de\/wp-content\/uploads\/2023\/01\/IMG_20230118_114038-scaled.jpg\" alt=\"\" title=\"\" data-id=\"12853\"\/><\/figure><\/div><div class=\"wp-block-themeisle-blocks-slider-item-wrapper glide__slide\" tabindex=\"0\"><figure><img decoding=\"async\" class=\"wp-block-themeisle-blocks-slider-item\" src=\"https:\/\/familie-weitgereist.de\/wp-content\/uploads\/2023\/01\/IMG_20230118_112612-scaled.jpg\" alt=\"\" title=\"\" data-id=\"12854\"\/><\/figure><\/div><div class=\"wp-block-themeisle-blocks-slider-item-wrapper glide__slide\" tabindex=\"0\"><figure><img decoding=\"async\" class=\"wp-block-themeisle-blocks-slider-item\" src=\"https:\/\/familie-weitgereist.de\/wp-content\/uploads\/2023\/01\/IMG_20230118_110809-scaled.jpg\" alt=\"\" title=\"\" data-id=\"12855\"\/><\/figure><\/div><div class=\"wp-block-themeisle-blocks-slider-item-wrapper glide__slide\" tabindex=\"0\"><figure><img decoding=\"async\" class=\"wp-block-themeisle-blocks-slider-item\" src=\"https:\/\/familie-weitgereist.de\/wp-content\/uploads\/2023\/01\/IMG_20230118_105435-scaled.jpg\" alt=\"\" title=\"\" data-id=\"12856\"\/><\/figure><\/div><div class=\"wp-block-themeisle-blocks-slider-item-wrapper glide__slide\" tabindex=\"0\"><figure><img decoding=\"async\" class=\"wp-block-themeisle-blocks-slider-item\" src=\"https:\/\/familie-weitgereist.de\/wp-content\/uploads\/2023\/01\/IMG_20230118_105238-scaled.jpg\" alt=\"\" title=\"\" data-id=\"12857\"\/><\/figure><\/div><\/div><div class=\"glide__bullets\" data-glide-el=\"controls[nav]\"><button class=\"glide__bullet\" data-glide-dir=\"=0\"><\/button><button class=\"glide__bullet\" data-glide-dir=\"=1\"><\/button><button class=\"glide__bullet\" data-glide-dir=\"=2\"><\/button><button class=\"glide__bullet\" data-glide-dir=\"=3\"><\/button><button class=\"glide__bullet\" data-glide-dir=\"=4\"><\/button><\/div><\/div><\/div>\n\n\n\n<p>Auch an diesem Strand waren die Wellen viel zu hoch, um baden zu gehen. Merlin kann jedoch stundenlang an den Str\u00e4nden sein. Es gibt unwahrscheinlich viel zu entdecken und zu erleben. Ein wahres Naturparadies! <\/p>\n\n\n\n<div id=\"wp-block-themeisle-blocks-slider-e53730f6\" class=\"wp-block-themeisle-blocks-slider glide\" data-per-view=\"1\" data-gap=\"0\" data-peek=\"0\" data-autoplay=\"true\" data-height=\"400px\" data-hide-arrows=\"false\"><div class=\"glide__track\" data-glide-el=\"track\"><div class=\"glide__slides\"><div class=\"wp-block-themeisle-blocks-slider-item-wrapper glide__slide\" tabindex=\"0\"><figure><img decoding=\"async\" class=\"wp-block-themeisle-blocks-slider-item\" src=\"https:\/\/familie-weitgereist.de\/wp-content\/uploads\/2023\/01\/IMG_20230109_170148-scaled.jpg\" alt=\"\" title=\"\" data-id=\"12719\"\/><\/figure><\/div><div class=\"wp-block-themeisle-blocks-slider-item-wrapper glide__slide\" tabindex=\"0\"><figure><img decoding=\"async\" class=\"wp-block-themeisle-blocks-slider-item\" src=\"https:\/\/familie-weitgereist.de\/wp-content\/uploads\/2023\/01\/IMG_20230109_165544-scaled.jpg\" alt=\"\" title=\"\" data-id=\"12721\"\/><\/figure><\/div><\/div><div class=\"glide__bullets\" data-glide-el=\"controls[nav]\"><button class=\"glide__bullet\" data-glide-dir=\"=0\"><\/button><button class=\"glide__bullet\" data-glide-dir=\"=1\"><\/button><\/div><\/div><\/div>\n\n\n\n<h2 class=\"wp-block-heading\" id=\"marinha\">Praia da Marinha <\/h2>\n\n\n\n<p>Ein wunderbarer K\u00fcstenabschnitt an der Algarve liegt um die Praia da Marinha. Der K\u00fcstenweg ist durch ein Gel\u00e4nder gesichert und die Ausblicke auf den Atlantik sind grandios. Immer wieder er\u00f6ffnen sich herrliche Ausblicke auf die steilen Klippen. Das Highlight sind zwei Felsenb\u00f6gen im Meer. Der <strong>Wanderweg Lagos PR1<\/strong> f\u00fchrt hier entlang. Wir sind ein kleines St\u00fcckchen auf dem Weg gelaufen und Merlin hatte richtig viel Spa\u00df den Markierungen zu folgen.<\/p>\n\n\n\n<div id=\"wp-block-themeisle-blocks-slider-cef66c66\" class=\"wp-block-themeisle-blocks-slider glide\" data-per-view=\"1\" data-gap=\"0\" data-peek=\"0\" data-autoplay=\"true\" data-height=\"400px\" data-hide-arrows=\"false\"><div class=\"glide__track\" data-glide-el=\"track\"><div class=\"glide__slides\"><div class=\"wp-block-themeisle-blocks-slider-item-wrapper glide__slide\" tabindex=\"0\"><figure><img decoding=\"async\" class=\"wp-block-themeisle-blocks-slider-item\" src=\"https:\/\/familie-weitgereist.de\/wp-content\/uploads\/2023\/01\/IMG_20230110_164257-scaled.jpg\" alt=\"\" title=\"\" data-id=\"12745\"\/><\/figure><\/div><div class=\"wp-block-themeisle-blocks-slider-item-wrapper glide__slide\" tabindex=\"0\"><figure><img decoding=\"async\" class=\"wp-block-themeisle-blocks-slider-item\" src=\"https:\/\/familie-weitgereist.de\/wp-content\/uploads\/2023\/01\/IMG_20230110_163807-scaled.jpg\" alt=\"\" title=\"\" data-id=\"12747\"\/><\/figure><\/div><div class=\"wp-block-themeisle-blocks-slider-item-wrapper glide__slide\" tabindex=\"0\"><figure><img decoding=\"async\" class=\"wp-block-themeisle-blocks-slider-item\" src=\"https:\/\/familie-weitgereist.de\/wp-content\/uploads\/2023\/01\/IMG_20230110_162846-scaled.jpg\" alt=\"\" title=\"\" data-id=\"12748\"\/><\/figure><\/div><div class=\"wp-block-themeisle-blocks-slider-item-wrapper glide__slide\" tabindex=\"0\"><figure><img decoding=\"async\" class=\"wp-block-themeisle-blocks-slider-item\" src=\"https:\/\/familie-weitgereist.de\/wp-content\/uploads\/2023\/01\/IMG_20230110_162333-scaled.jpg\" alt=\"\" title=\"\" data-id=\"12749\"\/><\/figure><\/div><\/div><div class=\"glide__bullets\" data-glide-el=\"controls[nav]\"><button class=\"glide__bullet\" data-glide-dir=\"=0\"><\/button><button class=\"glide__bullet\" data-glide-dir=\"=1\"><\/button><button class=\"glide__bullet\" data-glide-dir=\"=2\"><\/button><button class=\"glide__bullet\" data-glide-dir=\"=3\"><\/button><\/div><\/div><\/div>\n\n\n\n<h2 class=\"wp-block-heading\" id=\"salgados\">Praia dos Salgados <\/h2>\n\n\n\n<p>Die <strong>Praia dos Salgados<\/strong> ist ein weiterer wundersch\u00f6ner Strand an Portugals Algarve. Wir liefen auf dem langen Boardwalk fast bis zur <strong>Stadt Arma\u00e7\u00e3o de P\u00eara<\/strong>. Das Gebiet ist ein <strong>Vogelbeobachtungsgebiet<\/strong> und sehr viele verschiedene V\u00f6gel sind hier beheimatet oder \u00fcberwintern dort.<\/p>\n\n\n\n<div id=\"wp-block-themeisle-blocks-slider-309d98c6\" class=\"wp-block-themeisle-blocks-slider glide\" data-per-view=\"1\" data-gap=\"0\" data-peek=\"0\" data-autoplay=\"true\" data-height=\"400px\" data-hide-arrows=\"false\"><div class=\"glide__track\" data-glide-el=\"track\"><div class=\"glide__slides\"><div class=\"wp-block-themeisle-blocks-slider-item-wrapper glide__slide\" tabindex=\"0\"><figure><img decoding=\"async\" class=\"wp-block-themeisle-blocks-slider-item\" src=\"https:\/\/familie-weitgereist.de\/wp-content\/uploads\/2023\/01\/IMG_20230117_141159-scaled.jpg\" alt=\"\" title=\"\" data-id=\"12849\"\/><\/figure><\/div><div class=\"wp-block-themeisle-blocks-slider-item-wrapper glide__slide\" tabindex=\"0\"><figure><img decoding=\"async\" class=\"wp-block-themeisle-blocks-slider-item\" src=\"https:\/\/familie-weitgereist.de\/wp-content\/uploads\/2023\/01\/IMG_20230117_134141-scaled.jpg\" alt=\"\" title=\"\" data-id=\"12850\"\/><\/figure><\/div><div class=\"wp-block-themeisle-blocks-slider-item-wrapper glide__slide\" tabindex=\"0\"><figure><img decoding=\"async\" class=\"wp-block-themeisle-blocks-slider-item\" src=\"https:\/\/familie-weitgereist.de\/wp-content\/uploads\/2023\/01\/IMG_20230117_121939-scaled.jpg\" alt=\"\" title=\"\" data-id=\"12851\"\/><\/figure><\/div><\/div><div class=\"glide__bullets\" data-glide-el=\"controls[nav]\"><button class=\"glide__bullet\" data-glide-dir=\"=0\"><\/button><button class=\"glide__bullet\" data-glide-dir=\"=1\"><\/button><button class=\"glide__bullet\" data-glide-dir=\"=2\"><\/button><\/div><\/div><\/div>\n\n\n\n<h2 class=\"wp-block-heading\" id=\"torralta\">Praia da Torralta<\/h2>\n\n\n\n<p>Ein weiterer <strong>wunderbarer Strand<\/strong> an der Algarve ist der <strong>Praia da Torralta<\/strong>. Wir unternahmen zuerst einen Spaziergang auf dem langen Boardwalk und suchten uns anschlie\u00dfend eine sch\u00f6ne Stelle um den Strand zu genie\u00dfen und dort zu spielen. Dieser Sandstrand war wundersch\u00f6n, ein langer, weicher und wei\u00dfer Sandstrand. Es war perfekt um zu entspannen und zu spielen.<\/p>\n\n\n\n<div id=\"wp-block-themeisle-blocks-slider-b4295ccc\" class=\"wp-block-themeisle-blocks-slider glide\" data-per-view=\"1\" data-gap=\"0\" data-peek=\"0\" data-autoplay=\"true\" data-height=\"400px\" data-hide-arrows=\"false\"><div class=\"glide__track\" data-glide-el=\"track\"><div class=\"glide__slides\"><div class=\"wp-block-themeisle-blocks-slider-item-wrapper glide__slide\" tabindex=\"0\"><figure><img decoding=\"async\" class=\"wp-block-themeisle-blocks-slider-item\" src=\"https:\/\/familie-weitgereist.de\/wp-content\/uploads\/2023\/01\/IMG_20230112_115421-scaled.jpg\" alt=\"\" title=\"\" data-id=\"12781\"\/><\/figure><\/div><div class=\"wp-block-themeisle-blocks-slider-item-wrapper glide__slide\" tabindex=\"0\"><figure><img decoding=\"async\" class=\"wp-block-themeisle-blocks-slider-item\" src=\"https:\/\/familie-weitgereist.de\/wp-content\/uploads\/2023\/01\/IMG_20230112_110426-scaled.jpg\" alt=\"\" title=\"\" data-id=\"12783\"\/><\/figure><\/div><\/div><div class=\"glide__bullets\" data-glide-el=\"controls[nav]\"><button class=\"glide__bullet\" data-glide-dir=\"=0\"><\/button><button class=\"glide__bullet\" data-glide-dir=\"=1\"><\/button><\/div><\/div><\/div>\n\n\n\n<h2 class=\"wp-block-heading\" id=\"irmaos\">Praia dos Tr\u00eas Irm\u00e3os <\/h2>\n\n\n\n<p>Dieser Strand ist wirklich atemberaubend sch\u00f6n. Er liegt unweit der Praia da Torralta. Wir schlenderten am Strand entlang, kletterten durch die Felsen und es gibt sogar kleine Felsenh\u00f6hlen. Unsere beiden Jungs waren begeistert.<\/p>\n\n\n\n<figure class=\"wp-block-image size-large\"><img loading=\"lazy\" decoding=\"async\" width=\"768\" height=\"1024\" src=\"https:\/\/familie-weitgereist.de\/wp-content\/uploads\/2023\/01\/1000032399-768x1024.jpg\" alt=\"\" class=\"wp-image-24386\" srcset=\"https:\/\/familie-weitgereist.de\/wp-content\/uploads\/2023\/01\/1000032399-768x1024.jpg 768w, https:\/\/familie-weitgereist.de\/wp-content\/uploads\/2023\/01\/1000032399-225x300.jpg 225w, https:\/\/familie-weitgereist.de\/wp-content\/uploads\/2023\/01\/1000032399-1152x1536.jpg 1152w, https:\/\/familie-weitgereist.de\/wp-content\/uploads\/2023\/01\/1000032399-1536x2048.jpg 1536w, https:\/\/familie-weitgereist.de\/wp-content\/uploads\/2023\/01\/1000032399-1200x1600.jpg 1200w, https:\/\/familie-weitgereist.de\/wp-content\/uploads\/2023\/01\/1000032399-1980x2640.jpg 1980w, https:\/\/familie-weitgereist.de\/wp-content\/uploads\/2023\/01\/1000032399-640x853.jpg 640w, https:\/\/familie-weitgereist.de\/wp-content\/uploads\/2023\/01\/1000032399-150x200.jpg 150w, https:\/\/familie-weitgereist.de\/wp-content\/uploads\/2023\/01\/1000032399-scaled.jpg 1920w\" sizes=\"auto, (max-width: 768px) 100vw, 768px\" \/><\/figure>\n\n\n\n<p>Wir malten im Sand und genossen das Panorama und das Wellenrauschen. Im Sommer ist hier sicherlich recht viel los. Direkt am Strand gelegen, gibt es viele Resorts und Hotelanlagen. Im Januar standen diese jedoch leer. Lediglich ein Restaurant hatte ge\u00f6ffnet.<\/p>\n\n\n\n<p>Die Felsformationen am Strand sind phenom\u00e4nal. <\/p>\n\n\n\n<figure class=\"wp-block-image size-large\"><img loading=\"lazy\" decoding=\"async\" width=\"1024\" height=\"768\" src=\"https:\/\/familie-weitgereist.de\/wp-content\/uploads\/2023\/01\/1000032430-1024x768.jpg\" alt=\"\" class=\"wp-image-24387\" srcset=\"https:\/\/familie-weitgereist.de\/wp-content\/uploads\/2023\/01\/1000032430-1024x768.jpg 1024w, https:\/\/familie-weitgereist.de\/wp-content\/uploads\/2023\/01\/1000032430-300x225.jpg 300w, https:\/\/familie-weitgereist.de\/wp-content\/uploads\/2023\/01\/1000032430-768x576.jpg 768w, https:\/\/familie-weitgereist.de\/wp-content\/uploads\/2023\/01\/1000032430-1536x1152.jpg 1536w, https:\/\/familie-weitgereist.de\/wp-content\/uploads\/2023\/01\/1000032430-2048x1536.jpg 2048w, https:\/\/familie-weitgereist.de\/wp-content\/uploads\/2023\/01\/1000032430-1200x900.jpg 1200w, https:\/\/familie-weitgereist.de\/wp-content\/uploads\/2023\/01\/1000032430-1980x1485.jpg 1980w, https:\/\/familie-weitgereist.de\/wp-content\/uploads\/2023\/01\/1000032430-150x113.jpg 150w\" sizes=\"auto, (max-width: 1024px) 100vw, 1024px\" \/><\/figure>\n\n\n\n<h2 class=\"wp-block-heading\" id=\"silves\">Silves <\/h2>\n\n\n\n<p>Silves ist eine Kleinstadt in den Bergen. Einst war sie die Hauptstadt der Algarve und bl\u00fchte zur Zeit der Mauren vom 9. &#8211; 12. Jahrhundert. Die \u00dcberbleibsel der Bl\u00fctezeit sind noch \u00fcberall sichtbar. Es gibt eine <strong>Festung<\/strong>, das <strong>Castelo de Silves<\/strong> und eine <strong>Kirche (S\u00e9 Kirche) <\/strong>auf einer Anh\u00f6he. Eine tolle Aussicht auf die Stadt erblickten wir von dort. Zudem bestaunten wir Teile der ehemaligen Stadtmauer.<\/p>\n\n\n\n<div id=\"wp-block-themeisle-blocks-slider-9e5309dc\" class=\"wp-block-themeisle-blocks-slider glide\" data-per-view=\"1\" data-gap=\"0\" data-peek=\"0\" data-autoplay=\"true\" data-height=\"400px\" data-hide-arrows=\"false\"><div class=\"glide__track\" data-glide-el=\"track\"><div class=\"glide__slides\"><div class=\"wp-block-themeisle-blocks-slider-item-wrapper glide__slide\" tabindex=\"0\"><figure><img decoding=\"async\" class=\"wp-block-themeisle-blocks-slider-item\" src=\"https:\/\/familie-weitgereist.de\/wp-content\/uploads\/2023\/01\/IMG_20230116_131525-scaled.jpg\" alt=\"\" title=\"\" data-id=\"12832\"\/><\/figure><\/div><div class=\"wp-block-themeisle-blocks-slider-item-wrapper glide__slide\" tabindex=\"0\"><figure><img decoding=\"async\" class=\"wp-block-themeisle-blocks-slider-item\" src=\"https:\/\/familie-weitgereist.de\/wp-content\/uploads\/2023\/01\/IMG_20230116_125556-scaled.jpg\" alt=\"\" title=\"\" data-id=\"12834\"\/><\/figure><\/div><div class=\"wp-block-themeisle-blocks-slider-item-wrapper glide__slide\" tabindex=\"0\"><figure><img decoding=\"async\" class=\"wp-block-themeisle-blocks-slider-item\" src=\"https:\/\/familie-weitgereist.de\/wp-content\/uploads\/2023\/01\/IMG_20230116_125332-scaled.jpg\" alt=\"\" title=\"\" data-id=\"12835\"\/><\/figure><\/div><div class=\"wp-block-themeisle-blocks-slider-item-wrapper glide__slide\" tabindex=\"0\"><figure><img decoding=\"async\" class=\"wp-block-themeisle-blocks-slider-item\" src=\"https:\/\/familie-weitgereist.de\/wp-content\/uploads\/2023\/01\/IMG_20230116_124351-scaled.jpg\" alt=\"\" title=\"\" data-id=\"12837\"\/><\/figure><\/div><\/div><div class=\"glide__bullets\" data-glide-el=\"controls[nav]\"><button class=\"glide__bullet\" data-glide-dir=\"=0\"><\/button><button class=\"glide__bullet\" data-glide-dir=\"=1\"><\/button><button class=\"glide__bullet\" data-glide-dir=\"=2\"><\/button><button class=\"glide__bullet\" data-glide-dir=\"=3\"><\/button><\/div><\/div><\/div>\n\n\n\n<p>Beim Schlendern durch die Stadt gingen wir \u00fcber Kopfsteinpflastergassen und hatten die M\u00f6glichkeit in eines der unz\u00e4hligen Caf\u00e9s einzukehren.<\/p>\n\n\n\n<figure class=\"wp-block-image size-large\"><img loading=\"lazy\" decoding=\"async\" width=\"1024\" height=\"768\" src=\"https:\/\/familie-weitgereist.de\/wp-content\/uploads\/2023\/01\/IMG_20230116_133249-1024x768.jpg\" alt=\"\" class=\"wp-image-12833\" srcset=\"https:\/\/familie-weitgereist.de\/wp-content\/uploads\/2023\/01\/IMG_20230116_133249-1024x768.jpg 1024w, https:\/\/familie-weitgereist.de\/wp-content\/uploads\/2023\/01\/IMG_20230116_133249-300x225.jpg 300w, https:\/\/familie-weitgereist.de\/wp-content\/uploads\/2023\/01\/IMG_20230116_133249-768x576.jpg 768w, https:\/\/familie-weitgereist.de\/wp-content\/uploads\/2023\/01\/IMG_20230116_133249-1536x1152.jpg 1536w, https:\/\/familie-weitgereist.de\/wp-content\/uploads\/2023\/01\/IMG_20230116_133249-2048x1536.jpg 2048w, https:\/\/familie-weitgereist.de\/wp-content\/uploads\/2023\/01\/IMG_20230116_133249-1200x900.jpg 1200w, https:\/\/familie-weitgereist.de\/wp-content\/uploads\/2023\/01\/IMG_20230116_133249-1980x1485.jpg 1980w, https:\/\/familie-weitgereist.de\/wp-content\/uploads\/2023\/01\/IMG_20230116_133249-150x113.jpg 150w\" sizes=\"auto, (max-width: 1024px) 100vw, 1024px\" \/><\/figure>\n\n\n\n<p>Die Stadt liegt an dem <strong>Fluss Arade<\/strong>, inmitten der h\u00fcgeligen Landschaft n\u00f6rdlich der Algarve.<\/p>\n\n\n\n<figure class=\"wp-block-image size-large\"><img loading=\"lazy\" decoding=\"async\" width=\"1024\" height=\"768\" src=\"https:\/\/familie-weitgereist.de\/wp-content\/uploads\/2023\/01\/IMG_20230116_114247-1024x768.jpg\" alt=\"\" class=\"wp-image-12838\" srcset=\"https:\/\/familie-weitgereist.de\/wp-content\/uploads\/2023\/01\/IMG_20230116_114247-1024x768.jpg 1024w, https:\/\/familie-weitgereist.de\/wp-content\/uploads\/2023\/01\/IMG_20230116_114247-300x225.jpg 300w, https:\/\/familie-weitgereist.de\/wp-content\/uploads\/2023\/01\/IMG_20230116_114247-768x576.jpg 768w, https:\/\/familie-weitgereist.de\/wp-content\/uploads\/2023\/01\/IMG_20230116_114247-1536x1152.jpg 1536w, https:\/\/familie-weitgereist.de\/wp-content\/uploads\/2023\/01\/IMG_20230116_114247-2048x1536.jpg 2048w, https:\/\/familie-weitgereist.de\/wp-content\/uploads\/2023\/01\/IMG_20230116_114247-1200x900.jpg 1200w, https:\/\/familie-weitgereist.de\/wp-content\/uploads\/2023\/01\/IMG_20230116_114247-1980x1485.jpg 1980w, https:\/\/familie-weitgereist.de\/wp-content\/uploads\/2023\/01\/IMG_20230116_114247-150x113.jpg 150w\" sizes=\"auto, (max-width: 1024px) 100vw, 1024px\" \/><figcaption class=\"wp-element-caption\">Stadtpark von Silves<\/figcaption><\/figure>\n","protected":false},"excerpt":{"rendered":"<p>Ab November 2022 haben wir unsere Elternzeit genutzt um mit unserem&nbsp;VW T6&nbsp;durch Europa zu reisen. Unsere Reise startete in&nbsp;Deutschland, f\u00fchrte anschlie\u00dfend weiter nach&nbsp;Luxemburg,&nbsp;Frankreich,&nbsp;Andorra, auf die&nbsp;balearischen Inseln,&nbsp;Gibraltar und Spanien. Die Algarve in Portugal hat uns unwahrscheinlich gut gefallen. Die K\u00fcstenabschnitte mit ihren steilen Klippen, der wilde Ozean und die Weite haben uns begeistert! Es gibt wundersch\u00f6ne [&hellip;]<\/p>\n","protected":false},"author":3,"featured_media":12791,"comment_status":"open","ping_status":"open","sticky":false,"template":"","format":"standard","meta":{"_themeisle_gutenberg_block_has_review":false,"footnotes":""},"categories":[831,8,4],"tags":[835,839,1850,842,837,1849,843,830,844,834,836,838,840,833,847,1851,841,845],"class_list":["post-12700","post","type-post","status-publish","format-standard","has-post-thumbnail","hentry","category-portugal","category-europa","category-laender","tag-albufeira","tag-algar-seco","tag-bordeira","tag-cabo-de-sao-vicente","tag-carvoeiro","tag-faro","tag-fortaleza-de-sagres","tag-portugal","tag-praia-da-cordoama","tag-praia-da-falesia","tag-praia-da-marinha","tag-praia-da-piedade","tag-praia-da-torralta","tag-praia-do-ancao","tag-praia-dos-salgados","tag-praia-dos-tres-irmaos","tag-sagres","tag-silves"],"_links":{"self":[{"href":"https:\/\/familie-weitgereist.de\/index.php?rest_route=\/wp\/v2\/posts\/12700","targetHints":{"allow":["GET"]}}],"collection":[{"href":"https:\/\/familie-weitgereist.de\/index.php?rest_route=\/wp\/v2\/posts"}],"about":[{"href":"https:\/\/familie-weitgereist.de\/index.php?rest_route=\/wp\/v2\/types\/post"}],"author":[{"embeddable":true,"href":"https:\/\/familie-weitgereist.de\/index.php?rest_route=\/wp\/v2\/users\/3"}],"replies":[{"embeddable":true,"href":"https:\/\/familie-weitgereist.de\/index.php?rest_route=%2Fwp%2Fv2%2Fcomments&post=12700"}],"version-history":[{"count":110,"href":"https:\/\/familie-weitgereist.de\/index.php?rest_route=\/wp\/v2\/posts\/12700\/revisions"}],"predecessor-version":[{"id":24388,"href":"https:\/\/familie-weitgereist.de\/index.php?rest_route=\/wp\/v2\/posts\/12700\/revisions\/24388"}],"wp:featuredmedia":[{"embeddable":true,"href":"https:\/\/familie-weitgereist.de\/index.php?rest_route=\/wp\/v2\/media\/12791"}],"wp:attachment":[{"href":"https:\/\/familie-weitgereist.de\/index.php?rest_route=%2Fwp%2Fv2%2Fmedia&parent=12700"}],"wp:term":[{"taxonomy":"category","embeddable":true,"href":"https:\/\/familie-weitgereist.de\/index.php?rest_route=%2Fwp%2Fv2%2Fcategories&post=12700"},{"taxonomy":"post_tag","embeddable":true,"href":"https:\/\/familie-weitgereist.de\/index.php?rest_route=%2Fwp%2Fv2%2Ftags&post=12700"}],"curies":[{"name":"wp","href":"https:\/\/api.w.org\/{rel}","templated":true}]}}