{"id":12073,"date":"2022-12-08T18:11:57","date_gmt":"2022-12-08T17:11:57","guid":{"rendered":"https:\/\/familie-weitgereist.de\/?p=12073"},"modified":"2026-01-09T20:35:22","modified_gmt":"2026-01-09T19:35:22","slug":"europareise-roadtrip-andalusien-spanien-mit-kleinkind-und-baby","status":"publish","type":"post","link":"https:\/\/familie-weitgereist.de\/?p=12073","title":{"rendered":"Europareise Roadtrip &#8211; Andalusien, Spanien mit Kleinkind und Baby"},"content":{"rendered":"\n<p>Ab November 2022 haben wir unsere Elternzeit genutzt um mit unserem&nbsp;<strong>VW T6&nbsp;<\/strong>durch Europa zu reisen. Unsere Reise startete in&nbsp;<strong><a href=\"https:\/\/familie-weitgereist.de\/?p=11288\">Deutschland<\/a><\/strong>, f\u00fchrte anschlie\u00dfend weiter nach&nbsp;<strong><a href=\"https:\/\/familie-weitgereist.de\/?p=11342\">Luxemburg<\/a><\/strong>,&nbsp;<strong><a href=\"https:\/\/familie-weitgereist.de\/?p=11397\">Frankreich<\/a><\/strong>,&nbsp;<strong><a href=\"https:\/\/familie-weitgereist.de\/?p=11799\">Andorra<\/a><\/strong>, auf die <strong><a href=\"https:\/\/familie-weitgereist.de\/?p=12081\">balearischen Inseln<\/a><\/strong> und <strong><a href=\"https:\/\/familie-weitgereist.de\/?p=12528\">Gibraltar<\/a><\/strong>.<\/p>\n\n\n\n<figure class=\"wp-block-embed is-type-video is-provider-youtube wp-block-embed-youtube wp-embed-aspect-16-9 wp-has-aspect-ratio\"><div class=\"wp-block-embed__wrapper\">\n<iframe loading=\"lazy\" title=\"ROADTRIP EUROPA 2022 \/ 2023  - Woche #007\" width=\"580\" height=\"326\" src=\"https:\/\/www.youtube.com\/embed\/7WFT9uE9ds4?feature=oembed\" frameborder=\"0\" allow=\"accelerometer; autoplay; clipboard-write; encrypted-media; gyroscope; picture-in-picture; web-share\" referrerpolicy=\"strict-origin-when-cross-origin\" allowfullscreen><\/iframe>\n<\/div><\/figure>\n\n\n\n<figure class=\"wp-block-embed is-type-video is-provider-youtube wp-block-embed-youtube wp-embed-aspect-16-9 wp-has-aspect-ratio\"><div class=\"wp-block-embed__wrapper\">\n<iframe loading=\"lazy\" title=\"ROADTRIP EUROPA 2022 \/ 2023  - Woche #008\" width=\"580\" height=\"326\" src=\"https:\/\/www.youtube.com\/embed\/anj6DHCUl_Y?feature=oembed\" frameborder=\"0\" allow=\"accelerometer; autoplay; clipboard-write; encrypted-media; gyroscope; picture-in-picture; web-share\" referrerpolicy=\"strict-origin-when-cross-origin\" allowfullscreen><\/iframe>\n<\/div><\/figure>\n\n\n\n<figure class=\"wp-block-embed is-type-video is-provider-youtube wp-block-embed-youtube wp-embed-aspect-16-9 wp-has-aspect-ratio\"><div class=\"wp-block-embed__wrapper\">\n<iframe loading=\"lazy\" title=\"ROADTRIP EUROPA 2022 \/ 2023  - Woche #020\" width=\"580\" height=\"326\" src=\"https:\/\/www.youtube.com\/embed\/IRelmb5W3f0?feature=oembed\" frameborder=\"0\" allow=\"accelerometer; autoplay; clipboard-write; encrypted-media; gyroscope; picture-in-picture; web-share\" referrerpolicy=\"strict-origin-when-cross-origin\" allowfullscreen><\/iframe>\n<\/div><\/figure>\n\n\n\n<figure class=\"wp-block-embed is-type-video is-provider-youtube wp-block-embed-youtube wp-embed-aspect-16-9 wp-has-aspect-ratio\"><div class=\"wp-block-embed__wrapper\">\n<iframe loading=\"lazy\" title=\"ROADTRIP EUROPA 2022 \/ 2023  - Woche #021\" width=\"580\" height=\"326\" src=\"https:\/\/www.youtube.com\/embed\/rSNBiuft3MY?feature=oembed\" frameborder=\"0\" allow=\"accelerometer; autoplay; clipboard-write; encrypted-media; gyroscope; picture-in-picture; web-share\" referrerpolicy=\"strict-origin-when-cross-origin\" allowfullscreen><\/iframe>\n<\/div><\/figure>\n\n\n\n<figure class=\"wp-block-embed is-type-video is-provider-youtube wp-block-embed-youtube wp-embed-aspect-16-9 wp-has-aspect-ratio\"><div class=\"wp-block-embed__wrapper\">\n<iframe loading=\"lazy\" title=\"ROADTRIP EUROPA 2022 \/ 2023  - Woche #022\" width=\"580\" height=\"326\" src=\"https:\/\/www.youtube.com\/embed\/71wVodqO_Gc?feature=oembed\" frameborder=\"0\" allow=\"accelerometer; autoplay; clipboard-write; encrypted-media; gyroscope; picture-in-picture; web-share\" referrerpolicy=\"strict-origin-when-cross-origin\" allowfullscreen><\/iframe>\n<\/div><\/figure>\n\n\n\n<h2 class=\"wp-block-heading\">Anreise <\/h2>\n\n\n\n<p>Wir haben von <strong>Ibiza die F\u00e4hre (GNV)<\/strong> nach <strong>Valencia<\/strong> genommen. Die Fahr\u00fcberfahrt dauerte 7 Stunden. Wir fuhren am Tag von 12:00 bis 19:00. Die Zeit verging ziemlich schnell. Es waren nur wenige Mitreisende unterwegs und wir konnten die \u00f6ffentlichen R\u00e4umlichkeiten der F\u00e4hre gut f\u00fcr uns nutzen, zum Rennen, Toben und Spielen im kleinen Spielbereich.<\/p>\n\n\n\n<div id=\"wp-block-themeisle-blocks-slider-e3d5ec9e\" class=\"wp-block-themeisle-blocks-slider glide\" data-per-view=\"1\" data-gap=\"0\" data-peek=\"0\" data-autoplay=\"true\" data-height=\"400px\" data-hide-arrows=\"false\"><div class=\"glide__track\" data-glide-el=\"track\"><div class=\"glide__slides\"><div class=\"wp-block-themeisle-blocks-slider-item-wrapper glide__slide\" tabindex=\"0\"><figure><img decoding=\"async\" class=\"wp-block-themeisle-blocks-slider-item\" src=\"https:\/\/familie-weitgereist.de\/wp-content\/uploads\/2022\/12\/IMG_20221227_155846-scaled.jpg\" alt=\"\" title=\"\" data-id=\"12458\"\/><\/figure><\/div><div class=\"wp-block-themeisle-blocks-slider-item-wrapper glide__slide\" tabindex=\"0\"><figure><img decoding=\"async\" class=\"wp-block-themeisle-blocks-slider-item\" src=\"https:\/\/familie-weitgereist.de\/wp-content\/uploads\/2022\/12\/IMG_20221227_114442-scaled.jpg\" alt=\"\" title=\"\" data-id=\"12460\"\/><\/figure><\/div><\/div><div class=\"glide__bullets\" data-glide-el=\"controls[nav]\"><button class=\"glide__bullet\" data-glide-dir=\"=0\"><\/button><button class=\"glide__bullet\" data-glide-dir=\"=1\"><\/button><\/div><\/div><\/div>\n\n\n\n<p>Folgende Orte haben wir in Andalusien bereist: <\/p>\n\n\n\n<ul class=\"wp-block-list\">\n<li><a href=\"https:\/\/familie-weitgereist.de\/?p=12073\/#alhambra\">Alhambra in Granada<\/a><\/li>\n\n\n\n<li><a href=\"https:\/\/familie-weitgereist.de\/?p=12073\/#alhaurin\" data-type=\"link\" data-id=\"https:\/\/familie-weitgereist.de\/?p=12073\/#alhaurin\">Alhaur\u00edn de la Torre<\/a><\/li>\n\n\n\n<li><a href=\"https:\/\/familie-weitgereist.de\/?p=12073\/#zujar\">Ba\u00f1os de Z\u00fajar<\/a> <\/li>\n\n\n\n<li><a href=\"https:\/\/familie-weitgereist.de\/?p=12073\/#benalmadena\" data-type=\"link\" data-id=\"https:\/\/familie-weitgereist.de\/?p=12073\/#benalmadena\">Benalm\u00e1dena<\/a><\/li>\n\n\n\n<li><a href=\"https:\/\/familie-weitgereist.de\/?p=12073\/#frigiliana\">Frigiliana<\/a><\/li>\n\n\n\n<li><a href=\"https:\/\/familie-weitgereist.de\/?p=12073\/#fuengirola\" data-type=\"link\" data-id=\"https:\/\/familie-weitgereist.de\/?p=12073\/#fuengirola\">Fuengirola<\/a><\/li>\n\n\n\n<li><a href=\"https:\/\/familie-weitgereist.de\/?p=12073\/#huelva\" data-type=\"link\" data-id=\"https:\/\/familie-weitgereist.de\/?p=12073\/#huelva\">Huelva<\/a><\/li>\n\n\n\n<li><a href=\"https:\/\/familie-weitgereist.de\/?p=12073\/#juzcar\">J\u00fazcar, das Schlumpfendorf<\/a><\/li>\n\n\n\n<li><a href=\"https:\/\/familie-weitgereist.de\/?p=12073\/#manilva\">Manilva<\/a> <\/li>\n\n\n\n<li><a href=\"https:\/\/familie-weitgereist.de\/?p=12073\/#nerja\">Nerja<\/a> <\/li>\n\n\n\n<li><a href=\"https:\/\/familie-weitgereist.de\/?p=12073\/#cueva\">Cueva de Nerja (H\u00f6hle von Nerja)<\/a><\/li>\n\n\n\n<li><a href=\"https:\/\/familie-weitgereist.de\/?p=12073\/#olvera\">Olvera<\/a> <\/li>\n\n\n\n<li><a href=\"https:\/\/familie-weitgereist.de\/?p=12073\/#parauta\">Parauta und der Bosque Encantado<\/a><\/li>\n\n\n\n<li><a href=\"https:\/\/familie-weitgereist.de\/?p=12073\/#ronda\">Ronda<\/a> <\/li>\n\n\n\n<li><a href=\"https:\/\/familie-weitgereist.de\/?p=12073\/#salobrena\">Salobre\u00f1a<\/a><\/li>\n\n\n\n<li><a href=\"https:\/\/familie-weitgereist.de\/?p=12073\/#setenil\">Setenil de las Bodegas<\/a> <\/li>\n\n\n\n<li><a href=\"https:\/\/familie-weitgereist.de\/?p=12073\/#sevilla\">Sevilla<\/a> <\/li>\n\n\n\n<li><a href=\"https:\/\/familie-weitgereist.de\/?p=12073\/#tarifa\">Tarifa<\/a> <\/li>\n\n\n\n<li><a href=\"https:\/\/familie-weitgereist.de\/?p=12073\/#torro\">Torrox<\/a><\/li>\n\n\n\n<li><a href=\"https:\/\/familie-weitgereist.de\/?p=12073\/#torrox\">Torrox-Costa<\/a><\/li>\n\n\n\n<li><a href=\"https:\/\/familie-weitgereist.de\/?p=12073\/#velezmalaga\">V\u00e9lez-M\u00e1laga<\/a> <\/li>\n\n\n\n<li><a href=\"https:\/\/familie-weitgereist.de\/?p=12073\/#wandern\">Wanderungen in Andalusien (El Torcal)<\/a><\/li>\n<\/ul>\n\n\n\n<h2 class=\"wp-block-heading\" id=\"alhambra\">Alhambra in Granada <\/h2>\n\n\n\n<p>Die Alhambra ist eine Stadtburg auf einem H\u00fcgel in Granada. In Granada leben heute ca. 230.000 Einwohner. Seit 1984 z\u00e4hlt die Festungsanlage zu den Weltkulturerben und ist europaweit eine der meistbesuchten Sehensw\u00fcrdigkeiten. Die Alhambra stammt aus der Zeit als die Mauren in Andalusien geherrscht haben. Schon im 9. Jahrhundert soll von einer &#8222;Roten Burg&#8220; in Granada die Rede sein. Der Ursprung des Namens &#8222;Alhambra&#8220; ist nicht eindeutig gekl\u00e4rt. Als unterschiedliche arabische Bedeutungen werden &#8222;Die Rote Festung&#8220; und &#8222;Burg der Roten&#8220; genannt. <\/p>\n\n\n\n<figure class=\"wp-block-image size-large\"><img loading=\"lazy\" decoding=\"async\" width=\"1024\" height=\"768\" src=\"https:\/\/familie-weitgereist.de\/wp-content\/uploads\/2023\/04\/IMG_20230412_104633-1024x768.jpg\" alt=\"\" class=\"wp-image-13892\" srcset=\"https:\/\/familie-weitgereist.de\/wp-content\/uploads\/2023\/04\/IMG_20230412_104633-1024x768.jpg 1024w, https:\/\/familie-weitgereist.de\/wp-content\/uploads\/2023\/04\/IMG_20230412_104633-300x225.jpg 300w, https:\/\/familie-weitgereist.de\/wp-content\/uploads\/2023\/04\/IMG_20230412_104633-768x576.jpg 768w, https:\/\/familie-weitgereist.de\/wp-content\/uploads\/2023\/04\/IMG_20230412_104633-1536x1152.jpg 1536w, https:\/\/familie-weitgereist.de\/wp-content\/uploads\/2023\/04\/IMG_20230412_104633-2048x1536.jpg 2048w, https:\/\/familie-weitgereist.de\/wp-content\/uploads\/2023\/04\/IMG_20230412_104633-1200x900.jpg 1200w, https:\/\/familie-weitgereist.de\/wp-content\/uploads\/2023\/04\/IMG_20230412_104633-1980x1485.jpg 1980w, https:\/\/familie-weitgereist.de\/wp-content\/uploads\/2023\/04\/IMG_20230412_104633-150x113.jpg 150w\" sizes=\"auto, (max-width: 1024px) 100vw, 1024px\" \/><figcaption class=\"wp-element-caption\">Alhambra<\/figcaption><\/figure>\n\n\n\n<p>Beeindruckend ist die gesamte Anlage mit ihren Pal\u00e4sten, historischen B\u00e4dern, weitl\u00e4ufigen und gepflegte Gartenanlagen, Wasserl\u00e4ufen und Wacht\u00fcrmen. Die Ausblicke auf die verschneiten Berge der Sierra Nevada und auf Granada von einem der Wacht\u00fcrme aus, sind traumhaft! <\/p>\n\n\n\n<figure class=\"wp-block-image size-large is-resized\"><img loading=\"lazy\" decoding=\"async\" width=\"1024\" height=\"768\" src=\"https:\/\/familie-weitgereist.de\/wp-content\/uploads\/2023\/04\/IMG_20230412_214938_878-1024x768.jpg\" alt=\"\" class=\"wp-image-13905\" style=\"width:378px;height:283px\" srcset=\"https:\/\/familie-weitgereist.de\/wp-content\/uploads\/2023\/04\/IMG_20230412_214938_878-1024x768.jpg 1024w, https:\/\/familie-weitgereist.de\/wp-content\/uploads\/2023\/04\/IMG_20230412_214938_878-300x225.jpg 300w, https:\/\/familie-weitgereist.de\/wp-content\/uploads\/2023\/04\/IMG_20230412_214938_878-768x576.jpg 768w, https:\/\/familie-weitgereist.de\/wp-content\/uploads\/2023\/04\/IMG_20230412_214938_878-1200x900.jpg 1200w, https:\/\/familie-weitgereist.de\/wp-content\/uploads\/2023\/04\/IMG_20230412_214938_878-150x113.jpg 150w, https:\/\/familie-weitgereist.de\/wp-content\/uploads\/2023\/04\/IMG_20230412_214938_878.jpg 1280w\" sizes=\"auto, (max-width: 1024px) 100vw, 1024px\" \/><figcaption class=\"wp-element-caption\">Blick auf die Sierra Nevada<\/figcaption><\/figure>\n\n\n\n<div id=\"wp-block-themeisle-blocks-slider-9eea4232\" class=\"wp-block-themeisle-blocks-slider glide\" data-per-view=\"1\" data-gap=\"0\" data-peek=\"0\" data-autoplay=\"true\" data-height=\"400px\" data-hide-arrows=\"false\"><div class=\"glide__track\" data-glide-el=\"track\"><div class=\"glide__slides\"><div class=\"wp-block-themeisle-blocks-slider-item-wrapper glide__slide\" tabindex=\"0\"><figure><img decoding=\"async\" class=\"wp-block-themeisle-blocks-slider-item\" src=\"https:\/\/familie-weitgereist.de\/wp-content\/uploads\/2023\/04\/IMG_20230412_133057-scaled.jpg\" alt=\"\" title=\"\" data-id=\"13896\"\/><\/figure><\/div><div class=\"wp-block-themeisle-blocks-slider-item-wrapper glide__slide\" tabindex=\"0\"><figure><img decoding=\"async\" class=\"wp-block-themeisle-blocks-slider-item\" src=\"https:\/\/familie-weitgereist.de\/wp-content\/uploads\/2023\/04\/IMG_20230412_132000-scaled.jpg\" alt=\"\" title=\"\" data-id=\"13898\"\/><\/figure><\/div><div class=\"wp-block-themeisle-blocks-slider-item-wrapper glide__slide\" tabindex=\"0\"><figure><img decoding=\"async\" class=\"wp-block-themeisle-blocks-slider-item\" src=\"https:\/\/familie-weitgereist.de\/wp-content\/uploads\/2023\/04\/IMG_20230412_120537-scaled.jpg\" alt=\"\" title=\"\" data-id=\"13899\"\/><\/figure><\/div><div class=\"wp-block-themeisle-blocks-slider-item-wrapper glide__slide\" tabindex=\"0\"><figure><img decoding=\"async\" class=\"wp-block-themeisle-blocks-slider-item\" src=\"https:\/\/familie-weitgereist.de\/wp-content\/uploads\/2023\/04\/IMG_20230412_105234-scaled.jpg\" alt=\"\" title=\"\" data-id=\"13901\"\/><\/figure><\/div><\/div><div class=\"glide__bullets\" data-glide-el=\"controls[nav]\"><button class=\"glide__bullet\" data-glide-dir=\"=0\"><\/button><button class=\"glide__bullet\" data-glide-dir=\"=1\"><\/button><button class=\"glide__bullet\" data-glide-dir=\"=2\"><\/button><button class=\"glide__bullet\" data-glide-dir=\"=3\"><\/button><\/div><\/div><\/div>\n\n\n\n<p>Uns hat der Besuch sehr gut gefallen. Auch f\u00fcr Kinder ist es sehr interessant. Es gibt Heckenlabyrinthe, h\u00fcbsche Blumen, zahlreiche Wasserl\u00e4ufe und T\u00fcrme, die \u00fcber viele Stufen erklommen werden wollen. \u00dcberall gibt es B\u00e4nke an schattigen Pl\u00e4tzen zum Ausruhen. <\/p>\n\n\n\n<div id=\"wp-block-themeisle-blocks-slider-a807f123\" class=\"wp-block-themeisle-blocks-slider glide\" data-per-view=\"1\" data-gap=\"0\" data-peek=\"0\" data-autoplay=\"true\" data-height=\"400px\" data-hide-arrows=\"false\"><div class=\"glide__track\" data-glide-el=\"track\"><div class=\"glide__slides\"><div class=\"wp-block-themeisle-blocks-slider-item-wrapper glide__slide\" tabindex=\"0\"><figure><img decoding=\"async\" class=\"wp-block-themeisle-blocks-slider-item\" src=\"https:\/\/familie-weitgereist.de\/wp-content\/uploads\/2023\/04\/IMG_20230412_110430-scaled.jpg\" alt=\"\" title=\"\" data-id=\"13900\"\/><\/figure><\/div><div class=\"wp-block-themeisle-blocks-slider-item-wrapper glide__slide\" tabindex=\"0\"><figure><img decoding=\"async\" class=\"wp-block-themeisle-blocks-slider-item\" src=\"https:\/\/familie-weitgereist.de\/wp-content\/uploads\/2023\/04\/IMG_20230412_105818-scaled.jpg\" alt=\"\" title=\"\" data-id=\"13902\"\/><\/figure><\/div><\/div><div class=\"glide__bullets\" data-glide-el=\"controls[nav]\"><button class=\"glide__bullet\" data-glide-dir=\"=0\"><\/button><button class=\"glide__bullet\" data-glide-dir=\"=1\"><\/button><\/div><\/div><\/div>\n\n\n\n<p>Wir verbrachten ca. 6 Stunden im Gel\u00e4nde der Alhambra. Auch ohne die Nasridenpal\u00e4ste war dies f\u00fcr uns ein gelungener Besuch. Die Nasridenpal\u00e4ste z\u00e4hlen zwar zu den absoluten Highlights der Anlage. Da wir jedoch mit Kleinkind und Baby die Anlage besucht haben, waren wir auch so zufrieden. Die Nasridenpal\u00e4ste d\u00fcrfen nur zu einer vorher festgelegten Zeit besucht werden. Da an unserem Tag nur noch in den Abendstunden Tickets daf\u00fcr zur Verf\u00fcgung standen, haben wir uns letztendlich dagegen entschieden.<\/p>\n\n\n\n<figure class=\"wp-block-image size-large\"><img loading=\"lazy\" decoding=\"async\" width=\"1024\" height=\"768\" src=\"https:\/\/familie-weitgereist.de\/wp-content\/uploads\/2023\/04\/IMG_20230412_105431-1024x768.jpg\" alt=\"\" class=\"wp-image-13903\" srcset=\"https:\/\/familie-weitgereist.de\/wp-content\/uploads\/2023\/04\/IMG_20230412_105431-1024x768.jpg 1024w, https:\/\/familie-weitgereist.de\/wp-content\/uploads\/2023\/04\/IMG_20230412_105431-300x225.jpg 300w, https:\/\/familie-weitgereist.de\/wp-content\/uploads\/2023\/04\/IMG_20230412_105431-768x576.jpg 768w, https:\/\/familie-weitgereist.de\/wp-content\/uploads\/2023\/04\/IMG_20230412_105431-1536x1152.jpg 1536w, https:\/\/familie-weitgereist.de\/wp-content\/uploads\/2023\/04\/IMG_20230412_105431-2048x1536.jpg 2048w, https:\/\/familie-weitgereist.de\/wp-content\/uploads\/2023\/04\/IMG_20230412_105431-1200x900.jpg 1200w, https:\/\/familie-weitgereist.de\/wp-content\/uploads\/2023\/04\/IMG_20230412_105431-1980x1485.jpg 1980w, https:\/\/familie-weitgereist.de\/wp-content\/uploads\/2023\/04\/IMG_20230412_105431-150x113.jpg 150w\" sizes=\"auto, (max-width: 1024px) 100vw, 1024px\" \/><\/figure>\n\n\n\n<p>Wir zahlten 10,61 \u20ac Eintritt ohne die Nasridenpal\u00e4ste, Kinder unter 12 Jahren zahlen keinen Eintritt. M\u00f6chte man die Nasridenpal\u00e4ste mit besuchen zahlen Erwachsene 19,09 \u20ac Eintritt. (<em>Stand April 2023<\/em>) <\/p>\n\n\n\n<p><strong>Die Tickets sollten unbedingt im Vorfeld online gekauft werden. <\/strong>F\u00fcr Babys und Kleinkinder unter 3 Jahren muss das gratis Ticket an der Tageskasse gekauft (0\u20ac) werden, f\u00fcr alle anderen ist dies online m\u00f6glich. Als wir ankamen, gab es schon keine Tickets mehr an der Tageskasse. Ein Ausweisdokument muss unbedingt f\u00fcr alle Besucher mitgenommen werden, da einem sonst der Zutritt verwehrt wird.<\/p>\n\n\n\n<h2 class=\"wp-block-heading\" id=\"alhaurin\">Alhaur\u00edn de la Torre<\/h2>\n\n\n\n<p>Der kleine Ort unweit von M\u00e1laga, im andalusischen Hinterland, eignet sich gut f\u00fcr einen Halbtagestrip. Der Ort hat die typisch wei\u00dfen H\u00e4user.<\/p>\n\n\n\n<figure class=\"wp-block-image size-large\"><img loading=\"lazy\" decoding=\"async\" width=\"1024\" height=\"768\" src=\"https:\/\/familie-weitgereist.de\/wp-content\/uploads\/2022\/12\/1000030741-1024x768.jpg\" alt=\"\" class=\"wp-image-24258\" srcset=\"https:\/\/familie-weitgereist.de\/wp-content\/uploads\/2022\/12\/1000030741-1024x768.jpg 1024w, https:\/\/familie-weitgereist.de\/wp-content\/uploads\/2022\/12\/1000030741-300x225.jpg 300w, https:\/\/familie-weitgereist.de\/wp-content\/uploads\/2022\/12\/1000030741-768x576.jpg 768w, https:\/\/familie-weitgereist.de\/wp-content\/uploads\/2022\/12\/1000030741-1536x1152.jpg 1536w, https:\/\/familie-weitgereist.de\/wp-content\/uploads\/2022\/12\/1000030741-2048x1536.jpg 2048w, https:\/\/familie-weitgereist.de\/wp-content\/uploads\/2022\/12\/1000030741-1200x900.jpg 1200w, https:\/\/familie-weitgereist.de\/wp-content\/uploads\/2022\/12\/1000030741-1980x1485.jpg 1980w, https:\/\/familie-weitgereist.de\/wp-content\/uploads\/2022\/12\/1000030741-150x113.jpg 150w\" sizes=\"auto, (max-width: 1024px) 100vw, 1024px\" \/><\/figure>\n\n\n\n<p>Wir schlenderten durch mehrere Parks mit Spielpl\u00e4tzen und Workout Stationen. Die Innenstadt war weihnachtlich geschm\u00fcckt.<\/p>\n\n\n\n<figure class=\"wp-block-image size-large\"><img loading=\"lazy\" decoding=\"async\" width=\"1024\" height=\"768\" src=\"https:\/\/familie-weitgereist.de\/wp-content\/uploads\/2022\/12\/1000030733-1024x768.jpg\" alt=\"\" class=\"wp-image-24257\" srcset=\"https:\/\/familie-weitgereist.de\/wp-content\/uploads\/2022\/12\/1000030733-1024x768.jpg 1024w, https:\/\/familie-weitgereist.de\/wp-content\/uploads\/2022\/12\/1000030733-300x225.jpg 300w, https:\/\/familie-weitgereist.de\/wp-content\/uploads\/2022\/12\/1000030733-768x576.jpg 768w, https:\/\/familie-weitgereist.de\/wp-content\/uploads\/2022\/12\/1000030733-1536x1152.jpg 1536w, https:\/\/familie-weitgereist.de\/wp-content\/uploads\/2022\/12\/1000030733-2048x1536.jpg 2048w, https:\/\/familie-weitgereist.de\/wp-content\/uploads\/2022\/12\/1000030733-1200x900.jpg 1200w, https:\/\/familie-weitgereist.de\/wp-content\/uploads\/2022\/12\/1000030733-1980x1485.jpg 1980w, https:\/\/familie-weitgereist.de\/wp-content\/uploads\/2022\/12\/1000030733-150x113.jpg 150w\" sizes=\"auto, (max-width: 1024px) 100vw, 1024px\" \/><figcaption class=\"wp-element-caption\">Parque Juan Pablo<\/figcaption><\/figure>\n\n\n\n<h2 class=\"wp-block-heading\" id=\"zujar\">Ba\u00f1os de Z\u00fajar <\/h2>\n\n\n\n<p>In <strong>Z\u00fajar<\/strong>, in der N\u00e4he von Granada in Andalusien gibt es eine <strong>nat\u00fcrlich vorkommende hei\u00dfe Quelle<\/strong>. Ein kleiner See in wundersch\u00f6ner Landschaft, inmitten von kleineren Bergen, hat eine angenehme Temperatur von <strong>37\u00b0C<\/strong>. Das <strong>Naturthermalbad befindet sich am Stausee<\/strong> <strong>von<\/strong> <strong>Negret\u00edn<\/strong>. Besonders im Winter ist es eine Wohltat sich im warmen Wasser aufzuw\u00e4rmen. Als wir im Dezember dort waren, war es am Tag angenehm warm, in der Nacht fiel das Thermometer auf -1\u00b0C.<\/p>\n\n\n\n<figure class=\"wp-block-image size-large\"><img loading=\"lazy\" decoding=\"async\" width=\"1024\" height=\"768\" src=\"https:\/\/familie-weitgereist.de\/wp-content\/uploads\/2022\/12\/IMG_20221229_130747-1-1024x768.jpg\" alt=\"\" class=\"wp-image-12478\" srcset=\"https:\/\/familie-weitgereist.de\/wp-content\/uploads\/2022\/12\/IMG_20221229_130747-1-1024x768.jpg 1024w, https:\/\/familie-weitgereist.de\/wp-content\/uploads\/2022\/12\/IMG_20221229_130747-1-300x225.jpg 300w, https:\/\/familie-weitgereist.de\/wp-content\/uploads\/2022\/12\/IMG_20221229_130747-1-768x576.jpg 768w, https:\/\/familie-weitgereist.de\/wp-content\/uploads\/2022\/12\/IMG_20221229_130747-1-1536x1152.jpg 1536w, https:\/\/familie-weitgereist.de\/wp-content\/uploads\/2022\/12\/IMG_20221229_130747-1-2048x1536.jpg 2048w, https:\/\/familie-weitgereist.de\/wp-content\/uploads\/2022\/12\/IMG_20221229_130747-1-1200x900.jpg 1200w, https:\/\/familie-weitgereist.de\/wp-content\/uploads\/2022\/12\/IMG_20221229_130747-1-1980x1485.jpg 1980w, https:\/\/familie-weitgereist.de\/wp-content\/uploads\/2022\/12\/IMG_20221229_130747-1-150x113.jpg 150w\" sizes=\"auto, (max-width: 1024px) 100vw, 1024px\" \/><figcaption class=\"wp-element-caption\">Stausee Negret\u00edn<\/figcaption><\/figure>\n\n\n\n<p>Das Wasser ist schwefelhaltig und soll eine <strong>gesundheitsf\u00f6rderliche Wirkung<\/strong> bei Rheuma und Verdauungsbeschwerden haben und es soll gut f\u00fcr die Haut sein.<\/p>\n\n\n\n<div id=\"wp-block-themeisle-blocks-slider-faf60f2f\" class=\"wp-block-themeisle-blocks-slider glide\" data-per-view=\"1\" data-gap=\"0\" data-peek=\"0\" data-autoplay=\"true\" data-height=\"400px\" data-hide-arrows=\"false\"><div class=\"glide__track\" data-glide-el=\"track\"><div class=\"glide__slides\"><div class=\"wp-block-themeisle-blocks-slider-item-wrapper glide__slide\" tabindex=\"0\"><figure><img decoding=\"async\" class=\"wp-block-themeisle-blocks-slider-item\" src=\"https:\/\/familie-weitgereist.de\/wp-content\/uploads\/2022\/12\/IMG_20221229_103333-scaled.jpg\" alt=\"\" title=\"\" data-id=\"12481\"\/><\/figure><\/div><div class=\"wp-block-themeisle-blocks-slider-item-wrapper glide__slide\" tabindex=\"0\"><figure><img decoding=\"async\" class=\"wp-block-themeisle-blocks-slider-item\" src=\"https:\/\/familie-weitgereist.de\/wp-content\/uploads\/2022\/12\/IMG_20221228_164344-scaled.jpg\" alt=\"\" title=\"\" data-id=\"12483\"\/><\/figure><\/div><div class=\"wp-block-themeisle-blocks-slider-item-wrapper glide__slide\" tabindex=\"0\"><figure><img decoding=\"async\" class=\"wp-block-themeisle-blocks-slider-item\" src=\"https:\/\/familie-weitgereist.de\/wp-content\/uploads\/2022\/12\/IMG_20221228_163613-scaled.jpg\" alt=\"\" title=\"\" data-id=\"12484\"\/><\/figure><\/div><\/div><div class=\"glide__bullets\" data-glide-el=\"controls[nav]\"><button class=\"glide__bullet\" data-glide-dir=\"=0\"><\/button><button class=\"glide__bullet\" data-glide-dir=\"=1\"><\/button><button class=\"glide__bullet\" data-glide-dir=\"=2\"><\/button><\/div><\/div><\/div>\n\n\n\n<p><strong>Das Baden in dem kleinen See ist gratis. <\/strong>Wir parkten unseren Camper oberhalb des Sees und liefen einen steilen Weg hinunter. Das Wasser sahen wir schon von Weitem dampfen und freuten uns auf die angenehme W\u00e4rme.<\/p>\n\n\n\n<figure class=\"wp-block-image size-large\"><img loading=\"lazy\" decoding=\"async\" width=\"1024\" height=\"768\" src=\"https:\/\/familie-weitgereist.de\/wp-content\/uploads\/2022\/12\/IMG_20221229_102838-1024x768.jpg\" alt=\"\" class=\"wp-image-12475\" srcset=\"https:\/\/familie-weitgereist.de\/wp-content\/uploads\/2022\/12\/IMG_20221229_102838-1024x768.jpg 1024w, https:\/\/familie-weitgereist.de\/wp-content\/uploads\/2022\/12\/IMG_20221229_102838-300x225.jpg 300w, https:\/\/familie-weitgereist.de\/wp-content\/uploads\/2022\/12\/IMG_20221229_102838-768x576.jpg 768w, https:\/\/familie-weitgereist.de\/wp-content\/uploads\/2022\/12\/IMG_20221229_102838-1536x1152.jpg 1536w, https:\/\/familie-weitgereist.de\/wp-content\/uploads\/2022\/12\/IMG_20221229_102838-2048x1536.jpg 2048w, https:\/\/familie-weitgereist.de\/wp-content\/uploads\/2022\/12\/IMG_20221229_102838-1200x900.jpg 1200w, https:\/\/familie-weitgereist.de\/wp-content\/uploads\/2022\/12\/IMG_20221229_102838-1980x1485.jpg 1980w, https:\/\/familie-weitgereist.de\/wp-content\/uploads\/2022\/12\/IMG_20221229_102838-150x113.jpg 150w\" sizes=\"auto, (max-width: 1024px) 100vw, 1024px\" \/><\/figure>\n\n\n\n<h2 class=\"wp-block-heading\" id=\"benalmadena\">Benalm\u00e1dena<\/h2>\n\n\n\n<p>Der K\u00fcstenort Benalmadena ist bekannt f\u00fcr seine lange Strandpromenade, das Castillo de Colomares und seine Seilbahn in die Berge. Wir haben einen ausgiebigen Strandspaziergang genossen. Es gibt immer wieder Spielpl\u00e4tze direkt am Strand und Fitnessstationen.<\/p>\n\n\n\n<figure class=\"wp-block-image size-large\"><img loading=\"lazy\" decoding=\"async\" width=\"1024\" height=\"768\" src=\"https:\/\/familie-weitgereist.de\/wp-content\/uploads\/2022\/12\/1000030629-1024x768.jpg\" alt=\"\" class=\"wp-image-24247\" srcset=\"https:\/\/familie-weitgereist.de\/wp-content\/uploads\/2022\/12\/1000030629-1024x768.jpg 1024w, https:\/\/familie-weitgereist.de\/wp-content\/uploads\/2022\/12\/1000030629-300x225.jpg 300w, https:\/\/familie-weitgereist.de\/wp-content\/uploads\/2022\/12\/1000030629-768x576.jpg 768w, https:\/\/familie-weitgereist.de\/wp-content\/uploads\/2022\/12\/1000030629-1536x1152.jpg 1536w, https:\/\/familie-weitgereist.de\/wp-content\/uploads\/2022\/12\/1000030629-2048x1536.jpg 2048w, https:\/\/familie-weitgereist.de\/wp-content\/uploads\/2022\/12\/1000030629-1200x900.jpg 1200w, https:\/\/familie-weitgereist.de\/wp-content\/uploads\/2022\/12\/1000030629-1980x1485.jpg 1980w, https:\/\/familie-weitgereist.de\/wp-content\/uploads\/2022\/12\/1000030629-150x113.jpg 150w\" sizes=\"auto, (max-width: 1024px) 100vw, 1024px\" \/><\/figure>\n\n\n\n<p>Unweit von Benalm\u00e1dena, liegt das kleine Schloss Colomares. Das <strong>Castillo de Colomares<\/strong> wurde zwischen 1987 und 1994 von Esteban Mart\u00edn y Mart\u00edn errichtet. Es ist ein Denkmal an Christoph Kolumbus, die Seefahrer, die Seefahrt und die spanischsprachige Welt.<\/p>\n\n\n\n<figure class=\"wp-block-image size-large\"><img loading=\"lazy\" decoding=\"async\" width=\"1024\" height=\"768\" src=\"https:\/\/familie-weitgereist.de\/wp-content\/uploads\/2022\/12\/1000031915-1024x768.jpg\" alt=\"\" class=\"wp-image-24341\" srcset=\"https:\/\/familie-weitgereist.de\/wp-content\/uploads\/2022\/12\/1000031915-1024x768.jpg 1024w, https:\/\/familie-weitgereist.de\/wp-content\/uploads\/2022\/12\/1000031915-300x225.jpg 300w, https:\/\/familie-weitgereist.de\/wp-content\/uploads\/2022\/12\/1000031915-768x576.jpg 768w, https:\/\/familie-weitgereist.de\/wp-content\/uploads\/2022\/12\/1000031915-1536x1152.jpg 1536w, https:\/\/familie-weitgereist.de\/wp-content\/uploads\/2022\/12\/1000031915-2048x1536.jpg 2048w, https:\/\/familie-weitgereist.de\/wp-content\/uploads\/2022\/12\/1000031915-1200x900.jpg 1200w, https:\/\/familie-weitgereist.de\/wp-content\/uploads\/2022\/12\/1000031915-1980x1485.jpg 1980w, https:\/\/familie-weitgereist.de\/wp-content\/uploads\/2022\/12\/1000031915-150x113.jpg 150w\" sizes=\"auto, (max-width: 1024px) 100vw, 1024px\" \/><\/figure>\n\n\n\n<p>Verschiedene Baustile und unwahrscheinlich reichhaltige Details, lie\u00dfen uns eine lange Zeit verweilen. Es gibt wirklich viel zu entdecken. Im Schloss wurden auch zwei Schiffe verbaut, die an die Seefahrt erinnern. <\/p>\n\n\n\n<figure class=\"wp-block-image size-large\"><img loading=\"lazy\" decoding=\"async\" width=\"768\" height=\"1024\" src=\"https:\/\/familie-weitgereist.de\/wp-content\/uploads\/2022\/12\/1000031937-768x1024.jpg\" alt=\"\" class=\"wp-image-24342\" srcset=\"https:\/\/familie-weitgereist.de\/wp-content\/uploads\/2022\/12\/1000031937-768x1024.jpg 768w, https:\/\/familie-weitgereist.de\/wp-content\/uploads\/2022\/12\/1000031937-225x300.jpg 225w, https:\/\/familie-weitgereist.de\/wp-content\/uploads\/2022\/12\/1000031937-1152x1536.jpg 1152w, https:\/\/familie-weitgereist.de\/wp-content\/uploads\/2022\/12\/1000031937-1536x2048.jpg 1536w, https:\/\/familie-weitgereist.de\/wp-content\/uploads\/2022\/12\/1000031937-1200x1600.jpg 1200w, https:\/\/familie-weitgereist.de\/wp-content\/uploads\/2022\/12\/1000031937-1980x2640.jpg 1980w, https:\/\/familie-weitgereist.de\/wp-content\/uploads\/2022\/12\/1000031937-640x853.jpg 640w, https:\/\/familie-weitgereist.de\/wp-content\/uploads\/2022\/12\/1000031937-150x200.jpg 150w, https:\/\/familie-weitgereist.de\/wp-content\/uploads\/2022\/12\/1000031937-scaled.jpg 1920w\" sizes=\"auto, (max-width: 768px) 100vw, 768px\" \/><\/figure>\n\n\n\n<p>Ein Schlossgarten und ein Schlosscaf\u00e9 laden zum Bleiben ein.<\/p>\n\n\n\n<h2 class=\"wp-block-heading\">C\u00e1diz<\/h2>\n\n\n\n<p>C\u00e1diz ist eine Stadt am Atlantik mit fast 110.000 Einwohnern. Uns hat die Altstadt von C\u00e1diz sehr gut gefallen. Es gibt viele kleine Altstadtg\u00e4sschen mit kleinen Caf\u00e9s und Restaurants. Die Stadtparks sind auch sehr sch\u00f6n. Anfang Januar war die Stadt noch sch\u00f6n weihnachtlich geschm\u00fcckt.<\/p>\n\n\n\n<figure class=\"wp-block-image size-large\"><img loading=\"lazy\" decoding=\"async\" width=\"768\" height=\"1024\" src=\"https:\/\/familie-weitgereist.de\/wp-content\/uploads\/2022\/12\/1000032035-768x1024.jpg\" alt=\"\" class=\"wp-image-24349\" srcset=\"https:\/\/familie-weitgereist.de\/wp-content\/uploads\/2022\/12\/1000032035-768x1024.jpg 768w, https:\/\/familie-weitgereist.de\/wp-content\/uploads\/2022\/12\/1000032035-225x300.jpg 225w, https:\/\/familie-weitgereist.de\/wp-content\/uploads\/2022\/12\/1000032035-1152x1536.jpg 1152w, https:\/\/familie-weitgereist.de\/wp-content\/uploads\/2022\/12\/1000032035-1536x2048.jpg 1536w, https:\/\/familie-weitgereist.de\/wp-content\/uploads\/2022\/12\/1000032035-1200x1600.jpg 1200w, https:\/\/familie-weitgereist.de\/wp-content\/uploads\/2022\/12\/1000032035-1980x2640.jpg 1980w, https:\/\/familie-weitgereist.de\/wp-content\/uploads\/2022\/12\/1000032035-640x853.jpg 640w, https:\/\/familie-weitgereist.de\/wp-content\/uploads\/2022\/12\/1000032035-150x200.jpg 150w, https:\/\/familie-weitgereist.de\/wp-content\/uploads\/2022\/12\/1000032035-scaled.jpg 1920w\" sizes=\"auto, (max-width: 768px) 100vw, 768px\" \/><\/figure>\n\n\n\n<p>Wir starteten unseren Tag im <strong>Parque Genov\u00e9s<\/strong>. Im Park gibt es einen tollen Spielplatz mit gro\u00dfer Rutsche, Karussell, Kletterm\u00f6glichkeiten und Schaukeln.<\/p>\n\n\n\n<figure class=\"wp-block-image size-large\"><img loading=\"lazy\" decoding=\"async\" width=\"1024\" height=\"768\" src=\"https:\/\/familie-weitgereist.de\/wp-content\/uploads\/2022\/12\/1000031999-1-1024x768.jpg\" alt=\"\" class=\"wp-image-24346\" srcset=\"https:\/\/familie-weitgereist.de\/wp-content\/uploads\/2022\/12\/1000031999-1-1024x768.jpg 1024w, https:\/\/familie-weitgereist.de\/wp-content\/uploads\/2022\/12\/1000031999-1-300x225.jpg 300w, https:\/\/familie-weitgereist.de\/wp-content\/uploads\/2022\/12\/1000031999-1-768x576.jpg 768w, https:\/\/familie-weitgereist.de\/wp-content\/uploads\/2022\/12\/1000031999-1-1536x1152.jpg 1536w, https:\/\/familie-weitgereist.de\/wp-content\/uploads\/2022\/12\/1000031999-1-2048x1536.jpg 2048w, https:\/\/familie-weitgereist.de\/wp-content\/uploads\/2022\/12\/1000031999-1-1200x900.jpg 1200w, https:\/\/familie-weitgereist.de\/wp-content\/uploads\/2022\/12\/1000031999-1-1980x1485.jpg 1980w, https:\/\/familie-weitgereist.de\/wp-content\/uploads\/2022\/12\/1000031999-1-150x113.jpg 150w\" sizes=\"auto, (max-width: 1024px) 100vw, 1024px\" \/><\/figure>\n\n\n\n<p>Der Park ist sehr sch\u00f6n, mit Spielplatz, Caf\u00e9 und einem Wasserfall mit Tunnel. Zwei Routen f\u00fchren durch den Park, die die besonderen Pflanzen erkl\u00e4ren. Die Aussicht auf den Atlantik ist sehr sch\u00f6n!<\/p>\n\n\n\n<figure class=\"wp-block-image size-large\"><img loading=\"lazy\" decoding=\"async\" width=\"1024\" height=\"768\" src=\"https:\/\/familie-weitgereist.de\/wp-content\/uploads\/2022\/12\/1000032015-1024x768.jpg\" alt=\"\" class=\"wp-image-24347\" srcset=\"https:\/\/familie-weitgereist.de\/wp-content\/uploads\/2022\/12\/1000032015-1024x768.jpg 1024w, https:\/\/familie-weitgereist.de\/wp-content\/uploads\/2022\/12\/1000032015-300x225.jpg 300w, https:\/\/familie-weitgereist.de\/wp-content\/uploads\/2022\/12\/1000032015-768x576.jpg 768w, https:\/\/familie-weitgereist.de\/wp-content\/uploads\/2022\/12\/1000032015-1536x1152.jpg 1536w, https:\/\/familie-weitgereist.de\/wp-content\/uploads\/2022\/12\/1000032015-2048x1536.jpg 2048w, https:\/\/familie-weitgereist.de\/wp-content\/uploads\/2022\/12\/1000032015-1200x900.jpg 1200w, https:\/\/familie-weitgereist.de\/wp-content\/uploads\/2022\/12\/1000032015-1980x1485.jpg 1980w, https:\/\/familie-weitgereist.de\/wp-content\/uploads\/2022\/12\/1000032015-150x113.jpg 150w\" sizes=\"auto, (max-width: 1024px) 100vw, 1024px\" \/><\/figure>\n\n\n\n<p>Bei unserem Bummel durch die Altstadt liefen wir auf einer ehemaligen Festungsmauer entlang mit ausgestellten Kanonen.<\/p>\n\n\n\n<figure class=\"wp-block-image size-large\"><img loading=\"lazy\" decoding=\"async\" width=\"1024\" height=\"768\" src=\"https:\/\/familie-weitgereist.de\/wp-content\/uploads\/2022\/12\/1000032056-1024x768.jpg\" alt=\"\" class=\"wp-image-24348\" srcset=\"https:\/\/familie-weitgereist.de\/wp-content\/uploads\/2022\/12\/1000032056-1024x768.jpg 1024w, https:\/\/familie-weitgereist.de\/wp-content\/uploads\/2022\/12\/1000032056-300x225.jpg 300w, https:\/\/familie-weitgereist.de\/wp-content\/uploads\/2022\/12\/1000032056-768x576.jpg 768w, https:\/\/familie-weitgereist.de\/wp-content\/uploads\/2022\/12\/1000032056-1536x1152.jpg 1536w, https:\/\/familie-weitgereist.de\/wp-content\/uploads\/2022\/12\/1000032056-2048x1536.jpg 2048w, https:\/\/familie-weitgereist.de\/wp-content\/uploads\/2022\/12\/1000032056-1200x900.jpg 1200w, https:\/\/familie-weitgereist.de\/wp-content\/uploads\/2022\/12\/1000032056-1980x1485.jpg 1980w, https:\/\/familie-weitgereist.de\/wp-content\/uploads\/2022\/12\/1000032056-150x113.jpg 150w\" sizes=\"auto, (max-width: 1024px) 100vw, 1024px\" \/><\/figure>\n\n\n\n<p>In dem kleinen Ort <strong>Barriada R\u00edo San Pedro<\/strong>, direkt vor C\u00e1diz, gibt es einen sch\u00f6nen, gro\u00dfen Park mit Spielplatz. Wir sind am Fluss entlang gelaufen, haben auf das Meer geschaut und hatten eine tolle Zeit.<\/p>\n\n\n\n<figure class=\"wp-block-image size-large\"><img loading=\"lazy\" decoding=\"async\" width=\"1024\" height=\"768\" src=\"https:\/\/familie-weitgereist.de\/wp-content\/uploads\/2022\/12\/1000032130-1-1024x768.jpg\" alt=\"\" class=\"wp-image-24355\" srcset=\"https:\/\/familie-weitgereist.de\/wp-content\/uploads\/2022\/12\/1000032130-1-1024x768.jpg 1024w, https:\/\/familie-weitgereist.de\/wp-content\/uploads\/2022\/12\/1000032130-1-300x225.jpg 300w, https:\/\/familie-weitgereist.de\/wp-content\/uploads\/2022\/12\/1000032130-1-768x576.jpg 768w, https:\/\/familie-weitgereist.de\/wp-content\/uploads\/2022\/12\/1000032130-1-1536x1152.jpg 1536w, https:\/\/familie-weitgereist.de\/wp-content\/uploads\/2022\/12\/1000032130-1-2048x1536.jpg 2048w, https:\/\/familie-weitgereist.de\/wp-content\/uploads\/2022\/12\/1000032130-1-1200x900.jpg 1200w, https:\/\/familie-weitgereist.de\/wp-content\/uploads\/2022\/12\/1000032130-1-1980x1485.jpg 1980w, https:\/\/familie-weitgereist.de\/wp-content\/uploads\/2022\/12\/1000032130-1-150x113.jpg 150w\" sizes=\"auto, (max-width: 1024px) 100vw, 1024px\" \/><\/figure>\n\n\n\n<h2 class=\"wp-block-heading\" id=\"frigiliana\">Frigiliana <\/h2>\n\n\n\n<p>Das kleine Bergdorf mit ca. 3000  liegt ca. 7 km von der Mittelmeerk\u00fcste entfernt in den andalusischen Bergen. Alle H\u00e4user sind in wei\u00df gestrichen und es ist ein Vergn\u00fcgen durch die schmalen Gassen zu schlendern. Die H\u00e4user sind mit bunten Blumenk\u00e4sten dekoriert, wof\u00fcr die Region bekannt ist. Der Blick auf das Meer offenbart sich hinter fast jedem Haus.<\/p>\n\n\n\n<p><strong>Frigiliana erhielt mehrmals die Auszeichnung &#8222;Sch\u00f6nstes Dorf Andalusiens&#8220;. <\/strong><\/p>\n\n\n\n<div id=\"wp-block-themeisle-blocks-slider-63de2b0d\" class=\"wp-block-themeisle-blocks-slider glide\" data-per-view=\"1\" data-gap=\"0\" data-peek=\"0\" data-autoplay=\"true\" data-height=\"400px\" data-hide-arrows=\"false\"><div class=\"glide__track\" data-glide-el=\"track\"><div class=\"glide__slides\"><div class=\"wp-block-themeisle-blocks-slider-item-wrapper glide__slide\" tabindex=\"0\"><figure><img decoding=\"async\" class=\"wp-block-themeisle-blocks-slider-item\" src=\"https:\/\/familie-weitgereist.de\/wp-content\/uploads\/2023\/04\/IMG_20230409_151627-scaled.jpg\" alt=\"\" title=\"\" data-id=\"13811\"\/><\/figure><\/div><div class=\"wp-block-themeisle-blocks-slider-item-wrapper glide__slide\" tabindex=\"0\"><figure><img decoding=\"async\" class=\"wp-block-themeisle-blocks-slider-item\" src=\"https:\/\/familie-weitgereist.de\/wp-content\/uploads\/2023\/04\/IMG_20230409_151158-scaled.jpg\" alt=\"\" title=\"\" data-id=\"13813\"\/><\/figure><\/div><div class=\"wp-block-themeisle-blocks-slider-item-wrapper glide__slide\" tabindex=\"0\"><figure><img decoding=\"async\" class=\"wp-block-themeisle-blocks-slider-item\" src=\"https:\/\/familie-weitgereist.de\/wp-content\/uploads\/2023\/04\/IMG_20230409_150628-scaled.jpg\" alt=\"\" title=\"\" data-id=\"13814\"\/><\/figure><\/div><div class=\"wp-block-themeisle-blocks-slider-item-wrapper glide__slide\" tabindex=\"0\"><figure><img decoding=\"async\" class=\"wp-block-themeisle-blocks-slider-item\" src=\"https:\/\/familie-weitgereist.de\/wp-content\/uploads\/2023\/04\/IMG_20230409_145949-scaled.jpg\" alt=\"\" title=\"\" data-id=\"13815\"\/><\/figure><\/div><\/div><div class=\"glide__bullets\" data-glide-el=\"controls[nav]\"><button class=\"glide__bullet\" data-glide-dir=\"=0\"><\/button><button class=\"glide__bullet\" data-glide-dir=\"=1\"><\/button><button class=\"glide__bullet\" data-glide-dir=\"=2\"><\/button><button class=\"glide__bullet\" data-glide-dir=\"=3\"><\/button><\/div><\/div><\/div>\n\n\n\n<p>Es gibt viele tolle Caf\u00e9s in dem kleinen Ort. Wir haben leckere Churros mit Schokolade gegessen, eine spanische Geb\u00e4ckspezialit\u00e4t, und Caf\u00e9 getrunken. <\/p>\n\n\n\n<figure class=\"wp-block-image size-large\"><img loading=\"lazy\" decoding=\"async\" width=\"1024\" height=\"768\" src=\"https:\/\/familie-weitgereist.de\/wp-content\/uploads\/2023\/04\/IMG_20230409_155348-1024x768.jpg\" alt=\"\" class=\"wp-image-13817\" srcset=\"https:\/\/familie-weitgereist.de\/wp-content\/uploads\/2023\/04\/IMG_20230409_155348-1024x768.jpg 1024w, https:\/\/familie-weitgereist.de\/wp-content\/uploads\/2023\/04\/IMG_20230409_155348-300x225.jpg 300w, https:\/\/familie-weitgereist.de\/wp-content\/uploads\/2023\/04\/IMG_20230409_155348-768x576.jpg 768w, https:\/\/familie-weitgereist.de\/wp-content\/uploads\/2023\/04\/IMG_20230409_155348-1536x1152.jpg 1536w, https:\/\/familie-weitgereist.de\/wp-content\/uploads\/2023\/04\/IMG_20230409_155348-2048x1536.jpg 2048w, https:\/\/familie-weitgereist.de\/wp-content\/uploads\/2023\/04\/IMG_20230409_155348-1200x900.jpg 1200w, https:\/\/familie-weitgereist.de\/wp-content\/uploads\/2023\/04\/IMG_20230409_155348-1980x1485.jpg 1980w, https:\/\/familie-weitgereist.de\/wp-content\/uploads\/2023\/04\/IMG_20230409_155348-150x113.jpg 150w\" sizes=\"auto, (max-width: 1024px) 100vw, 1024px\" \/><\/figure>\n\n\n\n<p>Besonders sch\u00f6n ist der Weitblick auf das Meer und den Ort.<\/p>\n\n\n\n<div id=\"wp-block-themeisle-blocks-slider-07c5cc57\" class=\"wp-block-themeisle-blocks-slider glide\" data-per-view=\"1\" data-gap=\"0\" data-peek=\"0\" data-autoplay=\"true\" data-height=\"400px\" data-hide-arrows=\"false\"><div class=\"glide__track\" data-glide-el=\"track\"><div class=\"glide__slides\"><div class=\"wp-block-themeisle-blocks-slider-item-wrapper glide__slide\" tabindex=\"0\"><figure><img decoding=\"async\" class=\"wp-block-themeisle-blocks-slider-item\" src=\"https:\/\/familie-weitgereist.de\/wp-content\/uploads\/2023\/04\/IMG_20230409_151941-scaled.jpg\" alt=\"\" title=\"\" data-id=\"13819\"\/><\/figure><\/div><div class=\"wp-block-themeisle-blocks-slider-item-wrapper glide__slide\" tabindex=\"0\"><figure><img decoding=\"async\" class=\"wp-block-themeisle-blocks-slider-item\" src=\"https:\/\/familie-weitgereist.de\/wp-content\/uploads\/2023\/04\/IMG_20230409_151935-scaled.jpg\" alt=\"\" title=\"\" data-id=\"13821\"\/><\/figure><\/div><div class=\"wp-block-themeisle-blocks-slider-item-wrapper glide__slide\" tabindex=\"0\"><figure><img decoding=\"async\" class=\"wp-block-themeisle-blocks-slider-item\" src=\"https:\/\/familie-weitgereist.de\/wp-content\/uploads\/2023\/04\/IMG_20230409_151758-scaled.jpg\" alt=\"\" title=\"\" data-id=\"13822\"\/><\/figure><\/div><\/div><div class=\"glide__bullets\" data-glide-el=\"controls[nav]\"><button class=\"glide__bullet\" data-glide-dir=\"=0\"><\/button><button class=\"glide__bullet\" data-glide-dir=\"=1\"><\/button><button class=\"glide__bullet\" data-glide-dir=\"=2\"><\/button><\/div><\/div><\/div>\n\n\n\n<p>Einen sch\u00f6nen Spielplatz gibt es in Frigiliana auch. <\/p>\n\n\n\n<figure class=\"wp-block-image size-large\"><img loading=\"lazy\" decoding=\"async\" width=\"1024\" height=\"768\" src=\"https:\/\/familie-weitgereist.de\/wp-content\/uploads\/2023\/04\/IMG_20230409_163226-1024x768.jpg\" alt=\"\" class=\"wp-image-13827\" srcset=\"https:\/\/familie-weitgereist.de\/wp-content\/uploads\/2023\/04\/IMG_20230409_163226-1024x768.jpg 1024w, https:\/\/familie-weitgereist.de\/wp-content\/uploads\/2023\/04\/IMG_20230409_163226-300x225.jpg 300w, https:\/\/familie-weitgereist.de\/wp-content\/uploads\/2023\/04\/IMG_20230409_163226-768x576.jpg 768w, https:\/\/familie-weitgereist.de\/wp-content\/uploads\/2023\/04\/IMG_20230409_163226-1536x1152.jpg 1536w, https:\/\/familie-weitgereist.de\/wp-content\/uploads\/2023\/04\/IMG_20230409_163226-2048x1536.jpg 2048w, https:\/\/familie-weitgereist.de\/wp-content\/uploads\/2023\/04\/IMG_20230409_163226-1200x900.jpg 1200w, https:\/\/familie-weitgereist.de\/wp-content\/uploads\/2023\/04\/IMG_20230409_163226-1980x1485.jpg 1980w, https:\/\/familie-weitgereist.de\/wp-content\/uploads\/2023\/04\/IMG_20230409_163226-150x113.jpg 150w\" sizes=\"auto, (max-width: 1024px) 100vw, 1024px\" \/><figcaption class=\"wp-element-caption\">Spielplatz in Frigiliana <\/figcaption><\/figure>\n\n\n\n<h2 class=\"wp-block-heading\" id=\"fuengirola\">Fuengirola<\/h2>\n\n\n\n<p>Fuengirola liegt direkt an der <strong>Costa del Sol<\/strong>. In Fuengirola gibt es eine lange Strandpromenade und sehr viele Spielpl\u00e4tze. Die Spielpl\u00e4tze sind wundersch\u00f6n und speziell. Ein Kinderparadies.<\/p>\n\n\n\n<div id=\"wp-block-themeisle-blocks-slider-ec3e19f9\" class=\"wp-block-themeisle-blocks-slider glide\" data-per-view=\"1\" data-gap=\"0\" data-peek=\"0\" data-autoplay=\"true\" data-height=\"400px\" data-hide-arrows=\"false\"><div class=\"glide__track\" data-glide-el=\"track\"><div class=\"glide__slides\"><div class=\"wp-block-themeisle-blocks-slider-item-wrapper glide__slide\" tabindex=\"0\"><figure><img decoding=\"async\" class=\"wp-block-themeisle-blocks-slider-item\" src=\"https:\/\/familie-weitgereist.de\/wp-content\/uploads\/2022\/12\/1000030517-scaled.jpg\" alt=\"\" title=\"\" data-id=\"24249\"\/><\/figure><\/div><div class=\"wp-block-themeisle-blocks-slider-item-wrapper glide__slide\" tabindex=\"0\"><figure><img decoding=\"async\" class=\"wp-block-themeisle-blocks-slider-item\" src=\"https:\/\/familie-weitgereist.de\/wp-content\/uploads\/2022\/12\/1000030483-scaled.jpg\" alt=\"\" title=\"\" data-id=\"24248\"\/><\/figure><\/div><\/div><div class=\"glide__bullets\" data-glide-el=\"controls[nav]\"><button class=\"glide__bullet\" data-glide-dir=\"=0\"><\/button><button class=\"glide__bullet\" data-glide-dir=\"=1\"><\/button><\/div><\/div><\/div>\n\n\n\n<h2 class=\"wp-block-heading\" id=\"huelva\">Huelva &#8211; Botanischer Garten<\/h2>\n\n\n\n<p>Huelva ist der Ort in S\u00fcdspanien, von dem aus die F\u00e4hren auf die kanarischen Inseln fahren. Wir waren daher schon relativ h\u00e4ufig in Huelva, jedoch haupts\u00e4chlich zum Transit.<\/p>\n\n\n\n<figure class=\"wp-block-image size-large\"><img loading=\"lazy\" decoding=\"async\" width=\"1024\" height=\"768\" src=\"https:\/\/familie-weitgereist.de\/wp-content\/uploads\/2022\/12\/1000030028-1024x768.jpg\" alt=\"\" class=\"wp-image-24241\" srcset=\"https:\/\/familie-weitgereist.de\/wp-content\/uploads\/2022\/12\/1000030028-1024x768.jpg 1024w, https:\/\/familie-weitgereist.de\/wp-content\/uploads\/2022\/12\/1000030028-300x225.jpg 300w, https:\/\/familie-weitgereist.de\/wp-content\/uploads\/2022\/12\/1000030028-768x576.jpg 768w, https:\/\/familie-weitgereist.de\/wp-content\/uploads\/2022\/12\/1000030028-1536x1152.jpg 1536w, https:\/\/familie-weitgereist.de\/wp-content\/uploads\/2022\/12\/1000030028-2048x1536.jpg 2048w, https:\/\/familie-weitgereist.de\/wp-content\/uploads\/2022\/12\/1000030028-1200x900.jpg 1200w, https:\/\/familie-weitgereist.de\/wp-content\/uploads\/2022\/12\/1000030028-1980x1485.jpg 1980w, https:\/\/familie-weitgereist.de\/wp-content\/uploads\/2022\/12\/1000030028-150x113.jpg 150w\" sizes=\"auto, (max-width: 1024px) 100vw, 1024px\" \/><\/figure>\n\n\n\n<p>Als wir \u00fcber Weihnachten 2025 von Las Palmas de Gran Canaria zur\u00fcck nach Huelva kamen, haben wir uns am n\u00e4chsten Tag den <strong>botanischen Garten &#8222;Jos\u00e9 Celestino Mutis&#8220; <\/strong>angeschaut. Der Zugang zum Garten ist gratis und der Park ist weitl\u00e4ufig. Uns hat es sehr gut gefallen. Im Park stehen viele verschiedene gro\u00dfe Figuren. Zudem gibt es verschiedene botanische Kategorien, einen japanischen Bereich, viele Wasserl\u00e4ufe u.a. eine Treppe \u00fcber die das Wasser hinab l\u00e4uft und sehr viele Palmen, Kakteen und Sukkulenten.<\/p>\n\n\n\n<figure class=\"wp-block-image size-large\"><img loading=\"lazy\" decoding=\"async\" width=\"1024\" height=\"768\" src=\"https:\/\/familie-weitgereist.de\/wp-content\/uploads\/2022\/12\/1000030046-1024x768.jpg\" alt=\"\" class=\"wp-image-24242\" srcset=\"https:\/\/familie-weitgereist.de\/wp-content\/uploads\/2022\/12\/1000030046-1024x768.jpg 1024w, https:\/\/familie-weitgereist.de\/wp-content\/uploads\/2022\/12\/1000030046-300x225.jpg 300w, https:\/\/familie-weitgereist.de\/wp-content\/uploads\/2022\/12\/1000030046-768x576.jpg 768w, https:\/\/familie-weitgereist.de\/wp-content\/uploads\/2022\/12\/1000030046-1536x1152.jpg 1536w, https:\/\/familie-weitgereist.de\/wp-content\/uploads\/2022\/12\/1000030046-2048x1536.jpg 2048w, https:\/\/familie-weitgereist.de\/wp-content\/uploads\/2022\/12\/1000030046-1200x900.jpg 1200w, https:\/\/familie-weitgereist.de\/wp-content\/uploads\/2022\/12\/1000030046-1980x1485.jpg 1980w, https:\/\/familie-weitgereist.de\/wp-content\/uploads\/2022\/12\/1000030046-150x113.jpg 150w\" sizes=\"auto, (max-width: 1024px) 100vw, 1024px\" \/><\/figure>\n\n\n\n<h2 class=\"wp-block-heading\" id=\"juzcar\">J\u00fazcar, das Schlumpfendorf <\/h2>\n\n\n\n<p>In den Bergen bei Ronda liegt ein kleines 240 Einwohner z\u00e4hlendes \u00d6rtchen, welches nicht wei\u00df sondern blau angemalt ist. <\/p>\n\n\n\n<figure class=\"wp-block-image size-large\"><img loading=\"lazy\" decoding=\"async\" width=\"1024\" height=\"768\" src=\"https:\/\/familie-weitgereist.de\/wp-content\/uploads\/2023\/04\/IMG_20230403_151147-1024x768.jpg\" alt=\"\" class=\"wp-image-13782\" srcset=\"https:\/\/familie-weitgereist.de\/wp-content\/uploads\/2023\/04\/IMG_20230403_151147-1024x768.jpg 1024w, https:\/\/familie-weitgereist.de\/wp-content\/uploads\/2023\/04\/IMG_20230403_151147-300x225.jpg 300w, https:\/\/familie-weitgereist.de\/wp-content\/uploads\/2023\/04\/IMG_20230403_151147-768x576.jpg 768w, https:\/\/familie-weitgereist.de\/wp-content\/uploads\/2023\/04\/IMG_20230403_151147-1536x1152.jpg 1536w, https:\/\/familie-weitgereist.de\/wp-content\/uploads\/2023\/04\/IMG_20230403_151147-2048x1536.jpg 2048w, https:\/\/familie-weitgereist.de\/wp-content\/uploads\/2023\/04\/IMG_20230403_151147-1200x900.jpg 1200w, https:\/\/familie-weitgereist.de\/wp-content\/uploads\/2023\/04\/IMG_20230403_151147-1980x1485.jpg 1980w, https:\/\/familie-weitgereist.de\/wp-content\/uploads\/2023\/04\/IMG_20230403_151147-150x113.jpg 150w\" sizes=\"auto, (max-width: 1024px) 100vw, 1024px\" \/><\/figure>\n\n\n\n<p>J\u00fazcar geh\u00f6rte einst ebenfalls zu den wei\u00dfen D\u00f6rfern, bis sich dies 2011 \u00e4nderte. Damals diente das kleine Dorf als Kulisse f\u00fcr den Animationsfilm &#8222;Die Schl\u00fcmpfe&#8220;. F\u00fcr den Film wurden alle H\u00e4user blau angestrichen. Am Ende der Dreharbeiten wurden die Einwohner gefragt, ob die H\u00e4user ihre urspr\u00fcngliche Farbe erhalten sollen. Die Einwohner f\u00fchlten sich mit den blauen H\u00e4usern nun jedoch so wohl, dass die H\u00e4user blau blieben. Heute ist das Dorf eine kleine Touristenattraktion. Im Ort selbst gibt es eine riesige Papa Schlumpf Figur, kleine Schlumpfenh\u00e4user und einen schlumpfigen Spielplatz. Zudem sieht es einfach sch\u00f6n aus, das herrliche Blau zwischen den gr\u00fcnen Bergh\u00fcgeln. <\/p>\n\n\n\n<div id=\"wp-block-themeisle-blocks-slider-cfaf42d1\" class=\"wp-block-themeisle-blocks-slider glide\" data-per-view=\"1\" data-gap=\"0\" data-peek=\"0\" data-autoplay=\"true\" data-height=\"400px\" data-hide-arrows=\"false\"><div class=\"glide__track\" data-glide-el=\"track\"><div class=\"glide__slides\"><div class=\"wp-block-themeisle-blocks-slider-item-wrapper glide__slide\" tabindex=\"0\"><figure><img decoding=\"async\" class=\"wp-block-themeisle-blocks-slider-item\" src=\"https:\/\/familie-weitgereist.de\/wp-content\/uploads\/2023\/04\/IMG_20230403_154901-scaled.jpg\" alt=\"\" title=\"\" data-id=\"13780\"\/><\/figure><\/div><div class=\"wp-block-themeisle-blocks-slider-item-wrapper glide__slide\" tabindex=\"0\"><figure><img decoding=\"async\" class=\"wp-block-themeisle-blocks-slider-item\" src=\"https:\/\/familie-weitgereist.de\/wp-content\/uploads\/2023\/04\/IMG_20230403_152517-scaled.jpg\" alt=\"\" title=\"\" data-id=\"13781\"\/><\/figure><\/div><div class=\"wp-block-themeisle-blocks-slider-item-wrapper glide__slide\" tabindex=\"0\"><figure><img decoding=\"async\" class=\"wp-block-themeisle-blocks-slider-item\" src=\"https:\/\/familie-weitgereist.de\/wp-content\/uploads\/2023\/04\/IMG_20230403_152349-scaled.jpg\" alt=\"\" title=\"\" data-id=\"13784\"\/><\/figure><\/div><div class=\"wp-block-themeisle-blocks-slider-item-wrapper glide__slide\" tabindex=\"0\"><figure><img decoding=\"async\" class=\"wp-block-themeisle-blocks-slider-item\" src=\"https:\/\/familie-weitgereist.de\/wp-content\/uploads\/2023\/04\/IMG_20230403_151051-scaled.jpg\" alt=\"\" title=\"\" data-id=\"13785\"\/><\/figure><\/div><div class=\"wp-block-themeisle-blocks-slider-item-wrapper glide__slide\" tabindex=\"0\"><figure><img decoding=\"async\" class=\"wp-block-themeisle-blocks-slider-item\" src=\"https:\/\/familie-weitgereist.de\/wp-content\/uploads\/2023\/04\/IMG_20230403_145304-scaled.jpg\" alt=\"\" title=\"\" data-id=\"13786\"\/><\/figure><\/div><div class=\"wp-block-themeisle-blocks-slider-item-wrapper glide__slide\" tabindex=\"0\"><figure><img decoding=\"async\" class=\"wp-block-themeisle-blocks-slider-item\" src=\"https:\/\/familie-weitgereist.de\/wp-content\/uploads\/2023\/04\/IMG_20230403_143906-scaled.jpg\" alt=\"\" title=\"\" data-id=\"13788\"\/><\/figure><\/div><\/div><div class=\"glide__bullets\" data-glide-el=\"controls[nav]\"><button class=\"glide__bullet\" data-glide-dir=\"=0\"><\/button><button class=\"glide__bullet\" data-glide-dir=\"=1\"><\/button><button class=\"glide__bullet\" data-glide-dir=\"=2\"><\/button><button class=\"glide__bullet\" data-glide-dir=\"=3\"><\/button><button class=\"glide__bullet\" data-glide-dir=\"=4\"><\/button><button class=\"glide__bullet\" data-glide-dir=\"=5\"><\/button><\/div><\/div><\/div>\n\n\n\n<h2 class=\"wp-block-heading\" id=\"manilva\">Manilva <\/h2>\n\n\n\n<p>Manilva ist eine Kleinstadt mit ca. 15.500 Einwohnern in Andalusien, westlich von M\u00e1laga und direkt an der Mittelmeerk\u00fcste gelegen. Wir sch\u00e4tzten die Ruhe der Kleinstadt und verbrachten den Jahreswechsel 2022\/2023 hier. Wir verbrachten drei N\u00e4chte in einem tollen Apartmentkomplex mit Pool, den wir sogar nutzten.<\/p>\n\n\n\n<div id=\"wp-block-themeisle-blocks-slider-c3473c15\" class=\"wp-block-themeisle-blocks-slider glide\" data-per-view=\"1\" data-gap=\"0\" data-peek=\"0\" data-autoplay=\"true\" data-height=\"400px\" data-hide-arrows=\"false\"><div class=\"glide__track\" data-glide-el=\"track\"><div class=\"glide__slides\"><div class=\"wp-block-themeisle-blocks-slider-item-wrapper glide__slide\" tabindex=\"0\"><figure><img decoding=\"async\" class=\"wp-block-themeisle-blocks-slider-item\" src=\"https:\/\/familie-weitgereist.de\/wp-content\/uploads\/2023\/01\/IMG_20221231_164323-scaled.jpg\" alt=\"\" title=\"\" data-id=\"12523\"\/><\/figure><\/div><div class=\"wp-block-themeisle-blocks-slider-item-wrapper glide__slide\" tabindex=\"0\"><figure><img decoding=\"async\" class=\"wp-block-themeisle-blocks-slider-item\" src=\"https:\/\/familie-weitgereist.de\/wp-content\/uploads\/2023\/01\/IMG_20221231_145001-scaled.jpg\" alt=\"\" title=\"\" data-id=\"12525\"\/><\/figure><\/div><\/div><div class=\"glide__bullets\" data-glide-el=\"controls[nav]\"><button class=\"glide__bullet\" data-glide-dir=\"=0\"><\/button><button class=\"glide__bullet\" data-glide-dir=\"=1\"><\/button><\/div><\/div><\/div>\n\n\n\n<p>Wir schlenderten an der langen K\u00fcstenpromenade entlang und entdeckten zwei tolle Spielpl\u00e4tze. Wir entspannten am Meer, h\u00f6rten dem Wellenrauschen zu und schauten dabei zu, wie unsere beiden Jungs am Strand spielten.<\/p>\n\n\n\n<div id=\"wp-block-themeisle-blocks-slider-ce51d86e\" class=\"wp-block-themeisle-blocks-slider glide\" data-per-view=\"1\" data-gap=\"0\" data-peek=\"0\" data-autoplay=\"true\" data-height=\"400px\" data-hide-arrows=\"false\"><div class=\"glide__track\" data-glide-el=\"track\"><div class=\"glide__slides\"><div class=\"wp-block-themeisle-blocks-slider-item-wrapper glide__slide\" tabindex=\"0\"><figure><img decoding=\"async\" class=\"wp-block-themeisle-blocks-slider-item\" src=\"https:\/\/familie-weitgereist.de\/wp-content\/uploads\/2023\/01\/IMG_20230101_155411-scaled.jpg\" alt=\"\" title=\"\" data-id=\"12519\"\/><\/figure><\/div><div class=\"wp-block-themeisle-blocks-slider-item-wrapper glide__slide\" tabindex=\"0\"><figure><img decoding=\"async\" class=\"wp-block-themeisle-blocks-slider-item\" src=\"https:\/\/familie-weitgereist.de\/wp-content\/uploads\/2023\/01\/IMG_20230101_142616-scaled.jpg\" alt=\"\" title=\"\" data-id=\"12520\"\/><\/figure><\/div><div class=\"wp-block-themeisle-blocks-slider-item-wrapper glide__slide\" tabindex=\"0\"><figure><img decoding=\"async\" class=\"wp-block-themeisle-blocks-slider-item\" src=\"https:\/\/familie-weitgereist.de\/wp-content\/uploads\/2023\/01\/IMG_20230101_142115-scaled.jpg\" alt=\"\" title=\"\" data-id=\"12521\"\/><\/figure><\/div><div class=\"wp-block-themeisle-blocks-slider-item-wrapper glide__slide\" tabindex=\"0\"><figure><img decoding=\"async\" class=\"wp-block-themeisle-blocks-slider-item\" src=\"https:\/\/familie-weitgereist.de\/wp-content\/uploads\/2023\/01\/IMG_20221231_122207-scaled.jpg\" alt=\"\" title=\"\" data-id=\"12522\"\/><\/figure><\/div><\/div><div class=\"glide__bullets\" data-glide-el=\"controls[nav]\"><button class=\"glide__bullet\" data-glide-dir=\"=0\"><\/button><button class=\"glide__bullet\" data-glide-dir=\"=1\"><\/button><button class=\"glide__bullet\" data-glide-dir=\"=2\"><\/button><button class=\"glide__bullet\" data-glide-dir=\"=3\"><\/button><\/div><\/div><\/div>\n\n\n\n<h2 class=\"wp-block-heading\" id=\"nerja\">Nerja <\/h2>\n\n\n\n<p>Nerja ist eine andalusische K\u00fcstenstadt mit ca. 22.000 Einwohner. Der Ort ist bei Touristen beliebt und dementsprechend voll kann es in der Urlaubszeit werden. Direkt an der K\u00fcste befindet sich der <strong><em>Balc\u00f3n de Europa<\/em><\/strong>. Von dort konnten wir wunderbar auf das Meer schauen. <\/p>\n\n\n\n<figure class=\"wp-block-image size-large\"><img loading=\"lazy\" decoding=\"async\" width=\"1024\" height=\"768\" src=\"https:\/\/familie-weitgereist.de\/wp-content\/uploads\/2023\/04\/IMG_20230408_110918-1024x768.jpg\" alt=\"\" class=\"wp-image-13795\" srcset=\"https:\/\/familie-weitgereist.de\/wp-content\/uploads\/2023\/04\/IMG_20230408_110918-1024x768.jpg 1024w, https:\/\/familie-weitgereist.de\/wp-content\/uploads\/2023\/04\/IMG_20230408_110918-300x225.jpg 300w, https:\/\/familie-weitgereist.de\/wp-content\/uploads\/2023\/04\/IMG_20230408_110918-768x576.jpg 768w, https:\/\/familie-weitgereist.de\/wp-content\/uploads\/2023\/04\/IMG_20230408_110918-1536x1152.jpg 1536w, https:\/\/familie-weitgereist.de\/wp-content\/uploads\/2023\/04\/IMG_20230408_110918-2048x1536.jpg 2048w, https:\/\/familie-weitgereist.de\/wp-content\/uploads\/2023\/04\/IMG_20230408_110918-1200x900.jpg 1200w, https:\/\/familie-weitgereist.de\/wp-content\/uploads\/2023\/04\/IMG_20230408_110918-1980x1485.jpg 1980w, https:\/\/familie-weitgereist.de\/wp-content\/uploads\/2023\/04\/IMG_20230408_110918-150x113.jpg 150w\" sizes=\"auto, (max-width: 1024px) 100vw, 1024px\" \/><figcaption class=\"wp-element-caption\">Blick vom Balc\u00f3n de Europa <\/figcaption><\/figure>\n\n\n\n<p>Immer wieder gibt es kleinere und gr\u00f6\u00dfere Strandabschnitte. <\/p>\n\n\n\n<div id=\"wp-block-themeisle-blocks-slider-b2ecb404\" class=\"wp-block-themeisle-blocks-slider glide\" data-per-view=\"1\" data-gap=\"0\" data-peek=\"0\" data-autoplay=\"true\" data-height=\"400px\" data-hide-arrows=\"false\"><div class=\"glide__track\" data-glide-el=\"track\"><div class=\"glide__slides\"><div class=\"wp-block-themeisle-blocks-slider-item-wrapper glide__slide\" tabindex=\"0\"><figure><img decoding=\"async\" class=\"wp-block-themeisle-blocks-slider-item\" src=\"https:\/\/familie-weitgereist.de\/wp-content\/uploads\/2023\/04\/IMG_20230408_130954-1-scaled.jpg\" alt=\"\" title=\"\" data-id=\"13797\"\/><\/figure><\/div><div class=\"wp-block-themeisle-blocks-slider-item-wrapper glide__slide\" tabindex=\"0\"><figure><img decoding=\"async\" class=\"wp-block-themeisle-blocks-slider-item\" src=\"https:\/\/familie-weitgereist.de\/wp-content\/uploads\/2023\/04\/IMG_20230408_112047-scaled.jpg\" alt=\"\" title=\"\" data-id=\"13798\"\/><\/figure><\/div><\/div><div class=\"glide__bullets\" data-glide-el=\"controls[nav]\"><button class=\"glide__bullet\" data-glide-dir=\"=0\"><\/button><button class=\"glide__bullet\" data-glide-dir=\"=1\"><\/button><\/div><\/div><\/div>\n\n\n\n<h2 class=\"wp-block-heading\" id=\"cueva\">Cueva de Nerja (H\u00f6hle von Nerja) <\/h2>\n\n\n\n<p>Die H\u00f6hle von Nerja ist definitiv einen Besuch wert. Die H\u00f6hle wurde <strong>1959 zuf\u00e4llig von f\u00fcnf Einheimischen entdeckt<\/strong>, die sich auf Fledermausjagd befanden. Sie entdeckten ein Loch, welches sp\u00e4ter diesen grandiosen Fund freigab. Die H\u00f6hle hat ein <strong>hohes kulturelles Interesse<\/strong> aufgrund der <strong>H\u00f6hlenmalereien aus der Steinzeit. <\/strong>Die H\u00f6hle ist bekannt f\u00fcr den <strong>gr\u00f6\u00dften und l\u00e4ngsten Stalgtiten der Welt<\/strong>. <\/p>\n\n\n\n<figure class=\"wp-block-image size-large\"><img loading=\"lazy\" decoding=\"async\" width=\"1024\" height=\"768\" src=\"https:\/\/familie-weitgereist.de\/wp-content\/uploads\/2023\/04\/IMG_20230410_114332-1024x768.jpg\" alt=\"\" class=\"wp-image-13853\" srcset=\"https:\/\/familie-weitgereist.de\/wp-content\/uploads\/2023\/04\/IMG_20230410_114332-1024x768.jpg 1024w, https:\/\/familie-weitgereist.de\/wp-content\/uploads\/2023\/04\/IMG_20230410_114332-300x225.jpg 300w, https:\/\/familie-weitgereist.de\/wp-content\/uploads\/2023\/04\/IMG_20230410_114332-768x576.jpg 768w, https:\/\/familie-weitgereist.de\/wp-content\/uploads\/2023\/04\/IMG_20230410_114332-1536x1152.jpg 1536w, https:\/\/familie-weitgereist.de\/wp-content\/uploads\/2023\/04\/IMG_20230410_114332-2048x1536.jpg 2048w, https:\/\/familie-weitgereist.de\/wp-content\/uploads\/2023\/04\/IMG_20230410_114332-1200x900.jpg 1200w, https:\/\/familie-weitgereist.de\/wp-content\/uploads\/2023\/04\/IMG_20230410_114332-1980x1485.jpg 1980w, https:\/\/familie-weitgereist.de\/wp-content\/uploads\/2023\/04\/IMG_20230410_114332-150x113.jpg 150w\" sizes=\"auto, (max-width: 1024px) 100vw, 1024px\" \/><\/figure>\n\n\n\n<p>Die Bilder spiegeln leider \u00fcberhaupt nicht die Sch\u00f6nheit der H\u00f6hle wider. Ohne Blitz ist fotografieren erlaubt. <\/p>\n\n\n\n<figure class=\"wp-block-image size-large\"><img loading=\"lazy\" decoding=\"async\" width=\"1024\" height=\"768\" src=\"https:\/\/familie-weitgereist.de\/wp-content\/uploads\/2023\/04\/IMG_20230410_112857-1024x768.jpg\" alt=\"\" class=\"wp-image-13849\" srcset=\"https:\/\/familie-weitgereist.de\/wp-content\/uploads\/2023\/04\/IMG_20230410_112857-1024x768.jpg 1024w, https:\/\/familie-weitgereist.de\/wp-content\/uploads\/2023\/04\/IMG_20230410_112857-300x225.jpg 300w, https:\/\/familie-weitgereist.de\/wp-content\/uploads\/2023\/04\/IMG_20230410_112857-768x576.jpg 768w, https:\/\/familie-weitgereist.de\/wp-content\/uploads\/2023\/04\/IMG_20230410_112857-1536x1152.jpg 1536w, https:\/\/familie-weitgereist.de\/wp-content\/uploads\/2023\/04\/IMG_20230410_112857-2048x1536.jpg 2048w, https:\/\/familie-weitgereist.de\/wp-content\/uploads\/2023\/04\/IMG_20230410_112857-1200x900.jpg 1200w, https:\/\/familie-weitgereist.de\/wp-content\/uploads\/2023\/04\/IMG_20230410_112857-1980x1485.jpg 1980w, https:\/\/familie-weitgereist.de\/wp-content\/uploads\/2023\/04\/IMG_20230410_112857-150x113.jpg 150w\" sizes=\"auto, (max-width: 1024px) 100vw, 1024px\" \/><figcaption class=\"wp-element-caption\">Weg durch die H\u00f6hle von Nerja<\/figcaption><\/figure>\n\n\n\n<p>Erwachsene zahlen vor Ort 15\u20ac Eintritt, Kinder bis 6 Jahren d\u00fcrfen die H\u00f6hle gratis besichtigen. (<em>Stand April 2023<\/em>)<\/p>\n\n\n\n<p>Auf dem Gel\u00e4nde gibt es einen gro\u00dfen Picknickbereich und einen gro\u00dfen Spielplatz. Zudem gibt es einen Stillraum mit Wickel- und Badem\u00f6glichkeit f\u00fcr das Baby. <\/p>\n\n\n\n<div id=\"wp-block-themeisle-blocks-slider-8fa4fb63\" class=\"wp-block-themeisle-blocks-slider glide\" data-per-view=\"1\" data-gap=\"0\" data-peek=\"0\" data-autoplay=\"true\" data-height=\"400px\" data-hide-arrows=\"false\"><div class=\"glide__track\" data-glide-el=\"track\"><div class=\"glide__slides\"><div class=\"wp-block-themeisle-blocks-slider-item-wrapper glide__slide\" tabindex=\"0\"><figure><img decoding=\"async\" class=\"wp-block-themeisle-blocks-slider-item\" src=\"https:\/\/familie-weitgereist.de\/wp-content\/uploads\/2023\/04\/IMG_20230410_114904-1-scaled.jpg\" alt=\"\" title=\"\" data-id=\"13858\"\/><\/figure><\/div><div class=\"wp-block-themeisle-blocks-slider-item-wrapper glide__slide\" tabindex=\"0\"><figure><img decoding=\"async\" class=\"wp-block-themeisle-blocks-slider-item\" src=\"https:\/\/familie-weitgereist.de\/wp-content\/uploads\/2023\/04\/IMG_20230410_114824-1-scaled.jpg\" alt=\"\" title=\"\" data-id=\"13859\"\/><\/figure><\/div><\/div><div class=\"glide__bullets\" data-glide-el=\"controls[nav]\"><button class=\"glide__bullet\" data-glide-dir=\"=0\"><\/button><button class=\"glide__bullet\" data-glide-dir=\"=1\"><\/button><\/div><\/div><\/div>\n\n\n\n<h2 class=\"wp-block-heading\" id=\"olvera\">Olvera <\/h2>\n\n\n\n<p>Olvera ist ein kleiner Ort mit ca. 8000 Einwohnern an der <strong><em>Ruta de los Pueblos Blancos<\/em><\/strong> (der Stra\u00dfe der wei\u00dfen D\u00f6rfer). <\/p>\n\n\n\n<figure class=\"wp-block-image size-large\"><img loading=\"lazy\" decoding=\"async\" width=\"1024\" height=\"768\" src=\"https:\/\/familie-weitgereist.de\/wp-content\/uploads\/2023\/04\/IMG_20230401_165623-1024x768.jpg\" alt=\"\" class=\"wp-image-13705\" srcset=\"https:\/\/familie-weitgereist.de\/wp-content\/uploads\/2023\/04\/IMG_20230401_165623-1024x768.jpg 1024w, https:\/\/familie-weitgereist.de\/wp-content\/uploads\/2023\/04\/IMG_20230401_165623-300x225.jpg 300w, https:\/\/familie-weitgereist.de\/wp-content\/uploads\/2023\/04\/IMG_20230401_165623-768x576.jpg 768w, https:\/\/familie-weitgereist.de\/wp-content\/uploads\/2023\/04\/IMG_20230401_165623-1536x1152.jpg 1536w, https:\/\/familie-weitgereist.de\/wp-content\/uploads\/2023\/04\/IMG_20230401_165623-2048x1536.jpg 2048w, https:\/\/familie-weitgereist.de\/wp-content\/uploads\/2023\/04\/IMG_20230401_165623-1200x900.jpg 1200w, https:\/\/familie-weitgereist.de\/wp-content\/uploads\/2023\/04\/IMG_20230401_165623-1980x1485.jpg 1980w, https:\/\/familie-weitgereist.de\/wp-content\/uploads\/2023\/04\/IMG_20230401_165623-150x113.jpg 150w\" sizes=\"auto, (max-width: 1024px) 100vw, 1024px\" \/><figcaption class=\"wp-element-caption\">Olvera <\/figcaption><\/figure>\n\n\n\n<p>Das Highlight der Kleinstadt ist die <strong>Burgruine<\/strong> und die <strong>Kirche<\/strong> auf der h\u00f6chsten Erhebung. Um nach oben zu gelangen, schl\u00e4ngeln sich viele kleine Gassen an den wei\u00dfen H\u00e4usern entlang. <\/p>\n\n\n\n<div id=\"wp-block-themeisle-blocks-slider-ffa47758\" class=\"wp-block-themeisle-blocks-slider glide\" data-per-view=\"1\" data-gap=\"0\" data-peek=\"0\" data-autoplay=\"true\" data-height=\"400px\" data-hide-arrows=\"false\"><div class=\"glide__track\" data-glide-el=\"track\"><div class=\"glide__slides\"><div class=\"wp-block-themeisle-blocks-slider-item-wrapper glide__slide\" tabindex=\"0\"><figure><img decoding=\"async\" class=\"wp-block-themeisle-blocks-slider-item\" src=\"https:\/\/familie-weitgereist.de\/wp-content\/uploads\/2023\/04\/IMG_20230401_163321-1-scaled.jpg\" alt=\"\" title=\"\" data-id=\"13721\"\/><\/figure><\/div><div class=\"wp-block-themeisle-blocks-slider-item-wrapper glide__slide\" tabindex=\"0\"><figure><img decoding=\"async\" class=\"wp-block-themeisle-blocks-slider-item\" src=\"https:\/\/familie-weitgereist.de\/wp-content\/uploads\/2023\/04\/IMG_20230401_163209-1-scaled.jpg\" alt=\"\" title=\"\" data-id=\"13723\"\/><\/figure><\/div><div class=\"wp-block-themeisle-blocks-slider-item-wrapper glide__slide\" tabindex=\"0\"><figure><img decoding=\"async\" class=\"wp-block-themeisle-blocks-slider-item\" src=\"https:\/\/familie-weitgereist.de\/wp-content\/uploads\/2023\/04\/IMG_20230401_162937-1-scaled.jpg\" alt=\"\" title=\"\" data-id=\"13726\"\/><\/figure><\/div><\/div><div class=\"glide__bullets\" data-glide-el=\"controls[nav]\"><button class=\"glide__bullet\" data-glide-dir=\"=0\"><\/button><button class=\"glide__bullet\" data-glide-dir=\"=1\"><\/button><button class=\"glide__bullet\" data-glide-dir=\"=2\"><\/button><\/div><\/div><\/div>\n\n\n\n<div id=\"wp-block-themeisle-blocks-slider-90b54ab6\" class=\"wp-block-themeisle-blocks-slider glide\" data-per-view=\"1\" data-gap=\"0\" data-peek=\"0\" data-autoplay=\"true\" data-height=\"400px\" data-hide-arrows=\"false\"><div class=\"glide__track\" data-glide-el=\"track\"><div class=\"glide__slides\"><div class=\"wp-block-themeisle-blocks-slider-item-wrapper glide__slide\" tabindex=\"0\"><figure><img decoding=\"async\" class=\"wp-block-themeisle-blocks-slider-item\" src=\"https:\/\/familie-weitgereist.de\/wp-content\/uploads\/2023\/04\/IMG_20230401_171917-scaled.jpg\" alt=\"\" title=\"\" data-id=\"13710\"\/><\/figure><\/div><div class=\"wp-block-themeisle-blocks-slider-item-wrapper glide__slide\" tabindex=\"0\"><figure><img decoding=\"async\" class=\"wp-block-themeisle-blocks-slider-item\" src=\"https:\/\/familie-weitgereist.de\/wp-content\/uploads\/2023\/04\/IMG_20230401_164206-scaled.jpg\" alt=\"\" title=\"\" data-id=\"13711\"\/><\/figure><\/div><\/div><div class=\"glide__bullets\" data-glide-el=\"controls[nav]\"><button class=\"glide__bullet\" data-glide-dir=\"=0\"><\/button><button class=\"glide__bullet\" data-glide-dir=\"=1\"><\/button><\/div><\/div><\/div>\n\n\n\n<p>Der Eintritt zur Burg kostet 2\u20ac als Erwachsener, Kinder unter 18 Jahren zahlen keinen Eintritt. Das Museum ist im Eintrittspreis enthalten. Das gleiche gilt f\u00fcr die Kirchenbesichtigung. (<em>Stand April 2023<\/em>)<\/p>\n\n\n\n<p>Die Burg ist wirklich toll. \u00dcber Treppen gelangten wir nach oben und konnten den wundervollen Ausblick \u00fcber den Ort und die Kirche genie\u00dfen! <\/p>\n\n\n\n<figure class=\"wp-block-image size-large\"><img loading=\"lazy\" decoding=\"async\" width=\"1024\" height=\"768\" src=\"https:\/\/familie-weitgereist.de\/wp-content\/uploads\/2023\/04\/IMG_20230401_165852-1024x768.jpg\" alt=\"\" class=\"wp-image-13712\" srcset=\"https:\/\/familie-weitgereist.de\/wp-content\/uploads\/2023\/04\/IMG_20230401_165852-1024x768.jpg 1024w, https:\/\/familie-weitgereist.de\/wp-content\/uploads\/2023\/04\/IMG_20230401_165852-300x225.jpg 300w, https:\/\/familie-weitgereist.de\/wp-content\/uploads\/2023\/04\/IMG_20230401_165852-768x576.jpg 768w, https:\/\/familie-weitgereist.de\/wp-content\/uploads\/2023\/04\/IMG_20230401_165852-1536x1152.jpg 1536w, https:\/\/familie-weitgereist.de\/wp-content\/uploads\/2023\/04\/IMG_20230401_165852-2048x1536.jpg 2048w, https:\/\/familie-weitgereist.de\/wp-content\/uploads\/2023\/04\/IMG_20230401_165852-1200x900.jpg 1200w, https:\/\/familie-weitgereist.de\/wp-content\/uploads\/2023\/04\/IMG_20230401_165852-1980x1485.jpg 1980w, https:\/\/familie-weitgereist.de\/wp-content\/uploads\/2023\/04\/IMG_20230401_165852-150x113.jpg 150w\" sizes=\"auto, (max-width: 1024px) 100vw, 1024px\" \/><\/figure>\n\n\n\n<p>Der Ausblick in das Umland ist wundersch\u00f6n. Sanfte gr\u00fcne H\u00fcgel und Berge, Olivenhaine und Felder pr\u00e4gen die Landschaft.<\/p>\n\n\n\n<figure class=\"wp-block-image size-large\"><img loading=\"lazy\" decoding=\"async\" width=\"1024\" height=\"768\" src=\"https:\/\/familie-weitgereist.de\/wp-content\/uploads\/2023\/04\/IMG_20230401_170437-1024x768.jpg\" alt=\"\" class=\"wp-image-13709\" srcset=\"https:\/\/familie-weitgereist.de\/wp-content\/uploads\/2023\/04\/IMG_20230401_170437-1024x768.jpg 1024w, https:\/\/familie-weitgereist.de\/wp-content\/uploads\/2023\/04\/IMG_20230401_170437-300x225.jpg 300w, https:\/\/familie-weitgereist.de\/wp-content\/uploads\/2023\/04\/IMG_20230401_170437-768x576.jpg 768w, https:\/\/familie-weitgereist.de\/wp-content\/uploads\/2023\/04\/IMG_20230401_170437-1536x1152.jpg 1536w, https:\/\/familie-weitgereist.de\/wp-content\/uploads\/2023\/04\/IMG_20230401_170437-2048x1536.jpg 2048w, https:\/\/familie-weitgereist.de\/wp-content\/uploads\/2023\/04\/IMG_20230401_170437-1200x900.jpg 1200w, https:\/\/familie-weitgereist.de\/wp-content\/uploads\/2023\/04\/IMG_20230401_170437-1980x1485.jpg 1980w, https:\/\/familie-weitgereist.de\/wp-content\/uploads\/2023\/04\/IMG_20230401_170437-150x113.jpg 150w\" sizes=\"auto, (max-width: 1024px) 100vw, 1024px\" \/><\/figure>\n\n\n\n<h2 class=\"wp-block-heading\" id=\"parauta\">Parauta und der <em>Bosque Entcantado<\/em><\/h2>\n\n\n\n<p>In Parauta leben nur noch ca. 300 Menschen. Der Ort geh\u00f6rt ebenfalls zu den wei\u00dfen D\u00f6rfern des andalusischen Hinterlandes. Der Ort mit den kleinen Gassen und den typischen wei\u00dfen H\u00e4usern ist wundersch\u00f6n. Besonders h\u00fcbsch sind die zahlreichen Blument\u00f6pfe an den H\u00e4userfassaden und die angebrachten Holzst\u00fchle.<\/p>\n\n\n\n<div id=\"wp-block-themeisle-blocks-slider-74531565\" class=\"wp-block-themeisle-blocks-slider glide\" data-per-view=\"1\" data-gap=\"0\" data-peek=\"0\" data-autoplay=\"true\" data-height=\"400px\" data-hide-arrows=\"false\"><div class=\"glide__track\" data-glide-el=\"track\"><div class=\"glide__slides\"><div class=\"wp-block-themeisle-blocks-slider-item-wrapper glide__slide\" tabindex=\"0\"><figure><img decoding=\"async\" class=\"wp-block-themeisle-blocks-slider-item\" src=\"https:\/\/familie-weitgereist.de\/wp-content\/uploads\/2023\/04\/IMG_20230403_133119-scaled.jpg\" alt=\"\" title=\"\" data-id=\"13758\"\/><\/figure><\/div><div class=\"wp-block-themeisle-blocks-slider-item-wrapper glide__slide\" tabindex=\"0\"><figure><img decoding=\"async\" class=\"wp-block-themeisle-blocks-slider-item\" src=\"https:\/\/familie-weitgereist.de\/wp-content\/uploads\/2023\/04\/IMG_20230403_132548-scaled.jpg\" alt=\"\" title=\"\" data-id=\"13759\"\/><\/figure><\/div><\/div><div class=\"glide__bullets\" data-glide-el=\"controls[nav]\"><button class=\"glide__bullet\" data-glide-dir=\"=0\"><\/button><button class=\"glide__bullet\" data-glide-dir=\"=1\"><\/button><\/div><\/div><\/div>\n\n\n\n<p>Es gibt eine Kussbank im Zentrum des keinen Ortes.<\/p>\n\n\n\n<figure class=\"wp-block-image size-large\"><img loading=\"lazy\" decoding=\"async\" width=\"1024\" height=\"768\" src=\"https:\/\/familie-weitgereist.de\/wp-content\/uploads\/2023\/04\/IMG_20230403_132658-1024x768.jpg\" alt=\"\" class=\"wp-image-13757\" srcset=\"https:\/\/familie-weitgereist.de\/wp-content\/uploads\/2023\/04\/IMG_20230403_132658-1024x768.jpg 1024w, https:\/\/familie-weitgereist.de\/wp-content\/uploads\/2023\/04\/IMG_20230403_132658-300x225.jpg 300w, https:\/\/familie-weitgereist.de\/wp-content\/uploads\/2023\/04\/IMG_20230403_132658-768x576.jpg 768w, https:\/\/familie-weitgereist.de\/wp-content\/uploads\/2023\/04\/IMG_20230403_132658-1536x1152.jpg 1536w, https:\/\/familie-weitgereist.de\/wp-content\/uploads\/2023\/04\/IMG_20230403_132658-2048x1536.jpg 2048w, https:\/\/familie-weitgereist.de\/wp-content\/uploads\/2023\/04\/IMG_20230403_132658-1200x900.jpg 1200w, https:\/\/familie-weitgereist.de\/wp-content\/uploads\/2023\/04\/IMG_20230403_132658-1980x1485.jpg 1980w, https:\/\/familie-weitgereist.de\/wp-content\/uploads\/2023\/04\/IMG_20230403_132658-150x113.jpg 150w\" sizes=\"auto, (max-width: 1024px) 100vw, 1024px\" \/><figcaption class=\"wp-element-caption\">Kussbank Parauta<\/figcaption><\/figure>\n\n\n\n<p>Unterhalb des Ortes gibt es einen Gemeindeplatz mit einem tollen Feuerwehrspielplatz, Fitnessger\u00e4te f\u00fcr Erwachsene und einen Tennisplatz. Wir haben dort \u00fcbernachtet und unsere beiden Jungs hatten eine wunderbare Zeit auf dem Spielplatz.<\/p>\n\n\n\n<figure class=\"wp-block-image size-large is-resized\"><img loading=\"lazy\" decoding=\"async\" width=\"1024\" height=\"768\" src=\"https:\/\/familie-weitgereist.de\/wp-content\/uploads\/2023\/04\/IMG_20230403_110635-1024x768.jpg\" alt=\"\" class=\"wp-image-13761\" style=\"width:376px;height:282px\" srcset=\"https:\/\/familie-weitgereist.de\/wp-content\/uploads\/2023\/04\/IMG_20230403_110635-1024x768.jpg 1024w, https:\/\/familie-weitgereist.de\/wp-content\/uploads\/2023\/04\/IMG_20230403_110635-300x225.jpg 300w, https:\/\/familie-weitgereist.de\/wp-content\/uploads\/2023\/04\/IMG_20230403_110635-768x576.jpg 768w, https:\/\/familie-weitgereist.de\/wp-content\/uploads\/2023\/04\/IMG_20230403_110635-1536x1152.jpg 1536w, https:\/\/familie-weitgereist.de\/wp-content\/uploads\/2023\/04\/IMG_20230403_110635-2048x1536.jpg 2048w, https:\/\/familie-weitgereist.de\/wp-content\/uploads\/2023\/04\/IMG_20230403_110635-1200x900.jpg 1200w, https:\/\/familie-weitgereist.de\/wp-content\/uploads\/2023\/04\/IMG_20230403_110635-1980x1485.jpg 1980w, https:\/\/familie-weitgereist.de\/wp-content\/uploads\/2023\/04\/IMG_20230403_110635-150x113.jpg 150w\" sizes=\"auto, (max-width: 1024px) 100vw, 1024px\" \/><figcaption class=\"wp-element-caption\">Spielplatz Parauta<\/figcaption><\/figure>\n\n\n\n<p>Vom Spielplatz aus unternahmen wir eine kleine Wanderung durch den <strong>M\u00e4rchenwald<\/strong> <strong>von Parauta<\/strong>. \u00dcberall am Wegesrand befinden sich Feen, Zwerge, kleine Baumh\u00e4user, Wurzelmenschen und ein Pegasus. F\u00fcr Kinder ist dies besonders sch\u00f6n und wir konnten in die Fabelwelten abtauchen. Die Wanderung ist leicht begehbar und regelm\u00e4\u00dfig bieten sich Pl\u00e4tze an um eine kleine Pause einzulegen.<\/p>\n\n\n\n<div id=\"wp-block-themeisle-blocks-slider-688b1352\" class=\"wp-block-themeisle-blocks-slider glide\" data-per-view=\"1\" data-gap=\"0\" data-peek=\"0\" data-autoplay=\"true\" data-height=\"400px\" data-hide-arrows=\"false\"><div class=\"glide__track\" data-glide-el=\"track\"><div class=\"glide__slides\"><div class=\"wp-block-themeisle-blocks-slider-item-wrapper glide__slide\" tabindex=\"0\"><figure><img decoding=\"async\" class=\"wp-block-themeisle-blocks-slider-item\" src=\"https:\/\/familie-weitgereist.de\/wp-content\/uploads\/2023\/04\/IMG_20230403_130951-scaled.jpg\" alt=\"\" title=\"\" data-id=\"13767\"\/><\/figure><\/div><div class=\"wp-block-themeisle-blocks-slider-item-wrapper glide__slide\" tabindex=\"0\"><figure><img decoding=\"async\" class=\"wp-block-themeisle-blocks-slider-item\" src=\"https:\/\/familie-weitgereist.de\/wp-content\/uploads\/2023\/04\/IMG_20230403_124344-scaled.jpg\" alt=\"\" title=\"\" data-id=\"13769\"\/><\/figure><\/div><div class=\"wp-block-themeisle-blocks-slider-item-wrapper glide__slide\" tabindex=\"0\"><figure><img decoding=\"async\" class=\"wp-block-themeisle-blocks-slider-item\" src=\"https:\/\/familie-weitgereist.de\/wp-content\/uploads\/2023\/04\/IMG_20230403_120907-scaled.jpg\" alt=\"\" title=\"\" data-id=\"13770\"\/><\/figure><\/div><div class=\"wp-block-themeisle-blocks-slider-item-wrapper glide__slide\" tabindex=\"0\"><figure><img decoding=\"async\" class=\"wp-block-themeisle-blocks-slider-item\" src=\"https:\/\/familie-weitgereist.de\/wp-content\/uploads\/2023\/04\/IMG_20230403_115008-scaled.jpg\" alt=\"\" title=\"\" data-id=\"13772\"\/><\/figure><\/div><div class=\"wp-block-themeisle-blocks-slider-item-wrapper glide__slide\" tabindex=\"0\"><figure><img decoding=\"async\" class=\"wp-block-themeisle-blocks-slider-item\" src=\"https:\/\/familie-weitgereist.de\/wp-content\/uploads\/2023\/04\/IMG_20230403_114359-scaled.jpg\" alt=\"\" title=\"\" data-id=\"13773\"\/><\/figure><\/div><\/div><div class=\"glide__bullets\" data-glide-el=\"controls[nav]\"><button class=\"glide__bullet\" data-glide-dir=\"=0\"><\/button><button class=\"glide__bullet\" data-glide-dir=\"=1\"><\/button><button class=\"glide__bullet\" data-glide-dir=\"=2\"><\/button><button class=\"glide__bullet\" data-glide-dir=\"=3\"><\/button><button class=\"glide__bullet\" data-glide-dir=\"=4\"><\/button><\/div><\/div><\/div>\n\n\n\n<h2 class=\"wp-block-heading\" id=\"ronda\">Ronda <\/h2>\n\n\n\n<p>Die Stadt <strong>Ronda liegt in Andalusien<\/strong>, in der N\u00e4he von M\u00e1laga und ist bekannt f\u00fcr ihre au\u00dfergew\u00f6hnliche Lage. In Ronda leben nur ca. 34.000 Menschen. Jedoch besuchen j\u00e4hrlich zahlreiche Touristen den Ort. Die Stadt liegt direkt an einer <strong>tiefen Schlucht, El Tajo<\/strong> und einem Wasserfall. Die Br\u00fccke, <strong>Puente<\/strong> <strong>Nuevo<\/strong> verbindet die Neustadt aus dem 15. Jahrhundert mit der Altstadt aus der Zeit der maurischen Herrschaft vom 8. bis ins 15. Jahrhundert. Es gibt einen Wanderweg, welcher entlang der Schlucht verl\u00e4uft und zudem perfekte Ausblicke auf Ronda und die beeindruckende Schlucht bietet. <\/p>\n\n\n\n<div id=\"wp-block-themeisle-blocks-slider-7efe1b59\" class=\"wp-block-themeisle-blocks-slider glide\" data-per-view=\"1\" data-gap=\"0\" data-peek=\"0\" data-autoplay=\"true\" data-height=\"400px\" data-hide-arrows=\"false\"><div class=\"glide__track\" data-glide-el=\"track\"><div class=\"glide__slides\"><div class=\"wp-block-themeisle-blocks-slider-item-wrapper glide__slide\" tabindex=\"0\"><figure><img decoding=\"async\" class=\"wp-block-themeisle-blocks-slider-item\" src=\"https:\/\/familie-weitgereist.de\/wp-content\/uploads\/2022\/12\/IMG_20221230_163246-scaled.jpg\" alt=\"\" title=\"\" data-id=\"12499\"\/><\/figure><\/div><div class=\"wp-block-themeisle-blocks-slider-item-wrapper glide__slide\" tabindex=\"0\"><figure><img decoding=\"async\" class=\"wp-block-themeisle-blocks-slider-item\" src=\"https:\/\/familie-weitgereist.de\/wp-content\/uploads\/2022\/12\/IMG_20221230_161548-scaled.jpg\" alt=\"\" title=\"\" data-id=\"12500\"\/><\/figure><\/div><div class=\"wp-block-themeisle-blocks-slider-item-wrapper glide__slide\" tabindex=\"0\"><figure><img decoding=\"async\" class=\"wp-block-themeisle-blocks-slider-item\" src=\"https:\/\/familie-weitgereist.de\/wp-content\/uploads\/2022\/12\/IMG_20221230_160822-scaled.jpg\" alt=\"\" title=\"\" data-id=\"12501\"\/><\/figure><\/div><div class=\"wp-block-themeisle-blocks-slider-item-wrapper glide__slide\" tabindex=\"0\"><figure><img decoding=\"async\" class=\"wp-block-themeisle-blocks-slider-item\" src=\"https:\/\/familie-weitgereist.de\/wp-content\/uploads\/2022\/12\/IMG_20221230_160531-scaled.jpg\" alt=\"\" title=\"\" data-id=\"12502\"\/><\/figure><\/div><div class=\"wp-block-themeisle-blocks-slider-item-wrapper glide__slide\" tabindex=\"0\"><figure><img decoding=\"async\" class=\"wp-block-themeisle-blocks-slider-item\" src=\"https:\/\/familie-weitgereist.de\/wp-content\/uploads\/2022\/12\/IMG_20221230_160141-scaled.jpg\" alt=\"\" title=\"\" data-id=\"12503\"\/><\/figure><\/div><\/div><div class=\"glide__bullets\" data-glide-el=\"controls[nav]\"><button class=\"glide__bullet\" data-glide-dir=\"=0\"><\/button><button class=\"glide__bullet\" data-glide-dir=\"=1\"><\/button><button class=\"glide__bullet\" data-glide-dir=\"=2\"><\/button><button class=\"glide__bullet\" data-glide-dir=\"=3\"><\/button><button class=\"glide__bullet\" data-glide-dir=\"=4\"><\/button><\/div><\/div><\/div>\n\n\n\n<p>Die Neustadt war wundersch\u00f6n weihnachtlich geschm\u00fcckt und da in Spanien das Fest der <strong>Heiligen Drei K\u00f6nige (Los Reyes Magos)<\/strong> gro\u00df gefeiert wird, standen \u00fcberall riesige Geschenkeboxen, wo die Wunschzettel eingeworfen werden k\u00f6nnen. <\/p>\n\n\n\n<figure class=\"wp-block-image size-large\"><img loading=\"lazy\" decoding=\"async\" width=\"1024\" height=\"768\" src=\"https:\/\/familie-weitgereist.de\/wp-content\/uploads\/2022\/12\/IMG_20221230_165445-1024x768.jpg\" alt=\"\" class=\"wp-image-12497\" srcset=\"https:\/\/familie-weitgereist.de\/wp-content\/uploads\/2022\/12\/IMG_20221230_165445-1024x768.jpg 1024w, https:\/\/familie-weitgereist.de\/wp-content\/uploads\/2022\/12\/IMG_20221230_165445-300x225.jpg 300w, https:\/\/familie-weitgereist.de\/wp-content\/uploads\/2022\/12\/IMG_20221230_165445-768x576.jpg 768w, https:\/\/familie-weitgereist.de\/wp-content\/uploads\/2022\/12\/IMG_20221230_165445-1536x1152.jpg 1536w, https:\/\/familie-weitgereist.de\/wp-content\/uploads\/2022\/12\/IMG_20221230_165445-2048x1536.jpg 2048w, https:\/\/familie-weitgereist.de\/wp-content\/uploads\/2022\/12\/IMG_20221230_165445-1200x900.jpg 1200w, https:\/\/familie-weitgereist.de\/wp-content\/uploads\/2022\/12\/IMG_20221230_165445-1980x1485.jpg 1980w, https:\/\/familie-weitgereist.de\/wp-content\/uploads\/2022\/12\/IMG_20221230_165445-150x113.jpg 150w\" sizes=\"auto, (max-width: 1024px) 100vw, 1024px\" \/><\/figure>\n\n\n\n<p>In der Neustadt gelegen befindet sich eine <strong>Stierkampfarena<\/strong>. Diese kann besichtigt werden und gibt zahlreiche Hintergrundinformationen zum Stierkampf und historische Informationen zu diesem spanischen Kulturgut. Wir besichtigten die Stierkampfarena und sahen wo die Stiere vor dem Kampf sind und wie sie in die Arena gelangen. <\/p>\n\n\n\n<figure class=\"wp-block-image size-large\"><img loading=\"lazy\" decoding=\"async\" width=\"1024\" height=\"768\" src=\"https:\/\/familie-weitgereist.de\/wp-content\/uploads\/2023\/04\/IMG_20221230_150253-1024x768.jpg\" alt=\"\" class=\"wp-image-14004\" srcset=\"https:\/\/familie-weitgereist.de\/wp-content\/uploads\/2023\/04\/IMG_20221230_150253-1024x768.jpg 1024w, https:\/\/familie-weitgereist.de\/wp-content\/uploads\/2023\/04\/IMG_20221230_150253-300x225.jpg 300w, https:\/\/familie-weitgereist.de\/wp-content\/uploads\/2023\/04\/IMG_20221230_150253-768x576.jpg 768w, https:\/\/familie-weitgereist.de\/wp-content\/uploads\/2023\/04\/IMG_20221230_150253-1536x1152.jpg 1536w, https:\/\/familie-weitgereist.de\/wp-content\/uploads\/2023\/04\/IMG_20221230_150253-2048x1536.jpg 2048w, https:\/\/familie-weitgereist.de\/wp-content\/uploads\/2023\/04\/IMG_20221230_150253-1200x900.jpg 1200w, https:\/\/familie-weitgereist.de\/wp-content\/uploads\/2023\/04\/IMG_20221230_150253-1980x1485.jpg 1980w, https:\/\/familie-weitgereist.de\/wp-content\/uploads\/2023\/04\/IMG_20221230_150253-150x113.jpg 150w\" sizes=\"auto, (max-width: 1024px) 100vw, 1024px\" \/><figcaption class=\"wp-element-caption\">Stierkampfarena in Ronda<\/figcaption><\/figure>\n\n\n\n<h2 class=\"wp-block-heading\" id=\"salobrena\">Salobre\u00f1a <\/h2>\n\n\n\n<p>In Salobre\u00f1a wohnen ungef\u00e4hr 12.400 Menschen. Die Kleinstadt geh\u00f6rt ebenso zu den &#8222;wei\u00dfen D\u00f6rfern&#8220; Andalusiens. <\/p>\n\n\n\n<figure class=\"wp-block-image size-large\"><img loading=\"lazy\" decoding=\"async\" width=\"1024\" height=\"768\" src=\"https:\/\/familie-weitgereist.de\/wp-content\/uploads\/2023\/04\/IMG_20230415_112459-1024x768.jpg\" alt=\"\" class=\"wp-image-13959\" srcset=\"https:\/\/familie-weitgereist.de\/wp-content\/uploads\/2023\/04\/IMG_20230415_112459-1024x768.jpg 1024w, https:\/\/familie-weitgereist.de\/wp-content\/uploads\/2023\/04\/IMG_20230415_112459-300x225.jpg 300w, https:\/\/familie-weitgereist.de\/wp-content\/uploads\/2023\/04\/IMG_20230415_112459-768x576.jpg 768w, https:\/\/familie-weitgereist.de\/wp-content\/uploads\/2023\/04\/IMG_20230415_112459-1536x1152.jpg 1536w, https:\/\/familie-weitgereist.de\/wp-content\/uploads\/2023\/04\/IMG_20230415_112459-2048x1536.jpg 2048w, https:\/\/familie-weitgereist.de\/wp-content\/uploads\/2023\/04\/IMG_20230415_112459-1200x900.jpg 1200w, https:\/\/familie-weitgereist.de\/wp-content\/uploads\/2023\/04\/IMG_20230415_112459-1980x1485.jpg 1980w, https:\/\/familie-weitgereist.de\/wp-content\/uploads\/2023\/04\/IMG_20230415_112459-150x113.jpg 150w\" sizes=\"auto, (max-width: 1024px) 100vw, 1024px\" \/><figcaption class=\"wp-element-caption\">Salobre\u00f1a <\/figcaption><\/figure>\n\n\n\n<p>Der Ort ist bekannt f\u00fcr seine <strong>maurische Festung <\/strong>auf einem markanten Felsen, welcher am Meer vorgelagert ist.<\/p>\n\n\n\n<figure class=\"wp-block-image size-large\"><img loading=\"lazy\" decoding=\"async\" width=\"1024\" height=\"768\" src=\"https:\/\/familie-weitgereist.de\/wp-content\/uploads\/2023\/04\/IMG_20230415_140955-1024x768.jpg\" alt=\"\" class=\"wp-image-13968\" srcset=\"https:\/\/familie-weitgereist.de\/wp-content\/uploads\/2023\/04\/IMG_20230415_140955-1024x768.jpg 1024w, https:\/\/familie-weitgereist.de\/wp-content\/uploads\/2023\/04\/IMG_20230415_140955-300x225.jpg 300w, https:\/\/familie-weitgereist.de\/wp-content\/uploads\/2023\/04\/IMG_20230415_140955-768x576.jpg 768w, https:\/\/familie-weitgereist.de\/wp-content\/uploads\/2023\/04\/IMG_20230415_140955-1536x1152.jpg 1536w, https:\/\/familie-weitgereist.de\/wp-content\/uploads\/2023\/04\/IMG_20230415_140955-2048x1536.jpg 2048w, https:\/\/familie-weitgereist.de\/wp-content\/uploads\/2023\/04\/IMG_20230415_140955-1200x900.jpg 1200w, https:\/\/familie-weitgereist.de\/wp-content\/uploads\/2023\/04\/IMG_20230415_140955-1980x1485.jpg 1980w, https:\/\/familie-weitgereist.de\/wp-content\/uploads\/2023\/04\/IMG_20230415_140955-150x113.jpg 150w\" sizes=\"auto, (max-width: 1024px) 100vw, 1024px\" \/><\/figure>\n\n\n\n<p>Die Altstadt, welche an den Felsen gebaut wurde, ist typisch f\u00fcr das &#8222;alte&#8220; Andalusien und besticht durch seine schmalen und verwinkelten Gassen. Wir liefen bis hoch zur Burg. Leider war sie am Tag unseres Besuchs geschlossen. Die H\u00e4user und die Gassen sind mit Blumen in den sch\u00f6nsten Farben verziert. Der Ausblick auf das glitzernde Meer und die Farbenpracht der Blumen sind eine wahre Freude.<\/p>\n\n\n\n<div id=\"wp-block-themeisle-blocks-slider-28a43d85\" class=\"wp-block-themeisle-blocks-slider glide\" data-per-view=\"1\" data-gap=\"0\" data-peek=\"0\" data-autoplay=\"true\" data-height=\"400px\" data-hide-arrows=\"false\"><div class=\"glide__track\" data-glide-el=\"track\"><div class=\"glide__slides\"><div class=\"wp-block-themeisle-blocks-slider-item-wrapper glide__slide\" tabindex=\"0\"><figure><img decoding=\"async\" class=\"wp-block-themeisle-blocks-slider-item\" src=\"https:\/\/familie-weitgereist.de\/wp-content\/uploads\/2023\/04\/IMG_20230415_114907-scaled.jpg\" alt=\"\" title=\"\" data-id=\"13971\"\/><\/figure><\/div><div class=\"wp-block-themeisle-blocks-slider-item-wrapper glide__slide\" tabindex=\"0\"><figure><img decoding=\"async\" class=\"wp-block-themeisle-blocks-slider-item\" src=\"https:\/\/familie-weitgereist.de\/wp-content\/uploads\/2023\/04\/IMG_20230415_114544-scaled.jpg\" alt=\"\" title=\"\" data-id=\"13973\"\/><\/figure><\/div><div class=\"wp-block-themeisle-blocks-slider-item-wrapper glide__slide\" tabindex=\"0\"><figure><img decoding=\"async\" class=\"wp-block-themeisle-blocks-slider-item\" src=\"https:\/\/familie-weitgereist.de\/wp-content\/uploads\/2023\/04\/IMG_20230415_114325-scaled.jpg\" alt=\"\" title=\"\" data-id=\"13974\"\/><\/figure><\/div><div class=\"wp-block-themeisle-blocks-slider-item-wrapper glide__slide\" tabindex=\"0\"><figure><img decoding=\"async\" class=\"wp-block-themeisle-blocks-slider-item\" src=\"https:\/\/familie-weitgereist.de\/wp-content\/uploads\/2023\/04\/IMG_20230415_114101-scaled.jpg\" alt=\"\" title=\"\" data-id=\"13975\"\/><\/figure><\/div><\/div><div class=\"glide__bullets\" data-glide-el=\"controls[nav]\"><button class=\"glide__bullet\" data-glide-dir=\"=0\"><\/button><button class=\"glide__bullet\" data-glide-dir=\"=1\"><\/button><button class=\"glide__bullet\" data-glide-dir=\"=2\"><\/button><button class=\"glide__bullet\" data-glide-dir=\"=3\"><\/button><\/div><\/div><\/div>\n\n\n\n<p>Einen Spielplatz haben wir nach unserem Stadtbesuch auch noch aufgesucht und waren unterhalb der Altstadt im <strong>Parque de la Fuente<\/strong>. <\/p>\n\n\n\n<figure class=\"wp-block-image size-large\"><img loading=\"lazy\" decoding=\"async\" width=\"1024\" height=\"768\" src=\"https:\/\/familie-weitgereist.de\/wp-content\/uploads\/2023\/04\/IMG_20230415_133830-1024x768.jpg\" alt=\"\" class=\"wp-image-13965\" srcset=\"https:\/\/familie-weitgereist.de\/wp-content\/uploads\/2023\/04\/IMG_20230415_133830-1024x768.jpg 1024w, https:\/\/familie-weitgereist.de\/wp-content\/uploads\/2023\/04\/IMG_20230415_133830-300x225.jpg 300w, https:\/\/familie-weitgereist.de\/wp-content\/uploads\/2023\/04\/IMG_20230415_133830-768x576.jpg 768w, https:\/\/familie-weitgereist.de\/wp-content\/uploads\/2023\/04\/IMG_20230415_133830-1536x1152.jpg 1536w, https:\/\/familie-weitgereist.de\/wp-content\/uploads\/2023\/04\/IMG_20230415_133830-2048x1536.jpg 2048w, https:\/\/familie-weitgereist.de\/wp-content\/uploads\/2023\/04\/IMG_20230415_133830-1200x900.jpg 1200w, https:\/\/familie-weitgereist.de\/wp-content\/uploads\/2023\/04\/IMG_20230415_133830-1980x1485.jpg 1980w, https:\/\/familie-weitgereist.de\/wp-content\/uploads\/2023\/04\/IMG_20230415_133830-150x113.jpg 150w\" sizes=\"auto, (max-width: 1024px) 100vw, 1024px\" \/><figcaption class=\"wp-element-caption\">Parque de la Fuente<\/figcaption><\/figure>\n\n\n\n<h2 class=\"wp-block-heading\" id=\"setenil\">Setenil de las Bodegas <\/h2>\n\n\n\n<p>Setenil de las Bodegas z\u00e4hlt zu den <strong>sch\u00f6nsten D\u00f6rfern Spaniens <\/strong>und liegt ebenfalls an der<strong> Ruta de los Pueblos Blancos <\/strong>(Stra\u00dfe der wei\u00dfen D\u00f6rfer). <\/p>\n\n\n\n<figure class=\"wp-block-image size-large\"><img loading=\"lazy\" decoding=\"async\" width=\"1024\" height=\"768\" src=\"https:\/\/familie-weitgereist.de\/wp-content\/uploads\/2023\/04\/IMG_20230402_140644-1024x768.jpg\" alt=\"\" class=\"wp-image-13744\" srcset=\"https:\/\/familie-weitgereist.de\/wp-content\/uploads\/2023\/04\/IMG_20230402_140644-1024x768.jpg 1024w, https:\/\/familie-weitgereist.de\/wp-content\/uploads\/2023\/04\/IMG_20230402_140644-300x225.jpg 300w, https:\/\/familie-weitgereist.de\/wp-content\/uploads\/2023\/04\/IMG_20230402_140644-768x576.jpg 768w, https:\/\/familie-weitgereist.de\/wp-content\/uploads\/2023\/04\/IMG_20230402_140644-1536x1152.jpg 1536w, https:\/\/familie-weitgereist.de\/wp-content\/uploads\/2023\/04\/IMG_20230402_140644-2048x1536.jpg 2048w, https:\/\/familie-weitgereist.de\/wp-content\/uploads\/2023\/04\/IMG_20230402_140644-1200x900.jpg 1200w, https:\/\/familie-weitgereist.de\/wp-content\/uploads\/2023\/04\/IMG_20230402_140644-1980x1485.jpg 1980w, https:\/\/familie-weitgereist.de\/wp-content\/uploads\/2023\/04\/IMG_20230402_140644-150x113.jpg 150w\" sizes=\"auto, (max-width: 1024px) 100vw, 1024px\" \/><\/figure>\n\n\n\n<p>Es leben ca. 3000 Menschen dort. Der Ort ist besonders durch seine H\u00f6hlenstra\u00dfen bekannt. Die beiden H\u00f6hlenstra\u00dfen <strong>&#8222;<\/strong><em><strong>Cueva<\/strong><\/em> <em><strong>Sol<\/strong><\/em>&#8220; und &#8222;<strong><em>Cueva Sombra<\/em><\/strong>&#8220; liegen im Ortskern und sind \u00e4u\u00dferst touristisch. Viele Caf\u00e9s und Gesch\u00e4fte befinden sich in kleinen H\u00e4usern unter einem Felsvorhang.<\/p>\n\n\n\n<figure class=\"wp-block-gallery has-nested-images columns-default is-cropped wp-block-gallery-1 is-layout-flex wp-block-gallery-is-layout-flex\">\n<figure class=\"wp-block-image size-large\"><img loading=\"lazy\" decoding=\"async\" width=\"1024\" height=\"768\" data-id=\"13734\" src=\"https:\/\/familie-weitgereist.de\/wp-content\/uploads\/2023\/04\/IMG_20230402_153757-1024x768.jpg\" alt=\"\" class=\"wp-image-13734\" srcset=\"https:\/\/familie-weitgereist.de\/wp-content\/uploads\/2023\/04\/IMG_20230402_153757-1024x768.jpg 1024w, https:\/\/familie-weitgereist.de\/wp-content\/uploads\/2023\/04\/IMG_20230402_153757-300x225.jpg 300w, https:\/\/familie-weitgereist.de\/wp-content\/uploads\/2023\/04\/IMG_20230402_153757-768x576.jpg 768w, https:\/\/familie-weitgereist.de\/wp-content\/uploads\/2023\/04\/IMG_20230402_153757-1536x1152.jpg 1536w, https:\/\/familie-weitgereist.de\/wp-content\/uploads\/2023\/04\/IMG_20230402_153757-2048x1536.jpg 2048w, https:\/\/familie-weitgereist.de\/wp-content\/uploads\/2023\/04\/IMG_20230402_153757-1200x900.jpg 1200w, https:\/\/familie-weitgereist.de\/wp-content\/uploads\/2023\/04\/IMG_20230402_153757-1980x1485.jpg 1980w, https:\/\/familie-weitgereist.de\/wp-content\/uploads\/2023\/04\/IMG_20230402_153757-150x113.jpg 150w\" sizes=\"auto, (max-width: 1024px) 100vw, 1024px\" \/><\/figure>\n\n\n\n<figure class=\"wp-block-image size-large\"><img loading=\"lazy\" decoding=\"async\" width=\"1024\" height=\"768\" data-id=\"13735\" src=\"https:\/\/familie-weitgereist.de\/wp-content\/uploads\/2023\/04\/IMG_20230402_130614-1024x768.jpg\" alt=\"\" class=\"wp-image-13735\" srcset=\"https:\/\/familie-weitgereist.de\/wp-content\/uploads\/2023\/04\/IMG_20230402_130614-1024x768.jpg 1024w, https:\/\/familie-weitgereist.de\/wp-content\/uploads\/2023\/04\/IMG_20230402_130614-300x225.jpg 300w, https:\/\/familie-weitgereist.de\/wp-content\/uploads\/2023\/04\/IMG_20230402_130614-768x576.jpg 768w, https:\/\/familie-weitgereist.de\/wp-content\/uploads\/2023\/04\/IMG_20230402_130614-1536x1152.jpg 1536w, https:\/\/familie-weitgereist.de\/wp-content\/uploads\/2023\/04\/IMG_20230402_130614-2048x1536.jpg 2048w, https:\/\/familie-weitgereist.de\/wp-content\/uploads\/2023\/04\/IMG_20230402_130614-1200x900.jpg 1200w, https:\/\/familie-weitgereist.de\/wp-content\/uploads\/2023\/04\/IMG_20230402_130614-1980x1485.jpg 1980w, https:\/\/familie-weitgereist.de\/wp-content\/uploads\/2023\/04\/IMG_20230402_130614-150x113.jpg 150w\" sizes=\"auto, (max-width: 1024px) 100vw, 1024px\" \/><\/figure>\n\n\n\n<figure class=\"wp-block-image size-large\"><img loading=\"lazy\" decoding=\"async\" width=\"1024\" height=\"768\" data-id=\"13736\" src=\"https:\/\/familie-weitgereist.de\/wp-content\/uploads\/2023\/04\/IMG_20230402_154126-1024x768.jpg\" alt=\"\" class=\"wp-image-13736\" srcset=\"https:\/\/familie-weitgereist.de\/wp-content\/uploads\/2023\/04\/IMG_20230402_154126-1024x768.jpg 1024w, https:\/\/familie-weitgereist.de\/wp-content\/uploads\/2023\/04\/IMG_20230402_154126-300x225.jpg 300w, https:\/\/familie-weitgereist.de\/wp-content\/uploads\/2023\/04\/IMG_20230402_154126-768x576.jpg 768w, https:\/\/familie-weitgereist.de\/wp-content\/uploads\/2023\/04\/IMG_20230402_154126-1536x1152.jpg 1536w, https:\/\/familie-weitgereist.de\/wp-content\/uploads\/2023\/04\/IMG_20230402_154126-2048x1536.jpg 2048w, https:\/\/familie-weitgereist.de\/wp-content\/uploads\/2023\/04\/IMG_20230402_154126-1200x900.jpg 1200w, https:\/\/familie-weitgereist.de\/wp-content\/uploads\/2023\/04\/IMG_20230402_154126-1980x1485.jpg 1980w, https:\/\/familie-weitgereist.de\/wp-content\/uploads\/2023\/04\/IMG_20230402_154126-150x113.jpg 150w\" sizes=\"auto, (max-width: 1024px) 100vw, 1024px\" \/><\/figure>\n<\/figure>\n\n\n\n<p>In dem kleinen Dorf gibt es jedoch weitere kleine H\u00e4user, die an oder in den Fels gebaut wurden. Viele wurden modernisiert und k\u00f6nnen heute als Ferienwohnungen genutzt werden. <\/p>\n\n\n\n<figure class=\"wp-block-gallery has-nested-images columns-default is-cropped wp-block-gallery-2 is-layout-flex wp-block-gallery-is-layout-flex\">\n<figure class=\"wp-block-image size-large\"><img loading=\"lazy\" decoding=\"async\" width=\"1024\" height=\"768\" data-id=\"13738\" src=\"https:\/\/familie-weitgereist.de\/wp-content\/uploads\/2023\/04\/IMG_20230402_151008-1024x768.jpg\" alt=\"\" class=\"wp-image-13738\" srcset=\"https:\/\/familie-weitgereist.de\/wp-content\/uploads\/2023\/04\/IMG_20230402_151008-1024x768.jpg 1024w, https:\/\/familie-weitgereist.de\/wp-content\/uploads\/2023\/04\/IMG_20230402_151008-300x225.jpg 300w, https:\/\/familie-weitgereist.de\/wp-content\/uploads\/2023\/04\/IMG_20230402_151008-768x576.jpg 768w, https:\/\/familie-weitgereist.de\/wp-content\/uploads\/2023\/04\/IMG_20230402_151008-1536x1152.jpg 1536w, https:\/\/familie-weitgereist.de\/wp-content\/uploads\/2023\/04\/IMG_20230402_151008-2048x1536.jpg 2048w, https:\/\/familie-weitgereist.de\/wp-content\/uploads\/2023\/04\/IMG_20230402_151008-1200x900.jpg 1200w, https:\/\/familie-weitgereist.de\/wp-content\/uploads\/2023\/04\/IMG_20230402_151008-1980x1485.jpg 1980w, https:\/\/familie-weitgereist.de\/wp-content\/uploads\/2023\/04\/IMG_20230402_151008-150x113.jpg 150w\" sizes=\"auto, (max-width: 1024px) 100vw, 1024px\" \/><\/figure>\n\n\n\n<figure class=\"wp-block-image size-large\"><img loading=\"lazy\" decoding=\"async\" width=\"1024\" height=\"768\" data-id=\"13740\" src=\"https:\/\/familie-weitgereist.de\/wp-content\/uploads\/2023\/04\/IMG_20230402_145756-1024x768.jpg\" alt=\"\" class=\"wp-image-13740\" srcset=\"https:\/\/familie-weitgereist.de\/wp-content\/uploads\/2023\/04\/IMG_20230402_145756-1024x768.jpg 1024w, https:\/\/familie-weitgereist.de\/wp-content\/uploads\/2023\/04\/IMG_20230402_145756-300x225.jpg 300w, https:\/\/familie-weitgereist.de\/wp-content\/uploads\/2023\/04\/IMG_20230402_145756-768x576.jpg 768w, https:\/\/familie-weitgereist.de\/wp-content\/uploads\/2023\/04\/IMG_20230402_145756-1536x1152.jpg 1536w, https:\/\/familie-weitgereist.de\/wp-content\/uploads\/2023\/04\/IMG_20230402_145756-2048x1536.jpg 2048w, https:\/\/familie-weitgereist.de\/wp-content\/uploads\/2023\/04\/IMG_20230402_145756-1200x900.jpg 1200w, https:\/\/familie-weitgereist.de\/wp-content\/uploads\/2023\/04\/IMG_20230402_145756-1980x1485.jpg 1980w, https:\/\/familie-weitgereist.de\/wp-content\/uploads\/2023\/04\/IMG_20230402_145756-150x113.jpg 150w\" sizes=\"auto, (max-width: 1024px) 100vw, 1024px\" \/><\/figure>\n\n\n\n<figure class=\"wp-block-image size-large\"><img loading=\"lazy\" decoding=\"async\" width=\"1024\" height=\"768\" data-id=\"13739\" src=\"https:\/\/familie-weitgereist.de\/wp-content\/uploads\/2023\/04\/IMG_20230402_150019-1024x768.jpg\" alt=\"\" class=\"wp-image-13739\" srcset=\"https:\/\/familie-weitgereist.de\/wp-content\/uploads\/2023\/04\/IMG_20230402_150019-1024x768.jpg 1024w, https:\/\/familie-weitgereist.de\/wp-content\/uploads\/2023\/04\/IMG_20230402_150019-300x225.jpg 300w, https:\/\/familie-weitgereist.de\/wp-content\/uploads\/2023\/04\/IMG_20230402_150019-768x576.jpg 768w, https:\/\/familie-weitgereist.de\/wp-content\/uploads\/2023\/04\/IMG_20230402_150019-1536x1152.jpg 1536w, https:\/\/familie-weitgereist.de\/wp-content\/uploads\/2023\/04\/IMG_20230402_150019-2048x1536.jpg 2048w, https:\/\/familie-weitgereist.de\/wp-content\/uploads\/2023\/04\/IMG_20230402_150019-1200x900.jpg 1200w, https:\/\/familie-weitgereist.de\/wp-content\/uploads\/2023\/04\/IMG_20230402_150019-1980x1485.jpg 1980w, https:\/\/familie-weitgereist.de\/wp-content\/uploads\/2023\/04\/IMG_20230402_150019-150x113.jpg 150w\" sizes=\"auto, (max-width: 1024px) 100vw, 1024px\" \/><\/figure>\n<\/figure>\n\n\n\n<p>Von verschiedenen Aussichtspunkten konnten wir unseren Blick \u00fcber Setenil schweifen lassen. <\/p>\n\n\n\n<figure class=\"wp-block-image size-large\"><img loading=\"lazy\" decoding=\"async\" width=\"1024\" height=\"759\" src=\"https:\/\/familie-weitgereist.de\/wp-content\/uploads\/2023\/04\/IMG_20230402_140044-1024x759.jpg\" alt=\"\" class=\"wp-image-13742\" srcset=\"https:\/\/familie-weitgereist.de\/wp-content\/uploads\/2023\/04\/IMG_20230402_140044-1024x759.jpg 1024w, https:\/\/familie-weitgereist.de\/wp-content\/uploads\/2023\/04\/IMG_20230402_140044-300x222.jpg 300w, https:\/\/familie-weitgereist.de\/wp-content\/uploads\/2023\/04\/IMG_20230402_140044-768x569.jpg 768w, https:\/\/familie-weitgereist.de\/wp-content\/uploads\/2023\/04\/IMG_20230402_140044-1536x1139.jpg 1536w, https:\/\/familie-weitgereist.de\/wp-content\/uploads\/2023\/04\/IMG_20230402_140044-2048x1518.jpg 2048w, https:\/\/familie-weitgereist.de\/wp-content\/uploads\/2023\/04\/IMG_20230402_140044-1200x890.jpg 1200w, https:\/\/familie-weitgereist.de\/wp-content\/uploads\/2023\/04\/IMG_20230402_140044-1980x1468.jpg 1980w, https:\/\/familie-weitgereist.de\/wp-content\/uploads\/2023\/04\/IMG_20230402_140044-150x111.jpg 150w\" sizes=\"auto, (max-width: 1024px) 100vw, 1024px\" \/><\/figure>\n\n\n\n<p>Die schmalen kleinen Gassen des Dorfes laden zum Schlendern ein. <\/p>\n\n\n\n<figure class=\"wp-block-image size-large\"><img loading=\"lazy\" decoding=\"async\" width=\"1024\" height=\"768\" src=\"https:\/\/familie-weitgereist.de\/wp-content\/uploads\/2023\/04\/IMG_20230402_152807-1024x768.jpg\" alt=\"\" class=\"wp-image-13745\" srcset=\"https:\/\/familie-weitgereist.de\/wp-content\/uploads\/2023\/04\/IMG_20230402_152807-1024x768.jpg 1024w, https:\/\/familie-weitgereist.de\/wp-content\/uploads\/2023\/04\/IMG_20230402_152807-300x225.jpg 300w, https:\/\/familie-weitgereist.de\/wp-content\/uploads\/2023\/04\/IMG_20230402_152807-768x576.jpg 768w, https:\/\/familie-weitgereist.de\/wp-content\/uploads\/2023\/04\/IMG_20230402_152807-1536x1152.jpg 1536w, https:\/\/familie-weitgereist.de\/wp-content\/uploads\/2023\/04\/IMG_20230402_152807-2048x1536.jpg 2048w, https:\/\/familie-weitgereist.de\/wp-content\/uploads\/2023\/04\/IMG_20230402_152807-1200x900.jpg 1200w, https:\/\/familie-weitgereist.de\/wp-content\/uploads\/2023\/04\/IMG_20230402_152807-1980x1485.jpg 1980w, https:\/\/familie-weitgereist.de\/wp-content\/uploads\/2023\/04\/IMG_20230402_152807-150x113.jpg 150w\" sizes=\"auto, (max-width: 1024px) 100vw, 1024px\" \/><\/figure>\n\n\n\n<h2 class=\"wp-block-heading\" id=\"sevilla\">Sevilla <\/h2>\n\n\n\n<p>Sevilla ist die <strong>Hauptstadt von Andalusien<\/strong> und liegt im S\u00fcden von Spanien. Sie ist die viertgr\u00f6\u00dfte Stadt in Spanien und ca. 690.000 Menschen leben in Sevilla. Die Stadt hat viele Sehensw\u00fcrdigkeiten zu bieten und ist zudem bekannt als <strong>&#8222;Wiege des Flamencos&#8220;<\/strong>. Sevilla besitzt die gr\u00f6\u00dfte Altstadt in Spanien.<\/p>\n\n\n\n<figure class=\"wp-block-image size-large\"><img loading=\"lazy\" decoding=\"async\" width=\"1024\" height=\"768\" src=\"https:\/\/familie-weitgereist.de\/wp-content\/uploads\/2023\/01\/IMG_20230106_160802-1024x768.jpg\" alt=\"\" class=\"wp-image-12679\" srcset=\"https:\/\/familie-weitgereist.de\/wp-content\/uploads\/2023\/01\/IMG_20230106_160802-1024x768.jpg 1024w, https:\/\/familie-weitgereist.de\/wp-content\/uploads\/2023\/01\/IMG_20230106_160802-300x225.jpg 300w, https:\/\/familie-weitgereist.de\/wp-content\/uploads\/2023\/01\/IMG_20230106_160802-768x576.jpg 768w, https:\/\/familie-weitgereist.de\/wp-content\/uploads\/2023\/01\/IMG_20230106_160802-1536x1152.jpg 1536w, https:\/\/familie-weitgereist.de\/wp-content\/uploads\/2023\/01\/IMG_20230106_160802-2048x1536.jpg 2048w, https:\/\/familie-weitgereist.de\/wp-content\/uploads\/2023\/01\/IMG_20230106_160802-1200x900.jpg 1200w, https:\/\/familie-weitgereist.de\/wp-content\/uploads\/2023\/01\/IMG_20230106_160802-1980x1485.jpg 1980w, https:\/\/familie-weitgereist.de\/wp-content\/uploads\/2023\/01\/IMG_20230106_160802-150x113.jpg 150w\" sizes=\"auto, (max-width: 1024px) 100vw, 1024px\" \/><figcaption class=\"wp-element-caption\">Plaza de Espa\u00f1a, Sevilla<\/figcaption><\/figure>\n\n\n\n<p>Wir schlenderten durch den wundervollen Park &#8222;<strong>Parque de Mar\u00eda Luisa<\/strong>&#8220; und besichtigten die <strong>Plaza de Espa\u00f1a<\/strong>. Ein 200m langes, halbkreisf\u00f6rmiges Geb\u00e4ude s\u00e4umt den Platz. Dieses wurde von 1924-1928 erbaut. Es repr\u00e4sentiert eine Umarmung Spaniens der s\u00fcdamerikanischen Kolonien. Der Fluss, auf dem heute kleine Boote ausgeliehen werden k\u00f6nnen, repr\u00e4sentiert dabei die \u00dcberquerung des Atlantiks. Auf dem Platz herrscht ein buntes Treiben und viele Touristen besuchen den Platz. Pferdekutschenfahrten werden angeboten und Fahrr\u00e4der k\u00f6nnen ausgeliehen werden.<\/p>\n\n\n\n<div id=\"wp-block-themeisle-blocks-slider-5de36923\" class=\"wp-block-themeisle-blocks-slider glide\" data-per-view=\"1\" data-gap=\"0\" data-peek=\"0\" data-autoplay=\"true\" data-height=\"400px\" data-hide-arrows=\"false\"><div class=\"glide__track\" data-glide-el=\"track\"><div class=\"glide__slides\"><div class=\"wp-block-themeisle-blocks-slider-item-wrapper glide__slide\" tabindex=\"0\"><figure><img decoding=\"async\" class=\"wp-block-themeisle-blocks-slider-item\" src=\"https:\/\/familie-weitgereist.de\/wp-content\/uploads\/2023\/01\/IMG_20230106_160357-scaled.jpg\" alt=\"\" title=\"\" data-id=\"12681\"\/><\/figure><\/div><div class=\"wp-block-themeisle-blocks-slider-item-wrapper glide__slide\" tabindex=\"0\"><figure><img decoding=\"async\" class=\"wp-block-themeisle-blocks-slider-item\" src=\"https:\/\/familie-weitgereist.de\/wp-content\/uploads\/2023\/01\/IMG_20230106_152401-scaled.jpg\" alt=\"\" title=\"\" data-id=\"12682\"\/><\/figure><\/div><div class=\"wp-block-themeisle-blocks-slider-item-wrapper glide__slide\" tabindex=\"0\"><figure><img decoding=\"async\" class=\"wp-block-themeisle-blocks-slider-item\" src=\"https:\/\/familie-weitgereist.de\/wp-content\/uploads\/2023\/01\/IMG_20230106_145613-scaled.jpg\" alt=\"\" title=\"\" data-id=\"12685\"\/><\/figure><\/div><\/div><div class=\"glide__bullets\" data-glide-el=\"controls[nav]\"><button class=\"glide__bullet\" data-glide-dir=\"=0\"><\/button><button class=\"glide__bullet\" data-glide-dir=\"=1\"><\/button><button class=\"glide__bullet\" data-glide-dir=\"=2\"><\/button><\/div><\/div><\/div>\n\n\n\n<p>Im Anschluss schlenderten wir noch etwas durch die Gassen der Altstadt und besichtigten die <strong>Kathedrale von Sevilla<\/strong>, die Universit\u00e4t und den <strong>Torre del Oro<\/strong>.<\/p>\n\n\n\n<div id=\"wp-block-themeisle-blocks-slider-f112c4c6\" class=\"wp-block-themeisle-blocks-slider glide\" data-per-view=\"1\" data-gap=\"0\" data-peek=\"0\" data-autoplay=\"true\" data-height=\"400px\" data-hide-arrows=\"false\"><div class=\"glide__track\" data-glide-el=\"track\"><div class=\"glide__slides\"><div class=\"wp-block-themeisle-blocks-slider-item-wrapper glide__slide\" tabindex=\"0\"><figure><img decoding=\"async\" class=\"wp-block-themeisle-blocks-slider-item\" src=\"https:\/\/familie-weitgereist.de\/wp-content\/uploads\/2023\/01\/IMG_20230106_165817-scaled.jpg\" alt=\"\" title=\"\" data-id=\"12683\"\/><\/figure><\/div><div class=\"wp-block-themeisle-blocks-slider-item-wrapper glide__slide\" tabindex=\"0\"><figure><img decoding=\"async\" class=\"wp-block-themeisle-blocks-slider-item\" src=\"https:\/\/familie-weitgereist.de\/wp-content\/uploads\/2023\/01\/IMG_20230106_164658-scaled.jpg\" alt=\"\" title=\"\" data-id=\"12686\"\/><\/figure><\/div><div class=\"wp-block-themeisle-blocks-slider-item-wrapper glide__slide\" tabindex=\"0\"><figure><img decoding=\"async\" class=\"wp-block-themeisle-blocks-slider-item\" src=\"https:\/\/familie-weitgereist.de\/wp-content\/uploads\/2023\/01\/IMG_20230106_163502-scaled.jpg\" alt=\"\" title=\"\" data-id=\"12687\"\/><\/figure><\/div><\/div><div class=\"glide__bullets\" data-glide-el=\"controls[nav]\"><button class=\"glide__bullet\" data-glide-dir=\"=0\"><\/button><button class=\"glide__bullet\" data-glide-dir=\"=1\"><\/button><button class=\"glide__bullet\" data-glide-dir=\"=2\"><\/button><\/div><\/div><\/div>\n\n\n\n<h2 class=\"wp-block-heading\" id=\"tarifa\">Tarifa <\/h2>\n\n\n\n<p>Tarifa ist der <strong>s\u00fcdlichste Punkt des europ\u00e4ischen Festlandes<\/strong>. Afrika ist nur wenige Kilometer entfernt und Marokko ist immer am Horizont zu sehen. <\/p>\n\n\n\n<p>Tarifa hat einen <strong>Traumstrand<\/strong>. Endlose breite wei\u00dfe Sandstr\u00e4nde mit herrlichen D\u00fcnen. Zudem ist es ein Paradies f\u00fcr Surfer und Kitesurfer, da es oft stark windet.<\/p>\n\n\n\n<div id=\"wp-block-themeisle-blocks-slider-3c64f387\" class=\"wp-block-themeisle-blocks-slider glide\" data-per-view=\"1\" data-gap=\"0\" data-peek=\"0\" data-autoplay=\"true\" data-height=\"400px\" data-hide-arrows=\"false\"><div class=\"glide__track\" data-glide-el=\"track\"><div class=\"glide__slides\"><div class=\"wp-block-themeisle-blocks-slider-item-wrapper glide__slide\" tabindex=\"0\"><figure><img decoding=\"async\" class=\"wp-block-themeisle-blocks-slider-item\" src=\"https:\/\/familie-weitgereist.de\/wp-content\/uploads\/2023\/01\/IMG_20230105_113533-scaled.jpg\" alt=\"\" title=\"\" data-id=\"12664\"\/><\/figure><\/div><div class=\"wp-block-themeisle-blocks-slider-item-wrapper glide__slide\" tabindex=\"0\"><figure><img decoding=\"async\" class=\"wp-block-themeisle-blocks-slider-item\" src=\"https:\/\/familie-weitgereist.de\/wp-content\/uploads\/2023\/01\/IMG_20230105_111248-scaled.jpg\" alt=\"\" title=\"\" data-id=\"12665\"\/><\/figure><\/div><\/div><div class=\"glide__bullets\" data-glide-el=\"controls[nav]\"><button class=\"glide__bullet\" data-glide-dir=\"=0\"><\/button><button class=\"glide__bullet\" data-glide-dir=\"=1\"><\/button><\/div><\/div><\/div>\n\n\n\n<p>Wir haben eine Nacht auf einem Parkplatz direkt am Strand verbracht und sind am n\u00e4chsten Tag den Sandstrand entlang gelaufen bis zur <strong>Isla de Tarifa, der Insel Tarifas<\/strong>. Leider war diese zu unserem Reisezeitpunkt geschlossen. Wir liefen dennoch \u00fcber die Br\u00fccke bis zum Eingangstor der Insel. <\/p>\n\n\n\n<p><strong>Der atlantische Ozean und das Mittelmeer treffen hier aufeinander<\/strong>. Die Wellen brechen aneinander und wir sind leicht nass geworden als wir \u00fcber die Br\u00fccke liefen. Es war ein riesen Spa\u00df! <\/p>\n\n\n\n<div id=\"wp-block-themeisle-blocks-slider-57df2f69\" class=\"wp-block-themeisle-blocks-slider glide\" data-per-view=\"1\" data-gap=\"0\" data-peek=\"0\" data-autoplay=\"true\" data-height=\"400px\" data-hide-arrows=\"false\"><div class=\"glide__track\" data-glide-el=\"track\"><div class=\"glide__slides\"><div class=\"wp-block-themeisle-blocks-slider-item-wrapper glide__slide\" tabindex=\"0\"><figure><img decoding=\"async\" class=\"wp-block-themeisle-blocks-slider-item\" src=\"https:\/\/familie-weitgereist.de\/wp-content\/uploads\/2023\/01\/IMG_20230105_123042-scaled.jpg\" alt=\"\" title=\"\" data-id=\"12659\"\/><\/figure><\/div><div class=\"wp-block-themeisle-blocks-slider-item-wrapper glide__slide\" tabindex=\"0\"><figure><img decoding=\"async\" class=\"wp-block-themeisle-blocks-slider-item\" src=\"https:\/\/familie-weitgereist.de\/wp-content\/uploads\/2023\/01\/IMG_20230105_121402-scaled.jpg\" alt=\"\" title=\"\" data-id=\"12661\"\/><\/figure><\/div><div class=\"wp-block-themeisle-blocks-slider-item-wrapper glide__slide\" tabindex=\"0\"><figure><img decoding=\"async\" class=\"wp-block-themeisle-blocks-slider-item\" src=\"https:\/\/familie-weitgereist.de\/wp-content\/uploads\/2023\/01\/IMG_20230105_121031-scaled.jpg\" alt=\"\" title=\"\" data-id=\"12662\"\/><\/figure><\/div><\/div><div class=\"glide__bullets\" data-glide-el=\"controls[nav]\"><button class=\"glide__bullet\" data-glide-dir=\"=0\"><\/button><button class=\"glide__bullet\" data-glide-dir=\"=1\"><\/button><button class=\"glide__bullet\" data-glide-dir=\"=2\"><\/button><\/div><\/div><\/div>\n\n\n\n<p>Tarifa ist bekannt f\u00fcr seine wei\u00dfen H\u00e4user. Wir schlenderten etwas durch die Stadt und fanden einen tollen Spielplatz direkt am Meer.<\/p>\n\n\n\n<figure class=\"wp-block-image size-large\"><img loading=\"lazy\" decoding=\"async\" width=\"1024\" height=\"768\" src=\"https:\/\/familie-weitgereist.de\/wp-content\/uploads\/2023\/01\/IMG_20230105_140452-1024x768.jpg\" alt=\"\" class=\"wp-image-12658\" srcset=\"https:\/\/familie-weitgereist.de\/wp-content\/uploads\/2023\/01\/IMG_20230105_140452-1024x768.jpg 1024w, https:\/\/familie-weitgereist.de\/wp-content\/uploads\/2023\/01\/IMG_20230105_140452-300x225.jpg 300w, https:\/\/familie-weitgereist.de\/wp-content\/uploads\/2023\/01\/IMG_20230105_140452-768x576.jpg 768w, https:\/\/familie-weitgereist.de\/wp-content\/uploads\/2023\/01\/IMG_20230105_140452-1536x1152.jpg 1536w, https:\/\/familie-weitgereist.de\/wp-content\/uploads\/2023\/01\/IMG_20230105_140452-2048x1536.jpg 2048w, https:\/\/familie-weitgereist.de\/wp-content\/uploads\/2023\/01\/IMG_20230105_140452-1200x900.jpg 1200w, https:\/\/familie-weitgereist.de\/wp-content\/uploads\/2023\/01\/IMG_20230105_140452-1980x1485.jpg 1980w, https:\/\/familie-weitgereist.de\/wp-content\/uploads\/2023\/01\/IMG_20230105_140452-150x113.jpg 150w\" sizes=\"auto, (max-width: 1024px) 100vw, 1024px\" \/><\/figure>\n\n\n\n<h2 class=\"wp-block-heading\" id=\"torro\">Torrox <\/h2>\n\n\n\n<p>In der Kleinstadt in Torrox leben ca. 17.000 Menschen. Die Stadt geh\u00f6rt ebenso zu den &#8222;wei\u00dfen D\u00f6rfern Andalusiens&#8220;. Die verwinkelten Gassen, die Lage des Ortes in den Bergen und der Meerblick gefielen uns besonders gut. Von unserer Ferienwohnung in Torrox-Costa war es nur eine kleine Anreise um die sch\u00f6ne Altstadt zu besichtigen. <\/p>\n\n\n\n<div id=\"wp-block-themeisle-blocks-slider-db533fba\" class=\"wp-block-themeisle-blocks-slider glide\" data-per-view=\"1\" data-gap=\"0\" data-peek=\"0\" data-autoplay=\"true\" data-height=\"400px\" data-hide-arrows=\"false\"><div class=\"glide__track\" data-glide-el=\"track\"><div class=\"glide__slides\"><div class=\"wp-block-themeisle-blocks-slider-item-wrapper glide__slide\" tabindex=\"0\"><figure><img decoding=\"async\" class=\"wp-block-themeisle-blocks-slider-item\" src=\"https:\/\/familie-weitgereist.de\/wp-content\/uploads\/2023\/04\/IMG_20230417_110737-scaled.jpg\" alt=\"\" title=\"\" data-id=\"13985\"\/><\/figure><\/div><div class=\"wp-block-themeisle-blocks-slider-item-wrapper glide__slide\" tabindex=\"0\"><figure><img decoding=\"async\" class=\"wp-block-themeisle-blocks-slider-item\" src=\"https:\/\/familie-weitgereist.de\/wp-content\/uploads\/2023\/04\/IMG_20230417_104800-scaled.jpg\" alt=\"\" title=\"\" data-id=\"13987\"\/><\/figure><\/div><div class=\"wp-block-themeisle-blocks-slider-item-wrapper glide__slide\" tabindex=\"0\"><figure><img decoding=\"async\" class=\"wp-block-themeisle-blocks-slider-item\" src=\"https:\/\/familie-weitgereist.de\/wp-content\/uploads\/2023\/04\/IMG_20230417_103951-scaled.jpg\" alt=\"\" title=\"\" data-id=\"13988\"\/><\/figure><\/div><div class=\"wp-block-themeisle-blocks-slider-item-wrapper glide__slide\" tabindex=\"0\"><figure><img decoding=\"async\" class=\"wp-block-themeisle-blocks-slider-item\" src=\"https:\/\/familie-weitgereist.de\/wp-content\/uploads\/2023\/04\/IMG_20230417_103343-scaled.jpg\" alt=\"\" title=\"\" data-id=\"13989\"\/><\/figure><\/div><\/div><div class=\"glide__bullets\" data-glide-el=\"controls[nav]\"><button class=\"glide__bullet\" data-glide-dir=\"=0\"><\/button><button class=\"glide__bullet\" data-glide-dir=\"=1\"><\/button><button class=\"glide__bullet\" data-glide-dir=\"=2\"><\/button><button class=\"glide__bullet\" data-glide-dir=\"=3\"><\/button><\/div><\/div><\/div>\n\n\n\n<p>Auch hier gab es einen tollen Spielplatz. <\/p>\n\n\n\n<figure class=\"wp-block-image size-large\"><img loading=\"lazy\" decoding=\"async\" width=\"1024\" height=\"768\" src=\"https:\/\/familie-weitgereist.de\/wp-content\/uploads\/2023\/04\/IMG_20230417_111434-1024x768.jpg\" alt=\"\" class=\"wp-image-13984\" srcset=\"https:\/\/familie-weitgereist.de\/wp-content\/uploads\/2023\/04\/IMG_20230417_111434-1024x768.jpg 1024w, https:\/\/familie-weitgereist.de\/wp-content\/uploads\/2023\/04\/IMG_20230417_111434-300x225.jpg 300w, https:\/\/familie-weitgereist.de\/wp-content\/uploads\/2023\/04\/IMG_20230417_111434-768x576.jpg 768w, https:\/\/familie-weitgereist.de\/wp-content\/uploads\/2023\/04\/IMG_20230417_111434-1536x1152.jpg 1536w, https:\/\/familie-weitgereist.de\/wp-content\/uploads\/2023\/04\/IMG_20230417_111434-2048x1536.jpg 2048w, https:\/\/familie-weitgereist.de\/wp-content\/uploads\/2023\/04\/IMG_20230417_111434-1200x900.jpg 1200w, https:\/\/familie-weitgereist.de\/wp-content\/uploads\/2023\/04\/IMG_20230417_111434-1980x1485.jpg 1980w, https:\/\/familie-weitgereist.de\/wp-content\/uploads\/2023\/04\/IMG_20230417_111434-150x113.jpg 150w\" sizes=\"auto, (max-width: 1024px) 100vw, 1024px\" \/><figcaption class=\"wp-element-caption\">Spielplatz in Torrox<\/figcaption><\/figure>\n\n\n\n<h2 class=\"wp-block-heading\" id=\"torrox\">Torrox-Costa <\/h2>\n\n\n\n<p>Wir haben zwei Wochen in einer richtig tollen und gro\u00dfen Ferienunterkunft in Torrox-Costa verbracht. <\/p>\n\n\n\n<figure class=\"wp-block-image size-large\"><img loading=\"lazy\" decoding=\"async\" width=\"1024\" height=\"768\" src=\"https:\/\/familie-weitgereist.de\/wp-content\/uploads\/2023\/04\/IMG_20230415_100223-1024x768.jpg\" alt=\"\" class=\"wp-image-13935\" srcset=\"https:\/\/familie-weitgereist.de\/wp-content\/uploads\/2023\/04\/IMG_20230415_100223-1024x768.jpg 1024w, https:\/\/familie-weitgereist.de\/wp-content\/uploads\/2023\/04\/IMG_20230415_100223-300x225.jpg 300w, https:\/\/familie-weitgereist.de\/wp-content\/uploads\/2023\/04\/IMG_20230415_100223-768x576.jpg 768w, https:\/\/familie-weitgereist.de\/wp-content\/uploads\/2023\/04\/IMG_20230415_100223-1536x1152.jpg 1536w, https:\/\/familie-weitgereist.de\/wp-content\/uploads\/2023\/04\/IMG_20230415_100223-2048x1536.jpg 2048w, https:\/\/familie-weitgereist.de\/wp-content\/uploads\/2023\/04\/IMG_20230415_100223-1200x900.jpg 1200w, https:\/\/familie-weitgereist.de\/wp-content\/uploads\/2023\/04\/IMG_20230415_100223-1980x1485.jpg 1980w, https:\/\/familie-weitgereist.de\/wp-content\/uploads\/2023\/04\/IMG_20230415_100223-150x113.jpg 150w\" sizes=\"auto, (max-width: 1024px) 100vw, 1024px\" \/><figcaption class=\"wp-element-caption\">Dunas Beach in Torrox-Costa <\/figcaption><\/figure>\n\n\n\n<div id=\"wp-block-themeisle-blocks-slider-2e2f77c5\" class=\"wp-block-themeisle-blocks-slider glide\" data-per-view=\"1\" data-gap=\"0\" data-peek=\"0\" data-autoplay=\"true\" data-height=\"400px\" data-hide-arrows=\"false\"><div class=\"glide__track\" data-glide-el=\"track\"><div class=\"glide__slides\"><div class=\"wp-block-themeisle-blocks-slider-item-wrapper glide__slide\" tabindex=\"0\"><figure><img decoding=\"async\" class=\"wp-block-themeisle-blocks-slider-item\" src=\"https:\/\/familie-weitgereist.de\/wp-content\/uploads\/2023\/04\/IMG_20230407_150319-scaled.jpg\" alt=\"\" title=\"\" data-id=\"13920\"\/><\/figure><\/div><div class=\"wp-block-themeisle-blocks-slider-item-wrapper glide__slide\" tabindex=\"0\"><figure><img decoding=\"async\" class=\"wp-block-themeisle-blocks-slider-item\" src=\"https:\/\/familie-weitgereist.de\/wp-content\/uploads\/2023\/04\/IMG_20230405_135631-scaled.jpg\" alt=\"\" title=\"\" data-id=\"13922\"\/><\/figure><\/div><\/div><div class=\"glide__bullets\" data-glide-el=\"controls[nav]\"><button class=\"glide__bullet\" data-glide-dir=\"=0\"><\/button><button class=\"glide__bullet\" data-glide-dir=\"=1\"><\/button><\/div><\/div><\/div>\n\n\n\n<p>Der kleine Ort ist ruhig und entspannt. Ein <strong>langer Sandstrand<\/strong> l\u00e4dt zum Spielen, Entspannen und Baden ein. <\/p>\n\n\n\n<div id=\"wp-block-themeisle-blocks-slider-8aa6853e\" class=\"wp-block-themeisle-blocks-slider glide\" data-per-view=\"1\" data-gap=\"0\" data-peek=\"0\" data-autoplay=\"true\" data-height=\"400px\" data-hide-arrows=\"false\"><div class=\"glide__track\" data-glide-el=\"track\"><div class=\"glide__slides\"><div class=\"wp-block-themeisle-blocks-slider-item-wrapper glide__slide\" tabindex=\"0\"><figure><img decoding=\"async\" class=\"wp-block-themeisle-blocks-slider-item\" src=\"https:\/\/familie-weitgereist.de\/wp-content\/uploads\/2023\/04\/IMG_20230413_120216-scaled.jpg\" alt=\"\" title=\"\" data-id=\"13918\"\/><\/figure><\/div><div class=\"wp-block-themeisle-blocks-slider-item-wrapper glide__slide\" tabindex=\"0\"><figure><img decoding=\"async\" class=\"wp-block-themeisle-blocks-slider-item\" src=\"https:\/\/familie-weitgereist.de\/wp-content\/uploads\/2023\/04\/IMG_20230405_105045-scaled.jpg\" alt=\"\" title=\"\" data-id=\"13919\"\/><\/figure><\/div><\/div><div class=\"glide__bullets\" data-glide-el=\"controls[nav]\"><button class=\"glide__bullet\" data-glide-dir=\"=0\"><\/button><button class=\"glide__bullet\" data-glide-dir=\"=1\"><\/button><\/div><\/div><\/div>\n\n\n\n<p>Der Ort hat ruhigere Strandabschnitte und einen Strandabschnitt mit vielen Bars und Restaurants zum Einkehren. Zwei sch\u00f6ne Spielpl\u00e4tze gibt es ebenfalls.<\/p>\n\n\n\n<figure class=\"wp-block-image size-large is-resized\"><img loading=\"lazy\" decoding=\"async\" width=\"1024\" height=\"768\" src=\"https:\/\/familie-weitgereist.de\/wp-content\/uploads\/2023\/04\/IMG_20230404_160347_1-1024x768.jpg\" alt=\"\" class=\"wp-image-13926\" style=\"width:377px;height:282px\" srcset=\"https:\/\/familie-weitgereist.de\/wp-content\/uploads\/2023\/04\/IMG_20230404_160347_1-1024x768.jpg 1024w, https:\/\/familie-weitgereist.de\/wp-content\/uploads\/2023\/04\/IMG_20230404_160347_1-300x225.jpg 300w, https:\/\/familie-weitgereist.de\/wp-content\/uploads\/2023\/04\/IMG_20230404_160347_1-768x576.jpg 768w, https:\/\/familie-weitgereist.de\/wp-content\/uploads\/2023\/04\/IMG_20230404_160347_1-1536x1152.jpg 1536w, https:\/\/familie-weitgereist.de\/wp-content\/uploads\/2023\/04\/IMG_20230404_160347_1-2048x1536.jpg 2048w, https:\/\/familie-weitgereist.de\/wp-content\/uploads\/2023\/04\/IMG_20230404_160347_1-1200x900.jpg 1200w, https:\/\/familie-weitgereist.de\/wp-content\/uploads\/2023\/04\/IMG_20230404_160347_1-1980x1485.jpg 1980w, https:\/\/familie-weitgereist.de\/wp-content\/uploads\/2023\/04\/IMG_20230404_160347_1-150x113.jpg 150w\" sizes=\"auto, (max-width: 1024px) 100vw, 1024px\" \/><figcaption class=\"wp-element-caption\">Spielpl\u00e4tze in Torrox-Costa<\/figcaption><\/figure>\n\n\n\n<figure class=\"wp-block-image size-large\"><img loading=\"lazy\" decoding=\"async\" width=\"1024\" height=\"768\" src=\"https:\/\/familie-weitgereist.de\/wp-content\/uploads\/2023\/04\/IMG_20230416_134137-1024x768.jpg\" alt=\"\" class=\"wp-image-13978\" srcset=\"https:\/\/familie-weitgereist.de\/wp-content\/uploads\/2023\/04\/IMG_20230416_134137-1024x768.jpg 1024w, https:\/\/familie-weitgereist.de\/wp-content\/uploads\/2023\/04\/IMG_20230416_134137-300x225.jpg 300w, https:\/\/familie-weitgereist.de\/wp-content\/uploads\/2023\/04\/IMG_20230416_134137-768x576.jpg 768w, https:\/\/familie-weitgereist.de\/wp-content\/uploads\/2023\/04\/IMG_20230416_134137-1536x1152.jpg 1536w, https:\/\/familie-weitgereist.de\/wp-content\/uploads\/2023\/04\/IMG_20230416_134137-2048x1536.jpg 2048w, https:\/\/familie-weitgereist.de\/wp-content\/uploads\/2023\/04\/IMG_20230416_134137-1200x900.jpg 1200w, https:\/\/familie-weitgereist.de\/wp-content\/uploads\/2023\/04\/IMG_20230416_134137-1980x1485.jpg 1980w, https:\/\/familie-weitgereist.de\/wp-content\/uploads\/2023\/04\/IMG_20230416_134137-150x113.jpg 150w\" sizes=\"auto, (max-width: 1024px) 100vw, 1024px\" \/><\/figure>\n\n\n\n<h2 class=\"wp-block-heading\" id=\"velezmalaga\">V\u00e9lez-M\u00e1laga <\/h2>\n\n\n\n<p>V\u00e9lez-M\u00e1laga liegt nur 28 km von M\u00e1laga entfernt. In der Stadt gibt es mehrere Kirchen und eine Burg. Wir hatten nur einen kurzen Zwischenstopp auf dem Weg nach Frigiliana. Oben im Ort gibt es einen tollen Spielplatz und eine sch\u00f6ne Parkanlage, mit kleinem Wasserfall, einer Kirche und sogar einem kleinen Auditorium. Von dort konnten wir den Blick auf das Mittelmeer genie\u00dfen! <\/p>\n\n\n\n<figure class=\"wp-block-image size-large\"><img loading=\"lazy\" decoding=\"async\" width=\"1024\" height=\"768\" src=\"https:\/\/familie-weitgereist.de\/wp-content\/uploads\/2023\/04\/IMG_20230409_124331-1024x768.jpg\" alt=\"\" class=\"wp-image-13838\" srcset=\"https:\/\/familie-weitgereist.de\/wp-content\/uploads\/2023\/04\/IMG_20230409_124331-1024x768.jpg 1024w, https:\/\/familie-weitgereist.de\/wp-content\/uploads\/2023\/04\/IMG_20230409_124331-300x225.jpg 300w, https:\/\/familie-weitgereist.de\/wp-content\/uploads\/2023\/04\/IMG_20230409_124331-768x576.jpg 768w, https:\/\/familie-weitgereist.de\/wp-content\/uploads\/2023\/04\/IMG_20230409_124331-1536x1152.jpg 1536w, https:\/\/familie-weitgereist.de\/wp-content\/uploads\/2023\/04\/IMG_20230409_124331-2048x1536.jpg 2048w, https:\/\/familie-weitgereist.de\/wp-content\/uploads\/2023\/04\/IMG_20230409_124331-1200x900.jpg 1200w, https:\/\/familie-weitgereist.de\/wp-content\/uploads\/2023\/04\/IMG_20230409_124331-1980x1485.jpg 1980w, https:\/\/familie-weitgereist.de\/wp-content\/uploads\/2023\/04\/IMG_20230409_124331-150x113.jpg 150w\" sizes=\"auto, (max-width: 1024px) 100vw, 1024px\" \/><figcaption class=\"wp-element-caption\">Spielplatz in V\u00e9lez-M\u00e1laga<\/figcaption><\/figure>\n\n\n\n<div id=\"wp-block-themeisle-blocks-slider-2975cccc\" class=\"wp-block-themeisle-blocks-slider glide\" data-per-view=\"1\" data-gap=\"0\" data-peek=\"0\" data-autoplay=\"true\" data-height=\"400px\" data-hide-arrows=\"false\"><div class=\"glide__track\" data-glide-el=\"track\"><div class=\"glide__slides\"><div class=\"wp-block-themeisle-blocks-slider-item-wrapper glide__slide\" tabindex=\"0\"><figure><img decoding=\"async\" class=\"wp-block-themeisle-blocks-slider-item\" src=\"https:\/\/familie-weitgereist.de\/wp-content\/uploads\/2023\/04\/IMG_20230409_134135-scaled.jpg\" alt=\"\" title=\"\" data-id=\"13833\"\/><\/figure><\/div><div class=\"wp-block-themeisle-blocks-slider-item-wrapper glide__slide\" tabindex=\"0\"><figure><img decoding=\"async\" class=\"wp-block-themeisle-blocks-slider-item\" src=\"https:\/\/familie-weitgereist.de\/wp-content\/uploads\/2023\/04\/IMG_20230409_133923-scaled.jpg\" alt=\"\" title=\"\" data-id=\"13835\"\/><\/figure><\/div><div class=\"wp-block-themeisle-blocks-slider-item-wrapper glide__slide\" tabindex=\"0\"><figure><img decoding=\"async\" class=\"wp-block-themeisle-blocks-slider-item\" src=\"https:\/\/familie-weitgereist.de\/wp-content\/uploads\/2023\/04\/IMG_20230409_123926-scaled.jpg\" alt=\"\" title=\"\" data-id=\"13836\"\/><\/figure><\/div><\/div><div class=\"glide__bullets\" data-glide-el=\"controls[nav]\"><button class=\"glide__bullet\" data-glide-dir=\"=0\"><\/button><button class=\"glide__bullet\" data-glide-dir=\"=1\"><\/button><button class=\"glide__bullet\" data-glide-dir=\"=2\"><\/button><\/div><\/div><\/div>\n\n\n\n<h2 class=\"wp-block-heading\" id=\"wandern\">Wanderungen in Andalusien (El Torcal)<\/h2>\n\n\n\n<p>Wir lieben es zu wandern und in Andalusien gibt es auch ein paar sehr sch\u00f6ne Touren! <\/p>\n\n\n\n<p>Ein <strong>absolutes Wanderhighlight<\/strong>, das wirklich auf keiner Reise in Andalusien fehlen sollte, ist <strong>El Torcal<\/strong>! <\/p>\n\n\n\n<figure class=\"wp-block-image size-large is-resized\"><img loading=\"lazy\" decoding=\"async\" width=\"1024\" height=\"768\" src=\"https:\/\/familie-weitgereist.de\/wp-content\/uploads\/2023\/04\/IMG_20230414_135625-1024x768.jpg\" alt=\"\" class=\"wp-image-13933\" style=\"width:376px;height:281px\" srcset=\"https:\/\/familie-weitgereist.de\/wp-content\/uploads\/2023\/04\/IMG_20230414_135625-1024x768.jpg 1024w, https:\/\/familie-weitgereist.de\/wp-content\/uploads\/2023\/04\/IMG_20230414_135625-300x225.jpg 300w, https:\/\/familie-weitgereist.de\/wp-content\/uploads\/2023\/04\/IMG_20230414_135625-768x576.jpg 768w, https:\/\/familie-weitgereist.de\/wp-content\/uploads\/2023\/04\/IMG_20230414_135625-1536x1152.jpg 1536w, https:\/\/familie-weitgereist.de\/wp-content\/uploads\/2023\/04\/IMG_20230414_135625-2048x1536.jpg 2048w, https:\/\/familie-weitgereist.de\/wp-content\/uploads\/2023\/04\/IMG_20230414_135625-1200x900.jpg 1200w, https:\/\/familie-weitgereist.de\/wp-content\/uploads\/2023\/04\/IMG_20230414_135625-1980x1485.jpg 1980w, https:\/\/familie-weitgereist.de\/wp-content\/uploads\/2023\/04\/IMG_20230414_135625-150x113.jpg 150w\" sizes=\"auto, (max-width: 1024px) 100vw, 1024px\" \/><figcaption class=\"wp-element-caption\">El Torcal<\/figcaption><\/figure>\n\n\n\n<p>Die Landschaft ist absolut traumhaft und erinnerte uns sehr an die s\u00e4chsische Schweiz und das Zittauer Gebirge in Deutschland. Die Felsformationen sind absolut beeindruckend im Naturpark. Die Kalkfelsen sehen aus als w\u00e4ren sie \u00fcbereinander gestapelt worden und ragen in die H\u00f6he. Die saftig gr\u00fcnen Wiesen und die Felsformationen, die ab und an sogar ein Steintier erkennen lassen, sind sehenswert. <\/p>\n\n\n\n<div id=\"wp-block-themeisle-blocks-slider-09222bdb\" class=\"wp-block-themeisle-blocks-slider glide\" data-per-view=\"1\" data-gap=\"0\" data-peek=\"0\" data-autoplay=\"true\" data-height=\"400px\" data-hide-arrows=\"false\"><div class=\"glide__track\" data-glide-el=\"track\"><div class=\"glide__slides\"><div class=\"wp-block-themeisle-blocks-slider-item-wrapper glide__slide\" tabindex=\"0\"><figure><img decoding=\"async\" class=\"wp-block-themeisle-blocks-slider-item\" src=\"https:\/\/familie-weitgereist.de\/wp-content\/uploads\/2023\/04\/IMG_20230414_145232-scaled.jpg\" alt=\"\" title=\"\" data-id=\"13946\"\/><\/figure><\/div><div class=\"wp-block-themeisle-blocks-slider-item-wrapper glide__slide\" tabindex=\"0\"><figure><img decoding=\"async\" class=\"wp-block-themeisle-blocks-slider-item\" src=\"https:\/\/familie-weitgereist.de\/wp-content\/uploads\/2023\/04\/IMG_20230414_144142-scaled.jpg\" alt=\"\" title=\"\" data-id=\"13947\"\/><\/figure><\/div><div class=\"wp-block-themeisle-blocks-slider-item-wrapper glide__slide\" tabindex=\"0\"><figure><img decoding=\"async\" class=\"wp-block-themeisle-blocks-slider-item\" src=\"https:\/\/familie-weitgereist.de\/wp-content\/uploads\/2023\/04\/IMG_20230414_143005-scaled.jpg\" alt=\"\" title=\"\" data-id=\"13948\"\/><\/figure><\/div><\/div><div class=\"glide__bullets\" data-glide-el=\"controls[nav]\"><button class=\"glide__bullet\" data-glide-dir=\"=0\"><\/button><button class=\"glide__bullet\" data-glide-dir=\"=1\"><\/button><button class=\"glide__bullet\" data-glide-dir=\"=2\"><\/button><\/div><\/div><\/div>\n\n\n\n<p>Es gibt zwei Wanderrouten, die gr\u00fcne und die gelbe, die f\u00fcr alle zug\u00e4nglich sind. Der gr\u00fcne Weg ist 1,4 km und die gelbe Route 2,75 km lang. Es m\u00fcssen bei beiden Routen keine gro\u00dfartigen H\u00f6henunterschiede zur\u00fcck gelegt werden. Festes Schuhwerk ist dennoch zu empfehlen, da der Weg uneben ist und \u00fcber viele Steine verl\u00e4uft. <\/p>\n\n\n\n<figure class=\"wp-block-image size-large\"><img loading=\"lazy\" decoding=\"async\" width=\"1024\" height=\"768\" src=\"https:\/\/familie-weitgereist.de\/wp-content\/uploads\/2023\/04\/IMG_20230414_123624-1024x768.jpg\" alt=\"\" class=\"wp-image-13949\" srcset=\"https:\/\/familie-weitgereist.de\/wp-content\/uploads\/2023\/04\/IMG_20230414_123624-1024x768.jpg 1024w, https:\/\/familie-weitgereist.de\/wp-content\/uploads\/2023\/04\/IMG_20230414_123624-300x225.jpg 300w, https:\/\/familie-weitgereist.de\/wp-content\/uploads\/2023\/04\/IMG_20230414_123624-768x576.jpg 768w, https:\/\/familie-weitgereist.de\/wp-content\/uploads\/2023\/04\/IMG_20230414_123624-1536x1152.jpg 1536w, https:\/\/familie-weitgereist.de\/wp-content\/uploads\/2023\/04\/IMG_20230414_123624-2048x1536.jpg 2048w, https:\/\/familie-weitgereist.de\/wp-content\/uploads\/2023\/04\/IMG_20230414_123624-1200x900.jpg 1200w, https:\/\/familie-weitgereist.de\/wp-content\/uploads\/2023\/04\/IMG_20230414_123624-1980x1485.jpg 1980w, https:\/\/familie-weitgereist.de\/wp-content\/uploads\/2023\/04\/IMG_20230414_123624-150x113.jpg 150w\" sizes=\"auto, (max-width: 1024px) 100vw, 1024px\" \/><\/figure>\n\n\n\n<p>Wir entscheiden uns f\u00fcr die gelbe Route. Merlin lief die gesamte Strecke selbst und hatte so viel Spa\u00df beim Erklimmen kleiner Felsen, dem Durchlaufen des Labyrinthes und beim Rennen in dieser traumhaften Landschaft. Die Wege sind sehr gut markiert. Wir durchquerten Schluchten, liefen an den gro\u00dfen Felsen vorbei und kamen aus dem Staunen nicht heraus. <\/p>\n\n\n\n<div id=\"wp-block-themeisle-blocks-slider-f01fce54\" class=\"wp-block-themeisle-blocks-slider glide\" data-per-view=\"1\" data-gap=\"0\" data-peek=\"0\" data-autoplay=\"true\" data-height=\"400px\" data-hide-arrows=\"false\"><div class=\"glide__track\" data-glide-el=\"track\"><div class=\"glide__slides\"><div class=\"wp-block-themeisle-blocks-slider-item-wrapper glide__slide\" tabindex=\"0\"><figure><img decoding=\"async\" class=\"wp-block-themeisle-blocks-slider-item\" src=\"https:\/\/familie-weitgereist.de\/wp-content\/uploads\/2023\/04\/IMG_20230414_121808-scaled.jpg\" alt=\"\" title=\"\" data-id=\"13951\"\/><\/figure><\/div><div class=\"wp-block-themeisle-blocks-slider-item-wrapper glide__slide\" tabindex=\"0\"><figure><img decoding=\"async\" class=\"wp-block-themeisle-blocks-slider-item\" src=\"https:\/\/familie-weitgereist.de\/wp-content\/uploads\/2023\/04\/IMG_20230414_124044-scaled.jpg\" alt=\"\" title=\"\" data-id=\"13953\"\/><\/figure><\/div><div class=\"wp-block-themeisle-blocks-slider-item-wrapper glide__slide\" tabindex=\"0\"><figure><img decoding=\"async\" class=\"wp-block-themeisle-blocks-slider-item\" src=\"https:\/\/familie-weitgereist.de\/wp-content\/uploads\/2023\/04\/IMG_20230414_124601-scaled.jpg\" alt=\"\" title=\"\" data-id=\"13954\"\/><\/figure><\/div><\/div><div class=\"glide__bullets\" data-glide-el=\"controls[nav]\"><button class=\"glide__bullet\" data-glide-dir=\"=0\"><\/button><button class=\"glide__bullet\" data-glide-dir=\"=1\"><\/button><button class=\"glide__bullet\" data-glide-dir=\"=2\"><\/button><\/div><\/div><\/div>\n\n\n\n<p>Von einem Aussichtspunkt hatten wir sogar den Ausblick auf M\u00e1laga und das Meer.<\/p>\n\n\n\n<figure class=\"wp-block-image size-large\"><img loading=\"lazy\" decoding=\"async\" width=\"1024\" height=\"768\" src=\"https:\/\/familie-weitgereist.de\/wp-content\/uploads\/2023\/04\/IMG_20230414_120046-1024x768.jpg\" alt=\"\" class=\"wp-image-13945\" srcset=\"https:\/\/familie-weitgereist.de\/wp-content\/uploads\/2023\/04\/IMG_20230414_120046-1024x768.jpg 1024w, https:\/\/familie-weitgereist.de\/wp-content\/uploads\/2023\/04\/IMG_20230414_120046-300x225.jpg 300w, https:\/\/familie-weitgereist.de\/wp-content\/uploads\/2023\/04\/IMG_20230414_120046-768x576.jpg 768w, https:\/\/familie-weitgereist.de\/wp-content\/uploads\/2023\/04\/IMG_20230414_120046-1536x1152.jpg 1536w, https:\/\/familie-weitgereist.de\/wp-content\/uploads\/2023\/04\/IMG_20230414_120046-2048x1536.jpg 2048w, https:\/\/familie-weitgereist.de\/wp-content\/uploads\/2023\/04\/IMG_20230414_120046-1200x900.jpg 1200w, https:\/\/familie-weitgereist.de\/wp-content\/uploads\/2023\/04\/IMG_20230414_120046-1980x1485.jpg 1980w, https:\/\/familie-weitgereist.de\/wp-content\/uploads\/2023\/04\/IMG_20230414_120046-150x113.jpg 150w\" sizes=\"auto, (max-width: 1024px) 100vw, 1024px\" \/><figcaption class=\"wp-element-caption\">Aussichtspunkt <\/figcaption><\/figure>\n\n\n\n<p>Einen kleinen Rundweg von ca. 6 km haben wir unweit von M\u00e1laga unternommen. Wir sind an dem <strong>Stausee Embalse del Limonero<\/strong> entlang gelaufen. Uns hat der Weitblick bis nach M\u00e1laga sehr gut gefallen. Der Weg ging stets auf und ab, durch die typische trockene Berglandschaft mit wunderbarem Pinienduft. Eine kleine Kraxellei war auch dabei, besonders zu empfehlen f\u00fcr kleine Abenteurer. <\/p>\n\n\n\n<div id=\"wp-block-themeisle-blocks-slider-d55fa000\" class=\"wp-block-themeisle-blocks-slider glide\" data-per-view=\"1\" data-gap=\"0\" data-peek=\"0\" data-autoplay=\"true\" data-height=\"400px\" data-hide-arrows=\"false\"><div class=\"glide__track\" data-glide-el=\"track\"><div class=\"glide__slides\"><div class=\"wp-block-themeisle-blocks-slider-item-wrapper glide__slide\" tabindex=\"0\"><figure><img decoding=\"async\" class=\"wp-block-themeisle-blocks-slider-item\" src=\"https:\/\/familie-weitgereist.de\/wp-content\/uploads\/2023\/04\/IMG_20230411_142548-scaled.jpg\" alt=\"\" title=\"\" data-id=\"13868\"\/><\/figure><\/div><div class=\"wp-block-themeisle-blocks-slider-item-wrapper glide__slide\" tabindex=\"0\"><figure><img decoding=\"async\" class=\"wp-block-themeisle-blocks-slider-item\" src=\"https:\/\/familie-weitgereist.de\/wp-content\/uploads\/2023\/04\/IMG_20230411_142236-scaled.jpg\" alt=\"\" title=\"\" data-id=\"13870\"\/><\/figure><\/div><div class=\"wp-block-themeisle-blocks-slider-item-wrapper glide__slide\" tabindex=\"0\"><figure><img decoding=\"async\" class=\"wp-block-themeisle-blocks-slider-item\" src=\"https:\/\/familie-weitgereist.de\/wp-content\/uploads\/2023\/04\/IMG_20230411_131618-scaled.jpg\" alt=\"\" title=\"\" data-id=\"13871\"\/><\/figure><\/div><\/div><div class=\"glide__bullets\" data-glide-el=\"controls[nav]\"><button class=\"glide__bullet\" data-glide-dir=\"=0\"><\/button><button class=\"glide__bullet\" data-glide-dir=\"=1\"><\/button><button class=\"glide__bullet\" data-glide-dir=\"=2\"><\/button><\/div><\/div><\/div>\n\n\n\n<p>Im Anschluss an die Wanderung sind wir in <strong>M\u00e1laga<\/strong> im <strong><em>Parque de la Alegr\u00eda <\/em><\/strong>gewesen. Merlin und Maris haben sch\u00f6n auf dem Spielplatz gespielt.<\/p>\n\n\n\n<figure class=\"wp-block-image size-large is-resized\"><img loading=\"lazy\" decoding=\"async\" width=\"1024\" height=\"768\" src=\"https:\/\/familie-weitgereist.de\/wp-content\/uploads\/2023\/04\/IMG_20230411_154321-1024x768.jpg\" alt=\"\" class=\"wp-image-13876\" style=\"width:377px;height:282px\" srcset=\"https:\/\/familie-weitgereist.de\/wp-content\/uploads\/2023\/04\/IMG_20230411_154321-1024x768.jpg 1024w, https:\/\/familie-weitgereist.de\/wp-content\/uploads\/2023\/04\/IMG_20230411_154321-300x225.jpg 300w, https:\/\/familie-weitgereist.de\/wp-content\/uploads\/2023\/04\/IMG_20230411_154321-768x576.jpg 768w, https:\/\/familie-weitgereist.de\/wp-content\/uploads\/2023\/04\/IMG_20230411_154321-1536x1152.jpg 1536w, https:\/\/familie-weitgereist.de\/wp-content\/uploads\/2023\/04\/IMG_20230411_154321-2048x1536.jpg 2048w, https:\/\/familie-weitgereist.de\/wp-content\/uploads\/2023\/04\/IMG_20230411_154321-1200x900.jpg 1200w, https:\/\/familie-weitgereist.de\/wp-content\/uploads\/2023\/04\/IMG_20230411_154321-1980x1485.jpg 1980w, https:\/\/familie-weitgereist.de\/wp-content\/uploads\/2023\/04\/IMG_20230411_154321-150x113.jpg 150w\" sizes=\"auto, (max-width: 1024px) 100vw, 1024px\" \/><figcaption class=\"wp-element-caption\">Spielplatz Parque de la Alegr\u00eda<\/figcaption><\/figure>\n","protected":false},"excerpt":{"rendered":"<p>Ab November 2022 haben wir unsere Elternzeit genutzt um mit unserem&nbsp;VW T6&nbsp;durch Europa zu reisen. Unsere Reise startete in&nbsp;Deutschland, f\u00fchrte anschlie\u00dfend weiter nach&nbsp;Luxemburg,&nbsp;Frankreich,&nbsp;Andorra, auf die balearischen Inseln und Gibraltar. Anreise Wir haben von Ibiza die F\u00e4hre (GNV) nach Valencia genommen. Die Fahr\u00fcberfahrt dauerte 7 Stunden. Wir fuhren am Tag von 12:00 bis 19:00. Die Zeit [&hellip;]<\/p>\n","protected":false},"author":3,"featured_media":12682,"comment_status":"open","ping_status":"open","sticky":false,"template":"","format":"standard","meta":{"_themeisle_gutenberg_block_has_review":false,"footnotes":""},"categories":[246,8,4,377],"tags":[913,1840,832,811,808,1839,907,911,916,909,1838,914,1837,904,812,908,912,900,906,828,917,905,903,827,829,918,915,809,910],"class_list":["post-12073","post","type-post","status-publish","format-standard","has-post-thumbnail","hentry","category-spanien","category-europa","category-laender","category-spielplaetze","tag-alhambra","tag-alhaurin-de-la-torre","tag-andalusien","tag-banos-de-zujar","tag-barcelona","tag-benalmadena","tag-bosque-entcantado","tag-cueva-de-nerja","tag-el-torcal","tag-frigiliana","tag-fuengirola","tag-granada","tag-huelva","tag-juzcar","tag-manilva","tag-nerja","tag-nerja-hoehle","tag-olvera","tag-parauta","tag-ronda","tag-salobrena","tag-schlumpfendorf","tag-setenil-de-las-bodegas","tag-sevilla","tag-tarifa","tag-torrox","tag-torrox-costa","tag-valencia","tag-velez-malaga"],"_links":{"self":[{"href":"https:\/\/familie-weitgereist.de\/index.php?rest_route=\/wp\/v2\/posts\/12073","targetHints":{"allow":["GET"]}}],"collection":[{"href":"https:\/\/familie-weitgereist.de\/index.php?rest_route=\/wp\/v2\/posts"}],"about":[{"href":"https:\/\/familie-weitgereist.de\/index.php?rest_route=\/wp\/v2\/types\/post"}],"author":[{"embeddable":true,"href":"https:\/\/familie-weitgereist.de\/index.php?rest_route=\/wp\/v2\/users\/3"}],"replies":[{"embeddable":true,"href":"https:\/\/familie-weitgereist.de\/index.php?rest_route=%2Fwp%2Fv2%2Fcomments&post=12073"}],"version-history":[{"count":200,"href":"https:\/\/familie-weitgereist.de\/index.php?rest_route=\/wp\/v2\/posts\/12073\/revisions"}],"predecessor-version":[{"id":24356,"href":"https:\/\/familie-weitgereist.de\/index.php?rest_route=\/wp\/v2\/posts\/12073\/revisions\/24356"}],"wp:featuredmedia":[{"embeddable":true,"href":"https:\/\/familie-weitgereist.de\/index.php?rest_route=\/wp\/v2\/media\/12682"}],"wp:attachment":[{"href":"https:\/\/familie-weitgereist.de\/index.php?rest_route=%2Fwp%2Fv2%2Fmedia&parent=12073"}],"wp:term":[{"taxonomy":"category","embeddable":true,"href":"https:\/\/familie-weitgereist.de\/index.php?rest_route=%2Fwp%2Fv2%2Fcategories&post=12073"},{"taxonomy":"post_tag","embeddable":true,"href":"https:\/\/familie-weitgereist.de\/index.php?rest_route=%2Fwp%2Fv2%2Ftags&post=12073"}],"curies":[{"name":"wp","href":"https:\/\/api.w.org\/{rel}","templated":true}]}}