{"id":11799,"date":"2022-12-05T21:17:37","date_gmt":"2022-12-05T20:17:37","guid":{"rendered":"https:\/\/familie-weitgereist.de\/?p=11799"},"modified":"2025-11-08T22:38:32","modified_gmt":"2025-11-08T21:38:32","slug":"europareise-roadtrip-andorra-mit-kleinkind-und-baby","status":"publish","type":"post","link":"https:\/\/familie-weitgereist.de\/?p=11799","title":{"rendered":"Europareise Roadtrip &#8211; Andorra mit Kleinkind und Baby"},"content":{"rendered":"\n<p>Ab November 2022 haben wir unsere Elternzeit genutzt um mit unserem <strong>VW T6 <\/strong>durch Europa zu reisen. Unsere Reise startete in\u00a0<strong><a href=\"https:\/\/familie-weitgereist.de\/?p=11288\">Deutschland<\/a><\/strong>, f\u00fchrte anschlie\u00dfend weiter nach\u00a0<strong><a href=\"https:\/\/familie-weitgereist.de\/?p=11342\">Luxemburg<\/a><\/strong>,\u00a0<strong><a href=\"https:\/\/familie-weitgereist.de\/?p=11397\">Frankreich<\/a><\/strong> und <strong>Andorra<\/strong>.<\/p>\n\n\n\n<figure class=\"wp-block-embed is-type-video is-provider-youtube wp-block-embed-youtube wp-embed-aspect-16-9 wp-has-aspect-ratio\"><div class=\"wp-block-embed__wrapper\">\n<iframe loading=\"lazy\" title=\"ROADTRIP EUROPA 2022 \/ 2023  - Woche #004\" width=\"580\" height=\"326\" src=\"https:\/\/www.youtube.com\/embed\/ItU4Btkckv0?feature=oembed\" frameborder=\"0\" allow=\"accelerometer; autoplay; clipboard-write; encrypted-media; gyroscope; picture-in-picture; web-share\" referrerpolicy=\"strict-origin-when-cross-origin\" allowfullscreen><\/iframe>\n<\/div><\/figure>\n\n\n\n<p>Andorra geh\u00f6rt zu den sieben <strong>Zwergenstaaten<\/strong> <strong>Europas<\/strong> und liegt in den Pyren\u00e4en zwischen Frankreich und Spanien. Das kleine Land ist besonders f\u00fcr den Wintersport bekannt und seine grandiosen Bergwelten. Wohin das Auge reicht, sind Berge zu sehen. <\/p>\n\n\n\n<p>Die Distanzen im Land sind in jede Himmelsrichtung kurz, dennoch ben\u00f6tigt man eine Weile um die Bergstra\u00dfen zur\u00fcckzulegen.<\/p>\n\n\n\n<figure class=\"wp-block-image size-large\"><img loading=\"lazy\" decoding=\"async\" width=\"1024\" height=\"768\" src=\"https:\/\/familie-weitgereist.de\/wp-content\/uploads\/2022\/12\/IMG_20221206_123140-1024x768.jpg\" alt=\"\" class=\"wp-image-11887\" srcset=\"https:\/\/familie-weitgereist.de\/wp-content\/uploads\/2022\/12\/IMG_20221206_123140-1024x768.jpg 1024w, https:\/\/familie-weitgereist.de\/wp-content\/uploads\/2022\/12\/IMG_20221206_123140-300x225.jpg 300w, https:\/\/familie-weitgereist.de\/wp-content\/uploads\/2022\/12\/IMG_20221206_123140-768x576.jpg 768w, https:\/\/familie-weitgereist.de\/wp-content\/uploads\/2022\/12\/IMG_20221206_123140-1536x1152.jpg 1536w, https:\/\/familie-weitgereist.de\/wp-content\/uploads\/2022\/12\/IMG_20221206_123140-2048x1536.jpg 2048w, https:\/\/familie-weitgereist.de\/wp-content\/uploads\/2022\/12\/IMG_20221206_123140-1200x900.jpg 1200w, https:\/\/familie-weitgereist.de\/wp-content\/uploads\/2022\/12\/IMG_20221206_123140-1980x1485.jpg 1980w, https:\/\/familie-weitgereist.de\/wp-content\/uploads\/2022\/12\/IMG_20221206_123140-150x113.jpg 150w\" sizes=\"auto, (max-width: 1024px) 100vw, 1024px\" \/><figcaption class=\"wp-element-caption\">Blick auf Canillo<\/figcaption><\/figure>\n\n\n\n<p>In Andorra werden drei Sprachen gesprochen, Katalanisch ist die Amtssprache und aufgrund der N\u00e4he zu Spanien und Frankreich auch Spanisch und Franz\u00f6sisch. <\/p>\n\n\n\n<p>Es gibt 29 Bergh\u00fctten, in denen \u00fcbernachtet werden kann und viele Wanderkilometer, die gelaufen werden k\u00f6nnen. Zudem gibt es 300km Skipisten. Gute Liftanlagen bringen die Wintersportler nach oben.<\/p>\n\n\n\n<p>90% des Landes bestehen aus Bergen und lediglich 4% sind bebaut. Die Orte liegen tief in den T\u00e4lern, zu Fu\u00dfe der mehr als 65 \u00fcber 2000m hohen Berge. Im Herbst und Fr\u00fchling k\u00f6nnen schon die beschneiten Gipfel bestaunt werden. <\/p>\n\n\n\n<figure class=\"wp-block-image size-large\"><img loading=\"lazy\" decoding=\"async\" width=\"1024\" height=\"768\" src=\"https:\/\/familie-weitgereist.de\/wp-content\/uploads\/2022\/12\/IMG_20221206_120007-1024x768.jpg\" alt=\"\" class=\"wp-image-11914\" srcset=\"https:\/\/familie-weitgereist.de\/wp-content\/uploads\/2022\/12\/IMG_20221206_120007-1024x768.jpg 1024w, https:\/\/familie-weitgereist.de\/wp-content\/uploads\/2022\/12\/IMG_20221206_120007-300x225.jpg 300w, https:\/\/familie-weitgereist.de\/wp-content\/uploads\/2022\/12\/IMG_20221206_120007-768x576.jpg 768w, https:\/\/familie-weitgereist.de\/wp-content\/uploads\/2022\/12\/IMG_20221206_120007-1536x1152.jpg 1536w, https:\/\/familie-weitgereist.de\/wp-content\/uploads\/2022\/12\/IMG_20221206_120007-2048x1536.jpg 2048w, https:\/\/familie-weitgereist.de\/wp-content\/uploads\/2022\/12\/IMG_20221206_120007-1200x900.jpg 1200w, https:\/\/familie-weitgereist.de\/wp-content\/uploads\/2022\/12\/IMG_20221206_120007-1980x1485.jpg 1980w, https:\/\/familie-weitgereist.de\/wp-content\/uploads\/2022\/12\/IMG_20221206_120007-150x113.jpg 150w\" sizes=\"auto, (max-width: 1024px) 100vw, 1024px\" \/><\/figure>\n\n\n\n<p>Wir bereisten Anfang Dezember das Land und es waren viele und nahezu ausschlie\u00dflich spanische Touristen im Land. Wir sahen mehr spanische Autos als Andorranische. Den meisten Touristen sind wir in den St\u00e4dten begegnet, sobald wir die Serpentinen in die Berge hoch gefahren sind, waren wir sehr oft allein auf den Stra\u00dfen unterwegs. <\/p>\n\n\n\n<p>In Andorra leben ca. 77000 Einwohner, wovon ca. 23000 Einwohner in der Hauptstadt leben.<\/p>\n\n\n\n<h2 class=\"wp-block-heading\">Andorra la Vella<\/h2>\n\n\n\n<p><strong>Andorra la Vella<\/strong> ist die Hauptstadt des <strong>F\u00fcrstentums Andorra<\/strong> und zentral im Land gelegen. Die Stadt ist \u00e4u\u00dferst dicht bebaut und wir verglichen sie mit Monaco und Singapur. Der <strong>Fluss La Valira<\/strong> flie\u00dft durch die Stadt. Unmittelbar \u00fcber dem Fluss wurde ein Parkhaus gebaut, \u00fcber dem Parkhaus verl\u00e4uft direkt ein Autotunnel, direkt daneben stehen die Wohnh\u00e4user. Das Krankenhaus befindet sich in unmittelbarer N\u00e4he zur gr\u00f6\u00dften Therme des Landes, Caldea. Der zentrale Park mit vielen Spielpl\u00e4tzen liegt direkt neben der Haupteinkaufsstra\u00dfe mit ihren vielen Gesch\u00e4ften. Alles befindet sich irgendwie in unmittelbarer N\u00e4he zueinander und die Wohnh\u00e4user erstrecken sich dann bis an die Bergfelsen. <\/p>\n\n\n\n<div id=\"wp-block-themeisle-blocks-slider-a3ffde28\" class=\"wp-block-themeisle-blocks-slider glide\" data-per-view=\"1\" data-gap=\"0\" data-peek=\"0\" data-autoplay=\"true\" data-height=\"400px\" data-hide-arrows=\"false\"><div class=\"glide__track\" data-glide-el=\"track\"><div class=\"glide__slides\"><div class=\"wp-block-themeisle-blocks-slider-item-wrapper glide__slide\" tabindex=\"0\"><figure><img decoding=\"async\" class=\"wp-block-themeisle-blocks-slider-item\" src=\"https:\/\/familie-weitgereist.de\/wp-content\/uploads\/2022\/12\/IMG_20221207_143003-2-scaled.jpg\" alt=\"\" title=\"\" data-id=\"11948\"\/><\/figure><\/div><div class=\"wp-block-themeisle-blocks-slider-item-wrapper glide__slide\" tabindex=\"0\"><figure><img decoding=\"async\" class=\"wp-block-themeisle-blocks-slider-item\" src=\"https:\/\/familie-weitgereist.de\/wp-content\/uploads\/2022\/12\/IMG_20221207_141408-scaled.jpg\" alt=\"\" title=\"\" data-id=\"11949\"\/><\/figure><\/div><div class=\"wp-block-themeisle-blocks-slider-item-wrapper glide__slide\" tabindex=\"0\"><figure><img decoding=\"async\" class=\"wp-block-themeisle-blocks-slider-item\" src=\"https:\/\/familie-weitgereist.de\/wp-content\/uploads\/2022\/12\/IMG_20221207_132233-scaled.jpg\" alt=\"\" title=\"\" data-id=\"11952\"\/><\/figure><\/div><\/div><div class=\"glide__bullets\" data-glide-el=\"controls[nav]\"><button class=\"glide__bullet\" data-glide-dir=\"=0\"><\/button><button class=\"glide__bullet\" data-glide-dir=\"=1\"><\/button><button class=\"glide__bullet\" data-glide-dir=\"=2\"><\/button><\/div><\/div><\/div>\n\n\n\n<p>Die <strong>Therme Caldea<\/strong> darf leider von Kindern unter 3 Jahren gar nicht besucht werden. Kinder von 3 &#8211; 4 Jahren d\u00fcrfen in einen separaten, beaufsichtigen Kinderbereich, jedoch ohne die Begleitung ihrer Eltern. Es gibt einen Familienbereich f\u00fcr Familien mit Kindern ab 5 Jahren und einen Erwachsenenbereich. Daher konnten wir die Therme leider nicht besuchen.<\/p>\n\n\n\n<figure class=\"wp-block-image size-large\"><img loading=\"lazy\" decoding=\"async\" width=\"1024\" height=\"768\" src=\"https:\/\/familie-weitgereist.de\/wp-content\/uploads\/2022\/12\/IMG_20221207_135144-1024x768.jpg\" alt=\"\" class=\"wp-image-11918\" srcset=\"https:\/\/familie-weitgereist.de\/wp-content\/uploads\/2022\/12\/IMG_20221207_135144-1024x768.jpg 1024w, https:\/\/familie-weitgereist.de\/wp-content\/uploads\/2022\/12\/IMG_20221207_135144-300x225.jpg 300w, https:\/\/familie-weitgereist.de\/wp-content\/uploads\/2022\/12\/IMG_20221207_135144-768x576.jpg 768w, https:\/\/familie-weitgereist.de\/wp-content\/uploads\/2022\/12\/IMG_20221207_135144-1536x1152.jpg 1536w, https:\/\/familie-weitgereist.de\/wp-content\/uploads\/2022\/12\/IMG_20221207_135144-2048x1536.jpg 2048w, https:\/\/familie-weitgereist.de\/wp-content\/uploads\/2022\/12\/IMG_20221207_135144-1200x900.jpg 1200w, https:\/\/familie-weitgereist.de\/wp-content\/uploads\/2022\/12\/IMG_20221207_135144-1980x1485.jpg 1980w, https:\/\/familie-weitgereist.de\/wp-content\/uploads\/2022\/12\/IMG_20221207_135144-150x113.jpg 150w\" sizes=\"auto, (max-width: 1024px) 100vw, 1024px\" \/><\/figure>\n\n\n\n<p>Die <strong>Spielpl\u00e4tze<\/strong> in Andorra sind ein gro\u00dfes Abenteuer und f\u00fcr unseren Merlin war es wohl das Beste an unserem Kurztrip. Die Spielpl\u00e4tze sind riesig und es gibt f\u00fcr alle Altersklassen einiges zu bespielen. <\/p>\n\n\n\n<div id=\"wp-block-themeisle-blocks-slider-210ed12b\" class=\"wp-block-themeisle-blocks-slider glide\" data-per-view=\"1\" data-gap=\"0\" data-peek=\"0\" data-autoplay=\"true\" data-height=\"400px\" data-hide-arrows=\"false\"><div class=\"glide__track\" data-glide-el=\"track\"><div class=\"glide__slides\"><div class=\"wp-block-themeisle-blocks-slider-item-wrapper glide__slide\" tabindex=\"0\"><figure><img decoding=\"async\" class=\"wp-block-themeisle-blocks-slider-item\" src=\"https:\/\/familie-weitgereist.de\/wp-content\/uploads\/2022\/12\/IMG_20221207_132704-scaled.jpg\" alt=\"\" title=\"\" data-id=\"11920\"\/><figcaption>Andorra la Vella <\/figcaption><\/figure><\/div><div class=\"wp-block-themeisle-blocks-slider-item-wrapper glide__slide\" tabindex=\"0\"><figure><img decoding=\"async\" class=\"wp-block-themeisle-blocks-slider-item\" src=\"https:\/\/familie-weitgereist.de\/wp-content\/uploads\/2022\/12\/IMG_20221206_134502-scaled.jpg\" alt=\"\" title=\"\" data-id=\"11921\"\/><figcaption>Ordino<\/figcaption><\/figure><\/div><\/div><div class=\"glide__bullets\" data-glide-el=\"controls[nav]\"><button class=\"glide__bullet\" data-glide-dir=\"=0\"><\/button><button class=\"glide__bullet\" data-glide-dir=\"=1\"><\/button><\/div><\/div><\/div>\n\n\n\n<p>Die gr\u00f6\u00dften Spielpl\u00e4tze in Andorra la Vella befinden sich zentral im Zentrum der Stadt, direkt gegen\u00fcber der Therme Caldea. Im Zentrum ist alles sehr schnell und am besten zu Fu\u00df zu erreichen.<\/p>\n\n\n\n<p>In Andorra la Vella war in der Vorweihnachtszeit sehr viel los. Die weihnachtlich geschm\u00fcckte Haupteinkaufsstra\u00dfe war voller Leute.<\/p>\n\n\n\n<p>Wir liefen am <strong>Fluss La Valira<\/strong> entlang und sahen die <strong>Pont de Par\u00eds<\/strong>. Weiter s\u00fcdlich im Land, gibt es auch noch die <strong>Pont de Madrid<\/strong>.<\/p>\n\n\n\n<figure class=\"wp-block-image size-large\"><img loading=\"lazy\" decoding=\"async\" width=\"1024\" height=\"768\" src=\"https:\/\/familie-weitgereist.de\/wp-content\/uploads\/2022\/12\/IMG_20221207_144655-1-1024x768.jpg\" alt=\"\" class=\"wp-image-11922\" srcset=\"https:\/\/familie-weitgereist.de\/wp-content\/uploads\/2022\/12\/IMG_20221207_144655-1-1024x768.jpg 1024w, https:\/\/familie-weitgereist.de\/wp-content\/uploads\/2022\/12\/IMG_20221207_144655-1-300x225.jpg 300w, https:\/\/familie-weitgereist.de\/wp-content\/uploads\/2022\/12\/IMG_20221207_144655-1-768x576.jpg 768w, https:\/\/familie-weitgereist.de\/wp-content\/uploads\/2022\/12\/IMG_20221207_144655-1-1536x1152.jpg 1536w, https:\/\/familie-weitgereist.de\/wp-content\/uploads\/2022\/12\/IMG_20221207_144655-1-2048x1536.jpg 2048w, https:\/\/familie-weitgereist.de\/wp-content\/uploads\/2022\/12\/IMG_20221207_144655-1-1200x900.jpg 1200w, https:\/\/familie-weitgereist.de\/wp-content\/uploads\/2022\/12\/IMG_20221207_144655-1-1980x1485.jpg 1980w, https:\/\/familie-weitgereist.de\/wp-content\/uploads\/2022\/12\/IMG_20221207_144655-1-150x113.jpg 150w\" sizes=\"auto, (max-width: 1024px) 100vw, 1024px\" \/><figcaption class=\"wp-element-caption\">Pont de Par\u00eds im Hintergrund <\/figcaption><\/figure>\n\n\n\n<p>Es ist etwas schwierig in der Hauptstadt einen Parkplatz zu finden. Es stehen zwar sehr viele Parkpl\u00e4tze zur Verf\u00fcgung, jedoch m\u00f6chten auch sehr viele Leute dort parken. Die Parkgeb\u00fchren sind jedoch g\u00fcnstig, mit ca. 2\u20ac pro Stunde. (<em>Stand Dezember 2022<\/em>)<\/p>\n\n\n\n<h2 class=\"wp-block-heading\">Mirador Roc del Quer <\/h2>\n\n\n\n<p>Wir fuhren von Canillo kommend die Serpentinen den Berg hinauf und parkten unweit des Aussichtspunktes. Vom Parkplatz liefen wir etwas in die Natur. Die Wege zum Aussichtspunkt waren super rutschig und wir liefen zum Teil \u00fcber eisigen Schnee. In der Hauptsaison kostet der Zutritt 5\u20ac, in der Nebensaison kann man den Blick gratis genie\u00dfen. Leider waren sehr viele Menschen zugegen.<\/p>\n\n\n\n<div id=\"wp-block-themeisle-blocks-slider-ab306ceb\" class=\"wp-block-themeisle-blocks-slider glide\" data-per-view=\"1\" data-gap=\"0\" data-peek=\"0\" data-autoplay=\"true\" data-height=\"400px\" data-hide-arrows=\"false\"><div class=\"glide__track\" data-glide-el=\"track\"><div class=\"glide__slides\"><div class=\"wp-block-themeisle-blocks-slider-item-wrapper glide__slide\" tabindex=\"0\"><figure><img decoding=\"async\" class=\"wp-block-themeisle-blocks-slider-item\" src=\"https:\/\/familie-weitgereist.de\/wp-content\/uploads\/2022\/12\/20221206051318_IMG_9767-scaled.jpg\" alt=\"\" title=\"\" data-id=\"11911\"\/><\/figure><\/div><div class=\"wp-block-themeisle-blocks-slider-item-wrapper glide__slide\" tabindex=\"0\"><figure><img decoding=\"async\" class=\"wp-block-themeisle-blocks-slider-item\" src=\"https:\/\/familie-weitgereist.de\/wp-content\/uploads\/2022\/12\/20221206050030_IMG_9752-scaled.jpg\" alt=\"\" title=\"\" data-id=\"11913\"\/><\/figure><\/div><\/div><div class=\"glide__bullets\" data-glide-el=\"controls[nav]\"><button class=\"glide__bullet\" data-glide-dir=\"=0\"><\/button><button class=\"glide__bullet\" data-glide-dir=\"=1\"><\/button><\/div><\/div><\/div>\n\n\n\n<h2 class=\"wp-block-heading\">Andorras urspr\u00fcngliche D\u00f6rfer <\/h2>\n\n\n\n<p>Ein Kurztrip durch Andorra l\u00e4sst sich sehr gut verbinden mit dem Erkunden der vielen kleinen D\u00f6rfer au\u00dferhalb dem Trubel der Hauptstadt. Wir besichtigten die St\u00e4dte Ordino, Pal und Meritxell. Die Bauweise der H\u00e4user gliedert sich perfekt in die Natur. Viele H\u00e4user sind aus Stein gebaut und passen gut zu den schroffen Bergh\u00e4ngen. <\/p>\n\n\n\n<div id=\"wp-block-themeisle-blocks-slider-f9969ee4\" class=\"wp-block-themeisle-blocks-slider glide\" data-per-view=\"1\" data-gap=\"0\" data-peek=\"0\" data-autoplay=\"true\" data-height=\"400px\" data-hide-arrows=\"false\"><div class=\"glide__track\" data-glide-el=\"track\"><div class=\"glide__slides\"><div class=\"wp-block-themeisle-blocks-slider-item-wrapper glide__slide\" tabindex=\"0\"><figure><img decoding=\"async\" class=\"wp-block-themeisle-blocks-slider-item\" src=\"https:\/\/familie-weitgereist.de\/wp-content\/uploads\/2022\/12\/IMG_20221207_165354-scaled.jpg\" alt=\"\" title=\"\" data-id=\"11925\"\/><figcaption>Sanctuario de Meritxell <\/figcaption><\/figure><\/div><div class=\"wp-block-themeisle-blocks-slider-item-wrapper glide__slide\" tabindex=\"0\"><figure><img decoding=\"async\" class=\"wp-block-themeisle-blocks-slider-item\" src=\"https:\/\/familie-weitgereist.de\/wp-content\/uploads\/2022\/12\/IMG_20221206_160410-scaled.jpg\" alt=\"\" title=\"\" data-id=\"11926\"\/><figcaption>Pal<\/figcaption><\/figure><\/div><div class=\"wp-block-themeisle-blocks-slider-item-wrapper glide__slide\" tabindex=\"0\"><figure><img decoding=\"async\" class=\"wp-block-themeisle-blocks-slider-item\" src=\"https:\/\/familie-weitgereist.de\/wp-content\/uploads\/2022\/12\/IMG_20221206_154815-scaled.jpg\" alt=\"\" title=\"\" data-id=\"11927\"\/><figcaption>Pal<\/figcaption><\/figure><\/div><div class=\"wp-block-themeisle-blocks-slider-item-wrapper glide__slide\" tabindex=\"0\"><figure><img decoding=\"async\" class=\"wp-block-themeisle-blocks-slider-item\" src=\"https:\/\/familie-weitgereist.de\/wp-content\/uploads\/2022\/12\/IMG_20221206_144024-scaled.jpg\" alt=\"\" title=\"\" data-id=\"11928\"\/><figcaption>Ordino<\/figcaption><\/figure><\/div><\/div><div class=\"glide__bullets\" data-glide-el=\"controls[nav]\"><button class=\"glide__bullet\" data-glide-dir=\"=0\"><\/button><button class=\"glide__bullet\" data-glide-dir=\"=1\"><\/button><button class=\"glide__bullet\" data-glide-dir=\"=2\"><\/button><button class=\"glide__bullet\" data-glide-dir=\"=3\"><\/button><\/div><\/div><\/div>\n\n\n\n<p>\u00dcblicherweise gibt es Kirchen und Kapellen in den D\u00f6rfern, welche auch aus Stein gebaut sind. Die kleinen Gassen gefielen uns sehr gut, ebenso gab es \u00fcberall wieder Spielpl\u00e4tze.<\/p>\n\n\n\n<h2 class=\"wp-block-heading\">Die Bergwelt Andorras <\/h2>\n\n\n\n<p>Das Beste an Andorra ist die Bergwelt. Die Ausblicke auf die hohen Berge der Pyren\u00e4en, die schneebedeckten Gipfel und die vielen tollen Wanderwege sind einfach ein Traum! Selbst beim Durchfahren des Landes mit dem Auto, sieht man immer die Berge und die Ausblicke sind grandios. <\/p>\n\n\n\n<div id=\"wp-block-themeisle-blocks-slider-323459f5\" class=\"wp-block-themeisle-blocks-slider glide\" data-per-view=\"1\" data-gap=\"0\" data-peek=\"0\" data-autoplay=\"true\" data-height=\"400px\" data-hide-arrows=\"false\"><div class=\"glide__track\" data-glide-el=\"track\"><div class=\"glide__slides\"><div class=\"wp-block-themeisle-blocks-slider-item-wrapper glide__slide\" tabindex=\"0\"><figure><img decoding=\"async\" class=\"wp-block-themeisle-blocks-slider-item\" src=\"https:\/\/familie-weitgereist.de\/wp-content\/uploads\/2022\/12\/20221206045723_IMG_9749-scaled.jpg\" alt=\"\" title=\"\" data-id=\"11930\"\/><\/figure><\/div><div class=\"wp-block-themeisle-blocks-slider-item-wrapper glide__slide\" tabindex=\"0\"><figure><img decoding=\"async\" class=\"wp-block-themeisle-blocks-slider-item\" src=\"https:\/\/familie-weitgereist.de\/wp-content\/uploads\/2022\/12\/20221206053121_IMG_9771-scaled.jpg\" alt=\"\" title=\"\" data-id=\"11932\"\/><\/figure><\/div><\/div><div class=\"glide__bullets\" data-glide-el=\"controls[nav]\"><button class=\"glide__bullet\" data-glide-dir=\"=0\"><\/button><button class=\"glide__bullet\" data-glide-dir=\"=1\"><\/button><\/div><\/div><\/div>\n","protected":false},"excerpt":{"rendered":"<p>Ab November 2022 haben wir unsere Elternzeit genutzt um mit unserem VW T6 durch Europa zu reisen. Unsere Reise startete in\u00a0Deutschland, f\u00fchrte anschlie\u00dfend weiter nach\u00a0Luxemburg,\u00a0Frankreich und Andorra. Andorra geh\u00f6rt zu den sieben Zwergenstaaten Europas und liegt in den Pyren\u00e4en zwischen Frankreich und Spanien. Das kleine Land ist besonders f\u00fcr den Wintersport bekannt und seine grandiosen [&hellip;]<\/p>\n","protected":false},"author":3,"featured_media":11926,"comment_status":"open","ping_status":"open","sticky":false,"template":"","format":"standard","meta":{"_themeisle_gutenberg_block_has_review":false,"footnotes":""},"categories":[777,377],"tags":[775,778,779,780,776],"class_list":["post-11799","post","type-post","status-publish","format-standard","has-post-thumbnail","hentry","category-andorra","category-spielplaetze","tag-andorra","tag-andorra-la-vella","tag-meritxell","tag-mirador-roc-del-quer","tag-soldeu"],"_links":{"self":[{"href":"https:\/\/familie-weitgereist.de\/index.php?rest_route=\/wp\/v2\/posts\/11799","targetHints":{"allow":["GET"]}}],"collection":[{"href":"https:\/\/familie-weitgereist.de\/index.php?rest_route=\/wp\/v2\/posts"}],"about":[{"href":"https:\/\/familie-weitgereist.de\/index.php?rest_route=\/wp\/v2\/types\/post"}],"author":[{"embeddable":true,"href":"https:\/\/familie-weitgereist.de\/index.php?rest_route=\/wp\/v2\/users\/3"}],"replies":[{"embeddable":true,"href":"https:\/\/familie-weitgereist.de\/index.php?rest_route=%2Fwp%2Fv2%2Fcomments&post=11799"}],"version-history":[{"count":53,"href":"https:\/\/familie-weitgereist.de\/index.php?rest_route=\/wp\/v2\/posts\/11799\/revisions"}],"predecessor-version":[{"id":23449,"href":"https:\/\/familie-weitgereist.de\/index.php?rest_route=\/wp\/v2\/posts\/11799\/revisions\/23449"}],"wp:featuredmedia":[{"embeddable":true,"href":"https:\/\/familie-weitgereist.de\/index.php?rest_route=\/wp\/v2\/media\/11926"}],"wp:attachment":[{"href":"https:\/\/familie-weitgereist.de\/index.php?rest_route=%2Fwp%2Fv2%2Fmedia&parent=11799"}],"wp:term":[{"taxonomy":"category","embeddable":true,"href":"https:\/\/familie-weitgereist.de\/index.php?rest_route=%2Fwp%2Fv2%2Fcategories&post=11799"},{"taxonomy":"post_tag","embeddable":true,"href":"https:\/\/familie-weitgereist.de\/index.php?rest_route=%2Fwp%2Fv2%2Ftags&post=11799"}],"curies":[{"name":"wp","href":"https:\/\/api.w.org\/{rel}","templated":true}]}}