{"id":11713,"date":"2022-12-05T22:24:05","date_gmt":"2022-12-05T21:24:05","guid":{"rendered":"https:\/\/familie-weitgereist.de\/?p=11713"},"modified":"2025-11-12T22:52:50","modified_gmt":"2025-11-12T21:52:50","slug":"unser-reiserueckblick-fuer-2022","status":"publish","type":"post","link":"https:\/\/familie-weitgereist.de\/?p=11713","title":{"rendered":"Unser Reiser\u00fcckblick f\u00fcr 2022"},"content":{"rendered":"\n<p>2022 war f\u00fcr uns ein wundersch\u00f6nes Reisejahr. Wir haben so viel Neues entdeckt und gesehen, waren in <strong>elf verschiedenen L\u00e4ndern <\/strong>unterwegs und unser sch\u00f6nstes Erlebnis, war die <strong>Geburt unseres zweiten Jungen Maris<\/strong>.<\/p>\n\n\n\n<p>Unsere erste Reise f\u00fchrte uns in den Winterferien im Februar nach <strong><a href=\"https:\/\/familie-weitgereist.de\/?p=7370\">Karpacz in Polen<\/a><\/strong>. Wir waren snowboarden, im Winterwald rodeln, sind auf die Schneekoppe gewandert, waren sogar in Tschechien und Merlin hat seinen ersten Skikurs gemacht.<\/p>\n\n\n\n<figure class=\"wp-block-image size-large\"><img loading=\"lazy\" decoding=\"async\" width=\"1024\" height=\"683\" src=\"https:\/\/familie-weitgereist.de\/wp-content\/uploads\/2022\/02\/20220203073020_IMG_1010-1024x683.jpg\" alt=\"\" class=\"wp-image-7389\" srcset=\"https:\/\/familie-weitgereist.de\/wp-content\/uploads\/2022\/02\/20220203073020_IMG_1010-1024x683.jpg 1024w, https:\/\/familie-weitgereist.de\/wp-content\/uploads\/2022\/02\/20220203073020_IMG_1010-300x200.jpg 300w, https:\/\/familie-weitgereist.de\/wp-content\/uploads\/2022\/02\/20220203073020_IMG_1010-768x512.jpg 768w, https:\/\/familie-weitgereist.de\/wp-content\/uploads\/2022\/02\/20220203073020_IMG_1010-1536x1024.jpg 1536w, https:\/\/familie-weitgereist.de\/wp-content\/uploads\/2022\/02\/20220203073020_IMG_1010-2048x1365.jpg 2048w, https:\/\/familie-weitgereist.de\/wp-content\/uploads\/2022\/02\/20220203073020_IMG_1010-1200x800.jpg 1200w, https:\/\/familie-weitgereist.de\/wp-content\/uploads\/2022\/02\/20220203073020_IMG_1010-1980x1320.jpg 1980w, https:\/\/familie-weitgereist.de\/wp-content\/uploads\/2022\/02\/20220203073020_IMG_1010-150x100.jpg 150w\" sizes=\"auto, (max-width: 1024px) 100vw, 1024px\" \/><figcaption class=\"wp-element-caption\">Abstieg von der Schneekoppe<\/figcaption><\/figure>\n\n\n\n<p>Von M\u00e4rz bis Anfang Juni waren wir in <strong>Kroatien<\/strong>. Wir haben das Land an der K\u00fcste und einige Inseln intensiv erkundet. Unser <strong>Workation Aufenthalt<\/strong> begann in <a href=\"https:\/\/familie-weitgereist.de\/?p=7753\"><strong>Makarska<\/strong><\/a>, im S\u00fcden von Kroatien. Anschlie\u00dfend reisten wir weiter n\u00f6rdlich.<\/p>\n\n\n\n<figure class=\"wp-block-image size-large\"><img loading=\"lazy\" decoding=\"async\" width=\"1024\" height=\"683\" src=\"https:\/\/familie-weitgereist.de\/wp-content\/uploads\/2022\/03\/20220325081249_IMG_1355-1024x683.jpg\" alt=\"\" class=\"wp-image-7815\" srcset=\"https:\/\/familie-weitgereist.de\/wp-content\/uploads\/2022\/03\/20220325081249_IMG_1355-1024x683.jpg 1024w, https:\/\/familie-weitgereist.de\/wp-content\/uploads\/2022\/03\/20220325081249_IMG_1355-300x200.jpg 300w, https:\/\/familie-weitgereist.de\/wp-content\/uploads\/2022\/03\/20220325081249_IMG_1355-768x512.jpg 768w, https:\/\/familie-weitgereist.de\/wp-content\/uploads\/2022\/03\/20220325081249_IMG_1355-1536x1024.jpg 1536w, https:\/\/familie-weitgereist.de\/wp-content\/uploads\/2022\/03\/20220325081249_IMG_1355-2048x1365.jpg 2048w, https:\/\/familie-weitgereist.de\/wp-content\/uploads\/2022\/03\/20220325081249_IMG_1355-1200x800.jpg 1200w, https:\/\/familie-weitgereist.de\/wp-content\/uploads\/2022\/03\/20220325081249_IMG_1355-1980x1320.jpg 1980w, https:\/\/familie-weitgereist.de\/wp-content\/uploads\/2022\/03\/20220325081249_IMG_1355-150x100.jpg 150w\" sizes=\"auto, (max-width: 1024px) 100vw, 1024px\" \/><figcaption class=\"wp-element-caption\">Wandern in Kroatien<\/figcaption><\/figure>\n\n\n\n<p>Wir verbrachten eine wunderbare Woche auf der <strong><a href=\"https:\/\/familie-weitgereist.de\/?p=8147\">Insel Bra\u010d<\/a><\/strong> im adriatischen Meer.<\/p>\n\n\n\n<figure class=\"wp-block-image size-large\"><img loading=\"lazy\" decoding=\"async\" width=\"1024\" height=\"683\" src=\"https:\/\/familie-weitgereist.de\/wp-content\/uploads\/2022\/04\/20220418045236_IMG_2963-1024x683.jpg\" alt=\"\" class=\"wp-image-8190\" srcset=\"https:\/\/familie-weitgereist.de\/wp-content\/uploads\/2022\/04\/20220418045236_IMG_2963-1024x683.jpg 1024w, https:\/\/familie-weitgereist.de\/wp-content\/uploads\/2022\/04\/20220418045236_IMG_2963-300x200.jpg 300w, https:\/\/familie-weitgereist.de\/wp-content\/uploads\/2022\/04\/20220418045236_IMG_2963-768x512.jpg 768w, https:\/\/familie-weitgereist.de\/wp-content\/uploads\/2022\/04\/20220418045236_IMG_2963-1536x1024.jpg 1536w, https:\/\/familie-weitgereist.de\/wp-content\/uploads\/2022\/04\/20220418045236_IMG_2963-2048x1365.jpg 2048w, https:\/\/familie-weitgereist.de\/wp-content\/uploads\/2022\/04\/20220418045236_IMG_2963-1200x800.jpg 1200w, https:\/\/familie-weitgereist.de\/wp-content\/uploads\/2022\/04\/20220418045236_IMG_2963-1980x1320.jpg 1980w, https:\/\/familie-weitgereist.de\/wp-content\/uploads\/2022\/04\/20220418045236_IMG_2963-150x100.jpg 150w\" sizes=\"auto, (max-width: 1024px) 100vw, 1024px\" \/><figcaption class=\"wp-element-caption\">Bol auf der Insel Bra\u010d<\/figcaption><\/figure>\n\n\n\n<p>Wir reisten wieder zur\u00fcck auf das kroatische Festland und setzten unsere Reise Richtung Norden fort. Wir waren vier Wochen in <strong><a href=\"https:\/\/familie-weitgereist.de\/?p=8255\">Suko\u0161an<\/a><\/strong> und erkundeten das Umland.<\/p>\n\n\n\n<figure class=\"wp-block-image size-large is-resized\"><img loading=\"lazy\" decoding=\"async\" src=\"https:\/\/familie-weitgereist.de\/wp-content\/uploads\/2022\/05\/20220515072413_IMG_4680-1024x683.jpg\" alt=\"\" class=\"wp-image-8610\" width=\"377\" height=\"251\" srcset=\"https:\/\/familie-weitgereist.de\/wp-content\/uploads\/2022\/05\/20220515072413_IMG_4680-1024x683.jpg 1024w, https:\/\/familie-weitgereist.de\/wp-content\/uploads\/2022\/05\/20220515072413_IMG_4680-300x200.jpg 300w, https:\/\/familie-weitgereist.de\/wp-content\/uploads\/2022\/05\/20220515072413_IMG_4680-768x512.jpg 768w, https:\/\/familie-weitgereist.de\/wp-content\/uploads\/2022\/05\/20220515072413_IMG_4680-1536x1024.jpg 1536w, https:\/\/familie-weitgereist.de\/wp-content\/uploads\/2022\/05\/20220515072413_IMG_4680-2048x1365.jpg 2048w, https:\/\/familie-weitgereist.de\/wp-content\/uploads\/2022\/05\/20220515072413_IMG_4680-1200x800.jpg 1200w, https:\/\/familie-weitgereist.de\/wp-content\/uploads\/2022\/05\/20220515072413_IMG_4680-1980x1320.jpg 1980w, https:\/\/familie-weitgereist.de\/wp-content\/uploads\/2022\/05\/20220515072413_IMG_4680-150x100.jpg 150w\" sizes=\"auto, (max-width: 377px) 100vw, 377px\" \/><figcaption class=\"wp-element-caption\">Zrmanje Canyon in Kroatien <\/figcaption><\/figure>\n\n\n\n<p>Die <strong><a href=\"https:\/\/familie-weitgereist.de\/?p=8649\">Insel Rab<\/a><\/strong> in der <strong>Kvarner Bucht im nordadriatischen<\/strong> <strong>Meer<\/strong> hat uns besonders gut gefallen. F\u00fcr kroatische Inselverh\u00e4ltnisse ist es eine sehr gr\u00fcne Insel. Die Insel ist recht klein und wir erkundeten in einer Woche nahezu die gesamte Insel.<\/p>\n\n\n\n<figure class=\"wp-block-image size-large is-resized\"><img loading=\"lazy\" decoding=\"async\" src=\"https:\/\/familie-weitgereist.de\/wp-content\/uploads\/2022\/05\/20220527090416_IMG_5472-1024x683.jpg\" alt=\"\" class=\"wp-image-8739\" width=\"377\" height=\"248\"\/><figcaption class=\"wp-element-caption\">Rab Stadt<\/figcaption><\/figure>\n\n\n\n<p>Unsere letzte Station in Kroatien war die <strong><a href=\"https:\/\/familie-weitgereist.de\/?p=8730\">Insel Krk<\/a><\/strong>, die gr\u00f6\u00dfte kroatische Insel. <\/p>\n\n\n\n<figure class=\"wp-block-image size-large\"><img loading=\"lazy\" decoding=\"async\" width=\"1024\" height=\"683\" src=\"https:\/\/familie-weitgereist.de\/wp-content\/uploads\/2022\/06\/20220602103723_IMG_5798-1024x683.jpg\" alt=\"\" class=\"wp-image-8875\" srcset=\"https:\/\/familie-weitgereist.de\/wp-content\/uploads\/2022\/06\/20220602103723_IMG_5798-1024x683.jpg 1024w, https:\/\/familie-weitgereist.de\/wp-content\/uploads\/2022\/06\/20220602103723_IMG_5798-300x200.jpg 300w, https:\/\/familie-weitgereist.de\/wp-content\/uploads\/2022\/06\/20220602103723_IMG_5798-768x512.jpg 768w, https:\/\/familie-weitgereist.de\/wp-content\/uploads\/2022\/06\/20220602103723_IMG_5798-1536x1024.jpg 1536w, https:\/\/familie-weitgereist.de\/wp-content\/uploads\/2022\/06\/20220602103723_IMG_5798-2048x1365.jpg 2048w, https:\/\/familie-weitgereist.de\/wp-content\/uploads\/2022\/06\/20220602103723_IMG_5798-1200x800.jpg 1200w, https:\/\/familie-weitgereist.de\/wp-content\/uploads\/2022\/06\/20220602103723_IMG_5798-1980x1320.jpg 1980w, https:\/\/familie-weitgereist.de\/wp-content\/uploads\/2022\/06\/20220602103723_IMG_5798-150x100.jpg 150w\" sizes=\"auto, (max-width: 1024px) 100vw, 1024px\" \/><figcaption class=\"wp-element-caption\">Vrbnik auf Krk, Kroatien<\/figcaption><\/figure>\n\n\n\n<p>F\u00fcr Merlin waren besonders die vielen F\u00e4hrfahrten interessant. Die Landschaft in Kroatien ist zudem ein Traum. Das Hinterland, die Inseln und die K\u00fcstenabschnitte von Kroatien haben uns sehr gut gefallen. <\/p>\n\n\n\n<p>Im Juni verbrachten wir eine Woche in <strong><a href=\"https:\/\/familie-weitgereist.de\/?p=8920\">Slowenien<\/a><\/strong> und schliefen in unserem Camper. Das hat in der 31. Schwangerschaftswoche noch au\u00dferordentlich gut funktioniert. Slowenien hat uns so gut gefallen. Die landschaftliche Vielfalt in dem kleinen Land ist enorm. Wir erkundeten den schmalen <strong>K\u00fcstenabschnitt von Slowenien<\/strong> und den <strong>Triglav Nationalpark<\/strong>. <\/p>\n\n\n\n<figure class=\"wp-block-image size-large\"><img loading=\"lazy\" decoding=\"async\" width=\"1024\" height=\"720\" src=\"https:\/\/familie-weitgereist.de\/wp-content\/uploads\/2022\/06\/IMG_20220610_161334-1024x720.jpg\" alt=\"\" class=\"wp-image-9007\" srcset=\"https:\/\/familie-weitgereist.de\/wp-content\/uploads\/2022\/06\/IMG_20220610_161334-1024x720.jpg 1024w, https:\/\/familie-weitgereist.de\/wp-content\/uploads\/2022\/06\/IMG_20220610_161334-300x211.jpg 300w, https:\/\/familie-weitgereist.de\/wp-content\/uploads\/2022\/06\/IMG_20220610_161334-768x540.jpg 768w, https:\/\/familie-weitgereist.de\/wp-content\/uploads\/2022\/06\/IMG_20220610_161334-1536x1080.jpg 1536w, https:\/\/familie-weitgereist.de\/wp-content\/uploads\/2022\/06\/IMG_20220610_161334-2048x1440.jpg 2048w, https:\/\/familie-weitgereist.de\/wp-content\/uploads\/2022\/06\/IMG_20220610_161334-1200x844.jpg 1200w, https:\/\/familie-weitgereist.de\/wp-content\/uploads\/2022\/06\/IMG_20220610_161334-1980x1393.jpg 1980w, https:\/\/familie-weitgereist.de\/wp-content\/uploads\/2022\/06\/IMG_20220610_161334-150x105.jpg 150w\" sizes=\"auto, (max-width: 1024px) 100vw, 1024px\" \/><figcaption class=\"wp-element-caption\">Berg Vogel in Slowenien<\/figcaption><\/figure>\n\n\n\n<p>Ende Juni bis Mitte Juli waren wir in <strong>\u00d6sterreich<\/strong>. Wir erkundeten die beiden Bundesl\u00e4nder <strong><a href=\"https:\/\/familie-weitgereist.de\/?p=9130\">K\u00e4rnten<\/a><\/strong> und <strong><a href=\"https:\/\/familie-weitgereist.de\/?p=9289\">Tirol<\/a><\/strong>. Wir profitierten von den g\u00fcnstigen und kostenfreien Liftkarten, die wir dank unserer G\u00e4stekarte erhielten. Zudem sind die Bergerlebniswelten ein absolutes Paradies f\u00fcr Kinder. Merlin und wir hatten eine zauberhafte Zeit in den Bergen! <\/p>\n\n\n\n<figure class=\"wp-block-image size-large is-resized\"><img loading=\"lazy\" decoding=\"async\" src=\"https:\/\/familie-weitgereist.de\/wp-content\/uploads\/2022\/06\/20220621040457_IMG_8363-1024x768.jpg\" alt=\"\" class=\"wp-image-9355\" width=\"377\" height=\"283\" srcset=\"https:\/\/familie-weitgereist.de\/wp-content\/uploads\/2022\/06\/20220621040457_IMG_8363-1024x768.jpg 1024w, https:\/\/familie-weitgereist.de\/wp-content\/uploads\/2022\/06\/20220621040457_IMG_8363-300x225.jpg 300w, https:\/\/familie-weitgereist.de\/wp-content\/uploads\/2022\/06\/20220621040457_IMG_8363-768x576.jpg 768w, https:\/\/familie-weitgereist.de\/wp-content\/uploads\/2022\/06\/20220621040457_IMG_8363-1536x1152.jpg 1536w, https:\/\/familie-weitgereist.de\/wp-content\/uploads\/2022\/06\/20220621040457_IMG_8363-2048x1536.jpg 2048w, https:\/\/familie-weitgereist.de\/wp-content\/uploads\/2022\/06\/20220621040457_IMG_8363-1200x900.jpg 1200w, https:\/\/familie-weitgereist.de\/wp-content\/uploads\/2022\/06\/20220621040457_IMG_8363-1980x1485.jpg 1980w, https:\/\/familie-weitgereist.de\/wp-content\/uploads\/2022\/06\/20220621040457_IMG_8363-150x113.jpg 150w\" sizes=\"auto, (max-width: 377px) 100vw, 377px\" \/><\/figure>\n\n\n\n<p>Die Sommermonate Juli und August verbrachten wir in <strong><a href=\"https:\/\/familie-weitgereist.de\/?p=10506\">Deutschland<\/a><\/strong> und warteten auf unser zweites Baby. Wir nutzten intensiv das <strong>9\u20ac Ticket<\/strong>, eine Sonderaktion der Bundesrepublik Deutschland, bei der ein Bahnticket f\u00fcr einen Monat deutschlandweit nur 9\u20ac kostete und alle Nahverkehrsmittel genutzt werden konnten.<\/p>\n\n\n\n<figure class=\"wp-block-image size-large\"><img loading=\"lazy\" decoding=\"async\" width=\"1024\" height=\"768\" src=\"https:\/\/familie-weitgereist.de\/wp-content\/uploads\/2022\/08\/IMG_20220806_163739-1024x768.jpg\" alt=\"\" class=\"wp-image-10754\" srcset=\"https:\/\/familie-weitgereist.de\/wp-content\/uploads\/2022\/08\/IMG_20220806_163739-1024x768.jpg 1024w, https:\/\/familie-weitgereist.de\/wp-content\/uploads\/2022\/08\/IMG_20220806_163739-300x225.jpg 300w, https:\/\/familie-weitgereist.de\/wp-content\/uploads\/2022\/08\/IMG_20220806_163739-768x576.jpg 768w, https:\/\/familie-weitgereist.de\/wp-content\/uploads\/2022\/08\/IMG_20220806_163739-1536x1152.jpg 1536w, https:\/\/familie-weitgereist.de\/wp-content\/uploads\/2022\/08\/IMG_20220806_163739-2048x1536.jpg 2048w, https:\/\/familie-weitgereist.de\/wp-content\/uploads\/2022\/08\/IMG_20220806_163739-1200x900.jpg 1200w, https:\/\/familie-weitgereist.de\/wp-content\/uploads\/2022\/08\/IMG_20220806_163739-1980x1485.jpg 1980w, https:\/\/familie-weitgereist.de\/wp-content\/uploads\/2022\/08\/IMG_20220806_163739-150x113.jpg 150w\" sizes=\"auto, (max-width: 1024px) 100vw, 1024px\" \/><\/figure>\n\n\n\n<p>Im September und Oktober unternahmen wir <strong><a href=\"https:\/\/familie-weitgereist.de\/?p=4194\">Ausfl\u00fcge in Brandenburg und Sachsen<\/a><\/strong> und unseren ersten Campertrip zu Viert in das <strong><a href=\"https:\/\/familie-weitgereist.de\/?p=11085\">Lausitzer Gebirge in Tschechien<\/a><\/strong>. <\/p>\n\n\n\n<figure class=\"wp-block-image size-large\"><img loading=\"lazy\" decoding=\"async\" width=\"1024\" height=\"768\" src=\"https:\/\/familie-weitgereist.de\/wp-content\/uploads\/2022\/10\/20221002062136_IMG_9425-1024x768.jpg\" alt=\"\" class=\"wp-image-11124\" srcset=\"https:\/\/familie-weitgereist.de\/wp-content\/uploads\/2022\/10\/20221002062136_IMG_9425-1024x768.jpg 1024w, https:\/\/familie-weitgereist.de\/wp-content\/uploads\/2022\/10\/20221002062136_IMG_9425-300x225.jpg 300w, https:\/\/familie-weitgereist.de\/wp-content\/uploads\/2022\/10\/20221002062136_IMG_9425-768x576.jpg 768w, https:\/\/familie-weitgereist.de\/wp-content\/uploads\/2022\/10\/20221002062136_IMG_9425-1536x1152.jpg 1536w, https:\/\/familie-weitgereist.de\/wp-content\/uploads\/2022\/10\/20221002062136_IMG_9425-2048x1536.jpg 2048w, https:\/\/familie-weitgereist.de\/wp-content\/uploads\/2022\/10\/20221002062136_IMG_9425-1200x900.jpg 1200w, https:\/\/familie-weitgereist.de\/wp-content\/uploads\/2022\/10\/20221002062136_IMG_9425-1980x1485.jpg 1980w, https:\/\/familie-weitgereist.de\/wp-content\/uploads\/2022\/10\/20221002062136_IMG_9425-150x113.jpg 150w\" sizes=\"auto, (max-width: 1024px) 100vw, 1024px\" \/><\/figure>\n\n\n\n<p>Mitte November starteten wir unsere Europa Camper Reise in <strong><a href=\"https:\/\/familie-weitgereist.de\/?p=11288\">Deutschland<\/a><\/strong>. <\/p>\n\n\n\n<figure class=\"wp-block-image size-large\"><img loading=\"lazy\" decoding=\"async\" width=\"1024\" height=\"768\" src=\"https:\/\/familie-weitgereist.de\/wp-content\/uploads\/2022\/11\/IMG_20221114_153531-1024x768.jpg\" alt=\"\" class=\"wp-image-11290\" srcset=\"https:\/\/familie-weitgereist.de\/wp-content\/uploads\/2022\/11\/IMG_20221114_153531-1024x768.jpg 1024w, https:\/\/familie-weitgereist.de\/wp-content\/uploads\/2022\/11\/IMG_20221114_153531-300x225.jpg 300w, https:\/\/familie-weitgereist.de\/wp-content\/uploads\/2022\/11\/IMG_20221114_153531-768x576.jpg 768w, https:\/\/familie-weitgereist.de\/wp-content\/uploads\/2022\/11\/IMG_20221114_153531-1536x1152.jpg 1536w, https:\/\/familie-weitgereist.de\/wp-content\/uploads\/2022\/11\/IMG_20221114_153531-2048x1536.jpg 2048w, https:\/\/familie-weitgereist.de\/wp-content\/uploads\/2022\/11\/IMG_20221114_153531-1200x900.jpg 1200w, https:\/\/familie-weitgereist.de\/wp-content\/uploads\/2022\/11\/IMG_20221114_153531-1980x1485.jpg 1980w, https:\/\/familie-weitgereist.de\/wp-content\/uploads\/2022\/11\/IMG_20221114_153531-150x113.jpg 150w\" sizes=\"auto, (max-width: 1024px) 100vw, 1024px\" \/><figcaption class=\"wp-element-caption\">Bamberg<\/figcaption><\/figure>\n\n\n\n<p>Wir fuhren weiter nach <strong><a href=\"https:\/\/familie-weitgereist.de\/?p=11342\">Luxemburg<\/a><\/strong>. <\/p>\n\n\n\n<figure class=\"wp-block-image size-large\"><img loading=\"lazy\" decoding=\"async\" width=\"1024\" height=\"768\" src=\"https:\/\/familie-weitgereist.de\/wp-content\/uploads\/2022\/11\/IMG_20221117_144837-1024x768.jpg\" alt=\"\" class=\"wp-image-11367\" srcset=\"https:\/\/familie-weitgereist.de\/wp-content\/uploads\/2022\/11\/IMG_20221117_144837-1024x768.jpg 1024w, https:\/\/familie-weitgereist.de\/wp-content\/uploads\/2022\/11\/IMG_20221117_144837-300x225.jpg 300w, https:\/\/familie-weitgereist.de\/wp-content\/uploads\/2022\/11\/IMG_20221117_144837-768x576.jpg 768w, https:\/\/familie-weitgereist.de\/wp-content\/uploads\/2022\/11\/IMG_20221117_144837-1536x1152.jpg 1536w, https:\/\/familie-weitgereist.de\/wp-content\/uploads\/2022\/11\/IMG_20221117_144837-2048x1536.jpg 2048w, https:\/\/familie-weitgereist.de\/wp-content\/uploads\/2022\/11\/IMG_20221117_144837-1200x900.jpg 1200w, https:\/\/familie-weitgereist.de\/wp-content\/uploads\/2022\/11\/IMG_20221117_144837-1980x1485.jpg 1980w, https:\/\/familie-weitgereist.de\/wp-content\/uploads\/2022\/11\/IMG_20221117_144837-150x113.jpg 150w\" sizes=\"auto, (max-width: 1024px) 100vw, 1024px\" \/><figcaption class=\"wp-element-caption\">Burg Vianden in Luxemburg<\/figcaption><\/figure>\n\n\n\n<p>Wir nutzten Belgien als Durchreiseland und reisten nach <strong><a href=\"https:\/\/familie-weitgereist.de\/?p=11397\">Frankreich<\/a><\/strong>.<\/p>\n\n\n\n<figure class=\"wp-block-image size-large\"><img loading=\"lazy\" decoding=\"async\" width=\"1024\" height=\"768\" src=\"https:\/\/familie-weitgereist.de\/wp-content\/uploads\/2022\/11\/IMG_20221127_164112-1024x768.jpg\" alt=\"\" class=\"wp-image-11547\" srcset=\"https:\/\/familie-weitgereist.de\/wp-content\/uploads\/2022\/11\/IMG_20221127_164112-1024x768.jpg 1024w, https:\/\/familie-weitgereist.de\/wp-content\/uploads\/2022\/11\/IMG_20221127_164112-300x225.jpg 300w, https:\/\/familie-weitgereist.de\/wp-content\/uploads\/2022\/11\/IMG_20221127_164112-768x576.jpg 768w, https:\/\/familie-weitgereist.de\/wp-content\/uploads\/2022\/11\/IMG_20221127_164112-1536x1152.jpg 1536w, https:\/\/familie-weitgereist.de\/wp-content\/uploads\/2022\/11\/IMG_20221127_164112-2048x1536.jpg 2048w, https:\/\/familie-weitgereist.de\/wp-content\/uploads\/2022\/11\/IMG_20221127_164112-1200x900.jpg 1200w, https:\/\/familie-weitgereist.de\/wp-content\/uploads\/2022\/11\/IMG_20221127_164112-1980x1485.jpg 1980w, https:\/\/familie-weitgereist.de\/wp-content\/uploads\/2022\/11\/IMG_20221127_164112-150x113.jpg 150w\" sizes=\"auto, (max-width: 1024px) 100vw, 1024px\" \/><figcaption class=\"wp-element-caption\">La Roque-Gageac<\/figcaption><\/figure>\n\n\n\n<p>Ein paar Tage verbrachten wir in <strong><a href=\"https:\/\/familie-weitgereist.de\/?p=11799\">Andorra<\/a><\/strong>.<\/p>\n\n\n\n<figure class=\"wp-block-image size-large\"><img loading=\"lazy\" decoding=\"async\" width=\"1024\" height=\"768\" src=\"https:\/\/familie-weitgereist.de\/wp-content\/uploads\/2022\/12\/IMG_20221206_122616-1024x768.jpg\" alt=\"\" class=\"wp-image-11840\" srcset=\"https:\/\/familie-weitgereist.de\/wp-content\/uploads\/2022\/12\/IMG_20221206_122616-1024x768.jpg 1024w, https:\/\/familie-weitgereist.de\/wp-content\/uploads\/2022\/12\/IMG_20221206_122616-300x225.jpg 300w, https:\/\/familie-weitgereist.de\/wp-content\/uploads\/2022\/12\/IMG_20221206_122616-768x576.jpg 768w, https:\/\/familie-weitgereist.de\/wp-content\/uploads\/2022\/12\/IMG_20221206_122616-1536x1152.jpg 1536w, https:\/\/familie-weitgereist.de\/wp-content\/uploads\/2022\/12\/IMG_20221206_122616-2048x1536.jpg 2048w, https:\/\/familie-weitgereist.de\/wp-content\/uploads\/2022\/12\/IMG_20221206_122616-1200x900.jpg 1200w, https:\/\/familie-weitgereist.de\/wp-content\/uploads\/2022\/12\/IMG_20221206_122616-1980x1485.jpg 1980w, https:\/\/familie-weitgereist.de\/wp-content\/uploads\/2022\/12\/IMG_20221206_122616-150x113.jpg 150w\" sizes=\"auto, (max-width: 1024px) 100vw, 1024px\" \/><figcaption class=\"wp-element-caption\">Andorras Bergwelt <\/figcaption><\/figure>\n\n\n\n<p>Im Anschluss sind wir nach <strong>Spanien<\/strong> weiter gereist und haben in <strong>Barcelona<\/strong> die F\u00e4hre genommen um Weihnachten auf den <strong><a href=\"https:\/\/familie-weitgereist.de\/?p=12081\">balearischen Inseln<\/a><\/strong> zu verbringen. Wir waren zuerst auf <strong>Mallorca<\/strong> und verbrachten die Weihnachtsfeiertage auf <strong>Ibiza<\/strong>. Einen Tagesausflug unternahmen wir von Ibiza auf die kleinste Insel der Balearen, <strong>Formentera<\/strong>.<\/p>\n\n\n\n<figure class=\"wp-block-image size-large\"><img loading=\"lazy\" decoding=\"async\" width=\"1024\" height=\"768\" src=\"https:\/\/familie-weitgereist.de\/wp-content\/uploads\/2022\/12\/IMG_20221214_122654-1024x768.jpg\" alt=\"\" class=\"wp-image-12148\" srcset=\"https:\/\/familie-weitgereist.de\/wp-content\/uploads\/2022\/12\/IMG_20221214_122654-1024x768.jpg 1024w, https:\/\/familie-weitgereist.de\/wp-content\/uploads\/2022\/12\/IMG_20221214_122654-300x225.jpg 300w, https:\/\/familie-weitgereist.de\/wp-content\/uploads\/2022\/12\/IMG_20221214_122654-768x576.jpg 768w, https:\/\/familie-weitgereist.de\/wp-content\/uploads\/2022\/12\/IMG_20221214_122654-1536x1152.jpg 1536w, https:\/\/familie-weitgereist.de\/wp-content\/uploads\/2022\/12\/IMG_20221214_122654-2048x1536.jpg 2048w, https:\/\/familie-weitgereist.de\/wp-content\/uploads\/2022\/12\/IMG_20221214_122654-1200x900.jpg 1200w, https:\/\/familie-weitgereist.de\/wp-content\/uploads\/2022\/12\/IMG_20221214_122654-1980x1485.jpg 1980w, https:\/\/familie-weitgereist.de\/wp-content\/uploads\/2022\/12\/IMG_20221214_122654-150x113.jpg 150w\" sizes=\"auto, (max-width: 1024px) 100vw, 1024px\" \/><figcaption class=\"wp-element-caption\">Cap Formentor auf Mallorca<\/figcaption><\/figure>\n\n\n\n<p><strong>Insgesamt haben wir 2022 11 L\u00e4nder bereist.<\/strong><\/p>\n\n\n\n<p>Zusammenfassung bis 2022: <\/p>\n\n\n\n<p><strong>Michaela<\/strong> <\/p>\n\n\n\n<p><strong>Europa 36 L\u00e4nder:&nbsp;<\/strong>Albanien, Andorra, Belgien, Bulgarien, D\u00e4nemark (F\u00e4r\u00f6er Inseln), Deutschland, Frankreich, Griechenland, Island, Italien, Kroatien, Liechtenstein, Luxemburg, Malta, Moldawien, Monaco, Montenegro, Niederlande, Nordmazedonien, Norwegen, \u00d6sterreich, Polen, Portugal, Rum\u00e4nien, San Marino, Schweden, Schweiz, Slowakei, Slowenien, Spanien, Tschechische Republik, T\u00fcrkei, Ungarn, Vatikanstadt, Vereinigtes K\u00f6nigreich (Gibraltar), Zypern <\/p>\n\n\n\n<p><strong>Afrika 3 L\u00e4nder<\/strong>:&nbsp;Lesotho, Mauritius, S\u00fcdafrika<\/p>\n\n\n\n<p><strong>Amerika 9 L\u00e4nder<\/strong>:&nbsp;Belize, Bolivien, Chile, Guatemala, Kanada, Kuba, Mexiko, Peru, USA<\/p>\n\n\n\n<p><strong>Asien 7 L\u00e4nder:<\/strong>&nbsp;Indonesien, Japan, Kambodscha, Malaysia, Singapur, S\u00fcdkorea, Thailand<\/p>\n\n\n\n<p><strong>Besuchte Inseln<\/strong>, <strong>63 Inseln in 22 L\u00e4ndern<\/strong>:<\/p>\n\n\n\n<p>&#8211;&gt; <strong>Belize<\/strong> <strong>(1)<\/strong>: Caye Caulker <\/p>\n\n\n\n<p>&#8211;&gt; <strong>Bolivien<\/strong> <strong>(1)<\/strong>: Islas Flotantes im Titicacasee <\/p>\n\n\n\n<p>&#8211;&gt; <strong>Chile<\/strong> <strong>(1)<\/strong>: Osterinsel<\/p>\n\n\n\n<p>&#8211;> <strong>D\u00e4nemark<\/strong> <strong>(10)<\/strong>: F\u00e4r\u00f6er Inseln (Bor\u00f0oy, Eysturoy, Kunoy, Streymoy, V\u00e1gar, Vi\u00f0oy), Mand\u00f8, Mors, R\u00f8m\u00f8, Vendsyssel<\/p>\n\n\n\n<p>&#8211;&gt; <strong>Deutschland<\/strong> <strong>(9)<\/strong>: Amrum, D\u00e4nholm, Fischland-Dar\u00df-Zingst, F\u00f6hr, Helgoland, Hiddensee, Insel Mainau, R\u00fcgen, Usedom<\/p>\n\n\n\n<p>&#8211;&gt; <strong>Frankreich<\/strong> <strong>(5)<\/strong>: \u00cele Sainte-Marguerite, Korsika, La R\u00e9union, Mayotte, Mont Saint-Michel<\/p>\n\n\n\n<p>&#8211;&gt; <strong>Griechenland<\/strong> <strong>(4)<\/strong>: Korfu, Kreta, Megisti, Rhodos<\/p>\n\n\n\n<p>&#8211;&gt; <strong>Indonesien<\/strong> <strong>(2)<\/strong>: Bali, Gili Air<\/p>\n\n\n\n<p>&#8211;&gt; <strong>Island<\/strong> <strong>(1)<\/strong><\/p>\n\n\n\n<p>&#8211;&gt; <strong>Italien<\/strong> <strong>(1)<\/strong>: Sardinien, Venedig <\/p>\n\n\n\n<p>&#8211;&gt; <strong>Japan (1)<\/strong>: Miyajima<\/p>\n\n\n\n<p>&#8211;&gt; <strong>Kroatien<\/strong> <strong>(9)<\/strong>: Bra\u010d, Ko\u0161ljun, Krk, Murter, Otok \u010ciovo, Pag, Rab, Stari Grad Trogir, Vir<\/p>\n\n\n\n<p>&#8211;&gt; <strong>Malaysia<\/strong> <strong>(1)<\/strong>: Penang <\/p>\n\n\n\n<p>&#8211;&gt; <strong>Malta<\/strong> <strong>(1)<\/strong><\/p>\n\n\n\n<p>&#8211;&gt; <strong>Mauritius (1)<\/strong>: \u00cele aux Cerfs<\/p>\n\n\n\n<p>&#8211;&gt; <strong>Polen<\/strong> <strong>(1)<\/strong>: Wolin<\/p>\n\n\n\n<p>&#8211;&gt; <strong>Portugal<\/strong> <strong>(1)<\/strong>: Madeira<\/p>\n\n\n\n<p>&#8211;&gt; <strong>Spanien<\/strong> <strong>(<\/strong>6<strong>)<\/strong>: Formentera, Ibiza, Gran Canaria, La Palma, Mallorca, Teneriffa<\/p>\n\n\n\n<p>&#8211;&gt; <strong>S\u00fcdkorea<\/strong> <strong>(2)<\/strong>: Jeju-do, U-do<\/p>\n\n\n\n<p>&#8211;&gt; <strong>Thailand<\/strong> <strong>(1)<\/strong>: Koh Phangan, Koh Samui<\/p>\n\n\n\n<p>&#8211;&gt; <strong>USA<\/strong> <strong>(1)<\/strong>: O&#8217;ahu<\/p>\n\n\n\n<p>&#8211;&gt; <strong>Zypern<\/strong> <strong>(1)<\/strong><\/p>\n\n\n\n<p>\u2013&gt;&nbsp;<strong>15 deutsche Bundesl\u00e4nder:<\/strong>&nbsp;Baden-W\u00fcrttemberg, Bayern, Berlin, Brandenburg, Hamburg, Hessen, Mecklenburg-Vorpommern, Niedersachsen, Nordrhein-Westfalen, Rheinland-Pfalz, Saarland, Sachsen, Sachsen-Anhalt, Schleswig-Holstein, Th\u00fcringen<\/p>\n\n\n\n<p>\u2013&gt;&nbsp;<strong>16 US-Bundesstaaten<\/strong>: Arizona, Connecticut, Delaware, Florida, Hawaii, Illinois, Kalifornien, Maryland, Massachusetts, Michigan, Nevada, New Hampshire, New York, Pennsylvania, Vermont, Virginia <\/p>\n\n\n\n<p><strong>\u2013&gt; 55 L\u00e4nder<\/strong> <\/p>\n\n\n\n<p><strong>Philipp<\/strong><\/p>\n\n\n\n<p><strong>Europa 30 L\u00e4nder:&nbsp;<\/strong>Albanien, Andorra, Belgien, Bulgarien, D\u00e4nemark (F\u00e4r\u00f6er Inseln), Deutschland, Frankreich, Griechenland, Island, Italien, Kroatien, Liechtenstein, Luxemburg, Moldawien, Monaco, Montenegro, Niederlande, Nordmazedonien, \u00d6sterreich, Polen, Rum\u00e4nien, San Marino, Schweiz, Slowenien, Spanien, Tschechische Republik, T\u00fcrkei, Ungarn, Vatikanstadt, Vereinigtes K\u00f6nigreich <\/p>\n\n\n\n<p><strong>Amerika<\/strong> <strong>9 L\u00e4nder<\/strong>:&nbsp;Belize, Bolivien, Chile, Guatemala, Kanada, Kuba, Mexiko, Peru, USA <\/p>\n\n\n\n<p><strong>Asien 7 L\u00e4nder:&nbsp;<\/strong>Indonesien, Japan, Kambodscha, Malaysia, Singapur, S\u00fcdkorea, Thailand <\/p>\n\n\n\n<p><strong>Besuchte Inseln, 51 Inseln in 18 L\u00e4ndern:<\/strong><\/p>\n\n\n\n<p>&#8211;&gt; <strong>Belize<\/strong> <strong>(1)<\/strong>: Caye Caulker <\/p>\n\n\n\n<p>&#8211;&gt; <strong>Bolivien<\/strong> <strong>(1)<\/strong>: Islas Flotantes im Titicacasee <\/p>\n\n\n\n<p>&#8211;&gt; <strong>Chile<\/strong> <strong>(1)<\/strong>: Osterinsel<\/p>\n\n\n\n<p>&#8211;> <strong>D\u00e4nemark<\/strong> <strong>(10)<\/strong>: F\u00e4r\u00f6er Inseln (Bor\u00f0oy, Eysturoy, Kunoy, Streymoy, V\u00e1gar, Vi\u00f0oy), Mand\u00f8, Mors, R\u00f8m\u00f8, Vendsyssel<\/p>\n\n\n\n<p>&#8211;&gt; <strong>Deutschland<\/strong> <strong>(6)<\/strong>: D\u00e4nholm, Fischland-Dar\u00df-Zingst, Hiddensee, Insel Mainau, R\u00fcgen, Usedom<\/p>\n\n\n\n<p>&#8211;&gt; <strong>Frankreich<\/strong> <strong>(3)<\/strong>: \u00cele Sainte-Marguerite, Korsika, Mont Saint-Michel<\/p>\n\n\n\n<p>&#8211;&gt; <strong>Griechenland<\/strong> <strong>(2)<\/strong>: Megisit, Rhodos<\/p>\n\n\n\n<p>&#8211;&gt; <strong>Indonesien<\/strong> <strong>(2)<\/strong>: Bali, Gili Air<\/p>\n\n\n\n<p>&#8211;&gt; <strong>Island<\/strong> <strong>(1)<\/strong><\/p>\n\n\n\n<p>&#8211;&gt; <strong>Italien<\/strong> <strong>(1)<\/strong>: Sardinien, Venedig<\/p>\n\n\n\n<p>&#8211;&gt; <strong>Japan (1)<\/strong>: Miyajima<\/p>\n\n\n\n<p>&#8211;&gt; <strong>Kroatien (9)<\/strong>: Bra\u010d, Ko\u0161ljun, Krk, Murter, Otok \u010ciovo, Pag, Rab, Stari Grad Trogir, Vir<\/p>\n\n\n\n<p>&#8211;&gt; <strong>Malaysia<\/strong> <strong>(1)<\/strong>: Penang<\/p>\n\n\n\n<p>&#8211;&gt; <strong>Polen<\/strong> <strong>(1)<\/strong>: Wolin<\/p>\n\n\n\n<p>&#8211;&gt; <strong>Spanien<\/strong> <strong>(5)<\/strong>: Formentera, Ibiza, Gran Canaria, La Palma, Mallorca<\/p>\n\n\n\n<p>&#8211;&gt; <strong>S\u00fcdkorea<\/strong> <strong>(<\/strong>2<strong>)<\/strong>: Jeju-do, U-do<\/p>\n\n\n\n<p>&#8211;&gt; <strong>Thailand<\/strong> <strong>(2)<\/strong>: Koh Phangan, Koh Samui<\/p>\n\n\n\n<p>&#8211;&gt; <strong>USA<\/strong> <strong>(1)<\/strong>: O&#8217;ahu<\/p>\n\n\n\n<p>\u2013&gt;&nbsp;<strong>15 deutsche Bundesl\u00e4nder:<\/strong>&nbsp;Baden-W\u00fcrttemberg, Bayern, Berlin, Brandenburg, Hamburg, Hessen, Mecklenburg-Vorpommern, Niedersachsen, Nordrhein-Westfalen, Rheinland-Pfalz, Saarland, Sachsen, Sachsen-Anhalt, Schleswig-Holstein, Th\u00fcringen<\/p>\n\n\n\n<p><strong>\u2013&gt; 46 L\u00e4nder&nbsp;<\/strong><\/p>\n\n\n\n<p><strong>Merlin<\/strong> <\/p>\n\n\n\n<p><strong>Europa 16 L\u00e4nder:&nbsp;<\/strong>Andorra, Belgien, D\u00e4nemark (F\u00e4r\u00f6er Inseln), Deutschland, Frankreich, Italien, Kroatien, Liechtenstein, Luxemburg, Monaco, \u00d6sterreich, Polen, Schweiz, Slowenien, Spanien, Tschechische Republik<\/p>\n\n\n\n<p><strong>Amerika 5 L\u00e4nder:&nbsp;<\/strong>Belize, Guatemala, Kuba, Mexiko, USA<\/p>\n\n\n\n<p><strong>Asien<\/strong> <strong>7 L\u00e4nder:&nbsp;<\/strong>Indonesien, Japan, Kambodscha, Malaysia, Singapur, S\u00fcdkorea, Thailand <\/p>\n\n\n\n<p><strong>Besuchte Inseln, 41 Inseln in 13 L\u00e4ndern:<\/strong><\/p>\n\n\n\n<p>&#8211;&gt; <strong>Belize<\/strong> <strong>(1)<\/strong>: Caye Caulker<\/p>\n\n\n\n<p>&#8211;> <strong>D\u00e4nemark<\/strong> <strong>(10)<\/strong>: F\u00e4r\u00f6er Inseln (Bor\u00f0oy, Eysturoy, Kunoy, Streymoy, V\u00e1gar, Vi\u00f0oy), Mand\u00f8, Mors, R\u00f8m\u00f8, Vendsyssel<\/p>\n\n\n\n<p>&#8211;&gt; <strong>Deutschland (5)<\/strong>: D\u00e4nholm, Fischland-Dar\u00df-Zingst, Hiddensee, Insel Mainau, R\u00fcgen<\/p>\n\n\n\n<p>&#8211;&gt; <strong>Frankreich<\/strong> <strong>(2)<\/strong>: \u00cele Sainte-Marguerite, Mont Saint-Michel<\/p>\n\n\n\n<p>&#8211;&gt; <strong>Indonesien<\/strong> <strong>(2)<\/strong>: Bali, Gili Air <\/p>\n\n\n\n<p>&#8211;&gt; <strong>Japan (1)<\/strong>: Miyajima<\/p>\n\n\n\n<p>&#8211;&gt; <strong>Kroatien<\/strong> <strong>(9)<\/strong>: Bra\u010d, Ko\u0161ljun, Krk, Murter, Otok \u010ciovo, Pag, Rab, Stari Grad Trogir, Vir<\/p>\n\n\n\n<p>&#8211;&gt; <strong>Malaysia<\/strong> <strong>(1)<\/strong>: Penang<\/p>\n\n\n\n<p>&#8211;&gt; <strong>Polen<\/strong> <strong>(1)<\/strong>: Wolin<\/p>\n\n\n\n<p>&#8211;&gt; <strong>Spanien<\/strong> <strong>(4)<\/strong>: Formentera, Ibiza, La Palma, Mallorca<\/p>\n\n\n\n<p>&#8211;&gt; <strong>S\u00fcdkorea<\/strong> <strong>(2)<\/strong>: Jeju-do, U-do<\/p>\n\n\n\n<p>&#8211;&gt; <strong>Thailand (2)<\/strong>: Koh Phangan, Koh Samui<\/p>\n\n\n\n<p>&#8211;&gt; <strong>USA<\/strong> <strong>(1)<\/strong>: O&#8217;ahu<\/p>\n\n\n\n<p>-&gt;&nbsp;<strong>14 deutsche Bundesl\u00e4nder<\/strong>: Baden-W\u00fcrttemberg, Bayern, Berlin, Brandenburg, Hessen, Mecklenburg-Vorpommern, Niedersachsen, Nordrhein-Westfalen, Rheinland-Pfalz, Saarland, Sachsen, Sachsen-Anhalt, Schleswig-Holstein, Th\u00fcringen<\/p>\n\n\n\n<p><strong>\u2013&gt; 28 L\u00e4nder<\/strong>&nbsp;<\/p>\n\n\n\n<p><strong>Maris<\/strong><\/p>\n\n\n\n<p><strong>Europa 8 L\u00e4nder:<\/strong> Andorra, Belgien, Deutschland, Frankreich, Luxemburg, Polen, Spanien, Tschechische Republik <\/p>\n\n\n\n<p><strong>Besuchte Inseln 4 Inseln in 2 L\u00e4ndern: <\/strong><\/p>\n\n\n\n<p>&#8211;&gt; <strong>Frankreich (1):<\/strong> Mont Saint-Michel<\/p>\n\n\n\n<p>&#8211;&gt; <strong>Spanien (3)<\/strong>: Formentera, Ibiza, Mallorca<\/p>\n\n\n\n<p>&#8211;&gt; <strong>5 deutsche Bundesl\u00e4nder<\/strong>: Bayern, Brandenburg, Hessen, Rheinland-Pfalz, Sachsen<\/p>\n\n\n\n<p><strong>&#8211;&gt; 8 L\u00e4nder<\/strong> <\/p>\n\n\n\n<p>2022 hat Michaela ein neues Land bereist: Luxemburg <\/p>\n\n\n\n<p>2022 hat Philipp zwei neue L\u00e4nder bereist: Andorra, Luxemburg <\/p>\n\n\n\n<p>2022 hat Merlin vier neue L\u00e4nder bereist: Andorra, Kroatien, Luxemburg, Slowenien <\/p>\n\n\n\n<p>2022 hat Maris acht neue L\u00e4nder bereist: Andorra, Belgien, Deutschland, Frankreich, Luxemburg, Polen, Spanien, Tschechische Republik <\/p>\n","protected":false},"excerpt":{"rendered":"<p>2022 war f\u00fcr uns ein wundersch\u00f6nes Reisejahr. Wir haben so viel Neues entdeckt und gesehen, waren in elf verschiedenen L\u00e4ndern unterwegs und unser sch\u00f6nstes Erlebnis, war die Geburt unseres zweiten Jungen Maris. Unsere erste Reise f\u00fchrte uns in den Winterferien im Februar nach Karpacz in Polen. Wir waren snowboarden, im Winterwald rodeln, sind auf die [&hellip;]<\/p>\n","protected":false},"author":3,"featured_media":11840,"comment_status":"open","ping_status":"open","sticky":false,"template":"","format":"standard","meta":{"_themeisle_gutenberg_block_has_review":false,"footnotes":""},"categories":[8,777,1817,1753,242,257,270,4,748,236,658,1762,296,246,659],"tags":[775,498,325,191,788,184,746,781,240,187,298,143,459],"class_list":["post-11713","post","type-post","status-publish","format-standard","has-post-thumbnail","hentry","category-europa","category-andorra","category-belgien","category-brandenburg","category-deutschland","category-frankreich","category-kroatien","category-laender","category-luxemburg","category-oesterreich","category-polen","category-sachsen","category-slowenien","category-spanien","category-tschechien","tag-andorra","tag-belgien","tag-deutschland","tag-frankreich","tag-ibiza","tag-kroatien","tag-luxemburg","tag-mallorca","tag-oesterreich","tag-polen","tag-slowenien","tag-spanien","tag-tschechien"],"_links":{"self":[{"href":"https:\/\/familie-weitgereist.de\/index.php?rest_route=\/wp\/v2\/posts\/11713","targetHints":{"allow":["GET"]}}],"collection":[{"href":"https:\/\/familie-weitgereist.de\/index.php?rest_route=\/wp\/v2\/posts"}],"about":[{"href":"https:\/\/familie-weitgereist.de\/index.php?rest_route=\/wp\/v2\/types\/post"}],"author":[{"embeddable":true,"href":"https:\/\/familie-weitgereist.de\/index.php?rest_route=\/wp\/v2\/users\/3"}],"replies":[{"embeddable":true,"href":"https:\/\/familie-weitgereist.de\/index.php?rest_route=%2Fwp%2Fv2%2Fcomments&post=11713"}],"version-history":[{"count":150,"href":"https:\/\/familie-weitgereist.de\/index.php?rest_route=\/wp\/v2\/posts\/11713\/revisions"}],"predecessor-version":[{"id":23447,"href":"https:\/\/familie-weitgereist.de\/index.php?rest_route=\/wp\/v2\/posts\/11713\/revisions\/23447"}],"wp:featuredmedia":[{"embeddable":true,"href":"https:\/\/familie-weitgereist.de\/index.php?rest_route=\/wp\/v2\/media\/11840"}],"wp:attachment":[{"href":"https:\/\/familie-weitgereist.de\/index.php?rest_route=%2Fwp%2Fv2%2Fmedia&parent=11713"}],"wp:term":[{"taxonomy":"category","embeddable":true,"href":"https:\/\/familie-weitgereist.de\/index.php?rest_route=%2Fwp%2Fv2%2Fcategories&post=11713"},{"taxonomy":"post_tag","embeddable":true,"href":"https:\/\/familie-weitgereist.de\/index.php?rest_route=%2Fwp%2Fv2%2Ftags&post=11713"}],"curies":[{"name":"wp","href":"https:\/\/api.w.org\/{rel}","templated":true}]}}