{"id":11691,"date":"2022-12-03T19:01:11","date_gmt":"2022-12-03T18:01:11","guid":{"rendered":"https:\/\/familie-weitgereist.de\/?p=11691"},"modified":"2025-11-12T22:54:05","modified_gmt":"2025-11-12T21:54:05","slug":"reisen-im-wochenbett-unsere-ersten-reisen-mit-baby","status":"publish","type":"post","link":"https:\/\/familie-weitgereist.de\/?p=11691","title":{"rendered":"Reisen im Wochenbett &#8211; Unsere ersten Reisen mit Baby"},"content":{"rendered":"\n<p>Das Wochenbett, welches sich unmittelbar an die Geburt eines Babys anschlie\u00dft und in Deutschland acht Wochen dauert, ist eine sehr empfindsame Zeit, die achtsam genossen werden sollte. Mama und Baby k\u00f6nnen sich von der Geburtsreise erholen und Papa und weitere Geschwisterkinder k\u00f6nnen das neue Familienmitglied kennenlernen. <\/p>\n\n\n\n<p>Wichtig ist, dass es Mama und Baby gut geht, sie sich fit f\u00fchlen, alle ausreichend Schlaf bekommen und der Entdeckergeist wieder zur\u00fcck ist. <\/p>\n\n\n\n<p>Unsere Babys und ich haben die erste Zeit nach der Geburt sprichw\u00f6rtlich im Bett verbracht. Drei bis vier Wochen nach den Geburten f\u00fchlte ich mich wieder kr\u00e4ftig und fit genug, um neue Entdeckungen zu erleben. <\/p>\n\n\n\n<p>Wir haben die Wochenbettzeit genutzt um tolle Ausfl\u00fcge in der n\u00e4heren Umgebung zu unternehmen, aber auch um etwas weiter weg zu fahren.<\/p>\n\n\n\n<p>Sicherlich ist es auch etwas abh\u00e4ngig, zu welcher Jahreszeit ein Baby geboren wird. Im Sommer ist es eventuell leichter, schnell wieder drau\u00dfen unterwegs sein zu wollen, als im kalten Winter, wenn es drinnen sowieso gem\u00fctlich ist.<\/p>\n\n\n\n<figure class=\"wp-block-image size-large\"><img loading=\"lazy\" decoding=\"async\" width=\"1024\" height=\"768\" src=\"https:\/\/familie-weitgereist.de\/wp-content\/uploads\/2022\/12\/20221002062136_IMG_9425-1024x768.jpg\" alt=\"\" class=\"wp-image-11701\" srcset=\"https:\/\/familie-weitgereist.de\/wp-content\/uploads\/2022\/12\/20221002062136_IMG_9425-1024x768.jpg 1024w, https:\/\/familie-weitgereist.de\/wp-content\/uploads\/2022\/12\/20221002062136_IMG_9425-300x225.jpg 300w, https:\/\/familie-weitgereist.de\/wp-content\/uploads\/2022\/12\/20221002062136_IMG_9425-768x576.jpg 768w, https:\/\/familie-weitgereist.de\/wp-content\/uploads\/2022\/12\/20221002062136_IMG_9425-1536x1152.jpg 1536w, https:\/\/familie-weitgereist.de\/wp-content\/uploads\/2022\/12\/20221002062136_IMG_9425-2048x1536.jpg 2048w, https:\/\/familie-weitgereist.de\/wp-content\/uploads\/2022\/12\/20221002062136_IMG_9425-1200x900.jpg 1200w, https:\/\/familie-weitgereist.de\/wp-content\/uploads\/2022\/12\/20221002062136_IMG_9425-1980x1485.jpg 1980w, https:\/\/familie-weitgereist.de\/wp-content\/uploads\/2022\/12\/20221002062136_IMG_9425-150x113.jpg 150w\" sizes=\"auto, (max-width: 1024px) 100vw, 1024px\" \/><figcaption class=\"wp-element-caption\">Erste Erkundungen mit Baby<\/figcaption><\/figure>\n\n\n\n<p>Mit unserem ersten <strong>Baby Merlin<\/strong> haben wir nach <strong>sechs Wochen<\/strong> eine Reise in den <strong>Harz<\/strong> unternommen. Insgesamt waren wir eine Woche unterwegs. <\/p>\n\n\n\n<p>Mehr dazu gibt es hier zum Nachlesen: <a href=\"https:\/\/familie-weitgereist.de\/?p=964\"><strong>Unser erster Urlaub mit Baby Merlin im Harz<\/strong><\/a><\/p>\n\n\n\n<p>Mit unserem zweiten <strong>Baby Maris<\/strong> haben wir, als <strong>er<\/strong> <strong>drei Wochen<\/strong> <strong>alt war<\/strong>, die ersten Erkundungen unternommen.<\/p>\n\n\n\n<p>Unsere erste Camperreise f\u00fchrte uns nach Tschechien in das <a href=\"https:\/\/familie-weitgereist.de\/?p=11085\"><strong>Lausitzer Gebirge<\/strong><\/a>. <\/p>\n\n\n\n<p>Wir unternahmen zudem einige Wochenendausfl\u00fcge in <a href=\"https:\/\/familie-weitgereist.de\/?p=4194\"><strong>Brandenburg und Sachsen<\/strong><\/a>. <\/p>\n\n\n\n<p>Mit unserem <strong>dritten Baby Madita <\/strong>haben wir ebenfalls als <strong>sie drei Wochen alt war<\/strong>, die ersten Ausfl\u00fcge unternommen. <\/p>\n\n\n\n<p>Wir haben viele Ausfl\u00fcge in die <a href=\"https:\/\/familie-weitgereist.de\/?p=21800\" data-type=\"link\" data-id=\"https:\/\/familie-weitgereist.de\/?p=21800\"><strong>Oberlausitz in Sachsen<\/strong> <\/a>unternommen. Die beiden gro\u00dfen Geschwister haben sich sehr gefreut, als Mami und Baby endlich wieder an Ausfl\u00fcgen teilnehmen konnten.<\/p>\n\n\n\n<figure class=\"wp-block-image size-large\"><img loading=\"lazy\" decoding=\"async\" width=\"1024\" height=\"768\" src=\"https:\/\/familie-weitgereist.de\/wp-content\/uploads\/2025\/07\/1000005559-1024x768.jpg\" alt=\"\" class=\"wp-image-22339\" srcset=\"https:\/\/familie-weitgereist.de\/wp-content\/uploads\/2025\/07\/1000005559-1024x768.jpg 1024w, https:\/\/familie-weitgereist.de\/wp-content\/uploads\/2025\/07\/1000005559-300x225.jpg 300w, https:\/\/familie-weitgereist.de\/wp-content\/uploads\/2025\/07\/1000005559-768x576.jpg 768w, https:\/\/familie-weitgereist.de\/wp-content\/uploads\/2025\/07\/1000005559-1536x1152.jpg 1536w, https:\/\/familie-weitgereist.de\/wp-content\/uploads\/2025\/07\/1000005559-2048x1536.jpg 2048w, https:\/\/familie-weitgereist.de\/wp-content\/uploads\/2025\/07\/1000005559-1200x900.jpg 1200w, https:\/\/familie-weitgereist.de\/wp-content\/uploads\/2025\/07\/1000005559-1980x1485.jpg 1980w, https:\/\/familie-weitgereist.de\/wp-content\/uploads\/2025\/07\/1000005559-150x113.jpg 150w\" sizes=\"auto, (max-width: 1024px) 100vw, 1024px\" \/><\/figure>\n\n\n\n<p>Als Madita sechs Wochen alt war, sind wir mit unserem Camper auf einen zwei w\u00f6chigen Roadtrip nach <strong><a href=\"https:\/\/familie-weitgereist.de\/?p=22121\" data-type=\"link\" data-id=\"https:\/\/familie-weitgereist.de\/?p=22121\">Bremen<\/a><\/strong>, <a href=\"https:\/\/familie-weitgereist.de\/?p=22101\" data-type=\"link\" data-id=\"https:\/\/familie-weitgereist.de\/?p=22101\"><strong>Leer (Ostfriesland)<\/strong>,<\/a> die <strong><a href=\"https:\/\/familie-weitgereist.de\/?p=22101\" data-type=\"link\" data-id=\"https:\/\/familie-weitgereist.de\/?p=22101\">Niederlande<\/a><\/strong> und <strong><a href=\"https:\/\/familie-weitgereist.de\/?p=22101\" data-type=\"link\" data-id=\"https:\/\/familie-weitgereist.de\/?p=22101\">Belgien<\/a><\/strong> unternommen.<\/p>\n\n\n\n<p>Es ist durchaus m\u00f6glich, auch mit ganz kleinem Baby und kurze Zeit nach der Geburt wieder aktiv und unterwegs zu sein. Jede Familie sollte dies jedoch auf sich zukommen lassen und immer schauen, wie geht es Mami, dem Baby und allen Familienmitgliedern. Wenn sich alle wohlf\u00fchlen, stehen den ersten Abenteuern nichts mehr im Wege.<\/p>\n","protected":false},"excerpt":{"rendered":"<p>Das Wochenbett, welches sich unmittelbar an die Geburt eines Babys anschlie\u00dft und in Deutschland acht Wochen dauert, ist eine sehr empfindsame Zeit, die achtsam genossen werden sollte. Mama und Baby k\u00f6nnen sich von der Geburtsreise erholen und Papa und weitere Geschwisterkinder k\u00f6nnen das neue Familienmitglied kennenlernen. Wichtig ist, dass es Mama und Baby gut geht, [&hellip;]<\/p>\n","protected":false},"author":3,"featured_media":11701,"comment_status":"open","ping_status":"open","sticky":false,"template":"","format":"standard","meta":{"_themeisle_gutenberg_block_has_review":false,"footnotes":""},"categories":[8,1817,1753,1754,242,4,1758,658,1762,1763,1765,659],"tags":[498,203,1598,325,139,724,1604,1594,187,204,370,459,521],"class_list":["post-11691","post","type-post","status-publish","format-standard","has-post-thumbnail","hentry","category-europa","category-belgien","category-brandenburg","category-bremen","category-deutschland","category-laender","category-niedersachsen","category-polen","category-sachsen","category-sachsen-anhalt","category-thueringen","category-tschechien","tag-belgien","tag-brandenburg","tag-bremen","tag-deutschland","tag-harz","tag-lausitzer-gebirge","tag-leer-ostfriesland","tag-niederlande","tag-polen","tag-sachsen","tag-saechsische-schweiz","tag-tschechien","tag-zittauer-gebirge"],"_links":{"self":[{"href":"https:\/\/familie-weitgereist.de\/index.php?rest_route=\/wp\/v2\/posts\/11691","targetHints":{"allow":["GET"]}}],"collection":[{"href":"https:\/\/familie-weitgereist.de\/index.php?rest_route=\/wp\/v2\/posts"}],"about":[{"href":"https:\/\/familie-weitgereist.de\/index.php?rest_route=\/wp\/v2\/types\/post"}],"author":[{"embeddable":true,"href":"https:\/\/familie-weitgereist.de\/index.php?rest_route=\/wp\/v2\/users\/3"}],"replies":[{"embeddable":true,"href":"https:\/\/familie-weitgereist.de\/index.php?rest_route=%2Fwp%2Fv2%2Fcomments&post=11691"}],"version-history":[{"count":20,"href":"https:\/\/familie-weitgereist.de\/index.php?rest_route=\/wp\/v2\/posts\/11691\/revisions"}],"predecessor-version":[{"id":22459,"href":"https:\/\/familie-weitgereist.de\/index.php?rest_route=\/wp\/v2\/posts\/11691\/revisions\/22459"}],"wp:featuredmedia":[{"embeddable":true,"href":"https:\/\/familie-weitgereist.de\/index.php?rest_route=\/wp\/v2\/media\/11701"}],"wp:attachment":[{"href":"https:\/\/familie-weitgereist.de\/index.php?rest_route=%2Fwp%2Fv2%2Fmedia&parent=11691"}],"wp:term":[{"taxonomy":"category","embeddable":true,"href":"https:\/\/familie-weitgereist.de\/index.php?rest_route=%2Fwp%2Fv2%2Fcategories&post=11691"},{"taxonomy":"post_tag","embeddable":true,"href":"https:\/\/familie-weitgereist.de\/index.php?rest_route=%2Fwp%2Fv2%2Ftags&post=11691"}],"curies":[{"name":"wp","href":"https:\/\/api.w.org\/{rel}","templated":true}]}}