{"id":11397,"date":"2022-11-22T22:14:40","date_gmt":"2022-11-22T21:14:40","guid":{"rendered":"https:\/\/familie-weitgereist.de\/?p=11397"},"modified":"2025-10-09T22:13:14","modified_gmt":"2025-10-09T20:13:14","slug":"europareise-roadtrip-frankreich-mit-kleinkind-und-baby","status":"publish","type":"post","link":"https:\/\/familie-weitgereist.de\/?p=11397","title":{"rendered":"Europareise Roadtrip &#8211; Frankreich mit Kleinkind und Baby"},"content":{"rendered":"\n<p>Ab November 2022 haben wir unsere Elternzeit genutzt um mit unserem <strong>VW T6<\/strong> durch Europa zu reisen. Unsere Reise startete in\u00a0<strong>Deutschland<\/strong>, f\u00fchrte anschlie\u00dfend weiter nach\u00a0<strong>Luxemburg<\/strong> und <strong>Frankreich<\/strong>.<\/p>\n\n\n\n<figure class=\"wp-block-embed is-type-video is-provider-youtube wp-block-embed-youtube wp-embed-aspect-16-9 wp-has-aspect-ratio\"><div class=\"wp-block-embed__wrapper\">\n<iframe loading=\"lazy\" title=\"EUROPA ROADTRIP 2022 \/ 2023 - Woche #001\" width=\"580\" height=\"326\" src=\"https:\/\/www.youtube.com\/embed\/FF3dc8SGV5Q?feature=oembed\" frameborder=\"0\" allow=\"accelerometer; autoplay; clipboard-write; encrypted-media; gyroscope; picture-in-picture; web-share\" referrerpolicy=\"strict-origin-when-cross-origin\" allowfullscreen><\/iframe>\n<\/div><\/figure>\n\n\n\n<figure class=\"wp-block-embed is-type-video is-provider-youtube wp-block-embed-youtube wp-embed-aspect-16-9 wp-has-aspect-ratio\"><div class=\"wp-block-embed__wrapper\">\n<iframe loading=\"lazy\" title=\"EUROPA ROADTRIP 2022 \/ 2023 - Woche #002\" width=\"580\" height=\"326\" src=\"https:\/\/www.youtube.com\/embed\/Lw5X2z2oaVo?feature=oembed\" frameborder=\"0\" allow=\"accelerometer; autoplay; clipboard-write; encrypted-media; gyroscope; picture-in-picture; web-share\" referrerpolicy=\"strict-origin-when-cross-origin\" allowfullscreen><\/iframe>\n<\/div><\/figure>\n\n\n\n<figure class=\"wp-block-embed is-type-video is-provider-youtube wp-block-embed-youtube wp-embed-aspect-16-9 wp-has-aspect-ratio\"><div class=\"wp-block-embed__wrapper\">\n<iframe loading=\"lazy\" title=\"ROADTRIP EUROPA 2022 \/ 2023  - Woche #003\" width=\"580\" height=\"326\" src=\"https:\/\/www.youtube.com\/embed\/dzDkhrm-e-g?feature=oembed\" frameborder=\"0\" allow=\"accelerometer; autoplay; clipboard-write; encrypted-media; gyroscope; picture-in-picture; web-share\" referrerpolicy=\"strict-origin-when-cross-origin\" allowfullscreen><\/iframe>\n<\/div><\/figure>\n\n\n\n<figure class=\"wp-block-image size-large\"><img loading=\"lazy\" decoding=\"async\" width=\"1024\" height=\"768\" src=\"https:\/\/familie-weitgereist.de\/wp-content\/uploads\/2022\/11\/20221123062405_IMG_9712-1-1024x768.jpg\" alt=\"\" class=\"wp-image-11522\" srcset=\"https:\/\/familie-weitgereist.de\/wp-content\/uploads\/2022\/11\/20221123062405_IMG_9712-1-1024x768.jpg 1024w, https:\/\/familie-weitgereist.de\/wp-content\/uploads\/2022\/11\/20221123062405_IMG_9712-1-300x225.jpg 300w, https:\/\/familie-weitgereist.de\/wp-content\/uploads\/2022\/11\/20221123062405_IMG_9712-1-768x576.jpg 768w, https:\/\/familie-weitgereist.de\/wp-content\/uploads\/2022\/11\/20221123062405_IMG_9712-1-1536x1152.jpg 1536w, https:\/\/familie-weitgereist.de\/wp-content\/uploads\/2022\/11\/20221123062405_IMG_9712-1-2048x1536.jpg 2048w, https:\/\/familie-weitgereist.de\/wp-content\/uploads\/2022\/11\/20221123062405_IMG_9712-1-1200x900.jpg 1200w, https:\/\/familie-weitgereist.de\/wp-content\/uploads\/2022\/11\/20221123062405_IMG_9712-1-1980x1485.jpg 1980w, https:\/\/familie-weitgereist.de\/wp-content\/uploads\/2022\/11\/20221123062405_IMG_9712-1-150x113.jpg 150w\" sizes=\"auto, (max-width: 1024px) 100vw, 1024px\" \/><figcaption class=\"wp-element-caption\">Mont Saint-Michel <\/figcaption><\/figure>\n\n\n\n<p>Unsere Reiseberichte zu Deutschland und Luxemburg sind hier zu lesen: <\/p>\n\n\n\n<p>Deutschland: <a href=\"https:\/\/familie-weitgereist.de\/?p=11288\"><strong>Europa<\/strong> <strong>Camper<\/strong> <strong>Reise Deutschland<\/strong><\/a><\/p>\n\n\n\n<p>Luxemburg: <a href=\"https:\/\/familie-weitgereist.de\/?p=11342\"><strong>Europa Camper Reise Luxemburg<\/strong><\/a><\/p>\n\n\n\n<p>Frankreich haben wir schon mehrmals besucht und sind immer wieder begeistert. Diesmal besuchten wir jedoch Regionen, die wir vorher noch nicht kennengelernt haben. Von Luxemburg sind wir \u00fcber <strong>Belgien<\/strong> nach Frankreich gefahren. Belgien nutzten wir diesmal nur als Durchreiseland. Wir \u00fcbernachteten eine Nacht in der N\u00e4he von <strong>Neufch\u00e2teau<\/strong> und machten am n\u00e4chsten Tag einen kurzen Stop in <strong>Mons<\/strong>. Da das Wetter jedoch k\u00fchl und regnerisch war, sind wir ziemlich schnell nach Frankreich weiter gefahren. <\/p>\n\n\n\n<figure class=\"wp-block-image size-large\"><img loading=\"lazy\" decoding=\"async\" width=\"1024\" height=\"768\" src=\"https:\/\/familie-weitgereist.de\/wp-content\/uploads\/2022\/11\/IMG_20221120_094535-1024x768.jpg\" alt=\"\" class=\"wp-image-11407\" srcset=\"https:\/\/familie-weitgereist.de\/wp-content\/uploads\/2022\/11\/IMG_20221120_094535-1024x768.jpg 1024w, https:\/\/familie-weitgereist.de\/wp-content\/uploads\/2022\/11\/IMG_20221120_094535-300x225.jpg 300w, https:\/\/familie-weitgereist.de\/wp-content\/uploads\/2022\/11\/IMG_20221120_094535-768x576.jpg 768w, https:\/\/familie-weitgereist.de\/wp-content\/uploads\/2022\/11\/IMG_20221120_094535-1536x1152.jpg 1536w, https:\/\/familie-weitgereist.de\/wp-content\/uploads\/2022\/11\/IMG_20221120_094535-2048x1536.jpg 2048w, https:\/\/familie-weitgereist.de\/wp-content\/uploads\/2022\/11\/IMG_20221120_094535-1200x900.jpg 1200w, https:\/\/familie-weitgereist.de\/wp-content\/uploads\/2022\/11\/IMG_20221120_094535-1980x1485.jpg 1980w, https:\/\/familie-weitgereist.de\/wp-content\/uploads\/2022\/11\/IMG_20221120_094535-150x113.jpg 150w\" sizes=\"auto, (max-width: 1024px) 100vw, 1024px\" \/><figcaption class=\"wp-element-caption\">Spielplatz in der N\u00e4he von Neufch\u00e2teau, Belgien<\/figcaption><\/figure>\n\n\n\n<p>Folgende Orte haben wir uns auf unserem <strong>Roadtrip durch Frankreich<\/strong> angeschaut. <\/p>\n\n\n\n<ul class=\"wp-block-list\">\n<li><a href=\"https:\/\/familie-weitgereist.de\/?p=11397\/#etretat\">F\u00e9camp und \u00c9tretat<\/a><\/li>\n\n\n\n<li><a href=\"https:\/\/familie-weitgereist.de\/?p=11397\/#pontorson\">Pontorson<\/a><\/li>\n\n\n\n<li><a href=\"https:\/\/familie-weitgereist.de\/?p=11397\/#montsaintmichel\">Mont Saint-Michel<\/a> <\/li>\n\n\n\n<li><a href=\"https:\/\/familie-weitgereist.de\/?p=11397\/#chenonceau\">Ch\u00e2teau Chenonceau<\/a> <\/li>\n\n\n\n<li><a href=\"https:\/\/familie-weitgereist.de\/?p=11397\/#villagemartyr\">Village Martyr &#8211; Oradour-sur-Glane<\/a> <\/li>\n\n\n\n<li><a href=\"https:\/\/familie-weitgereist.de\/?p=11397\/#roque\">La Roque Saint-Christophe<\/a> <\/li>\n\n\n\n<li><a href=\"https:\/\/familie-weitgereist.de\/?p=11397\/#beynac\">Der Ort Beynac-et-Cazenac<\/a> <\/li>\n\n\n\n<li><a href=\"https:\/\/familie-weitgereist.de\/?p=11397\/#rocamadour\">Der Ort Rocamadour<\/a><\/li>\n\n\n\n<li><a href=\"https:\/\/familie-weitgereist.de\/?p=11397\/#puycelsi\">Der Ort Puycelsi<\/a> <\/li>\n\n\n\n<li><a href=\"https:\/\/familie-weitgereist.de\/?p=11397\/#soreze\">Der Ort Sor\u00e8ze<\/a><\/li>\n\n\n\n<li><a href=\"https:\/\/familie-weitgereist.de\/?p=11397\/#limoux\">Limoux<\/a> <\/li>\n\n\n\n<li><a href=\"https:\/\/familie-weitgereist.de\/?p=11397\/#aletlesbains\">Alet-les-Bains<\/a><\/li>\n\n\n\n<li><a href=\"https:\/\/familie-weitgereist.de\/?p=11397\/#gruissan\">Gruissan<\/a><\/li>\n\n\n\n<li><a href=\"https:\/\/familie-weitgereist.de\/?p=11397\/#carcassonne\">Carcassonne<\/a><\/li>\n\n\n\n<li><a href=\"https:\/\/familie-weitgereist.de\/?p=11397\/#galamus\">Gorges de Galamus<\/a> <\/li>\n\n\n\n<li><a href=\"https:\/\/familie-weitgereist.de\/?p=11397\/#peyrepertuse\">Ch\u00e2teau de Peyrepertuse<\/a><\/li>\n<\/ul>\n\n\n\n<p>Wir \u00fcbernachten haupts\u00e4chlich auf Stellpl\u00e4tzen, die von den Kommunen zur Verf\u00fcgung gestellt werden. Diese sind meistens gratis, haben Toiletten, Sitzb\u00e4nke und oftmals sogar noch Spiepl\u00e4tze.<\/p>\n\n\n\n<h2 class=\"wp-block-heading\" id=\"etretat\">F\u00e9camp und \u00c9tretat <\/h2>\n\n\n\n<p>Die Wettervorhersage prophezeite Sturm, Hagel und Starkregen. Aus diesem Grund g\u00f6nnten wir uns eine Ferienwohnung in <strong>F\u00e9camp<\/strong>. <\/p>\n\n\n\n<p>F\u00e9camp ist ein K\u00fcstenort in der Normandie und bietet eine grandiose Steilk\u00fcste. Die Sicht war f\u00fcr uns aufgrund des starken Regens etwas eingeschr\u00e4nkt, dennoch ist die Steilk\u00fcste absolut sehenswert.<\/p>\n\n\n\n<figure class=\"wp-block-image size-large\"><img loading=\"lazy\" decoding=\"async\" width=\"1024\" height=\"768\" src=\"https:\/\/familie-weitgereist.de\/wp-content\/uploads\/2022\/11\/IMG_20221122_105338-1024x768.jpg\" alt=\"\" class=\"wp-image-11409\" srcset=\"https:\/\/familie-weitgereist.de\/wp-content\/uploads\/2022\/11\/IMG_20221122_105338-1024x768.jpg 1024w, https:\/\/familie-weitgereist.de\/wp-content\/uploads\/2022\/11\/IMG_20221122_105338-300x225.jpg 300w, https:\/\/familie-weitgereist.de\/wp-content\/uploads\/2022\/11\/IMG_20221122_105338-768x576.jpg 768w, https:\/\/familie-weitgereist.de\/wp-content\/uploads\/2022\/11\/IMG_20221122_105338-1536x1152.jpg 1536w, https:\/\/familie-weitgereist.de\/wp-content\/uploads\/2022\/11\/IMG_20221122_105338-2048x1536.jpg 2048w, https:\/\/familie-weitgereist.de\/wp-content\/uploads\/2022\/11\/IMG_20221122_105338-1200x900.jpg 1200w, https:\/\/familie-weitgereist.de\/wp-content\/uploads\/2022\/11\/IMG_20221122_105338-1980x1485.jpg 1980w, https:\/\/familie-weitgereist.de\/wp-content\/uploads\/2022\/11\/IMG_20221122_105338-150x113.jpg 150w\" sizes=\"auto, (max-width: 1024px) 100vw, 1024px\" \/><figcaption class=\"wp-element-caption\">F\u00e9camp <\/figcaption><\/figure>\n\n\n\n<p>Unser Ferienhaus f\u00fcr zwei N\u00e4chte befand sich in F\u00e9camp und war ein absolutes Highlight f\u00fcr Merlin, denn es gab ein gro\u00dfes Spielzimmer. Er konnte sein Gl\u00fcck kaum fassen und stand staunend vor dem Zimmer. (:<\/p>\n\n\n\n<div id=\"wp-block-themeisle-blocks-slider-e366630c\" class=\"wp-block-themeisle-blocks-slider glide\" data-per-view=\"1\" data-gap=\"0\" data-peek=\"0\" data-autoplay=\"true\" data-height=\"400px\" data-hide-arrows=\"false\"><div class=\"glide__track\" data-glide-el=\"track\"><div class=\"glide__slides\"><div class=\"wp-block-themeisle-blocks-slider-item-wrapper glide__slide\" tabindex=\"0\"><figure><img decoding=\"async\" class=\"wp-block-themeisle-blocks-slider-item\" src=\"https:\/\/familie-weitgereist.de\/wp-content\/uploads\/2022\/11\/IMG_20221121_094206-scaled.jpg\" alt=\"\" title=\"\" data-id=\"11412\"\/><\/figure><\/div><div class=\"wp-block-themeisle-blocks-slider-item-wrapper glide__slide\" tabindex=\"0\"><figure><img decoding=\"async\" class=\"wp-block-themeisle-blocks-slider-item\" src=\"https:\/\/familie-weitgereist.de\/wp-content\/uploads\/2022\/11\/IMG_20221121_091039-scaled.jpg\" alt=\"\" title=\"\" data-id=\"11413\"\/><\/figure><\/div><\/div><div class=\"glide__bullets\" data-glide-el=\"controls[nav]\"><button class=\"glide__bullet\" data-glide-dir=\"=0\"><\/button><button class=\"glide__bullet\" data-glide-dir=\"=1\"><\/button><\/div><\/div><\/div>\n\n\n\n<p>Von F\u00e9camp war es nur eine 20 min\u00fctige Autofahrt nach <strong>\u00c9tretat<\/strong>. Die Steilk\u00fcsten von \u00c9tretat sind weit \u00fcber die Grenzen von Frankreich bekannt. Der Ort selbst ist sehr touristisch angelegt, denn jeder Parkplatz muss bezahlt werden. Aufgrund des regnerischen Wetters, waren jedoch kaum Menschen vor Ort und wir hatten die Steilk\u00fcsten nahezu f\u00fcr uns allein. Das ist auch ein Vorteil, bei Regen raus zu gehen. (:<\/p>\n\n\n\n<figure class=\"wp-block-image size-large\"><img loading=\"lazy\" decoding=\"async\" width=\"1024\" height=\"768\" src=\"https:\/\/familie-weitgereist.de\/wp-content\/uploads\/2022\/11\/IMG_20221121_114329-1024x768.jpg\" alt=\"\" class=\"wp-image-11423\" srcset=\"https:\/\/familie-weitgereist.de\/wp-content\/uploads\/2022\/11\/IMG_20221121_114329-1024x768.jpg 1024w, https:\/\/familie-weitgereist.de\/wp-content\/uploads\/2022\/11\/IMG_20221121_114329-300x225.jpg 300w, https:\/\/familie-weitgereist.de\/wp-content\/uploads\/2022\/11\/IMG_20221121_114329-768x576.jpg 768w, https:\/\/familie-weitgereist.de\/wp-content\/uploads\/2022\/11\/IMG_20221121_114329-1536x1152.jpg 1536w, https:\/\/familie-weitgereist.de\/wp-content\/uploads\/2022\/11\/IMG_20221121_114329-2048x1536.jpg 2048w, https:\/\/familie-weitgereist.de\/wp-content\/uploads\/2022\/11\/IMG_20221121_114329-1200x900.jpg 1200w, https:\/\/familie-weitgereist.de\/wp-content\/uploads\/2022\/11\/IMG_20221121_114329-1980x1485.jpg 1980w, https:\/\/familie-weitgereist.de\/wp-content\/uploads\/2022\/11\/IMG_20221121_114329-150x113.jpg 150w\" sizes=\"auto, (max-width: 1024px) 100vw, 1024px\" \/><\/figure>\n\n\n\n<p>Wir parkten auf einem Parkplatz direkt an der K\u00fcstenpromenade und zahlten f\u00fcr 1 Stunde 1\u20ac. Von dort sahen wir auch schon die beeindruckenden Felsformationen und die steil hinabragenden Klippen. <\/p>\n\n\n\n<figure class=\"wp-block-image size-large\"><img loading=\"lazy\" decoding=\"async\" width=\"1024\" height=\"768\" src=\"https:\/\/familie-weitgereist.de\/wp-content\/uploads\/2022\/11\/IMG_20221121_112613-1024x768.jpg\" alt=\"\" class=\"wp-image-11417\" srcset=\"https:\/\/familie-weitgereist.de\/wp-content\/uploads\/2022\/11\/IMG_20221121_112613-1024x768.jpg 1024w, https:\/\/familie-weitgereist.de\/wp-content\/uploads\/2022\/11\/IMG_20221121_112613-300x225.jpg 300w, https:\/\/familie-weitgereist.de\/wp-content\/uploads\/2022\/11\/IMG_20221121_112613-768x576.jpg 768w, https:\/\/familie-weitgereist.de\/wp-content\/uploads\/2022\/11\/IMG_20221121_112613-1536x1152.jpg 1536w, https:\/\/familie-weitgereist.de\/wp-content\/uploads\/2022\/11\/IMG_20221121_112613-2048x1536.jpg 2048w, https:\/\/familie-weitgereist.de\/wp-content\/uploads\/2022\/11\/IMG_20221121_112613-1200x900.jpg 1200w, https:\/\/familie-weitgereist.de\/wp-content\/uploads\/2022\/11\/IMG_20221121_112613-1980x1485.jpg 1980w, https:\/\/familie-weitgereist.de\/wp-content\/uploads\/2022\/11\/IMG_20221121_112613-150x113.jpg 150w\" sizes=\"auto, (max-width: 1024px) 100vw, 1024px\" \/><\/figure>\n\n\n\n<p>Die Wege sind gut angelegt und Warnschilder weisen darauf hin, dass es \u00e4u\u00dferst gef\u00e4hrlich ist, zu nah an den Klippen zu laufen. Die Blicke auf die K\u00fcste sind atemberaubend.<\/p>\n\n\n\n<div id=\"wp-block-themeisle-blocks-slider-99e6f4c5\" class=\"wp-block-themeisle-blocks-slider glide\" data-per-view=\"1\" data-gap=\"0\" data-peek=\"0\" data-autoplay=\"true\" data-height=\"400px\" data-hide-arrows=\"false\"><div class=\"glide__track\" data-glide-el=\"track\"><div class=\"glide__slides\"><div class=\"wp-block-themeisle-blocks-slider-item-wrapper glide__slide\" tabindex=\"0\"><figure><img decoding=\"async\" class=\"wp-block-themeisle-blocks-slider-item\" src=\"https:\/\/familie-weitgereist.de\/wp-content\/uploads\/2022\/11\/IMG_20221121_113549-scaled.jpg\" alt=\"\" title=\"\" data-id=\"11421\"\/><\/figure><\/div><div class=\"wp-block-themeisle-blocks-slider-item-wrapper glide__slide\" tabindex=\"0\"><figure><img decoding=\"async\" class=\"wp-block-themeisle-blocks-slider-item\" src=\"https:\/\/familie-weitgereist.de\/wp-content\/uploads\/2022\/11\/IMG_20221121_112623-scaled.jpg\" alt=\"\" title=\"\" data-id=\"11424\"\/><\/figure><\/div><div class=\"wp-block-themeisle-blocks-slider-item-wrapper glide__slide\" tabindex=\"0\"><figure><img decoding=\"async\" class=\"wp-block-themeisle-blocks-slider-item\" src=\"https:\/\/familie-weitgereist.de\/wp-content\/uploads\/2022\/11\/IMG_20221121_115151-scaled.jpg\" alt=\"\" title=\"\" data-id=\"11425\"\/><\/figure><\/div><div class=\"wp-block-themeisle-blocks-slider-item-wrapper glide__slide\" tabindex=\"0\"><figure><img decoding=\"async\" class=\"wp-block-themeisle-blocks-slider-item\" src=\"https:\/\/familie-weitgereist.de\/wp-content\/uploads\/2022\/11\/IMG_20221121_120011-scaled.jpg\" alt=\"\" title=\"\" data-id=\"11426\"\/><\/figure><\/div><div class=\"wp-block-themeisle-blocks-slider-item-wrapper glide__slide\" tabindex=\"0\"><figure><img decoding=\"async\" class=\"wp-block-themeisle-blocks-slider-item\" src=\"https:\/\/familie-weitgereist.de\/wp-content\/uploads\/2022\/11\/IMG_20221121_114756-scaled.jpg\" alt=\"\" title=\"\" data-id=\"11427\"\/><\/figure><\/div><\/div><div class=\"glide__bullets\" data-glide-el=\"controls[nav]\"><button class=\"glide__bullet\" data-glide-dir=\"=0\"><\/button><button class=\"glide__bullet\" data-glide-dir=\"=1\"><\/button><button class=\"glide__bullet\" data-glide-dir=\"=2\"><\/button><button class=\"glide__bullet\" data-glide-dir=\"=3\"><\/button><button class=\"glide__bullet\" data-glide-dir=\"=4\"><\/button><\/div><\/div><\/div>\n\n\n\n<h2 class=\"wp-block-heading\" id=\"pontorson\">Pontorson <\/h2>\n\n\n\n<p>Der kleine Ort Pontorson liegt 10km von der weltber\u00fchmten Sehensw\u00fcrdigkeit <strong>Mont<\/strong> <strong>Saint-Michel<\/strong>. Der Ort selbst besitzt eine Kirche und die typischen normannischen H\u00e4user zieren das Stadtbild. Wir haben einen Spaziergang durch Pontorson unternommen, nachdem wir in unsere Unterkunft eingecheckt haben.<\/p>\n\n\n\n<div id=\"wp-block-themeisle-blocks-slider-96f96b3e\" class=\"wp-block-themeisle-blocks-slider glide\" data-per-view=\"1\" data-gap=\"0\" data-peek=\"0\" data-autoplay=\"true\" data-height=\"400px\" data-hide-arrows=\"false\"><div class=\"glide__track\" data-glide-el=\"track\"><div class=\"glide__slides\"><div class=\"wp-block-themeisle-blocks-slider-item-wrapper glide__slide\" tabindex=\"0\"><figure><img decoding=\"async\" class=\"wp-block-themeisle-blocks-slider-item\" src=\"https:\/\/familie-weitgereist.de\/wp-content\/uploads\/2022\/11\/IMG_20221122_172152-scaled.jpg\" alt=\"\" title=\"\" data-id=\"11431\"\/><\/figure><\/div><div class=\"wp-block-themeisle-blocks-slider-item-wrapper glide__slide\" tabindex=\"0\"><figure><img decoding=\"async\" class=\"wp-block-themeisle-blocks-slider-item\" src=\"https:\/\/familie-weitgereist.de\/wp-content\/uploads\/2022\/11\/IMG_20221122_170443-scaled.jpg\" alt=\"\" title=\"\" data-id=\"11433\"\/><\/figure><\/div><div class=\"wp-block-themeisle-blocks-slider-item-wrapper glide__slide\" tabindex=\"0\"><figure><img decoding=\"async\" class=\"wp-block-themeisle-blocks-slider-item\" src=\"https:\/\/familie-weitgereist.de\/wp-content\/uploads\/2022\/11\/IMG_20221122_171425-scaled.jpg\" alt=\"\" title=\"\" data-id=\"11434\"\/><\/figure><\/div><\/div><div class=\"glide__bullets\" data-glide-el=\"controls[nav]\"><button class=\"glide__bullet\" data-glide-dir=\"=0\"><\/button><button class=\"glide__bullet\" data-glide-dir=\"=1\"><\/button><button class=\"glide__bullet\" data-glide-dir=\"=2\"><\/button><\/div><\/div><\/div>\n\n\n\n<h2 class=\"wp-block-heading\" id=\"montsaintmichel\">Mont Saint-Michel <\/h2>\n\n\n\n<p>Der Abteiberg am \u00c4rmelkanal ist weltber\u00fchmt und wird j\u00e4hrlich von ca. 3,5 Millionen Menschen besucht.<\/p>\n\n\n\n<figure class=\"wp-block-image size-large\"><img loading=\"lazy\" decoding=\"async\" width=\"1024\" height=\"768\" src=\"https:\/\/familie-weitgereist.de\/wp-content\/uploads\/2022\/11\/20221123024956_IMG_9611-1024x768.jpg\" alt=\"\" class=\"wp-image-11449\" srcset=\"https:\/\/familie-weitgereist.de\/wp-content\/uploads\/2022\/11\/20221123024956_IMG_9611-1024x768.jpg 1024w, https:\/\/familie-weitgereist.de\/wp-content\/uploads\/2022\/11\/20221123024956_IMG_9611-300x225.jpg 300w, https:\/\/familie-weitgereist.de\/wp-content\/uploads\/2022\/11\/20221123024956_IMG_9611-768x576.jpg 768w, https:\/\/familie-weitgereist.de\/wp-content\/uploads\/2022\/11\/20221123024956_IMG_9611-1536x1152.jpg 1536w, https:\/\/familie-weitgereist.de\/wp-content\/uploads\/2022\/11\/20221123024956_IMG_9611-2048x1536.jpg 2048w, https:\/\/familie-weitgereist.de\/wp-content\/uploads\/2022\/11\/20221123024956_IMG_9611-1200x900.jpg 1200w, https:\/\/familie-weitgereist.de\/wp-content\/uploads\/2022\/11\/20221123024956_IMG_9611-1980x1485.jpg 1980w, https:\/\/familie-weitgereist.de\/wp-content\/uploads\/2022\/11\/20221123024956_IMG_9611-150x113.jpg 150w\" sizes=\"auto, (max-width: 1024px) 100vw, 1024px\" \/><\/figure>\n\n\n\n<p>Die <strong>Geschichte des Berges<\/strong> geht bis auf das Jahr 708 zur\u00fcck. Damals wurde der Berg <strong>Mont-Tombe<\/strong> <strong>(Grabh\u00fcgel)<\/strong> genannt und der Bischof von Avranches namens Aubert soll ein Heiligtum zu Ehren des Erzengels Michael errichtet haben. Im 10. Jahrhundert lebten die Benediktiner auf dem Berg, es entstand ein Dorf und er wurde eine bekannte Wallfahrtsst\u00e4tte. Im 100 j\u00e4hrigen Krieg konnte der Berg nicht eingenommen werden. Auch weiteren englischen Angriffen trotze der Berg. Seine Mauern und W\u00e4lle waren unbezwingbar. W\u00e4hrend der franz\u00f6sischen Revolution bis 1863 diente die Abtei als Gef\u00e4ngnis. Seit 1979 geh\u00f6rt der Berg zu den UNESCO Weltkulturerben.<\/p>\n\n\n\n<p>Bei einer Reise durch die Normandie und die Bretagne kommt man am Mont Saint-Michel nicht vorbei.<\/p>\n\n\n\n<p>Da wir Mitte November Mont Saint-Michel besuchten, waren kaum Touristen da. Empfehlenswert ist es den Berg schon fr\u00fch vormittags zu besuchen oder eine Nacht dort zu \u00fcbernachten, denn dann sind die Touristenstr\u00f6me geringer.<\/p>\n\n\n\n<p>Da das Parken vor Ort auf den \u00f6ffentlichen Parkpl\u00e4tzen mit 18\u20ac f\u00fcr einen Tag sehr teuer ist, entschieden wir uns in dem kleinen Ort <strong>Beauvoir<\/strong> zu parken. (<em>Stand<\/em> <em>November 2022<\/em>) Dort stehen im Zentrum <strong>20<\/strong> <strong>gratis<\/strong> Parkpl\u00e4tze zur Verf\u00fcgung und es ist auch nur ein ca. 20 min\u00fctiger Spaziergang n\u00f6tig um nach Mont Saint-Michel zu gelangen. Vom Bezahlparkplatz f\u00e4hrt ab <strong>7:40 bis 00:00<\/strong> ein <strong>gratis Shuttle<\/strong> um direkt zur Sehensw\u00fcrdigkeit zu gelangen. Wir entschieden uns auf dem Hinweg \u00fcber die Br\u00fccke zu laufen und nahmen auf den R\u00fcckweg das Shuttle. Beim Anblick des Berges im Meer stockte uns der Atem. Die Festungsmauern, die mittelalterlichen Geb\u00e4ude und die Abtei inmitten des Meeres bieten einen ganz besonderen Anblick. <\/p>\n\n\n\n<p>Auf der Insel selbst leben nur 33 Menschen, darunter Nonnen und M\u00f6nche. Die Insel ist \u00fcber eine Br\u00fccke mit dem Festland verbunden. Dadurch ist sie jederzeit erreichbar, auch bei sehr hoher Flut.<\/p>\n\n\n\n<div id=\"wp-block-themeisle-blocks-slider-8771e722\" class=\"wp-block-themeisle-blocks-slider glide\" data-per-view=\"1\" data-gap=\"0\" data-peek=\"0\" data-autoplay=\"true\" data-height=\"400px\" data-hide-arrows=\"false\"><div class=\"glide__track\" data-glide-el=\"track\"><div class=\"glide__slides\"><div class=\"wp-block-themeisle-blocks-slider-item-wrapper glide__slide\" tabindex=\"0\"><figure><img decoding=\"async\" class=\"wp-block-themeisle-blocks-slider-item\" src=\"https:\/\/familie-weitgereist.de\/wp-content\/uploads\/2022\/11\/20221123044456_IMG_9670-scaled.jpg\" alt=\"\" title=\"\" data-id=\"11459\"\/><\/figure><\/div><div class=\"wp-block-themeisle-blocks-slider-item-wrapper glide__slide\" tabindex=\"0\"><figure><img decoding=\"async\" class=\"wp-block-themeisle-blocks-slider-item\" src=\"https:\/\/familie-weitgereist.de\/wp-content\/uploads\/2022\/11\/20221123031858_IMG_9633-scaled.jpg\" alt=\"\" title=\"\" data-id=\"11465\"\/><\/figure><\/div><div class=\"wp-block-themeisle-blocks-slider-item-wrapper glide__slide\" tabindex=\"0\"><figure><img decoding=\"async\" class=\"wp-block-themeisle-blocks-slider-item\" src=\"https:\/\/familie-weitgereist.de\/wp-content\/uploads\/2022\/11\/20221123031633_IMG_9629-scaled.jpg\" alt=\"\" title=\"\" data-id=\"11468\"\/><\/figure><\/div><\/div><div class=\"glide__bullets\" data-glide-el=\"controls[nav]\"><button class=\"glide__bullet\" data-glide-dir=\"=0\"><\/button><button class=\"glide__bullet\" data-glide-dir=\"=1\"><\/button><button class=\"glide__bullet\" data-glide-dir=\"=2\"><\/button><\/div><\/div><\/div>\n\n\n\n<p><strong>Der Abteiberg kann jederzeit gratis besichtigt werden<\/strong>, er wird nicht verschlossen. Lediglich f\u00fcr die Abtei selbst ist ein Eintrittsgeld zu entrichten. Wir zahlten <strong>11\u20ac pro Person<\/strong>. Menschen unter 26 Jahren k\u00f6nnen die Abtei gratis besichtigen.<\/p>\n\n\n\n<p>Wir schlenderten durch die mittelalterlichen Gassen und umrundeten den Berg. Wir liefen auf den W\u00e4llen und Festungsmauern entlang. Wir besichtigten die Abtei und genossen grandiose Ausblicke auf den \u00c4rmelkanal und das Wattenmeer. Zum Zeitpunkt unseres Besuches hatten wir Ebbe. <\/p>\n\n\n\n<div id=\"wp-block-themeisle-blocks-slider-28cb2edc\" class=\"wp-block-themeisle-blocks-slider glide\" data-per-view=\"1\" data-gap=\"0\" data-peek=\"0\" data-autoplay=\"true\" data-height=\"400px\" data-hide-arrows=\"false\"><div class=\"glide__track\" data-glide-el=\"track\"><div class=\"glide__slides\"><div class=\"wp-block-themeisle-blocks-slider-item-wrapper glide__slide\" tabindex=\"0\"><figure><img decoding=\"async\" class=\"wp-block-themeisle-blocks-slider-item\" src=\"https:\/\/familie-weitgereist.de\/wp-content\/uploads\/2022\/11\/20221123052546_IMG_9702-scaled.jpg\" alt=\"\" title=\"\" data-id=\"11460\"\/><\/figure><\/div><div class=\"wp-block-themeisle-blocks-slider-item-wrapper glide__slide\" tabindex=\"0\"><figure><img decoding=\"async\" class=\"wp-block-themeisle-blocks-slider-item\" src=\"https:\/\/familie-weitgereist.de\/wp-content\/uploads\/2022\/11\/20221123052537_IMG_9701-scaled.jpg\" alt=\"\" title=\"\" data-id=\"11461\"\/><\/figure><\/div><div class=\"wp-block-themeisle-blocks-slider-item-wrapper glide__slide\" tabindex=\"0\"><figure><img decoding=\"async\" class=\"wp-block-themeisle-blocks-slider-item\" src=\"https:\/\/familie-weitgereist.de\/wp-content\/uploads\/2022\/11\/20221123052131_IMG_9699-scaled.jpg\" alt=\"\" title=\"\" data-id=\"11464\"\/><\/figure><\/div><div class=\"wp-block-themeisle-blocks-slider-item-wrapper glide__slide\" tabindex=\"0\"><figure><img decoding=\"async\" class=\"wp-block-themeisle-blocks-slider-item\" src=\"https:\/\/familie-weitgereist.de\/wp-content\/uploads\/2022\/11\/20221123050649_IMG_9692-scaled.jpg\" alt=\"\" title=\"\" data-id=\"11467\"\/><\/figure><\/div><div class=\"wp-block-themeisle-blocks-slider-item-wrapper glide__slide\" tabindex=\"0\"><figure><img decoding=\"async\" class=\"wp-block-themeisle-blocks-slider-item\" src=\"https:\/\/familie-weitgereist.de\/wp-content\/uploads\/2022\/11\/20221123033504_IMG_9651-scaled.jpg\" alt=\"\" title=\"\" data-id=\"11469\"\/><\/figure><\/div><div class=\"wp-block-themeisle-blocks-slider-item-wrapper glide__slide\" tabindex=\"0\"><figure><img decoding=\"async\" class=\"wp-block-themeisle-blocks-slider-item\" src=\"https:\/\/familie-weitgereist.de\/wp-content\/uploads\/2022\/11\/20221123032804_IMG_9641-scaled.jpg\" alt=\"\" title=\"\" data-id=\"11470\"\/><\/figure><\/div><\/div><div class=\"glide__bullets\" data-glide-el=\"controls[nav]\"><button class=\"glide__bullet\" data-glide-dir=\"=0\"><\/button><button class=\"glide__bullet\" data-glide-dir=\"=1\"><\/button><button class=\"glide__bullet\" data-glide-dir=\"=2\"><\/button><button class=\"glide__bullet\" data-glide-dir=\"=3\"><\/button><button class=\"glide__bullet\" data-glide-dir=\"=4\"><\/button><button class=\"glide__bullet\" data-glide-dir=\"=5\"><\/button><\/div><\/div><\/div>\n\n\n\n<p>Ein Besuch in der Nebensaison ist absolut empfehlenswert. Es ist ruhig und beschaulich. In den Sommermonaten str\u00f6men wahrscheinlich Tausende Menschen \u00fcber die Insel.<\/p>\n\n\n\n<h2 class=\"wp-block-heading\" id=\"chenonceau\">Ch\u00e2teau Chenonceau <\/h2>\n\n\n\n<p>Wir haben dem <strong>Schl\u00f6sserland in Frankreich<\/strong>, das Gebiet rund um den <strong>Fluss<\/strong> <strong>Loire<\/strong> einen Besuch abgestattet und das <strong>Schloss Chenonceau<\/strong> besichtigt. Das Schloss ist nach Versailles das <strong>zweitmeist besuchte Schloss in Frankreich<\/strong>. <\/p>\n\n\n\n<figure class=\"wp-block-image size-large\"><img loading=\"lazy\" decoding=\"async\" width=\"1024\" height=\"768\" src=\"https:\/\/familie-weitgereist.de\/wp-content\/uploads\/2022\/11\/IMG_20221125_143354-1024x768.jpg\" alt=\"\" class=\"wp-image-11480\" srcset=\"https:\/\/familie-weitgereist.de\/wp-content\/uploads\/2022\/11\/IMG_20221125_143354-1024x768.jpg 1024w, https:\/\/familie-weitgereist.de\/wp-content\/uploads\/2022\/11\/IMG_20221125_143354-300x225.jpg 300w, https:\/\/familie-weitgereist.de\/wp-content\/uploads\/2022\/11\/IMG_20221125_143354-768x576.jpg 768w, https:\/\/familie-weitgereist.de\/wp-content\/uploads\/2022\/11\/IMG_20221125_143354-1536x1152.jpg 1536w, https:\/\/familie-weitgereist.de\/wp-content\/uploads\/2022\/11\/IMG_20221125_143354-2048x1536.jpg 2048w, https:\/\/familie-weitgereist.de\/wp-content\/uploads\/2022\/11\/IMG_20221125_143354-1200x900.jpg 1200w, https:\/\/familie-weitgereist.de\/wp-content\/uploads\/2022\/11\/IMG_20221125_143354-1980x1485.jpg 1980w, https:\/\/familie-weitgereist.de\/wp-content\/uploads\/2022\/11\/IMG_20221125_143354-150x113.jpg 150w\" sizes=\"auto, (max-width: 1024px) 100vw, 1024px\" \/><\/figure>\n\n\n\n<p>Chenonceau ist ein Wasserschloss umgeben vom <strong>Fluss Cher<\/strong>. Das Schloss wurde direkt in das Flussbett des Cher gebaut.<\/p>\n\n\n\n<div id=\"wp-block-themeisle-blocks-slider-5aea2603\" class=\"wp-block-themeisle-blocks-slider glide\" data-per-view=\"1\" data-gap=\"0\" data-peek=\"0\" data-autoplay=\"true\" data-height=\"400px\" data-hide-arrows=\"false\"><div class=\"glide__track\" data-glide-el=\"track\"><div class=\"glide__slides\"><div class=\"wp-block-themeisle-blocks-slider-item-wrapper glide__slide\" tabindex=\"0\"><figure><img decoding=\"async\" class=\"wp-block-themeisle-blocks-slider-item\" src=\"https:\/\/familie-weitgereist.de\/wp-content\/uploads\/2022\/11\/IMG_20221125_141403-scaled.jpg\" alt=\"\" title=\"\" data-id=\"11482\"\/><\/figure><\/div><div class=\"wp-block-themeisle-blocks-slider-item-wrapper glide__slide\" tabindex=\"0\"><figure><img decoding=\"async\" class=\"wp-block-themeisle-blocks-slider-item\" src=\"https:\/\/familie-weitgereist.de\/wp-content\/uploads\/2022\/11\/IMG_20221125_131630-scaled.jpg\" alt=\"\" title=\"\" data-id=\"11484\"\/><\/figure><\/div><\/div><div class=\"glide__bullets\" data-glide-el=\"controls[nav]\"><button class=\"glide__bullet\" data-glide-dir=\"=0\"><\/button><button class=\"glide__bullet\" data-glide-dir=\"=1\"><\/button><\/div><\/div><\/div>\n\n\n\n<p>Die Schlossanlage mit den G\u00e4rten ist wundersch\u00f6n und sehr gepflegt. Es gibt ein Heckenlabyrinth, was f\u00fcr Merlin ein Highlight war. Das Schloss selbst wurde Ende November weihnachtlich dekoriert und in den Zimmern befanden sich tolle Blumengestecke und riesige Weihnachtsb\u00e4ume. Anhand eines Audioguides, vielen Informationstafeln und einer Brosch\u00fcre (erh\u00e4ltlich in mehreren Sprachen) werden die verschiedenen Nutzungsm\u00f6glichkeiten der R\u00e4ume erkl\u00e4rt. Es gibt mehrere Schlafzimmer, G\u00e4stezimmer f\u00fcr Ritter, Bibliotheken, Fests\u00e4le mit langen Tafeln und mehrere K\u00fcchen.<\/p>\n\n\n\n<div id=\"wp-block-themeisle-blocks-slider-2fc8ca09\" class=\"wp-block-themeisle-blocks-slider glide\" data-per-view=\"1\" data-gap=\"0\" data-peek=\"0\" data-autoplay=\"true\" data-height=\"400px\" data-hide-arrows=\"false\"><div class=\"glide__track\" data-glide-el=\"track\"><div class=\"glide__slides\"><div class=\"wp-block-themeisle-blocks-slider-item-wrapper glide__slide\" tabindex=\"0\"><figure><img decoding=\"async\" class=\"wp-block-themeisle-blocks-slider-item\" src=\"https:\/\/familie-weitgereist.de\/wp-content\/uploads\/2022\/11\/IMG_20221125_134313-scaled.jpg\" alt=\"\" title=\"\" data-id=\"11478\"\/><\/figure><\/div><div class=\"wp-block-themeisle-blocks-slider-item-wrapper glide__slide\" tabindex=\"0\"><figure><img decoding=\"async\" class=\"wp-block-themeisle-blocks-slider-item\" src=\"https:\/\/familie-weitgereist.de\/wp-content\/uploads\/2022\/11\/IMG_20221125_132658-scaled.jpg\" alt=\"\" title=\"\" data-id=\"11479\"\/><\/figure><\/div><div class=\"wp-block-themeisle-blocks-slider-item-wrapper glide__slide\" tabindex=\"0\"><figure><img decoding=\"async\" class=\"wp-block-themeisle-blocks-slider-item\" src=\"https:\/\/familie-weitgereist.de\/wp-content\/uploads\/2022\/11\/IMG_20221125_132341-scaled.jpg\" alt=\"\" title=\"\" data-id=\"11481\"\/><\/figure><\/div><\/div><div class=\"glide__bullets\" data-glide-el=\"controls[nav]\"><button class=\"glide__bullet\" data-glide-dir=\"=0\"><\/button><button class=\"glide__bullet\" data-glide-dir=\"=1\"><\/button><button class=\"glide__bullet\" data-glide-dir=\"=2\"><\/button><\/div><\/div><\/div>\n\n\n\n<div id=\"wp-block-themeisle-blocks-slider-bd5dd645\" class=\"wp-block-themeisle-blocks-slider glide\" data-per-view=\"1\" data-gap=\"0\" data-peek=\"0\" data-autoplay=\"true\" data-height=\"400px\" data-hide-arrows=\"false\"><div class=\"glide__track\" data-glide-el=\"track\"><div class=\"glide__slides\"><div class=\"wp-block-themeisle-blocks-slider-item-wrapper glide__slide\" tabindex=\"0\"><figure><img decoding=\"async\" class=\"wp-block-themeisle-blocks-slider-item\" src=\"https:\/\/familie-weitgereist.de\/wp-content\/uploads\/2022\/11\/IMG_20221125_144053-scaled.jpg\" alt=\"\" title=\"\" data-id=\"11485\"\/><\/figure><\/div><div class=\"wp-block-themeisle-blocks-slider-item-wrapper glide__slide\" tabindex=\"0\"><figure><img decoding=\"async\" class=\"wp-block-themeisle-blocks-slider-item\" src=\"https:\/\/familie-weitgereist.de\/wp-content\/uploads\/2022\/11\/IMG_20221125_141732-scaled.jpg\" alt=\"\" title=\"\" data-id=\"11489\"\/><\/figure><\/div><\/div><div class=\"glide__bullets\" data-glide-el=\"controls[nav]\"><button class=\"glide__bullet\" data-glide-dir=\"=0\"><\/button><button class=\"glide__bullet\" data-glide-dir=\"=1\"><\/button><\/div><\/div><\/div>\n\n\n\n<p>Das Schloss selbst wurde im Laufe der Jahrhunderte von vielen Frauen regiert, u.a. von Katharina von Medici und wird deshalb auch als <strong>Damenschloss<\/strong> bezeichnet.<\/p>\n\n\n\n<p>Der Eintritt kostet 15\u20ac f\u00fcr Erwachsene, 12\u20ac f\u00fcr Studenten und Kinder unter 7 Jahren haben freien Eintritt. (<em>Stand November<\/em> <em>2022<\/em>)<\/p>\n\n\n\n<h2 class=\"wp-block-heading\" id=\"villagemartyr\">Village Martyr &#8211; Oradour-sur-Glane <\/h2>\n\n\n\n<p>Wir besichtigten das <strong>Village Martyr<\/strong>, ein Dorf, welches am <strong>10. Juni 1944<\/strong> von der <strong>deutschen Waffen-SS komplett zerst\u00f6rt<\/strong> und <strong>642 Menschen, darunter 193 Kinder ermordet wurden.<\/strong> Die M\u00e4nner wurden zusammen gedr\u00e4ngt, in f\u00fcnf Gruppen aufgeteilt und erschossen. Frauen und Kinder wurden in der Kirche eingeschlossen und die Kirche wurde angez\u00fcndet. Lediglich 36 \u00dcberlebende gab es, darunter konnten 6 M\u00e4nner fliehen.<\/p>\n\n\n\n<figure class=\"wp-block-image size-large\"><img loading=\"lazy\" decoding=\"async\" width=\"1024\" height=\"768\" src=\"https:\/\/familie-weitgereist.de\/wp-content\/uploads\/2022\/11\/IMG_20221126_131954-1024x768.jpg\" alt=\"\" class=\"wp-image-11502\" srcset=\"https:\/\/familie-weitgereist.de\/wp-content\/uploads\/2022\/11\/IMG_20221126_131954-1024x768.jpg 1024w, https:\/\/familie-weitgereist.de\/wp-content\/uploads\/2022\/11\/IMG_20221126_131954-300x225.jpg 300w, https:\/\/familie-weitgereist.de\/wp-content\/uploads\/2022\/11\/IMG_20221126_131954-768x576.jpg 768w, https:\/\/familie-weitgereist.de\/wp-content\/uploads\/2022\/11\/IMG_20221126_131954-1536x1152.jpg 1536w, https:\/\/familie-weitgereist.de\/wp-content\/uploads\/2022\/11\/IMG_20221126_131954-2048x1536.jpg 2048w, https:\/\/familie-weitgereist.de\/wp-content\/uploads\/2022\/11\/IMG_20221126_131954-1200x900.jpg 1200w, https:\/\/familie-weitgereist.de\/wp-content\/uploads\/2022\/11\/IMG_20221126_131954-1980x1485.jpg 1980w, https:\/\/familie-weitgereist.de\/wp-content\/uploads\/2022\/11\/IMG_20221126_131954-150x113.jpg 150w\" sizes=\"auto, (max-width: 1024px) 100vw, 1024px\" \/><\/figure>\n\n\n\n<p>Besonders emotional wird es, da die Bilder der Opfer auf einer Porzellanleinwand angebracht sind.<\/p>\n\n\n\n<figure class=\"wp-block-image size-large\"><img loading=\"lazy\" decoding=\"async\" width=\"1024\" height=\"768\" src=\"https:\/\/familie-weitgereist.de\/wp-content\/uploads\/2022\/11\/IMG_20221126_122811-1024x768.jpg\" alt=\"\" class=\"wp-image-11504\" srcset=\"https:\/\/familie-weitgereist.de\/wp-content\/uploads\/2022\/11\/IMG_20221126_122811-1024x768.jpg 1024w, https:\/\/familie-weitgereist.de\/wp-content\/uploads\/2022\/11\/IMG_20221126_122811-300x225.jpg 300w, https:\/\/familie-weitgereist.de\/wp-content\/uploads\/2022\/11\/IMG_20221126_122811-768x576.jpg 768w, https:\/\/familie-weitgereist.de\/wp-content\/uploads\/2022\/11\/IMG_20221126_122811-1536x1152.jpg 1536w, https:\/\/familie-weitgereist.de\/wp-content\/uploads\/2022\/11\/IMG_20221126_122811-2048x1536.jpg 2048w, https:\/\/familie-weitgereist.de\/wp-content\/uploads\/2022\/11\/IMG_20221126_122811-1200x900.jpg 1200w, https:\/\/familie-weitgereist.de\/wp-content\/uploads\/2022\/11\/IMG_20221126_122811-1980x1485.jpg 1980w, https:\/\/familie-weitgereist.de\/wp-content\/uploads\/2022\/11\/IMG_20221126_122811-150x113.jpg 150w\" sizes=\"auto, (max-width: 1024px) 100vw, 1024px\" \/><\/figure>\n\n\n\n<p>Unvorstellbar, dass ganze Familien ausgel\u00f6scht worden sind. Darunter Babys, von gerade einmal 8 Tagen alt bis zu wenigen Lebensmonaten, Kleinkinder, und Kinder. Das Leben endete pl\u00f6tzlich. Die gefundenen Taschenuhren blieben alle zwischen 16:00 und 17:00 stehen &#8211; von der Hitze der Br\u00e4nde angehalten.<\/p>\n\n\n\n<p>Die Nationalsozialisten waren auf der Durchreise und ver\u00fcbten diesen Massenmord als &#8222;Vergeltungsaktion&#8220; im Zuge steigendem franz\u00f6sischen Widerstand gegen\u00fcber der deutschen Besatzung.<\/p>\n\n\n\n<p>Nur wenige Verantwortliche sind verurteilt worden. Es fand nahezu keine juristische Aufarbeitung statt.<\/p>\n\n\n\n<p>Uns war der kleine Ort Oradour-sur-Glane bis dato kein Begriff. In Frankreich hingegen kennt nahezu jeder diese Stadt.<\/p>\n\n\n\n<div id=\"wp-block-themeisle-blocks-slider-56bcc433\" class=\"wp-block-themeisle-blocks-slider glide\" data-per-view=\"1\" data-gap=\"0\" data-peek=\"0\" data-autoplay=\"true\" data-height=\"400px\" data-hide-arrows=\"false\"><div class=\"glide__track\" data-glide-el=\"track\"><div class=\"glide__slides\"><div class=\"wp-block-themeisle-blocks-slider-item-wrapper glide__slide\" tabindex=\"0\"><figure><img decoding=\"async\" class=\"wp-block-themeisle-blocks-slider-item\" src=\"https:\/\/familie-weitgereist.de\/wp-content\/uploads\/2022\/11\/IMG_20221126_141325-scaled.jpg\" alt=\"\" title=\"\" data-id=\"11505\"\/><\/figure><\/div><div class=\"wp-block-themeisle-blocks-slider-item-wrapper glide__slide\" tabindex=\"0\"><figure><img decoding=\"async\" class=\"wp-block-themeisle-blocks-slider-item\" src=\"https:\/\/familie-weitgereist.de\/wp-content\/uploads\/2022\/11\/IMG_20221126_140306-scaled.jpg\" alt=\"\" title=\"\" data-id=\"11506\"\/><\/figure><\/div><div class=\"wp-block-themeisle-blocks-slider-item-wrapper glide__slide\" tabindex=\"0\"><figure><img decoding=\"async\" class=\"wp-block-themeisle-blocks-slider-item\" src=\"https:\/\/familie-weitgereist.de\/wp-content\/uploads\/2022\/11\/IMG_20221126_140129-scaled.jpg\" alt=\"\" title=\"\" data-id=\"11507\"\/><\/figure><\/div><div class=\"wp-block-themeisle-blocks-slider-item-wrapper glide__slide\" tabindex=\"0\"><figure><img decoding=\"async\" class=\"wp-block-themeisle-blocks-slider-item\" src=\"https:\/\/familie-weitgereist.de\/wp-content\/uploads\/2022\/11\/IMG_20221126_135811-scaled.jpg\" alt=\"\" title=\"\" data-id=\"11510\"\/><\/figure><\/div><\/div><div class=\"glide__bullets\" data-glide-el=\"controls[nav]\"><button class=\"glide__bullet\" data-glide-dir=\"=0\"><\/button><button class=\"glide__bullet\" data-glide-dir=\"=1\"><\/button><button class=\"glide__bullet\" data-glide-dir=\"=2\"><\/button><button class=\"glide__bullet\" data-glide-dir=\"=3\"><\/button><\/div><\/div><\/div>\n\n\n\n<p>Die Stadt dient als Mahnmal und ist immer noch in dem Zustand, wie es am 10. Juni 1044 von den Nationalsozialisten hinterlassen wurde. Wir liefen fassungslos durch die Stra\u00dfen. Schilder markieren die Geb\u00e4ude. Wir erfuhren wer in welchem Haus lebte und welcher T\u00e4tigkeit nachgegangen worden ist, wo die Knaben- und die M\u00e4dchenschule war, die Post, die Telefonzelle und sogar die Stra\u00dfenbahnhaltestelle. Autos, Fahrr\u00e4der, N\u00e4hmaschinen verblieben ausgebrannt in den H\u00e4usern zur\u00fcck.<\/p>\n\n\n\n<div id=\"wp-block-themeisle-blocks-slider-1743e7c7\" class=\"wp-block-themeisle-blocks-slider glide\" data-per-view=\"1\" data-gap=\"0\" data-peek=\"0\" data-autoplay=\"true\" data-height=\"400px\" data-hide-arrows=\"false\"><div class=\"glide__track\" data-glide-el=\"track\"><div class=\"glide__slides\"><div class=\"wp-block-themeisle-blocks-slider-item-wrapper glide__slide\" tabindex=\"0\"><figure><img decoding=\"async\" class=\"wp-block-themeisle-blocks-slider-item\" src=\"https:\/\/familie-weitgereist.de\/wp-content\/uploads\/2022\/11\/IMG_20221126_132503-scaled.jpg\" alt=\"\" title=\"\" data-id=\"11509\"\/><\/figure><\/div><div class=\"wp-block-themeisle-blocks-slider-item-wrapper glide__slide\" tabindex=\"0\"><figure><img decoding=\"async\" class=\"wp-block-themeisle-blocks-slider-item\" src=\"https:\/\/familie-weitgereist.de\/wp-content\/uploads\/2022\/11\/IMG_20221126_125023-scaled.jpg\" alt=\"\" title=\"\" data-id=\"11513\"\/><\/figure><\/div><div class=\"wp-block-themeisle-blocks-slider-item-wrapper glide__slide\" tabindex=\"0\"><figure><img decoding=\"async\" class=\"wp-block-themeisle-blocks-slider-item\" src=\"https:\/\/familie-weitgereist.de\/wp-content\/uploads\/2022\/11\/IMG_20221126_124611-scaled.jpg\" alt=\"\" title=\"\" data-id=\"11515\"\/><\/figure><\/div><div class=\"wp-block-themeisle-blocks-slider-item-wrapper glide__slide\" tabindex=\"0\"><figure><img decoding=\"async\" class=\"wp-block-themeisle-blocks-slider-item\" src=\"https:\/\/familie-weitgereist.de\/wp-content\/uploads\/2022\/11\/IMG_20221126_123246-scaled.jpg\" alt=\"\" title=\"\" data-id=\"11516\"\/><\/figure><\/div><div class=\"wp-block-themeisle-blocks-slider-item-wrapper glide__slide\" tabindex=\"0\"><figure><img decoding=\"async\" class=\"wp-block-themeisle-blocks-slider-item\" src=\"https:\/\/familie-weitgereist.de\/wp-content\/uploads\/2022\/11\/IMG_20221126_122444-scaled.jpg\" alt=\"\" title=\"\" data-id=\"11518\"\/><\/figure><\/div><\/div><div class=\"glide__bullets\" data-glide-el=\"controls[nav]\"><button class=\"glide__bullet\" data-glide-dir=\"=0\"><\/button><button class=\"glide__bullet\" data-glide-dir=\"=1\"><\/button><button class=\"glide__bullet\" data-glide-dir=\"=2\"><\/button><button class=\"glide__bullet\" data-glide-dir=\"=3\"><\/button><button class=\"glide__bullet\" data-glide-dir=\"=4\"><\/button><\/div><\/div><\/div>\n\n\n\n<p>Dieser Besuch wirkt lang nach. Unvorstellbar, zu welchen Gr\u00e4ueltaten Menschen f\u00e4hig sind. <strong>Umso wichtiger sind diese Mahnmale.<\/strong> <\/p>\n\n\n\n<h2 class=\"wp-block-heading\" id=\"roque\">La Roque Saint-Christophe<\/h2>\n\n\n\n<p>Der Roque Saint-Christophe ist ein riesiger Felsen von <strong>1km L\u00e4nge <\/strong>und <strong>80m H\u00f6he<\/strong>. Das Besondere ist, dass schon vor 55.000 Jahren die ersten <strong>H\u00f6hlenbewohner<\/strong> Schutz in diesem Felsen suchten. Seitdem war er bis in das 16. Jahrhundert bewohnt. Er diente vor allem zum Schutz und galt als uneinnehmbar. Leider wurden 1588 im zuge der Religionskriege zwischen Katholiken und Protestanten alle H\u00e4user des Felsens zerst\u00f6rt.<\/p>\n\n\n\n<figure class=\"wp-block-image size-large\"><img loading=\"lazy\" decoding=\"async\" width=\"1024\" height=\"768\" src=\"https:\/\/familie-weitgereist.de\/wp-content\/uploads\/2022\/11\/IMG_20221127_131916-1024x768.jpg\" alt=\"\" class=\"wp-image-11531\" srcset=\"https:\/\/familie-weitgereist.de\/wp-content\/uploads\/2022\/11\/IMG_20221127_131916-1024x768.jpg 1024w, https:\/\/familie-weitgereist.de\/wp-content\/uploads\/2022\/11\/IMG_20221127_131916-300x225.jpg 300w, https:\/\/familie-weitgereist.de\/wp-content\/uploads\/2022\/11\/IMG_20221127_131916-768x576.jpg 768w, https:\/\/familie-weitgereist.de\/wp-content\/uploads\/2022\/11\/IMG_20221127_131916-1536x1152.jpg 1536w, https:\/\/familie-weitgereist.de\/wp-content\/uploads\/2022\/11\/IMG_20221127_131916-2048x1536.jpg 2048w, https:\/\/familie-weitgereist.de\/wp-content\/uploads\/2022\/11\/IMG_20221127_131916-1200x900.jpg 1200w, https:\/\/familie-weitgereist.de\/wp-content\/uploads\/2022\/11\/IMG_20221127_131916-1980x1485.jpg 1980w, https:\/\/familie-weitgereist.de\/wp-content\/uploads\/2022\/11\/IMG_20221127_131916-150x113.jpg 150w\" sizes=\"auto, (max-width: 1024px) 100vw, 1024px\" \/><\/figure>\n\n\n\n<p>Der Felsen liegt direkt am <strong>Fluss V\u00e9z\u00e8re<\/strong> in <strong>Nouvelle-Aquitaine<\/strong>. \u00dcber gesicherte Pfade liefen wir auf dem Felsen entlang. Vieles ist jedoch nicht f\u00fcr die heutigen Besucher zug\u00e4nglich, jedoch ist es von Weitem gut einsehbar.<\/p>\n\n\n\n<div id=\"wp-block-themeisle-blocks-slider-d8fabf4a\" class=\"wp-block-themeisle-blocks-slider glide\" data-per-view=\"1\" data-gap=\"0\" data-peek=\"0\" data-autoplay=\"true\" data-height=\"400px\" data-hide-arrows=\"false\"><div class=\"glide__track\" data-glide-el=\"track\"><div class=\"glide__slides\"><div class=\"wp-block-themeisle-blocks-slider-item-wrapper glide__slide\" tabindex=\"0\"><figure><img decoding=\"async\" class=\"wp-block-themeisle-blocks-slider-item\" src=\"https:\/\/familie-weitgereist.de\/wp-content\/uploads\/2022\/11\/IMG_20221127_134324-scaled.jpg\" alt=\"\" title=\"\" data-id=\"11529\"\/><\/figure><\/div><div class=\"wp-block-themeisle-blocks-slider-item-wrapper glide__slide\" tabindex=\"0\"><figure><img decoding=\"async\" class=\"wp-block-themeisle-blocks-slider-item\" src=\"https:\/\/familie-weitgereist.de\/wp-content\/uploads\/2022\/11\/IMG_20221127_131821-scaled.jpg\" alt=\"\" title=\"\" data-id=\"11530\"\/><\/figure><\/div><div class=\"wp-block-themeisle-blocks-slider-item-wrapper glide__slide\" tabindex=\"0\"><figure><img decoding=\"async\" class=\"wp-block-themeisle-blocks-slider-item\" src=\"https:\/\/familie-weitgereist.de\/wp-content\/uploads\/2022\/11\/IMG_20221127_130517-scaled.jpg\" alt=\"\" title=\"\" data-id=\"11532\"\/><\/figure><\/div><div class=\"wp-block-themeisle-blocks-slider-item-wrapper glide__slide\" tabindex=\"0\"><figure><img decoding=\"async\" class=\"wp-block-themeisle-blocks-slider-item\" src=\"https:\/\/familie-weitgereist.de\/wp-content\/uploads\/2022\/11\/IMG_20221127_125321-scaled.jpg\" alt=\"\" title=\"\" data-id=\"11535\"\/><\/figure><\/div><\/div><div class=\"glide__bullets\" data-glide-el=\"controls[nav]\"><button class=\"glide__bullet\" data-glide-dir=\"=0\"><\/button><button class=\"glide__bullet\" data-glide-dir=\"=1\"><\/button><button class=\"glide__bullet\" data-glide-dir=\"=2\"><\/button><button class=\"glide__bullet\" data-glide-dir=\"=3\"><\/button><\/div><\/div><\/div>\n\n\n\n<p>Die H\u00f6hlenbewohner arbeiteten am Felsen und bauten ihre H\u00e4user in den Fels hinein. Es gab einen Hafen und eine Kirche. Die Wohnungen befanden sich \u00fcber f\u00fcnf Etagen verteilt. Bauern lebten ganz unten, Kaufleute weiter oben und die Kirche war am oberen Ende des Felsens errichtet.<\/p>\n\n\n\n<figure class=\"wp-block-image size-large\"><img loading=\"lazy\" decoding=\"async\" width=\"1024\" height=\"768\" src=\"https:\/\/familie-weitgereist.de\/wp-content\/uploads\/2022\/11\/IMG_20221127_130644-1024x768.jpg\" alt=\"\" class=\"wp-image-11534\" srcset=\"https:\/\/familie-weitgereist.de\/wp-content\/uploads\/2022\/11\/IMG_20221127_130644-1024x768.jpg 1024w, https:\/\/familie-weitgereist.de\/wp-content\/uploads\/2022\/11\/IMG_20221127_130644-300x225.jpg 300w, https:\/\/familie-weitgereist.de\/wp-content\/uploads\/2022\/11\/IMG_20221127_130644-768x576.jpg 768w, https:\/\/familie-weitgereist.de\/wp-content\/uploads\/2022\/11\/IMG_20221127_130644-1536x1152.jpg 1536w, https:\/\/familie-weitgereist.de\/wp-content\/uploads\/2022\/11\/IMG_20221127_130644-2048x1536.jpg 2048w, https:\/\/familie-weitgereist.de\/wp-content\/uploads\/2022\/11\/IMG_20221127_130644-1200x900.jpg 1200w, https:\/\/familie-weitgereist.de\/wp-content\/uploads\/2022\/11\/IMG_20221127_130644-1980x1485.jpg 1980w, https:\/\/familie-weitgereist.de\/wp-content\/uploads\/2022\/11\/IMG_20221127_130644-150x113.jpg 150w\" sizes=\"auto, (max-width: 1024px) 100vw, 1024px\" \/><\/figure>\n\n\n\n<p>Erwachsene zahlen 9,50\u20ac, Jugendliche unter 26 Jahren 8\u20ac und Kinder unter 5 Jahren zahlen keinen Eintritt. (<em>Stand<\/em> <em>November 2022<\/em>)<\/p>\n\n\n\n<h2 class=\"wp-block-heading\" id=\"beynac\">Der Ort Beynac-et-Cazenac<\/h2>\n\n\n\n<p>In dem kleinen Ort Beynac-et-Cazenac, an der Dordogne gelegen, wohnen lediglich 544 Menschen. Er z\u00e4hlt zu einem der <strong>sch\u00f6nsten Orte Frankreichs<\/strong>.<\/p>\n\n\n\n<figure class=\"wp-block-image size-large is-resized\"><img loading=\"lazy\" decoding=\"async\" src=\"https:\/\/familie-weitgereist.de\/wp-content\/uploads\/2022\/11\/IMG_20221127_162805-1024x768.jpg\" alt=\"\" class=\"wp-image-11549\" width=\"376\" height=\"280\"\/><figcaption class=\"wp-element-caption\">Beynac-et-Cazenac<\/figcaption><\/figure>\n\n\n\n<p>Beynac-et-Cazenac ist an einem 150m hohen Felsen gelegen und der Aufstieg zur Kirche und Burg ist sehr steil. Die M\u00fche lohnt sich jedoch sehr, denn nicht nur die Aussicht von oben auf die <strong>Dordogne<\/strong> und die umliegenden H\u00fcgel von <strong>Nouvelle-Aquitaine<\/strong> sind sehenswert, ebenso der Aufstieg selbst. Die engen Kopfsteinpflastergassen mit den Steinh\u00e4usern winden sich steil den Berg hinauf. Ein mittelalterliches Flair zieht durch den Ort. Kleine Restaurants laden zum Essen ein. Jedoch waren die meisten im November geschlossen. Es waren nur wenige franz\u00f6sische Touristen unterwegs.<\/p>\n\n\n\n<div id=\"wp-block-themeisle-blocks-slider-3ea2edf1\" class=\"wp-block-themeisle-blocks-slider glide\" data-per-view=\"1\" data-gap=\"0\" data-peek=\"0\" data-autoplay=\"true\" data-height=\"400px\" data-hide-arrows=\"false\"><div class=\"glide__track\" data-glide-el=\"track\"><div class=\"glide__slides\"><div class=\"wp-block-themeisle-blocks-slider-item-wrapper glide__slide\" tabindex=\"0\"><figure><img decoding=\"async\" class=\"wp-block-themeisle-blocks-slider-item\" src=\"https:\/\/familie-weitgereist.de\/wp-content\/uploads\/2022\/11\/IMG_20221127_155352-scaled.jpg\" alt=\"\" title=\"\" data-id=\"11551\"\/><\/figure><\/div><div class=\"wp-block-themeisle-blocks-slider-item-wrapper glide__slide\" tabindex=\"0\"><figure><img decoding=\"async\" class=\"wp-block-themeisle-blocks-slider-item\" src=\"https:\/\/familie-weitgereist.de\/wp-content\/uploads\/2022\/11\/IMG_20221127_151312-scaled.jpg\" alt=\"\" title=\"\" data-id=\"11553\"\/><\/figure><\/div><div class=\"wp-block-themeisle-blocks-slider-item-wrapper glide__slide\" tabindex=\"0\"><figure><img decoding=\"async\" class=\"wp-block-themeisle-blocks-slider-item\" src=\"https:\/\/familie-weitgereist.de\/wp-content\/uploads\/2022\/11\/IMG_20221127_151202-scaled.jpg\" alt=\"\" title=\"\" data-id=\"11554\"\/><\/figure><\/div><div class=\"wp-block-themeisle-blocks-slider-item-wrapper glide__slide\" tabindex=\"0\"><figure><img decoding=\"async\" class=\"wp-block-themeisle-blocks-slider-item\" src=\"https:\/\/familie-weitgereist.de\/wp-content\/uploads\/2022\/11\/IMG_20221127_151049-scaled.jpg\" alt=\"\" title=\"\" data-id=\"11556\"\/><\/figure><\/div><\/div><div class=\"glide__bullets\" data-glide-el=\"controls[nav]\"><button class=\"glide__bullet\" data-glide-dir=\"=0\"><\/button><button class=\"glide__bullet\" data-glide-dir=\"=1\"><\/button><button class=\"glide__bullet\" data-glide-dir=\"=2\"><\/button><button class=\"glide__bullet\" data-glide-dir=\"=3\"><\/button><\/div><\/div><\/div>\n\n\n\n<div id=\"wp-block-themeisle-blocks-slider-599a4d16\" class=\"wp-block-themeisle-blocks-slider glide\" data-per-view=\"1\" data-gap=\"0\" data-peek=\"0\" data-autoplay=\"true\" data-height=\"400px\" data-hide-arrows=\"false\"><div class=\"glide__track\" data-glide-el=\"track\"><div class=\"glide__slides\"><div class=\"wp-block-themeisle-blocks-slider-item-wrapper glide__slide\" tabindex=\"0\"><figure><img decoding=\"async\" class=\"wp-block-themeisle-blocks-slider-item\" src=\"https:\/\/familie-weitgereist.de\/wp-content\/uploads\/2022\/11\/IMG_20221127_161324-1-scaled.jpg\" alt=\"\" title=\"\" data-id=\"11563\"\/><\/figure><\/div><div class=\"wp-block-themeisle-blocks-slider-item-wrapper glide__slide\" tabindex=\"0\"><figure><img decoding=\"async\" class=\"wp-block-themeisle-blocks-slider-item\" src=\"https:\/\/familie-weitgereist.de\/wp-content\/uploads\/2022\/11\/IMG_20221127_152313-1-scaled.jpg\" alt=\"\" title=\"\" data-id=\"11565\"\/><\/figure><\/div><div class=\"wp-block-themeisle-blocks-slider-item-wrapper glide__slide\" tabindex=\"0\"><figure><img decoding=\"async\" class=\"wp-block-themeisle-blocks-slider-item\" src=\"https:\/\/familie-weitgereist.de\/wp-content\/uploads\/2022\/11\/IMG_20221127_151855-2-scaled.jpg\" alt=\"\" title=\"\" data-id=\"11566\"\/><\/figure><\/div><\/div><div class=\"glide__bullets\" data-glide-el=\"controls[nav]\"><button class=\"glide__bullet\" data-glide-dir=\"=0\"><\/button><button class=\"glide__bullet\" data-glide-dir=\"=1\"><\/button><button class=\"glide__bullet\" data-glide-dir=\"=2\"><\/button><\/div><\/div><\/div>\n\n\n\n<p>Sehenswert ist ebenso das Nachbardorf <strong>La<\/strong> <strong>Roque-Gageac<\/strong>. Auch hier liegt der Ort mit einer Burg an einer Felswand und der Fluss Dordogne schl\u00e4ngelt sich entlang. Wir hielten jedoch nur kurz an f\u00fcr ein Foto und sind durch den Ort gefahren.<\/p>\n\n\n\n<figure class=\"wp-block-image size-large\"><img loading=\"lazy\" decoding=\"async\" width=\"1024\" height=\"768\" src=\"https:\/\/familie-weitgereist.de\/wp-content\/uploads\/2022\/11\/IMG_20221127_164112-1024x768.jpg\" alt=\"\" class=\"wp-image-11547\" srcset=\"https:\/\/familie-weitgereist.de\/wp-content\/uploads\/2022\/11\/IMG_20221127_164112-1024x768.jpg 1024w, https:\/\/familie-weitgereist.de\/wp-content\/uploads\/2022\/11\/IMG_20221127_164112-300x225.jpg 300w, https:\/\/familie-weitgereist.de\/wp-content\/uploads\/2022\/11\/IMG_20221127_164112-768x576.jpg 768w, https:\/\/familie-weitgereist.de\/wp-content\/uploads\/2022\/11\/IMG_20221127_164112-1536x1152.jpg 1536w, https:\/\/familie-weitgereist.de\/wp-content\/uploads\/2022\/11\/IMG_20221127_164112-2048x1536.jpg 2048w, https:\/\/familie-weitgereist.de\/wp-content\/uploads\/2022\/11\/IMG_20221127_164112-1200x900.jpg 1200w, https:\/\/familie-weitgereist.de\/wp-content\/uploads\/2022\/11\/IMG_20221127_164112-1980x1485.jpg 1980w, https:\/\/familie-weitgereist.de\/wp-content\/uploads\/2022\/11\/IMG_20221127_164112-150x113.jpg 150w\" sizes=\"auto, (max-width: 1024px) 100vw, 1024px\" \/><figcaption class=\"wp-element-caption\">La Roque-Gageac <\/figcaption><\/figure>\n\n\n\n<h2 class=\"wp-block-heading\" id=\"rocamadour\">Der Ort Rocamadour <\/h2>\n\n\n\n<p>Der kleine Ort <strong>Rocamadour<\/strong> liegt im <strong>D\u00e9partement Lot<\/strong>, in der <strong>R\u00e9gion<\/strong> <strong>Okzitanien<\/strong> und 623 Menschen leben dort. Der Name des Ortes leitet sich von einem Eremiten ab, der in dem Fels gelebt haben soll und Amadour hie\u00df. J\u00e4hrlich pilgern Gl\u00e4ubige zu diesem Ort. <\/p>\n\n\n\n<figure class=\"wp-block-image size-large\"><img loading=\"lazy\" decoding=\"async\" width=\"1024\" height=\"768\" src=\"https:\/\/familie-weitgereist.de\/wp-content\/uploads\/2022\/11\/20221128073123_IMG_9716-1024x768.jpg\" alt=\"\" class=\"wp-image-11569\" srcset=\"https:\/\/familie-weitgereist.de\/wp-content\/uploads\/2022\/11\/20221128073123_IMG_9716-1024x768.jpg 1024w, https:\/\/familie-weitgereist.de\/wp-content\/uploads\/2022\/11\/20221128073123_IMG_9716-300x225.jpg 300w, https:\/\/familie-weitgereist.de\/wp-content\/uploads\/2022\/11\/20221128073123_IMG_9716-768x576.jpg 768w, https:\/\/familie-weitgereist.de\/wp-content\/uploads\/2022\/11\/20221128073123_IMG_9716-1536x1152.jpg 1536w, https:\/\/familie-weitgereist.de\/wp-content\/uploads\/2022\/11\/20221128073123_IMG_9716-2048x1536.jpg 2048w, https:\/\/familie-weitgereist.de\/wp-content\/uploads\/2022\/11\/20221128073123_IMG_9716-1200x900.jpg 1200w, https:\/\/familie-weitgereist.de\/wp-content\/uploads\/2022\/11\/20221128073123_IMG_9716-1980x1485.jpg 1980w, https:\/\/familie-weitgereist.de\/wp-content\/uploads\/2022\/11\/20221128073123_IMG_9716-150x113.jpg 150w\" sizes=\"auto, (max-width: 1024px) 100vw, 1024px\" \/><figcaption class=\"wp-element-caption\">Blick auf Rocamadour <\/figcaption><\/figure>\n\n\n\n<p>Im Sommer scheint es sehr belebt zu sein, denn es gibt \u00e4u\u00dferst viele Bezahlparkpl\u00e4tze. Ende November war jedoch kaum jemand zugegen und die <strong>Parkpl\u00e4tze sind gratis au\u00dferhalb der Saison<\/strong>. Wir hatten das Dorf nahezu f\u00fcr uns allein. Jedoch sind Gesch\u00e4fte, Restaurants und selbst die Touristeninformation geschlossen.<\/p>\n\n\n\n<figure class=\"wp-block-image size-large\"><img loading=\"lazy\" decoding=\"async\" width=\"1024\" height=\"768\" src=\"https:\/\/familie-weitgereist.de\/wp-content\/uploads\/2022\/11\/IMG_20221128_115325-1024x768.jpg\" alt=\"\" class=\"wp-image-11605\" srcset=\"https:\/\/familie-weitgereist.de\/wp-content\/uploads\/2022\/11\/IMG_20221128_115325-1024x768.jpg 1024w, https:\/\/familie-weitgereist.de\/wp-content\/uploads\/2022\/11\/IMG_20221128_115325-300x225.jpg 300w, https:\/\/familie-weitgereist.de\/wp-content\/uploads\/2022\/11\/IMG_20221128_115325-768x576.jpg 768w, https:\/\/familie-weitgereist.de\/wp-content\/uploads\/2022\/11\/IMG_20221128_115325-1536x1152.jpg 1536w, https:\/\/familie-weitgereist.de\/wp-content\/uploads\/2022\/11\/IMG_20221128_115325-2048x1536.jpg 2048w, https:\/\/familie-weitgereist.de\/wp-content\/uploads\/2022\/11\/IMG_20221128_115325-1200x900.jpg 1200w, https:\/\/familie-weitgereist.de\/wp-content\/uploads\/2022\/11\/IMG_20221128_115325-1980x1485.jpg 1980w, https:\/\/familie-weitgereist.de\/wp-content\/uploads\/2022\/11\/IMG_20221128_115325-150x113.jpg 150w\" sizes=\"auto, (max-width: 1024px) 100vw, 1024px\" \/><\/figure>\n\n\n\n<p>Im Ort selbst gibt es einen Fahrstuhl und einen Berglift, mit dem die H\u00f6henmeter \u00fcberwunden werden k\u00f6nnen. Der Fahrstuhl kostet 3,70\u20ac, der Berglift 4,20\u20ac jeweils f\u00fcr zwei Fahrten. Kinder bis 8 Jahre fahren gratis. (<em>Stand November 2022<\/em>) <\/p>\n\n\n\n<div id=\"wp-block-themeisle-blocks-slider-634ce75e\" class=\"wp-block-themeisle-blocks-slider glide\" data-per-view=\"1\" data-gap=\"0\" data-peek=\"0\" data-autoplay=\"true\" data-height=\"400px\" data-hide-arrows=\"false\"><div class=\"glide__track\" data-glide-el=\"track\"><div class=\"glide__slides\"><div class=\"wp-block-themeisle-blocks-slider-item-wrapper glide__slide\" tabindex=\"0\"><figure><img decoding=\"async\" class=\"wp-block-themeisle-blocks-slider-item\" src=\"https:\/\/familie-weitgereist.de\/wp-content\/uploads\/2022\/11\/IMG_20221128_134410-scaled.jpg\" alt=\"\" title=\"\" data-id=\"11576\"\/><\/figure><\/div><div class=\"wp-block-themeisle-blocks-slider-item-wrapper glide__slide\" tabindex=\"0\"><figure><img decoding=\"async\" class=\"wp-block-themeisle-blocks-slider-item\" src=\"https:\/\/familie-weitgereist.de\/wp-content\/uploads\/2022\/11\/IMG_20221128_134110_1-1-scaled.jpg\" alt=\"\" title=\"\" data-id=\"11578\"\/><\/figure><\/div><div class=\"wp-block-themeisle-blocks-slider-item-wrapper glide__slide\" tabindex=\"0\"><figure><img decoding=\"async\" class=\"wp-block-themeisle-blocks-slider-item\" src=\"https:\/\/familie-weitgereist.de\/wp-content\/uploads\/2022\/11\/IMG_20221128_125415-1-scaled.jpg\" alt=\"\" title=\"\" data-id=\"11579\"\/><\/figure><\/div><\/div><div class=\"glide__bullets\" data-glide-el=\"controls[nav]\"><button class=\"glide__bullet\" data-glide-dir=\"=0\"><\/button><button class=\"glide__bullet\" data-glide-dir=\"=1\"><\/button><button class=\"glide__bullet\" data-glide-dir=\"=2\"><\/button><\/div><\/div><\/div>\n\n\n\n<p>Auch Rocamadour geh\u00f6rt zu den <strong><em>Plus beaux villages de la France<\/em> (den sch\u00f6nsten D\u00f6rfern Frankreichs)<\/strong>. Die kleinen, verwinkelten mittelalterlichen Gassen, die Aussicht auf das Tal und besonders die, in den Fels gebauten, Kathedralen machen den Besuch des Ortes zu einem wahren Highlight. <\/p>\n\n\n\n<figure class=\"wp-block-image size-large\"><img loading=\"lazy\" decoding=\"async\" width=\"1024\" height=\"768\" src=\"https:\/\/familie-weitgereist.de\/wp-content\/uploads\/2022\/11\/IMG_20221128_123155-1024x768.jpg\" alt=\"\" class=\"wp-image-11589\" srcset=\"https:\/\/familie-weitgereist.de\/wp-content\/uploads\/2022\/11\/IMG_20221128_123155-1024x768.jpg 1024w, https:\/\/familie-weitgereist.de\/wp-content\/uploads\/2022\/11\/IMG_20221128_123155-300x225.jpg 300w, https:\/\/familie-weitgereist.de\/wp-content\/uploads\/2022\/11\/IMG_20221128_123155-768x576.jpg 768w, https:\/\/familie-weitgereist.de\/wp-content\/uploads\/2022\/11\/IMG_20221128_123155-1536x1152.jpg 1536w, https:\/\/familie-weitgereist.de\/wp-content\/uploads\/2022\/11\/IMG_20221128_123155-2048x1536.jpg 2048w, https:\/\/familie-weitgereist.de\/wp-content\/uploads\/2022\/11\/IMG_20221128_123155-1200x900.jpg 1200w, https:\/\/familie-weitgereist.de\/wp-content\/uploads\/2022\/11\/IMG_20221128_123155-1980x1485.jpg 1980w, https:\/\/familie-weitgereist.de\/wp-content\/uploads\/2022\/11\/IMG_20221128_123155-150x113.jpg 150w\" sizes=\"auto, (max-width: 1024px) 100vw, 1024px\" \/><figcaption class=\"wp-element-caption\">Blick auf die Burg<\/figcaption><\/figure>\n\n\n\n<p>Das Dorf besteht aus drei Ebenen. In der unteren Ebene befindet sich das mittelalterliche Dorf. Dort befinden sich heute viele Gesch\u00e4fte und Restaurants. <\/p>\n\n\n\n<div id=\"wp-block-themeisle-blocks-slider-8073ec51\" class=\"wp-block-themeisle-blocks-slider glide\" data-per-view=\"1\" data-gap=\"0\" data-peek=\"0\" data-autoplay=\"true\" data-height=\"400px\" data-hide-arrows=\"false\"><div class=\"glide__track\" data-glide-el=\"track\"><div class=\"glide__slides\"><div class=\"wp-block-themeisle-blocks-slider-item-wrapper glide__slide\" tabindex=\"0\"><figure><img decoding=\"async\" class=\"wp-block-themeisle-blocks-slider-item\" src=\"https:\/\/familie-weitgereist.de\/wp-content\/uploads\/2022\/11\/IMG_20221128_133600-scaled.jpg\" alt=\"\" title=\"\" data-id=\"11592\"\/><\/figure><\/div><div class=\"wp-block-themeisle-blocks-slider-item-wrapper glide__slide\" tabindex=\"0\"><figure><img decoding=\"async\" class=\"wp-block-themeisle-blocks-slider-item\" src=\"https:\/\/familie-weitgereist.de\/wp-content\/uploads\/2022\/11\/IMG_20221128_132758-1-scaled.jpg\" alt=\"\" title=\"\" data-id=\"11593\"\/><\/figure><\/div><div class=\"wp-block-themeisle-blocks-slider-item-wrapper glide__slide\" tabindex=\"0\"><figure><img decoding=\"async\" class=\"wp-block-themeisle-blocks-slider-item\" src=\"https:\/\/familie-weitgereist.de\/wp-content\/uploads\/2022\/11\/IMG_20221128_124531-1-scaled.jpg\" alt=\"\" title=\"\" data-id=\"11594\"\/><\/figure><\/div><\/div><div class=\"glide__bullets\" data-glide-el=\"controls[nav]\"><button class=\"glide__bullet\" data-glide-dir=\"=0\"><\/button><button class=\"glide__bullet\" data-glide-dir=\"=1\"><\/button><button class=\"glide__bullet\" data-glide-dir=\"=2\"><\/button><\/div><\/div><\/div>\n\n\n\n<p>In der mittleren Ebene stehen sieben Gottesh\u00e4user, diese liegen sehr nah beieinander. Die Kirchen sind an den Fels gebaut und \u00fcber enge Treppen und G\u00e4nge verbunden. Es sieht wunderbar aus.<\/p>\n\n\n\n<div id=\"wp-block-themeisle-blocks-slider-f9be1797\" class=\"wp-block-themeisle-blocks-slider glide\" data-per-view=\"1\" data-gap=\"0\" data-peek=\"0\" data-autoplay=\"true\" data-height=\"400px\" data-hide-arrows=\"false\"><div class=\"glide__track\" data-glide-el=\"track\"><div class=\"glide__slides\"><div class=\"wp-block-themeisle-blocks-slider-item-wrapper glide__slide\" tabindex=\"0\"><figure><img decoding=\"async\" class=\"wp-block-themeisle-blocks-slider-item\" src=\"https:\/\/familie-weitgereist.de\/wp-content\/uploads\/2022\/11\/IMG_20221128_125524-1-scaled.jpg\" alt=\"\" title=\"\" data-id=\"11600\"\/><\/figure><\/div><div class=\"wp-block-themeisle-blocks-slider-item-wrapper glide__slide\" tabindex=\"0\"><figure><img decoding=\"async\" class=\"wp-block-themeisle-blocks-slider-item\" src=\"https:\/\/familie-weitgereist.de\/wp-content\/uploads\/2022\/11\/IMG_20221128_125351-1-scaled.jpg\" alt=\"\" title=\"\" data-id=\"11601\"\/><\/figure><\/div><div class=\"wp-block-themeisle-blocks-slider-item-wrapper glide__slide\" tabindex=\"0\"><figure><img decoding=\"async\" class=\"wp-block-themeisle-blocks-slider-item\" src=\"https:\/\/familie-weitgereist.de\/wp-content\/uploads\/2022\/11\/IMG_20221128_125102-1-scaled.jpg\" alt=\"\" title=\"\" data-id=\"11602\"\/><\/figure><\/div><\/div><div class=\"glide__bullets\" data-glide-el=\"controls[nav]\"><button class=\"glide__bullet\" data-glide-dir=\"=0\"><\/button><button class=\"glide__bullet\" data-glide-dir=\"=1\"><\/button><button class=\"glide__bullet\" data-glide-dir=\"=2\"><\/button><\/div><\/div><\/div>\n\n\n\n<p>In der dritten Ebene und auf dem Gipfel des Berges befindet sich eine Burg aus dem 14. Jahrhundert.<\/p>\n\n\n\n<div id=\"wp-block-themeisle-blocks-slider-9242b476\" class=\"wp-block-themeisle-blocks-slider glide\" data-per-view=\"1\" data-gap=\"0\" data-peek=\"0\" data-autoplay=\"true\" data-height=\"400px\" data-hide-arrows=\"false\"><div class=\"glide__track\" data-glide-el=\"track\"><div class=\"glide__slides\"><div class=\"wp-block-themeisle-blocks-slider-item-wrapper glide__slide\" tabindex=\"0\"><figure><img decoding=\"async\" class=\"wp-block-themeisle-blocks-slider-item\" src=\"https:\/\/familie-weitgereist.de\/wp-content\/uploads\/2022\/11\/IMG_20221128_141754-scaled.jpg\" alt=\"\" title=\"\" data-id=\"11603\"\/><\/figure><\/div><div class=\"wp-block-themeisle-blocks-slider-item-wrapper glide__slide\" tabindex=\"0\"><figure><img decoding=\"async\" class=\"wp-block-themeisle-blocks-slider-item\" src=\"https:\/\/familie-weitgereist.de\/wp-content\/uploads\/2022\/11\/IMG_20221128_120900-scaled.jpg\" alt=\"\" title=\"\" data-id=\"11604\"\/><\/figure><\/div><\/div><div class=\"glide__bullets\" data-glide-el=\"controls[nav]\"><button class=\"glide__bullet\" data-glide-dir=\"=0\"><\/button><button class=\"glide__bullet\" data-glide-dir=\"=1\"><\/button><\/div><\/div><\/div>\n\n\n\n<p>Wir schlenderten durch den Ort und genossen die Atmosph\u00e4re. Es war wieder ein wundersch\u00f6ner Ausflug!<\/p>\n\n\n\n<h2 class=\"wp-block-heading\" id=\"puycelsi\">Der Ort Puycelsi<\/h2>\n\n\n\n<p>Der kleine Ort Puycelsi geh\u00f6rt ebenso zu den &#8222;<strong><em>Plus beaux villages de la France<\/em><\/strong>&#8222;, den sch\u00f6nsten D\u00f6rfern Frankreichs. <\/p>\n\n\n\n<figure class=\"wp-block-image size-large\"><img loading=\"lazy\" decoding=\"async\" width=\"1024\" height=\"768\" src=\"https:\/\/familie-weitgereist.de\/wp-content\/uploads\/2022\/11\/IMG_20221129_133001-1024x768.jpg\" alt=\"\" class=\"wp-image-11619\" srcset=\"https:\/\/familie-weitgereist.de\/wp-content\/uploads\/2022\/11\/IMG_20221129_133001-1024x768.jpg 1024w, https:\/\/familie-weitgereist.de\/wp-content\/uploads\/2022\/11\/IMG_20221129_133001-300x225.jpg 300w, https:\/\/familie-weitgereist.de\/wp-content\/uploads\/2022\/11\/IMG_20221129_133001-768x576.jpg 768w, https:\/\/familie-weitgereist.de\/wp-content\/uploads\/2022\/11\/IMG_20221129_133001-1536x1152.jpg 1536w, https:\/\/familie-weitgereist.de\/wp-content\/uploads\/2022\/11\/IMG_20221129_133001-2048x1536.jpg 2048w, https:\/\/familie-weitgereist.de\/wp-content\/uploads\/2022\/11\/IMG_20221129_133001-1200x900.jpg 1200w, https:\/\/familie-weitgereist.de\/wp-content\/uploads\/2022\/11\/IMG_20221129_133001-1980x1485.jpg 1980w, https:\/\/familie-weitgereist.de\/wp-content\/uploads\/2022\/11\/IMG_20221129_133001-150x113.jpg 150w\" sizes=\"auto, (max-width: 1024px) 100vw, 1024px\" \/><\/figure>\n\n\n\n<p>Im Dorf leben 452 Einwohner, es liegt im <strong>D\u00e9partement Tarn<\/strong> in der <strong>R\u00e9gion Okzitanien<\/strong>. <\/p>\n\n\n\n<p>Die 800m lange und <strong>sehr gut erhaltene Stadtmauer<\/strong> z\u00e4hlt neben den gut erhaltenen Fachwerkh\u00e4usern aus dem 16. und 17. Jahrhundert zu den Sehensw\u00fcrdigkeiten. Ebenso das <strong>Stadttor<\/strong> <strong><em>Porte de l&#8217;Irissou<\/em><\/strong> z\u00e4hlt zu den historischen Besonderheiten des Ortes. <\/p>\n\n\n\n<div id=\"wp-block-themeisle-blocks-slider-9b8a091c\" class=\"wp-block-themeisle-blocks-slider glide\" data-per-view=\"1\" data-gap=\"0\" data-peek=\"0\" data-autoplay=\"true\" data-height=\"400px\" data-hide-arrows=\"false\"><div class=\"glide__track\" data-glide-el=\"track\"><div class=\"glide__slides\"><div class=\"wp-block-themeisle-blocks-slider-item-wrapper glide__slide\" tabindex=\"0\"><figure><img decoding=\"async\" class=\"wp-block-themeisle-blocks-slider-item\" src=\"https:\/\/familie-weitgereist.de\/wp-content\/uploads\/2022\/11\/IMG_20221129_132126-scaled.jpg\" alt=\"\" title=\"\" data-id=\"11620\"\/><\/figure><\/div><div class=\"wp-block-themeisle-blocks-slider-item-wrapper glide__slide\" tabindex=\"0\"><figure><img decoding=\"async\" class=\"wp-block-themeisle-blocks-slider-item\" src=\"https:\/\/familie-weitgereist.de\/wp-content\/uploads\/2022\/11\/IMG_20221129_124050-scaled.jpg\" alt=\"\" title=\"\" data-id=\"11621\"\/><\/figure><\/div><div class=\"wp-block-themeisle-blocks-slider-item-wrapper glide__slide\" tabindex=\"0\"><figure><img decoding=\"async\" class=\"wp-block-themeisle-blocks-slider-item\" src=\"https:\/\/familie-weitgereist.de\/wp-content\/uploads\/2022\/11\/IMG_20221129_124023-scaled.jpg\" alt=\"\" title=\"\" data-id=\"11623\"\/><\/figure><\/div><div class=\"wp-block-themeisle-blocks-slider-item-wrapper glide__slide\" tabindex=\"0\"><figure><img decoding=\"async\" class=\"wp-block-themeisle-blocks-slider-item\" src=\"https:\/\/familie-weitgereist.de\/wp-content\/uploads\/2022\/11\/IMG_20221129_122514-scaled.jpg\" alt=\"\" title=\"\" data-id=\"11625\"\/><\/figure><\/div><\/div><div class=\"glide__bullets\" data-glide-el=\"controls[nav]\"><button class=\"glide__bullet\" data-glide-dir=\"=0\"><\/button><button class=\"glide__bullet\" data-glide-dir=\"=1\"><\/button><button class=\"glide__bullet\" data-glide-dir=\"=2\"><\/button><button class=\"glide__bullet\" data-glide-dir=\"=3\"><\/button><\/div><\/div><\/div>\n\n\n\n<p>Wir schlenderten komplett allein durch die engen Gassen der Festungsstadt. Die einzigen Menschen, die wir h\u00f6rten waren die spielenden Kinder aus der kleinen Grundschule. Die Gassen sind verwinkelt und es gibt hinter jeder Ecke weitere historische H\u00e4user zu entdecken. Die Ausblicke auf die umliegenden H\u00fcgel der Region sind wundersch\u00f6n. Von Weitem sieht man die hohen Festungsmauern des Dorfes und es schien in der Vergangenheit schwer einnehmbar zu sein.<\/p>\n\n\n\n<figure class=\"wp-block-image size-large\"><img loading=\"lazy\" decoding=\"async\" width=\"1024\" height=\"768\" src=\"https:\/\/familie-weitgereist.de\/wp-content\/uploads\/2022\/11\/IMG_20221129_124627-1024x768.jpg\" alt=\"\" class=\"wp-image-11624\" srcset=\"https:\/\/familie-weitgereist.de\/wp-content\/uploads\/2022\/11\/IMG_20221129_124627-1024x768.jpg 1024w, https:\/\/familie-weitgereist.de\/wp-content\/uploads\/2022\/11\/IMG_20221129_124627-300x225.jpg 300w, https:\/\/familie-weitgereist.de\/wp-content\/uploads\/2022\/11\/IMG_20221129_124627-768x576.jpg 768w, https:\/\/familie-weitgereist.de\/wp-content\/uploads\/2022\/11\/IMG_20221129_124627-1536x1152.jpg 1536w, https:\/\/familie-weitgereist.de\/wp-content\/uploads\/2022\/11\/IMG_20221129_124627-2048x1536.jpg 2048w, https:\/\/familie-weitgereist.de\/wp-content\/uploads\/2022\/11\/IMG_20221129_124627-1200x900.jpg 1200w, https:\/\/familie-weitgereist.de\/wp-content\/uploads\/2022\/11\/IMG_20221129_124627-1980x1485.jpg 1980w, https:\/\/familie-weitgereist.de\/wp-content\/uploads\/2022\/11\/IMG_20221129_124627-150x113.jpg 150w\" sizes=\"auto, (max-width: 1024px) 100vw, 1024px\" \/><\/figure>\n\n\n\n<h2 class=\"wp-block-heading\" id=\"soreze\">Der Ort Sor\u00e8ze <\/h2>\n\n\n\n<p>In Sor\u00e8ze haben wir auf einem sch\u00f6nen Stellplatz direkt an die Altstadt angrenzend \u00fcbernachtet und direkt nach unserer Ankunft die Altstadt erkundet.<\/p>\n\n\n\n<figure class=\"wp-block-image size-large\"><img loading=\"lazy\" decoding=\"async\" width=\"1024\" height=\"768\" src=\"https:\/\/familie-weitgereist.de\/wp-content\/uploads\/2022\/11\/IMG_20221129_164241-1024x768.jpg\" alt=\"\" class=\"wp-image-11626\" srcset=\"https:\/\/familie-weitgereist.de\/wp-content\/uploads\/2022\/11\/IMG_20221129_164241-1024x768.jpg 1024w, https:\/\/familie-weitgereist.de\/wp-content\/uploads\/2022\/11\/IMG_20221129_164241-300x225.jpg 300w, https:\/\/familie-weitgereist.de\/wp-content\/uploads\/2022\/11\/IMG_20221129_164241-768x576.jpg 768w, https:\/\/familie-weitgereist.de\/wp-content\/uploads\/2022\/11\/IMG_20221129_164241-1536x1152.jpg 1536w, https:\/\/familie-weitgereist.de\/wp-content\/uploads\/2022\/11\/IMG_20221129_164241-2048x1536.jpg 2048w, https:\/\/familie-weitgereist.de\/wp-content\/uploads\/2022\/11\/IMG_20221129_164241-1200x900.jpg 1200w, https:\/\/familie-weitgereist.de\/wp-content\/uploads\/2022\/11\/IMG_20221129_164241-1980x1485.jpg 1980w, https:\/\/familie-weitgereist.de\/wp-content\/uploads\/2022\/11\/IMG_20221129_164241-150x113.jpg 150w\" sizes=\"auto, (max-width: 1024px) 100vw, 1024px\" \/><figcaption class=\"wp-element-caption\"> Stellplatz in Sor\u00e8ze <\/figcaption><\/figure>\n\n\n\n<p>Sor\u00e8ze ist eine kleine Stadt im <strong>D\u00e9partement<\/strong> <strong>Tarn<\/strong> in der <strong>R\u00e9gion<\/strong> <strong>Okzitanien<\/strong>. Die Stadt ist bekannt f\u00fcr ihre Benediktinerabtei aus dem Jahre 754. Die Altstadt wirkt, wie viele D\u00f6rfer und St\u00e4dte in Okzitanien, mittelalterlich und das Stadtzentrum wird gut gepflegt. <\/p>\n\n\n\n<div id=\"wp-block-themeisle-blocks-slider-b5923b10\" class=\"wp-block-themeisle-blocks-slider glide\" data-per-view=\"1\" data-gap=\"0\" data-peek=\"0\" data-autoplay=\"true\" data-height=\"400px\" data-hide-arrows=\"false\"><div class=\"glide__track\" data-glide-el=\"track\"><div class=\"glide__slides\"><div class=\"wp-block-themeisle-blocks-slider-item-wrapper glide__slide\" tabindex=\"0\"><figure><img decoding=\"async\" class=\"wp-block-themeisle-blocks-slider-item\" src=\"https:\/\/familie-weitgereist.de\/wp-content\/uploads\/2022\/11\/IMG_20221129_170131-scaled.jpg\" alt=\"\" title=\"\" data-id=\"11631\"\/><\/figure><\/div><div class=\"wp-block-themeisle-blocks-slider-item-wrapper glide__slide\" tabindex=\"0\"><figure><img decoding=\"async\" class=\"wp-block-themeisle-blocks-slider-item\" src=\"https:\/\/familie-weitgereist.de\/wp-content\/uploads\/2022\/11\/IMG_20221129_170104-scaled.jpg\" alt=\"\" title=\"\" data-id=\"11633\"\/><\/figure><\/div><div class=\"wp-block-themeisle-blocks-slider-item-wrapper glide__slide\" tabindex=\"0\"><figure><img decoding=\"async\" class=\"wp-block-themeisle-blocks-slider-item\" src=\"https:\/\/familie-weitgereist.de\/wp-content\/uploads\/2022\/11\/IMG_20221129_165911-scaled.jpg\" alt=\"\" title=\"\" data-id=\"11634\"\/><\/figure><\/div><\/div><div class=\"glide__bullets\" data-glide-el=\"controls[nav]\"><button class=\"glide__bullet\" data-glide-dir=\"=0\"><\/button><button class=\"glide__bullet\" data-glide-dir=\"=1\"><\/button><button class=\"glide__bullet\" data-glide-dir=\"=2\"><\/button><\/div><\/div><\/div>\n\n\n\n<h2 class=\"wp-block-heading\" id=\"limoux\">Limoux <\/h2>\n\n\n\n<p>Limoux ist eine Kleinstadt mit ca. 10000 Einwohnern im <strong>D\u00e9partement Aude unweit von Carcassonne<\/strong>. Die R\u00e9gion Aude ist sehr f\u00fcr ihre Weinproduktion bekannt und es bietet sich an den k\u00f6stlichen Wein zu probieren.<\/p>\n\n\n\n<figure class=\"wp-block-image size-large\"><img loading=\"lazy\" decoding=\"async\" width=\"1024\" height=\"768\" src=\"https:\/\/familie-weitgereist.de\/wp-content\/uploads\/2022\/12\/IMG_20221201_131622-1024x768.jpg\" alt=\"\" class=\"wp-image-11641\" srcset=\"https:\/\/familie-weitgereist.de\/wp-content\/uploads\/2022\/12\/IMG_20221201_131622-1024x768.jpg 1024w, https:\/\/familie-weitgereist.de\/wp-content\/uploads\/2022\/12\/IMG_20221201_131622-300x225.jpg 300w, https:\/\/familie-weitgereist.de\/wp-content\/uploads\/2022\/12\/IMG_20221201_131622-768x576.jpg 768w, https:\/\/familie-weitgereist.de\/wp-content\/uploads\/2022\/12\/IMG_20221201_131622-1536x1152.jpg 1536w, https:\/\/familie-weitgereist.de\/wp-content\/uploads\/2022\/12\/IMG_20221201_131622-2048x1536.jpg 2048w, https:\/\/familie-weitgereist.de\/wp-content\/uploads\/2022\/12\/IMG_20221201_131622-1200x900.jpg 1200w, https:\/\/familie-weitgereist.de\/wp-content\/uploads\/2022\/12\/IMG_20221201_131622-1980x1485.jpg 1980w, https:\/\/familie-weitgereist.de\/wp-content\/uploads\/2022\/12\/IMG_20221201_131622-150x113.jpg 150w\" sizes=\"auto, (max-width: 1024px) 100vw, 1024px\" \/><figcaption class=\"wp-element-caption\">Place de la R\u00e9publique <\/figcaption><\/figure>\n\n\n\n<p>Im Zentrum von Limoux befindet sich der <strong>Place de la R\u00e9publique<\/strong>. In der Altstadt befinden sich H\u00e4user aus dem 15. Jahrhundert. Die Br\u00fccke <strong>Pont Neuf<\/strong> f\u00fchrt \u00fcber den <strong>Fluss Aude<\/strong> und ist aus dem Jahr <strong>1327<\/strong>. <\/p>\n\n\n\n<div id=\"wp-block-themeisle-blocks-slider-a4c13dd1\" class=\"wp-block-themeisle-blocks-slider glide\" data-per-view=\"1\" data-gap=\"0\" data-peek=\"0\" data-autoplay=\"true\" data-height=\"400px\" data-hide-arrows=\"false\"><div class=\"glide__track\" data-glide-el=\"track\"><div class=\"glide__slides\"><div class=\"wp-block-themeisle-blocks-slider-item-wrapper glide__slide\" tabindex=\"0\"><figure><img decoding=\"async\" class=\"wp-block-themeisle-blocks-slider-item\" src=\"https:\/\/familie-weitgereist.de\/wp-content\/uploads\/2022\/12\/IMG_20221201_140221_1-scaled.jpg\" alt=\"\" title=\"\" data-id=\"11642\"\/><\/figure><\/div><div class=\"wp-block-themeisle-blocks-slider-item-wrapper glide__slide\" tabindex=\"0\"><figure><img decoding=\"async\" class=\"wp-block-themeisle-blocks-slider-item\" src=\"https:\/\/familie-weitgereist.de\/wp-content\/uploads\/2022\/12\/IMG_20221201_135555-scaled.jpg\" alt=\"\" title=\"\" data-id=\"11644\"\/><\/figure><\/div><div class=\"wp-block-themeisle-blocks-slider-item-wrapper glide__slide\" tabindex=\"0\"><figure><img decoding=\"async\" class=\"wp-block-themeisle-blocks-slider-item\" src=\"https:\/\/familie-weitgereist.de\/wp-content\/uploads\/2022\/12\/IMG_20221201_134136-scaled.jpg\" alt=\"\" title=\"\" data-id=\"11646\"\/><\/figure><\/div><\/div><div class=\"glide__bullets\" data-glide-el=\"controls[nav]\"><button class=\"glide__bullet\" data-glide-dir=\"=0\"><\/button><button class=\"glide__bullet\" data-glide-dir=\"=1\"><\/button><button class=\"glide__bullet\" data-glide-dir=\"=2\"><\/button><\/div><\/div><\/div>\n\n\n\n<p>Wir schlenderten etwas durch den kleinen Ort und bestaunten die weihnachtliche Dekoration. <\/p>\n\n\n\n<figure class=\"wp-block-image size-large\"><img loading=\"lazy\" decoding=\"async\" width=\"1024\" height=\"768\" src=\"https:\/\/familie-weitgereist.de\/wp-content\/uploads\/2022\/12\/IMG_20221201_131408-1024x768.jpg\" alt=\"\" class=\"wp-image-11645\" srcset=\"https:\/\/familie-weitgereist.de\/wp-content\/uploads\/2022\/12\/IMG_20221201_131408-1024x768.jpg 1024w, https:\/\/familie-weitgereist.de\/wp-content\/uploads\/2022\/12\/IMG_20221201_131408-300x225.jpg 300w, https:\/\/familie-weitgereist.de\/wp-content\/uploads\/2022\/12\/IMG_20221201_131408-768x576.jpg 768w, https:\/\/familie-weitgereist.de\/wp-content\/uploads\/2022\/12\/IMG_20221201_131408-1536x1152.jpg 1536w, https:\/\/familie-weitgereist.de\/wp-content\/uploads\/2022\/12\/IMG_20221201_131408-2048x1536.jpg 2048w, https:\/\/familie-weitgereist.de\/wp-content\/uploads\/2022\/12\/IMG_20221201_131408-1200x900.jpg 1200w, https:\/\/familie-weitgereist.de\/wp-content\/uploads\/2022\/12\/IMG_20221201_131408-1980x1485.jpg 1980w, https:\/\/familie-weitgereist.de\/wp-content\/uploads\/2022\/12\/IMG_20221201_131408-150x113.jpg 150w\" sizes=\"auto, (max-width: 1024px) 100vw, 1024px\" \/><\/figure>\n\n\n\n<h2 class=\"wp-block-heading\" id=\"aletlesbains\">Alet-les-Bains <\/h2>\n\n\n\n<p>Alet-les-Bains ist ein Dorf ebenfalls im <strong>D\u00e9partement Aude<\/strong> unweit von Carcassonne. Das Dorf ist bekannt f\u00fcr seine <strong>Thermalquellen<\/strong>. Diese sind relativ warm und das Trinkwasser ist k\u00f6stlich. Viele Einwohner und Besucher f\u00fcllen sich ihr Wasser ab. Ebenfalls ist es gestattet an den Quellen sein Geschirr und sogar W\u00e4sche zu waschen. <\/p>\n\n\n\n<figure class=\"wp-block-image size-large\"><img loading=\"lazy\" decoding=\"async\" width=\"1024\" height=\"768\" src=\"https:\/\/familie-weitgereist.de\/wp-content\/uploads\/2022\/12\/IMG_20221201_161225-1024x768.jpg\" alt=\"\" class=\"wp-image-11651\" srcset=\"https:\/\/familie-weitgereist.de\/wp-content\/uploads\/2022\/12\/IMG_20221201_161225-1024x768.jpg 1024w, https:\/\/familie-weitgereist.de\/wp-content\/uploads\/2022\/12\/IMG_20221201_161225-300x225.jpg 300w, https:\/\/familie-weitgereist.de\/wp-content\/uploads\/2022\/12\/IMG_20221201_161225-768x576.jpg 768w, https:\/\/familie-weitgereist.de\/wp-content\/uploads\/2022\/12\/IMG_20221201_161225-1536x1152.jpg 1536w, https:\/\/familie-weitgereist.de\/wp-content\/uploads\/2022\/12\/IMG_20221201_161225-2048x1536.jpg 2048w, https:\/\/familie-weitgereist.de\/wp-content\/uploads\/2022\/12\/IMG_20221201_161225-1200x900.jpg 1200w, https:\/\/familie-weitgereist.de\/wp-content\/uploads\/2022\/12\/IMG_20221201_161225-1980x1485.jpg 1980w, https:\/\/familie-weitgereist.de\/wp-content\/uploads\/2022\/12\/IMG_20221201_161225-150x113.jpg 150w\" sizes=\"auto, (max-width: 1024px) 100vw, 1024px\" \/><figcaption class=\"wp-element-caption\">Thermalquellen<\/figcaption><\/figure>\n\n\n\n<p>Das Dorf besitzt einen <strong>mittelalterlichen<\/strong> <strong>Dorfkern<\/strong> und eine, in Teilen erhaltene <strong>Stadtmauer<\/strong>. <\/p>\n\n\n\n<div id=\"wp-block-themeisle-blocks-slider-44934e36\" class=\"wp-block-themeisle-blocks-slider glide\" data-per-view=\"1\" data-gap=\"0\" data-peek=\"0\" data-autoplay=\"true\" data-height=\"400px\" data-hide-arrows=\"false\"><div class=\"glide__track\" data-glide-el=\"track\"><div class=\"glide__slides\"><div class=\"wp-block-themeisle-blocks-slider-item-wrapper glide__slide\" tabindex=\"0\"><figure><img decoding=\"async\" class=\"wp-block-themeisle-blocks-slider-item\" src=\"https:\/\/familie-weitgereist.de\/wp-content\/uploads\/2022\/12\/IMG_20221201_155323-scaled.jpg\" alt=\"\" title=\"\" data-id=\"11653\"\/><\/figure><\/div><div class=\"wp-block-themeisle-blocks-slider-item-wrapper glide__slide\" tabindex=\"0\"><figure><img decoding=\"async\" class=\"wp-block-themeisle-blocks-slider-item\" src=\"https:\/\/familie-weitgereist.de\/wp-content\/uploads\/2022\/12\/IMG_20221201_154934-scaled.jpg\" alt=\"\" title=\"\" data-id=\"11654\"\/><\/figure><\/div><div class=\"wp-block-themeisle-blocks-slider-item-wrapper glide__slide\" tabindex=\"0\"><figure><img decoding=\"async\" class=\"wp-block-themeisle-blocks-slider-item\" src=\"https:\/\/familie-weitgereist.de\/wp-content\/uploads\/2022\/12\/IMG_20221201_154809-scaled.jpg\" alt=\"\" title=\"\" data-id=\"11655\"\/><\/figure><\/div><div class=\"wp-block-themeisle-blocks-slider-item-wrapper glide__slide\" tabindex=\"0\"><figure><img decoding=\"async\" class=\"wp-block-themeisle-blocks-slider-item\" src=\"https:\/\/familie-weitgereist.de\/wp-content\/uploads\/2022\/12\/IMG_20221201_154239-scaled.jpg\" alt=\"\" title=\"\" data-id=\"11656\"\/><\/figure><\/div><\/div><div class=\"glide__bullets\" data-glide-el=\"controls[nav]\"><button class=\"glide__bullet\" data-glide-dir=\"=0\"><\/button><button class=\"glide__bullet\" data-glide-dir=\"=1\"><\/button><button class=\"glide__bullet\" data-glide-dir=\"=2\"><\/button><button class=\"glide__bullet\" data-glide-dir=\"=3\"><\/button><\/div><\/div><\/div>\n\n\n\n<p>Ebenso sehenswert sind die <strong>Ruine<\/strong> eines ehemaligen <strong>Benediktinerklosters<\/strong> aus dem 9. Jahrhundert, die Abtei-Kathedrale Notre-Dame d&#8217;Alet und die <strong>Pfarrkirche<\/strong> <strong>Saint Andr\u00e9<\/strong> aus dem 15. Jahrhundert.<\/p>\n\n\n\n<div id=\"wp-block-themeisle-blocks-slider-9f4feb10\" class=\"wp-block-themeisle-blocks-slider glide\" data-per-view=\"1\" data-gap=\"0\" data-peek=\"0\" data-autoplay=\"true\" data-height=\"400px\" data-hide-arrows=\"false\"><div class=\"glide__track\" data-glide-el=\"track\"><div class=\"glide__slides\"><div class=\"wp-block-themeisle-blocks-slider-item-wrapper glide__slide\" tabindex=\"0\"><figure><img decoding=\"async\" class=\"wp-block-themeisle-blocks-slider-item\" src=\"https:\/\/familie-weitgereist.de\/wp-content\/uploads\/2022\/12\/IMG_20221201_153914-scaled.jpg\" alt=\"\" title=\"\" data-id=\"11660\"\/><\/figure><\/div><div class=\"wp-block-themeisle-blocks-slider-item-wrapper glide__slide\" tabindex=\"0\"><figure><img decoding=\"async\" class=\"wp-block-themeisle-blocks-slider-item\" src=\"https:\/\/familie-weitgereist.de\/wp-content\/uploads\/2022\/12\/IMG_20221201_153650-scaled.jpg\" alt=\"\" title=\"\" data-id=\"11661\"\/><\/figure><\/div><\/div><div class=\"glide__bullets\" data-glide-el=\"controls[nav]\"><button class=\"glide__bullet\" data-glide-dir=\"=0\"><\/button><button class=\"glide__bullet\" data-glide-dir=\"=1\"><\/button><\/div><\/div><\/div>\n\n\n\n<h2 class=\"wp-block-heading\" id=\"gruissan\">Gruissan <\/h2>\n\n\n\n<p>Gruissan ist eine kleine <strong>Hafenstadt am Mittelmeer,<\/strong> in der N\u00e4he von Narbonne. Der historische Stadtkern wurde um die ehemalige Festungsburg aus dem 14. Jahrhundert gebaut. Diese besch\u00fctze damals die Hafenanlage von Narbonne. Ein kleiner Weg f\u00fchrt hinauf zur Burg, von der man einen wundersch\u00f6nen Ausblick \u00fcber den Ort, die Teiche und das Mittelmeer hat.<\/p>\n\n\n\n<div id=\"wp-block-themeisle-blocks-slider-4c2579d5\" class=\"wp-block-themeisle-blocks-slider glide\" data-per-view=\"1\" data-gap=\"0\" data-peek=\"0\" data-autoplay=\"true\" data-height=\"400px\" data-hide-arrows=\"false\"><div class=\"glide__track\" data-glide-el=\"track\"><div class=\"glide__slides\"><div class=\"wp-block-themeisle-blocks-slider-item-wrapper glide__slide\" tabindex=\"0\"><figure><img decoding=\"async\" class=\"wp-block-themeisle-blocks-slider-item\" src=\"https:\/\/familie-weitgereist.de\/wp-content\/uploads\/2022\/12\/IMG_20221202_160954-scaled.jpg\" alt=\"\" title=\"\" data-id=\"11668\"\/><\/figure><\/div><div class=\"wp-block-themeisle-blocks-slider-item-wrapper glide__slide\" tabindex=\"0\"><figure><img decoding=\"async\" class=\"wp-block-themeisle-blocks-slider-item\" src=\"https:\/\/familie-weitgereist.de\/wp-content\/uploads\/2022\/12\/IMG_20221202_155532-scaled.jpg\" alt=\"\" title=\"\" data-id=\"11669\"\/><\/figure><\/div><div class=\"wp-block-themeisle-blocks-slider-item-wrapper glide__slide\" tabindex=\"0\"><figure><img decoding=\"async\" class=\"wp-block-themeisle-blocks-slider-item\" src=\"https:\/\/familie-weitgereist.de\/wp-content\/uploads\/2022\/12\/IMG_20221202_154038-scaled.jpg\" alt=\"\" title=\"\" data-id=\"11671\"\/><\/figure><\/div><\/div><div class=\"glide__bullets\" data-glide-el=\"controls[nav]\"><button class=\"glide__bullet\" data-glide-dir=\"=0\"><\/button><button class=\"glide__bullet\" data-glide-dir=\"=1\"><\/button><button class=\"glide__bullet\" data-glide-dir=\"=2\"><\/button><\/div><\/div><\/div>\n\n\n\n<p>Gruissan besteht aus mehreren Stadtteilen, Gruissan-Port und Gruissan-Plage. Der moderne Yachthafen entstand in den 1970er Jahren. In Gruissan-Plage befinden sich sehr viele Sommer- und Ferienh\u00e4user. Besonders viele Leute aus Narbonne nutzen hier die sch\u00f6ne Lage und haben ein Sommerhaus am Strand. <\/p>\n\n\n\n<div id=\"wp-block-themeisle-blocks-slider-4bb1626a\" class=\"wp-block-themeisle-blocks-slider glide\" data-per-view=\"1\" data-gap=\"0\" data-peek=\"0\" data-autoplay=\"true\" data-height=\"400px\" data-hide-arrows=\"false\"><div class=\"glide__track\" data-glide-el=\"track\"><div class=\"glide__slides\"><div class=\"wp-block-themeisle-blocks-slider-item-wrapper glide__slide\" tabindex=\"0\"><figure><img decoding=\"async\" class=\"wp-block-themeisle-blocks-slider-item\" src=\"https:\/\/familie-weitgereist.de\/wp-content\/uploads\/2022\/12\/IMG_20221202_163617-2-scaled.jpg\" alt=\"\" title=\"\" data-id=\"11685\"\/><\/figure><\/div><div class=\"wp-block-themeisle-blocks-slider-item-wrapper glide__slide\" tabindex=\"0\"><figure><img decoding=\"async\" class=\"wp-block-themeisle-blocks-slider-item\" src=\"https:\/\/familie-weitgereist.de\/wp-content\/uploads\/2022\/12\/IMG_20221202_153547-1-scaled.jpg\" alt=\"\" title=\"\" data-id=\"11686\"\/><\/figure><\/div><div class=\"wp-block-themeisle-blocks-slider-item-wrapper glide__slide\" tabindex=\"0\"><figure><img decoding=\"async\" class=\"wp-block-themeisle-blocks-slider-item\" src=\"https:\/\/familie-weitgereist.de\/wp-content\/uploads\/2022\/12\/IMG_20221202_153424-2-scaled.jpg\" alt=\"\" title=\"\" data-id=\"11688\"\/><\/figure><\/div><\/div><div class=\"glide__bullets\" data-glide-el=\"controls[nav]\"><button class=\"glide__bullet\" data-glide-dir=\"=0\"><\/button><button class=\"glide__bullet\" data-glide-dir=\"=1\"><\/button><button class=\"glide__bullet\" data-glide-dir=\"=2\"><\/button><\/div><\/div><\/div>\n\n\n\n<p>Gruissan-Les Ayguades liegt etwas au\u00dferhalb von Gruissan am <em><strong>\u00c9tang<\/strong> <strong>de<\/strong> <strong>Mateille<\/strong><\/em>. Gruissan ist umgeben von zahlreichen Lagunen. In den Lagunen leben Flamingos. <\/p>\n\n\n\n<figure class=\"wp-block-image size-large\"><img loading=\"lazy\" decoding=\"async\" width=\"1024\" height=\"768\" src=\"https:\/\/familie-weitgereist.de\/wp-content\/uploads\/2022\/12\/IMG_20221202_144116-1-1024x768.jpg\" alt=\"\" class=\"wp-image-11680\" srcset=\"https:\/\/familie-weitgereist.de\/wp-content\/uploads\/2022\/12\/IMG_20221202_144116-1-1024x768.jpg 1024w, https:\/\/familie-weitgereist.de\/wp-content\/uploads\/2022\/12\/IMG_20221202_144116-1-300x225.jpg 300w, https:\/\/familie-weitgereist.de\/wp-content\/uploads\/2022\/12\/IMG_20221202_144116-1-768x576.jpg 768w, https:\/\/familie-weitgereist.de\/wp-content\/uploads\/2022\/12\/IMG_20221202_144116-1-1536x1152.jpg 1536w, https:\/\/familie-weitgereist.de\/wp-content\/uploads\/2022\/12\/IMG_20221202_144116-1-2048x1536.jpg 2048w, https:\/\/familie-weitgereist.de\/wp-content\/uploads\/2022\/12\/IMG_20221202_144116-1-1200x900.jpg 1200w, https:\/\/familie-weitgereist.de\/wp-content\/uploads\/2022\/12\/IMG_20221202_144116-1-1980x1485.jpg 1980w, https:\/\/familie-weitgereist.de\/wp-content\/uploads\/2022\/12\/IMG_20221202_144116-1-150x113.jpg 150w\" sizes=\"auto, (max-width: 1024px) 100vw, 1024px\" \/><\/figure>\n\n\n\n<h2 class=\"wp-block-heading\" id=\"carcassonne\">Carcassonne<\/h2>\n\n\n\n<p>Carcassonne liegt in <strong>S\u00fcdfrankreich<\/strong> in der <strong>R\u00e9gion Languedoc-Roussillon<\/strong>. Die Stadt selbst hat ca. 49000 Einwohner. Carcassonne ist weit \u00fcber die Landesgrenzen hinaus bekannt und sei es wegen dem Brettspiel. <strong>Die gr\u00f6\u00dfte Sehensw\u00fcrdigkeit der Stadt ist die Cit\u00e9. <\/strong><\/p>\n\n\n\n<figure class=\"wp-block-image size-large\"><img loading=\"lazy\" decoding=\"async\" width=\"1024\" height=\"768\" src=\"https:\/\/familie-weitgereist.de\/wp-content\/uploads\/2022\/12\/IMG_20221203_143321-1024x768.jpg\" alt=\"\" class=\"wp-image-11727\" srcset=\"https:\/\/familie-weitgereist.de\/wp-content\/uploads\/2022\/12\/IMG_20221203_143321-1024x768.jpg 1024w, https:\/\/familie-weitgereist.de\/wp-content\/uploads\/2022\/12\/IMG_20221203_143321-300x225.jpg 300w, https:\/\/familie-weitgereist.de\/wp-content\/uploads\/2022\/12\/IMG_20221203_143321-768x576.jpg 768w, https:\/\/familie-weitgereist.de\/wp-content\/uploads\/2022\/12\/IMG_20221203_143321-1536x1152.jpg 1536w, https:\/\/familie-weitgereist.de\/wp-content\/uploads\/2022\/12\/IMG_20221203_143321-2048x1536.jpg 2048w, https:\/\/familie-weitgereist.de\/wp-content\/uploads\/2022\/12\/IMG_20221203_143321-1200x900.jpg 1200w, https:\/\/familie-weitgereist.de\/wp-content\/uploads\/2022\/12\/IMG_20221203_143321-1980x1485.jpg 1980w, https:\/\/familie-weitgereist.de\/wp-content\/uploads\/2022\/12\/IMG_20221203_143321-150x113.jpg 150w\" sizes=\"auto, (max-width: 1024px) 100vw, 1024px\" \/><\/figure>\n\n\n\n<p><strong>La Cit\u00e9 von Carcassonne<\/strong> ist eine <strong>mittelalterliche Festungsstadt<\/strong> mit mehreren Wacht\u00fcrmen und einer Doppelmauer. Im 13. und 14. Jahrhundert wurde die Festung fertig gebaut. Im Inneren der Cit\u00e9 liegt das <strong>Ch\u00e2teau Comtal<\/strong> aus dem 12. Jahrhundert. In der Cit\u00e9 gibt es viele kleine Gassen, die besonders in der Hauptsaison sehr \u00fcberlaufen sind. Es gibt Restaurants und sehr viele kleine Gesch\u00e4fte. Zudem finden Ritter- und Mittelalterfestspiele statt. Ein Besuch lohnt sich definitiv. Die Ausblicke auf die Stadt und ein Spaziergang auf den Festungsmauern sind lohnenswert.<\/p>\n\n\n\n<div id=\"wp-block-themeisle-blocks-slider-2d761269\" class=\"wp-block-themeisle-blocks-slider glide\" data-per-view=\"1\" data-gap=\"0\" data-peek=\"0\" data-autoplay=\"true\" data-height=\"400px\" data-hide-arrows=\"false\"><div class=\"glide__track\" data-glide-el=\"track\"><div class=\"glide__slides\"><div class=\"wp-block-themeisle-blocks-slider-item-wrapper glide__slide\" tabindex=\"0\"><figure><img decoding=\"async\" class=\"wp-block-themeisle-blocks-slider-item\" src=\"https:\/\/familie-weitgereist.de\/wp-content\/uploads\/2022\/12\/IMG_20221203_145336-scaled.jpg\" alt=\"\" title=\"\" data-id=\"11729\"\/><\/figure><\/div><div class=\"wp-block-themeisle-blocks-slider-item-wrapper glide__slide\" tabindex=\"0\"><figure><img decoding=\"async\" class=\"wp-block-themeisle-blocks-slider-item\" src=\"https:\/\/familie-weitgereist.de\/wp-content\/uploads\/2022\/12\/IMG_20221203_143547-scaled.jpg\" alt=\"\" title=\"\" data-id=\"11731\"\/><\/figure><\/div><div class=\"wp-block-themeisle-blocks-slider-item-wrapper glide__slide\" tabindex=\"0\"><figure><img decoding=\"async\" class=\"wp-block-themeisle-blocks-slider-item\" src=\"https:\/\/familie-weitgereist.de\/wp-content\/uploads\/2022\/12\/IMG_20221203_131837-scaled.jpg\" alt=\"\" title=\"\" data-id=\"11732\"\/><\/figure><\/div><div class=\"wp-block-themeisle-blocks-slider-item-wrapper glide__slide\" tabindex=\"0\"><figure><img decoding=\"async\" class=\"wp-block-themeisle-blocks-slider-item\" src=\"https:\/\/familie-weitgereist.de\/wp-content\/uploads\/2022\/12\/IMG_20221203_130109-scaled.jpg\" alt=\"\" title=\"\" data-id=\"11733\"\/><\/figure><\/div><div class=\"wp-block-themeisle-blocks-slider-item-wrapper glide__slide\" tabindex=\"0\"><figure><img decoding=\"async\" class=\"wp-block-themeisle-blocks-slider-item\" src=\"https:\/\/familie-weitgereist.de\/wp-content\/uploads\/2022\/12\/IMG_20221203_124239-scaled.jpg\" alt=\"\" title=\"\" data-id=\"11734\"\/><\/figure><\/div><div class=\"wp-block-themeisle-blocks-slider-item-wrapper glide__slide\" tabindex=\"0\"><figure><img decoding=\"async\" class=\"wp-block-themeisle-blocks-slider-item\" src=\"https:\/\/familie-weitgereist.de\/wp-content\/uploads\/2022\/12\/IMG_20221203_122311-scaled.jpg\" alt=\"\" title=\"\" data-id=\"11735\"\/><\/figure><\/div><\/div><div class=\"glide__bullets\" data-glide-el=\"controls[nav]\"><button class=\"glide__bullet\" data-glide-dir=\"=0\"><\/button><button class=\"glide__bullet\" data-glide-dir=\"=1\"><\/button><button class=\"glide__bullet\" data-glide-dir=\"=2\"><\/button><button class=\"glide__bullet\" data-glide-dir=\"=3\"><\/button><button class=\"glide__bullet\" data-glide-dir=\"=4\"><\/button><button class=\"glide__bullet\" data-glide-dir=\"=5\"><\/button><\/div><\/div><\/div>\n\n\n\n<p>Die Cit\u00e9 kann gratis besucht werden, lediglich f\u00fcr das Ch\u00e2teau Comtal ist ein Eintrittspreis zu entrichten. Die Parkgeb\u00fchren au\u00dferhalb der Cit\u00e9 sind jedoch ziemlich teuer. Wir zahlten f\u00fcr 3 Stunden Parkdauer 7\u20ac. (<em>Stand Dezember<\/em> <em>2022<\/em>)<\/p>\n\n\n\n<h2 class=\"wp-block-heading\" id=\"galamus\">Gorges de Galamus <\/h2>\n\n\n\n<p>Die Landschaft im <strong>D\u00e9partement Aude<\/strong> ist wundersch\u00f6n. Sanfte H\u00fcgel, schroffe Felsh\u00e4nge und die hohen verschneiten Gipfel der Pyren\u00e4en im Hintergrund sind traumhaft. <\/p>\n\n\n\n<figure class=\"wp-block-image size-large\"><img loading=\"lazy\" decoding=\"async\" width=\"1024\" height=\"768\" src=\"https:\/\/familie-weitgereist.de\/wp-content\/uploads\/2022\/12\/IMG_20221204_122844-1024x768.jpg\" alt=\"\" class=\"wp-image-11754\" srcset=\"https:\/\/familie-weitgereist.de\/wp-content\/uploads\/2022\/12\/IMG_20221204_122844-1024x768.jpg 1024w, https:\/\/familie-weitgereist.de\/wp-content\/uploads\/2022\/12\/IMG_20221204_122844-300x225.jpg 300w, https:\/\/familie-weitgereist.de\/wp-content\/uploads\/2022\/12\/IMG_20221204_122844-768x576.jpg 768w, https:\/\/familie-weitgereist.de\/wp-content\/uploads\/2022\/12\/IMG_20221204_122844-1536x1152.jpg 1536w, https:\/\/familie-weitgereist.de\/wp-content\/uploads\/2022\/12\/IMG_20221204_122844-2048x1536.jpg 2048w, https:\/\/familie-weitgereist.de\/wp-content\/uploads\/2022\/12\/IMG_20221204_122844-1200x900.jpg 1200w, https:\/\/familie-weitgereist.de\/wp-content\/uploads\/2022\/12\/IMG_20221204_122844-1980x1485.jpg 1980w, https:\/\/familie-weitgereist.de\/wp-content\/uploads\/2022\/12\/IMG_20221204_122844-150x113.jpg 150w\" sizes=\"auto, (max-width: 1024px) 100vw, 1024px\" \/><\/figure>\n\n\n\n<p>Wir haben einen kleinen Roadtrip unternommen und sind mit unserem Camper durch die <strong>Gorges de Galamus (Schluchten von Galamus)<\/strong> gefahren. Die Stra\u00dfe war sehr eng und es gab nur sehr wenige und kleine Ausweichm\u00f6glichkeiten. Wir hatten jedoch nur einmal Gegenverkehr, Nebensaison sei Dank. (: Die Stra\u00dfe f\u00fchrt direkt an der Schlucht entlang und es geht tief hinunter. Die Ausblicke aus dem Auto sind grandios. Beim Fahren ist jedoch auch einige Konzentration gefordert.<\/p>\n\n\n\n<div id=\"wp-block-themeisle-blocks-slider-a917ba32\" class=\"wp-block-themeisle-blocks-slider glide\" data-per-view=\"1\" data-gap=\"0\" data-peek=\"0\" data-autoplay=\"true\" data-height=\"400px\" data-hide-arrows=\"false\"><div class=\"glide__track\" data-glide-el=\"track\"><div class=\"glide__slides\"><div class=\"wp-block-themeisle-blocks-slider-item-wrapper glide__slide\" tabindex=\"0\"><figure><img decoding=\"async\" class=\"wp-block-themeisle-blocks-slider-item\" src=\"https:\/\/familie-weitgereist.de\/wp-content\/uploads\/2022\/12\/IMG_20221204_230657-scaled.jpg\" alt=\"\" title=\"\" data-id=\"11756\"\/><\/figure><\/div><div class=\"wp-block-themeisle-blocks-slider-item-wrapper glide__slide\" tabindex=\"0\"><figure><img decoding=\"async\" class=\"wp-block-themeisle-blocks-slider-item\" src=\"https:\/\/familie-weitgereist.de\/wp-content\/uploads\/2022\/12\/IMG_20221204_123258-scaled.jpg\" alt=\"\" title=\"\" data-id=\"11757\"\/><\/figure><\/div><\/div><div class=\"glide__bullets\" data-glide-el=\"controls[nav]\"><button class=\"glide__bullet\" data-glide-dir=\"=0\"><\/button><button class=\"glide__bullet\" data-glide-dir=\"=1\"><\/button><\/div><\/div><\/div>\n\n\n\n<p>In den Gorges de Galamus gibt es ein <strong>Kloster<\/strong>, welches direkt in den Fels gebaut worden ist, das <strong>Eremitage Saint-Antoine de Galamus<\/strong>. Im Sommer ist es ge\u00f6ffnet und kleine Snacks und Getr\u00e4nke k\u00f6nnen erworben werden. \u00dcber einen schmalen Weg durch die Schlucht ist es zu erreichen.<\/p>\n\n\n\n<figure class=\"wp-block-image size-large\"><img loading=\"lazy\" decoding=\"async\" width=\"1024\" height=\"768\" src=\"https:\/\/familie-weitgereist.de\/wp-content\/uploads\/2022\/12\/20221204054027_IMG_9731-1024x768.jpg\" alt=\"\" class=\"wp-image-11773\" srcset=\"https:\/\/familie-weitgereist.de\/wp-content\/uploads\/2022\/12\/20221204054027_IMG_9731-1024x768.jpg 1024w, https:\/\/familie-weitgereist.de\/wp-content\/uploads\/2022\/12\/20221204054027_IMG_9731-300x225.jpg 300w, https:\/\/familie-weitgereist.de\/wp-content\/uploads\/2022\/12\/20221204054027_IMG_9731-768x576.jpg 768w, https:\/\/familie-weitgereist.de\/wp-content\/uploads\/2022\/12\/20221204054027_IMG_9731-1536x1152.jpg 1536w, https:\/\/familie-weitgereist.de\/wp-content\/uploads\/2022\/12\/20221204054027_IMG_9731-2048x1536.jpg 2048w, https:\/\/familie-weitgereist.de\/wp-content\/uploads\/2022\/12\/20221204054027_IMG_9731-1200x900.jpg 1200w, https:\/\/familie-weitgereist.de\/wp-content\/uploads\/2022\/12\/20221204054027_IMG_9731-1980x1485.jpg 1980w, https:\/\/familie-weitgereist.de\/wp-content\/uploads\/2022\/12\/20221204054027_IMG_9731-150x113.jpg 150w\" sizes=\"auto, (max-width: 1024px) 100vw, 1024px\" \/><figcaption class=\"wp-element-caption\">Eremitage Saint-Antoine de Galamus<\/figcaption><\/figure>\n\n\n\n<h2 class=\"wp-block-heading\" id=\"peyrepertuse\">Ch\u00e2teau de Peyrepertuse <\/h2>\n\n\n\n<p>Die Burg befindet sich auf einer <strong>H\u00f6he von 800m<\/strong> im wundersch\u00f6nen D\u00e9partment Aude. Die Festungsanlage ist die gr\u00f6\u00dfte der Katharer in Frankreich. Die Felsenburg wurde schon im <strong>11. Jahrhundert<\/strong> erbaut und geh\u00f6rte zum <strong>K\u00f6nigreich Aragonien<\/strong>.<\/p>\n\n\n\n<figure class=\"wp-block-image size-large\"><img loading=\"lazy\" decoding=\"async\" width=\"1024\" height=\"768\" src=\"https:\/\/familie-weitgereist.de\/wp-content\/uploads\/2022\/12\/IMG_20221204_153248-1024x768.jpg\" alt=\"\" class=\"wp-image-11758\" srcset=\"https:\/\/familie-weitgereist.de\/wp-content\/uploads\/2022\/12\/IMG_20221204_153248-1024x768.jpg 1024w, https:\/\/familie-weitgereist.de\/wp-content\/uploads\/2022\/12\/IMG_20221204_153248-300x225.jpg 300w, https:\/\/familie-weitgereist.de\/wp-content\/uploads\/2022\/12\/IMG_20221204_153248-768x576.jpg 768w, https:\/\/familie-weitgereist.de\/wp-content\/uploads\/2022\/12\/IMG_20221204_153248-1536x1152.jpg 1536w, https:\/\/familie-weitgereist.de\/wp-content\/uploads\/2022\/12\/IMG_20221204_153248-2048x1536.jpg 2048w, https:\/\/familie-weitgereist.de\/wp-content\/uploads\/2022\/12\/IMG_20221204_153248-1200x900.jpg 1200w, https:\/\/familie-weitgereist.de\/wp-content\/uploads\/2022\/12\/IMG_20221204_153248-1980x1485.jpg 1980w, https:\/\/familie-weitgereist.de\/wp-content\/uploads\/2022\/12\/IMG_20221204_153248-150x113.jpg 150w\" sizes=\"auto, (max-width: 1024px) 100vw, 1024px\" \/><\/figure>\n\n\n\n<p>Der Weg zur Burg ist wundersch\u00f6n. Durch W\u00e4lder und auf schmalen Pfaden mit Natursteintreppen geht es hinauf zur Felsenburg. Die Ruine ist sehr gro\u00df und es gibt am Felsen zwei Burgruinen, die verbunden sind und \u00fcber Treppen erreicht werden k\u00f6nnen. Die Aussicht von der oberen Burg ist fantastisch und selbst das Mittelmeer ist zu sehen.<\/p>\n\n\n\n<div id=\"wp-block-themeisle-blocks-slider-063b68df\" class=\"wp-block-themeisle-blocks-slider glide\" data-per-view=\"1\" data-gap=\"0\" data-peek=\"0\" data-autoplay=\"true\" data-height=\"400px\" data-hide-arrows=\"false\"><div class=\"glide__track\" data-glide-el=\"track\"><div class=\"glide__slides\"><div class=\"wp-block-themeisle-blocks-slider-item-wrapper glide__slide\" tabindex=\"0\"><figure><img decoding=\"async\" class=\"wp-block-themeisle-blocks-slider-item\" src=\"https:\/\/familie-weitgereist.de\/wp-content\/uploads\/2022\/12\/IMG_20221204_161600-scaled.jpg\" alt=\"\" title=\"\" data-id=\"11759\"\/><\/figure><\/div><div class=\"wp-block-themeisle-blocks-slider-item-wrapper glide__slide\" tabindex=\"0\"><figure><img decoding=\"async\" class=\"wp-block-themeisle-blocks-slider-item\" src=\"https:\/\/familie-weitgereist.de\/wp-content\/uploads\/2022\/12\/IMG_20221204_154101-scaled.jpg\" alt=\"\" title=\"\" data-id=\"11761\"\/><\/figure><\/div><div class=\"wp-block-themeisle-blocks-slider-item-wrapper glide__slide\" tabindex=\"0\"><figure><img decoding=\"async\" class=\"wp-block-themeisle-blocks-slider-item\" src=\"https:\/\/familie-weitgereist.de\/wp-content\/uploads\/2022\/12\/IMG_20221204_152706-scaled.jpg\" alt=\"\" title=\"\" data-id=\"11762\"\/><\/figure><\/div><div class=\"wp-block-themeisle-blocks-slider-item-wrapper glide__slide\" tabindex=\"0\"><figure><img decoding=\"async\" class=\"wp-block-themeisle-blocks-slider-item\" src=\"https:\/\/familie-weitgereist.de\/wp-content\/uploads\/2022\/12\/IMG_20221204_151912-scaled.jpg\" alt=\"\" title=\"\" data-id=\"11763\"\/><\/figure><\/div><\/div><div class=\"glide__bullets\" data-glide-el=\"controls[nav]\"><button class=\"glide__bullet\" data-glide-dir=\"=0\"><\/button><button class=\"glide__bullet\" data-glide-dir=\"=1\"><\/button><button class=\"glide__bullet\" data-glide-dir=\"=2\"><\/button><button class=\"glide__bullet\" data-glide-dir=\"=3\"><\/button><\/div><\/div><\/div>\n\n\n\n<p>Wir zahlten 7\u20ac pro Person Eintritt, Kinder bis 6 Jahren zahlen keinen Eintrittspreis. (<em>Stand Dezember 2022<\/em>)<\/p>\n","protected":false},"excerpt":{"rendered":"<p>Ab November 2022 haben wir unsere Elternzeit genutzt um mit unserem VW T6 durch Europa zu reisen. Unsere Reise startete in\u00a0Deutschland, f\u00fchrte anschlie\u00dfend weiter nach\u00a0Luxemburg und Frankreich. Unsere Reiseberichte zu Deutschland und Luxemburg sind hier zu lesen: Deutschland: Europa Camper Reise Deutschland Luxemburg: Europa Camper Reise Luxemburg Frankreich haben wir schon mehrmals besucht und sind [&hellip;]<\/p>\n","protected":false},"author":3,"featured_media":11443,"comment_status":"open","ping_status":"open","sticky":false,"template":"","format":"standard","meta":{"_themeisle_gutenberg_block_has_review":false,"footnotes":""},"categories":[257,8,4],"tags":[770,762,753,772,763,758,774,754,755,191,773,771,769,756,752,764,765,766,760,759,768,767,761,757],"class_list":["post-11397","post","type-post","status-publish","format-standard","has-post-thumbnail","hentry","category-frankreich","category-europa","category-laender","tag-alet-les-bains","tag-beynac-et-cazenac","tag-bretagne","tag-carcassonne","tag-centre-val-de-loire","tag-chateau-chenonceau","tag-chateau-de-peyrepertuse","tag-etretat","tag-fecamp","tag-frankreich","tag-gorges-de-galamus","tag-gruissan","tag-limoux","tag-mont-saint-michel","tag-normandie","tag-nouvelle-aquitaine","tag-occitanie","tag-okzitanien","tag-oradour","tag-oradour-sur-glane","tag-puycelsi","tag-rocamadour","tag-roque-saint-christophe","tag-schloss-chenonceau"],"_links":{"self":[{"href":"https:\/\/familie-weitgereist.de\/index.php?rest_route=\/wp\/v2\/posts\/11397","targetHints":{"allow":["GET"]}}],"collection":[{"href":"https:\/\/familie-weitgereist.de\/index.php?rest_route=\/wp\/v2\/posts"}],"about":[{"href":"https:\/\/familie-weitgereist.de\/index.php?rest_route=\/wp\/v2\/types\/post"}],"author":[{"embeddable":true,"href":"https:\/\/familie-weitgereist.de\/index.php?rest_route=\/wp\/v2\/users\/3"}],"replies":[{"embeddable":true,"href":"https:\/\/familie-weitgereist.de\/index.php?rest_route=%2Fwp%2Fv2%2Fcomments&post=11397"}],"version-history":[{"count":220,"href":"https:\/\/familie-weitgereist.de\/index.php?rest_route=\/wp\/v2\/posts\/11397\/revisions"}],"predecessor-version":[{"id":23451,"href":"https:\/\/familie-weitgereist.de\/index.php?rest_route=\/wp\/v2\/posts\/11397\/revisions\/23451"}],"wp:featuredmedia":[{"embeddable":true,"href":"https:\/\/familie-weitgereist.de\/index.php?rest_route=\/wp\/v2\/media\/11443"}],"wp:attachment":[{"href":"https:\/\/familie-weitgereist.de\/index.php?rest_route=%2Fwp%2Fv2%2Fmedia&parent=11397"}],"wp:term":[{"taxonomy":"category","embeddable":true,"href":"https:\/\/familie-weitgereist.de\/index.php?rest_route=%2Fwp%2Fv2%2Fcategories&post=11397"},{"taxonomy":"post_tag","embeddable":true,"href":"https:\/\/familie-weitgereist.de\/index.php?rest_route=%2Fwp%2Fv2%2Ftags&post=11397"}],"curies":[{"name":"wp","href":"https:\/\/api.w.org\/{rel}","templated":true}]}}